{"id":31312,"date":"2017-10-02T13:15:46","date_gmt":"2017-10-02T12:15:46","guid":{"rendered":"http:\/\/smallthings.fr\/lespetitslivres\/?p=31312"},"modified":"2017-10-02T13:15:46","modified_gmt":"2017-10-02T12:15:46","slug":"madame-extraordinaire-fabrice-lehman-avis","status":"publish","type":"post","link":"https:\/\/smallthings.fr\/lespetitslivres\/2017\/10\/02\/madame-extraordinaire-fabrice-lehman-avis\/","title":{"rendered":"Madame Extraordinaire&nbsp;: voyage au pays de la banalit\u00e9"},"content":{"rendered":"<h2 id=\"m_6325942402037062793yui_3_16_0_ym19_1_1506458180915_7972\" dir=\"ltr\">Madame Extraordinaire de Fabrice Lehman est paru en juin dernier aux \u00e9ditions <a href=\"http:\/\/www.editions-jclattes.fr\/madame-extraordinaire-9782709656788\">JC Latt\u00e8s<\/a>. Le titre, qui fait penser \u00e0 la la s\u00e9rie \u00ab\u00a0Monsieur\u00a0\u00bb et \u00ab\u00a0Madame\u00a0\u00bb, (Madame Heureuse, Madame Triste, Monsieur Maladroit, etc.) ne parvient pas \u00e0 dissimuler un contenu qui se r\u00e9v\u00e8le peu inventif et approfondi. Explications.<\/h2>\n<div id=\"m_6325942402037062793yui_3_16_0_ym19_1_1506458180915_7972\" dir=\"ltr\">St\u00e9phanie est une femme d&rsquo;\u00e2ge moyen qui habite Blois avec son mari et ses enfants. Elle a un \u00e9norme probl\u00e8me, c&rsquo;est qu&rsquo;elle est banale. Elle repr\u00e9sente le st\u00e9r\u00e9otype m\u00eame de la Fran\u00e7aise moyenne. Elle aime Jean-Jacques Goldman comme une grande majorit\u00e9 des Fran\u00e7ais, et mange des yaourts \u00e0 la mangue que presque tout le monde ach\u00e8te. Elle est un \u00e9chantillon de la population moyenne fran\u00e7aise si parfait qu&rsquo;elle se fait espionner depuis chez elle par une arm\u00e9e d&rsquo;hommes venus effectuer des tests.<\/div>\n<div dir=\"ltr\"><img loading=\"lazy\" decoding=\"async\" data-attachment-id=\"31313\" data-permalink=\"https:\/\/smallthings.fr\/lespetitslivres\/2017\/10\/02\/madame-extraordinaire-fabrice-lehman-avis\/madame-extraordinaire-lehman-avis\/\" data-orig-file=\"https:\/\/smallthings.fr\/lespetitslivres\/wp-content\/uploads\/2017\/10\/madame-extraordinaire-lehman-avis.jpeg\" data-orig-size=\"304,480\" data-comments-opened=\"1\" data-image-meta=\"{&quot;aperture&quot;:&quot;0&quot;,&quot;credit&quot;:&quot;&quot;,&quot;camera&quot;:&quot;&quot;,&quot;caption&quot;:&quot;&quot;,&quot;created_timestamp&quot;:&quot;0&quot;,&quot;copyright&quot;:&quot;&quot;,&quot;focal_length&quot;:&quot;0&quot;,&quot;iso&quot;:&quot;0&quot;,&quot;shutter_speed&quot;:&quot;0&quot;,&quot;title&quot;:&quot;&quot;,&quot;orientation&quot;:&quot;0&quot;}\" data-image-title=\"madame-extraordinaire-lehman-avis\" data-image-description=\"\" data-image-caption=\"\" data-medium-file=\"https:\/\/smallthings.fr\/lespetitslivres\/wp-content\/uploads\/2017\/10\/madame-extraordinaire-lehman-avis-190x300.jpeg\" data-large-file=\"https:\/\/smallthings.fr\/lespetitslivres\/wp-content\/uploads\/2017\/10\/madame-extraordinaire-lehman-avis.jpeg\" class=\"alignleft  wp-image-31313\" src=\"http:\/\/smallthings.fr\/lespetitslivres\/wp-content\/uploads\/2017\/10\/madame-extraordinaire-lehman-avis.jpeg\" alt=\"\" width=\"255\" height=\"403\" srcset=\"https:\/\/smallthings.fr\/lespetitslivres\/wp-content\/uploads\/2017\/10\/madame-extraordinaire-lehman-avis.jpeg 304w, https:\/\/smallthings.fr\/lespetitslivres\/wp-content\/uploads\/2017\/10\/madame-extraordinaire-lehman-avis-190x300.jpeg 190w\" sizes=\"(max-width: 255px) 100vw, 255px\" \/>Un soir, par accident, <strong>St\u00e9phanie d\u00e9couvre qu&rsquo;une cam\u00e9ra se trouve cach\u00e9e \u00e0 l&rsquo;int\u00e9rieur de son \u00e9cran de t\u00e9l\u00e9vision, et que tous ses moindres faits et gestes sont enregistr\u00e9s \u00e0 la seconde pr\u00e8s<\/strong>. Tout un groupe d&rsquo;hommes surgit ensuite dans son appartement et d\u00e9couvrent des c\u00e2bles de cam\u00e9ra dissimul\u00e9s sous la moquette et dans les murs, \u00e0 la surprise g\u00e9n\u00e9rale. St\u00e9phanie est scrut\u00e9e, analys\u00e9e, d\u00e9coup\u00e9e au scalpel par une myst\u00e9rieuse organisation qui a besoin de savoir ce qu&rsquo;aiment les Fran\u00e7ais moyens. St\u00e9phanie est donc le cobaye id\u00e9al. Tout ce qu&rsquo;elle aime, mange, choisit comme v\u00eatement ou maquillage, risque fort d&rsquo;avoir des retomb\u00e9es \u00e9conomiques impressionnantes pour tous les instituts de sondage qui l&rsquo;espionnaient depuis des ann\u00e9es \u00e0 son insu ! <strong>St\u00e9phanie va tomber de haut et va devoir sortir de sa mis\u00e9rable existence toute trac\u00e9e pour se d\u00e9marquer pour la premi\u00e8re fois de sa vie.<\/strong> M\u00eame si pour cela, elle deviendra le grain de sable qui va enrayer une \u00e9norme machine judiciaire et mettre \u00e0 mal les \u00e9lections pr\u00e9sidentielles.<\/div>\n<div id=\"m_6325942402037062793yui_3_16_0_ym19_1_1506458180915_7972\" dir=\"ltr\">Seulement voil\u00e0, m\u00eame si le proc\u00e9d\u00e9 de <em>Madame Extraordinaire<\/em> semble int\u00e9ressant au d\u00e9part, l&rsquo;\u00e9criture, elle, ne l&rsquo;est pas. Tout reste plat et il faut parfois se faire violence pour poursuivre la lecture. <strong>Le probl\u00e8me avec St\u00e9phanie, c&rsquo;est qu&rsquo;elle est aussi banale que le livre lui-m\u00eame<\/strong>, qui ne parvient pas \u00e0 d\u00e9coller. Chose \u00e9tonnante : durant la sc\u00e8ne o\u00f9 St\u00e9phanie d\u00e9couvre qu&rsquo;elle est espionn\u00e9e et que des hommes s&rsquo;introduisent chez elle pour \u00f4ter les fils et les cam\u00e9ras, c&rsquo;est \u00e0 peine&#8230; si elle r\u00e9agit. Elle ne crie pas, ne s&rsquo;exclame pas, ne demande aucune explications \u00e0 ces intrus dans sa maison, et ne pleure pas non plus. Elle dit rien, comme si elle n&rsquo;\u00e9tait pas du tout concern\u00e9e par ce qui se passait. Ce passage m&rsquo;a paru peu cr\u00e9dible, car m\u00eame si elle est un peu \u00ab\u00a0cruche\u00a0\u00bb par moments, cela souligne un malaise plus grand dans l&rsquo;oeuvre, comme si l&rsquo;\u00e9crivain ne s&rsquo;impliquait pas davantage dans son r\u00e9cit, ce qui est bien dommage. Le personnage principal de <em>Madame Extraordinaire<\/em> est une telle caricature qu&rsquo;on ne parvient plus \u00e0 sympathiser avec elle : tel un clich\u00e9 vivant, elle ne sort pas de sit\u00f4t de ses limites de st\u00e9r\u00e9otype humain et le tout est assez fade.<\/div>\n<div id=\"m_6325942402037062793yui_3_16_0_ym19_1_1506458180915_7972\" dir=\"ltr\">Bien que <em>Madame Extraordinaire<\/em>, avec sa succession de placements de produits, nous conseille de ne pas \u00eatre des moutons de Panurge, c&rsquo;est limite s&rsquo;il ne nous assomme pas avec ses descriptions sans fin de sondages sur le Fran\u00e7ais moyen et les d\u00e9sirs de la m\u00e9nag\u00e8re de moins de 50 ans. M\u00eame si <strong>le livre veut montrer une intention louable, \u00e0 savoir \u00e9couter sa propre personnalit\u00e9 et essayer d&rsquo;\u00eatre original<\/strong>, c&rsquo;est dommage que les choses ne s&rsquo;am\u00e9liorent pas avant la fin et qu&rsquo;une bonne partie de l&rsquo;oeuvre tra\u00eene en longueur.<\/div>\n","protected":false},"excerpt":{"rendered":"<p>Madame Extraordinaire de Fabrice Lehman est paru en juin dernier aux \u00e9ditions JC Latt\u00e8s. Le titre, qui fait penser \u00e0 la la s\u00e9rie \u00ab\u00a0Monsieur\u00a0\u00bb et \u00ab\u00a0Madame\u00a0\u00bb, (Madame Heureuse, Madame Triste, Monsieur Maladroit, etc.) ne parvient pas \u00e0 dissimuler un contenu qui se r\u00e9v\u00e8le peu inventif et approfondi. Explications. St\u00e9phanie est une femme d&rsquo;\u00e2ge moyen qui<\/p>\n","protected":false},"author":17,"featured_media":31315,"comment_status":"open","ping_status":"open","sticky":false,"template":"","format":"standard","meta":{"jetpack_post_was_ever_published":false,"_jetpack_newsletter_access":"","_jetpack_newsletter_tier_id":0,"footnotes":"","jetpack_publicize_message":"","jetpack_is_tweetstorm":false,"jetpack_publicize_feature_enabled":true,"jetpack_social_post_already_shared":true,"jetpack_social_options":{"image_generator_settings":{"template":"highway","enabled":false}}},"categories":[1117],"tags":[1894,1892,689,1893,1641,1891,1895,54],"jetpack_publicize_connections":[],"yoast_head":"<!-- This site is optimized with the Yoast SEO plugin v21.5 - https:\/\/yoast.com\/wordpress\/plugins\/seo\/ -->\n<title>Madame Extraordinaire&nbsp;: voyage au pays de la banalit\u00e9<\/title>\n<meta name=\"description\" content=\"Madame Extraordinaire de Fabrice Lehman est paru en juin dernier aux \u00e9ditions JC Latt\u00e8s. Le titre, qui fait penser \u00e0 la la s\u00e9rie &quot;Monsieur&quot; et &quot;Madame&quot;\" \/>\n<meta name=\"robots\" content=\"index, follow, max-snippet:-1, max-image-preview:large, max-video-preview:-1\" \/>\n<link rel=\"canonical\" href=\"http:\/\/smallthings.fr\/lespetitslivres\/2017\/10\/02\/madame-extraordinaire-fabrice-lehman-avis\/\" \/>\n<meta property=\"og:locale\" content=\"fr_FR\" \/>\n<meta property=\"og:type\" content=\"article\" \/>\n<meta property=\"og:title\" content=\"Madame Extraordinaire&nbsp;: voyage au pays de la banalit\u00e9\" \/>\n<meta property=\"og:description\" content=\"Madame Extraordinaire de Fabrice Lehman est paru en juin dernier aux \u00e9ditions JC Latt\u00e8s. Le titre, qui fait penser \u00e0 la la s\u00e9rie &quot;Monsieur&quot; et &quot;Madame&quot;\" \/>\n<meta property=\"og:url\" content=\"http:\/\/smallthings.fr\/lespetitslivres\/2017\/10\/02\/madame-extraordinaire-fabrice-lehman-avis\/\" \/>\n<meta property=\"og:site_name\" content=\"Les Petits Livres\" \/>\n<meta property=\"article:published_time\" content=\"2017-10-02T12:15:46+00:00\" \/>\n<meta property=\"og:image\" content=\"https:\/\/i0.wp.com\/smallthings.fr\/lespetitslivres\/wp-content\/uploads\/2017\/10\/madame-extraordinaire-truman-cover.jpg?fit=1278%2C720\" \/>\n\t<meta property=\"og:image:width\" content=\"1278\" \/>\n\t<meta property=\"og:image:height\" content=\"720\" \/>\n\t<meta property=\"og:image:type\" content=\"image\/jpeg\" \/>\n<meta name=\"author\" content=\"Rebecca\" \/>\n<meta name=\"twitter:card\" content=\"summary_large_image\" \/>\n<meta name=\"twitter:label1\" content=\"\u00c9crit par\" \/>\n\t<meta name=\"twitter:data1\" content=\"Rebecca\" \/>\n\t<meta name=\"twitter:label2\" content=\"Dur\u00e9e de lecture estim\u00e9e\" \/>\n\t<meta name=\"twitter:data2\" content=\"3 minutes\" \/>\n<script type=\"application\/ld+json\" class=\"yoast-schema-graph\">{\"@context\":\"https:\/\/schema.org\",\"@graph\":[{\"@type\":\"WebPage\",\"@id\":\"http:\/\/smallthings.fr\/lespetitslivres\/2017\/10\/02\/madame-extraordinaire-fabrice-lehman-avis\/\",\"url\":\"http:\/\/smallthings.fr\/lespetitslivres\/2017\/10\/02\/madame-extraordinaire-fabrice-lehman-avis\/\",\"name\":\"Madame Extraordinaire&nbsp;: voyage au pays de la banalit\u00e9\",\"isPartOf\":{\"@id\":\"https:\/\/smallthings.fr\/lespetitslivres\/#website\"},\"datePublished\":\"2017-10-02T12:15:46+00:00\",\"dateModified\":\"2017-10-02T12:15:46+00:00\",\"author\":{\"@id\":\"https:\/\/smallthings.fr\/lespetitslivres\/#\/schema\/person\/0cd6a80f4ed2616c81a8973aed74c2b8\"},\"description\":\"Madame Extraordinaire de Fabrice Lehman est paru en juin dernier aux \u00e9ditions JC Latt\u00e8s. Le titre, qui fait penser \u00e0 la la s\u00e9rie \\\"Monsieur\\\" et \\\"Madame\\\"\",\"breadcrumb\":{\"@id\":\"http:\/\/smallthings.fr\/lespetitslivres\/2017\/10\/02\/madame-extraordinaire-fabrice-lehman-avis\/#breadcrumb\"},\"inLanguage\":\"fr-FR\",\"potentialAction\":[{\"@type\":\"ReadAction\",\"target\":[\"http:\/\/smallthings.fr\/lespetitslivres\/2017\/10\/02\/madame-extraordinaire-fabrice-lehman-avis\/\"]}]},{\"@type\":\"BreadcrumbList\",\"@id\":\"http:\/\/smallthings.fr\/lespetitslivres\/2017\/10\/02\/madame-extraordinaire-fabrice-lehman-avis\/#breadcrumb\",\"itemListElement\":[{\"@type\":\"ListItem\",\"position\":1,\"name\":\"Accueil\",\"item\":\"https:\/\/smallthings.fr\/lespetitslivres\/\"},{\"@type\":\"ListItem\",\"position\":2,\"name\":\"Madame Extraordinaire&nbsp;: voyage au pays de la banalit\u00e9\"}]},{\"@type\":\"WebSite\",\"@id\":\"https:\/\/smallthings.fr\/lespetitslivres\/#website\",\"url\":\"https:\/\/smallthings.fr\/lespetitslivres\/\",\"name\":\"Les Petits Livres\",\"description\":\"by Small Things\",\"potentialAction\":[{\"@type\":\"SearchAction\",\"target\":{\"@type\":\"EntryPoint\",\"urlTemplate\":\"https:\/\/smallthings.fr\/lespetitslivres\/?s={search_term_string}\"},\"query-input\":\"required name=search_term_string\"}],\"inLanguage\":\"fr-FR\"},{\"@type\":\"Person\",\"@id\":\"https:\/\/smallthings.fr\/lespetitslivres\/#\/schema\/person\/0cd6a80f4ed2616c81a8973aed74c2b8\",\"name\":\"Rebecca\",\"image\":{\"@type\":\"ImageObject\",\"inLanguage\":\"fr-FR\",\"@id\":\"https:\/\/smallthings.fr\/lespetitslivres\/#\/schema\/person\/image\/\",\"url\":\"https:\/\/secure.gravatar.com\/avatar\/246cd9ae3b479e7da67da1cdf8c319af?s=96&d=retro&r=g\",\"contentUrl\":\"https:\/\/secure.gravatar.com\/avatar\/246cd9ae3b479e7da67da1cdf8c319af?s=96&d=retro&r=g\",\"caption\":\"Rebecca\"},\"url\":\"https:\/\/smallthings.fr\/lespetitslivres\/author\/rebecca\/\"}]}<\/script>\n<!-- \/ Yoast SEO plugin. -->","yoast_head_json":{"title":"Madame Extraordinaire&nbsp;: voyage au pays de la banalit\u00e9","description":"Madame Extraordinaire de Fabrice Lehman est paru en juin dernier aux \u00e9ditions JC Latt\u00e8s. Le titre, qui fait penser \u00e0 la la s\u00e9rie \"Monsieur\" et \"Madame\"","robots":{"index":"index","follow":"follow","max-snippet":"max-snippet:-1","max-image-preview":"max-image-preview:large","max-video-preview":"max-video-preview:-1"},"canonical":"http:\/\/smallthings.fr\/lespetitslivres\/2017\/10\/02\/madame-extraordinaire-fabrice-lehman-avis\/","og_locale":"fr_FR","og_type":"article","og_title":"Madame Extraordinaire&nbsp;: voyage au pays de la banalit\u00e9","og_description":"Madame Extraordinaire de Fabrice Lehman est paru en juin dernier aux \u00e9ditions JC Latt\u00e8s. Le titre, qui fait penser \u00e0 la la s\u00e9rie \"Monsieur\" et \"Madame\"","og_url":"http:\/\/smallthings.fr\/lespetitslivres\/2017\/10\/02\/madame-extraordinaire-fabrice-lehman-avis\/","og_site_name":"Les Petits Livres","article_published_time":"2017-10-02T12:15:46+00:00","og_image":[{"width":1278,"height":720,"url":"https:\/\/i0.wp.com\/smallthings.fr\/lespetitslivres\/wp-content\/uploads\/2017\/10\/madame-extraordinaire-truman-cover.jpg?fit=1278%2C720","type":"image\/jpeg"}],"author":"Rebecca","twitter_card":"summary_large_image","twitter_misc":{"\u00c9crit par":"Rebecca","Dur\u00e9e de lecture estim\u00e9e":"3 minutes"},"schema":{"@context":"https:\/\/schema.org","@graph":[{"@type":"WebPage","@id":"http:\/\/smallthings.fr\/lespetitslivres\/2017\/10\/02\/madame-extraordinaire-fabrice-lehman-avis\/","url":"http:\/\/smallthings.fr\/lespetitslivres\/2017\/10\/02\/madame-extraordinaire-fabrice-lehman-avis\/","name":"Madame Extraordinaire&nbsp;: voyage au pays de la banalit\u00e9","isPartOf":{"@id":"https:\/\/smallthings.fr\/lespetitslivres\/#website"},"datePublished":"2017-10-02T12:15:46+00:00","dateModified":"2017-10-02T12:15:46+00:00","author":{"@id":"https:\/\/smallthings.fr\/lespetitslivres\/#\/schema\/person\/0cd6a80f4ed2616c81a8973aed74c2b8"},"description":"Madame Extraordinaire de Fabrice Lehman est paru en juin dernier aux \u00e9ditions JC Latt\u00e8s. Le titre, qui fait penser \u00e0 la la s\u00e9rie \"Monsieur\" et \"Madame\"","breadcrumb":{"@id":"http:\/\/smallthings.fr\/lespetitslivres\/2017\/10\/02\/madame-extraordinaire-fabrice-lehman-avis\/#breadcrumb"},"inLanguage":"fr-FR","potentialAction":[{"@type":"ReadAction","target":["http:\/\/smallthings.fr\/lespetitslivres\/2017\/10\/02\/madame-extraordinaire-fabrice-lehman-avis\/"]}]},{"@type":"BreadcrumbList","@id":"http:\/\/smallthings.fr\/lespetitslivres\/2017\/10\/02\/madame-extraordinaire-fabrice-lehman-avis\/#breadcrumb","itemListElement":[{"@type":"ListItem","position":1,"name":"Accueil","item":"https:\/\/smallthings.fr\/lespetitslivres\/"},{"@type":"ListItem","position":2,"name":"Madame Extraordinaire&nbsp;: voyage au pays de la banalit\u00e9"}]},{"@type":"WebSite","@id":"https:\/\/smallthings.fr\/lespetitslivres\/#website","url":"https:\/\/smallthings.fr\/lespetitslivres\/","name":"Les Petits Livres","description":"by Small Things","potentialAction":[{"@type":"SearchAction","target":{"@type":"EntryPoint","urlTemplate":"https:\/\/smallthings.fr\/lespetitslivres\/?s={search_term_string}"},"query-input":"required name=search_term_string"}],"inLanguage":"fr-FR"},{"@type":"Person","@id":"https:\/\/smallthings.fr\/lespetitslivres\/#\/schema\/person\/0cd6a80f4ed2616c81a8973aed74c2b8","name":"Rebecca","image":{"@type":"ImageObject","inLanguage":"fr-FR","@id":"https:\/\/smallthings.fr\/lespetitslivres\/#\/schema\/person\/image\/","url":"https:\/\/secure.gravatar.com\/avatar\/246cd9ae3b479e7da67da1cdf8c319af?s=96&d=retro&r=g","contentUrl":"https:\/\/secure.gravatar.com\/avatar\/246cd9ae3b479e7da67da1cdf8c319af?s=96&d=retro&r=g","caption":"Rebecca"},"url":"https:\/\/smallthings.fr\/lespetitslivres\/author\/rebecca\/"}]}},"jetpack_featured_media_url":"https:\/\/smallthings.fr\/lespetitslivres\/wp-content\/uploads\/2017\/10\/madame-extraordinaire-truman-cover.jpg","jetpack_sharing_enabled":true,"jetpack_shortlink":"https:\/\/wp.me\/p6Un21-892","jetpack-related-posts":[{"id":31780,"url":"https:\/\/smallthings.fr\/lespetitslivres\/2018\/08\/28\/monsieur-viannet-veronique-le-goaziou\/","url_meta":{"origin":31312,"position":0},"title":"Monsieur Viannet, le roman des laiss\u00e9s pour compte","author":"Victoire Neyraud","date":"28 ao\u00fbt 2018","format":false,"excerpt":"Monsieur Viannet, le dernier roman de la sociologue et romanci\u00e8re V\u00e9ronique Le Goaziou, qui vient de para\u00eetre aux \u00e9ditions La Table Ronde pour la Rentr\u00e9e litt\u00e9raire. Une petite perle qui, d\u00e8s les premiers instants de lecture, nous prend en haleine et nous emporte sans pr\u00e9ambule dans un monde souvent peu\u2026","rel":"","context":"Dans &quot;Roman fran\u00e7ais&quot;","block_context":{"text":"Roman fran\u00e7ais","link":"https:\/\/smallthings.fr\/lespetitslivres\/category\/roman\/roman-francais\/"},"img":{"alt_text":"","src":"https:\/\/i0.wp.com\/smallthings.fr\/lespetitslivres\/wp-content\/uploads\/2018\/08\/monsieur-viannet-couverture-cover.jpg?resize=350%2C200&ssl=1","width":350,"height":200,"srcset":"https:\/\/i0.wp.com\/smallthings.fr\/lespetitslivres\/wp-content\/uploads\/2018\/08\/monsieur-viannet-couverture-cover.jpg?resize=350%2C200&ssl=1 1x, https:\/\/i0.wp.com\/smallthings.fr\/lespetitslivres\/wp-content\/uploads\/2018\/08\/monsieur-viannet-couverture-cover.jpg?resize=525%2C300&ssl=1 1.5x, https:\/\/i0.wp.com\/smallthings.fr\/lespetitslivres\/wp-content\/uploads\/2018\/08\/monsieur-viannet-couverture-cover.jpg?resize=700%2C400&ssl=1 2x"},"classes":[]},{"id":28993,"url":"https:\/\/smallthings.fr\/lespetitslivres\/2015\/11\/05\/grandes-evasions-paul-metral-critique\/","url_meta":{"origin":31312,"position":1},"title":"Les grandes \u00e9vasions de Paul M\u00e9tral : libre \u00e0 tout \u00e2ge et \u00e0 tout prix","author":"Cecile","date":"5 novembre 2015","format":false,"excerpt":"Les grandes \u00e9vasions de Paul M\u00e9tral est paru en octobre aux \u00e9ditions du Rouergue. On a l\u2019habitude d\u2019associer vieillesse et d\u00e9pendance, ou s\u00e9nilit\u00e9\u00a0; \u00e0 partir d\u2019un certain stade, plus les gens avancent en \u00e2ge, moins on accorde de poids \u00e0 leur opinion, \u00e0 leur volont\u00e9, \u00e0 leurs propos, parfois \u00e0\u2026","rel":"","context":"Dans &quot;Actu&quot;","block_context":{"text":"Actu","link":"https:\/\/smallthings.fr\/lespetitslivres\/category\/actu\/"},"img":{"alt_text":"","src":"https:\/\/i0.wp.com\/smallthings.fr\/lespetitslivres\/wp-content\/uploads\/2015\/11\/grandes-evasions-paul-metral-couv-e1446734423583.jpg?resize=350%2C200&ssl=1","width":350,"height":200},"classes":[]},{"id":31835,"url":"https:\/\/smallthings.fr\/lespetitslivres\/2018\/11\/21\/la-seule-histoire-julian-barnes-audio\/","url_meta":{"origin":31312,"position":2},"title":"La seule histoire, nouveau roman de Julian Barnes en livre audio","author":"Claire","date":"21 novembre 2018","format":false,"excerpt":"La seule histoire, le nouveau roman de Julian Barnes paru au Mercure de France, est disponible en livre audio chez Audible. Une excellente exp\u00e9rience qui m'a permis de d\u00e9couvrir un livre que je n'avais pas pr\u00e9vu de lire au d\u00e9part, connaissant mal Julian Barnes. Un tr\u00e8s agr\u00e9able moment de lecture\u2026","rel":"","context":"Dans &quot;Num\u00e9rique et audio&quot;","block_context":{"text":"Num\u00e9rique et audio","link":"https:\/\/smallthings.fr\/lespetitslivres\/category\/numerique-audio\/"},"img":{"alt_text":"","src":"https:\/\/i0.wp.com\/smallthings.fr\/lespetitslivres\/wp-content\/uploads\/2018\/11\/audio-barnes-seule-histoire.png?resize=350%2C200&ssl=1","width":350,"height":200,"srcset":"https:\/\/i0.wp.com\/smallthings.fr\/lespetitslivres\/wp-content\/uploads\/2018\/11\/audio-barnes-seule-histoire.png?resize=350%2C200&ssl=1 1x, https:\/\/i0.wp.com\/smallthings.fr\/lespetitslivres\/wp-content\/uploads\/2018\/11\/audio-barnes-seule-histoire.png?resize=525%2C300&ssl=1 1.5x"},"classes":[]},{"id":3839,"url":"https:\/\/smallthings.fr\/lespetitslivres\/2013\/02\/08\/quarante-neuf-nuances-de-loulou\/","url_meta":{"origin":31312,"position":3},"title":"Quarante-neuf nuances de Loulou de Rossella Calabro : pourquoi faire ?","author":"Claire","date":"8 f\u00e9vrier 2013","format":false,"excerpt":"Alors que JC Lattes publie la traduction du deuxi\u00e8me tome de \"Fifty shades of Grey\", Albin Michel sort \"Quarante-neuf nuances de Loulou\" (\"Cinquanta Sbavature di Gigio\" en VO). Choix \u00e9trange de titre (on change le nombre de nuances et le \"ch\u00e9ri\" italien devient \"loulou\"... Hommage aux amateurs de \"Un gars\u2026","rel":"","context":"Dans &quot;Non fiction&quot;","block_context":{"text":"Non fiction","link":"https:\/\/smallthings.fr\/lespetitslivres\/category\/non-fiction\/"},"img":{"alt_text":"9782226246837g","src":"https:\/\/i0.wp.com\/uploads.smallthings.fr\/2013\/02\/9782226246837g.jpg?resize=350%2C200","width":350,"height":200},"classes":[]},{"id":27772,"url":"https:\/\/smallthings.fr\/lespetitslivres\/2015\/10\/04\/les-humeurs-insolubles-giordano-critique\/","url_meta":{"origin":31312,"position":4},"title":"Les humeurs insolubles, nouveau roman de Paolo Giordano","author":"Marguerite","date":"4 octobre 2015","format":false,"excerpt":"Les humeurs insolubles,\u00a0troisi\u00e8me roman de Paolo Giordano, est sorti le 1er octobre aux \u00e9ditions du Seuil. Je garde un \u00e9norme souvenir de son premier roman La solitude des nombres premiers, \u2013 coup d\u2019essai, coup de ma\u00eetre\u00a0\u2013 paru en 2010 \u00e9galement au Seuil et dans lequel Paolo Giordano brossait le destin\u2026","rel":"","context":"Dans &quot;Roman \u00e9tranger&quot;","block_context":{"text":"Roman \u00e9tranger","link":"https:\/\/smallthings.fr\/lespetitslivres\/category\/roman\/roman-etranger\/"},"img":{"alt_text":"","src":"https:\/\/i0.wp.com\/smallthings.fr\/lespetitslivres\/wp-content\/uploads\/2015\/10\/humeurs-insolubles.jpg?resize=350%2C200&ssl=1","width":350,"height":200,"srcset":"https:\/\/i0.wp.com\/smallthings.fr\/lespetitslivres\/wp-content\/uploads\/2015\/10\/humeurs-insolubles.jpg?resize=350%2C200&ssl=1 1x, https:\/\/i0.wp.com\/smallthings.fr\/lespetitslivres\/wp-content\/uploads\/2015\/10\/humeurs-insolubles.jpg?resize=525%2C300&ssl=1 1.5x, https:\/\/i0.wp.com\/smallthings.fr\/lespetitslivres\/wp-content\/uploads\/2015\/10\/humeurs-insolubles.jpg?resize=700%2C400&ssl=1 2x"},"classes":[]},{"id":30999,"url":"https:\/\/smallthings.fr\/lespetitslivres\/2017\/05\/16\/coeur-naufrage-bertholon-roman-avis\/","url_meta":{"origin":31312,"position":5},"title":"C\u0153ur-Naufrage, la r\u00e9silience selon Delphine Bertholon","author":"Claire","date":"16 mai 2017","format":false,"excerpt":"C\u0153ur-Naufrage est le dernier roman de Delphine Bertholon, paru en mars chez Latt\u00e8s. Un livre qui parle d'un amour de vacances, mais surtout de regret, d'espoir et de pardon. Quelques ann\u00e9es apr\u00e8s Le Soleil \u00e0 mes pieds, Delphine Bertholon a trouv\u00e9 son ton, son style et son message. Une r\u00e9ussite.\u2026","rel":"","context":"Dans &quot;Roman fran\u00e7ais&quot;","block_context":{"text":"Roman fran\u00e7ais","link":"https:\/\/smallthings.fr\/lespetitslivres\/category\/roman\/roman-francais\/"},"img":{"alt_text":"","src":"https:\/\/i0.wp.com\/smallthings.fr\/lespetitslivres\/wp-content\/uploads\/2017\/05\/coeur-naufrage-couv.jpg?resize=350%2C200&ssl=1","width":350,"height":200,"srcset":"https:\/\/i0.wp.com\/smallthings.fr\/lespetitslivres\/wp-content\/uploads\/2017\/05\/coeur-naufrage-couv.jpg?resize=350%2C200&ssl=1 1x, https:\/\/i0.wp.com\/smallthings.fr\/lespetitslivres\/wp-content\/uploads\/2017\/05\/coeur-naufrage-couv.jpg?resize=525%2C300&ssl=1 1.5x"},"classes":[]}],"_links":{"self":[{"href":"https:\/\/smallthings.fr\/lespetitslivres\/wp-json\/wp\/v2\/posts\/31312"}],"collection":[{"href":"https:\/\/smallthings.fr\/lespetitslivres\/wp-json\/wp\/v2\/posts"}],"about":[{"href":"https:\/\/smallthings.fr\/lespetitslivres\/wp-json\/wp\/v2\/types\/post"}],"author":[{"embeddable":true,"href":"https:\/\/smallthings.fr\/lespetitslivres\/wp-json\/wp\/v2\/users\/17"}],"replies":[{"embeddable":true,"href":"https:\/\/smallthings.fr\/lespetitslivres\/wp-json\/wp\/v2\/comments?post=31312"}],"version-history":[{"count":2,"href":"https:\/\/smallthings.fr\/lespetitslivres\/wp-json\/wp\/v2\/posts\/31312\/revisions"}],"predecessor-version":[{"id":31316,"href":"https:\/\/smallthings.fr\/lespetitslivres\/wp-json\/wp\/v2\/posts\/31312\/revisions\/31316"}],"wp:featuredmedia":[{"embeddable":true,"href":"https:\/\/smallthings.fr\/lespetitslivres\/wp-json\/wp\/v2\/media\/31315"}],"wp:attachment":[{"href":"https:\/\/smallthings.fr\/lespetitslivres\/wp-json\/wp\/v2\/media?parent=31312"}],"wp:term":[{"taxonomy":"category","embeddable":true,"href":"https:\/\/smallthings.fr\/lespetitslivres\/wp-json\/wp\/v2\/categories?post=31312"},{"taxonomy":"post_tag","embeddable":true,"href":"https:\/\/smallthings.fr\/lespetitslivres\/wp-json\/wp\/v2\/tags?post=31312"}],"curies":[{"name":"wp","href":"https:\/\/api.w.org\/{rel}","templated":true}]}}