{"id":31290,"date":"2017-09-21T12:00:16","date_gmt":"2017-09-21T11:00:16","guid":{"rendered":"http:\/\/smallthings.fr\/lespetitslivres\/?p=31290"},"modified":"2017-09-20T19:03:14","modified_gmt":"2017-09-20T18:03:14","slug":"chat-coeur-toby-jug-o-connor","status":"publish","type":"post","link":"https:\/\/smallthings.fr\/lespetitslivres\/2017\/09\/21\/chat-coeur-toby-jug-o-connor\/","title":{"rendered":"Un chat dans le c\u0153ur : un an avec Toby Jug, un Maine Coon presque humain"},"content":{"rendered":"<h3>Dans <em>Un chat dans le c\u0153ur<\/em>, Denis O\u2019Connor nous raconte, sur une ann\u00e9e, ses aventures avec Toby Jug, son chat ador\u00e9 au comportement humain. Sorti en ao\u00fbt sous le label <a href=\"http:\/\/www.milady.fr\/homepages\/index_categorie\/milady-hauteville\" target=\"_blank\" rel=\"noopener\">Hauteville<\/a> de Bragelonne, ce journal intime suit les traces de pas d\u2019un Maine Coon affectueux mais capricieux.<\/h3>\n<p>No\u00ebl 1968. Denis O\u2019Connor passe les f\u00eates de fin d\u2019ann\u00e9e dans son cottage en \u00c9cosse en compagnie de Toby Jug, son chat. <strong>Ce livre, \u00e9crit gr\u00e2ce aux journaux intimes tenus par l\u2019auteur, nous raconte neuf aventures qu\u2019ont v\u00e9cues les deux comp\u00e8res pendant un an.<\/strong><\/p>\n<p><img loading=\"lazy\" decoding=\"async\" data-attachment-id=\"31292\" data-permalink=\"https:\/\/smallthings.fr\/lespetitslivres\/2017\/09\/21\/chat-coeur-toby-jug-o-connor\/un-chat-dans-le-coeur-972106\/\" data-orig-file=\"https:\/\/smallthings.fr\/lespetitslivres\/wp-content\/uploads\/2017\/09\/un-chat-dans-le-coeur-972106.jpg\" data-orig-size=\"333,499\" data-comments-opened=\"1\" data-image-meta=\"{&quot;aperture&quot;:&quot;0&quot;,&quot;credit&quot;:&quot;&quot;,&quot;camera&quot;:&quot;&quot;,&quot;caption&quot;:&quot;&quot;,&quot;created_timestamp&quot;:&quot;0&quot;,&quot;copyright&quot;:&quot;&quot;,&quot;focal_length&quot;:&quot;0&quot;,&quot;iso&quot;:&quot;0&quot;,&quot;shutter_speed&quot;:&quot;0&quot;,&quot;title&quot;:&quot;&quot;,&quot;orientation&quot;:&quot;0&quot;}\" data-image-title=\"un-chat-dans-le-coeur-972106\" data-image-description=\"\" data-image-caption=\"\" data-medium-file=\"https:\/\/smallthings.fr\/lespetitslivres\/wp-content\/uploads\/2017\/09\/un-chat-dans-le-coeur-972106-200x300.jpg\" data-large-file=\"https:\/\/smallthings.fr\/lespetitslivres\/wp-content\/uploads\/2017\/09\/un-chat-dans-le-coeur-972106.jpg\" class=\"alignright wp-image-31292\" src=\"http:\/\/smallthings.fr\/lespetitslivres\/wp-content\/uploads\/2017\/09\/un-chat-dans-le-coeur-972106.jpg\" alt=\"\" width=\"304\" height=\"456\" srcset=\"https:\/\/smallthings.fr\/lespetitslivres\/wp-content\/uploads\/2017\/09\/un-chat-dans-le-coeur-972106.jpg 333w, https:\/\/smallthings.fr\/lespetitslivres\/wp-content\/uploads\/2017\/09\/un-chat-dans-le-coeur-972106-200x300.jpg 200w\" sizes=\"(max-width: 304px) 100vw, 304px\" \/>Je dois avouer que je ne m\u2019attendais pas \u00e0 \u00e7a en commen\u00e7ant <em>Un chat dans le c\u0153ur<\/em>. Je croyais cette histoire fictive mais la \u00ab\u00a0mise en perspective\u00a0\u00bb \u00e0 la fin du roman nous explique bien que Denis O\u2019Connor n\u2019a rien invent\u00e9, qu\u2019il s\u2019agit bel et bien de ce qu\u2019il a v\u00e9cu avec son chat \u00e0 cette \u00e9poque. Une note de fin qui, en quelques lignes, arrive \u00e0 mettre la larme \u00e0 l\u2019\u0153il aux amoureux des chats\u2026<\/p>\n<p>S\u2019il y a bien quelque chose que je n\u2019appr\u00e9cie pas dans un livre, ce sont les d\u00e9tails donn\u00e9s en trop grandes quantit\u00e9s, les descriptions qui ne servent pas \u00e0 grand-chose, les tergiversations. C\u2019est l\u00e0 le point faible d&rsquo;Un chat dans le c\u0153ur. Bien s\u00fbr, \u00e9tant donn\u00e9 que Denis O\u2019Connor retrace sa vie, on comprend que les passages o\u00f9 il fait la cuisine, il mange, il met une b\u00fbche dans le feu et \u00e9coute de la musique avant de se coucher sont normaux mais je n\u2019ai pas trouv\u00e9 cela sp\u00e9cialement int\u00e9ressant \u00e0 suivre\u2026<\/p>\n<p>Parall\u00e8lement, certaines aventures sont r\u00e9ellement int\u00e9ressantes, prenantes m\u00eame. J\u2019ai particuli\u00e8rement appr\u00e9ci\u00e9 \u00ab\u00a0Toby Jug et la jument qui s\u2019appelait Lady May\u00a0\u00bb : la rencontre de Denis et son chat avec une jument qui avait \u00e9t\u00e9 tortur\u00e9e puis abandonn\u00e9e par son pr\u00e9c\u00e9dent propri\u00e9taire. <strong>C\u2019est criant de v\u00e9rit\u00e9, douloureux et terriblement touchant.<\/strong> L\u2019auteur ne se pose pas en h\u00e9ros, au contraire, \u00e0 la fin de l\u2019histoire il se sent m\u00eame coupable\u2026<\/p>\n<p>La deuxi\u00e8me histoire que j\u2019ai vraiment appr\u00e9ci\u00e9e est \u00ab\u00a0Le corbeau et la sorci\u00e8re de Rampton Hall\u00a0\u00bb. Un corbeau apprivois\u00e9, une femme myst\u00e9rieuse et un passage secret qui renferme une pi\u00e8ce o\u00f9 d\u2019horribles choses ont eu lieues. <strong>C\u2019est captivant\u00a0et quand on r\u00e9alise que l\u2019histoire est vraie, il y a de quoi se poser des questions\u00a0!<\/strong><\/p>\n<p><em>Un chat dans le c\u0153ur<\/em> est un livre touchant, parfois dr\u00f4le, parfois triste, mais qui montre surtout l\u2019amour que l\u2019auteur ressent pour son chat. Comme l\u2019histoire se d\u00e9roule en 1969, Denis O\u2019Connor nous fait voyager dans le temps, dans le monde rural, et cela fait du bien\u00a0! On s\u2019attache \u00e0 Toby Jug et on se dit qu\u2019il devait \u00eatre un chat assez exceptionnel. <strong>Ce livre est aussi un message de lutte pour la d\u00e9fense des animaux, une d\u00e9nonciation de la cruaut\u00e9 humaine.<\/strong><\/p>\n<p><strong>Extrait\u00a0: <\/strong><\/p>\n<p>\u00ab\u00a0De retour dans la grande cuisine pour un caf\u00e9, Jenny m\u2019a racont\u00e9 ce qu\u2019elle savait de l\u2019histoire de Lady May. Quand la RSPCA l\u2019avait sauv\u00e9e, elle \u00e9tait attach\u00e9e \u00e0 un poteau au milieu d\u2019un champ avec du fil de fer barbel\u00e9 pass\u00e9 dans la bouche, puis autour de son cou et de son corps. Elle s\u2019\u00e9tait d\u00e9chir\u00e9 les chairs en tentant de se lib\u00e9rer. Les blessures inflig\u00e9es la faisaient hennir follement de rage et de douleur.\u00a0\u00bb<\/p>\n","protected":false},"excerpt":{"rendered":"<p>Dans Un chat dans le c\u0153ur, Denis O\u2019Connor nous raconte, sur une ann\u00e9e, ses aventures avec Toby Jug, son chat ador\u00e9 au comportement humain. Sorti en ao\u00fbt sous le label Hauteville de Bragelonne, ce journal intime suit les traces de pas d\u2019un Maine Coon affectueux mais capricieux. No\u00ebl 1968. Denis O\u2019Connor passe les f\u00eates de<\/p>\n","protected":false},"author":14,"featured_media":31295,"comment_status":"open","ping_status":"open","sticky":false,"template":"","format":"standard","meta":{"jetpack_post_was_ever_published":false,"_jetpack_newsletter_access":"","_jetpack_newsletter_tier_id":0,"footnotes":"","jetpack_publicize_message":"","jetpack_is_tweetstorm":false,"jetpack_publicize_feature_enabled":true,"jetpack_social_post_already_shared":true,"jetpack_social_options":{"image_generator_settings":{"template":"highway","enabled":false}}},"categories":[1118],"tags":[1882,1879,1880,1883,1881,1878,1877],"jetpack_publicize_connections":[],"yoast_head":"<!-- This site is optimized with the Yoast SEO plugin v21.5 - https:\/\/yoast.com\/wordpress\/plugins\/seo\/ -->\n<title>Un chat dans le c\u0153ur : un an avec Toby Jug, un Maine Coon presque humain<\/title>\n<meta name=\"description\" content=\"Dans Un chat dans le c\u0153ur, Denis O\u2019Connor nous raconte, sur une ann\u00e9e, ses aventures avec Toby Jug, son chat ador\u00e9 au comportement humain. Sorti en\" \/>\n<meta name=\"robots\" content=\"index, follow, max-snippet:-1, max-image-preview:large, max-video-preview:-1\" \/>\n<link rel=\"canonical\" href=\"https:\/\/smallthings.fr\/lespetitslivres\/2017\/09\/21\/chat-coeur-toby-jug-o-connor\/\" \/>\n<meta property=\"og:locale\" content=\"fr_FR\" \/>\n<meta property=\"og:type\" content=\"article\" \/>\n<meta property=\"og:title\" content=\"Un chat dans le c\u0153ur : un an avec Toby Jug, un Maine Coon presque humain\" \/>\n<meta property=\"og:description\" content=\"Dans Un chat dans le c\u0153ur, Denis O\u2019Connor nous raconte, sur une ann\u00e9e, ses aventures avec Toby Jug, son chat ador\u00e9 au comportement humain. Sorti en\" \/>\n<meta property=\"og:url\" content=\"https:\/\/smallthings.fr\/lespetitslivres\/2017\/09\/21\/chat-coeur-toby-jug-o-connor\/\" \/>\n<meta property=\"og:site_name\" content=\"Les Petits Livres\" \/>\n<meta property=\"article:published_time\" content=\"2017-09-21T11:00:16+00:00\" \/>\n<meta property=\"article:modified_time\" content=\"2017-09-20T18:03:14+00:00\" \/>\n<meta property=\"og:image\" content=\"https:\/\/i0.wp.com\/smallthings.fr\/lespetitslivres\/wp-content\/uploads\/2017\/09\/un-chat-dans-le-coeur-Denis-O-Connor-2.jpg?fit=525%2C509&ssl=1\" \/>\n\t<meta property=\"og:image:width\" content=\"525\" \/>\n\t<meta property=\"og:image:height\" content=\"509\" \/>\n\t<meta property=\"og:image:type\" content=\"image\/jpeg\" \/>\n<meta name=\"author\" content=\"Jennifer\" \/>\n<meta name=\"twitter:card\" content=\"summary_large_image\" \/>\n<meta name=\"twitter:label1\" content=\"\u00c9crit par\" \/>\n\t<meta name=\"twitter:data1\" content=\"Jennifer\" \/>\n\t<meta name=\"twitter:label2\" content=\"Dur\u00e9e de lecture estim\u00e9e\" \/>\n\t<meta name=\"twitter:data2\" content=\"3 minutes\" \/>\n<script type=\"application\/ld+json\" class=\"yoast-schema-graph\">{\"@context\":\"https:\/\/schema.org\",\"@graph\":[{\"@type\":\"WebPage\",\"@id\":\"https:\/\/smallthings.fr\/lespetitslivres\/2017\/09\/21\/chat-coeur-toby-jug-o-connor\/\",\"url\":\"https:\/\/smallthings.fr\/lespetitslivres\/2017\/09\/21\/chat-coeur-toby-jug-o-connor\/\",\"name\":\"Un chat dans le c\u0153ur : un an avec Toby Jug, un Maine Coon presque humain\",\"isPartOf\":{\"@id\":\"https:\/\/smallthings.fr\/lespetitslivres\/#website\"},\"datePublished\":\"2017-09-21T11:00:16+00:00\",\"dateModified\":\"2017-09-20T18:03:14+00:00\",\"author\":{\"@id\":\"https:\/\/smallthings.fr\/lespetitslivres\/#\/schema\/person\/bb8808220f912e72f01f7a55924d9ad1\"},\"description\":\"Dans Un chat dans le c\u0153ur, Denis O\u2019Connor nous raconte, sur une ann\u00e9e, ses aventures avec Toby Jug, son chat ador\u00e9 au comportement humain. Sorti en\",\"breadcrumb\":{\"@id\":\"https:\/\/smallthings.fr\/lespetitslivres\/2017\/09\/21\/chat-coeur-toby-jug-o-connor\/#breadcrumb\"},\"inLanguage\":\"fr-FR\",\"potentialAction\":[{\"@type\":\"ReadAction\",\"target\":[\"https:\/\/smallthings.fr\/lespetitslivres\/2017\/09\/21\/chat-coeur-toby-jug-o-connor\/\"]}]},{\"@type\":\"BreadcrumbList\",\"@id\":\"https:\/\/smallthings.fr\/lespetitslivres\/2017\/09\/21\/chat-coeur-toby-jug-o-connor\/#breadcrumb\",\"itemListElement\":[{\"@type\":\"ListItem\",\"position\":1,\"name\":\"Accueil\",\"item\":\"https:\/\/smallthings.fr\/lespetitslivres\/\"},{\"@type\":\"ListItem\",\"position\":2,\"name\":\"Un chat dans le c\u0153ur : un an avec Toby Jug, un Maine Coon presque humain\"}]},{\"@type\":\"WebSite\",\"@id\":\"https:\/\/smallthings.fr\/lespetitslivres\/#website\",\"url\":\"https:\/\/smallthings.fr\/lespetitslivres\/\",\"name\":\"Les Petits Livres\",\"description\":\"by Small Things\",\"potentialAction\":[{\"@type\":\"SearchAction\",\"target\":{\"@type\":\"EntryPoint\",\"urlTemplate\":\"https:\/\/smallthings.fr\/lespetitslivres\/?s={search_term_string}\"},\"query-input\":\"required name=search_term_string\"}],\"inLanguage\":\"fr-FR\"},{\"@type\":\"Person\",\"@id\":\"https:\/\/smallthings.fr\/lespetitslivres\/#\/schema\/person\/bb8808220f912e72f01f7a55924d9ad1\",\"name\":\"Jennifer\",\"image\":{\"@type\":\"ImageObject\",\"inLanguage\":\"fr-FR\",\"@id\":\"https:\/\/smallthings.fr\/lespetitslivres\/#\/schema\/person\/image\/\",\"url\":\"https:\/\/secure.gravatar.com\/avatar\/ffcd6b107b6b18c3d5201f1bcc631683?s=96&d=retro&r=g\",\"contentUrl\":\"https:\/\/secure.gravatar.com\/avatar\/ffcd6b107b6b18c3d5201f1bcc631683?s=96&d=retro&r=g\",\"caption\":\"Jennifer\"},\"url\":\"https:\/\/smallthings.fr\/lespetitslivres\/author\/jennifer\/\"}]}<\/script>\n<!-- \/ Yoast SEO plugin. -->","yoast_head_json":{"title":"Un chat dans le c\u0153ur : un an avec Toby Jug, un Maine Coon presque humain","description":"Dans Un chat dans le c\u0153ur, Denis O\u2019Connor nous raconte, sur une ann\u00e9e, ses aventures avec Toby Jug, son chat ador\u00e9 au comportement humain. Sorti en","robots":{"index":"index","follow":"follow","max-snippet":"max-snippet:-1","max-image-preview":"max-image-preview:large","max-video-preview":"max-video-preview:-1"},"canonical":"https:\/\/smallthings.fr\/lespetitslivres\/2017\/09\/21\/chat-coeur-toby-jug-o-connor\/","og_locale":"fr_FR","og_type":"article","og_title":"Un chat dans le c\u0153ur : un an avec Toby Jug, un Maine Coon presque humain","og_description":"Dans Un chat dans le c\u0153ur, Denis O\u2019Connor nous raconte, sur une ann\u00e9e, ses aventures avec Toby Jug, son chat ador\u00e9 au comportement humain. Sorti en","og_url":"https:\/\/smallthings.fr\/lespetitslivres\/2017\/09\/21\/chat-coeur-toby-jug-o-connor\/","og_site_name":"Les Petits Livres","article_published_time":"2017-09-21T11:00:16+00:00","article_modified_time":"2017-09-20T18:03:14+00:00","og_image":[{"width":525,"height":509,"url":"https:\/\/i0.wp.com\/smallthings.fr\/lespetitslivres\/wp-content\/uploads\/2017\/09\/un-chat-dans-le-coeur-Denis-O-Connor-2.jpg?fit=525%2C509&ssl=1","type":"image\/jpeg"}],"author":"Jennifer","twitter_card":"summary_large_image","twitter_misc":{"\u00c9crit par":"Jennifer","Dur\u00e9e de lecture estim\u00e9e":"3 minutes"},"schema":{"@context":"https:\/\/schema.org","@graph":[{"@type":"WebPage","@id":"https:\/\/smallthings.fr\/lespetitslivres\/2017\/09\/21\/chat-coeur-toby-jug-o-connor\/","url":"https:\/\/smallthings.fr\/lespetitslivres\/2017\/09\/21\/chat-coeur-toby-jug-o-connor\/","name":"Un chat dans le c\u0153ur : un an avec Toby Jug, un Maine Coon presque humain","isPartOf":{"@id":"https:\/\/smallthings.fr\/lespetitslivres\/#website"},"datePublished":"2017-09-21T11:00:16+00:00","dateModified":"2017-09-20T18:03:14+00:00","author":{"@id":"https:\/\/smallthings.fr\/lespetitslivres\/#\/schema\/person\/bb8808220f912e72f01f7a55924d9ad1"},"description":"Dans Un chat dans le c\u0153ur, Denis O\u2019Connor nous raconte, sur une ann\u00e9e, ses aventures avec Toby Jug, son chat ador\u00e9 au comportement humain. Sorti en","breadcrumb":{"@id":"https:\/\/smallthings.fr\/lespetitslivres\/2017\/09\/21\/chat-coeur-toby-jug-o-connor\/#breadcrumb"},"inLanguage":"fr-FR","potentialAction":[{"@type":"ReadAction","target":["https:\/\/smallthings.fr\/lespetitslivres\/2017\/09\/21\/chat-coeur-toby-jug-o-connor\/"]}]},{"@type":"BreadcrumbList","@id":"https:\/\/smallthings.fr\/lespetitslivres\/2017\/09\/21\/chat-coeur-toby-jug-o-connor\/#breadcrumb","itemListElement":[{"@type":"ListItem","position":1,"name":"Accueil","item":"https:\/\/smallthings.fr\/lespetitslivres\/"},{"@type":"ListItem","position":2,"name":"Un chat dans le c\u0153ur : un an avec Toby Jug, un Maine Coon presque humain"}]},{"@type":"WebSite","@id":"https:\/\/smallthings.fr\/lespetitslivres\/#website","url":"https:\/\/smallthings.fr\/lespetitslivres\/","name":"Les Petits Livres","description":"by Small Things","potentialAction":[{"@type":"SearchAction","target":{"@type":"EntryPoint","urlTemplate":"https:\/\/smallthings.fr\/lespetitslivres\/?s={search_term_string}"},"query-input":"required name=search_term_string"}],"inLanguage":"fr-FR"},{"@type":"Person","@id":"https:\/\/smallthings.fr\/lespetitslivres\/#\/schema\/person\/bb8808220f912e72f01f7a55924d9ad1","name":"Jennifer","image":{"@type":"ImageObject","inLanguage":"fr-FR","@id":"https:\/\/smallthings.fr\/lespetitslivres\/#\/schema\/person\/image\/","url":"https:\/\/secure.gravatar.com\/avatar\/ffcd6b107b6b18c3d5201f1bcc631683?s=96&d=retro&r=g","contentUrl":"https:\/\/secure.gravatar.com\/avatar\/ffcd6b107b6b18c3d5201f1bcc631683?s=96&d=retro&r=g","caption":"Jennifer"},"url":"https:\/\/smallthings.fr\/lespetitslivres\/author\/jennifer\/"}]}},"jetpack_featured_media_url":"https:\/\/smallthings.fr\/lespetitslivres\/wp-content\/uploads\/2017\/09\/un-chat-dans-le-coeur-Denis-O-Connor-2.jpg","jetpack_sharing_enabled":true,"jetpack_shortlink":"https:\/\/wp.me\/p6Un21-88G","jetpack-related-posts":[{"id":29699,"url":"https:\/\/smallthings.fr\/lespetitslivres\/2016\/03\/08\/ame-tenebreuse-coeur-lumineux-romantic-fantasy\/","url_meta":{"origin":31290,"position":0},"title":"\u00c2me T\u00e9n\u00e9breuse, C\u0153ur Lumineux : hommage \u00e0 la romantic fantasy","author":"Jennifer","date":"8 mars 2016","format":false,"excerpt":"\u00c2me T\u00e9n\u00e9breuse, C\u0153ur Lumineux est un recueil collectif o\u00f9 se rassemblent 10 auteurs voulant rendre hommage \u00e0 la romantic fantasy, ce sous-genre o\u00f9 l\u2019on rencontre des h\u00e9ro\u00efnes fortes et passionn\u00e9es. Ce sublime livre, dont la couverture a \u00e9t\u00e9 r\u00e9alis\u00e9e par Mina M., est sorti le 10 f\u00e9vrier dernier aux \u00e9ditions\u2026","rel":"","context":"Dans &quot;Fantasy&quot;","block_context":{"text":"Fantasy","link":"https:\/\/smallthings.fr\/lespetitslivres\/category\/imaginaire\/fantasy\/"},"img":{"alt_text":"","src":"https:\/\/i0.wp.com\/smallthings.fr\/lespetitslivres\/wp-content\/uploads\/2016\/03\/ame-tenebreuse-coeur-lumineux.jpg?resize=350%2C200","width":350,"height":200},"classes":[]},{"id":32171,"url":"https:\/\/smallthings.fr\/lespetitslivres\/2021\/01\/17\/un-chat-pour-noel\/","url_meta":{"origin":31290,"position":1},"title":"Un chat pour No\u00ebl, un livre \u00e0 d\u00e9couvrir en toutes saisons","author":"Jennifer","date":"17 janvier 2021","format":false,"excerpt":"Un chat pour No\u00ebl est un livre de Florence McNicoll sorti chez les \u00e9ditions Hauteville fin octobre 2020. On y rencontre Laura, qui travaille dans un refuge et qui tente de placer de nombreux chats pendant la p\u00e9riode des f\u00eates de fin d\u2019ann\u00e9e. Une romance touchante qui nous fait passer\u2026","rel":"","context":"Dans &quot;Roman \u00e9tranger&quot;","block_context":{"text":"Roman \u00e9tranger","link":"https:\/\/smallthings.fr\/lespetitslivres\/category\/roman\/roman-etranger\/"},"img":{"alt_text":"","src":"https:\/\/i0.wp.com\/smallthings.fr\/lespetitslivres\/wp-content\/uploads\/2021\/01\/Un-chat-pour-No\u00ebl-Florence-McNicoll-2.jpg?resize=350%2C200&ssl=1","width":350,"height":200,"srcset":"https:\/\/i0.wp.com\/smallthings.fr\/lespetitslivres\/wp-content\/uploads\/2021\/01\/Un-chat-pour-No\u00ebl-Florence-McNicoll-2.jpg?resize=350%2C200&ssl=1 1x, https:\/\/i0.wp.com\/smallthings.fr\/lespetitslivres\/wp-content\/uploads\/2021\/01\/Un-chat-pour-No\u00ebl-Florence-McNicoll-2.jpg?resize=525%2C300&ssl=1 1.5x"},"classes":[]},{"id":31209,"url":"https:\/\/smallthings.fr\/lespetitslivres\/2017\/08\/26\/les-marcheurs-genese-denis-labbe\/","url_meta":{"origin":31290,"position":2},"title":"Les marcheurs : sortie scolaire et d\u00e9ferlante zombie&#8230;","author":"Jennifer","date":"26 ao\u00fbt 2017","format":false,"excerpt":"Gen\u00e8se est le premier tome de la saga Les marcheurs de Denis Labb\u00e9. R\u00e9cemment paru chez Rebelle \u00e9ditions, ce roman fantastique nous plonge dans une sortie scolaire qui vire au cauchemar. Quand des \u00e9l\u00e8ves visitent le camp de travail du Struthof et qu\u2019une exp\u00e9rience nazie est malencontreusement d\u00e9couverte, le virus\u2026","rel":"","context":"Dans &quot;Fantastique&quot;","block_context":{"text":"Fantastique","link":"https:\/\/smallthings.fr\/lespetitslivres\/category\/imaginaire\/fantastique\/"},"img":{"alt_text":"","src":"https:\/\/i0.wp.com\/smallthings.fr\/lespetitslivres\/wp-content\/uploads\/2017\/08\/Les-marcheurs-gen\u00e8se-labb\u00e9-2.jpg?resize=350%2C200&ssl=1","width":350,"height":200,"srcset":"https:\/\/i0.wp.com\/smallthings.fr\/lespetitslivres\/wp-content\/uploads\/2017\/08\/Les-marcheurs-gen\u00e8se-labb\u00e9-2.jpg?resize=350%2C200&ssl=1 1x, https:\/\/i0.wp.com\/smallthings.fr\/lespetitslivres\/wp-content\/uploads\/2017\/08\/Les-marcheurs-gen\u00e8se-labb\u00e9-2.jpg?resize=525%2C300&ssl=1 1.5x"},"classes":[]},{"id":30809,"url":"https:\/\/smallthings.fr\/lespetitslivres\/2017\/02\/24\/lake-ephemeral-anya-allyn\/","url_meta":{"origin":31290,"position":3},"title":"Lake Ephemeral : l\u2019enfer est pav\u00e9 de bonnes intentions","author":"Jennifer","date":"24 f\u00e9vrier 2017","format":false,"excerpt":"Lake Ephemeral est un roman surprenant d'Anya Allyn. Paru aux\u00a0\u00e9ditions du Chat Noir d\u00e9but f\u00e9vrier, ce livre nous raconte les aventures de Sera, onze ans, une orpheline qui d\u00e9couvre que sa m\u00e8re biologique \u00e9tait en fait \u00e0 sa recherche depuis de nombreuses ann\u00e9es. Elle est emmen\u00e9e \u00e0 Lake Ephemeral, un\u2026","rel":"","context":"Dans &quot;Young Adult&quot;","block_context":{"text":"Young Adult","link":"https:\/\/smallthings.fr\/lespetitslivres\/category\/young-adult\/"},"img":{"alt_text":"","src":"https:\/\/i0.wp.com\/smallthings.fr\/lespetitslivres\/wp-content\/uploads\/2017\/02\/Lake-Ephemeral-Anya-Allyn-2.jpg?resize=350%2C200&ssl=1","width":350,"height":200,"srcset":"https:\/\/i0.wp.com\/smallthings.fr\/lespetitslivres\/wp-content\/uploads\/2017\/02\/Lake-Ephemeral-Anya-Allyn-2.jpg?resize=350%2C200&ssl=1 1x, https:\/\/i0.wp.com\/smallthings.fr\/lespetitslivres\/wp-content\/uploads\/2017\/02\/Lake-Ephemeral-Anya-Allyn-2.jpg?resize=525%2C300&ssl=1 1.5x"},"classes":[]},{"id":4735,"url":"https:\/\/smallthings.fr\/lespetitslivres\/2013\/04\/18\/john-irving-bien-des-personnages\/","url_meta":{"origin":31290,"position":4},"title":"John Irving &#8211; A moi seul bien des personnages","author":"Claire","date":"18 avril 2013","format":false,"excerpt":"Aujourd'hui para\u00eet la traduction fran\u00e7aise du treizi\u00e8me roman de John Irving, \"A moi seul bien des personnages\". Un roman sur la bisexualit\u00e9, paru en 2012 aux Etats-Unis, qui trouvera son \u00e9cho au coeur de l'actualit\u00e9 fran\u00e7aise... Billy, le h\u00e9ros, qui en bien des points nous rappelera l'auteur, nous raconte ses\u2026","rel":"","context":"Dans &quot;Roman \u00e9tranger&quot;","block_context":{"text":"Roman \u00e9tranger","link":"https:\/\/smallthings.fr\/lespetitslivres\/category\/roman\/roman-etranger\/"},"img":{"alt_text":"","src":"https:\/\/i0.wp.com\/uploads.smallthings.fr\/2013\/04\/684-205x272.jpg?resize=350%2C200","width":350,"height":200},"classes":[]},{"id":30502,"url":"https:\/\/smallthings.fr\/lespetitslivres\/2016\/11\/22\/marjane-le-serment-pavlenko-avis\/","url_meta":{"origin":31290,"position":5},"title":"Marjane, ou le destin d\u2019une h\u00e9ro\u00efne qui a la poisse !","author":"Jennifer","date":"22 novembre 2016","format":false,"excerpt":"Le Serment est le second tome de la saga Marjane\u00a0de Marie Pavlenko. Sorti fin octobre chez les \u00e9ditions Pocket Jeunesse, ce roman Fantastique arrive une fois de plus \u00e0 nous bouleverser avec son h\u00e9ro\u00efne qui continue de s\u2019enliser dans les secrets de son peuple. Cette fois-ci, Marjane va tenter de\u2026","rel":"","context":"Dans &quot;Fantastique&quot;","block_context":{"text":"Fantastique","link":"https:\/\/smallthings.fr\/lespetitslivres\/category\/imaginaire\/fantastique\/"},"img":{"alt_text":"","src":"https:\/\/i0.wp.com\/smallthings.fr\/lespetitslivres\/wp-content\/uploads\/2016\/11\/Marjane-tome-2-Le-Serment-Marue-Pavlenko-2.jpg?resize=350%2C200&ssl=1","width":350,"height":200,"srcset":"https:\/\/i0.wp.com\/smallthings.fr\/lespetitslivres\/wp-content\/uploads\/2016\/11\/Marjane-tome-2-Le-Serment-Marue-Pavlenko-2.jpg?resize=350%2C200&ssl=1 1x, https:\/\/i0.wp.com\/smallthings.fr\/lespetitslivres\/wp-content\/uploads\/2016\/11\/Marjane-tome-2-Le-Serment-Marue-Pavlenko-2.jpg?resize=525%2C300&ssl=1 1.5x"},"classes":[]}],"_links":{"self":[{"href":"https:\/\/smallthings.fr\/lespetitslivres\/wp-json\/wp\/v2\/posts\/31290"}],"collection":[{"href":"https:\/\/smallthings.fr\/lespetitslivres\/wp-json\/wp\/v2\/posts"}],"about":[{"href":"https:\/\/smallthings.fr\/lespetitslivres\/wp-json\/wp\/v2\/types\/post"}],"author":[{"embeddable":true,"href":"https:\/\/smallthings.fr\/lespetitslivres\/wp-json\/wp\/v2\/users\/14"}],"replies":[{"embeddable":true,"href":"https:\/\/smallthings.fr\/lespetitslivres\/wp-json\/wp\/v2\/comments?post=31290"}],"version-history":[{"count":4,"href":"https:\/\/smallthings.fr\/lespetitslivres\/wp-json\/wp\/v2\/posts\/31290\/revisions"}],"predecessor-version":[{"id":31298,"href":"https:\/\/smallthings.fr\/lespetitslivres\/wp-json\/wp\/v2\/posts\/31290\/revisions\/31298"}],"wp:featuredmedia":[{"embeddable":true,"href":"https:\/\/smallthings.fr\/lespetitslivres\/wp-json\/wp\/v2\/media\/31295"}],"wp:attachment":[{"href":"https:\/\/smallthings.fr\/lespetitslivres\/wp-json\/wp\/v2\/media?parent=31290"}],"wp:term":[{"taxonomy":"category","embeddable":true,"href":"https:\/\/smallthings.fr\/lespetitslivres\/wp-json\/wp\/v2\/categories?post=31290"},{"taxonomy":"post_tag","embeddable":true,"href":"https:\/\/smallthings.fr\/lespetitslivres\/wp-json\/wp\/v2\/tags?post=31290"}],"curies":[{"name":"wp","href":"https:\/\/api.w.org\/{rel}","templated":true}]}}