{"id":31276,"date":"2017-09-11T13:01:39","date_gmt":"2017-09-11T12:01:39","guid":{"rendered":"http:\/\/smallthings.fr\/lespetitslivres\/?p=31276"},"modified":"2017-09-11T13:01:39","modified_gmt":"2017-09-11T12:01:39","slug":"sciences-de-la-vie-joy-sorman","status":"publish","type":"post","link":"https:\/\/smallthings.fr\/lespetitslivres\/2017\/09\/11\/sciences-de-la-vie-joy-sorman\/","title":{"rendered":"Sciences de la vie&nbsp;: quand la maladie est une fatalit\u00e9"},"content":{"rendered":"<h2><em>Sciences de la vie<\/em> est le nouveau roman que Joy Sorman publie au <a href=\"http:\/\/www.seuil.com\/ouvrage\/sciences-de-la-vie-joy-sorman\/9782021365122\">Seuil<\/a> pour cette rentr\u00e9e litt\u00e9raire. Apr\u00e8s notamment <em>Comme une b\u00eate<\/em> et <em>La peau de l&rsquo;ours<\/em>, c&rsquo;est sur le th\u00e8me de la maladie que se penche Joy Sorman. La maladie comme obsession, la maladie comme seule chose qui prime et qui d\u00e9cide de tout. Mais la maladie aussi comme myst\u00e8re : inexpliqu\u00e9e et par cons\u00e9quent incomprise du corps m\u00e9dical.<\/h2>\n<p>Depuis aussi longtemps qu&rsquo;elle s&rsquo;en souvienne, Ninon Moise a toujours entendu sa m\u00e8re lui raconter les histoires des femmes de leur famille, maudites sur des g\u00e9n\u00e9rations, porteuses de maladies aussi extraordinaires que myst\u00e9rieuses. La m\u00e8re de Ninon, Esther, a elle-m\u00eame une maladie des yeux qui l&#8217;emp\u00eache de voir les couleurs et la rend hypersensible \u00e0 toute luminosit\u00e9. <strong>Ninon sait qu&rsquo;un jour, elle d\u00e9veloppera un mal bien \u00e0 elle. Quelque chose d&rsquo;unique, de jamais vu, d&rsquo;exceptionnel, puisque les femmes de sa famille sont toutes frapp\u00e9es sans exception.\u00a0<\/strong><\/p>\n<p><img loading=\"lazy\" decoding=\"async\" data-attachment-id=\"31278\" data-permalink=\"https:\/\/smallthings.fr\/lespetitslivres\/2017\/09\/11\/sciences-de-la-vie-joy-sorman\/sciences-de-la-vie-sorman\/\" data-orig-file=\"https:\/\/smallthings.fr\/lespetitslivres\/wp-content\/uploads\/2017\/09\/sciences-de-la-vie-sorman.jpg\" data-orig-size=\"1365,1999\" data-comments-opened=\"1\" data-image-meta=\"{&quot;aperture&quot;:&quot;0&quot;,&quot;credit&quot;:&quot;&quot;,&quot;camera&quot;:&quot;&quot;,&quot;caption&quot;:&quot;&quot;,&quot;created_timestamp&quot;:&quot;0&quot;,&quot;copyright&quot;:&quot;&quot;,&quot;focal_length&quot;:&quot;0&quot;,&quot;iso&quot;:&quot;0&quot;,&quot;shutter_speed&quot;:&quot;0&quot;,&quot;title&quot;:&quot;&quot;,&quot;orientation&quot;:&quot;0&quot;}\" data-image-title=\"sciences-de-la-vie-sorman\" data-image-description=\"\" data-image-caption=\"\" data-medium-file=\"https:\/\/smallthings.fr\/lespetitslivres\/wp-content\/uploads\/2017\/09\/sciences-de-la-vie-sorman-205x300.jpg\" data-large-file=\"https:\/\/smallthings.fr\/lespetitslivres\/wp-content\/uploads\/2017\/09\/sciences-de-la-vie-sorman-699x1024.jpg\" class=\"alignleft  wp-image-31278\" src=\"http:\/\/smallthings.fr\/lespetitslivres\/wp-content\/uploads\/2017\/09\/sciences-de-la-vie-sorman-699x1024.jpg\" alt=\"\" width=\"298\" height=\"437\" srcset=\"https:\/\/smallthings.fr\/lespetitslivres\/wp-content\/uploads\/2017\/09\/sciences-de-la-vie-sorman-699x1024.jpg 699w, https:\/\/smallthings.fr\/lespetitslivres\/wp-content\/uploads\/2017\/09\/sciences-de-la-vie-sorman-205x300.jpg 205w, https:\/\/smallthings.fr\/lespetitslivres\/wp-content\/uploads\/2017\/09\/sciences-de-la-vie-sorman-768x1125.jpg 768w, https:\/\/smallthings.fr\/lespetitslivres\/wp-content\/uploads\/2017\/09\/sciences-de-la-vie-sorman-1049x1536.jpg 1049w, https:\/\/smallthings.fr\/lespetitslivres\/wp-content\/uploads\/2017\/09\/sciences-de-la-vie-sorman.jpg 1365w\" sizes=\"(max-width: 298px) 100vw, 298px\" \/>D&rsquo;o\u00f9 viennent ces maladies \u00e9tranges et pourquoi un tel acharnement divin sur les femmes de la famille de Ninon Moise ? Personne ne le sait&#8230; <strong>Un beau jour, ainsi que la l\u00e9gende l&rsquo;avait pr\u00e9dit, Ninon se r\u00e9veille un matin, une douleur insupportable au niveau des bras<\/strong>. Elle r\u00e9alise petit \u00e0 petit que n&rsquo;importe quel contact sur la peau de ses bras est devenu un supplice : ses v\u00eatements, la pression du lit, l&rsquo;eau de la douche, et m\u00eame le vent&#8230; D\u00e8s que la peau de ses bras fr\u00f4le quelque chose, la douleur se r\u00e9veille, vive et si forte que Ninon ne peut plus penser \u00e0 quoique ce soit d&rsquo;autre.<\/p>\n<p>Imm\u00e9diatement, elle rejette ce mal. <strong>La fatalit\u00e9 familiale a beau \u00eatre ce qu&rsquo;elle est, c&rsquo;est inacceptable pour Ninon, qui ne veut qu&rsquo;une chose : vivre, et le plus normalement possible<\/strong>. Elle d\u00e9cide donc tout simplement de gu\u00e9rir, soutenue par sa m\u00e8re qui, de par leur histoire familiale, n&rsquo;y croit pas trop. Ninon va aller de m\u00e9decin en m\u00e9decin, de sp\u00e9cialiste en sp\u00e9cialiste, recueillant tous les conseils, faisant tous les examens, testant m\u00eame les m\u00e9decines douces, les chamanes, les cures&#8230; Mais rien n&rsquo;y fait. Elle semble condamn\u00e9e.<\/p>\n<p>Mais chaque fois, elle esp\u00e8re. Chaque fois un espoir montre le bout de son nez, imm\u00e9diatement d\u00e9\u00e7u. <strong>Ninon finira-t-elle par croiser le chemin du bon m\u00e9decin, qui parviendra \u00e0 comprendre ce mal et \u00e0 la gu\u00e9rir d\u00e9finitivement ? C&rsquo;est ce que <em>Sciences de la vie<\/em> nous propose de d\u00e9couvrir.\u00a0<\/strong><\/p>\n<p><strong>Il faut avoir l\u2019esprit bien retord pour prendre plaisir \u00e0 cette v\u00e9ritable enqu\u00eate m\u00e9dicale<\/strong>. Joy Sorman ne nous \u00e9pargne rien. Ou plut\u00f4t si, elle nous \u00e9pargne maints comptes-rendus de rendez-vous m\u00e9dicaux, tout en nous en faisant partager tout de m\u00eame un certain nombre. Et c&rsquo;est largement suffisant. La multitude et surtout la diversit\u00e9 des m\u00e9decins que Ninon consulte sont tout \u00e0 fait int\u00e9ressantes, mais nous notons quelques longueurs&#8230; <em>Sciences de la vie<\/em> est \u00e9galement ponctu\u00e9 d&rsquo;informations m\u00e9dicales loin d&rsquo;\u00eatre inint\u00e9ressantes, si pr\u00e9cises et nombreuses que le livre pourrait s\u2019appeler <em>Sciences de la peau<\/em>.<\/p>\n<div id=\"attachment_31279\" style=\"width: 260px\" class=\"wp-caption alignright\"><img loading=\"lazy\" decoding=\"async\" aria-describedby=\"caption-attachment-31279\" data-attachment-id=\"31279\" data-permalink=\"https:\/\/smallthings.fr\/lespetitslivres\/2017\/09\/11\/sciences-de-la-vie-joy-sorman\/joy-sorman-sciences-de-la-vie\/\" data-orig-file=\"https:\/\/smallthings.fr\/lespetitslivres\/wp-content\/uploads\/2017\/09\/joy-sorman-sciences-de-la-vie.jpg\" data-orig-size=\"480,480\" data-comments-opened=\"1\" data-image-meta=\"{&quot;aperture&quot;:&quot;5&quot;,&quot;credit&quot;:&quot;HermanceTRIAY&quot;,&quot;camera&quot;:&quot;NIKON D800&quot;,&quot;caption&quot;:&quot;&quot;,&quot;created_timestamp&quot;:&quot;1490358821&quot;,&quot;copyright&quot;:&quot;HermanceTRIAY&quot;,&quot;focal_length&quot;:&quot;85&quot;,&quot;iso&quot;:&quot;100&quot;,&quot;shutter_speed&quot;:&quot;0.005&quot;,&quot;title&quot;:&quot;&quot;,&quot;orientation&quot;:&quot;1&quot;}\" data-image-title=\"joy-sorman-sciences-de-la-vie\" data-image-description=\"\" data-image-caption=\"&lt;p&gt;Joy Sorman&lt;\/p&gt;\n\" data-medium-file=\"https:\/\/smallthings.fr\/lespetitslivres\/wp-content\/uploads\/2017\/09\/joy-sorman-sciences-de-la-vie-300x300.jpg\" data-large-file=\"https:\/\/smallthings.fr\/lespetitslivres\/wp-content\/uploads\/2017\/09\/joy-sorman-sciences-de-la-vie.jpg\" class=\" wp-image-31279\" src=\"http:\/\/smallthings.fr\/lespetitslivres\/wp-content\/uploads\/2017\/09\/joy-sorman-sciences-de-la-vie.jpg\" alt=\"\" width=\"250\" height=\"250\" srcset=\"https:\/\/smallthings.fr\/lespetitslivres\/wp-content\/uploads\/2017\/09\/joy-sorman-sciences-de-la-vie.jpg 480w, https:\/\/smallthings.fr\/lespetitslivres\/wp-content\/uploads\/2017\/09\/joy-sorman-sciences-de-la-vie-300x300.jpg 300w, https:\/\/smallthings.fr\/lespetitslivres\/wp-content\/uploads\/2017\/09\/joy-sorman-sciences-de-la-vie-150x150.jpg 150w\" sizes=\"(max-width: 250px) 100vw, 250px\" \/><p id=\"caption-attachment-31279\" class=\"wp-caption-text\">Joy Sorman<\/p><\/div>\n<p>Mais c&rsquo;est bien de la vie dont il est question de mani\u00e8re sous-jacente. Ninon ne cherche qu&rsquo;une chose : vivre. Vivre absolument et malgr\u00e9 cette mal\u00e9diction familiale \u00e0 laquelle elle devrait ouvrir les bras (c&rsquo;est le cas de le dire) sans broncher. Mais c&rsquo;est hors de question pour cette jeune fille pleine de ressources, qui va dire non \u00e0 cette aberration m\u00e9dicale.<\/p>\n<p><strong>L&rsquo;un des angles les plus int\u00e9ressants de <em>Sciences de la vie<\/em> est ce rapport aux m\u00e9decins quand notre mal est inexplicable<\/strong>. Quand il n&rsquo;y a aucun sympt\u00f4me et que la seule \u00ab\u00a0preuve\u00a0\u00bb de la maladie et la douleur du patient, que faire ? Comment soigner un mal qui n&rsquo;a aucune expression concr\u00e8te ? C&rsquo;est ce qui va d\u00e9sesp\u00e9rer Ninon pendant de nombreux chapitres. <strong>Passionnant aussi le th\u00e8me de la mal\u00e9diction familiale. A quel point les histoires de sa m\u00e8re ont-elles influenc\u00e9 Ninon, ont-elles provoqu\u00e9 ce mal si \u00e9trange et apparemment incurable ?\u00a0<\/strong><\/p>\n<p><strong>Extrait :<\/strong><\/p>\n<p>\u00ab\u00a0Le regard lourd et provocateur d&rsquo;Esther Moise sur Ninon Moise a-t-il \u00e9t\u00e9 d\u00e9cisif ? Et toutes ces histoires accumul\u00e9es ? Puis l&rsquo;inqui\u00e9tude de Ninon elle-m\u00eame ? Ninon regard\u00e9e comme malade par sa m\u00e8re avant m\u00eame de m&rsquo;\u00eatre, regard\u00e9e comme porteuse de la trag\u00e9die avant m\u00eame qu&rsquo;elle ait pu s&rsquo;\u00e9pancher.\u00a0\u00bb<\/p>\n","protected":false},"excerpt":{"rendered":"<p>Sciences de la vie est le nouveau roman que Joy Sorman publie au Seuil pour cette rentr\u00e9e litt\u00e9raire. Apr\u00e8s notamment Comme une b\u00eate et La peau de l&rsquo;ours, c&rsquo;est sur le th\u00e8me de la maladie que se penche Joy Sorman. La maladie comme obsession, la maladie comme seule chose qui prime et qui d\u00e9cide de<\/p>\n","protected":false},"author":2,"featured_media":31277,"comment_status":"open","ping_status":"open","sticky":false,"template":"","format":"standard","meta":{"jetpack_post_was_ever_published":false,"_jetpack_newsletter_access":"","_jetpack_newsletter_tier_id":0,"footnotes":"","jetpack_publicize_message":"","jetpack_is_tweetstorm":false,"jetpack_publicize_feature_enabled":true,"jetpack_social_post_already_shared":true,"jetpack_social_options":{"image_generator_settings":{"template":"highway","enabled":false}}},"categories":[1117],"tags":[1871,1641,1872,32,54,1870,1039],"jetpack_publicize_connections":[],"yoast_head":"<!-- This site is optimized with the Yoast SEO plugin v21.5 - https:\/\/yoast.com\/wordpress\/plugins\/seo\/ -->\n<title>Sciences de la vie&nbsp;: quand la maladie est une fatalit\u00e9<\/title>\n<meta name=\"description\" content=\"Sciences de la vie est le nouveau roman que Joy Sorman publie au Seuil pour cette rentr\u00e9e litt\u00e9raire. Apr\u00e8s notamment Comme une b\u00eate et La peau de l&#039;ours,\" \/>\n<meta name=\"robots\" content=\"index, follow, max-snippet:-1, max-image-preview:large, max-video-preview:-1\" \/>\n<link rel=\"canonical\" href=\"https:\/\/smallthings.fr\/lespetitslivres\/2017\/09\/11\/sciences-de-la-vie-joy-sorman\/\" \/>\n<meta property=\"og:locale\" content=\"fr_FR\" \/>\n<meta property=\"og:type\" content=\"article\" \/>\n<meta property=\"og:title\" content=\"Sciences de la vie&nbsp;: quand la maladie est une fatalit\u00e9\" \/>\n<meta property=\"og:description\" content=\"Sciences de la vie est le nouveau roman que Joy Sorman publie au Seuil pour cette rentr\u00e9e litt\u00e9raire. Apr\u00e8s notamment Comme une b\u00eate et La peau de l&#039;ours,\" \/>\n<meta property=\"og:url\" content=\"https:\/\/smallthings.fr\/lespetitslivres\/2017\/09\/11\/sciences-de-la-vie-joy-sorman\/\" \/>\n<meta property=\"og:site_name\" content=\"Les Petits Livres\" \/>\n<meta property=\"article:published_time\" content=\"2017-09-11T12:01:39+00:00\" \/>\n<meta property=\"og:image\" content=\"https:\/\/smallthings.fr\/lespetitslivres\/wp-content\/uploads\/2017\/09\/sorman-sciences-vie-cover.jpg\" \/>\n\t<meta property=\"og:image:width\" content=\"1000\" \/>\n\t<meta property=\"og:image:height\" content=\"500\" \/>\n\t<meta property=\"og:image:type\" content=\"image\/jpeg\" \/>\n<meta name=\"author\" content=\"Claire\" \/>\n<meta name=\"twitter:card\" content=\"summary_large_image\" \/>\n<meta name=\"twitter:label1\" content=\"\u00c9crit par\" \/>\n\t<meta name=\"twitter:data1\" content=\"Claire\" \/>\n\t<meta name=\"twitter:label2\" content=\"Dur\u00e9e de lecture estim\u00e9e\" \/>\n\t<meta name=\"twitter:data2\" content=\"4 minutes\" \/>\n<script type=\"application\/ld+json\" class=\"yoast-schema-graph\">{\"@context\":\"https:\/\/schema.org\",\"@graph\":[{\"@type\":\"WebPage\",\"@id\":\"https:\/\/smallthings.fr\/lespetitslivres\/2017\/09\/11\/sciences-de-la-vie-joy-sorman\/\",\"url\":\"https:\/\/smallthings.fr\/lespetitslivres\/2017\/09\/11\/sciences-de-la-vie-joy-sorman\/\",\"name\":\"Sciences de la vie&nbsp;: quand la maladie est une fatalit\u00e9\",\"isPartOf\":{\"@id\":\"https:\/\/smallthings.fr\/lespetitslivres\/#website\"},\"datePublished\":\"2017-09-11T12:01:39+00:00\",\"dateModified\":\"2017-09-11T12:01:39+00:00\",\"author\":{\"@id\":\"https:\/\/smallthings.fr\/lespetitslivres\/#\/schema\/person\/504d603cacfe064fe039dfa03a8b7918\"},\"description\":\"Sciences de la vie est le nouveau roman que Joy Sorman publie au Seuil pour cette rentr\u00e9e litt\u00e9raire. Apr\u00e8s notamment Comme une b\u00eate et La peau de l'ours,\",\"breadcrumb\":{\"@id\":\"https:\/\/smallthings.fr\/lespetitslivres\/2017\/09\/11\/sciences-de-la-vie-joy-sorman\/#breadcrumb\"},\"inLanguage\":\"fr-FR\",\"potentialAction\":[{\"@type\":\"ReadAction\",\"target\":[\"https:\/\/smallthings.fr\/lespetitslivres\/2017\/09\/11\/sciences-de-la-vie-joy-sorman\/\"]}]},{\"@type\":\"BreadcrumbList\",\"@id\":\"https:\/\/smallthings.fr\/lespetitslivres\/2017\/09\/11\/sciences-de-la-vie-joy-sorman\/#breadcrumb\",\"itemListElement\":[{\"@type\":\"ListItem\",\"position\":1,\"name\":\"Accueil\",\"item\":\"https:\/\/smallthings.fr\/lespetitslivres\/\"},{\"@type\":\"ListItem\",\"position\":2,\"name\":\"Sciences de la vie&nbsp;: quand la maladie est une fatalit\u00e9\"}]},{\"@type\":\"WebSite\",\"@id\":\"https:\/\/smallthings.fr\/lespetitslivres\/#website\",\"url\":\"https:\/\/smallthings.fr\/lespetitslivres\/\",\"name\":\"Les Petits Livres\",\"description\":\"by Small Things\",\"potentialAction\":[{\"@type\":\"SearchAction\",\"target\":{\"@type\":\"EntryPoint\",\"urlTemplate\":\"https:\/\/smallthings.fr\/lespetitslivres\/?s={search_term_string}\"},\"query-input\":\"required name=search_term_string\"}],\"inLanguage\":\"fr-FR\"},{\"@type\":\"Person\",\"@id\":\"https:\/\/smallthings.fr\/lespetitslivres\/#\/schema\/person\/504d603cacfe064fe039dfa03a8b7918\",\"name\":\"Claire\",\"image\":{\"@type\":\"ImageObject\",\"inLanguage\":\"fr-FR\",\"@id\":\"https:\/\/smallthings.fr\/lespetitslivres\/#\/schema\/person\/image\/\",\"url\":\"https:\/\/secure.gravatar.com\/avatar\/9a85ff83d76b3eb17b8cae208640786e?s=96&d=retro&r=g\",\"contentUrl\":\"https:\/\/secure.gravatar.com\/avatar\/9a85ff83d76b3eb17b8cae208640786e?s=96&d=retro&r=g\",\"caption\":\"Claire\"},\"url\":\"https:\/\/smallthings.fr\/lespetitslivres\/author\/claire\/\"}]}<\/script>\n<!-- \/ Yoast SEO plugin. -->","yoast_head_json":{"title":"Sciences de la vie&nbsp;: quand la maladie est une fatalit\u00e9","description":"Sciences de la vie est le nouveau roman que Joy Sorman publie au Seuil pour cette rentr\u00e9e litt\u00e9raire. Apr\u00e8s notamment Comme une b\u00eate et La peau de l'ours,","robots":{"index":"index","follow":"follow","max-snippet":"max-snippet:-1","max-image-preview":"max-image-preview:large","max-video-preview":"max-video-preview:-1"},"canonical":"https:\/\/smallthings.fr\/lespetitslivres\/2017\/09\/11\/sciences-de-la-vie-joy-sorman\/","og_locale":"fr_FR","og_type":"article","og_title":"Sciences de la vie&nbsp;: quand la maladie est une fatalit\u00e9","og_description":"Sciences de la vie est le nouveau roman que Joy Sorman publie au Seuil pour cette rentr\u00e9e litt\u00e9raire. Apr\u00e8s notamment Comme une b\u00eate et La peau de l'ours,","og_url":"https:\/\/smallthings.fr\/lespetitslivres\/2017\/09\/11\/sciences-de-la-vie-joy-sorman\/","og_site_name":"Les Petits Livres","article_published_time":"2017-09-11T12:01:39+00:00","og_image":[{"width":1000,"height":500,"url":"https:\/\/smallthings.fr\/lespetitslivres\/wp-content\/uploads\/2017\/09\/sorman-sciences-vie-cover.jpg","type":"image\/jpeg"}],"author":"Claire","twitter_card":"summary_large_image","twitter_misc":{"\u00c9crit par":"Claire","Dur\u00e9e de lecture estim\u00e9e":"4 minutes"},"schema":{"@context":"https:\/\/schema.org","@graph":[{"@type":"WebPage","@id":"https:\/\/smallthings.fr\/lespetitslivres\/2017\/09\/11\/sciences-de-la-vie-joy-sorman\/","url":"https:\/\/smallthings.fr\/lespetitslivres\/2017\/09\/11\/sciences-de-la-vie-joy-sorman\/","name":"Sciences de la vie&nbsp;: quand la maladie est une fatalit\u00e9","isPartOf":{"@id":"https:\/\/smallthings.fr\/lespetitslivres\/#website"},"datePublished":"2017-09-11T12:01:39+00:00","dateModified":"2017-09-11T12:01:39+00:00","author":{"@id":"https:\/\/smallthings.fr\/lespetitslivres\/#\/schema\/person\/504d603cacfe064fe039dfa03a8b7918"},"description":"Sciences de la vie est le nouveau roman que Joy Sorman publie au Seuil pour cette rentr\u00e9e litt\u00e9raire. Apr\u00e8s notamment Comme une b\u00eate et La peau de l'ours,","breadcrumb":{"@id":"https:\/\/smallthings.fr\/lespetitslivres\/2017\/09\/11\/sciences-de-la-vie-joy-sorman\/#breadcrumb"},"inLanguage":"fr-FR","potentialAction":[{"@type":"ReadAction","target":["https:\/\/smallthings.fr\/lespetitslivres\/2017\/09\/11\/sciences-de-la-vie-joy-sorman\/"]}]},{"@type":"BreadcrumbList","@id":"https:\/\/smallthings.fr\/lespetitslivres\/2017\/09\/11\/sciences-de-la-vie-joy-sorman\/#breadcrumb","itemListElement":[{"@type":"ListItem","position":1,"name":"Accueil","item":"https:\/\/smallthings.fr\/lespetitslivres\/"},{"@type":"ListItem","position":2,"name":"Sciences de la vie&nbsp;: quand la maladie est une fatalit\u00e9"}]},{"@type":"WebSite","@id":"https:\/\/smallthings.fr\/lespetitslivres\/#website","url":"https:\/\/smallthings.fr\/lespetitslivres\/","name":"Les Petits Livres","description":"by Small Things","potentialAction":[{"@type":"SearchAction","target":{"@type":"EntryPoint","urlTemplate":"https:\/\/smallthings.fr\/lespetitslivres\/?s={search_term_string}"},"query-input":"required name=search_term_string"}],"inLanguage":"fr-FR"},{"@type":"Person","@id":"https:\/\/smallthings.fr\/lespetitslivres\/#\/schema\/person\/504d603cacfe064fe039dfa03a8b7918","name":"Claire","image":{"@type":"ImageObject","inLanguage":"fr-FR","@id":"https:\/\/smallthings.fr\/lespetitslivres\/#\/schema\/person\/image\/","url":"https:\/\/secure.gravatar.com\/avatar\/9a85ff83d76b3eb17b8cae208640786e?s=96&d=retro&r=g","contentUrl":"https:\/\/secure.gravatar.com\/avatar\/9a85ff83d76b3eb17b8cae208640786e?s=96&d=retro&r=g","caption":"Claire"},"url":"https:\/\/smallthings.fr\/lespetitslivres\/author\/claire\/"}]}},"jetpack_featured_media_url":"https:\/\/smallthings.fr\/lespetitslivres\/wp-content\/uploads\/2017\/09\/sorman-sciences-vie-cover.jpg","jetpack_sharing_enabled":true,"jetpack_shortlink":"https:\/\/wp.me\/p6Un21-88s","jetpack-related-posts":[{"id":26444,"url":"https:\/\/smallthings.fr\/lespetitslivres\/2015\/08\/24\/la-maladroite-alexandre-seurat-critique\/","url_meta":{"origin":31276,"position":0},"title":"La maladroite, premier roman d&rsquo;Alexandre Seurat","author":"Claire","date":"24 ao\u00fbt 2015","format":false,"excerpt":"La maladroite, premier roman d'Alexandre Seurat, est le bijou inattendu de cette rentr\u00e9e litt\u00e9raire. Paru aux \u00e9ditions du Rouergue le 19 ao\u00fbt, il a d\u00e9j\u00e0 remport\u00e9 le coup de c\u0153ur des magasins Cultura, qui lui assure une belle visibilit\u00e9. Il est \u00e9galement finaliste du Prix Roman Fnac 2015, et on\u2026","rel":"","context":"Dans &quot;Rentr\u00e9e Litt\u00e9raire&quot;","block_context":{"text":"Rentr\u00e9e Litt\u00e9raire","link":"https:\/\/smallthings.fr\/lespetitslivres\/category\/rentree-litteraire-2015\/"},"img":{"alt_text":"","src":"https:\/\/i0.wp.com\/smallthings.fr\/wp-content\/uploads\/2015\/08\/la-maladroite-205x300.jpg?resize=350%2C200","width":350,"height":200},"classes":[]},{"id":31425,"url":"https:\/\/smallthings.fr\/lespetitslivres\/2017\/12\/07\/t-arracher-claudine-desmarteau-avis\/","url_meta":{"origin":31276,"position":1},"title":"T&rsquo;arracher : le d\u00e9sespoir amoureux qui nous construit","author":"Marie Leroy","date":"7 d\u00e9cembre 2017","format":false,"excerpt":"T'arracher de Claudine Desmarteau est sorti pour la rentr\u00e9e litt\u00e9raire aux \u00e9ditions Thierry Magnier. Le livre est destin\u00e9 \u00e0 un public jeunesse, mais son th\u00e8me universel - la d\u00e9ception amoureuse - peut r\u00e9sonner en chacun de nous. On plonge la t\u00eate la premi\u00e8re dans le c\u0153ur bris\u00e9 de Lou, lyc\u00e9enne\u2026","rel":"","context":"Dans &quot;Roman fran\u00e7ais&quot;","block_context":{"text":"Roman fran\u00e7ais","link":"https:\/\/smallthings.fr\/lespetitslivres\/category\/roman\/roman-francais\/"},"img":{"alt_text":"","src":"https:\/\/i0.wp.com\/smallthings.fr\/lespetitslivres\/wp-content\/uploads\/2017\/12\/t-arracher-cover.jpg?resize=350%2C200&ssl=1","width":350,"height":200},"classes":[]},{"id":31780,"url":"https:\/\/smallthings.fr\/lespetitslivres\/2018\/08\/28\/monsieur-viannet-veronique-le-goaziou\/","url_meta":{"origin":31276,"position":2},"title":"Monsieur Viannet, le roman des laiss\u00e9s pour compte","author":"Victoire Neyraud","date":"28 ao\u00fbt 2018","format":false,"excerpt":"Monsieur Viannet, le dernier roman de la sociologue et romanci\u00e8re V\u00e9ronique Le Goaziou, qui vient de para\u00eetre aux \u00e9ditions La Table Ronde pour la Rentr\u00e9e litt\u00e9raire. Une petite perle qui, d\u00e8s les premiers instants de lecture, nous prend en haleine et nous emporte sans pr\u00e9ambule dans un monde souvent peu\u2026","rel":"","context":"Dans &quot;Roman fran\u00e7ais&quot;","block_context":{"text":"Roman fran\u00e7ais","link":"https:\/\/smallthings.fr\/lespetitslivres\/category\/roman\/roman-francais\/"},"img":{"alt_text":"","src":"https:\/\/i0.wp.com\/smallthings.fr\/lespetitslivres\/wp-content\/uploads\/2018\/08\/monsieur-viannet-couverture-cover.jpg?resize=350%2C200&ssl=1","width":350,"height":200,"srcset":"https:\/\/i0.wp.com\/smallthings.fr\/lespetitslivres\/wp-content\/uploads\/2018\/08\/monsieur-viannet-couverture-cover.jpg?resize=350%2C200&ssl=1 1x, https:\/\/i0.wp.com\/smallthings.fr\/lespetitslivres\/wp-content\/uploads\/2018\/08\/monsieur-viannet-couverture-cover.jpg?resize=525%2C300&ssl=1 1.5x, https:\/\/i0.wp.com\/smallthings.fr\/lespetitslivres\/wp-content\/uploads\/2018\/08\/monsieur-viannet-couverture-cover.jpg?resize=700%2C400&ssl=1 2x"},"classes":[]},{"id":30350,"url":"https:\/\/smallthings.fr\/lespetitslivres\/2016\/09\/28\/a-la-fin-le-silence-tardieu\/","url_meta":{"origin":31276,"position":3},"title":"A la fin le silence : la mort puis la vie, de Laurence Tardieu","author":"Claire","date":"28 septembre 2016","format":false,"excerpt":"A la fin le silence est le roman que nous propose Laurence Tardieu pour cette rentr\u00e9e litt\u00e9raire aux \u00e9ditions du Seuil. Apr\u00e8s Le jugement de L\u00e9a, Puisque rien ne dure et Une vie \u00e0 soi, A la fin le silence s'apparente plus \u00e0 un essai litt\u00e9raire qu'\u00e0 une fiction. S'il\u2026","rel":"","context":"Dans &quot;Rentr\u00e9e litt\u00e9raire&quot;","block_context":{"text":"Rentr\u00e9e litt\u00e9raire","link":"https:\/\/smallthings.fr\/lespetitslivres\/category\/rentree-litteraire\/"},"img":{"alt_text":"","src":"https:\/\/i0.wp.com\/smallthings.fr\/lespetitslivres\/wp-content\/uploads\/2016\/09\/laurence-tardieu.jpg?resize=350%2C200&ssl=1","width":350,"height":200,"srcset":"https:\/\/i0.wp.com\/smallthings.fr\/lespetitslivres\/wp-content\/uploads\/2016\/09\/laurence-tardieu.jpg?resize=350%2C200&ssl=1 1x, https:\/\/i0.wp.com\/smallthings.fr\/lespetitslivres\/wp-content\/uploads\/2016\/09\/laurence-tardieu.jpg?resize=525%2C300&ssl=1 1.5x"},"classes":[]},{"id":30217,"url":"https:\/\/smallthings.fr\/lespetitslivres\/2016\/08\/18\/derniers-feux-sunset-fitzgerald\/","url_meta":{"origin":31276,"position":4},"title":"Derniers feux sur Sunset ou la vie revisit\u00e9e de Francis Scott Fitzgerald","author":"Fanny","date":"18 ao\u00fbt 2016","format":false,"excerpt":"Avec Derniers feux sur Sunset, ce tout nouveau roman \u00e0 para\u00eetre aujourd'hui\u00a0aux \u00e9ditions de l'Olivier, Stewart O'Nan nous plonge dans un Hollywood plus r\u00e9aliste, d\u00e9fra\u00eechi et mit\u00e9, bien loin de celui des \u00e9crans de cin\u00e9ma. Le temps a pass\u00e9, la vie de Francis Scott Fitzgerald aussi. En 1937, Scott se\u2026","rel":"","context":"Dans &quot;Rentr\u00e9e litt\u00e9raire&quot;","block_context":{"text":"Rentr\u00e9e litt\u00e9raire","link":"https:\/\/smallthings.fr\/lespetitslivres\/category\/rentree-litteraire\/"},"img":{"alt_text":"","src":"https:\/\/i0.wp.com\/smallthings.fr\/lespetitslivres\/wp-content\/uploads\/2016\/08\/derniers-feux-sunset-couv.jpg?resize=350%2C200&ssl=1","width":350,"height":200,"srcset":"https:\/\/i0.wp.com\/smallthings.fr\/lespetitslivres\/wp-content\/uploads\/2016\/08\/derniers-feux-sunset-couv.jpg?resize=350%2C200&ssl=1 1x, https:\/\/i0.wp.com\/smallthings.fr\/lespetitslivres\/wp-content\/uploads\/2016\/08\/derniers-feux-sunset-couv.jpg?resize=525%2C300&ssl=1 1.5x, https:\/\/i0.wp.com\/smallthings.fr\/lespetitslivres\/wp-content\/uploads\/2016\/08\/derniers-feux-sunset-couv.jpg?resize=700%2C400&ssl=1 2x, https:\/\/i0.wp.com\/smallthings.fr\/lespetitslivres\/wp-content\/uploads\/2016\/08\/derniers-feux-sunset-couv.jpg?resize=1050%2C600&ssl=1 3x"},"classes":[]},{"id":17558,"url":"https:\/\/smallthings.fr\/lespetitslivres\/2014\/10\/17\/charlotte-david-foenkinos-renaudot\/","url_meta":{"origin":31276,"position":5},"title":"Charlotte : la claque de David Foenkinos &#8211; Prix Renaudot 2014","author":"Claire","date":"17 octobre 2014","format":false,"excerpt":"Charlotte, pour moi, c'est LE livre de la rentr\u00e9e litt\u00e9raire. Si je n'attendais Foenkinos, ni sur la rentr\u00e9e, ni sur ce cr\u00e9neau, je dois dire que j'ai \u00e9t\u00e9 bluff\u00e9e. Charlotte, c'est aussi son livre \u00e0 lui : \"c'est toute [s]a vie\", confesse-t-il. Tous les \u00e9crivains ont un livre \"fant\u00f4me\", celui\u2026","rel":"","context":"Dans &quot;Roman fran\u00e7ais&quot;","block_context":{"text":"Roman fran\u00e7ais","link":"https:\/\/smallthings.fr\/lespetitslivres\/category\/roman\/roman-francais\/"},"img":{"alt_text":"FRANCE-CULTURE-LITERATURE-FOENKINOS","src":"https:\/\/i0.wp.com\/smallthings.fr\/wp-content\/uploads\/2014\/10\/David-Foenkinos.jpg?resize=350%2C200","width":350,"height":200},"classes":[]}],"_links":{"self":[{"href":"https:\/\/smallthings.fr\/lespetitslivres\/wp-json\/wp\/v2\/posts\/31276"}],"collection":[{"href":"https:\/\/smallthings.fr\/lespetitslivres\/wp-json\/wp\/v2\/posts"}],"about":[{"href":"https:\/\/smallthings.fr\/lespetitslivres\/wp-json\/wp\/v2\/types\/post"}],"author":[{"embeddable":true,"href":"https:\/\/smallthings.fr\/lespetitslivres\/wp-json\/wp\/v2\/users\/2"}],"replies":[{"embeddable":true,"href":"https:\/\/smallthings.fr\/lespetitslivres\/wp-json\/wp\/v2\/comments?post=31276"}],"version-history":[{"count":2,"href":"https:\/\/smallthings.fr\/lespetitslivres\/wp-json\/wp\/v2\/posts\/31276\/revisions"}],"predecessor-version":[{"id":31281,"href":"https:\/\/smallthings.fr\/lespetitslivres\/wp-json\/wp\/v2\/posts\/31276\/revisions\/31281"}],"wp:featuredmedia":[{"embeddable":true,"href":"https:\/\/smallthings.fr\/lespetitslivres\/wp-json\/wp\/v2\/media\/31277"}],"wp:attachment":[{"href":"https:\/\/smallthings.fr\/lespetitslivres\/wp-json\/wp\/v2\/media?parent=31276"}],"wp:term":[{"taxonomy":"category","embeddable":true,"href":"https:\/\/smallthings.fr\/lespetitslivres\/wp-json\/wp\/v2\/categories?post=31276"},{"taxonomy":"post_tag","embeddable":true,"href":"https:\/\/smallthings.fr\/lespetitslivres\/wp-json\/wp\/v2\/tags?post=31276"}],"curies":[{"name":"wp","href":"https:\/\/api.w.org\/{rel}","templated":true}]}}