{"id":31241,"date":"2017-08-28T12:00:21","date_gmt":"2017-08-28T11:00:21","guid":{"rendered":"http:\/\/smallthings.fr\/lespetitslivres\/?p=31241"},"modified":"2017-08-27T12:06:21","modified_gmt":"2017-08-27T11:06:21","slug":"faux-depart-marion-messina-critique","status":"publish","type":"post","link":"https:\/\/smallthings.fr\/lespetitslivres\/2017\/08\/28\/faux-depart-marion-messina-critique\/","title":{"rendered":"Faux d\u00e9part : portrait d&rsquo;une jeunesse d\u00e9senchant\u00e9e"},"content":{"rendered":"<h2><em>Faux d\u00e9part<\/em> de Marion Messina vient de para\u00eetre chez <a href=\"https:\/\/www.ledilettante.com\/livre-9782842639044.htm\">Le Dilettante<\/a> pour cette rentr\u00e9e litt\u00e9raire. Un premier roman au style direct et sans m\u00e9lodrame mais au pessimisme latent, d\u00e9non\u00e7ant l&rsquo;injustice d&rsquo;\u00eatre mal n\u00e9 dans un monde o\u00f9 il est difficile de changer de classe sociale.<\/h2>\n<p>Quand on d\u00e9bute sa vie d&rsquo;adulte, a-t-on vraiment le droit \u00e0 l&rsquo;erreur ? Peut-on vraiment revenir sur la ligne de d\u00e9part et repartir comme si de rien n&rsquo;\u00e9tait ? Certains ont toutes les cartes en main pour franchir les \u00e9tapes : prendre son ind\u00e9pendance, sociabiliser, r\u00e9ussir ses \u00e9tudes, avoir un appartement, tomber amoureux, trouver son premier job&#8230;<\/p>\n<p><img loading=\"lazy\" decoding=\"async\" data-attachment-id=\"31242\" data-permalink=\"https:\/\/smallthings.fr\/lespetitslivres\/2017\/08\/28\/faux-depart-marion-messina-critique\/faux-depart-messina\/\" data-orig-file=\"https:\/\/smallthings.fr\/lespetitslivres\/wp-content\/uploads\/2017\/08\/faux-depart-messina.jpg\" data-orig-size=\"310,465\" data-comments-opened=\"1\" data-image-meta=\"{&quot;aperture&quot;:&quot;0&quot;,&quot;credit&quot;:&quot;&quot;,&quot;camera&quot;:&quot;&quot;,&quot;caption&quot;:&quot;&quot;,&quot;created_timestamp&quot;:&quot;0&quot;,&quot;copyright&quot;:&quot;&quot;,&quot;focal_length&quot;:&quot;0&quot;,&quot;iso&quot;:&quot;0&quot;,&quot;shutter_speed&quot;:&quot;0&quot;,&quot;title&quot;:&quot;&quot;,&quot;orientation&quot;:&quot;0&quot;}\" data-image-title=\"faux-depart-messina\" data-image-description=\"\" data-image-caption=\"\" data-medium-file=\"https:\/\/smallthings.fr\/lespetitslivres\/wp-content\/uploads\/2017\/08\/faux-depart-messina-200x300.jpg\" data-large-file=\"https:\/\/smallthings.fr\/lespetitslivres\/wp-content\/uploads\/2017\/08\/faux-depart-messina.jpg\" class=\"alignleft wp-image-31242\" src=\"http:\/\/smallthings.fr\/lespetitslivres\/wp-content\/uploads\/2017\/08\/faux-depart-messina.jpg\" alt=\"\" width=\"231\" height=\"347\" srcset=\"https:\/\/smallthings.fr\/lespetitslivres\/wp-content\/uploads\/2017\/08\/faux-depart-messina.jpg 310w, https:\/\/smallthings.fr\/lespetitslivres\/wp-content\/uploads\/2017\/08\/faux-depart-messina-200x300.jpg 200w\" sizes=\"(max-width: 231px) 100vw, 231px\" \/>D&rsquo;autres, non. Aur\u00e9lie fait partie de cette deuxi\u00e8me cat\u00e9gorie. L&rsquo;amour qu&rsquo;elle porte \u00e0 Alejandro est le seul point lumineux dans ses journ\u00e9es mornes. <strong>Marion Messina peint le portrait d&rsquo;une jeunesse d\u00e9senchant\u00e9e entre petits boulots, gal\u00e8res du quotidien, amours floues et parents d\u00e9sempar\u00e9s.<\/strong><\/p>\n<p>Alejandro porte en lui une autre histoire : son d\u00e9part est celui qu&rsquo;il a pris, en Colombie, lorsqu&rsquo;il est parti de son village en r\u00eavant d&rsquo;une vie meilleure en Europe. D\u00e8s les premi\u00e8res pages, il appara\u00eet comme le personnage principal. Pourtant, on a l&rsquo;impression que Marion Messina a chang\u00e9 d&rsquo;avis en cours de route : Alejandro rencontre Aur\u00e9lie et, finalement, c&rsquo;est elle qui semble attirer l&rsquo;attention de l&rsquo;auteure, comme si elle ne l&rsquo;avait pas pr\u00e9dit, comme si le roman avait pris lui-m\u00eame un faux d\u00e9part.<\/p>\n<div id=\"attachment_31243\" style=\"width: 154px\" class=\"wp-caption alignright\"><img loading=\"lazy\" decoding=\"async\" aria-describedby=\"caption-attachment-31243\" data-attachment-id=\"31243\" data-permalink=\"https:\/\/smallthings.fr\/lespetitslivres\/2017\/08\/28\/faux-depart-marion-messina-critique\/marion-messina-faux-depart\/\" data-orig-file=\"https:\/\/smallthings.fr\/lespetitslivres\/wp-content\/uploads\/2017\/08\/marion-messina-faux-depart.png\" data-orig-size=\"144,148\" data-comments-opened=\"1\" data-image-meta=\"{&quot;aperture&quot;:&quot;0&quot;,&quot;credit&quot;:&quot;&quot;,&quot;camera&quot;:&quot;&quot;,&quot;caption&quot;:&quot;&quot;,&quot;created_timestamp&quot;:&quot;0&quot;,&quot;copyright&quot;:&quot;&quot;,&quot;focal_length&quot;:&quot;0&quot;,&quot;iso&quot;:&quot;0&quot;,&quot;shutter_speed&quot;:&quot;0&quot;,&quot;title&quot;:&quot;&quot;,&quot;orientation&quot;:&quot;0&quot;}\" data-image-title=\"marion-messina-faux-depart\" data-image-description=\"\" data-image-caption=\"&lt;p&gt;Marion Messina&lt;\/p&gt;\n\" data-medium-file=\"https:\/\/smallthings.fr\/lespetitslivres\/wp-content\/uploads\/2017\/08\/marion-messina-faux-depart.png\" data-large-file=\"https:\/\/smallthings.fr\/lespetitslivres\/wp-content\/uploads\/2017\/08\/marion-messina-faux-depart.png\" class=\"size-full wp-image-31243\" src=\"http:\/\/smallthings.fr\/lespetitslivres\/wp-content\/uploads\/2017\/08\/marion-messina-faux-depart.png\" alt=\"\" width=\"144\" height=\"148\" \/><p id=\"caption-attachment-31243\" class=\"wp-caption-text\">Marion Messina<\/p><\/div>\n<p>A la lecture de ce premier roman, il est facile de s&rsquo;identifier \u00e0 Aur\u00e9lie, anti-h\u00e9ro\u00efne. <strong>On a tous, \u00e0 un moment donn\u00e9, qu&rsquo;on ait poursuivi des \u00e9tudes ou non, eu la sensation de passer \u00e0 c\u00f4t\u00e9 de quelque chose, de ne pas faire les bons choix<\/strong>. Peut-\u00eatre que ce sont d&rsquo;ailleurs les premiers sentiments d&rsquo;\u00e9checs que l&rsquo;on ressent, en tout cas les premiers doutes r\u00e9els. C&rsquo;est le moment o\u00f9 l&rsquo;on prend des d\u00e9cisions qui vont donner la direction de sa vie : on peut consid\u00e9rer qu&rsquo;il s&rsquo;agit d&rsquo;un faux d\u00e9part et qu&rsquo;il est possible de recommencer. Ou pas.<\/p>\n","protected":false},"excerpt":{"rendered":"<p>Faux d\u00e9part de Marion Messina vient de para\u00eetre chez Le Dilettante pour cette rentr\u00e9e litt\u00e9raire. Un premier roman au style direct et sans m\u00e9lodrame mais au pessimisme latent, d\u00e9non\u00e7ant l&rsquo;injustice d&rsquo;\u00eatre mal n\u00e9 dans un monde o\u00f9 il est difficile de changer de classe sociale. Quand on d\u00e9bute sa vie d&rsquo;adulte, a-t-on vraiment le droit<\/p>\n","protected":false},"author":24,"featured_media":31244,"comment_status":"open","ping_status":"open","sticky":false,"template":"","format":"standard","meta":{"jetpack_post_was_ever_published":false,"_jetpack_newsletter_access":"","_jetpack_newsletter_tier_id":0,"footnotes":"","jetpack_publicize_message":"","jetpack_is_tweetstorm":false,"jetpack_publicize_feature_enabled":true,"jetpack_social_post_already_shared":true,"jetpack_social_options":{"image_generator_settings":{"template":"highway","enabled":false}}},"categories":[1117],"tags":[1856,1848,1855,51,32],"jetpack_publicize_connections":[],"yoast_head":"<!-- This site is optimized with the Yoast SEO plugin v21.5 - https:\/\/yoast.com\/wordpress\/plugins\/seo\/ -->\n<title>Faux d\u00e9part : portrait d&#039;une jeunesse d\u00e9senchant\u00e9e<\/title>\n<meta name=\"description\" content=\"Faux d\u00e9part de Marion Messina vient de para\u00eetre chez Le Dilettante pour cette rentr\u00e9e litt\u00e9raire. Un premier roman au style direct et sans m\u00e9lodrame mais\" \/>\n<meta name=\"robots\" content=\"index, follow, max-snippet:-1, max-image-preview:large, max-video-preview:-1\" \/>\n<link rel=\"canonical\" href=\"https:\/\/smallthings.fr\/lespetitslivres\/2017\/08\/28\/faux-depart-marion-messina-critique\/\" \/>\n<meta property=\"og:locale\" content=\"fr_FR\" \/>\n<meta property=\"og:type\" content=\"article\" \/>\n<meta property=\"og:title\" content=\"Faux d\u00e9part : portrait d&#039;une jeunesse d\u00e9senchant\u00e9e\" \/>\n<meta property=\"og:description\" content=\"Faux d\u00e9part de Marion Messina vient de para\u00eetre chez Le Dilettante pour cette rentr\u00e9e litt\u00e9raire. Un premier roman au style direct et sans m\u00e9lodrame mais\" \/>\n<meta property=\"og:url\" content=\"https:\/\/smallthings.fr\/lespetitslivres\/2017\/08\/28\/faux-depart-marion-messina-critique\/\" \/>\n<meta property=\"og:site_name\" content=\"Les Petits Livres\" \/>\n<meta property=\"article:published_time\" content=\"2017-08-28T11:00:21+00:00\" \/>\n<meta property=\"article:modified_time\" content=\"2017-08-27T11:06:21+00:00\" \/>\n<meta property=\"og:image\" content=\"https:\/\/smallthings.fr\/lespetitslivres\/wp-content\/uploads\/2017\/08\/faux-depart-messina-cover.jpg\" \/>\n\t<meta property=\"og:image:width\" content=\"310\" \/>\n\t<meta property=\"og:image:height\" content=\"171\" \/>\n\t<meta property=\"og:image:type\" content=\"image\/jpeg\" \/>\n<meta name=\"author\" content=\"Marie Leroy\" \/>\n<meta name=\"twitter:card\" content=\"summary_large_image\" \/>\n<meta name=\"twitter:label1\" content=\"\u00c9crit par\" \/>\n\t<meta name=\"twitter:data1\" content=\"Marie Leroy\" \/>\n\t<meta name=\"twitter:label2\" content=\"Dur\u00e9e de lecture estim\u00e9e\" \/>\n\t<meta name=\"twitter:data2\" content=\"2 minutes\" \/>\n<script type=\"application\/ld+json\" class=\"yoast-schema-graph\">{\"@context\":\"https:\/\/schema.org\",\"@graph\":[{\"@type\":\"WebPage\",\"@id\":\"https:\/\/smallthings.fr\/lespetitslivres\/2017\/08\/28\/faux-depart-marion-messina-critique\/\",\"url\":\"https:\/\/smallthings.fr\/lespetitslivres\/2017\/08\/28\/faux-depart-marion-messina-critique\/\",\"name\":\"Faux d\u00e9part : portrait d'une jeunesse d\u00e9senchant\u00e9e\",\"isPartOf\":{\"@id\":\"https:\/\/smallthings.fr\/lespetitslivres\/#website\"},\"datePublished\":\"2017-08-28T11:00:21+00:00\",\"dateModified\":\"2017-08-27T11:06:21+00:00\",\"author\":{\"@id\":\"https:\/\/smallthings.fr\/lespetitslivres\/#\/schema\/person\/3f346b29f3ef2469beeb80dd1884f038\"},\"description\":\"Faux d\u00e9part de Marion Messina vient de para\u00eetre chez Le Dilettante pour cette rentr\u00e9e litt\u00e9raire. Un premier roman au style direct et sans m\u00e9lodrame mais\",\"breadcrumb\":{\"@id\":\"https:\/\/smallthings.fr\/lespetitslivres\/2017\/08\/28\/faux-depart-marion-messina-critique\/#breadcrumb\"},\"inLanguage\":\"fr-FR\",\"potentialAction\":[{\"@type\":\"ReadAction\",\"target\":[\"https:\/\/smallthings.fr\/lespetitslivres\/2017\/08\/28\/faux-depart-marion-messina-critique\/\"]}]},{\"@type\":\"BreadcrumbList\",\"@id\":\"https:\/\/smallthings.fr\/lespetitslivres\/2017\/08\/28\/faux-depart-marion-messina-critique\/#breadcrumb\",\"itemListElement\":[{\"@type\":\"ListItem\",\"position\":1,\"name\":\"Accueil\",\"item\":\"https:\/\/smallthings.fr\/lespetitslivres\/\"},{\"@type\":\"ListItem\",\"position\":2,\"name\":\"Faux d\u00e9part : portrait d&rsquo;une jeunesse d\u00e9senchant\u00e9e\"}]},{\"@type\":\"WebSite\",\"@id\":\"https:\/\/smallthings.fr\/lespetitslivres\/#website\",\"url\":\"https:\/\/smallthings.fr\/lespetitslivres\/\",\"name\":\"Les Petits Livres\",\"description\":\"by Small Things\",\"potentialAction\":[{\"@type\":\"SearchAction\",\"target\":{\"@type\":\"EntryPoint\",\"urlTemplate\":\"https:\/\/smallthings.fr\/lespetitslivres\/?s={search_term_string}\"},\"query-input\":\"required name=search_term_string\"}],\"inLanguage\":\"fr-FR\"},{\"@type\":\"Person\",\"@id\":\"https:\/\/smallthings.fr\/lespetitslivres\/#\/schema\/person\/3f346b29f3ef2469beeb80dd1884f038\",\"name\":\"Marie Leroy\",\"image\":{\"@type\":\"ImageObject\",\"inLanguage\":\"fr-FR\",\"@id\":\"https:\/\/smallthings.fr\/lespetitslivres\/#\/schema\/person\/image\/\",\"url\":\"https:\/\/secure.gravatar.com\/avatar\/f76ce54092214b724bbb187c63bd5362?s=96&d=retro&r=g\",\"contentUrl\":\"https:\/\/secure.gravatar.com\/avatar\/f76ce54092214b724bbb187c63bd5362?s=96&d=retro&r=g\",\"caption\":\"Marie Leroy\"},\"url\":\"https:\/\/smallthings.fr\/lespetitslivres\/author\/marie-leroy\/\"}]}<\/script>\n<!-- \/ Yoast SEO plugin. -->","yoast_head_json":{"title":"Faux d\u00e9part : portrait d'une jeunesse d\u00e9senchant\u00e9e","description":"Faux d\u00e9part de Marion Messina vient de para\u00eetre chez Le Dilettante pour cette rentr\u00e9e litt\u00e9raire. Un premier roman au style direct et sans m\u00e9lodrame mais","robots":{"index":"index","follow":"follow","max-snippet":"max-snippet:-1","max-image-preview":"max-image-preview:large","max-video-preview":"max-video-preview:-1"},"canonical":"https:\/\/smallthings.fr\/lespetitslivres\/2017\/08\/28\/faux-depart-marion-messina-critique\/","og_locale":"fr_FR","og_type":"article","og_title":"Faux d\u00e9part : portrait d'une jeunesse d\u00e9senchant\u00e9e","og_description":"Faux d\u00e9part de Marion Messina vient de para\u00eetre chez Le Dilettante pour cette rentr\u00e9e litt\u00e9raire. Un premier roman au style direct et sans m\u00e9lodrame mais","og_url":"https:\/\/smallthings.fr\/lespetitslivres\/2017\/08\/28\/faux-depart-marion-messina-critique\/","og_site_name":"Les Petits Livres","article_published_time":"2017-08-28T11:00:21+00:00","article_modified_time":"2017-08-27T11:06:21+00:00","og_image":[{"width":310,"height":171,"url":"https:\/\/smallthings.fr\/lespetitslivres\/wp-content\/uploads\/2017\/08\/faux-depart-messina-cover.jpg","type":"image\/jpeg"}],"author":"Marie Leroy","twitter_card":"summary_large_image","twitter_misc":{"\u00c9crit par":"Marie Leroy","Dur\u00e9e de lecture estim\u00e9e":"2 minutes"},"schema":{"@context":"https:\/\/schema.org","@graph":[{"@type":"WebPage","@id":"https:\/\/smallthings.fr\/lespetitslivres\/2017\/08\/28\/faux-depart-marion-messina-critique\/","url":"https:\/\/smallthings.fr\/lespetitslivres\/2017\/08\/28\/faux-depart-marion-messina-critique\/","name":"Faux d\u00e9part : portrait d'une jeunesse d\u00e9senchant\u00e9e","isPartOf":{"@id":"https:\/\/smallthings.fr\/lespetitslivres\/#website"},"datePublished":"2017-08-28T11:00:21+00:00","dateModified":"2017-08-27T11:06:21+00:00","author":{"@id":"https:\/\/smallthings.fr\/lespetitslivres\/#\/schema\/person\/3f346b29f3ef2469beeb80dd1884f038"},"description":"Faux d\u00e9part de Marion Messina vient de para\u00eetre chez Le Dilettante pour cette rentr\u00e9e litt\u00e9raire. Un premier roman au style direct et sans m\u00e9lodrame mais","breadcrumb":{"@id":"https:\/\/smallthings.fr\/lespetitslivres\/2017\/08\/28\/faux-depart-marion-messina-critique\/#breadcrumb"},"inLanguage":"fr-FR","potentialAction":[{"@type":"ReadAction","target":["https:\/\/smallthings.fr\/lespetitslivres\/2017\/08\/28\/faux-depart-marion-messina-critique\/"]}]},{"@type":"BreadcrumbList","@id":"https:\/\/smallthings.fr\/lespetitslivres\/2017\/08\/28\/faux-depart-marion-messina-critique\/#breadcrumb","itemListElement":[{"@type":"ListItem","position":1,"name":"Accueil","item":"https:\/\/smallthings.fr\/lespetitslivres\/"},{"@type":"ListItem","position":2,"name":"Faux d\u00e9part : portrait d&rsquo;une jeunesse d\u00e9senchant\u00e9e"}]},{"@type":"WebSite","@id":"https:\/\/smallthings.fr\/lespetitslivres\/#website","url":"https:\/\/smallthings.fr\/lespetitslivres\/","name":"Les Petits Livres","description":"by Small Things","potentialAction":[{"@type":"SearchAction","target":{"@type":"EntryPoint","urlTemplate":"https:\/\/smallthings.fr\/lespetitslivres\/?s={search_term_string}"},"query-input":"required name=search_term_string"}],"inLanguage":"fr-FR"},{"@type":"Person","@id":"https:\/\/smallthings.fr\/lespetitslivres\/#\/schema\/person\/3f346b29f3ef2469beeb80dd1884f038","name":"Marie Leroy","image":{"@type":"ImageObject","inLanguage":"fr-FR","@id":"https:\/\/smallthings.fr\/lespetitslivres\/#\/schema\/person\/image\/","url":"https:\/\/secure.gravatar.com\/avatar\/f76ce54092214b724bbb187c63bd5362?s=96&d=retro&r=g","contentUrl":"https:\/\/secure.gravatar.com\/avatar\/f76ce54092214b724bbb187c63bd5362?s=96&d=retro&r=g","caption":"Marie Leroy"},"url":"https:\/\/smallthings.fr\/lespetitslivres\/author\/marie-leroy\/"}]}},"jetpack_featured_media_url":"https:\/\/smallthings.fr\/lespetitslivres\/wp-content\/uploads\/2017\/08\/faux-depart-messina-cover.jpg","jetpack_sharing_enabled":true,"jetpack_shortlink":"https:\/\/wp.me\/p6Un21-87T","jetpack-related-posts":[{"id":30163,"url":"https:\/\/smallthings.fr\/lespetitslivres\/2016\/08\/28\/10-04-ben-lerner-roman-critique\/","url_meta":{"origin":31241,"position":0},"title":"10:04 de Ben Lerner : le roman du romancier","author":"Diane Norric","date":"28 ao\u00fbt 2016","format":false,"excerpt":"10:04 est le second roman de l'Am\u00e9ricain Ben Lerner, que publient les \u00e9ditions de l\u2019Olivier en cette rentr\u00e9e litt\u00e9raire. Le premier roman de l'auteur, Au d\u00e9part d\u2019Atocha, encens\u00e9 par la critique anglo-saxonne \u00e9tait paru en fran\u00e7ais chez le m\u00eame \u00e9diteur. 10:04 est lui aussi pr\u00e9c\u00e9d\u00e9 d\u2019une flatteuse r\u00e9putation. Dans ce\u2026","rel":"","context":"Dans &quot;Rentr\u00e9e litt\u00e9raire&quot;","block_context":{"text":"Rentr\u00e9e litt\u00e9raire","link":"https:\/\/smallthings.fr\/lespetitslivres\/category\/rentree-litteraire\/"},"img":{"alt_text":"","src":"https:\/\/i0.wp.com\/smallthings.fr\/lespetitslivres\/wp-content\/uploads\/2016\/07\/10-04-lerner-couv.jpg?resize=350%2C200&ssl=1","width":350,"height":200,"srcset":"https:\/\/i0.wp.com\/smallthings.fr\/lespetitslivres\/wp-content\/uploads\/2016\/07\/10-04-lerner-couv.jpg?resize=350%2C200&ssl=1 1x, https:\/\/i0.wp.com\/smallthings.fr\/lespetitslivres\/wp-content\/uploads\/2016\/07\/10-04-lerner-couv.jpg?resize=525%2C300&ssl=1 1.5x, https:\/\/i0.wp.com\/smallthings.fr\/lespetitslivres\/wp-content\/uploads\/2016\/07\/10-04-lerner-couv.jpg?resize=700%2C400&ssl=1 2x, https:\/\/i0.wp.com\/smallthings.fr\/lespetitslivres\/wp-content\/uploads\/2016\/07\/10-04-lerner-couv.jpg?resize=1050%2C600&ssl=1 3x"},"classes":[]},{"id":26328,"url":"https:\/\/smallthings.fr\/lespetitslivres\/2015\/08\/20\/un-homme-dangereux-emilie-freche-critique\/","url_meta":{"origin":31241,"position":1},"title":"Un homme dangereux &#8211; \u00c9milie Fr\u00e8che","author":"Claire","date":"20 ao\u00fbt 2015","format":false,"excerpt":"Un homme dangereux, nouveau roman d\u2019\u00c9milie Fr\u00e8che, laur\u00e9ate en 2013 du Prix Orange du Livre avec Deux \u00e9trangers, vient de para\u00eetre chez Stock. Fort et captivant, c'est l'un de mes coups de c\u0153ur de cette rentr\u00e9e litt\u00e9raire. Un homme dangereux raconte l'une de ces rencontres qui nous changent et nous\u2026","rel":"","context":"Dans &quot;Rentr\u00e9e Litt\u00e9raire&quot;","block_context":{"text":"Rentr\u00e9e Litt\u00e9raire","link":"https:\/\/smallthings.fr\/lespetitslivres\/category\/rentree-litteraire-2015\/"},"img":{"alt_text":"","src":"","width":0,"height":0},"classes":[]},{"id":31799,"url":"https:\/\/smallthings.fr\/lespetitslivres\/2018\/09\/04\/trancher-amelie-cordonnier-roman-avis\/","url_meta":{"origin":31241,"position":2},"title":"Trancher, quand les mots d\u00e9truisent : le premier roman d&rsquo;Am\u00e9lie Cordonnier","author":"Claire","date":"4 septembre 2018","format":false,"excerpt":"En cette Rentr\u00e9e litt\u00e9raire, la journaliste Am\u00e9lie Cordonnier publie son premier roman, Trancher, chez Flammarion. Un livre difficile qui aborde le sujet de la violence conjugale verbale. L'h\u00e9ro\u00efne est en couple avec Aur\u00e9lien. Ils ont deux enfants. Apr\u00e8s des ann\u00e9es de tr\u00eave, Aur\u00e9lien recommence \u00e0 l'insulter, et ce devant leurs\u2026","rel":"","context":"Dans &quot;Roman fran\u00e7ais&quot;","block_context":{"text":"Roman fran\u00e7ais","link":"https:\/\/smallthings.fr\/lespetitslivres\/category\/roman\/roman-francais\/"},"img":{"alt_text":"","src":"https:\/\/i0.wp.com\/smallthings.fr\/lespetitslivres\/wp-content\/uploads\/2018\/09\/trancher-cordonnier-cover.jpg?resize=350%2C200&ssl=1","width":350,"height":200,"srcset":"https:\/\/i0.wp.com\/smallthings.fr\/lespetitslivres\/wp-content\/uploads\/2018\/09\/trancher-cordonnier-cover.jpg?resize=350%2C200&ssl=1 1x, https:\/\/i0.wp.com\/smallthings.fr\/lespetitslivres\/wp-content\/uploads\/2018\/09\/trancher-cordonnier-cover.jpg?resize=525%2C300&ssl=1 1.5x"},"classes":[]},{"id":7577,"url":"https:\/\/smallthings.fr\/lespetitslivres\/2013\/08\/22\/a-nothomb-la-nostalgie-heureuse\/","url_meta":{"origin":31241,"position":3},"title":"Am\u00e9lie Nothomb &#8211; La Nostalgie heureuse","author":"Audrey Ch\u00e8vrefeuille","date":"22 ao\u00fbt 2013","format":false,"excerpt":"Le mill\u00e9sime Nothomb 2013 vient de para\u00eetre : il est d\u00e9sormais dispo en librairie. Audrey Chevrefeuille nous donne son avis sur l'un des romans les plus attendus de la rentr\u00e9e.","rel":"","context":"Dans &quot;Roman fran\u00e7ais&quot;","block_context":{"text":"Roman fran\u00e7ais","link":"https:\/\/smallthings.fr\/lespetitslivres\/category\/roman\/roman-francais\/"},"img":{"alt_text":"amelie-nothomb-copie-1.jpg","src":"https:\/\/i0.wp.com\/idata.over-blog.com\/3\/60\/10\/05\/Auteurs-et-livres\/amelie-nothomb-copie-1.jpg?resize=350%2C200","width":350,"height":200},"classes":[]},{"id":31762,"url":"https:\/\/smallthings.fr\/lespetitslivres\/2018\/08\/23\/vie-de-pierres-chaudes-aurelie-razimbaud\/","url_meta":{"origin":31241,"position":4},"title":"Une vie de pierres chaudes, le premier roman d&rsquo;Aur\u00e9lie Razimbaud","author":"Claire","date":"23 ao\u00fbt 2018","format":false,"excerpt":"Aur\u00e9lie Razimbaud publie son premier roman chez Albin Michel pour cette Rentr\u00e9e litt\u00e9raire, Une vie de pierres chaudes. C'est dans le contexte de la guerre d'Alg\u00e9rie qu'elle plonge ses personnages. Un moyen pour elle de dire cette \u00e9poque que son grand-p\u00e8re n'a jamais pu lui raconter... En Alg\u00e9rie, dans les\u2026","rel":"","context":"Dans &quot;Roman fran\u00e7ais&quot;","block_context":{"text":"Roman fran\u00e7ais","link":"https:\/\/smallthings.fr\/lespetitslivres\/category\/roman\/roman-francais\/"},"img":{"alt_text":"","src":"https:\/\/i0.wp.com\/smallthings.fr\/lespetitslivres\/wp-content\/uploads\/2018\/08\/aurelie-razimbaud.jpg?resize=350%2C200&ssl=1","width":350,"height":200,"srcset":"https:\/\/i0.wp.com\/smallthings.fr\/lespetitslivres\/wp-content\/uploads\/2018\/08\/aurelie-razimbaud.jpg?resize=350%2C200&ssl=1 1x, https:\/\/i0.wp.com\/smallthings.fr\/lespetitslivres\/wp-content\/uploads\/2018\/08\/aurelie-razimbaud.jpg?resize=525%2C300&ssl=1 1.5x, https:\/\/i0.wp.com\/smallthings.fr\/lespetitslivres\/wp-content\/uploads\/2018\/08\/aurelie-razimbaud.jpg?resize=700%2C400&ssl=1 2x, https:\/\/i0.wp.com\/smallthings.fr\/lespetitslivres\/wp-content\/uploads\/2018\/08\/aurelie-razimbaud.jpg?resize=1050%2C600&ssl=1 3x"},"classes":[]},{"id":26589,"url":"https:\/\/smallthings.fr\/lespetitslivres\/2015\/08\/29\/a-l-enseigne-du-coeur-epris-pigeat-critique\/","url_meta":{"origin":31241,"position":5},"title":"\u00c0 l\u2019enseigne du c\u0153ur \u00e9pris : premier roman de Jean-Fran\u00e7ois Pigeat","author":"Audrey Ch\u00e8vrefeuille","date":"29 ao\u00fbt 2015","format":false,"excerpt":"\u00c0 l\u2019enseigne du c\u0153ur \u00e9pris est le premier roman de Jean-Fran\u00e7ois Pigeat, paru au Dilettante pour la rentr\u00e9e litt\u00e9raire. \u00c0 l\u2019enseigne du c\u0153ur \u00e9pris est l\u2019histoire d\u2019un type. Et d\u2019une femme. La vie les a marqu\u00e9s, le mariage ne leur a pas r\u00e9ussi. Lass\u00e9s du c\u00e9libat mais devenus exigeants par\u2026","rel":"","context":"Dans &quot;Rentr\u00e9e Litt\u00e9raire&quot;","block_context":{"text":"Rentr\u00e9e Litt\u00e9raire","link":"https:\/\/smallthings.fr\/lespetitslivres\/category\/rentree-litteraire-2015\/"},"img":{"alt_text":"","src":"","width":0,"height":0},"classes":[]}],"_links":{"self":[{"href":"https:\/\/smallthings.fr\/lespetitslivres\/wp-json\/wp\/v2\/posts\/31241"}],"collection":[{"href":"https:\/\/smallthings.fr\/lespetitslivres\/wp-json\/wp\/v2\/posts"}],"about":[{"href":"https:\/\/smallthings.fr\/lespetitslivres\/wp-json\/wp\/v2\/types\/post"}],"author":[{"embeddable":true,"href":"https:\/\/smallthings.fr\/lespetitslivres\/wp-json\/wp\/v2\/users\/24"}],"replies":[{"embeddable":true,"href":"https:\/\/smallthings.fr\/lespetitslivres\/wp-json\/wp\/v2\/comments?post=31241"}],"version-history":[{"count":1,"href":"https:\/\/smallthings.fr\/lespetitslivres\/wp-json\/wp\/v2\/posts\/31241\/revisions"}],"predecessor-version":[{"id":31245,"href":"https:\/\/smallthings.fr\/lespetitslivres\/wp-json\/wp\/v2\/posts\/31241\/revisions\/31245"}],"wp:featuredmedia":[{"embeddable":true,"href":"https:\/\/smallthings.fr\/lespetitslivres\/wp-json\/wp\/v2\/media\/31244"}],"wp:attachment":[{"href":"https:\/\/smallthings.fr\/lespetitslivres\/wp-json\/wp\/v2\/media?parent=31241"}],"wp:term":[{"taxonomy":"category","embeddable":true,"href":"https:\/\/smallthings.fr\/lespetitslivres\/wp-json\/wp\/v2\/categories?post=31241"},{"taxonomy":"post_tag","embeddable":true,"href":"https:\/\/smallthings.fr\/lespetitslivres\/wp-json\/wp\/v2\/tags?post=31241"}],"curies":[{"name":"wp","href":"https:\/\/api.w.org\/{rel}","templated":true}]}}