{"id":31235,"date":"2017-09-07T12:00:21","date_gmt":"2017-09-07T11:00:21","guid":{"rendered":"http:\/\/smallthings.fr\/lespetitslivres\/?p=31235"},"modified":"2017-09-11T12:36:27","modified_gmt":"2017-09-11T11:36:27","slug":"ton-pere-christophe-honore-critique","status":"publish","type":"post","link":"https:\/\/smallthings.fr\/lespetitslivres\/2017\/09\/07\/ton-pere-christophe-honore-critique\/","title":{"rendered":"Ton p\u00e8re de Christophe Honor\u00e9&nbsp;: un portrait sensible"},"content":{"rendered":"<h2><em>Ton p\u00e8re<\/em>, roman de Christophe Honor\u00e9, para\u00eet aujourd&rsquo;hui au <a href=\"http:\/\/www.mercuredefrance.fr\/livre-Ton_p%C3%A8re-9782715235656-1-1-0-1.html\">Mercure de France<\/a>. Malgr\u00e9 une bibliographie plut\u00f4t imposante, Christophe Honor\u00e9 reste sans doute aujourd\u2019hui encore principalement connu comme cin\u00e9aste. C\u2019est en tant qu\u2019artiste aux multiples facettes et figure publique qu\u2019il publie <em>Ton p\u00e8re<\/em>, o\u00f9 il se d\u00e9voile en p\u00e8re gay et en homme inquiet.<\/h2>\n<p>Le cahier des charges de la collection (o\u00f9 Chantal Akerman, Marie Ndiaye et Christian Bobin voisent avec Denis Podalyd\u00e8s ou encore Pierre Alechinsky) pr\u00e9voit que chaque auteur convi\u00e9 livre un autoportrait agr\u00e9ment\u00e9 de photos. Dans ce carcan assez strict, Christophe Honor\u00e9 propose <em>Ton p\u00e8re<\/em>, un ouvrage personnel et pudique \u00e0 la fois, dans lequel il instille <strong>un suspense aussi inattendu qu\u2019imparable. Le portrait intimiste se double d\u2019un v\u00e9ritable <em>page turner<\/em>.<\/strong><\/p>\n<p><strong><img loading=\"lazy\" decoding=\"async\" data-attachment-id=\"31236\" data-permalink=\"https:\/\/smallthings.fr\/lespetitslivres\/2017\/09\/07\/ton-pere-christophe-honore-critique\/ton-pere-christophe-honore\/\" data-orig-file=\"https:\/\/smallthings.fr\/lespetitslivres\/wp-content\/uploads\/2017\/08\/ton-pere-christophe-honore.jpg\" data-orig-size=\"400,585\" data-comments-opened=\"1\" data-image-meta=\"{&quot;aperture&quot;:&quot;0&quot;,&quot;credit&quot;:&quot;&quot;,&quot;camera&quot;:&quot;&quot;,&quot;caption&quot;:&quot;&quot;,&quot;created_timestamp&quot;:&quot;0&quot;,&quot;copyright&quot;:&quot;&quot;,&quot;focal_length&quot;:&quot;0&quot;,&quot;iso&quot;:&quot;0&quot;,&quot;shutter_speed&quot;:&quot;0&quot;,&quot;title&quot;:&quot;&quot;,&quot;orientation&quot;:&quot;0&quot;}\" data-image-title=\"ton-pere-christophe-honore\" data-image-description=\"\" data-image-caption=\"\" data-medium-file=\"https:\/\/smallthings.fr\/lespetitslivres\/wp-content\/uploads\/2017\/08\/ton-pere-christophe-honore-205x300.jpg\" data-large-file=\"https:\/\/smallthings.fr\/lespetitslivres\/wp-content\/uploads\/2017\/08\/ton-pere-christophe-honore.jpg\" class=\"alignleft wp-image-31236\" src=\"http:\/\/smallthings.fr\/lespetitslivres\/wp-content\/uploads\/2017\/08\/ton-pere-christophe-honore.jpg\" alt=\"\" width=\"265\" height=\"388\" srcset=\"https:\/\/smallthings.fr\/lespetitslivres\/wp-content\/uploads\/2017\/08\/ton-pere-christophe-honore.jpg 400w, https:\/\/smallthings.fr\/lespetitslivres\/wp-content\/uploads\/2017\/08\/ton-pere-christophe-honore-205x300.jpg 205w\" sizes=\"(max-width: 265px) 100vw, 265px\" \/>Gay, il est le p\u00e8re d\u2019une petite fille dont la m\u00e8re est l\u2019une de ses amies. Alors que lui-m\u00eame ne voit pas pourquoi le fait d\u2019\u00eatre homo le priverait forc\u00e9ment des joies de la paternit\u00e9, la soci\u00e9t\u00e9 lui prouve qu\u2019elle ne pense pas comme lui<\/strong>. Au d\u00e9part, il y a eu sa s\u0153ur qui, lorsqu\u2019il lui annonce son projet, lui fait <em>subtilement <\/em>comprendre que l\u2019id\u00e9e n\u2019est pas judicieuse.<\/p>\n<p>Surtout, il y a ces troublants \u00e9v\u00e9nements autour desquels le livre s\u2019articule. Un papier punais\u00e9 \u00e0 sa porte o\u00f9 il lit\u00a0: \u00ab\u00a0Guerre et paix\u00a0: contrep\u00e8terie douteuse\u00a0\u00bb. Puis devant l\u2019entr\u00e9e de son appartement, un colis contenant <em>Les nourritures terrestres<\/em> d\u2019Andr\u00e9 Gide, \u00e9ventr\u00e9, un excr\u00e9ment dessus. Christophe ferme tout d\u2019abord les yeux, tente de se rassurer. Les faits n\u2019auraient aucun rapport entre eux, ce seraient deux mauvaises blagues\u2026 Puis il doit bien se rendre \u00e0 l\u2019\u00e9vidence. <strong>Une personne dont il ignore l\u2019identit\u00e9 le harc\u00e8le en raison de sa double condition de p\u00e8re et de gay.<\/strong><\/p>\n<p>Plut\u00f4t que de susciter la rage du cin\u00e9aste et de le pousser \u00e0 combattre, ces \u00e9v\u00e9nements font surgir ses doutes et ses peurs. Pris de panique, il tente de se d\u00e9barrasser de toute la litt\u00e9rature gay de sa biblioth\u00e8que, comme pour faire dispara\u00eetre les traces de son <em>crime<\/em>. Il s\u2019interroge sur son droit \u00e0 \u00eatre p\u00e8re. Remet en question le choix qu\u2019il a fait dix ans plus t\u00f4t. Plonge dans ses souvenirs et sonde sa propre histoire. \u00c9branl\u00e9 comme p\u00e8re gay, il songe \u00e0 son propre p\u00e8re d\u00e9c\u00e9d\u00e9. Le p\u00e8re h\u00e9t\u00e9ro d\u2019un enfant gay, qui n\u2019a jamais vraiment compris ni accept\u00e9 son fils tel qu\u2019il est. Une figure paternelle que Christophe, une fois orphelin, a tent\u00e9 de reb\u00e2tir.<\/p>\n<div id=\"attachment_31237\" style=\"width: 275px\" class=\"wp-caption alignright\"><img loading=\"lazy\" decoding=\"async\" aria-describedby=\"caption-attachment-31237\" data-attachment-id=\"31237\" data-permalink=\"https:\/\/smallthings.fr\/lespetitslivres\/2017\/09\/07\/ton-pere-christophe-honore-critique\/christophe-honore-ton-pere-portrait\/\" data-orig-file=\"https:\/\/smallthings.fr\/lespetitslivres\/wp-content\/uploads\/2017\/08\/christophe-honore-ton-pere-portrait.jpg\" data-orig-size=\"799,494\" data-comments-opened=\"1\" data-image-meta=\"{&quot;aperture&quot;:&quot;0&quot;,&quot;credit&quot;:&quot;&quot;,&quot;camera&quot;:&quot;&quot;,&quot;caption&quot;:&quot;&quot;,&quot;created_timestamp&quot;:&quot;0&quot;,&quot;copyright&quot;:&quot;&quot;,&quot;focal_length&quot;:&quot;0&quot;,&quot;iso&quot;:&quot;0&quot;,&quot;shutter_speed&quot;:&quot;0&quot;,&quot;title&quot;:&quot;&quot;,&quot;orientation&quot;:&quot;0&quot;}\" data-image-title=\"christophe-honore-ton-pere-portrait\" data-image-description=\"\" data-image-caption=\"&lt;p&gt;Christophe Honor\u00e9&lt;\/p&gt;\n\" data-medium-file=\"https:\/\/smallthings.fr\/lespetitslivres\/wp-content\/uploads\/2017\/08\/christophe-honore-ton-pere-portrait-300x185.jpg\" data-large-file=\"https:\/\/smallthings.fr\/lespetitslivres\/wp-content\/uploads\/2017\/08\/christophe-honore-ton-pere-portrait.jpg\" class=\" wp-image-31237\" src=\"http:\/\/smallthings.fr\/lespetitslivres\/wp-content\/uploads\/2017\/08\/christophe-honore-ton-pere-portrait.jpg\" alt=\"\" width=\"265\" height=\"164\" srcset=\"https:\/\/smallthings.fr\/lespetitslivres\/wp-content\/uploads\/2017\/08\/christophe-honore-ton-pere-portrait.jpg 799w, https:\/\/smallthings.fr\/lespetitslivres\/wp-content\/uploads\/2017\/08\/christophe-honore-ton-pere-portrait-300x185.jpg 300w, https:\/\/smallthings.fr\/lespetitslivres\/wp-content\/uploads\/2017\/08\/christophe-honore-ton-pere-portrait-768x475.jpg 768w\" sizes=\"(max-width: 265px) 100vw, 265px\" \/><p id=\"caption-attachment-31237\" class=\"wp-caption-text\">Christophe Honor\u00e9<\/p><\/div>\n<p>Les diff\u00e9rents chapitres de <em>Ton p\u00e8re<\/em> sont ponctu\u00e9s de photographies. Les montages sign\u00e9s de Christophe Honor\u00e9 voisinent avec les portraits d\u2019artistes. Cyril Collard, Bernard-Marie Kolt\u00e8s, Herv\u00e9 Guibert. Tous homos, tous morts du sida. Quand on pense l\u2019homosexualit\u00e9, l\u2019id\u00e9e de la mort n\u2019est jamais loin.<\/p>\n<p><strong>C\u2019est pourtant la vie qui triomphe finalement dans cet autoportrait aussi touchant qu\u2019intelligent, \u00e9crit d\u2019une plume \u00e9l\u00e9gante qui laisse affleurer toute l\u2019inqui\u00e9tude de l\u2019auteur. Celle qui \u00e9treint un homme, un p\u00e8re gay, qui vit dans le pays de la Manif pour tous.<\/strong><\/p>\n<p><strong>\u00c7a se passe en France, en 2017.<\/strong><\/p>\n","protected":false},"excerpt":{"rendered":"<p>Ton p\u00e8re, roman de Christophe Honor\u00e9, para\u00eet aujourd&rsquo;hui au Mercure de France. Malgr\u00e9 une bibliographie plut\u00f4t imposante, Christophe Honor\u00e9 reste sans doute aujourd\u2019hui encore principalement connu comme cin\u00e9aste. C\u2019est en tant qu\u2019artiste aux multiples facettes et figure publique qu\u2019il publie Ton p\u00e8re, o\u00f9 il se d\u00e9voile en p\u00e8re gay et en homme inquiet. Le cahier<\/p>\n","protected":false},"author":20,"featured_media":31238,"comment_status":"open","ping_status":"open","sticky":false,"template":"","format":"standard","meta":{"jetpack_post_was_ever_published":false,"_jetpack_newsletter_access":"","_jetpack_newsletter_tier_id":0,"footnotes":"","jetpack_publicize_message":"Ton p\u00e8re de Christophe Honor\u00e9 : un portrait sensible","jetpack_is_tweetstorm":false,"jetpack_publicize_feature_enabled":true,"jetpack_social_post_already_shared":true,"jetpack_social_options":{"image_generator_settings":{"template":"highway","enabled":false}}},"categories":[1117],"tags":[1853,1854,1848,32,54,1852],"jetpack_publicize_connections":[],"yoast_head":"<!-- This site is optimized with the Yoast SEO plugin v21.5 - https:\/\/yoast.com\/wordpress\/plugins\/seo\/ -->\n<title>Ton p\u00e8re de Christophe Honor\u00e9 : un portrait sensible<\/title>\n<meta name=\"description\" content=\"Ton p\u00e8re, roman de Christophe Honor\u00e9, para\u00eet aujourd&#039;hui au Mercure de France. Malgr\u00e9 une bibliographie plut\u00f4t imposante, compos\u00e9e de romans, de pi\u00e8ces de\" \/>\n<meta name=\"robots\" content=\"index, follow, max-snippet:-1, max-image-preview:large, max-video-preview:-1\" \/>\n<link rel=\"canonical\" href=\"https:\/\/smallthings.fr\/lespetitslivres\/2017\/09\/07\/ton-pere-christophe-honore-critique\/\" \/>\n<meta property=\"og:locale\" content=\"fr_FR\" \/>\n<meta property=\"og:type\" content=\"article\" \/>\n<meta property=\"og:title\" content=\"Ton p\u00e8re de Christophe Honor\u00e9 : un portrait sensible\" \/>\n<meta property=\"og:description\" content=\"Ton p\u00e8re, roman de Christophe Honor\u00e9, para\u00eet aujourd&#039;hui au Mercure de France. Malgr\u00e9 une bibliographie plut\u00f4t imposante, compos\u00e9e de romans, de pi\u00e8ces de\" \/>\n<meta property=\"og:url\" content=\"https:\/\/smallthings.fr\/lespetitslivres\/2017\/09\/07\/ton-pere-christophe-honore-critique\/\" \/>\n<meta property=\"og:site_name\" content=\"Les Petits Livres\" \/>\n<meta property=\"article:published_time\" content=\"2017-09-07T11:00:21+00:00\" \/>\n<meta property=\"article:modified_time\" content=\"2017-09-11T11:36:27+00:00\" \/>\n<meta property=\"og:image\" content=\"https:\/\/i0.wp.com\/smallthings.fr\/lespetitslivres\/wp-content\/uploads\/2017\/08\/christophe-honore-ton-pere-cover.jpg?fit=800%2C450&ssl=1\" \/>\n\t<meta property=\"og:image:width\" content=\"800\" \/>\n\t<meta property=\"og:image:height\" content=\"450\" \/>\n\t<meta property=\"og:image:type\" content=\"image\/jpeg\" \/>\n<meta name=\"author\" content=\"Diane Norric\" \/>\n<meta name=\"twitter:card\" content=\"summary_large_image\" \/>\n<meta name=\"twitter:label1\" content=\"\u00c9crit par\" \/>\n\t<meta name=\"twitter:data1\" content=\"Diane Norric\" \/>\n\t<meta name=\"twitter:label2\" content=\"Dur\u00e9e de lecture estim\u00e9e\" \/>\n\t<meta name=\"twitter:data2\" content=\"3 minutes\" \/>\n<script type=\"application\/ld+json\" class=\"yoast-schema-graph\">{\"@context\":\"https:\/\/schema.org\",\"@graph\":[{\"@type\":\"WebPage\",\"@id\":\"https:\/\/smallthings.fr\/lespetitslivres\/2017\/09\/07\/ton-pere-christophe-honore-critique\/\",\"url\":\"https:\/\/smallthings.fr\/lespetitslivres\/2017\/09\/07\/ton-pere-christophe-honore-critique\/\",\"name\":\"Ton p\u00e8re de Christophe Honor\u00e9 : un portrait sensible\",\"isPartOf\":{\"@id\":\"https:\/\/smallthings.fr\/lespetitslivres\/#website\"},\"datePublished\":\"2017-09-07T11:00:21+00:00\",\"dateModified\":\"2017-09-11T11:36:27+00:00\",\"author\":{\"@id\":\"https:\/\/smallthings.fr\/lespetitslivres\/#\/schema\/person\/d5a53b43d9461a170eb93b0fe68522f3\"},\"description\":\"Ton p\u00e8re, roman de Christophe Honor\u00e9, para\u00eet aujourd'hui au Mercure de France. Malgr\u00e9 une bibliographie plut\u00f4t imposante, compos\u00e9e de romans, de pi\u00e8ces de\",\"breadcrumb\":{\"@id\":\"https:\/\/smallthings.fr\/lespetitslivres\/2017\/09\/07\/ton-pere-christophe-honore-critique\/#breadcrumb\"},\"inLanguage\":\"fr-FR\",\"potentialAction\":[{\"@type\":\"ReadAction\",\"target\":[\"https:\/\/smallthings.fr\/lespetitslivres\/2017\/09\/07\/ton-pere-christophe-honore-critique\/\"]}]},{\"@type\":\"BreadcrumbList\",\"@id\":\"https:\/\/smallthings.fr\/lespetitslivres\/2017\/09\/07\/ton-pere-christophe-honore-critique\/#breadcrumb\",\"itemListElement\":[{\"@type\":\"ListItem\",\"position\":1,\"name\":\"Accueil\",\"item\":\"https:\/\/smallthings.fr\/lespetitslivres\/\"},{\"@type\":\"ListItem\",\"position\":2,\"name\":\"Ton p\u00e8re de Christophe Honor\u00e9&nbsp;: un portrait sensible\"}]},{\"@type\":\"WebSite\",\"@id\":\"https:\/\/smallthings.fr\/lespetitslivres\/#website\",\"url\":\"https:\/\/smallthings.fr\/lespetitslivres\/\",\"name\":\"Les Petits Livres\",\"description\":\"by Small Things\",\"potentialAction\":[{\"@type\":\"SearchAction\",\"target\":{\"@type\":\"EntryPoint\",\"urlTemplate\":\"https:\/\/smallthings.fr\/lespetitslivres\/?s={search_term_string}\"},\"query-input\":\"required name=search_term_string\"}],\"inLanguage\":\"fr-FR\"},{\"@type\":\"Person\",\"@id\":\"https:\/\/smallthings.fr\/lespetitslivres\/#\/schema\/person\/d5a53b43d9461a170eb93b0fe68522f3\",\"name\":\"Diane Norric\",\"image\":{\"@type\":\"ImageObject\",\"inLanguage\":\"fr-FR\",\"@id\":\"https:\/\/smallthings.fr\/lespetitslivres\/#\/schema\/person\/image\/\",\"url\":\"https:\/\/secure.gravatar.com\/avatar\/5ee9f6a30b0c402cbb9d80e9e814f454?s=96&d=retro&r=g\",\"contentUrl\":\"https:\/\/secure.gravatar.com\/avatar\/5ee9f6a30b0c402cbb9d80e9e814f454?s=96&d=retro&r=g\",\"caption\":\"Diane Norric\"},\"url\":\"https:\/\/smallthings.fr\/lespetitslivres\/author\/diane-norric\/\"}]}<\/script>\n<!-- \/ Yoast SEO plugin. -->","yoast_head_json":{"title":"Ton p\u00e8re de Christophe Honor\u00e9 : un portrait sensible","description":"Ton p\u00e8re, roman de Christophe Honor\u00e9, para\u00eet aujourd'hui au Mercure de France. Malgr\u00e9 une bibliographie plut\u00f4t imposante, compos\u00e9e de romans, de pi\u00e8ces de","robots":{"index":"index","follow":"follow","max-snippet":"max-snippet:-1","max-image-preview":"max-image-preview:large","max-video-preview":"max-video-preview:-1"},"canonical":"https:\/\/smallthings.fr\/lespetitslivres\/2017\/09\/07\/ton-pere-christophe-honore-critique\/","og_locale":"fr_FR","og_type":"article","og_title":"Ton p\u00e8re de Christophe Honor\u00e9 : un portrait sensible","og_description":"Ton p\u00e8re, roman de Christophe Honor\u00e9, para\u00eet aujourd'hui au Mercure de France. Malgr\u00e9 une bibliographie plut\u00f4t imposante, compos\u00e9e de romans, de pi\u00e8ces de","og_url":"https:\/\/smallthings.fr\/lespetitslivres\/2017\/09\/07\/ton-pere-christophe-honore-critique\/","og_site_name":"Les Petits Livres","article_published_time":"2017-09-07T11:00:21+00:00","article_modified_time":"2017-09-11T11:36:27+00:00","og_image":[{"width":800,"height":450,"url":"https:\/\/i0.wp.com\/smallthings.fr\/lespetitslivres\/wp-content\/uploads\/2017\/08\/christophe-honore-ton-pere-cover.jpg?fit=800%2C450&ssl=1","type":"image\/jpeg"}],"author":"Diane Norric","twitter_card":"summary_large_image","twitter_misc":{"\u00c9crit par":"Diane Norric","Dur\u00e9e de lecture estim\u00e9e":"3 minutes"},"schema":{"@context":"https:\/\/schema.org","@graph":[{"@type":"WebPage","@id":"https:\/\/smallthings.fr\/lespetitslivres\/2017\/09\/07\/ton-pere-christophe-honore-critique\/","url":"https:\/\/smallthings.fr\/lespetitslivres\/2017\/09\/07\/ton-pere-christophe-honore-critique\/","name":"Ton p\u00e8re de Christophe Honor\u00e9 : un portrait sensible","isPartOf":{"@id":"https:\/\/smallthings.fr\/lespetitslivres\/#website"},"datePublished":"2017-09-07T11:00:21+00:00","dateModified":"2017-09-11T11:36:27+00:00","author":{"@id":"https:\/\/smallthings.fr\/lespetitslivres\/#\/schema\/person\/d5a53b43d9461a170eb93b0fe68522f3"},"description":"Ton p\u00e8re, roman de Christophe Honor\u00e9, para\u00eet aujourd'hui au Mercure de France. Malgr\u00e9 une bibliographie plut\u00f4t imposante, compos\u00e9e de romans, de pi\u00e8ces de","breadcrumb":{"@id":"https:\/\/smallthings.fr\/lespetitslivres\/2017\/09\/07\/ton-pere-christophe-honore-critique\/#breadcrumb"},"inLanguage":"fr-FR","potentialAction":[{"@type":"ReadAction","target":["https:\/\/smallthings.fr\/lespetitslivres\/2017\/09\/07\/ton-pere-christophe-honore-critique\/"]}]},{"@type":"BreadcrumbList","@id":"https:\/\/smallthings.fr\/lespetitslivres\/2017\/09\/07\/ton-pere-christophe-honore-critique\/#breadcrumb","itemListElement":[{"@type":"ListItem","position":1,"name":"Accueil","item":"https:\/\/smallthings.fr\/lespetitslivres\/"},{"@type":"ListItem","position":2,"name":"Ton p\u00e8re de Christophe Honor\u00e9&nbsp;: un portrait sensible"}]},{"@type":"WebSite","@id":"https:\/\/smallthings.fr\/lespetitslivres\/#website","url":"https:\/\/smallthings.fr\/lespetitslivres\/","name":"Les Petits Livres","description":"by Small Things","potentialAction":[{"@type":"SearchAction","target":{"@type":"EntryPoint","urlTemplate":"https:\/\/smallthings.fr\/lespetitslivres\/?s={search_term_string}"},"query-input":"required name=search_term_string"}],"inLanguage":"fr-FR"},{"@type":"Person","@id":"https:\/\/smallthings.fr\/lespetitslivres\/#\/schema\/person\/d5a53b43d9461a170eb93b0fe68522f3","name":"Diane Norric","image":{"@type":"ImageObject","inLanguage":"fr-FR","@id":"https:\/\/smallthings.fr\/lespetitslivres\/#\/schema\/person\/image\/","url":"https:\/\/secure.gravatar.com\/avatar\/5ee9f6a30b0c402cbb9d80e9e814f454?s=96&d=retro&r=g","contentUrl":"https:\/\/secure.gravatar.com\/avatar\/5ee9f6a30b0c402cbb9d80e9e814f454?s=96&d=retro&r=g","caption":"Diane Norric"},"url":"https:\/\/smallthings.fr\/lespetitslivres\/author\/diane-norric\/"}]}},"jetpack_featured_media_url":"https:\/\/smallthings.fr\/lespetitslivres\/wp-content\/uploads\/2017\/08\/christophe-honore-ton-pere-cover.jpg","jetpack_sharing_enabled":true,"jetpack_shortlink":"https:\/\/wp.me\/p6Un21-87N","jetpack-related-posts":[{"id":29028,"url":"https:\/\/smallthings.fr\/lespetitslivres\/2015\/10\/27\/trop-curieuse-livre-gresland-avis\/","url_meta":{"origin":31235,"position":0},"title":"Trop curieuse : pas trop r\u00e9ussi","author":"Lola","date":"27 octobre 2015","format":false,"excerpt":"Alice est Trop curieuse. City Editions et Christophe Gresland nous proposent un titre \u00e0 la Legardinier et consorts. Alice, petit brune p\u00e9tillante, m\u00e8re c\u00e9libataire en mal d'aventures, perce par erreur un trou dans son mur. Elle se met alors \u00e0 espionner son t\u00e9n\u00e9breux voisin qui semble bien pr\u00e9parer le casse\u2026","rel":"","context":"Dans &quot;Roman fran\u00e7ais&quot;","block_context":{"text":"Roman fran\u00e7ais","link":"https:\/\/smallthings.fr\/lespetitslivres\/category\/roman\/roman-francais\/"},"img":{"alt_text":"","src":"https:\/\/i0.wp.com\/smallthings.fr\/lespetitslivres\/wp-content\/uploads\/2015\/10\/couv-trop-curieuse.jpg?resize=350%2C200&ssl=1","width":350,"height":200},"classes":[]},{"id":28517,"url":"https:\/\/smallthings.fr\/lespetitslivres\/2015\/10\/22\/profession-du-pere-sorj-chalandon\/","url_meta":{"origin":31235,"position":1},"title":"Profession du p\u00e8re : cri d&rsquo;amour terrible de Sorj Chalandon","author":"June","date":"22 octobre 2015","format":false,"excerpt":"Paru le 19 ao\u00fbt aux \u00e9ditions Grasset, Profession du p\u00e8re est un roman aux accents de v\u00e9rit\u00e9 qui ne peut laisser indiff\u00e9rent. Avec une douceur singuli\u00e8re, Sorj Chalandon nous fait passer de l\u2019effroi \u00e0 un sourire incr\u00e9dule, de la com\u00e9die aux larmes. A l\u2019origine, il y a un enfant, Emile.\u2026","rel":"","context":"Dans &quot;Actu&quot;","block_context":{"text":"Actu","link":"https:\/\/smallthings.fr\/lespetitslivres\/category\/actu\/"},"img":{"alt_text":"","src":"https:\/\/i0.wp.com\/smallthings.fr\/lespetitslivres\/wp-content\/uploads\/2015\/10\/slider-profession-du-pere1.jpg?resize=350%2C200&ssl=1","width":350,"height":200},"classes":[]},{"id":31299,"url":"https:\/\/smallthings.fr\/lespetitslivres\/2017\/09\/26\/dans-epaisseur-chair-blas-de-robles\/","url_meta":{"origin":31235,"position":2},"title":"Dans l&rsquo;\u00e9paisseur de la chair : retour dans le pass\u00e9 d&rsquo;un p\u00e8re myst\u00e9rieux","author":"Betsy","date":"26 septembre 2017","format":false,"excerpt":"Dans l'\u00e9paisseur de la chair est le nouveau roman de Jean-Marie Blas de Robl\u00e8s, paru chez Zulma en cette rentr\u00e9e litt\u00e9raire. Un retour dans un pass\u00e9 pas forc\u00e9ment glorieux mais \u00e9mouvant et ouvrant \u00e0 la r\u00e9flexion. Et bien que l\u00e9g\u00e8rement autobiographique pour rendre hommage \u00e0 son p\u00e8re, Dans l'\u00e9paisseur de\u2026","rel":"","context":"Dans &quot;Roman fran\u00e7ais&quot;","block_context":{"text":"Roman fran\u00e7ais","link":"https:\/\/smallthings.fr\/lespetitslivres\/category\/roman\/roman-francais\/"},"img":{"alt_text":"","src":"https:\/\/i0.wp.com\/smallthings.fr\/lespetitslivres\/wp-content\/uploads\/2017\/09\/blas-de-robles-jean-marie-blas-de-robles-opale-ok_0.jpg?resize=350%2C200&ssl=1","width":350,"height":200,"srcset":"https:\/\/i0.wp.com\/smallthings.fr\/lespetitslivres\/wp-content\/uploads\/2017\/09\/blas-de-robles-jean-marie-blas-de-robles-opale-ok_0.jpg?resize=350%2C200&ssl=1 1x, https:\/\/i0.wp.com\/smallthings.fr\/lespetitslivres\/wp-content\/uploads\/2017\/09\/blas-de-robles-jean-marie-blas-de-robles-opale-ok_0.jpg?resize=525%2C300&ssl=1 1.5x, https:\/\/i0.wp.com\/smallthings.fr\/lespetitslivres\/wp-content\/uploads\/2017\/09\/blas-de-robles-jean-marie-blas-de-robles-opale-ok_0.jpg?resize=700%2C400&ssl=1 2x"},"classes":[]},{"id":30999,"url":"https:\/\/smallthings.fr\/lespetitslivres\/2017\/05\/16\/coeur-naufrage-bertholon-roman-avis\/","url_meta":{"origin":31235,"position":3},"title":"C\u0153ur-Naufrage, la r\u00e9silience selon Delphine Bertholon","author":"Claire","date":"16 mai 2017","format":false,"excerpt":"C\u0153ur-Naufrage est le dernier roman de Delphine Bertholon, paru en mars chez Latt\u00e8s. Un livre qui parle d'un amour de vacances, mais surtout de regret, d'espoir et de pardon. Quelques ann\u00e9es apr\u00e8s Le Soleil \u00e0 mes pieds, Delphine Bertholon a trouv\u00e9 son ton, son style et son message. Une r\u00e9ussite.\u2026","rel":"","context":"Dans &quot;Roman fran\u00e7ais&quot;","block_context":{"text":"Roman fran\u00e7ais","link":"https:\/\/smallthings.fr\/lespetitslivres\/category\/roman\/roman-francais\/"},"img":{"alt_text":"","src":"https:\/\/i0.wp.com\/smallthings.fr\/lespetitslivres\/wp-content\/uploads\/2017\/05\/coeur-naufrage-couv.jpg?resize=350%2C200&ssl=1","width":350,"height":200,"srcset":"https:\/\/i0.wp.com\/smallthings.fr\/lespetitslivres\/wp-content\/uploads\/2017\/05\/coeur-naufrage-couv.jpg?resize=350%2C200&ssl=1 1x, https:\/\/i0.wp.com\/smallthings.fr\/lespetitslivres\/wp-content\/uploads\/2017\/05\/coeur-naufrage-couv.jpg?resize=525%2C300&ssl=1 1.5x"},"classes":[]},{"id":29091,"url":"https:\/\/smallthings.fr\/lespetitslivres\/2015\/11\/10\/l-homme-de-ma-vie-queffelec-critique\/","url_meta":{"origin":31235,"position":4},"title":"L&rsquo;homme de ma vie, \u00e9mouvant r\u00e9cit de Yann Qu\u00e9ffelec","author":"June","date":"10 novembre 2015","format":false,"excerpt":"Dans ce r\u00e9cit doux-amer empli d\u2019humour et de tendresse, Yann Queff\u00e9lec se d\u00e9cide enfin \u00e0 nous raconter ce p\u00e8re qu\u2019il a souvent \u00e9voqu\u00e9. L\u2019homme de ma vie, paru d\u00e9but octobre aux \u00e9ditions Gu\u00e9rin, nous emm\u00e8ne au c\u0153ur de la relation filiale complexe de deux grands \u00e9crivains et nous d\u00e9montre avec\u2026","rel":"","context":"Dans &quot;(Auto) Biographie&quot;","block_context":{"text":"(Auto) Biographie","link":"https:\/\/smallthings.fr\/lespetitslivres\/category\/non-fiction\/auto-biographie\/"},"img":{"alt_text":"","src":"https:\/\/i0.wp.com\/smallthings.fr\/lespetitslivres\/wp-content\/uploads\/2015\/11\/yann-queffelec.jpg?resize=350%2C200&ssl=1","width":350,"height":200,"srcset":"https:\/\/i0.wp.com\/smallthings.fr\/lespetitslivres\/wp-content\/uploads\/2015\/11\/yann-queffelec.jpg?resize=350%2C200&ssl=1 1x, https:\/\/i0.wp.com\/smallthings.fr\/lespetitslivres\/wp-content\/uploads\/2015\/11\/yann-queffelec.jpg?resize=525%2C300&ssl=1 1.5x"},"classes":[]},{"id":23214,"url":"https:\/\/smallthings.fr\/lespetitslivres\/2015\/05\/09\/sous-influence-saga-hayes-twilight-avis\/","url_meta":{"origin":31235,"position":5},"title":"Sous influence, une saga young-adult inspir\u00e9e de Twilight","author":"Jennifer","date":"9 mai 2015","format":false,"excerpt":"Sous Influence est une nouvelle saga bit-lit cr\u00e9\u00e9e par Gwen Hayes. Son 1er tome, Vertiges, est sorti le 15 avril dernier aux \u00e9ditions Panini. Ce roman young-adult met en avant Theia, une jeune femme surprot\u00e9g\u00e9e par son p\u00e8re, qui va r\u00e9apprendre \u00e0 vivre suite \u00e0 l\u2019apparition d\u2019un gar\u00e7on dans son\u2026","rel":"","context":"Dans &quot;Fantastique&quot;","block_context":{"text":"Fantastique","link":"https:\/\/smallthings.fr\/lespetitslivres\/category\/imaginaire\/fantastique\/"},"img":{"alt_text":"","src":"https:\/\/i0.wp.com\/smallthings.fr\/wp-content\/uploads\/2015\/05\/sous-influence-vertiges-534x800.jpg?resize=350%2C200","width":350,"height":200},"classes":[]}],"_links":{"self":[{"href":"https:\/\/smallthings.fr\/lespetitslivres\/wp-json\/wp\/v2\/posts\/31235"}],"collection":[{"href":"https:\/\/smallthings.fr\/lespetitslivres\/wp-json\/wp\/v2\/posts"}],"about":[{"href":"https:\/\/smallthings.fr\/lespetitslivres\/wp-json\/wp\/v2\/types\/post"}],"author":[{"embeddable":true,"href":"https:\/\/smallthings.fr\/lespetitslivres\/wp-json\/wp\/v2\/users\/20"}],"replies":[{"embeddable":true,"href":"https:\/\/smallthings.fr\/lespetitslivres\/wp-json\/wp\/v2\/comments?post=31235"}],"version-history":[{"count":3,"href":"https:\/\/smallthings.fr\/lespetitslivres\/wp-json\/wp\/v2\/posts\/31235\/revisions"}],"predecessor-version":[{"id":31275,"href":"https:\/\/smallthings.fr\/lespetitslivres\/wp-json\/wp\/v2\/posts\/31235\/revisions\/31275"}],"wp:featuredmedia":[{"embeddable":true,"href":"https:\/\/smallthings.fr\/lespetitslivres\/wp-json\/wp\/v2\/media\/31238"}],"wp:attachment":[{"href":"https:\/\/smallthings.fr\/lespetitslivres\/wp-json\/wp\/v2\/media?parent=31235"}],"wp:term":[{"taxonomy":"category","embeddable":true,"href":"https:\/\/smallthings.fr\/lespetitslivres\/wp-json\/wp\/v2\/categories?post=31235"},{"taxonomy":"post_tag","embeddable":true,"href":"https:\/\/smallthings.fr\/lespetitslivres\/wp-json\/wp\/v2\/tags?post=31235"}],"curies":[{"name":"wp","href":"https:\/\/api.w.org\/{rel}","templated":true}]}}