{"id":31215,"date":"2017-08-23T10:32:53","date_gmt":"2017-08-23T09:32:53","guid":{"rendered":"http:\/\/smallthings.fr\/lespetitslivres\/?p=31215"},"modified":"2017-08-23T10:32:53","modified_gmt":"2017-08-23T09:32:53","slug":"les-attachants-rachel-corenblit-avis","status":"publish","type":"post","link":"https:\/\/smallthings.fr\/lespetitslivres\/2017\/08\/23\/les-attachants-rachel-corenblit-avis\/","title":{"rendered":"Les attachants, chroniques d&rsquo;une enseignante des quartiers populaires"},"content":{"rendered":"<h2><em>Les attachants<\/em>, roman de Rachel Corenblit, vient de para\u00eetre en cette rentr\u00e9e litt\u00e9raire, dans la collection La Brune des \u00e9ditions du <a href=\"http:\/\/www.lerouergue.com\/catalogue\/les-attachants\">Rouergue<\/a>. Un court roman contemporain, qui traite de la difficult\u00e9 en tant que jeune enseignante de se retrouver confront\u00e9e \u00e0 une classe de jeunes \u00e9l\u00e8ves dans une \u00e9cole des quartiers populaires.<\/h2>\n<p><b>L&rsquo;\u00e9cole des Acacias \u00e9tait bonne derni\u00e8re sur sa liste de v\u0153ux<\/b><strong>, mais c&rsquo;est bien l\u00e0 qu&rsquo;Emma, une jeune institutrice, se retrouve affect\u00e9e pour sa quatri\u00e8me ann\u00e9e d&rsquo;enseignement, avec des CM2<\/strong>. Enfin une classe \u00e0 elle, 4 jours par semaine, le poste de titulaire. Fini les remplacements, les mis-temps, etc.<\/p>\n<p><img loading=\"lazy\" decoding=\"async\" data-attachment-id=\"31216\" data-permalink=\"https:\/\/smallthings.fr\/lespetitslivres\/2017\/08\/23\/les-attachants-rachel-corenblit-avis\/les-attachants-roman-corendblit\/\" data-orig-file=\"https:\/\/smallthings.fr\/lespetitslivres\/wp-content\/uploads\/2017\/08\/les-attachants-roman-corendblit.jpg\" data-orig-size=\"370,542\" data-comments-opened=\"1\" data-image-meta=\"{&quot;aperture&quot;:&quot;0&quot;,&quot;credit&quot;:&quot;&quot;,&quot;camera&quot;:&quot;&quot;,&quot;caption&quot;:&quot;&quot;,&quot;created_timestamp&quot;:&quot;0&quot;,&quot;copyright&quot;:&quot;&quot;,&quot;focal_length&quot;:&quot;0&quot;,&quot;iso&quot;:&quot;0&quot;,&quot;shutter_speed&quot;:&quot;0&quot;,&quot;title&quot;:&quot;&quot;,&quot;orientation&quot;:&quot;0&quot;}\" data-image-title=\"les-attachants-roman-corendblit\" data-image-description=\"\" data-image-caption=\"\" data-medium-file=\"https:\/\/smallthings.fr\/lespetitslivres\/wp-content\/uploads\/2017\/08\/les-attachants-roman-corendblit-205x300.jpg\" data-large-file=\"https:\/\/smallthings.fr\/lespetitslivres\/wp-content\/uploads\/2017\/08\/les-attachants-roman-corendblit.jpg\" class=\"alignleft wp-image-31216\" src=\"http:\/\/smallthings.fr\/lespetitslivres\/wp-content\/uploads\/2017\/08\/les-attachants-roman-corendblit.jpg\" alt=\"\" width=\"247\" height=\"362\" srcset=\"https:\/\/smallthings.fr\/lespetitslivres\/wp-content\/uploads\/2017\/08\/les-attachants-roman-corendblit.jpg 370w, https:\/\/smallthings.fr\/lespetitslivres\/wp-content\/uploads\/2017\/08\/les-attachants-roman-corendblit-205x300.jpg 205w\" sizes=\"(max-width: 247px) 100vw, 247px\" \/>On d\u00e9couvre alors, au fil d&rsquo;une ann\u00e9e scolaire, <b>les relations avec les \u00e9l\u00e8ves, les secrets des uns et des autres, leurs blessures cach\u00e9es. <\/b>Les portraits des situations familiales et les caract\u00e8res des diff\u00e9rents enfants s&rsquo;encha\u00eenent, entre voyous, premi\u00e8re de la classe, parents qui poussent (un peu trop ?) leurs enfants vers le haut, enfants qui semblent battus, enfants mutiques ou d\u00e9rang\u00e9s, m\u00e8res trop couveuses&#8230; <em>Les attachants<\/em> est parsem\u00e9 d&rsquo;anecdotes, sur l&rsquo;ann\u00e9e, sur leur futur, etc.\u00a0<b>Un r\u00e9cit entre notes joyeuses et plus d\u00e9courageantes, entre tendresse et violence.<\/b> Jusqu&rsquo;\u00e0 la r\u00e9v\u00e9lation, particuli\u00e8rement frappante, qui va venir bouleverser la vie d&rsquo;Emma et du corps enseignant.\u00a0<b><br \/>\n<\/b><\/p>\n<p>Autre plan narratif de l&rsquo;histoire de <em>Les<\/em> a<em>ttachants<\/em> :<b> la vie personnelle d&rsquo;Emma. <\/b>Sentimentalement, elle ne se prends pas la t\u00eate dans sa relation, mais agace les autres par sa difficult\u00e9 \u00e0 d\u00e9connecter. Jusqu&rsquo;\u00e0 sa rencontre avec Mathieu dans un bar, pas le grand amour, mais un gar\u00e7on qu&rsquo;elle ne va plus l\u00e2cher.<\/p>\n<p>Sur le plan familial, une m\u00e8re uniquement, coinc\u00e9e dans sa petite maison de banlieue proche des chemins de fer, lieu de travail de son d\u00e9funt mari. Tr\u00e8s pr\u00e9sente dans la vie de sa fille, un peu n\u00e9vros\u00e9e, mais qui reste malgr\u00e9 tout son refuge, l\u00e0 o\u00f9 elle se rend quand les Acacias lui en ont trop demand\u00e9.<\/p>\n<p><b><em>Les attachants<\/em> est un roman dans l&rsquo;\u00e8re du temps. L&rsquo;\u00e9criture est travaill\u00e9e mais actuelle, comme les th\u00e8mes abord\u00e9s. Le r\u00e9cit est facile \u00e0 lire et entra\u00eenant, jusqu&rsquo;aux \u00e9v\u00e9nements moins attendus, frappants, eux.<\/b><\/p>\n<p>Extrait :<br \/>\n<i><\/i><\/p>\n<p>\u00ab\u00a0Une classe, c&rsquo;est comme un roman. Vingt-six histoires qui se combinent, qui se heurtent qui s\u2019emboitent. Cinq jours sur sept, de huit heures du matin jusqu&rsquo;\u00e0 la fin de l&rsquo;apr\u00e8s-midi, pr\u00e8s de neuf mois dans une ann\u00e9e, ces histoires se tissent. Si l&rsquo;on calcule le temps pass\u00e9 ensemble, on s&rsquo;effraie de constater \u00e0 quel point une classe absorbe les individus qui la constituent.\u00a0\u00bb<\/p>\n","protected":false},"excerpt":{"rendered":"<p>Les attachants, roman de Rachel Corenblit, vient de para\u00eetre en cette rentr\u00e9e litt\u00e9raire, dans la collection La Brune des \u00e9ditions du Rouergue. Un court roman contemporain, qui traite de la difficult\u00e9 en tant que jeune enseignante de se retrouver confront\u00e9e \u00e0 une classe de jeunes \u00e9l\u00e8ves dans une \u00e9cole des quartiers populaires. L&rsquo;\u00e9cole des Acacias<\/p>\n","protected":false},"author":23,"featured_media":31217,"comment_status":"open","ping_status":"open","sticky":false,"template":"","format":"standard","meta":{"jetpack_post_was_ever_published":false,"_jetpack_newsletter_access":"","_jetpack_newsletter_tier_id":0,"footnotes":"","jetpack_publicize_message":"","jetpack_is_tweetstorm":false,"jetpack_publicize_feature_enabled":true,"jetpack_social_post_already_shared":true,"jetpack_social_options":{"image_generator_settings":{"template":"highway","enabled":false}}},"categories":[1117],"tags":[1848,1849,1641,1850,237,32,54],"jetpack_publicize_connections":[],"yoast_head":"<!-- This site is optimized with the Yoast SEO plugin v21.5 - https:\/\/yoast.com\/wordpress\/plugins\/seo\/ -->\n<title>Les attachants, chroniques d&#039;une enseignante des quartiers populaires<\/title>\n<meta name=\"description\" content=\"Les attachants, roman de Rachel Corenblit, vient de para\u00eetre dans la collection La Brune des \u00e9ditions du Rouergue en cette rentr\u00e9e litt\u00e9raire. Un court\" \/>\n<meta name=\"robots\" content=\"index, follow, max-snippet:-1, max-image-preview:large, max-video-preview:-1\" \/>\n<link rel=\"canonical\" href=\"https:\/\/smallthings.fr\/lespetitslivres\/2017\/08\/23\/les-attachants-rachel-corenblit-avis\/\" \/>\n<meta property=\"og:locale\" content=\"fr_FR\" \/>\n<meta property=\"og:type\" content=\"article\" \/>\n<meta property=\"og:title\" content=\"Les attachants, chroniques d&#039;une enseignante des quartiers populaires\" \/>\n<meta property=\"og:description\" content=\"Les attachants, roman de Rachel Corenblit, vient de para\u00eetre dans la collection La Brune des \u00e9ditions du Rouergue en cette rentr\u00e9e litt\u00e9raire. Un court\" \/>\n<meta property=\"og:url\" content=\"https:\/\/smallthings.fr\/lespetitslivres\/2017\/08\/23\/les-attachants-rachel-corenblit-avis\/\" \/>\n<meta property=\"og:site_name\" content=\"Les Petits Livres\" \/>\n<meta property=\"article:published_time\" content=\"2017-08-23T09:32:53+00:00\" \/>\n<meta property=\"og:image\" content=\"https:\/\/smallthings.fr\/lespetitslivres\/wp-content\/uploads\/2017\/08\/les-attachants-roman-corendblit-cover.jpg\" \/>\n\t<meta property=\"og:image:width\" content=\"352\" \/>\n\t<meta property=\"og:image:height\" content=\"217\" \/>\n\t<meta property=\"og:image:type\" content=\"image\/jpeg\" \/>\n<meta name=\"author\" content=\"Axelle\" \/>\n<meta name=\"twitter:card\" content=\"summary_large_image\" \/>\n<meta name=\"twitter:label1\" content=\"\u00c9crit par\" \/>\n\t<meta name=\"twitter:data1\" content=\"Axelle\" \/>\n\t<meta name=\"twitter:label2\" content=\"Dur\u00e9e de lecture estim\u00e9e\" \/>\n\t<meta name=\"twitter:data2\" content=\"2 minutes\" \/>\n<script type=\"application\/ld+json\" class=\"yoast-schema-graph\">{\"@context\":\"https:\/\/schema.org\",\"@graph\":[{\"@type\":\"WebPage\",\"@id\":\"https:\/\/smallthings.fr\/lespetitslivres\/2017\/08\/23\/les-attachants-rachel-corenblit-avis\/\",\"url\":\"https:\/\/smallthings.fr\/lespetitslivres\/2017\/08\/23\/les-attachants-rachel-corenblit-avis\/\",\"name\":\"Les attachants, chroniques d'une enseignante des quartiers populaires\",\"isPartOf\":{\"@id\":\"https:\/\/smallthings.fr\/lespetitslivres\/#website\"},\"datePublished\":\"2017-08-23T09:32:53+00:00\",\"dateModified\":\"2017-08-23T09:32:53+00:00\",\"author\":{\"@id\":\"https:\/\/smallthings.fr\/lespetitslivres\/#\/schema\/person\/0499aafe852a7a067332481e7bab8faa\"},\"description\":\"Les attachants, roman de Rachel Corenblit, vient de para\u00eetre dans la collection La Brune des \u00e9ditions du Rouergue en cette rentr\u00e9e litt\u00e9raire. Un court\",\"breadcrumb\":{\"@id\":\"https:\/\/smallthings.fr\/lespetitslivres\/2017\/08\/23\/les-attachants-rachel-corenblit-avis\/#breadcrumb\"},\"inLanguage\":\"fr-FR\",\"potentialAction\":[{\"@type\":\"ReadAction\",\"target\":[\"https:\/\/smallthings.fr\/lespetitslivres\/2017\/08\/23\/les-attachants-rachel-corenblit-avis\/\"]}]},{\"@type\":\"BreadcrumbList\",\"@id\":\"https:\/\/smallthings.fr\/lespetitslivres\/2017\/08\/23\/les-attachants-rachel-corenblit-avis\/#breadcrumb\",\"itemListElement\":[{\"@type\":\"ListItem\",\"position\":1,\"name\":\"Accueil\",\"item\":\"https:\/\/smallthings.fr\/lespetitslivres\/\"},{\"@type\":\"ListItem\",\"position\":2,\"name\":\"Les attachants, chroniques d&rsquo;une enseignante des quartiers populaires\"}]},{\"@type\":\"WebSite\",\"@id\":\"https:\/\/smallthings.fr\/lespetitslivres\/#website\",\"url\":\"https:\/\/smallthings.fr\/lespetitslivres\/\",\"name\":\"Les Petits Livres\",\"description\":\"by Small Things\",\"potentialAction\":[{\"@type\":\"SearchAction\",\"target\":{\"@type\":\"EntryPoint\",\"urlTemplate\":\"https:\/\/smallthings.fr\/lespetitslivres\/?s={search_term_string}\"},\"query-input\":\"required name=search_term_string\"}],\"inLanguage\":\"fr-FR\"},{\"@type\":\"Person\",\"@id\":\"https:\/\/smallthings.fr\/lespetitslivres\/#\/schema\/person\/0499aafe852a7a067332481e7bab8faa\",\"name\":\"Axelle\",\"image\":{\"@type\":\"ImageObject\",\"inLanguage\":\"fr-FR\",\"@id\":\"https:\/\/smallthings.fr\/lespetitslivres\/#\/schema\/person\/image\/\",\"url\":\"https:\/\/secure.gravatar.com\/avatar\/f87a21f80128c1598d393bfb5a2f1db0?s=96&d=retro&r=g\",\"contentUrl\":\"https:\/\/secure.gravatar.com\/avatar\/f87a21f80128c1598d393bfb5a2f1db0?s=96&d=retro&r=g\",\"caption\":\"Axelle\"},\"description\":\"D\u00e9couvrez la cha\u00eene YouTube d'Axelle d\u00e9di\u00e9e aux livres: https:\/\/www.youtube.com\/channel\/UC9xcK4SkHmY7zOZDBfOwbgw\",\"sameAs\":[\"http:\/\/laparenthesedaxelle.blogspot.fr\/\"],\"url\":\"https:\/\/smallthings.fr\/lespetitslivres\/author\/la-parenthese-d-axelle\/\"}]}<\/script>\n<!-- \/ Yoast SEO plugin. -->","yoast_head_json":{"title":"Les attachants, chroniques d'une enseignante des quartiers populaires","description":"Les attachants, roman de Rachel Corenblit, vient de para\u00eetre dans la collection La Brune des \u00e9ditions du Rouergue en cette rentr\u00e9e litt\u00e9raire. Un court","robots":{"index":"index","follow":"follow","max-snippet":"max-snippet:-1","max-image-preview":"max-image-preview:large","max-video-preview":"max-video-preview:-1"},"canonical":"https:\/\/smallthings.fr\/lespetitslivres\/2017\/08\/23\/les-attachants-rachel-corenblit-avis\/","og_locale":"fr_FR","og_type":"article","og_title":"Les attachants, chroniques d'une enseignante des quartiers populaires","og_description":"Les attachants, roman de Rachel Corenblit, vient de para\u00eetre dans la collection La Brune des \u00e9ditions du Rouergue en cette rentr\u00e9e litt\u00e9raire. Un court","og_url":"https:\/\/smallthings.fr\/lespetitslivres\/2017\/08\/23\/les-attachants-rachel-corenblit-avis\/","og_site_name":"Les Petits Livres","article_published_time":"2017-08-23T09:32:53+00:00","og_image":[{"width":352,"height":217,"url":"https:\/\/smallthings.fr\/lespetitslivres\/wp-content\/uploads\/2017\/08\/les-attachants-roman-corendblit-cover.jpg","type":"image\/jpeg"}],"author":"Axelle","twitter_card":"summary_large_image","twitter_misc":{"\u00c9crit par":"Axelle","Dur\u00e9e de lecture estim\u00e9e":"2 minutes"},"schema":{"@context":"https:\/\/schema.org","@graph":[{"@type":"WebPage","@id":"https:\/\/smallthings.fr\/lespetitslivres\/2017\/08\/23\/les-attachants-rachel-corenblit-avis\/","url":"https:\/\/smallthings.fr\/lespetitslivres\/2017\/08\/23\/les-attachants-rachel-corenblit-avis\/","name":"Les attachants, chroniques d'une enseignante des quartiers populaires","isPartOf":{"@id":"https:\/\/smallthings.fr\/lespetitslivres\/#website"},"datePublished":"2017-08-23T09:32:53+00:00","dateModified":"2017-08-23T09:32:53+00:00","author":{"@id":"https:\/\/smallthings.fr\/lespetitslivres\/#\/schema\/person\/0499aafe852a7a067332481e7bab8faa"},"description":"Les attachants, roman de Rachel Corenblit, vient de para\u00eetre dans la collection La Brune des \u00e9ditions du Rouergue en cette rentr\u00e9e litt\u00e9raire. Un court","breadcrumb":{"@id":"https:\/\/smallthings.fr\/lespetitslivres\/2017\/08\/23\/les-attachants-rachel-corenblit-avis\/#breadcrumb"},"inLanguage":"fr-FR","potentialAction":[{"@type":"ReadAction","target":["https:\/\/smallthings.fr\/lespetitslivres\/2017\/08\/23\/les-attachants-rachel-corenblit-avis\/"]}]},{"@type":"BreadcrumbList","@id":"https:\/\/smallthings.fr\/lespetitslivres\/2017\/08\/23\/les-attachants-rachel-corenblit-avis\/#breadcrumb","itemListElement":[{"@type":"ListItem","position":1,"name":"Accueil","item":"https:\/\/smallthings.fr\/lespetitslivres\/"},{"@type":"ListItem","position":2,"name":"Les attachants, chroniques d&rsquo;une enseignante des quartiers populaires"}]},{"@type":"WebSite","@id":"https:\/\/smallthings.fr\/lespetitslivres\/#website","url":"https:\/\/smallthings.fr\/lespetitslivres\/","name":"Les Petits Livres","description":"by Small Things","potentialAction":[{"@type":"SearchAction","target":{"@type":"EntryPoint","urlTemplate":"https:\/\/smallthings.fr\/lespetitslivres\/?s={search_term_string}"},"query-input":"required name=search_term_string"}],"inLanguage":"fr-FR"},{"@type":"Person","@id":"https:\/\/smallthings.fr\/lespetitslivres\/#\/schema\/person\/0499aafe852a7a067332481e7bab8faa","name":"Axelle","image":{"@type":"ImageObject","inLanguage":"fr-FR","@id":"https:\/\/smallthings.fr\/lespetitslivres\/#\/schema\/person\/image\/","url":"https:\/\/secure.gravatar.com\/avatar\/f87a21f80128c1598d393bfb5a2f1db0?s=96&d=retro&r=g","contentUrl":"https:\/\/secure.gravatar.com\/avatar\/f87a21f80128c1598d393bfb5a2f1db0?s=96&d=retro&r=g","caption":"Axelle"},"description":"D\u00e9couvrez la cha\u00eene YouTube d'Axelle d\u00e9di\u00e9e aux livres: https:\/\/www.youtube.com\/channel\/UC9xcK4SkHmY7zOZDBfOwbgw","sameAs":["http:\/\/laparenthesedaxelle.blogspot.fr\/"],"url":"https:\/\/smallthings.fr\/lespetitslivres\/author\/la-parenthese-d-axelle\/"}]}},"jetpack_featured_media_url":"https:\/\/smallthings.fr\/lespetitslivres\/wp-content\/uploads\/2017\/08\/les-attachants-roman-corendblit-cover.jpg","jetpack_sharing_enabled":true,"jetpack_shortlink":"https:\/\/wp.me\/p6Un21-87t","jetpack-related-posts":[{"id":15845,"url":"https:\/\/smallthings.fr\/lespetitslivres\/2014\/08\/20\/amelie-nothomb-petronille-rentree-avis\/","url_meta":{"origin":31215,"position":0},"title":"Am\u00e9lie Nothomb fait sa rentr\u00e9e avec P\u00e9tronille","author":"Audrey Ch\u00e8vrefeuille","date":"20 ao\u00fbt 2014","format":false,"excerpt":"Comme chaque ann\u00e9e, Am\u00e9lie Nothomb sort son nouveau roman pour la rentr\u00e9e litt\u00e9raire chez Albin Michel. C\u2019est devenu une habitude depuis longtemps maintenant. Pas de r\u00e9el suspense donc quant \u00e0 l\u2019\u00e9v\u00e9nement, mais toujours une impatience et des interrogations sur le contenu. Annonc\u00e9 \u00e0 200.000 exemplaires, P\u00e9tronille fera s\u00fbrement beaucoup parler\u2026","rel":"","context":"Dans &quot;Roman fran\u00e7ais&quot;","block_context":{"text":"Roman fran\u00e7ais","link":"https:\/\/smallthings.fr\/lespetitslivres\/category\/roman\/roman-francais\/"},"img":{"alt_text":"","src":"https:\/\/i0.wp.com\/smallthings.fr\/wp-content\/uploads\/2014\/08\/nothomb-petronille.jpg?resize=350%2C200","width":350,"height":200},"classes":[]},{"id":30163,"url":"https:\/\/smallthings.fr\/lespetitslivres\/2016\/08\/28\/10-04-ben-lerner-roman-critique\/","url_meta":{"origin":31215,"position":1},"title":"10:04 de Ben Lerner : le roman du romancier","author":"Diane Norric","date":"28 ao\u00fbt 2016","format":false,"excerpt":"10:04 est le second roman de l'Am\u00e9ricain Ben Lerner, que publient les \u00e9ditions de l\u2019Olivier en cette rentr\u00e9e litt\u00e9raire. Le premier roman de l'auteur, Au d\u00e9part d\u2019Atocha, encens\u00e9 par la critique anglo-saxonne \u00e9tait paru en fran\u00e7ais chez le m\u00eame \u00e9diteur. 10:04 est lui aussi pr\u00e9c\u00e9d\u00e9 d\u2019une flatteuse r\u00e9putation. Dans ce\u2026","rel":"","context":"Dans &quot;Rentr\u00e9e litt\u00e9raire&quot;","block_context":{"text":"Rentr\u00e9e litt\u00e9raire","link":"https:\/\/smallthings.fr\/lespetitslivres\/category\/rentree-litteraire\/"},"img":{"alt_text":"","src":"https:\/\/i0.wp.com\/smallthings.fr\/lespetitslivres\/wp-content\/uploads\/2016\/07\/10-04-lerner-couv.jpg?resize=350%2C200&ssl=1","width":350,"height":200,"srcset":"https:\/\/i0.wp.com\/smallthings.fr\/lespetitslivres\/wp-content\/uploads\/2016\/07\/10-04-lerner-couv.jpg?resize=350%2C200&ssl=1 1x, https:\/\/i0.wp.com\/smallthings.fr\/lespetitslivres\/wp-content\/uploads\/2016\/07\/10-04-lerner-couv.jpg?resize=525%2C300&ssl=1 1.5x, https:\/\/i0.wp.com\/smallthings.fr\/lespetitslivres\/wp-content\/uploads\/2016\/07\/10-04-lerner-couv.jpg?resize=700%2C400&ssl=1 2x, https:\/\/i0.wp.com\/smallthings.fr\/lespetitslivres\/wp-content\/uploads\/2016\/07\/10-04-lerner-couv.jpg?resize=1050%2C600&ssl=1 3x"},"classes":[]},{"id":31224,"url":"https:\/\/smallthings.fr\/lespetitslivres\/2017\/08\/24\/amelie-nothomb-frappe-toi-coeur-avis\/","url_meta":{"origin":31215,"position":2},"title":"Am\u00e9lie Nothomb : Frappe-toi le c\u0153ur et 25 ans de carri\u00e8re","author":"Audrey Ch\u00e8vrefeuille","date":"24 ao\u00fbt 2017","format":false,"excerpt":"Voici le Nothomb nouveau, Frappe-toi le c\u0153ur, qui vient de para\u00eetre en cette rentr\u00e9e litt\u00e9raire. Rentr\u00e9e 2017 qui ne fera pas exception : Albin Michel publie, cette ann\u00e9e encore, le nouveau roman d'Am\u00e9lie, qui vient couronner vingt-cinq ans d\u2019une carri\u00e8re \u00e9patante et ravira les lecteurs. \"Frappe-toi le c\u0153ur, c\u2019est l\u00e0\u2026","rel":"","context":"Dans &quot;Roman fran\u00e7ais&quot;","block_context":{"text":"Roman fran\u00e7ais","link":"https:\/\/smallthings.fr\/lespetitslivres\/category\/roman\/roman-francais\/"},"img":{"alt_text":"","src":"https:\/\/i0.wp.com\/smallthings.fr\/lespetitslivres\/wp-content\/uploads\/2017\/08\/nothomb-frappe-toi-cover.jpg?resize=350%2C200&ssl=1","width":350,"height":200,"srcset":"https:\/\/i0.wp.com\/smallthings.fr\/lespetitslivres\/wp-content\/uploads\/2017\/08\/nothomb-frappe-toi-cover.jpg?resize=350%2C200&ssl=1 1x, https:\/\/i0.wp.com\/smallthings.fr\/lespetitslivres\/wp-content\/uploads\/2017\/08\/nothomb-frappe-toi-cover.jpg?resize=525%2C300&ssl=1 1.5x, https:\/\/i0.wp.com\/smallthings.fr\/lespetitslivres\/wp-content\/uploads\/2017\/08\/nothomb-frappe-toi-cover.jpg?resize=700%2C400&ssl=1 2x, https:\/\/i0.wp.com\/smallthings.fr\/lespetitslivres\/wp-content\/uploads\/2017\/08\/nothomb-frappe-toi-cover.jpg?resize=1050%2C600&ssl=1 3x"},"classes":[]},{"id":26766,"url":"https:\/\/smallthings.fr\/lespetitslivres\/2015\/09\/03\/christine-angot-amour-impossible\/","url_meta":{"origin":31215,"position":3},"title":"Christine Angot : Un amour impossible, son roman virtuose","author":"Claire","date":"3 septembre 2015","format":false,"excerpt":"Le nouveau roman de Christine Angot, le th\u00e8me de l'amour, des critiques dithyrambiques... Il n'en fallait pas davantage pour me rendre curieuse. Un amour impossible est sorti le 19 ao\u00fbt chez Flammarion. On vient d'apprendre qu'il figurait dans la premi\u00e8re s\u00e9lection du Goncourt 2015. Un amour impossible parle de plusieurs\u2026","rel":"","context":"Dans &quot;Rentr\u00e9e Litt\u00e9raire&quot;","block_context":{"text":"Rentr\u00e9e Litt\u00e9raire","link":"https:\/\/smallthings.fr\/lespetitslivres\/category\/rentree-litteraire-2015\/"},"img":{"alt_text":"","src":"","width":0,"height":0},"classes":[]},{"id":29882,"url":"https:\/\/smallthings.fr\/lespetitslivres\/2016\/04\/24\/jukebox-motel-tom-graffin-roman\/","url_meta":{"origin":31215,"position":4},"title":"Jukebox Motel de Tom Graffin, un diable de roman","author":"Julie Celeste","date":"24 avril 2016","format":false,"excerpt":"Jukebox Motel est le premier roman de Tom Graffin paru le 23 mars dernier aux \u00e9ditions JC Latt\u00e8s. Dans le monde litt\u00e9raire, o\u00f9 existent des com\u00e8tes furtives et br\u00fblantes qui vous coupent le souffle avant la derni\u00e8re parole dactylographi\u00e9e, on trouve aussi des microcosmes abyssaux. Jukebox Motel est de ceux\u2026","rel":"","context":"Dans &quot;Roman fran\u00e7ais&quot;","block_context":{"text":"Roman fran\u00e7ais","link":"https:\/\/smallthings.fr\/lespetitslivres\/category\/roman\/roman-francais\/"},"img":{"alt_text":"","src":"https:\/\/i0.wp.com\/smallthings.fr\/lespetitslivres\/wp-content\/uploads\/2016\/04\/jukebox-motel-couv.jpg?resize=350%2C200&ssl=1","width":350,"height":200,"srcset":"https:\/\/i0.wp.com\/smallthings.fr\/lespetitslivres\/wp-content\/uploads\/2016\/04\/jukebox-motel-couv.jpg?resize=350%2C200&ssl=1 1x, https:\/\/i0.wp.com\/smallthings.fr\/lespetitslivres\/wp-content\/uploads\/2016\/04\/jukebox-motel-couv.jpg?resize=525%2C300&ssl=1 1.5x, https:\/\/i0.wp.com\/smallthings.fr\/lespetitslivres\/wp-content\/uploads\/2016\/04\/jukebox-motel-couv.jpg?resize=700%2C400&ssl=1 2x"},"classes":[]},{"id":7907,"url":"https:\/\/smallthings.fr\/lespetitslivres\/2013\/09\/13\/veronique-ovalde-grace-brigands\/","url_meta":{"origin":31215,"position":5},"title":"V\u00e9ronique Ovald\u00e9 &#8211; La gr\u00e2ce des brigands","author":"Audrey Ch\u00e8vrefeuille","date":"13 septembre 2013","format":false,"excerpt":"La gr\u00e2ce des brigants, neuvi\u00e8me roman de V\u00e9ronique Ovald\u00e9, sort aux \u00e9ditions de l'Olivier en cette rentr\u00e9e litt\u00e9raire. V\u00e9ronique Ovald\u00e9 est notamment l'auteur des tr\u00e8s prim\u00e9s Ce que je sais de Vera\u00a0Candida et Mon coeur transparent. Cette fois encore, les personnages et leurs histoires, leurs pass\u00e9s, sont au coeur de\u2026","rel":"","context":"Dans &quot;Roman fran\u00e7ais&quot;","block_context":{"text":"Roman fran\u00e7ais","link":"https:\/\/smallthings.fr\/lespetitslivres\/category\/roman\/roman-francais\/"},"img":{"alt_text":"","src":"https:\/\/i0.wp.com\/uploads.smallthings.fr\/2013\/09\/OVALDV1-877x1024.jpg?resize=350%2C200","width":350,"height":200},"classes":[]}],"_links":{"self":[{"href":"https:\/\/smallthings.fr\/lespetitslivres\/wp-json\/wp\/v2\/posts\/31215"}],"collection":[{"href":"https:\/\/smallthings.fr\/lespetitslivres\/wp-json\/wp\/v2\/posts"}],"about":[{"href":"https:\/\/smallthings.fr\/lespetitslivres\/wp-json\/wp\/v2\/types\/post"}],"author":[{"embeddable":true,"href":"https:\/\/smallthings.fr\/lespetitslivres\/wp-json\/wp\/v2\/users\/23"}],"replies":[{"embeddable":true,"href":"https:\/\/smallthings.fr\/lespetitslivres\/wp-json\/wp\/v2\/comments?post=31215"}],"version-history":[{"count":4,"href":"https:\/\/smallthings.fr\/lespetitslivres\/wp-json\/wp\/v2\/posts\/31215\/revisions"}],"predecessor-version":[{"id":31221,"href":"https:\/\/smallthings.fr\/lespetitslivres\/wp-json\/wp\/v2\/posts\/31215\/revisions\/31221"}],"wp:featuredmedia":[{"embeddable":true,"href":"https:\/\/smallthings.fr\/lespetitslivres\/wp-json\/wp\/v2\/media\/31217"}],"wp:attachment":[{"href":"https:\/\/smallthings.fr\/lespetitslivres\/wp-json\/wp\/v2\/media?parent=31215"}],"wp:term":[{"taxonomy":"category","embeddable":true,"href":"https:\/\/smallthings.fr\/lespetitslivres\/wp-json\/wp\/v2\/categories?post=31215"},{"taxonomy":"post_tag","embeddable":true,"href":"https:\/\/smallthings.fr\/lespetitslivres\/wp-json\/wp\/v2\/tags?post=31215"}],"curies":[{"name":"wp","href":"https:\/\/api.w.org\/{rel}","templated":true}]}}