{"id":31129,"date":"2017-07-10T12:34:10","date_gmt":"2017-07-10T11:34:10","guid":{"rendered":"http:\/\/smallthings.fr\/lespetitslivres\/?p=31129"},"modified":"2017-07-10T12:34:10","modified_gmt":"2017-07-10T11:34:10","slug":"animal-et-son-biographe-hochet-avis","status":"publish","type":"post","link":"https:\/\/smallthings.fr\/lespetitslivres\/2017\/07\/10\/animal-et-son-biographe-hochet-avis\/","title":{"rendered":"L\u2019animal et son biographe : quand l\u2019\u00e9crivain se fait prendre \u00e0 son propre jeu"},"content":{"rendered":"<h2><em>L\u2019animal et son biographe<\/em>\u00a0est paru en f\u00e9vrier chez <a href=\"http:\/\/www.payot-rivages.net\/livre_L-animal-et-son-biographe-Stephanie-HOCHET_ean13_9782743639310.html\">Rivages<\/a>. St\u00e9phanie Hochet nous propose un roman d\u00e9routant aux allures d\u2019autofiction. Apr\u00e8s son <em>\u00c9loge du chat<\/em> (sorti en poche chez Rivages en 2016), l&rsquo;auteur se penche cette fois sur un animal myst\u00e9rieux\u00a0: l\u2019aurochs.<\/h2>\n<p>\u00catre \u00e9crivain et vivre de sa plume\u00a0: voil\u00e0 un doux r\u00eave difficile \u00e0 r\u00e9aliser. La plupart du temps, la vente de livres seule ne suffit pas \u00e0 payer les factures. Alors il y a les activit\u00e9s annexes, et les rencontres-interviews. Outre les ventes que l\u2019on peut esp\u00e9rer une fois sur place, il y a parfois un petit suppl\u00e9ment bienvenu pour ces prestations. La narratrice fait partie de ces nombreux auteurs\u00a0: voil\u00e0 des ann\u00e9es qu\u2019elle est publi\u00e9e, pourtant elle n\u2019est pas de ces \u00e9crivains reconnus. <strong>La voil\u00e0 donc en route vers ces villages de province o\u00f9 elle fera la tourn\u00e9e des campings durant deux semaines en \u00e9change de quelques ventes et d\u2019un compl\u00e9ment financier.<\/strong><\/p>\n<p><img loading=\"lazy\" decoding=\"async\" data-attachment-id=\"31130\" data-permalink=\"https:\/\/smallthings.fr\/lespetitslivres\/2017\/07\/10\/animal-et-son-biographe-hochet-avis\/l-animal-et-son-biographe-indd\/\" data-orig-file=\"https:\/\/smallthings.fr\/lespetitslivres\/wp-content\/uploads\/2017\/07\/animal-et-son-biographe-hochet.jpg\" data-orig-size=\"230,336\" data-comments-opened=\"1\" data-image-meta=\"{&quot;aperture&quot;:&quot;0&quot;,&quot;credit&quot;:&quot;&quot;,&quot;camera&quot;:&quot;&quot;,&quot;caption&quot;:&quot;&quot;,&quot;created_timestamp&quot;:&quot;0&quot;,&quot;copyright&quot;:&quot;&quot;,&quot;focal_length&quot;:&quot;0&quot;,&quot;iso&quot;:&quot;0&quot;,&quot;shutter_speed&quot;:&quot;0&quot;,&quot;title&quot;:&quot;l animal et son biographe.indd&quot;,&quot;orientation&quot;:&quot;1&quot;}\" data-image-title=\"l animal et son biographe.indd\" data-image-description=\"\" data-image-caption=\"\" data-medium-file=\"https:\/\/smallthings.fr\/lespetitslivres\/wp-content\/uploads\/2017\/07\/animal-et-son-biographe-hochet-205x300.jpg\" data-large-file=\"https:\/\/smallthings.fr\/lespetitslivres\/wp-content\/uploads\/2017\/07\/animal-et-son-biographe-hochet.jpg\" class=\"alignleft size-full wp-image-31130\" src=\"http:\/\/smallthings.fr\/lespetitslivres\/wp-content\/uploads\/2017\/07\/animal-et-son-biographe-hochet.jpg\" alt=\"\" width=\"230\" height=\"336\" srcset=\"https:\/\/smallthings.fr\/lespetitslivres\/wp-content\/uploads\/2017\/07\/animal-et-son-biographe-hochet.jpg 230w, https:\/\/smallthings.fr\/lespetitslivres\/wp-content\/uploads\/2017\/07\/animal-et-son-biographe-hochet-205x300.jpg 205w\" sizes=\"(max-width: 230px) 100vw, 230px\" \/><strong>La premi\u00e8re partie de <em>L&rsquo;animal et son biographe<\/em> est d\u00e9di\u00e9e \u00e0 la situation de l\u2019\u00e9crivain et l\u2019arriv\u00e9e de la narratrice dans ces campings.<\/strong> \u00ab\u00a0Des v\u00eatements pendent sur des fils tendus entre le toit et un piquet de sol. \u00c0 la taille des habits, on imagine le surpoids de leurs propri\u00e9taires, ce qui correspond \u00e0 mon id\u00e9e des utilisateurs de ce type d\u2019habitations. Je ne m\u2019\u00e9tonne pas d\u2019avoir accumul\u00e9 un certain nombre de pr\u00e9jug\u00e9s puisque mon observation les conforte.\u00a0\u00bb Ne craignez pas ce type de pr\u00e9jug\u00e9s \u00e0 l\u2019emporte-pi\u00e8ce, ou <em>L&rsquo;animal et son biographe<\/em> vous y rendra allergique. Les agriculteurs et autres \u00ab\u00a0paysans\u00a0\u00bb en prennent pour leur grade\u00a0: hors de la capitale point de culture.<\/p>\n<p>Mais rapidement,<strong> cette promenade en province prend des allures de thriller.<\/strong> \u00c0 doses hom\u00e9opathiques pour commencer mais l\u2019attention du lecteur est en alerte. <em>Quelque chose<\/em> va se passer. La romanci\u00e8re reverra-t-elle un jour Paris\u00a0? Rien n\u2019est moins s\u00fbr. \u00c0 quoi ces gens font-ils r\u00e9f\u00e9rence quand ils parlent discr\u00e8tement de l\u2019<em>Organisation<\/em>\u00a0? Et puis ces murmures, ces silences. La romanci\u00e8re n\u2019est pas dupe\u00a0: quelque chose se trame et personne ne veut lui en parler. Sans comprendre comment, la voil\u00e0 dans une maison au beau milieu d\u2019une campagne qu\u2019elle ne connait pas, coup\u00e9e de tout, sans moyen de communication. Ses h\u00f4tes, discrets eux aussi, sont \u00e9nigmatiques comme des ge\u00f4liers. Enfin, le maire du village se d\u00e9cide \u00e0 lui parler de son projet. Son chef-d\u2019\u0153uvre. Il est en train de ressusciter l\u2019aurochs. Cette b\u00eate myst\u00e9rieuse disparue depuis des si\u00e8cles va revivre et fera la fiert\u00e9 de la r\u00e9gion. La France doit savoir. Les gens d\u2019ici doivent en \u00eatre fiers, ils doivent en r\u00eaver. Pour cela, il faut \u00e9crire sa mythologie et elle, l\u2019auteur passionn\u00e9e des animaux, est la personne id\u00e9ale.<\/p>\n<p>Apr\u00e8s son <em>\u00c9loge du chat<\/em> et <em>Un roman anglais<\/em> (sorti en poche chez Rivage, 2017), <strong>St\u00e9phanie Hochet revient \u00e0 une \u00e9criture plus tendue qui \u00e9tait sa signature depuis ses d\u00e9buts et c\u2019est tant\u00a0 mieux<\/strong>. Elle met cette fois son amour \u00e9vident pour les animaux au service d\u2019une intrigue bien ficel\u00e9e qui tient le lecteur en haleine au fil des p\u00e9rip\u00e9ties de l\u2019histoire. Mais si on quitte l\u2019ambiance cruelle et de m\u00e9chancet\u00e9 qui r\u00e9gnait dans <em>L\u2019Apocalypse selon Embrun<\/em> ou <em>Les Infernales<\/em>, c\u2019est un v\u00e9ritable thriller psychologique que nous livre Hochet. <strong>Les pages d\u00e9filent et on se surprend \u00e0 douter de tout et de tout le monde. Surtout de tout le monde.<\/strong> Au gr\u00e9 des humeurs et \u00e9motions de la narratrice, le lecteur est invit\u00e9 \u00e0 croire \u00e0 l\u2019une ou l\u2019autre version. Et si, finalement, tout ceci n\u2019avait jamais \u00e9t\u00e9 vrai\u00a0? Ou seulement en partie\u00a0? Ou seulement dans la t\u00eate de l\u2019\u00e9crivain\u00a0?<\/p>\n","protected":false},"excerpt":{"rendered":"<p>L\u2019animal et son biographe\u00a0est paru en f\u00e9vrier chez Rivages. St\u00e9phanie Hochet nous propose un roman d\u00e9routant aux allures d\u2019autofiction. Apr\u00e8s son \u00c9loge du chat (sorti en poche chez Rivages en 2016), l&rsquo;auteur se penche cette fois sur un animal myst\u00e9rieux\u00a0: l\u2019aurochs. \u00catre \u00e9crivain et vivre de sa plume\u00a0: voil\u00e0 un doux r\u00eave difficile \u00e0 r\u00e9aliser.<\/p>\n","protected":false},"author":6,"featured_media":31132,"comment_status":"open","ping_status":"open","sticky":false,"template":"","format":"standard","meta":{"jetpack_post_was_ever_published":false,"_jetpack_newsletter_access":"","_jetpack_newsletter_tier_id":0,"footnotes":"","jetpack_publicize_message":"","jetpack_is_tweetstorm":false,"jetpack_publicize_feature_enabled":true,"jetpack_social_post_already_shared":true,"jetpack_social_options":{"image_generator_settings":{"template":"highway","enabled":false}}},"categories":[1117],"tags":[1811,1813,1810,1812,16],"jetpack_publicize_connections":[],"yoast_head":"<!-- This site is optimized with the Yoast SEO plugin v21.5 - https:\/\/yoast.com\/wordpress\/plugins\/seo\/ -->\n<title>L\u2019animal et son biographe : quand l\u2019\u00e9crivain se fait prendre \u00e0 son propre jeu<\/title>\n<meta name=\"description\" content=\"L\u2019animal et son biographe\u00a0est paru en f\u00e9vrier chez Rivages. St\u00e9phanie Hochet nous propose un roman d\u00e9routant aux allures d\u2019autofiction. Apr\u00e8s son \u00c9loge du\" \/>\n<meta name=\"robots\" content=\"index, follow, max-snippet:-1, max-image-preview:large, max-video-preview:-1\" \/>\n<link rel=\"canonical\" href=\"https:\/\/smallthings.fr\/lespetitslivres\/2017\/07\/10\/animal-et-son-biographe-hochet-avis\/\" \/>\n<meta property=\"og:locale\" content=\"fr_FR\" \/>\n<meta property=\"og:type\" content=\"article\" \/>\n<meta property=\"og:title\" content=\"L\u2019animal et son biographe : quand l\u2019\u00e9crivain se fait prendre \u00e0 son propre jeu\" \/>\n<meta property=\"og:description\" content=\"L\u2019animal et son biographe\u00a0est paru en f\u00e9vrier chez Rivages. St\u00e9phanie Hochet nous propose un roman d\u00e9routant aux allures d\u2019autofiction. Apr\u00e8s son \u00c9loge du\" \/>\n<meta property=\"og:url\" content=\"https:\/\/smallthings.fr\/lespetitslivres\/2017\/07\/10\/animal-et-son-biographe-hochet-avis\/\" \/>\n<meta property=\"og:site_name\" content=\"Les Petits Livres\" \/>\n<meta property=\"article:published_time\" content=\"2017-07-10T11:34:10+00:00\" \/>\n<meta property=\"og:image\" content=\"https:\/\/smallthings.fr\/lespetitslivres\/wp-content\/uploads\/2017\/07\/stephanie-hochet.jpg\" \/>\n\t<meta property=\"og:image:width\" content=\"1280\" \/>\n\t<meta property=\"og:image:height\" content=\"740\" \/>\n\t<meta property=\"og:image:type\" content=\"image\/jpeg\" \/>\n<meta name=\"author\" content=\"Audrey Ch\u00e8vrefeuille\" \/>\n<meta name=\"twitter:card\" content=\"summary_large_image\" \/>\n<meta name=\"twitter:label1\" content=\"\u00c9crit par\" \/>\n\t<meta name=\"twitter:data1\" content=\"Audrey Ch\u00e8vrefeuille\" \/>\n\t<meta name=\"twitter:label2\" content=\"Dur\u00e9e de lecture estim\u00e9e\" \/>\n\t<meta name=\"twitter:data2\" content=\"3 minutes\" \/>\n<script type=\"application\/ld+json\" class=\"yoast-schema-graph\">{\"@context\":\"https:\/\/schema.org\",\"@graph\":[{\"@type\":\"WebPage\",\"@id\":\"https:\/\/smallthings.fr\/lespetitslivres\/2017\/07\/10\/animal-et-son-biographe-hochet-avis\/\",\"url\":\"https:\/\/smallthings.fr\/lespetitslivres\/2017\/07\/10\/animal-et-son-biographe-hochet-avis\/\",\"name\":\"L\u2019animal et son biographe : quand l\u2019\u00e9crivain se fait prendre \u00e0 son propre jeu\",\"isPartOf\":{\"@id\":\"https:\/\/smallthings.fr\/lespetitslivres\/#website\"},\"datePublished\":\"2017-07-10T11:34:10+00:00\",\"dateModified\":\"2017-07-10T11:34:10+00:00\",\"author\":{\"@id\":\"https:\/\/smallthings.fr\/lespetitslivres\/#\/schema\/person\/aab65d6efcfc32725dcf5e977fdbcc75\"},\"description\":\"L\u2019animal et son biographe\u00a0est paru en f\u00e9vrier chez Rivages. St\u00e9phanie Hochet nous propose un roman d\u00e9routant aux allures d\u2019autofiction. Apr\u00e8s son \u00c9loge du\",\"breadcrumb\":{\"@id\":\"https:\/\/smallthings.fr\/lespetitslivres\/2017\/07\/10\/animal-et-son-biographe-hochet-avis\/#breadcrumb\"},\"inLanguage\":\"fr-FR\",\"potentialAction\":[{\"@type\":\"ReadAction\",\"target\":[\"https:\/\/smallthings.fr\/lespetitslivres\/2017\/07\/10\/animal-et-son-biographe-hochet-avis\/\"]}]},{\"@type\":\"BreadcrumbList\",\"@id\":\"https:\/\/smallthings.fr\/lespetitslivres\/2017\/07\/10\/animal-et-son-biographe-hochet-avis\/#breadcrumb\",\"itemListElement\":[{\"@type\":\"ListItem\",\"position\":1,\"name\":\"Accueil\",\"item\":\"https:\/\/smallthings.fr\/lespetitslivres\/\"},{\"@type\":\"ListItem\",\"position\":2,\"name\":\"L\u2019animal et son biographe : quand l\u2019\u00e9crivain se fait prendre \u00e0 son propre jeu\"}]},{\"@type\":\"WebSite\",\"@id\":\"https:\/\/smallthings.fr\/lespetitslivres\/#website\",\"url\":\"https:\/\/smallthings.fr\/lespetitslivres\/\",\"name\":\"Les Petits Livres\",\"description\":\"by Small Things\",\"potentialAction\":[{\"@type\":\"SearchAction\",\"target\":{\"@type\":\"EntryPoint\",\"urlTemplate\":\"https:\/\/smallthings.fr\/lespetitslivres\/?s={search_term_string}\"},\"query-input\":\"required name=search_term_string\"}],\"inLanguage\":\"fr-FR\"},{\"@type\":\"Person\",\"@id\":\"https:\/\/smallthings.fr\/lespetitslivres\/#\/schema\/person\/aab65d6efcfc32725dcf5e977fdbcc75\",\"name\":\"Audrey Ch\u00e8vrefeuille\",\"image\":{\"@type\":\"ImageObject\",\"inLanguage\":\"fr-FR\",\"@id\":\"https:\/\/smallthings.fr\/lespetitslivres\/#\/schema\/person\/image\/\",\"url\":\"https:\/\/secure.gravatar.com\/avatar\/5b5b4b3479c8d73a7ac976231ee93e9a?s=96&d=retro&r=g\",\"contentUrl\":\"https:\/\/secure.gravatar.com\/avatar\/5b5b4b3479c8d73a7ac976231ee93e9a?s=96&d=retro&r=g\",\"caption\":\"Audrey Ch\u00e8vrefeuille\"},\"url\":\"https:\/\/smallthings.fr\/lespetitslivres\/author\/audrey_h\/\"}]}<\/script>\n<!-- \/ Yoast SEO plugin. -->","yoast_head_json":{"title":"L\u2019animal et son biographe : quand l\u2019\u00e9crivain se fait prendre \u00e0 son propre jeu","description":"L\u2019animal et son biographe\u00a0est paru en f\u00e9vrier chez Rivages. St\u00e9phanie Hochet nous propose un roman d\u00e9routant aux allures d\u2019autofiction. Apr\u00e8s son \u00c9loge du","robots":{"index":"index","follow":"follow","max-snippet":"max-snippet:-1","max-image-preview":"max-image-preview:large","max-video-preview":"max-video-preview:-1"},"canonical":"https:\/\/smallthings.fr\/lespetitslivres\/2017\/07\/10\/animal-et-son-biographe-hochet-avis\/","og_locale":"fr_FR","og_type":"article","og_title":"L\u2019animal et son biographe : quand l\u2019\u00e9crivain se fait prendre \u00e0 son propre jeu","og_description":"L\u2019animal et son biographe\u00a0est paru en f\u00e9vrier chez Rivages. St\u00e9phanie Hochet nous propose un roman d\u00e9routant aux allures d\u2019autofiction. Apr\u00e8s son \u00c9loge du","og_url":"https:\/\/smallthings.fr\/lespetitslivres\/2017\/07\/10\/animal-et-son-biographe-hochet-avis\/","og_site_name":"Les Petits Livres","article_published_time":"2017-07-10T11:34:10+00:00","og_image":[{"width":1280,"height":740,"url":"https:\/\/smallthings.fr\/lespetitslivres\/wp-content\/uploads\/2017\/07\/stephanie-hochet.jpg","type":"image\/jpeg"}],"author":"Audrey Ch\u00e8vrefeuille","twitter_card":"summary_large_image","twitter_misc":{"\u00c9crit par":"Audrey Ch\u00e8vrefeuille","Dur\u00e9e de lecture estim\u00e9e":"3 minutes"},"schema":{"@context":"https:\/\/schema.org","@graph":[{"@type":"WebPage","@id":"https:\/\/smallthings.fr\/lespetitslivres\/2017\/07\/10\/animal-et-son-biographe-hochet-avis\/","url":"https:\/\/smallthings.fr\/lespetitslivres\/2017\/07\/10\/animal-et-son-biographe-hochet-avis\/","name":"L\u2019animal et son biographe : quand l\u2019\u00e9crivain se fait prendre \u00e0 son propre jeu","isPartOf":{"@id":"https:\/\/smallthings.fr\/lespetitslivres\/#website"},"datePublished":"2017-07-10T11:34:10+00:00","dateModified":"2017-07-10T11:34:10+00:00","author":{"@id":"https:\/\/smallthings.fr\/lespetitslivres\/#\/schema\/person\/aab65d6efcfc32725dcf5e977fdbcc75"},"description":"L\u2019animal et son biographe\u00a0est paru en f\u00e9vrier chez Rivages. St\u00e9phanie Hochet nous propose un roman d\u00e9routant aux allures d\u2019autofiction. Apr\u00e8s son \u00c9loge du","breadcrumb":{"@id":"https:\/\/smallthings.fr\/lespetitslivres\/2017\/07\/10\/animal-et-son-biographe-hochet-avis\/#breadcrumb"},"inLanguage":"fr-FR","potentialAction":[{"@type":"ReadAction","target":["https:\/\/smallthings.fr\/lespetitslivres\/2017\/07\/10\/animal-et-son-biographe-hochet-avis\/"]}]},{"@type":"BreadcrumbList","@id":"https:\/\/smallthings.fr\/lespetitslivres\/2017\/07\/10\/animal-et-son-biographe-hochet-avis\/#breadcrumb","itemListElement":[{"@type":"ListItem","position":1,"name":"Accueil","item":"https:\/\/smallthings.fr\/lespetitslivres\/"},{"@type":"ListItem","position":2,"name":"L\u2019animal et son biographe : quand l\u2019\u00e9crivain se fait prendre \u00e0 son propre jeu"}]},{"@type":"WebSite","@id":"https:\/\/smallthings.fr\/lespetitslivres\/#website","url":"https:\/\/smallthings.fr\/lespetitslivres\/","name":"Les Petits Livres","description":"by Small Things","potentialAction":[{"@type":"SearchAction","target":{"@type":"EntryPoint","urlTemplate":"https:\/\/smallthings.fr\/lespetitslivres\/?s={search_term_string}"},"query-input":"required name=search_term_string"}],"inLanguage":"fr-FR"},{"@type":"Person","@id":"https:\/\/smallthings.fr\/lespetitslivres\/#\/schema\/person\/aab65d6efcfc32725dcf5e977fdbcc75","name":"Audrey Ch\u00e8vrefeuille","image":{"@type":"ImageObject","inLanguage":"fr-FR","@id":"https:\/\/smallthings.fr\/lespetitslivres\/#\/schema\/person\/image\/","url":"https:\/\/secure.gravatar.com\/avatar\/5b5b4b3479c8d73a7ac976231ee93e9a?s=96&d=retro&r=g","contentUrl":"https:\/\/secure.gravatar.com\/avatar\/5b5b4b3479c8d73a7ac976231ee93e9a?s=96&d=retro&r=g","caption":"Audrey Ch\u00e8vrefeuille"},"url":"https:\/\/smallthings.fr\/lespetitslivres\/author\/audrey_h\/"}]}},"jetpack_featured_media_url":"https:\/\/smallthings.fr\/lespetitslivres\/wp-content\/uploads\/2017\/07\/stephanie-hochet.jpg","jetpack_sharing_enabled":true,"jetpack_shortlink":"https:\/\/wp.me\/p6Un21-865","jetpack-related-posts":[{"id":4620,"url":"https:\/\/smallthings.fr\/lespetitslivres\/2013\/04\/17\/stephanie-hochet-sang-dencre\/","url_meta":{"origin":31129,"position":0},"title":"St\u00e9phanie Hochet &#8211; Sang d&rsquo;encre","author":"Audrey Ch\u00e8vrefeuille","date":"17 avril 2013","format":false,"excerpt":"St\u00e9phanie Hochet nous propose un neuvi\u00e8me roman original, autant dans son \u00e9criture que son histoire, \u00e9crit \u00e0 l\u2019occasion d\u2019une r\u00e9sidence d\u2019\u00e9criture \u00e0 la Villa Yourcenar.","rel":"","context":"Dans &quot;Thriller&quot;","block_context":{"text":"Thriller","link":"https:\/\/smallthings.fr\/lespetitslivres\/category\/thriller\/"},"img":{"alt_text":"Copyright C\u00c3\u00a9cile Duclos","src":"https:\/\/i0.wp.com\/uploads.smallthings.fr\/2013\/04\/Stephanie-Hochet-Copyright-Cecile-Duclos.jpg?resize=350%2C200","width":350,"height":200},"classes":[]},{"id":30213,"url":"https:\/\/smallthings.fr\/lespetitslivres\/2016\/08\/24\/beaux-rivages-amour-fondamental-bouraoui\/","url_meta":{"origin":31129,"position":1},"title":"Beaux rivages, l&rsquo;amour fondamental par Nina Bouraoui","author":"Claire","date":"24 ao\u00fbt 2016","format":false,"excerpt":"Beaux rivages est le nouveau roman de Nina Bouraoui, qui para\u00eet aujourd'hui chez JC Latt\u00e8s. Apr\u00e8s notamment le tr\u00e8s remarqu\u00e9\u00a0Gar\u00e7on manqu\u00e9, La Vie heureuse, Mes mauvaises pens\u00e9es (prix Renaudot 2005), elle nous propose un roman sur la rupture amoureuse, ses origines, ses d\u00e9g\u00e2ts, et la vie d'apr\u00e8s. Comme l'indique la\u2026","rel":"","context":"Dans &quot;Rentr\u00e9e litt\u00e9raire&quot;","block_context":{"text":"Rentr\u00e9e litt\u00e9raire","link":"https:\/\/smallthings.fr\/lespetitslivres\/category\/rentree-litteraire\/"},"img":{"alt_text":"","src":"https:\/\/i0.wp.com\/smallthings.fr\/lespetitslivres\/wp-content\/uploads\/2016\/08\/beaux-rivages-bouraoui.jpeg?resize=350%2C200&ssl=1","width":350,"height":200,"srcset":"https:\/\/i0.wp.com\/smallthings.fr\/lespetitslivres\/wp-content\/uploads\/2016\/08\/beaux-rivages-bouraoui.jpeg?resize=350%2C200&ssl=1 1x, https:\/\/i0.wp.com\/smallthings.fr\/lespetitslivres\/wp-content\/uploads\/2016\/08\/beaux-rivages-bouraoui.jpeg?resize=525%2C300&ssl=1 1.5x, https:\/\/i0.wp.com\/smallthings.fr\/lespetitslivres\/wp-content\/uploads\/2016\/08\/beaux-rivages-bouraoui.jpeg?resize=700%2C400&ssl=1 2x"},"classes":[]},{"id":31785,"url":"https:\/\/smallthings.fr\/lespetitslivres\/2018\/08\/31\/1994-adlene-meddi-roman-avis\/","url_meta":{"origin":31129,"position":2},"title":"1994 d&rsquo;Adl\u00e8ne Meddi, le fant\u00f4me inflexible de la guerre","author":"Victoire Neyraud","date":"31 ao\u00fbt 2018","format":false,"excerpt":"Le troisi\u00e8me roman d\u2019Adl\u00e8ne Meddi, 1994, para\u00eet ces jours-ci chez Rivages Noir. Avec pour arri\u00e8re plan l\u2019Alger des ann\u00e9es 90 et 2000, c\u2019est un roman bien sombre que nous livre ce journaliste et \u00e9crivain. Il n\u2019est pas sans rappeler (et le titre y est pour quelque chose), le 1984 de\u2026","rel":"","context":"Dans &quot;Roman fran\u00e7ais&quot;","block_context":{"text":"Roman fran\u00e7ais","link":"https:\/\/smallthings.fr\/lespetitslivres\/category\/roman\/roman-francais\/"},"img":{"alt_text":"","src":"https:\/\/i0.wp.com\/smallthings.fr\/lespetitslivres\/wp-content\/uploads\/2018\/08\/1994-meddi-cover.jpg?resize=350%2C200&ssl=1","width":350,"height":200},"classes":[]},{"id":29753,"url":"https:\/\/smallthings.fr\/lespetitslivres\/2016\/03\/21\/jane-birkin-biographie-critique\/","url_meta":{"origin":31129,"position":3},"title":"Jane Birkin, \u00ab La vie ne vaut d\u2019\u00eatre v\u00e9cue sans amour \u00bb : rien de nouveau sous le soleil (exactement)","author":"Diane Norric","date":"21 mars 2016","format":false,"excerpt":"La biographie de Jane Birkin par Fr\u00e9d\u00e9ric Quinonero et paru \u00e0 L'Archipel, s\u2019ouvre avec le suicide de Kate, la fille a\u00een\u00e9e de la chanteuse, survenu en 2013. D\u2019embl\u00e9e, on craint que Quinonero tire complaisamment sur la corde tire-larmes et escamote l\u2019artiste Birkin, \u00e0 la fois chanteuse, r\u00e9alisatrice, et com\u00e9dienne de\u2026","rel":"","context":"Dans &quot;(Auto) Biographie&quot;","block_context":{"text":"(Auto) Biographie","link":"https:\/\/smallthings.fr\/lespetitslivres\/category\/non-fiction\/auto-biographie\/"},"img":{"alt_text":"","src":"https:\/\/i0.wp.com\/smallthings.fr\/lespetitslivres\/wp-content\/uploads\/2016\/03\/jane-birkin-couv.jpg?resize=350%2C200&ssl=1","width":350,"height":200,"srcset":"https:\/\/i0.wp.com\/smallthings.fr\/lespetitslivres\/wp-content\/uploads\/2016\/03\/jane-birkin-couv.jpg?resize=350%2C200&ssl=1 1x, https:\/\/i0.wp.com\/smallthings.fr\/lespetitslivres\/wp-content\/uploads\/2016\/03\/jane-birkin-couv.jpg?resize=525%2C300&ssl=1 1.5x"},"classes":[]},{"id":5834,"url":"https:\/\/smallthings.fr\/lespetitslivres\/2013\/07\/18\/jean-fabien-le-journal-dun-ecrivain-sans-succes\/","url_meta":{"origin":31129,"position":4},"title":"Jean-Fabien &#8211; Le journal d&rsquo;un \u00e9crivain sans succ\u00e8s","author":"Audrey Ch\u00e8vrefeuille","date":"18 juillet 2013","format":false,"excerpt":"Un informaticien se rend compte un jour qu'il veut \u00eatre \u00e9crivain. Il commence alors un journal sous forme de blog dans lequel il raconte ses aventures, les p\u00e9rip\u00e9ties de son esprit en pleine construction du roman.","rel":"","context":"Dans &quot;Roman fran\u00e7ais&quot;","block_context":{"text":"Roman fran\u00e7ais","link":"https:\/\/smallthings.fr\/lespetitslivres\/category\/roman\/roman-francais\/"},"img":{"alt_text":"","src":"","width":0,"height":0},"classes":[]},{"id":31697,"url":"https:\/\/smallthings.fr\/lespetitslivres\/2018\/06\/13\/nos-revolutions-jane-smiley-avis\/","url_meta":{"origin":31129,"position":5},"title":"Nos r\u00e9volutions, saga am\u00e9ricaine de Jane Smiley","author":"Victoire Neyraud","date":"13 juin 2018","format":false,"excerpt":"Le deuxi\u00e8me tome de l\u2019ambitieuse saga de Jane Smiley (Un si\u00e8cle Am\u00e9ricain) vient de para\u00eetre chez Rivages. Dans Nos R\u00e9volutions, Jane Smiley nous d\u00e9roule un tableau de l\u2019Am\u00e9rique de l\u2019apr\u00e8s seconde guerre mondiale, de 1953 \u00e0 1957, \u00e0 travers la vie quotidienne de la grande famille Langdon, que les lecteurs\u2026","rel":"","context":"Dans &quot;Roman \u00e9tranger&quot;","block_context":{"text":"Roman \u00e9tranger","link":"https:\/\/smallthings.fr\/lespetitslivres\/category\/roman\/roman-etranger\/"},"img":{"alt_text":"","src":"https:\/\/i0.wp.com\/smallthings.fr\/lespetitslivres\/wp-content\/uploads\/2018\/06\/nos-revolutions-smiley-cover.jpg?resize=350%2C200&ssl=1","width":350,"height":200},"classes":[]}],"_links":{"self":[{"href":"https:\/\/smallthings.fr\/lespetitslivres\/wp-json\/wp\/v2\/posts\/31129"}],"collection":[{"href":"https:\/\/smallthings.fr\/lespetitslivres\/wp-json\/wp\/v2\/posts"}],"about":[{"href":"https:\/\/smallthings.fr\/lespetitslivres\/wp-json\/wp\/v2\/types\/post"}],"author":[{"embeddable":true,"href":"https:\/\/smallthings.fr\/lespetitslivres\/wp-json\/wp\/v2\/users\/6"}],"replies":[{"embeddable":true,"href":"https:\/\/smallthings.fr\/lespetitslivres\/wp-json\/wp\/v2\/comments?post=31129"}],"version-history":[{"count":2,"href":"https:\/\/smallthings.fr\/lespetitslivres\/wp-json\/wp\/v2\/posts\/31129\/revisions"}],"predecessor-version":[{"id":31133,"href":"https:\/\/smallthings.fr\/lespetitslivres\/wp-json\/wp\/v2\/posts\/31129\/revisions\/31133"}],"wp:featuredmedia":[{"embeddable":true,"href":"https:\/\/smallthings.fr\/lespetitslivres\/wp-json\/wp\/v2\/media\/31132"}],"wp:attachment":[{"href":"https:\/\/smallthings.fr\/lespetitslivres\/wp-json\/wp\/v2\/media?parent=31129"}],"wp:term":[{"taxonomy":"category","embeddable":true,"href":"https:\/\/smallthings.fr\/lespetitslivres\/wp-json\/wp\/v2\/categories?post=31129"},{"taxonomy":"post_tag","embeddable":true,"href":"https:\/\/smallthings.fr\/lespetitslivres\/wp-json\/wp\/v2\/tags?post=31129"}],"curies":[{"name":"wp","href":"https:\/\/api.w.org\/{rel}","templated":true}]}}