{"id":31080,"date":"2017-06-21T09:49:33","date_gmt":"2017-06-21T08:49:33","guid":{"rendered":"http:\/\/smallthings.fr\/lespetitslivres\/?p=31080"},"modified":"2017-06-21T09:49:33","modified_gmt":"2017-06-21T08:49:33","slug":"amuse-bouche-carlier-roman-avis","status":"publish","type":"post","link":"https:\/\/smallthings.fr\/lespetitslivres\/2017\/06\/21\/amuse-bouche-carlier-roman-avis\/","title":{"rendered":"Amuse-bouche de St\u00e9phane Carlier, quand le roman se fait vaudeville"},"content":{"rendered":"<h2>St\u00e9phane Carlier a d\u00e9cid\u00e9ment l\u2019art et la mani\u00e8re de prendre le r\u00e9el pour le transformer en aventure vaudevillesque \u00e9tourdissante. Dans <em>Amuse-bouche<\/em>, paru le 11 mai au <a href=\"https:\/\/www.cherche-midi.com\/livres\/amuse-bouche\">Cherche Midi<\/a>, il met en sc\u00e8ne Julien, jeune conseiller des Affaires Etrang\u00e8res, \u00e0 la carri\u00e8re florissante, dont la vie d\u00e9rape sur un texto envoy\u00e9 au mauvais destinataire&#8230;<\/h2>\n<p><strong>Une erreur bien commune, me direz-vous, sauf qu\u2019il s\u2019agit d\u2019un sexto plut\u00f4t cru arriv\u00e9 sur le t\u00e9l\u00e9phone de Philippe Rigaud, diplomate haut plac\u00e9 et levier potentiel de la carri\u00e8re de Julien.<\/strong> La situation, d\u00e9j\u00e0 compliqu\u00e9e, d\u00e9rape alors d\u00e9finitivement quand c\u2019est Marie-Ange, l\u2019\u00e9pouse tr\u00e8s droite et pudibonde du dit diplomate, et non Philippe qui trouve le message. Pour celle c\u2019est la goutte qui fait d\u00e9border le vase et elle d\u00e9cide de d\u00e9couvrir qui est la ma\u00eetresse de son mari qui se cache derri\u00e8re l\u2019\u00e9cran.<\/p>\n<p><img loading=\"lazy\" decoding=\"async\" data-attachment-id=\"31081\" data-permalink=\"https:\/\/smallthings.fr\/lespetitslivres\/2017\/06\/21\/amuse-bouche-carlier-roman-avis\/attachment\/9782749155692\/\" data-orig-file=\"https:\/\/smallthings.fr\/lespetitslivres\/wp-content\/uploads\/2017\/06\/9782749155692.jpg\" data-orig-size=\"500,702\" data-comments-opened=\"1\" data-image-meta=\"{&quot;aperture&quot;:&quot;0&quot;,&quot;credit&quot;:&quot;&quot;,&quot;camera&quot;:&quot;&quot;,&quot;caption&quot;:&quot;&quot;,&quot;created_timestamp&quot;:&quot;0&quot;,&quot;copyright&quot;:&quot;&quot;,&quot;focal_length&quot;:&quot;0&quot;,&quot;iso&quot;:&quot;0&quot;,&quot;shutter_speed&quot;:&quot;0&quot;,&quot;title&quot;:&quot;&quot;,&quot;orientation&quot;:&quot;0&quot;}\" data-image-title=\"9782749155692\" data-image-description=\"\" data-image-caption=\"\" data-medium-file=\"https:\/\/smallthings.fr\/lespetitslivres\/wp-content\/uploads\/2017\/06\/9782749155692-214x300.jpg\" data-large-file=\"https:\/\/smallthings.fr\/lespetitslivres\/wp-content\/uploads\/2017\/06\/9782749155692.jpg\" class=\"alignleft wp-image-31081\" src=\"http:\/\/smallthings.fr\/lespetitslivres\/wp-content\/uploads\/2017\/06\/9782749155692.jpg\" alt=\"\" width=\"296\" height=\"416\" srcset=\"https:\/\/smallthings.fr\/lespetitslivres\/wp-content\/uploads\/2017\/06\/9782749155692.jpg 500w, https:\/\/smallthings.fr\/lespetitslivres\/wp-content\/uploads\/2017\/06\/9782749155692-214x300.jpg 214w\" sizes=\"(max-width: 296px) 100vw, 296px\" \/>D\u00e8s les premi\u00e8res lignes d&rsquo;<em>Amuse-bouche<\/em>, l\u2019ambiance est pos\u00e9e\u00a0: salons feutr\u00e9s, champagne et costume de rigueur, un monde de portefeuilles diplomatiques o\u00f9 les remous sont \u00e0 \u00e9viter. On navigue ici dans un milieu autoris\u00e9 o\u00f9 connivence et convenances sont un ma\u00eetre mot. <strong>Autant dire quiproquos et situations g\u00eanantes en vue, on s\u2019en amuse d\u2019avance<\/strong>. D\u2019autant plus que St\u00e9phane Carlier n\u2019a pas son pareil pour croquer avec f\u00e9rocit\u00e9 des personnages plus vrais que natures, taillant au passage un costard (ou plut\u00f4t un smoking\u00a0!) <em>\u00e0 une certaine bourgeoisie parisienne <\/em>et aux hautes sph\u00e8res du fonctionnariat.<\/p>\n<p>Dans ce monde feutr\u00e9 des ambassades, o\u00f9 le scandale a vite fait d\u2019\u00e9clabousser les fauteuils en cuir les mieux plac\u00e9s, il se pla\u00eet \u00e0 imaginer l\u2019effet domino d\u2019un tel imbroglio sur la carri\u00e8re des concern\u00e9s. Sans compter la vie de cette pauvre Marie-Ange Amandine Gasparde Henri Vimont de la Bouillerie tout droit sortie de <em>La Vie est un long fleuve tranquille<\/em>. <strong>Avec cette plume incisive et p\u00e9tillante qui faisait d\u00e9j\u00e0 mouche dans <em>Les Perles Noires de Jackie.O<\/em>, il joue sur mots (rien le titre en soi est un r\u00e9gal en la mati\u00e8re) les quiproquos, les retournements de situations jusqu\u2019au d\u00e9nouement final, digne du meilleur vaudeville<\/strong>. On rit, oui. D\u00e8s les premi\u00e8res pages d&rsquo;<em>Amuse-bouche<\/em>, car l\u2019affaire s\u2019annonce cocasse. Et si au final cela n\u2019a pas ce petit \u00e9clat de loufoquerie des Perles Noires, on n\u2019en passe pas moins un moment absolument d\u00e9lectable tant les personnages sont truculents et la satire acide. On n\u2019attendrait plus qu\u2019une chose\u00a0: voir <em>Amuse-bouche<\/em> au th\u00e9\u00e2tre\u00a0!<\/p>\n","protected":false},"excerpt":{"rendered":"<p>St\u00e9phane Carlier a d\u00e9cid\u00e9ment l\u2019art et la mani\u00e8re de prendre le r\u00e9el pour le transformer en aventure vaudevillesque \u00e9tourdissante. Dans Amuse-bouche, paru le 11 mai au Cherche Midi, il met en sc\u00e8ne Julien, jeune conseiller des Affaires Etrang\u00e8res, \u00e0 la carri\u00e8re florissante, dont la vie d\u00e9rape sur un texto envoy\u00e9 au mauvais destinataire&#8230; Une erreur<\/p>\n","protected":false},"author":15,"featured_media":31082,"comment_status":"open","ping_status":"open","sticky":false,"template":"","format":"standard","meta":{"jetpack_post_was_ever_published":false,"_jetpack_newsletter_access":"","_jetpack_newsletter_tier_id":0,"footnotes":"","jetpack_publicize_message":"","jetpack_is_tweetstorm":false,"jetpack_publicize_feature_enabled":true,"jetpack_social_post_already_shared":true,"jetpack_social_options":{"image_generator_settings":{"template":"highway","enabled":false}}},"categories":[1117],"tags":[1791,1789,1426,54,1425,1790],"jetpack_publicize_connections":[],"yoast_head":"<!-- This site is optimized with the Yoast SEO plugin v21.5 - https:\/\/yoast.com\/wordpress\/plugins\/seo\/ -->\n<title>Amuse-bouche de St\u00e9phane Carlier, quand le roman se fait vaudeville<\/title>\n<meta name=\"description\" content=\"St\u00e9phane Carlier a d\u00e9cid\u00e9ment l\u2019art et la mani\u00e8re de prendre le r\u00e9el pour le transformer en aventure vaudevillesque \u00e9tourdissante. Dans Amuse-Bouche, paru\" \/>\n<meta name=\"robots\" content=\"index, follow, max-snippet:-1, max-image-preview:large, max-video-preview:-1\" \/>\n<link rel=\"canonical\" href=\"https:\/\/smallthings.fr\/lespetitslivres\/2017\/06\/21\/amuse-bouche-carlier-roman-avis\/\" \/>\n<meta property=\"og:locale\" content=\"fr_FR\" \/>\n<meta property=\"og:type\" content=\"article\" \/>\n<meta property=\"og:title\" content=\"Amuse-bouche de St\u00e9phane Carlier, quand le roman se fait vaudeville\" \/>\n<meta property=\"og:description\" content=\"St\u00e9phane Carlier a d\u00e9cid\u00e9ment l\u2019art et la mani\u00e8re de prendre le r\u00e9el pour le transformer en aventure vaudevillesque \u00e9tourdissante. Dans Amuse-Bouche, paru\" \/>\n<meta property=\"og:url\" content=\"https:\/\/smallthings.fr\/lespetitslivres\/2017\/06\/21\/amuse-bouche-carlier-roman-avis\/\" \/>\n<meta property=\"og:site_name\" content=\"Les Petits Livres\" \/>\n<meta property=\"article:published_time\" content=\"2017-06-21T08:49:33+00:00\" \/>\n<meta property=\"og:image\" content=\"https:\/\/i0.wp.com\/smallthings.fr\/lespetitslivres\/wp-content\/uploads\/2017\/06\/amuse-bouche-couv.jpg?fit=500%2C177&ssl=1\" \/>\n\t<meta property=\"og:image:width\" content=\"500\" \/>\n\t<meta property=\"og:image:height\" content=\"177\" \/>\n\t<meta property=\"og:image:type\" content=\"image\/jpeg\" \/>\n<meta name=\"author\" content=\"June\" \/>\n<meta name=\"twitter:card\" content=\"summary_large_image\" \/>\n<meta name=\"twitter:creator\" content=\"@dariadgille\" \/>\n<meta name=\"twitter:label1\" content=\"\u00c9crit par\" \/>\n\t<meta name=\"twitter:data1\" content=\"June\" \/>\n\t<meta name=\"twitter:label2\" content=\"Dur\u00e9e de lecture estim\u00e9e\" \/>\n\t<meta name=\"twitter:data2\" content=\"2 minutes\" \/>\n<script type=\"application\/ld+json\" class=\"yoast-schema-graph\">{\"@context\":\"https:\/\/schema.org\",\"@graph\":[{\"@type\":\"WebPage\",\"@id\":\"https:\/\/smallthings.fr\/lespetitslivres\/2017\/06\/21\/amuse-bouche-carlier-roman-avis\/\",\"url\":\"https:\/\/smallthings.fr\/lespetitslivres\/2017\/06\/21\/amuse-bouche-carlier-roman-avis\/\",\"name\":\"Amuse-bouche de St\u00e9phane Carlier, quand le roman se fait vaudeville\",\"isPartOf\":{\"@id\":\"https:\/\/smallthings.fr\/lespetitslivres\/#website\"},\"datePublished\":\"2017-06-21T08:49:33+00:00\",\"dateModified\":\"2017-06-21T08:49:33+00:00\",\"author\":{\"@id\":\"https:\/\/smallthings.fr\/lespetitslivres\/#\/schema\/person\/3e6389e33dfcb17850d47fa745090e73\"},\"description\":\"St\u00e9phane Carlier a d\u00e9cid\u00e9ment l\u2019art et la mani\u00e8re de prendre le r\u00e9el pour le transformer en aventure vaudevillesque \u00e9tourdissante. Dans Amuse-Bouche, paru\",\"breadcrumb\":{\"@id\":\"https:\/\/smallthings.fr\/lespetitslivres\/2017\/06\/21\/amuse-bouche-carlier-roman-avis\/#breadcrumb\"},\"inLanguage\":\"fr-FR\",\"potentialAction\":[{\"@type\":\"ReadAction\",\"target\":[\"https:\/\/smallthings.fr\/lespetitslivres\/2017\/06\/21\/amuse-bouche-carlier-roman-avis\/\"]}]},{\"@type\":\"BreadcrumbList\",\"@id\":\"https:\/\/smallthings.fr\/lespetitslivres\/2017\/06\/21\/amuse-bouche-carlier-roman-avis\/#breadcrumb\",\"itemListElement\":[{\"@type\":\"ListItem\",\"position\":1,\"name\":\"Accueil\",\"item\":\"https:\/\/smallthings.fr\/lespetitslivres\/\"},{\"@type\":\"ListItem\",\"position\":2,\"name\":\"Amuse-bouche de St\u00e9phane Carlier, quand le roman se fait vaudeville\"}]},{\"@type\":\"WebSite\",\"@id\":\"https:\/\/smallthings.fr\/lespetitslivres\/#website\",\"url\":\"https:\/\/smallthings.fr\/lespetitslivres\/\",\"name\":\"Les Petits Livres\",\"description\":\"by Small Things\",\"potentialAction\":[{\"@type\":\"SearchAction\",\"target\":{\"@type\":\"EntryPoint\",\"urlTemplate\":\"https:\/\/smallthings.fr\/lespetitslivres\/?s={search_term_string}\"},\"query-input\":\"required name=search_term_string\"}],\"inLanguage\":\"fr-FR\"},{\"@type\":\"Person\",\"@id\":\"https:\/\/smallthings.fr\/lespetitslivres\/#\/schema\/person\/3e6389e33dfcb17850d47fa745090e73\",\"name\":\"June\",\"image\":{\"@type\":\"ImageObject\",\"inLanguage\":\"fr-FR\",\"@id\":\"https:\/\/smallthings.fr\/lespetitslivres\/#\/schema\/person\/image\/\",\"url\":\"https:\/\/secure.gravatar.com\/avatar\/b9e34137bb78059aebeb6866f6a13f5a?s=96&d=retro&r=g\",\"contentUrl\":\"https:\/\/secure.gravatar.com\/avatar\/b9e34137bb78059aebeb6866f6a13f5a?s=96&d=retro&r=g\",\"caption\":\"June\"},\"sameAs\":[\"https:\/\/twitter.com\/@dariadgille\"],\"url\":\"https:\/\/smallthings.fr\/lespetitslivres\/author\/june\/\"}]}<\/script>\n<!-- \/ Yoast SEO plugin. -->","yoast_head_json":{"title":"Amuse-bouche de St\u00e9phane Carlier, quand le roman se fait vaudeville","description":"St\u00e9phane Carlier a d\u00e9cid\u00e9ment l\u2019art et la mani\u00e8re de prendre le r\u00e9el pour le transformer en aventure vaudevillesque \u00e9tourdissante. Dans Amuse-Bouche, paru","robots":{"index":"index","follow":"follow","max-snippet":"max-snippet:-1","max-image-preview":"max-image-preview:large","max-video-preview":"max-video-preview:-1"},"canonical":"https:\/\/smallthings.fr\/lespetitslivres\/2017\/06\/21\/amuse-bouche-carlier-roman-avis\/","og_locale":"fr_FR","og_type":"article","og_title":"Amuse-bouche de St\u00e9phane Carlier, quand le roman se fait vaudeville","og_description":"St\u00e9phane Carlier a d\u00e9cid\u00e9ment l\u2019art et la mani\u00e8re de prendre le r\u00e9el pour le transformer en aventure vaudevillesque \u00e9tourdissante. Dans Amuse-Bouche, paru","og_url":"https:\/\/smallthings.fr\/lespetitslivres\/2017\/06\/21\/amuse-bouche-carlier-roman-avis\/","og_site_name":"Les Petits Livres","article_published_time":"2017-06-21T08:49:33+00:00","og_image":[{"width":500,"height":177,"url":"https:\/\/i0.wp.com\/smallthings.fr\/lespetitslivres\/wp-content\/uploads\/2017\/06\/amuse-bouche-couv.jpg?fit=500%2C177&ssl=1","type":"image\/jpeg"}],"author":"June","twitter_card":"summary_large_image","twitter_creator":"@dariadgille","twitter_misc":{"\u00c9crit par":"June","Dur\u00e9e de lecture estim\u00e9e":"2 minutes"},"schema":{"@context":"https:\/\/schema.org","@graph":[{"@type":"WebPage","@id":"https:\/\/smallthings.fr\/lespetitslivres\/2017\/06\/21\/amuse-bouche-carlier-roman-avis\/","url":"https:\/\/smallthings.fr\/lespetitslivres\/2017\/06\/21\/amuse-bouche-carlier-roman-avis\/","name":"Amuse-bouche de St\u00e9phane Carlier, quand le roman se fait vaudeville","isPartOf":{"@id":"https:\/\/smallthings.fr\/lespetitslivres\/#website"},"datePublished":"2017-06-21T08:49:33+00:00","dateModified":"2017-06-21T08:49:33+00:00","author":{"@id":"https:\/\/smallthings.fr\/lespetitslivres\/#\/schema\/person\/3e6389e33dfcb17850d47fa745090e73"},"description":"St\u00e9phane Carlier a d\u00e9cid\u00e9ment l\u2019art et la mani\u00e8re de prendre le r\u00e9el pour le transformer en aventure vaudevillesque \u00e9tourdissante. Dans Amuse-Bouche, paru","breadcrumb":{"@id":"https:\/\/smallthings.fr\/lespetitslivres\/2017\/06\/21\/amuse-bouche-carlier-roman-avis\/#breadcrumb"},"inLanguage":"fr-FR","potentialAction":[{"@type":"ReadAction","target":["https:\/\/smallthings.fr\/lespetitslivres\/2017\/06\/21\/amuse-bouche-carlier-roman-avis\/"]}]},{"@type":"BreadcrumbList","@id":"https:\/\/smallthings.fr\/lespetitslivres\/2017\/06\/21\/amuse-bouche-carlier-roman-avis\/#breadcrumb","itemListElement":[{"@type":"ListItem","position":1,"name":"Accueil","item":"https:\/\/smallthings.fr\/lespetitslivres\/"},{"@type":"ListItem","position":2,"name":"Amuse-bouche de St\u00e9phane Carlier, quand le roman se fait vaudeville"}]},{"@type":"WebSite","@id":"https:\/\/smallthings.fr\/lespetitslivres\/#website","url":"https:\/\/smallthings.fr\/lespetitslivres\/","name":"Les Petits Livres","description":"by Small Things","potentialAction":[{"@type":"SearchAction","target":{"@type":"EntryPoint","urlTemplate":"https:\/\/smallthings.fr\/lespetitslivres\/?s={search_term_string}"},"query-input":"required name=search_term_string"}],"inLanguage":"fr-FR"},{"@type":"Person","@id":"https:\/\/smallthings.fr\/lespetitslivres\/#\/schema\/person\/3e6389e33dfcb17850d47fa745090e73","name":"June","image":{"@type":"ImageObject","inLanguage":"fr-FR","@id":"https:\/\/smallthings.fr\/lespetitslivres\/#\/schema\/person\/image\/","url":"https:\/\/secure.gravatar.com\/avatar\/b9e34137bb78059aebeb6866f6a13f5a?s=96&d=retro&r=g","contentUrl":"https:\/\/secure.gravatar.com\/avatar\/b9e34137bb78059aebeb6866f6a13f5a?s=96&d=retro&r=g","caption":"June"},"sameAs":["https:\/\/twitter.com\/@dariadgille"],"url":"https:\/\/smallthings.fr\/lespetitslivres\/author\/june\/"}]}},"jetpack_featured_media_url":"https:\/\/smallthings.fr\/lespetitslivres\/wp-content\/uploads\/2017\/06\/amuse-bouche-couv.jpg","jetpack_sharing_enabled":true,"jetpack_shortlink":"https:\/\/wp.me\/p6Un21-85i","jetpack-related-posts":[{"id":29992,"url":"https:\/\/smallthings.fr\/lespetitslivres\/2016\/05\/29\/perles-noires-jackie-o-carlier-critique\/","url_meta":{"origin":31080,"position":0},"title":"Les Perles noires de Jackie O., un roman irr\u00e9sistible de St\u00e9phane Carlier","author":"June","date":"29 mai 2016","format":false,"excerpt":"Avec Les Perles noires de Jackie O., paru le 12 mai aux \u00e9ditions du Cherche Midi, St\u00e9phane Carlier nous r\u00e9gale, tout simplement. Cette com\u00e9die tr\u00e9pidante ne laisse pas un instant de repos \u00e0 nos zygomatiques, sautant de situations absurdes en rebondissements loufoques. La vie de Gaby se tra\u00eene, grise et\u2026","rel":"","context":"Dans &quot;Roman fran\u00e7ais&quot;","block_context":{"text":"Roman fran\u00e7ais","link":"https:\/\/smallthings.fr\/lespetitslivres\/category\/roman\/roman-francais\/"},"img":{"alt_text":"","src":"https:\/\/i0.wp.com\/smallthings.fr\/lespetitslivres\/wp-content\/uploads\/2016\/05\/perles-noires.jpg?resize=350%2C200","width":350,"height":200},"classes":[]},{"id":31386,"url":"https:\/\/smallthings.fr\/lespetitslivres\/2017\/11\/15\/nos-annees-paralleles-stephane-corbin\/","url_meta":{"origin":31080,"position":1},"title":"Nos ann\u00e9es parall\u00e8les de St\u00e9phane Corbin : voix entrecrois\u00e9es d&rsquo;une m\u00e8re et son fils","author":"Paulo","date":"15 novembre 2017","format":false,"excerpt":"Nos ann\u00e9es parall\u00e8les est le premier livre de St\u00e9phane Corbin, p\u00e8re du collectif \"les funambules\". Il raconte avec ses mots une partie de sa vie, en m\u00e9langeant savamment le r\u00e9cit tant\u00f4t de son point de vue, tant\u00f4t du point de vue de sa m\u00e8re. Cet ouvrage vient de para\u00eetre aux\u2026","rel":"","context":"Dans &quot;Roman fran\u00e7ais&quot;","block_context":{"text":"Roman fran\u00e7ais","link":"https:\/\/smallthings.fr\/lespetitslivres\/category\/roman\/roman-francais\/"},"img":{"alt_text":"","src":"https:\/\/i0.wp.com\/smallthings.fr\/lespetitslivres\/wp-content\/uploads\/2017\/11\/nos-annees-paralleles-cover.jpg?resize=350%2C200&ssl=1","width":350,"height":200,"srcset":"https:\/\/i0.wp.com\/smallthings.fr\/lespetitslivres\/wp-content\/uploads\/2017\/11\/nos-annees-paralleles-cover.jpg?resize=350%2C200&ssl=1 1x, https:\/\/i0.wp.com\/smallthings.fr\/lespetitslivres\/wp-content\/uploads\/2017\/11\/nos-annees-paralleles-cover.jpg?resize=525%2C300&ssl=1 1.5x"},"classes":[]},{"id":31650,"url":"https:\/\/smallthings.fr\/lespetitslivres\/2018\/05\/09\/saveur-interdit-romance-stephane-soutoul\/","url_meta":{"origin":31080,"position":2},"title":"La saveur de l\u2019interdit : romance \u00e9rotique de St\u00e9phane Soutoul","author":"Jennifer","date":"9 mai 2018","format":false,"excerpt":"St\u00e9phane Soutoul revient avec une romance New Adult sortie le 25 mars dernier chez Rebelle \u00e9ditions. Dans La saveur de l\u2019interdit, M\u00e9lanie, jeune chef de 22 ans, vient de trouver un emploi \u00e0 N\u00eemes. Connue pour son temp\u00e9rament trop sage, la jeune femme va pourtant outrepasser toutes les r\u00e8gles qu\u2019elles\u2026","rel":"","context":"Dans &quot;Roman fran\u00e7ais&quot;","block_context":{"text":"Roman fran\u00e7ais","link":"https:\/\/smallthings.fr\/lespetitslivres\/category\/roman\/roman-francais\/"},"img":{"alt_text":"","src":"https:\/\/i0.wp.com\/smallthings.fr\/lespetitslivres\/wp-content\/uploads\/2018\/05\/La-saveur-de-linterdit-St\u00e9phane-Soutoul-2.jpg?resize=350%2C200&ssl=1","width":350,"height":200,"srcset":"https:\/\/i0.wp.com\/smallthings.fr\/lespetitslivres\/wp-content\/uploads\/2018\/05\/La-saveur-de-linterdit-St\u00e9phane-Soutoul-2.jpg?resize=350%2C200&ssl=1 1x, https:\/\/i0.wp.com\/smallthings.fr\/lespetitslivres\/wp-content\/uploads\/2018\/05\/La-saveur-de-linterdit-St\u00e9phane-Soutoul-2.jpg?resize=525%2C300&ssl=1 1.5x"},"classes":[]},{"id":18892,"url":"https:\/\/smallthings.fr\/lespetitslivres\/2014\/11\/26\/si-proche-de-lui-stephane-soutoul\/","url_meta":{"origin":31080,"position":3},"title":"Si proche de lui, une r\u00e9ussite de St\u00e9phane Soutoul","author":"Jennifer","date":"26 novembre 2014","format":false,"excerpt":"Si proche de lui est un roman de young-adult \u00e9crit par St\u00e9phane Soutoul et sorti en octobre aux \u00e9ditions Rebelle. Dans la ville de Salem, les sorci\u00e8res existent toujours. Sonia Moonstar apprend la magie depuis toute petite mais quand, en une journ\u00e9e, toutes les gal\u00e8res s\u2019encha\u00eenent et qu\u2019en rentrant chez\u2026","rel":"","context":"Dans &quot;Roman fran\u00e7ais&quot;","block_context":{"text":"Roman fran\u00e7ais","link":"https:\/\/smallthings.fr\/lespetitslivres\/category\/roman\/roman-francais\/"},"img":{"alt_text":"","src":"https:\/\/i0.wp.com\/smallthings.fr\/wp-content\/uploads\/2014\/11\/si-proche-de-lui-soutoul.jpg?resize=350%2C200","width":350,"height":200},"classes":[]},{"id":31630,"url":"https:\/\/smallthings.fr\/lespetitslivres\/2018\/04\/26\/du-cote-du-bonheur-anna-mcpartlin\/","url_meta":{"origin":31080,"position":4},"title":"Du c\u00f4t\u00e9 du bonheur, le roman doudou d&rsquo;Anna McPartlin","author":"June","date":"26 avril 2018","format":false,"excerpt":"Du c\u00f4t\u00e9 du bonheur, le roman \"feel-good\" d'Anna McPartlin vient de sortir au Cherche Midi. Rescap\u00e9e d\u2019un mari violent, Maisie s\u2019occupe d\u00e9sormais seule de ses deux enfants et de sa m\u00e8re qui perd la t\u00eate. Jonglant entre ses deux emplois et au fil des combats quotidiens, elle parvient doucement \u00e0\u2026","rel":"","context":"Dans &quot;Roman \u00e9tranger&quot;","block_context":{"text":"Roman \u00e9tranger","link":"https:\/\/smallthings.fr\/lespetitslivres\/category\/roman\/roman-etranger\/"},"img":{"alt_text":"","src":"https:\/\/i0.wp.com\/smallthings.fr\/lespetitslivres\/wp-content\/uploads\/2018\/04\/du-cote-du-bonheur-cover.jpg?resize=350%2C200&ssl=1","width":350,"height":200,"srcset":"https:\/\/i0.wp.com\/smallthings.fr\/lespetitslivres\/wp-content\/uploads\/2018\/04\/du-cote-du-bonheur-cover.jpg?resize=350%2C200&ssl=1 1x, https:\/\/i0.wp.com\/smallthings.fr\/lespetitslivres\/wp-content\/uploads\/2018\/04\/du-cote-du-bonheur-cover.jpg?resize=525%2C300&ssl=1 1.5x, https:\/\/i0.wp.com\/smallthings.fr\/lespetitslivres\/wp-content\/uploads\/2018\/04\/du-cote-du-bonheur-cover.jpg?resize=700%2C400&ssl=1 2x"},"classes":[]},{"id":29615,"url":"https:\/\/smallthings.fr\/lespetitslivres\/2016\/02\/24\/proie-du-papillon-soutoul-avis\/","url_meta":{"origin":31080,"position":5},"title":"La Proie du Papillon de St\u00e9phane Soutoul : du suspense et de l&rsquo;\u00e9rotisme","author":"Jennifer","date":"24 f\u00e9vrier 2016","format":false,"excerpt":"La Proie du Papillon est le nouveau livre de St\u00e9phane Soutoul, qui para\u00eet aujourd'hui aux \u00e9ditions Pygmalion. Un roman qui nous fait d\u00e9couvrir les Fils d\u2019Eros, des professionnels de la s\u00e9duction qui jouent avec leurs victimes jusqu\u2019\u00e0 les mener \u00e0 leur perte\u2026 St\u00e9phane Soutoul est un auteur que j\u2019ai d\u00e9couvert\u2026","rel":"","context":"Dans &quot;Roman fran\u00e7ais&quot;","block_context":{"text":"Roman fran\u00e7ais","link":"https:\/\/smallthings.fr\/lespetitslivres\/category\/roman\/roman-francais\/"},"img":{"alt_text":"","src":"https:\/\/i0.wp.com\/smallthings.fr\/lespetitslivres\/wp-content\/uploads\/2016\/02\/proie-du-papillon-couv.jpg?resize=350%2C200&ssl=1","width":350,"height":200,"srcset":"https:\/\/i0.wp.com\/smallthings.fr\/lespetitslivres\/wp-content\/uploads\/2016\/02\/proie-du-papillon-couv.jpg?resize=350%2C200&ssl=1 1x, https:\/\/i0.wp.com\/smallthings.fr\/lespetitslivres\/wp-content\/uploads\/2016\/02\/proie-du-papillon-couv.jpg?resize=525%2C300&ssl=1 1.5x"},"classes":[]}],"_links":{"self":[{"href":"https:\/\/smallthings.fr\/lespetitslivres\/wp-json\/wp\/v2\/posts\/31080"}],"collection":[{"href":"https:\/\/smallthings.fr\/lespetitslivres\/wp-json\/wp\/v2\/posts"}],"about":[{"href":"https:\/\/smallthings.fr\/lespetitslivres\/wp-json\/wp\/v2\/types\/post"}],"author":[{"embeddable":true,"href":"https:\/\/smallthings.fr\/lespetitslivres\/wp-json\/wp\/v2\/users\/15"}],"replies":[{"embeddable":true,"href":"https:\/\/smallthings.fr\/lespetitslivres\/wp-json\/wp\/v2\/comments?post=31080"}],"version-history":[{"count":2,"href":"https:\/\/smallthings.fr\/lespetitslivres\/wp-json\/wp\/v2\/posts\/31080\/revisions"}],"predecessor-version":[{"id":31084,"href":"https:\/\/smallthings.fr\/lespetitslivres\/wp-json\/wp\/v2\/posts\/31080\/revisions\/31084"}],"wp:featuredmedia":[{"embeddable":true,"href":"https:\/\/smallthings.fr\/lespetitslivres\/wp-json\/wp\/v2\/media\/31082"}],"wp:attachment":[{"href":"https:\/\/smallthings.fr\/lespetitslivres\/wp-json\/wp\/v2\/media?parent=31080"}],"wp:term":[{"taxonomy":"category","embeddable":true,"href":"https:\/\/smallthings.fr\/lespetitslivres\/wp-json\/wp\/v2\/categories?post=31080"},{"taxonomy":"post_tag","embeddable":true,"href":"https:\/\/smallthings.fr\/lespetitslivres\/wp-json\/wp\/v2\/tags?post=31080"}],"curies":[{"name":"wp","href":"https:\/\/api.w.org\/{rel}","templated":true}]}}