{"id":31060,"date":"2017-06-15T08:55:23","date_gmt":"2017-06-15T07:55:23","guid":{"rendered":"http:\/\/smallthings.fr\/lespetitslivres\/?p=31060"},"modified":"2017-06-14T14:24:32","modified_gmt":"2017-06-14T13:24:32","slug":"quand-sort-recluse-fred-vargas-avis","status":"publish","type":"post","link":"https:\/\/smallthings.fr\/lespetitslivres\/2017\/06\/15\/quand-sort-recluse-fred-vargas-avis\/","title":{"rendered":"Quand sort la recluse, le nouveau polar de Fred Vargas"},"content":{"rendered":"<h2><em>Quand sort la recluse<\/em> est le tr\u00e8s attendu nouveau polar de Fred Vargas, r\u00e9cemment paru chez <a href=\"http:\/\/editions.flammarion.com\/Catalogue\/hors-collection\/policier-et-thriller\/quand-sort-la-recluse\">Flammarion<\/a>. Avant de lire un nouveau vargas, il y a toujours un moment de latence. D\u2019abord l\u2019excitation, ensuite le doute : \u00ab\u00a0et s\u2019il n\u2019\u00e9tait pas aussi bon que le pr\u00e9c\u00e9dent\u00a0?\u00a0\u00bb. Parce qu&rsquo;un Vargas, ce n\u2019est pas juste un \u00ab\u00a0Rom\u2019Pol\u00a0\u00bb, c\u2019est un univers bien particulier ou Histoire et histoire se r\u00e9pondent toujours de mani\u00e8re truculente.<\/h2>\n<p>C\u2019est ce qu\u2019on aime dans les romans de Fred Vargas : cet univers saturnien, comme l\u2019est son personnage principal Adamsberg. On l\u2019avait quitt\u00e9 dans ses brumes islandaises et son retour \u00e0 Paris se fait brutal, un peu comme notre retour dans l\u2019univers vargassien. La brigade se d\u00e9chire, Adamsberg tente de faire \u00e9clater les bulles de gaz dans son cerveau et nous, on a peur de ne pas se glisser aussi facilement dans cette histoire apr\u00e8s le dernier opus men\u00e9 de main de ma\u00eetre.<\/p>\n<p><img loading=\"lazy\" decoding=\"async\" data-attachment-id=\"31061\" data-permalink=\"https:\/\/smallthings.fr\/lespetitslivres\/2017\/06\/15\/quand-sort-recluse-fred-vargas-avis\/quand-sort-la-recluse\/\" data-orig-file=\"https:\/\/smallthings.fr\/lespetitslivres\/wp-content\/uploads\/2017\/06\/quand-sort-la-recluse.jpg\" data-orig-size=\"250,384\" data-comments-opened=\"1\" data-image-meta=\"{&quot;aperture&quot;:&quot;0&quot;,&quot;credit&quot;:&quot;&quot;,&quot;camera&quot;:&quot;&quot;,&quot;caption&quot;:&quot;&quot;,&quot;created_timestamp&quot;:&quot;0&quot;,&quot;copyright&quot;:&quot;&quot;,&quot;focal_length&quot;:&quot;0&quot;,&quot;iso&quot;:&quot;0&quot;,&quot;shutter_speed&quot;:&quot;0&quot;,&quot;title&quot;:&quot;&quot;,&quot;orientation&quot;:&quot;0&quot;}\" data-image-title=\"quand-sort-la-recluse\" data-image-description=\"\" data-image-caption=\"\" data-medium-file=\"https:\/\/smallthings.fr\/lespetitslivres\/wp-content\/uploads\/2017\/06\/quand-sort-la-recluse-195x300.jpg\" data-large-file=\"https:\/\/smallthings.fr\/lespetitslivres\/wp-content\/uploads\/2017\/06\/quand-sort-la-recluse.jpg\" class=\"alignleft size-full wp-image-31061\" src=\"http:\/\/smallthings.fr\/lespetitslivres\/wp-content\/uploads\/2017\/06\/quand-sort-la-recluse.jpg\" alt=\"\" width=\"250\" height=\"384\" srcset=\"https:\/\/smallthings.fr\/lespetitslivres\/wp-content\/uploads\/2017\/06\/quand-sort-la-recluse.jpg 250w, https:\/\/smallthings.fr\/lespetitslivres\/wp-content\/uploads\/2017\/06\/quand-sort-la-recluse-195x300.jpg 195w\" sizes=\"(max-width: 250px) 100vw, 250px\" \/>Alors <em>Quand sort la recluse<\/em>, on l\u2019attend de pied ferme\u2026<\/p>\n<p><strong>Et on se rassure, tout est l\u00e0\u00a0!<\/strong> Le double sens qui nous fait voyager entre petite et grande histoire, les personnages pelleteurs de nuages, les dialogues imag\u00e9s et stratosph\u00e9riques, on a m\u00eame droit au retour flamboyant d\u2019un personnage (personnellement un de mes pr\u00e9f\u00e9r\u00e9s) venant d\u2019une autre s\u00e9rie de Vargas (mais on sait que chez elle tout est entrem\u00eal\u00e9).<\/p>\n<p>Le d\u00e9but de <em>Quand sort la recluse<\/em> fait directement suite au pr\u00e9c\u00e9dent. Apr\u00e8s quelques temps pass\u00e9s en Islande, le commissaire Adamsberg est rappel\u00e9 d&rsquo;urgence \u00e0 Paris pour r\u00e9soudre une enqu\u00eate, (enqu\u00eate\u00a0 adamsberguienne qui sera pli\u00e9e en 2 temps 3 mouvements, <strong>le commissaire n&rsquo;a rien perdu de sa superbe<\/strong>). mais ce rappel sonne le glas de sa retraite islandaise, Et c&rsquo;est non sans mal que le commissaire r\u00e9int\u00e8gre la vie de la brigade. Au d\u00e9tour d&rsquo;un bureau, Adamberg d\u00e9couvre qu&rsquo;un de ses co\u00e9quipier s&rsquo;int\u00e9resse \u00e0 des personnes \u00e2g\u00e9es qui, apr\u00e8s avoir \u00e9t\u00e9 piqu\u00e9es par des araign\u00e9es, meurent dans le sud de la France. Et s&rsquo;il y a bien une chose que les lunaires \u00e9quipiers du commissaire flairent, ce sont les morts non suspectes&#8230; suspectes !<\/p>\n<p>Trois petits tours sur internet et une visite au Mus\u00e9e d&rsquo;Histoire Naturelle plus tard, et nous voil\u00e0 embarqu\u00e9s dans une nouvelle enqu\u00eate. Les recluses, qui qu&rsquo;elles soient, n&rsquo;ont qu&rsquo;\u00e0 bien se tenir, Adamsberg est sur leurs traces.<\/p>\n<p>Comme Vargas en a pris l\u2019habitude depuis quelques romans, on ne restera pas \u00e0 Paris pour cette enqu\u00eate. Des \u00e9tocs bretons aux hautes Pyr\u00e9n\u00e9es ch\u00e8res au commissaire, nous seront balad\u00e9s dans l\u2019espace et le temps (et pour une m\u00e9di\u00e9viste, quoi de plus normal !).<\/p>\n<p><strong><em>Quand sort la recluse<\/em>, un brin plus sombre ne sera pas de tout repos pour les personnages<\/strong>. Les errances d\u2019Adamsberg, la fuite de Danglard, la division au sein de la brigade, apportent un brin de noirceur aux relations entre les personnages, de quoi renvoyer notre commissaire dans ses brumes.<\/p>\n<p>Pour conclure, <em>Quand sort la recluse<\/em> est encore un bon Vargas et si je n&rsquo;avais qu&rsquo;un souhait, ce serait celui de faire revenir dans le prochain la bande des Saints (les connaisseurs me comprendront) car j&rsquo;aime mon cher commissaire, mais j&rsquo;adore l&rsquo;univers \u00e9tendu de Fred Vargas&#8230; !<\/p>\n<p>A bon entendeur&#8230;<\/p>\n","protected":false},"excerpt":{"rendered":"<p>Quand sort la recluse est le tr\u00e8s attendu nouveau polar de Fred Vargas, r\u00e9cemment paru chez Flammarion. Avant de lire un nouveau vargas, il y a toujours un moment de latence. D\u2019abord l\u2019excitation, ensuite le doute : \u00ab\u00a0et s\u2019il n\u2019\u00e9tait pas aussi bon que le pr\u00e9c\u00e9dent\u00a0?\u00a0\u00bb. Parce qu&rsquo;un Vargas, ce n\u2019est pas juste un \u00ab\u00a0Rom\u2019Pol\u00a0\u00bb,<\/p>\n","protected":false},"author":4,"featured_media":31062,"comment_status":"open","ping_status":"open","sticky":false,"template":"","format":"standard","meta":{"jetpack_post_was_ever_published":false,"_jetpack_newsletter_access":"","_jetpack_newsletter_tier_id":0,"footnotes":"","jetpack_publicize_message":"","jetpack_is_tweetstorm":false,"jetpack_publicize_feature_enabled":true,"jetpack_social_post_already_shared":true,"jetpack_social_options":{"image_generator_settings":{"template":"highway","enabled":false}}},"categories":[1111],"tags":[1779,7,1778,18],"jetpack_publicize_connections":[],"yoast_head":"<!-- This site is optimized with the Yoast SEO plugin v21.5 - https:\/\/yoast.com\/wordpress\/plugins\/seo\/ -->\n<title>Quand sort la recluse, le nouveau polar de Fred Vargas<\/title>\n<meta name=\"description\" content=\"Quand sort la recluse est le tr\u00e8s attendu nouveau polar de Fred Vargas, r\u00e9cemment paru chez Flammarion. Avant de lire un nouveau vargas, il y a toujours un\" \/>\n<meta name=\"robots\" content=\"index, follow, max-snippet:-1, max-image-preview:large, max-video-preview:-1\" \/>\n<link rel=\"canonical\" href=\"https:\/\/smallthings.fr\/lespetitslivres\/2017\/06\/15\/quand-sort-recluse-fred-vargas-avis\/\" \/>\n<meta property=\"og:locale\" content=\"fr_FR\" \/>\n<meta property=\"og:type\" content=\"article\" \/>\n<meta property=\"og:title\" content=\"Quand sort la recluse, le nouveau polar de Fred Vargas\" \/>\n<meta property=\"og:description\" content=\"Quand sort la recluse est le tr\u00e8s attendu nouveau polar de Fred Vargas, r\u00e9cemment paru chez Flammarion. Avant de lire un nouveau vargas, il y a toujours un\" \/>\n<meta property=\"og:url\" content=\"https:\/\/smallthings.fr\/lespetitslivres\/2017\/06\/15\/quand-sort-recluse-fred-vargas-avis\/\" \/>\n<meta property=\"og:site_name\" content=\"Les Petits Livres\" \/>\n<meta property=\"article:published_time\" content=\"2017-06-15T07:55:23+00:00\" \/>\n<meta property=\"article:modified_time\" content=\"2017-06-14T13:24:32+00:00\" \/>\n<meta property=\"og:image\" content=\"https:\/\/smallthings.fr\/lespetitslivres\/wp-content\/uploads\/2017\/06\/Quand-sort-la-recluse-1.jpg\" \/>\n\t<meta property=\"og:image:width\" content=\"357\" \/>\n\t<meta property=\"og:image:height\" content=\"196\" \/>\n\t<meta property=\"og:image:type\" content=\"image\/jpeg\" \/>\n<meta name=\"author\" content=\"Audrey\" \/>\n<meta name=\"twitter:card\" content=\"summary_large_image\" \/>\n<meta name=\"twitter:label1\" content=\"\u00c9crit par\" \/>\n\t<meta name=\"twitter:data1\" content=\"Audrey\" \/>\n\t<meta name=\"twitter:label2\" content=\"Dur\u00e9e de lecture estim\u00e9e\" \/>\n\t<meta name=\"twitter:data2\" content=\"3 minutes\" \/>\n<script type=\"application\/ld+json\" class=\"yoast-schema-graph\">{\"@context\":\"https:\/\/schema.org\",\"@graph\":[{\"@type\":\"WebPage\",\"@id\":\"https:\/\/smallthings.fr\/lespetitslivres\/2017\/06\/15\/quand-sort-recluse-fred-vargas-avis\/\",\"url\":\"https:\/\/smallthings.fr\/lespetitslivres\/2017\/06\/15\/quand-sort-recluse-fred-vargas-avis\/\",\"name\":\"Quand sort la recluse, le nouveau polar de Fred Vargas\",\"isPartOf\":{\"@id\":\"https:\/\/smallthings.fr\/lespetitslivres\/#website\"},\"datePublished\":\"2017-06-15T07:55:23+00:00\",\"dateModified\":\"2017-06-14T13:24:32+00:00\",\"author\":{\"@id\":\"https:\/\/smallthings.fr\/lespetitslivres\/#\/schema\/person\/090f6f1e6987b967d7b8da039de93d20\"},\"description\":\"Quand sort la recluse est le tr\u00e8s attendu nouveau polar de Fred Vargas, r\u00e9cemment paru chez Flammarion. Avant de lire un nouveau vargas, il y a toujours un\",\"breadcrumb\":{\"@id\":\"https:\/\/smallthings.fr\/lespetitslivres\/2017\/06\/15\/quand-sort-recluse-fred-vargas-avis\/#breadcrumb\"},\"inLanguage\":\"fr-FR\",\"potentialAction\":[{\"@type\":\"ReadAction\",\"target\":[\"https:\/\/smallthings.fr\/lespetitslivres\/2017\/06\/15\/quand-sort-recluse-fred-vargas-avis\/\"]}]},{\"@type\":\"BreadcrumbList\",\"@id\":\"https:\/\/smallthings.fr\/lespetitslivres\/2017\/06\/15\/quand-sort-recluse-fred-vargas-avis\/#breadcrumb\",\"itemListElement\":[{\"@type\":\"ListItem\",\"position\":1,\"name\":\"Accueil\",\"item\":\"https:\/\/smallthings.fr\/lespetitslivres\/\"},{\"@type\":\"ListItem\",\"position\":2,\"name\":\"Quand sort la recluse, le nouveau polar de Fred Vargas\"}]},{\"@type\":\"WebSite\",\"@id\":\"https:\/\/smallthings.fr\/lespetitslivres\/#website\",\"url\":\"https:\/\/smallthings.fr\/lespetitslivres\/\",\"name\":\"Les Petits Livres\",\"description\":\"by Small Things\",\"potentialAction\":[{\"@type\":\"SearchAction\",\"target\":{\"@type\":\"EntryPoint\",\"urlTemplate\":\"https:\/\/smallthings.fr\/lespetitslivres\/?s={search_term_string}\"},\"query-input\":\"required name=search_term_string\"}],\"inLanguage\":\"fr-FR\"},{\"@type\":\"Person\",\"@id\":\"https:\/\/smallthings.fr\/lespetitslivres\/#\/schema\/person\/090f6f1e6987b967d7b8da039de93d20\",\"name\":\"Audrey\",\"image\":{\"@type\":\"ImageObject\",\"inLanguage\":\"fr-FR\",\"@id\":\"https:\/\/smallthings.fr\/lespetitslivres\/#\/schema\/person\/image\/\",\"url\":\"https:\/\/secure.gravatar.com\/avatar\/9a73c69f7cd2b286f08a6c23baee754a?s=96&d=retro&r=g\",\"contentUrl\":\"https:\/\/secure.gravatar.com\/avatar\/9a73c69f7cd2b286f08a6c23baee754a?s=96&d=retro&r=g\",\"caption\":\"Audrey\"},\"url\":\"https:\/\/smallthings.fr\/lespetitslivres\/author\/audrey\/\"}]}<\/script>\n<!-- \/ Yoast SEO plugin. -->","yoast_head_json":{"title":"Quand sort la recluse, le nouveau polar de Fred Vargas","description":"Quand sort la recluse est le tr\u00e8s attendu nouveau polar de Fred Vargas, r\u00e9cemment paru chez Flammarion. Avant de lire un nouveau vargas, il y a toujours un","robots":{"index":"index","follow":"follow","max-snippet":"max-snippet:-1","max-image-preview":"max-image-preview:large","max-video-preview":"max-video-preview:-1"},"canonical":"https:\/\/smallthings.fr\/lespetitslivres\/2017\/06\/15\/quand-sort-recluse-fred-vargas-avis\/","og_locale":"fr_FR","og_type":"article","og_title":"Quand sort la recluse, le nouveau polar de Fred Vargas","og_description":"Quand sort la recluse est le tr\u00e8s attendu nouveau polar de Fred Vargas, r\u00e9cemment paru chez Flammarion. Avant de lire un nouveau vargas, il y a toujours un","og_url":"https:\/\/smallthings.fr\/lespetitslivres\/2017\/06\/15\/quand-sort-recluse-fred-vargas-avis\/","og_site_name":"Les Petits Livres","article_published_time":"2017-06-15T07:55:23+00:00","article_modified_time":"2017-06-14T13:24:32+00:00","og_image":[{"width":357,"height":196,"url":"https:\/\/smallthings.fr\/lespetitslivres\/wp-content\/uploads\/2017\/06\/Quand-sort-la-recluse-1.jpg","type":"image\/jpeg"}],"author":"Audrey","twitter_card":"summary_large_image","twitter_misc":{"\u00c9crit par":"Audrey","Dur\u00e9e de lecture estim\u00e9e":"3 minutes"},"schema":{"@context":"https:\/\/schema.org","@graph":[{"@type":"WebPage","@id":"https:\/\/smallthings.fr\/lespetitslivres\/2017\/06\/15\/quand-sort-recluse-fred-vargas-avis\/","url":"https:\/\/smallthings.fr\/lespetitslivres\/2017\/06\/15\/quand-sort-recluse-fred-vargas-avis\/","name":"Quand sort la recluse, le nouveau polar de Fred Vargas","isPartOf":{"@id":"https:\/\/smallthings.fr\/lespetitslivres\/#website"},"datePublished":"2017-06-15T07:55:23+00:00","dateModified":"2017-06-14T13:24:32+00:00","author":{"@id":"https:\/\/smallthings.fr\/lespetitslivres\/#\/schema\/person\/090f6f1e6987b967d7b8da039de93d20"},"description":"Quand sort la recluse est le tr\u00e8s attendu nouveau polar de Fred Vargas, r\u00e9cemment paru chez Flammarion. Avant de lire un nouveau vargas, il y a toujours un","breadcrumb":{"@id":"https:\/\/smallthings.fr\/lespetitslivres\/2017\/06\/15\/quand-sort-recluse-fred-vargas-avis\/#breadcrumb"},"inLanguage":"fr-FR","potentialAction":[{"@type":"ReadAction","target":["https:\/\/smallthings.fr\/lespetitslivres\/2017\/06\/15\/quand-sort-recluse-fred-vargas-avis\/"]}]},{"@type":"BreadcrumbList","@id":"https:\/\/smallthings.fr\/lespetitslivres\/2017\/06\/15\/quand-sort-recluse-fred-vargas-avis\/#breadcrumb","itemListElement":[{"@type":"ListItem","position":1,"name":"Accueil","item":"https:\/\/smallthings.fr\/lespetitslivres\/"},{"@type":"ListItem","position":2,"name":"Quand sort la recluse, le nouveau polar de Fred Vargas"}]},{"@type":"WebSite","@id":"https:\/\/smallthings.fr\/lespetitslivres\/#website","url":"https:\/\/smallthings.fr\/lespetitslivres\/","name":"Les Petits Livres","description":"by Small Things","potentialAction":[{"@type":"SearchAction","target":{"@type":"EntryPoint","urlTemplate":"https:\/\/smallthings.fr\/lespetitslivres\/?s={search_term_string}"},"query-input":"required name=search_term_string"}],"inLanguage":"fr-FR"},{"@type":"Person","@id":"https:\/\/smallthings.fr\/lespetitslivres\/#\/schema\/person\/090f6f1e6987b967d7b8da039de93d20","name":"Audrey","image":{"@type":"ImageObject","inLanguage":"fr-FR","@id":"https:\/\/smallthings.fr\/lespetitslivres\/#\/schema\/person\/image\/","url":"https:\/\/secure.gravatar.com\/avatar\/9a73c69f7cd2b286f08a6c23baee754a?s=96&d=retro&r=g","contentUrl":"https:\/\/secure.gravatar.com\/avatar\/9a73c69f7cd2b286f08a6c23baee754a?s=96&d=retro&r=g","caption":"Audrey"},"url":"https:\/\/smallthings.fr\/lespetitslivres\/author\/audrey\/"}]}},"jetpack_featured_media_url":"https:\/\/smallthings.fr\/lespetitslivres\/wp-content\/uploads\/2017\/06\/Quand-sort-la-recluse-1.jpg","jetpack_sharing_enabled":true,"jetpack_shortlink":"https:\/\/wp.me\/p6Un21-84Y","jetpack-related-posts":[{"id":21031,"url":"https:\/\/smallthings.fr\/lespetitslivres\/2015\/02\/18\/vampire-nation-saga-larissa-ione-avis\/","url_meta":{"origin":31060,"position":0},"title":"Vampire Nation, la nouvelle saga de Larissa Ione","author":"Jennifer","date":"18 f\u00e9vrier 2015","format":false,"excerpt":"Vampire Nation, la nouvelle saga de Larissa Ione, sort le 20 f\u00e9vrier prochain aux \u00e9ditions Milady. Dans ce premier tome intitul\u00e9 Riker, nous faisons la connaissance d\u2019un nouveau monde. Un monde o\u00f9 les vampires ont \u00e9t\u00e9 r\u00e9duits en esclavage, mais o\u00f9 certains ont pu se cacher et luttent pour leur\u2026","rel":"","context":"Dans &quot;Fantastique&quot;","block_context":{"text":"Fantastique","link":"https:\/\/smallthings.fr\/lespetitslivres\/category\/imaginaire\/fantastique\/"},"img":{"alt_text":"","src":"https:\/\/i0.wp.com\/smallthings.fr\/wp-content\/uploads\/2015\/02\/vampire-nation-504x800.jpg?resize=350%2C200","width":350,"height":200},"classes":[]},{"id":30325,"url":"https:\/\/smallthings.fr\/lespetitslivres\/2016\/09\/21\/le-piege-thriller-melanie-raabe\/","url_meta":{"origin":31060,"position":1},"title":"Le pi\u00e8ge, thriller haletant de Melanie Raabe","author":"June","date":"21 septembre 2016","format":false,"excerpt":"Thriller psychologique au suspense haletant, Le pi\u00e8ge est le premier roman de Melanie Raabe, journaliste de son \u00e9tat. Paru le 14 septembre aux \u00e9ditions JC Latt\u00e8s, son intrigue tr\u00e8s efficace se r\u00e9v\u00e8le un v\u00e9ritable pi\u00e8ge\u2026 \u00e0 lecteurs\u00a0! Linda Conrads est un auteur \u00e0 succ\u00e8s et une source de rumeurs et\u2026","rel":"","context":"Dans &quot;Thriller&quot;","block_context":{"text":"Thriller","link":"https:\/\/smallthings.fr\/lespetitslivres\/category\/thriller\/"},"img":{"alt_text":"","src":"https:\/\/i0.wp.com\/smallthings.fr\/lespetitslivres\/wp-content\/uploads\/2016\/09\/piege-couv.jpeg?resize=350%2C200","width":350,"height":200},"classes":[]},{"id":30130,"url":"https:\/\/smallthings.fr\/lespetitslivres\/2016\/07\/06\/witch-hunter-virginia-boecker-critique\/","url_meta":{"origin":31060,"position":2},"title":"Witch Hunter : quand le chasseur devient la proie","author":"Jennifer","date":"6 juillet 2016","format":false,"excerpt":"Witch Hunter, sorti le 16 juin dernier chez Pocket Jeunesse, est le premier tome de la saga young-adult de Virginia Boecker. Nous y rencontrons Elizabeth Grey, 16 ans, une redoutable chasseuse de sorci\u00e8re. Quand c\u2019est \u00e0 son tour d\u2019\u00eatre arr\u00eat\u00e9e pour sorcellerie, elle devra faire confiance \u00e0 ceux qu\u2019elle chasse\u2026","rel":"","context":"Dans &quot;Young Adult&quot;","block_context":{"text":"Young Adult","link":"https:\/\/smallthings.fr\/lespetitslivres\/category\/young-adult\/"},"img":{"alt_text":"","src":"https:\/\/i0.wp.com\/smallthings.fr\/lespetitslivres\/wp-content\/uploads\/2016\/07\/witch-hunter.jpg?resize=350%2C200","width":350,"height":200},"classes":[]},{"id":29244,"url":"https:\/\/smallthings.fr\/lespetitslivres\/2015\/12\/03\/cest-pas-moi-cest-toi-mcfarlane-critique\/","url_meta":{"origin":31060,"position":3},"title":"C\u2019est pas moi, c\u2019est toi : une com\u00e9die romantique qui fait du bien","author":"Jennifer","date":"3 d\u00e9cembre 2015","format":false,"excerpt":"C\u2019est pas moi, c\u2019est toi est le nouveau roman de Mhairi McFarlane sorti chez Milady le 23 octobre. Il raconte l\u2019histoire de Delia, une jeune femme qui filait le parfait amour, jusqu\u2019au jour o\u00f9 elle apprend que son fianc\u00e9 la trompe. Une question se pose alors\u00a0: changer radicalement de vie\u2026","rel":"","context":"Dans &quot;Actu&quot;","block_context":{"text":"Actu","link":"https:\/\/smallthings.fr\/lespetitslivres\/category\/actu\/"},"img":{"alt_text":"","src":"https:\/\/i0.wp.com\/smallthings.fr\/lespetitslivres\/wp-content\/uploads\/2015\/12\/c-est-pas-moi-c-est-toi-couv.jpg?resize=350%2C200&ssl=1","width":350,"height":200,"srcset":"https:\/\/i0.wp.com\/smallthings.fr\/lespetitslivres\/wp-content\/uploads\/2015\/12\/c-est-pas-moi-c-est-toi-couv.jpg?resize=350%2C200&ssl=1 1x, https:\/\/i0.wp.com\/smallthings.fr\/lespetitslivres\/wp-content\/uploads\/2015\/12\/c-est-pas-moi-c-est-toi-couv.jpg?resize=525%2C300&ssl=1 1.5x"},"classes":[]},{"id":29764,"url":"https:\/\/smallthings.fr\/lespetitslivres\/2016\/03\/23\/audrey-retrouvee-chronique-ado\/","url_meta":{"origin":31060,"position":4},"title":"Audrey Retrouv\u00e9e : chronique d\u2019une ado en d\u00e9pression","author":"Jennifer","date":"23 mars 2016","format":false,"excerpt":"Audrey Retrouv\u00e9e\u00a0est le nouveau livre de l\u2019auteure de\u00a0L\u2019accro du Shopping : Sophie Kinsella. Madeleine Wickham, de son vrai nom, s\u2019essaie avec brio au roman young-adult. Sorti le 3 mars chez Pocket Jeunesse, Audrey Retrouv\u00e9e parle de la vie d\u2019une adolescente vivant recluse chez elle, une paire de lunette constamment sur\u2026","rel":"","context":"Dans &quot;Young Adult&quot;","block_context":{"text":"Young Adult","link":"https:\/\/smallthings.fr\/lespetitslivres\/category\/young-adult\/"},"img":{"alt_text":"","src":"https:\/\/i0.wp.com\/smallthings.fr\/lespetitslivres\/wp-content\/uploads\/2016\/03\/audrey-retrouvee-couv.jpg?resize=350%2C200&ssl=1","width":350,"height":200},"classes":[]},{"id":19707,"url":"https:\/\/smallthings.fr\/lespetitslivres\/2015\/01\/05\/en-ligne-de-mire-nancy-bush\/","url_meta":{"origin":31060,"position":5},"title":"En ligne de mire, thriller psychologique de Nancy Bush","author":"Jennifer","date":"5 janvier 2015","format":false,"excerpt":"En ligne de mire de Nancy Bush est sorti le 21 novembre chez Milady dans la collection Suspense. Olivia Dugan, surnomm\u00e9e Livvie, est encore une enfant lorsqu\u2019elle d\u00e9couvre sa m\u00e8re pendue dans la cuisine. Devenue adulte, la jeune femme tente de mener une vie ordinaire malgr\u00e9 les s\u00e9quelles qu\u2019elle cache,\u2026","rel":"","context":"Dans &quot;Thriller&quot;","block_context":{"text":"Thriller","link":"https:\/\/smallthings.fr\/lespetitslivres\/category\/thriller\/"},"img":{"alt_text":"","src":"https:\/\/i0.wp.com\/smallthings.fr\/wp-content\/uploads\/2015\/01\/ligne-de-mire.jpg?resize=350%2C200","width":350,"height":200},"classes":[]}],"_links":{"self":[{"href":"https:\/\/smallthings.fr\/lespetitslivres\/wp-json\/wp\/v2\/posts\/31060"}],"collection":[{"href":"https:\/\/smallthings.fr\/lespetitslivres\/wp-json\/wp\/v2\/posts"}],"about":[{"href":"https:\/\/smallthings.fr\/lespetitslivres\/wp-json\/wp\/v2\/types\/post"}],"author":[{"embeddable":true,"href":"https:\/\/smallthings.fr\/lespetitslivres\/wp-json\/wp\/v2\/users\/4"}],"replies":[{"embeddable":true,"href":"https:\/\/smallthings.fr\/lespetitslivres\/wp-json\/wp\/v2\/comments?post=31060"}],"version-history":[{"count":2,"href":"https:\/\/smallthings.fr\/lespetitslivres\/wp-json\/wp\/v2\/posts\/31060\/revisions"}],"predecessor-version":[{"id":31064,"href":"https:\/\/smallthings.fr\/lespetitslivres\/wp-json\/wp\/v2\/posts\/31060\/revisions\/31064"}],"wp:featuredmedia":[{"embeddable":true,"href":"https:\/\/smallthings.fr\/lespetitslivres\/wp-json\/wp\/v2\/media\/31062"}],"wp:attachment":[{"href":"https:\/\/smallthings.fr\/lespetitslivres\/wp-json\/wp\/v2\/media?parent=31060"}],"wp:term":[{"taxonomy":"category","embeddable":true,"href":"https:\/\/smallthings.fr\/lespetitslivres\/wp-json\/wp\/v2\/categories?post=31060"},{"taxonomy":"post_tag","embeddable":true,"href":"https:\/\/smallthings.fr\/lespetitslivres\/wp-json\/wp\/v2\/tags?post=31060"}],"curies":[{"name":"wp","href":"https:\/\/api.w.org\/{rel}","templated":true}]}}