{"id":31052,"date":"2017-06-14T09:01:56","date_gmt":"2017-06-14T08:01:56","guid":{"rendered":"http:\/\/smallthings.fr\/lespetitslivres\/?p=31052"},"modified":"2017-06-14T09:01:56","modified_gmt":"2017-06-14T08:01:56","slug":"passe-miroir-t3-memoire-de-babel","status":"publish","type":"post","link":"https:\/\/smallthings.fr\/lespetitslivres\/2017\/06\/14\/passe-miroir-t3-memoire-de-babel\/","title":{"rendered":"La Passe-Miroir T3 : La M\u00e9moire de Babel"},"content":{"rendered":"<h2>L&rsquo;une des sortis tr\u00e8s attendue de ce mois de juin est le tome 3 de <em>La\u00a0Passe-Miroir<\/em>, intitul\u00e9 <strong><em>La M\u00e9moire de Babel<\/em><\/strong>. Ce volume ne\u00a0d\u00e9ment pas le succ\u00e8s m\u00e9rit\u00e9 de la saga. Un an et huit mois, voil\u00e0 ce qu\u2019il aura fallu patienter pour les afficionados de la s\u00e9rie avant de retrouver Oph\u00e9lie. Dieu merci (si je puis le dire ainsi dans le contexte. Sic), nous ne sommes pas les seuls \u00e0 avoir souffert de l\u2019attente, puisqu\u2019au d\u00e9but de ce nouvel opus, Oph\u00e9lie est sans nouvelles de Thorn depuis deux ans et sept mois. Deux ans et sept mois durant lesquels elle n\u2019a cess\u00e9 de cogiter les derniers \u00e9v\u00e9nements sur l\u2019Arche du P\u00f4le, les bribes de la m\u00e9moire de Dieu et les r\u00e9v\u00e9lations du livre de Farouk, l\u2019esprit de famille.<\/h2>\n<p><img loading=\"lazy\" decoding=\"async\" data-attachment-id=\"31053\" data-permalink=\"https:\/\/smallthings.fr\/lespetitslivres\/2017\/06\/14\/passe-miroir-t3-memoire-de-babel\/la-memoire-de-babel\/\" data-orig-file=\"https:\/\/smallthings.fr\/lespetitslivres\/wp-content\/uploads\/2017\/06\/La-memoire-de-Babel.jpg\" data-orig-size=\"400,580\" data-comments-opened=\"1\" data-image-meta=\"{&quot;aperture&quot;:&quot;0&quot;,&quot;credit&quot;:&quot;&quot;,&quot;camera&quot;:&quot;&quot;,&quot;caption&quot;:&quot;&quot;,&quot;created_timestamp&quot;:&quot;0&quot;,&quot;copyright&quot;:&quot;&quot;,&quot;focal_length&quot;:&quot;0&quot;,&quot;iso&quot;:&quot;0&quot;,&quot;shutter_speed&quot;:&quot;0&quot;,&quot;title&quot;:&quot;&quot;,&quot;orientation&quot;:&quot;0&quot;}\" data-image-title=\"La-memoire-de-Babel\" data-image-description=\"\" data-image-caption=\"\" data-medium-file=\"https:\/\/smallthings.fr\/lespetitslivres\/wp-content\/uploads\/2017\/06\/La-memoire-de-Babel-207x300.jpg\" data-large-file=\"https:\/\/smallthings.fr\/lespetitslivres\/wp-content\/uploads\/2017\/06\/La-memoire-de-Babel.jpg\" class=\"alignleft wp-image-31053\" src=\"http:\/\/smallthings.fr\/lespetitslivres\/wp-content\/uploads\/2017\/06\/La-memoire-de-Babel.jpg\" alt=\"\" width=\"287\" height=\"416\" srcset=\"https:\/\/smallthings.fr\/lespetitslivres\/wp-content\/uploads\/2017\/06\/La-memoire-de-Babel.jpg 400w, https:\/\/smallthings.fr\/lespetitslivres\/wp-content\/uploads\/2017\/06\/La-memoire-de-Babel-207x300.jpg 207w\" sizes=\"(max-width: 287px) 100vw, 287px\" \/>Alors il n\u2019en faut pas plus que la r\u00e9apparition du s\u00e9millant Archibald pour qu\u2019elle reparte \u00e0 l\u2019aventure\u2026 Et nous avec, parce-que, soyons honn\u00eates on attendait que \u00e7a. Pour notre d\u00e9fense, <strong>Christelle Dabos manie l\u2019imaginaire de son univers, au fil de sa sympathique plume, avec une rare dext\u00e9rit\u00e9, le rendant cruellement addictif<\/strong>. Ami lecteur, amateur de fantasy et d\u2019imaginaire, je te le dis tout net\u00a0: <strong>j\u2019y ai pass\u00e9 une nuit blanche mais j\u2019ai d\u00e9vor\u00e9 l\u2019affaire en vingt-quatre heures, tant il m\u2019\u00e9tait impossible de poser l\u2019aventure en cours de route<\/strong>. Alors si toi aussi, tu veux te lancer dans l\u2019aventure, que ce soit pour un tome ou pour trois, d\u00e9branche ton t\u00e9l\u00e9phone et fais des r\u00e9serves de th\u00e9 et d\u2019Or\u00e9os. Tu en auras \u00e9motionnellement besoin, crois-en mon exp\u00e9rience.<\/p>\n<p>A nouveau volet, nouveau monde : dans ce tome 3 de <em>La Passe-Miroir<\/em>, le chemin d\u2019Oph\u00e9lie nous transpose sur l\u2019arche de Babel, moderne et multiculturelle, mod\u00e8le d\u2019excellence en mati\u00e8re de savoirs et d\u2019innovation o\u00f9 se c\u00f4toie une multiplicit\u00e9 de pouvoirs. Au passage, dans <em>La M\u00e9moire de Babel<\/em> comme dans les pr\u00e9c\u00e9dents tomes de <em>La Passe-Miroir<\/em>, on peut appr\u00e9cier la r\u00e9f\u00e9rence historique et mythologique que Christelle Dabos marie avec brio \u00e0 sa fiction. Car, si Babel est pr\u00e9sent\u00e9e ainsi, ce n\u2019est pas un hasard. Souvenez-vous, avant d&rsquo;\u00eatre une m\u00e9thode commerciale d&rsquo;apprentissage des langues, Babel est un \u00e9pisode biblique qui, selon les interpr\u00e9tations, serait le lieu de la d\u00e9sob\u00e9issance \u00e0 Dieu, o\u00f9 apr\u00e8s le D\u00e9luge, les hommes entreprirent d&rsquo;exister par eux-m\u00eames et de construire une tour touchant le ciel, la fameuse tour de Babel. En r\u00e9primande de quoi, Dieu aurait brouill\u00e9 la langue commune, cr\u00e9ant des langages diff\u00e9rents et dispers\u00e9 les hommes. Ce qui est d&rsquo;une grande signification dans l&rsquo;univers d&rsquo;Oph\u00e9lie comme dans sa qu\u00eate. Mais je ne dirais pas plus. Ne spoilons pas mes bons.<\/p>\n<p>Ce qui est certain, c\u2019est que <strong>ce qui attend Oph\u00e9lie ne va pas manquer de nous tenir en haleine. A chercher trop profond\u00e9ment des r\u00e9ponses, elle ne va pas se faire que des amis, car les sbires de Dieu sont partout<\/strong>. Douche de bris de verre et autres tentatives d\u2019assassinat, le comit\u00e9 d\u2019accueil sur Babel est assez \u00e9loign\u00e9 de celui du Club Med. D\u2019autant plus que les apparences sont trompeuses\u2026 Mais son obstination ira de pair avec le danger qui la talonne. De d\u00e9couvertes en retournements de situation, le c\u0153ur du lecteur joue au yo-yo \u00e0 l\u2019unisson avec celui de notre h\u00e9ro\u00efne \u00e0 l\u2019incurable maladresse mais au caract\u00e8re\u00a0 d\u00e9sormais plus affirm\u00e9.<\/p>\n<p>Aussi prenant et addictif, que les tomes pr\u00e9c\u00e9dents de <em>La Passe-Miroir<\/em>, <em>La M\u00e9moire de Babel<\/em> ne rel\u00e2che pas la pression une seconde et on ne cesse de se demander jusqu\u2019o\u00f9 tout ceci va nous mener. Oph\u00e9lie parviendra-t-elle \u00e0 d\u00e9couvrir qui est l\u2019Autre\u00a0? A d\u00e9jouer les plans de Dieu\u00a0? A retrouver Thorn\u00a0? Le seul point que l\u2019on puisse regretter est que le fil narratif qui se passe sur l\u2019Arche du P\u00f4le en parall\u00e8le ne soit pas plus \u00e9toff\u00e9. Cependant, cela ne fait que nous mettre en app\u00e9tit pour la suite, en <strong>pr\u00e9sageant de nouvelles aventures plus haletantes encore, d\u2019autant plus que la conclusion de tout ceci est un cliffhanger de folie<\/strong>. On n\u2019a d\u00e9sormais plus qu\u2019une envie\u00a0: ouvrir le tome 4 de <em>La Passe-Miroir<\/em>\u2026 Mais ce ne sera pas pour tout de suite.<\/p>\n","protected":false},"excerpt":{"rendered":"<p>L&rsquo;une des sortis tr\u00e8s attendue de ce mois de juin est le tome 3 de La\u00a0Passe-Miroir, intitul\u00e9 La M\u00e9moire de Babel. Ce volume ne\u00a0d\u00e9ment pas le succ\u00e8s m\u00e9rit\u00e9 de la saga. Un an et huit mois, voil\u00e0 ce qu\u2019il aura fallu patienter pour les afficionados de la s\u00e9rie avant de retrouver Oph\u00e9lie. Dieu merci (si<\/p>\n","protected":false},"author":15,"featured_media":31056,"comment_status":"open","ping_status":"open","sticky":false,"template":"","format":"standard","meta":{"jetpack_post_was_ever_published":false,"_jetpack_newsletter_access":"","_jetpack_newsletter_tier_id":0,"footnotes":"","jetpack_publicize_message":"","jetpack_is_tweetstorm":false,"jetpack_publicize_feature_enabled":true,"jetpack_social_post_already_shared":true,"jetpack_social_options":{"image_generator_settings":{"template":"highway","enabled":false}}},"categories":[1152],"tags":[801,1776,1775,1777,54,480],"jetpack_publicize_connections":[],"yoast_head":"<!-- This site is optimized with the Yoast SEO plugin v21.5 - https:\/\/yoast.com\/wordpress\/plugins\/seo\/ -->\n<title>La Passe-Miroir T3 : La M\u00e9moire de Babel<\/title>\n<meta name=\"description\" content=\"L&#039;une des sortis tr\u00e8s attendue de ce mois de juin est le tome 3 de La\u00a0Passe-Miroir, intitul\u00e9 La M\u00e9moire de Babel. Ce volume ne\u00a0d\u00e9ment pas le succ\u00e8s m\u00e9rit\u00e9\" \/>\n<meta name=\"robots\" content=\"index, follow, max-snippet:-1, max-image-preview:large, max-video-preview:-1\" \/>\n<link rel=\"canonical\" href=\"http:\/\/smallthings.fr\/lespetitslivres\/2017\/06\/14\/passe-miroir-t3-memoire-de-babel\/\" \/>\n<meta property=\"og:locale\" content=\"fr_FR\" \/>\n<meta property=\"og:type\" content=\"article\" \/>\n<meta property=\"og:title\" content=\"La Passe-Miroir T3 : La M\u00e9moire de Babel\" \/>\n<meta property=\"og:description\" content=\"L&#039;une des sortis tr\u00e8s attendue de ce mois de juin est le tome 3 de La\u00a0Passe-Miroir, intitul\u00e9 La M\u00e9moire de Babel. Ce volume ne\u00a0d\u00e9ment pas le succ\u00e8s m\u00e9rit\u00e9\" \/>\n<meta property=\"og:url\" content=\"http:\/\/smallthings.fr\/lespetitslivres\/2017\/06\/14\/passe-miroir-t3-memoire-de-babel\/\" \/>\n<meta property=\"og:site_name\" content=\"Les Petits Livres\" \/>\n<meta property=\"article:published_time\" content=\"2017-06-14T08:01:56+00:00\" \/>\n<meta property=\"og:image\" content=\"https:\/\/i0.wp.com\/smallthings.fr\/lespetitslivres\/wp-content\/uploads\/2017\/06\/babel-passe-miroir.jpg?fit=873%2C495\" \/>\n\t<meta property=\"og:image:width\" content=\"873\" \/>\n\t<meta property=\"og:image:height\" content=\"495\" \/>\n\t<meta property=\"og:image:type\" content=\"image\/jpeg\" \/>\n<meta name=\"author\" content=\"June\" \/>\n<meta name=\"twitter:card\" content=\"summary_large_image\" \/>\n<meta name=\"twitter:creator\" content=\"@dariadgille\" \/>\n<meta name=\"twitter:label1\" content=\"\u00c9crit par\" \/>\n\t<meta name=\"twitter:data1\" content=\"June\" \/>\n\t<meta name=\"twitter:label2\" content=\"Dur\u00e9e de lecture estim\u00e9e\" \/>\n\t<meta name=\"twitter:data2\" content=\"4 minutes\" \/>\n<script type=\"application\/ld+json\" class=\"yoast-schema-graph\">{\"@context\":\"https:\/\/schema.org\",\"@graph\":[{\"@type\":\"WebPage\",\"@id\":\"http:\/\/smallthings.fr\/lespetitslivres\/2017\/06\/14\/passe-miroir-t3-memoire-de-babel\/\",\"url\":\"http:\/\/smallthings.fr\/lespetitslivres\/2017\/06\/14\/passe-miroir-t3-memoire-de-babel\/\",\"name\":\"La Passe-Miroir T3 : La M\u00e9moire de Babel\",\"isPartOf\":{\"@id\":\"https:\/\/smallthings.fr\/lespetitslivres\/#website\"},\"datePublished\":\"2017-06-14T08:01:56+00:00\",\"dateModified\":\"2017-06-14T08:01:56+00:00\",\"author\":{\"@id\":\"https:\/\/smallthings.fr\/lespetitslivres\/#\/schema\/person\/3e6389e33dfcb17850d47fa745090e73\"},\"description\":\"L'une des sortis tr\u00e8s attendue de ce mois de juin est le tome 3 de La\u00a0Passe-Miroir, intitul\u00e9 La M\u00e9moire de Babel. Ce volume ne\u00a0d\u00e9ment pas le succ\u00e8s m\u00e9rit\u00e9\",\"breadcrumb\":{\"@id\":\"http:\/\/smallthings.fr\/lespetitslivres\/2017\/06\/14\/passe-miroir-t3-memoire-de-babel\/#breadcrumb\"},\"inLanguage\":\"fr-FR\",\"potentialAction\":[{\"@type\":\"ReadAction\",\"target\":[\"http:\/\/smallthings.fr\/lespetitslivres\/2017\/06\/14\/passe-miroir-t3-memoire-de-babel\/\"]}]},{\"@type\":\"BreadcrumbList\",\"@id\":\"http:\/\/smallthings.fr\/lespetitslivres\/2017\/06\/14\/passe-miroir-t3-memoire-de-babel\/#breadcrumb\",\"itemListElement\":[{\"@type\":\"ListItem\",\"position\":1,\"name\":\"Accueil\",\"item\":\"https:\/\/smallthings.fr\/lespetitslivres\/\"},{\"@type\":\"ListItem\",\"position\":2,\"name\":\"La Passe-Miroir T3 : La M\u00e9moire de Babel\"}]},{\"@type\":\"WebSite\",\"@id\":\"https:\/\/smallthings.fr\/lespetitslivres\/#website\",\"url\":\"https:\/\/smallthings.fr\/lespetitslivres\/\",\"name\":\"Les Petits Livres\",\"description\":\"by Small Things\",\"potentialAction\":[{\"@type\":\"SearchAction\",\"target\":{\"@type\":\"EntryPoint\",\"urlTemplate\":\"https:\/\/smallthings.fr\/lespetitslivres\/?s={search_term_string}\"},\"query-input\":\"required name=search_term_string\"}],\"inLanguage\":\"fr-FR\"},{\"@type\":\"Person\",\"@id\":\"https:\/\/smallthings.fr\/lespetitslivres\/#\/schema\/person\/3e6389e33dfcb17850d47fa745090e73\",\"name\":\"June\",\"image\":{\"@type\":\"ImageObject\",\"inLanguage\":\"fr-FR\",\"@id\":\"https:\/\/smallthings.fr\/lespetitslivres\/#\/schema\/person\/image\/\",\"url\":\"https:\/\/secure.gravatar.com\/avatar\/b9e34137bb78059aebeb6866f6a13f5a?s=96&d=retro&r=g\",\"contentUrl\":\"https:\/\/secure.gravatar.com\/avatar\/b9e34137bb78059aebeb6866f6a13f5a?s=96&d=retro&r=g\",\"caption\":\"June\"},\"sameAs\":[\"https:\/\/twitter.com\/@dariadgille\"],\"url\":\"https:\/\/smallthings.fr\/lespetitslivres\/author\/june\/\"}]}<\/script>\n<!-- \/ Yoast SEO plugin. -->","yoast_head_json":{"title":"La Passe-Miroir T3 : La M\u00e9moire de Babel","description":"L'une des sortis tr\u00e8s attendue de ce mois de juin est le tome 3 de La\u00a0Passe-Miroir, intitul\u00e9 La M\u00e9moire de Babel. Ce volume ne\u00a0d\u00e9ment pas le succ\u00e8s m\u00e9rit\u00e9","robots":{"index":"index","follow":"follow","max-snippet":"max-snippet:-1","max-image-preview":"max-image-preview:large","max-video-preview":"max-video-preview:-1"},"canonical":"http:\/\/smallthings.fr\/lespetitslivres\/2017\/06\/14\/passe-miroir-t3-memoire-de-babel\/","og_locale":"fr_FR","og_type":"article","og_title":"La Passe-Miroir T3 : La M\u00e9moire de Babel","og_description":"L'une des sortis tr\u00e8s attendue de ce mois de juin est le tome 3 de La\u00a0Passe-Miroir, intitul\u00e9 La M\u00e9moire de Babel. Ce volume ne\u00a0d\u00e9ment pas le succ\u00e8s m\u00e9rit\u00e9","og_url":"http:\/\/smallthings.fr\/lespetitslivres\/2017\/06\/14\/passe-miroir-t3-memoire-de-babel\/","og_site_name":"Les Petits Livres","article_published_time":"2017-06-14T08:01:56+00:00","og_image":[{"width":873,"height":495,"url":"https:\/\/i0.wp.com\/smallthings.fr\/lespetitslivres\/wp-content\/uploads\/2017\/06\/babel-passe-miroir.jpg?fit=873%2C495","type":"image\/jpeg"}],"author":"June","twitter_card":"summary_large_image","twitter_creator":"@dariadgille","twitter_misc":{"\u00c9crit par":"June","Dur\u00e9e de lecture estim\u00e9e":"4 minutes"},"schema":{"@context":"https:\/\/schema.org","@graph":[{"@type":"WebPage","@id":"http:\/\/smallthings.fr\/lespetitslivres\/2017\/06\/14\/passe-miroir-t3-memoire-de-babel\/","url":"http:\/\/smallthings.fr\/lespetitslivres\/2017\/06\/14\/passe-miroir-t3-memoire-de-babel\/","name":"La Passe-Miroir T3 : La M\u00e9moire de Babel","isPartOf":{"@id":"https:\/\/smallthings.fr\/lespetitslivres\/#website"},"datePublished":"2017-06-14T08:01:56+00:00","dateModified":"2017-06-14T08:01:56+00:00","author":{"@id":"https:\/\/smallthings.fr\/lespetitslivres\/#\/schema\/person\/3e6389e33dfcb17850d47fa745090e73"},"description":"L'une des sortis tr\u00e8s attendue de ce mois de juin est le tome 3 de La\u00a0Passe-Miroir, intitul\u00e9 La M\u00e9moire de Babel. Ce volume ne\u00a0d\u00e9ment pas le succ\u00e8s m\u00e9rit\u00e9","breadcrumb":{"@id":"http:\/\/smallthings.fr\/lespetitslivres\/2017\/06\/14\/passe-miroir-t3-memoire-de-babel\/#breadcrumb"},"inLanguage":"fr-FR","potentialAction":[{"@type":"ReadAction","target":["http:\/\/smallthings.fr\/lespetitslivres\/2017\/06\/14\/passe-miroir-t3-memoire-de-babel\/"]}]},{"@type":"BreadcrumbList","@id":"http:\/\/smallthings.fr\/lespetitslivres\/2017\/06\/14\/passe-miroir-t3-memoire-de-babel\/#breadcrumb","itemListElement":[{"@type":"ListItem","position":1,"name":"Accueil","item":"https:\/\/smallthings.fr\/lespetitslivres\/"},{"@type":"ListItem","position":2,"name":"La Passe-Miroir T3 : La M\u00e9moire de Babel"}]},{"@type":"WebSite","@id":"https:\/\/smallthings.fr\/lespetitslivres\/#website","url":"https:\/\/smallthings.fr\/lespetitslivres\/","name":"Les Petits Livres","description":"by Small Things","potentialAction":[{"@type":"SearchAction","target":{"@type":"EntryPoint","urlTemplate":"https:\/\/smallthings.fr\/lespetitslivres\/?s={search_term_string}"},"query-input":"required name=search_term_string"}],"inLanguage":"fr-FR"},{"@type":"Person","@id":"https:\/\/smallthings.fr\/lespetitslivres\/#\/schema\/person\/3e6389e33dfcb17850d47fa745090e73","name":"June","image":{"@type":"ImageObject","inLanguage":"fr-FR","@id":"https:\/\/smallthings.fr\/lespetitslivres\/#\/schema\/person\/image\/","url":"https:\/\/secure.gravatar.com\/avatar\/b9e34137bb78059aebeb6866f6a13f5a?s=96&d=retro&r=g","contentUrl":"https:\/\/secure.gravatar.com\/avatar\/b9e34137bb78059aebeb6866f6a13f5a?s=96&d=retro&r=g","caption":"June"},"sameAs":["https:\/\/twitter.com\/@dariadgille"],"url":"https:\/\/smallthings.fr\/lespetitslivres\/author\/june\/"}]}},"jetpack_featured_media_url":"https:\/\/smallthings.fr\/lespetitslivres\/wp-content\/uploads\/2017\/06\/babel-passe-miroir.jpg","jetpack_sharing_enabled":true,"jetpack_shortlink":"https:\/\/wp.me\/p6Un21-84Q","jetpack-related-posts":[{"id":30048,"url":"https:\/\/smallthings.fr\/lespetitslivres\/2016\/06\/08\/disparus-du-phare-peter-may-critique\/","url_meta":{"origin":31052,"position":0},"title":"Les Disparus du phare, myst\u00e8re et perte de m\u00e9moire dans les \u00eeles \u00e9cossaises","author":"Cecile","date":"8 juin 2016","format":false,"excerpt":"Avec Les Disparus du phare, Peter May revient dans les \u00eeles H\u00e9brides avec un roman passionnant qui allie suspense, enqu\u00eate et d\u00e9bat scientifico-politique. Apr\u00e8s sa c\u00e9l\u00e8bre trilogie (L\u2019\u00cele des chasseurs d\u2019oiseaux, L\u2019Homme de Lewis et Le Braconnier du lac perdu), ce thriller vient tout juste de para\u00eetre aux \u00e9ditions du\u2026","rel":"","context":"Dans &quot;Thriller&quot;","block_context":{"text":"Thriller","link":"https:\/\/smallthings.fr\/lespetitslivres\/category\/thriller\/"},"img":{"alt_text":"","src":"https:\/\/i0.wp.com\/smallthings.fr\/lespetitslivres\/wp-content\/uploads\/2016\/06\/disparus-phare-couv.jpg?resize=350%2C200&ssl=1","width":350,"height":200,"srcset":"https:\/\/i0.wp.com\/smallthings.fr\/lespetitslivres\/wp-content\/uploads\/2016\/06\/disparus-phare-couv.jpg?resize=350%2C200&ssl=1 1x, https:\/\/i0.wp.com\/smallthings.fr\/lespetitslivres\/wp-content\/uploads\/2016\/06\/disparus-phare-couv.jpg?resize=525%2C300&ssl=1 1.5x, https:\/\/i0.wp.com\/smallthings.fr\/lespetitslivres\/wp-content\/uploads\/2016\/06\/disparus-phare-couv.jpg?resize=700%2C400&ssl=1 2x, https:\/\/i0.wp.com\/smallthings.fr\/lespetitslivres\/wp-content\/uploads\/2016\/06\/disparus-phare-couv.jpg?resize=1050%2C600&ssl=1 3x"},"classes":[]},{"id":24515,"url":"https:\/\/smallthings.fr\/lespetitslivres\/2015\/06\/15\/deux-mois-sans-elle-romance-murphy\/","url_meta":{"origin":31052,"position":1},"title":"Deux mois sans elle &#8211; une romance de Monica Murphy","author":"Jennifer","date":"15 juin 2015","format":false,"excerpt":"Deux mois sans elle est un roman de Monica Murphy sorti le 29 mai dernier aux \u00e9ditions Milady. Il raconte l\u2019histoire de Fable et Drew, deux jeunes adultes qui cherchent \u00e0 aller de l\u2019avant malgr\u00e9 les probl\u00e8mes qu\u2019ils ont pu rencontrer. Alors qu\u2019il l\u2019a quitt\u00e9e il y a plusieurs mois,\u2026","rel":"","context":"Dans &quot;Roman \u00e9tranger&quot;","block_context":{"text":"Roman \u00e9tranger","link":"https:\/\/smallthings.fr\/lespetitslivres\/category\/roman\/roman-etranger\/"},"img":{"alt_text":"","src":"https:\/\/i0.wp.com\/smallthings.fr\/wp-content\/uploads\/2015\/06\/deux-mois-sans-elle.jpg?resize=350%2C200","width":350,"height":200},"classes":[]},{"id":19907,"url":"https:\/\/smallthings.fr\/lespetitslivres\/2015\/01\/15\/colombe-schneck-dix-sept-ans-roman\/","url_meta":{"origin":31052,"position":2},"title":"Colombe Schneck &#8211; Dix-sept ans","author":"Claire","date":"15 janvier 2015","format":false,"excerpt":"C'est chez Grasset pour la rentr\u00e9e de janvier que Colombe Schneck publie Dix-sept ans, sa confession sur le th\u00e8me de l'avortement (sortie le 7 janvier). Tr\u00e8s court, le livre a l'effet d'une gifle. Tr\u00e8s bien \u00e9crit, dans la subtilit\u00e9 bien plus que dans le pathos, Colombe Schneck raconte qu'\u00e0 dix-sept\u2026","rel":"","context":"Dans &quot;Non fiction&quot;","block_context":{"text":"Non fiction","link":"https:\/\/smallthings.fr\/lespetitslivres\/category\/non-fiction\/"},"img":{"alt_text":"","src":"https:\/\/i0.wp.com\/smallthings.fr\/wp-content\/uploads\/2015\/01\/schneck-dix-sept-ans.jpg?resize=350%2C200","width":350,"height":200},"classes":[]},{"id":30611,"url":"https:\/\/smallthings.fr\/lespetitslivres\/2017\/01\/05\/pleurs-du-vent-medoruma-shun-critique\/","url_meta":{"origin":31052,"position":3},"title":"Les Pleurs du vent, mariage r\u00e9ussi entre fantastique et r\u00e9alisme","author":"Cecile","date":"5 janvier 2017","format":false,"excerpt":"Les Pleurs du vent, roman bref mais prenant, est la seconde \u0153uvre de Medoruma Shun\u00a0\u00e0 \u00eatre traduite en fran\u00e7ais gr\u00e2ce aux \u00e9ditions Zulma. Le premier, L\u2019\u00e2me de Kotaro contemplait la mer, un recueil de nouvelles, a re\u00e7u le prix Akutagawa (l\u2019\u00e9quivalent de notre prix Goncourt au Japon). Cette nouvelle \u0153uvre\u2026","rel":"","context":"Dans &quot;Roman \u00e9tranger&quot;","block_context":{"text":"Roman \u00e9tranger","link":"https:\/\/smallthings.fr\/lespetitslivres\/category\/roman\/roman-etranger\/"},"img":{"alt_text":"","src":"https:\/\/i0.wp.com\/smallthings.fr\/lespetitslivres\/wp-content\/uploads\/2017\/01\/pleurs-du-vent-shun-couv.jpg?resize=350%2C200&ssl=1","width":350,"height":200,"srcset":"https:\/\/i0.wp.com\/smallthings.fr\/lespetitslivres\/wp-content\/uploads\/2017\/01\/pleurs-du-vent-shun-couv.jpg?resize=350%2C200&ssl=1 1x, https:\/\/i0.wp.com\/smallthings.fr\/lespetitslivres\/wp-content\/uploads\/2017\/01\/pleurs-du-vent-shun-couv.jpg?resize=525%2C300&ssl=1 1.5x, https:\/\/i0.wp.com\/smallthings.fr\/lespetitslivres\/wp-content\/uploads\/2017\/01\/pleurs-du-vent-shun-couv.jpg?resize=700%2C400&ssl=1 2x, https:\/\/i0.wp.com\/smallthings.fr\/lespetitslivres\/wp-content\/uploads\/2017\/01\/pleurs-du-vent-shun-couv.jpg?resize=1050%2C600&ssl=1 3x"},"classes":[]},{"id":26333,"url":"https:\/\/smallthings.fr\/lespetitslivres\/2015\/08\/18\/quatre-ans-plus-tard-romance-murphy\/","url_meta":{"origin":31052,"position":4},"title":"Quatre ans plus tard : la nouvelle romance de Monica Murphy","author":"Jennifer","date":"18 ao\u00fbt 2015","format":false,"excerpt":"Quatre ans plus tard, la suite directe de Deux mois sans elle de Monica Murphy, est sortie aux \u00e9ditions Milady le 10 juillet dernier. C\u2019est au tour d\u2019Owen, le petit fr\u00e8re de Fable, de nous raconter ses m\u00e9saventures. Dans Deux mois sans elle, on d\u00e9couvrait Owen, le petit fr\u00e8re de\u2026","rel":"","context":"Dans &quot;Roman \u00e9tranger&quot;","block_context":{"text":"Roman \u00e9tranger","link":"https:\/\/smallthings.fr\/lespetitslivres\/category\/roman\/roman-etranger\/"},"img":{"alt_text":"","src":"https:\/\/i0.wp.com\/smallthings.fr\/wp-content\/uploads\/2015\/08\/quatre-ans-plus-tard-200x300.jpg?resize=350%2C200","width":350,"height":200},"classes":[]},{"id":31364,"url":"https:\/\/smallthings.fr\/lespetitslivres\/2017\/10\/26\/niveau-0-anne-feugnet-critique\/","url_meta":{"origin":31052,"position":5},"title":"Niveau 0&nbsp;: encore une p\u00e9pite sign\u00e9e Anne Feugnet","author":"Jennifer","date":"26 octobre 2017","format":false,"excerpt":"Niveau 0, le nouveau roman d\u2019anticipation d'Anne Feugnet, est sorti en septembre dernier chez Rebelle \u00e9ditions. L\u2019histoire se passe en 2349 \u00e0 Paris au niveau z\u00e9ro d\u2019une enceinte imprenable. L\u00e0-dessous, 150 hommes, n\u00e9s d\u2019une matrice artificielle, p\u00e9dalent pour produire de l\u2019\u00e9lectricit\u00e9 \u00e0 ceux de la surface et gagner ainsi leur\u2026","rel":"","context":"Dans &quot;Science-fiction&quot;","block_context":{"text":"Science-fiction","link":"https:\/\/smallthings.fr\/lespetitslivres\/category\/imaginaire\/science-fiction\/"},"img":{"alt_text":"","src":"https:\/\/i0.wp.com\/smallthings.fr\/lespetitslivres\/wp-content\/uploads\/2017\/10\/Niveau-0-Anne-Feugnet-2.jpg?resize=350%2C200&ssl=1","width":350,"height":200,"srcset":"https:\/\/i0.wp.com\/smallthings.fr\/lespetitslivres\/wp-content\/uploads\/2017\/10\/Niveau-0-Anne-Feugnet-2.jpg?resize=350%2C200&ssl=1 1x, https:\/\/i0.wp.com\/smallthings.fr\/lespetitslivres\/wp-content\/uploads\/2017\/10\/Niveau-0-Anne-Feugnet-2.jpg?resize=525%2C300&ssl=1 1.5x"},"classes":[]}],"_links":{"self":[{"href":"https:\/\/smallthings.fr\/lespetitslivres\/wp-json\/wp\/v2\/posts\/31052"}],"collection":[{"href":"https:\/\/smallthings.fr\/lespetitslivres\/wp-json\/wp\/v2\/posts"}],"about":[{"href":"https:\/\/smallthings.fr\/lespetitslivres\/wp-json\/wp\/v2\/types\/post"}],"author":[{"embeddable":true,"href":"https:\/\/smallthings.fr\/lespetitslivres\/wp-json\/wp\/v2\/users\/15"}],"replies":[{"embeddable":true,"href":"https:\/\/smallthings.fr\/lespetitslivres\/wp-json\/wp\/v2\/comments?post=31052"}],"version-history":[{"count":3,"href":"https:\/\/smallthings.fr\/lespetitslivres\/wp-json\/wp\/v2\/posts\/31052\/revisions"}],"predecessor-version":[{"id":31059,"href":"https:\/\/smallthings.fr\/lespetitslivres\/wp-json\/wp\/v2\/posts\/31052\/revisions\/31059"}],"wp:featuredmedia":[{"embeddable":true,"href":"https:\/\/smallthings.fr\/lespetitslivres\/wp-json\/wp\/v2\/media\/31056"}],"wp:attachment":[{"href":"https:\/\/smallthings.fr\/lespetitslivres\/wp-json\/wp\/v2\/media?parent=31052"}],"wp:term":[{"taxonomy":"category","embeddable":true,"href":"https:\/\/smallthings.fr\/lespetitslivres\/wp-json\/wp\/v2\/categories?post=31052"},{"taxonomy":"post_tag","embeddable":true,"href":"https:\/\/smallthings.fr\/lespetitslivres\/wp-json\/wp\/v2\/tags?post=31052"}],"curies":[{"name":"wp","href":"https:\/\/api.w.org\/{rel}","templated":true}]}}