{"id":31024,"date":"2017-05-26T17:03:01","date_gmt":"2017-05-26T16:03:01","guid":{"rendered":"http:\/\/smallthings.fr\/lespetitslivres\/?p=31024"},"modified":"2017-05-26T17:03:22","modified_gmt":"2017-05-26T16:03:22","slug":"aussi-libre-reve-manon-fargetton","status":"publish","type":"post","link":"https:\/\/smallthings.fr\/lespetitslivres\/2017\/05\/26\/aussi-libre-reve-manon-fargetton\/","title":{"rendered":"Aussi libre qu\u2019un r\u00eave, le premier livre de Manon Fargetton"},"content":{"rendered":"<h3><em>Aussi libre qu\u2019un r\u00eave <\/em>est un roman <em>young-adult<\/em> de Manon Fargetton, sorti en poche chez <a href=\"http:\/\/www.castelmore.fr\/livre\/view\/aussi-libres-qu-un-reve-1\" target=\"_blank\" rel=\"noopener noreferrer\">Castelmore<\/a> en avril dernier. L\u2019auteure nous emm\u00e8ne \u00e0 la fin du XXIe si\u00e8cle, dans une monde r\u00e9gi par les dates de naissance. N\u00e9 en d\u00e9but d\u2019ann\u00e9e, vous avez acc\u00e8s aux m\u00e9tiers de vos r\u00eaves, n\u00e9 en fin d\u2019ann\u00e9e, il ne vous reste plus qu\u2019\u00e0 choisir parmi le pire. Quand des jumelles naissent \u00e0 quelques minutes d\u2019intervalle, l\u2019une le 31 d\u00e9cembre et l\u2019autre le 1<sup>er<\/sup> janvier, leur destin est scell\u00e9\u2026 \u00e0 moins qu\u2019elles ne s\u2019allient pour tout changer.<\/h3>\n<p><em>Aussi libre qu\u2019un r\u00eave<\/em> est le tout premier livre de Manon Fargetton. \u00c9crit \u00e0 ses 18 ans, ce roman dystopique vient d\u2019\u00eatre r\u00e9\u00e9dit\u00e9 chez Castelmore en format poche ainsi qu\u2019en version dyslexique. L\u2019auteure de <em>L\u2019H\u00e9ritage des Rois Passeurs<\/em> (chronique <a href=\"http:\/\/smallthings.fr\/lespetitslivres\/2017\/01\/08\/heritage-rois-passeurs-fargetton-avis\/\" target=\"_blank\" rel=\"noopener noreferrer\">ici<\/a>) et de <em>Les Illusions de Sav-Loar<\/em> (chronique <a href=\"http:\/\/smallthings.fr\/lespetitslivres\/2017\/01\/19\/illusions-de-sav-loar-fargetton-avis\/\" target=\"_blank\" rel=\"noopener noreferrer\">ici<\/a>) avait r\u00e9ussi \u00e0 me captiver avec ses romans de fantasy. C\u2019est donc avec grand plaisir que je me suis lanc\u00e9e \u00e0 la d\u00e9couverte du monde d\u2019<em>Aussi libre qu\u2019un r\u00eave<\/em>.<\/p>\n<p><img loading=\"lazy\" decoding=\"async\" data-attachment-id=\"31025\" data-permalink=\"https:\/\/smallthings.fr\/lespetitslivres\/2017\/05\/26\/aussi-libre-reve-manon-fargetton\/aussi-libres-quun-reve-manon-fargetton\/\" data-orig-file=\"https:\/\/smallthings.fr\/lespetitslivres\/wp-content\/uploads\/2017\/05\/Aussi-libres-quun-r\u00eave-Manon-Fargetton.jpg\" data-orig-size=\"309,500\" data-comments-opened=\"1\" data-image-meta=\"{&quot;aperture&quot;:&quot;0&quot;,&quot;credit&quot;:&quot;&quot;,&quot;camera&quot;:&quot;&quot;,&quot;caption&quot;:&quot;&quot;,&quot;created_timestamp&quot;:&quot;0&quot;,&quot;copyright&quot;:&quot;&quot;,&quot;focal_length&quot;:&quot;0&quot;,&quot;iso&quot;:&quot;0&quot;,&quot;shutter_speed&quot;:&quot;0&quot;,&quot;title&quot;:&quot;&quot;,&quot;orientation&quot;:&quot;0&quot;}\" data-image-title=\"Aussi libres qu&amp;rsquo;un r\u00eave Manon Fargetton\" data-image-description=\"\" data-image-caption=\"\" data-medium-file=\"https:\/\/smallthings.fr\/lespetitslivres\/wp-content\/uploads\/2017\/05\/Aussi-libres-quun-r\u00eave-Manon-Fargetton-185x300.jpg\" data-large-file=\"https:\/\/smallthings.fr\/lespetitslivres\/wp-content\/uploads\/2017\/05\/Aussi-libres-quun-r\u00eave-Manon-Fargetton.jpg\" class=\"alignright wp-image-31025\" src=\"http:\/\/smallthings.fr\/lespetitslivres\/wp-content\/uploads\/2017\/05\/Aussi-libres-quun-r\u00eave-Manon-Fargetton.jpg\" alt=\"\" width=\"304\" height=\"492\" srcset=\"https:\/\/smallthings.fr\/lespetitslivres\/wp-content\/uploads\/2017\/05\/Aussi-libres-quun-r\u00eave-Manon-Fargetton.jpg 309w, https:\/\/smallthings.fr\/lespetitslivres\/wp-content\/uploads\/2017\/05\/Aussi-libres-quun-r\u00eave-Manon-Fargetton-185x300.jpg 185w\" sizes=\"(max-width: 304px) 100vw, 304px\" \/>Dans ce roman d\u2019anticipation, nous rentrons dans un monde o\u00f9 votre date de naissance vous donne acc\u00e8s \u00e0 certains m\u00e9tiers. Les janviers sont les plus chanceux, les d\u00e9cembres les plus \u00e0 plaindre\u00a0! Min\u00f6a et Siln\u00ebi sont s\u0153urs jumelles, n\u00e9es \u00e0 quelques minutes d\u2019intervalle. L\u2019une est n\u00e9e le 31 d\u00e9cembre, l\u2019autre le 1<sup>er<\/sup> janvier. Leur vie est donc toute trac\u00e9e mais Min\u00f6a ne veut pas de cette injustice et sa s\u0153ur est secr\u00e8tement bien d\u2019accord avec elle. <strong>Elles vont alors unir leurs forces pour renverser l\u2019ordre \u00e9tabli, aid\u00e9es d\u2019un chanteur rebelle et d\u2019un myst\u00e9rieux inconnu au secret d\u00e9vastateur. <\/strong><\/p>\n<p><strong><em>Aussi libre qu\u2019un r\u00eave<\/em> est un bon roman qui m\u00eale action, romance, joie et tristesse. Un savant m\u00e9lange qui arrive \u00e0 nous tenir en haleine jusqu\u2019\u00e0 la fin. L\u2019auteure arrive \u00e0 nous surprendre et \u00e0 nous \u00e9mouvoir, ses personnages sont attachants et son univers savamment cr\u00e9\u00e9.<\/strong> On passe un tr\u00e8s bon moment en compagnie de ces adolescents pr\u00eats \u00e0 tout pour changer leur destin\u00e9 et on suit leurs aventures avec grand plaisir. <strong><em>Aussi libre qu\u2019un r\u00eave <\/em>est un livre parfait pour cet \u00e9t\u00e9, \u00e0 d\u00e9guster sur votre transat\u2019 ou sur le sable.<\/strong><\/p>\n<p><strong>Extrait\u00a0:<\/strong><\/p>\n<p>\u00ab\u00a0&#8211; Monsieur\u00a0?<br \/>\nL\u00e9o sursauta et faillit tomber de la chaise sur laquelle il s\u2019\u00e9tait effondr\u00e9, \u00e9puis\u00e9 d\u2019avoir arpent\u00e9 pendant plus de deux heures le couleur de la clinique. Il se leva d\u2019un bond et regarda pour la \u00e9ni\u00e8me fois la pendule accroch\u00e9e au mur blanc\u00a0: <em>0h32\u2026 Pourvu que\u2026<br \/>\n<\/em>&#8211; Bien que n\u00e9es trois semaines avant terme vos jumelles se portent bien, ainsi que votre femme annon\u00e7a la sage-femme. Cependant, j\u2019ai une bonne et une mauvaise nouvelle \u00e0 vous annoncer.<br \/>\nElle h\u00e9sita\u00a0:<br \/>\n&#8211; L\u2019une de vos filles est n\u00e9e le 1<sup>er<\/sup> janvier \u00e0 0h17 mais la premi\u00e8re est n\u00e9e\u2026 le 31 d\u00e9cembre \u00e0 23h58. Je suis d\u00e9sol\u00e9e.<br \/>\nL\u00e9o se laissa retomber sur sa chaise. <em>Une D\u00e9cembre. Ce n\u2019\u00e9tait pas possible\u2026 A deux minutes pr\u00e8s, alors que tout se pr\u00e9sentait si bien\u2026<\/em>\u00a0\u00bb<\/p>\n","protected":false},"excerpt":{"rendered":"<p>Aussi libre qu\u2019un r\u00eave est un roman young-adult de Manon Fargetton, sorti en poche chez Castelmore en avril dernier. L\u2019auteure nous emm\u00e8ne \u00e0 la fin du XXIe si\u00e8cle, dans une monde r\u00e9gi par les dates de naissance. N\u00e9 en d\u00e9but d\u2019ann\u00e9e, vous avez acc\u00e8s aux m\u00e9tiers de vos r\u00eaves, n\u00e9 en fin d\u2019ann\u00e9e, il ne<\/p>\n","protected":false},"author":14,"featured_media":31031,"comment_status":"open","ping_status":"open","sticky":false,"template":"","format":"standard","meta":{"jetpack_post_was_ever_published":false,"_jetpack_newsletter_access":"","_jetpack_newsletter_tier_id":0,"footnotes":"","jetpack_publicize_message":"","jetpack_is_tweetstorm":false,"jetpack_publicize_feature_enabled":true,"jetpack_social_post_already_shared":true,"jetpack_social_options":{"image_generator_settings":{"template":"highway","enabled":false}}},"categories":[1120],"tags":[1768,1624,933,1628,953],"jetpack_publicize_connections":[],"yoast_head":"<!-- This site is optimized with the Yoast SEO plugin v21.5 - https:\/\/yoast.com\/wordpress\/plugins\/seo\/ -->\n<title>Aussi libre qu\u2019un r\u00eave, le premier livre de Manon Fargetton<\/title>\n<meta name=\"description\" content=\"Aussi libre qu\u2019un r\u00eave est un roman young-adult de Manon Fargetton qui est sorti en poche chez Castelmore en avril dernier. L\u2019auteure nous emm\u00e8ne \u00e0 la fin\" \/>\n<meta name=\"robots\" content=\"index, follow, max-snippet:-1, max-image-preview:large, max-video-preview:-1\" \/>\n<link rel=\"canonical\" href=\"https:\/\/smallthings.fr\/lespetitslivres\/2017\/05\/26\/aussi-libre-reve-manon-fargetton\/\" \/>\n<meta property=\"og:locale\" content=\"fr_FR\" \/>\n<meta property=\"og:type\" content=\"article\" \/>\n<meta property=\"og:title\" content=\"Aussi libre qu\u2019un r\u00eave, le premier livre de Manon Fargetton\" \/>\n<meta property=\"og:description\" content=\"Aussi libre qu\u2019un r\u00eave est un roman young-adult de Manon Fargetton qui est sorti en poche chez Castelmore en avril dernier. L\u2019auteure nous emm\u00e8ne \u00e0 la fin\" \/>\n<meta property=\"og:url\" content=\"https:\/\/smallthings.fr\/lespetitslivres\/2017\/05\/26\/aussi-libre-reve-manon-fargetton\/\" \/>\n<meta property=\"og:site_name\" content=\"Les Petits Livres\" \/>\n<meta property=\"article:published_time\" content=\"2017-05-26T16:03:01+00:00\" \/>\n<meta property=\"article:modified_time\" content=\"2017-05-26T16:03:22+00:00\" \/>\n<meta property=\"og:image\" content=\"https:\/\/i0.wp.com\/smallthings.fr\/lespetitslivres\/wp-content\/uploads\/2017\/05\/Manon-Fargetton-d\u00e9dicace-4-scaled.jpg?fit=2560%2C1725&ssl=1\" \/>\n\t<meta property=\"og:image:width\" content=\"2560\" \/>\n\t<meta property=\"og:image:height\" content=\"1725\" \/>\n\t<meta property=\"og:image:type\" content=\"image\/jpeg\" \/>\n<meta name=\"author\" content=\"Jennifer\" \/>\n<meta name=\"twitter:card\" content=\"summary_large_image\" \/>\n<meta name=\"twitter:label1\" content=\"\u00c9crit par\" \/>\n\t<meta name=\"twitter:data1\" content=\"Jennifer\" \/>\n\t<meta name=\"twitter:label2\" content=\"Dur\u00e9e de lecture estim\u00e9e\" \/>\n\t<meta name=\"twitter:data2\" content=\"3 minutes\" \/>\n<script type=\"application\/ld+json\" class=\"yoast-schema-graph\">{\"@context\":\"https:\/\/schema.org\",\"@graph\":[{\"@type\":\"WebPage\",\"@id\":\"https:\/\/smallthings.fr\/lespetitslivres\/2017\/05\/26\/aussi-libre-reve-manon-fargetton\/\",\"url\":\"https:\/\/smallthings.fr\/lespetitslivres\/2017\/05\/26\/aussi-libre-reve-manon-fargetton\/\",\"name\":\"Aussi libre qu\u2019un r\u00eave, le premier livre de Manon Fargetton\",\"isPartOf\":{\"@id\":\"https:\/\/smallthings.fr\/lespetitslivres\/#website\"},\"datePublished\":\"2017-05-26T16:03:01+00:00\",\"dateModified\":\"2017-05-26T16:03:22+00:00\",\"author\":{\"@id\":\"https:\/\/smallthings.fr\/lespetitslivres\/#\/schema\/person\/bb8808220f912e72f01f7a55924d9ad1\"},\"description\":\"Aussi libre qu\u2019un r\u00eave est un roman young-adult de Manon Fargetton qui est sorti en poche chez Castelmore en avril dernier. L\u2019auteure nous emm\u00e8ne \u00e0 la fin\",\"breadcrumb\":{\"@id\":\"https:\/\/smallthings.fr\/lespetitslivres\/2017\/05\/26\/aussi-libre-reve-manon-fargetton\/#breadcrumb\"},\"inLanguage\":\"fr-FR\",\"potentialAction\":[{\"@type\":\"ReadAction\",\"target\":[\"https:\/\/smallthings.fr\/lespetitslivres\/2017\/05\/26\/aussi-libre-reve-manon-fargetton\/\"]}]},{\"@type\":\"BreadcrumbList\",\"@id\":\"https:\/\/smallthings.fr\/lespetitslivres\/2017\/05\/26\/aussi-libre-reve-manon-fargetton\/#breadcrumb\",\"itemListElement\":[{\"@type\":\"ListItem\",\"position\":1,\"name\":\"Accueil\",\"item\":\"https:\/\/smallthings.fr\/lespetitslivres\/\"},{\"@type\":\"ListItem\",\"position\":2,\"name\":\"Aussi libre qu\u2019un r\u00eave, le premier livre de Manon Fargetton\"}]},{\"@type\":\"WebSite\",\"@id\":\"https:\/\/smallthings.fr\/lespetitslivres\/#website\",\"url\":\"https:\/\/smallthings.fr\/lespetitslivres\/\",\"name\":\"Les Petits Livres\",\"description\":\"by Small Things\",\"potentialAction\":[{\"@type\":\"SearchAction\",\"target\":{\"@type\":\"EntryPoint\",\"urlTemplate\":\"https:\/\/smallthings.fr\/lespetitslivres\/?s={search_term_string}\"},\"query-input\":\"required name=search_term_string\"}],\"inLanguage\":\"fr-FR\"},{\"@type\":\"Person\",\"@id\":\"https:\/\/smallthings.fr\/lespetitslivres\/#\/schema\/person\/bb8808220f912e72f01f7a55924d9ad1\",\"name\":\"Jennifer\",\"image\":{\"@type\":\"ImageObject\",\"inLanguage\":\"fr-FR\",\"@id\":\"https:\/\/smallthings.fr\/lespetitslivres\/#\/schema\/person\/image\/\",\"url\":\"https:\/\/secure.gravatar.com\/avatar\/ffcd6b107b6b18c3d5201f1bcc631683?s=96&d=retro&r=g\",\"contentUrl\":\"https:\/\/secure.gravatar.com\/avatar\/ffcd6b107b6b18c3d5201f1bcc631683?s=96&d=retro&r=g\",\"caption\":\"Jennifer\"},\"url\":\"https:\/\/smallthings.fr\/lespetitslivres\/author\/jennifer\/\"}]}<\/script>\n<!-- \/ Yoast SEO plugin. -->","yoast_head_json":{"title":"Aussi libre qu\u2019un r\u00eave, le premier livre de Manon Fargetton","description":"Aussi libre qu\u2019un r\u00eave est un roman young-adult de Manon Fargetton qui est sorti en poche chez Castelmore en avril dernier. L\u2019auteure nous emm\u00e8ne \u00e0 la fin","robots":{"index":"index","follow":"follow","max-snippet":"max-snippet:-1","max-image-preview":"max-image-preview:large","max-video-preview":"max-video-preview:-1"},"canonical":"https:\/\/smallthings.fr\/lespetitslivres\/2017\/05\/26\/aussi-libre-reve-manon-fargetton\/","og_locale":"fr_FR","og_type":"article","og_title":"Aussi libre qu\u2019un r\u00eave, le premier livre de Manon Fargetton","og_description":"Aussi libre qu\u2019un r\u00eave est un roman young-adult de Manon Fargetton qui est sorti en poche chez Castelmore en avril dernier. L\u2019auteure nous emm\u00e8ne \u00e0 la fin","og_url":"https:\/\/smallthings.fr\/lespetitslivres\/2017\/05\/26\/aussi-libre-reve-manon-fargetton\/","og_site_name":"Les Petits Livres","article_published_time":"2017-05-26T16:03:01+00:00","article_modified_time":"2017-05-26T16:03:22+00:00","og_image":[{"width":2560,"height":1725,"url":"https:\/\/i0.wp.com\/smallthings.fr\/lespetitslivres\/wp-content\/uploads\/2017\/05\/Manon-Fargetton-d\u00e9dicace-4-scaled.jpg?fit=2560%2C1725&ssl=1","type":"image\/jpeg"}],"author":"Jennifer","twitter_card":"summary_large_image","twitter_misc":{"\u00c9crit par":"Jennifer","Dur\u00e9e de lecture estim\u00e9e":"3 minutes"},"schema":{"@context":"https:\/\/schema.org","@graph":[{"@type":"WebPage","@id":"https:\/\/smallthings.fr\/lespetitslivres\/2017\/05\/26\/aussi-libre-reve-manon-fargetton\/","url":"https:\/\/smallthings.fr\/lespetitslivres\/2017\/05\/26\/aussi-libre-reve-manon-fargetton\/","name":"Aussi libre qu\u2019un r\u00eave, le premier livre de Manon Fargetton","isPartOf":{"@id":"https:\/\/smallthings.fr\/lespetitslivres\/#website"},"datePublished":"2017-05-26T16:03:01+00:00","dateModified":"2017-05-26T16:03:22+00:00","author":{"@id":"https:\/\/smallthings.fr\/lespetitslivres\/#\/schema\/person\/bb8808220f912e72f01f7a55924d9ad1"},"description":"Aussi libre qu\u2019un r\u00eave est un roman young-adult de Manon Fargetton qui est sorti en poche chez Castelmore en avril dernier. L\u2019auteure nous emm\u00e8ne \u00e0 la fin","breadcrumb":{"@id":"https:\/\/smallthings.fr\/lespetitslivres\/2017\/05\/26\/aussi-libre-reve-manon-fargetton\/#breadcrumb"},"inLanguage":"fr-FR","potentialAction":[{"@type":"ReadAction","target":["https:\/\/smallthings.fr\/lespetitslivres\/2017\/05\/26\/aussi-libre-reve-manon-fargetton\/"]}]},{"@type":"BreadcrumbList","@id":"https:\/\/smallthings.fr\/lespetitslivres\/2017\/05\/26\/aussi-libre-reve-manon-fargetton\/#breadcrumb","itemListElement":[{"@type":"ListItem","position":1,"name":"Accueil","item":"https:\/\/smallthings.fr\/lespetitslivres\/"},{"@type":"ListItem","position":2,"name":"Aussi libre qu\u2019un r\u00eave, le premier livre de Manon Fargetton"}]},{"@type":"WebSite","@id":"https:\/\/smallthings.fr\/lespetitslivres\/#website","url":"https:\/\/smallthings.fr\/lespetitslivres\/","name":"Les Petits Livres","description":"by Small Things","potentialAction":[{"@type":"SearchAction","target":{"@type":"EntryPoint","urlTemplate":"https:\/\/smallthings.fr\/lespetitslivres\/?s={search_term_string}"},"query-input":"required name=search_term_string"}],"inLanguage":"fr-FR"},{"@type":"Person","@id":"https:\/\/smallthings.fr\/lespetitslivres\/#\/schema\/person\/bb8808220f912e72f01f7a55924d9ad1","name":"Jennifer","image":{"@type":"ImageObject","inLanguage":"fr-FR","@id":"https:\/\/smallthings.fr\/lespetitslivres\/#\/schema\/person\/image\/","url":"https:\/\/secure.gravatar.com\/avatar\/ffcd6b107b6b18c3d5201f1bcc631683?s=96&d=retro&r=g","contentUrl":"https:\/\/secure.gravatar.com\/avatar\/ffcd6b107b6b18c3d5201f1bcc631683?s=96&d=retro&r=g","caption":"Jennifer"},"url":"https:\/\/smallthings.fr\/lespetitslivres\/author\/jennifer\/"}]}},"jetpack_featured_media_url":"https:\/\/smallthings.fr\/lespetitslivres\/wp-content\/uploads\/2017\/05\/Manon-Fargetton-d\u00e9dicace-4-scaled.jpg","jetpack_sharing_enabled":true,"jetpack_shortlink":"https:\/\/wp.me\/p6Un21-84o","jetpack-related-posts":[{"id":30635,"url":"https:\/\/smallthings.fr\/lespetitslivres\/2017\/01\/08\/heritage-rois-passeurs-fargetton-avis\/","url_meta":{"origin":31024,"position":0},"title":"L\u2019H\u00e9ritage des Rois Passeurs : un roman de fantasy \u00e9poustouflant","author":"Jennifer","date":"8 janvier 2017","format":false,"excerpt":"L\u2019H\u00e9ritage des Rois Passeurs est un roman de\u00a0Manon Fargetton, sorti en format poche chez Milady en novembre dernier. Un livre de fantasy exceptionnel qui nous emm\u00e8ne dans un monde de magie dont le destin repose sur les \u00e9paules de deux femmes hors du commun. Manon Fargetton a re\u00e7u le Prix\u2026","rel":"","context":"Dans &quot;Fantasy&quot;","block_context":{"text":"Fantasy","link":"https:\/\/smallthings.fr\/lespetitslivres\/category\/imaginaire\/fantasy\/"},"img":{"alt_text":"","src":"https:\/\/i0.wp.com\/smallthings.fr\/lespetitslivres\/wp-content\/uploads\/2017\/01\/Lh\u00e9ritage-des-rois-passeurs-manon-fargetton-3.jpg?resize=350%2C200&ssl=1","width":350,"height":200,"srcset":"https:\/\/i0.wp.com\/smallthings.fr\/lespetitslivres\/wp-content\/uploads\/2017\/01\/Lh\u00e9ritage-des-rois-passeurs-manon-fargetton-3.jpg?resize=350%2C200&ssl=1 1x, https:\/\/i0.wp.com\/smallthings.fr\/lespetitslivres\/wp-content\/uploads\/2017\/01\/Lh\u00e9ritage-des-rois-passeurs-manon-fargetton-3.jpg?resize=525%2C300&ssl=1 1.5x"},"classes":[]},{"id":30707,"url":"https:\/\/smallthings.fr\/lespetitslivres\/2017\/01\/19\/illusions-de-sav-loar-fargetton-avis\/","url_meta":{"origin":31024,"position":1},"title":"Les Illusions de Sav-Loar : encore un roman r\u00e9ussi pour Manon Fargetton","author":"Jennifer","date":"19 janvier 2017","format":false,"excerpt":"Les Illusions de Sav-Loar est un roman de fantasy \u00e9crit par Manon Fargetton. Sorti chez Bragelonne en novembre dernier, ce livre nous fait suivre les aventures de Bleue, une jeune femme hors du commun, et ses compagnons d\u2019infortune. L\u2019H\u00e9ritage des Rois Passeurs (chronique ici) avait \u00e9t\u00e9 un franc succ\u00e8s, mais\u2026","rel":"","context":"Dans &quot;Fantasy&quot;","block_context":{"text":"Fantasy","link":"https:\/\/smallthings.fr\/lespetitslivres\/category\/imaginaire\/fantasy\/"},"img":{"alt_text":"","src":"https:\/\/i0.wp.com\/smallthings.fr\/lespetitslivres\/wp-content\/uploads\/2017\/01\/Les-illusions-de-Sav-Loar-Manon-Fargetton-3.jpg?resize=350%2C200&ssl=1","width":350,"height":200,"srcset":"https:\/\/i0.wp.com\/smallthings.fr\/lespetitslivres\/wp-content\/uploads\/2017\/01\/Les-illusions-de-Sav-Loar-Manon-Fargetton-3.jpg?resize=350%2C200&ssl=1 1x, https:\/\/i0.wp.com\/smallthings.fr\/lespetitslivres\/wp-content\/uploads\/2017\/01\/Les-illusions-de-Sav-Loar-Manon-Fargetton-3.jpg?resize=525%2C300&ssl=1 1.5x, https:\/\/i0.wp.com\/smallthings.fr\/lespetitslivres\/wp-content\/uploads\/2017\/01\/Les-illusions-de-Sav-Loar-Manon-Fargetton-3.jpg?resize=700%2C400&ssl=1 2x, https:\/\/i0.wp.com\/smallthings.fr\/lespetitslivres\/wp-content\/uploads\/2017\/01\/Les-illusions-de-Sav-Loar-Manon-Fargetton-3.jpg?resize=1050%2C600&ssl=1 3x"},"classes":[]},{"id":30627,"url":"https:\/\/smallthings.fr\/lespetitslivres\/2017\/01\/07\/dernier-jardin-destefano-critique\/","url_meta":{"origin":31024,"position":2},"title":"Le Dernier Jardin : que faire de sa vie quand on conna\u00eet la date de sa mort ?","author":"Jennifer","date":"7 janvier 2017","format":false,"excerpt":"Le Dernier Jardin est un roman de\u00a0Lauren DeStefano, sorti en poche en novembre dernier chez Castelmore. Un roman d\u2019anticipation int\u00e9ressant qui nous plonge dans un futur o\u00f9 la science a permis de faire des enfants parfaits\u2026 qui ne survivent pas au-del\u00e0 de leur 25\u00e8me anniversaire. Le Dernier Jardin\u00a0nous pr\u00e9sente un\u2026","rel":"","context":"Dans &quot;Science-fiction&quot;","block_context":{"text":"Science-fiction","link":"https:\/\/smallthings.fr\/lespetitslivres\/category\/imaginaire\/science-fiction\/"},"img":{"alt_text":"","src":"https:\/\/i0.wp.com\/smallthings.fr\/lespetitslivres\/wp-content\/uploads\/2017\/01\/Le-dernier-jardin-DeStefano-4.jpg?resize=350%2C200&ssl=1","width":350,"height":200,"srcset":"https:\/\/i0.wp.com\/smallthings.fr\/lespetitslivres\/wp-content\/uploads\/2017\/01\/Le-dernier-jardin-DeStefano-4.jpg?resize=350%2C200&ssl=1 1x, https:\/\/i0.wp.com\/smallthings.fr\/lespetitslivres\/wp-content\/uploads\/2017\/01\/Le-dernier-jardin-DeStefano-4.jpg?resize=525%2C300&ssl=1 1.5x, https:\/\/i0.wp.com\/smallthings.fr\/lespetitslivres\/wp-content\/uploads\/2017\/01\/Le-dernier-jardin-DeStefano-4.jpg?resize=700%2C400&ssl=1 2x, https:\/\/i0.wp.com\/smallthings.fr\/lespetitslivres\/wp-content\/uploads\/2017\/01\/Le-dernier-jardin-DeStefano-4.jpg?resize=1050%2C600&ssl=1 3x"},"classes":[]},{"id":30373,"url":"https:\/\/smallthings.fr\/lespetitslivres\/2016\/10\/10\/et-si-rebecca-donovan-avis\/","url_meta":{"origin":31024,"position":3},"title":"Et si&#8230; Le nouveau roman de Rebecca Donovan","author":"Jennifer","date":"10 octobre 2016","format":false,"excerpt":"Et si\u2026 est le nouveau roman de Rebecca Donovan, l\u2019auteure de la s\u00e9rie \u00e0 succ\u00e8s Ma Raison de Vivre. Ce nouveau young-adult est sorti d\u00e9but octobre chez\u00a0Pocket Jeunesse et relate l\u2019histoire de Cal, un jeune homme amoureux d\u2019une amie d\u2019enfance qu\u2019il a perdue de vue. Un jour, il va la\u2026","rel":"","context":"Dans &quot;Young Adult&quot;","block_context":{"text":"Young Adult","link":"https:\/\/smallthings.fr\/lespetitslivres\/category\/young-adult\/"},"img":{"alt_text":"","src":"https:\/\/i0.wp.com\/smallthings.fr\/lespetitslivres\/wp-content\/uploads\/2016\/10\/What-if-et-si-Rebecca-Donovan-4.jpg?resize=350%2C200&ssl=1","width":350,"height":200},"classes":[]},{"id":31440,"url":"https:\/\/smallthings.fr\/lespetitslivres\/2017\/12\/22\/heartless-marissa-meyer\/","url_meta":{"origin":31024,"position":4},"title":"Heartless\u00a0: quand Marissa Meyer revisite Alice au pays des Merveilles","author":"Jennifer","date":"22 d\u00e9cembre 2017","format":false,"excerpt":"Apr\u00e8s le succ\u00e8s international de sa saga Chroniques Lunaires, Marissa Meyer revient chez Pocket Jeunesse avec Heartless, l\u2019histoire revisit\u00e9e de la Reine de C\u0153ur d\u2019Alice au pays des merveilles. Un roman qui nous fait passer assur\u00e9ment de l\u2019autre c\u00f4t\u00e9 du miroir\u00a0! Si les Chroniques Lunaires ont beaucoup fait parler d\u2019elles,\u2026","rel":"","context":"Dans &quot;Young Adult&quot;","block_context":{"text":"Young Adult","link":"https:\/\/smallthings.fr\/lespetitslivres\/category\/young-adult\/"},"img":{"alt_text":"","src":"https:\/\/i0.wp.com\/smallthings.fr\/lespetitslivres\/wp-content\/uploads\/2017\/12\/reine-coeur.png?resize=350%2C200&ssl=1","width":350,"height":200,"srcset":"https:\/\/i0.wp.com\/smallthings.fr\/lespetitslivres\/wp-content\/uploads\/2017\/12\/reine-coeur.png?resize=350%2C200&ssl=1 1x, https:\/\/i0.wp.com\/smallthings.fr\/lespetitslivres\/wp-content\/uploads\/2017\/12\/reine-coeur.png?resize=525%2C300&ssl=1 1.5x, https:\/\/i0.wp.com\/smallthings.fr\/lespetitslivres\/wp-content\/uploads\/2017\/12\/reine-coeur.png?resize=700%2C400&ssl=1 2x, https:\/\/i0.wp.com\/smallthings.fr\/lespetitslivres\/wp-content\/uploads\/2017\/12\/reine-coeur.png?resize=1050%2C600&ssl=1 3x"},"classes":[]},{"id":31118,"url":"https:\/\/smallthings.fr\/lespetitslivres\/2017\/07\/05\/genesis-defi-etoiles-claudia-gray\/","url_meta":{"origin":31024,"position":5},"title":"G\u00e9n\u00e9sis, le d\u00e9fi des \u00e9toiles : explorons l\u2019univers !","author":"Jennifer","date":"5 juillet 2017","format":false,"excerpt":"Le d\u00e9fi des \u00e9toiles est le premier tome de la saga G\u00e9n\u00e9sis de Claudia Gray. Ce roman young adult ax\u00e9 science-fiction est sorti en mai chez le label Castelmore. Il raconte le combat de No\u00e9mi Vidal pour sauver G\u00e9n\u00e9sis, sa plan\u00e8te, en s\u2019alliant \u00e0 son pire ennemi\u00a0: le prototype m\u00e9ca\u2026","rel":"","context":"Dans &quot;Science-fiction&quot;","block_context":{"text":"Science-fiction","link":"https:\/\/smallthings.fr\/lespetitslivres\/category\/imaginaire\/science-fiction\/"},"img":{"alt_text":"","src":"https:\/\/i0.wp.com\/smallthings.fr\/lespetitslivres\/wp-content\/uploads\/2017\/07\/Genesis-le-d\u00e9fi-des-\u00e9toiles-4.jpg?resize=350%2C200&ssl=1","width":350,"height":200,"srcset":"https:\/\/i0.wp.com\/smallthings.fr\/lespetitslivres\/wp-content\/uploads\/2017\/07\/Genesis-le-d\u00e9fi-des-\u00e9toiles-4.jpg?resize=350%2C200&ssl=1 1x, https:\/\/i0.wp.com\/smallthings.fr\/lespetitslivres\/wp-content\/uploads\/2017\/07\/Genesis-le-d\u00e9fi-des-\u00e9toiles-4.jpg?resize=525%2C300&ssl=1 1.5x, https:\/\/i0.wp.com\/smallthings.fr\/lespetitslivres\/wp-content\/uploads\/2017\/07\/Genesis-le-d\u00e9fi-des-\u00e9toiles-4.jpg?resize=700%2C400&ssl=1 2x, https:\/\/i0.wp.com\/smallthings.fr\/lespetitslivres\/wp-content\/uploads\/2017\/07\/Genesis-le-d\u00e9fi-des-\u00e9toiles-4.jpg?resize=1050%2C600&ssl=1 3x"},"classes":[]}],"_links":{"self":[{"href":"https:\/\/smallthings.fr\/lespetitslivres\/wp-json\/wp\/v2\/posts\/31024"}],"collection":[{"href":"https:\/\/smallthings.fr\/lespetitslivres\/wp-json\/wp\/v2\/posts"}],"about":[{"href":"https:\/\/smallthings.fr\/lespetitslivres\/wp-json\/wp\/v2\/types\/post"}],"author":[{"embeddable":true,"href":"https:\/\/smallthings.fr\/lespetitslivres\/wp-json\/wp\/v2\/users\/14"}],"replies":[{"embeddable":true,"href":"https:\/\/smallthings.fr\/lespetitslivres\/wp-json\/wp\/v2\/comments?post=31024"}],"version-history":[{"count":5,"href":"https:\/\/smallthings.fr\/lespetitslivres\/wp-json\/wp\/v2\/posts\/31024\/revisions"}],"predecessor-version":[{"id":31039,"href":"https:\/\/smallthings.fr\/lespetitslivres\/wp-json\/wp\/v2\/posts\/31024\/revisions\/31039"}],"wp:featuredmedia":[{"embeddable":true,"href":"https:\/\/smallthings.fr\/lespetitslivres\/wp-json\/wp\/v2\/media\/31031"}],"wp:attachment":[{"href":"https:\/\/smallthings.fr\/lespetitslivres\/wp-json\/wp\/v2\/media?parent=31024"}],"wp:term":[{"taxonomy":"category","embeddable":true,"href":"https:\/\/smallthings.fr\/lespetitslivres\/wp-json\/wp\/v2\/categories?post=31024"},{"taxonomy":"post_tag","embeddable":true,"href":"https:\/\/smallthings.fr\/lespetitslivres\/wp-json\/wp\/v2\/tags?post=31024"}],"curies":[{"name":"wp","href":"https:\/\/api.w.org\/{rel}","templated":true}]}}