{"id":30971,"date":"2017-04-21T12:33:34","date_gmt":"2017-04-21T11:33:34","guid":{"rendered":"http:\/\/smallthings.fr\/lespetitslivres\/?p=30971"},"modified":"2017-04-20T12:54:48","modified_gmt":"2017-04-20T11:54:48","slug":"emprise-roman-valerie-gans-avis","status":"publish","type":"post","link":"https:\/\/smallthings.fr\/lespetitslivres\/2017\/04\/21\/emprise-roman-valerie-gans-avis\/","title":{"rendered":"Entre emprise psychologique et emprise sociale, le nouveau roman de Val\u00e9rie Gans"},"content":{"rendered":"<h2><em>Emprise<\/em> est le nouveau roman de la journaliste Val\u00e9rie Gans, r\u00e9cemment paru chez <a href=\"http:\/\/www.editions-jclattes.fr\/emprise-9782709658690\">JC Latt\u00e8s<\/a>. A vingt-neuf ans, Claire m\u00e8ne une vie de c\u00e9libataire presque id\u00e9ale : un travail en free-lance qui lui permet d&rsquo;organiser ses journ\u00e9es, des copines toujours partantes pour une sortie, un appartement cosy et un chat pour lui tenir compagnie. Jusqu&rsquo;au jour o\u00f9, au d\u00e9tour d&rsquo;Internet, sa route croise celle de Mark&#8230;<\/h2>\n<p>Et l\u00e0 tout se pr\u00e9cipite. En quelques mois, la c\u00e9libataire endurcie qu&rsquo;elle \u00e9tait se retrouve mari\u00e9e, \u00e0 tout l\u00e2cher pour suivre l&rsquo;homme de sa vie \u00e0 Ryad en Arabie Saoudite.<\/p>\n<p>Du jour au lendemain, Claire voit son monde basculer. Dans cette soci\u00e9t\u00e9 o\u00f9 la femme n&rsquo;est rien sans son mari, elle voit ses libert\u00e9s se restreindre comme peau de chagrin et se sent d\u00e9primer en d\u00e9pit de ses efforts pour s&rsquo;adapter \u00e0 sa nouvelle vie. Mark quant \u00e0 lui semble tr\u00e8s bien s&rsquo;en accommoder et r\u00e9v\u00e8le peu \u00e0 peu sa vraie nature. <strong>Pour Claire, le conte de f\u00e9e tourne \u00e0 la descente aux enfers alors qu&rsquo;elle r\u00e9alise dans quel pi\u00e8ge elle s&rsquo;est laiss\u00e9e prendre.<\/strong><\/p>\n<p><strong><img loading=\"lazy\" decoding=\"async\" data-attachment-id=\"30972\" data-permalink=\"https:\/\/smallthings.fr\/lespetitslivres\/2017\/04\/21\/emprise-roman-valerie-gans-avis\/emprise-gans\/\" data-orig-file=\"https:\/\/smallthings.fr\/lespetitslivres\/wp-content\/uploads\/2017\/04\/emprise-gans.jpeg\" data-orig-size=\"299,480\" data-comments-opened=\"1\" data-image-meta=\"{&quot;aperture&quot;:&quot;0&quot;,&quot;credit&quot;:&quot;&quot;,&quot;camera&quot;:&quot;&quot;,&quot;caption&quot;:&quot;&quot;,&quot;created_timestamp&quot;:&quot;0&quot;,&quot;copyright&quot;:&quot;&quot;,&quot;focal_length&quot;:&quot;0&quot;,&quot;iso&quot;:&quot;0&quot;,&quot;shutter_speed&quot;:&quot;0&quot;,&quot;title&quot;:&quot;&quot;,&quot;orientation&quot;:&quot;0&quot;}\" data-image-title=\"emprise-gans\" data-image-description=\"\" data-image-caption=\"\" data-medium-file=\"https:\/\/smallthings.fr\/lespetitslivres\/wp-content\/uploads\/2017\/04\/emprise-gans-187x300.jpeg\" data-large-file=\"https:\/\/smallthings.fr\/lespetitslivres\/wp-content\/uploads\/2017\/04\/emprise-gans.jpeg\" class=\"alignleft size-full wp-image-30972\" src=\"http:\/\/smallthings.fr\/lespetitslivres\/wp-content\/uploads\/2017\/04\/emprise-gans.jpeg\" alt=\"\" width=\"299\" height=\"480\" srcset=\"https:\/\/smallthings.fr\/lespetitslivres\/wp-content\/uploads\/2017\/04\/emprise-gans.jpeg 299w, https:\/\/smallthings.fr\/lespetitslivres\/wp-content\/uploads\/2017\/04\/emprise-gans-187x300.jpeg 187w\" sizes=\"(max-width: 299px) 100vw, 299px\" \/>Emprise\u00a0psychologie et\u00a0emprise sociale, tels sont les deux axes du fascinant roman au tour tr\u00e8s f\u00e9minin et f\u00e9ministe que nous livre\u00a0Val\u00e9rie Gans. <\/strong>Emprise psychologique car on d\u00e9couvre vite que le personnage de Mark, \u00e9minemment toxique, n&rsquo;est pas celui qu&rsquo;il veut para\u00eetre. S\u00e9ducteur, charmeur, il parvient vite \u00e0 briser l&rsquo;ind\u00e9pendance de Claire et la manipuler pour obtenir d&rsquo;elle ce qu&rsquo;il d\u00e9sire. Quels desseins poursuit-il ? Est-ce pour le simple plaisir d&rsquo;avoir une proie sous sa coupe ? M\u00eame Claire serait en mal de le dire tant les \u00e9v\u00e9nements se pr\u00e9cipitent. La jeune femme n&rsquo;a pas le temps de se poser de questions ou les \u00e9carte par amour. De toute fa\u00e7on, voil\u00e0 que rapidement elle doit aussi faire face \u00e0 l&#8217;emprise sociale de ce nouveau pays qui n&rsquo;aime pas les femmes, qui les rabaisse au rang de possession masculine. Pas le droit de conduire, d&rsquo;aller au restaurant, de sortir seule. Il faut se cacher, porter le voile, porter une abaya. <strong>Son existence enti\u00e8re se retrouve enferm\u00e9e, pi\u00e9g\u00e9e, emprisonn\u00e9e sous la coupe d&rsquo;un homme que bient\u00f4t elle ne reconna\u00eet plus. Sous le choc, la jeune femme commence \u00e0 sombrer lentement dans la d\u00e9pression, la soumission, la d\u00e9mission de soi.<\/strong> Heureusement qu\u2019ici aussi existe, en d\u00e9pit de tous les interdits, une solidarit\u00e9 f\u00e9minine. Le lien de celles qui savent. Et cela va lui sauver la vie.<\/p>\n<p>L&rsquo;histoire de Claire dans <em>Emprise<\/em>, <strong>c&rsquo;est \u00e0 la fois celle de la rencontre des cultures orientales et occidentales, de deux conceptions radicalement oppos\u00e9es de la femme et de sa place, mais c&rsquo;est aussi l&rsquo;histoire de toutes ces femmes prises au pi\u00e8ge de leur couple, d&rsquo;un mari dominateur, parfois violent, qui ne savent ni pourquoi elles en sont arriv\u00e9es l\u00e0, ni comment en sortir.<\/strong><\/p>\n<p>Ces deux trames se m\u00ealent pour tisser une histoire \u00e9difiante et fascinante, qui vous entra\u00eene parfois jusqu&rsquo;au malaise. Si au premier abord, on est g\u00ean\u00e9, agac\u00e9 par l&rsquo;aspect trop idyllique de la vie de Claire et de sa rencontre avec Mark, <em>Emprise<\/em> referme rapidement sa sombre emprise et on se retrouve enferr\u00e9 jusqu&rsquo;\u00e0 la derni\u00e8re page.<\/p>\n","protected":false},"excerpt":{"rendered":"<p>Emprise est le nouveau roman de la journaliste Val\u00e9rie Gans, r\u00e9cemment paru chez JC Latt\u00e8s. A vingt-neuf ans, Claire m\u00e8ne une vie de c\u00e9libataire presque id\u00e9ale : un travail en free-lance qui lui permet d&rsquo;organiser ses journ\u00e9es, des copines toujours partantes pour une sortie, un appartement cosy et un chat pour lui tenir compagnie. Jusqu&rsquo;au<\/p>\n","protected":false},"author":15,"featured_media":30973,"comment_status":"open","ping_status":"open","sticky":false,"template":"","format":"standard","meta":{"jetpack_post_was_ever_published":false,"_jetpack_newsletter_access":"","_jetpack_newsletter_tier_id":0,"footnotes":"","jetpack_publicize_message":"","jetpack_is_tweetstorm":false,"jetpack_publicize_feature_enabled":true,"jetpack_social_post_already_shared":true,"jetpack_social_options":{"image_generator_settings":{"template":"highway","enabled":false}}},"categories":[1117],"tags":[1748,54,1747],"jetpack_publicize_connections":[],"yoast_head":"<!-- This site is optimized with the Yoast SEO plugin v21.5 - https:\/\/yoast.com\/wordpress\/plugins\/seo\/ -->\n<title>Entre emprise psychologique et emprise sociale, le nouveau roman de Val\u00e9rie Gans<\/title>\n<meta name=\"description\" content=\"Emprise est le nouveau roman de la journaliste Val\u00e9rie Gans, r\u00e9cemment paru chez JC Latt\u00e8s. A vingt-neuf ans, Claire m\u00e8ne une vie de c\u00e9libataire presque\" \/>\n<meta name=\"robots\" content=\"index, follow, max-snippet:-1, max-image-preview:large, max-video-preview:-1\" \/>\n<link rel=\"canonical\" href=\"https:\/\/smallthings.fr\/lespetitslivres\/2017\/04\/21\/emprise-roman-valerie-gans-avis\/\" \/>\n<meta property=\"og:locale\" content=\"fr_FR\" \/>\n<meta property=\"og:type\" content=\"article\" \/>\n<meta property=\"og:title\" content=\"Entre emprise psychologique et emprise sociale, le nouveau roman de Val\u00e9rie Gans\" \/>\n<meta property=\"og:description\" content=\"Emprise est le nouveau roman de la journaliste Val\u00e9rie Gans, r\u00e9cemment paru chez JC Latt\u00e8s. A vingt-neuf ans, Claire m\u00e8ne une vie de c\u00e9libataire presque\" \/>\n<meta property=\"og:url\" content=\"https:\/\/smallthings.fr\/lespetitslivres\/2017\/04\/21\/emprise-roman-valerie-gans-avis\/\" \/>\n<meta property=\"og:site_name\" content=\"Les Petits Livres\" \/>\n<meta property=\"article:published_time\" content=\"2017-04-21T11:33:34+00:00\" \/>\n<meta property=\"article:modified_time\" content=\"2017-04-20T11:54:48+00:00\" \/>\n<meta property=\"og:image\" content=\"https:\/\/i0.wp.com\/smallthings.fr\/lespetitslivres\/wp-content\/uploads\/2017\/04\/emprise-couv.jpg?fit=651%2C314&ssl=1\" \/>\n\t<meta property=\"og:image:width\" content=\"651\" \/>\n\t<meta property=\"og:image:height\" content=\"314\" \/>\n\t<meta property=\"og:image:type\" content=\"image\/jpeg\" \/>\n<meta name=\"author\" content=\"June\" \/>\n<meta name=\"twitter:card\" content=\"summary_large_image\" \/>\n<meta name=\"twitter:creator\" content=\"@dariadgille\" \/>\n<meta name=\"twitter:label1\" content=\"\u00c9crit par\" \/>\n\t<meta name=\"twitter:data1\" content=\"June\" \/>\n\t<meta name=\"twitter:label2\" content=\"Dur\u00e9e de lecture estim\u00e9e\" \/>\n\t<meta name=\"twitter:data2\" content=\"3 minutes\" \/>\n<script type=\"application\/ld+json\" class=\"yoast-schema-graph\">{\"@context\":\"https:\/\/schema.org\",\"@graph\":[{\"@type\":\"WebPage\",\"@id\":\"https:\/\/smallthings.fr\/lespetitslivres\/2017\/04\/21\/emprise-roman-valerie-gans-avis\/\",\"url\":\"https:\/\/smallthings.fr\/lespetitslivres\/2017\/04\/21\/emprise-roman-valerie-gans-avis\/\",\"name\":\"Entre emprise psychologique et emprise sociale, le nouveau roman de Val\u00e9rie Gans\",\"isPartOf\":{\"@id\":\"https:\/\/smallthings.fr\/lespetitslivres\/#website\"},\"datePublished\":\"2017-04-21T11:33:34+00:00\",\"dateModified\":\"2017-04-20T11:54:48+00:00\",\"author\":{\"@id\":\"https:\/\/smallthings.fr\/lespetitslivres\/#\/schema\/person\/3e6389e33dfcb17850d47fa745090e73\"},\"description\":\"Emprise est le nouveau roman de la journaliste Val\u00e9rie Gans, r\u00e9cemment paru chez JC Latt\u00e8s. A vingt-neuf ans, Claire m\u00e8ne une vie de c\u00e9libataire presque\",\"breadcrumb\":{\"@id\":\"https:\/\/smallthings.fr\/lespetitslivres\/2017\/04\/21\/emprise-roman-valerie-gans-avis\/#breadcrumb\"},\"inLanguage\":\"fr-FR\",\"potentialAction\":[{\"@type\":\"ReadAction\",\"target\":[\"https:\/\/smallthings.fr\/lespetitslivres\/2017\/04\/21\/emprise-roman-valerie-gans-avis\/\"]}]},{\"@type\":\"BreadcrumbList\",\"@id\":\"https:\/\/smallthings.fr\/lespetitslivres\/2017\/04\/21\/emprise-roman-valerie-gans-avis\/#breadcrumb\",\"itemListElement\":[{\"@type\":\"ListItem\",\"position\":1,\"name\":\"Accueil\",\"item\":\"https:\/\/smallthings.fr\/lespetitslivres\/\"},{\"@type\":\"ListItem\",\"position\":2,\"name\":\"Entre emprise psychologique et emprise sociale, le nouveau roman de Val\u00e9rie Gans\"}]},{\"@type\":\"WebSite\",\"@id\":\"https:\/\/smallthings.fr\/lespetitslivres\/#website\",\"url\":\"https:\/\/smallthings.fr\/lespetitslivres\/\",\"name\":\"Les Petits Livres\",\"description\":\"by Small Things\",\"potentialAction\":[{\"@type\":\"SearchAction\",\"target\":{\"@type\":\"EntryPoint\",\"urlTemplate\":\"https:\/\/smallthings.fr\/lespetitslivres\/?s={search_term_string}\"},\"query-input\":\"required name=search_term_string\"}],\"inLanguage\":\"fr-FR\"},{\"@type\":\"Person\",\"@id\":\"https:\/\/smallthings.fr\/lespetitslivres\/#\/schema\/person\/3e6389e33dfcb17850d47fa745090e73\",\"name\":\"June\",\"image\":{\"@type\":\"ImageObject\",\"inLanguage\":\"fr-FR\",\"@id\":\"https:\/\/smallthings.fr\/lespetitslivres\/#\/schema\/person\/image\/\",\"url\":\"https:\/\/secure.gravatar.com\/avatar\/b9e34137bb78059aebeb6866f6a13f5a?s=96&d=retro&r=g\",\"contentUrl\":\"https:\/\/secure.gravatar.com\/avatar\/b9e34137bb78059aebeb6866f6a13f5a?s=96&d=retro&r=g\",\"caption\":\"June\"},\"sameAs\":[\"https:\/\/twitter.com\/@dariadgille\"],\"url\":\"https:\/\/smallthings.fr\/lespetitslivres\/author\/june\/\"}]}<\/script>\n<!-- \/ Yoast SEO plugin. -->","yoast_head_json":{"title":"Entre emprise psychologique et emprise sociale, le nouveau roman de Val\u00e9rie Gans","description":"Emprise est le nouveau roman de la journaliste Val\u00e9rie Gans, r\u00e9cemment paru chez JC Latt\u00e8s. A vingt-neuf ans, Claire m\u00e8ne une vie de c\u00e9libataire presque","robots":{"index":"index","follow":"follow","max-snippet":"max-snippet:-1","max-image-preview":"max-image-preview:large","max-video-preview":"max-video-preview:-1"},"canonical":"https:\/\/smallthings.fr\/lespetitslivres\/2017\/04\/21\/emprise-roman-valerie-gans-avis\/","og_locale":"fr_FR","og_type":"article","og_title":"Entre emprise psychologique et emprise sociale, le nouveau roman de Val\u00e9rie Gans","og_description":"Emprise est le nouveau roman de la journaliste Val\u00e9rie Gans, r\u00e9cemment paru chez JC Latt\u00e8s. A vingt-neuf ans, Claire m\u00e8ne une vie de c\u00e9libataire presque","og_url":"https:\/\/smallthings.fr\/lespetitslivres\/2017\/04\/21\/emprise-roman-valerie-gans-avis\/","og_site_name":"Les Petits Livres","article_published_time":"2017-04-21T11:33:34+00:00","article_modified_time":"2017-04-20T11:54:48+00:00","og_image":[{"width":651,"height":314,"url":"https:\/\/i0.wp.com\/smallthings.fr\/lespetitslivres\/wp-content\/uploads\/2017\/04\/emprise-couv.jpg?fit=651%2C314&ssl=1","type":"image\/jpeg"}],"author":"June","twitter_card":"summary_large_image","twitter_creator":"@dariadgille","twitter_misc":{"\u00c9crit par":"June","Dur\u00e9e de lecture estim\u00e9e":"3 minutes"},"schema":{"@context":"https:\/\/schema.org","@graph":[{"@type":"WebPage","@id":"https:\/\/smallthings.fr\/lespetitslivres\/2017\/04\/21\/emprise-roman-valerie-gans-avis\/","url":"https:\/\/smallthings.fr\/lespetitslivres\/2017\/04\/21\/emprise-roman-valerie-gans-avis\/","name":"Entre emprise psychologique et emprise sociale, le nouveau roman de Val\u00e9rie Gans","isPartOf":{"@id":"https:\/\/smallthings.fr\/lespetitslivres\/#website"},"datePublished":"2017-04-21T11:33:34+00:00","dateModified":"2017-04-20T11:54:48+00:00","author":{"@id":"https:\/\/smallthings.fr\/lespetitslivres\/#\/schema\/person\/3e6389e33dfcb17850d47fa745090e73"},"description":"Emprise est le nouveau roman de la journaliste Val\u00e9rie Gans, r\u00e9cemment paru chez JC Latt\u00e8s. A vingt-neuf ans, Claire m\u00e8ne une vie de c\u00e9libataire presque","breadcrumb":{"@id":"https:\/\/smallthings.fr\/lespetitslivres\/2017\/04\/21\/emprise-roman-valerie-gans-avis\/#breadcrumb"},"inLanguage":"fr-FR","potentialAction":[{"@type":"ReadAction","target":["https:\/\/smallthings.fr\/lespetitslivres\/2017\/04\/21\/emprise-roman-valerie-gans-avis\/"]}]},{"@type":"BreadcrumbList","@id":"https:\/\/smallthings.fr\/lespetitslivres\/2017\/04\/21\/emprise-roman-valerie-gans-avis\/#breadcrumb","itemListElement":[{"@type":"ListItem","position":1,"name":"Accueil","item":"https:\/\/smallthings.fr\/lespetitslivres\/"},{"@type":"ListItem","position":2,"name":"Entre emprise psychologique et emprise sociale, le nouveau roman de Val\u00e9rie Gans"}]},{"@type":"WebSite","@id":"https:\/\/smallthings.fr\/lespetitslivres\/#website","url":"https:\/\/smallthings.fr\/lespetitslivres\/","name":"Les Petits Livres","description":"by Small Things","potentialAction":[{"@type":"SearchAction","target":{"@type":"EntryPoint","urlTemplate":"https:\/\/smallthings.fr\/lespetitslivres\/?s={search_term_string}"},"query-input":"required name=search_term_string"}],"inLanguage":"fr-FR"},{"@type":"Person","@id":"https:\/\/smallthings.fr\/lespetitslivres\/#\/schema\/person\/3e6389e33dfcb17850d47fa745090e73","name":"June","image":{"@type":"ImageObject","inLanguage":"fr-FR","@id":"https:\/\/smallthings.fr\/lespetitslivres\/#\/schema\/person\/image\/","url":"https:\/\/secure.gravatar.com\/avatar\/b9e34137bb78059aebeb6866f6a13f5a?s=96&d=retro&r=g","contentUrl":"https:\/\/secure.gravatar.com\/avatar\/b9e34137bb78059aebeb6866f6a13f5a?s=96&d=retro&r=g","caption":"June"},"sameAs":["https:\/\/twitter.com\/@dariadgille"],"url":"https:\/\/smallthings.fr\/lespetitslivres\/author\/june\/"}]}},"jetpack_featured_media_url":"https:\/\/smallthings.fr\/lespetitslivres\/wp-content\/uploads\/2017\/04\/emprise-couv.jpg","jetpack_sharing_enabled":true,"jetpack_shortlink":"https:\/\/wp.me\/p6Un21-83x","jetpack-related-posts":[{"id":17055,"url":"https:\/\/smallthings.fr\/lespetitslivres\/2014\/10\/08\/jai-eu-nuits-ridicules-anna-rozen-avis\/","url_meta":{"origin":30971,"position":0},"title":"J&rsquo;ai eu des nuits ridicules&#8230; Un conte d&rsquo;Anna Rozen","author":"Claire","date":"8 octobre 2014","format":false,"excerpt":"Anna Rozen a publi\u00e9 son dernier roman, J'ai eu des nuits ridicules, au Dilettante le 1er octobre. Auteure confirm\u00e9e, notamment d'ouvrages jeunesse, J'ai eu des nuits ridicules est loin d'\u00eatre son premier roman. Derri\u00e8re le personnage de Val\u00e9rie, Anna Rozen prend le parti de s'amuser un peu et de nous\u2026","rel":"","context":"Dans &quot;Roman fran\u00e7ais&quot;","block_context":{"text":"Roman fran\u00e7ais","link":"https:\/\/smallthings.fr\/lespetitslivres\/category\/roman\/roman-francais\/"},"img":{"alt_text":"","src":"https:\/\/i0.wp.com\/smallthings.fr\/wp-content\/uploads\/2014\/10\/nuits-ridicules-rozen.jpg?resize=350%2C200","width":350,"height":200},"classes":[]},{"id":26328,"url":"https:\/\/smallthings.fr\/lespetitslivres\/2015\/08\/20\/un-homme-dangereux-emilie-freche-critique\/","url_meta":{"origin":30971,"position":1},"title":"Un homme dangereux &#8211; \u00c9milie Fr\u00e8che","author":"Claire","date":"20 ao\u00fbt 2015","format":false,"excerpt":"Un homme dangereux, nouveau roman d\u2019\u00c9milie Fr\u00e8che, laur\u00e9ate en 2013 du Prix Orange du Livre avec Deux \u00e9trangers, vient de para\u00eetre chez Stock. Fort et captivant, c'est l'un de mes coups de c\u0153ur de cette rentr\u00e9e litt\u00e9raire. Un homme dangereux raconte l'une de ces rencontres qui nous changent et nous\u2026","rel":"","context":"Dans &quot;Rentr\u00e9e Litt\u00e9raire&quot;","block_context":{"text":"Rentr\u00e9e Litt\u00e9raire","link":"https:\/\/smallthings.fr\/lespetitslivres\/category\/rentree-litteraire-2015\/"},"img":{"alt_text":"","src":"","width":0,"height":0},"classes":[]},{"id":31107,"url":"https:\/\/smallthings.fr\/lespetitslivres\/2017\/08\/25\/qui-ne-dit-mot-consent-alma-brami\/","url_meta":{"origin":30971,"position":2},"title":"Qui ne dit mot consent, adult\u00e8re et r\u00e9signation par Alma Brami","author":"Claire","date":"25 ao\u00fbt 2017","format":false,"excerpt":"Qui ne dit mot consent est le nouveau roman d'Alma Brami, qui para\u00eet en cette rentr\u00e9e litt\u00e9raire au Mercure de France. On s'immerge dans la vie maritale d'Emilie et Bernard, qui n'est pas tout \u00e0 fait comme les autres... Un excellent roman, diablement efficace, qui se lit comme un thriller\u2026","rel":"","context":"Dans &quot;Roman fran\u00e7ais&quot;","block_context":{"text":"Roman fran\u00e7ais","link":"https:\/\/smallthings.fr\/lespetitslivres\/category\/roman\/roman-francais\/"},"img":{"alt_text":"","src":"https:\/\/i0.wp.com\/smallthings.fr\/lespetitslivres\/wp-content\/uploads\/2017\/08\/qui-ne-dit-mot-brami.jpg?resize=350%2C200&ssl=1","width":350,"height":200,"srcset":"https:\/\/i0.wp.com\/smallthings.fr\/lespetitslivres\/wp-content\/uploads\/2017\/08\/qui-ne-dit-mot-brami.jpg?resize=350%2C200&ssl=1 1x, https:\/\/i0.wp.com\/smallthings.fr\/lespetitslivres\/wp-content\/uploads\/2017\/08\/qui-ne-dit-mot-brami.jpg?resize=525%2C300&ssl=1 1.5x, https:\/\/i0.wp.com\/smallthings.fr\/lespetitslivres\/wp-content\/uploads\/2017\/08\/qui-ne-dit-mot-brami.jpg?resize=700%2C400&ssl=1 2x, https:\/\/i0.wp.com\/smallthings.fr\/lespetitslivres\/wp-content\/uploads\/2017\/08\/qui-ne-dit-mot-brami.jpg?resize=1050%2C600&ssl=1 3x"},"classes":[]},{"id":30086,"url":"https:\/\/smallthings.fr\/lespetitslivres\/2016\/06\/16\/revanche-celibataire-tracy-bloom-critique\/","url_meta":{"origin":30971,"position":3},"title":"La revanche d\u2019une c\u00e9libataire : vengeances par procuration&#8230;","author":"Jennifer","date":"16 juin 2016","format":false,"excerpt":"La revanche d\u2019une c\u00e9libataire est un livre de Tracy Bloom, paru le 27 mai dernier aux \u00e9ditions Milady. On y rencontre Suzie Miller, une journaliste partie en croisade contre ses ex. Et ce n\u2019est pas tout\u00a0! Dans sa rubrique \u00ab\u00a0Ch\u00e8re Suzie\u00a0\u00bb, elle va donner des conseils aux femmes pour se\u2026","rel":"","context":"Dans &quot;Roman \u00e9tranger&quot;","block_context":{"text":"Roman \u00e9tranger","link":"https:\/\/smallthings.fr\/lespetitslivres\/category\/roman\/roman-etranger\/"},"img":{"alt_text":"","src":"https:\/\/i0.wp.com\/smallthings.fr\/lespetitslivres\/wp-content\/uploads\/2016\/06\/revanche-d-une-celibataire-couv.jpg?resize=350%2C200&ssl=1","width":350,"height":200,"srcset":"https:\/\/i0.wp.com\/smallthings.fr\/lespetitslivres\/wp-content\/uploads\/2016\/06\/revanche-d-une-celibataire-couv.jpg?resize=350%2C200&ssl=1 1x, https:\/\/i0.wp.com\/smallthings.fr\/lespetitslivres\/wp-content\/uploads\/2016\/06\/revanche-d-une-celibataire-couv.jpg?resize=525%2C300&ssl=1 1.5x, https:\/\/i0.wp.com\/smallthings.fr\/lespetitslivres\/wp-content\/uploads\/2016\/06\/revanche-d-une-celibataire-couv.jpg?resize=700%2C400&ssl=1 2x, https:\/\/i0.wp.com\/smallthings.fr\/lespetitslivres\/wp-content\/uploads\/2016\/06\/revanche-d-une-celibataire-couv.jpg?resize=1050%2C600&ssl=1 3x"},"classes":[]},{"id":31739,"url":"https:\/\/smallthings.fr\/lespetitslivres\/2018\/07\/05\/journee-vierge-julie-marx-avis\/","url_meta":{"origin":30971,"position":4},"title":"La Journ\u00e9e de la Vierge : un 15 ao\u00fbt, c\u00e9libataire, \u00e0 Paris","author":"Diane Norric","date":"5 juillet 2018","format":false,"excerpt":"Longtemps auteure des chroniques parues dans Lib\u00e9 sous le titre La Mouche et la Vitre, Julie Marx a publi\u00e9 cette ann\u00e9e son premier roman aux \u00e9ditions de l\u2019Olivier. \u00c7a s\u2019appelle La Journ\u00e9e de la Vierge, parce que les 186 pages de l\u2019histoire se passent un 15 ao\u00fbt - f\u00eate de\u2026","rel":"","context":"Dans &quot;Roman fran\u00e7ais&quot;","block_context":{"text":"Roman fran\u00e7ais","link":"https:\/\/smallthings.fr\/lespetitslivres\/category\/roman\/roman-francais\/"},"img":{"alt_text":"","src":"https:\/\/i0.wp.com\/smallthings.fr\/lespetitslivres\/wp-content\/uploads\/2018\/07\/journee-de-la-vierge-cover.jpg?resize=350%2C200&ssl=1","width":350,"height":200,"srcset":"https:\/\/i0.wp.com\/smallthings.fr\/lespetitslivres\/wp-content\/uploads\/2018\/07\/journee-de-la-vierge-cover.jpg?resize=350%2C200&ssl=1 1x, https:\/\/i0.wp.com\/smallthings.fr\/lespetitslivres\/wp-content\/uploads\/2018\/07\/journee-de-la-vierge-cover.jpg?resize=525%2C300&ssl=1 1.5x, https:\/\/i0.wp.com\/smallthings.fr\/lespetitslivres\/wp-content\/uploads\/2018\/07\/journee-de-la-vierge-cover.jpg?resize=700%2C400&ssl=1 2x, https:\/\/i0.wp.com\/smallthings.fr\/lespetitslivres\/wp-content\/uploads\/2018\/07\/journee-de-la-vierge-cover.jpg?resize=1050%2C600&ssl=1 3x"},"classes":[]},{"id":4735,"url":"https:\/\/smallthings.fr\/lespetitslivres\/2013\/04\/18\/john-irving-bien-des-personnages\/","url_meta":{"origin":30971,"position":5},"title":"John Irving &#8211; A moi seul bien des personnages","author":"Claire","date":"18 avril 2013","format":false,"excerpt":"Aujourd'hui para\u00eet la traduction fran\u00e7aise du treizi\u00e8me roman de John Irving, \"A moi seul bien des personnages\". Un roman sur la bisexualit\u00e9, paru en 2012 aux Etats-Unis, qui trouvera son \u00e9cho au coeur de l'actualit\u00e9 fran\u00e7aise... Billy, le h\u00e9ros, qui en bien des points nous rappelera l'auteur, nous raconte ses\u2026","rel":"","context":"Dans &quot;Roman \u00e9tranger&quot;","block_context":{"text":"Roman \u00e9tranger","link":"https:\/\/smallthings.fr\/lespetitslivres\/category\/roman\/roman-etranger\/"},"img":{"alt_text":"","src":"https:\/\/i0.wp.com\/uploads.smallthings.fr\/2013\/04\/684-205x272.jpg?resize=350%2C200","width":350,"height":200},"classes":[]}],"_links":{"self":[{"href":"https:\/\/smallthings.fr\/lespetitslivres\/wp-json\/wp\/v2\/posts\/30971"}],"collection":[{"href":"https:\/\/smallthings.fr\/lespetitslivres\/wp-json\/wp\/v2\/posts"}],"about":[{"href":"https:\/\/smallthings.fr\/lespetitslivres\/wp-json\/wp\/v2\/types\/post"}],"author":[{"embeddable":true,"href":"https:\/\/smallthings.fr\/lespetitslivres\/wp-json\/wp\/v2\/users\/15"}],"replies":[{"embeddable":true,"href":"https:\/\/smallthings.fr\/lespetitslivres\/wp-json\/wp\/v2\/comments?post=30971"}],"version-history":[{"count":1,"href":"https:\/\/smallthings.fr\/lespetitslivres\/wp-json\/wp\/v2\/posts\/30971\/revisions"}],"predecessor-version":[{"id":30974,"href":"https:\/\/smallthings.fr\/lespetitslivres\/wp-json\/wp\/v2\/posts\/30971\/revisions\/30974"}],"wp:featuredmedia":[{"embeddable":true,"href":"https:\/\/smallthings.fr\/lespetitslivres\/wp-json\/wp\/v2\/media\/30973"}],"wp:attachment":[{"href":"https:\/\/smallthings.fr\/lespetitslivres\/wp-json\/wp\/v2\/media?parent=30971"}],"wp:term":[{"taxonomy":"category","embeddable":true,"href":"https:\/\/smallthings.fr\/lespetitslivres\/wp-json\/wp\/v2\/categories?post=30971"},{"taxonomy":"post_tag","embeddable":true,"href":"https:\/\/smallthings.fr\/lespetitslivres\/wp-json\/wp\/v2\/tags?post=30971"}],"curies":[{"name":"wp","href":"https:\/\/api.w.org\/{rel}","templated":true}]}}