{"id":30933,"date":"2017-04-15T10:00:32","date_gmt":"2017-04-15T09:00:32","guid":{"rendered":"http:\/\/smallthings.fr\/lespetitslivres\/?p=30933"},"modified":"2017-04-15T12:06:00","modified_gmt":"2017-04-15T11:06:00","slug":"echos-mers-earthend-anderson-rovin","status":"publish","type":"post","link":"https:\/\/smallthings.fr\/lespetitslivres\/2017\/04\/15\/echos-mers-earthend-anderson-rovin\/","title":{"rendered":"\u00c9chos des Mers, suite et fin de la saga Earthend de Gillan Anderson"},"content":{"rendered":"<h3><em>\u00c9chos des Mers <\/em>vient conclure la saga <em>Earthend<\/em> de Gillian Anderson et Jeff Rovin. Ce dernier tome, sorti le 15 mars dernier chez <a href=\"http:\/\/www.bragelonne.fr\/livres\/View\/echos-des-mers\" target=\"_blank\">Bragelonne<\/a>, nous entra\u00eene encore plus profond\u00e9ment dans la civilisation Galderkhann. La psychiatre Caitlin O\u2019Hara va devoir faire revenir son fils, Jacob, qui a \u00e9t\u00e9 exp\u00e9di\u00e9 dans le pass\u00e9, juste avant l\u2019extermination de l\u2019ancien peuple.<\/h3>\n<p><em>\u00c9chos des Mers <\/em>est un tome assez diff\u00e9rent des autres. On entre compl\u00e8tement dans la civilisation Galderkhann et on en apprend plus sur leurs coutumes, leur langue et leur vie. <strong>Plong\u00e9e dans le pass\u00e9, Caitlin O\u2019Hara va devoir tenter de comprendre comment elle est arriv\u00e9e l\u00e0 et surtout, comment faire pour rentrer dans son pr\u00e9sent\u00a0?<\/strong> A New York, ses proches s\u2019inqui\u00e8tent\u00a0: le corps de Caitlin est \u00e0 l\u2019h\u00f4pital et les m\u00e9decins ne savent pas ce qu\u2019elle a. Elle n\u2019est pas dans le coma mais il semble impossible de la r\u00e9veiller. Quand un petit gar\u00e7on de Galderkhann nomm\u00e9 Vilu commence \u00e0 signer et parler anglais, Caitlin comprend que son fils vient de la rejoindre. Et comme si tout cela ne suffisait pas, ils ont \u00e9t\u00e9 propuls\u00e9s juste avant l\u2019an\u00e9antissement de la civilisation\u00a0!<\/p>\n<p><img loading=\"lazy\" decoding=\"async\" data-attachment-id=\"30934\" data-permalink=\"https:\/\/smallthings.fr\/lespetitslivres\/2017\/04\/15\/echos-mers-earthend-anderson-rovin\/earthend-echos-des-mers-anderson-rovin\/\" data-orig-file=\"https:\/\/smallthings.fr\/lespetitslivres\/wp-content\/uploads\/2017\/04\/Earthend-\u00e9chos-des-mers-anderson-rovin.jpg\" data-orig-size=\"1400,2099\" data-comments-opened=\"1\" data-image-meta=\"{&quot;aperture&quot;:&quot;0&quot;,&quot;credit&quot;:&quot;&quot;,&quot;camera&quot;:&quot;&quot;,&quot;caption&quot;:&quot;&quot;,&quot;created_timestamp&quot;:&quot;0&quot;,&quot;copyright&quot;:&quot;&quot;,&quot;focal_length&quot;:&quot;0&quot;,&quot;iso&quot;:&quot;0&quot;,&quot;shutter_speed&quot;:&quot;0&quot;,&quot;title&quot;:&quot;&quot;,&quot;orientation&quot;:&quot;0&quot;}\" data-image-title=\"Earthend \u00e9chos des mers anderson rovin\" data-image-description=\"\" data-image-caption=\"\" data-medium-file=\"https:\/\/smallthings.fr\/lespetitslivres\/wp-content\/uploads\/2017\/04\/Earthend-\u00e9chos-des-mers-anderson-rovin-200x300.jpg\" data-large-file=\"https:\/\/smallthings.fr\/lespetitslivres\/wp-content\/uploads\/2017\/04\/Earthend-\u00e9chos-des-mers-anderson-rovin-683x1024.jpg\" class=\"alignright wp-image-30934\" src=\"http:\/\/smallthings.fr\/lespetitslivres\/wp-content\/uploads\/2017\/04\/Earthend-\u00e9chos-des-mers-anderson-rovin.jpg\" alt=\"\" width=\"304\" height=\"456\" srcset=\"https:\/\/smallthings.fr\/lespetitslivres\/wp-content\/uploads\/2017\/04\/Earthend-\u00e9chos-des-mers-anderson-rovin.jpg 1400w, https:\/\/smallthings.fr\/lespetitslivres\/wp-content\/uploads\/2017\/04\/Earthend-\u00e9chos-des-mers-anderson-rovin-200x300.jpg 200w, https:\/\/smallthings.fr\/lespetitslivres\/wp-content\/uploads\/2017\/04\/Earthend-\u00e9chos-des-mers-anderson-rovin-683x1024.jpg 683w, https:\/\/smallthings.fr\/lespetitslivres\/wp-content\/uploads\/2017\/04\/Earthend-\u00e9chos-des-mers-anderson-rovin-768x1151.jpg 768w, https:\/\/smallthings.fr\/lespetitslivres\/wp-content\/uploads\/2017\/04\/Earthend-\u00e9chos-des-mers-anderson-rovin-1024x1536.jpg 1024w, https:\/\/smallthings.fr\/lespetitslivres\/wp-content\/uploads\/2017\/04\/Earthend-\u00e9chos-des-mers-anderson-rovin-1366x2048.jpg 1366w\" sizes=\"(max-width: 304px) 100vw, 304px\" \/>Dans <em>\u00c9<\/em><em>chos des Mers<\/em>, nous allons d\u00e9couvrir les secrets de l\u2019organisation qui cherche \u00e0 d\u00e9terrer les savoirs de Galderkhann, mais nous allons \u00e9galement rencontrer les descendants des Technologues et des Pr\u00eatres, pr\u00eats \u00e0 tout pour changer le destin de leurs anc\u00eatres<strong>. Un dernier tome bien rythm\u00e9, uniquement entach\u00e9 par le nombre hallucinant de descriptions. <\/strong>Tellement de passages que l\u2019on a envie de sauter pour arriver directement aux dialogues\u00a0! C\u2019est r\u00e9ellement dommage car l\u2019intrigue de ce dernier volet\u00a0est int\u00e9ressante et bien ficel\u00e9e.<\/p>\n<p>Mis \u00e0 part ce l\u00e9ger probl\u00e8me de passage \u00e0 vide, j\u2019ai pass\u00e9 un bon moment avec <em>\u00c9<\/em><em>chos des Mers<\/em>. Le personnage de Caitlin devient encore plus touchant et <strong>le fait de m\u00e9langer modernit\u00e9 et histoire ainsi que religion antique et vaudou d\u2019Ha\u00efti permet de rajouter du piquant \u00e0 ce r\u00e9cit<\/strong>.<\/p>\n<p>Attention \u00e0 ne pas vous perdre en route\u00a0! <strong>La saga <em>Earthend<\/em>, bien que brillamment construite, risque de fatiguer\u00a0certains lecteurs.<\/strong> Les explications sont parfois farfelues et la fin d&rsquo;<em>\u00c9chos des Mers <\/em>ne fera pas exception. On se demande si Gillian Anderson et Jeff Rovin ne voulaient pas b\u00e2cler leur saga. Une fin un peu trop \u00ab\u00a0facile\u00a0\u00bb \u00e0 mon go\u00fbt mais qui laisse la possibilit\u00e9 de cr\u00e9er un spin-off.<\/p>\n<div id=\"attachment_30952\" style=\"width: 217px\" class=\"wp-caption alignleft\"><img loading=\"lazy\" decoding=\"async\" aria-describedby=\"caption-attachment-30952\" data-attachment-id=\"30952\" data-permalink=\"https:\/\/smallthings.fr\/lespetitslivres\/2017\/04\/15\/echos-mers-earthend-anderson-rovin\/gillan-anderson-echos-des-mers\/\" data-orig-file=\"https:\/\/smallthings.fr\/lespetitslivres\/wp-content\/uploads\/2017\/04\/gillan-anderson-echos-des-mers.jpg\" data-orig-size=\"254,199\" data-comments-opened=\"1\" data-image-meta=\"{&quot;aperture&quot;:&quot;0&quot;,&quot;credit&quot;:&quot;&quot;,&quot;camera&quot;:&quot;&quot;,&quot;caption&quot;:&quot;&quot;,&quot;created_timestamp&quot;:&quot;0&quot;,&quot;copyright&quot;:&quot;&quot;,&quot;focal_length&quot;:&quot;0&quot;,&quot;iso&quot;:&quot;0&quot;,&quot;shutter_speed&quot;:&quot;0&quot;,&quot;title&quot;:&quot;&quot;,&quot;orientation&quot;:&quot;0&quot;}\" data-image-title=\"gillan-anderson-echos-des-mers\" data-image-description=\"\" data-image-caption=\"&lt;p&gt;Gillian Anderson&lt;\/p&gt;\n\" data-medium-file=\"https:\/\/smallthings.fr\/lespetitslivres\/wp-content\/uploads\/2017\/04\/gillan-anderson-echos-des-mers.jpg\" data-large-file=\"https:\/\/smallthings.fr\/lespetitslivres\/wp-content\/uploads\/2017\/04\/gillan-anderson-echos-des-mers.jpg\" class=\" wp-image-30952\" src=\"http:\/\/smallthings.fr\/lespetitslivres\/wp-content\/uploads\/2017\/04\/gillan-anderson-echos-des-mers.jpg\" alt=\"\" width=\"207\" height=\"162\" \/><p id=\"caption-attachment-30952\" class=\"wp-caption-text\">Gillian Anderson<\/p><\/div>\n<p>En conclusion, la saga <em>Earthend<\/em> est \u00e0 recommander aux fans de science-fiction, habitu\u00e9s \u00e0 devoir jongler entre plusieurs \u00e9poques, qu\u2019elles soient r\u00e9elles ou non. <strong>Les diff\u00e9rentes intrigues sont int\u00e9ressantes et j\u2019ai r\u00e9ellement ador\u00e9 d\u00e9couvrir Galderkhann, une civilisation fascinante qui r\u00e9ussira \u00e0 s\u00e9duire les lecteurs.\u00a0<\/strong>Malgr\u00e9 toutes ces qualit\u00e9s, <em>Earthend<\/em> pourrait ne pas plaire \u00e0 cause des descriptions et explications trop longues. Amateurs de lecture \u00ab\u00a0facile\u00a0\u00bb, passez votre chemin !<\/p>\n<h3><strong>Extrait\u00a0:<\/strong><\/h3>\n<p>\u00ab\u00a0&#8211; Qu\u2019y a-t-il\u00a0? demanda-elle.<br \/>\n&#8211; Il y a un merveilleux petit gar\u00e7on qui m\u2019attend, r\u00e9pondit la femme. Je dois le retrouver.<br \/>\n&#8211; Peut-\u00eatre puis-je vous aider. Mais vous ne nous avez toujours pas dit qui vous \u00e9tiez\u2026 Seulement qui vous n\u2019\u00e9tiez pas.<br \/>\n&#8211; Je suis Caitlin O\u2019Hara. (Ce nom avait une consonance \u00e9trange dans cette langue qui n\u2019\u00e9tait pas la sienne). Et je dois rentrer chez moi.<br \/>\n&#8211; Au nord\u00a0? dit Qala.<br \/>\nCaitlin opina tristement.<br \/>\n&#8211; Au nord\u2026 dans un autre monde.\u00a0\u00bb<\/p>\n","protected":false},"excerpt":{"rendered":"<p>\u00c9chos des Mers vient conclure la saga Earthend de Gillian Anderson et Jeff Rovin. Ce dernier tome, sorti le 15 mars dernier chez Bragelonne, nous entra\u00eene encore plus profond\u00e9ment dans la civilisation Galderkhann. La psychiatre Caitlin O\u2019Hara va devoir faire revenir son fils, Jacob, qui a \u00e9t\u00e9 exp\u00e9di\u00e9 dans le pass\u00e9, juste avant l\u2019extermination de<\/p>\n","protected":false},"author":14,"featured_media":30942,"comment_status":"open","ping_status":"open","sticky":false,"template":"","format":"standard","meta":{"jetpack_post_was_ever_published":false,"_jetpack_newsletter_access":"","_jetpack_newsletter_tier_id":0,"footnotes":"","jetpack_publicize_message":"","jetpack_is_tweetstorm":false,"jetpack_publicize_feature_enabled":true,"jetpack_social_post_already_shared":true,"jetpack_social_options":{"image_generator_settings":{"template":"highway","enabled":false}}},"categories":[1151],"tags":[1737,1738,1262,1406,453,1630,1739],"jetpack_publicize_connections":[],"yoast_head":"<!-- This site is optimized with the Yoast SEO plugin v21.5 - https:\/\/yoast.com\/wordpress\/plugins\/seo\/ -->\n<title>\u00c9chos des Mers, suite et fin de la saga Earthend de Gillan Anderson<\/title>\n<meta name=\"description\" content=\"\u00c9chos des Mers vient conclure la saga Earthend de Gillian Anderson et Jeff Rovin. Ce dernier tome, sorti le 15 mars dernier chez Bragelonne, nous\" \/>\n<meta name=\"robots\" content=\"index, follow, max-snippet:-1, max-image-preview:large, max-video-preview:-1\" \/>\n<link rel=\"canonical\" href=\"https:\/\/smallthings.fr\/lespetitslivres\/2017\/04\/15\/echos-mers-earthend-anderson-rovin\/\" \/>\n<meta property=\"og:locale\" content=\"fr_FR\" \/>\n<meta property=\"og:type\" content=\"article\" \/>\n<meta property=\"og:title\" content=\"\u00c9chos des Mers, suite et fin de la saga Earthend de Gillan Anderson\" \/>\n<meta property=\"og:description\" content=\"\u00c9chos des Mers vient conclure la saga Earthend de Gillian Anderson et Jeff Rovin. Ce dernier tome, sorti le 15 mars dernier chez Bragelonne, nous\" \/>\n<meta property=\"og:url\" content=\"https:\/\/smallthings.fr\/lespetitslivres\/2017\/04\/15\/echos-mers-earthend-anderson-rovin\/\" \/>\n<meta property=\"og:site_name\" content=\"Les Petits Livres\" \/>\n<meta property=\"article:published_time\" content=\"2017-04-15T09:00:32+00:00\" \/>\n<meta property=\"article:modified_time\" content=\"2017-04-15T11:06:00+00:00\" \/>\n<meta property=\"og:image\" content=\"https:\/\/i0.wp.com\/smallthings.fr\/lespetitslivres\/wp-content\/uploads\/2017\/04\/anderson-et-rovin.png?fit=662%2C262&ssl=1\" \/>\n\t<meta property=\"og:image:width\" content=\"662\" \/>\n\t<meta property=\"og:image:height\" content=\"262\" \/>\n\t<meta property=\"og:image:type\" content=\"image\/png\" \/>\n<meta name=\"author\" content=\"Jennifer\" \/>\n<meta name=\"twitter:card\" content=\"summary_large_image\" \/>\n<meta name=\"twitter:label1\" content=\"\u00c9crit par\" \/>\n\t<meta name=\"twitter:data1\" content=\"Jennifer\" \/>\n\t<meta name=\"twitter:label2\" content=\"Dur\u00e9e de lecture estim\u00e9e\" \/>\n\t<meta name=\"twitter:data2\" content=\"3 minutes\" \/>\n<script type=\"application\/ld+json\" class=\"yoast-schema-graph\">{\"@context\":\"https:\/\/schema.org\",\"@graph\":[{\"@type\":\"WebPage\",\"@id\":\"https:\/\/smallthings.fr\/lespetitslivres\/2017\/04\/15\/echos-mers-earthend-anderson-rovin\/\",\"url\":\"https:\/\/smallthings.fr\/lespetitslivres\/2017\/04\/15\/echos-mers-earthend-anderson-rovin\/\",\"name\":\"\u00c9chos des Mers, suite et fin de la saga Earthend de Gillan Anderson\",\"isPartOf\":{\"@id\":\"https:\/\/smallthings.fr\/lespetitslivres\/#website\"},\"datePublished\":\"2017-04-15T09:00:32+00:00\",\"dateModified\":\"2017-04-15T11:06:00+00:00\",\"author\":{\"@id\":\"https:\/\/smallthings.fr\/lespetitslivres\/#\/schema\/person\/bb8808220f912e72f01f7a55924d9ad1\"},\"description\":\"\u00c9chos des Mers vient conclure la saga Earthend de Gillian Anderson et Jeff Rovin. Ce dernier tome, sorti le 15 mars dernier chez Bragelonne, nous\",\"breadcrumb\":{\"@id\":\"https:\/\/smallthings.fr\/lespetitslivres\/2017\/04\/15\/echos-mers-earthend-anderson-rovin\/#breadcrumb\"},\"inLanguage\":\"fr-FR\",\"potentialAction\":[{\"@type\":\"ReadAction\",\"target\":[\"https:\/\/smallthings.fr\/lespetitslivres\/2017\/04\/15\/echos-mers-earthend-anderson-rovin\/\"]}]},{\"@type\":\"BreadcrumbList\",\"@id\":\"https:\/\/smallthings.fr\/lespetitslivres\/2017\/04\/15\/echos-mers-earthend-anderson-rovin\/#breadcrumb\",\"itemListElement\":[{\"@type\":\"ListItem\",\"position\":1,\"name\":\"Accueil\",\"item\":\"https:\/\/smallthings.fr\/lespetitslivres\/\"},{\"@type\":\"ListItem\",\"position\":2,\"name\":\"\u00c9chos des Mers, suite et fin de la saga Earthend de Gillan Anderson\"}]},{\"@type\":\"WebSite\",\"@id\":\"https:\/\/smallthings.fr\/lespetitslivres\/#website\",\"url\":\"https:\/\/smallthings.fr\/lespetitslivres\/\",\"name\":\"Les Petits Livres\",\"description\":\"by Small Things\",\"potentialAction\":[{\"@type\":\"SearchAction\",\"target\":{\"@type\":\"EntryPoint\",\"urlTemplate\":\"https:\/\/smallthings.fr\/lespetitslivres\/?s={search_term_string}\"},\"query-input\":\"required name=search_term_string\"}],\"inLanguage\":\"fr-FR\"},{\"@type\":\"Person\",\"@id\":\"https:\/\/smallthings.fr\/lespetitslivres\/#\/schema\/person\/bb8808220f912e72f01f7a55924d9ad1\",\"name\":\"Jennifer\",\"image\":{\"@type\":\"ImageObject\",\"inLanguage\":\"fr-FR\",\"@id\":\"https:\/\/smallthings.fr\/lespetitslivres\/#\/schema\/person\/image\/\",\"url\":\"https:\/\/secure.gravatar.com\/avatar\/ffcd6b107b6b18c3d5201f1bcc631683?s=96&d=retro&r=g\",\"contentUrl\":\"https:\/\/secure.gravatar.com\/avatar\/ffcd6b107b6b18c3d5201f1bcc631683?s=96&d=retro&r=g\",\"caption\":\"Jennifer\"},\"url\":\"https:\/\/smallthings.fr\/lespetitslivres\/author\/jennifer\/\"}]}<\/script>\n<!-- \/ Yoast SEO plugin. -->","yoast_head_json":{"title":"\u00c9chos des Mers, suite et fin de la saga Earthend de Gillan Anderson","description":"\u00c9chos des Mers vient conclure la saga Earthend de Gillian Anderson et Jeff Rovin. Ce dernier tome, sorti le 15 mars dernier chez Bragelonne, nous","robots":{"index":"index","follow":"follow","max-snippet":"max-snippet:-1","max-image-preview":"max-image-preview:large","max-video-preview":"max-video-preview:-1"},"canonical":"https:\/\/smallthings.fr\/lespetitslivres\/2017\/04\/15\/echos-mers-earthend-anderson-rovin\/","og_locale":"fr_FR","og_type":"article","og_title":"\u00c9chos des Mers, suite et fin de la saga Earthend de Gillan Anderson","og_description":"\u00c9chos des Mers vient conclure la saga Earthend de Gillian Anderson et Jeff Rovin. Ce dernier tome, sorti le 15 mars dernier chez Bragelonne, nous","og_url":"https:\/\/smallthings.fr\/lespetitslivres\/2017\/04\/15\/echos-mers-earthend-anderson-rovin\/","og_site_name":"Les Petits Livres","article_published_time":"2017-04-15T09:00:32+00:00","article_modified_time":"2017-04-15T11:06:00+00:00","og_image":[{"width":662,"height":262,"url":"https:\/\/i0.wp.com\/smallthings.fr\/lespetitslivres\/wp-content\/uploads\/2017\/04\/anderson-et-rovin.png?fit=662%2C262&ssl=1","type":"image\/png"}],"author":"Jennifer","twitter_card":"summary_large_image","twitter_misc":{"\u00c9crit par":"Jennifer","Dur\u00e9e de lecture estim\u00e9e":"3 minutes"},"schema":{"@context":"https:\/\/schema.org","@graph":[{"@type":"WebPage","@id":"https:\/\/smallthings.fr\/lespetitslivres\/2017\/04\/15\/echos-mers-earthend-anderson-rovin\/","url":"https:\/\/smallthings.fr\/lespetitslivres\/2017\/04\/15\/echos-mers-earthend-anderson-rovin\/","name":"\u00c9chos des Mers, suite et fin de la saga Earthend de Gillan Anderson","isPartOf":{"@id":"https:\/\/smallthings.fr\/lespetitslivres\/#website"},"datePublished":"2017-04-15T09:00:32+00:00","dateModified":"2017-04-15T11:06:00+00:00","author":{"@id":"https:\/\/smallthings.fr\/lespetitslivres\/#\/schema\/person\/bb8808220f912e72f01f7a55924d9ad1"},"description":"\u00c9chos des Mers vient conclure la saga Earthend de Gillian Anderson et Jeff Rovin. Ce dernier tome, sorti le 15 mars dernier chez Bragelonne, nous","breadcrumb":{"@id":"https:\/\/smallthings.fr\/lespetitslivres\/2017\/04\/15\/echos-mers-earthend-anderson-rovin\/#breadcrumb"},"inLanguage":"fr-FR","potentialAction":[{"@type":"ReadAction","target":["https:\/\/smallthings.fr\/lespetitslivres\/2017\/04\/15\/echos-mers-earthend-anderson-rovin\/"]}]},{"@type":"BreadcrumbList","@id":"https:\/\/smallthings.fr\/lespetitslivres\/2017\/04\/15\/echos-mers-earthend-anderson-rovin\/#breadcrumb","itemListElement":[{"@type":"ListItem","position":1,"name":"Accueil","item":"https:\/\/smallthings.fr\/lespetitslivres\/"},{"@type":"ListItem","position":2,"name":"\u00c9chos des Mers, suite et fin de la saga Earthend de Gillan Anderson"}]},{"@type":"WebSite","@id":"https:\/\/smallthings.fr\/lespetitslivres\/#website","url":"https:\/\/smallthings.fr\/lespetitslivres\/","name":"Les Petits Livres","description":"by Small Things","potentialAction":[{"@type":"SearchAction","target":{"@type":"EntryPoint","urlTemplate":"https:\/\/smallthings.fr\/lespetitslivres\/?s={search_term_string}"},"query-input":"required name=search_term_string"}],"inLanguage":"fr-FR"},{"@type":"Person","@id":"https:\/\/smallthings.fr\/lespetitslivres\/#\/schema\/person\/bb8808220f912e72f01f7a55924d9ad1","name":"Jennifer","image":{"@type":"ImageObject","inLanguage":"fr-FR","@id":"https:\/\/smallthings.fr\/lespetitslivres\/#\/schema\/person\/image\/","url":"https:\/\/secure.gravatar.com\/avatar\/ffcd6b107b6b18c3d5201f1bcc631683?s=96&d=retro&r=g","contentUrl":"https:\/\/secure.gravatar.com\/avatar\/ffcd6b107b6b18c3d5201f1bcc631683?s=96&d=retro&r=g","caption":"Jennifer"},"url":"https:\/\/smallthings.fr\/lespetitslivres\/author\/jennifer\/"}]}},"jetpack_featured_media_url":"https:\/\/smallthings.fr\/lespetitslivres\/wp-content\/uploads\/2017\/04\/anderson-et-rovin.png","jetpack_sharing_enabled":true,"jetpack_shortlink":"https:\/\/wp.me\/p6Un21-82V","jetpack-related-posts":[{"id":29929,"url":"https:\/\/smallthings.fr\/lespetitslivres\/2016\/05\/09\/reves-de-glace-gillian-anderson-critique\/","url_meta":{"origin":30933,"position":0},"title":"R\u00eaves de Glace, second volet de la saga de Gillian Anderson","author":"Jennifer","date":"9 mai 2016","format":false,"excerpt":"R\u00eaves de Glace est le second tome de la saga Earthend \u00e9crite par Gillian Anderson et Jeff Rovin. Il est sorti chez Bragelonne le 20 avril dernier et raconte les nouvelles aventures de la psychiatre Caitlin O\u2019Hara. La jeune femme a h\u00e9rit\u00e9 d\u2019\u00e9tranges pouvoirs et va devoir emp\u00eacher une civilisation\u2026","rel":"","context":"Dans &quot;Science-fiction&quot;","block_context":{"text":"Science-fiction","link":"https:\/\/smallthings.fr\/lespetitslivres\/category\/imaginaire\/science-fiction\/"},"img":{"alt_text":"","src":"https:\/\/i0.wp.com\/smallthings.fr\/lespetitslivres\/wp-content\/uploads\/2016\/05\/reves-de-glace-couv.jpg?resize=350%2C200&ssl=1","width":350,"height":200,"srcset":"https:\/\/i0.wp.com\/smallthings.fr\/lespetitslivres\/wp-content\/uploads\/2016\/05\/reves-de-glace-couv.jpg?resize=350%2C200&ssl=1 1x, https:\/\/i0.wp.com\/smallthings.fr\/lespetitslivres\/wp-content\/uploads\/2016\/05\/reves-de-glace-couv.jpg?resize=525%2C300&ssl=1 1.5x"},"classes":[]},{"id":29490,"url":"https:\/\/smallthings.fr\/lespetitslivres\/2016\/02\/01\/visions-de-feu-gillian-anderson\/","url_meta":{"origin":30933,"position":1},"title":"Visions de feu : le roman de Gillian Anderson alias Dana Scully","author":"Jennifer","date":"1 f\u00e9vrier 2016","format":false,"excerpt":"Visions de Feu est le premier tome de la saga Earthend, \u00e0 para\u00eetre le 3 f\u00e9vrier prochain chez Bragelonne. \u00c9crit par Gillian Anderson, la c\u00e9l\u00e8bre actrice, et Jeff Rovin, auteur de plus de 130 ouvrages, ce roman de science-fiction est tr\u00e8s r\u00e9ussi. Quand des adolescents sans aucun lien commencent \u00e0\u2026","rel":"","context":"Dans &quot;Science-fiction&quot;","block_context":{"text":"Science-fiction","link":"https:\/\/smallthings.fr\/lespetitslivres\/category\/imaginaire\/science-fiction\/"},"img":{"alt_text":"","src":"https:\/\/i0.wp.com\/smallthings.fr\/lespetitslivres\/wp-content\/uploads\/2016\/02\/visions-de-feu-couv.jpg?resize=350%2C200&ssl=1","width":350,"height":200,"srcset":"https:\/\/i0.wp.com\/smallthings.fr\/lespetitslivres\/wp-content\/uploads\/2016\/02\/visions-de-feu-couv.jpg?resize=350%2C200&ssl=1 1x, https:\/\/i0.wp.com\/smallthings.fr\/lespetitslivres\/wp-content\/uploads\/2016\/02\/visions-de-feu-couv.jpg?resize=525%2C300&ssl=1 1.5x, https:\/\/i0.wp.com\/smallthings.fr\/lespetitslivres\/wp-content\/uploads\/2016\/02\/visions-de-feu-couv.jpg?resize=700%2C400&ssl=1 2x, https:\/\/i0.wp.com\/smallthings.fr\/lespetitslivres\/wp-content\/uploads\/2016\/02\/visions-de-feu-couv.jpg?resize=1050%2C600&ssl=1 3x"},"classes":[]},{"id":15165,"url":"https:\/\/smallthings.fr\/lespetitslivres\/2014\/07\/20\/ardemment-votre-letal-tome-2\/","url_meta":{"origin":30933,"position":2},"title":"Ardemment V\u00f4tre, deuxi\u00e8me volet de la saga L\u00e9tal","author":"Jennifer","date":"20 juillet 2014","format":false,"excerpt":"Ardemment V\u00f4tre, second volet de la saga L\u00e9tal de Cynthia Eden, est sorti le 11 juillet dernier aux \u00e9ditions Milady. Apr\u00e8s Mortellement V\u00f4tre, Ardemment V\u00f4tre prend la rel\u00e8ve. Comme on peut l\u2019imaginer, ce tome 2 nous emm\u00e8ne dans l\u2019univers des pyromanes. L\u2019agent du FBI Kenton Lake, aid\u00e9 de la pompier\u2026","rel":"","context":"Dans &quot;Thriller&quot;","block_context":{"text":"Thriller","link":"https:\/\/smallthings.fr\/lespetitslivres\/category\/thriller\/"},"img":{"alt_text":"","src":"https:\/\/i0.wp.com\/smallthings.fr\/wp-content\/uploads\/2014\/07\/ardemment-votre-letal-tome-2.jpg?resize=350%2C200","width":350,"height":200},"classes":[]},{"id":24655,"url":"https:\/\/smallthings.fr\/lespetitslivres\/2015\/06\/23\/hunter-suite-vampire-nation-ione\/","url_meta":{"origin":30933,"position":3},"title":"Hunter, la suite de la saga Vampire Nation de Larissa Ione","author":"Jennifer","date":"23 juin 2015","format":false,"excerpt":"Hunter, deuxi\u00e8me tome de la saga Vampire Nation de Larissa Ione est sorti vendredi dernier aux \u00e9ditions Milady. Apr\u00e8s avoir lu l\u2019histoire de Riker, c\u2019est au tour du chef de clan de d\u00e9voiler ses secrets. Pour sauver la femme de son meilleur ami, Hunter a d\u00fb accepter de s\u2019unir \u00e0\u2026","rel":"","context":"Dans &quot;Fantastique&quot;","block_context":{"text":"Fantastique","link":"https:\/\/smallthings.fr\/lespetitslivres\/category\/imaginaire\/fantastique\/"},"img":{"alt_text":"","src":"","width":0,"height":0},"classes":[]},{"id":29830,"url":"https:\/\/smallthings.fr\/lespetitslivres\/2016\/04\/07\/renaissance-saga-anticipation-leteffait\/","url_meta":{"origin":30933,"position":4},"title":"Renaissance, la saga d&rsquo;anticipation de Denis Lereffait","author":"Jennifer","date":"7 avril 2016","format":false,"excerpt":"Soup\u00e7on est le premier tome de la s\u00e9rie Renaissance de Denis Lereffait. Sorti le 17 mars dernier aux \u00e9ditions Rebelle, ce roman nous entra\u00eene dans un futur o\u00f9 les jeunes de 10 \u00e0 18 ans vivent sans adultes et passent leur temps \u00e0 jouer. Lorsqu\u2019ils atteignent leur majorit\u00e9, ils doivent\u2026","rel":"","context":"Dans &quot;Young Adult&quot;","block_context":{"text":"Young Adult","link":"https:\/\/smallthings.fr\/lespetitslivres\/category\/young-adult\/"},"img":{"alt_text":"","src":"https:\/\/i0.wp.com\/smallthings.fr\/lespetitslivres\/wp-content\/uploads\/2016\/04\/renaissance-couv.jpg?resize=350%2C200&ssl=1","width":350,"height":200,"srcset":"https:\/\/i0.wp.com\/smallthings.fr\/lespetitslivres\/wp-content\/uploads\/2016\/04\/renaissance-couv.jpg?resize=350%2C200&ssl=1 1x, https:\/\/i0.wp.com\/smallthings.fr\/lespetitslivres\/wp-content\/uploads\/2016\/04\/renaissance-couv.jpg?resize=525%2C300&ssl=1 1.5x"},"classes":[]},{"id":16402,"url":"https:\/\/smallthings.fr\/lespetitslivres\/2014\/09\/08\/secretement-votre-letal-eden-tome-3\/","url_meta":{"origin":30933,"position":5},"title":"Secr\u00e8tement V\u00f4tre, le tome qui met en avant la geekette de la saga","author":"Jennifer","date":"8 septembre 2014","format":false,"excerpt":"C\u2019est le 22 ao\u00fbt dernier que les fans de la saga L\u00e9tal de Cynthia Eden d\u00e9couvraient le troisi\u00e8me volet, Secr\u00e8tement V\u00f4tre, aux \u00e9ditions Milady. On attendait particuli\u00e8rement ce tome, qui met en avant Samantha Kennedy, la geek de l\u2019\u00e9quipe, qui essaie tant bien que mal de reprendre le travail depuis\u2026","rel":"","context":"Dans &quot;Thriller&quot;","block_context":{"text":"Thriller","link":"https:\/\/smallthings.fr\/lespetitslivres\/category\/thriller\/"},"img":{"alt_text":"","src":"https:\/\/i0.wp.com\/smallthings.fr\/wp-content\/uploads\/2014\/09\/secr\u00c3\u00a8tement-votre-livre.jpg?resize=350%2C200","width":350,"height":200},"classes":[]}],"_links":{"self":[{"href":"https:\/\/smallthings.fr\/lespetitslivres\/wp-json\/wp\/v2\/posts\/30933"}],"collection":[{"href":"https:\/\/smallthings.fr\/lespetitslivres\/wp-json\/wp\/v2\/posts"}],"about":[{"href":"https:\/\/smallthings.fr\/lespetitslivres\/wp-json\/wp\/v2\/types\/post"}],"author":[{"embeddable":true,"href":"https:\/\/smallthings.fr\/lespetitslivres\/wp-json\/wp\/v2\/users\/14"}],"replies":[{"embeddable":true,"href":"https:\/\/smallthings.fr\/lespetitslivres\/wp-json\/wp\/v2\/comments?post=30933"}],"version-history":[{"count":4,"href":"https:\/\/smallthings.fr\/lespetitslivres\/wp-json\/wp\/v2\/posts\/30933\/revisions"}],"predecessor-version":[{"id":30962,"href":"https:\/\/smallthings.fr\/lespetitslivres\/wp-json\/wp\/v2\/posts\/30933\/revisions\/30962"}],"wp:featuredmedia":[{"embeddable":true,"href":"https:\/\/smallthings.fr\/lespetitslivres\/wp-json\/wp\/v2\/media\/30942"}],"wp:attachment":[{"href":"https:\/\/smallthings.fr\/lespetitslivres\/wp-json\/wp\/v2\/media?parent=30933"}],"wp:term":[{"taxonomy":"category","embeddable":true,"href":"https:\/\/smallthings.fr\/lespetitslivres\/wp-json\/wp\/v2\/categories?post=30933"},{"taxonomy":"post_tag","embeddable":true,"href":"https:\/\/smallthings.fr\/lespetitslivres\/wp-json\/wp\/v2\/tags?post=30933"}],"curies":[{"name":"wp","href":"https:\/\/api.w.org\/{rel}","templated":true}]}}