{"id":30928,"date":"2017-04-12T16:00:15","date_gmt":"2017-04-12T15:00:15","guid":{"rendered":"http:\/\/smallthings.fr\/lespetitslivres\/?p=30928"},"modified":"2017-04-10T12:57:29","modified_gmt":"2017-04-10T11:57:29","slug":"maestro-cecile-balavoine-avis","status":"publish","type":"post","link":"https:\/\/smallthings.fr\/lespetitslivres\/2017\/04\/12\/maestro-cecile-balavoine-avis\/","title":{"rendered":"Maestro de C\u00e9cile Balavoine : un amour qui se rit du temps"},"content":{"rendered":"<h2>Les \u00e9ditions du <a href=\"http:\/\/www.mercuredefrance.fr\/\">Mercure de France<\/a> font para\u00eetre en ce printemps 2017 <em>Maestro <\/em>de C\u00e9cile Balavoine. Il s\u2019agit l\u00e0 de son premier roman \u2013 une information qui laisse pantois tant cet ouvrage t\u00e9moigne d\u2019une ma\u00eetrise et d\u2019une maturit\u00e9 d\u2019\u00e9criture impressionnantes.<\/h2>\n<p><em>Maestro<\/em>\u00a0est racont\u00e9 \u00e0 la premi\u00e8re personne, par l\u2019h\u00e9ro\u00efne, qui s\u2019appelle C\u00e9cile comme la romanci\u00e8re. Comme C\u00e9cile Balavoine, C\u00e9cile-la-narratrice est, depuis son plus jeune \u00e2ge, passionn\u00e9e par Mozart \u2013 amoureuse, m\u00eame. Elle a d\u2019ailleurs consacr\u00e9 des recherches approfondies au grand compositeur, au cours d\u2019une carri\u00e8re professionnelle qui l\u2019a men\u00e9e de Salzbourg \u00e0 New York avant un retour \u00e0 Paris en qualit\u00e9 de journaliste. Un parcours qui est aussi celui de C\u00e9cile Balavoine. C\u00e9cile a une s\u0153ur qui s\u2019appelle Lucie, une amie Corinne et une autre qui s\u2019appelle Lise. Au d\u00e9tour des remerciements qui cl\u00f4turent le livre, on apprend que \u2013 tiens donc\u00a0! \u2013 c\u2019est aussi le cas de\u2026 C\u00e9cile Balavoine (on le pr\u00e9cise pour ceux qui n\u2019auraient pas suivi).<\/p>\n<p><img loading=\"lazy\" decoding=\"async\" data-attachment-id=\"30929\" data-permalink=\"https:\/\/smallthings.fr\/lespetitslivres\/2017\/04\/12\/maestro-cecile-balavoine-avis\/maestro-balavoine\/\" data-orig-file=\"https:\/\/smallthings.fr\/lespetitslivres\/wp-content\/uploads\/2017\/04\/maestro-balavoine.jpg\" data-orig-size=\"242,340\" data-comments-opened=\"1\" data-image-meta=\"{&quot;aperture&quot;:&quot;0&quot;,&quot;credit&quot;:&quot;&quot;,&quot;camera&quot;:&quot;&quot;,&quot;caption&quot;:&quot;&quot;,&quot;created_timestamp&quot;:&quot;0&quot;,&quot;copyright&quot;:&quot;&quot;,&quot;focal_length&quot;:&quot;0&quot;,&quot;iso&quot;:&quot;0&quot;,&quot;shutter_speed&quot;:&quot;0&quot;,&quot;title&quot;:&quot;&quot;,&quot;orientation&quot;:&quot;0&quot;}\" data-image-title=\"maestro-balavoine\" data-image-description=\"\" data-image-caption=\"\" data-medium-file=\"https:\/\/smallthings.fr\/lespetitslivres\/wp-content\/uploads\/2017\/04\/maestro-balavoine-214x300.jpg\" data-large-file=\"https:\/\/smallthings.fr\/lespetitslivres\/wp-content\/uploads\/2017\/04\/maestro-balavoine.jpg\" class=\"alignright size-full wp-image-30929\" src=\"http:\/\/smallthings.fr\/lespetitslivres\/wp-content\/uploads\/2017\/04\/maestro-balavoine.jpg\" alt=\"\" width=\"242\" height=\"340\" srcset=\"https:\/\/smallthings.fr\/lespetitslivres\/wp-content\/uploads\/2017\/04\/maestro-balavoine.jpg 242w, https:\/\/smallthings.fr\/lespetitslivres\/wp-content\/uploads\/2017\/04\/maestro-balavoine-214x300.jpg 214w\" sizes=\"(max-width: 242px) 100vw, 242px\" \/><strong>Alors ce <em>Maestro<\/em>\u00a0: roman\u00a0? autofiction\u00a0? autobiographie\u00a0?<\/strong> \u2013 Qu\u2019importe\u00a0? Qu\u2019importe en effet que C\u00e9cile Balavoine ait ou non, comme C\u00e9cile-la-narratrice, connu une soudaine attirance pour un <em>maestro<\/em>, un chef d\u2019orchestre qu\u2019elle \u00e9tait charg\u00e9e d\u2019interviewer\u00a0? Qu\u2019importe qu\u2019elle ait ou pas pass\u00e9 des nuits en conversations t\u00e9l\u00e9phoniques ou textos avec un homme mari\u00e9, passionn\u00e9 comme elle par Mozart, et vivant de l\u2019autre c\u00f4t\u00e9 de l\u2019Atlantique \u2013 le tout avant m\u00eame de l\u2019avoir rencontr\u00e9\u00a0? Qu\u2019importe qu\u2019elle ait ou non \u00e9t\u00e9 la ma\u00eetresse d\u2019un autre homme mari\u00e9 lorsque cette foudroyante rencontre est survenue\u00a0?<\/p>\n<p>L\u2019essentiel est ailleurs. Dans la mani\u00e8re habile dont <strong><em>Maestro <\/em>entrem\u00eale les souvenirs d\u2019enfance et de jeunesse de C\u00e9cile<\/strong> (une chronique familiale plant\u00e9e avec tendresse et r\u00e9alisme \u00e0 la fois) et son pr\u00e9sent, celui de la d\u00e9couverte du chef d\u2019orchestre. Dans la constellation de faits, petits ou grands, qui relient, dans l\u2019esprit de la narratrice, le <em>maestro<\/em> \u00e0 son double quasi-anagrammatique, Mozart \u2013 o\u00f9 C\u00e9cile Balavoine recycle avec bonheur toute son \u00e9rudition concernant le g\u00e9nie salzbourgeois. Et surtout, dans la relation amoureuse hors du commun entre la narratrice et cet homme rencontr\u00e9 par un hasard professionnel\u00a0: les doutes, la distance, les h\u00e9sitations, les reculades, les rencontres \u00e0 Paris, \u00e0 Venise ou ailleurs, les coups de fil, les silences, les mots doux, le d\u00e9sir\u2026 autant d\u2019\u00e9tapes par lesquelles passent les deux protagonistes et couch\u00e9es sur le papier avec beaucoup de subtilit\u00e9.<\/p>\n<p><strong>C\u00e9cile Balavoine signe avec <em>Maestro<\/em> un premier roman fort, \u00e0 la petite musique (de nuit\u00a0?) ent\u00eatante et prometteuse.<\/strong><\/p>\n","protected":false},"excerpt":{"rendered":"<p>Les \u00e9ditions du Mercure de France font para\u00eetre en ce printemps 2017 Maestro de C\u00e9cile Balavoine. Il s\u2019agit l\u00e0 de son premier roman \u2013 une information qui laisse pantois tant cet ouvrage t\u00e9moigne d\u2019une ma\u00eetrise et d\u2019une maturit\u00e9 d\u2019\u00e9criture impressionnantes. Maestro\u00a0est racont\u00e9 \u00e0 la premi\u00e8re personne, par l\u2019h\u00e9ro\u00efne, qui s\u2019appelle C\u00e9cile comme la romanci\u00e8re. Comme<\/p>\n","protected":false},"author":20,"featured_media":30930,"comment_status":"open","ping_status":"open","sticky":false,"template":"","format":"standard","meta":{"jetpack_post_was_ever_published":false,"_jetpack_newsletter_access":"","_jetpack_newsletter_tier_id":0,"footnotes":"","jetpack_publicize_message":"","jetpack_is_tweetstorm":false,"jetpack_publicize_feature_enabled":true,"jetpack_social_post_already_shared":true,"jetpack_social_options":{"image_generator_settings":{"template":"highway","enabled":false}}},"categories":[1117],"tags":[1736,1735,417,51,54],"jetpack_publicize_connections":[],"yoast_head":"<!-- This site is optimized with the Yoast SEO plugin v21.5 - https:\/\/yoast.com\/wordpress\/plugins\/seo\/ -->\n<title>Maestro de C\u00e9cile Balavoine : un amour qui se rit du temps<\/title>\n<meta name=\"description\" content=\"Les \u00e9ditions du Mercure de France font para\u00eetre en ce printemps 2017 Maestro de C\u00e9cile Balavoine. Il s\u2019agit l\u00e0 de son premier roman \u2013 une information\" \/>\n<meta name=\"robots\" content=\"index, follow, max-snippet:-1, max-image-preview:large, max-video-preview:-1\" \/>\n<link rel=\"canonical\" href=\"https:\/\/smallthings.fr\/lespetitslivres\/2017\/04\/12\/maestro-cecile-balavoine-avis\/\" \/>\n<meta property=\"og:locale\" content=\"fr_FR\" \/>\n<meta property=\"og:type\" content=\"article\" \/>\n<meta property=\"og:title\" content=\"Maestro de C\u00e9cile Balavoine : un amour qui se rit du temps\" \/>\n<meta property=\"og:description\" content=\"Les \u00e9ditions du Mercure de France font para\u00eetre en ce printemps 2017 Maestro de C\u00e9cile Balavoine. Il s\u2019agit l\u00e0 de son premier roman \u2013 une information\" \/>\n<meta property=\"og:url\" content=\"https:\/\/smallthings.fr\/lespetitslivres\/2017\/04\/12\/maestro-cecile-balavoine-avis\/\" \/>\n<meta property=\"og:site_name\" content=\"Les Petits Livres\" \/>\n<meta property=\"article:published_time\" content=\"2017-04-12T15:00:15+00:00\" \/>\n<meta property=\"article:modified_time\" content=\"2017-04-10T11:57:29+00:00\" \/>\n<meta property=\"og:image\" content=\"https:\/\/i0.wp.com\/smallthings.fr\/lespetitslivres\/wp-content\/uploads\/2017\/04\/mastro-balavoine-couv.jpg?fit=656%2C381&ssl=1\" \/>\n\t<meta property=\"og:image:width\" content=\"656\" \/>\n\t<meta property=\"og:image:height\" content=\"381\" \/>\n\t<meta property=\"og:image:type\" content=\"image\/jpeg\" \/>\n<meta name=\"author\" content=\"Diane Norric\" \/>\n<meta name=\"twitter:card\" content=\"summary_large_image\" \/>\n<meta name=\"twitter:label1\" content=\"\u00c9crit par\" \/>\n\t<meta name=\"twitter:data1\" content=\"Diane Norric\" \/>\n\t<meta name=\"twitter:label2\" content=\"Dur\u00e9e de lecture estim\u00e9e\" \/>\n\t<meta name=\"twitter:data2\" content=\"2 minutes\" \/>\n<script type=\"application\/ld+json\" class=\"yoast-schema-graph\">{\"@context\":\"https:\/\/schema.org\",\"@graph\":[{\"@type\":\"WebPage\",\"@id\":\"https:\/\/smallthings.fr\/lespetitslivres\/2017\/04\/12\/maestro-cecile-balavoine-avis\/\",\"url\":\"https:\/\/smallthings.fr\/lespetitslivres\/2017\/04\/12\/maestro-cecile-balavoine-avis\/\",\"name\":\"Maestro de C\u00e9cile Balavoine : un amour qui se rit du temps\",\"isPartOf\":{\"@id\":\"https:\/\/smallthings.fr\/lespetitslivres\/#website\"},\"datePublished\":\"2017-04-12T15:00:15+00:00\",\"dateModified\":\"2017-04-10T11:57:29+00:00\",\"author\":{\"@id\":\"https:\/\/smallthings.fr\/lespetitslivres\/#\/schema\/person\/d5a53b43d9461a170eb93b0fe68522f3\"},\"description\":\"Les \u00e9ditions du Mercure de France font para\u00eetre en ce printemps 2017 Maestro de C\u00e9cile Balavoine. Il s\u2019agit l\u00e0 de son premier roman \u2013 une information\",\"breadcrumb\":{\"@id\":\"https:\/\/smallthings.fr\/lespetitslivres\/2017\/04\/12\/maestro-cecile-balavoine-avis\/#breadcrumb\"},\"inLanguage\":\"fr-FR\",\"potentialAction\":[{\"@type\":\"ReadAction\",\"target\":[\"https:\/\/smallthings.fr\/lespetitslivres\/2017\/04\/12\/maestro-cecile-balavoine-avis\/\"]}]},{\"@type\":\"BreadcrumbList\",\"@id\":\"https:\/\/smallthings.fr\/lespetitslivres\/2017\/04\/12\/maestro-cecile-balavoine-avis\/#breadcrumb\",\"itemListElement\":[{\"@type\":\"ListItem\",\"position\":1,\"name\":\"Accueil\",\"item\":\"https:\/\/smallthings.fr\/lespetitslivres\/\"},{\"@type\":\"ListItem\",\"position\":2,\"name\":\"Maestro de C\u00e9cile Balavoine : un amour qui se rit du temps\"}]},{\"@type\":\"WebSite\",\"@id\":\"https:\/\/smallthings.fr\/lespetitslivres\/#website\",\"url\":\"https:\/\/smallthings.fr\/lespetitslivres\/\",\"name\":\"Les Petits Livres\",\"description\":\"by Small Things\",\"potentialAction\":[{\"@type\":\"SearchAction\",\"target\":{\"@type\":\"EntryPoint\",\"urlTemplate\":\"https:\/\/smallthings.fr\/lespetitslivres\/?s={search_term_string}\"},\"query-input\":\"required name=search_term_string\"}],\"inLanguage\":\"fr-FR\"},{\"@type\":\"Person\",\"@id\":\"https:\/\/smallthings.fr\/lespetitslivres\/#\/schema\/person\/d5a53b43d9461a170eb93b0fe68522f3\",\"name\":\"Diane Norric\",\"image\":{\"@type\":\"ImageObject\",\"inLanguage\":\"fr-FR\",\"@id\":\"https:\/\/smallthings.fr\/lespetitslivres\/#\/schema\/person\/image\/\",\"url\":\"https:\/\/secure.gravatar.com\/avatar\/5ee9f6a30b0c402cbb9d80e9e814f454?s=96&d=retro&r=g\",\"contentUrl\":\"https:\/\/secure.gravatar.com\/avatar\/5ee9f6a30b0c402cbb9d80e9e814f454?s=96&d=retro&r=g\",\"caption\":\"Diane Norric\"},\"url\":\"https:\/\/smallthings.fr\/lespetitslivres\/author\/diane-norric\/\"}]}<\/script>\n<!-- \/ Yoast SEO plugin. -->","yoast_head_json":{"title":"Maestro de C\u00e9cile Balavoine : un amour qui se rit du temps","description":"Les \u00e9ditions du Mercure de France font para\u00eetre en ce printemps 2017 Maestro de C\u00e9cile Balavoine. Il s\u2019agit l\u00e0 de son premier roman \u2013 une information","robots":{"index":"index","follow":"follow","max-snippet":"max-snippet:-1","max-image-preview":"max-image-preview:large","max-video-preview":"max-video-preview:-1"},"canonical":"https:\/\/smallthings.fr\/lespetitslivres\/2017\/04\/12\/maestro-cecile-balavoine-avis\/","og_locale":"fr_FR","og_type":"article","og_title":"Maestro de C\u00e9cile Balavoine : un amour qui se rit du temps","og_description":"Les \u00e9ditions du Mercure de France font para\u00eetre en ce printemps 2017 Maestro de C\u00e9cile Balavoine. Il s\u2019agit l\u00e0 de son premier roman \u2013 une information","og_url":"https:\/\/smallthings.fr\/lespetitslivres\/2017\/04\/12\/maestro-cecile-balavoine-avis\/","og_site_name":"Les Petits Livres","article_published_time":"2017-04-12T15:00:15+00:00","article_modified_time":"2017-04-10T11:57:29+00:00","og_image":[{"width":656,"height":381,"url":"https:\/\/i0.wp.com\/smallthings.fr\/lespetitslivres\/wp-content\/uploads\/2017\/04\/mastro-balavoine-couv.jpg?fit=656%2C381&ssl=1","type":"image\/jpeg"}],"author":"Diane Norric","twitter_card":"summary_large_image","twitter_misc":{"\u00c9crit par":"Diane Norric","Dur\u00e9e de lecture estim\u00e9e":"2 minutes"},"schema":{"@context":"https:\/\/schema.org","@graph":[{"@type":"WebPage","@id":"https:\/\/smallthings.fr\/lespetitslivres\/2017\/04\/12\/maestro-cecile-balavoine-avis\/","url":"https:\/\/smallthings.fr\/lespetitslivres\/2017\/04\/12\/maestro-cecile-balavoine-avis\/","name":"Maestro de C\u00e9cile Balavoine : un amour qui se rit du temps","isPartOf":{"@id":"https:\/\/smallthings.fr\/lespetitslivres\/#website"},"datePublished":"2017-04-12T15:00:15+00:00","dateModified":"2017-04-10T11:57:29+00:00","author":{"@id":"https:\/\/smallthings.fr\/lespetitslivres\/#\/schema\/person\/d5a53b43d9461a170eb93b0fe68522f3"},"description":"Les \u00e9ditions du Mercure de France font para\u00eetre en ce printemps 2017 Maestro de C\u00e9cile Balavoine. Il s\u2019agit l\u00e0 de son premier roman \u2013 une information","breadcrumb":{"@id":"https:\/\/smallthings.fr\/lespetitslivres\/2017\/04\/12\/maestro-cecile-balavoine-avis\/#breadcrumb"},"inLanguage":"fr-FR","potentialAction":[{"@type":"ReadAction","target":["https:\/\/smallthings.fr\/lespetitslivres\/2017\/04\/12\/maestro-cecile-balavoine-avis\/"]}]},{"@type":"BreadcrumbList","@id":"https:\/\/smallthings.fr\/lespetitslivres\/2017\/04\/12\/maestro-cecile-balavoine-avis\/#breadcrumb","itemListElement":[{"@type":"ListItem","position":1,"name":"Accueil","item":"https:\/\/smallthings.fr\/lespetitslivres\/"},{"@type":"ListItem","position":2,"name":"Maestro de C\u00e9cile Balavoine : un amour qui se rit du temps"}]},{"@type":"WebSite","@id":"https:\/\/smallthings.fr\/lespetitslivres\/#website","url":"https:\/\/smallthings.fr\/lespetitslivres\/","name":"Les Petits Livres","description":"by Small Things","potentialAction":[{"@type":"SearchAction","target":{"@type":"EntryPoint","urlTemplate":"https:\/\/smallthings.fr\/lespetitslivres\/?s={search_term_string}"},"query-input":"required name=search_term_string"}],"inLanguage":"fr-FR"},{"@type":"Person","@id":"https:\/\/smallthings.fr\/lespetitslivres\/#\/schema\/person\/d5a53b43d9461a170eb93b0fe68522f3","name":"Diane Norric","image":{"@type":"ImageObject","inLanguage":"fr-FR","@id":"https:\/\/smallthings.fr\/lespetitslivres\/#\/schema\/person\/image\/","url":"https:\/\/secure.gravatar.com\/avatar\/5ee9f6a30b0c402cbb9d80e9e814f454?s=96&d=retro&r=g","contentUrl":"https:\/\/secure.gravatar.com\/avatar\/5ee9f6a30b0c402cbb9d80e9e814f454?s=96&d=retro&r=g","caption":"Diane Norric"},"url":"https:\/\/smallthings.fr\/lespetitslivres\/author\/diane-norric\/"}]}},"jetpack_featured_media_url":"https:\/\/smallthings.fr\/lespetitslivres\/wp-content\/uploads\/2017\/04\/mastro-balavoine-couv.jpg","jetpack_sharing_enabled":true,"jetpack_shortlink":"https:\/\/wp.me\/p6Un21-82Q","jetpack-related-posts":[{"id":8865,"url":"https:\/\/smallthings.fr\/lespetitslivres\/2013\/10\/24\/edition-numerique-cecile-la-liseuse\/","url_meta":{"origin":30928,"position":0},"title":"\u00c9dition num\u00e9rique &#8211; Zoom sur les \u00e9ditions C\u00e9cile La Liseuse","author":"Claire","date":"24 octobre 2013","format":false,"excerpt":"Zoom sur les \u00e9ditions C\u00e9cile La Liseuse dans le cadre de notre dossier sur l'\u00e9dition num\u00e9rique.","rel":"","context":"Dans &quot;Num\u00e9rique et audio&quot;","block_context":{"text":"Num\u00e9rique et audio","link":"https:\/\/smallthings.fr\/lespetitslivres\/category\/numerique-audio\/"},"img":{"alt_text":"","src":"https:\/\/i0.wp.com\/uploads.smallthings.fr\/2013\/10\/88415842_o-211x300.jpg?resize=350%2C200","width":350,"height":200},"classes":[]},{"id":20279,"url":"https:\/\/smallthings.fr\/lespetitslivres\/2015\/01\/23\/fille-hecate-cecile-guillot-saga\/","url_meta":{"origin":30928,"position":1},"title":"Fille d&rsquo;H\u00e9cate, la saga de C\u00e9cile Guillot aux \u00e9ditions du Chat Noir","author":"Jennifer","date":"23 janvier 2015","format":false,"excerpt":"Fille d\u2019H\u00e9cate est une s\u00e9rie \u00e9crite par C\u00e9cile Guillot et \u00e9dit\u00e9e aux \u00e9ditions du Chat Noir. Le tome 1, La Voie de la Sorci\u00e8re (juillet 2012) nous emporte dans l\u2019univers de la Wicca gr\u00e2ce \u00e0 l\u2019h\u00e9ro\u00efne Ma\u00eblys, qui apprend qu\u2019elle est une sorci\u00e8re. Dans le tome 2, Le Parfum du\u2026","rel":"","context":"Dans &quot;Fantastique&quot;","block_context":{"text":"Fantastique","link":"https:\/\/smallthings.fr\/lespetitslivres\/category\/imaginaire\/fantastique\/"},"img":{"alt_text":"","src":"https:\/\/i0.wp.com\/smallthings.fr\/wp-content\/uploads\/2015\/01\/fille-hecate-voie-sorciere-210x300.jpg?resize=350%2C200","width":350,"height":200},"classes":[]},{"id":29031,"url":"https:\/\/smallthings.fr\/lespetitslivres\/2015\/11\/02\/willow-hall-guillot-mina-m-avis\/","url_meta":{"origin":30928,"position":2},"title":"Willow Hall : plong\u00e9e dans l\u2019univers de C\u00e9cile Guillot et Mina M","author":"Jennifer","date":"2 novembre 2015","format":false,"excerpt":"Willow Hall est un roman graphique \u00e9crit par la talentueuse C\u00e9cile Guillot et illustr\u00e9e par l\u2019incroyable Mina M. Il est sorti le 1er novembre aux \u00e9ditions du Chat Noir dans la collection Graphicat. Il s\u2019agit d\u2019une \u0153uvre o\u00f9 se m\u00e9langent des illustrations sombres et magnifiques \u00e0 des lettres \u00e9crites par\u2026","rel":"","context":"Dans &quot;Fantastique&quot;","block_context":{"text":"Fantastique","link":"https:\/\/smallthings.fr\/lespetitslivres\/category\/imaginaire\/fantastique\/"},"img":{"alt_text":"","src":"https:\/\/i0.wp.com\/smallthings.fr\/lespetitslivres\/wp-content\/uploads\/2015\/11\/33093_aj_m_8632.jpeg?resize=350%2C200&ssl=1","width":350,"height":200,"srcset":"https:\/\/i0.wp.com\/smallthings.fr\/lespetitslivres\/wp-content\/uploads\/2015\/11\/33093_aj_m_8632.jpeg?resize=350%2C200&ssl=1 1x, https:\/\/i0.wp.com\/smallthings.fr\/lespetitslivres\/wp-content\/uploads\/2015\/11\/33093_aj_m_8632.jpeg?resize=525%2C300&ssl=1 1.5x"},"classes":[]},{"id":15991,"url":"https:\/\/smallthings.fr\/lespetitslivres\/2014\/08\/28\/odeur-minotaure-roman-richez\/","url_meta":{"origin":30928,"position":3},"title":"L\u2019Odeur du Minotaure, premier roman de Marion Richez","author":"Cecile","date":"28 ao\u00fbt 2014","format":false,"excerpt":"L'Odeur du Minotaure est le premier roman de Marion Richez, publi\u00e9 chez Sabine Wespieser pour la rentr\u00e9e litt\u00e9raire. Dipl\u00f4m\u00e9e de l\u2019ENS Ulm et agr\u00e9g\u00e9e de philosophie, Marion Richez pr\u00e9pare actuellement une th\u00e8se sur la conscience du corps \u00e0 Paris IV. En parall\u00e8le, elle explore donc \u00e9galement la veine romanesque. Une\u2026","rel":"","context":"Dans &quot;Roman fran\u00e7ais&quot;","block_context":{"text":"Roman fran\u00e7ais","link":"https:\/\/smallthings.fr\/lespetitslivres\/category\/roman\/roman-francais\/"},"img":{"alt_text":"","src":"https:\/\/i0.wp.com\/smallthings.fr\/wp-content\/uploads\/2014\/08\/odeur-minotaure-richez.jpg?resize=350%2C200","width":350,"height":200},"classes":[]},{"id":31492,"url":"https:\/\/smallthings.fr\/lespetitslivres\/2018\/01\/10\/nous-partirons-elsa-fottorino\/","url_meta":{"origin":30928,"position":4},"title":"Nous partirons : l&rsquo;amour comme abolition de la vie","author":"Cecile","date":"10 janvier 2018","format":false,"excerpt":"Certains livres ne frappent pas tant par leur intrigue que par l\u2019atmosph\u00e8re qu\u2019ils instaurent, le sentiment qu\u2019ils parviennent \u00e0 installer. Nous partirons d'Elsa Fottorino est de ceux-l\u00e0. L\u2019ambiance d\u2019un \u00e9t\u00e9 au bord de la mer, les maisons et les personnages \u00e9cras\u00e9s par le soleil, les peaux bronz\u00e9es encore un peu\u2026","rel":"","context":"Dans &quot;Roman fran\u00e7ais&quot;","block_context":{"text":"Roman fran\u00e7ais","link":"https:\/\/smallthings.fr\/lespetitslivres\/category\/roman\/roman-francais\/"},"img":{"alt_text":"","src":"https:\/\/i0.wp.com\/smallthings.fr\/lespetitslivres\/wp-content\/uploads\/2018\/01\/elsa-fottorino.jpg?resize=350%2C200&ssl=1","width":350,"height":200},"classes":[]},{"id":16951,"url":"https:\/\/smallthings.fr\/lespetitslivres\/2014\/10\/01\/famille-middlestein-jami-attenberg-avis\/","url_meta":{"origin":30928,"position":5},"title":"La famille Middlestein de Jami Attenberg : drame arch\u00e9type","author":"Cecile","date":"1 octobre 2014","format":false,"excerpt":"Poursuivons notre promenade parmi les publications de la rentr\u00e9e litt\u00e9raire de cette ann\u00e9e avec La famille Middlestein paru le 21 ao\u00fbt aux Escales. Il s'agit du troisi\u00e8me roman de Jami Attenberg, journaliste entre autres pour le New York Times. La famille Middlestein a \u00e9t\u00e9 consid\u00e9r\u00e9 comme l'un des meilleurs romans\u2026","rel":"","context":"Dans &quot;Roman \u00e9tranger&quot;","block_context":{"text":"Roman \u00e9tranger","link":"https:\/\/smallthings.fr\/lespetitslivres\/category\/roman\/roman-etranger\/"},"img":{"alt_text":"Jami Attenberg","src":"https:\/\/i0.wp.com\/smallthings.fr\/wp-content\/uploads\/2014\/09\/Jami-Attenberg-Middlestein.jpg?resize=350%2C200","width":350,"height":200},"classes":[]}],"_links":{"self":[{"href":"https:\/\/smallthings.fr\/lespetitslivres\/wp-json\/wp\/v2\/posts\/30928"}],"collection":[{"href":"https:\/\/smallthings.fr\/lespetitslivres\/wp-json\/wp\/v2\/posts"}],"about":[{"href":"https:\/\/smallthings.fr\/lespetitslivres\/wp-json\/wp\/v2\/types\/post"}],"author":[{"embeddable":true,"href":"https:\/\/smallthings.fr\/lespetitslivres\/wp-json\/wp\/v2\/users\/20"}],"replies":[{"embeddable":true,"href":"https:\/\/smallthings.fr\/lespetitslivres\/wp-json\/wp\/v2\/comments?post=30928"}],"version-history":[{"count":1,"href":"https:\/\/smallthings.fr\/lespetitslivres\/wp-json\/wp\/v2\/posts\/30928\/revisions"}],"predecessor-version":[{"id":30931,"href":"https:\/\/smallthings.fr\/lespetitslivres\/wp-json\/wp\/v2\/posts\/30928\/revisions\/30931"}],"wp:featuredmedia":[{"embeddable":true,"href":"https:\/\/smallthings.fr\/lespetitslivres\/wp-json\/wp\/v2\/media\/30930"}],"wp:attachment":[{"href":"https:\/\/smallthings.fr\/lespetitslivres\/wp-json\/wp\/v2\/media?parent=30928"}],"wp:term":[{"taxonomy":"category","embeddable":true,"href":"https:\/\/smallthings.fr\/lespetitslivres\/wp-json\/wp\/v2\/categories?post=30928"},{"taxonomy":"post_tag","embeddable":true,"href":"https:\/\/smallthings.fr\/lespetitslivres\/wp-json\/wp\/v2\/tags?post=30928"}],"curies":[{"name":"wp","href":"https:\/\/api.w.org\/{rel}","templated":true}]}}