{"id":30902,"date":"2017-03-30T12:59:22","date_gmt":"2017-03-30T11:59:22","guid":{"rendered":"http:\/\/smallthings.fr\/lespetitslivres\/?p=30902"},"modified":"2017-03-30T12:59:22","modified_gmt":"2017-03-30T11:59:22","slug":"je-serai-ta-cage-foret-lanesem","status":"publish","type":"post","link":"https:\/\/smallthings.fr\/lespetitslivres\/2017\/03\/30\/je-serai-ta-cage-foret-lanesem\/","title":{"rendered":"Je serai ta cage et ta for\u00eat : quand on se laisse ensorceler&#8230;"},"content":{"rendered":"<h2>Nous vous proposons aujourd&rsquo;hui la critique de <em>Je serai ta cage et ta for\u00eat<\/em>, roman auto-\u00e9dit\u00e9 de Jos\u00e9phine Lanesem. V\u00e9ritable ph\u00e9nom\u00e8ne de soci\u00e9t\u00e9, l&rsquo;auto\u00e9dition permet \u00e0 de nombreux auteurs de se lancer sur le march\u00e9 du livre sans passer par la moulinette des grandes maisons, qui croulent sous les manuscrits. En se plongeant dans cet oc\u00e9an, on peut recueillir de v\u00e9ritables p\u00e9pites qui n&rsquo;attendent qu&rsquo;un lecteur attentif pour se laisser d\u00e9vorer.<\/h2>\n<p>D\u00e9couvrons le recueil de nouvelles de Jos\u00e9phine Lanesem, <em>Je serai ta cage et ta for\u00eat<\/em>, publi\u00e9 chez <a href=\"https:\/\/www.bookelis.com\/nouvelles\/25835-Je-serai-ta-cage-et-ta-foret.html\">Bookelis<\/a>, que l&rsquo;on peut retrouver en ebook ou papier sur les sites d&rsquo;Amazon ou de la FNAC, entre autres. Bien que l&rsquo;auteur reste volontairement anonyme, on peut avoir un aper\u00e7u de son univers si particulier sur son site <a href=\"http:\/\/josephinelanesem.wordpress.com\" target=\"_blank\" rel=\"noreferrer\" data-saferedirecturl=\"https:\/\/www.google.com\/url?hl=fr&amp;q=http:\/\/josephinelanesem.wordpress.com&amp;source=gmail&amp;ust=1490960553322000&amp;usg=AFQjCNGsjWOuFmsGoocyylTVBIFx_p1cXQ\">josephinelanesem.wordpress.com<\/a><wbr \/>.<\/p>\n<p><img loading=\"lazy\" decoding=\"async\" data-attachment-id=\"30903\" data-permalink=\"https:\/\/smallthings.fr\/lespetitslivres\/2017\/03\/30\/je-serai-ta-cage-foret-lanesem\/je-serai-ta-cage-foret\/\" data-orig-file=\"https:\/\/smallthings.fr\/lespetitslivres\/wp-content\/uploads\/2017\/03\/je-serai-ta-cage-foret.jpeg\" data-orig-size=\"1040,1440\" data-comments-opened=\"1\" data-image-meta=\"{&quot;aperture&quot;:&quot;0&quot;,&quot;credit&quot;:&quot;&quot;,&quot;camera&quot;:&quot;&quot;,&quot;caption&quot;:&quot;&quot;,&quot;created_timestamp&quot;:&quot;0&quot;,&quot;copyright&quot;:&quot;&quot;,&quot;focal_length&quot;:&quot;0&quot;,&quot;iso&quot;:&quot;0&quot;,&quot;shutter_speed&quot;:&quot;0&quot;,&quot;title&quot;:&quot;&quot;,&quot;orientation&quot;:&quot;0&quot;}\" data-image-title=\"je-serai-ta-cage-foret\" data-image-description=\"\" data-image-caption=\"\" data-medium-file=\"https:\/\/smallthings.fr\/lespetitslivres\/wp-content\/uploads\/2017\/03\/je-serai-ta-cage-foret-217x300.jpeg\" data-large-file=\"https:\/\/smallthings.fr\/lespetitslivres\/wp-content\/uploads\/2017\/03\/je-serai-ta-cage-foret-740x1024.jpeg\" class=\"alignleft wp-image-30903\" src=\"http:\/\/smallthings.fr\/lespetitslivres\/wp-content\/uploads\/2017\/03\/je-serai-ta-cage-foret-740x1024.jpeg\" alt=\"\" width=\"303\" height=\"419\" srcset=\"https:\/\/smallthings.fr\/lespetitslivres\/wp-content\/uploads\/2017\/03\/je-serai-ta-cage-foret-740x1024.jpeg 740w, https:\/\/smallthings.fr\/lespetitslivres\/wp-content\/uploads\/2017\/03\/je-serai-ta-cage-foret-217x300.jpeg 217w, https:\/\/smallthings.fr\/lespetitslivres\/wp-content\/uploads\/2017\/03\/je-serai-ta-cage-foret-768x1063.jpeg 768w, https:\/\/smallthings.fr\/lespetitslivres\/wp-content\/uploads\/2017\/03\/je-serai-ta-cage-foret.jpeg 1040w\" sizes=\"(max-width: 303px) 100vw, 303px\" \/>Ce premier livre publi\u00e9 par Jos\u00e9phine a \u00e9t\u00e9 \u00e9crit en une saison (mars \u00e0 mai 2016) et selon un proc\u00e9d\u00e9 tout \u00e0 fait original. <strong>L&rsquo;auteur a demand\u00e9 \u00e0 ses proches et amis, ceux qui ont marqu\u00e9 de pr\u00e8s ou de loin sa vie, de lui donner cinq mots<\/strong>. Ils pouvaient \u00eatre \u00ab\u00a0concrets ou abstraits, accidentels ou universels, inusit\u00e9s ou ordinaires\u00a0\u00bb. <strong>\u00c0\u00a0partir de ces mots, elle \u00e9crit une histoire<\/strong>, ou chacun peut y lire ce qu&rsquo;il souhaite, retrouver des morceaux de soi, de l&rsquo;auteur, de chacun. Il y a mille fa\u00e7on de lire ce recueil : en piochant parmi les nouvelles au gr\u00e9 de ses envies, en se fiant aux titres joliment \u00e9vocateurs (<em>Sang-c\u0153ur, Plumes, plantes et pluie<\/em> ou encore <em>Dans le brouillard<\/em>), en s&rsquo;inspirant des cinq mots d&rsquo;origine (en sommaire \u00e0 la fin du livre), ou encore en s&rsquo;amusant \u00e0 deviner ces mots (certains se retrouvent plusieurs fois, comme mer, bateau ou amour).<\/p>\n<p><strong>Les histoires elles-m\u00eames sont comme autant de contes po\u00e9tiques qui tant\u00f4t nous bercent et tant\u00f4t nous frappent.<\/strong> Lumi\u00e8re et t\u00e9n\u00e8bres, Eros et Thanatos, tout se m\u00eale, port\u00e9 par une \u00e9criture fine et imag\u00e9e, des phrases que l&rsquo;on a envie de toutes noter dans un joli carnet pour les relire et les emmener partout avec soi. <em>Je serai ta cage et ta for\u00eat<\/em> est un vrai moment d&rsquo;\u00e9vasion qui nous permet d&rsquo;\u00e9chapper \u00e0 notre r\u00e9alit\u00e9 pour plonger aux c\u00f4t\u00e9s de Jos\u00e9phine dans des mondes o\u00f9 Isma\u00ebl veut r\u00e9veiller sa fianc\u00e9e Lune l&rsquo;endormie, o\u00f9 Simplette en fuite se lie d&rsquo;amiti\u00e9 avec un merle, o\u00f9 les siamoises Mia et No\u00e9e cherchent leur place dans un pays en guerre, o\u00f9 deux petits fr\u00e8res partent \u00e0 la chasse aux f\u00e9es&#8230; Une galerie de personnages troubles et attachants, certains th\u00e8mes se dessinent, se font \u00e9cho, l&rsquo;auteur de <em>Je serai ta cage et ta for\u00eat<\/em> poss\u00e8de<strong> une voix singuli\u00e8re et que l&rsquo;on ne saurait oublier.<\/strong><\/p>\n<p><strong>Une merveille \u00e0 ne pas louper.<\/strong><\/p>\n<h3>Extrait<\/h3>\n<p>\u00ab Il lui parle de ses projets et de ses difficult\u00e9s, lui demande si l&rsquo;ennui ne vient qu&rsquo;aux ennuyeux, de quelle couleur elle voit la mer, si mentir l&rsquo;amuse. Elle lui r\u00e9pond par aphorismes et m\u00e9taphores, la parole raccourcie en images. Cette mani\u00e8re lui est venue \u00e0 force de dormir. Comme si le sommeil court-circuitait le cerveau, et la pens\u00e9e va plus vite, par associations et condensations.<br \/>\nLune aime Isma\u00ebl comme rarement on aime. Elle pense qu&rsquo;il est le soleil roul\u00e9 sous la mer, illuminant les merveilles multicolores des profondeurs. Elle ne le lui dit pas parce qu&rsquo;elle pense qu&rsquo;il sait, mais il ne sait pas.\u00a0\u00bb<\/p>\n","protected":false},"excerpt":{"rendered":"<p>Nous vous proposons aujourd&rsquo;hui la critique de Je serai ta cage et ta for\u00eat, roman auto-\u00e9dit\u00e9 de Jos\u00e9phine Lanesem. V\u00e9ritable ph\u00e9nom\u00e8ne de soci\u00e9t\u00e9, l&rsquo;auto\u00e9dition permet \u00e0 de nombreux auteurs de se lancer sur le march\u00e9 du livre sans passer par la moulinette des grandes maisons, qui croulent sous les manuscrits. En se plongeant dans cet<\/p>\n","protected":false},"author":8,"featured_media":30906,"comment_status":"open","ping_status":"open","sticky":false,"template":"","format":"standard","meta":{"jetpack_post_was_ever_published":false,"_jetpack_newsletter_access":"","_jetpack_newsletter_tier_id":0,"footnotes":"","jetpack_publicize_message":"","jetpack_is_tweetstorm":false,"jetpack_publicize_feature_enabled":true,"jetpack_social_post_already_shared":true,"jetpack_social_options":{"image_generator_settings":{"template":"highway","enabled":false}}},"categories":[1117],"tags":[720,1725,1726,1542,54],"jetpack_publicize_connections":[],"yoast_head":"<!-- This site is optimized with the Yoast SEO plugin v21.5 - https:\/\/yoast.com\/wordpress\/plugins\/seo\/ -->\n<title>Je serai ta cage et ta for\u00eat : quand on se laisse ensorceler...<\/title>\n<meta name=\"description\" content=\"Nous vous proposons aujourd&#039;hui la critique de Je serai ta cage et ta for\u00eat, roman auto-\u00e9dit\u00e9 de Jos\u00e9phine Lanesem. V\u00e9ritable ph\u00e9nom\u00e8ne de soci\u00e9t\u00e9,\" \/>\n<meta name=\"robots\" content=\"index, follow, max-snippet:-1, max-image-preview:large, max-video-preview:-1\" \/>\n<link rel=\"canonical\" href=\"http:\/\/smallthings.fr\/lespetitslivres\/2017\/03\/30\/je-serai-ta-cage-foret-lanesem\/\" \/>\n<meta property=\"og:locale\" content=\"fr_FR\" \/>\n<meta property=\"og:type\" content=\"article\" \/>\n<meta property=\"og:title\" content=\"Je serai ta cage et ta for\u00eat : quand on se laisse ensorceler...\" \/>\n<meta property=\"og:description\" content=\"Nous vous proposons aujourd&#039;hui la critique de Je serai ta cage et ta for\u00eat, roman auto-\u00e9dit\u00e9 de Jos\u00e9phine Lanesem. V\u00e9ritable ph\u00e9nom\u00e8ne de soci\u00e9t\u00e9,\" \/>\n<meta property=\"og:url\" content=\"http:\/\/smallthings.fr\/lespetitslivres\/2017\/03\/30\/je-serai-ta-cage-foret-lanesem\/\" \/>\n<meta property=\"og:site_name\" content=\"Les Petits Livres\" \/>\n<meta property=\"article:published_time\" content=\"2017-03-30T11:59:22+00:00\" \/>\n<meta property=\"og:image\" content=\"https:\/\/i0.wp.com\/smallthings.fr\/lespetitslivres\/wp-content\/uploads\/2017\/03\/je-serai-ta-cage-foret-couv.jpeg?fit=759%2C413\" \/>\n\t<meta property=\"og:image:width\" content=\"759\" \/>\n\t<meta property=\"og:image:height\" content=\"413\" \/>\n\t<meta property=\"og:image:type\" content=\"image\/jpeg\" \/>\n<meta name=\"author\" content=\"Lola\" \/>\n<meta name=\"twitter:card\" content=\"summary_large_image\" \/>\n<meta name=\"twitter:label1\" content=\"\u00c9crit par\" \/>\n\t<meta name=\"twitter:data1\" content=\"Lola\" \/>\n\t<meta name=\"twitter:label2\" content=\"Dur\u00e9e de lecture estim\u00e9e\" \/>\n\t<meta name=\"twitter:data2\" content=\"3 minutes\" \/>\n<script type=\"application\/ld+json\" class=\"yoast-schema-graph\">{\"@context\":\"https:\/\/schema.org\",\"@graph\":[{\"@type\":\"WebPage\",\"@id\":\"http:\/\/smallthings.fr\/lespetitslivres\/2017\/03\/30\/je-serai-ta-cage-foret-lanesem\/\",\"url\":\"http:\/\/smallthings.fr\/lespetitslivres\/2017\/03\/30\/je-serai-ta-cage-foret-lanesem\/\",\"name\":\"Je serai ta cage et ta for\u00eat : quand on se laisse ensorceler...\",\"isPartOf\":{\"@id\":\"https:\/\/smallthings.fr\/lespetitslivres\/#website\"},\"datePublished\":\"2017-03-30T11:59:22+00:00\",\"dateModified\":\"2017-03-30T11:59:22+00:00\",\"author\":{\"@id\":\"https:\/\/smallthings.fr\/lespetitslivres\/#\/schema\/person\/2740f045446c63eaf59a094edb250075\"},\"description\":\"Nous vous proposons aujourd'hui la critique de Je serai ta cage et ta for\u00eat, roman auto-\u00e9dit\u00e9 de Jos\u00e9phine Lanesem. V\u00e9ritable ph\u00e9nom\u00e8ne de soci\u00e9t\u00e9,\",\"breadcrumb\":{\"@id\":\"http:\/\/smallthings.fr\/lespetitslivres\/2017\/03\/30\/je-serai-ta-cage-foret-lanesem\/#breadcrumb\"},\"inLanguage\":\"fr-FR\",\"potentialAction\":[{\"@type\":\"ReadAction\",\"target\":[\"http:\/\/smallthings.fr\/lespetitslivres\/2017\/03\/30\/je-serai-ta-cage-foret-lanesem\/\"]}]},{\"@type\":\"BreadcrumbList\",\"@id\":\"http:\/\/smallthings.fr\/lespetitslivres\/2017\/03\/30\/je-serai-ta-cage-foret-lanesem\/#breadcrumb\",\"itemListElement\":[{\"@type\":\"ListItem\",\"position\":1,\"name\":\"Accueil\",\"item\":\"https:\/\/smallthings.fr\/lespetitslivres\/\"},{\"@type\":\"ListItem\",\"position\":2,\"name\":\"Je serai ta cage et ta for\u00eat : quand on se laisse ensorceler&#8230;\"}]},{\"@type\":\"WebSite\",\"@id\":\"https:\/\/smallthings.fr\/lespetitslivres\/#website\",\"url\":\"https:\/\/smallthings.fr\/lespetitslivres\/\",\"name\":\"Les Petits Livres\",\"description\":\"by Small Things\",\"potentialAction\":[{\"@type\":\"SearchAction\",\"target\":{\"@type\":\"EntryPoint\",\"urlTemplate\":\"https:\/\/smallthings.fr\/lespetitslivres\/?s={search_term_string}\"},\"query-input\":\"required name=search_term_string\"}],\"inLanguage\":\"fr-FR\"},{\"@type\":\"Person\",\"@id\":\"https:\/\/smallthings.fr\/lespetitslivres\/#\/schema\/person\/2740f045446c63eaf59a094edb250075\",\"name\":\"Lola\",\"image\":{\"@type\":\"ImageObject\",\"inLanguage\":\"fr-FR\",\"@id\":\"https:\/\/smallthings.fr\/lespetitslivres\/#\/schema\/person\/image\/\",\"url\":\"https:\/\/secure.gravatar.com\/avatar\/50696b3ff10b9a1738ec34c08424583c?s=96&d=retro&r=g\",\"contentUrl\":\"https:\/\/secure.gravatar.com\/avatar\/50696b3ff10b9a1738ec34c08424583c?s=96&d=retro&r=g\",\"caption\":\"Lola\"},\"url\":\"https:\/\/smallthings.fr\/lespetitslivres\/author\/lola\/\"}]}<\/script>\n<!-- \/ Yoast SEO plugin. -->","yoast_head_json":{"title":"Je serai ta cage et ta for\u00eat : quand on se laisse ensorceler...","description":"Nous vous proposons aujourd'hui la critique de Je serai ta cage et ta for\u00eat, roman auto-\u00e9dit\u00e9 de Jos\u00e9phine Lanesem. V\u00e9ritable ph\u00e9nom\u00e8ne de soci\u00e9t\u00e9,","robots":{"index":"index","follow":"follow","max-snippet":"max-snippet:-1","max-image-preview":"max-image-preview:large","max-video-preview":"max-video-preview:-1"},"canonical":"http:\/\/smallthings.fr\/lespetitslivres\/2017\/03\/30\/je-serai-ta-cage-foret-lanesem\/","og_locale":"fr_FR","og_type":"article","og_title":"Je serai ta cage et ta for\u00eat : quand on se laisse ensorceler...","og_description":"Nous vous proposons aujourd'hui la critique de Je serai ta cage et ta for\u00eat, roman auto-\u00e9dit\u00e9 de Jos\u00e9phine Lanesem. V\u00e9ritable ph\u00e9nom\u00e8ne de soci\u00e9t\u00e9,","og_url":"http:\/\/smallthings.fr\/lespetitslivres\/2017\/03\/30\/je-serai-ta-cage-foret-lanesem\/","og_site_name":"Les Petits Livres","article_published_time":"2017-03-30T11:59:22+00:00","og_image":[{"width":759,"height":413,"url":"https:\/\/i0.wp.com\/smallthings.fr\/lespetitslivres\/wp-content\/uploads\/2017\/03\/je-serai-ta-cage-foret-couv.jpeg?fit=759%2C413","type":"image\/jpeg"}],"author":"Lola","twitter_card":"summary_large_image","twitter_misc":{"\u00c9crit par":"Lola","Dur\u00e9e de lecture estim\u00e9e":"3 minutes"},"schema":{"@context":"https:\/\/schema.org","@graph":[{"@type":"WebPage","@id":"http:\/\/smallthings.fr\/lespetitslivres\/2017\/03\/30\/je-serai-ta-cage-foret-lanesem\/","url":"http:\/\/smallthings.fr\/lespetitslivres\/2017\/03\/30\/je-serai-ta-cage-foret-lanesem\/","name":"Je serai ta cage et ta for\u00eat : quand on se laisse ensorceler...","isPartOf":{"@id":"https:\/\/smallthings.fr\/lespetitslivres\/#website"},"datePublished":"2017-03-30T11:59:22+00:00","dateModified":"2017-03-30T11:59:22+00:00","author":{"@id":"https:\/\/smallthings.fr\/lespetitslivres\/#\/schema\/person\/2740f045446c63eaf59a094edb250075"},"description":"Nous vous proposons aujourd'hui la critique de Je serai ta cage et ta for\u00eat, roman auto-\u00e9dit\u00e9 de Jos\u00e9phine Lanesem. V\u00e9ritable ph\u00e9nom\u00e8ne de soci\u00e9t\u00e9,","breadcrumb":{"@id":"http:\/\/smallthings.fr\/lespetitslivres\/2017\/03\/30\/je-serai-ta-cage-foret-lanesem\/#breadcrumb"},"inLanguage":"fr-FR","potentialAction":[{"@type":"ReadAction","target":["http:\/\/smallthings.fr\/lespetitslivres\/2017\/03\/30\/je-serai-ta-cage-foret-lanesem\/"]}]},{"@type":"BreadcrumbList","@id":"http:\/\/smallthings.fr\/lespetitslivres\/2017\/03\/30\/je-serai-ta-cage-foret-lanesem\/#breadcrumb","itemListElement":[{"@type":"ListItem","position":1,"name":"Accueil","item":"https:\/\/smallthings.fr\/lespetitslivres\/"},{"@type":"ListItem","position":2,"name":"Je serai ta cage et ta for\u00eat : quand on se laisse ensorceler&#8230;"}]},{"@type":"WebSite","@id":"https:\/\/smallthings.fr\/lespetitslivres\/#website","url":"https:\/\/smallthings.fr\/lespetitslivres\/","name":"Les Petits Livres","description":"by Small Things","potentialAction":[{"@type":"SearchAction","target":{"@type":"EntryPoint","urlTemplate":"https:\/\/smallthings.fr\/lespetitslivres\/?s={search_term_string}"},"query-input":"required name=search_term_string"}],"inLanguage":"fr-FR"},{"@type":"Person","@id":"https:\/\/smallthings.fr\/lespetitslivres\/#\/schema\/person\/2740f045446c63eaf59a094edb250075","name":"Lola","image":{"@type":"ImageObject","inLanguage":"fr-FR","@id":"https:\/\/smallthings.fr\/lespetitslivres\/#\/schema\/person\/image\/","url":"https:\/\/secure.gravatar.com\/avatar\/50696b3ff10b9a1738ec34c08424583c?s=96&d=retro&r=g","contentUrl":"https:\/\/secure.gravatar.com\/avatar\/50696b3ff10b9a1738ec34c08424583c?s=96&d=retro&r=g","caption":"Lola"},"url":"https:\/\/smallthings.fr\/lespetitslivres\/author\/lola\/"}]}},"jetpack_featured_media_url":"https:\/\/smallthings.fr\/lespetitslivres\/wp-content\/uploads\/2017\/03\/je-serai-ta-cage-foret-couv.jpeg","jetpack_sharing_enabled":true,"jetpack_shortlink":"https:\/\/wp.me\/p6Un21-82q","jetpack-related-posts":[{"id":19384,"url":"https:\/\/smallthings.fr\/lespetitslivres\/2014\/12\/17\/loups-de-riverdance-saga-bit-lit\/","url_meta":{"origin":30902,"position":0},"title":"Les Loups de Riverdance, une nouvelle saga bit-lit","author":"Jennifer","date":"17 d\u00e9cembre 2014","format":false,"excerpt":"Les Loups de Riverdance est une saga bit-lit \u00e9crite par H. V. Gavriel, qui a fait son entr\u00e9e chez Milady le 21 novembre. Le premier tome, Lucas, met en avant un jeune homme dont la vie a \u00e9t\u00e9 tr\u00e8s difficile et qui finit par se lier d\u2019amiti\u00e9 avec un clan\u2026","rel":"","context":"Dans &quot;Fantastique&quot;","block_context":{"text":"Fantastique","link":"https:\/\/smallthings.fr\/lespetitslivres\/category\/imaginaire\/fantastique\/"},"img":{"alt_text":"","src":"https:\/\/i0.wp.com\/smallthings.fr\/wp-content\/uploads\/2014\/12\/Les-loups-de-riverdance-H.V.Gavriel.jpg?resize=350%2C200","width":350,"height":200},"classes":[]},{"id":16459,"url":"https:\/\/smallthings.fr\/lespetitslivres\/2014\/09\/13\/d-autres-royaumes-roman-richard-matheson\/","url_meta":{"origin":30902,"position":1},"title":"D\u2019autres royaumes, le dernier roman du c\u00e9l\u00e8bre Richard Matheson","author":"Jennifer","date":"13 septembre 2014","format":false,"excerpt":"D\u2019autres royaumes, premier roman in\u00e9dit en 10 ans du c\u00e9l\u00e8bre Richard Matheson (auteur de Je suis une l\u00e9gende) est sorti chez les \u00e9ditions J\u2019ai Lu le 27 ao\u00fbt dernier. On y d\u00e9couvre Alexander White, un auteur \u00e2g\u00e9, qui relate ce qu\u2019il a v\u00e9cu en 1918 alors qu\u2019il avait 18 ans.\u2026","rel":"","context":"Dans &quot;Fantastique&quot;","block_context":{"text":"Fantastique","link":"https:\/\/smallthings.fr\/lespetitslivres\/category\/imaginaire\/fantastique\/"},"img":{"alt_text":"Richard %atheson","src":"https:\/\/i0.wp.com\/smallthings.fr\/wp-content\/uploads\/2014\/09\/richard-matheson.jpg?resize=350%2C200","width":350,"height":200,"srcset":"https:\/\/i0.wp.com\/smallthings.fr\/wp-content\/uploads\/2014\/09\/richard-matheson.jpg?resize=350%2C200 1x, https:\/\/i0.wp.com\/smallthings.fr\/wp-content\/uploads\/2014\/09\/richard-matheson.jpg?resize=525%2C300 1.5x"},"classes":[]},{"id":4504,"url":"https:\/\/smallthings.fr\/lespetitslivres\/2013\/04\/11\/fabrice-colin-ta-mort-sera-la-mienne\/","url_meta":{"origin":30902,"position":2},"title":"Fabrice Colin &#8211; Ta mort sera la mienne","author":"Claire","date":"11 avril 2013","format":false,"excerpt":"\"Ta mort sera la mienne\" est le deuxi\u00e8me polar de Fabrice Colin publi\u00e9 chez Sonatines. L'auteur choisit le paysage de l'Utah pour nous livrer sa vision de la d\u00e9gringolade du r\u00eave am\u00e9ricain.","rel":"","context":"Dans &quot;Thriller&quot;","block_context":{"text":"Thriller","link":"https:\/\/smallthings.fr\/lespetitslivres\/category\/thriller\/"},"img":{"alt_text":"","src":"https:\/\/i0.wp.com\/uploads.smallthings.fr\/2013\/04\/47300271fabrice-colin-gif.gif?resize=350%2C200","width":350,"height":200},"classes":[]},{"id":20311,"url":"https:\/\/smallthings.fr\/lespetitslivres\/2015\/01\/29\/pierre-noire-maison-chantal-foret\/","url_meta":{"origin":30902,"position":3},"title":"Pierre noire : maison hant\u00e9e en campagne fran\u00e7aise","author":"Claire","date":"29 janvier 2015","format":false,"excerpt":"Pierre noire est sorti le 21 janvier aux \u00e9ditions de l'Archipel. Ce roman de Chantal For\u00eat m\u00eale avec brio psychologie des personnages et histoires de fant\u00f4mes... Originaire de l'Allier, l'auteure a plaisir \u00e0 parler d'une r\u00e9gion qu'elle conna\u00eet bien. Elle y place l'action de l'histoire d'Isabelle et Nicolas, jeune couple\u2026","rel":"","context":"Dans &quot;Thriller&quot;","block_context":{"text":"Thriller","link":"https:\/\/smallthings.fr\/lespetitslivres\/category\/thriller\/"},"img":{"alt_text":"","src":"https:\/\/i0.wp.com\/smallthings.fr\/wp-content\/uploads\/2015\/01\/pierre-noire.jpg?resize=350%2C200","width":350,"height":200},"classes":[]},{"id":30081,"url":"https:\/\/smallthings.fr\/lespetitslivres\/2016\/06\/14\/avant-toi-roman-film-evenement\/","url_meta":{"origin":30902,"position":4},"title":"Avant toi, le roman qui a inspir\u00e9 le film \u00e9v\u00e9nement","author":"Jennifer","date":"14 juin 2016","format":false,"excerpt":"Avant toi, le livre \u00e0 succ\u00e8s de Jojo Moyes, est sorti en format poche le 10 juin dernier aux \u00e9ditions Milady. Une histoire \u00e9mouvante entre Lou, jeune femme au style particulier cherchant d\u00e9sesp\u00e9r\u00e9ment un emploi, et Will, un homme exceptionnel qui, suite \u00e0 un accident de la route, est devenu\u2026","rel":"","context":"Dans &quot;Roman \u00e9tranger&quot;","block_context":{"text":"Roman \u00e9tranger","link":"https:\/\/smallthings.fr\/lespetitslivres\/category\/roman\/roman-etranger\/"},"img":{"alt_text":"","src":"https:\/\/i0.wp.com\/smallthings.fr\/lespetitslivres\/wp-content\/uploads\/2016\/06\/avant-toi-couv.jpg?resize=350%2C200&ssl=1","width":350,"height":200,"srcset":"https:\/\/i0.wp.com\/smallthings.fr\/lespetitslivres\/wp-content\/uploads\/2016\/06\/avant-toi-couv.jpg?resize=350%2C200&ssl=1 1x, https:\/\/i0.wp.com\/smallthings.fr\/lespetitslivres\/wp-content\/uploads\/2016\/06\/avant-toi-couv.jpg?resize=525%2C300&ssl=1 1.5x, https:\/\/i0.wp.com\/smallthings.fr\/lespetitslivres\/wp-content\/uploads\/2016\/06\/avant-toi-couv.jpg?resize=700%2C400&ssl=1 2x, https:\/\/i0.wp.com\/smallthings.fr\/lespetitslivres\/wp-content\/uploads\/2016\/06\/avant-toi-couv.jpg?resize=1050%2C600&ssl=1 3x, https:\/\/i0.wp.com\/smallthings.fr\/lespetitslivres\/wp-content\/uploads\/2016\/06\/avant-toi-couv.jpg?resize=1400%2C800&ssl=1 4x"},"classes":[]},{"id":31803,"url":"https:\/\/smallthings.fr\/lespetitslivres\/2018\/09\/08\/presque-nuit-ete-thi-thu-avis\/","url_meta":{"origin":30902,"position":5},"title":"Presque une nuit d\u2019\u00e9t\u00e9, premier roman de Thi Thu","author":"Diane Norric","date":"8 septembre 2018","format":false,"excerpt":"La rentr\u00e9e litt\u00e9raire 2018 a \u00e9tabli un record en mati\u00e8re de premiers romans. Difficile pour ces primo-romanciers de ne pas finir noy\u00e9s dans la masse. Dans cette for\u00eat de titres, on ne peut que conseiller de ne pas manquer un arbre d\u00e9licat et remarquable : Presque une nuit d\u2019\u00e9t\u00e9 et\u2026","rel":"","context":"Dans &quot;Roman fran\u00e7ais&quot;","block_context":{"text":"Roman fran\u00e7ais","link":"https:\/\/smallthings.fr\/lespetitslivres\/category\/roman\/roman-francais\/"},"img":{"alt_text":"","src":"https:\/\/i0.wp.com\/smallthings.fr\/lespetitslivres\/wp-content\/uploads\/2018\/09\/presque-une-nuit-d-ete-cover.jpg?resize=350%2C200&ssl=1","width":350,"height":200,"srcset":"https:\/\/i0.wp.com\/smallthings.fr\/lespetitslivres\/wp-content\/uploads\/2018\/09\/presque-une-nuit-d-ete-cover.jpg?resize=350%2C200&ssl=1 1x, https:\/\/i0.wp.com\/smallthings.fr\/lespetitslivres\/wp-content\/uploads\/2018\/09\/presque-une-nuit-d-ete-cover.jpg?resize=525%2C300&ssl=1 1.5x"},"classes":[]}],"_links":{"self":[{"href":"https:\/\/smallthings.fr\/lespetitslivres\/wp-json\/wp\/v2\/posts\/30902"}],"collection":[{"href":"https:\/\/smallthings.fr\/lespetitslivres\/wp-json\/wp\/v2\/posts"}],"about":[{"href":"https:\/\/smallthings.fr\/lespetitslivres\/wp-json\/wp\/v2\/types\/post"}],"author":[{"embeddable":true,"href":"https:\/\/smallthings.fr\/lespetitslivres\/wp-json\/wp\/v2\/users\/8"}],"replies":[{"embeddable":true,"href":"https:\/\/smallthings.fr\/lespetitslivres\/wp-json\/wp\/v2\/comments?post=30902"}],"version-history":[{"count":2,"href":"https:\/\/smallthings.fr\/lespetitslivres\/wp-json\/wp\/v2\/posts\/30902\/revisions"}],"predecessor-version":[{"id":30907,"href":"https:\/\/smallthings.fr\/lespetitslivres\/wp-json\/wp\/v2\/posts\/30902\/revisions\/30907"}],"wp:featuredmedia":[{"embeddable":true,"href":"https:\/\/smallthings.fr\/lespetitslivres\/wp-json\/wp\/v2\/media\/30906"}],"wp:attachment":[{"href":"https:\/\/smallthings.fr\/lespetitslivres\/wp-json\/wp\/v2\/media?parent=30902"}],"wp:term":[{"taxonomy":"category","embeddable":true,"href":"https:\/\/smallthings.fr\/lespetitslivres\/wp-json\/wp\/v2\/categories?post=30902"},{"taxonomy":"post_tag","embeddable":true,"href":"https:\/\/smallthings.fr\/lespetitslivres\/wp-json\/wp\/v2\/tags?post=30902"}],"curies":[{"name":"wp","href":"https:\/\/api.w.org\/{rel}","templated":true}]}}