{"id":30880,"date":"2017-03-22T18:00:47","date_gmt":"2017-03-22T17:00:47","guid":{"rendered":"http:\/\/smallthings.fr\/lespetitslivres\/?p=30880"},"modified":"2017-03-22T11:23:55","modified_gmt":"2017-03-22T10:23:55","slug":"interview-nathalie-stragier-penelope-futur","status":"publish","type":"post","link":"https:\/\/smallthings.fr\/lespetitslivres\/2017\/03\/22\/interview-nathalie-stragier-penelope-futur\/","title":{"rendered":"Interview de Nathalie Stragier, auteure de la saga P\u00e9nelope la fille du futur"},"content":{"rendered":"<h2>June a eu la chance d&rsquo;interviewer Nathalie Stragier, l&rsquo;auteure de <em>Ne ramenez jamais une fille du futur chez vous<\/em> et <em>Ne retournez jamais chez une fille du pass\u00e9<\/em>, d\u00e9j\u00e0 critiqu\u00e9s sur les Petits Livres par <a href=\"http:\/\/smallthings.fr\/lespetitslivres\/2016\/07\/18\/ne-ramenez-jamais-fille-futur-stragier-critique\/\">ici<\/a>.<\/h2>\n<h5><em>Bonjour Nathalie Stragier, c\u2019est un honneur et un plaisir que de te recevoir pour ce second num\u00e9ro de la nouvelle formule du Have You Met. Auteur et sc\u00e9nariste, quelle invit\u00e9e de choix ! Je suis curieuse d\u2019en savoir plus. Peux-tu nous raconter ton parcours\u00a0?<\/em><\/h5>\n<p>Bonjour June. Je te remercie de me mettre \u00e0 l\u2019honneur sur ton blog\u00a0! Mon parcours, alors&#8230; J\u2019ai grandi dans le Nord, \u00e0 Tourcoing, loin du monde du cin\u00e9ma ou de l\u2019\u00e9dition. Quand j\u2019\u00e9tais coll\u00e9gienne, j\u2019ai eu l\u2019intention extravagante de devenir \u00e9crivaine, mais j\u2019ai vite chass\u00e9 de ma t\u00eate cette id\u00e9e aussi invraisemblable que pr\u00e9tentieuse. Je pr\u00e9parais mon bac L quand il m\u2019est venu l\u2019id\u00e9e \u00e0 peine moins fantasque de faire du cin\u00e9ma. J\u2019ignore par quel miracle mes parents n\u2019ont pas cherch\u00e9 \u00e0 m\u2019en dissuader, mais je les en remercie. Le bac en poche, j\u2019ai pass\u00e9 deux ans \u00e0 Nantes, dans la pr\u00e9pa Cin\u00e9 Sup du lyc\u00e9e Guist\u2019hau. J\u2019ai ensuite int\u00e9gr\u00e9 la F\u00e9mis, d\u00e9partement sc\u00e9nario (l\u2019\u00e9criture tout de m\u00eame, tiens, tiens), et \u00e0 la fin de mes \u00e9tudes, j\u2019ai imm\u00e9diatement commenc\u00e9 \u00e0 travailler comme sc\u00e9nariste pour la t\u00e9l\u00e9, sur des t\u00e9l\u00e9films ou des s\u00e9ries.<\/p>\n<div id=\"attachment_30882\" style=\"width: 290px\" class=\"wp-caption alignleft\"><img loading=\"lazy\" decoding=\"async\" aria-describedby=\"caption-attachment-30882\" data-attachment-id=\"30882\" data-permalink=\"https:\/\/smallthings.fr\/lespetitslivres\/2017\/03\/22\/interview-nathalie-stragier-penelope-futur\/72bichon-chemise-noire\/\" data-orig-file=\"https:\/\/smallthings.fr\/lespetitslivres\/wp-content\/uploads\/2017\/03\/72Bichon-chemise-noire.jpeg\" data-orig-size=\"475,640\" data-comments-opened=\"1\" data-image-meta=\"{&quot;aperture&quot;:&quot;0&quot;,&quot;credit&quot;:&quot;&quot;,&quot;camera&quot;:&quot;&quot;,&quot;caption&quot;:&quot;&quot;,&quot;created_timestamp&quot;:&quot;0&quot;,&quot;copyright&quot;:&quot;&quot;,&quot;focal_length&quot;:&quot;0&quot;,&quot;iso&quot;:&quot;0&quot;,&quot;shutter_speed&quot;:&quot;0&quot;,&quot;title&quot;:&quot;&quot;,&quot;orientation&quot;:&quot;0&quot;}\" data-image-title=\"Nathalie Stragier\" data-image-description=\"\" data-image-caption=\"&lt;p&gt;\u00a9 Laurence Bichon&lt;\/p&gt;\n\" data-medium-file=\"https:\/\/smallthings.fr\/lespetitslivres\/wp-content\/uploads\/2017\/03\/72Bichon-chemise-noire-223x300.jpeg\" data-large-file=\"https:\/\/smallthings.fr\/lespetitslivres\/wp-content\/uploads\/2017\/03\/72Bichon-chemise-noire.jpeg\" class=\" wp-image-30882\" src=\"http:\/\/smallthings.fr\/lespetitslivres\/wp-content\/uploads\/2017\/03\/72Bichon-chemise-noire.jpeg\" alt=\"\" width=\"280\" height=\"377\" srcset=\"https:\/\/smallthings.fr\/lespetitslivres\/wp-content\/uploads\/2017\/03\/72Bichon-chemise-noire.jpeg 475w, https:\/\/smallthings.fr\/lespetitslivres\/wp-content\/uploads\/2017\/03\/72Bichon-chemise-noire-223x300.jpeg 223w\" sizes=\"(max-width: 280px) 100vw, 280px\" \/><p id=\"caption-attachment-30882\" class=\"wp-caption-text\">\u00a9 Laurence Bichon<\/p><\/div>\n<h5><em>Parmi mes lecteurs, je pense que peu connaissent la FEMIS, peux-tu la pr\u00e9senter et nous raconter ton passage l\u00e0-bas, comment tu as v\u00e9cu ta formation\u00a0?<\/em><\/h5>\n<p>La F\u00e9mis est situ\u00e9e \u00e0 Paris, et forme aux diff\u00e9rents m\u00e9tiers du cin\u00e9ma. Il s\u2019agit d\u2019une \u00e9cole publique qui recrute \u00e0 bac + 2, sur concours. Etudier \u00e0 la F\u00e9mis est une grande chance. Cette \u00e9cole dispose de moyens \u00e0 la hauteur de sa r\u00e9putation, et permet \u00e0 des jeunes\u00a0 n\u2019ayant aucun contact dans ce milieu, d\u2019apprendre un m\u00e9tier passionnant. Ce sont trois ann\u00e9es fabuleuses. Pendant la premi\u00e8re, chacun s\u2019essaie aux diff\u00e9rents postes, de l\u2019\u00e9criture au montage, en passant par le tournage. Puis, les \u00e9tudiants se sp\u00e9cialisent dans le domaine choisi. Dans mon cas, le sc\u00e9nario. Pendant deux ans, les futurs sc\u00e9naristes (cinq seulement par promo) \u00e9crivent et font lire leurs textes, quotidiennement. Une excellente fa\u00e7on d\u2019apprendre \u00e0 structurer une histoire, \u00e0 d\u00e9velopper des personnages, mais aussi \u00e0 \u00e9couter l\u2019avis des autres, et \u00e0 retravailler, encore et encore. La premi\u00e8re version n\u2019est jamais la bonne\u00a0!<\/p>\n<h5><em>Outre les romans Young Adult avec la saga de <strong>P\u00e9n\u00e9lope<\/strong>, <strong>la fille du futur<\/strong>, tu \u00e9cris aussi des histoires pour enfants, pour les revues <strong>J\u2019aime Lire<\/strong> ou <strong>Je bouquine<\/strong>. Depuis combien de temps fais-tu cela et comment t\u2019est venue cette envie\u00a0?<\/em><\/h5>\n<p>Mon premier texte pour J\u2019aime lire est paru en 2011. A cette \u00e9poque-l\u00e0, je vivais en Finlande, et par la force des choses, j\u2019avais pris un peu de distance avec le monde de la t\u00e9l\u00e9. J\u2019en ai profit\u00e9 pour essayer une autre forme d\u2019\u00e9criture qui me tentait depuis peu&#8230; Ayant tendance \u00e0 manquer de confiance en moi, j\u2019ai commenc\u00e9 par un texte court, que j\u2019ai envoy\u00e9 par la poste \u00e0 Bayard presse, en croisant les doigts. \u00c7a a march\u00e9, j\u2019ai recommenc\u00e9, puis \u00e9crit d\u2019autres histoires, pour Je Bouquine cette fois&#8230; Et comme personne ne s\u2019est lev\u00e9 pour me pointer du doigt en criant \u00e0 l\u2019imposture, j\u2019ai pris une ann\u00e9e pour \u00e9crire le tome 1 de la Fille du Futur, qui est parti par la poste, comme les autres&#8230;<\/p>\n<h5><em>Quelle lectrice \u00e9tais-tu \u00e9tant plus jeune et est-ce que cela a jou\u00e9 sur ta vocation professionnelle\u00a0?<\/em><\/h5>\n<p>J\u2019adorais les biblioth\u00e8ques\u00a0! Tous ces livres \u00e0 port\u00e9e de main, offerts\u00a0en nombre quasiment illimit\u00e9\u00a0! Je lisais donc beaucoup, et de tout, souvent plusieurs bouquins \u00e0 la fois, passant de l\u2019un \u00e0 l\u2019autre dans la m\u00eame journ\u00e9e. Je fais d\u2019ailleurs toujours cela. Mais \u00e0 l\u2019\u00e9poque, ce monde de l\u2019\u00e9criture me semblait encore inaccessible&#8230;<\/p>\n<h5><em>Sc\u00e9nariste et auteur, deux m\u00e9tiers qui racontent des histoires de fa\u00e7ons diff\u00e9rentes. \u00a0Qu\u2019est ce qui te motive \u00e0 porter ces deux casquettes\u00a0?<\/em><\/h5>\n<p>Beaucoup de points communs entre ces deux m\u00e9tiers\u00a0: il s\u2019agit toujours de raconter une histoire, en effet. Mais en pratique, cela se fait de fa\u00e7on assez diff\u00e9rente. Les sc\u00e9naristes travaillent souvent \u00e0 deux, avec le r\u00e9alisateur par exemple, ou m\u00eame en atelier d\u2019\u00e9criture, pour les s\u00e9ries en particulier. Le producteur et le diffuseur (la cha\u00eene) interviennent \u00e9galement beaucoup. Les sommes en jeu sont importantes, et cela prive parfois les auteurs de libert\u00e9. Mais quand on r\u00e9ussit \u00e0 contourner ces difficult\u00e9s, le r\u00e9sultat est grisant. L\u2019\u00e9criture de romans est plus solitaire, ce qui ne me d\u00e9pla\u00eet pas. Par ailleurs, les contraintes sont moins fortes, dans la mesure o\u00f9 imprimer un livre co\u00fbte beaucoup moins cher que de tourner un film. L\u2019auteur est donc plus libre. Il est davantage respect\u00e9 par l\u2019\u00e9diteur. C\u2019est aussi tr\u00e8s sympa de circuler dans les salons et de rencontrer les lecteurs. En revanche, on est beaucoup moins bien pay\u00e9\u00a0! A l\u2019arriv\u00e9e, les deux fonctions se compl\u00e8tent assez bien.<\/p>\n<h5><em>L\u2019\u00e9criture de sc\u00e9nario est un exercice assez sp\u00e9cifique, est-ce difficile de passer de cette \u00e9criture l\u00e0 \u00e0 celle d\u2019un roman Young Adult\u00a0ou d\u2019une histoire pour enfants\u00a0? Comment as-tu r\u00e9ussi \u00e0 passer de l\u2019un \u00e0 l\u2019autre\u00a0?\u00a0 Est-ce que le fait de savoir r\u00e9diger un sc\u00e9nario t\u2019a aid\u00e9e \u00e0 structurer tes id\u00e9es\u00a0?<\/em><\/h5>\n<p>Etre sc\u00e9nariste, c\u2019est pour moi avoir plusieurs points forts\u00a0: le capacit\u00e9 \u00e0 structurer l\u2019histoire, en effet, et le souci constant de garder un r\u00e9cit rythm\u00e9. Sans doute ai-je aussi fait la part belle aux dialogues, par d\u00e9formation professionnelle \u00e0 nouveau. En revanche, j\u2019\u00e9tais parfois un peu embarrass\u00e9e pour les descriptions. Dans un sc\u00e9nario, elles sont quasiment inexistantes, et quand leur pr\u00e9sence s\u2019impose, elles sont br\u00e8ves et efficaces, comme un document technique pour le tournage. J\u2019ai parfois d\u00fb me pousser un peu pour que la trilogie ne soit pas trop s\u00e8che de ce point de vue l\u00e0. Je crois d\u2019ailleurs que le tome 1 comporte peu de descriptions. C\u2019est diff\u00e9rent dans le tome 3, puisque nous y d\u00e9couvrons enfin l\u2019\u00e9poque de P\u00e9n\u00e9lope, et que cela vaut bien quelques informations plus d\u00e9taill\u00e9es. Mais globalement, \u00e9crire sous forme litt\u00e9raire a \u00e9t\u00e9 un grand plaisir.<\/p>\n<h5><em>Dans les romans de <strong>Ne revenez pas jamais<\/strong>, tu imagines le monde du futur de <strong>P\u00e9n\u00e9lope<\/strong> comme une soci\u00e9t\u00e9 de femmes uniquement et le regard d\u00e9cal\u00e9 de cette h\u00e9ro\u00efne nous fait r\u00e9fl\u00e9chir. Comment t\u2019est venue cette id\u00e9e\u00a0? Et est-ce une fa\u00e7on pour de souligner par contraste les in\u00e9galit\u00e9s hommes-femmes de notre \u00e9poque\u00a0? D\u2019apporter une r\u00e9flexion\u00a0?<\/em><\/h5>\n<p>J\u2019aime beaucoup raconter des histoires qui se passent ici et maintenant, mais en d\u00e9calant juste un \u00e9l\u00e9ment, qui change alors le regard que nous portons sur notre monde. Oui, bien-s\u00fbr, inventer le personnage de P\u00e9n\u00e9lope, qui n\u2019a jamais vu d\u2019homme de sa vie, est un puissant proc\u00e9d\u00e9 pour questionner notre soci\u00e9t\u00e9 un chou\u00efa patriarcale. En me mettant dans la peau de P\u00e9n\u00e9lope, je ne pouvais que m\u2019\u00e9tonner de tous ces petits d\u00e9tails qui font notre vie quotidienne. Et plus j\u2019avan\u00e7ais dans mon travail, plus je constatais \u00e0 quel point l\u2019\u00e9galit\u00e9 n\u2019est pas acquise. Nous sommes tellement habitu\u00e9s aux attentes que la soci\u00e9t\u00e9 porte sur chacun de nous, selon que l\u2019on soit fille ou gar\u00e7on&#8230; L\u2019humour est une arme redoutable pour pointer ces travers et dysfonctionnements.<\/p>\n<h5><em>Dans le monde du cin\u00e9ma anglo-saxon, il y a un certain remous ces derni\u00e8res ann\u00e9es concernant le manque de place et d\u2019initiative laiss\u00e9 aux femmes r\u00e9alisatrices ou actrices. Est-ce que quelque chose que tu as pu constater \u00e9galement en France\u00a0? Le fait d\u2019\u00eatre une femme a-t-il des r\u00e9percussions quand on travaille dans le monde du cin\u00e9ma fran\u00e7ais ou europ\u00e9en\u00a0?<\/em><\/h5>\n<p>La SACD publie chaque ann\u00e9e un rapport sur cette in\u00e9galit\u00e9 entre hommes et femmes. En 2016-17, le titre en \u00e9tait \u00ab\u00a0O\u00f9 sont les femmes\u00a0? Toujours pas l\u00e0\u00a0!\u00a0\u00bb Les chiffres le confirment. A la t\u00e9l\u00e9, 30% seulement des \u0153uvres de fiction sont \u00e9crites par des femmes. Comme dans de nombreux secteurs, les femmes peinent \u00e0 se faire une place. Les pr\u00e9jug\u00e9s de genre s\u2019\u00e9rodent, mais r\u00e9sistent encore.<\/p>\n<h5><em><img loading=\"lazy\" decoding=\"async\" data-attachment-id=\"30881\" data-permalink=\"https:\/\/smallthings.fr\/lespetitslivres\/2017\/03\/22\/interview-nathalie-stragier-penelope-futur\/17410296_10211623048707381_1675230780_n\/\" data-orig-file=\"https:\/\/smallthings.fr\/lespetitslivres\/wp-content\/uploads\/2017\/03\/17410296_10211623048707381_1675230780_n.jpg\" data-orig-size=\"656,960\" data-comments-opened=\"1\" data-image-meta=\"{&quot;aperture&quot;:&quot;0&quot;,&quot;credit&quot;:&quot;&quot;,&quot;camera&quot;:&quot;&quot;,&quot;caption&quot;:&quot;&quot;,&quot;created_timestamp&quot;:&quot;0&quot;,&quot;copyright&quot;:&quot;&quot;,&quot;focal_length&quot;:&quot;0&quot;,&quot;iso&quot;:&quot;0&quot;,&quot;shutter_speed&quot;:&quot;0&quot;,&quot;title&quot;:&quot;&quot;,&quot;orientation&quot;:&quot;0&quot;}\" data-image-title=\"17410296_10211623048707381_1675230780_n\" data-image-description=\"\" data-image-caption=\"\" data-medium-file=\"https:\/\/smallthings.fr\/lespetitslivres\/wp-content\/uploads\/2017\/03\/17410296_10211623048707381_1675230780_n-205x300.jpg\" data-large-file=\"https:\/\/smallthings.fr\/lespetitslivres\/wp-content\/uploads\/2017\/03\/17410296_10211623048707381_1675230780_n.jpg\" class=\"alignright  wp-image-30881\" src=\"http:\/\/smallthings.fr\/lespetitslivres\/wp-content\/uploads\/2017\/03\/17410296_10211623048707381_1675230780_n.jpg\" alt=\"\" width=\"327\" height=\"479\" srcset=\"https:\/\/smallthings.fr\/lespetitslivres\/wp-content\/uploads\/2017\/03\/17410296_10211623048707381_1675230780_n.jpg 656w, https:\/\/smallthings.fr\/lespetitslivres\/wp-content\/uploads\/2017\/03\/17410296_10211623048707381_1675230780_n-205x300.jpg 205w\" sizes=\"(max-width: 327px) 100vw, 327px\" \/>Le troisi\u00e8me tome des aventures de <strong>P\u00e9n\u00e9lope<\/strong> et <strong>Andr\u00e9a<\/strong> sort bient\u00f4t. Comment s\u2019est pass\u00e9 cette nouvelle session d\u2019\u00e9criture\u00a0? Savais-tu d\u00e9j\u00e0, \u00e0 la fin du tome 2, ce que tu leur r\u00e9serverais pour la suite\u00a0?<\/em><\/h5>\n<p>Quand je pars sur une \u00e9criture, je structure toujours l\u2019ensemble de l\u2019histoire. J\u2019aime savoir o\u00f9 je vais, car \u00e0 mon sens, le r\u00e9cit doit tendre dans une seule et m\u00eame direction, tout le temps (ce qui est plus facile \u00e0 dire qu\u2019\u00e0 faire\u00a0!). J\u2019avais donc en t\u00eate, depuis le d\u00e9but, la structure globale de la trilogie. Elle se pr\u00e9cisait au fur et \u00e0 mesure. Quand j\u2019\u00e9crivais les tomes 1 et 2, je prenais des notes pour la suite. Les id\u00e9es s\u2019\u00e9chappent parfois, il faut les poser sur le papier sans attendre\u00a0!<\/p>\n<h5><em>Des projets en cours que tu peux \u00e9voquer\u00a0? Des envies\u00a0?<\/em><\/h5>\n<p>Plusieurs\u00a0! Il va falloir choisir&#8230;<\/p>\n<h5><em>Qu\u2019est-ce-qui te motive \u00e0 te lever le matin\u00a0? Qui te donne la p\u00eache\u00a0?<\/em><\/h5>\n<p>J\u2019aime les d\u00e9buts de projets, les nouvelles histoires \u00e0 construire&#8230; Ensuite, quand on a les mains dans le cambouis et qu\u2019on manque de recul, c\u2019est plus difficile. Cette \u00e9tape de l\u2019\u00e9criture est parfois \u00e9prouvante. En ce moment, ce n\u2019est pas le cas, j\u2019entame donc chaque journ\u00e9e avec plaisir et sans angoisse\u00a0! C\u2019est la p\u00e9riode o\u00f9 tout est possible&#8230;<\/p>\n<h5><em>Un dernier mot pour la fin\u00a0: ton conseil pour un jeune auteur ou sc\u00e9nariste qui voudrait se lancer\u00a0?<\/em><\/h5>\n<p>Travailler. Travailler plus. Travailler encore. Puis ne pas se d\u00e9courager.<\/p>\n<p>&nbsp;<\/p>\n<h4><em>L&rsquo;interview a \u00e9t\u00e9 r\u00e9alis\u00e9e dans le cadre de la rubrique Have You Met du blog de <a href=\"https:\/\/juneandcie.com\/\">June&amp;Cie<\/a>.<\/em><\/h4>\n<h4>Le prochain tome de la saga <em>P\u00e9n\u00e9lope, la fille du futur<\/em> est \u00e0 para\u00eetre le 6 avril aux <a href=\"http:\/\/www.syros.fr\/\">\u00e9ditions Syros<\/a>.<\/h4>\n","protected":false},"excerpt":{"rendered":"<p>June a eu la chance d&rsquo;interviewer Nathalie Stragier, l&rsquo;auteure de Ne ramenez jamais une fille du futur chez vous et Ne retournez jamais chez une fille du pass\u00e9, d\u00e9j\u00e0 critiqu\u00e9s sur les Petits Livres par ici. Bonjour Nathalie Stragier, c\u2019est un honneur et un plaisir que de te recevoir pour ce second num\u00e9ro de la<\/p>\n","protected":false},"author":15,"featured_media":30883,"comment_status":"open","ping_status":"open","sticky":false,"template":"","format":"standard","meta":{"jetpack_post_was_ever_published":false,"_jetpack_newsletter_access":"","_jetpack_newsletter_tier_id":0,"footnotes":"","jetpack_publicize_message":"","jetpack_is_tweetstorm":false,"jetpack_publicize_feature_enabled":true,"jetpack_social_post_already_shared":true,"jetpack_social_options":{"image_generator_settings":{"template":"highway","enabled":false}}},"categories":[1714,1117],"tags":[1715,1423,1481,1482,1483],"jetpack_publicize_connections":[],"yoast_head":"<!-- This site is optimized with the Yoast SEO plugin v21.5 - https:\/\/yoast.com\/wordpress\/plugins\/seo\/ -->\n<title>Interview de Nathalie Stragier, auteure de la saga P\u00e9nelope la fille du futur<\/title>\n<meta name=\"description\" content=\"June a eu la chance d&#039;interviewer Nathalie Stragier, l&#039;auteure de Ne ramenez jamais une fille du futur chez vous et Ne retournez jamais chez une fille du\" \/>\n<meta name=\"robots\" content=\"index, follow, max-snippet:-1, max-image-preview:large, max-video-preview:-1\" \/>\n<link rel=\"canonical\" href=\"https:\/\/smallthings.fr\/lespetitslivres\/2017\/03\/22\/interview-nathalie-stragier-penelope-futur\/\" \/>\n<meta property=\"og:locale\" content=\"fr_FR\" \/>\n<meta property=\"og:type\" content=\"article\" \/>\n<meta property=\"og:title\" content=\"Interview de Nathalie Stragier, auteure de la saga P\u00e9nelope la fille du futur\" \/>\n<meta property=\"og:description\" content=\"June a eu la chance d&#039;interviewer Nathalie Stragier, l&#039;auteure de Ne ramenez jamais une fille du futur chez vous et Ne retournez jamais chez une fille du\" \/>\n<meta property=\"og:url\" content=\"https:\/\/smallthings.fr\/lespetitslivres\/2017\/03\/22\/interview-nathalie-stragier-penelope-futur\/\" \/>\n<meta property=\"og:site_name\" content=\"Les Petits Livres\" \/>\n<meta property=\"article:published_time\" content=\"2017-03-22T17:00:47+00:00\" \/>\n<meta property=\"article:modified_time\" content=\"2017-03-22T10:23:55+00:00\" \/>\n<meta property=\"og:image\" content=\"https:\/\/i0.wp.com\/smallthings.fr\/lespetitslivres\/wp-content\/uploads\/2017\/03\/stragier-couv.jpeg?fit=475%2C334&ssl=1\" \/>\n\t<meta property=\"og:image:width\" content=\"475\" \/>\n\t<meta property=\"og:image:height\" content=\"334\" \/>\n\t<meta property=\"og:image:type\" content=\"image\/jpeg\" \/>\n<meta name=\"author\" content=\"June\" \/>\n<meta name=\"twitter:card\" content=\"summary_large_image\" \/>\n<meta name=\"twitter:creator\" content=\"@dariadgille\" \/>\n<meta name=\"twitter:label1\" content=\"\u00c9crit par\" \/>\n\t<meta name=\"twitter:data1\" content=\"June\" \/>\n\t<meta name=\"twitter:label2\" content=\"Dur\u00e9e de lecture estim\u00e9e\" \/>\n\t<meta name=\"twitter:data2\" content=\"9 minutes\" \/>\n<script type=\"application\/ld+json\" class=\"yoast-schema-graph\">{\"@context\":\"https:\/\/schema.org\",\"@graph\":[{\"@type\":\"WebPage\",\"@id\":\"https:\/\/smallthings.fr\/lespetitslivres\/2017\/03\/22\/interview-nathalie-stragier-penelope-futur\/\",\"url\":\"https:\/\/smallthings.fr\/lespetitslivres\/2017\/03\/22\/interview-nathalie-stragier-penelope-futur\/\",\"name\":\"Interview de Nathalie Stragier, auteure de la saga P\u00e9nelope la fille du futur\",\"isPartOf\":{\"@id\":\"https:\/\/smallthings.fr\/lespetitslivres\/#website\"},\"datePublished\":\"2017-03-22T17:00:47+00:00\",\"dateModified\":\"2017-03-22T10:23:55+00:00\",\"author\":{\"@id\":\"https:\/\/smallthings.fr\/lespetitslivres\/#\/schema\/person\/3e6389e33dfcb17850d47fa745090e73\"},\"description\":\"June a eu la chance d'interviewer Nathalie Stragier, l'auteure de Ne ramenez jamais une fille du futur chez vous et Ne retournez jamais chez une fille du\",\"breadcrumb\":{\"@id\":\"https:\/\/smallthings.fr\/lespetitslivres\/2017\/03\/22\/interview-nathalie-stragier-penelope-futur\/#breadcrumb\"},\"inLanguage\":\"fr-FR\",\"potentialAction\":[{\"@type\":\"ReadAction\",\"target\":[\"https:\/\/smallthings.fr\/lespetitslivres\/2017\/03\/22\/interview-nathalie-stragier-penelope-futur\/\"]}]},{\"@type\":\"BreadcrumbList\",\"@id\":\"https:\/\/smallthings.fr\/lespetitslivres\/2017\/03\/22\/interview-nathalie-stragier-penelope-futur\/#breadcrumb\",\"itemListElement\":[{\"@type\":\"ListItem\",\"position\":1,\"name\":\"Accueil\",\"item\":\"https:\/\/smallthings.fr\/lespetitslivres\/\"},{\"@type\":\"ListItem\",\"position\":2,\"name\":\"Interview de Nathalie Stragier, auteure de la saga P\u00e9nelope la fille du futur\"}]},{\"@type\":\"WebSite\",\"@id\":\"https:\/\/smallthings.fr\/lespetitslivres\/#website\",\"url\":\"https:\/\/smallthings.fr\/lespetitslivres\/\",\"name\":\"Les Petits Livres\",\"description\":\"by Small Things\",\"potentialAction\":[{\"@type\":\"SearchAction\",\"target\":{\"@type\":\"EntryPoint\",\"urlTemplate\":\"https:\/\/smallthings.fr\/lespetitslivres\/?s={search_term_string}\"},\"query-input\":\"required name=search_term_string\"}],\"inLanguage\":\"fr-FR\"},{\"@type\":\"Person\",\"@id\":\"https:\/\/smallthings.fr\/lespetitslivres\/#\/schema\/person\/3e6389e33dfcb17850d47fa745090e73\",\"name\":\"June\",\"image\":{\"@type\":\"ImageObject\",\"inLanguage\":\"fr-FR\",\"@id\":\"https:\/\/smallthings.fr\/lespetitslivres\/#\/schema\/person\/image\/\",\"url\":\"https:\/\/secure.gravatar.com\/avatar\/b9e34137bb78059aebeb6866f6a13f5a?s=96&d=retro&r=g\",\"contentUrl\":\"https:\/\/secure.gravatar.com\/avatar\/b9e34137bb78059aebeb6866f6a13f5a?s=96&d=retro&r=g\",\"caption\":\"June\"},\"sameAs\":[\"https:\/\/twitter.com\/@dariadgille\"],\"url\":\"https:\/\/smallthings.fr\/lespetitslivres\/author\/june\/\"}]}<\/script>\n<!-- \/ Yoast SEO plugin. -->","yoast_head_json":{"title":"Interview de Nathalie Stragier, auteure de la saga P\u00e9nelope la fille du futur","description":"June a eu la chance d'interviewer Nathalie Stragier, l'auteure de Ne ramenez jamais une fille du futur chez vous et Ne retournez jamais chez une fille du","robots":{"index":"index","follow":"follow","max-snippet":"max-snippet:-1","max-image-preview":"max-image-preview:large","max-video-preview":"max-video-preview:-1"},"canonical":"https:\/\/smallthings.fr\/lespetitslivres\/2017\/03\/22\/interview-nathalie-stragier-penelope-futur\/","og_locale":"fr_FR","og_type":"article","og_title":"Interview de Nathalie Stragier, auteure de la saga P\u00e9nelope la fille du futur","og_description":"June a eu la chance d'interviewer Nathalie Stragier, l'auteure de Ne ramenez jamais une fille du futur chez vous et Ne retournez jamais chez une fille du","og_url":"https:\/\/smallthings.fr\/lespetitslivres\/2017\/03\/22\/interview-nathalie-stragier-penelope-futur\/","og_site_name":"Les Petits Livres","article_published_time":"2017-03-22T17:00:47+00:00","article_modified_time":"2017-03-22T10:23:55+00:00","og_image":[{"width":475,"height":334,"url":"https:\/\/i0.wp.com\/smallthings.fr\/lespetitslivres\/wp-content\/uploads\/2017\/03\/stragier-couv.jpeg?fit=475%2C334&ssl=1","type":"image\/jpeg"}],"author":"June","twitter_card":"summary_large_image","twitter_creator":"@dariadgille","twitter_misc":{"\u00c9crit par":"June","Dur\u00e9e de lecture estim\u00e9e":"9 minutes"},"schema":{"@context":"https:\/\/schema.org","@graph":[{"@type":"WebPage","@id":"https:\/\/smallthings.fr\/lespetitslivres\/2017\/03\/22\/interview-nathalie-stragier-penelope-futur\/","url":"https:\/\/smallthings.fr\/lespetitslivres\/2017\/03\/22\/interview-nathalie-stragier-penelope-futur\/","name":"Interview de Nathalie Stragier, auteure de la saga P\u00e9nelope la fille du futur","isPartOf":{"@id":"https:\/\/smallthings.fr\/lespetitslivres\/#website"},"datePublished":"2017-03-22T17:00:47+00:00","dateModified":"2017-03-22T10:23:55+00:00","author":{"@id":"https:\/\/smallthings.fr\/lespetitslivres\/#\/schema\/person\/3e6389e33dfcb17850d47fa745090e73"},"description":"June a eu la chance d'interviewer Nathalie Stragier, l'auteure de Ne ramenez jamais une fille du futur chez vous et Ne retournez jamais chez une fille du","breadcrumb":{"@id":"https:\/\/smallthings.fr\/lespetitslivres\/2017\/03\/22\/interview-nathalie-stragier-penelope-futur\/#breadcrumb"},"inLanguage":"fr-FR","potentialAction":[{"@type":"ReadAction","target":["https:\/\/smallthings.fr\/lespetitslivres\/2017\/03\/22\/interview-nathalie-stragier-penelope-futur\/"]}]},{"@type":"BreadcrumbList","@id":"https:\/\/smallthings.fr\/lespetitslivres\/2017\/03\/22\/interview-nathalie-stragier-penelope-futur\/#breadcrumb","itemListElement":[{"@type":"ListItem","position":1,"name":"Accueil","item":"https:\/\/smallthings.fr\/lespetitslivres\/"},{"@type":"ListItem","position":2,"name":"Interview de Nathalie Stragier, auteure de la saga P\u00e9nelope la fille du futur"}]},{"@type":"WebSite","@id":"https:\/\/smallthings.fr\/lespetitslivres\/#website","url":"https:\/\/smallthings.fr\/lespetitslivres\/","name":"Les Petits Livres","description":"by Small Things","potentialAction":[{"@type":"SearchAction","target":{"@type":"EntryPoint","urlTemplate":"https:\/\/smallthings.fr\/lespetitslivres\/?s={search_term_string}"},"query-input":"required name=search_term_string"}],"inLanguage":"fr-FR"},{"@type":"Person","@id":"https:\/\/smallthings.fr\/lespetitslivres\/#\/schema\/person\/3e6389e33dfcb17850d47fa745090e73","name":"June","image":{"@type":"ImageObject","inLanguage":"fr-FR","@id":"https:\/\/smallthings.fr\/lespetitslivres\/#\/schema\/person\/image\/","url":"https:\/\/secure.gravatar.com\/avatar\/b9e34137bb78059aebeb6866f6a13f5a?s=96&d=retro&r=g","contentUrl":"https:\/\/secure.gravatar.com\/avatar\/b9e34137bb78059aebeb6866f6a13f5a?s=96&d=retro&r=g","caption":"June"},"sameAs":["https:\/\/twitter.com\/@dariadgille"],"url":"https:\/\/smallthings.fr\/lespetitslivres\/author\/june\/"}]}},"jetpack_featured_media_url":"https:\/\/smallthings.fr\/lespetitslivres\/wp-content\/uploads\/2017\/03\/stragier-couv.jpeg","jetpack_sharing_enabled":true,"jetpack_shortlink":"https:\/\/wp.me\/p6Un21-824","jetpack-related-posts":[{"id":30171,"url":"https:\/\/smallthings.fr\/lespetitslivres\/2016\/07\/18\/ne-ramenez-jamais-fille-futur-stragier-critique\/","url_meta":{"origin":30880,"position":0},"title":"Ne ramenez jamais une fille du futur chez vous, un conseil de Nathalie Stragier","author":"June","date":"18 juillet 2016","format":false,"excerpt":"Ne ramenez jamais une fille du futur chez vous et Ne retournez jamais chez une fille du pass\u00e9 sont parus\u00a0respectivement en janvier et juin 2016 aux \u00e9ditions Syros.\u00a0Et si le futur n\u2019\u00e9tait pas tel que vous l\u2019imaginez\u00a0? Et si notre monde n\u2019\u00e9tait pas aussi moderne que vous le pensez\u00a0? Et\u2026","rel":"","context":"Dans &quot;Young Adult&quot;","block_context":{"text":"Young Adult","link":"https:\/\/smallthings.fr\/lespetitslivres\/category\/young-adult\/"},"img":{"alt_text":"","src":"https:\/\/i0.wp.com\/smallthings.fr\/lespetitslivres\/wp-content\/uploads\/2016\/07\/Ne-ramenez-jamais-une-fille-du-futur-chez-vous.jpg?resize=350%2C200","width":350,"height":200},"classes":[]},{"id":30966,"url":"https:\/\/smallthings.fr\/lespetitslivres\/2017\/04\/20\/ne-dites-jamais-jamais-stragier-avis\/","url_meta":{"origin":30880,"position":1},"title":"Ne dites jamais jamais, dernier tome des aventures de P\u00e9n\u00e9lope Filledejane","author":"June","date":"20 avril 2017","format":false,"excerpt":"Apr\u00e8s des mois d'attente f\u00e9brile, voil\u00e0 enfin venu Ne dites jamais jamais, troisi\u00e8me volet des aventures de notre fille du futur, P\u00e9n\u00e9lope Filledejane et de son amie\u00a0m\u00e9di\u00e9vale\u00a0Andr\u00e9a, sorti le 6 avril aux \u00e9ditions Syros. Souvenez-vous, au sortir du second tome, Ne retournez jamais chez une fille du pass\u00e9 (critique par\u2026","rel":"","context":"Dans &quot;Roman fran\u00e7ais&quot;","block_context":{"text":"Roman fran\u00e7ais","link":"https:\/\/smallthings.fr\/lespetitslivres\/category\/roman\/roman-francais\/"},"img":{"alt_text":"","src":"https:\/\/i0.wp.com\/smallthings.fr\/lespetitslivres\/wp-content\/uploads\/2017\/04\/ne-dites-jamais-jamais-couv.jpg?resize=350%2C200&ssl=1","width":350,"height":200,"srcset":"https:\/\/i0.wp.com\/smallthings.fr\/lespetitslivres\/wp-content\/uploads\/2017\/04\/ne-dites-jamais-jamais-couv.jpg?resize=350%2C200&ssl=1 1x, https:\/\/i0.wp.com\/smallthings.fr\/lespetitslivres\/wp-content\/uploads\/2017\/04\/ne-dites-jamais-jamais-couv.jpg?resize=525%2C300&ssl=1 1.5x"},"classes":[]},{"id":29717,"url":"https:\/\/smallthings.fr\/lespetitslivres\/2016\/03\/08\/voleur-d-estampes-critique\/","url_meta":{"origin":30880,"position":2},"title":"Le voleur d&rsquo;estampes, tome 1 : envol po\u00e9tique","author":"Rebecca","date":"8 mars 2016","format":false,"excerpt":"Le voleur d'estampes de Camille Moulin-Dupr\u00e9, est paru aux \u00e9ditions Gl\u00e9nat. Ce manga 100% fran\u00e7ais se focalise sur un art japonais ancien : les estampes et leurs myst\u00e9rieux personnages. Comme dans une \u0153uvre d'Hokusai, on glisse dans la brume des paysages, on marche sous les feuilles d'\u00e9rable, on d\u00e9guste du\u2026","rel":"","context":"Dans &quot;Manga&quot;","block_context":{"text":"Manga","link":"https:\/\/smallthings.fr\/lespetitslivres\/category\/bd-manga\/manga\/"},"img":{"alt_text":"","src":"https:\/\/i0.wp.com\/smallthings.fr\/lespetitslivres\/wp-content\/uploads\/2016\/03\/voleur-estampes-couv.jpg?resize=350%2C200&ssl=1","width":350,"height":200,"srcset":"https:\/\/i0.wp.com\/smallthings.fr\/lespetitslivres\/wp-content\/uploads\/2016\/03\/voleur-estampes-couv.jpg?resize=350%2C200&ssl=1 1x, https:\/\/i0.wp.com\/smallthings.fr\/lespetitslivres\/wp-content\/uploads\/2016\/03\/voleur-estampes-couv.jpg?resize=525%2C300&ssl=1 1.5x, https:\/\/i0.wp.com\/smallthings.fr\/lespetitslivres\/wp-content\/uploads\/2016\/03\/voleur-estampes-couv.jpg?resize=700%2C400&ssl=1 2x, https:\/\/i0.wp.com\/smallthings.fr\/lespetitslivres\/wp-content\/uploads\/2016\/03\/voleur-estampes-couv.jpg?resize=1050%2C600&ssl=1 3x, https:\/\/i0.wp.com\/smallthings.fr\/lespetitslivres\/wp-content\/uploads\/2016\/03\/voleur-estampes-couv.jpg?resize=1400%2C800&ssl=1 4x"},"classes":[]},{"id":31149,"url":"https:\/\/smallthings.fr\/lespetitslivres\/2017\/07\/19\/fievre-de-sang-sentinelles-alexandra-ivy\/","url_meta":{"origin":30880,"position":3},"title":"Fi\u00e8vre de sang : quand un assassin rencontre une proph\u00e9tesse","author":"Jennifer","date":"19 juillet 2017","format":false,"excerpt":"Fi\u00e8vre de sang est le troisi\u00e8me tome de la saga Les Sentinelles de l\u2019auteure \u00e0 succ\u00e8s Alexandra Ivy. Paru le 16 juin chez Milady, ce roman bit-lit nous fait d\u00e9couvrir de nouveaux personnages, qui devront se battre pour survivre \u00e0 ce qui les attend. Dans Fi\u00e8vre de sang, nous retrouvons\u2026","rel":"","context":"Dans &quot;Fantastique&quot;","block_context":{"text":"Fantastique","link":"https:\/\/smallthings.fr\/lespetitslivres\/category\/imaginaire\/fantastique\/"},"img":{"alt_text":"","src":"https:\/\/i0.wp.com\/smallthings.fr\/lespetitslivres\/wp-content\/uploads\/2017\/07\/Les-sentinelles-fi\u00e8vre-de-sang-alexandra-ivy-4.jpg?resize=350%2C200&ssl=1","width":350,"height":200,"srcset":"https:\/\/i0.wp.com\/smallthings.fr\/lespetitslivres\/wp-content\/uploads\/2017\/07\/Les-sentinelles-fi\u00e8vre-de-sang-alexandra-ivy-4.jpg?resize=350%2C200&ssl=1 1x, https:\/\/i0.wp.com\/smallthings.fr\/lespetitslivres\/wp-content\/uploads\/2017\/07\/Les-sentinelles-fi\u00e8vre-de-sang-alexandra-ivy-4.jpg?resize=525%2C300&ssl=1 1.5x, https:\/\/i0.wp.com\/smallthings.fr\/lespetitslivres\/wp-content\/uploads\/2017\/07\/Les-sentinelles-fi\u00e8vre-de-sang-alexandra-ivy-4.jpg?resize=700%2C400&ssl=1 2x, https:\/\/i0.wp.com\/smallthings.fr\/lespetitslivres\/wp-content\/uploads\/2017\/07\/Les-sentinelles-fi\u00e8vre-de-sang-alexandra-ivy-4.jpg?resize=1050%2C600&ssl=1 3x"},"classes":[]},{"id":31593,"url":"https:\/\/smallthings.fr\/lespetitslivres\/2018\/03\/28\/interview-nathalie-salmon-amour-liberte\/","url_meta":{"origin":30880,"position":4},"title":"Interview de Nathalie Salmon, auteure de Un amour de libert\u00e9","author":"June","date":"28 mars 2018","format":false,"excerpt":"Hate you met... Nathalie Salmon ? June nous fait le plaisir de partager avec nous cette interview de Nathalie Salmon, auteure d'Un amour de libert\u00e9, qu'elle a chroniqu\u00e9 par ici. Bonjour Nathalie Salmon, c\u2019est un plaisir et un honneur. Si vous\u00a0le voulez bien, commen\u00e7ons par vous pr\u00e9senter un peu. Quel\u2026","rel":"","context":"Dans &quot;Roman fran\u00e7ais&quot;","block_context":{"text":"Roman fran\u00e7ais","link":"https:\/\/smallthings.fr\/lespetitslivres\/category\/roman\/roman-francais\/"},"img":{"alt_text":"","src":"https:\/\/i0.wp.com\/smallthings.fr\/lespetitslivres\/wp-content\/uploads\/2018\/03\/nathalie-salmon-1.jpg?resize=350%2C200&ssl=1","width":350,"height":200,"srcset":"https:\/\/i0.wp.com\/smallthings.fr\/lespetitslivres\/wp-content\/uploads\/2018\/03\/nathalie-salmon-1.jpg?resize=350%2C200&ssl=1 1x, https:\/\/i0.wp.com\/smallthings.fr\/lespetitslivres\/wp-content\/uploads\/2018\/03\/nathalie-salmon-1.jpg?resize=525%2C300&ssl=1 1.5x, https:\/\/i0.wp.com\/smallthings.fr\/lespetitslivres\/wp-content\/uploads\/2018\/03\/nathalie-salmon-1.jpg?resize=700%2C400&ssl=1 2x, https:\/\/i0.wp.com\/smallthings.fr\/lespetitslivres\/wp-content\/uploads\/2018\/03\/nathalie-salmon-1.jpg?resize=1050%2C600&ssl=1 3x, https:\/\/i0.wp.com\/smallthings.fr\/lespetitslivres\/wp-content\/uploads\/2018\/03\/nathalie-salmon-1.jpg?resize=1400%2C800&ssl=1 4x"},"classes":[]},{"id":11900,"url":"https:\/\/smallthings.fr\/lespetitslivres\/2014\/03\/10\/david-foenkinos-la-tete-de-lemploi\/","url_meta":{"origin":30880,"position":5},"title":"David Foenkinos &#8211; La t\u00eate de l&#8217;emploi","author":"Claire","date":"10 mars 2014","format":false,"excerpt":"On ne pr\u00e9sente plus David Foenkinos : de La d\u00e9licatesse (adapt\u00e9 au cin\u00e9ma en 2011 avec Audrey Tautou) aux Souvenirs, en passant par Je vais mieux... il est laur\u00e9at de plusieurs prix litt\u00e9raires et ses romans remportent de plus en plus de succ\u00e8s aupr\u00e8s du public. C'est \u00e0 parier que\u2026","rel":"","context":"Dans &quot;Roman fran\u00e7ais&quot;","block_context":{"text":"Roman fran\u00e7ais","link":"https:\/\/smallthings.fr\/lespetitslivres\/category\/roman\/roman-francais\/"},"img":{"alt_text":"","src":"https:\/\/i0.wp.com\/smallthings.fr\/wp-content\/uploads\/2014\/03\/foenkinos-tete-de-lemploi.gif?resize=350%2C200","width":350,"height":200},"classes":[]}],"_links":{"self":[{"href":"https:\/\/smallthings.fr\/lespetitslivres\/wp-json\/wp\/v2\/posts\/30880"}],"collection":[{"href":"https:\/\/smallthings.fr\/lespetitslivres\/wp-json\/wp\/v2\/posts"}],"about":[{"href":"https:\/\/smallthings.fr\/lespetitslivres\/wp-json\/wp\/v2\/types\/post"}],"author":[{"embeddable":true,"href":"https:\/\/smallthings.fr\/lespetitslivres\/wp-json\/wp\/v2\/users\/15"}],"replies":[{"embeddable":true,"href":"https:\/\/smallthings.fr\/lespetitslivres\/wp-json\/wp\/v2\/comments?post=30880"}],"version-history":[{"count":1,"href":"https:\/\/smallthings.fr\/lespetitslivres\/wp-json\/wp\/v2\/posts\/30880\/revisions"}],"predecessor-version":[{"id":30884,"href":"https:\/\/smallthings.fr\/lespetitslivres\/wp-json\/wp\/v2\/posts\/30880\/revisions\/30884"}],"wp:featuredmedia":[{"embeddable":true,"href":"https:\/\/smallthings.fr\/lespetitslivres\/wp-json\/wp\/v2\/media\/30883"}],"wp:attachment":[{"href":"https:\/\/smallthings.fr\/lespetitslivres\/wp-json\/wp\/v2\/media?parent=30880"}],"wp:term":[{"taxonomy":"category","embeddable":true,"href":"https:\/\/smallthings.fr\/lespetitslivres\/wp-json\/wp\/v2\/categories?post=30880"},{"taxonomy":"post_tag","embeddable":true,"href":"https:\/\/smallthings.fr\/lespetitslivres\/wp-json\/wp\/v2\/tags?post=30880"}],"curies":[{"name":"wp","href":"https:\/\/api.w.org\/{rel}","templated":true}]}}