{"id":30873,"date":"2017-03-24T14:10:59","date_gmt":"2017-03-24T13:10:59","guid":{"rendered":"http:\/\/smallthings.fr\/lespetitslivres\/?p=30873"},"modified":"2017-03-24T14:08:51","modified_gmt":"2017-03-24T13:08:51","slug":"belleza-derniere-nymphe-marjorie-burbaud","status":"publish","type":"post","link":"https:\/\/smallthings.fr\/lespetitslivres\/2017\/03\/24\/belleza-derniere-nymphe-marjorie-burbaud\/","title":{"rendered":"Belleza : Marjorie Burbaud revisite l&rsquo;histoire des vampires"},"content":{"rendered":"<h3><em>Belleza <\/em>est le premier tome de la saga <em>La derni\u00e8re nymphe<\/em> de Majorie Burbaud. Sorti le 10 f\u00e9vrier chez <a href=\"http:\/\/www.rebelleediti.odns.fr\/produit\/la-derniere-nymphe-1-bellezza\/\" target=\"_blank\">Rebelle Editions<\/a>, ce premier volet a le m\u00e9rite de sortir des sentiers battus\u00a0! Nous faisons\u00a0la rencontre d\u2019Enza Vergara, la derni\u00e8re nymphe de New York, traqu\u00e9e par les vampires qui veulent exterminer ces cr\u00e9atures qui se nourrissent des buveurs de sang. Lorsque le meilleur chasseur de l\u2019Assembl\u00e9e d\u00e9couvre la v\u00e9ritable identit\u00e9 d\u2019Enza, sa vie ne tient plus qu\u2019\u00e0 un fil\u2026<\/h3>\n<p><em>Belleza<\/em>\u00a0aura mis un peu de temps avant de m\u2019int\u00e9resser vraiment. Le d\u00e9but, peut-\u00eatre un peu long \u00e0 se mettre en place, ne m\u2019avait pas convaincu. Pourtant, \u00e0 un moment donn\u00e9, il m\u2019a \u00e9t\u00e9 impossible de l\u00e2cher le livre\u00a0! <strong>L\u2019histoire est devenue captivante, l\u2019h\u00e9ro\u00efne m\u2019a touch\u00e9e et le chasseur vampire ne m\u2019a pas laiss\u00e9e indiff\u00e9rente. <\/strong><\/p>\n<p><img loading=\"lazy\" decoding=\"async\" data-attachment-id=\"30874\" data-permalink=\"https:\/\/smallthings.fr\/lespetitslivres\/2017\/03\/24\/belleza-derniere-nymphe-marjorie-burbaud\/la-derniere-nymphe-belezza-marjorie-burbaud\/\" data-orig-file=\"https:\/\/smallthings.fr\/lespetitslivres\/wp-content\/uploads\/2017\/03\/La-derni\u00e8re-Nymphe-Belezza-marjorie-burbaud.jpg\" data-orig-size=\"600,840\" data-comments-opened=\"1\" data-image-meta=\"{&quot;aperture&quot;:&quot;0&quot;,&quot;credit&quot;:&quot;&quot;,&quot;camera&quot;:&quot;&quot;,&quot;caption&quot;:&quot;&quot;,&quot;created_timestamp&quot;:&quot;0&quot;,&quot;copyright&quot;:&quot;&quot;,&quot;focal_length&quot;:&quot;0&quot;,&quot;iso&quot;:&quot;0&quot;,&quot;shutter_speed&quot;:&quot;0&quot;,&quot;title&quot;:&quot;&quot;,&quot;orientation&quot;:&quot;0&quot;}\" data-image-title=\"La derni\u00e8re Nymphe Belezza marjorie burbaud\" data-image-description=\"\" data-image-caption=\"\" data-medium-file=\"https:\/\/smallthings.fr\/lespetitslivres\/wp-content\/uploads\/2017\/03\/La-derni\u00e8re-Nymphe-Belezza-marjorie-burbaud-214x300.jpg\" data-large-file=\"https:\/\/smallthings.fr\/lespetitslivres\/wp-content\/uploads\/2017\/03\/La-derni\u00e8re-Nymphe-Belezza-marjorie-burbaud.jpg\" class=\"alignright wp-image-30874\" src=\"http:\/\/smallthings.fr\/lespetitslivres\/wp-content\/uploads\/2017\/03\/La-derni\u00e8re-Nymphe-Belezza-marjorie-burbaud.jpg\" alt=\"\" width=\"304\" height=\"426\" srcset=\"https:\/\/smallthings.fr\/lespetitslivres\/wp-content\/uploads\/2017\/03\/La-derni\u00e8re-Nymphe-Belezza-marjorie-burbaud.jpg 600w, https:\/\/smallthings.fr\/lespetitslivres\/wp-content\/uploads\/2017\/03\/La-derni\u00e8re-Nymphe-Belezza-marjorie-burbaud-214x300.jpg 214w\" sizes=\"(max-width: 304px) 100vw, 304px\" \/>Oui, les vampires seront l\u00e9gions chez <em>La derni\u00e8re nymphe<\/em>. Pourtant, Marjorie Burbaud nous offre une toute nouvelle version, pas trop \u00e9loign\u00e9e de la plus populaire mais n\u00e9anmoins totalement originale. <strong>En ajoutant des nymphes et en r\u00e9\u00e9crivant leur histoire, l\u2019auteure r\u00e9ussit \u00e0 nous attirer dans son univers pour ne plus nous l\u00e2cher.<\/strong> Son h\u00e9ro\u00efne, traqu\u00e9e par le meilleur chasseur, ne va pas se laisser faire. Elle va se montrer forte et prouvera que son stage au sein d\u2019un cabinet de psychologue n\u2019aura pas servi \u00e0 rien. Enza Vergara a appris \u00e0 se cacher depuis sa plus tendre enfance, toujours traqu\u00e9e, jamais tranquille, elle va devoir retourner le cerveau de ses poursuivants pour survivre. Et si ce n\u2019est pas suffisant, elle utilisera la mani\u00e8re forte\u00a0!<\/p>\n<p><strong><em>Belleza<\/em>\u00a0est une belle d\u00e9couverte.<\/strong> En commen\u00e7ant le livre j\u2019ai eu peur de m\u2019ennuyer mais c\u2019est qu\u2019il fallait laisser le temps \u00e0 Marjorie Burbaud de mettre en place son histoire. L\u2019intrigue est bien ficel\u00e9e, les personnages sont bien cr\u00e9\u00e9s et arrivent \u00e0 nous surprendre, l\u2019action est au rendez-vous et le final nous laisse dans le suspense. <strong>Mensonges, trahisons, coups bas, tout est permis dans <em>Belleza<\/em>\u00a0! Un premier tome convaincant d&rsquo;une jeune auteure \u00e0 suivre.<\/strong><\/p>\n<p><strong>Extrait\u00a0: <\/strong><\/p>\n<p><em>\u00ab\u00a0Eidon Callaghan avait le physique d\u2019un dieu grec, mais exer\u00e7ait le m\u00e9tier du diable en personne. Il \u00e9tait le meilleur ex\u00e9cuteur du continent. Je connaissais chaque trait de son visage, chaque ombre, chaque relief de son corps. J\u2019aurai pu le dessiner les yeux ferm\u00e9s. Je le d\u00e9testais plus que quiconque, mais il exer\u00e7ait sur moi une fascination morbide. Chaque fois que son nom me parvenait ou que son visage apparaissait \u00e0 la t\u00e9l\u00e9vision ou dans les journaux, j\u2019\u00e9tais oblig\u00e9e de lui pr\u00eater attention. Il \u00e9tait tout ce que je redoutais le plus au monde.\u00a0\u00bb<\/em><\/p>\n","protected":false},"excerpt":{"rendered":"<p>Belleza est le premier tome de la saga La derni\u00e8re nymphe de Majorie Burbaud. Sorti le 10 f\u00e9vrier chez Rebelle Editions, ce premier volet a le m\u00e9rite de sortir des sentiers battus\u00a0! Nous faisons\u00a0la rencontre d\u2019Enza Vergara, la derni\u00e8re nymphe de New York, traqu\u00e9e par les vampires qui veulent exterminer ces cr\u00e9atures qui se nourrissent<\/p>\n","protected":false},"author":14,"featured_media":30877,"comment_status":"open","ping_status":"open","sticky":false,"template":"","format":"standard","meta":{"jetpack_post_was_ever_published":false,"_jetpack_newsletter_access":"","_jetpack_newsletter_tier_id":0,"footnotes":"","jetpack_publicize_message":"","jetpack_is_tweetstorm":false,"jetpack_publicize_feature_enabled":true,"jetpack_social_post_already_shared":true,"jetpack_social_options":{"image_generator_settings":{"template":"highway","enabled":false}}},"categories":[1107],"tags":[1710,1711,1712,1561,1630,1713],"jetpack_publicize_connections":[],"yoast_head":"<!-- This site is optimized with the Yoast SEO plugin v21.5 - https:\/\/yoast.com\/wordpress\/plugins\/seo\/ -->\n<title>Belleza : Marjorie Burbaud revisite l&#039;histoire des vampires<\/title>\n<meta name=\"description\" content=\"Belleza est le premier tome de la saga La derni\u00e8re nymphe de Majorie Burbaud. Sorti le 10 f\u00e9vrier chez Rebelle Editions, ce premier volet a le m\u00e9rite de\" \/>\n<meta name=\"robots\" content=\"index, follow, max-snippet:-1, max-image-preview:large, max-video-preview:-1\" \/>\n<link rel=\"canonical\" href=\"http:\/\/smallthings.fr\/lespetitslivres\/2017\/03\/24\/belleza-derniere-nymphe-marjorie-burbaud\/\" \/>\n<meta property=\"og:locale\" content=\"fr_FR\" \/>\n<meta property=\"og:type\" content=\"article\" \/>\n<meta property=\"og:title\" content=\"Belleza : Marjorie Burbaud revisite l&#039;histoire des vampires\" \/>\n<meta property=\"og:description\" content=\"Belleza est le premier tome de la saga La derni\u00e8re nymphe de Majorie Burbaud. Sorti le 10 f\u00e9vrier chez Rebelle Editions, ce premier volet a le m\u00e9rite de\" \/>\n<meta property=\"og:url\" content=\"http:\/\/smallthings.fr\/lespetitslivres\/2017\/03\/24\/belleza-derniere-nymphe-marjorie-burbaud\/\" \/>\n<meta property=\"og:site_name\" content=\"Les Petits Livres\" \/>\n<meta property=\"article:published_time\" content=\"2017-03-24T13:10:59+00:00\" \/>\n<meta property=\"article:modified_time\" content=\"2017-03-24T13:08:51+00:00\" \/>\n<meta property=\"og:image\" content=\"https:\/\/i0.wp.com\/smallthings.fr\/lespetitslivres\/wp-content\/uploads\/2017\/03\/La-derni\u00e8re-Nymphe-Belezza-marjorie-burbaud-3.jpg?fit=598%2C307\" \/>\n\t<meta property=\"og:image:width\" content=\"598\" \/>\n\t<meta property=\"og:image:height\" content=\"307\" \/>\n\t<meta property=\"og:image:type\" content=\"image\/jpeg\" \/>\n<meta name=\"author\" content=\"Jennifer\" \/>\n<meta name=\"twitter:card\" content=\"summary_large_image\" \/>\n<meta name=\"twitter:label1\" content=\"\u00c9crit par\" \/>\n\t<meta name=\"twitter:data1\" content=\"Jennifer\" \/>\n\t<meta name=\"twitter:label2\" content=\"Dur\u00e9e de lecture estim\u00e9e\" \/>\n\t<meta name=\"twitter:data2\" content=\"2 minutes\" \/>\n<script type=\"application\/ld+json\" class=\"yoast-schema-graph\">{\"@context\":\"https:\/\/schema.org\",\"@graph\":[{\"@type\":\"WebPage\",\"@id\":\"http:\/\/smallthings.fr\/lespetitslivres\/2017\/03\/24\/belleza-derniere-nymphe-marjorie-burbaud\/\",\"url\":\"http:\/\/smallthings.fr\/lespetitslivres\/2017\/03\/24\/belleza-derniere-nymphe-marjorie-burbaud\/\",\"name\":\"Belleza : Marjorie Burbaud revisite l'histoire des vampires\",\"isPartOf\":{\"@id\":\"https:\/\/smallthings.fr\/lespetitslivres\/#website\"},\"datePublished\":\"2017-03-24T13:10:59+00:00\",\"dateModified\":\"2017-03-24T13:08:51+00:00\",\"author\":{\"@id\":\"https:\/\/smallthings.fr\/lespetitslivres\/#\/schema\/person\/bb8808220f912e72f01f7a55924d9ad1\"},\"description\":\"Belleza est le premier tome de la saga La derni\u00e8re nymphe de Majorie Burbaud. Sorti le 10 f\u00e9vrier chez Rebelle Editions, ce premier volet a le m\u00e9rite de\",\"breadcrumb\":{\"@id\":\"http:\/\/smallthings.fr\/lespetitslivres\/2017\/03\/24\/belleza-derniere-nymphe-marjorie-burbaud\/#breadcrumb\"},\"inLanguage\":\"fr-FR\",\"potentialAction\":[{\"@type\":\"ReadAction\",\"target\":[\"http:\/\/smallthings.fr\/lespetitslivres\/2017\/03\/24\/belleza-derniere-nymphe-marjorie-burbaud\/\"]}]},{\"@type\":\"BreadcrumbList\",\"@id\":\"http:\/\/smallthings.fr\/lespetitslivres\/2017\/03\/24\/belleza-derniere-nymphe-marjorie-burbaud\/#breadcrumb\",\"itemListElement\":[{\"@type\":\"ListItem\",\"position\":1,\"name\":\"Accueil\",\"item\":\"https:\/\/smallthings.fr\/lespetitslivres\/\"},{\"@type\":\"ListItem\",\"position\":2,\"name\":\"Belleza : Marjorie Burbaud revisite l&rsquo;histoire des vampires\"}]},{\"@type\":\"WebSite\",\"@id\":\"https:\/\/smallthings.fr\/lespetitslivres\/#website\",\"url\":\"https:\/\/smallthings.fr\/lespetitslivres\/\",\"name\":\"Les Petits Livres\",\"description\":\"by Small Things\",\"potentialAction\":[{\"@type\":\"SearchAction\",\"target\":{\"@type\":\"EntryPoint\",\"urlTemplate\":\"https:\/\/smallthings.fr\/lespetitslivres\/?s={search_term_string}\"},\"query-input\":\"required name=search_term_string\"}],\"inLanguage\":\"fr-FR\"},{\"@type\":\"Person\",\"@id\":\"https:\/\/smallthings.fr\/lespetitslivres\/#\/schema\/person\/bb8808220f912e72f01f7a55924d9ad1\",\"name\":\"Jennifer\",\"image\":{\"@type\":\"ImageObject\",\"inLanguage\":\"fr-FR\",\"@id\":\"https:\/\/smallthings.fr\/lespetitslivres\/#\/schema\/person\/image\/\",\"url\":\"https:\/\/secure.gravatar.com\/avatar\/ffcd6b107b6b18c3d5201f1bcc631683?s=96&d=retro&r=g\",\"contentUrl\":\"https:\/\/secure.gravatar.com\/avatar\/ffcd6b107b6b18c3d5201f1bcc631683?s=96&d=retro&r=g\",\"caption\":\"Jennifer\"},\"url\":\"https:\/\/smallthings.fr\/lespetitslivres\/author\/jennifer\/\"}]}<\/script>\n<!-- \/ Yoast SEO plugin. -->","yoast_head_json":{"title":"Belleza : Marjorie Burbaud revisite l'histoire des vampires","description":"Belleza est le premier tome de la saga La derni\u00e8re nymphe de Majorie Burbaud. Sorti le 10 f\u00e9vrier chez Rebelle Editions, ce premier volet a le m\u00e9rite de","robots":{"index":"index","follow":"follow","max-snippet":"max-snippet:-1","max-image-preview":"max-image-preview:large","max-video-preview":"max-video-preview:-1"},"canonical":"http:\/\/smallthings.fr\/lespetitslivres\/2017\/03\/24\/belleza-derniere-nymphe-marjorie-burbaud\/","og_locale":"fr_FR","og_type":"article","og_title":"Belleza : Marjorie Burbaud revisite l'histoire des vampires","og_description":"Belleza est le premier tome de la saga La derni\u00e8re nymphe de Majorie Burbaud. Sorti le 10 f\u00e9vrier chez Rebelle Editions, ce premier volet a le m\u00e9rite de","og_url":"http:\/\/smallthings.fr\/lespetitslivres\/2017\/03\/24\/belleza-derniere-nymphe-marjorie-burbaud\/","og_site_name":"Les Petits Livres","article_published_time":"2017-03-24T13:10:59+00:00","article_modified_time":"2017-03-24T13:08:51+00:00","og_image":[{"width":598,"height":307,"url":"https:\/\/i0.wp.com\/smallthings.fr\/lespetitslivres\/wp-content\/uploads\/2017\/03\/La-derni\u00e8re-Nymphe-Belezza-marjorie-burbaud-3.jpg?fit=598%2C307","type":"image\/jpeg"}],"author":"Jennifer","twitter_card":"summary_large_image","twitter_misc":{"\u00c9crit par":"Jennifer","Dur\u00e9e de lecture estim\u00e9e":"2 minutes"},"schema":{"@context":"https:\/\/schema.org","@graph":[{"@type":"WebPage","@id":"http:\/\/smallthings.fr\/lespetitslivres\/2017\/03\/24\/belleza-derniere-nymphe-marjorie-burbaud\/","url":"http:\/\/smallthings.fr\/lespetitslivres\/2017\/03\/24\/belleza-derniere-nymphe-marjorie-burbaud\/","name":"Belleza : Marjorie Burbaud revisite l'histoire des vampires","isPartOf":{"@id":"https:\/\/smallthings.fr\/lespetitslivres\/#website"},"datePublished":"2017-03-24T13:10:59+00:00","dateModified":"2017-03-24T13:08:51+00:00","author":{"@id":"https:\/\/smallthings.fr\/lespetitslivres\/#\/schema\/person\/bb8808220f912e72f01f7a55924d9ad1"},"description":"Belleza est le premier tome de la saga La derni\u00e8re nymphe de Majorie Burbaud. Sorti le 10 f\u00e9vrier chez Rebelle Editions, ce premier volet a le m\u00e9rite de","breadcrumb":{"@id":"http:\/\/smallthings.fr\/lespetitslivres\/2017\/03\/24\/belleza-derniere-nymphe-marjorie-burbaud\/#breadcrumb"},"inLanguage":"fr-FR","potentialAction":[{"@type":"ReadAction","target":["http:\/\/smallthings.fr\/lespetitslivres\/2017\/03\/24\/belleza-derniere-nymphe-marjorie-burbaud\/"]}]},{"@type":"BreadcrumbList","@id":"http:\/\/smallthings.fr\/lespetitslivres\/2017\/03\/24\/belleza-derniere-nymphe-marjorie-burbaud\/#breadcrumb","itemListElement":[{"@type":"ListItem","position":1,"name":"Accueil","item":"https:\/\/smallthings.fr\/lespetitslivres\/"},{"@type":"ListItem","position":2,"name":"Belleza : Marjorie Burbaud revisite l&rsquo;histoire des vampires"}]},{"@type":"WebSite","@id":"https:\/\/smallthings.fr\/lespetitslivres\/#website","url":"https:\/\/smallthings.fr\/lespetitslivres\/","name":"Les Petits Livres","description":"by Small Things","potentialAction":[{"@type":"SearchAction","target":{"@type":"EntryPoint","urlTemplate":"https:\/\/smallthings.fr\/lespetitslivres\/?s={search_term_string}"},"query-input":"required name=search_term_string"}],"inLanguage":"fr-FR"},{"@type":"Person","@id":"https:\/\/smallthings.fr\/lespetitslivres\/#\/schema\/person\/bb8808220f912e72f01f7a55924d9ad1","name":"Jennifer","image":{"@type":"ImageObject","inLanguage":"fr-FR","@id":"https:\/\/smallthings.fr\/lespetitslivres\/#\/schema\/person\/image\/","url":"https:\/\/secure.gravatar.com\/avatar\/ffcd6b107b6b18c3d5201f1bcc631683?s=96&d=retro&r=g","contentUrl":"https:\/\/secure.gravatar.com\/avatar\/ffcd6b107b6b18c3d5201f1bcc631683?s=96&d=retro&r=g","caption":"Jennifer"},"url":"https:\/\/smallthings.fr\/lespetitslivres\/author\/jennifer\/"}]}},"jetpack_featured_media_url":"https:\/\/smallthings.fr\/lespetitslivres\/wp-content\/uploads\/2017\/03\/La-derni\u00e8re-Nymphe-Belezza-marjorie-burbaud-3.jpg","jetpack_sharing_enabled":true,"jetpack_shortlink":"https:\/\/wp.me\/p6Un21-81X","jetpack-related-posts":[{"id":32156,"url":"https:\/\/smallthings.fr\/lespetitslivres\/2020\/08\/31\/anges-dapocalypse-frisson-des-aurores\/","url_meta":{"origin":30873,"position":0},"title":"Le frisson des aurores, suite de la saga Anges d&rsquo;apocalypse","author":"Jennifer","date":"31 ao\u00fbt 2020","format":false,"excerpt":"Sorti chez Rebelle Editions, Le frisson des aurores est le second tome de la saga Anges d\u2019apocalypse de St\u00e9phane Soutoul. Une histoire int\u00e9ressante avec des personnages extr\u00eamement bien cr\u00e9\u00e9s. Dans le premier tome, Le tourment des aurores\u00a0(chronique ici), nous d\u00e9couvrions les quatre cavali\u00e8res de l\u2019apocalypse, et plus particuli\u00e8rement Famine. \u00c0\u2026","rel":"","context":"Dans &quot;Fantastique&quot;","block_context":{"text":"Fantastique","link":"https:\/\/smallthings.fr\/lespetitslivres\/category\/imaginaire\/fantastique\/"},"img":{"alt_text":"","src":"https:\/\/i0.wp.com\/smallthings.fr\/lespetitslivres\/wp-content\/uploads\/2020\/08\/people-3055824_1280.jpg?resize=350%2C200&ssl=1","width":350,"height":200,"srcset":"https:\/\/i0.wp.com\/smallthings.fr\/lespetitslivres\/wp-content\/uploads\/2020\/08\/people-3055824_1280.jpg?resize=350%2C200&ssl=1 1x, https:\/\/i0.wp.com\/smallthings.fr\/lespetitslivres\/wp-content\/uploads\/2020\/08\/people-3055824_1280.jpg?resize=525%2C300&ssl=1 1.5x, https:\/\/i0.wp.com\/smallthings.fr\/lespetitslivres\/wp-content\/uploads\/2020\/08\/people-3055824_1280.jpg?resize=700%2C400&ssl=1 2x, https:\/\/i0.wp.com\/smallthings.fr\/lespetitslivres\/wp-content\/uploads\/2020\/08\/people-3055824_1280.jpg?resize=1050%2C600&ssl=1 3x"},"classes":[]},{"id":30428,"url":"https:\/\/smallthings.fr\/lespetitslivres\/2016\/10\/31\/seismes-valerie-simon-dracula\/","url_meta":{"origin":30873,"position":1},"title":"S\u00e9ismes : Dracula est-il toujours en Roumanie ?","author":"Jennifer","date":"31 octobre 2016","format":false,"excerpt":"S\u00e9ismes est un roman de Val\u00e9rie Simon, paru chez Rebelle \u00e9ditions en septembre dernier. Il raconte l\u2019histoire de Gabrielle, une jeune journaliste qui, aussit\u00f4t arriv\u00e9e \u00e0 Bucarest, est prise dans un violent s\u00e9isme. Au c\u0153ur de la capitale d\u00e9vast\u00e9e, elle va rencontrer une petite fille qui va chambouler sa vie.\u2026","rel":"","context":"Dans &quot;Fantastique&quot;","block_context":{"text":"Fantastique","link":"https:\/\/smallthings.fr\/lespetitslivres\/category\/imaginaire\/fantastique\/"},"img":{"alt_text":"","src":"https:\/\/i0.wp.com\/smallthings.fr\/lespetitslivres\/wp-content\/uploads\/2016\/10\/seismes-couv.jpg?resize=350%2C200&ssl=1","width":350,"height":200,"srcset":"https:\/\/i0.wp.com\/smallthings.fr\/lespetitslivres\/wp-content\/uploads\/2016\/10\/seismes-couv.jpg?resize=350%2C200&ssl=1 1x, https:\/\/i0.wp.com\/smallthings.fr\/lespetitslivres\/wp-content\/uploads\/2016\/10\/seismes-couv.jpg?resize=525%2C300&ssl=1 1.5x"},"classes":[]},{"id":31856,"url":"https:\/\/smallthings.fr\/lespetitslivres\/2018\/12\/17\/lys-striker-urban-fantasy-stephane-soutoul\/","url_meta":{"origin":30873,"position":2},"title":"Lys Striker, nouvelle saga d\u2019urban-fantasy de St\u00e9phane Soutoul","author":"Jennifer","date":"17 d\u00e9cembre 2018","format":false,"excerpt":"Pi\u00e9g\u00e9e par le pass\u00e9 est le premier tome de la nouvelle saga prometteuse de St\u00e9phane Soutoul. Sorti le 09 octobre chez Rebelle \u00e9ditions, Lys Striker est un roman d\u2019urban-fantasy qui nous tient en haleine gr\u00e2ce \u00e0 des personnages hauts en couleur et au suspense toujours pr\u00e9sent. St\u00e9phane Soutoul revient \u00e0\u2026","rel":"","context":"Dans &quot;Fantastique&quot;","block_context":{"text":"Fantastique","link":"https:\/\/smallthings.fr\/lespetitslivres\/category\/imaginaire\/fantastique\/"},"img":{"alt_text":"","src":"https:\/\/i0.wp.com\/smallthings.fr\/lespetitslivres\/wp-content\/uploads\/2018\/11\/lys-striker-2.jpg?resize=350%2C200&ssl=1","width":350,"height":200,"srcset":"https:\/\/i0.wp.com\/smallthings.fr\/lespetitslivres\/wp-content\/uploads\/2018\/11\/lys-striker-2.jpg?resize=350%2C200&ssl=1 1x, https:\/\/i0.wp.com\/smallthings.fr\/lespetitslivres\/wp-content\/uploads\/2018\/11\/lys-striker-2.jpg?resize=525%2C300&ssl=1 1.5x"},"classes":[]},{"id":21941,"url":"https:\/\/smallthings.fr\/lespetitslivres\/2015\/03\/27\/aliette-renoir-format-poche-j-ai-lu-avis\/","url_meta":{"origin":30873,"position":3},"title":"Les aventures d&rsquo;Aliette Renoir en format poche chez J&rsquo;ai Lu","author":"Jennifer","date":"27 mars 2015","format":false,"excerpt":"Les aventures d'Aliette Renoir sortent en poche aux \u00e9ditions J'ai Lu. Le premier tome de la s\u00e9rie, La Secte d\u2019Abaddon, est paru le 11 f\u00e9vrier dernier. C\u00e9cilia Correia nous raconte avec beaucoup d\u2019humour l\u2019histoire d\u2019une chasseuse de vampire qui, apr\u00e8s un mauvais accident, va se retrouver dans la peau de\u2026","rel":"","context":"Dans &quot;Fantastique&quot;","block_context":{"text":"Fantastique","link":"https:\/\/smallthings.fr\/lespetitslivres\/category\/imaginaire\/fantastique\/"},"img":{"alt_text":"","src":"https:\/\/i0.wp.com\/smallthings.fr\/wp-content\/uploads\/2015\/03\/aliette-renoir-rebelle-521x800.jpg?resize=350%2C200","width":350,"height":200},"classes":[]},{"id":18892,"url":"https:\/\/smallthings.fr\/lespetitslivres\/2014\/11\/26\/si-proche-de-lui-stephane-soutoul\/","url_meta":{"origin":30873,"position":4},"title":"Si proche de lui, une r\u00e9ussite de St\u00e9phane Soutoul","author":"Jennifer","date":"26 novembre 2014","format":false,"excerpt":"Si proche de lui est un roman de young-adult \u00e9crit par St\u00e9phane Soutoul et sorti en octobre aux \u00e9ditions Rebelle. Dans la ville de Salem, les sorci\u00e8res existent toujours. Sonia Moonstar apprend la magie depuis toute petite mais quand, en une journ\u00e9e, toutes les gal\u00e8res s\u2019encha\u00eenent et qu\u2019en rentrant chez\u2026","rel":"","context":"Dans &quot;Roman fran\u00e7ais&quot;","block_context":{"text":"Roman fran\u00e7ais","link":"https:\/\/smallthings.fr\/lespetitslivres\/category\/roman\/roman-francais\/"},"img":{"alt_text":"","src":"https:\/\/i0.wp.com\/smallthings.fr\/wp-content\/uploads\/2014\/11\/si-proche-de-lui-soutoul.jpg?resize=350%2C200","width":350,"height":200},"classes":[]},{"id":29830,"url":"https:\/\/smallthings.fr\/lespetitslivres\/2016\/04\/07\/renaissance-saga-anticipation-leteffait\/","url_meta":{"origin":30873,"position":5},"title":"Renaissance, la saga d&rsquo;anticipation de Denis Lereffait","author":"Jennifer","date":"7 avril 2016","format":false,"excerpt":"Soup\u00e7on est le premier tome de la s\u00e9rie Renaissance de Denis Lereffait. Sorti le 17 mars dernier aux \u00e9ditions Rebelle, ce roman nous entra\u00eene dans un futur o\u00f9 les jeunes de 10 \u00e0 18 ans vivent sans adultes et passent leur temps \u00e0 jouer. Lorsqu\u2019ils atteignent leur majorit\u00e9, ils doivent\u2026","rel":"","context":"Dans &quot;Young Adult&quot;","block_context":{"text":"Young Adult","link":"https:\/\/smallthings.fr\/lespetitslivres\/category\/young-adult\/"},"img":{"alt_text":"","src":"https:\/\/i0.wp.com\/smallthings.fr\/lespetitslivres\/wp-content\/uploads\/2016\/04\/renaissance-couv.jpg?resize=350%2C200&ssl=1","width":350,"height":200,"srcset":"https:\/\/i0.wp.com\/smallthings.fr\/lespetitslivres\/wp-content\/uploads\/2016\/04\/renaissance-couv.jpg?resize=350%2C200&ssl=1 1x, https:\/\/i0.wp.com\/smallthings.fr\/lespetitslivres\/wp-content\/uploads\/2016\/04\/renaissance-couv.jpg?resize=525%2C300&ssl=1 1.5x"},"classes":[]}],"_links":{"self":[{"href":"https:\/\/smallthings.fr\/lespetitslivres\/wp-json\/wp\/v2\/posts\/30873"}],"collection":[{"href":"https:\/\/smallthings.fr\/lespetitslivres\/wp-json\/wp\/v2\/posts"}],"about":[{"href":"https:\/\/smallthings.fr\/lespetitslivres\/wp-json\/wp\/v2\/types\/post"}],"author":[{"embeddable":true,"href":"https:\/\/smallthings.fr\/lespetitslivres\/wp-json\/wp\/v2\/users\/14"}],"replies":[{"embeddable":true,"href":"https:\/\/smallthings.fr\/lespetitslivres\/wp-json\/wp\/v2\/comments?post=30873"}],"version-history":[{"count":4,"href":"https:\/\/smallthings.fr\/lespetitslivres\/wp-json\/wp\/v2\/posts\/30873\/revisions"}],"predecessor-version":[{"id":30895,"href":"https:\/\/smallthings.fr\/lespetitslivres\/wp-json\/wp\/v2\/posts\/30873\/revisions\/30895"}],"wp:featuredmedia":[{"embeddable":true,"href":"https:\/\/smallthings.fr\/lespetitslivres\/wp-json\/wp\/v2\/media\/30877"}],"wp:attachment":[{"href":"https:\/\/smallthings.fr\/lespetitslivres\/wp-json\/wp\/v2\/media?parent=30873"}],"wp:term":[{"taxonomy":"category","embeddable":true,"href":"https:\/\/smallthings.fr\/lespetitslivres\/wp-json\/wp\/v2\/categories?post=30873"},{"taxonomy":"post_tag","embeddable":true,"href":"https:\/\/smallthings.fr\/lespetitslivres\/wp-json\/wp\/v2\/tags?post=30873"}],"curies":[{"name":"wp","href":"https:\/\/api.w.org\/{rel}","templated":true}]}}