{"id":30856,"date":"2017-03-09T13:30:39","date_gmt":"2017-03-09T12:30:39","guid":{"rendered":"http:\/\/smallthings.fr\/lespetitslivres\/?p=30856"},"modified":"2017-03-08T13:49:59","modified_gmt":"2017-03-08T12:49:59","slug":"sous-meme-toit-jojo-moyes","status":"publish","type":"post","link":"https:\/\/smallthings.fr\/lespetitslivres\/2017\/03\/09\/sous-meme-toit-jojo-moyes\/","title":{"rendered":"Sous le m\u00eame toit, le nouveau roman de Jojo Moyes"},"content":{"rendered":"<h2><em>Sous le m\u00eame toit <\/em>est le dernier roman de l\u2019auteure \u00e0 succ\u00e8s Jojo Moyes. Sorti le 17 f\u00e9vrier dernier aux\u00a0<a href=\"http:\/\/milady.fr\/\" target=\"_blank\">\u00e9ditions Milady<\/a>, <em>Sous le m\u00eame toit<\/em> est un livre un peu moins envo\u00fbtant que les deux pr\u00e9c\u00e9dents. Il raconte l\u2019histoire d\u2019Isabel, une violoniste qui a toujours fait passer sa passion avant sa famille mais qui, apr\u00e8s le d\u00e9c\u00e8s de son mari, d\u00e9couvre la montagne de dette que celui-ci lui a laiss\u00e9e. Sa seule solution est d\u2019abandonner son r\u00eave et de partir vivre dans la maison l\u00e9gu\u00e9e par un grand-oncle qu\u2019elle n\u2019a pratiquement pas connu.<\/h2>\n<p>Dans<em> Sous le m\u00eame toit<\/em>,\u00a0les \u00e9motions sont\u00a0bien au rendez-vous mais avec une intensit\u00e9 beaucoup moins forte que pour <em>Avant Toi<\/em> (avis <a href=\"http:\/\/smallthings.fr\/lespetitslivres\/2016\/06\/14\/avant-toi-roman-film-evenement\/\" target=\"_blank\">ici<\/a>) et <em>Apr\u00e8s Toi <\/em>(avis <a href=\"http:\/\/smallthings.fr\/lespetitslivres\/2016\/06\/22\/apres-toi-suite-jojo-moyes-avis\/\" target=\"_blank\">ici<\/a>). C\u2019est peut-\u00eatre l\u00e0 ce qu\u2019il m\u2019a manqu\u00e9 pour passer d\u2019un bon livre \u00e0 un coup de c\u0153ur. <strong>L\u2019histoire en elle-m\u00eame est belle et bien racont\u00e9e, les personnages sont touchants, surtout le jeune gar\u00e7on d\u2019Isabel, mais le r\u00e9cit \u00e9tait un peu trop lent parfois pour r\u00e9ussir parfaitement \u00e0 m\u2019embarquer dans l\u2019univers que Jojo Moyes a cr\u00e9\u00e9. <\/strong><\/p>\n<p><em><img loading=\"lazy\" decoding=\"async\" data-attachment-id=\"30857\" data-permalink=\"https:\/\/smallthings.fr\/lespetitslivres\/2017\/03\/09\/sous-meme-toit-jojo-moyes\/sous-le-meme-toit-jojo-moyes\/\" data-orig-file=\"https:\/\/smallthings.fr\/lespetitslivres\/wp-content\/uploads\/2017\/03\/Sous-le-m\u00eame-toit-Jojo-Moyes.jpg\" data-orig-size=\"1400,2100\" data-comments-opened=\"1\" data-image-meta=\"{&quot;aperture&quot;:&quot;0&quot;,&quot;credit&quot;:&quot;&quot;,&quot;camera&quot;:&quot;&quot;,&quot;caption&quot;:&quot;&quot;,&quot;created_timestamp&quot;:&quot;0&quot;,&quot;copyright&quot;:&quot;&quot;,&quot;focal_length&quot;:&quot;0&quot;,&quot;iso&quot;:&quot;0&quot;,&quot;shutter_speed&quot;:&quot;0&quot;,&quot;title&quot;:&quot;&quot;,&quot;orientation&quot;:&quot;0&quot;}\" data-image-title=\"Sous le m\u00eame toit Jojo Moyes\" data-image-description=\"\" data-image-caption=\"\" data-medium-file=\"https:\/\/smallthings.fr\/lespetitslivres\/wp-content\/uploads\/2017\/03\/Sous-le-m\u00eame-toit-Jojo-Moyes-200x300.jpg\" data-large-file=\"https:\/\/smallthings.fr\/lespetitslivres\/wp-content\/uploads\/2017\/03\/Sous-le-m\u00eame-toit-Jojo-Moyes-683x1024.jpg\" class=\"alignright wp-image-30857\" src=\"http:\/\/smallthings.fr\/lespetitslivres\/wp-content\/uploads\/2017\/03\/Sous-le-m\u00eame-toit-Jojo-Moyes.jpg\" alt=\"\" width=\"304\" height=\"456\" srcset=\"https:\/\/smallthings.fr\/lespetitslivres\/wp-content\/uploads\/2017\/03\/Sous-le-m\u00eame-toit-Jojo-Moyes.jpg 1400w, https:\/\/smallthings.fr\/lespetitslivres\/wp-content\/uploads\/2017\/03\/Sous-le-m\u00eame-toit-Jojo-Moyes-200x300.jpg 200w, https:\/\/smallthings.fr\/lespetitslivres\/wp-content\/uploads\/2017\/03\/Sous-le-m\u00eame-toit-Jojo-Moyes-683x1024.jpg 683w, https:\/\/smallthings.fr\/lespetitslivres\/wp-content\/uploads\/2017\/03\/Sous-le-m\u00eame-toit-Jojo-Moyes-768x1152.jpg 768w, https:\/\/smallthings.fr\/lespetitslivres\/wp-content\/uploads\/2017\/03\/Sous-le-m\u00eame-toit-Jojo-Moyes-1024x1536.jpg 1024w, https:\/\/smallthings.fr\/lespetitslivres\/wp-content\/uploads\/2017\/03\/Sous-le-m\u00eame-toit-Jojo-Moyes-1365x2048.jpg 1365w\" sizes=\"(max-width: 304px) 100vw, 304px\" \/>Sous le m\u00eame toit<\/em>, c\u2019est l\u2019histoire d\u2019Isabel, jeune femme insouciante qui a toujours fait confiance \u00e0 son mari pour g\u00e9rer leur argent. Mais lorsque celui-ci meurt, Isabel d\u00e9couvre une montagne de dette que la vente de la maison pourra \u00e0 peine \u00e9ponger.<strong> Son seul salut\u00a0: une maison d\u00e9labr\u00e9e dans la campagne, l\u00e9gu\u00e9e par un grand-oncle acari\u00e2tre dont elle n\u2019a presque aucun souvenir.<\/strong> Lorsque Isabel, son fils Thierry, et sa fille Kitty, arrivent dans leur nouveau foyer, ils d\u00e9couvrent une maison laiss\u00e9e \u00e0 l\u2019abandon. Heureusement, Matt, leur voisin, est architecte et propose d\u2019aider Isabel dans ses travaux. Petit \u00e0 petit, les \u00e9conomies d\u2019Isabel y passent et la maison en chantier est encore pire qu\u2019\u00e0 leur arriv\u00e9e. <strong>Heureusement, Isabel fera une rencontre bouleversante qui pourrait bien tout changer\u2026<\/strong><\/p>\n<p><em>Sous le m\u00eame toit<\/em>, c\u2019est plein de petites intrigues regroup\u00e9es autour de cette maison en ruine, qui s\u00e8me la discorde dans le village. J\u2019ai bien aim\u00e9 les diff\u00e9rents protagonistes mais ce n\u2019est malheureusement pas Isabel, le personnage principal, qui aura su m\u2019\u00e9mouvoir. Je l\u2019ai trouv\u00e9e ennuyeuse et stupide par moments. <strong>Ma pr\u00e9f\u00e9rence va largement \u00e0 son fils Thierry qui ne parle plus depuis la mort de son p\u00e8re.<\/strong> <strong>On d\u00e9couvrira son secret plus tard et ce sera LA s\u00e9quence \u00e9motion du livre\u00a0!<\/strong> J\u2019ai \u00e9galement beaucoup appr\u00e9ci\u00e9 Byron, cet homme un peu bourru qui pr\u00e9f\u00e8re la solitude et la nature et qui va redonner le go\u00fbt de vivre \u00e0 un petit gar\u00e7on. Enfin, j\u2019ai ador\u00e9 le couple qui tient l\u2019\u00e9picerie du village, deux comm\u00e8res bien accueillantes qui nous touchent et qui apportent de la joie et de l\u2019espoir.<\/p>\n<p><strong><em>Sous le m\u00eame toit<\/em> est un livre totalement diff\u00e9rent du grand succ\u00e8s de Jojo Moyes, <em>Avant Toi<\/em>, mais c\u2019est un livre tout de m\u00eame int\u00e9ressant gr\u00e2ce \u00e0 ses nombreuses intrigues et ses personnages tr\u00e8s bien construits.<\/strong> L\u2019\u00e9criture de l\u2019auteur est toujours aussi fluide et son histoire est bien s\u00fbr belle. Dommage que le personnage d\u2019Isabel n\u2019ait pas r\u00e9ussi \u00e0 me toucher et que quelques lenteurs m\u2019aient emp\u00each\u00e9 de m\u2019immerger pleinement dans ce r\u00e9cit. <em>Sous le m\u00eame toit<\/em> est tout de m\u00eame un tr\u00e8s bon livre que tous les fans de l\u2019auteure seront ravis de d\u00e9couvrir.<\/p>\n<p><strong>Extrait\u00a0: <\/strong><\/p>\n<p>\u00ab\u00a0&#8211; Je n\u2019ai pas de bonnes nouvelles \u00e0 vous annoncer.<br \/>\nIsabel eut presque envie de rire. <em>Mon mari est mort<\/em>, pensa-t-elle. <em>Mon fils est encore sous le choc et s\u2019enferme dans le mutisme. Ma fille a vieilli de vingt ans en neuf mois et refuse d\u2019admettre que les choses vont mal. J\u2019ai d\u00fb renoncer \u00e0 la seule chose que j\u2019aime faire, \u00e0 la seule chose \u00e0 laquelle je m\u2019\u00e9tais jur\u00e9 de ne jamais renoncer, et vous croyez pouvoir m\u2019annoncer de mauvaises nouvelles\u00a0?\u00a0<\/em>\u00bb<\/p>\n","protected":false},"excerpt":{"rendered":"<p>Sous le m\u00eame toit est le dernier roman de l\u2019auteure \u00e0 succ\u00e8s Jojo Moyes. Sorti le 17 f\u00e9vrier dernier aux\u00a0\u00e9ditions Milady, Sous le m\u00eame toit est un livre un peu moins envo\u00fbtant que les deux pr\u00e9c\u00e9dents. Il raconte l\u2019histoire d\u2019Isabel, une violoniste qui a toujours fait passer sa passion avant sa famille mais qui, apr\u00e8s<\/p>\n","protected":false},"author":14,"featured_media":30858,"comment_status":"open","ping_status":"open","sticky":false,"template":"","format":"standard","meta":{"jetpack_post_was_ever_published":false,"_jetpack_newsletter_access":"","_jetpack_newsletter_tier_id":0,"footnotes":"","jetpack_publicize_message":"","jetpack_is_tweetstorm":false,"jetpack_publicize_feature_enabled":true,"jetpack_social_post_already_shared":true,"jetpack_social_options":{"image_generator_settings":{"template":"highway","enabled":false}}},"categories":[1118],"tags":[1457,1448,1449,805,54,386,1706],"jetpack_publicize_connections":[],"yoast_head":"<!-- This site is optimized with the Yoast SEO plugin v21.5 - https:\/\/yoast.com\/wordpress\/plugins\/seo\/ -->\n<title>Sous le m\u00eame toit, le nouveau roman de Jojo Moyes<\/title>\n<meta name=\"description\" content=\"Sous le m\u00eame toit est le dernier roman de l\u2019auteure \u00e0 succ\u00e8s Jojo Moyes. Sorti le 17 f\u00e9vrier dernier aux \u00e9ditions Milady, Sous le m\u00eame toit est un livre un\" \/>\n<meta name=\"robots\" content=\"index, follow, max-snippet:-1, max-image-preview:large, max-video-preview:-1\" \/>\n<link rel=\"canonical\" href=\"http:\/\/smallthings.fr\/lespetitslivres\/2017\/03\/09\/sous-meme-toit-jojo-moyes\/\" \/>\n<meta property=\"og:locale\" content=\"fr_FR\" \/>\n<meta property=\"og:type\" content=\"article\" \/>\n<meta property=\"og:title\" content=\"Sous le m\u00eame toit, le nouveau roman de Jojo Moyes\" \/>\n<meta property=\"og:description\" content=\"Sous le m\u00eame toit est le dernier roman de l\u2019auteure \u00e0 succ\u00e8s Jojo Moyes. Sorti le 17 f\u00e9vrier dernier aux \u00e9ditions Milady, Sous le m\u00eame toit est un livre un\" \/>\n<meta property=\"og:url\" content=\"http:\/\/smallthings.fr\/lespetitslivres\/2017\/03\/09\/sous-meme-toit-jojo-moyes\/\" \/>\n<meta property=\"og:site_name\" content=\"Les Petits Livres\" \/>\n<meta property=\"article:published_time\" content=\"2017-03-09T12:30:39+00:00\" \/>\n<meta property=\"article:modified_time\" content=\"2017-03-08T12:49:59+00:00\" \/>\n<meta property=\"og:image\" content=\"https:\/\/i0.wp.com\/smallthings.fr\/lespetitslivres\/wp-content\/uploads\/2017\/03\/Jojo-Moyes-Sous-le-m\u00eame-toit.jpg?fit=2034%2C1271\" \/>\n\t<meta property=\"og:image:width\" content=\"2034\" \/>\n\t<meta property=\"og:image:height\" content=\"1271\" \/>\n\t<meta property=\"og:image:type\" content=\"image\/jpeg\" \/>\n<meta name=\"author\" content=\"Jennifer\" \/>\n<meta name=\"twitter:card\" content=\"summary_large_image\" \/>\n<meta name=\"twitter:label1\" content=\"\u00c9crit par\" \/>\n\t<meta name=\"twitter:data1\" content=\"Jennifer\" \/>\n\t<meta name=\"twitter:label2\" content=\"Dur\u00e9e de lecture estim\u00e9e\" \/>\n\t<meta name=\"twitter:data2\" content=\"4 minutes\" \/>\n<script type=\"application\/ld+json\" class=\"yoast-schema-graph\">{\"@context\":\"https:\/\/schema.org\",\"@graph\":[{\"@type\":\"WebPage\",\"@id\":\"http:\/\/smallthings.fr\/lespetitslivres\/2017\/03\/09\/sous-meme-toit-jojo-moyes\/\",\"url\":\"http:\/\/smallthings.fr\/lespetitslivres\/2017\/03\/09\/sous-meme-toit-jojo-moyes\/\",\"name\":\"Sous le m\u00eame toit, le nouveau roman de Jojo Moyes\",\"isPartOf\":{\"@id\":\"https:\/\/smallthings.fr\/lespetitslivres\/#website\"},\"datePublished\":\"2017-03-09T12:30:39+00:00\",\"dateModified\":\"2017-03-08T12:49:59+00:00\",\"author\":{\"@id\":\"https:\/\/smallthings.fr\/lespetitslivres\/#\/schema\/person\/bb8808220f912e72f01f7a55924d9ad1\"},\"description\":\"Sous le m\u00eame toit est le dernier roman de l\u2019auteure \u00e0 succ\u00e8s Jojo Moyes. Sorti le 17 f\u00e9vrier dernier aux \u00e9ditions Milady, Sous le m\u00eame toit est un livre un\",\"breadcrumb\":{\"@id\":\"http:\/\/smallthings.fr\/lespetitslivres\/2017\/03\/09\/sous-meme-toit-jojo-moyes\/#breadcrumb\"},\"inLanguage\":\"fr-FR\",\"potentialAction\":[{\"@type\":\"ReadAction\",\"target\":[\"http:\/\/smallthings.fr\/lespetitslivres\/2017\/03\/09\/sous-meme-toit-jojo-moyes\/\"]}]},{\"@type\":\"BreadcrumbList\",\"@id\":\"http:\/\/smallthings.fr\/lespetitslivres\/2017\/03\/09\/sous-meme-toit-jojo-moyes\/#breadcrumb\",\"itemListElement\":[{\"@type\":\"ListItem\",\"position\":1,\"name\":\"Accueil\",\"item\":\"https:\/\/smallthings.fr\/lespetitslivres\/\"},{\"@type\":\"ListItem\",\"position\":2,\"name\":\"Sous le m\u00eame toit, le nouveau roman de Jojo Moyes\"}]},{\"@type\":\"WebSite\",\"@id\":\"https:\/\/smallthings.fr\/lespetitslivres\/#website\",\"url\":\"https:\/\/smallthings.fr\/lespetitslivres\/\",\"name\":\"Les Petits Livres\",\"description\":\"by Small Things\",\"potentialAction\":[{\"@type\":\"SearchAction\",\"target\":{\"@type\":\"EntryPoint\",\"urlTemplate\":\"https:\/\/smallthings.fr\/lespetitslivres\/?s={search_term_string}\"},\"query-input\":\"required name=search_term_string\"}],\"inLanguage\":\"fr-FR\"},{\"@type\":\"Person\",\"@id\":\"https:\/\/smallthings.fr\/lespetitslivres\/#\/schema\/person\/bb8808220f912e72f01f7a55924d9ad1\",\"name\":\"Jennifer\",\"image\":{\"@type\":\"ImageObject\",\"inLanguage\":\"fr-FR\",\"@id\":\"https:\/\/smallthings.fr\/lespetitslivres\/#\/schema\/person\/image\/\",\"url\":\"https:\/\/secure.gravatar.com\/avatar\/ffcd6b107b6b18c3d5201f1bcc631683?s=96&d=retro&r=g\",\"contentUrl\":\"https:\/\/secure.gravatar.com\/avatar\/ffcd6b107b6b18c3d5201f1bcc631683?s=96&d=retro&r=g\",\"caption\":\"Jennifer\"},\"url\":\"https:\/\/smallthings.fr\/lespetitslivres\/author\/jennifer\/\"}]}<\/script>\n<!-- \/ Yoast SEO plugin. -->","yoast_head_json":{"title":"Sous le m\u00eame toit, le nouveau roman de Jojo Moyes","description":"Sous le m\u00eame toit est le dernier roman de l\u2019auteure \u00e0 succ\u00e8s Jojo Moyes. Sorti le 17 f\u00e9vrier dernier aux \u00e9ditions Milady, Sous le m\u00eame toit est un livre un","robots":{"index":"index","follow":"follow","max-snippet":"max-snippet:-1","max-image-preview":"max-image-preview:large","max-video-preview":"max-video-preview:-1"},"canonical":"http:\/\/smallthings.fr\/lespetitslivres\/2017\/03\/09\/sous-meme-toit-jojo-moyes\/","og_locale":"fr_FR","og_type":"article","og_title":"Sous le m\u00eame toit, le nouveau roman de Jojo Moyes","og_description":"Sous le m\u00eame toit est le dernier roman de l\u2019auteure \u00e0 succ\u00e8s Jojo Moyes. Sorti le 17 f\u00e9vrier dernier aux \u00e9ditions Milady, Sous le m\u00eame toit est un livre un","og_url":"http:\/\/smallthings.fr\/lespetitslivres\/2017\/03\/09\/sous-meme-toit-jojo-moyes\/","og_site_name":"Les Petits Livres","article_published_time":"2017-03-09T12:30:39+00:00","article_modified_time":"2017-03-08T12:49:59+00:00","og_image":[{"width":2034,"height":1271,"url":"https:\/\/i0.wp.com\/smallthings.fr\/lespetitslivres\/wp-content\/uploads\/2017\/03\/Jojo-Moyes-Sous-le-m\u00eame-toit.jpg?fit=2034%2C1271","type":"image\/jpeg"}],"author":"Jennifer","twitter_card":"summary_large_image","twitter_misc":{"\u00c9crit par":"Jennifer","Dur\u00e9e de lecture estim\u00e9e":"4 minutes"},"schema":{"@context":"https:\/\/schema.org","@graph":[{"@type":"WebPage","@id":"http:\/\/smallthings.fr\/lespetitslivres\/2017\/03\/09\/sous-meme-toit-jojo-moyes\/","url":"http:\/\/smallthings.fr\/lespetitslivres\/2017\/03\/09\/sous-meme-toit-jojo-moyes\/","name":"Sous le m\u00eame toit, le nouveau roman de Jojo Moyes","isPartOf":{"@id":"https:\/\/smallthings.fr\/lespetitslivres\/#website"},"datePublished":"2017-03-09T12:30:39+00:00","dateModified":"2017-03-08T12:49:59+00:00","author":{"@id":"https:\/\/smallthings.fr\/lespetitslivres\/#\/schema\/person\/bb8808220f912e72f01f7a55924d9ad1"},"description":"Sous le m\u00eame toit est le dernier roman de l\u2019auteure \u00e0 succ\u00e8s Jojo Moyes. Sorti le 17 f\u00e9vrier dernier aux \u00e9ditions Milady, Sous le m\u00eame toit est un livre un","breadcrumb":{"@id":"http:\/\/smallthings.fr\/lespetitslivres\/2017\/03\/09\/sous-meme-toit-jojo-moyes\/#breadcrumb"},"inLanguage":"fr-FR","potentialAction":[{"@type":"ReadAction","target":["http:\/\/smallthings.fr\/lespetitslivres\/2017\/03\/09\/sous-meme-toit-jojo-moyes\/"]}]},{"@type":"BreadcrumbList","@id":"http:\/\/smallthings.fr\/lespetitslivres\/2017\/03\/09\/sous-meme-toit-jojo-moyes\/#breadcrumb","itemListElement":[{"@type":"ListItem","position":1,"name":"Accueil","item":"https:\/\/smallthings.fr\/lespetitslivres\/"},{"@type":"ListItem","position":2,"name":"Sous le m\u00eame toit, le nouveau roman de Jojo Moyes"}]},{"@type":"WebSite","@id":"https:\/\/smallthings.fr\/lespetitslivres\/#website","url":"https:\/\/smallthings.fr\/lespetitslivres\/","name":"Les Petits Livres","description":"by Small Things","potentialAction":[{"@type":"SearchAction","target":{"@type":"EntryPoint","urlTemplate":"https:\/\/smallthings.fr\/lespetitslivres\/?s={search_term_string}"},"query-input":"required name=search_term_string"}],"inLanguage":"fr-FR"},{"@type":"Person","@id":"https:\/\/smallthings.fr\/lespetitslivres\/#\/schema\/person\/bb8808220f912e72f01f7a55924d9ad1","name":"Jennifer","image":{"@type":"ImageObject","inLanguage":"fr-FR","@id":"https:\/\/smallthings.fr\/lespetitslivres\/#\/schema\/person\/image\/","url":"https:\/\/secure.gravatar.com\/avatar\/ffcd6b107b6b18c3d5201f1bcc631683?s=96&d=retro&r=g","contentUrl":"https:\/\/secure.gravatar.com\/avatar\/ffcd6b107b6b18c3d5201f1bcc631683?s=96&d=retro&r=g","caption":"Jennifer"},"url":"https:\/\/smallthings.fr\/lespetitslivres\/author\/jennifer\/"}]}},"jetpack_featured_media_url":"https:\/\/smallthings.fr\/lespetitslivres\/wp-content\/uploads\/2017\/03\/Jojo-Moyes-Sous-le-m\u00eame-toit.jpg","jetpack_sharing_enabled":true,"jetpack_shortlink":"https:\/\/wp.me\/p6Un21-81G","jetpack-related-posts":[{"id":30104,"url":"https:\/\/smallthings.fr\/lespetitslivres\/2016\/06\/22\/apres-toi-suite-jojo-moyes-avis\/","url_meta":{"origin":30856,"position":0},"title":"Apr\u00e8s toi, la suite tant attendue du livre de Jojo Moyes","author":"Jennifer","date":"22 juin 2016","format":false,"excerpt":"Apr\u00e8s toi, la suite du livre Avant toi de Jojo Moyes, est sorti le 10 juin dernier chez Milady. On retrouve Lou, notre h\u00e9ro\u00efne un peu paum\u00e9e, qui tente de suivre les conseils de Will et de vivre chaque jour comme si c\u2019\u00e9tait le dernier. Plus facile \u00e0 dire qu\u2019\u00e0\u2026","rel":"","context":"Dans &quot;Roman \u00e9tranger&quot;","block_context":{"text":"Roman \u00e9tranger","link":"https:\/\/smallthings.fr\/lespetitslivres\/category\/roman\/roman-etranger\/"},"img":{"alt_text":"","src":"https:\/\/i0.wp.com\/smallthings.fr\/lespetitslivres\/wp-content\/uploads\/2016\/06\/apres-toi.jpg?resize=350%2C200","width":350,"height":200},"classes":[]},{"id":31774,"url":"https:\/\/smallthings.fr\/lespetitslivres\/2018\/09\/01\/avant-toi-apres-toi-apres-tout\/","url_meta":{"origin":30856,"position":1},"title":"Avant toi&#8230; Apr\u00e8s toi&#8230; Apr\u00e8s tout !","author":"Jennifer","date":"1 septembre 2018","format":false,"excerpt":"Jojo Moyes revient avec Apr\u00e8s tout, la suite de Apr\u00e8s toi qui \u00e9tait bien s\u00fbr la suite de Avant toi. Des titres que l'on retient facilement et surtout des best-sellers qui auront su \u00e9mouvoir le monde entier. Dans ce dernier tome, sorti en avril chez Milady, nous retrouvons une Lou\u2026","rel":"","context":"Dans &quot;Roman \u00e9tranger&quot;","block_context":{"text":"Roman \u00e9tranger","link":"https:\/\/smallthings.fr\/lespetitslivres\/category\/roman\/roman-etranger\/"},"img":{"alt_text":"","src":"https:\/\/i0.wp.com\/smallthings.fr\/lespetitslivres\/wp-content\/uploads\/2018\/08\/1_rrw1-3fuYgkqD4XUdenolA.png?resize=350%2C200&ssl=1","width":350,"height":200,"srcset":"https:\/\/i0.wp.com\/smallthings.fr\/lespetitslivres\/wp-content\/uploads\/2018\/08\/1_rrw1-3fuYgkqD4XUdenolA.png?resize=350%2C200&ssl=1 1x, https:\/\/i0.wp.com\/smallthings.fr\/lespetitslivres\/wp-content\/uploads\/2018\/08\/1_rrw1-3fuYgkqD4XUdenolA.png?resize=525%2C300&ssl=1 1.5x, https:\/\/i0.wp.com\/smallthings.fr\/lespetitslivres\/wp-content\/uploads\/2018\/08\/1_rrw1-3fuYgkqD4XUdenolA.png?resize=700%2C400&ssl=1 2x, https:\/\/i0.wp.com\/smallthings.fr\/lespetitslivres\/wp-content\/uploads\/2018\/08\/1_rrw1-3fuYgkqD4XUdenolA.png?resize=1050%2C600&ssl=1 3x"},"classes":[]},{"id":30081,"url":"https:\/\/smallthings.fr\/lespetitslivres\/2016\/06\/14\/avant-toi-roman-film-evenement\/","url_meta":{"origin":30856,"position":2},"title":"Avant toi, le roman qui a inspir\u00e9 le film \u00e9v\u00e9nement","author":"Jennifer","date":"14 juin 2016","format":false,"excerpt":"Avant toi, le livre \u00e0 succ\u00e8s de Jojo Moyes, est sorti en format poche le 10 juin dernier aux \u00e9ditions Milady. Une histoire \u00e9mouvante entre Lou, jeune femme au style particulier cherchant d\u00e9sesp\u00e9r\u00e9ment un emploi, et Will, un homme exceptionnel qui, suite \u00e0 un accident de la route, est devenu\u2026","rel":"","context":"Dans &quot;Roman \u00e9tranger&quot;","block_context":{"text":"Roman \u00e9tranger","link":"https:\/\/smallthings.fr\/lespetitslivres\/category\/roman\/roman-etranger\/"},"img":{"alt_text":"","src":"https:\/\/i0.wp.com\/smallthings.fr\/lespetitslivres\/wp-content\/uploads\/2016\/06\/avant-toi-couv.jpg?resize=350%2C200&ssl=1","width":350,"height":200,"srcset":"https:\/\/i0.wp.com\/smallthings.fr\/lespetitslivres\/wp-content\/uploads\/2016\/06\/avant-toi-couv.jpg?resize=350%2C200&ssl=1 1x, https:\/\/i0.wp.com\/smallthings.fr\/lespetitslivres\/wp-content\/uploads\/2016\/06\/avant-toi-couv.jpg?resize=525%2C300&ssl=1 1.5x, https:\/\/i0.wp.com\/smallthings.fr\/lespetitslivres\/wp-content\/uploads\/2016\/06\/avant-toi-couv.jpg?resize=700%2C400&ssl=1 2x, https:\/\/i0.wp.com\/smallthings.fr\/lespetitslivres\/wp-content\/uploads\/2016\/06\/avant-toi-couv.jpg?resize=1050%2C600&ssl=1 3x, https:\/\/i0.wp.com\/smallthings.fr\/lespetitslivres\/wp-content\/uploads\/2016\/06\/avant-toi-couv.jpg?resize=1400%2C800&ssl=1 4x"},"classes":[]},{"id":29979,"url":"https:\/\/smallthings.fr\/lespetitslivres\/2016\/06\/02\/sous-meme-etoile-roman-york\/","url_meta":{"origin":30856,"position":3},"title":"Sous la m\u00eame \u00e9toile : le roman \u00e9mouvant de Kelley York","author":"Jennifer","date":"2 juin 2016","format":false,"excerpt":"Sous la m\u00eame \u00e9toile est un roman de Kelley York \u00e0 para\u00eetre le 16 juin\u00a0chez Pocket Jeunesse. Un roman touchant qui raconte le combat d\u2019un fr\u00e8re et d\u2019une s\u0153ur pour prot\u00e9ger le gar\u00e7on qu\u2019ils aiment tous les deux. Sous la m\u00eame \u00e9toile est un roman qui sort de l\u2019ordinaire. Kelley\u2026","rel":"","context":"Dans &quot;Young Adult&quot;","block_context":{"text":"Young Adult","link":"https:\/\/smallthings.fr\/lespetitslivres\/category\/young-adult\/"},"img":{"alt_text":"","src":"https:\/\/i0.wp.com\/smallthings.fr\/lespetitslivres\/wp-content\/uploads\/2016\/05\/sous-la-meme-etoile-couv.jpg?resize=350%2C200&ssl=1","width":350,"height":200},"classes":[]},{"id":23214,"url":"https:\/\/smallthings.fr\/lespetitslivres\/2015\/05\/09\/sous-influence-saga-hayes-twilight-avis\/","url_meta":{"origin":30856,"position":4},"title":"Sous influence, une saga young-adult inspir\u00e9e de Twilight","author":"Jennifer","date":"9 mai 2015","format":false,"excerpt":"Sous Influence est une nouvelle saga bit-lit cr\u00e9\u00e9e par Gwen Hayes. Son 1er tome, Vertiges, est sorti le 15 avril dernier aux \u00e9ditions Panini. Ce roman young-adult met en avant Theia, une jeune femme surprot\u00e9g\u00e9e par son p\u00e8re, qui va r\u00e9apprendre \u00e0 vivre suite \u00e0 l\u2019apparition d\u2019un gar\u00e7on dans son\u2026","rel":"","context":"Dans &quot;Fantastique&quot;","block_context":{"text":"Fantastique","link":"https:\/\/smallthings.fr\/lespetitslivres\/category\/imaginaire\/fantastique\/"},"img":{"alt_text":"","src":"https:\/\/i0.wp.com\/smallthings.fr\/wp-content\/uploads\/2015\/05\/sous-influence-vertiges-534x800.jpg?resize=350%2C200","width":350,"height":200},"classes":[]},{"id":13666,"url":"https:\/\/smallthings.fr\/lespetitslivres\/2014\/05\/22\/requiem-pour-sascha-lacrimosa-scarling\/","url_meta":{"origin":30856,"position":5},"title":"Requiem pour Sascha &#8211; 1er tome de la s\u00e9rie Lacrimosa","author":"Jennifer","date":"22 mai 2014","format":false,"excerpt":"Requiem pour Sascha, le premier roman de bit-lit d\u2019Alice Scarling, sort demain (23 mai) aux \u00e9ditions Milady. On y d\u00e9couvre Sascha, une orpheline musicienne et tueuse de vampires \u00e0 ses heures perdues qui poss\u00e8de un pouvoir \u00e9trange, celui de poss\u00e9der le corps de n\u2019importe qui. Avec Requiem pour Sascha, Alice\u2026","rel":"","context":"Dans &quot;Fantastique&quot;","block_context":{"text":"Fantastique","link":"https:\/\/smallthings.fr\/lespetitslivres\/category\/imaginaire\/fantastique\/"},"img":{"alt_text":"","src":"https:\/\/i0.wp.com\/smallthings.fr\/wp-content\/uploads\/2014\/05\/lacrimosa-requiem-sascha.jpg?resize=350%2C200","width":350,"height":200},"classes":[]}],"_links":{"self":[{"href":"https:\/\/smallthings.fr\/lespetitslivres\/wp-json\/wp\/v2\/posts\/30856"}],"collection":[{"href":"https:\/\/smallthings.fr\/lespetitslivres\/wp-json\/wp\/v2\/posts"}],"about":[{"href":"https:\/\/smallthings.fr\/lespetitslivres\/wp-json\/wp\/v2\/types\/post"}],"author":[{"embeddable":true,"href":"https:\/\/smallthings.fr\/lespetitslivres\/wp-json\/wp\/v2\/users\/14"}],"replies":[{"embeddable":true,"href":"https:\/\/smallthings.fr\/lespetitslivres\/wp-json\/wp\/v2\/comments?post=30856"}],"version-history":[{"count":4,"href":"https:\/\/smallthings.fr\/lespetitslivres\/wp-json\/wp\/v2\/posts\/30856\/revisions"}],"predecessor-version":[{"id":30866,"href":"https:\/\/smallthings.fr\/lespetitslivres\/wp-json\/wp\/v2\/posts\/30856\/revisions\/30866"}],"wp:featuredmedia":[{"embeddable":true,"href":"https:\/\/smallthings.fr\/lespetitslivres\/wp-json\/wp\/v2\/media\/30858"}],"wp:attachment":[{"href":"https:\/\/smallthings.fr\/lespetitslivres\/wp-json\/wp\/v2\/media?parent=30856"}],"wp:term":[{"taxonomy":"category","embeddable":true,"href":"https:\/\/smallthings.fr\/lespetitslivres\/wp-json\/wp\/v2\/categories?post=30856"},{"taxonomy":"post_tag","embeddable":true,"href":"https:\/\/smallthings.fr\/lespetitslivres\/wp-json\/wp\/v2\/tags?post=30856"}],"curies":[{"name":"wp","href":"https:\/\/api.w.org\/{rel}","templated":true}]}}