{"id":30716,"date":"2017-01-21T19:29:59","date_gmt":"2017-01-21T18:29:59","guid":{"rendered":"http:\/\/smallthings.fr\/lespetitslivres\/?p=30716"},"modified":"2017-01-21T19:29:59","modified_gmt":"2017-01-21T18:29:59","slug":"criminal-loft-armel-carbonel-avis","status":"publish","type":"post","link":"https:\/\/smallthings.fr\/lespetitslivres\/2017\/01\/21\/criminal-loft-armel-carbonel-avis\/","title":{"rendered":"Criminal Loft : quand la t\u00e9l\u00e9r\u00e9alit\u00e9 devient un cauchemar"},"content":{"rendered":"<h3><em>Criminal Loft est <\/em>un thriller d\u2019Armel Carbonel. Sorti en novembre chez <a href=\"http:\/\/www.milady.fr\/\" target=\"_blank\">Milady<\/a>, ce roman nous fait rentrer dans une t\u00e9l\u00e9r\u00e9alit\u00e9 de l\u2019horreur\u00a0: 8 condamn\u00e9s \u00e0 mort ont \u00e9t\u00e9 enferm\u00e9s dans un sanatorium. Chaque semaine, le public en \u00e9limine un. A la fin, un seul aura la vie sauve.<\/h3>\n<p><em>Criminal Loft<\/em> nous fait r\u00e9fl\u00e9chir \u00e0 ce que l\u2019on voit \u00e0 la t\u00e9l\u00e9vision. Dans ce roman, le glauque a atteint des sommets\u00a0! On laisse le public avoir le droit de vie ou de mort. Le show t\u00e9l\u00e9 est le plus suivi en Am\u00e9rique gr\u00e2ce \u00e0 une recette explosive\u00a0: <strong>huit condamn\u00e9s \u00e0 mort enferm\u00e9s dans un ancien sanatorium que l\u2019on dit hant\u00e9 veulent convaincre \u00e0 tout prix les t\u00e9l\u00e9spectateurs qu\u2019ils m\u00e9ritent de vivre.<\/strong><\/p>\n<p><img loading=\"lazy\" decoding=\"async\" data-attachment-id=\"30717\" data-permalink=\"https:\/\/smallthings.fr\/lespetitslivres\/2017\/01\/21\/criminal-loft-armel-carbonel-avis\/criminal-loft-carbonel\/\" data-orig-file=\"https:\/\/smallthings.fr\/lespetitslivres\/wp-content\/uploads\/2017\/01\/Criminal-Loft-Carbonel.png\" data-orig-size=\"1400,2262\" data-comments-opened=\"1\" data-image-meta=\"{&quot;aperture&quot;:&quot;0&quot;,&quot;credit&quot;:&quot;&quot;,&quot;camera&quot;:&quot;&quot;,&quot;caption&quot;:&quot;&quot;,&quot;created_timestamp&quot;:&quot;0&quot;,&quot;copyright&quot;:&quot;&quot;,&quot;focal_length&quot;:&quot;0&quot;,&quot;iso&quot;:&quot;0&quot;,&quot;shutter_speed&quot;:&quot;0&quot;,&quot;title&quot;:&quot;&quot;,&quot;orientation&quot;:&quot;0&quot;}\" data-image-title=\"Criminal Loft Carbonel\" data-image-description=\"\" data-image-caption=\"\" data-medium-file=\"https:\/\/smallthings.fr\/lespetitslivres\/wp-content\/uploads\/2017\/01\/Criminal-Loft-Carbonel-186x300.png\" data-large-file=\"https:\/\/smallthings.fr\/lespetitslivres\/wp-content\/uploads\/2017\/01\/Criminal-Loft-Carbonel-634x1024.png\" class=\"alignleft wp-image-30717\" src=\"http:\/\/smallthings.fr\/lespetitslivres\/wp-content\/uploads\/2017\/01\/Criminal-Loft-Carbonel.png\" width=\"304\" height=\"491\" srcset=\"https:\/\/smallthings.fr\/lespetitslivres\/wp-content\/uploads\/2017\/01\/Criminal-Loft-Carbonel.png 1400w, https:\/\/smallthings.fr\/lespetitslivres\/wp-content\/uploads\/2017\/01\/Criminal-Loft-Carbonel-186x300.png 186w, https:\/\/smallthings.fr\/lespetitslivres\/wp-content\/uploads\/2017\/01\/Criminal-Loft-Carbonel-634x1024.png 634w, https:\/\/smallthings.fr\/lespetitslivres\/wp-content\/uploads\/2017\/01\/Criminal-Loft-Carbonel-768x1241.png 768w, https:\/\/smallthings.fr\/lespetitslivres\/wp-content\/uploads\/2017\/01\/Criminal-Loft-Carbonel-951x1536.png 951w, https:\/\/smallthings.fr\/lespetitslivres\/wp-content\/uploads\/2017\/01\/Criminal-Loft-Carbonel-1268x2048.png 1268w\" sizes=\"(max-width: 304px) 100vw, 304px\" \/>Au fil des pages, nous allons suivre John, un psychopathe qui a tu\u00e9 de nombreuses femmes. Nous allons d\u00e9couvrir sa vie dans le sanatorium et r\u00e9aliser que <strong>le lieu est peut-\u00eatre bel et bien hant\u00e9<\/strong>. Avec 6 hommes et 2 femmes, la cohabitation n\u2019est pas ais\u00e9e. Lorsqu\u2019une femme devient folle et qu\u2019un homme est retrouv\u00e9 s\u00e9questr\u00e9, on pourrait penser que la t\u00e9l\u00e9r\u00e9alit\u00e9 va devoir s\u2019arr\u00eater mais non\u00a0:<strong> the show must go on\u00a0!<\/strong> C\u2019est \u00e0 ce moment que l\u2019on en apprend plus sur la personne dans l\u2019ombre, celle qui g\u00e8re Criminal Loft. Et si cette personne \u00e9tait tout aussi d\u00e9moniaque que les huit criminels\u00a0? Un cocktail explosif\u00a0!<\/p>\n<p><strong><em>Criminal Loft<\/em> est un roman tr\u00e8s prenant avec une bonne intrigue et des personnages aussi dangereux que manipulateurs.<\/strong> Ils feront tout pour s\u2019attirer la sympathie du public mais John, notre serial killer, verra clair dans leur jeu\u2026 ou pas\u00a0! J\u2019ai beaucoup appr\u00e9ci\u00e9 ce personnage narrateur qui se croit invuln\u00e9rable mais qui, au fil des chapitres, va perdre un peu de sa superbe. Le final est peut-\u00eatre un petit peu d\u00e9cevant mais Armel Carbonel aura tout de m\u00eame r\u00e9ussi \u00e0 nous maintenir en haleine jusqu\u2019au bout.<\/p>\n<p><strong>Un roman poignant avec des d\u00e9tails atroces, des personnages manipulateurs et terrifiants, des secrets, des mensonges, et \u00e0 la clef, l\u2019absolution.<\/strong> J\u2019ai beaucoup appr\u00e9ci\u00e9 ce roman qui remet en cause le pouvoir de la t\u00e9l\u00e9vision. Serions-nous aussi cruels\u00a0? Comment appr\u00e9cier une \u00e9mission qui propose d\u2019\u00e9liminer des criminels et de n\u2019en sauver qu\u2019un seul\u00a0? Un livre qui nous fait r\u00e9fl\u00e9chir et qui nous divertit en m\u00eame temps. Armelle Carbonel a r\u00e9ussi son pari\u00a0!<\/p>\n<p><strong>Extrait :\u00a0<\/strong><\/p>\n<p>\u00ab\u00a0C\u2019est ainsi qu\u2019il me fit part des exp\u00e9riences atroces pratiqu\u00e9es sur les tuberculeux qui r\u00e9sidaient \u00e0 Waverly Hills dans les ann\u00e9es 1930. Hommes, femmes, enfants se seraient succ\u00e9d\u00e9 sous les scalpels sanglants des blouses blanches. Des d\u00e9cennies plus tard, certains clich\u00e9s photographiques tendraient \u00e0 prouver que des spectres hanteraient les lieux \u00e0 la nuit tomb\u00e9e, alternant hurlements de souffrance et pleurs lancinants. Les anecdotes croustillantes des veilleurs de nuit auraient d\u00fb me terrifier, mais, pour des gens comme moi, ces r\u00e9cits all\u00e9chants alimentaient mes psychoses.\u00a0\u00bb<\/p>\n","protected":false},"excerpt":{"rendered":"<p>Criminal Loft est un thriller d\u2019Armel Carbonel. Sorti en novembre chez Milady, ce roman nous fait rentrer dans une t\u00e9l\u00e9r\u00e9alit\u00e9 de l\u2019horreur\u00a0: 8 condamn\u00e9s \u00e0 mort ont \u00e9t\u00e9 enferm\u00e9s dans un sanatorium. Chaque semaine, le public en \u00e9limine un. A la fin, un seul aura la vie sauve. Criminal Loft nous fait r\u00e9fl\u00e9chir \u00e0 ce<\/p>\n","protected":false},"author":14,"featured_media":30719,"comment_status":"open","ping_status":"open","sticky":false,"template":"","format":"standard","meta":{"jetpack_post_was_ever_published":false,"_jetpack_newsletter_access":"","_jetpack_newsletter_tier_id":0,"footnotes":"","jetpack_publicize_message":"","jetpack_is_tweetstorm":false,"jetpack_publicize_feature_enabled":true,"jetpack_social_post_already_shared":true,"jetpack_social_options":{"image_generator_settings":{"template":"highway","enabled":false}}},"categories":[1111],"tags":[1653,1652,1655,805,1654,18],"jetpack_publicize_connections":[],"yoast_head":"<!-- This site is optimized with the Yoast SEO plugin v21.5 - https:\/\/yoast.com\/wordpress\/plugins\/seo\/ -->\n<title>Criminal Loft : quand la t\u00e9l\u00e9r\u00e9alit\u00e9 devient un cauchemar<\/title>\n<meta name=\"description\" content=\"Criminal Loft est un thriller d\u2019Armel Carbonel. Sorti en novembre chez Milady, ce roman nous fait rentrer dans une t\u00e9l\u00e9r\u00e9alit\u00e9 de l\u2019horreur : 8 condamn\u00e9s \u00e0\" \/>\n<meta name=\"robots\" content=\"index, follow, max-snippet:-1, max-image-preview:large, max-video-preview:-1\" \/>\n<link rel=\"canonical\" href=\"https:\/\/smallthings.fr\/lespetitslivres\/2017\/01\/21\/criminal-loft-armel-carbonel-avis\/\" \/>\n<meta property=\"og:locale\" content=\"fr_FR\" \/>\n<meta property=\"og:type\" content=\"article\" \/>\n<meta property=\"og:title\" content=\"Criminal Loft : quand la t\u00e9l\u00e9r\u00e9alit\u00e9 devient un cauchemar\" \/>\n<meta property=\"og:description\" content=\"Criminal Loft est un thriller d\u2019Armel Carbonel. Sorti en novembre chez Milady, ce roman nous fait rentrer dans une t\u00e9l\u00e9r\u00e9alit\u00e9 de l\u2019horreur : 8 condamn\u00e9s \u00e0\" \/>\n<meta property=\"og:url\" content=\"https:\/\/smallthings.fr\/lespetitslivres\/2017\/01\/21\/criminal-loft-armel-carbonel-avis\/\" \/>\n<meta property=\"og:site_name\" content=\"Les Petits Livres\" \/>\n<meta property=\"article:published_time\" content=\"2017-01-21T18:29:59+00:00\" \/>\n<meta property=\"og:image\" content=\"https:\/\/i0.wp.com\/smallthings.fr\/lespetitslivres\/wp-content\/uploads\/2017\/01\/Criminal-Loft-Carbonel-2.png?fit=1400%2C916&ssl=1\" \/>\n\t<meta property=\"og:image:width\" content=\"1400\" \/>\n\t<meta property=\"og:image:height\" content=\"916\" \/>\n\t<meta property=\"og:image:type\" content=\"image\/png\" \/>\n<meta name=\"author\" content=\"Jennifer\" \/>\n<meta name=\"twitter:card\" content=\"summary_large_image\" \/>\n<meta name=\"twitter:label1\" content=\"\u00c9crit par\" \/>\n\t<meta name=\"twitter:data1\" content=\"Jennifer\" \/>\n\t<meta name=\"twitter:label2\" content=\"Dur\u00e9e de lecture estim\u00e9e\" \/>\n\t<meta name=\"twitter:data2\" content=\"3 minutes\" \/>\n<script type=\"application\/ld+json\" class=\"yoast-schema-graph\">{\"@context\":\"https:\/\/schema.org\",\"@graph\":[{\"@type\":\"WebPage\",\"@id\":\"https:\/\/smallthings.fr\/lespetitslivres\/2017\/01\/21\/criminal-loft-armel-carbonel-avis\/\",\"url\":\"https:\/\/smallthings.fr\/lespetitslivres\/2017\/01\/21\/criminal-loft-armel-carbonel-avis\/\",\"name\":\"Criminal Loft : quand la t\u00e9l\u00e9r\u00e9alit\u00e9 devient un cauchemar\",\"isPartOf\":{\"@id\":\"https:\/\/smallthings.fr\/lespetitslivres\/#website\"},\"datePublished\":\"2017-01-21T18:29:59+00:00\",\"dateModified\":\"2017-01-21T18:29:59+00:00\",\"author\":{\"@id\":\"https:\/\/smallthings.fr\/lespetitslivres\/#\/schema\/person\/bb8808220f912e72f01f7a55924d9ad1\"},\"description\":\"Criminal Loft est un thriller d\u2019Armel Carbonel. Sorti en novembre chez Milady, ce roman nous fait rentrer dans une t\u00e9l\u00e9r\u00e9alit\u00e9 de l\u2019horreur : 8 condamn\u00e9s \u00e0\",\"breadcrumb\":{\"@id\":\"https:\/\/smallthings.fr\/lespetitslivres\/2017\/01\/21\/criminal-loft-armel-carbonel-avis\/#breadcrumb\"},\"inLanguage\":\"fr-FR\",\"potentialAction\":[{\"@type\":\"ReadAction\",\"target\":[\"https:\/\/smallthings.fr\/lespetitslivres\/2017\/01\/21\/criminal-loft-armel-carbonel-avis\/\"]}]},{\"@type\":\"BreadcrumbList\",\"@id\":\"https:\/\/smallthings.fr\/lespetitslivres\/2017\/01\/21\/criminal-loft-armel-carbonel-avis\/#breadcrumb\",\"itemListElement\":[{\"@type\":\"ListItem\",\"position\":1,\"name\":\"Accueil\",\"item\":\"https:\/\/smallthings.fr\/lespetitslivres\/\"},{\"@type\":\"ListItem\",\"position\":2,\"name\":\"Criminal Loft : quand la t\u00e9l\u00e9r\u00e9alit\u00e9 devient un cauchemar\"}]},{\"@type\":\"WebSite\",\"@id\":\"https:\/\/smallthings.fr\/lespetitslivres\/#website\",\"url\":\"https:\/\/smallthings.fr\/lespetitslivres\/\",\"name\":\"Les Petits Livres\",\"description\":\"by Small Things\",\"potentialAction\":[{\"@type\":\"SearchAction\",\"target\":{\"@type\":\"EntryPoint\",\"urlTemplate\":\"https:\/\/smallthings.fr\/lespetitslivres\/?s={search_term_string}\"},\"query-input\":\"required name=search_term_string\"}],\"inLanguage\":\"fr-FR\"},{\"@type\":\"Person\",\"@id\":\"https:\/\/smallthings.fr\/lespetitslivres\/#\/schema\/person\/bb8808220f912e72f01f7a55924d9ad1\",\"name\":\"Jennifer\",\"image\":{\"@type\":\"ImageObject\",\"inLanguage\":\"fr-FR\",\"@id\":\"https:\/\/smallthings.fr\/lespetitslivres\/#\/schema\/person\/image\/\",\"url\":\"https:\/\/secure.gravatar.com\/avatar\/ffcd6b107b6b18c3d5201f1bcc631683?s=96&d=retro&r=g\",\"contentUrl\":\"https:\/\/secure.gravatar.com\/avatar\/ffcd6b107b6b18c3d5201f1bcc631683?s=96&d=retro&r=g\",\"caption\":\"Jennifer\"},\"url\":\"https:\/\/smallthings.fr\/lespetitslivres\/author\/jennifer\/\"}]}<\/script>\n<!-- \/ Yoast SEO plugin. -->","yoast_head_json":{"title":"Criminal Loft : quand la t\u00e9l\u00e9r\u00e9alit\u00e9 devient un cauchemar","description":"Criminal Loft est un thriller d\u2019Armel Carbonel. Sorti en novembre chez Milady, ce roman nous fait rentrer dans une t\u00e9l\u00e9r\u00e9alit\u00e9 de l\u2019horreur : 8 condamn\u00e9s \u00e0","robots":{"index":"index","follow":"follow","max-snippet":"max-snippet:-1","max-image-preview":"max-image-preview:large","max-video-preview":"max-video-preview:-1"},"canonical":"https:\/\/smallthings.fr\/lespetitslivres\/2017\/01\/21\/criminal-loft-armel-carbonel-avis\/","og_locale":"fr_FR","og_type":"article","og_title":"Criminal Loft : quand la t\u00e9l\u00e9r\u00e9alit\u00e9 devient un cauchemar","og_description":"Criminal Loft est un thriller d\u2019Armel Carbonel. Sorti en novembre chez Milady, ce roman nous fait rentrer dans une t\u00e9l\u00e9r\u00e9alit\u00e9 de l\u2019horreur : 8 condamn\u00e9s \u00e0","og_url":"https:\/\/smallthings.fr\/lespetitslivres\/2017\/01\/21\/criminal-loft-armel-carbonel-avis\/","og_site_name":"Les Petits Livres","article_published_time":"2017-01-21T18:29:59+00:00","og_image":[{"width":1400,"height":916,"url":"https:\/\/i0.wp.com\/smallthings.fr\/lespetitslivres\/wp-content\/uploads\/2017\/01\/Criminal-Loft-Carbonel-2.png?fit=1400%2C916&ssl=1","type":"image\/png"}],"author":"Jennifer","twitter_card":"summary_large_image","twitter_misc":{"\u00c9crit par":"Jennifer","Dur\u00e9e de lecture estim\u00e9e":"3 minutes"},"schema":{"@context":"https:\/\/schema.org","@graph":[{"@type":"WebPage","@id":"https:\/\/smallthings.fr\/lespetitslivres\/2017\/01\/21\/criminal-loft-armel-carbonel-avis\/","url":"https:\/\/smallthings.fr\/lespetitslivres\/2017\/01\/21\/criminal-loft-armel-carbonel-avis\/","name":"Criminal Loft : quand la t\u00e9l\u00e9r\u00e9alit\u00e9 devient un cauchemar","isPartOf":{"@id":"https:\/\/smallthings.fr\/lespetitslivres\/#website"},"datePublished":"2017-01-21T18:29:59+00:00","dateModified":"2017-01-21T18:29:59+00:00","author":{"@id":"https:\/\/smallthings.fr\/lespetitslivres\/#\/schema\/person\/bb8808220f912e72f01f7a55924d9ad1"},"description":"Criminal Loft est un thriller d\u2019Armel Carbonel. Sorti en novembre chez Milady, ce roman nous fait rentrer dans une t\u00e9l\u00e9r\u00e9alit\u00e9 de l\u2019horreur : 8 condamn\u00e9s \u00e0","breadcrumb":{"@id":"https:\/\/smallthings.fr\/lespetitslivres\/2017\/01\/21\/criminal-loft-armel-carbonel-avis\/#breadcrumb"},"inLanguage":"fr-FR","potentialAction":[{"@type":"ReadAction","target":["https:\/\/smallthings.fr\/lespetitslivres\/2017\/01\/21\/criminal-loft-armel-carbonel-avis\/"]}]},{"@type":"BreadcrumbList","@id":"https:\/\/smallthings.fr\/lespetitslivres\/2017\/01\/21\/criminal-loft-armel-carbonel-avis\/#breadcrumb","itemListElement":[{"@type":"ListItem","position":1,"name":"Accueil","item":"https:\/\/smallthings.fr\/lespetitslivres\/"},{"@type":"ListItem","position":2,"name":"Criminal Loft : quand la t\u00e9l\u00e9r\u00e9alit\u00e9 devient un cauchemar"}]},{"@type":"WebSite","@id":"https:\/\/smallthings.fr\/lespetitslivres\/#website","url":"https:\/\/smallthings.fr\/lespetitslivres\/","name":"Les Petits Livres","description":"by Small Things","potentialAction":[{"@type":"SearchAction","target":{"@type":"EntryPoint","urlTemplate":"https:\/\/smallthings.fr\/lespetitslivres\/?s={search_term_string}"},"query-input":"required name=search_term_string"}],"inLanguage":"fr-FR"},{"@type":"Person","@id":"https:\/\/smallthings.fr\/lespetitslivres\/#\/schema\/person\/bb8808220f912e72f01f7a55924d9ad1","name":"Jennifer","image":{"@type":"ImageObject","inLanguage":"fr-FR","@id":"https:\/\/smallthings.fr\/lespetitslivres\/#\/schema\/person\/image\/","url":"https:\/\/secure.gravatar.com\/avatar\/ffcd6b107b6b18c3d5201f1bcc631683?s=96&d=retro&r=g","contentUrl":"https:\/\/secure.gravatar.com\/avatar\/ffcd6b107b6b18c3d5201f1bcc631683?s=96&d=retro&r=g","caption":"Jennifer"},"url":"https:\/\/smallthings.fr\/lespetitslivres\/author\/jennifer\/"}]}},"jetpack_featured_media_url":"https:\/\/smallthings.fr\/lespetitslivres\/wp-content\/uploads\/2017\/01\/Criminal-Loft-Carbonel-2.png","jetpack_sharing_enabled":true,"jetpack_shortlink":"https:\/\/wp.me\/p6Un21-7Zq","jetpack-related-posts":[{"id":31780,"url":"https:\/\/smallthings.fr\/lespetitslivres\/2018\/08\/28\/monsieur-viannet-veronique-le-goaziou\/","url_meta":{"origin":30716,"position":0},"title":"Monsieur Viannet, le roman des laiss\u00e9s pour compte","author":"Victoire Neyraud","date":"28 ao\u00fbt 2018","format":false,"excerpt":"Monsieur Viannet, le dernier roman de la sociologue et romanci\u00e8re V\u00e9ronique Le Goaziou, qui vient de para\u00eetre aux \u00e9ditions La Table Ronde pour la Rentr\u00e9e litt\u00e9raire. Une petite perle qui, d\u00e8s les premiers instants de lecture, nous prend en haleine et nous emporte sans pr\u00e9ambule dans un monde souvent peu\u2026","rel":"","context":"Dans &quot;Roman fran\u00e7ais&quot;","block_context":{"text":"Roman fran\u00e7ais","link":"https:\/\/smallthings.fr\/lespetitslivres\/category\/roman\/roman-francais\/"},"img":{"alt_text":"","src":"https:\/\/i0.wp.com\/smallthings.fr\/lespetitslivres\/wp-content\/uploads\/2018\/08\/monsieur-viannet-couverture-cover.jpg?resize=350%2C200&ssl=1","width":350,"height":200,"srcset":"https:\/\/i0.wp.com\/smallthings.fr\/lespetitslivres\/wp-content\/uploads\/2018\/08\/monsieur-viannet-couverture-cover.jpg?resize=350%2C200&ssl=1 1x, https:\/\/i0.wp.com\/smallthings.fr\/lespetitslivres\/wp-content\/uploads\/2018\/08\/monsieur-viannet-couverture-cover.jpg?resize=525%2C300&ssl=1 1.5x, https:\/\/i0.wp.com\/smallthings.fr\/lespetitslivres\/wp-content\/uploads\/2018\/08\/monsieur-viannet-couverture-cover.jpg?resize=700%2C400&ssl=1 2x"},"classes":[]},{"id":31953,"url":"https:\/\/smallthings.fr\/lespetitslivres\/2019\/08\/09\/le-masque-de-la-mort-le-thriller-de-david-gemmell\/","url_meta":{"origin":30716,"position":1},"title":"Le Masque de la Mort, le thriller de David Gemmell","author":"Jennifer","date":"9 ao\u00fbt 2019","format":false,"excerpt":"Le Masque de la Mort est un thriller de David Gemmell publi\u00e9 chez Bragelonne le 15 mai dernier dans la collection Terreur. Une intrigue bien men\u00e9e malgr\u00e9 un d\u00e9part un peu lent. David Gemmell, auteur de best-sellers, nous raconte avec Le masque de la mort une histoire surprenante. Selon l\u2019\u00e9diteur,\u2026","rel":"","context":"Dans &quot;Thriller&quot;","block_context":{"text":"Thriller","link":"https:\/\/smallthings.fr\/lespetitslivres\/category\/thriller\/"},"img":{"alt_text":"","src":"https:\/\/i0.wp.com\/smallthings.fr\/lespetitslivres\/wp-content\/uploads\/2019\/08\/le-masque-de-la-mort-1181994-2.png?resize=350%2C200&ssl=1","width":350,"height":200,"srcset":"https:\/\/i0.wp.com\/smallthings.fr\/lespetitslivres\/wp-content\/uploads\/2019\/08\/le-masque-de-la-mort-1181994-2.png?resize=350%2C200&ssl=1 1x, https:\/\/i0.wp.com\/smallthings.fr\/lespetitslivres\/wp-content\/uploads\/2019\/08\/le-masque-de-la-mort-1181994-2.png?resize=525%2C300&ssl=1 1.5x, https:\/\/i0.wp.com\/smallthings.fr\/lespetitslivres\/wp-content\/uploads\/2019\/08\/le-masque-de-la-mort-1181994-2.png?resize=700%2C400&ssl=1 2x, https:\/\/i0.wp.com\/smallthings.fr\/lespetitslivres\/wp-content\/uploads\/2019\/08\/le-masque-de-la-mort-1181994-2.png?resize=1050%2C600&ssl=1 3x, https:\/\/i0.wp.com\/smallthings.fr\/lespetitslivres\/wp-content\/uploads\/2019\/08\/le-masque-de-la-mort-1181994-2.png?resize=1400%2C800&ssl=1 4x"},"classes":[]},{"id":30350,"url":"https:\/\/smallthings.fr\/lespetitslivres\/2016\/09\/28\/a-la-fin-le-silence-tardieu\/","url_meta":{"origin":30716,"position":2},"title":"A la fin le silence : la mort puis la vie, de Laurence Tardieu","author":"Claire","date":"28 septembre 2016","format":false,"excerpt":"A la fin le silence est le roman que nous propose Laurence Tardieu pour cette rentr\u00e9e litt\u00e9raire aux \u00e9ditions du Seuil. Apr\u00e8s Le jugement de L\u00e9a, Puisque rien ne dure et Une vie \u00e0 soi, A la fin le silence s'apparente plus \u00e0 un essai litt\u00e9raire qu'\u00e0 une fiction. S'il\u2026","rel":"","context":"Dans &quot;Rentr\u00e9e litt\u00e9raire&quot;","block_context":{"text":"Rentr\u00e9e litt\u00e9raire","link":"https:\/\/smallthings.fr\/lespetitslivres\/category\/rentree-litteraire\/"},"img":{"alt_text":"","src":"https:\/\/i0.wp.com\/smallthings.fr\/lespetitslivres\/wp-content\/uploads\/2016\/09\/laurence-tardieu.jpg?resize=350%2C200&ssl=1","width":350,"height":200,"srcset":"https:\/\/i0.wp.com\/smallthings.fr\/lespetitslivres\/wp-content\/uploads\/2016\/09\/laurence-tardieu.jpg?resize=350%2C200&ssl=1 1x, https:\/\/i0.wp.com\/smallthings.fr\/lespetitslivres\/wp-content\/uploads\/2016\/09\/laurence-tardieu.jpg?resize=525%2C300&ssl=1 1.5x"},"classes":[]},{"id":31941,"url":"https:\/\/smallthings.fr\/lespetitslivres\/2019\/08\/08\/la-cite-des-loups-la-suite-de-la-saga-de-maria-vale\/","url_meta":{"origin":30716,"position":3},"title":"La cit\u00e9 des loups, la suite de la saga de Maria Vale","author":"Jennifer","date":"8 ao\u00fbt 2019","format":false,"excerpt":"La cit\u00e9 des loups est le deuxi\u00e8me tome de la saga Sauvages de Maria Vale. Sorti le 19 juin chez Milady, ce roman nous fait entrer dans la vie de Elijah Sorensson, un loup-garou qui travaille comme avocat chez les Hommes. Un deuxi\u00e8me volet encore une fois tr\u00e8s int\u00e9ressant et\u2026","rel":"","context":"Dans &quot;Fantastique&quot;","block_context":{"text":"Fantastique","link":"https:\/\/smallthings.fr\/lespetitslivres\/category\/imaginaire\/fantastique\/"},"img":{"alt_text":"","src":"https:\/\/i0.wp.com\/smallthings.fr\/lespetitslivres\/wp-content\/uploads\/2019\/08\/sauvages-la-cit\u00e9-des-loups-2.jpg?resize=350%2C200&ssl=1","width":350,"height":200,"srcset":"https:\/\/i0.wp.com\/smallthings.fr\/lespetitslivres\/wp-content\/uploads\/2019\/08\/sauvages-la-cit\u00e9-des-loups-2.jpg?resize=350%2C200&ssl=1 1x, https:\/\/i0.wp.com\/smallthings.fr\/lespetitslivres\/wp-content\/uploads\/2019\/08\/sauvages-la-cit\u00e9-des-loups-2.jpg?resize=525%2C300&ssl=1 1.5x, https:\/\/i0.wp.com\/smallthings.fr\/lespetitslivres\/wp-content\/uploads\/2019\/08\/sauvages-la-cit\u00e9-des-loups-2.jpg?resize=700%2C400&ssl=1 2x, https:\/\/i0.wp.com\/smallthings.fr\/lespetitslivres\/wp-content\/uploads\/2019\/08\/sauvages-la-cit\u00e9-des-loups-2.jpg?resize=1050%2C600&ssl=1 3x, https:\/\/i0.wp.com\/smallthings.fr\/lespetitslivres\/wp-content\/uploads\/2019\/08\/sauvages-la-cit\u00e9-des-loups-2.jpg?resize=1400%2C800&ssl=1 4x"},"classes":[]},{"id":30764,"url":"https:\/\/smallthings.fr\/lespetitslivres\/2017\/02\/20\/ombres-du-passe-cj-lyons-avis\/","url_meta":{"origin":30716,"position":4},"title":"Les ombres du pass\u00e9 : un thriller palpitant de CJ Lyons","author":"Jennifer","date":"20 f\u00e9vrier 2017","format":false,"excerpt":"Les ombres du pass\u00e9 est un thriller de CJ Lyons, paru\u00a0en d\u00e9cembre chez Milady. L\u2019auteur nous fait rentrer dans une enqu\u00eate o\u00f9 meurtres, kidnappings et vengeance se m\u00e9langent au pass\u00e9 d\u2019un agent du FBI. Captivant\u00a0! Les ombres du pass\u00e9 est un roman qui parvient\u00a0\u00e0 surprendre et qui nous rend accro\u2026","rel":"","context":"Dans &quot;Thriller&quot;","block_context":{"text":"Thriller","link":"https:\/\/smallthings.fr\/lespetitslivres\/category\/thriller\/"},"img":{"alt_text":"","src":"https:\/\/i0.wp.com\/smallthings.fr\/lespetitslivres\/wp-content\/uploads\/2017\/01\/Les-ombres-du-pass\u00e9-CJ-Lyons-Milady-2.jpg?resize=350%2C200&ssl=1","width":350,"height":200,"srcset":"https:\/\/i0.wp.com\/smallthings.fr\/lespetitslivres\/wp-content\/uploads\/2017\/01\/Les-ombres-du-pass\u00e9-CJ-Lyons-Milady-2.jpg?resize=350%2C200&ssl=1 1x, https:\/\/i0.wp.com\/smallthings.fr\/lespetitslivres\/wp-content\/uploads\/2017\/01\/Les-ombres-du-pass\u00e9-CJ-Lyons-Milady-2.jpg?resize=525%2C300&ssl=1 1.5x"},"classes":[]},{"id":31850,"url":"https:\/\/smallthings.fr\/lespetitslivres\/2018\/12\/17\/dollars-dark-romance-pepper-winters\/","url_meta":{"origin":30716,"position":5},"title":"Dollars, la dark romance de Pepper Winters qui va tout chambouler","author":"Jennifer","date":"17 d\u00e9cembre 2018","format":false,"excerpt":"Pennies est le premier tome de la trilogie Dollars de Pepper Winters. Sortie le 24 octobre chez les \u00e9ditions Milady, cette dark romance est totalement captivante. Une histoire sombre, prenante, qui nous laisse sur notre faim\u00a0! La dark romance prend de plus en plus de place dans les rayons des\u2026","rel":"","context":"Dans &quot;Roman \u00e9tranger&quot;","block_context":{"text":"Roman \u00e9tranger","link":"https:\/\/smallthings.fr\/lespetitslivres\/category\/roman\/roman-etranger\/"},"img":{"alt_text":"","src":"https:\/\/i0.wp.com\/smallthings.fr\/lespetitslivres\/wp-content\/uploads\/2018\/11\/dollars-pennies-pepper-winters-4.jpg?resize=350%2C200&ssl=1","width":350,"height":200,"srcset":"https:\/\/i0.wp.com\/smallthings.fr\/lespetitslivres\/wp-content\/uploads\/2018\/11\/dollars-pennies-pepper-winters-4.jpg?resize=350%2C200&ssl=1 1x, https:\/\/i0.wp.com\/smallthings.fr\/lespetitslivres\/wp-content\/uploads\/2018\/11\/dollars-pennies-pepper-winters-4.jpg?resize=525%2C300&ssl=1 1.5x, https:\/\/i0.wp.com\/smallthings.fr\/lespetitslivres\/wp-content\/uploads\/2018\/11\/dollars-pennies-pepper-winters-4.jpg?resize=700%2C400&ssl=1 2x, https:\/\/i0.wp.com\/smallthings.fr\/lespetitslivres\/wp-content\/uploads\/2018\/11\/dollars-pennies-pepper-winters-4.jpg?resize=1050%2C600&ssl=1 3x, https:\/\/i0.wp.com\/smallthings.fr\/lespetitslivres\/wp-content\/uploads\/2018\/11\/dollars-pennies-pepper-winters-4.jpg?resize=1400%2C800&ssl=1 4x"},"classes":[]}],"_links":{"self":[{"href":"https:\/\/smallthings.fr\/lespetitslivres\/wp-json\/wp\/v2\/posts\/30716"}],"collection":[{"href":"https:\/\/smallthings.fr\/lespetitslivres\/wp-json\/wp\/v2\/posts"}],"about":[{"href":"https:\/\/smallthings.fr\/lespetitslivres\/wp-json\/wp\/v2\/types\/post"}],"author":[{"embeddable":true,"href":"https:\/\/smallthings.fr\/lespetitslivres\/wp-json\/wp\/v2\/users\/14"}],"replies":[{"embeddable":true,"href":"https:\/\/smallthings.fr\/lespetitslivres\/wp-json\/wp\/v2\/comments?post=30716"}],"version-history":[{"count":3,"href":"https:\/\/smallthings.fr\/lespetitslivres\/wp-json\/wp\/v2\/posts\/30716\/revisions"}],"predecessor-version":[{"id":30729,"href":"https:\/\/smallthings.fr\/lespetitslivres\/wp-json\/wp\/v2\/posts\/30716\/revisions\/30729"}],"wp:featuredmedia":[{"embeddable":true,"href":"https:\/\/smallthings.fr\/lespetitslivres\/wp-json\/wp\/v2\/media\/30719"}],"wp:attachment":[{"href":"https:\/\/smallthings.fr\/lespetitslivres\/wp-json\/wp\/v2\/media?parent=30716"}],"wp:term":[{"taxonomy":"category","embeddable":true,"href":"https:\/\/smallthings.fr\/lespetitslivres\/wp-json\/wp\/v2\/categories?post=30716"},{"taxonomy":"post_tag","embeddable":true,"href":"https:\/\/smallthings.fr\/lespetitslivres\/wp-json\/wp\/v2\/tags?post=30716"}],"curies":[{"name":"wp","href":"https:\/\/api.w.org\/{rel}","templated":true}]}}