{"id":30700,"date":"2017-01-17T18:00:32","date_gmt":"2017-01-17T17:00:32","guid":{"rendered":"http:\/\/smallthings.fr\/lespetitslivres\/?p=30700"},"modified":"2017-01-17T20:50:48","modified_gmt":"2017-01-17T19:50:48","slug":"presque-ensemble-philibert-critique","status":"publish","type":"post","link":"https:\/\/smallthings.fr\/lespetitslivres\/2017\/01\/17\/presque-ensemble-philibert-critique\/","title":{"rendered":"Presque ensemble, la vie malgr\u00e9 la d\u00e9sillusion selon Marjorie Philibert"},"content":{"rendered":"<h2><em>Presque ensemble<\/em> est le premier roman de la journaliste Marjorie Philibert, qui vient de para\u00eetre chez <a href=\"http:\/\/m.editions-jclattes.fr\/presque-ensemble-9782709658584\">JC Latt\u00e8s<\/a> en cette rentr\u00e9e hivernale. Une analyse quasi sociologique du c\u00f4t\u00e9 obscur de notre g\u00e9n\u00e9ration\u00a0: les existences m\u00e9diocres. Un roman sans illusion, f\u00e9rocement dr\u00f4le.<\/h2>\n<p>Le ton est donn\u00e9 d\u00e8s les premi\u00e8res pages\u00a0: <strong>ce qui r\u00e9unira Victoire et Nicolas, ce n\u2019est pas un coup de foudre, ni une intrigue trac\u00e9e par le destin, mais des circonstances compl\u00e8tement d\u00e9nu\u00e9es de romantisme\u00a0: le match de la finale France-Br\u00e9sil lors de la Coupe du monde 2002<\/strong> et un rapprochement presque enti\u00e8rement accidentel d\u2019un c\u00f4t\u00e9 comme de l\u2019autre. Sans compter que nos deux anti-h\u00e9ros n\u2019ont gu\u00e8re d\u2019exp\u00e9rience dans le domaine amoureux et sexuel, ni m\u00eame d\u2019envie ou d\u2019app\u00e9tence particuli\u00e8re pour la vie.<\/p>\n<p><img loading=\"lazy\" decoding=\"async\" data-attachment-id=\"30701\" data-permalink=\"https:\/\/smallthings.fr\/lespetitslivres\/2017\/01\/17\/presque-ensemble-philibert-critique\/presque-ensemble\/\" data-orig-file=\"https:\/\/smallthings.fr\/lespetitslivres\/wp-content\/uploads\/2017\/01\/presque-ensemble.jpeg\" data-orig-size=\"1400,2208\" data-comments-opened=\"1\" data-image-meta=\"{&quot;aperture&quot;:&quot;0&quot;,&quot;credit&quot;:&quot;&quot;,&quot;camera&quot;:&quot;&quot;,&quot;caption&quot;:&quot;&quot;,&quot;created_timestamp&quot;:&quot;0&quot;,&quot;copyright&quot;:&quot;&quot;,&quot;focal_length&quot;:&quot;0&quot;,&quot;iso&quot;:&quot;0&quot;,&quot;shutter_speed&quot;:&quot;0&quot;,&quot;title&quot;:&quot;&quot;,&quot;orientation&quot;:&quot;0&quot;}\" data-image-title=\"presque-ensemble\" data-image-description=\"\" data-image-caption=\"\" data-medium-file=\"https:\/\/smallthings.fr\/lespetitslivres\/wp-content\/uploads\/2017\/01\/presque-ensemble-190x300.jpeg\" data-large-file=\"https:\/\/smallthings.fr\/lespetitslivres\/wp-content\/uploads\/2017\/01\/presque-ensemble-649x1024.jpeg\" class=\"alignright wp-image-30701\" src=\"http:\/\/smallthings.fr\/lespetitslivres\/wp-content\/uploads\/2017\/01\/presque-ensemble-649x1024.jpeg\" alt=\"\" width=\"290\" height=\"457\" srcset=\"https:\/\/smallthings.fr\/lespetitslivres\/wp-content\/uploads\/2017\/01\/presque-ensemble-649x1024.jpeg 649w, https:\/\/smallthings.fr\/lespetitslivres\/wp-content\/uploads\/2017\/01\/presque-ensemble-190x300.jpeg 190w, https:\/\/smallthings.fr\/lespetitslivres\/wp-content\/uploads\/2017\/01\/presque-ensemble-768x1211.jpeg 768w, https:\/\/smallthings.fr\/lespetitslivres\/wp-content\/uploads\/2017\/01\/presque-ensemble-974x1536.jpeg 974w, https:\/\/smallthings.fr\/lespetitslivres\/wp-content\/uploads\/2017\/01\/presque-ensemble-1299x2048.jpeg 1299w, https:\/\/smallthings.fr\/lespetitslivres\/wp-content\/uploads\/2017\/01\/presque-ensemble.jpeg 1400w\" sizes=\"(max-width: 290px) 100vw, 290px\" \/>Ce qui caract\u00e9rise ces deux personnages, avant tout et pour tout, c\u2019est leur m\u00e9diocrit\u00e9. Ils ne savent que r\u00eaver et se contenter ensuite d\u2019une r\u00e9alit\u00e9\u2026 m\u00e9diocre. <strong>Impossible pour eux de tirer leur vie vers le haut pour qu\u2019elle se rapproche de leurs r\u00eaves\u00a0: ils ne savent que rester sur le bas-c\u00f4t\u00e9 de la route et regarder les autres passer.<\/strong> \u00c9tudiants, ils se sentent exclus de l\u2019ambiance de la fac et ne se font qu\u2019un seul ami chacun, ils ne savent pas trop comment \u00e7a s\u2019est fait, mais bon, ils ne vont pas chipoter. Pourtant ils gravissent les \u00e9tapes de la vie, emm\u00e9nagent ensemble, sont dipl\u00f4m\u00e9s, finissent par entrer dans la vie active\u2026 mais rien ne se d\u00e9clenche, aucun coin de leur existence ne s\u2019\u00e9panouit, ne d\u00e9colle. Il n\u2019y a que la routine\u00a0; tout \u00e9l\u00e9ment un tant soit peu novateur se retrouve rapidement int\u00e9gr\u00e9 dans leur vie et par l\u00e0 m\u00eame att\u00e9nu\u00e9, vid\u00e9 d\u2019attrait et de sens.<\/p>\n<p>Les h\u00e9ros de <em>Presque ensemble<\/em> se d\u00e9poss\u00e8dent eux-m\u00eames de leur pouvoir de d\u00e9cision, persuad\u00e9 que le monde doit choisir \u00e0 leur place ou choisira mieux qu\u2019eux. Ils r\u00eavent sans agir\u00a0; ils s\u2019attendent \u00e0 tout avoir sur un plateau d\u2019argent, mais lorsqu\u2019ils voient que ce n\u2019est pas le cas, ils s\u2019y r\u00e9signent. Peu \u00e0 peu ils se r\u00e9signent \u00e0 tout\u00a0: \u00e0 ne pas avoir d\u2019argent, \u00e0 vivre dans un petit appartement parisien, \u00e0 ne plus coucher ensemble, \u00e0 ne plus parler\u2026 Comme le dit la 4\u00e8me\u00a0de couverture, m\u00eame Ptol\u00e9m\u00e9e, le chat qu\u2019ils adoptent, n\u2019y changera rien. Elle finit par avoir une aventure bien s\u00fbr\u00a0; lui aussi, bien s\u00fbr. Mais encore une fois tout cela reste, comment dire\u2026 factuel, d\u00e9nu\u00e9 d\u2019engagement. Ce qui aboutit \u00e0 une petite vie qui les frustre tous deux sans parvenir \u00e0 les secouer.<\/p>\n<p>C\u2019est en cela que <strong><em>Presque ensemble<\/em> est une odyss\u00e9e domestique\u00a0: Marjorie Philibert d\u00e9crit par petites touches, avec des chapitres courts et rythm\u00e9s, la lente fossilisation de leur vie, de leur couple et la mont\u00e9e progressive de la frustration puis de la r\u00e9signation sans que n\u2019apparaisse jamais une seule tentative de r\u00e9volte.<\/strong> Jusqu\u2019\u00e0 leur premi\u00e8re et leur derni\u00e8re dispute, qui n\u2019a rien de spectaculaire. Seulement de la ranc\u0153ur, de l\u2019incompr\u00e9hension, de la paresse\u00a0: le lot commun de beaucoup de couples finalement. Un m\u00e9lange de fatalit\u00e9 et de d\u00e9sillusion qui finit par condamner la relation.<\/p>\n<p>C\u2019est pour \u00e7a que <em>Presque ensemble<\/em>\u00a0est bien ficel\u00e9, tr\u00e8s pertinent et d\u2019une d\u00e9sesp\u00e9rance terrifiante. <strong>Il touche du doigt le fl\u00e9au de notre g\u00e9n\u00e9ration\u00a0: la m\u00e9diocrit\u00e9 des gens qui ont renonc\u00e9 avant m\u00eame d\u2019avoir essay\u00e9 quoi que ce soit, d\u00e9courag\u00e9s d\u2019avance par un monde qui leur semble infiniment arbitraire et vide de sens leur vie.<\/strong> Le lecteur plonge dans cette atmosph\u00e8re de r\u00e9signation, d\u2019apathie avec Victoire et Nicolas, ne peut s\u2019emp\u00eacher de soupirer ou de rire devant certains moments affligeants, en se disant que non, d\u00e9cid\u00e9ment LUI n\u2019est pas du genre \u00e0 penser comme \u00e7a. Avant de marquer une pause, pile \u00e0 ce moment, et se dire\u00a0: mais si&#8230; si ces personnages me touchent, s\u2019ils me font r\u00e9agir, cela ne signifie-t-il pas que je pense un peu comme \u00e7a moi aussi\u00a0?<\/p>\n<p>A contrario, la fin de <em>Presque ensemble<\/em>\u00a0m\u2019a parue beaucoup moins vraisemblable au premier abord. Comment Nicolas et Victoire, qui n\u2019ont jamais pris de d\u00e9cision arr\u00eat\u00e9e, trouveraient-il la force de caract\u00e8re n\u00e9cessaire pour aller se broder l\u2019\u00e9toffe d\u2019un humanitaire ou d\u2019une m\u00e8re c\u00e9libataire\u00a0? Certes, l\u2019auteur insiste bien sur le caract\u00e8re d\u00e9risoire de leur d\u00e9cision et on peut facilement se dire qu\u2019elle est motiv\u00e9e par la peur plut\u00f4t que la bravoure mais cela me semblait trop l\u00e9ger.<\/p>\n<p>Cependant, une fois le livre repos\u00e9 et les mots d\u00e9cant\u00e9s, j\u2019ai finalement eu l\u2019impression que l\u2019auteur avait voulu montrer quelque chose par cette volte-face soudaine des personnages de l\u2019apathie \u00e0 l\u2019action. Peut-\u00eatre montrer que leur apathie \u00e9tait si forte que, pour s\u2019en arracher, ils devaient forc\u00e9ment basculer dans l\u2019autre extr\u00eame en prenant des d\u00e9cisions radicales\u00a0? Qui signeraient alors la fin de leur vie v\u00e9cue par d\u00e9faut et leur permettraient d\u2019\u00e9chapper \u00e0 une mort lente, englu\u00e9s dans leur apathie. \u00c0 ce moment, le changement serait si brutal qu\u2019il expliquerait l\u2019acc\u00e9l\u00e9ration brusque de l\u2019intrigue jusqu\u2019\u00e0 la chute finale\u00a0: changer n\u2019est pas anodin, c\u2019est un chamboulement complet dans lequel la vie parvient \u00e0 survivre ou se casse net. Et <strong>les destins diff\u00e9rents de Victoire et Nicolas afficheraient le parti pris du livre\u00a0: plut\u00f4t risquer de se perdre soi-m\u00eame dans l\u2019action que de stagner dans l\u2019apathie toute sa vie.<\/strong><\/p>\n<p>Reste le d\u00e9nouement artificiel, provoqu\u00e9 par un <em>deus ex machina <\/em>sorti de nulle part. Mais c\u2019est une broutille, au sein d\u2019un roman qui sonne aussi juste !<\/p>\n<p><em>\u00ab\u00a0Ils avaient l\u2019honn\u00eatet\u00e9 de reconna\u00eetre que ce qui les attirait, comme tout le monde, c\u2019\u00e9tait que tout \u00e9tait vrai. Ce n\u2019\u00e9tait pas les petites fictions qu\u2019on leur d\u00e9bitait au kilom\u00e8tre, pour les faire tenir tranquilles. Dans le Loft, l\u2019\u00e9cran suintait de r\u00e9alit\u00e9, une r\u00e9alit\u00e9 blafarde, mais qui \u00e9tait la leur\u00a0: celle de jeunes gens qui, comme eux, attendaient vaguement que quelque chose leur arrive. D\u2019une certaine mani\u00e8re, ils avaient le sentiment que l\u2019\u00e9mission, et son succ\u00e8s ph\u00e9nom\u00e9nal, leur rendait justice \u00e0 eux et \u00e0 tous les anonymes sans destin. Et ils en avaient besoin\u00a0: derri\u00e8re son apparente facilit\u00e9, leur quotidien\u00a0 \u00e9tait \u00e2pre. Il \u00e9tait \u00e2pre parce que tout dans leur vie se heurtait au vide. Certes, ils faisaient bloc\u00a0; mais ils manquaient de mod\u00e8les dans le fond\u00a0; ils manquaient aussi d\u2019imagination.\u00a0\u00bb<\/em><\/p>\n","protected":false},"excerpt":{"rendered":"<p>Presque ensemble est le premier roman de la journaliste Marjorie Philibert, qui vient de para\u00eetre chez JC Latt\u00e8s en cette rentr\u00e9e hivernale. Une analyse quasi sociologique du c\u00f4t\u00e9 obscur de notre g\u00e9n\u00e9ration\u00a0: les existences m\u00e9diocres. Un roman sans illusion, f\u00e9rocement dr\u00f4le. Le ton est donn\u00e9 d\u00e8s les premi\u00e8res pages\u00a0: ce qui r\u00e9unira Victoire et Nicolas,<\/p>\n","protected":false},"author":13,"featured_media":30705,"comment_status":"open","ping_status":"open","sticky":false,"template":"","format":"standard","meta":{"jetpack_post_was_ever_published":false,"_jetpack_newsletter_access":"","_jetpack_newsletter_tier_id":0,"footnotes":"","jetpack_publicize_message":"","jetpack_is_tweetstorm":false,"jetpack_publicize_feature_enabled":true,"jetpack_social_post_already_shared":true,"jetpack_social_options":{"image_generator_settings":{"template":"highway","enabled":false}}},"categories":[1117],"tags":[1648,51,1649,54],"jetpack_publicize_connections":[],"yoast_head":"<!-- This site is optimized with the Yoast SEO plugin v21.5 - https:\/\/yoast.com\/wordpress\/plugins\/seo\/ -->\n<title>Presque ensemble, la vie malgr\u00e9 la d\u00e9sillusion selon Marjorie Philibert<\/title>\n<meta name=\"description\" content=\"Presque ensemble est le premier roman de la journaliste Marjorie Philibert, qui vient de para\u00eetre chez JC Latt\u00e8s en cette rentr\u00e9e hivernale. Une analyse\" \/>\n<meta name=\"robots\" content=\"index, follow, max-snippet:-1, max-image-preview:large, max-video-preview:-1\" \/>\n<link rel=\"canonical\" href=\"https:\/\/smallthings.fr\/lespetitslivres\/2017\/01\/17\/presque-ensemble-philibert-critique\/\" \/>\n<meta property=\"og:locale\" content=\"fr_FR\" \/>\n<meta property=\"og:type\" content=\"article\" \/>\n<meta property=\"og:title\" content=\"Presque ensemble, la vie malgr\u00e9 la d\u00e9sillusion selon Marjorie Philibert\" \/>\n<meta property=\"og:description\" content=\"Presque ensemble est le premier roman de la journaliste Marjorie Philibert, qui vient de para\u00eetre chez JC Latt\u00e8s en cette rentr\u00e9e hivernale. Une analyse\" \/>\n<meta property=\"og:url\" content=\"https:\/\/smallthings.fr\/lespetitslivres\/2017\/01\/17\/presque-ensemble-philibert-critique\/\" \/>\n<meta property=\"og:site_name\" content=\"Les Petits Livres\" \/>\n<meta property=\"article:published_time\" content=\"2017-01-17T17:00:32+00:00\" \/>\n<meta property=\"article:modified_time\" content=\"2017-01-17T19:50:48+00:00\" \/>\n<meta property=\"og:image\" content=\"https:\/\/smallthings.fr\/lespetitslivres\/wp-content\/uploads\/2017\/01\/presque-ensemble-couv.jpeg\" \/>\n\t<meta property=\"og:image:width\" content=\"600\" \/>\n\t<meta property=\"og:image:height\" content=\"298\" \/>\n\t<meta property=\"og:image:type\" content=\"image\/jpeg\" \/>\n<meta name=\"author\" content=\"Cecile\" \/>\n<meta name=\"twitter:card\" content=\"summary_large_image\" \/>\n<meta name=\"twitter:label1\" content=\"\u00c9crit par\" \/>\n\t<meta name=\"twitter:data1\" content=\"Cecile\" \/>\n\t<meta name=\"twitter:label2\" content=\"Dur\u00e9e de lecture estim\u00e9e\" \/>\n\t<meta name=\"twitter:data2\" content=\"6 minutes\" \/>\n<script type=\"application\/ld+json\" class=\"yoast-schema-graph\">{\"@context\":\"https:\/\/schema.org\",\"@graph\":[{\"@type\":\"WebPage\",\"@id\":\"https:\/\/smallthings.fr\/lespetitslivres\/2017\/01\/17\/presque-ensemble-philibert-critique\/\",\"url\":\"https:\/\/smallthings.fr\/lespetitslivres\/2017\/01\/17\/presque-ensemble-philibert-critique\/\",\"name\":\"Presque ensemble, la vie malgr\u00e9 la d\u00e9sillusion selon Marjorie Philibert\",\"isPartOf\":{\"@id\":\"https:\/\/smallthings.fr\/lespetitslivres\/#website\"},\"datePublished\":\"2017-01-17T17:00:32+00:00\",\"dateModified\":\"2017-01-17T19:50:48+00:00\",\"author\":{\"@id\":\"https:\/\/smallthings.fr\/lespetitslivres\/#\/schema\/person\/7b3de8ef611f2b29f758a00cad7cafb2\"},\"description\":\"Presque ensemble est le premier roman de la journaliste Marjorie Philibert, qui vient de para\u00eetre chez JC Latt\u00e8s en cette rentr\u00e9e hivernale. Une analyse\",\"breadcrumb\":{\"@id\":\"https:\/\/smallthings.fr\/lespetitslivres\/2017\/01\/17\/presque-ensemble-philibert-critique\/#breadcrumb\"},\"inLanguage\":\"fr-FR\",\"potentialAction\":[{\"@type\":\"ReadAction\",\"target\":[\"https:\/\/smallthings.fr\/lespetitslivres\/2017\/01\/17\/presque-ensemble-philibert-critique\/\"]}]},{\"@type\":\"BreadcrumbList\",\"@id\":\"https:\/\/smallthings.fr\/lespetitslivres\/2017\/01\/17\/presque-ensemble-philibert-critique\/#breadcrumb\",\"itemListElement\":[{\"@type\":\"ListItem\",\"position\":1,\"name\":\"Accueil\",\"item\":\"https:\/\/smallthings.fr\/lespetitslivres\/\"},{\"@type\":\"ListItem\",\"position\":2,\"name\":\"Presque ensemble, la vie malgr\u00e9 la d\u00e9sillusion selon Marjorie Philibert\"}]},{\"@type\":\"WebSite\",\"@id\":\"https:\/\/smallthings.fr\/lespetitslivres\/#website\",\"url\":\"https:\/\/smallthings.fr\/lespetitslivres\/\",\"name\":\"Les Petits Livres\",\"description\":\"by Small Things\",\"potentialAction\":[{\"@type\":\"SearchAction\",\"target\":{\"@type\":\"EntryPoint\",\"urlTemplate\":\"https:\/\/smallthings.fr\/lespetitslivres\/?s={search_term_string}\"},\"query-input\":\"required name=search_term_string\"}],\"inLanguage\":\"fr-FR\"},{\"@type\":\"Person\",\"@id\":\"https:\/\/smallthings.fr\/lespetitslivres\/#\/schema\/person\/7b3de8ef611f2b29f758a00cad7cafb2\",\"name\":\"Cecile\",\"image\":{\"@type\":\"ImageObject\",\"inLanguage\":\"fr-FR\",\"@id\":\"https:\/\/smallthings.fr\/lespetitslivres\/#\/schema\/person\/image\/\",\"url\":\"https:\/\/secure.gravatar.com\/avatar\/a855fa1dbad38b06e97132a8a6579746?s=96&d=retro&r=g\",\"contentUrl\":\"https:\/\/secure.gravatar.com\/avatar\/a855fa1dbad38b06e97132a8a6579746?s=96&d=retro&r=g\",\"caption\":\"Cecile\"},\"url\":\"https:\/\/smallthings.fr\/lespetitslivres\/author\/cecile\/\"}]}<\/script>\n<!-- \/ Yoast SEO plugin. -->","yoast_head_json":{"title":"Presque ensemble, la vie malgr\u00e9 la d\u00e9sillusion selon Marjorie Philibert","description":"Presque ensemble est le premier roman de la journaliste Marjorie Philibert, qui vient de para\u00eetre chez JC Latt\u00e8s en cette rentr\u00e9e hivernale. Une analyse","robots":{"index":"index","follow":"follow","max-snippet":"max-snippet:-1","max-image-preview":"max-image-preview:large","max-video-preview":"max-video-preview:-1"},"canonical":"https:\/\/smallthings.fr\/lespetitslivres\/2017\/01\/17\/presque-ensemble-philibert-critique\/","og_locale":"fr_FR","og_type":"article","og_title":"Presque ensemble, la vie malgr\u00e9 la d\u00e9sillusion selon Marjorie Philibert","og_description":"Presque ensemble est le premier roman de la journaliste Marjorie Philibert, qui vient de para\u00eetre chez JC Latt\u00e8s en cette rentr\u00e9e hivernale. Une analyse","og_url":"https:\/\/smallthings.fr\/lespetitslivres\/2017\/01\/17\/presque-ensemble-philibert-critique\/","og_site_name":"Les Petits Livres","article_published_time":"2017-01-17T17:00:32+00:00","article_modified_time":"2017-01-17T19:50:48+00:00","og_image":[{"width":600,"height":298,"url":"https:\/\/smallthings.fr\/lespetitslivres\/wp-content\/uploads\/2017\/01\/presque-ensemble-couv.jpeg","type":"image\/jpeg"}],"author":"Cecile","twitter_card":"summary_large_image","twitter_misc":{"\u00c9crit par":"Cecile","Dur\u00e9e de lecture estim\u00e9e":"6 minutes"},"schema":{"@context":"https:\/\/schema.org","@graph":[{"@type":"WebPage","@id":"https:\/\/smallthings.fr\/lespetitslivres\/2017\/01\/17\/presque-ensemble-philibert-critique\/","url":"https:\/\/smallthings.fr\/lespetitslivres\/2017\/01\/17\/presque-ensemble-philibert-critique\/","name":"Presque ensemble, la vie malgr\u00e9 la d\u00e9sillusion selon Marjorie Philibert","isPartOf":{"@id":"https:\/\/smallthings.fr\/lespetitslivres\/#website"},"datePublished":"2017-01-17T17:00:32+00:00","dateModified":"2017-01-17T19:50:48+00:00","author":{"@id":"https:\/\/smallthings.fr\/lespetitslivres\/#\/schema\/person\/7b3de8ef611f2b29f758a00cad7cafb2"},"description":"Presque ensemble est le premier roman de la journaliste Marjorie Philibert, qui vient de para\u00eetre chez JC Latt\u00e8s en cette rentr\u00e9e hivernale. Une analyse","breadcrumb":{"@id":"https:\/\/smallthings.fr\/lespetitslivres\/2017\/01\/17\/presque-ensemble-philibert-critique\/#breadcrumb"},"inLanguage":"fr-FR","potentialAction":[{"@type":"ReadAction","target":["https:\/\/smallthings.fr\/lespetitslivres\/2017\/01\/17\/presque-ensemble-philibert-critique\/"]}]},{"@type":"BreadcrumbList","@id":"https:\/\/smallthings.fr\/lespetitslivres\/2017\/01\/17\/presque-ensemble-philibert-critique\/#breadcrumb","itemListElement":[{"@type":"ListItem","position":1,"name":"Accueil","item":"https:\/\/smallthings.fr\/lespetitslivres\/"},{"@type":"ListItem","position":2,"name":"Presque ensemble, la vie malgr\u00e9 la d\u00e9sillusion selon Marjorie Philibert"}]},{"@type":"WebSite","@id":"https:\/\/smallthings.fr\/lespetitslivres\/#website","url":"https:\/\/smallthings.fr\/lespetitslivres\/","name":"Les Petits Livres","description":"by Small Things","potentialAction":[{"@type":"SearchAction","target":{"@type":"EntryPoint","urlTemplate":"https:\/\/smallthings.fr\/lespetitslivres\/?s={search_term_string}"},"query-input":"required name=search_term_string"}],"inLanguage":"fr-FR"},{"@type":"Person","@id":"https:\/\/smallthings.fr\/lespetitslivres\/#\/schema\/person\/7b3de8ef611f2b29f758a00cad7cafb2","name":"Cecile","image":{"@type":"ImageObject","inLanguage":"fr-FR","@id":"https:\/\/smallthings.fr\/lespetitslivres\/#\/schema\/person\/image\/","url":"https:\/\/secure.gravatar.com\/avatar\/a855fa1dbad38b06e97132a8a6579746?s=96&d=retro&r=g","contentUrl":"https:\/\/secure.gravatar.com\/avatar\/a855fa1dbad38b06e97132a8a6579746?s=96&d=retro&r=g","caption":"Cecile"},"url":"https:\/\/smallthings.fr\/lespetitslivres\/author\/cecile\/"}]}},"jetpack_featured_media_url":"https:\/\/smallthings.fr\/lespetitslivres\/wp-content\/uploads\/2017\/01\/presque-ensemble-couv.jpeg","jetpack_sharing_enabled":true,"jetpack_shortlink":"https:\/\/wp.me\/p6Un21-7Za","jetpack-related-posts":[{"id":31803,"url":"https:\/\/smallthings.fr\/lespetitslivres\/2018\/09\/08\/presque-nuit-ete-thi-thu-avis\/","url_meta":{"origin":30700,"position":0},"title":"Presque une nuit d\u2019\u00e9t\u00e9, premier roman de Thi Thu","author":"Diane Norric","date":"8 septembre 2018","format":false,"excerpt":"La rentr\u00e9e litt\u00e9raire 2018 a \u00e9tabli un record en mati\u00e8re de premiers romans. Difficile pour ces primo-romanciers de ne pas finir noy\u00e9s dans la masse. Dans cette for\u00eat de titres, on ne peut que conseiller de ne pas manquer un arbre d\u00e9licat et remarquable : Presque une nuit d\u2019\u00e9t\u00e9 et\u2026","rel":"","context":"Dans &quot;Roman fran\u00e7ais&quot;","block_context":{"text":"Roman fran\u00e7ais","link":"https:\/\/smallthings.fr\/lespetitslivres\/category\/roman\/roman-francais\/"},"img":{"alt_text":"","src":"https:\/\/i0.wp.com\/smallthings.fr\/lespetitslivres\/wp-content\/uploads\/2018\/09\/presque-une-nuit-d-ete-cover.jpg?resize=350%2C200&ssl=1","width":350,"height":200,"srcset":"https:\/\/i0.wp.com\/smallthings.fr\/lespetitslivres\/wp-content\/uploads\/2018\/09\/presque-une-nuit-d-ete-cover.jpg?resize=350%2C200&ssl=1 1x, https:\/\/i0.wp.com\/smallthings.fr\/lespetitslivres\/wp-content\/uploads\/2018\/09\/presque-une-nuit-d-ete-cover.jpg?resize=525%2C300&ssl=1 1.5x"},"classes":[]},{"id":31246,"url":"https:\/\/smallthings.fr\/lespetitslivres\/2017\/08\/29\/une-mer-d-huile-morin-critique\/","url_meta":{"origin":30700,"position":1},"title":"Une mer d&rsquo;huile de Pascal Morin, malaise au sein d&rsquo;une famille","author":"Axelle","date":"29 ao\u00fbt 2017","format":false,"excerpt":"Une mer d'huile de Pascal Morin vient de para\u00eetre dans la collection La Brune des \u00e9ditions du Rouergue pour cette rentr\u00e9e litt\u00e9raire. L'histoire d'une routine familiale perturb\u00e9e par l'arriv\u00e9e d'un \u00e9l\u00e9ment nouveau, \u00e9tranger et intriguant. Nous d\u00e9couvrons\u00a0une famille \u00e0 son rendez-vous annuel dans la villa de la C\u00f4te d'Azur. Danielle,\u2026","rel":"","context":"Dans &quot;Roman fran\u00e7ais&quot;","block_context":{"text":"Roman fran\u00e7ais","link":"https:\/\/smallthings.fr\/lespetitslivres\/category\/roman\/roman-francais\/"},"img":{"alt_text":"","src":"https:\/\/i0.wp.com\/smallthings.fr\/lespetitslivres\/wp-content\/uploads\/2017\/08\/mer-d-huile-cover.jpg?resize=350%2C200&ssl=1","width":350,"height":200,"srcset":"https:\/\/i0.wp.com\/smallthings.fr\/lespetitslivres\/wp-content\/uploads\/2017\/08\/mer-d-huile-cover.jpg?resize=350%2C200&ssl=1 1x, https:\/\/i0.wp.com\/smallthings.fr\/lespetitslivres\/wp-content\/uploads\/2017\/08\/mer-d-huile-cover.jpg?resize=525%2C300&ssl=1 1.5x, https:\/\/i0.wp.com\/smallthings.fr\/lespetitslivres\/wp-content\/uploads\/2017\/08\/mer-d-huile-cover.jpg?resize=700%2C400&ssl=1 2x, https:\/\/i0.wp.com\/smallthings.fr\/lespetitslivres\/wp-content\/uploads\/2017\/08\/mer-d-huile-cover.jpg?resize=1050%2C600&ssl=1 3x"},"classes":[]},{"id":29168,"url":"https:\/\/smallthings.fr\/lespetitslivres\/2015\/11\/20\/des-millions-de-larmes-et-de-rires-roman\/","url_meta":{"origin":30700,"position":2},"title":"Des millions de larmes et de rires : partir pour gu\u00e9rir","author":"June","date":"20 novembre 2015","format":false,"excerpt":"Pour son premier roman, paru aux \u00e9ditions Mosa\u00efc le 28 octobre, Karma Brown n\u2019a pas choisi le sujet le plus \u00e9vident. Dans Des Millions de larmes et de rires, elle aborde le drame de la perte d\u2019un enfant \u00e0 na\u00eetre avec toutes les cons\u00e9quences que cela peut engendrer au sein\u2026","rel":"","context":"Dans &quot;Actu&quot;","block_context":{"text":"Actu","link":"https:\/\/smallthings.fr\/lespetitslivres\/category\/actu\/"},"img":{"alt_text":"","src":"https:\/\/i0.wp.com\/smallthings.fr\/lespetitslivres\/wp-content\/uploads\/2015\/11\/des-millions-de-larmes-et-de-rires-couv.jpeg?resize=350%2C200&ssl=1","width":350,"height":200},"classes":[]},{"id":26290,"url":"https:\/\/smallthings.fr\/lespetitslivres\/2015\/08\/19\/petits-plats-de-resistance-pujol-critique\/","url_meta":{"origin":30700,"position":3},"title":"Petits plats de r\u00e9sistance : le premier roman de Pascale Pujol","author":"Audrey Ch\u00e8vrefeuille","date":"19 ao\u00fbt 2015","format":false,"excerpt":"Avec Petits plats de r\u00e9sistance, de Pascale Pujol signe l'une des publications les plus originales de cette rentr\u00e9e litt\u00e9raire aux \u00e9ditions du Dilettante. Un premier roman pour cette auteure, qui s\u2019\u00e9tait auparavant essay\u00e9e au recueil de nouvelles en 2014 avec Fragments d\u2019un texto amoureux, publi\u00e9 aux \u00e9ditions Quadrature, un \u00e9diteur\u2026","rel":"","context":"Dans &quot;Rentr\u00e9e Litt\u00e9raire&quot;","block_context":{"text":"Rentr\u00e9e Litt\u00e9raire","link":"https:\/\/smallthings.fr\/lespetitslivres\/category\/rentree-litteraire-2015\/"},"img":{"alt_text":"","src":"https:\/\/i0.wp.com\/smallthings.fr\/wp-content\/uploads\/2015\/08\/petits-plats-de-resistance.jpg?resize=350%2C200","width":350,"height":200},"classes":[]},{"id":29649,"url":"https:\/\/smallthings.fr\/lespetitslivres\/2016\/03\/01\/bout-du-monde-marc-victor\/","url_meta":{"origin":30700,"position":4},"title":"Le bout du monde de Marc Victor, p\u00e9riple introspectif","author":"June","date":"1 mars 2016","format":false,"excerpt":"Paru en janvier aux \u00e9ditions JC Latt\u00e8s, Le bout du monde de Marc Victor, co-sc\u00e9nariste de la s\u00e9rie Kaboul Kitchen, est un \u00e9trange voyage. Un r\u00e9cit d\u00e9paysant et languissant qui se tisse au fil des souvenirs et des conflits aux quatre coins du monde. Le tableau de l\u2019amiti\u00e9 d\u2019une vie\u2026","rel":"","context":"Dans &quot;Roman fran\u00e7ais&quot;","block_context":{"text":"Roman fran\u00e7ais","link":"https:\/\/smallthings.fr\/lespetitslivres\/category\/roman\/roman-francais\/"},"img":{"alt_text":"","src":"https:\/\/i0.wp.com\/smallthings.fr\/lespetitslivres\/wp-content\/uploads\/2016\/02\/bout-du-monde-couv.jpg?resize=350%2C200&ssl=1","width":350,"height":200,"srcset":"https:\/\/i0.wp.com\/smallthings.fr\/lespetitslivres\/wp-content\/uploads\/2016\/02\/bout-du-monde-couv.jpg?resize=350%2C200&ssl=1 1x, https:\/\/i0.wp.com\/smallthings.fr\/lespetitslivres\/wp-content\/uploads\/2016\/02\/bout-du-monde-couv.jpg?resize=525%2C300&ssl=1 1.5x, https:\/\/i0.wp.com\/smallthings.fr\/lespetitslivres\/wp-content\/uploads\/2016\/02\/bout-du-monde-couv.jpg?resize=700%2C400&ssl=1 2x"},"classes":[]},{"id":5950,"url":"https:\/\/smallthings.fr\/lespetitslivres\/2013\/06\/04\/yanick-lahens-guillaume-et-nathalie\/","url_meta":{"origin":30700,"position":5},"title":"Yanick Lahens &#8211; Guillaume et Nathalie","author":"Yohann","date":"4 juin 2013","format":false,"excerpt":"&quot;Cela faisait longtemps que je voulais \u00e9crire cette histoire de rencontre d'un homme et d'une femme. L'une de celles qui ravivent le go\u00fbt de l'impossible&quot;, confie Yanick Lahens. Dans son roman paru au d\u00e9but du mois d'avril, elle choisit le moment du s\u00e9isme de janvier 2010 en Ha\u00efti pour r\u00e9aliser\u2026","rel":"","context":"Dans &quot;Roman fran\u00e7ais&quot;","block_context":{"text":"Roman fran\u00e7ais","link":"https:\/\/smallthings.fr\/lespetitslivres\/category\/roman\/roman-francais\/"},"img":{"alt_text":"","src":"https:\/\/parolenarchipel.files.wordpress.com\/2013\/01\/3_19.jpg?w=350&h=200&crop=1","width":350,"height":200},"classes":[]}],"_links":{"self":[{"href":"https:\/\/smallthings.fr\/lespetitslivres\/wp-json\/wp\/v2\/posts\/30700"}],"collection":[{"href":"https:\/\/smallthings.fr\/lespetitslivres\/wp-json\/wp\/v2\/posts"}],"about":[{"href":"https:\/\/smallthings.fr\/lespetitslivres\/wp-json\/wp\/v2\/types\/post"}],"author":[{"embeddable":true,"href":"https:\/\/smallthings.fr\/lespetitslivres\/wp-json\/wp\/v2\/users\/13"}],"replies":[{"embeddable":true,"href":"https:\/\/smallthings.fr\/lespetitslivres\/wp-json\/wp\/v2\/comments?post=30700"}],"version-history":[{"count":4,"href":"https:\/\/smallthings.fr\/lespetitslivres\/wp-json\/wp\/v2\/posts\/30700\/revisions"}],"predecessor-version":[{"id":30714,"href":"https:\/\/smallthings.fr\/lespetitslivres\/wp-json\/wp\/v2\/posts\/30700\/revisions\/30714"}],"wp:featuredmedia":[{"embeddable":true,"href":"https:\/\/smallthings.fr\/lespetitslivres\/wp-json\/wp\/v2\/media\/30705"}],"wp:attachment":[{"href":"https:\/\/smallthings.fr\/lespetitslivres\/wp-json\/wp\/v2\/media?parent=30700"}],"wp:term":[{"taxonomy":"category","embeddable":true,"href":"https:\/\/smallthings.fr\/lespetitslivres\/wp-json\/wp\/v2\/categories?post=30700"},{"taxonomy":"post_tag","embeddable":true,"href":"https:\/\/smallthings.fr\/lespetitslivres\/wp-json\/wp\/v2\/tags?post=30700"}],"curies":[{"name":"wp","href":"https:\/\/api.w.org\/{rel}","templated":true}]}}