{"id":30599,"date":"2017-01-04T10:30:00","date_gmt":"2017-01-04T09:30:00","guid":{"rendered":"http:\/\/smallthings.fr\/lespetitslivres\/?p=30599"},"modified":"2016-12-31T14:18:06","modified_gmt":"2016-12-31T13:18:06","slug":"collectionneur-allemand-benguigui-critique","status":"publish","type":"post","link":"https:\/\/smallthings.fr\/lespetitslivres\/2017\/01\/04\/collectionneur-allemand-benguigui-critique\/","title":{"rendered":"Un collectionneur allemand, premier roman prometteur"},"content":{"rendered":"<h2><em>Un collectionneur allemand<\/em> est le premier roman, court mais ambitieux, de Manuel Benguigui, publi\u00e9 en cette rentr\u00e9e litt\u00e9raire hivernale par les \u00e9ditions du <a href=\"http:\/\/www.mercuredefrance.fr\/livre-Un_collectionneur_allemand-9782715244948-1-1-0-1.html\">Mercure de France<\/a>. Une plong\u00e9e dans le Paris de l\u2019Occupation \u00e0 travers le personnage d\u2019un capitaine de la Wehrmacht pr\u00e9pos\u00e9 au rassemblement et au classement des \u0153uvres d\u2019art destin\u00e9es \u00e0 \u00eatre envoy\u00e9es en Allemagne.<\/h2>\n<p><strong>Depuis toujours, Ludwig est passionn\u00e9 par les \u0153uvres d\u2019art. Sa vie est orient\u00e9e vers un seul but\u00a0: les voir. Il a l\u2019\u0153il absolu, il d\u00e9busque les chefs-d\u2019\u0153uvre o\u00f9 qu\u2019ils se cachent.<\/strong> Lorsque d\u00e9bute la guerre, il fait le forcing pour \u00eatre int\u00e9gr\u00e9 \u00e0 l\u2019ERR, l\u2019unit\u00e9 charg\u00e9e de g\u00e9rer les \u0153uvres d\u2019art prises par l\u2019arm\u00e9e d\u2019occupation.<\/p>\n<p><img loading=\"lazy\" decoding=\"async\" data-attachment-id=\"30600\" data-permalink=\"https:\/\/smallthings.fr\/lespetitslivres\/2017\/01\/04\/collectionneur-allemand-benguigui-critique\/un-collectionneur-allemand-benguigui\/\" data-orig-file=\"https:\/\/smallthings.fr\/lespetitslivres\/wp-content\/uploads\/2016\/12\/un-collectionneur-allemand-benguigui.jpg\" data-orig-size=\"400,585\" data-comments-opened=\"1\" data-image-meta=\"{&quot;aperture&quot;:&quot;0&quot;,&quot;credit&quot;:&quot;&quot;,&quot;camera&quot;:&quot;&quot;,&quot;caption&quot;:&quot;&quot;,&quot;created_timestamp&quot;:&quot;0&quot;,&quot;copyright&quot;:&quot;&quot;,&quot;focal_length&quot;:&quot;0&quot;,&quot;iso&quot;:&quot;0&quot;,&quot;shutter_speed&quot;:&quot;0&quot;,&quot;title&quot;:&quot;&quot;,&quot;orientation&quot;:&quot;0&quot;}\" data-image-title=\"un-collectionneur-allemand-benguigui\" data-image-description=\"\" data-image-caption=\"\" data-medium-file=\"https:\/\/smallthings.fr\/lespetitslivres\/wp-content\/uploads\/2016\/12\/un-collectionneur-allemand-benguigui-205x300.jpg\" data-large-file=\"https:\/\/smallthings.fr\/lespetitslivres\/wp-content\/uploads\/2016\/12\/un-collectionneur-allemand-benguigui.jpg\" class=\"alignleft  wp-image-30600\" src=\"http:\/\/smallthings.fr\/lespetitslivres\/wp-content\/uploads\/2016\/12\/un-collectionneur-allemand-benguigui.jpg\" alt=\"\" width=\"249\" height=\"364\" srcset=\"https:\/\/smallthings.fr\/lespetitslivres\/wp-content\/uploads\/2016\/12\/un-collectionneur-allemand-benguigui.jpg 400w, https:\/\/smallthings.fr\/lespetitslivres\/wp-content\/uploads\/2016\/12\/un-collectionneur-allemand-benguigui-205x300.jpg 205w\" sizes=\"(max-width: 249px) 100vw, 249px\" \/>Non que Ludwig soit particuli\u00e8rement anti-juif\u00a0: lui, il voudrait aussi prendre les \u0153uvres d\u2019art chez les marchands non-juifs \u2013 seul l\u2019int\u00e9resse le plaisir de pouvoir contempler les merveilles. Mais ses talents se remarquent et font de lui le prot\u00e9g\u00e9 de Goering, collectionneur enrag\u00e9. Ludwig aurait travers\u00e9 la guerre le nez dans les tableaux s\u2019il n\u2019avait rencontr\u00e9 Lucette, une Fran\u00e7aise passionn\u00e9e d\u2019art comme lui. Pour la premi\u00e8re fois, il s\u2019int\u00e9resse \u00e0 autre chose qu\u2019\u00e0 la peinture. <strong>Pour la premi\u00e8re fois, l\u2019amour l\u2019\u00e9treint. Il ne fait toutefois pas bon s\u2019aimer dans la France en guerre. Surtout lorsque ceux qui s\u2019aiment sont une Fran\u00e7aise et un Allemand.<\/strong> On n\u2019en dira pas plus&#8230;<\/p>\n<p><strong>Pour son premier livre, Manuel Benguigui s\u2019aventure donc du c\u00f4t\u00e9 du roman historique.<\/strong> Des ann\u00e9es 1940 \u00e0 1945 \u00e0 Paris, il offre toutefois une reconstitution sobre, sans d\u00e9tails excessifs\u00a0: le monde est d\u00e9crit au travers des yeux du personnage principal, qui ne s\u2019int\u00e9resse pr\u00e9cis\u00e9ment \u00e0 rien d\u2019autre qu\u2019aux \u0153uvres d\u2019art. Mais quelques mots suffisent \u00e0 rappeler au lecteur qu\u2019en-dehors de la bulle o\u00f9 s\u2019est enferm\u00e9 Ludwig, l\u2019\u00e9poque est terrible. L\u2019impression est d\u2019autant plus forte que le livre s\u2019attache \u00e0 faire contraster la beaut\u00e9 des \u0153uvres d\u2019art contempl\u00e9es et r\u00e9pertori\u00e9es par Ludwig avec la brutalit\u00e9 des spoliations par lesquelles il acc\u00e8de \u00e0 ces \u0153uvres. Du seul personnage historique de sa fiction, Hermann Goering, Benguigui dresse par contre un portrait \u00e9tonnamment peu s\u00e9v\u00e8re. Personnage gargantuesque, rong\u00e9 de chagrin par le d\u00e9c\u00e8s de sa femme, il donne au <em>Collectionneur allemand<\/em> ses rares moments de comique.<\/p>\n<p>Sur ce fond historique, le personnage principal se meut sans para\u00eetre vraiment atteint. En pr\u00e9ambule au <em>Collectionneur allemand<\/em>, un paragraphe nous explique d\u2019ailleurs que \u00ab\u00a0De son plus jeune \u00e2ge, Ludwig fut absorb\u00e9 par l\u2019art. Il vivait par les \u0153uvres, pour les \u0153uvres, et rien d\u2019autre. Leur vision, leur vision seule et simple lui tenait lieu de nourriture fondamentale. [\u2026] Ludwig se contrefichait de la Terre et de ses habitants\u00a0\u00bb. Ces lignes, destin\u00e9es \u00e0 <em>pitcher<\/em> le protagoniste, apparaissent bien superflues, tant les caract\u00e9ristiques du h\u00e9ros ressortent efficacement de l\u2019\u00e9criture de Benguigui. Mais ce pr\u00e9ambule r\u00e9sume aussi la limite de ce premier roman\u00a0: malgr\u00e9 son amour pour Lucette, Ludwig reste ce personnage hors du temps, hors du monde pendant tout le livre, qui d\u00e9gage d\u00e8s lors une \u00e9trange impression de fixit\u00e9 et semble peupl\u00e9 plus par des id\u00e9es de personnages que par des \u00eatres de chair. Ce parti pris finit par d\u00e9sar\u00e7onner quelque peu. S\u2019agissant d\u2019un premier roman, on ne sait encore s\u2019il faut l\u2019attribuer \u00e0 une volont\u00e9 de l\u2019auteur de rester coh\u00e9rent avec la personnalit\u00e9 de son h\u00e9ros, ou s\u2019il r\u00e9v\u00e8le la difficult\u00e9 du romancier \u00e0 v\u00e9ritablement donner vie \u00e0 ses personnages.<\/p>\n<p><strong>On a h\u00e2te de lire un deuxi\u00e8me roman, pour juger sur pi\u00e8ce&#8230;<\/strong><\/p>\n","protected":false},"excerpt":{"rendered":"<p>Un collectionneur allemand est le premier roman, court mais ambitieux, de Manuel Benguigui, publi\u00e9 en cette rentr\u00e9e litt\u00e9raire hivernale par les \u00e9ditions du Mercure de France. Une plong\u00e9e dans le Paris de l\u2019Occupation \u00e0 travers le personnage d\u2019un capitaine de la Wehrmacht pr\u00e9pos\u00e9 au rassemblement et au classement des \u0153uvres d\u2019art destin\u00e9es \u00e0 \u00eatre envoy\u00e9es<\/p>\n","protected":false},"author":20,"featured_media":30605,"comment_status":"open","ping_status":"open","sticky":false,"template":"","format":"standard","meta":{"jetpack_post_was_ever_published":false,"_jetpack_newsletter_access":"","_jetpack_newsletter_tier_id":0,"footnotes":"","jetpack_publicize_message":"","jetpack_is_tweetstorm":false,"jetpack_publicize_feature_enabled":true,"jetpack_social_post_already_shared":true,"jetpack_social_options":{"image_generator_settings":{"template":"highway","enabled":false}}},"categories":[1117],"tags":[1618,417,51,1617],"jetpack_publicize_connections":[],"yoast_head":"<!-- This site is optimized with the Yoast SEO plugin v21.5 - https:\/\/yoast.com\/wordpress\/plugins\/seo\/ -->\n<title>Un collectionneur allemand, premier roman prometteur<\/title>\n<meta name=\"description\" content=\"Un collectionneur allemand est le premier roman, court mais ambitieux, de Manuel Benguigui, publi\u00e9 en cette rentr\u00e9e litt\u00e9raire hivernale\" \/>\n<meta name=\"robots\" content=\"index, follow, max-snippet:-1, max-image-preview:large, max-video-preview:-1\" \/>\n<link rel=\"canonical\" href=\"http:\/\/smallthings.fr\/lespetitslivres\/2017\/01\/04\/collectionneur-allemand-benguigui-critique\/\" \/>\n<meta property=\"og:locale\" content=\"fr_FR\" \/>\n<meta property=\"og:type\" content=\"article\" \/>\n<meta property=\"og:title\" content=\"Un collectionneur allemand, premier roman prometteur\" \/>\n<meta property=\"og:description\" content=\"Un collectionneur allemand est le premier roman, court mais ambitieux, de Manuel Benguigui, publi\u00e9 en cette rentr\u00e9e litt\u00e9raire hivernale\" \/>\n<meta property=\"og:url\" content=\"http:\/\/smallthings.fr\/lespetitslivres\/2017\/01\/04\/collectionneur-allemand-benguigui-critique\/\" \/>\n<meta property=\"og:site_name\" content=\"Les Petits Livres\" \/>\n<meta property=\"article:published_time\" content=\"2017-01-04T09:30:00+00:00\" \/>\n<meta property=\"article:modified_time\" content=\"2016-12-31T13:18:06+00:00\" \/>\n<meta property=\"og:image\" content=\"https:\/\/i0.wp.com\/smallthings.fr\/lespetitslivres\/wp-content\/uploads\/2016\/12\/benguigui-collectionneur-allemand.jpg?fit=676%2C528\" \/>\n\t<meta property=\"og:image:width\" content=\"676\" \/>\n\t<meta property=\"og:image:height\" content=\"528\" \/>\n\t<meta property=\"og:image:type\" content=\"image\/jpeg\" \/>\n<meta name=\"author\" content=\"Diane Norric\" \/>\n<meta name=\"twitter:card\" content=\"summary_large_image\" \/>\n<meta name=\"twitter:label1\" content=\"\u00c9crit par\" \/>\n\t<meta name=\"twitter:data1\" content=\"Diane Norric\" \/>\n\t<meta name=\"twitter:label2\" content=\"Dur\u00e9e de lecture estim\u00e9e\" \/>\n\t<meta name=\"twitter:data2\" content=\"3 minutes\" \/>\n<script type=\"application\/ld+json\" class=\"yoast-schema-graph\">{\"@context\":\"https:\/\/schema.org\",\"@graph\":[{\"@type\":\"WebPage\",\"@id\":\"http:\/\/smallthings.fr\/lespetitslivres\/2017\/01\/04\/collectionneur-allemand-benguigui-critique\/\",\"url\":\"http:\/\/smallthings.fr\/lespetitslivres\/2017\/01\/04\/collectionneur-allemand-benguigui-critique\/\",\"name\":\"Un collectionneur allemand, premier roman prometteur\",\"isPartOf\":{\"@id\":\"https:\/\/smallthings.fr\/lespetitslivres\/#website\"},\"datePublished\":\"2017-01-04T09:30:00+00:00\",\"dateModified\":\"2016-12-31T13:18:06+00:00\",\"author\":{\"@id\":\"https:\/\/smallthings.fr\/lespetitslivres\/#\/schema\/person\/d5a53b43d9461a170eb93b0fe68522f3\"},\"description\":\"Un collectionneur allemand est le premier roman, court mais ambitieux, de Manuel Benguigui, publi\u00e9 en cette rentr\u00e9e litt\u00e9raire hivernale\",\"breadcrumb\":{\"@id\":\"http:\/\/smallthings.fr\/lespetitslivres\/2017\/01\/04\/collectionneur-allemand-benguigui-critique\/#breadcrumb\"},\"inLanguage\":\"fr-FR\",\"potentialAction\":[{\"@type\":\"ReadAction\",\"target\":[\"http:\/\/smallthings.fr\/lespetitslivres\/2017\/01\/04\/collectionneur-allemand-benguigui-critique\/\"]}]},{\"@type\":\"BreadcrumbList\",\"@id\":\"http:\/\/smallthings.fr\/lespetitslivres\/2017\/01\/04\/collectionneur-allemand-benguigui-critique\/#breadcrumb\",\"itemListElement\":[{\"@type\":\"ListItem\",\"position\":1,\"name\":\"Accueil\",\"item\":\"https:\/\/smallthings.fr\/lespetitslivres\/\"},{\"@type\":\"ListItem\",\"position\":2,\"name\":\"Un collectionneur allemand, premier roman prometteur\"}]},{\"@type\":\"WebSite\",\"@id\":\"https:\/\/smallthings.fr\/lespetitslivres\/#website\",\"url\":\"https:\/\/smallthings.fr\/lespetitslivres\/\",\"name\":\"Les Petits Livres\",\"description\":\"by Small Things\",\"potentialAction\":[{\"@type\":\"SearchAction\",\"target\":{\"@type\":\"EntryPoint\",\"urlTemplate\":\"https:\/\/smallthings.fr\/lespetitslivres\/?s={search_term_string}\"},\"query-input\":\"required name=search_term_string\"}],\"inLanguage\":\"fr-FR\"},{\"@type\":\"Person\",\"@id\":\"https:\/\/smallthings.fr\/lespetitslivres\/#\/schema\/person\/d5a53b43d9461a170eb93b0fe68522f3\",\"name\":\"Diane Norric\",\"image\":{\"@type\":\"ImageObject\",\"inLanguage\":\"fr-FR\",\"@id\":\"https:\/\/smallthings.fr\/lespetitslivres\/#\/schema\/person\/image\/\",\"url\":\"https:\/\/secure.gravatar.com\/avatar\/5ee9f6a30b0c402cbb9d80e9e814f454?s=96&d=retro&r=g\",\"contentUrl\":\"https:\/\/secure.gravatar.com\/avatar\/5ee9f6a30b0c402cbb9d80e9e814f454?s=96&d=retro&r=g\",\"caption\":\"Diane Norric\"},\"url\":\"https:\/\/smallthings.fr\/lespetitslivres\/author\/diane-norric\/\"}]}<\/script>\n<!-- \/ Yoast SEO plugin. -->","yoast_head_json":{"title":"Un collectionneur allemand, premier roman prometteur","description":"Un collectionneur allemand est le premier roman, court mais ambitieux, de Manuel Benguigui, publi\u00e9 en cette rentr\u00e9e litt\u00e9raire hivernale","robots":{"index":"index","follow":"follow","max-snippet":"max-snippet:-1","max-image-preview":"max-image-preview:large","max-video-preview":"max-video-preview:-1"},"canonical":"http:\/\/smallthings.fr\/lespetitslivres\/2017\/01\/04\/collectionneur-allemand-benguigui-critique\/","og_locale":"fr_FR","og_type":"article","og_title":"Un collectionneur allemand, premier roman prometteur","og_description":"Un collectionneur allemand est le premier roman, court mais ambitieux, de Manuel Benguigui, publi\u00e9 en cette rentr\u00e9e litt\u00e9raire hivernale","og_url":"http:\/\/smallthings.fr\/lespetitslivres\/2017\/01\/04\/collectionneur-allemand-benguigui-critique\/","og_site_name":"Les Petits Livres","article_published_time":"2017-01-04T09:30:00+00:00","article_modified_time":"2016-12-31T13:18:06+00:00","og_image":[{"width":676,"height":528,"url":"https:\/\/i0.wp.com\/smallthings.fr\/lespetitslivres\/wp-content\/uploads\/2016\/12\/benguigui-collectionneur-allemand.jpg?fit=676%2C528","type":"image\/jpeg"}],"author":"Diane Norric","twitter_card":"summary_large_image","twitter_misc":{"\u00c9crit par":"Diane Norric","Dur\u00e9e de lecture estim\u00e9e":"3 minutes"},"schema":{"@context":"https:\/\/schema.org","@graph":[{"@type":"WebPage","@id":"http:\/\/smallthings.fr\/lespetitslivres\/2017\/01\/04\/collectionneur-allemand-benguigui-critique\/","url":"http:\/\/smallthings.fr\/lespetitslivres\/2017\/01\/04\/collectionneur-allemand-benguigui-critique\/","name":"Un collectionneur allemand, premier roman prometteur","isPartOf":{"@id":"https:\/\/smallthings.fr\/lespetitslivres\/#website"},"datePublished":"2017-01-04T09:30:00+00:00","dateModified":"2016-12-31T13:18:06+00:00","author":{"@id":"https:\/\/smallthings.fr\/lespetitslivres\/#\/schema\/person\/d5a53b43d9461a170eb93b0fe68522f3"},"description":"Un collectionneur allemand est le premier roman, court mais ambitieux, de Manuel Benguigui, publi\u00e9 en cette rentr\u00e9e litt\u00e9raire hivernale","breadcrumb":{"@id":"http:\/\/smallthings.fr\/lespetitslivres\/2017\/01\/04\/collectionneur-allemand-benguigui-critique\/#breadcrumb"},"inLanguage":"fr-FR","potentialAction":[{"@type":"ReadAction","target":["http:\/\/smallthings.fr\/lespetitslivres\/2017\/01\/04\/collectionneur-allemand-benguigui-critique\/"]}]},{"@type":"BreadcrumbList","@id":"http:\/\/smallthings.fr\/lespetitslivres\/2017\/01\/04\/collectionneur-allemand-benguigui-critique\/#breadcrumb","itemListElement":[{"@type":"ListItem","position":1,"name":"Accueil","item":"https:\/\/smallthings.fr\/lespetitslivres\/"},{"@type":"ListItem","position":2,"name":"Un collectionneur allemand, premier roman prometteur"}]},{"@type":"WebSite","@id":"https:\/\/smallthings.fr\/lespetitslivres\/#website","url":"https:\/\/smallthings.fr\/lespetitslivres\/","name":"Les Petits Livres","description":"by Small Things","potentialAction":[{"@type":"SearchAction","target":{"@type":"EntryPoint","urlTemplate":"https:\/\/smallthings.fr\/lespetitslivres\/?s={search_term_string}"},"query-input":"required name=search_term_string"}],"inLanguage":"fr-FR"},{"@type":"Person","@id":"https:\/\/smallthings.fr\/lespetitslivres\/#\/schema\/person\/d5a53b43d9461a170eb93b0fe68522f3","name":"Diane Norric","image":{"@type":"ImageObject","inLanguage":"fr-FR","@id":"https:\/\/smallthings.fr\/lespetitslivres\/#\/schema\/person\/image\/","url":"https:\/\/secure.gravatar.com\/avatar\/5ee9f6a30b0c402cbb9d80e9e814f454?s=96&d=retro&r=g","contentUrl":"https:\/\/secure.gravatar.com\/avatar\/5ee9f6a30b0c402cbb9d80e9e814f454?s=96&d=retro&r=g","caption":"Diane Norric"},"url":"https:\/\/smallthings.fr\/lespetitslivres\/author\/diane-norric\/"}]}},"jetpack_featured_media_url":"https:\/\/smallthings.fr\/lespetitslivres\/wp-content\/uploads\/2016\/12\/benguigui-collectionneur-allemand.jpg","jetpack_sharing_enabled":true,"jetpack_shortlink":"https:\/\/wp.me\/p6Un21-7Xx","jetpack-related-posts":[{"id":31601,"url":"https:\/\/smallthings.fr\/lespetitslivres\/2018\/03\/28\/tableau-neigeux-manuel-benguigui\/","url_meta":{"origin":30599,"position":0},"title":"Un tableau neigeux, la confirmation de Manuel Benguigui","author":"Diane Norric","date":"28 mars 2018","format":false,"excerpt":"Un an \u00e0 peine apr\u00e8s son premier roman, le prometteur Un collectionneur allemand, Manuel Benguigui r\u00e9cidive avec Un tableau neigeux, paru lors de la rentr\u00e9e litt\u00e9raire d\u2019hiver 2018. Toujours \u00e0 l\u2019enseigne du Mercure de\u00a0France, Benguigui confirme ici tout le bien qu\u2019on pensait de lui \u2013 et bien plus encore. Comme\u2026","rel":"","context":"Dans &quot;Roman fran\u00e7ais&quot;","block_context":{"text":"Roman fran\u00e7ais","link":"https:\/\/smallthings.fr\/lespetitslivres\/category\/roman\/roman-francais\/"},"img":{"alt_text":"","src":"https:\/\/i0.wp.com\/smallthings.fr\/lespetitslivres\/wp-content\/uploads\/2018\/03\/tableau-neigeux-benguigui-cover.jpg?resize=350%2C200&ssl=1","width":350,"height":200,"srcset":"https:\/\/i0.wp.com\/smallthings.fr\/lespetitslivres\/wp-content\/uploads\/2018\/03\/tableau-neigeux-benguigui-cover.jpg?resize=350%2C200&ssl=1 1x, https:\/\/i0.wp.com\/smallthings.fr\/lespetitslivres\/wp-content\/uploads\/2018\/03\/tableau-neigeux-benguigui-cover.jpg?resize=525%2C300&ssl=1 1.5x"},"classes":[]},{"id":30163,"url":"https:\/\/smallthings.fr\/lespetitslivres\/2016\/08\/28\/10-04-ben-lerner-roman-critique\/","url_meta":{"origin":30599,"position":1},"title":"10:04 de Ben Lerner : le roman du romancier","author":"Diane Norric","date":"28 ao\u00fbt 2016","format":false,"excerpt":"10:04 est le second roman de l'Am\u00e9ricain Ben Lerner, que publient les \u00e9ditions de l\u2019Olivier en cette rentr\u00e9e litt\u00e9raire. Le premier roman de l'auteur, Au d\u00e9part d\u2019Atocha, encens\u00e9 par la critique anglo-saxonne \u00e9tait paru en fran\u00e7ais chez le m\u00eame \u00e9diteur. 10:04 est lui aussi pr\u00e9c\u00e9d\u00e9 d\u2019une flatteuse r\u00e9putation. Dans ce\u2026","rel":"","context":"Dans &quot;Rentr\u00e9e litt\u00e9raire&quot;","block_context":{"text":"Rentr\u00e9e litt\u00e9raire","link":"https:\/\/smallthings.fr\/lespetitslivres\/category\/rentree-litteraire\/"},"img":{"alt_text":"","src":"https:\/\/i0.wp.com\/smallthings.fr\/lespetitslivres\/wp-content\/uploads\/2016\/07\/10-04-lerner-couv.jpg?resize=350%2C200&ssl=1","width":350,"height":200,"srcset":"https:\/\/i0.wp.com\/smallthings.fr\/lespetitslivres\/wp-content\/uploads\/2016\/07\/10-04-lerner-couv.jpg?resize=350%2C200&ssl=1 1x, https:\/\/i0.wp.com\/smallthings.fr\/lespetitslivres\/wp-content\/uploads\/2016\/07\/10-04-lerner-couv.jpg?resize=525%2C300&ssl=1 1.5x, https:\/\/i0.wp.com\/smallthings.fr\/lespetitslivres\/wp-content\/uploads\/2016\/07\/10-04-lerner-couv.jpg?resize=700%2C400&ssl=1 2x, https:\/\/i0.wp.com\/smallthings.fr\/lespetitslivres\/wp-content\/uploads\/2016\/07\/10-04-lerner-couv.jpg?resize=1050%2C600&ssl=1 3x"},"classes":[]},{"id":30928,"url":"https:\/\/smallthings.fr\/lespetitslivres\/2017\/04\/12\/maestro-cecile-balavoine-avis\/","url_meta":{"origin":30599,"position":2},"title":"Maestro de C\u00e9cile Balavoine : un amour qui se rit du temps","author":"Diane Norric","date":"12 avril 2017","format":false,"excerpt":"Les \u00e9ditions du Mercure de France font para\u00eetre en ce printemps 2017 Maestro de C\u00e9cile Balavoine. Il s\u2019agit l\u00e0 de son premier roman \u2013 une information qui laisse pantois tant cet ouvrage t\u00e9moigne d\u2019une ma\u00eetrise et d\u2019une maturit\u00e9 d\u2019\u00e9criture impressionnantes. Maestro\u00a0est racont\u00e9 \u00e0 la premi\u00e8re personne, par l\u2019h\u00e9ro\u00efne, qui s\u2019appelle\u2026","rel":"","context":"Dans &quot;Roman fran\u00e7ais&quot;","block_context":{"text":"Roman fran\u00e7ais","link":"https:\/\/smallthings.fr\/lespetitslivres\/category\/roman\/roman-francais\/"},"img":{"alt_text":"","src":"https:\/\/i0.wp.com\/smallthings.fr\/lespetitslivres\/wp-content\/uploads\/2017\/04\/mastro-balavoine-couv.jpg?resize=350%2C200&ssl=1","width":350,"height":200,"srcset":"https:\/\/i0.wp.com\/smallthings.fr\/lespetitslivres\/wp-content\/uploads\/2017\/04\/mastro-balavoine-couv.jpg?resize=350%2C200&ssl=1 1x, https:\/\/i0.wp.com\/smallthings.fr\/lespetitslivres\/wp-content\/uploads\/2017\/04\/mastro-balavoine-couv.jpg?resize=525%2C300&ssl=1 1.5x"},"classes":[]},{"id":29802,"url":"https:\/\/smallthings.fr\/lespetitslivres\/2016\/04\/01\/today-we-live-pirotte-avis\/","url_meta":{"origin":30599,"position":3},"title":"Today we live, roman historique d\u2019Emmanuelle Pirotte","author":"Lola","date":"1 avril 2016","format":false,"excerpt":"Avec Today we live, la sc\u00e9nariste belge Emmanuelle Pirotte signe un premier roman touchant et marquant. Le Cherche Midi a pari\u00e9 dessus pour la rentr\u00e9e litt\u00e9raire 2015 et le livre a \u00e9t\u00e9 depuis dans la liste de plusieurs prix litt\u00e9raires. L\u2019histoire de Today we live se d\u00e9roule dans les Ardennes\u2026","rel":"","context":"Dans &quot;Roman fran\u00e7ais&quot;","block_context":{"text":"Roman fran\u00e7ais","link":"https:\/\/smallthings.fr\/lespetitslivres\/category\/roman\/roman-francais\/"},"img":{"alt_text":"","src":"https:\/\/i0.wp.com\/smallthings.fr\/lespetitslivres\/wp-content\/uploads\/2016\/03\/today-we-live-couv.jpg?resize=350%2C200&ssl=1","width":350,"height":200,"srcset":"https:\/\/i0.wp.com\/smallthings.fr\/lespetitslivres\/wp-content\/uploads\/2016\/03\/today-we-live-couv.jpg?resize=350%2C200&ssl=1 1x, https:\/\/i0.wp.com\/smallthings.fr\/lespetitslivres\/wp-content\/uploads\/2016\/03\/today-we-live-couv.jpg?resize=525%2C300&ssl=1 1.5x, https:\/\/i0.wp.com\/smallthings.fr\/lespetitslivres\/wp-content\/uploads\/2016\/03\/today-we-live-couv.jpg?resize=700%2C400&ssl=1 2x, https:\/\/i0.wp.com\/smallthings.fr\/lespetitslivres\/wp-content\/uploads\/2016\/03\/today-we-live-couv.jpg?resize=1050%2C600&ssl=1 3x"},"classes":[]},{"id":31743,"url":"https:\/\/smallthings.fr\/lespetitslivres\/2018\/07\/07\/les-inseparables-julie-cohen\/","url_meta":{"origin":30599,"position":4},"title":"Les ins\u00e9parables de Julie Cohen, ode \u00e0 l&rsquo;amour \u00e0 travers les \u00e2ges","author":"Axelle","date":"7 juillet 2018","format":false,"excerpt":"Les ins\u00e9parables est un roman de Julie Cohen paru en mai au\u00a0Mercure de France. Il s'agit du troisi\u00e8me roman de l'auteure, mais de son premier traduit en fran\u00e7ais. Nous y d\u00e9couvrons l'histoire d'Emily et de Robbie, aux Etats-Unis. Au d\u00e9but du roman, c'est un couple assez \u00e2g\u00e9, et uni depuis\u2026","rel":"","context":"Dans &quot;Roman \u00e9tranger&quot;","block_context":{"text":"Roman \u00e9tranger","link":"https:\/\/smallthings.fr\/lespetitslivres\/category\/roman\/roman-etranger\/"},"img":{"alt_text":"","src":"https:\/\/i0.wp.com\/smallthings.fr\/lespetitslivres\/wp-content\/uploads\/2018\/07\/les-inseparables-cover.jpg?resize=350%2C200&ssl=1","width":350,"height":200,"srcset":"https:\/\/i0.wp.com\/smallthings.fr\/lespetitslivres\/wp-content\/uploads\/2018\/07\/les-inseparables-cover.jpg?resize=350%2C200&ssl=1 1x, https:\/\/i0.wp.com\/smallthings.fr\/lespetitslivres\/wp-content\/uploads\/2018\/07\/les-inseparables-cover.jpg?resize=525%2C300&ssl=1 1.5x, https:\/\/i0.wp.com\/smallthings.fr\/lespetitslivres\/wp-content\/uploads\/2018\/07\/les-inseparables-cover.jpg?resize=700%2C400&ssl=1 2x"},"classes":[]},{"id":31835,"url":"https:\/\/smallthings.fr\/lespetitslivres\/2018\/11\/21\/la-seule-histoire-julian-barnes-audio\/","url_meta":{"origin":30599,"position":5},"title":"La seule histoire, nouveau roman de Julian Barnes en livre audio","author":"Claire","date":"21 novembre 2018","format":false,"excerpt":"La seule histoire, le nouveau roman de Julian Barnes paru au Mercure de France, est disponible en livre audio chez Audible. Une excellente exp\u00e9rience qui m'a permis de d\u00e9couvrir un livre que je n'avais pas pr\u00e9vu de lire au d\u00e9part, connaissant mal Julian Barnes. Un tr\u00e8s agr\u00e9able moment de lecture\u2026","rel":"","context":"Dans &quot;Num\u00e9rique et audio&quot;","block_context":{"text":"Num\u00e9rique et audio","link":"https:\/\/smallthings.fr\/lespetitslivres\/category\/numerique-audio\/"},"img":{"alt_text":"","src":"https:\/\/i0.wp.com\/smallthings.fr\/lespetitslivres\/wp-content\/uploads\/2018\/11\/audio-barnes-seule-histoire.png?resize=350%2C200&ssl=1","width":350,"height":200,"srcset":"https:\/\/i0.wp.com\/smallthings.fr\/lespetitslivres\/wp-content\/uploads\/2018\/11\/audio-barnes-seule-histoire.png?resize=350%2C200&ssl=1 1x, https:\/\/i0.wp.com\/smallthings.fr\/lespetitslivres\/wp-content\/uploads\/2018\/11\/audio-barnes-seule-histoire.png?resize=525%2C300&ssl=1 1.5x"},"classes":[]}],"_links":{"self":[{"href":"https:\/\/smallthings.fr\/lespetitslivres\/wp-json\/wp\/v2\/posts\/30599"}],"collection":[{"href":"https:\/\/smallthings.fr\/lespetitslivres\/wp-json\/wp\/v2\/posts"}],"about":[{"href":"https:\/\/smallthings.fr\/lespetitslivres\/wp-json\/wp\/v2\/types\/post"}],"author":[{"embeddable":true,"href":"https:\/\/smallthings.fr\/lespetitslivres\/wp-json\/wp\/v2\/users\/20"}],"replies":[{"embeddable":true,"href":"https:\/\/smallthings.fr\/lespetitslivres\/wp-json\/wp\/v2\/comments?post=30599"}],"version-history":[{"count":2,"href":"https:\/\/smallthings.fr\/lespetitslivres\/wp-json\/wp\/v2\/posts\/30599\/revisions"}],"predecessor-version":[{"id":30603,"href":"https:\/\/smallthings.fr\/lespetitslivres\/wp-json\/wp\/v2\/posts\/30599\/revisions\/30603"}],"wp:featuredmedia":[{"embeddable":true,"href":"https:\/\/smallthings.fr\/lespetitslivres\/wp-json\/wp\/v2\/media\/30605"}],"wp:attachment":[{"href":"https:\/\/smallthings.fr\/lespetitslivres\/wp-json\/wp\/v2\/media?parent=30599"}],"wp:term":[{"taxonomy":"category","embeddable":true,"href":"https:\/\/smallthings.fr\/lespetitslivres\/wp-json\/wp\/v2\/categories?post=30599"},{"taxonomy":"post_tag","embeddable":true,"href":"https:\/\/smallthings.fr\/lespetitslivres\/wp-json\/wp\/v2\/tags?post=30599"}],"curies":[{"name":"wp","href":"https:\/\/api.w.org\/{rel}","templated":true}]}}