{"id":30593,"date":"2017-01-02T14:18:53","date_gmt":"2017-01-02T13:18:53","guid":{"rendered":"http:\/\/smallthings.fr\/lespetitslivres\/?p=30593"},"modified":"2017-01-02T14:18:53","modified_gmt":"2017-01-02T13:18:53","slug":"aveu-de-faiblesses-viguier-avis","status":"publish","type":"post","link":"https:\/\/smallthings.fr\/lespetitslivres\/2017\/01\/02\/aveu-de-faiblesses-viguier-avis\/","title":{"rendered":"Aveu de faiblesses, polar psychologique et d\u00e9nonciation du syst\u00e8me judiciaire"},"content":{"rendered":"<h2><em>Aveu de faiblesses<\/em> est le tr\u00e8s r\u00e9ussi second roman de Fr\u00e9d\u00e9ric Viguier, qui para\u00eet en cette \u00ab\u00a0petite\u00a0\u00bb rentr\u00e9e litt\u00e9raire de janvier chez <a href=\"http:\/\/www.albin-michel.fr\/ouvrages\/aveu-de-faiblesses-9782226328793\">Albin Michel<\/a>. Apr\u00e8s <em>Ressources inhumaines<\/em>, qui d\u00e9peignait le monde impitoyable du travail, <em>Aveu de faiblesses<\/em> raconte la descente aux enfers d&rsquo;Yvan Gourlet, adolescent \u00e0 la psychologie fragile, suspect\u00e9 d&rsquo;avoir tu\u00e9 son jeune voisin.<\/h2>\n<p>Yvan Gourlet, seize ans, est un adolescent solitaire. Tr\u00e8s mal dans sa peau, il subit les moqueries de ses camarades. Sans ami ni petite copine, il reste accroch\u00e9 aux jupes de sa m\u00e8re, adepte de la \u00ab\u00a0sculpture sur beurre\u00a0\u00bb et collectionneuse d&rsquo;\u00e9tiquettes de bo\u00eetes de fromage. Afin que cette derni\u00e8re puisse poursuivre sa collection sans trop \u00eatre oblig\u00e9e de manger de fromage, <strong>Yvan a pour habitude d&rsquo;aller chercher des bo\u00eetes dans les poubelles alentours. C&rsquo;est d&rsquo;ailleurs ce qu&rsquo;il part faire, le jour o\u00f9 son voisin de dix ans, Romain Barral, se fait sauvagement assassiner.<\/strong><\/p>\n<p><img loading=\"lazy\" decoding=\"async\" data-attachment-id=\"30595\" data-permalink=\"https:\/\/smallthings.fr\/lespetitslivres\/2017\/01\/02\/aveu-de-faiblesses-viguier-avis\/aveu-de-faiblesses\/\" data-orig-file=\"https:\/\/smallthings.fr\/lespetitslivres\/wp-content\/uploads\/2016\/12\/aveu-de-faiblesses.jpg\" data-orig-size=\"342,499\" data-comments-opened=\"1\" data-image-meta=\"{&quot;aperture&quot;:&quot;0&quot;,&quot;credit&quot;:&quot;&quot;,&quot;camera&quot;:&quot;&quot;,&quot;caption&quot;:&quot;&quot;,&quot;created_timestamp&quot;:&quot;0&quot;,&quot;copyright&quot;:&quot;&quot;,&quot;focal_length&quot;:&quot;0&quot;,&quot;iso&quot;:&quot;0&quot;,&quot;shutter_speed&quot;:&quot;0&quot;,&quot;title&quot;:&quot;&quot;,&quot;orientation&quot;:&quot;0&quot;}\" data-image-title=\"aveu-de-faiblesses\" data-image-description=\"\" data-image-caption=\"\" data-medium-file=\"https:\/\/smallthings.fr\/lespetitslivres\/wp-content\/uploads\/2016\/12\/aveu-de-faiblesses-206x300.jpg\" data-large-file=\"https:\/\/smallthings.fr\/lespetitslivres\/wp-content\/uploads\/2016\/12\/aveu-de-faiblesses.jpg\" class=\"alignright wp-image-30595\" src=\"http:\/\/smallthings.fr\/lespetitslivres\/wp-content\/uploads\/2016\/12\/aveu-de-faiblesses.jpg\" alt=\"\" width=\"241\" height=\"352\" srcset=\"https:\/\/smallthings.fr\/lespetitslivres\/wp-content\/uploads\/2016\/12\/aveu-de-faiblesses.jpg 342w, https:\/\/smallthings.fr\/lespetitslivres\/wp-content\/uploads\/2016\/12\/aveu-de-faiblesses-206x300.jpg 206w\" sizes=\"(max-width: 241px) 100vw, 241px\" \/>Tr\u00e8s vite, les soup\u00e7ons se portent sur Yvan. Il manque d&rsquo;alibi et sa m\u00e8re tente de lui en cr\u00e9er un en formulant quelques mensonges peu cr\u00e9dibles et vite d\u00e9cel\u00e9s par la police. Le profil psychologique du jeune homme en fait rapidement le suspect id\u00e9al. Sans compter le fait que Grochard, inspecteur de police, aimerait beaucoup obtenir des aveux qui lui \u00e9viteraient de rechercher des preuves&#8230;<\/p>\n<p><strong>Maltrait\u00e9 par la police, viol\u00e9 dans sa pudeur, Yvan en arrivera-t-il aux aveux ?<\/strong> Le jeune homme est pr\u00eat \u00e0 tout pour retrouver son quotidien rassurant, bien au chaud aupr\u00e8s de ses parents. Inspecteurs, psychologues et autres intervenants semblent chercher \u00e0 le conduire en prison, sans qu&rsquo;il puisse se d\u00e9fendre ou m\u00eame comprendre ce qui lui arrive.<\/p>\n<p><strong><em>Aveu de faiblesses<\/em> est une r\u00e9ussite. Fr\u00e9d\u00e9ric Viguier nous propose un roman noir et cruel, qui traite diff\u00e9rents th\u00e8mes comme la fragilit\u00e9 psychologique, ses racines et ses cons\u00e9quences, l&rsquo;absurdit\u00e9 du syst\u00e8me judiciaire, la loi et ses contournements abusifs. <\/strong>Nous suivons toute l&rsquo;histoire du point de vue d&rsquo;Yvan, ce\u00a0qui nous emp\u00eache d&rsquo;y voir totalement clair. Un choix stylistique brillant, qui cr\u00e9e un sentiment d&rsquo;angoisse et permet de mettre en lumi\u00e8re toute la complexit\u00e9 psychologie du personnage. Par ce biais,\u00a0<em>Aveu de faiblesses<\/em> nous propose de participer \u00e0 l&rsquo;enqu\u00eate, d&rsquo;essayer de d\u00e9m\u00ealer le vrai du faux.<\/p>\n<p>Fr\u00e9d\u00e9ric Viguier nous livre un\u00a0second roman addictif et tr\u00e8s prometteur.<\/p>\n","protected":false},"excerpt":{"rendered":"<p>Aveu de faiblesses est le tr\u00e8s r\u00e9ussi second roman de Fr\u00e9d\u00e9ric Viguier, qui para\u00eet en cette \u00ab\u00a0petite\u00a0\u00bb rentr\u00e9e litt\u00e9raire de janvier chez Albin Michel. Apr\u00e8s Ressources inhumaines, qui d\u00e9peignait le monde impitoyable du travail, Aveu de faiblesses raconte la descente aux enfers d&rsquo;Yvan Gourlet, adolescent \u00e0 la psychologie fragile, suspect\u00e9 d&rsquo;avoir tu\u00e9 son jeune voisin.<\/p>\n","protected":false},"author":2,"featured_media":30594,"comment_status":"open","ping_status":"open","sticky":false,"template":"","format":"standard","meta":{"jetpack_post_was_ever_published":false,"_jetpack_newsletter_access":"","_jetpack_newsletter_tier_id":0,"footnotes":"","jetpack_publicize_message":"","jetpack_is_tweetstorm":false,"jetpack_publicize_feature_enabled":true,"jetpack_social_post_already_shared":true,"jetpack_social_options":{"image_generator_settings":{"template":"highway","enabled":false}}},"categories":[1117],"tags":[1615,774,7,54,1616],"jetpack_publicize_connections":[],"yoast_head":"<!-- This site is optimized with the Yoast SEO plugin v21.5 - https:\/\/yoast.com\/wordpress\/plugins\/seo\/ -->\n<title>Aveu de faiblesses, polar psychologique et d\u00e9nonciation du syst\u00e8me judiciaire<\/title>\n<meta name=\"description\" content=\"Aveu de faiblesses est le tr\u00e8s r\u00e9ussi second roman de Fr\u00e9d\u00e9ric Viguier, qui para\u00eet en cette &quot;petite&quot; rentr\u00e9e litt\u00e9raire de janvier chez Albin Michel. Apr\u00e8s\" \/>\n<meta name=\"robots\" content=\"index, follow, max-snippet:-1, max-image-preview:large, max-video-preview:-1\" \/>\n<link rel=\"canonical\" href=\"http:\/\/smallthings.fr\/lespetitslivres\/2017\/01\/02\/aveu-de-faiblesses-viguier-avis\/\" \/>\n<meta property=\"og:locale\" content=\"fr_FR\" \/>\n<meta property=\"og:type\" content=\"article\" \/>\n<meta property=\"og:title\" content=\"Aveu de faiblesses, polar psychologique et d\u00e9nonciation du syst\u00e8me judiciaire\" \/>\n<meta property=\"og:description\" content=\"Aveu de faiblesses est le tr\u00e8s r\u00e9ussi second roman de Fr\u00e9d\u00e9ric Viguier, qui para\u00eet en cette &quot;petite&quot; rentr\u00e9e litt\u00e9raire de janvier chez Albin Michel. Apr\u00e8s\" \/>\n<meta property=\"og:url\" content=\"http:\/\/smallthings.fr\/lespetitslivres\/2017\/01\/02\/aveu-de-faiblesses-viguier-avis\/\" \/>\n<meta property=\"og:site_name\" content=\"Les Petits Livres\" \/>\n<meta property=\"article:published_time\" content=\"2017-01-02T13:18:53+00:00\" \/>\n<meta property=\"og:image\" content=\"https:\/\/i0.wp.com\/smallthings.fr\/lespetitslivres\/wp-content\/uploads\/2016\/12\/aveu-de-faiblesses-viguier.jpg?fit=667%2C333\" \/>\n\t<meta property=\"og:image:width\" content=\"667\" \/>\n\t<meta property=\"og:image:height\" content=\"333\" \/>\n\t<meta property=\"og:image:type\" content=\"image\/jpeg\" \/>\n<meta name=\"author\" content=\"Claire\" \/>\n<meta name=\"twitter:card\" content=\"summary_large_image\" \/>\n<meta name=\"twitter:label1\" content=\"\u00c9crit par\" \/>\n\t<meta name=\"twitter:data1\" content=\"Claire\" \/>\n\t<meta name=\"twitter:label2\" content=\"Dur\u00e9e de lecture estim\u00e9e\" \/>\n\t<meta name=\"twitter:data2\" content=\"2 minutes\" \/>\n<script type=\"application\/ld+json\" class=\"yoast-schema-graph\">{\"@context\":\"https:\/\/schema.org\",\"@graph\":[{\"@type\":\"WebPage\",\"@id\":\"http:\/\/smallthings.fr\/lespetitslivres\/2017\/01\/02\/aveu-de-faiblesses-viguier-avis\/\",\"url\":\"http:\/\/smallthings.fr\/lespetitslivres\/2017\/01\/02\/aveu-de-faiblesses-viguier-avis\/\",\"name\":\"Aveu de faiblesses, polar psychologique et d\u00e9nonciation du syst\u00e8me judiciaire\",\"isPartOf\":{\"@id\":\"https:\/\/smallthings.fr\/lespetitslivres\/#website\"},\"datePublished\":\"2017-01-02T13:18:53+00:00\",\"dateModified\":\"2017-01-02T13:18:53+00:00\",\"author\":{\"@id\":\"https:\/\/smallthings.fr\/lespetitslivres\/#\/schema\/person\/504d603cacfe064fe039dfa03a8b7918\"},\"description\":\"Aveu de faiblesses est le tr\u00e8s r\u00e9ussi second roman de Fr\u00e9d\u00e9ric Viguier, qui para\u00eet en cette \\\"petite\\\" rentr\u00e9e litt\u00e9raire de janvier chez Albin Michel. Apr\u00e8s\",\"breadcrumb\":{\"@id\":\"http:\/\/smallthings.fr\/lespetitslivres\/2017\/01\/02\/aveu-de-faiblesses-viguier-avis\/#breadcrumb\"},\"inLanguage\":\"fr-FR\",\"potentialAction\":[{\"@type\":\"ReadAction\",\"target\":[\"http:\/\/smallthings.fr\/lespetitslivres\/2017\/01\/02\/aveu-de-faiblesses-viguier-avis\/\"]}]},{\"@type\":\"BreadcrumbList\",\"@id\":\"http:\/\/smallthings.fr\/lespetitslivres\/2017\/01\/02\/aveu-de-faiblesses-viguier-avis\/#breadcrumb\",\"itemListElement\":[{\"@type\":\"ListItem\",\"position\":1,\"name\":\"Accueil\",\"item\":\"https:\/\/smallthings.fr\/lespetitslivres\/\"},{\"@type\":\"ListItem\",\"position\":2,\"name\":\"Aveu de faiblesses, polar psychologique et d\u00e9nonciation du syst\u00e8me judiciaire\"}]},{\"@type\":\"WebSite\",\"@id\":\"https:\/\/smallthings.fr\/lespetitslivres\/#website\",\"url\":\"https:\/\/smallthings.fr\/lespetitslivres\/\",\"name\":\"Les Petits Livres\",\"description\":\"by Small Things\",\"potentialAction\":[{\"@type\":\"SearchAction\",\"target\":{\"@type\":\"EntryPoint\",\"urlTemplate\":\"https:\/\/smallthings.fr\/lespetitslivres\/?s={search_term_string}\"},\"query-input\":\"required name=search_term_string\"}],\"inLanguage\":\"fr-FR\"},{\"@type\":\"Person\",\"@id\":\"https:\/\/smallthings.fr\/lespetitslivres\/#\/schema\/person\/504d603cacfe064fe039dfa03a8b7918\",\"name\":\"Claire\",\"image\":{\"@type\":\"ImageObject\",\"inLanguage\":\"fr-FR\",\"@id\":\"https:\/\/smallthings.fr\/lespetitslivres\/#\/schema\/person\/image\/\",\"url\":\"https:\/\/secure.gravatar.com\/avatar\/9a85ff83d76b3eb17b8cae208640786e?s=96&d=retro&r=g\",\"contentUrl\":\"https:\/\/secure.gravatar.com\/avatar\/9a85ff83d76b3eb17b8cae208640786e?s=96&d=retro&r=g\",\"caption\":\"Claire\"},\"url\":\"https:\/\/smallthings.fr\/lespetitslivres\/author\/claire\/\"}]}<\/script>\n<!-- \/ Yoast SEO plugin. -->","yoast_head_json":{"title":"Aveu de faiblesses, polar psychologique et d\u00e9nonciation du syst\u00e8me judiciaire","description":"Aveu de faiblesses est le tr\u00e8s r\u00e9ussi second roman de Fr\u00e9d\u00e9ric Viguier, qui para\u00eet en cette \"petite\" rentr\u00e9e litt\u00e9raire de janvier chez Albin Michel. Apr\u00e8s","robots":{"index":"index","follow":"follow","max-snippet":"max-snippet:-1","max-image-preview":"max-image-preview:large","max-video-preview":"max-video-preview:-1"},"canonical":"http:\/\/smallthings.fr\/lespetitslivres\/2017\/01\/02\/aveu-de-faiblesses-viguier-avis\/","og_locale":"fr_FR","og_type":"article","og_title":"Aveu de faiblesses, polar psychologique et d\u00e9nonciation du syst\u00e8me judiciaire","og_description":"Aveu de faiblesses est le tr\u00e8s r\u00e9ussi second roman de Fr\u00e9d\u00e9ric Viguier, qui para\u00eet en cette \"petite\" rentr\u00e9e litt\u00e9raire de janvier chez Albin Michel. Apr\u00e8s","og_url":"http:\/\/smallthings.fr\/lespetitslivres\/2017\/01\/02\/aveu-de-faiblesses-viguier-avis\/","og_site_name":"Les Petits Livres","article_published_time":"2017-01-02T13:18:53+00:00","og_image":[{"width":667,"height":333,"url":"https:\/\/i0.wp.com\/smallthings.fr\/lespetitslivres\/wp-content\/uploads\/2016\/12\/aveu-de-faiblesses-viguier.jpg?fit=667%2C333","type":"image\/jpeg"}],"author":"Claire","twitter_card":"summary_large_image","twitter_misc":{"\u00c9crit par":"Claire","Dur\u00e9e de lecture estim\u00e9e":"2 minutes"},"schema":{"@context":"https:\/\/schema.org","@graph":[{"@type":"WebPage","@id":"http:\/\/smallthings.fr\/lespetitslivres\/2017\/01\/02\/aveu-de-faiblesses-viguier-avis\/","url":"http:\/\/smallthings.fr\/lespetitslivres\/2017\/01\/02\/aveu-de-faiblesses-viguier-avis\/","name":"Aveu de faiblesses, polar psychologique et d\u00e9nonciation du syst\u00e8me judiciaire","isPartOf":{"@id":"https:\/\/smallthings.fr\/lespetitslivres\/#website"},"datePublished":"2017-01-02T13:18:53+00:00","dateModified":"2017-01-02T13:18:53+00:00","author":{"@id":"https:\/\/smallthings.fr\/lespetitslivres\/#\/schema\/person\/504d603cacfe064fe039dfa03a8b7918"},"description":"Aveu de faiblesses est le tr\u00e8s r\u00e9ussi second roman de Fr\u00e9d\u00e9ric Viguier, qui para\u00eet en cette \"petite\" rentr\u00e9e litt\u00e9raire de janvier chez Albin Michel. Apr\u00e8s","breadcrumb":{"@id":"http:\/\/smallthings.fr\/lespetitslivres\/2017\/01\/02\/aveu-de-faiblesses-viguier-avis\/#breadcrumb"},"inLanguage":"fr-FR","potentialAction":[{"@type":"ReadAction","target":["http:\/\/smallthings.fr\/lespetitslivres\/2017\/01\/02\/aveu-de-faiblesses-viguier-avis\/"]}]},{"@type":"BreadcrumbList","@id":"http:\/\/smallthings.fr\/lespetitslivres\/2017\/01\/02\/aveu-de-faiblesses-viguier-avis\/#breadcrumb","itemListElement":[{"@type":"ListItem","position":1,"name":"Accueil","item":"https:\/\/smallthings.fr\/lespetitslivres\/"},{"@type":"ListItem","position":2,"name":"Aveu de faiblesses, polar psychologique et d\u00e9nonciation du syst\u00e8me judiciaire"}]},{"@type":"WebSite","@id":"https:\/\/smallthings.fr\/lespetitslivres\/#website","url":"https:\/\/smallthings.fr\/lespetitslivres\/","name":"Les Petits Livres","description":"by Small Things","potentialAction":[{"@type":"SearchAction","target":{"@type":"EntryPoint","urlTemplate":"https:\/\/smallthings.fr\/lespetitslivres\/?s={search_term_string}"},"query-input":"required name=search_term_string"}],"inLanguage":"fr-FR"},{"@type":"Person","@id":"https:\/\/smallthings.fr\/lespetitslivres\/#\/schema\/person\/504d603cacfe064fe039dfa03a8b7918","name":"Claire","image":{"@type":"ImageObject","inLanguage":"fr-FR","@id":"https:\/\/smallthings.fr\/lespetitslivres\/#\/schema\/person\/image\/","url":"https:\/\/secure.gravatar.com\/avatar\/9a85ff83d76b3eb17b8cae208640786e?s=96&d=retro&r=g","contentUrl":"https:\/\/secure.gravatar.com\/avatar\/9a85ff83d76b3eb17b8cae208640786e?s=96&d=retro&r=g","caption":"Claire"},"url":"https:\/\/smallthings.fr\/lespetitslivres\/author\/claire\/"}]}},"jetpack_featured_media_url":"https:\/\/smallthings.fr\/lespetitslivres\/wp-content\/uploads\/2016\/12\/aveu-de-faiblesses-viguier.jpg","jetpack_sharing_enabled":true,"jetpack_shortlink":"https:\/\/wp.me\/p6Un21-7Xr","jetpack-related-posts":[{"id":21146,"url":"https:\/\/smallthings.fr\/lespetitslivres\/2015\/02\/20\/petite-fille-nuage-tour-eiffel-critique\/","url_meta":{"origin":30593,"position":0},"title":"La petite fille qui avait aval\u00e9 un nuage grand comme la Tour Eiffel","author":"Claire","date":"20 f\u00e9vrier 2015","format":false,"excerpt":"Apr\u00e8s l'immense succ\u00e8s de L'Extraordinaire voyage du fakir qui \u00e9tait rest\u00e9 coinc\u00e9 dans une armoire Ikea, Roman Pu\u00e9rtolas r\u00e9cidive avec La petite fille qui avait aval\u00e9 un nuage grand comme la Tour Eiffel. Le roman est sorti le 7 janvier aux \u00e9ditions du Dilettante. Digne de la saga Malauss\u00e8ne de\u2026","rel":"","context":"Dans &quot;Roman fran\u00e7ais&quot;","block_context":{"text":"Roman fran\u00e7ais","link":"https:\/\/smallthings.fr\/lespetitslivres\/category\/roman\/roman-francais\/"},"img":{"alt_text":"","src":"https:\/\/i0.wp.com\/smallthings.fr\/wp-content\/uploads\/2015\/02\/9782842638122.jpg?resize=350%2C200","width":350,"height":200},"classes":[]},{"id":31799,"url":"https:\/\/smallthings.fr\/lespetitslivres\/2018\/09\/04\/trancher-amelie-cordonnier-roman-avis\/","url_meta":{"origin":30593,"position":1},"title":"Trancher, quand les mots d\u00e9truisent : le premier roman d&rsquo;Am\u00e9lie Cordonnier","author":"Claire","date":"4 septembre 2018","format":false,"excerpt":"En cette Rentr\u00e9e litt\u00e9raire, la journaliste Am\u00e9lie Cordonnier publie son premier roman, Trancher, chez Flammarion. Un livre difficile qui aborde le sujet de la violence conjugale verbale. L'h\u00e9ro\u00efne est en couple avec Aur\u00e9lien. Ils ont deux enfants. Apr\u00e8s des ann\u00e9es de tr\u00eave, Aur\u00e9lien recommence \u00e0 l'insulter, et ce devant leurs\u2026","rel":"","context":"Dans &quot;Roman fran\u00e7ais&quot;","block_context":{"text":"Roman fran\u00e7ais","link":"https:\/\/smallthings.fr\/lespetitslivres\/category\/roman\/roman-francais\/"},"img":{"alt_text":"","src":"https:\/\/i0.wp.com\/smallthings.fr\/lespetitslivres\/wp-content\/uploads\/2018\/09\/trancher-cordonnier-cover.jpg?resize=350%2C200&ssl=1","width":350,"height":200,"srcset":"https:\/\/i0.wp.com\/smallthings.fr\/lespetitslivres\/wp-content\/uploads\/2018\/09\/trancher-cordonnier-cover.jpg?resize=350%2C200&ssl=1 1x, https:\/\/i0.wp.com\/smallthings.fr\/lespetitslivres\/wp-content\/uploads\/2018\/09\/trancher-cordonnier-cover.jpg?resize=525%2C300&ssl=1 1.5x"},"classes":[]},{"id":29896,"url":"https:\/\/smallthings.fr\/lespetitslivres\/2016\/05\/04\/maraudeurs-tom-cooper-critique\/","url_meta":{"origin":30593,"position":2},"title":"Les Maraudeurs de Tom Cooper, magouilles et embrouilles dans la Barataria","author":"June","date":"4 mai 2016","format":false,"excerpt":"Les Maraudeurs, premier roman de Tom Cooper, paru aux \u00e9ditions Albin Michel, vous offre une plong\u00e9e aussi d\u00e9paysante qu\u2019insolite dans le vieux Sud des \u00c9tats-Unis, \u00e0 Jeannette, Louisiane. Sur fond de d\u00e9sastre \u00e9cologique se croisent p\u00eacheurs de crevettes \u00e0 la d\u00e9rive, chasseur de tr\u00e9sor et magouilleurs en tous genres.\u00a0 A\u2026","rel":"","context":"Dans &quot;Roman \u00e9tranger&quot;","block_context":{"text":"Roman \u00e9tranger","link":"https:\/\/smallthings.fr\/lespetitslivres\/category\/roman\/roman-etranger\/"},"img":{"alt_text":"","src":"https:\/\/i0.wp.com\/smallthings.fr\/lespetitslivres\/wp-content\/uploads\/2016\/05\/maraudeur-couv.jpg?resize=350%2C200&ssl=1","width":350,"height":200,"srcset":"https:\/\/i0.wp.com\/smallthings.fr\/lespetitslivres\/wp-content\/uploads\/2016\/05\/maraudeur-couv.jpg?resize=350%2C200&ssl=1 1x, https:\/\/i0.wp.com\/smallthings.fr\/lespetitslivres\/wp-content\/uploads\/2016\/05\/maraudeur-couv.jpg?resize=525%2C300&ssl=1 1.5x, https:\/\/i0.wp.com\/smallthings.fr\/lespetitslivres\/wp-content\/uploads\/2016\/05\/maraudeur-couv.jpg?resize=700%2C400&ssl=1 2x, https:\/\/i0.wp.com\/smallthings.fr\/lespetitslivres\/wp-content\/uploads\/2016\/05\/maraudeur-couv.jpg?resize=1050%2C600&ssl=1 3x"},"classes":[]},{"id":6060,"url":"https:\/\/smallthings.fr\/lespetitslivres\/2013\/06\/27\/frederic-lenoir-et-simonetta-greggio-nina\/","url_meta":{"origin":30593,"position":3},"title":"Fr\u00e9d\u00e9ric Lenoir et Simonetta Greggio &#8211; \u00ab\u00a0Nina\u00a0\u00bb","author":"Claire","date":"27 juin 2013","format":false,"excerpt":"Sorti fin mai et \u00e9crit \u00e0 4 mains, \"Nina\" tr\u00f4ne depuis plusieurs semaines dans la liste des meilleures ventes. Un autre livre que la r\u00e9daction de Small Things vous conseille pour cet \u00e9t\u00e9, si vous aimez les romans d'amour \u00e0 l'eau de rose (y a pas de honte \u00e0 \u00e7a\u2026","rel":"","context":"Dans &quot;Roman fran\u00e7ais&quot;","block_context":{"text":"Roman fran\u00e7ais","link":"https:\/\/smallthings.fr\/lespetitslivres\/category\/roman\/roman-francais\/"},"img":{"alt_text":"","src":"https:\/\/i0.wp.com\/uploads.smallthings.fr\/2013\/06\/24403101-300x202.jpg?resize=350%2C200","width":350,"height":200},"classes":[]},{"id":7609,"url":"https:\/\/smallthings.fr\/lespetitslivres\/2013\/08\/23\/delphine-bertholon-le-soleil-a-mes-pieds\/","url_meta":{"origin":30593,"position":4},"title":"Delphine Bertholon &#8211; Le soleil \u00e0 mes pieds","author":"Claire","date":"23 ao\u00fbt 2013","format":false,"excerpt":"Continuons notre exploration des sorties de la rentr\u00e9e litt\u00e9raire avec le nouveau roman de Delphine Berthelon qui para\u00eet chez JC Latt\u00e8s.","rel":"","context":"Dans &quot;Roman fran\u00e7ais&quot;","block_context":{"text":"Roman fran\u00e7ais","link":"https:\/\/smallthings.fr\/lespetitslivres\/category\/roman\/roman-francais\/"},"img":{"alt_text":"","src":"","width":0,"height":0},"classes":[]},{"id":26444,"url":"https:\/\/smallthings.fr\/lespetitslivres\/2015\/08\/24\/la-maladroite-alexandre-seurat-critique\/","url_meta":{"origin":30593,"position":5},"title":"La maladroite, premier roman d&rsquo;Alexandre Seurat","author":"Claire","date":"24 ao\u00fbt 2015","format":false,"excerpt":"La maladroite, premier roman d'Alexandre Seurat, est le bijou inattendu de cette rentr\u00e9e litt\u00e9raire. Paru aux \u00e9ditions du Rouergue le 19 ao\u00fbt, il a d\u00e9j\u00e0 remport\u00e9 le coup de c\u0153ur des magasins Cultura, qui lui assure une belle visibilit\u00e9. Il est \u00e9galement finaliste du Prix Roman Fnac 2015, et on\u2026","rel":"","context":"Dans &quot;Rentr\u00e9e Litt\u00e9raire&quot;","block_context":{"text":"Rentr\u00e9e Litt\u00e9raire","link":"https:\/\/smallthings.fr\/lespetitslivres\/category\/rentree-litteraire-2015\/"},"img":{"alt_text":"","src":"https:\/\/i0.wp.com\/smallthings.fr\/wp-content\/uploads\/2015\/08\/la-maladroite-205x300.jpg?resize=350%2C200","width":350,"height":200},"classes":[]}],"_links":{"self":[{"href":"https:\/\/smallthings.fr\/lespetitslivres\/wp-json\/wp\/v2\/posts\/30593"}],"collection":[{"href":"https:\/\/smallthings.fr\/lespetitslivres\/wp-json\/wp\/v2\/posts"}],"about":[{"href":"https:\/\/smallthings.fr\/lespetitslivres\/wp-json\/wp\/v2\/types\/post"}],"author":[{"embeddable":true,"href":"https:\/\/smallthings.fr\/lespetitslivres\/wp-json\/wp\/v2\/users\/2"}],"replies":[{"embeddable":true,"href":"https:\/\/smallthings.fr\/lespetitslivres\/wp-json\/wp\/v2\/comments?post=30593"}],"version-history":[{"count":4,"href":"https:\/\/smallthings.fr\/lespetitslivres\/wp-json\/wp\/v2\/posts\/30593\/revisions"}],"predecessor-version":[{"id":30607,"href":"https:\/\/smallthings.fr\/lespetitslivres\/wp-json\/wp\/v2\/posts\/30593\/revisions\/30607"}],"wp:featuredmedia":[{"embeddable":true,"href":"https:\/\/smallthings.fr\/lespetitslivres\/wp-json\/wp\/v2\/media\/30594"}],"wp:attachment":[{"href":"https:\/\/smallthings.fr\/lespetitslivres\/wp-json\/wp\/v2\/media?parent=30593"}],"wp:term":[{"taxonomy":"category","embeddable":true,"href":"https:\/\/smallthings.fr\/lespetitslivres\/wp-json\/wp\/v2\/categories?post=30593"},{"taxonomy":"post_tag","embeddable":true,"href":"https:\/\/smallthings.fr\/lespetitslivres\/wp-json\/wp\/v2\/tags?post=30593"}],"curies":[{"name":"wp","href":"https:\/\/api.w.org\/{rel}","templated":true}]}}