{"id":30475,"date":"2016-11-16T14:30:52","date_gmt":"2016-11-16T13:30:52","guid":{"rendered":"http:\/\/smallthings.fr\/lespetitslivres\/?p=30475"},"modified":"2016-11-16T11:53:47","modified_gmt":"2016-11-16T10:53:47","slug":"chanson-douce-leila-slimani-avis","status":"publish","type":"post","link":"https:\/\/smallthings.fr\/lespetitslivres\/2016\/11\/16\/chanson-douce-leila-slimani-avis\/","title":{"rendered":"Chanson douce, roman social terrifiant de Le\u00efla Slimani"},"content":{"rendered":"<h2><em>Chanson douce<\/em> vient de recevoir le Prix Goncourt 2016. Son auteur, Le\u00efla Slimani, livrait l\u00e0 son premier roman, paru chez <a href=\"http:\/\/www.gallimard.fr\/Catalogue\/GALLIMARD\/Blanche\/Chanson-douce\">Gallimard<\/a> pour la rentr\u00e9e litt\u00e9raire. \u00c0 la fronti\u00e8re du thriller et du roman social, <em>Chanson douce<\/em> nous entra\u00eene dans les m\u00e9andres psychologiques d&rsquo;une nounou au bord du gouffre.<\/h2>\n<p>On l&rsquo;apprend d\u00e8s les premi\u00e8res lignes : un drame est survenu au sein d&rsquo;une famille. La nounou des Mass\u00e9 a tu\u00e9 les enfants dont elle avait la garde. Le premier chapitre est factuel et terrible. Sans appel.<\/p>\n<p><img loading=\"lazy\" decoding=\"async\" data-attachment-id=\"30476\" data-permalink=\"https:\/\/smallthings.fr\/lespetitslivres\/2016\/11\/16\/chanson-douce-leila-slimani-avis\/chanson-douce\/\" data-orig-file=\"https:\/\/smallthings.fr\/lespetitslivres\/wp-content\/uploads\/2016\/11\/chanson-douce.jpg\" data-orig-size=\"500,500\" data-comments-opened=\"1\" data-image-meta=\"{&quot;aperture&quot;:&quot;0&quot;,&quot;credit&quot;:&quot;&quot;,&quot;camera&quot;:&quot;&quot;,&quot;caption&quot;:&quot;&quot;,&quot;created_timestamp&quot;:&quot;0&quot;,&quot;copyright&quot;:&quot;&quot;,&quot;focal_length&quot;:&quot;0&quot;,&quot;iso&quot;:&quot;0&quot;,&quot;shutter_speed&quot;:&quot;0&quot;,&quot;title&quot;:&quot;&quot;,&quot;orientation&quot;:&quot;0&quot;}\" data-image-title=\"chanson-douce\" data-image-description=\"\" data-image-caption=\"\" data-medium-file=\"https:\/\/smallthings.fr\/lespetitslivres\/wp-content\/uploads\/2016\/11\/chanson-douce-300x300.jpg\" data-large-file=\"https:\/\/smallthings.fr\/lespetitslivres\/wp-content\/uploads\/2016\/11\/chanson-douce.jpg\" class=\"alignright  wp-image-30476\" src=\"http:\/\/smallthings.fr\/lespetitslivres\/wp-content\/uploads\/2016\/11\/chanson-douce.jpg\" alt=\"chanson-douce\" width=\"376\" height=\"376\" srcset=\"https:\/\/smallthings.fr\/lespetitslivres\/wp-content\/uploads\/2016\/11\/chanson-douce.jpg 500w, https:\/\/smallthings.fr\/lespetitslivres\/wp-content\/uploads\/2016\/11\/chanson-douce-300x300.jpg 300w, https:\/\/smallthings.fr\/lespetitslivres\/wp-content\/uploads\/2016\/11\/chanson-douce-150x150.jpg 150w\" sizes=\"(max-width: 376px) 100vw, 376px\" \/>Mais que s&rsquo;est-il pass\u00e9 pour que Louise, la nounou \u00ab\u00a0parfaite\u00a0\u00bb, l\u00e2che ainsi la rampe et commette l&rsquo;impensable ? C&rsquo;est ce que <em>Chanson douce<\/em> nous propose de d\u00e9couvrir. Tout au long du roman, Le\u00efla Slimani dresse le portrait des diff\u00e9rents protagonistes et excelle en la mati\u00e8re. Jamais clich\u00e9e, toujours nuanc\u00e9e et mesur\u00e9e, elle nous raconte l&rsquo;histoire de Myriam et Paul Mass\u00e9, d\u00e9crit le caract\u00e8re de leurs enfants, leur situation professionnelle, leurs probl\u00e8mes&#8230; en somme, la route qui les a men\u00e9s jusqu&rsquo;\u00e0 ce jour funeste.<\/p>\n<p>Alors qu&rsquo;un inspecteur de police interroge les t\u00e9moins directs et indirects de cet assassinat, Le\u00efla Slimani nous rapporte un certain nombre de faits. <strong>Si le meurtre ne peut pas \u00eatre expliqu\u00e9, il existe une multitudes de choses qui l&rsquo;ont un jour rendu in\u00e9vitable.<\/strong> Quand le basculement s&rsquo;est il donc produit ? <strong>Quel rapport de force sous-jacent cette famille et sa nounou ont-elles entrenus pour que cette femme fragile commette ce meurtre ?<\/strong> Car Louise a toujours \u00e9t\u00e9 fragile ; c&rsquo;est ce que l&rsquo;on apprend au fil des chapitres centr\u00e9s sur son personnage. Enfance aust\u00e8re, mariage sans amour, maternit\u00e9 mal v\u00e9cue&#8230; Louise, aujourd&rsquo;hui veuve, n&rsquo;a plus de nouvelles de sa fille et de gros probl\u00e8mes d&rsquo;argent. Elle s&rsquo;accroche aux Mass\u00e9 comme \u00e0 une bou\u00e9e de sauvetage. Rien ne compte plus que le temps pass\u00e9 avec eux. <strong>Louise d\u00e9veloppe avec la famille une inqui\u00e9tante relation de d\u00e9pendance.<\/strong> On comprend bien que le couple n&rsquo;a \u00e0 aucun moment eu l&rsquo;intention d&rsquo;en profiter, mais la situation se complexifie et les limites deviennent floues. Qu&rsquo;est-ce qui oblige Louise \u00e0 rester aussi tard, \u00e0 faire le m\u00e9nage, \u00e0 pr\u00e9parer le d\u00eener ? Est-ce normal que le couple lui propose de les accompagner en vacances en Gr\u00e8ce ? Jusqu&rsquo;o\u00f9 peut aller cette relation intime, qui ne le sera jamais compl\u00e8tement puisque Louise reste leur employ\u00e9e ? Cette derni\u00e8re multiplie les r\u00e9actions \u00e9tranges, presque inqui\u00e9tantes.<\/p>\n<p>C&rsquo;est l\u00e0 que s&rsquo;exprime la virtuosit\u00e9 de Le\u00efla Slimani. Peu \u00e0 peu, Louise commence \u00e0 nous faire peur. Quels drames, quelles frustrations, quelles peines transporte donc cette femme pourtant inoffensive, qui \u00ab\u00a0ne ferait pas de mal a une mouche\u00a0\u00bb, jusqu&rsquo;\u00e0 devenir cette personne mena\u00e7ante et dangereuse ? \u00c0 quoi Myriam et Paul ont-ils particip\u00e9 bien malgr\u00e9 eux, quels ont \u00e9t\u00e9 leurs manquements, leurs maladresses ?<\/p>\n<p><em>Chanson douce<\/em> est un roman social terrifiant et absolument r\u00e9ussi. En optant pour un point de vue plut\u00f4t ext\u00e9rieur et une expression factuelle, Le\u00efla Slimani parvient tout de m\u00eame bien souvent \u00e0 nous briser le c\u0153ur.<\/p>\n<p><em>Chanson douce<\/em> brosse le portrait de diverses cat\u00e9gories d&rsquo;individus, qui nous semblent tous un peu familiers. Ils se rencontrent et interagissent, portant les marques ou le poids de leur pass\u00e9 et exp\u00e9riences, pour le meilleur et pour le pire. Le personnage de Louise fait planer une ombre inqui\u00e9tante, que l&rsquo;on sait mena\u00e7ante. <strong>Le roman prend alors des allures de thriller psychologique. La nounou est ancr\u00e9e jusqu&rsquo;au cou dans la r\u00e9alit\u00e9 et les affres de son \u00e9poque, qui apporte \u00e0 certains ce qu&rsquo;elle enl\u00e8ve \u00e0 d&rsquo;autres.<\/strong> Depuis quand portait-elle cette folie destructrice, cette soif de vengeance contre le monde, et ce qui l&rsquo;a men\u00e9e jusque l\u00e0 est-il vraiment identifiable ?<\/p>\n<p><strong>Un prix Goncourt m\u00e9rit\u00e9 pour un premier roman parfaitement men\u00e9 \u00e0 d\u00e9couvrir sans h\u00e9siter.<\/strong><\/p>\n","protected":false},"excerpt":{"rendered":"<p>Chanson douce vient de recevoir le Prix Goncourt 2016. Son auteur, Le\u00efla Slimani, livrait l\u00e0 son premier roman, paru chez Gallimard pour la rentr\u00e9e litt\u00e9raire. \u00c0 la fronti\u00e8re du thriller et du roman social, Chanson douce nous entra\u00eene dans les m\u00e9andres psychologiques d&rsquo;une nounou au bord du gouffre. On l&rsquo;apprend d\u00e8s les premi\u00e8res lignes :<\/p>\n","protected":false},"author":2,"featured_media":30477,"comment_status":"open","ping_status":"open","sticky":false,"template":"","format":"standard","meta":{"jetpack_post_was_ever_published":false,"_jetpack_newsletter_access":"","_jetpack_newsletter_tier_id":0,"footnotes":"","jetpack_publicize_message":"","jetpack_is_tweetstorm":false,"jetpack_publicize_feature_enabled":true,"jetpack_social_post_already_shared":true,"jetpack_social_options":{"image_generator_settings":{"template":"highway","enabled":false}}},"categories":[1117],"tags":[1572,1573,1574,32],"jetpack_publicize_connections":[],"yoast_head":"<!-- This site is optimized with the Yoast SEO plugin v21.5 - https:\/\/yoast.com\/wordpress\/plugins\/seo\/ -->\n<title>Chanson douce, roman social terrifiant de Le\u00efla Slimani<\/title>\n<meta name=\"description\" content=\"Chanson douce vient de recevoir le Prix Goncourt 2016. Son auteur, Le\u00efla Slimani, livrait l\u00e0 son premier roman, paru chez Gallimard pour la rentr\u00e9e\" \/>\n<meta name=\"robots\" content=\"index, follow, max-snippet:-1, max-image-preview:large, max-video-preview:-1\" \/>\n<link rel=\"canonical\" href=\"http:\/\/smallthings.fr\/lespetitslivres\/2016\/11\/16\/chanson-douce-leila-slimani-avis\/\" \/>\n<meta property=\"og:locale\" content=\"fr_FR\" \/>\n<meta property=\"og:type\" content=\"article\" \/>\n<meta property=\"og:title\" content=\"Chanson douce, roman social terrifiant de Le\u00efla Slimani\" \/>\n<meta property=\"og:description\" content=\"Chanson douce vient de recevoir le Prix Goncourt 2016. Son auteur, Le\u00efla Slimani, livrait l\u00e0 son premier roman, paru chez Gallimard pour la rentr\u00e9e\" \/>\n<meta property=\"og:url\" content=\"http:\/\/smallthings.fr\/lespetitslivres\/2016\/11\/16\/chanson-douce-leila-slimani-avis\/\" \/>\n<meta property=\"og:site_name\" content=\"Les Petits Livres\" \/>\n<meta property=\"article:published_time\" content=\"2016-11-16T13:30:52+00:00\" \/>\n<meta property=\"article:modified_time\" content=\"2016-11-16T10:53:47+00:00\" \/>\n<meta property=\"og:image\" content=\"https:\/\/i0.wp.com\/smallthings.fr\/lespetitslivres\/wp-content\/uploads\/2016\/11\/chanson-douce-slimani.jpg?fit=2000%2C1000\" \/>\n\t<meta property=\"og:image:width\" content=\"2000\" \/>\n\t<meta property=\"og:image:height\" content=\"1000\" \/>\n\t<meta property=\"og:image:type\" content=\"image\/jpeg\" \/>\n<meta name=\"author\" content=\"Claire\" \/>\n<meta name=\"twitter:card\" content=\"summary_large_image\" \/>\n<meta name=\"twitter:label1\" content=\"\u00c9crit par\" \/>\n\t<meta name=\"twitter:data1\" content=\"Claire\" \/>\n\t<meta name=\"twitter:label2\" content=\"Dur\u00e9e de lecture estim\u00e9e\" \/>\n\t<meta name=\"twitter:data2\" content=\"3 minutes\" \/>\n<script type=\"application\/ld+json\" class=\"yoast-schema-graph\">{\"@context\":\"https:\/\/schema.org\",\"@graph\":[{\"@type\":\"WebPage\",\"@id\":\"http:\/\/smallthings.fr\/lespetitslivres\/2016\/11\/16\/chanson-douce-leila-slimani-avis\/\",\"url\":\"http:\/\/smallthings.fr\/lespetitslivres\/2016\/11\/16\/chanson-douce-leila-slimani-avis\/\",\"name\":\"Chanson douce, roman social terrifiant de Le\u00efla Slimani\",\"isPartOf\":{\"@id\":\"https:\/\/smallthings.fr\/lespetitslivres\/#website\"},\"datePublished\":\"2016-11-16T13:30:52+00:00\",\"dateModified\":\"2016-11-16T10:53:47+00:00\",\"author\":{\"@id\":\"https:\/\/smallthings.fr\/lespetitslivres\/#\/schema\/person\/504d603cacfe064fe039dfa03a8b7918\"},\"description\":\"Chanson douce vient de recevoir le Prix Goncourt 2016. Son auteur, Le\u00efla Slimani, livrait l\u00e0 son premier roman, paru chez Gallimard pour la rentr\u00e9e\",\"breadcrumb\":{\"@id\":\"http:\/\/smallthings.fr\/lespetitslivres\/2016\/11\/16\/chanson-douce-leila-slimani-avis\/#breadcrumb\"},\"inLanguage\":\"fr-FR\",\"potentialAction\":[{\"@type\":\"ReadAction\",\"target\":[\"http:\/\/smallthings.fr\/lespetitslivres\/2016\/11\/16\/chanson-douce-leila-slimani-avis\/\"]}]},{\"@type\":\"BreadcrumbList\",\"@id\":\"http:\/\/smallthings.fr\/lespetitslivres\/2016\/11\/16\/chanson-douce-leila-slimani-avis\/#breadcrumb\",\"itemListElement\":[{\"@type\":\"ListItem\",\"position\":1,\"name\":\"Accueil\",\"item\":\"https:\/\/smallthings.fr\/lespetitslivres\/\"},{\"@type\":\"ListItem\",\"position\":2,\"name\":\"Chanson douce, roman social terrifiant de Le\u00efla Slimani\"}]},{\"@type\":\"WebSite\",\"@id\":\"https:\/\/smallthings.fr\/lespetitslivres\/#website\",\"url\":\"https:\/\/smallthings.fr\/lespetitslivres\/\",\"name\":\"Les Petits Livres\",\"description\":\"by Small Things\",\"potentialAction\":[{\"@type\":\"SearchAction\",\"target\":{\"@type\":\"EntryPoint\",\"urlTemplate\":\"https:\/\/smallthings.fr\/lespetitslivres\/?s={search_term_string}\"},\"query-input\":\"required name=search_term_string\"}],\"inLanguage\":\"fr-FR\"},{\"@type\":\"Person\",\"@id\":\"https:\/\/smallthings.fr\/lespetitslivres\/#\/schema\/person\/504d603cacfe064fe039dfa03a8b7918\",\"name\":\"Claire\",\"image\":{\"@type\":\"ImageObject\",\"inLanguage\":\"fr-FR\",\"@id\":\"https:\/\/smallthings.fr\/lespetitslivres\/#\/schema\/person\/image\/\",\"url\":\"https:\/\/secure.gravatar.com\/avatar\/9a85ff83d76b3eb17b8cae208640786e?s=96&d=retro&r=g\",\"contentUrl\":\"https:\/\/secure.gravatar.com\/avatar\/9a85ff83d76b3eb17b8cae208640786e?s=96&d=retro&r=g\",\"caption\":\"Claire\"},\"url\":\"https:\/\/smallthings.fr\/lespetitslivres\/author\/claire\/\"}]}<\/script>\n<!-- \/ Yoast SEO plugin. -->","yoast_head_json":{"title":"Chanson douce, roman social terrifiant de Le\u00efla Slimani","description":"Chanson douce vient de recevoir le Prix Goncourt 2016. Son auteur, Le\u00efla Slimani, livrait l\u00e0 son premier roman, paru chez Gallimard pour la rentr\u00e9e","robots":{"index":"index","follow":"follow","max-snippet":"max-snippet:-1","max-image-preview":"max-image-preview:large","max-video-preview":"max-video-preview:-1"},"canonical":"http:\/\/smallthings.fr\/lespetitslivres\/2016\/11\/16\/chanson-douce-leila-slimani-avis\/","og_locale":"fr_FR","og_type":"article","og_title":"Chanson douce, roman social terrifiant de Le\u00efla Slimani","og_description":"Chanson douce vient de recevoir le Prix Goncourt 2016. Son auteur, Le\u00efla Slimani, livrait l\u00e0 son premier roman, paru chez Gallimard pour la rentr\u00e9e","og_url":"http:\/\/smallthings.fr\/lespetitslivres\/2016\/11\/16\/chanson-douce-leila-slimani-avis\/","og_site_name":"Les Petits Livres","article_published_time":"2016-11-16T13:30:52+00:00","article_modified_time":"2016-11-16T10:53:47+00:00","og_image":[{"width":2000,"height":1000,"url":"https:\/\/i0.wp.com\/smallthings.fr\/lespetitslivres\/wp-content\/uploads\/2016\/11\/chanson-douce-slimani.jpg?fit=2000%2C1000","type":"image\/jpeg"}],"author":"Claire","twitter_card":"summary_large_image","twitter_misc":{"\u00c9crit par":"Claire","Dur\u00e9e de lecture estim\u00e9e":"3 minutes"},"schema":{"@context":"https:\/\/schema.org","@graph":[{"@type":"WebPage","@id":"http:\/\/smallthings.fr\/lespetitslivres\/2016\/11\/16\/chanson-douce-leila-slimani-avis\/","url":"http:\/\/smallthings.fr\/lespetitslivres\/2016\/11\/16\/chanson-douce-leila-slimani-avis\/","name":"Chanson douce, roman social terrifiant de Le\u00efla Slimani","isPartOf":{"@id":"https:\/\/smallthings.fr\/lespetitslivres\/#website"},"datePublished":"2016-11-16T13:30:52+00:00","dateModified":"2016-11-16T10:53:47+00:00","author":{"@id":"https:\/\/smallthings.fr\/lespetitslivres\/#\/schema\/person\/504d603cacfe064fe039dfa03a8b7918"},"description":"Chanson douce vient de recevoir le Prix Goncourt 2016. Son auteur, Le\u00efla Slimani, livrait l\u00e0 son premier roman, paru chez Gallimard pour la rentr\u00e9e","breadcrumb":{"@id":"http:\/\/smallthings.fr\/lespetitslivres\/2016\/11\/16\/chanson-douce-leila-slimani-avis\/#breadcrumb"},"inLanguage":"fr-FR","potentialAction":[{"@type":"ReadAction","target":["http:\/\/smallthings.fr\/lespetitslivres\/2016\/11\/16\/chanson-douce-leila-slimani-avis\/"]}]},{"@type":"BreadcrumbList","@id":"http:\/\/smallthings.fr\/lespetitslivres\/2016\/11\/16\/chanson-douce-leila-slimani-avis\/#breadcrumb","itemListElement":[{"@type":"ListItem","position":1,"name":"Accueil","item":"https:\/\/smallthings.fr\/lespetitslivres\/"},{"@type":"ListItem","position":2,"name":"Chanson douce, roman social terrifiant de Le\u00efla Slimani"}]},{"@type":"WebSite","@id":"https:\/\/smallthings.fr\/lespetitslivres\/#website","url":"https:\/\/smallthings.fr\/lespetitslivres\/","name":"Les Petits Livres","description":"by Small Things","potentialAction":[{"@type":"SearchAction","target":{"@type":"EntryPoint","urlTemplate":"https:\/\/smallthings.fr\/lespetitslivres\/?s={search_term_string}"},"query-input":"required name=search_term_string"}],"inLanguage":"fr-FR"},{"@type":"Person","@id":"https:\/\/smallthings.fr\/lespetitslivres\/#\/schema\/person\/504d603cacfe064fe039dfa03a8b7918","name":"Claire","image":{"@type":"ImageObject","inLanguage":"fr-FR","@id":"https:\/\/smallthings.fr\/lespetitslivres\/#\/schema\/person\/image\/","url":"https:\/\/secure.gravatar.com\/avatar\/9a85ff83d76b3eb17b8cae208640786e?s=96&d=retro&r=g","contentUrl":"https:\/\/secure.gravatar.com\/avatar\/9a85ff83d76b3eb17b8cae208640786e?s=96&d=retro&r=g","caption":"Claire"},"url":"https:\/\/smallthings.fr\/lespetitslivres\/author\/claire\/"}]}},"jetpack_featured_media_url":"https:\/\/smallthings.fr\/lespetitslivres\/wp-content\/uploads\/2016\/11\/chanson-douce-slimani.jpg","jetpack_sharing_enabled":true,"jetpack_shortlink":"https:\/\/wp.me\/p6Un21-7Vx","jetpack-related-posts":[{"id":26444,"url":"https:\/\/smallthings.fr\/lespetitslivres\/2015\/08\/24\/la-maladroite-alexandre-seurat-critique\/","url_meta":{"origin":30475,"position":0},"title":"La maladroite, premier roman d&rsquo;Alexandre Seurat","author":"Claire","date":"24 ao\u00fbt 2015","format":false,"excerpt":"La maladroite, premier roman d'Alexandre Seurat, est le bijou inattendu de cette rentr\u00e9e litt\u00e9raire. Paru aux \u00e9ditions du Rouergue le 19 ao\u00fbt, il a d\u00e9j\u00e0 remport\u00e9 le coup de c\u0153ur des magasins Cultura, qui lui assure une belle visibilit\u00e9. Il est \u00e9galement finaliste du Prix Roman Fnac 2015, et on\u2026","rel":"","context":"Dans &quot;Rentr\u00e9e Litt\u00e9raire&quot;","block_context":{"text":"Rentr\u00e9e Litt\u00e9raire","link":"https:\/\/smallthings.fr\/lespetitslivres\/category\/rentree-litteraire-2015\/"},"img":{"alt_text":"","src":"https:\/\/i0.wp.com\/smallthings.fr\/wp-content\/uploads\/2015\/08\/la-maladroite-205x300.jpg?resize=350%2C200","width":350,"height":200},"classes":[]},{"id":30163,"url":"https:\/\/smallthings.fr\/lespetitslivres\/2016\/08\/28\/10-04-ben-lerner-roman-critique\/","url_meta":{"origin":30475,"position":1},"title":"10:04 de Ben Lerner : le roman du romancier","author":"Diane Norric","date":"28 ao\u00fbt 2016","format":false,"excerpt":"10:04 est le second roman de l'Am\u00e9ricain Ben Lerner, que publient les \u00e9ditions de l\u2019Olivier en cette rentr\u00e9e litt\u00e9raire. Le premier roman de l'auteur, Au d\u00e9part d\u2019Atocha, encens\u00e9 par la critique anglo-saxonne \u00e9tait paru en fran\u00e7ais chez le m\u00eame \u00e9diteur. 10:04 est lui aussi pr\u00e9c\u00e9d\u00e9 d\u2019une flatteuse r\u00e9putation. Dans ce\u2026","rel":"","context":"Dans &quot;Rentr\u00e9e litt\u00e9raire&quot;","block_context":{"text":"Rentr\u00e9e litt\u00e9raire","link":"https:\/\/smallthings.fr\/lespetitslivres\/category\/rentree-litteraire\/"},"img":{"alt_text":"","src":"https:\/\/i0.wp.com\/smallthings.fr\/lespetitslivres\/wp-content\/uploads\/2016\/07\/10-04-lerner-couv.jpg?resize=350%2C200&ssl=1","width":350,"height":200,"srcset":"https:\/\/i0.wp.com\/smallthings.fr\/lespetitslivres\/wp-content\/uploads\/2016\/07\/10-04-lerner-couv.jpg?resize=350%2C200&ssl=1 1x, https:\/\/i0.wp.com\/smallthings.fr\/lespetitslivres\/wp-content\/uploads\/2016\/07\/10-04-lerner-couv.jpg?resize=525%2C300&ssl=1 1.5x, https:\/\/i0.wp.com\/smallthings.fr\/lespetitslivres\/wp-content\/uploads\/2016\/07\/10-04-lerner-couv.jpg?resize=700%2C400&ssl=1 2x, https:\/\/i0.wp.com\/smallthings.fr\/lespetitslivres\/wp-content\/uploads\/2016\/07\/10-04-lerner-couv.jpg?resize=1050%2C600&ssl=1 3x"},"classes":[]},{"id":29479,"url":"https:\/\/smallthings.fr\/lespetitslivres\/2016\/02\/19\/pour-la-peau-emmanuelle-richard\/","url_meta":{"origin":30475,"position":2},"title":"Pour la peau : l&rsquo;amour fou d&rsquo;Emmanuelle Richard","author":"Claire","date":"19 f\u00e9vrier 2016","format":false,"excerpt":"Pour la peau est le deuxi\u00e8me roman d'Emmanuelle Richard, que les \u00e9ditions de l'Olivier publient en cette rentr\u00e9e de janvier. Les diff\u00e9rents visages de l'amour, du plus raisonnable au plus tar\u00e9, y sont abord\u00e9s. Elle vient de remporter le prix Ana\u00efs Nin. Les premi\u00e8res pages de Pour la peau sont\u2026","rel":"","context":"Dans &quot;Roman fran\u00e7ais&quot;","block_context":{"text":"Roman fran\u00e7ais","link":"https:\/\/smallthings.fr\/lespetitslivres\/category\/roman\/roman-francais\/"},"img":{"alt_text":"","src":"https:\/\/i0.wp.com\/smallthings.fr\/lespetitslivres\/wp-content\/uploads\/2016\/01\/pour-la-peau-couv.jpg?resize=350%2C200&ssl=1","width":350,"height":200},"classes":[]},{"id":15845,"url":"https:\/\/smallthings.fr\/lespetitslivres\/2014\/08\/20\/amelie-nothomb-petronille-rentree-avis\/","url_meta":{"origin":30475,"position":3},"title":"Am\u00e9lie Nothomb fait sa rentr\u00e9e avec P\u00e9tronille","author":"Audrey Ch\u00e8vrefeuille","date":"20 ao\u00fbt 2014","format":false,"excerpt":"Comme chaque ann\u00e9e, Am\u00e9lie Nothomb sort son nouveau roman pour la rentr\u00e9e litt\u00e9raire chez Albin Michel. C\u2019est devenu une habitude depuis longtemps maintenant. Pas de r\u00e9el suspense donc quant \u00e0 l\u2019\u00e9v\u00e9nement, mais toujours une impatience et des interrogations sur le contenu. Annonc\u00e9 \u00e0 200.000 exemplaires, P\u00e9tronille fera s\u00fbrement beaucoup parler\u2026","rel":"","context":"Dans &quot;Roman fran\u00e7ais&quot;","block_context":{"text":"Roman fran\u00e7ais","link":"https:\/\/smallthings.fr\/lespetitslivres\/category\/roman\/roman-francais\/"},"img":{"alt_text":"","src":"https:\/\/i0.wp.com\/smallthings.fr\/wp-content\/uploads\/2014\/08\/nothomb-petronille.jpg?resize=350%2C200","width":350,"height":200},"classes":[]},{"id":25537,"url":"https:\/\/smallthings.fr\/lespetitslivres\/2015\/08\/21\/ressources-inhumaines-roman-viguier-critique\/","url_meta":{"origin":30475,"position":4},"title":"Ressources inhumaines : premier roman de Fr\u00e9d\u00e9ric Viguier","author":"Claire","date":"21 ao\u00fbt 2015","format":false,"excerpt":"Ressources inhumaines est le premier roman de Fr\u00e9d\u00e9ric Viguier, publi\u00e9 en cette rentr\u00e9e litt\u00e9raire par les \u00e9ditions Albin Michel. L'auteur choisit le th\u00e8me de la vie en entreprise au sein d'un hypermarch\u00e9. Ressources inhumaines nous parle de manipulation, de harc\u00e8lement, mais aussi de ces existences qui ne tournent qu'autour du\u2026","rel":"","context":"Dans &quot;Rentr\u00e9e Litt\u00e9raire&quot;","block_context":{"text":"Rentr\u00e9e Litt\u00e9raire","link":"https:\/\/smallthings.fr\/lespetitslivres\/category\/rentree-litteraire-2015\/"},"img":{"alt_text":"","src":"https:\/\/i0.wp.com\/smallthings.fr\/wp-content\/uploads\/2015\/07\/ressources-inhumaines-viguier.jpg?resize=350%2C200","width":350,"height":200},"classes":[]},{"id":7662,"url":"https:\/\/smallthings.fr\/lespetitslivres\/2013\/08\/28\/laure-adler-immortelles\/","url_meta":{"origin":30475,"position":5},"title":"Laure Adler &#8211; Immortelles","author":"Yohann","date":"28 ao\u00fbt 2013","format":false,"excerpt":"Le premier roman de Laure Adler, par ailleurs historienne et journaliste, sort aujourd'hui chez Grasset dans le cadre de la rentr\u00e9e litt\u00e9raire. Yohann nous en fait la critique.","rel":"","context":"Dans &quot;Roman fran\u00e7ais&quot;","block_context":{"text":"Roman fran\u00e7ais","link":"https:\/\/smallthings.fr\/lespetitslivres\/category\/roman\/roman-francais\/"},"img":{"alt_text":"","src":"","width":0,"height":0},"classes":[]}],"_links":{"self":[{"href":"https:\/\/smallthings.fr\/lespetitslivres\/wp-json\/wp\/v2\/posts\/30475"}],"collection":[{"href":"https:\/\/smallthings.fr\/lespetitslivres\/wp-json\/wp\/v2\/posts"}],"about":[{"href":"https:\/\/smallthings.fr\/lespetitslivres\/wp-json\/wp\/v2\/types\/post"}],"author":[{"embeddable":true,"href":"https:\/\/smallthings.fr\/lespetitslivres\/wp-json\/wp\/v2\/users\/2"}],"replies":[{"embeddable":true,"href":"https:\/\/smallthings.fr\/lespetitslivres\/wp-json\/wp\/v2\/comments?post=30475"}],"version-history":[{"count":1,"href":"https:\/\/smallthings.fr\/lespetitslivres\/wp-json\/wp\/v2\/posts\/30475\/revisions"}],"predecessor-version":[{"id":30478,"href":"https:\/\/smallthings.fr\/lespetitslivres\/wp-json\/wp\/v2\/posts\/30475\/revisions\/30478"}],"wp:featuredmedia":[{"embeddable":true,"href":"https:\/\/smallthings.fr\/lespetitslivres\/wp-json\/wp\/v2\/media\/30477"}],"wp:attachment":[{"href":"https:\/\/smallthings.fr\/lespetitslivres\/wp-json\/wp\/v2\/media?parent=30475"}],"wp:term":[{"taxonomy":"category","embeddable":true,"href":"https:\/\/smallthings.fr\/lespetitslivres\/wp-json\/wp\/v2\/categories?post=30475"},{"taxonomy":"post_tag","embeddable":true,"href":"https:\/\/smallthings.fr\/lespetitslivres\/wp-json\/wp\/v2\/tags?post=30475"}],"curies":[{"name":"wp","href":"https:\/\/api.w.org\/{rel}","templated":true}]}}