{"id":30448,"date":"2016-11-14T13:42:51","date_gmt":"2016-11-14T12:42:51","guid":{"rendered":"http:\/\/smallthings.fr\/lespetitslivres\/?p=30448"},"modified":"2016-11-14T13:42:51","modified_gmt":"2016-11-14T12:42:51","slug":"ne-laissez-pas-les-chiens-garder-la-viande","status":"publish","type":"post","link":"https:\/\/smallthings.fr\/lespetitslivres\/2016\/11\/14\/ne-laissez-pas-les-chiens-garder-la-viande\/","title":{"rendered":"Ne laissez pas les chiens garder la viande : quand la fiction se met au service de la r\u00e9alit\u00e9"},"content":{"rendered":"<h2>\u00ab\u00a0Ne laissez pas\u00a0aux\u00a0chiens\u00a0la\u00a0garde\u00a0de la c\u00f4te de\u00a0viande\u00a0\u00bb. Un proverbe tachdien en guise d\u2019\u00e9pigraphe, quelques mots venants du confin du monde\u2026 qui inspirent le titre du livre de Mariska Mourik\u00a0<em>Ne laissez pas les chiens garder la viande<\/em>, paru aux \u00e9ditions <a href=\"http:\/\/www.le-passeur-editeur.com\/les-livres\/litt%C3%A9rature\/ne-laissez-pas-les-chiens-garder-la-viande\/\">Le Passeur<\/a> en octobre 2016. Cette phrase travaille l\u2019esprit encore et encore au fil des 512 pages, et surtout apr\u00e8s. Et dans un souci de libert\u00e9 litt\u00e9raire, je laisse ce myst\u00e8re complet.<\/h2>\n<p>2007, Darfour. Les ann\u00e9es d\u2019un conflit pour le moins classique dans cette r\u00e9gion du monde. Les autorit\u00e9s soudanaises\u00a0 face \u00e0 la r\u00e9sistance, face aux rebelles. Le tribut reste tristement le m\u00eame, la mort fauche et au mieux la violence ruine. A ce stade il est vrai que nous serions tent\u00e9s d\u2019adopter cette lassitude presque excusable. C\u2019\u00e9tais sans compter la mani\u00e8re dont Mariska Mourik r\u00e9v\u00e8le l\u2019\u00e2me de cette histoire, son c\u0153ur, mais aussi ses veines.<\/p>\n<p><img loading=\"lazy\" decoding=\"async\" data-attachment-id=\"30450\" data-permalink=\"https:\/\/smallthings.fr\/lespetitslivres\/2016\/11\/14\/ne-laissez-pas-les-chiens-garder-la-viande\/ne-laissez-pas-les-chiens\/\" data-orig-file=\"https:\/\/smallthings.fr\/lespetitslivres\/wp-content\/uploads\/2016\/11\/ne-laissez-pas-les-chiens.png\" data-orig-size=\"477,700\" data-comments-opened=\"1\" data-image-meta=\"{&quot;aperture&quot;:&quot;0&quot;,&quot;credit&quot;:&quot;&quot;,&quot;camera&quot;:&quot;&quot;,&quot;caption&quot;:&quot;&quot;,&quot;created_timestamp&quot;:&quot;0&quot;,&quot;copyright&quot;:&quot;&quot;,&quot;focal_length&quot;:&quot;0&quot;,&quot;iso&quot;:&quot;0&quot;,&quot;shutter_speed&quot;:&quot;0&quot;,&quot;title&quot;:&quot;&quot;,&quot;orientation&quot;:&quot;0&quot;}\" data-image-title=\"ne-laissez-pas-les-chiens\" data-image-description=\"\" data-image-caption=\"\" data-medium-file=\"https:\/\/smallthings.fr\/lespetitslivres\/wp-content\/uploads\/2016\/11\/ne-laissez-pas-les-chiens-204x300.png\" data-large-file=\"https:\/\/smallthings.fr\/lespetitslivres\/wp-content\/uploads\/2016\/11\/ne-laissez-pas-les-chiens.png\" class=\"alignleft wp-image-30450\" src=\"http:\/\/smallthings.fr\/lespetitslivres\/wp-content\/uploads\/2016\/11\/ne-laissez-pas-les-chiens.png\" alt=\"ne-laissez-pas-les-chiens\" width=\"294\" height=\"431\" srcset=\"https:\/\/smallthings.fr\/lespetitslivres\/wp-content\/uploads\/2016\/11\/ne-laissez-pas-les-chiens.png 477w, https:\/\/smallthings.fr\/lespetitslivres\/wp-content\/uploads\/2016\/11\/ne-laissez-pas-les-chiens-204x300.png 204w\" sizes=\"(max-width: 294px) 100vw, 294px\" \/>Ses veines, ce sont deux mondes. Deux univers dont les liens rel\u00e8vent du vic\u00e9ral, de l\u2019\u00e9troite relation qui fait na\u00eetre le d\u00e9go\u00fbt. Celle de L\u2019Etat et des m\u00e9dias dans ce qu\u2019ils ont de plus sombre. D\u2019un c\u00f4t\u00e9, la jeune Claire tente de faire face au d\u00e9sastre humanitaire au c\u0153ur de son ONG, de l\u2019autre, Dantzig se lance dans le journalisme d\u2019investigation, et m\u00e8ne l\u2019enqu\u00eate sur l\u2019organisation \u00ab\u00a0Urgence Darfour\u00a0\u00bb. <strong>Au-del\u00e0 d\u2019une rencontre intime, il s\u2019agit du destin crois\u00e9 d\u2019une jeune femme \u00e0 la recherche d\u2019une justice perdue et d\u2019un homme en qu\u00eate de v\u00e9rit\u00e9s, encercl\u00e9 par les museli\u00e8res<\/strong>. Quelle est la r\u00e9alit\u00e9 soudanaise, quel est le v\u00e9ritable r\u00f4le des ONG sur le terrain\u00a0? Autant d\u2019interrogations qui r\u00e9v\u00e8lent avec brio les rouages d\u2019une affaire qui d\u00e9passe la r\u00e9gion, o\u00f9 les int\u00e9r\u00eats de chacun se rencontrent en une seule fin\u00a0: le silence.<\/p>\n<p><strong>Au-del\u00e0 du r\u00e9cit fiction, l\u2019\u00e9criture de<em> Ne laissez pas les chiens garder la viande<\/em> l\u00e8ve le voile sur tout un m\u00e9canisme invisible mais bien r\u00e9el<\/strong>. Le r\u00e9alisme de l\u2019intrigue perturbe, tant le contenu du livre est franc et vrai. De Sarkozy \u00e0 Kouchner, en passant par Kadhafi, aucun d\u00e9tail n\u2019est laiss\u00e9 au hasard. Les informations sont denses, la complexit\u00e9 n\u2019est en rien sacrifi\u00e9e, l\u2019exercice du pouvoir est d\u00e9peint sans pudeur.<\/p>\n<p>L\u2019auteur nous emm\u00e8ne donc dans un monde o\u00f9 il n\u2019y a pas de place pour la moindre faiblesse sentimentale, o\u00f9 le sexe ne peut pas se payer le luxe de l\u2019\u00e9rotisme, o\u00f9 le professionnel prend le pas sur l\u2019humain.<\/p>\n<p>En somme, o\u00f9 tout \u00e9volue dans une violence assum\u00e9e ou travestie.<\/p>\n","protected":false},"excerpt":{"rendered":"<p>\u00ab\u00a0Ne laissez pas\u00a0aux\u00a0chiens\u00a0la\u00a0garde\u00a0de la c\u00f4te de\u00a0viande\u00a0\u00bb. Un proverbe tachdien en guise d\u2019\u00e9pigraphe, quelques mots venants du confin du monde\u2026 qui inspirent le titre du livre de Mariska Mourik\u00a0Ne laissez pas les chiens garder la viande, paru aux \u00e9ditions Le Passeur en octobre 2016. Cette phrase travaille l\u2019esprit encore et encore au fil des 512 pages,<\/p>\n","protected":false},"author":21,"featured_media":30449,"comment_status":"open","ping_status":"open","sticky":false,"template":"","format":"standard","meta":{"jetpack_post_was_ever_published":false,"_jetpack_newsletter_access":"","_jetpack_newsletter_tier_id":0,"footnotes":"","jetpack_publicize_message":"","jetpack_is_tweetstorm":false,"jetpack_publicize_feature_enabled":true,"jetpack_social_post_already_shared":true,"jetpack_social_options":{"image_generator_settings":{"template":"highway","enabled":false}}},"categories":[1118],"tags":[1564,1563,7,1565,958],"jetpack_publicize_connections":[],"yoast_head":"<!-- This site is optimized with the Yoast SEO plugin v21.5 - https:\/\/yoast.com\/wordpress\/plugins\/seo\/ -->\n<title>Ne laissez pas les chiens garder la viande : quand la fiction se met au service de la r\u00e9alit\u00e9<\/title>\n<meta name=\"description\" content=\"\u00ab Ne laissez pas aux chiens la garde de la c\u00f4te de viande \u00bb. Un proverbe tachdien en guise d\u2019\u00e9pigraphe, quelques mots venants du confin du monde\u2026 qui\" \/>\n<meta name=\"robots\" content=\"index, follow, max-snippet:-1, max-image-preview:large, max-video-preview:-1\" \/>\n<link rel=\"canonical\" href=\"https:\/\/smallthings.fr\/lespetitslivres\/2016\/11\/14\/ne-laissez-pas-les-chiens-garder-la-viande\/\" \/>\n<meta property=\"og:locale\" content=\"fr_FR\" \/>\n<meta property=\"og:type\" content=\"article\" \/>\n<meta property=\"og:title\" content=\"Ne laissez pas les chiens garder la viande : quand la fiction se met au service de la r\u00e9alit\u00e9\" \/>\n<meta property=\"og:description\" content=\"\u00ab Ne laissez pas aux chiens la garde de la c\u00f4te de viande \u00bb. Un proverbe tachdien en guise d\u2019\u00e9pigraphe, quelques mots venants du confin du monde\u2026 qui\" \/>\n<meta property=\"og:url\" content=\"https:\/\/smallthings.fr\/lespetitslivres\/2016\/11\/14\/ne-laissez-pas-les-chiens-garder-la-viande\/\" \/>\n<meta property=\"og:site_name\" content=\"Les Petits Livres\" \/>\n<meta property=\"article:published_time\" content=\"2016-11-14T12:42:51+00:00\" \/>\n<meta property=\"og:image\" content=\"https:\/\/smallthings.fr\/lespetitslivres\/wp-content\/uploads\/2016\/11\/ne-laissez-pas-les-chiens-couv.png\" \/>\n\t<meta property=\"og:image:width\" content=\"477\" \/>\n\t<meta property=\"og:image:height\" content=\"238\" \/>\n\t<meta property=\"og:image:type\" content=\"image\/png\" \/>\n<meta name=\"author\" content=\"Julie Celeste\" \/>\n<meta name=\"twitter:card\" content=\"summary_large_image\" \/>\n<meta name=\"twitter:label1\" content=\"\u00c9crit par\" \/>\n\t<meta name=\"twitter:data1\" content=\"Julie Celeste\" \/>\n\t<meta name=\"twitter:label2\" content=\"Dur\u00e9e de lecture estim\u00e9e\" \/>\n\t<meta name=\"twitter:data2\" content=\"2 minutes\" \/>\n<script type=\"application\/ld+json\" class=\"yoast-schema-graph\">{\"@context\":\"https:\/\/schema.org\",\"@graph\":[{\"@type\":\"WebPage\",\"@id\":\"https:\/\/smallthings.fr\/lespetitslivres\/2016\/11\/14\/ne-laissez-pas-les-chiens-garder-la-viande\/\",\"url\":\"https:\/\/smallthings.fr\/lespetitslivres\/2016\/11\/14\/ne-laissez-pas-les-chiens-garder-la-viande\/\",\"name\":\"Ne laissez pas les chiens garder la viande : quand la fiction se met au service de la r\u00e9alit\u00e9\",\"isPartOf\":{\"@id\":\"https:\/\/smallthings.fr\/lespetitslivres\/#website\"},\"datePublished\":\"2016-11-14T12:42:51+00:00\",\"dateModified\":\"2016-11-14T12:42:51+00:00\",\"author\":{\"@id\":\"https:\/\/smallthings.fr\/lespetitslivres\/#\/schema\/person\/ba237ccb1b187428454ed7f47cf2ad1d\"},\"description\":\"\u00ab Ne laissez pas aux chiens la garde de la c\u00f4te de viande \u00bb. Un proverbe tachdien en guise d\u2019\u00e9pigraphe, quelques mots venants du confin du monde\u2026 qui\",\"breadcrumb\":{\"@id\":\"https:\/\/smallthings.fr\/lespetitslivres\/2016\/11\/14\/ne-laissez-pas-les-chiens-garder-la-viande\/#breadcrumb\"},\"inLanguage\":\"fr-FR\",\"potentialAction\":[{\"@type\":\"ReadAction\",\"target\":[\"https:\/\/smallthings.fr\/lespetitslivres\/2016\/11\/14\/ne-laissez-pas-les-chiens-garder-la-viande\/\"]}]},{\"@type\":\"BreadcrumbList\",\"@id\":\"https:\/\/smallthings.fr\/lespetitslivres\/2016\/11\/14\/ne-laissez-pas-les-chiens-garder-la-viande\/#breadcrumb\",\"itemListElement\":[{\"@type\":\"ListItem\",\"position\":1,\"name\":\"Accueil\",\"item\":\"https:\/\/smallthings.fr\/lespetitslivres\/\"},{\"@type\":\"ListItem\",\"position\":2,\"name\":\"Ne laissez pas les chiens garder la viande : quand la fiction se met au service de la r\u00e9alit\u00e9\"}]},{\"@type\":\"WebSite\",\"@id\":\"https:\/\/smallthings.fr\/lespetitslivres\/#website\",\"url\":\"https:\/\/smallthings.fr\/lespetitslivres\/\",\"name\":\"Les Petits Livres\",\"description\":\"by Small Things\",\"potentialAction\":[{\"@type\":\"SearchAction\",\"target\":{\"@type\":\"EntryPoint\",\"urlTemplate\":\"https:\/\/smallthings.fr\/lespetitslivres\/?s={search_term_string}\"},\"query-input\":\"required name=search_term_string\"}],\"inLanguage\":\"fr-FR\"},{\"@type\":\"Person\",\"@id\":\"https:\/\/smallthings.fr\/lespetitslivres\/#\/schema\/person\/ba237ccb1b187428454ed7f47cf2ad1d\",\"name\":\"Julie Celeste\",\"image\":{\"@type\":\"ImageObject\",\"inLanguage\":\"fr-FR\",\"@id\":\"https:\/\/smallthings.fr\/lespetitslivres\/#\/schema\/person\/image\/\",\"url\":\"https:\/\/secure.gravatar.com\/avatar\/dcadd3e901b2ccc179b27983c72d2ea6?s=96&d=retro&r=g\",\"contentUrl\":\"https:\/\/secure.gravatar.com\/avatar\/dcadd3e901b2ccc179b27983c72d2ea6?s=96&d=retro&r=g\",\"caption\":\"Julie Celeste\"},\"url\":\"https:\/\/smallthings.fr\/lespetitslivres\/author\/julie-celeste\/\"}]}<\/script>\n<!-- \/ Yoast SEO plugin. -->","yoast_head_json":{"title":"Ne laissez pas les chiens garder la viande : quand la fiction se met au service de la r\u00e9alit\u00e9","description":"\u00ab Ne laissez pas aux chiens la garde de la c\u00f4te de viande \u00bb. Un proverbe tachdien en guise d\u2019\u00e9pigraphe, quelques mots venants du confin du monde\u2026 qui","robots":{"index":"index","follow":"follow","max-snippet":"max-snippet:-1","max-image-preview":"max-image-preview:large","max-video-preview":"max-video-preview:-1"},"canonical":"https:\/\/smallthings.fr\/lespetitslivres\/2016\/11\/14\/ne-laissez-pas-les-chiens-garder-la-viande\/","og_locale":"fr_FR","og_type":"article","og_title":"Ne laissez pas les chiens garder la viande : quand la fiction se met au service de la r\u00e9alit\u00e9","og_description":"\u00ab Ne laissez pas aux chiens la garde de la c\u00f4te de viande \u00bb. Un proverbe tachdien en guise d\u2019\u00e9pigraphe, quelques mots venants du confin du monde\u2026 qui","og_url":"https:\/\/smallthings.fr\/lespetitslivres\/2016\/11\/14\/ne-laissez-pas-les-chiens-garder-la-viande\/","og_site_name":"Les Petits Livres","article_published_time":"2016-11-14T12:42:51+00:00","og_image":[{"width":477,"height":238,"url":"https:\/\/smallthings.fr\/lespetitslivres\/wp-content\/uploads\/2016\/11\/ne-laissez-pas-les-chiens-couv.png","type":"image\/png"}],"author":"Julie Celeste","twitter_card":"summary_large_image","twitter_misc":{"\u00c9crit par":"Julie Celeste","Dur\u00e9e de lecture estim\u00e9e":"2 minutes"},"schema":{"@context":"https:\/\/schema.org","@graph":[{"@type":"WebPage","@id":"https:\/\/smallthings.fr\/lespetitslivres\/2016\/11\/14\/ne-laissez-pas-les-chiens-garder-la-viande\/","url":"https:\/\/smallthings.fr\/lespetitslivres\/2016\/11\/14\/ne-laissez-pas-les-chiens-garder-la-viande\/","name":"Ne laissez pas les chiens garder la viande : quand la fiction se met au service de la r\u00e9alit\u00e9","isPartOf":{"@id":"https:\/\/smallthings.fr\/lespetitslivres\/#website"},"datePublished":"2016-11-14T12:42:51+00:00","dateModified":"2016-11-14T12:42:51+00:00","author":{"@id":"https:\/\/smallthings.fr\/lespetitslivres\/#\/schema\/person\/ba237ccb1b187428454ed7f47cf2ad1d"},"description":"\u00ab Ne laissez pas aux chiens la garde de la c\u00f4te de viande \u00bb. Un proverbe tachdien en guise d\u2019\u00e9pigraphe, quelques mots venants du confin du monde\u2026 qui","breadcrumb":{"@id":"https:\/\/smallthings.fr\/lespetitslivres\/2016\/11\/14\/ne-laissez-pas-les-chiens-garder-la-viande\/#breadcrumb"},"inLanguage":"fr-FR","potentialAction":[{"@type":"ReadAction","target":["https:\/\/smallthings.fr\/lespetitslivres\/2016\/11\/14\/ne-laissez-pas-les-chiens-garder-la-viande\/"]}]},{"@type":"BreadcrumbList","@id":"https:\/\/smallthings.fr\/lespetitslivres\/2016\/11\/14\/ne-laissez-pas-les-chiens-garder-la-viande\/#breadcrumb","itemListElement":[{"@type":"ListItem","position":1,"name":"Accueil","item":"https:\/\/smallthings.fr\/lespetitslivres\/"},{"@type":"ListItem","position":2,"name":"Ne laissez pas les chiens garder la viande : quand la fiction se met au service de la r\u00e9alit\u00e9"}]},{"@type":"WebSite","@id":"https:\/\/smallthings.fr\/lespetitslivres\/#website","url":"https:\/\/smallthings.fr\/lespetitslivres\/","name":"Les Petits Livres","description":"by Small Things","potentialAction":[{"@type":"SearchAction","target":{"@type":"EntryPoint","urlTemplate":"https:\/\/smallthings.fr\/lespetitslivres\/?s={search_term_string}"},"query-input":"required name=search_term_string"}],"inLanguage":"fr-FR"},{"@type":"Person","@id":"https:\/\/smallthings.fr\/lespetitslivres\/#\/schema\/person\/ba237ccb1b187428454ed7f47cf2ad1d","name":"Julie Celeste","image":{"@type":"ImageObject","inLanguage":"fr-FR","@id":"https:\/\/smallthings.fr\/lespetitslivres\/#\/schema\/person\/image\/","url":"https:\/\/secure.gravatar.com\/avatar\/dcadd3e901b2ccc179b27983c72d2ea6?s=96&d=retro&r=g","contentUrl":"https:\/\/secure.gravatar.com\/avatar\/dcadd3e901b2ccc179b27983c72d2ea6?s=96&d=retro&r=g","caption":"Julie Celeste"},"url":"https:\/\/smallthings.fr\/lespetitslivres\/author\/julie-celeste\/"}]}},"jetpack_featured_media_url":"https:\/\/smallthings.fr\/lespetitslivres\/wp-content\/uploads\/2016\/11\/ne-laissez-pas-les-chiens-couv.png","jetpack_sharing_enabled":true,"jetpack_shortlink":"https:\/\/wp.me\/p6Un21-7V6","jetpack-related-posts":[{"id":29631,"url":"https:\/\/smallthings.fr\/lespetitslivres\/2016\/02\/28\/chiens-perdus-coeurs-solitaires-dillon\/","url_meta":{"origin":30448,"position":0},"title":"Chiens perdus &#038; c\u0153urs solitaires : le roman doudou de Lucy Dillon","author":"Jennifer","date":"28 f\u00e9vrier 2016","format":false,"excerpt":"Chiens perdus & c\u0153urs solitaires\u00a0est un roman de Lucy Dillon, sorti en format poche aux \u00e9ditions de l\u2019Archipel le 3 f\u00e9vrier dernier. Il raconte l\u2019histoire de Rachel, une jeune femme qui a perdu petit-ami, boulot et appartement dans la m\u00eame journ\u00e9e. Elle va h\u00e9riter d\u2019un refuge canin et va devoir\u2026","rel":"","context":"Dans &quot;Roman \u00e9tranger&quot;","block_context":{"text":"Roman \u00e9tranger","link":"https:\/\/smallthings.fr\/lespetitslivres\/category\/roman\/roman-etranger\/"},"img":{"alt_text":"","src":"https:\/\/i0.wp.com\/smallthings.fr\/lespetitslivres\/wp-content\/uploads\/2016\/02\/chiens-perdus-coeurs-solitaires-couv.jpg?resize=350%2C200&ssl=1","width":350,"height":200},"classes":[]},{"id":30889,"url":"https:\/\/smallthings.fr\/lespetitslivres\/2017\/03\/25\/mor-johana-gustawsson-thriller\/","url_meta":{"origin":30448,"position":1},"title":"M\u00f6r : thriller sanglant de Johana Gustawsson","author":"Jennifer","date":"25 mars 2017","format":false,"excerpt":"M\u00f6r, thriller de Johana Gustawsson, est sorti le 15 mars dernier aux\u00a0\u00e9ditions Bragelonne. Un roman captivant qui va nous plonger dans la traque d\u2019un tueur en s\u00e9rie qui d\u00e9coupe les seins, les fesses, les cuisses et les hanches de ses victimes. Le meurtrier a \u00e9t\u00e9 arr\u00eat\u00e9 10 ans plus t\u00f4t.\u2026","rel":"","context":"Dans &quot;Thriller&quot;","block_context":{"text":"Thriller","link":"https:\/\/smallthings.fr\/lespetitslivres\/category\/thriller\/"},"img":{"alt_text":"","src":"https:\/\/i0.wp.com\/smallthings.fr\/lespetitslivres\/wp-content\/uploads\/2017\/03\/Mor-gustawsson.jpg?resize=350%2C200&ssl=1","width":350,"height":200,"srcset":"https:\/\/i0.wp.com\/smallthings.fr\/lespetitslivres\/wp-content\/uploads\/2017\/03\/Mor-gustawsson.jpg?resize=350%2C200&ssl=1 1x, https:\/\/i0.wp.com\/smallthings.fr\/lespetitslivres\/wp-content\/uploads\/2017\/03\/Mor-gustawsson.jpg?resize=525%2C300&ssl=1 1.5x, https:\/\/i0.wp.com\/smallthings.fr\/lespetitslivres\/wp-content\/uploads\/2017\/03\/Mor-gustawsson.jpg?resize=700%2C400&ssl=1 2x, https:\/\/i0.wp.com\/smallthings.fr\/lespetitslivres\/wp-content\/uploads\/2017\/03\/Mor-gustawsson.jpg?resize=1050%2C600&ssl=1 3x"},"classes":[]},{"id":26351,"url":"https:\/\/smallthings.fr\/lespetitslivres\/2015\/08\/20\/les-nuits-de-laitue-vanessa-barbara-critique\/","url_meta":{"origin":30448,"position":2},"title":"Les nuits de laitue, premier roman chaotique de Vanessa Barbara","author":"Cecile","date":"20 ao\u00fbt 2015","format":false,"excerpt":"Les nuits de laitue, premier roman de la portugaise Vanessa Barbara, para\u00eet ce jour aux \u00e9ditions Zulma. Il semble d\u2019abord d\u00e9sordonn\u00e9, sans t\u00eate ni queue. D\u2019autant plus qu\u2019il commence par la fin\u00a0: la mort d\u2019un de ses personnages principaux, Ada, la femme d\u2019Otto. Et que Vanessa Barbara, loin de cr\u00e9er\u2026","rel":"","context":"Dans &quot;Rentr\u00e9e Litt\u00e9raire&quot;","block_context":{"text":"Rentr\u00e9e Litt\u00e9raire","link":"https:\/\/smallthings.fr\/lespetitslivres\/category\/rentree-litteraire-2015\/"},"img":{"alt_text":"","src":"","width":0,"height":0},"classes":[]},{"id":32009,"url":"https:\/\/smallthings.fr\/lespetitslivres\/2020\/02\/03\/le-sixieme-monde-la-nouvelle-saga-de-chez-milady-qui-va-cartonner\/","url_meta":{"origin":30448,"position":3},"title":"Le sixi\u00e8me monde, la nouvelle saga de chez Milady qui va cartonner !","author":"Jennifer","date":"3 f\u00e9vrier 2020","format":false,"excerpt":"La piste des \u00e9clairs est le premier tome de la saga Le sixi\u00e8me monde de Rebecca Roanhorse. Sorti le 22 janvier dernier chez Milady, ce roman imaginaire nous fait entrer sur les terres des Navajos et nous fait adorer leur culture. Le sixi\u00e8me monde a re\u00e7u le Prix Locus du\u2026","rel":"","context":"Dans &quot;Fantasy&quot;","block_context":{"text":"Fantasy","link":"https:\/\/smallthings.fr\/lespetitslivres\/category\/imaginaire\/fantasy\/"},"img":{"alt_text":"","src":"https:\/\/i0.wp.com\/smallthings.fr\/lespetitslivres\/wp-content\/uploads\/2020\/02\/La-piste-des-\u00e9clairs-Le-sixi\u00e8me-monde-2.jpg?resize=350%2C200&ssl=1","width":350,"height":200},"classes":[]},{"id":25164,"url":"https:\/\/smallthings.fr\/lespetitslivres\/2015\/07\/02\/tokyo-ghoul-t11-zombies-a-la-japonaise-avis\/","url_meta":{"origin":30448,"position":4},"title":"Tokyo Ghoul T11 : zombies \u00e0 la japonaise","author":"Rebecca","date":"2 juillet 2015","format":false,"excerpt":"Le volume 11 de Tokyo Ghoul, de Sui Ishida, est sorti aux \u00e9ditions Gl\u00e9nat. Et comme vous pouvez vous en doutez, nous sommes \u00e0 mille lieux de l\u2019esprit bon enfant du Kawai. Mais plut\u00f4t dans les bas-fonds de l\u2019horreur. Ce 11\u00e8me volet nous montre que Ken, le h\u00e9ros le plus\u2026","rel":"","context":"Dans &quot;Manga&quot;","block_context":{"text":"Manga","link":"https:\/\/smallthings.fr\/lespetitslivres\/category\/bd-manga\/manga\/"},"img":{"alt_text":"","src":"https:\/\/i0.wp.com\/smallthings.fr\/wp-content\/uploads\/2015\/07\/tokyo-ghoul-11.jpg?resize=350%2C200","width":350,"height":200},"classes":[]},{"id":30880,"url":"https:\/\/smallthings.fr\/lespetitslivres\/2017\/03\/22\/interview-nathalie-stragier-penelope-futur\/","url_meta":{"origin":30448,"position":5},"title":"Interview de Nathalie Stragier, auteure de la saga P\u00e9nelope la fille du futur","author":"June","date":"22 mars 2017","format":false,"excerpt":"June a eu la chance d'interviewer Nathalie Stragier, l'auteure de Ne ramenez jamais une fille du futur chez vous et Ne retournez jamais chez une fille du pass\u00e9, d\u00e9j\u00e0 critiqu\u00e9s sur les Petits Livres par ici. Bonjour Nathalie Stragier, c\u2019est un honneur et un plaisir que de te recevoir pour\u2026","rel":"","context":"Dans &quot;Interviews&quot;","block_context":{"text":"Interviews","link":"https:\/\/smallthings.fr\/lespetitslivres\/category\/interviews\/"},"img":{"alt_text":"","src":"https:\/\/i0.wp.com\/smallthings.fr\/lespetitslivres\/wp-content\/uploads\/2017\/03\/stragier-couv.jpeg?resize=350%2C200&ssl=1","width":350,"height":200},"classes":[]}],"_links":{"self":[{"href":"https:\/\/smallthings.fr\/lespetitslivres\/wp-json\/wp\/v2\/posts\/30448"}],"collection":[{"href":"https:\/\/smallthings.fr\/lespetitslivres\/wp-json\/wp\/v2\/posts"}],"about":[{"href":"https:\/\/smallthings.fr\/lespetitslivres\/wp-json\/wp\/v2\/types\/post"}],"author":[{"embeddable":true,"href":"https:\/\/smallthings.fr\/lespetitslivres\/wp-json\/wp\/v2\/users\/21"}],"replies":[{"embeddable":true,"href":"https:\/\/smallthings.fr\/lespetitslivres\/wp-json\/wp\/v2\/comments?post=30448"}],"version-history":[{"count":2,"href":"https:\/\/smallthings.fr\/lespetitslivres\/wp-json\/wp\/v2\/posts\/30448\/revisions"}],"predecessor-version":[{"id":30452,"href":"https:\/\/smallthings.fr\/lespetitslivres\/wp-json\/wp\/v2\/posts\/30448\/revisions\/30452"}],"wp:featuredmedia":[{"embeddable":true,"href":"https:\/\/smallthings.fr\/lespetitslivres\/wp-json\/wp\/v2\/media\/30449"}],"wp:attachment":[{"href":"https:\/\/smallthings.fr\/lespetitslivres\/wp-json\/wp\/v2\/media?parent=30448"}],"wp:term":[{"taxonomy":"category","embeddable":true,"href":"https:\/\/smallthings.fr\/lespetitslivres\/wp-json\/wp\/v2\/categories?post=30448"},{"taxonomy":"post_tag","embeddable":true,"href":"https:\/\/smallthings.fr\/lespetitslivres\/wp-json\/wp\/v2\/tags?post=30448"}],"curies":[{"name":"wp","href":"https:\/\/api.w.org\/{rel}","templated":true}]}}