{"id":30423,"date":"2016-10-28T13:00:53","date_gmt":"2016-10-28T12:00:53","guid":{"rendered":"http:\/\/smallthings.fr\/lespetitslivres\/?p=30423"},"modified":"2016-10-22T17:44:43","modified_gmt":"2016-10-22T16:44:43","slug":"je-suis-en-vie-et-tu-ne-m-entends-pas","status":"publish","type":"post","link":"https:\/\/smallthings.fr\/lespetitslivres\/2016\/10\/28\/je-suis-en-vie-et-tu-ne-m-entends-pas\/","title":{"rendered":"Je suis en vie et tu ne m\u2019entends pas : de Buchenwald \u00e0 Paris"},"content":{"rendered":"<h2><em>Je suis en vie et tu ne m\u2019entends pas<\/em>, le dernier roman de l\u2019\u00e9diteur et \u00e9crivain Daniel Arsand, est un livre bouleversant. Dans une langue po\u00e9tique et toujours juste, il explore un \u00e9pisode encore trop mal connu de l\u2019histoire des camps de la mort. Il est paru en mars dernier chez <a href=\"http:\/\/www.actes-sud.fr\/catalogue\/litterature\/je-suis-en-vie-et-tu-ne-mentends-pas\">Actes Sud. <\/a><\/h2>\n<p><strong>1945. Klaus Hirschkuh sort du camp de Buchenwald o\u00f9 il a croupi pendant quatre longues ann\u00e9es et part retrouver sa famille \u00e0 Leipzig. Une famille qui ne l\u2019accueille pas exactement \u00e0 bras ouverts\u00a0: Klaus a \u00e9t\u00e9 enferm\u00e9 en raison de son homosexualit\u00e9<\/strong> \u2013 un <em>Paragraphe 175<\/em>, comme disent les nazis, en r\u00e9f\u00e9rence \u00e0 l\u2019article du code p\u00e9nal qui condamnait les homosexuels. Alors, dans la famille Hirschkuh, on esp\u00e9rait plus ou moins \u00eatre d\u00e9barrass\u00e9 de ce fils, de ce fr\u00e8re dont on a toujours eu honte devant les voisins.<\/p>\n<p>D\u2019ailleurs, on ne l\u2019a pas vraiment cherch\u00e9 pendant tous ces mois. On esp\u00e9rait que la captivit\u00e9 allait l\u2019endurcir et m\u00eame, oui, le <em>viriliser<\/em>. Le remettre sur le droit chemin, quoi. L\u2019horreur des camps, l\u2019horreur de Buchenwald, les Hirschkuh ne l\u2019imaginent m\u00eame pas, ils ne veulent pas la savoir. Ils ne veulent pas savoir non plus que Klaus, parce qu\u2019il \u00e9tait un <em>Paragraphe<\/em> <em>175<\/em>, un de ceux qui ont d\u00fb coudre un triangle rose sur leur mince pyjama, a encore plus morfl\u00e9 que tous les autres, l\u00e0-bas dans le camp. Pendant quatre ans, il a \u00e9t\u00e9 la <em>pute<\/em> de son baraquement, la <em>pute<\/em> du kapo \u2013 et aussi son amant, un peu. Revenu \u00e0 Leipzig, il est maigre \u00e0 fr\u00e9mir et tout le ram\u00e8ne \u00e0 Buchenwald\u00a0: derri\u00e8re un banal chien dans la rue, il craint les crocs cruels des clebs des SS\u00a0; aper\u00e7oit-il une r\u00e8gle en m\u00e9tal \u00e0 la vitrine d\u2019un papetier qu\u2019il sent \u00e0 nouveau dans sa chair la r\u00e8gle que la Gestapo lui a enfonc\u00e9e dans le cul lors de son arrestation.<\/p>\n<p><img loading=\"lazy\" decoding=\"async\" data-attachment-id=\"30425\" data-permalink=\"https:\/\/smallthings.fr\/lespetitslivres\/2016\/10\/28\/je-suis-en-vie-et-tu-ne-m-entends-pas\/je-suis-en-vie\/\" data-orig-file=\"https:\/\/smallthings.fr\/lespetitslivres\/wp-content\/uploads\/2016\/10\/je-suis-en-vie.jpg\" data-orig-size=\"1280,2424\" data-comments-opened=\"1\" data-image-meta=\"{&quot;aperture&quot;:&quot;0&quot;,&quot;credit&quot;:&quot;&quot;,&quot;camera&quot;:&quot;&quot;,&quot;caption&quot;:&quot;&quot;,&quot;created_timestamp&quot;:&quot;0&quot;,&quot;copyright&quot;:&quot;&quot;,&quot;focal_length&quot;:&quot;0&quot;,&quot;iso&quot;:&quot;0&quot;,&quot;shutter_speed&quot;:&quot;0&quot;,&quot;title&quot;:&quot;&quot;,&quot;orientation&quot;:&quot;0&quot;}\" data-image-title=\"je-suis-en-vie\" data-image-description=\"\" data-image-caption=\"\" data-medium-file=\"https:\/\/smallthings.fr\/lespetitslivres\/wp-content\/uploads\/2016\/10\/je-suis-en-vie-158x300.jpg\" data-large-file=\"https:\/\/smallthings.fr\/lespetitslivres\/wp-content\/uploads\/2016\/10\/je-suis-en-vie-541x1024.jpg\" class=\"alignright  wp-image-30425\" src=\"http:\/\/smallthings.fr\/lespetitslivres\/wp-content\/uploads\/2016\/10\/je-suis-en-vie-541x1024.jpg\" alt=\"je-suis-en-vie\" width=\"347\" height=\"657\" srcset=\"https:\/\/smallthings.fr\/lespetitslivres\/wp-content\/uploads\/2016\/10\/je-suis-en-vie-541x1024.jpg 541w, https:\/\/smallthings.fr\/lespetitslivres\/wp-content\/uploads\/2016\/10\/je-suis-en-vie-158x300.jpg 158w, https:\/\/smallthings.fr\/lespetitslivres\/wp-content\/uploads\/2016\/10\/je-suis-en-vie-768x1454.jpg 768w, https:\/\/smallthings.fr\/lespetitslivres\/wp-content\/uploads\/2016\/10\/je-suis-en-vie-811x1536.jpg 811w, https:\/\/smallthings.fr\/lespetitslivres\/wp-content\/uploads\/2016\/10\/je-suis-en-vie-1081x2048.jpg 1081w, https:\/\/smallthings.fr\/lespetitslivres\/wp-content\/uploads\/2016\/10\/je-suis-en-vie.jpg 1280w\" sizes=\"(max-width: 347px) 100vw, 347px\" \/><strong>Sorti du camp, Klaus est toujours aussi homo qu\u2019avant et m\u00eame dans son \u00e9tat fantomatique, il est r\u00e9solu \u00e0 vivre.<\/strong> Dignement. Impossible \u00e0 Leipzig\u00a0: sa famille l\u2019\u00e9touffe et tout lui rappelle le camp. Il suit un ami \u00e0 Paris o\u00f9 il prend un nouveau d\u00e9part et son existence fran\u00e7aise lui r\u00e9ussit plut\u00f4t bien. Mais au cas o\u00f9 il oserait penser qu\u2019apr\u00e8s la d\u00e9route des nazis, aimer les gar\u00e7ons n\u2019est plus un probl\u00e8me, la vie lui apportera de cinglants d\u00e9mentis. Il d\u00e9couvre qu\u2019\u00e0 Paris en 1946, il est plus acceptable d\u2019\u00eatre Allemand que <em>p\u00e9d\u00e9<\/em> \u2013 il cache d\u2019ailleurs ses pr\u00e9f\u00e9rences \u00e0 nombre de ses relations. Il exp\u00e9rimente aussi l\u2019ostracisme inflig\u00e9 aux \u00ab\u00a0triangles roses\u00a0\u00bb, exclus des c\u00e9r\u00e9monies de comm\u00e9moration pour les victimes des camps, effac\u00e9s de la m\u00e9moire officielle, comme si leur pr\u00e9sence souillait les souffrances des autres.<\/p>\n<p>Klaus se trouve alors une raison de parler de son pass\u00e9 et de se r\u00e9volter \u00ab\u00a0<em>car il avait un c\u0153ur, il en aurait un \u00e0 chaque fraction de sa vie d\u00e9sormais, ce dont il n\u2019\u00e9tait plus vraiment s\u00fbr l\u00e0-bas, avoir un c\u0153ur l\u00e0-bas, le plus souvent, quelle farce\u00a0!\u00a0<\/em>\u00bb<\/p>\n<p><strong>Dans ce superbe roman, Daniel Arsand s\u2019aventure loin des sentiers battus et enfonce, l\u2019air de rien, de nombreuses portes <em>pudiquement<\/em> ferm\u00e9es.<\/strong> \u00c0 une \u00e9poque qui ne d\u00e9signe plus l\u2019extermination massive des nazis autrement que par le mot <em>Shoah<\/em> et o\u00f9 Auschwitz, dans toute son horreur, a comme gomm\u00e9 tous les autres camps, <em>Je suis en vie et tu ne m\u2019entends pas<\/em> vient utilement rappeler que la barbarie nazie a frapp\u00e9 bien au-del\u00e0 des Juifs. Le roman ose m\u00eame la d\u00e9sacralisation des prisonniers des camps\u00a0: les victimes du nazisme n\u2019ont jamais autant ressembl\u00e9 \u00e0 leurs bourreaux que quand il s\u2019agit de casser du p\u00e9d\u00e9. Trouble. Qui s\u2019accentue lorsque l\u2019on suit le parcours de Klaus apr\u00e8s Buchenwald\u00a0: presqu\u2019autant que par la morsure ind\u00e9l\u00e9bile laiss\u00e9e par le camp, son destin est influenc\u00e9 par l\u2019homophobie <em>ordinaire<\/em> qui le poursuit jusqu\u2019au bout (le roman s\u2019ach\u00e8ve dans les ann\u00e9es \u201980). Et on se rend compte que seule peut-\u00eatre dans ce cas, la communaut\u00e9 gay n\u2019a b\u00e9n\u00e9fici\u00e9 ni de la bienveillance, ni de la reconnaissance publique qui accompagnent pourtant le statut de victime du nazisme. Une mise en perspective historique qui trouve, malheureusement, un \u00e9cho aigu dans notre actualit\u00e9 r\u00e9cente, puisque la tuerie d\u2019Orlando a montr\u00e9 que l\u2019\u00e9radication des gays est aussi au programme des fascistes d\u2019aujourd\u2019hui, tandis que les milliers de braves h\u00e9t\u00e9rosexuels qui ont battu le pav\u00e9 dans toute la France pour r\u00e9clamer que les homos n\u2019aient pas autant de droits qu\u2019eux ont illustr\u00e9 avec limpidit\u00e9 la permanence d\u2019une intol\u00e9rance plus <em>soft <\/em>et insidieuse.<\/p>\n<p>D\u00e8s les ann\u00e9es qui ont suivi la chute d\u2019Hitler s\u2019est pos\u00e9e la question de la possibilit\u00e9 du t\u00e9moignage des victimes et de son \u00e9coute et, de mani\u00e8re plus large, la possibilit\u00e9 et le droit de dire ou de repr\u00e9senter les camps. C\u2019est par le biais de la fiction \u2013 Klaus Hirschkuh est un personnage imaginaire \u2013 que Daniel Arsand aborde Buchenwald dans <em>Je suis en vie et tu ne m&rsquo;entends pas<\/em>. Il s\u2019appuie pour cela sur les t\u00e9moignages de plusieurs d\u00e9port\u00e9s au triangle rose, cit\u00e9s \u00e0 la fin du livre. Question de respect \u00e9l\u00e9mentaire pour la parole des victimes. Par ailleurs, pour approcher les s\u00e9vices inflig\u00e9s dans le camp, il y aurait quelque chose de malsain et d\u2019intol\u00e9rable (et de vain, l\u2019horreur v\u00e9cue d\u00e9passant toujours, dans ce domaine pr\u00e9cis, l\u2019imagination la plus f\u00e9conde) \u00e0 voir un romancier faire assaut d\u2019imagination sadique quand les r\u00e9cits des survivants suffisent amplement au catalogue des s\u00e9vices. Nathalie Skowronek l\u2019explique tr\u00e8s bien dans <em>La Shoah de Monsieur Durand<\/em> (Gallimard, 2015)\u00a0: le recours \u00e0 la fiction pour parler des camps ne va toujours pas de soi \u00e0 l\u2019heure actuelle. \u00a0Les controverses n\u00e9es, pour des raisons diverses, des films <em>La vita \u00e8 bella<\/em> (Roberto Benigni, 1997) ou <em>Son of Saul<\/em> (L\u00e1szl\u00f3 Nemes, 2015) ou encore du livre <em>Les Bienveillantes<\/em> (Jonathan Littell, Gallimard<strong>, <\/strong>2006) en attestent \u00e0 suffisance.<\/p>\n<p>Voie p\u00e9rilleuse, donc, que celle choisie par Daniel Arsand dans <em>Je suis en vie et tu ne m&rsquo;entends pas<\/em>. \u00c9troite, aussi\u00a0: si le personnage de Klaus Hirschkuh condense l\u2019histoire de plusieurs d\u00e9port\u00e9s au triangle rose, <em>Je suis en vie et tu ne m\u2019entends pas<\/em> ne brosse pas toute l\u2019histoire de la d\u00e9portation des homos. Inutile d\u2019esp\u00e9rer y apprendre combien de gays ont \u00e9t\u00e9 mis en camp ni combien en sont sortis vivants. On ne sait pas non plus si cette d\u00e9portation a aussi frapp\u00e9 les lesbiennes. Tout cela est hors du champ de l\u2019ouvrage. Lequel ne se veut pas davantage un pamphlet ni une \u0153uvre de d\u00e9nonciation ou de revendication. Si l\u2019on sort n\u00e9anmoins de la lecture sid\u00e9r\u00e9, chang\u00e9 m\u00eame, c\u2019est que <strong>Daniel Arsand livre un roman fort, subtil, extraordinair<\/strong>e. Il invente une \u00e9criture qui suit les m\u00e9andres du monologue int\u00e9rieur de Klaus, personnage peu loquace (\u00ab\u00a0<em>Les mots s\u2019\u00e9taient rar\u00e9fi\u00e9s depuis des mois<\/em>\u00a0<em>et des mois<\/em> \u00bb) mais dont l\u2019esprit, tourment\u00e9, marqu\u00e9 \u00e0 jamais, \u00a0et dans le m\u00eame temps anim\u00e9 par la r\u00e9volte et l\u2019app\u00e9tit de la vie, tourne \u00e0 plein r\u00e9gime. Une \u00e9criture d\u2019une bouleversante po\u00e9sie, qui conf\u00e8re noblesse et dignit\u00e9 \u00e0 ce personnage qu\u2019on a tant humili\u00e9, et \u00e0 tous ceux qu\u2019il repr\u00e9sente. Les <em>triangles roses<\/em> de Buchenwald et d\u2019ailleurs.<\/p>\n","protected":false},"excerpt":{"rendered":"<p>Je suis en vie et tu ne m\u2019entends pas, le dernier roman de l\u2019\u00e9diteur et \u00e9crivain Daniel Arsand, est un livre bouleversant. Dans une langue po\u00e9tique et toujours juste, il explore un \u00e9pisode encore trop mal connu de l\u2019histoire des camps de la mort. Il est paru en mars dernier chez Actes Sud. 1945. Klaus<\/p>\n","protected":false},"author":20,"featured_media":30424,"comment_status":"open","ping_status":"open","sticky":false,"template":"","format":"standard","meta":{"jetpack_post_was_ever_published":false,"_jetpack_newsletter_access":"","_jetpack_newsletter_tier_id":0,"footnotes":"","jetpack_publicize_message":"","jetpack_is_tweetstorm":false,"jetpack_publicize_feature_enabled":true,"jetpack_social_post_already_shared":true,"jetpack_social_options":{"image_generator_settings":{"template":"highway","enabled":false}}},"categories":[1117],"tags":[1558,1556,1557,54],"jetpack_publicize_connections":[],"yoast_head":"<!-- This site is optimized with the Yoast SEO plugin v21.5 - https:\/\/yoast.com\/wordpress\/plugins\/seo\/ -->\n<title>Je suis en vie et tu ne m\u2019entends pas : de Buchenwald \u00e0 Paris<\/title>\n<meta name=\"description\" content=\"Je suis en vie et tu ne m\u2019entends pas, le dernier roman de l\u2019\u00e9diteur et \u00e9crivain Daniel Arsand, est un livre bouleversant. Dans une langue po\u00e9tique et\" \/>\n<meta name=\"robots\" content=\"index, follow, max-snippet:-1, max-image-preview:large, max-video-preview:-1\" \/>\n<link rel=\"canonical\" href=\"https:\/\/smallthings.fr\/lespetitslivres\/2016\/10\/28\/je-suis-en-vie-et-tu-ne-m-entends-pas\/\" \/>\n<meta property=\"og:locale\" content=\"fr_FR\" \/>\n<meta property=\"og:type\" content=\"article\" \/>\n<meta property=\"og:title\" content=\"Je suis en vie et tu ne m\u2019entends pas : de Buchenwald \u00e0 Paris\" \/>\n<meta property=\"og:description\" content=\"Je suis en vie et tu ne m\u2019entends pas, le dernier roman de l\u2019\u00e9diteur et \u00e9crivain Daniel Arsand, est un livre bouleversant. Dans une langue po\u00e9tique et\" \/>\n<meta property=\"og:url\" content=\"https:\/\/smallthings.fr\/lespetitslivres\/2016\/10\/28\/je-suis-en-vie-et-tu-ne-m-entends-pas\/\" \/>\n<meta property=\"og:site_name\" content=\"Les Petits Livres\" \/>\n<meta property=\"article:published_time\" content=\"2016-10-28T12:00:53+00:00\" \/>\n<meta property=\"article:modified_time\" content=\"2016-10-22T16:44:43+00:00\" \/>\n<meta property=\"og:image\" content=\"https:\/\/i0.wp.com\/smallthings.fr\/lespetitslivres\/wp-content\/uploads\/2016\/10\/daniel-arsand-je-suis-en-vie.jpg?fit=644%2C322&ssl=1\" \/>\n\t<meta property=\"og:image:width\" content=\"644\" \/>\n\t<meta property=\"og:image:height\" content=\"322\" \/>\n\t<meta property=\"og:image:type\" content=\"image\/jpeg\" \/>\n<meta name=\"author\" content=\"Diane Norric\" \/>\n<meta name=\"twitter:card\" content=\"summary_large_image\" \/>\n<meta name=\"twitter:label1\" content=\"\u00c9crit par\" \/>\n\t<meta name=\"twitter:data1\" content=\"Diane Norric\" \/>\n\t<meta name=\"twitter:label2\" content=\"Dur\u00e9e de lecture estim\u00e9e\" \/>\n\t<meta name=\"twitter:data2\" content=\"7 minutes\" \/>\n<script type=\"application\/ld+json\" class=\"yoast-schema-graph\">{\"@context\":\"https:\/\/schema.org\",\"@graph\":[{\"@type\":\"WebPage\",\"@id\":\"https:\/\/smallthings.fr\/lespetitslivres\/2016\/10\/28\/je-suis-en-vie-et-tu-ne-m-entends-pas\/\",\"url\":\"https:\/\/smallthings.fr\/lespetitslivres\/2016\/10\/28\/je-suis-en-vie-et-tu-ne-m-entends-pas\/\",\"name\":\"Je suis en vie et tu ne m\u2019entends pas : de Buchenwald \u00e0 Paris\",\"isPartOf\":{\"@id\":\"https:\/\/smallthings.fr\/lespetitslivres\/#website\"},\"datePublished\":\"2016-10-28T12:00:53+00:00\",\"dateModified\":\"2016-10-22T16:44:43+00:00\",\"author\":{\"@id\":\"https:\/\/smallthings.fr\/lespetitslivres\/#\/schema\/person\/d5a53b43d9461a170eb93b0fe68522f3\"},\"description\":\"Je suis en vie et tu ne m\u2019entends pas, le dernier roman de l\u2019\u00e9diteur et \u00e9crivain Daniel Arsand, est un livre bouleversant. Dans une langue po\u00e9tique et\",\"breadcrumb\":{\"@id\":\"https:\/\/smallthings.fr\/lespetitslivres\/2016\/10\/28\/je-suis-en-vie-et-tu-ne-m-entends-pas\/#breadcrumb\"},\"inLanguage\":\"fr-FR\",\"potentialAction\":[{\"@type\":\"ReadAction\",\"target\":[\"https:\/\/smallthings.fr\/lespetitslivres\/2016\/10\/28\/je-suis-en-vie-et-tu-ne-m-entends-pas\/\"]}]},{\"@type\":\"BreadcrumbList\",\"@id\":\"https:\/\/smallthings.fr\/lespetitslivres\/2016\/10\/28\/je-suis-en-vie-et-tu-ne-m-entends-pas\/#breadcrumb\",\"itemListElement\":[{\"@type\":\"ListItem\",\"position\":1,\"name\":\"Accueil\",\"item\":\"https:\/\/smallthings.fr\/lespetitslivres\/\"},{\"@type\":\"ListItem\",\"position\":2,\"name\":\"Je suis en vie et tu ne m\u2019entends pas : de Buchenwald \u00e0 Paris\"}]},{\"@type\":\"WebSite\",\"@id\":\"https:\/\/smallthings.fr\/lespetitslivres\/#website\",\"url\":\"https:\/\/smallthings.fr\/lespetitslivres\/\",\"name\":\"Les Petits Livres\",\"description\":\"by Small Things\",\"potentialAction\":[{\"@type\":\"SearchAction\",\"target\":{\"@type\":\"EntryPoint\",\"urlTemplate\":\"https:\/\/smallthings.fr\/lespetitslivres\/?s={search_term_string}\"},\"query-input\":\"required name=search_term_string\"}],\"inLanguage\":\"fr-FR\"},{\"@type\":\"Person\",\"@id\":\"https:\/\/smallthings.fr\/lespetitslivres\/#\/schema\/person\/d5a53b43d9461a170eb93b0fe68522f3\",\"name\":\"Diane Norric\",\"image\":{\"@type\":\"ImageObject\",\"inLanguage\":\"fr-FR\",\"@id\":\"https:\/\/smallthings.fr\/lespetitslivres\/#\/schema\/person\/image\/\",\"url\":\"https:\/\/secure.gravatar.com\/avatar\/5ee9f6a30b0c402cbb9d80e9e814f454?s=96&d=retro&r=g\",\"contentUrl\":\"https:\/\/secure.gravatar.com\/avatar\/5ee9f6a30b0c402cbb9d80e9e814f454?s=96&d=retro&r=g\",\"caption\":\"Diane Norric\"},\"url\":\"https:\/\/smallthings.fr\/lespetitslivres\/author\/diane-norric\/\"}]}<\/script>\n<!-- \/ Yoast SEO plugin. -->","yoast_head_json":{"title":"Je suis en vie et tu ne m\u2019entends pas : de Buchenwald \u00e0 Paris","description":"Je suis en vie et tu ne m\u2019entends pas, le dernier roman de l\u2019\u00e9diteur et \u00e9crivain Daniel Arsand, est un livre bouleversant. Dans une langue po\u00e9tique et","robots":{"index":"index","follow":"follow","max-snippet":"max-snippet:-1","max-image-preview":"max-image-preview:large","max-video-preview":"max-video-preview:-1"},"canonical":"https:\/\/smallthings.fr\/lespetitslivres\/2016\/10\/28\/je-suis-en-vie-et-tu-ne-m-entends-pas\/","og_locale":"fr_FR","og_type":"article","og_title":"Je suis en vie et tu ne m\u2019entends pas : de Buchenwald \u00e0 Paris","og_description":"Je suis en vie et tu ne m\u2019entends pas, le dernier roman de l\u2019\u00e9diteur et \u00e9crivain Daniel Arsand, est un livre bouleversant. Dans une langue po\u00e9tique et","og_url":"https:\/\/smallthings.fr\/lespetitslivres\/2016\/10\/28\/je-suis-en-vie-et-tu-ne-m-entends-pas\/","og_site_name":"Les Petits Livres","article_published_time":"2016-10-28T12:00:53+00:00","article_modified_time":"2016-10-22T16:44:43+00:00","og_image":[{"width":644,"height":322,"url":"https:\/\/i0.wp.com\/smallthings.fr\/lespetitslivres\/wp-content\/uploads\/2016\/10\/daniel-arsand-je-suis-en-vie.jpg?fit=644%2C322&ssl=1","type":"image\/jpeg"}],"author":"Diane Norric","twitter_card":"summary_large_image","twitter_misc":{"\u00c9crit par":"Diane Norric","Dur\u00e9e de lecture estim\u00e9e":"7 minutes"},"schema":{"@context":"https:\/\/schema.org","@graph":[{"@type":"WebPage","@id":"https:\/\/smallthings.fr\/lespetitslivres\/2016\/10\/28\/je-suis-en-vie-et-tu-ne-m-entends-pas\/","url":"https:\/\/smallthings.fr\/lespetitslivres\/2016\/10\/28\/je-suis-en-vie-et-tu-ne-m-entends-pas\/","name":"Je suis en vie et tu ne m\u2019entends pas : de Buchenwald \u00e0 Paris","isPartOf":{"@id":"https:\/\/smallthings.fr\/lespetitslivres\/#website"},"datePublished":"2016-10-28T12:00:53+00:00","dateModified":"2016-10-22T16:44:43+00:00","author":{"@id":"https:\/\/smallthings.fr\/lespetitslivres\/#\/schema\/person\/d5a53b43d9461a170eb93b0fe68522f3"},"description":"Je suis en vie et tu ne m\u2019entends pas, le dernier roman de l\u2019\u00e9diteur et \u00e9crivain Daniel Arsand, est un livre bouleversant. Dans une langue po\u00e9tique et","breadcrumb":{"@id":"https:\/\/smallthings.fr\/lespetitslivres\/2016\/10\/28\/je-suis-en-vie-et-tu-ne-m-entends-pas\/#breadcrumb"},"inLanguage":"fr-FR","potentialAction":[{"@type":"ReadAction","target":["https:\/\/smallthings.fr\/lespetitslivres\/2016\/10\/28\/je-suis-en-vie-et-tu-ne-m-entends-pas\/"]}]},{"@type":"BreadcrumbList","@id":"https:\/\/smallthings.fr\/lespetitslivres\/2016\/10\/28\/je-suis-en-vie-et-tu-ne-m-entends-pas\/#breadcrumb","itemListElement":[{"@type":"ListItem","position":1,"name":"Accueil","item":"https:\/\/smallthings.fr\/lespetitslivres\/"},{"@type":"ListItem","position":2,"name":"Je suis en vie et tu ne m\u2019entends pas : de Buchenwald \u00e0 Paris"}]},{"@type":"WebSite","@id":"https:\/\/smallthings.fr\/lespetitslivres\/#website","url":"https:\/\/smallthings.fr\/lespetitslivres\/","name":"Les Petits Livres","description":"by Small Things","potentialAction":[{"@type":"SearchAction","target":{"@type":"EntryPoint","urlTemplate":"https:\/\/smallthings.fr\/lespetitslivres\/?s={search_term_string}"},"query-input":"required name=search_term_string"}],"inLanguage":"fr-FR"},{"@type":"Person","@id":"https:\/\/smallthings.fr\/lespetitslivres\/#\/schema\/person\/d5a53b43d9461a170eb93b0fe68522f3","name":"Diane Norric","image":{"@type":"ImageObject","inLanguage":"fr-FR","@id":"https:\/\/smallthings.fr\/lespetitslivres\/#\/schema\/person\/image\/","url":"https:\/\/secure.gravatar.com\/avatar\/5ee9f6a30b0c402cbb9d80e9e814f454?s=96&d=retro&r=g","contentUrl":"https:\/\/secure.gravatar.com\/avatar\/5ee9f6a30b0c402cbb9d80e9e814f454?s=96&d=retro&r=g","caption":"Diane Norric"},"url":"https:\/\/smallthings.fr\/lespetitslivres\/author\/diane-norric\/"}]}},"jetpack_featured_media_url":"https:\/\/smallthings.fr\/lespetitslivres\/wp-content\/uploads\/2016\/10\/daniel-arsand-je-suis-en-vie.jpg","jetpack_sharing_enabled":true,"jetpack_shortlink":"https:\/\/wp.me\/p6Un21-7UH","jetpack-related-posts":[{"id":30867,"url":"https:\/\/smallthings.fr\/lespetitslivres\/2017\/03\/10\/avant-ombres-s-effacent-dalembert\/","url_meta":{"origin":30423,"position":0},"title":"Avant que les ombres s\u2019effacent : apr\u00e8s l\u2019errance, Ha\u00efti","author":"Diane Norric","date":"10 mars 2017","format":false,"excerpt":"N\u00e9 en 1962, l\u2019\u00e9crivain ha\u00eftien Louis-Philippe Dalembert peut se targuer d\u2019une \u0153uvre abondante et vari\u00e9e, o\u00f9 les romans c\u00f4toient la po\u00e9sie et l\u2019essai, et o\u00f9 le cr\u00e9ole rivalise avec le fran\u00e7ais. Avec Avant que les ombres s\u2019effacent, il revient avec un roman, mais s\u2019offre un nouvel \u00e9diteur\u00a0: Sabine Wespieser. Un\u2026","rel":"","context":"Dans &quot;Roman \u00e9tranger&quot;","block_context":{"text":"Roman \u00e9tranger","link":"https:\/\/smallthings.fr\/lespetitslivres\/category\/roman\/roman-etranger\/"},"img":{"alt_text":"","src":"https:\/\/i0.wp.com\/smallthings.fr\/lespetitslivres\/wp-content\/uploads\/2017\/03\/dalembert-ombres-haiti.jpg?resize=350%2C200&ssl=1","width":350,"height":200,"srcset":"https:\/\/i0.wp.com\/smallthings.fr\/lespetitslivres\/wp-content\/uploads\/2017\/03\/dalembert-ombres-haiti.jpg?resize=350%2C200&ssl=1 1x, https:\/\/i0.wp.com\/smallthings.fr\/lespetitslivres\/wp-content\/uploads\/2017\/03\/dalembert-ombres-haiti.jpg?resize=525%2C300&ssl=1 1.5x"},"classes":[]},{"id":30797,"url":"https:\/\/smallthings.fr\/lespetitslivres\/2017\/02\/21\/un-sac-solene-bakowski\/","url_meta":{"origin":30423,"position":1},"title":"Un sac : la sombre destin\u00e9e d\u2019une enfant pas comme les autres","author":"Jennifer","date":"21 f\u00e9vrier 2017","format":false,"excerpt":"Un sac est un\u00a0thriller de Sol\u00e8ne Bakowski, sorti aux\u00a0\u00e9ditions Milady le 20 janvier dernier. Un roman noir sur la vie d\u2019Anna-Marie Caravelle, une enfant qui ne d\u00e9sirait rien d\u2019autre que d\u2019\u00eatre aim\u00e9e mais qui, \u00e0 cause de son physique et de son \u00e9ducation, va se transformer en monstre. Sol\u00e8ne Bakowski\u2026","rel":"","context":"Dans &quot;Thriller&quot;","block_context":{"text":"Thriller","link":"https:\/\/smallthings.fr\/lespetitslivres\/category\/thriller\/"},"img":{"alt_text":"","src":"https:\/\/i0.wp.com\/smallthings.fr\/lespetitslivres\/wp-content\/uploads\/2017\/02\/Un-sac-Sol\u00e8ne-Bakowski-2.jpg?resize=350%2C200&ssl=1","width":350,"height":200,"srcset":"https:\/\/i0.wp.com\/smallthings.fr\/lespetitslivres\/wp-content\/uploads\/2017\/02\/Un-sac-Sol\u00e8ne-Bakowski-2.jpg?resize=350%2C200&ssl=1 1x, https:\/\/i0.wp.com\/smallthings.fr\/lespetitslivres\/wp-content\/uploads\/2017\/02\/Un-sac-Sol\u00e8ne-Bakowski-2.jpg?resize=525%2C300&ssl=1 1.5x"},"classes":[]},{"id":29631,"url":"https:\/\/smallthings.fr\/lespetitslivres\/2016\/02\/28\/chiens-perdus-coeurs-solitaires-dillon\/","url_meta":{"origin":30423,"position":2},"title":"Chiens perdus &#038; c\u0153urs solitaires : le roman doudou de Lucy Dillon","author":"Jennifer","date":"28 f\u00e9vrier 2016","format":false,"excerpt":"Chiens perdus & c\u0153urs solitaires\u00a0est un roman de Lucy Dillon, sorti en format poche aux \u00e9ditions de l\u2019Archipel le 3 f\u00e9vrier dernier. Il raconte l\u2019histoire de Rachel, une jeune femme qui a perdu petit-ami, boulot et appartement dans la m\u00eame journ\u00e9e. Elle va h\u00e9riter d\u2019un refuge canin et va devoir\u2026","rel":"","context":"Dans &quot;Roman \u00e9tranger&quot;","block_context":{"text":"Roman \u00e9tranger","link":"https:\/\/smallthings.fr\/lespetitslivres\/category\/roman\/roman-etranger\/"},"img":{"alt_text":"","src":"https:\/\/i0.wp.com\/smallthings.fr\/lespetitslivres\/wp-content\/uploads\/2016\/02\/chiens-perdus-coeurs-solitaires-couv.jpg?resize=350%2C200&ssl=1","width":350,"height":200},"classes":[]},{"id":32236,"url":"https:\/\/smallthings.fr\/lespetitslivres\/2021\/07\/07\/siri-qui-suis-je-sam-tschida\/","url_meta":{"origin":30423,"position":3},"title":"Siri, qui suis-je ? la com\u00e9die romantique de Sam Tschida","author":"Jennifer","date":"7 juillet 2021","format":false,"excerpt":"Sortie chez les \u00e9ditions Hauteville en mai dernier, Siri, qui suis-je\u00a0? est une com\u00e9die romantique de Sam Tschida qui raconte la lutte de Mia pour retrouver la m\u00e9moire apr\u00e8s un accident. Un roman qui avait une bonne id\u00e9e de d\u00e9part, mais qui \u00e9tait malheureusement un peu longuet. Siri, qui suis-je\u00a0?\u2026","rel":"","context":"Dans &quot;Roman \u00e9tranger&quot;","block_context":{"text":"Roman \u00e9tranger","link":"https:\/\/smallthings.fr\/lespetitslivres\/category\/roman\/roman-etranger\/"},"img":{"alt_text":"","src":"https:\/\/i0.wp.com\/smallthings.fr\/lespetitslivres\/wp-content\/uploads\/2021\/07\/Siri-qui-suis-je-Sam-Tschida-Hauteville-\u00e9ditions-2.jpg?resize=350%2C200&ssl=1","width":350,"height":200,"srcset":"https:\/\/i0.wp.com\/smallthings.fr\/lespetitslivres\/wp-content\/uploads\/2021\/07\/Siri-qui-suis-je-Sam-Tschida-Hauteville-\u00e9ditions-2.jpg?resize=350%2C200&ssl=1 1x, https:\/\/i0.wp.com\/smallthings.fr\/lespetitslivres\/wp-content\/uploads\/2021\/07\/Siri-qui-suis-je-Sam-Tschida-Hauteville-\u00e9ditions-2.jpg?resize=525%2C300&ssl=1 1.5x"},"classes":[]},{"id":31593,"url":"https:\/\/smallthings.fr\/lespetitslivres\/2018\/03\/28\/interview-nathalie-salmon-amour-liberte\/","url_meta":{"origin":30423,"position":4},"title":"Interview de Nathalie Salmon, auteure de Un amour de libert\u00e9","author":"June","date":"28 mars 2018","format":false,"excerpt":"Hate you met... Nathalie Salmon ? June nous fait le plaisir de partager avec nous cette interview de Nathalie Salmon, auteure d'Un amour de libert\u00e9, qu'elle a chroniqu\u00e9 par ici. Bonjour Nathalie Salmon, c\u2019est un plaisir et un honneur. Si vous\u00a0le voulez bien, commen\u00e7ons par vous pr\u00e9senter un peu. Quel\u2026","rel":"","context":"Dans &quot;Roman fran\u00e7ais&quot;","block_context":{"text":"Roman fran\u00e7ais","link":"https:\/\/smallthings.fr\/lespetitslivres\/category\/roman\/roman-francais\/"},"img":{"alt_text":"","src":"https:\/\/i0.wp.com\/smallthings.fr\/lespetitslivres\/wp-content\/uploads\/2018\/03\/nathalie-salmon-1.jpg?resize=350%2C200&ssl=1","width":350,"height":200,"srcset":"https:\/\/i0.wp.com\/smallthings.fr\/lespetitslivres\/wp-content\/uploads\/2018\/03\/nathalie-salmon-1.jpg?resize=350%2C200&ssl=1 1x, https:\/\/i0.wp.com\/smallthings.fr\/lespetitslivres\/wp-content\/uploads\/2018\/03\/nathalie-salmon-1.jpg?resize=525%2C300&ssl=1 1.5x, https:\/\/i0.wp.com\/smallthings.fr\/lespetitslivres\/wp-content\/uploads\/2018\/03\/nathalie-salmon-1.jpg?resize=700%2C400&ssl=1 2x, https:\/\/i0.wp.com\/smallthings.fr\/lespetitslivres\/wp-content\/uploads\/2018\/03\/nathalie-salmon-1.jpg?resize=1050%2C600&ssl=1 3x, https:\/\/i0.wp.com\/smallthings.fr\/lespetitslivres\/wp-content\/uploads\/2018\/03\/nathalie-salmon-1.jpg?resize=1400%2C800&ssl=1 4x"},"classes":[]},{"id":31774,"url":"https:\/\/smallthings.fr\/lespetitslivres\/2018\/09\/01\/avant-toi-apres-toi-apres-tout\/","url_meta":{"origin":30423,"position":5},"title":"Avant toi&#8230; Apr\u00e8s toi&#8230; Apr\u00e8s tout !","author":"Jennifer","date":"1 septembre 2018","format":false,"excerpt":"Jojo Moyes revient avec Apr\u00e8s tout, la suite de Apr\u00e8s toi qui \u00e9tait bien s\u00fbr la suite de Avant toi. Des titres que l'on retient facilement et surtout des best-sellers qui auront su \u00e9mouvoir le monde entier. Dans ce dernier tome, sorti en avril chez Milady, nous retrouvons une Lou\u2026","rel":"","context":"Dans &quot;Roman \u00e9tranger&quot;","block_context":{"text":"Roman \u00e9tranger","link":"https:\/\/smallthings.fr\/lespetitslivres\/category\/roman\/roman-etranger\/"},"img":{"alt_text":"","src":"https:\/\/i0.wp.com\/smallthings.fr\/lespetitslivres\/wp-content\/uploads\/2018\/08\/1_rrw1-3fuYgkqD4XUdenolA.png?resize=350%2C200&ssl=1","width":350,"height":200,"srcset":"https:\/\/i0.wp.com\/smallthings.fr\/lespetitslivres\/wp-content\/uploads\/2018\/08\/1_rrw1-3fuYgkqD4XUdenolA.png?resize=350%2C200&ssl=1 1x, https:\/\/i0.wp.com\/smallthings.fr\/lespetitslivres\/wp-content\/uploads\/2018\/08\/1_rrw1-3fuYgkqD4XUdenolA.png?resize=525%2C300&ssl=1 1.5x, https:\/\/i0.wp.com\/smallthings.fr\/lespetitslivres\/wp-content\/uploads\/2018\/08\/1_rrw1-3fuYgkqD4XUdenolA.png?resize=700%2C400&ssl=1 2x, https:\/\/i0.wp.com\/smallthings.fr\/lespetitslivres\/wp-content\/uploads\/2018\/08\/1_rrw1-3fuYgkqD4XUdenolA.png?resize=1050%2C600&ssl=1 3x"},"classes":[]}],"_links":{"self":[{"href":"https:\/\/smallthings.fr\/lespetitslivres\/wp-json\/wp\/v2\/posts\/30423"}],"collection":[{"href":"https:\/\/smallthings.fr\/lespetitslivres\/wp-json\/wp\/v2\/posts"}],"about":[{"href":"https:\/\/smallthings.fr\/lespetitslivres\/wp-json\/wp\/v2\/types\/post"}],"author":[{"embeddable":true,"href":"https:\/\/smallthings.fr\/lespetitslivres\/wp-json\/wp\/v2\/users\/20"}],"replies":[{"embeddable":true,"href":"https:\/\/smallthings.fr\/lespetitslivres\/wp-json\/wp\/v2\/comments?post=30423"}],"version-history":[{"count":2,"href":"https:\/\/smallthings.fr\/lespetitslivres\/wp-json\/wp\/v2\/posts\/30423\/revisions"}],"predecessor-version":[{"id":30427,"href":"https:\/\/smallthings.fr\/lespetitslivres\/wp-json\/wp\/v2\/posts\/30423\/revisions\/30427"}],"wp:featuredmedia":[{"embeddable":true,"href":"https:\/\/smallthings.fr\/lespetitslivres\/wp-json\/wp\/v2\/media\/30424"}],"wp:attachment":[{"href":"https:\/\/smallthings.fr\/lespetitslivres\/wp-json\/wp\/v2\/media?parent=30423"}],"wp:term":[{"taxonomy":"category","embeddable":true,"href":"https:\/\/smallthings.fr\/lespetitslivres\/wp-json\/wp\/v2\/categories?post=30423"},{"taxonomy":"post_tag","embeddable":true,"href":"https:\/\/smallthings.fr\/lespetitslivres\/wp-json\/wp\/v2\/tags?post=30423"}],"curies":[{"name":"wp","href":"https:\/\/api.w.org\/{rel}","templated":true}]}}