{"id":30408,"date":"2016-10-16T15:30:42","date_gmt":"2016-10-16T14:30:42","guid":{"rendered":"http:\/\/smallthings.fr\/lespetitslivres\/?p=30408"},"modified":"2016-10-15T18:30:10","modified_gmt":"2016-10-15T17:30:10","slug":"peur-nouvelle-zweig-theatre","status":"publish","type":"post","link":"https:\/\/smallthings.fr\/lespetitslivres\/2016\/10\/16\/peur-nouvelle-zweig-theatre\/","title":{"rendered":"La Peur, la nouvelle de Stefan Zweig au th\u00e9\u00e2tre"},"content":{"rendered":"<h2>Nous avons vu <em>La Peur<\/em> qui se joue au <a href=\"http:\/\/www.theatre-michel.fr\/\">th\u00e9\u00e2tre Michel<\/a> depuis quelques jours. Cette adaptation de la nouvelle de Stefan Zweig, mise en sc\u00e8ne par \u00c9lodie Menant, convainc par un sc\u00e9nario \u00e0 la fois fid\u00e8le au texte et habilement remani\u00e9 pour le th\u00e9\u00e2tre.<\/h2>\n<p><em>La Peur<\/em> est l&rsquo;histoire d&rsquo;un couple ordinaire, qui vit une vie ordinaire. Fritz est avocat et prend son m\u00e9tier tr\u00e8s \u00e0 c\u0153ur, ce qui est une source de dispute r\u00e9guli\u00e8re avec son \u00e9pouse, qui ne comprend pas qu&rsquo;il soit capable parfois de d\u00e9fendre des coupables. Ir\u00e8ne est femme au foyer et prend des cours de piano&#8230; donn\u00e9s par un certain Edouard, avec lequel on comprend qu&rsquo;elle a une aventure.<\/p>\n<p>Un jour, Ir\u00e8ne croise dans la rue une femme affirmant \u00eatre la compagne d&rsquo;Edouard. Elle accuse Ir\u00e8ne d&rsquo;avoir g\u00e2ch\u00e9 sa vie. Elle la fait chanter en la mena\u00e7ant de tout r\u00e9v\u00e9ler \u00e0 son mari si elle ne lui donne pas les sommes d&rsquo;argent qu&rsquo;elle exige. <strong>Tr\u00e8s vite, la situation se transforme en cauchemar. Ir\u00e8ne refuse de dire la v\u00e9rit\u00e9 \u00e0 Fritz, ne voulant pas d\u00e9truire leur vie de famille. Mais la chantage d&rsquo;Elsa va vite devenir invivable&#8230;<\/strong><\/p>\n<div id=\"attachment_30413\" style=\"width: 311px\" class=\"wp-caption alignright\"><img loading=\"lazy\" decoding=\"async\" aria-describedby=\"caption-attachment-30413\" data-attachment-id=\"30413\" data-permalink=\"https:\/\/smallthings.fr\/lespetitslivres\/2016\/10\/16\/peur-nouvelle-zweig-theatre\/img_9825\/\" data-orig-file=\"https:\/\/smallthings.fr\/lespetitslivres\/wp-content\/uploads\/2016\/10\/IMG_9825.jpg\" data-orig-size=\"1512,1512\" data-comments-opened=\"1\" data-image-meta=\"{&quot;aperture&quot;:&quot;2.2&quot;,&quot;credit&quot;:&quot;&quot;,&quot;camera&quot;:&quot;iPhone SE&quot;,&quot;caption&quot;:&quot;&quot;,&quot;created_timestamp&quot;:&quot;1476390381&quot;,&quot;copyright&quot;:&quot;&quot;,&quot;focal_length&quot;:&quot;4.15&quot;,&quot;iso&quot;:&quot;200&quot;,&quot;shutter_speed&quot;:&quot;0.03030303030303&quot;,&quot;title&quot;:&quot;&quot;,&quot;orientation&quot;:&quot;1&quot;}\" data-image-title=\"zweig-theatre-acteurs-peur\" data-image-description=\"\" data-image-caption=\"&lt;p&gt;Le trois acteurs de \u00ab\u00a0La Peur\u00a0\u00bb&lt;\/p&gt;\n\" data-medium-file=\"https:\/\/smallthings.fr\/lespetitslivres\/wp-content\/uploads\/2016\/10\/IMG_9825-300x300.jpg\" data-large-file=\"https:\/\/smallthings.fr\/lespetitslivres\/wp-content\/uploads\/2016\/10\/IMG_9825-1024x1024.jpg\" class=\" wp-image-30413\" src=\"http:\/\/smallthings.fr\/lespetitslivres\/wp-content\/uploads\/2016\/10\/IMG_9825-1024x1024.jpg\" alt=\"Le trois acteurs de &quot;La Peur&quot;\" width=\"301\" height=\"301\" srcset=\"https:\/\/smallthings.fr\/lespetitslivres\/wp-content\/uploads\/2016\/10\/IMG_9825-1024x1024.jpg 1024w, https:\/\/smallthings.fr\/lespetitslivres\/wp-content\/uploads\/2016\/10\/IMG_9825-300x300.jpg 300w, https:\/\/smallthings.fr\/lespetitslivres\/wp-content\/uploads\/2016\/10\/IMG_9825-150x150.jpg 150w, https:\/\/smallthings.fr\/lespetitslivres\/wp-content\/uploads\/2016\/10\/IMG_9825-768x768.jpg 768w, https:\/\/smallthings.fr\/lespetitslivres\/wp-content\/uploads\/2016\/10\/IMG_9825.jpg 1512w\" sizes=\"(max-width: 301px) 100vw, 301px\" \/><p id=\"caption-attachment-30413\" class=\"wp-caption-text\">Le trois acteurs de \u00ab\u00a0La Peur\u00a0\u00bb<\/p><\/div>\n<p>Stefan Zweig est connu pour aborder dans chacune de ses nouvelles l&rsquo;un des sentiments humains. Ici, c&rsquo;est la peur, comme son nom l&rsquo;indique, qui tient le r\u00f4le principal. La peur qu&rsquo;Ir\u00e8ne a de d\u00e9truire sa famille pour une amourette sans importance, et la peur qu&rsquo;elle va d\u00e9velopper envers Elsa, qui l&rsquo;obs\u00e8de et qu&rsquo;elle croit voir partout.<\/p>\n<p>La mise en sc\u00e8ne de <em>La Peur<\/em> sert totalement le propos. \u00c9lodie Menant a choisi d&rsquo;utiliser des panneaux sur roulettes, que les acteurs d\u00e9placent eux-m\u00eames au fur et \u00e0 mesure de la pi\u00e8ce. Cela renforce les sentiments d&rsquo;\u00e9touffement, d&#8217;emprisonnement et d&rsquo;angoisse, ressentis par Ir\u00e8ne.<\/p>\n<p><strong><em>La Peur<\/em> est une vraie r\u00e9ussite. On est totalement embarqu\u00e9 dans cette histoire pleine de suspense, et l&rsquo;on ressent avec Ir\u00e8ne toute cette panoplie d&rsquo;\u00e9motions, pr\u00eates \u00e0 se refermer sur elle comme un pi\u00e8ge. <\/strong>Les acteurs, tr\u00e8s engag\u00e9s, sont absolument cr\u00e9dibles. La pi\u00e8ce est \u00e9galement un bon moyen de d\u00e9couvrir cet auteur formidable (mais si, je suis totalement objective !) qu&rsquo;est Zweig. On y per\u00e7oit tout son travail d&rsquo;exp\u00e9rimentation en psychologie et sa volont\u00e9 de mettre en sc\u00e8ne des personnages qui pourraient \u00eatre nous, en proie \u00e0 des \u00e9motions extr\u00eames.<\/p>\n<div id=\"attachment_30412\" style=\"width: 551px\" class=\"wp-caption aligncenter\"><img loading=\"lazy\" decoding=\"async\" aria-describedby=\"caption-attachment-30412\" data-attachment-id=\"30412\" data-permalink=\"https:\/\/smallthings.fr\/lespetitslivres\/2016\/10\/16\/peur-nouvelle-zweig-theatre\/img_9822-1\/\" data-orig-file=\"https:\/\/smallthings.fr\/lespetitslivres\/wp-content\/uploads\/2016\/10\/IMG_9822-1.jpg\" data-orig-size=\"2016,1512\" data-comments-opened=\"1\" data-image-meta=\"{&quot;aperture&quot;:&quot;2.2&quot;,&quot;credit&quot;:&quot;&quot;,&quot;camera&quot;:&quot;iPhone SE&quot;,&quot;caption&quot;:&quot;&quot;,&quot;created_timestamp&quot;:&quot;1476390509&quot;,&quot;copyright&quot;:&quot;&quot;,&quot;focal_length&quot;:&quot;4.15&quot;,&quot;iso&quot;:&quot;200&quot;,&quot;shutter_speed&quot;:&quot;0.04&quot;,&quot;title&quot;:&quot;&quot;,&quot;orientation&quot;:&quot;1&quot;}\" data-image-title=\"la-peur-theatre\" data-image-description=\"\" data-image-caption=\"&lt;p&gt;Les acteurs avec Elodie Menant&lt;\/p&gt;\n\" data-medium-file=\"https:\/\/smallthings.fr\/lespetitslivres\/wp-content\/uploads\/2016\/10\/IMG_9822-1-300x225.jpg\" data-large-file=\"https:\/\/smallthings.fr\/lespetitslivres\/wp-content\/uploads\/2016\/10\/IMG_9822-1-1024x768.jpg\" class=\" wp-image-30412\" src=\"http:\/\/smallthings.fr\/lespetitslivres\/wp-content\/uploads\/2016\/10\/IMG_9822-1-1024x768.jpg\" alt=\"Les acteurs avec Elodie Menant\" width=\"541\" height=\"406\" srcset=\"https:\/\/smallthings.fr\/lespetitslivres\/wp-content\/uploads\/2016\/10\/IMG_9822-1-1024x768.jpg 1024w, https:\/\/smallthings.fr\/lespetitslivres\/wp-content\/uploads\/2016\/10\/IMG_9822-1-300x225.jpg 300w, https:\/\/smallthings.fr\/lespetitslivres\/wp-content\/uploads\/2016\/10\/IMG_9822-1-768x576.jpg 768w, https:\/\/smallthings.fr\/lespetitslivres\/wp-content\/uploads\/2016\/10\/IMG_9822-1-1536x1152.jpg 1536w, https:\/\/smallthings.fr\/lespetitslivres\/wp-content\/uploads\/2016\/10\/IMG_9822-1.jpg 2016w\" sizes=\"(max-width: 541px) 100vw, 541px\" \/><p id=\"caption-attachment-30412\" class=\"wp-caption-text\">Les acteurs avec Elodie Menant<\/p><\/div>\n","protected":false},"excerpt":{"rendered":"<p>Nous avons vu La Peur qui se joue au th\u00e9\u00e2tre Michel depuis quelques jours. Cette adaptation de la nouvelle de Stefan Zweig, mise en sc\u00e8ne par \u00c9lodie Menant, convainc par un sc\u00e9nario \u00e0 la fois fid\u00e8le au texte et habilement remani\u00e9 pour le th\u00e9\u00e2tre. La Peur est l&rsquo;histoire d&rsquo;un couple ordinaire, qui vit une vie<\/p>\n","protected":false},"author":2,"featured_media":30411,"comment_status":"open","ping_status":"open","sticky":false,"template":"","format":"standard","meta":{"jetpack_post_was_ever_published":false,"_jetpack_newsletter_access":"","_jetpack_newsletter_tier_id":0,"footnotes":"","jetpack_publicize_message":"","jetpack_is_tweetstorm":false,"jetpack_publicize_feature_enabled":true,"jetpack_social_post_already_shared":true,"jetpack_social_options":{"image_generator_settings":{"template":"highway","enabled":false}}},"categories":[1121],"tags":[1550,1551,162,1552],"jetpack_publicize_connections":[],"yoast_head":"<!-- This site is optimized with the Yoast SEO plugin v21.5 - https:\/\/yoast.com\/wordpress\/plugins\/seo\/ -->\n<title>La Peur, la nouvelle de Stefan Zweig au th\u00e9\u00e2tre<\/title>\n<meta name=\"description\" content=\"Nous avons vu La Peur qui se joue au th\u00e9\u00e2tre Michel depuis quelques jours. Cette adaptation de la nouvelle de Stefan Zweig, mise en sc\u00e8ne par Elodie\" \/>\n<meta name=\"robots\" content=\"index, follow, max-snippet:-1, max-image-preview:large, max-video-preview:-1\" \/>\n<link rel=\"canonical\" href=\"http:\/\/smallthings.fr\/lespetitslivres\/2016\/10\/16\/peur-nouvelle-zweig-theatre\/\" \/>\n<meta property=\"og:locale\" content=\"fr_FR\" \/>\n<meta property=\"og:type\" content=\"article\" \/>\n<meta property=\"og:title\" content=\"La Peur, la nouvelle de Stefan Zweig au th\u00e9\u00e2tre\" \/>\n<meta property=\"og:description\" content=\"Nous avons vu La Peur qui se joue au th\u00e9\u00e2tre Michel depuis quelques jours. Cette adaptation de la nouvelle de Stefan Zweig, mise en sc\u00e8ne par Elodie\" \/>\n<meta property=\"og:url\" content=\"http:\/\/smallthings.fr\/lespetitslivres\/2016\/10\/16\/peur-nouvelle-zweig-theatre\/\" \/>\n<meta property=\"og:site_name\" content=\"Les Petits Livres\" \/>\n<meta property=\"article:published_time\" content=\"2016-10-16T14:30:42+00:00\" \/>\n<meta property=\"article:modified_time\" content=\"2016-10-15T17:30:10+00:00\" \/>\n<meta property=\"og:image\" content=\"https:\/\/i0.wp.com\/smallthings.fr\/lespetitslivres\/wp-content\/uploads\/2016\/10\/la-peur-zweig-theatre-couv.jpg?fit=700%2C339\" \/>\n\t<meta property=\"og:image:width\" content=\"700\" \/>\n\t<meta property=\"og:image:height\" content=\"339\" \/>\n\t<meta property=\"og:image:type\" content=\"image\/jpeg\" \/>\n<meta name=\"author\" content=\"Claire\" \/>\n<meta name=\"twitter:card\" content=\"summary_large_image\" \/>\n<meta name=\"twitter:label1\" content=\"\u00c9crit par\" \/>\n\t<meta name=\"twitter:data1\" content=\"Claire\" \/>\n\t<meta name=\"twitter:label2\" content=\"Dur\u00e9e de lecture estim\u00e9e\" \/>\n\t<meta name=\"twitter:data2\" content=\"2 minutes\" \/>\n<script type=\"application\/ld+json\" class=\"yoast-schema-graph\">{\"@context\":\"https:\/\/schema.org\",\"@graph\":[{\"@type\":\"WebPage\",\"@id\":\"http:\/\/smallthings.fr\/lespetitslivres\/2016\/10\/16\/peur-nouvelle-zweig-theatre\/\",\"url\":\"http:\/\/smallthings.fr\/lespetitslivres\/2016\/10\/16\/peur-nouvelle-zweig-theatre\/\",\"name\":\"La Peur, la nouvelle de Stefan Zweig au th\u00e9\u00e2tre\",\"isPartOf\":{\"@id\":\"https:\/\/smallthings.fr\/lespetitslivres\/#website\"},\"datePublished\":\"2016-10-16T14:30:42+00:00\",\"dateModified\":\"2016-10-15T17:30:10+00:00\",\"author\":{\"@id\":\"https:\/\/smallthings.fr\/lespetitslivres\/#\/schema\/person\/504d603cacfe064fe039dfa03a8b7918\"},\"description\":\"Nous avons vu La Peur qui se joue au th\u00e9\u00e2tre Michel depuis quelques jours. Cette adaptation de la nouvelle de Stefan Zweig, mise en sc\u00e8ne par Elodie\",\"breadcrumb\":{\"@id\":\"http:\/\/smallthings.fr\/lespetitslivres\/2016\/10\/16\/peur-nouvelle-zweig-theatre\/#breadcrumb\"},\"inLanguage\":\"fr-FR\",\"potentialAction\":[{\"@type\":\"ReadAction\",\"target\":[\"http:\/\/smallthings.fr\/lespetitslivres\/2016\/10\/16\/peur-nouvelle-zweig-theatre\/\"]}]},{\"@type\":\"BreadcrumbList\",\"@id\":\"http:\/\/smallthings.fr\/lespetitslivres\/2016\/10\/16\/peur-nouvelle-zweig-theatre\/#breadcrumb\",\"itemListElement\":[{\"@type\":\"ListItem\",\"position\":1,\"name\":\"Accueil\",\"item\":\"https:\/\/smallthings.fr\/lespetitslivres\/\"},{\"@type\":\"ListItem\",\"position\":2,\"name\":\"La Peur, la nouvelle de Stefan Zweig au th\u00e9\u00e2tre\"}]},{\"@type\":\"WebSite\",\"@id\":\"https:\/\/smallthings.fr\/lespetitslivres\/#website\",\"url\":\"https:\/\/smallthings.fr\/lespetitslivres\/\",\"name\":\"Les Petits Livres\",\"description\":\"by Small Things\",\"potentialAction\":[{\"@type\":\"SearchAction\",\"target\":{\"@type\":\"EntryPoint\",\"urlTemplate\":\"https:\/\/smallthings.fr\/lespetitslivres\/?s={search_term_string}\"},\"query-input\":\"required name=search_term_string\"}],\"inLanguage\":\"fr-FR\"},{\"@type\":\"Person\",\"@id\":\"https:\/\/smallthings.fr\/lespetitslivres\/#\/schema\/person\/504d603cacfe064fe039dfa03a8b7918\",\"name\":\"Claire\",\"image\":{\"@type\":\"ImageObject\",\"inLanguage\":\"fr-FR\",\"@id\":\"https:\/\/smallthings.fr\/lespetitslivres\/#\/schema\/person\/image\/\",\"url\":\"https:\/\/secure.gravatar.com\/avatar\/9a85ff83d76b3eb17b8cae208640786e?s=96&d=retro&r=g\",\"contentUrl\":\"https:\/\/secure.gravatar.com\/avatar\/9a85ff83d76b3eb17b8cae208640786e?s=96&d=retro&r=g\",\"caption\":\"Claire\"},\"url\":\"https:\/\/smallthings.fr\/lespetitslivres\/author\/claire\/\"}]}<\/script>\n<!-- \/ Yoast SEO plugin. -->","yoast_head_json":{"title":"La Peur, la nouvelle de Stefan Zweig au th\u00e9\u00e2tre","description":"Nous avons vu La Peur qui se joue au th\u00e9\u00e2tre Michel depuis quelques jours. Cette adaptation de la nouvelle de Stefan Zweig, mise en sc\u00e8ne par Elodie","robots":{"index":"index","follow":"follow","max-snippet":"max-snippet:-1","max-image-preview":"max-image-preview:large","max-video-preview":"max-video-preview:-1"},"canonical":"http:\/\/smallthings.fr\/lespetitslivres\/2016\/10\/16\/peur-nouvelle-zweig-theatre\/","og_locale":"fr_FR","og_type":"article","og_title":"La Peur, la nouvelle de Stefan Zweig au th\u00e9\u00e2tre","og_description":"Nous avons vu La Peur qui se joue au th\u00e9\u00e2tre Michel depuis quelques jours. Cette adaptation de la nouvelle de Stefan Zweig, mise en sc\u00e8ne par Elodie","og_url":"http:\/\/smallthings.fr\/lespetitslivres\/2016\/10\/16\/peur-nouvelle-zweig-theatre\/","og_site_name":"Les Petits Livres","article_published_time":"2016-10-16T14:30:42+00:00","article_modified_time":"2016-10-15T17:30:10+00:00","og_image":[{"width":700,"height":339,"url":"https:\/\/i0.wp.com\/smallthings.fr\/lespetitslivres\/wp-content\/uploads\/2016\/10\/la-peur-zweig-theatre-couv.jpg?fit=700%2C339","type":"image\/jpeg"}],"author":"Claire","twitter_card":"summary_large_image","twitter_misc":{"\u00c9crit par":"Claire","Dur\u00e9e de lecture estim\u00e9e":"2 minutes"},"schema":{"@context":"https:\/\/schema.org","@graph":[{"@type":"WebPage","@id":"http:\/\/smallthings.fr\/lespetitslivres\/2016\/10\/16\/peur-nouvelle-zweig-theatre\/","url":"http:\/\/smallthings.fr\/lespetitslivres\/2016\/10\/16\/peur-nouvelle-zweig-theatre\/","name":"La Peur, la nouvelle de Stefan Zweig au th\u00e9\u00e2tre","isPartOf":{"@id":"https:\/\/smallthings.fr\/lespetitslivres\/#website"},"datePublished":"2016-10-16T14:30:42+00:00","dateModified":"2016-10-15T17:30:10+00:00","author":{"@id":"https:\/\/smallthings.fr\/lespetitslivres\/#\/schema\/person\/504d603cacfe064fe039dfa03a8b7918"},"description":"Nous avons vu La Peur qui se joue au th\u00e9\u00e2tre Michel depuis quelques jours. Cette adaptation de la nouvelle de Stefan Zweig, mise en sc\u00e8ne par Elodie","breadcrumb":{"@id":"http:\/\/smallthings.fr\/lespetitslivres\/2016\/10\/16\/peur-nouvelle-zweig-theatre\/#breadcrumb"},"inLanguage":"fr-FR","potentialAction":[{"@type":"ReadAction","target":["http:\/\/smallthings.fr\/lespetitslivres\/2016\/10\/16\/peur-nouvelle-zweig-theatre\/"]}]},{"@type":"BreadcrumbList","@id":"http:\/\/smallthings.fr\/lespetitslivres\/2016\/10\/16\/peur-nouvelle-zweig-theatre\/#breadcrumb","itemListElement":[{"@type":"ListItem","position":1,"name":"Accueil","item":"https:\/\/smallthings.fr\/lespetitslivres\/"},{"@type":"ListItem","position":2,"name":"La Peur, la nouvelle de Stefan Zweig au th\u00e9\u00e2tre"}]},{"@type":"WebSite","@id":"https:\/\/smallthings.fr\/lespetitslivres\/#website","url":"https:\/\/smallthings.fr\/lespetitslivres\/","name":"Les Petits Livres","description":"by Small Things","potentialAction":[{"@type":"SearchAction","target":{"@type":"EntryPoint","urlTemplate":"https:\/\/smallthings.fr\/lespetitslivres\/?s={search_term_string}"},"query-input":"required name=search_term_string"}],"inLanguage":"fr-FR"},{"@type":"Person","@id":"https:\/\/smallthings.fr\/lespetitslivres\/#\/schema\/person\/504d603cacfe064fe039dfa03a8b7918","name":"Claire","image":{"@type":"ImageObject","inLanguage":"fr-FR","@id":"https:\/\/smallthings.fr\/lespetitslivres\/#\/schema\/person\/image\/","url":"https:\/\/secure.gravatar.com\/avatar\/9a85ff83d76b3eb17b8cae208640786e?s=96&d=retro&r=g","contentUrl":"https:\/\/secure.gravatar.com\/avatar\/9a85ff83d76b3eb17b8cae208640786e?s=96&d=retro&r=g","caption":"Claire"},"url":"https:\/\/smallthings.fr\/lespetitslivres\/author\/claire\/"}]}},"jetpack_featured_media_url":"https:\/\/smallthings.fr\/lespetitslivres\/wp-content\/uploads\/2016\/10\/la-peur-zweig-theatre-couv.jpg","jetpack_sharing_enabled":true,"jetpack_shortlink":"https:\/\/wp.me\/p6Un21-7Us","jetpack-related-posts":[{"id":29699,"url":"https:\/\/smallthings.fr\/lespetitslivres\/2016\/03\/08\/ame-tenebreuse-coeur-lumineux-romantic-fantasy\/","url_meta":{"origin":30408,"position":0},"title":"\u00c2me T\u00e9n\u00e9breuse, C\u0153ur Lumineux : hommage \u00e0 la romantic fantasy","author":"Jennifer","date":"8 mars 2016","format":false,"excerpt":"\u00c2me T\u00e9n\u00e9breuse, C\u0153ur Lumineux est un recueil collectif o\u00f9 se rassemblent 10 auteurs voulant rendre hommage \u00e0 la romantic fantasy, ce sous-genre o\u00f9 l\u2019on rencontre des h\u00e9ro\u00efnes fortes et passionn\u00e9es. Ce sublime livre, dont la couverture a \u00e9t\u00e9 r\u00e9alis\u00e9e par Mina M., est sorti le 10 f\u00e9vrier dernier aux \u00e9ditions\u2026","rel":"","context":"Dans &quot;Fantasy&quot;","block_context":{"text":"Fantasy","link":"https:\/\/smallthings.fr\/lespetitslivres\/category\/imaginaire\/fantasy\/"},"img":{"alt_text":"","src":"https:\/\/i0.wp.com\/smallthings.fr\/lespetitslivres\/wp-content\/uploads\/2016\/03\/ame-tenebreuse-coeur-lumineux.jpg?resize=350%2C200","width":350,"height":200},"classes":[]},{"id":29764,"url":"https:\/\/smallthings.fr\/lespetitslivres\/2016\/03\/23\/audrey-retrouvee-chronique-ado\/","url_meta":{"origin":30408,"position":1},"title":"Audrey Retrouv\u00e9e : chronique d\u2019une ado en d\u00e9pression","author":"Jennifer","date":"23 mars 2016","format":false,"excerpt":"Audrey Retrouv\u00e9e\u00a0est le nouveau livre de l\u2019auteure de\u00a0L\u2019accro du Shopping : Sophie Kinsella. Madeleine Wickham, de son vrai nom, s\u2019essaie avec brio au roman young-adult. Sorti le 3 mars chez Pocket Jeunesse, Audrey Retrouv\u00e9e parle de la vie d\u2019une adolescente vivant recluse chez elle, une paire de lunette constamment sur\u2026","rel":"","context":"Dans &quot;Young Adult&quot;","block_context":{"text":"Young Adult","link":"https:\/\/smallthings.fr\/lespetitslivres\/category\/young-adult\/"},"img":{"alt_text":"","src":"https:\/\/i0.wp.com\/smallthings.fr\/lespetitslivres\/wp-content\/uploads\/2016\/03\/audrey-retrouvee-couv.jpg?resize=350%2C200&ssl=1","width":350,"height":200},"classes":[]},{"id":19707,"url":"https:\/\/smallthings.fr\/lespetitslivres\/2015\/01\/05\/en-ligne-de-mire-nancy-bush\/","url_meta":{"origin":30408,"position":2},"title":"En ligne de mire, thriller psychologique de Nancy Bush","author":"Jennifer","date":"5 janvier 2015","format":false,"excerpt":"En ligne de mire de Nancy Bush est sorti le 21 novembre chez Milady dans la collection Suspense. Olivia Dugan, surnomm\u00e9e Livvie, est encore une enfant lorsqu\u2019elle d\u00e9couvre sa m\u00e8re pendue dans la cuisine. Devenue adulte, la jeune femme tente de mener une vie ordinaire malgr\u00e9 les s\u00e9quelles qu\u2019elle cache,\u2026","rel":"","context":"Dans &quot;Thriller&quot;","block_context":{"text":"Thriller","link":"https:\/\/smallthings.fr\/lespetitslivres\/category\/thriller\/"},"img":{"alt_text":"","src":"https:\/\/i0.wp.com\/smallthings.fr\/wp-content\/uploads\/2015\/01\/ligne-de-mire.jpg?resize=350%2C200","width":350,"height":200},"classes":[]},{"id":18637,"url":"https:\/\/smallthings.fr\/lespetitslivres\/2014\/11\/21\/a-vivre-couche-delire-pauline-hillier\/","url_meta":{"origin":30408,"position":3},"title":"\u00c0 vivre couch\u00e9, un d\u00e9lire de Pauline Hillier","author":"Claire","date":"21 novembre 2014","format":false,"excerpt":"\u00c0\u00a0vivre couch\u00e9 est le premier roman de la jeune Pauline Hillier, paru le 8 octobre chez Onlit \u00e9ditions. Cette maison d'\u00e9dition belge se consacre \u00e0 la litt\u00e9rature contemporaine et \u00e0 sa diffusion en lien avec les nouvelles technologies. Dans le cadre de ses \u00e9tudes, Pauline Hillier a d\u00e9but\u00e9 par l'\u00e9criture\u2026","rel":"","context":"Dans &quot;Roman fran\u00e7ais&quot;","block_context":{"text":"Roman fran\u00e7ais","link":"https:\/\/smallthings.fr\/lespetitslivres\/category\/roman\/roman-francais\/"},"img":{"alt_text":"","src":"https:\/\/i0.wp.com\/smallthings.fr\/wp-content\/uploads\/2014\/11\/a-vivre-couche-hillier.png?resize=350%2C200","width":350,"height":200},"classes":[]},{"id":29459,"url":"https:\/\/smallthings.fr\/lespetitslivres\/2016\/01\/30\/tourbieres-noires-bec-bd-avis\/","url_meta":{"origin":30408,"position":4},"title":"Les Tourbi\u00e8res Noires : plong\u00e9e terrifiante au c\u0153ur de l&rsquo;Aubrac","author":"Paulo","date":"30 janvier 2016","format":false,"excerpt":"Nous partons aujourd'hui \u00e0 la d\u00e9couverte de l'Aubrac, gr\u00e2ce \u00e0 Christophe Bec et \u00e0 ses Tourbi\u00e8res Noires ! On d\u00e9couvre des paysages de campagne \u00e0 travers les yeux d'Antoine, photographe qui trouve refuge dans la ferme de Baptiste qui vit seul avec sa fille M\u00e9lodie. Adapt\u00e9 de La Peur de\u2026","rel":"","context":"Dans &quot;BD&quot;","block_context":{"text":"BD","link":"https:\/\/smallthings.fr\/lespetitslivres\/category\/bd-manga\/bd\/"},"img":{"alt_text":"","src":"https:\/\/i0.wp.com\/smallthings.fr\/lespetitslivres\/wp-content\/uploads\/2016\/01\/tourbieres-noires-couv.jpg?resize=350%2C200&ssl=1","width":350,"height":200,"srcset":"https:\/\/i0.wp.com\/smallthings.fr\/lespetitslivres\/wp-content\/uploads\/2016\/01\/tourbieres-noires-couv.jpg?resize=350%2C200&ssl=1 1x, https:\/\/i0.wp.com\/smallthings.fr\/lespetitslivres\/wp-content\/uploads\/2016\/01\/tourbieres-noires-couv.jpg?resize=525%2C300&ssl=1 1.5x"},"classes":[]},{"id":31451,"url":"https:\/\/smallthings.fr\/lespetitslivres\/2017\/12\/30\/ma-vie-cachee-becca-fitzpatrick\/","url_meta":{"origin":30408,"position":5},"title":"Ma vie cach\u00e9e : ado t\u00e9moin sous protection, m\u00e8re toxico et dealer enrag\u00e9","author":"Jennifer","date":"30 d\u00e9cembre 2017","format":false,"excerpt":"Apr\u00e8s les anges d\u00e9chus de Hush, Hush, Becca Fitzpatrick donne dans le m\u00e9lange thriller\/romance avec Ma vie cach\u00e9e. Ce page-turner sorti en octobre chez Pocket Jeunesse nous fait rentrer dans le monde d\u2019une ado t\u00e9moin d\u2019un meurtre qui va devoir tout quitter, m\u00eame sa famille, pour sa propre s\u00e9curit\u00e9. Ma\u2026","rel":"","context":"Dans &quot;Young Adult&quot;","block_context":{"text":"Young Adult","link":"https:\/\/smallthings.fr\/lespetitslivres\/category\/young-adult\/"},"img":{"alt_text":"","src":"https:\/\/i0.wp.com\/smallthings.fr\/lespetitslivres\/wp-content\/uploads\/2017\/12\/back-1822702_1280.jpg?resize=350%2C200&ssl=1","width":350,"height":200,"srcset":"https:\/\/i0.wp.com\/smallthings.fr\/lespetitslivres\/wp-content\/uploads\/2017\/12\/back-1822702_1280.jpg?resize=350%2C200&ssl=1 1x, https:\/\/i0.wp.com\/smallthings.fr\/lespetitslivres\/wp-content\/uploads\/2017\/12\/back-1822702_1280.jpg?resize=525%2C300&ssl=1 1.5x, https:\/\/i0.wp.com\/smallthings.fr\/lespetitslivres\/wp-content\/uploads\/2017\/12\/back-1822702_1280.jpg?resize=700%2C400&ssl=1 2x, https:\/\/i0.wp.com\/smallthings.fr\/lespetitslivres\/wp-content\/uploads\/2017\/12\/back-1822702_1280.jpg?resize=1050%2C600&ssl=1 3x"},"classes":[]}],"_links":{"self":[{"href":"https:\/\/smallthings.fr\/lespetitslivres\/wp-json\/wp\/v2\/posts\/30408"}],"collection":[{"href":"https:\/\/smallthings.fr\/lespetitslivres\/wp-json\/wp\/v2\/posts"}],"about":[{"href":"https:\/\/smallthings.fr\/lespetitslivres\/wp-json\/wp\/v2\/types\/post"}],"author":[{"embeddable":true,"href":"https:\/\/smallthings.fr\/lespetitslivres\/wp-json\/wp\/v2\/users\/2"}],"replies":[{"embeddable":true,"href":"https:\/\/smallthings.fr\/lespetitslivres\/wp-json\/wp\/v2\/comments?post=30408"}],"version-history":[{"count":3,"href":"https:\/\/smallthings.fr\/lespetitslivres\/wp-json\/wp\/v2\/posts\/30408\/revisions"}],"predecessor-version":[{"id":30415,"href":"https:\/\/smallthings.fr\/lespetitslivres\/wp-json\/wp\/v2\/posts\/30408\/revisions\/30415"}],"wp:featuredmedia":[{"embeddable":true,"href":"https:\/\/smallthings.fr\/lespetitslivres\/wp-json\/wp\/v2\/media\/30411"}],"wp:attachment":[{"href":"https:\/\/smallthings.fr\/lespetitslivres\/wp-json\/wp\/v2\/media?parent=30408"}],"wp:term":[{"taxonomy":"category","embeddable":true,"href":"https:\/\/smallthings.fr\/lespetitslivres\/wp-json\/wp\/v2\/categories?post=30408"},{"taxonomy":"post_tag","embeddable":true,"href":"https:\/\/smallthings.fr\/lespetitslivres\/wp-json\/wp\/v2\/tags?post=30408"}],"curies":[{"name":"wp","href":"https:\/\/api.w.org\/{rel}","templated":true}]}}