{"id":30368,"date":"2016-10-06T12:50:11","date_gmt":"2016-10-06T11:50:11","guid":{"rendered":"http:\/\/smallthings.fr\/lespetitslivres\/?p=30368"},"modified":"2016-10-06T12:50:11","modified_gmt":"2016-10-06T11:50:11","slug":"nous-irons-tous-au-paradis-feel-good","status":"publish","type":"post","link":"https:\/\/smallthings.fr\/lespetitslivres\/2016\/10\/06\/nous-irons-tous-au-paradis-feel-good\/","title":{"rendered":"Nous irons tous au Paradis, le feel-good book de l&rsquo;automne !"},"content":{"rendered":"<h2>Le tr\u00e8s attendu nouveau roman de Fannie Flagg, <em>Nous irons tous au Paradis<\/em>, para\u00eet\u00a0aujourd\u2019hui, 6 octobre, aux \u00e9ditions du <a href=\"https:\/\/www.cherche-midi.com\/livres\/nous-irons-tous-au-paradis\">Cherche Midi<\/a>. Avec cette p\u00e9pite d\u2019humour et de tendresse, enrob\u00e9e d\u2019inattendu, l\u2019auteur tient ses promesses et s\u00e9duit \u00e0 coup s\u00fbr.<\/h2>\n<p>A Elmwood Springs, dans le sud du Missouri, Elner Shimfissle, petite dame de 80 ans au nom impronon\u00e7able, est aim\u00e9e et connue de sa communaut\u00e9. Mais ce matin-l\u00e0, elle a la mauvaise id\u00e9e de d\u00e9ranger un essaim de gu\u00eapes en cueillant des figues. La voil\u00e0 qui chute de son \u00e9chelle et est d\u00e9clar\u00e9e morte en arrivant \u00e0 l\u2019h\u00f4pital.<\/p>\n<p><img loading=\"lazy\" decoding=\"async\" data-attachment-id=\"30369\" data-permalink=\"https:\/\/smallthings.fr\/lespetitslivres\/2016\/10\/06\/nous-irons-tous-au-paradis-feel-good\/nous-irons-tous-au-paradis\/\" data-orig-file=\"https:\/\/smallthings.fr\/lespetitslivres\/wp-content\/uploads\/2016\/10\/nous-irons-tous-au-paradis.jpg\" data-orig-size=\"500,774\" data-comments-opened=\"1\" data-image-meta=\"{&quot;aperture&quot;:&quot;0&quot;,&quot;credit&quot;:&quot;&quot;,&quot;camera&quot;:&quot;&quot;,&quot;caption&quot;:&quot;&quot;,&quot;created_timestamp&quot;:&quot;0&quot;,&quot;copyright&quot;:&quot;&quot;,&quot;focal_length&quot;:&quot;0&quot;,&quot;iso&quot;:&quot;0&quot;,&quot;shutter_speed&quot;:&quot;0&quot;,&quot;title&quot;:&quot;&quot;,&quot;orientation&quot;:&quot;0&quot;}\" data-image-title=\"nous-irons-tous-au-paradis\" data-image-description=\"\" data-image-caption=\"\" data-medium-file=\"https:\/\/smallthings.fr\/lespetitslivres\/wp-content\/uploads\/2016\/10\/nous-irons-tous-au-paradis-194x300.jpg\" data-large-file=\"https:\/\/smallthings.fr\/lespetitslivres\/wp-content\/uploads\/2016\/10\/nous-irons-tous-au-paradis.jpg\" class=\"alignleft  wp-image-30369\" src=\"http:\/\/smallthings.fr\/lespetitslivres\/wp-content\/uploads\/2016\/10\/nous-irons-tous-au-paradis.jpg\" alt=\"nous-irons-tous-au-paradis\" width=\"368\" height=\"570\" srcset=\"https:\/\/smallthings.fr\/lespetitslivres\/wp-content\/uploads\/2016\/10\/nous-irons-tous-au-paradis.jpg 500w, https:\/\/smallthings.fr\/lespetitslivres\/wp-content\/uploads\/2016\/10\/nous-irons-tous-au-paradis-194x300.jpg 194w\" sizes=\"(max-width: 368px) 100vw, 368px\" \/>Une dure nouvelle qui se propage en un rien de temps, bouleversant sa famille mais aussi tous ceux desquels elle avait travers\u00e9 la vie. Car Elner, c\u2019est une sacr\u00e9e femme, \u00e0 l\u2019optimisme imperturbable et au solide caract\u00e8re. Une figure p\u00e9tillante qui prend soin de son petit monde. <strong>D\u2019ailleurs, m\u00eame morte, on n\u2019est au bout de ses surprises avec elle&#8230; Alors que la nouvelle de son tr\u00e9pas pousse chacun \u00e0 reconsid\u00e9rer sa vie, elle revient d\u2019entre les morts, fra\u00eeche comme une rose, avec une dr\u00f4le d\u2019histoire \u00e0 raconter\u2026<\/strong><\/p>\n<p><strong><em>And i\u2019m feeling good\u00a0! <\/em>Voil\u00e0 exactement la musique qui me vient \u00e0 l\u2019esprit en refermant ce livre.<\/strong> Il y a des sourires entre les lignes dans ce dernier roman de Fannie Flagg. L\u2019auteure am\u00e9ricaine a un don inn\u00e9 pour nous conter des histoires familiales, des existences ordinaires et en faire ressortir l\u2019extraordinaire. Son \u00e9criture vive, piquante, sait relever le moindre d\u00e9tail, donner vie \u00e0 des personnages d\u00e9licieusement bien croqu\u00e9s. Entre les pages de ses romans, on voit des villes prendre vie, s\u2019impr\u00e9gner d\u2019ambiances particuli\u00e8res, s\u2019animer d\u2019histoires banales et pourtant\u00a0 insolites.<\/p>\n<p>Tout au long de <em>Nous irons tous au Paradis<\/em>, j\u2019ai entendu la voix d\u2019Elner dans mon oreille, j\u2019ai vu la balancelle sous son porche et le figuier dans son jardin. J\u2019ai senti l\u2019odeur du g\u00e2teau au caramel et imagin\u00e9 son moelleux in\u00e9galable. J\u2019ai entendu\u00a0 Tot, la coiffeuse, se morfondre sur les mis\u00e8res de sa vie et du monde entier, et vu Norma, la ni\u00e8ce d\u2019Elner, s\u2019\u00e9vanouir un nombre incalculable de fois. <strong>Ouvrir un roman de Fannie Flagg, c\u2019est pousser la porte d\u2019un petit monde o\u00f9 le quotidien s\u2019appr\u00eate \u00e0 nous surprendre.<\/strong><\/p>\n<p><em>Nous irons tous au Paradis <\/em>se range assur\u00e9ment parmi ses romans les plus r\u00e9ussis. Merveilleusement tendre et humain, il fait surgir sous nos yeux tous les petits bonheurs du quotidien comme une \u00e9vidence. A l\u2019instar des personnages que la mort d\u2019Elner am\u00e8ne \u00e0 reconsid\u00e9rer leurs vies, au fil des pages, on se prend \u00e0 penser \u00e0 tout ce que l\u2019on oublie de faire ou tout ce qu\u2019on s\u2019interdit dans nos existences.<\/p>\n<div id=\"attachment_30371\" style=\"width: 177px\" class=\"wp-caption alignright\"><img loading=\"lazy\" decoding=\"async\" aria-describedby=\"caption-attachment-30371\" data-attachment-id=\"30371\" data-permalink=\"https:\/\/smallthings.fr\/lespetitslivres\/2016\/10\/06\/nous-irons-tous-au-paradis-feel-good\/fannie-flagg\/\" data-orig-file=\"https:\/\/smallthings.fr\/lespetitslivres\/wp-content\/uploads\/2016\/10\/fannie-flagg.jpg\" data-orig-size=\"167,250\" data-comments-opened=\"1\" data-image-meta=\"{&quot;aperture&quot;:&quot;0&quot;,&quot;credit&quot;:&quot;&quot;,&quot;camera&quot;:&quot;&quot;,&quot;caption&quot;:&quot;&quot;,&quot;created_timestamp&quot;:&quot;0&quot;,&quot;copyright&quot;:&quot;&quot;,&quot;focal_length&quot;:&quot;0&quot;,&quot;iso&quot;:&quot;0&quot;,&quot;shutter_speed&quot;:&quot;0&quot;,&quot;title&quot;:&quot;&quot;,&quot;orientation&quot;:&quot;0&quot;}\" data-image-title=\"fannie-flagg\" data-image-description=\"\" data-image-caption=\"&lt;p&gt;Fannie Flagg&lt;\/p&gt;\n\" data-medium-file=\"https:\/\/smallthings.fr\/lespetitslivres\/wp-content\/uploads\/2016\/10\/fannie-flagg.jpg\" data-large-file=\"https:\/\/smallthings.fr\/lespetitslivres\/wp-content\/uploads\/2016\/10\/fannie-flagg.jpg\" class=\"size-full wp-image-30371\" src=\"http:\/\/smallthings.fr\/lespetitslivres\/wp-content\/uploads\/2016\/10\/fannie-flagg.jpg\" alt=\"Fannie Flagg\" width=\"167\" height=\"250\" \/><p id=\"caption-attachment-30371\" class=\"wp-caption-text\">Fannie Flagg<\/p><\/div>\n<p>L\u00e0 o\u00f9 on craindrait de tomber dans la mi\u00e8vrerie, l\u2019\u00e9criture positive et fine de Fannie Flagg r\u00e9pond par une bonne dose d\u2019humour et de d\u00e9rision. Sa galerie de personnages est un petit r\u00e9gal. Sans jamais tomber dans la caricature outranci\u00e8re, avec leurs c\u00f4t\u00e9s fantasques, ce sont des figures savoureuses et tellement humaines. D\u2019un chapitre \u00e0 l\u2019autre, on se balade entre ses existences dans lesquelles Elner a laiss\u00e9 son empreinte. Un petit rien, un coup de pouce, juste une attention qui fait que quelqu\u2019un prend un chemin diff\u00e9rent. Et l\u2019on r\u00e9alise que c\u2019est la vie tout simplement que nous conte <strong>Fannie Flagg<\/strong>. Avec juste une pointe de fantaisie en plus. Et beaucoup d\u2019humour. On se sent ind\u00e9niablement bien dans ses romans. On n\u2019a gu\u00e8re envie d\u2019en sortir. On voudrait rester pelotonn\u00e9s au creux de l\u2019histoire, comme sous un plaid douillet. Et si <em>\u00a0Nous irons tous au Paradis<\/em><strong>, <\/strong>elle nous en donne un avant-go\u00fbt avec ce dernier roman. <strong>Pourvu que le Paradis soit aussi \u00e9mouvant et dr\u00f4le\u00a0!<\/strong><\/p>\n<blockquote><p><em>\u00ab\u00a0 C\u2019\u00e9tait moins impressionnant que Linda l\u2019avait craint. Comme le lui avait dit son p\u00e8re, on aurait cru qu\u2019elle venait juste de s\u2019endormir. Les yeux gonfl\u00e9s de larmes, Norma se serra contre son mari. Elner paraissait si douce, si paisible, qu\u2019elle eut du mal \u00e0 la croire morte. Personne ne dit un mot \u2013 ils n\u2019entendaient que leur respiration. Dans un silence\u00a0 complet, chacun \u00e0 sa fa\u00e7on faisait ses adieux \u00e0 Elner, quand celle-ci d\u00e9clara soudain\u00a0:<\/em><\/p>\n<p><em>-Je sais que tu m\u2019en veux, Norma, mais je ne serais pas tomb\u00e9e sans ces sales gu\u00eapes\u00a0!<\/em><\/p>\n<p><em>&#8211; De Dieu\u00a0! s\u2019\u00e9cria Macky, qui bondit et recula de trente centim\u00e8tres.\u00a0\u00bb<\/em><\/p><\/blockquote>\n","protected":false},"excerpt":{"rendered":"<p>Le tr\u00e8s attendu nouveau roman de Fannie Flagg, Nous irons tous au Paradis, para\u00eet\u00a0aujourd\u2019hui, 6 octobre, aux \u00e9ditions du Cherche Midi. Avec cette p\u00e9pite d\u2019humour et de tendresse, enrob\u00e9e d\u2019inattendu, l\u2019auteur tient ses promesses et s\u00e9duit \u00e0 coup s\u00fbr. A Elmwood Springs, dans le sud du Missouri, Elner Shimfissle, petite dame de 80 ans au<\/p>\n","protected":false},"author":15,"featured_media":30370,"comment_status":"open","ping_status":"open","sticky":false,"template":"","format":"standard","meta":{"jetpack_post_was_ever_published":false,"_jetpack_newsletter_access":"","_jetpack_newsletter_tier_id":0,"footnotes":"","jetpack_publicize_message":"","jetpack_is_tweetstorm":false,"jetpack_publicize_feature_enabled":true,"jetpack_social_post_already_shared":true,"jetpack_social_options":{"image_generator_settings":{"template":"highway","enabled":false}}},"categories":[1118],"tags":[1536,1538,1537,54],"jetpack_publicize_connections":[],"yoast_head":"<!-- This site is optimized with the Yoast SEO plugin v21.5 - https:\/\/yoast.com\/wordpress\/plugins\/seo\/ -->\n<title>Nous irons tous au Paradis, le feel-good book de l&#039;automne !<\/title>\n<meta name=\"description\" content=\"Le tr\u00e8s attendu nouveau roman de Fannie Flagg, Nous irons tous au Paradis, para\u00eet aujourd\u2019hui, 6 octobre, aux \u00e9ditions du Cherche Midi. Avec cette p\u00e9pite\" \/>\n<meta name=\"robots\" content=\"index, follow, max-snippet:-1, max-image-preview:large, max-video-preview:-1\" \/>\n<link rel=\"canonical\" href=\"http:\/\/smallthings.fr\/lespetitslivres\/2016\/10\/06\/nous-irons-tous-au-paradis-feel-good\/\" \/>\n<meta property=\"og:locale\" content=\"fr_FR\" \/>\n<meta property=\"og:type\" content=\"article\" \/>\n<meta property=\"og:title\" content=\"Nous irons tous au Paradis, le feel-good book de l&#039;automne !\" \/>\n<meta property=\"og:description\" content=\"Le tr\u00e8s attendu nouveau roman de Fannie Flagg, Nous irons tous au Paradis, para\u00eet aujourd\u2019hui, 6 octobre, aux \u00e9ditions du Cherche Midi. Avec cette p\u00e9pite\" \/>\n<meta property=\"og:url\" content=\"http:\/\/smallthings.fr\/lespetitslivres\/2016\/10\/06\/nous-irons-tous-au-paradis-feel-good\/\" \/>\n<meta property=\"og:site_name\" content=\"Les Petits Livres\" \/>\n<meta property=\"article:published_time\" content=\"2016-10-06T11:50:11+00:00\" \/>\n<meta property=\"og:image\" content=\"https:\/\/i0.wp.com\/smallthings.fr\/lespetitslivres\/wp-content\/uploads\/2016\/10\/nous-irons-tous-au-paradis-couv.jpg?fit=500%2C226\" \/>\n\t<meta property=\"og:image:width\" content=\"500\" \/>\n\t<meta property=\"og:image:height\" content=\"226\" \/>\n\t<meta property=\"og:image:type\" content=\"image\/jpeg\" \/>\n<meta name=\"author\" content=\"June\" \/>\n<meta name=\"twitter:card\" content=\"summary_large_image\" \/>\n<meta name=\"twitter:creator\" content=\"@dariadgille\" \/>\n<meta name=\"twitter:label1\" content=\"\u00c9crit par\" \/>\n\t<meta name=\"twitter:data1\" content=\"June\" \/>\n\t<meta name=\"twitter:label2\" content=\"Dur\u00e9e de lecture estim\u00e9e\" \/>\n\t<meta name=\"twitter:data2\" content=\"4 minutes\" \/>\n<script type=\"application\/ld+json\" class=\"yoast-schema-graph\">{\"@context\":\"https:\/\/schema.org\",\"@graph\":[{\"@type\":\"WebPage\",\"@id\":\"http:\/\/smallthings.fr\/lespetitslivres\/2016\/10\/06\/nous-irons-tous-au-paradis-feel-good\/\",\"url\":\"http:\/\/smallthings.fr\/lespetitslivres\/2016\/10\/06\/nous-irons-tous-au-paradis-feel-good\/\",\"name\":\"Nous irons tous au Paradis, le feel-good book de l'automne !\",\"isPartOf\":{\"@id\":\"https:\/\/smallthings.fr\/lespetitslivres\/#website\"},\"datePublished\":\"2016-10-06T11:50:11+00:00\",\"dateModified\":\"2016-10-06T11:50:11+00:00\",\"author\":{\"@id\":\"https:\/\/smallthings.fr\/lespetitslivres\/#\/schema\/person\/3e6389e33dfcb17850d47fa745090e73\"},\"description\":\"Le tr\u00e8s attendu nouveau roman de Fannie Flagg, Nous irons tous au Paradis, para\u00eet aujourd\u2019hui, 6 octobre, aux \u00e9ditions du Cherche Midi. Avec cette p\u00e9pite\",\"breadcrumb\":{\"@id\":\"http:\/\/smallthings.fr\/lespetitslivres\/2016\/10\/06\/nous-irons-tous-au-paradis-feel-good\/#breadcrumb\"},\"inLanguage\":\"fr-FR\",\"potentialAction\":[{\"@type\":\"ReadAction\",\"target\":[\"http:\/\/smallthings.fr\/lespetitslivres\/2016\/10\/06\/nous-irons-tous-au-paradis-feel-good\/\"]}]},{\"@type\":\"BreadcrumbList\",\"@id\":\"http:\/\/smallthings.fr\/lespetitslivres\/2016\/10\/06\/nous-irons-tous-au-paradis-feel-good\/#breadcrumb\",\"itemListElement\":[{\"@type\":\"ListItem\",\"position\":1,\"name\":\"Accueil\",\"item\":\"https:\/\/smallthings.fr\/lespetitslivres\/\"},{\"@type\":\"ListItem\",\"position\":2,\"name\":\"Nous irons tous au Paradis, le feel-good book de l&rsquo;automne !\"}]},{\"@type\":\"WebSite\",\"@id\":\"https:\/\/smallthings.fr\/lespetitslivres\/#website\",\"url\":\"https:\/\/smallthings.fr\/lespetitslivres\/\",\"name\":\"Les Petits Livres\",\"description\":\"by Small Things\",\"potentialAction\":[{\"@type\":\"SearchAction\",\"target\":{\"@type\":\"EntryPoint\",\"urlTemplate\":\"https:\/\/smallthings.fr\/lespetitslivres\/?s={search_term_string}\"},\"query-input\":\"required name=search_term_string\"}],\"inLanguage\":\"fr-FR\"},{\"@type\":\"Person\",\"@id\":\"https:\/\/smallthings.fr\/lespetitslivres\/#\/schema\/person\/3e6389e33dfcb17850d47fa745090e73\",\"name\":\"June\",\"image\":{\"@type\":\"ImageObject\",\"inLanguage\":\"fr-FR\",\"@id\":\"https:\/\/smallthings.fr\/lespetitslivres\/#\/schema\/person\/image\/\",\"url\":\"https:\/\/secure.gravatar.com\/avatar\/b9e34137bb78059aebeb6866f6a13f5a?s=96&d=retro&r=g\",\"contentUrl\":\"https:\/\/secure.gravatar.com\/avatar\/b9e34137bb78059aebeb6866f6a13f5a?s=96&d=retro&r=g\",\"caption\":\"June\"},\"sameAs\":[\"https:\/\/twitter.com\/@dariadgille\"],\"url\":\"https:\/\/smallthings.fr\/lespetitslivres\/author\/june\/\"}]}<\/script>\n<!-- \/ Yoast SEO plugin. -->","yoast_head_json":{"title":"Nous irons tous au Paradis, le feel-good book de l'automne !","description":"Le tr\u00e8s attendu nouveau roman de Fannie Flagg, Nous irons tous au Paradis, para\u00eet aujourd\u2019hui, 6 octobre, aux \u00e9ditions du Cherche Midi. Avec cette p\u00e9pite","robots":{"index":"index","follow":"follow","max-snippet":"max-snippet:-1","max-image-preview":"max-image-preview:large","max-video-preview":"max-video-preview:-1"},"canonical":"http:\/\/smallthings.fr\/lespetitslivres\/2016\/10\/06\/nous-irons-tous-au-paradis-feel-good\/","og_locale":"fr_FR","og_type":"article","og_title":"Nous irons tous au Paradis, le feel-good book de l'automne !","og_description":"Le tr\u00e8s attendu nouveau roman de Fannie Flagg, Nous irons tous au Paradis, para\u00eet aujourd\u2019hui, 6 octobre, aux \u00e9ditions du Cherche Midi. Avec cette p\u00e9pite","og_url":"http:\/\/smallthings.fr\/lespetitslivres\/2016\/10\/06\/nous-irons-tous-au-paradis-feel-good\/","og_site_name":"Les Petits Livres","article_published_time":"2016-10-06T11:50:11+00:00","og_image":[{"width":500,"height":226,"url":"https:\/\/i0.wp.com\/smallthings.fr\/lespetitslivres\/wp-content\/uploads\/2016\/10\/nous-irons-tous-au-paradis-couv.jpg?fit=500%2C226","type":"image\/jpeg"}],"author":"June","twitter_card":"summary_large_image","twitter_creator":"@dariadgille","twitter_misc":{"\u00c9crit par":"June","Dur\u00e9e de lecture estim\u00e9e":"4 minutes"},"schema":{"@context":"https:\/\/schema.org","@graph":[{"@type":"WebPage","@id":"http:\/\/smallthings.fr\/lespetitslivres\/2016\/10\/06\/nous-irons-tous-au-paradis-feel-good\/","url":"http:\/\/smallthings.fr\/lespetitslivres\/2016\/10\/06\/nous-irons-tous-au-paradis-feel-good\/","name":"Nous irons tous au Paradis, le feel-good book de l'automne !","isPartOf":{"@id":"https:\/\/smallthings.fr\/lespetitslivres\/#website"},"datePublished":"2016-10-06T11:50:11+00:00","dateModified":"2016-10-06T11:50:11+00:00","author":{"@id":"https:\/\/smallthings.fr\/lespetitslivres\/#\/schema\/person\/3e6389e33dfcb17850d47fa745090e73"},"description":"Le tr\u00e8s attendu nouveau roman de Fannie Flagg, Nous irons tous au Paradis, para\u00eet aujourd\u2019hui, 6 octobre, aux \u00e9ditions du Cherche Midi. Avec cette p\u00e9pite","breadcrumb":{"@id":"http:\/\/smallthings.fr\/lespetitslivres\/2016\/10\/06\/nous-irons-tous-au-paradis-feel-good\/#breadcrumb"},"inLanguage":"fr-FR","potentialAction":[{"@type":"ReadAction","target":["http:\/\/smallthings.fr\/lespetitslivres\/2016\/10\/06\/nous-irons-tous-au-paradis-feel-good\/"]}]},{"@type":"BreadcrumbList","@id":"http:\/\/smallthings.fr\/lespetitslivres\/2016\/10\/06\/nous-irons-tous-au-paradis-feel-good\/#breadcrumb","itemListElement":[{"@type":"ListItem","position":1,"name":"Accueil","item":"https:\/\/smallthings.fr\/lespetitslivres\/"},{"@type":"ListItem","position":2,"name":"Nous irons tous au Paradis, le feel-good book de l&rsquo;automne !"}]},{"@type":"WebSite","@id":"https:\/\/smallthings.fr\/lespetitslivres\/#website","url":"https:\/\/smallthings.fr\/lespetitslivres\/","name":"Les Petits Livres","description":"by Small Things","potentialAction":[{"@type":"SearchAction","target":{"@type":"EntryPoint","urlTemplate":"https:\/\/smallthings.fr\/lespetitslivres\/?s={search_term_string}"},"query-input":"required name=search_term_string"}],"inLanguage":"fr-FR"},{"@type":"Person","@id":"https:\/\/smallthings.fr\/lespetitslivres\/#\/schema\/person\/3e6389e33dfcb17850d47fa745090e73","name":"June","image":{"@type":"ImageObject","inLanguage":"fr-FR","@id":"https:\/\/smallthings.fr\/lespetitslivres\/#\/schema\/person\/image\/","url":"https:\/\/secure.gravatar.com\/avatar\/b9e34137bb78059aebeb6866f6a13f5a?s=96&d=retro&r=g","contentUrl":"https:\/\/secure.gravatar.com\/avatar\/b9e34137bb78059aebeb6866f6a13f5a?s=96&d=retro&r=g","caption":"June"},"sameAs":["https:\/\/twitter.com\/@dariadgille"],"url":"https:\/\/smallthings.fr\/lespetitslivres\/author\/june\/"}]}},"jetpack_featured_media_url":"https:\/\/smallthings.fr\/lespetitslivres\/wp-content\/uploads\/2016\/10\/nous-irons-tous-au-paradis-couv.jpg","jetpack_sharing_enabled":true,"jetpack_shortlink":"https:\/\/wp.me\/p6Un21-7TO","jetpack-related-posts":[{"id":31829,"url":"https:\/\/smallthings.fr\/lespetitslivres\/2018\/11\/08\/ca-raconte-sarah-delabroy-allard\/","url_meta":{"origin":30368,"position":0},"title":"\u00c7a raconte Sarah, superbe premier roman de Pauline Delabroy-Allard","author":"Claire","date":"8 novembre 2018","format":false,"excerpt":"\u00c7a raconte Sarah est le premier roman tr\u00e8s remarqu\u00e9 de Pauline Delabroy-Allard, paru aux \u00e9ditions de Minuit. C'est le roman de l'amour, de l'amour extr\u00eame, de l'amour absolu, de l'amour folie, o\u00f9 la fronti\u00e8re entre r\u00eave et r\u00e9alit\u00e9 devient floue. Un livre magnifique qui ne recule devant rien. Un livre\u2026","rel":"","context":"Dans &quot;Roman fran\u00e7ais&quot;","block_context":{"text":"Roman fran\u00e7ais","link":"https:\/\/smallthings.fr\/lespetitslivres\/category\/roman\/roman-francais\/"},"img":{"alt_text":"","src":"https:\/\/i0.wp.com\/smallthings.fr\/lespetitslivres\/wp-content\/uploads\/2018\/11\/ca-raconte-sarah-cover.jpg?resize=350%2C200&ssl=1","width":350,"height":200,"srcset":"https:\/\/i0.wp.com\/smallthings.fr\/lespetitslivres\/wp-content\/uploads\/2018\/11\/ca-raconte-sarah-cover.jpg?resize=350%2C200&ssl=1 1x, https:\/\/i0.wp.com\/smallthings.fr\/lespetitslivres\/wp-content\/uploads\/2018\/11\/ca-raconte-sarah-cover.jpg?resize=525%2C300&ssl=1 1.5x, https:\/\/i0.wp.com\/smallthings.fr\/lespetitslivres\/wp-content\/uploads\/2018\/11\/ca-raconte-sarah-cover.jpg?resize=700%2C400&ssl=1 2x, https:\/\/i0.wp.com\/smallthings.fr\/lespetitslivres\/wp-content\/uploads\/2018\/11\/ca-raconte-sarah-cover.jpg?resize=1050%2C600&ssl=1 3x, https:\/\/i0.wp.com\/smallthings.fr\/lespetitslivres\/wp-content\/uploads\/2018\/11\/ca-raconte-sarah-cover.jpg?resize=1400%2C800&ssl=1 4x"},"classes":[]},{"id":30809,"url":"https:\/\/smallthings.fr\/lespetitslivres\/2017\/02\/24\/lake-ephemeral-anya-allyn\/","url_meta":{"origin":30368,"position":1},"title":"Lake Ephemeral : l\u2019enfer est pav\u00e9 de bonnes intentions","author":"Jennifer","date":"24 f\u00e9vrier 2017","format":false,"excerpt":"Lake Ephemeral est un roman surprenant d'Anya Allyn. Paru aux\u00a0\u00e9ditions du Chat Noir d\u00e9but f\u00e9vrier, ce livre nous raconte les aventures de Sera, onze ans, une orpheline qui d\u00e9couvre que sa m\u00e8re biologique \u00e9tait en fait \u00e0 sa recherche depuis de nombreuses ann\u00e9es. Elle est emmen\u00e9e \u00e0 Lake Ephemeral, un\u2026","rel":"","context":"Dans &quot;Young Adult&quot;","block_context":{"text":"Young Adult","link":"https:\/\/smallthings.fr\/lespetitslivres\/category\/young-adult\/"},"img":{"alt_text":"","src":"https:\/\/i0.wp.com\/smallthings.fr\/lespetitslivres\/wp-content\/uploads\/2017\/02\/Lake-Ephemeral-Anya-Allyn-2.jpg?resize=350%2C200&ssl=1","width":350,"height":200,"srcset":"https:\/\/i0.wp.com\/smallthings.fr\/lespetitslivres\/wp-content\/uploads\/2017\/02\/Lake-Ephemeral-Anya-Allyn-2.jpg?resize=350%2C200&ssl=1 1x, https:\/\/i0.wp.com\/smallthings.fr\/lespetitslivres\/wp-content\/uploads\/2017\/02\/Lake-Ephemeral-Anya-Allyn-2.jpg?resize=525%2C300&ssl=1 1.5x"},"classes":[]},{"id":26751,"url":"https:\/\/smallthings.fr\/lespetitslivres\/2015\/09\/03\/ma-roman-hubert-haddad-critique\/","url_meta":{"origin":30368,"position":2},"title":"M\u0101, le roman japonais d&rsquo;Hubert Haddad","author":"Cecile","date":"3 septembre 2015","format":false,"excerpt":"M\u0101 sort aujourd'hui aux \u00e9ditions Zulma. Ce n\u2019est pas un, mais deux romans qu\u2019Hubert Haddad, artiste multiforme, publie \u00e0 l\u2019occasion de cette rentr\u00e9e litt\u00e9raire. Tous deux tr\u00e8s diff\u00e9rents l\u2019un de l\u2019autre, d\u00e9montrant la versatilit\u00e9 de son style. Autant Corps d\u00e9sirable frappait par sa volubilit\u00e9, autant\u00a0M\u0101 \u00e9tonne par sa ma\u00eetrise de\u2026","rel":"","context":"Dans &quot;Rentr\u00e9e Litt\u00e9raire&quot;","block_context":{"text":"Rentr\u00e9e Litt\u00e9raire","link":"https:\/\/smallthings.fr\/lespetitslivres\/category\/rentree-litteraire-2015\/"},"img":{"alt_text":"","src":"","width":0,"height":0},"classes":[]},{"id":29615,"url":"https:\/\/smallthings.fr\/lespetitslivres\/2016\/02\/24\/proie-du-papillon-soutoul-avis\/","url_meta":{"origin":30368,"position":3},"title":"La Proie du Papillon de St\u00e9phane Soutoul : du suspense et de l&rsquo;\u00e9rotisme","author":"Jennifer","date":"24 f\u00e9vrier 2016","format":false,"excerpt":"La Proie du Papillon est le nouveau livre de St\u00e9phane Soutoul, qui para\u00eet aujourd'hui aux \u00e9ditions Pygmalion. Un roman qui nous fait d\u00e9couvrir les Fils d\u2019Eros, des professionnels de la s\u00e9duction qui jouent avec leurs victimes jusqu\u2019\u00e0 les mener \u00e0 leur perte\u2026 St\u00e9phane Soutoul est un auteur que j\u2019ai d\u00e9couvert\u2026","rel":"","context":"Dans &quot;Roman fran\u00e7ais&quot;","block_context":{"text":"Roman fran\u00e7ais","link":"https:\/\/smallthings.fr\/lespetitslivres\/category\/roman\/roman-francais\/"},"img":{"alt_text":"","src":"https:\/\/i0.wp.com\/smallthings.fr\/lespetitslivres\/wp-content\/uploads\/2016\/02\/proie-du-papillon-couv.jpg?resize=350%2C200&ssl=1","width":350,"height":200,"srcset":"https:\/\/i0.wp.com\/smallthings.fr\/lespetitslivres\/wp-content\/uploads\/2016\/02\/proie-du-papillon-couv.jpg?resize=350%2C200&ssl=1 1x, https:\/\/i0.wp.com\/smallthings.fr\/lespetitslivres\/wp-content\/uploads\/2016\/02\/proie-du-papillon-couv.jpg?resize=525%2C300&ssl=1 1.5x"},"classes":[]},{"id":30720,"url":"https:\/\/smallthings.fr\/lespetitslivres\/2017\/01\/28\/coldheart-canyon-clive-barker-critique\/","url_meta":{"origin":30368,"position":4},"title":"Coldheart Canyon : un roman de Clive Barker entre d\u00e9bauche et tortures","author":"Jennifer","date":"28 janvier 2017","format":false,"excerpt":"Coldheart Canyon est un roman de Clive Barker, paru en novembre chez Bragelonne. Todd Pickett est un acteur dans le d\u00e9clin qui va faire une retraite anticip\u00e9e \u00e0 Coldheart Canyon. L\u00e0-bas, il d\u00e9couvrira la v\u00e9rit\u00e9 sur cette maison qui abrite fant\u00f4mes, cr\u00e9atures atroces et peut-\u00eatre m\u00eame le diable lui-m\u00eame. Survivra-t-il\u2026","rel":"","context":"Dans &quot;Fantastique&quot;","block_context":{"text":"Fantastique","link":"https:\/\/smallthings.fr\/lespetitslivres\/category\/imaginaire\/fantastique\/"},"img":{"alt_text":"","src":"https:\/\/i0.wp.com\/smallthings.fr\/lespetitslivres\/wp-content\/uploads\/2017\/01\/clive-barker-coldheart-canyon.png?resize=350%2C200&ssl=1","width":350,"height":200,"srcset":"https:\/\/i0.wp.com\/smallthings.fr\/lespetitslivres\/wp-content\/uploads\/2017\/01\/clive-barker-coldheart-canyon.png?resize=350%2C200&ssl=1 1x, https:\/\/i0.wp.com\/smallthings.fr\/lespetitslivres\/wp-content\/uploads\/2017\/01\/clive-barker-coldheart-canyon.png?resize=525%2C300&ssl=1 1.5x"},"classes":[]},{"id":30659,"url":"https:\/\/smallthings.fr\/lespetitslivres\/2017\/01\/15\/je-vous-sauverai-tous-freche-avis\/","url_meta":{"origin":30368,"position":5},"title":"Je vous sauverai tous, le signal d&rsquo;alarme d\u2019\u00c9milie Fr\u00e8che","author":"Claire","date":"15 janvier 2017","format":false,"excerpt":"Je vous sauverai tous est le nouveau livre d'\u00c9milie Fr\u00e8che, tout r\u00e9cemment paru chez Hachette romans. Pour aborder le sujet de l'embrigadement des jeunes filles par Daech, elle choisit la forme du journal intime. Les voix d'\u00c9l\u00e9a, de sa m\u00e8re et de son p\u00e8re, se croisent pour raconter l'impensable. \u00c9l\u00e9a\u2026","rel":"","context":"Dans &quot;Roman fran\u00e7ais&quot;","block_context":{"text":"Roman fran\u00e7ais","link":"https:\/\/smallthings.fr\/lespetitslivres\/category\/roman\/roman-francais\/"},"img":{"alt_text":"","src":"https:\/\/i0.wp.com\/smallthings.fr\/lespetitslivres\/wp-content\/uploads\/2017\/01\/je-vous-sauverai-tous-couv.jpg?resize=350%2C200&ssl=1","width":350,"height":200,"srcset":"https:\/\/i0.wp.com\/smallthings.fr\/lespetitslivres\/wp-content\/uploads\/2017\/01\/je-vous-sauverai-tous-couv.jpg?resize=350%2C200&ssl=1 1x, https:\/\/i0.wp.com\/smallthings.fr\/lespetitslivres\/wp-content\/uploads\/2017\/01\/je-vous-sauverai-tous-couv.jpg?resize=525%2C300&ssl=1 1.5x"},"classes":[]}],"_links":{"self":[{"href":"https:\/\/smallthings.fr\/lespetitslivres\/wp-json\/wp\/v2\/posts\/30368"}],"collection":[{"href":"https:\/\/smallthings.fr\/lespetitslivres\/wp-json\/wp\/v2\/posts"}],"about":[{"href":"https:\/\/smallthings.fr\/lespetitslivres\/wp-json\/wp\/v2\/types\/post"}],"author":[{"embeddable":true,"href":"https:\/\/smallthings.fr\/lespetitslivres\/wp-json\/wp\/v2\/users\/15"}],"replies":[{"embeddable":true,"href":"https:\/\/smallthings.fr\/lespetitslivres\/wp-json\/wp\/v2\/comments?post=30368"}],"version-history":[{"count":1,"href":"https:\/\/smallthings.fr\/lespetitslivres\/wp-json\/wp\/v2\/posts\/30368\/revisions"}],"predecessor-version":[{"id":30372,"href":"https:\/\/smallthings.fr\/lespetitslivres\/wp-json\/wp\/v2\/posts\/30368\/revisions\/30372"}],"wp:featuredmedia":[{"embeddable":true,"href":"https:\/\/smallthings.fr\/lespetitslivres\/wp-json\/wp\/v2\/media\/30370"}],"wp:attachment":[{"href":"https:\/\/smallthings.fr\/lespetitslivres\/wp-json\/wp\/v2\/media?parent=30368"}],"wp:term":[{"taxonomy":"category","embeddable":true,"href":"https:\/\/smallthings.fr\/lespetitslivres\/wp-json\/wp\/v2\/categories?post=30368"},{"taxonomy":"post_tag","embeddable":true,"href":"https:\/\/smallthings.fr\/lespetitslivres\/wp-json\/wp\/v2\/tags?post=30368"}],"curies":[{"name":"wp","href":"https:\/\/api.w.org\/{rel}","templated":true}]}}