{"id":30350,"date":"2016-09-28T16:00:13","date_gmt":"2016-09-28T15:00:13","guid":{"rendered":"http:\/\/smallthings.fr\/lespetitslivres\/?p=30350"},"modified":"2016-09-27T19:31:49","modified_gmt":"2016-09-27T18:31:49","slug":"a-la-fin-le-silence-tardieu","status":"publish","type":"post","link":"https:\/\/smallthings.fr\/lespetitslivres\/2016\/09\/28\/a-la-fin-le-silence-tardieu\/","title":{"rendered":"A la fin le silence : la mort puis la vie, de Laurence Tardieu"},"content":{"rendered":"<h2><em>A la fin le silence<\/em> est le roman que nous propose Laurence Tardieu pour cette rentr\u00e9e litt\u00e9raire aux <a href=\"http:\/\/www.seuil.com\/ouvrage\/a-la-fin-le-silence-laurence-tardieu\/9782021313659\">\u00e9ditions du Seuil<\/a>. Apr\u00e8s <em>Le jugement de L\u00e9a<\/em>, <em>Puisque rien ne dure<\/em> et <em>Une vie \u00e0 soi<\/em>, <em>A la fin le silence<\/em> s&rsquo;apparente plus \u00e0 un essai litt\u00e9raire qu&rsquo;\u00e0 une fiction. S&rsquo;il n&rsquo;est pas le livre le plus joyeux \u00e0 d\u00e9couvrir en cette rentr\u00e9e, il m\u00e9rite que l&rsquo;on s&rsquo;y arr\u00eate.<\/h2>\n<p><strong><em>A la fin le silence<\/em>, c&rsquo;est deux livres dans un seul.<\/strong> Celui que Laurence Tardieu avait le projet d&rsquo;\u00e9crire sur sa maison de famille bient\u00f4t mise en vente. Un livre sur ses souvenirs d&rsquo;enfance, l\u2019insouciance et le sentiment d&rsquo;injustice de perdre un rep\u00e8re essentiel \u00e0 sa vie, un cocon que rien ne saurait remplacer.<\/p>\n<p><img loading=\"lazy\" decoding=\"async\" data-attachment-id=\"30352\" data-permalink=\"https:\/\/smallthings.fr\/lespetitslivres\/2016\/09\/28\/a-la-fin-le-silence-tardieu\/a-la-fin-le-silence\/\" data-orig-file=\"https:\/\/smallthings.fr\/lespetitslivres\/wp-content\/uploads\/2016\/09\/a-la-fin-le-silence.jpg\" data-orig-size=\"1000,1459\" data-comments-opened=\"1\" data-image-meta=\"{&quot;aperture&quot;:&quot;0&quot;,&quot;credit&quot;:&quot;&quot;,&quot;camera&quot;:&quot;&quot;,&quot;caption&quot;:&quot;&quot;,&quot;created_timestamp&quot;:&quot;0&quot;,&quot;copyright&quot;:&quot;Tite-Live&quot;,&quot;focal_length&quot;:&quot;0&quot;,&quot;iso&quot;:&quot;0&quot;,&quot;shutter_speed&quot;:&quot;0&quot;,&quot;title&quot;:&quot;&quot;,&quot;orientation&quot;:&quot;0&quot;}\" data-image-title=\"a-la-fin-le-silence\" data-image-description=\"\" data-image-caption=\"\" data-medium-file=\"https:\/\/smallthings.fr\/lespetitslivres\/wp-content\/uploads\/2016\/09\/a-la-fin-le-silence-206x300.jpg\" data-large-file=\"https:\/\/smallthings.fr\/lespetitslivres\/wp-content\/uploads\/2016\/09\/a-la-fin-le-silence-702x1024.jpg\" class=\"alignleft wp-image-30352\" src=\"http:\/\/smallthings.fr\/lespetitslivres\/wp-content\/uploads\/2016\/09\/a-la-fin-le-silence-702x1024.jpg\" alt=\"a-la-fin-le-silence\" width=\"323\" height=\"471\" srcset=\"https:\/\/smallthings.fr\/lespetitslivres\/wp-content\/uploads\/2016\/09\/a-la-fin-le-silence-702x1024.jpg 702w, https:\/\/smallthings.fr\/lespetitslivres\/wp-content\/uploads\/2016\/09\/a-la-fin-le-silence-206x300.jpg 206w, https:\/\/smallthings.fr\/lespetitslivres\/wp-content\/uploads\/2016\/09\/a-la-fin-le-silence-768x1121.jpg 768w, https:\/\/smallthings.fr\/lespetitslivres\/wp-content\/uploads\/2016\/09\/a-la-fin-le-silence.jpg 1000w\" sizes=\"(max-width: 323px) 100vw, 323px\" \/>Mais les attentats de janvier sont venus perturber ce projet. Car comment dor\u00e9navant \u00e9crire sur l\u2019insouciance, l&rsquo;impression de s\u00e9curit\u00e9 absolue et le bonheur d&rsquo;une enfance sans nuage, alors que la s\u00e9curit\u00e9 semble s&rsquo;\u00eatre envol\u00e9e pour toujours, obligeant ses propres filles \u00e0 abandonner cette innocence des all\u00e9es et venues sans danger, en toute qui\u00e9tude et en toute libert\u00e9 ?<\/p>\n<p>Bien s\u00fbr, on se souvient de ce que l&rsquo;on a ressenti lors des attentats de janvier. En se recroquevillant sur elle-m\u00eame et sur ses sentiments, Laurence Tardieu parle \u00e0 tout un chacun. <strong><em>A la fin le silence<\/em> restera un livre important, en ce qu&rsquo;il a capt\u00e9 ce moment de nos vies, que, cloitr\u00e9s chez nous ce jeudi soir, nous avons tous en commun.<\/strong> Laurence Tardieu, incapable d&rsquo;\u00e9crire le premier livre tel qu&rsquo;elle l&rsquo;avait pr\u00e9vu, a bien fait de m\u00ealer les deux. Le livre met en parall\u00e8le des \u00e9motions aussi antinomiques que puissantes. De celles qui forgent, finalement, les personnes successives que nous sommes. Le bonheur fondamental dune maison d&rsquo;enfance, que l&rsquo;on va continuer de chercher toute sa vie. Puis la peur fondamentale de mourir, ne reculons pas devant les mots.<\/p>\n<p><strong><em>A la fin le silence<\/em> ne cesse de mettre en parall\u00e8le la vie et la mort.<\/strong> La vie quotidienne qu&rsquo;elle m\u00e8ne avec sa famille, qui sera \u00e9branl\u00e9e, choqu\u00e9e, par des morts brutales. La vie joyeuse d&rsquo;\u00e9t\u00e9s pass\u00e9s dans une maison de campagne, bless\u00e9e, cass\u00e9e, par la mort de la m\u00e8re. Autre \u00e9l\u00e9ment troublant qui compare encore une fois dans ce livre, la vie et la mort : la narratrice est enceinte. Alors qu&rsquo;elle a peur pour sa vie, elle est en train d&rsquo;en cr\u00e9er une autre.<\/p>\n<p><em>A la fin le silence<\/em> se d\u00e9tache de par le style de l&rsquo;auteur, pointu, qui parvient \u00e0 nous faire ressentir les choses avec une justesse \u00e0 souligner. Il se d\u00e9tache \u00e9galement de par son intention. Si \u00e9crire sur sa maison d&rsquo;enfance, puis sur les attentats, a \u00e9t\u00e9 une mani\u00e8re pour l&rsquo;auteure d&rsquo;essayer de dig\u00e9rer &#8211; ou comme l&rsquo;anglais l&rsquo;exprime bien &#8211; to process, on la remercie d&rsquo;avoir tenu \u00e0 nous en faire part.<\/p>\n","protected":false},"excerpt":{"rendered":"<p>A la fin le silence est le roman que nous propose Laurence Tardieu pour cette rentr\u00e9e litt\u00e9raire aux \u00e9ditions du Seuil. Apr\u00e8s Le jugement de L\u00e9a, Puisque rien ne dure et Une vie \u00e0 soi, A la fin le silence s&rsquo;apparente plus \u00e0 un essai litt\u00e9raire qu&rsquo;\u00e0 une fiction. S&rsquo;il n&rsquo;est pas le livre le<\/p>\n","protected":false},"author":2,"featured_media":30351,"comment_status":"open","ping_status":"open","sticky":false,"template":"","format":"standard","meta":{"jetpack_post_was_ever_published":false,"_jetpack_newsletter_access":"","_jetpack_newsletter_tier_id":0,"footnotes":"","jetpack_publicize_message":"","jetpack_is_tweetstorm":false,"jetpack_publicize_feature_enabled":true,"jetpack_social_post_already_shared":true,"jetpack_social_options":{"image_generator_settings":{"template":"highway","enabled":false}}},"categories":[1469,1117],"tags":[1531,1530,32],"jetpack_publicize_connections":[],"yoast_head":"<!-- This site is optimized with the Yoast SEO plugin v21.5 - https:\/\/yoast.com\/wordpress\/plugins\/seo\/ -->\n<title>A la fin le silence : la mort puis la vie, de Laurence Tardieu<\/title>\n<meta name=\"description\" content=\"A la fin le silence est le roman que nous propose Laurence Tardieu pour cette rentr\u00e9e litt\u00e9raire aux \u00e9ditions du Seuil. Apr\u00e8s Le jugement de L\u00e9a,\" \/>\n<meta name=\"robots\" content=\"index, follow, max-snippet:-1, max-image-preview:large, max-video-preview:-1\" \/>\n<link rel=\"canonical\" href=\"http:\/\/smallthings.fr\/lespetitslivres\/2016\/09\/28\/a-la-fin-le-silence-tardieu\/\" \/>\n<meta property=\"og:locale\" content=\"fr_FR\" \/>\n<meta property=\"og:type\" content=\"article\" \/>\n<meta property=\"og:title\" content=\"A la fin le silence : la mort puis la vie, de Laurence Tardieu\" \/>\n<meta property=\"og:description\" content=\"A la fin le silence est le roman que nous propose Laurence Tardieu pour cette rentr\u00e9e litt\u00e9raire aux \u00e9ditions du Seuil. Apr\u00e8s Le jugement de L\u00e9a,\" \/>\n<meta property=\"og:url\" content=\"http:\/\/smallthings.fr\/lespetitslivres\/2016\/09\/28\/a-la-fin-le-silence-tardieu\/\" \/>\n<meta property=\"og:site_name\" content=\"Les Petits Livres\" \/>\n<meta property=\"article:published_time\" content=\"2016-09-28T15:00:13+00:00\" \/>\n<meta property=\"article:modified_time\" content=\"2016-09-27T18:31:49+00:00\" \/>\n<meta property=\"og:image\" content=\"https:\/\/i0.wp.com\/smallthings.fr\/lespetitslivres\/wp-content\/uploads\/2016\/09\/laurence-tardieu.jpg?fit=645%2C320\" \/>\n\t<meta property=\"og:image:width\" content=\"645\" \/>\n\t<meta property=\"og:image:height\" content=\"320\" \/>\n\t<meta property=\"og:image:type\" content=\"image\/jpeg\" \/>\n<meta name=\"author\" content=\"Claire\" \/>\n<meta name=\"twitter:card\" content=\"summary_large_image\" \/>\n<meta name=\"twitter:label1\" content=\"\u00c9crit par\" \/>\n\t<meta name=\"twitter:data1\" content=\"Claire\" \/>\n\t<meta name=\"twitter:label2\" content=\"Dur\u00e9e de lecture estim\u00e9e\" \/>\n\t<meta name=\"twitter:data2\" content=\"3 minutes\" \/>\n<script type=\"application\/ld+json\" class=\"yoast-schema-graph\">{\"@context\":\"https:\/\/schema.org\",\"@graph\":[{\"@type\":\"WebPage\",\"@id\":\"http:\/\/smallthings.fr\/lespetitslivres\/2016\/09\/28\/a-la-fin-le-silence-tardieu\/\",\"url\":\"http:\/\/smallthings.fr\/lespetitslivres\/2016\/09\/28\/a-la-fin-le-silence-tardieu\/\",\"name\":\"A la fin le silence : la mort puis la vie, de Laurence Tardieu\",\"isPartOf\":{\"@id\":\"https:\/\/smallthings.fr\/lespetitslivres\/#website\"},\"datePublished\":\"2016-09-28T15:00:13+00:00\",\"dateModified\":\"2016-09-27T18:31:49+00:00\",\"author\":{\"@id\":\"https:\/\/smallthings.fr\/lespetitslivres\/#\/schema\/person\/504d603cacfe064fe039dfa03a8b7918\"},\"description\":\"A la fin le silence est le roman que nous propose Laurence Tardieu pour cette rentr\u00e9e litt\u00e9raire aux \u00e9ditions du Seuil. Apr\u00e8s Le jugement de L\u00e9a,\",\"breadcrumb\":{\"@id\":\"http:\/\/smallthings.fr\/lespetitslivres\/2016\/09\/28\/a-la-fin-le-silence-tardieu\/#breadcrumb\"},\"inLanguage\":\"fr-FR\",\"potentialAction\":[{\"@type\":\"ReadAction\",\"target\":[\"http:\/\/smallthings.fr\/lespetitslivres\/2016\/09\/28\/a-la-fin-le-silence-tardieu\/\"]}]},{\"@type\":\"BreadcrumbList\",\"@id\":\"http:\/\/smallthings.fr\/lespetitslivres\/2016\/09\/28\/a-la-fin-le-silence-tardieu\/#breadcrumb\",\"itemListElement\":[{\"@type\":\"ListItem\",\"position\":1,\"name\":\"Accueil\",\"item\":\"https:\/\/smallthings.fr\/lespetitslivres\/\"},{\"@type\":\"ListItem\",\"position\":2,\"name\":\"A la fin le silence : la mort puis la vie, de Laurence Tardieu\"}]},{\"@type\":\"WebSite\",\"@id\":\"https:\/\/smallthings.fr\/lespetitslivres\/#website\",\"url\":\"https:\/\/smallthings.fr\/lespetitslivres\/\",\"name\":\"Les Petits Livres\",\"description\":\"by Small Things\",\"potentialAction\":[{\"@type\":\"SearchAction\",\"target\":{\"@type\":\"EntryPoint\",\"urlTemplate\":\"https:\/\/smallthings.fr\/lespetitslivres\/?s={search_term_string}\"},\"query-input\":\"required name=search_term_string\"}],\"inLanguage\":\"fr-FR\"},{\"@type\":\"Person\",\"@id\":\"https:\/\/smallthings.fr\/lespetitslivres\/#\/schema\/person\/504d603cacfe064fe039dfa03a8b7918\",\"name\":\"Claire\",\"image\":{\"@type\":\"ImageObject\",\"inLanguage\":\"fr-FR\",\"@id\":\"https:\/\/smallthings.fr\/lespetitslivres\/#\/schema\/person\/image\/\",\"url\":\"https:\/\/secure.gravatar.com\/avatar\/9a85ff83d76b3eb17b8cae208640786e?s=96&d=retro&r=g\",\"contentUrl\":\"https:\/\/secure.gravatar.com\/avatar\/9a85ff83d76b3eb17b8cae208640786e?s=96&d=retro&r=g\",\"caption\":\"Claire\"},\"url\":\"https:\/\/smallthings.fr\/lespetitslivres\/author\/claire\/\"}]}<\/script>\n<!-- \/ Yoast SEO plugin. -->","yoast_head_json":{"title":"A la fin le silence : la mort puis la vie, de Laurence Tardieu","description":"A la fin le silence est le roman que nous propose Laurence Tardieu pour cette rentr\u00e9e litt\u00e9raire aux \u00e9ditions du Seuil. Apr\u00e8s Le jugement de L\u00e9a,","robots":{"index":"index","follow":"follow","max-snippet":"max-snippet:-1","max-image-preview":"max-image-preview:large","max-video-preview":"max-video-preview:-1"},"canonical":"http:\/\/smallthings.fr\/lespetitslivres\/2016\/09\/28\/a-la-fin-le-silence-tardieu\/","og_locale":"fr_FR","og_type":"article","og_title":"A la fin le silence : la mort puis la vie, de Laurence Tardieu","og_description":"A la fin le silence est le roman que nous propose Laurence Tardieu pour cette rentr\u00e9e litt\u00e9raire aux \u00e9ditions du Seuil. Apr\u00e8s Le jugement de L\u00e9a,","og_url":"http:\/\/smallthings.fr\/lespetitslivres\/2016\/09\/28\/a-la-fin-le-silence-tardieu\/","og_site_name":"Les Petits Livres","article_published_time":"2016-09-28T15:00:13+00:00","article_modified_time":"2016-09-27T18:31:49+00:00","og_image":[{"width":645,"height":320,"url":"https:\/\/i0.wp.com\/smallthings.fr\/lespetitslivres\/wp-content\/uploads\/2016\/09\/laurence-tardieu.jpg?fit=645%2C320","type":"image\/jpeg"}],"author":"Claire","twitter_card":"summary_large_image","twitter_misc":{"\u00c9crit par":"Claire","Dur\u00e9e de lecture estim\u00e9e":"3 minutes"},"schema":{"@context":"https:\/\/schema.org","@graph":[{"@type":"WebPage","@id":"http:\/\/smallthings.fr\/lespetitslivres\/2016\/09\/28\/a-la-fin-le-silence-tardieu\/","url":"http:\/\/smallthings.fr\/lespetitslivres\/2016\/09\/28\/a-la-fin-le-silence-tardieu\/","name":"A la fin le silence : la mort puis la vie, de Laurence Tardieu","isPartOf":{"@id":"https:\/\/smallthings.fr\/lespetitslivres\/#website"},"datePublished":"2016-09-28T15:00:13+00:00","dateModified":"2016-09-27T18:31:49+00:00","author":{"@id":"https:\/\/smallthings.fr\/lespetitslivres\/#\/schema\/person\/504d603cacfe064fe039dfa03a8b7918"},"description":"A la fin le silence est le roman que nous propose Laurence Tardieu pour cette rentr\u00e9e litt\u00e9raire aux \u00e9ditions du Seuil. Apr\u00e8s Le jugement de L\u00e9a,","breadcrumb":{"@id":"http:\/\/smallthings.fr\/lespetitslivres\/2016\/09\/28\/a-la-fin-le-silence-tardieu\/#breadcrumb"},"inLanguage":"fr-FR","potentialAction":[{"@type":"ReadAction","target":["http:\/\/smallthings.fr\/lespetitslivres\/2016\/09\/28\/a-la-fin-le-silence-tardieu\/"]}]},{"@type":"BreadcrumbList","@id":"http:\/\/smallthings.fr\/lespetitslivres\/2016\/09\/28\/a-la-fin-le-silence-tardieu\/#breadcrumb","itemListElement":[{"@type":"ListItem","position":1,"name":"Accueil","item":"https:\/\/smallthings.fr\/lespetitslivres\/"},{"@type":"ListItem","position":2,"name":"A la fin le silence : la mort puis la vie, de Laurence Tardieu"}]},{"@type":"WebSite","@id":"https:\/\/smallthings.fr\/lespetitslivres\/#website","url":"https:\/\/smallthings.fr\/lespetitslivres\/","name":"Les Petits Livres","description":"by Small Things","potentialAction":[{"@type":"SearchAction","target":{"@type":"EntryPoint","urlTemplate":"https:\/\/smallthings.fr\/lespetitslivres\/?s={search_term_string}"},"query-input":"required name=search_term_string"}],"inLanguage":"fr-FR"},{"@type":"Person","@id":"https:\/\/smallthings.fr\/lespetitslivres\/#\/schema\/person\/504d603cacfe064fe039dfa03a8b7918","name":"Claire","image":{"@type":"ImageObject","inLanguage":"fr-FR","@id":"https:\/\/smallthings.fr\/lespetitslivres\/#\/schema\/person\/image\/","url":"https:\/\/secure.gravatar.com\/avatar\/9a85ff83d76b3eb17b8cae208640786e?s=96&d=retro&r=g","contentUrl":"https:\/\/secure.gravatar.com\/avatar\/9a85ff83d76b3eb17b8cae208640786e?s=96&d=retro&r=g","caption":"Claire"},"url":"https:\/\/smallthings.fr\/lespetitslivres\/author\/claire\/"}]}},"jetpack_featured_media_url":"https:\/\/smallthings.fr\/lespetitslivres\/wp-content\/uploads\/2016\/09\/laurence-tardieu.jpg","jetpack_sharing_enabled":true,"jetpack_shortlink":"https:\/\/wp.me\/p6Un21-7Tw","jetpack-related-posts":[{"id":17558,"url":"https:\/\/smallthings.fr\/lespetitslivres\/2014\/10\/17\/charlotte-david-foenkinos-renaudot\/","url_meta":{"origin":30350,"position":0},"title":"Charlotte : la claque de David Foenkinos &#8211; Prix Renaudot 2014","author":"Claire","date":"17 octobre 2014","format":false,"excerpt":"Charlotte, pour moi, c'est LE livre de la rentr\u00e9e litt\u00e9raire. Si je n'attendais Foenkinos, ni sur la rentr\u00e9e, ni sur ce cr\u00e9neau, je dois dire que j'ai \u00e9t\u00e9 bluff\u00e9e. Charlotte, c'est aussi son livre \u00e0 lui : \"c'est toute [s]a vie\", confesse-t-il. Tous les \u00e9crivains ont un livre \"fant\u00f4me\", celui\u2026","rel":"","context":"Dans &quot;Roman fran\u00e7ais&quot;","block_context":{"text":"Roman fran\u00e7ais","link":"https:\/\/smallthings.fr\/lespetitslivres\/category\/roman\/roman-francais\/"},"img":{"alt_text":"FRANCE-CULTURE-LITERATURE-FOENKINOS","src":"https:\/\/i0.wp.com\/smallthings.fr\/wp-content\/uploads\/2014\/10\/David-Foenkinos.jpg?resize=350%2C200","width":350,"height":200},"classes":[]},{"id":30213,"url":"https:\/\/smallthings.fr\/lespetitslivres\/2016\/08\/24\/beaux-rivages-amour-fondamental-bouraoui\/","url_meta":{"origin":30350,"position":1},"title":"Beaux rivages, l&rsquo;amour fondamental par Nina Bouraoui","author":"Claire","date":"24 ao\u00fbt 2016","format":false,"excerpt":"Beaux rivages est le nouveau roman de Nina Bouraoui, qui para\u00eet aujourd'hui chez JC Latt\u00e8s. Apr\u00e8s notamment le tr\u00e8s remarqu\u00e9\u00a0Gar\u00e7on manqu\u00e9, La Vie heureuse, Mes mauvaises pens\u00e9es (prix Renaudot 2005), elle nous propose un roman sur la rupture amoureuse, ses origines, ses d\u00e9g\u00e2ts, et la vie d'apr\u00e8s. Comme l'indique la\u2026","rel":"","context":"Dans &quot;Rentr\u00e9e litt\u00e9raire&quot;","block_context":{"text":"Rentr\u00e9e litt\u00e9raire","link":"https:\/\/smallthings.fr\/lespetitslivres\/category\/rentree-litteraire\/"},"img":{"alt_text":"","src":"https:\/\/i0.wp.com\/smallthings.fr\/lespetitslivres\/wp-content\/uploads\/2016\/08\/beaux-rivages-bouraoui.jpeg?resize=350%2C200&ssl=1","width":350,"height":200,"srcset":"https:\/\/i0.wp.com\/smallthings.fr\/lespetitslivres\/wp-content\/uploads\/2016\/08\/beaux-rivages-bouraoui.jpeg?resize=350%2C200&ssl=1 1x, https:\/\/i0.wp.com\/smallthings.fr\/lespetitslivres\/wp-content\/uploads\/2016\/08\/beaux-rivages-bouraoui.jpeg?resize=525%2C300&ssl=1 1.5x, https:\/\/i0.wp.com\/smallthings.fr\/lespetitslivres\/wp-content\/uploads\/2016\/08\/beaux-rivages-bouraoui.jpeg?resize=700%2C400&ssl=1 2x"},"classes":[]},{"id":26444,"url":"https:\/\/smallthings.fr\/lespetitslivres\/2015\/08\/24\/la-maladroite-alexandre-seurat-critique\/","url_meta":{"origin":30350,"position":2},"title":"La maladroite, premier roman d&rsquo;Alexandre Seurat","author":"Claire","date":"24 ao\u00fbt 2015","format":false,"excerpt":"La maladroite, premier roman d'Alexandre Seurat, est le bijou inattendu de cette rentr\u00e9e litt\u00e9raire. Paru aux \u00e9ditions du Rouergue le 19 ao\u00fbt, il a d\u00e9j\u00e0 remport\u00e9 le coup de c\u0153ur des magasins Cultura, qui lui assure une belle visibilit\u00e9. Il est \u00e9galement finaliste du Prix Roman Fnac 2015, et on\u2026","rel":"","context":"Dans &quot;Rentr\u00e9e Litt\u00e9raire&quot;","block_context":{"text":"Rentr\u00e9e Litt\u00e9raire","link":"https:\/\/smallthings.fr\/lespetitslivres\/category\/rentree-litteraire-2015\/"},"img":{"alt_text":"","src":"https:\/\/i0.wp.com\/smallthings.fr\/wp-content\/uploads\/2015\/08\/la-maladroite-205x300.jpg?resize=350%2C200","width":350,"height":200},"classes":[]},{"id":26290,"url":"https:\/\/smallthings.fr\/lespetitslivres\/2015\/08\/19\/petits-plats-de-resistance-pujol-critique\/","url_meta":{"origin":30350,"position":3},"title":"Petits plats de r\u00e9sistance : le premier roman de Pascale Pujol","author":"Audrey Ch\u00e8vrefeuille","date":"19 ao\u00fbt 2015","format":false,"excerpt":"Avec Petits plats de r\u00e9sistance, de Pascale Pujol signe l'une des publications les plus originales de cette rentr\u00e9e litt\u00e9raire aux \u00e9ditions du Dilettante. Un premier roman pour cette auteure, qui s\u2019\u00e9tait auparavant essay\u00e9e au recueil de nouvelles en 2014 avec Fragments d\u2019un texto amoureux, publi\u00e9 aux \u00e9ditions Quadrature, un \u00e9diteur\u2026","rel":"","context":"Dans &quot;Rentr\u00e9e Litt\u00e9raire&quot;","block_context":{"text":"Rentr\u00e9e Litt\u00e9raire","link":"https:\/\/smallthings.fr\/lespetitslivres\/category\/rentree-litteraire-2015\/"},"img":{"alt_text":"","src":"https:\/\/i0.wp.com\/smallthings.fr\/wp-content\/uploads\/2015\/08\/petits-plats-de-resistance.jpg?resize=350%2C200","width":350,"height":200},"classes":[]},{"id":31780,"url":"https:\/\/smallthings.fr\/lespetitslivres\/2018\/08\/28\/monsieur-viannet-veronique-le-goaziou\/","url_meta":{"origin":30350,"position":4},"title":"Monsieur Viannet, le roman des laiss\u00e9s pour compte","author":"Victoire Neyraud","date":"28 ao\u00fbt 2018","format":false,"excerpt":"Monsieur Viannet, le dernier roman de la sociologue et romanci\u00e8re V\u00e9ronique Le Goaziou, qui vient de para\u00eetre aux \u00e9ditions La Table Ronde pour la Rentr\u00e9e litt\u00e9raire. Une petite perle qui, d\u00e8s les premiers instants de lecture, nous prend en haleine et nous emporte sans pr\u00e9ambule dans un monde souvent peu\u2026","rel":"","context":"Dans &quot;Roman fran\u00e7ais&quot;","block_context":{"text":"Roman fran\u00e7ais","link":"https:\/\/smallthings.fr\/lespetitslivres\/category\/roman\/roman-francais\/"},"img":{"alt_text":"","src":"https:\/\/i0.wp.com\/smallthings.fr\/lespetitslivres\/wp-content\/uploads\/2018\/08\/monsieur-viannet-couverture-cover.jpg?resize=350%2C200&ssl=1","width":350,"height":200,"srcset":"https:\/\/i0.wp.com\/smallthings.fr\/lespetitslivres\/wp-content\/uploads\/2018\/08\/monsieur-viannet-couverture-cover.jpg?resize=350%2C200&ssl=1 1x, https:\/\/i0.wp.com\/smallthings.fr\/lespetitslivres\/wp-content\/uploads\/2018\/08\/monsieur-viannet-couverture-cover.jpg?resize=525%2C300&ssl=1 1.5x, https:\/\/i0.wp.com\/smallthings.fr\/lespetitslivres\/wp-content\/uploads\/2018\/08\/monsieur-viannet-couverture-cover.jpg?resize=700%2C400&ssl=1 2x"},"classes":[]},{"id":25537,"url":"https:\/\/smallthings.fr\/lespetitslivres\/2015\/08\/21\/ressources-inhumaines-roman-viguier-critique\/","url_meta":{"origin":30350,"position":5},"title":"Ressources inhumaines : premier roman de Fr\u00e9d\u00e9ric Viguier","author":"Claire","date":"21 ao\u00fbt 2015","format":false,"excerpt":"Ressources inhumaines est le premier roman de Fr\u00e9d\u00e9ric Viguier, publi\u00e9 en cette rentr\u00e9e litt\u00e9raire par les \u00e9ditions Albin Michel. L'auteur choisit le th\u00e8me de la vie en entreprise au sein d'un hypermarch\u00e9. Ressources inhumaines nous parle de manipulation, de harc\u00e8lement, mais aussi de ces existences qui ne tournent qu'autour du\u2026","rel":"","context":"Dans &quot;Rentr\u00e9e Litt\u00e9raire&quot;","block_context":{"text":"Rentr\u00e9e Litt\u00e9raire","link":"https:\/\/smallthings.fr\/lespetitslivres\/category\/rentree-litteraire-2015\/"},"img":{"alt_text":"","src":"https:\/\/i0.wp.com\/smallthings.fr\/wp-content\/uploads\/2015\/07\/ressources-inhumaines-viguier.jpg?resize=350%2C200","width":350,"height":200},"classes":[]}],"_links":{"self":[{"href":"https:\/\/smallthings.fr\/lespetitslivres\/wp-json\/wp\/v2\/posts\/30350"}],"collection":[{"href":"https:\/\/smallthings.fr\/lespetitslivres\/wp-json\/wp\/v2\/posts"}],"about":[{"href":"https:\/\/smallthings.fr\/lespetitslivres\/wp-json\/wp\/v2\/types\/post"}],"author":[{"embeddable":true,"href":"https:\/\/smallthings.fr\/lespetitslivres\/wp-json\/wp\/v2\/users\/2"}],"replies":[{"embeddable":true,"href":"https:\/\/smallthings.fr\/lespetitslivres\/wp-json\/wp\/v2\/comments?post=30350"}],"version-history":[{"count":2,"href":"https:\/\/smallthings.fr\/lespetitslivres\/wp-json\/wp\/v2\/posts\/30350\/revisions"}],"predecessor-version":[{"id":30354,"href":"https:\/\/smallthings.fr\/lespetitslivres\/wp-json\/wp\/v2\/posts\/30350\/revisions\/30354"}],"wp:featuredmedia":[{"embeddable":true,"href":"https:\/\/smallthings.fr\/lespetitslivres\/wp-json\/wp\/v2\/media\/30351"}],"wp:attachment":[{"href":"https:\/\/smallthings.fr\/lespetitslivres\/wp-json\/wp\/v2\/media?parent=30350"}],"wp:term":[{"taxonomy":"category","embeddable":true,"href":"https:\/\/smallthings.fr\/lespetitslivres\/wp-json\/wp\/v2\/categories?post=30350"},{"taxonomy":"post_tag","embeddable":true,"href":"https:\/\/smallthings.fr\/lespetitslivres\/wp-json\/wp\/v2\/tags?post=30350"}],"curies":[{"name":"wp","href":"https:\/\/api.w.org\/{rel}","templated":true}]}}