{"id":30305,"date":"2016-09-18T14:00:36","date_gmt":"2016-09-18T13:00:36","guid":{"rendered":"http:\/\/smallthings.fr\/lespetitslivres\/?p=30305"},"modified":"2016-09-17T20:45:03","modified_gmt":"2016-09-17T19:45:03","slug":"devoirs-de-vacances-breau","status":"publish","type":"post","link":"https:\/\/smallthings.fr\/lespetitslivres\/2016\/09\/18\/devoirs-de-vacances-breau\/","title":{"rendered":"Les devoirs de vacances d&rsquo;Ad\u00e8le Br\u00e9au : retenir l\u2019\u00e9t\u00e9"},"content":{"rendered":"<h2><em>Les devoirs de vacances<\/em>, c&rsquo;est le troisi\u00e8me opus de la trilogie \u00e0 succ\u00e8s d\u2019Ad\u00e8le Br\u00e9au publi\u00e9e chez <a href=\"http:\/\/www.editions-jclattes.fr\/les-devoirs-de-vacances-9782709647571\">JC Latt\u00e8s<\/a>. Le premier tome, <i>La cour des grandes<\/i>, a \u00e9t\u00e9 une r\u00e9ussite fulgurante et inattendue, avec plus de 12 000 exemplaires vendus. L\u2019auteur, directrice du site Terra Femina, journaliste, blogueuse, et petite-fille de M\u00e9nie Gr\u00e9goire, y d\u00e9peignait les tourments et bonheurs de quatre femmes actives, copines pour la vie, faisant face aux \u00e9preuves d\u2019une ann\u00e9e riche en changements. On retrouve avec plaisir Lucie, Alice, Mathilde et Eva dans ce nouveau tome.<\/h2>\n<p>Le livre s\u2019ouvre en juillet, Paris se d\u00e9peuple, les vacances commencent ! Tout a chang\u00e9 pour nos quatre amies. Alice est devenue la vedette d\u2019une \u00e9mission de t\u00e9l\u00e9 culinaire, et elle coule le parfait amour avec son patron chef-cuisinier, un b\u00e9b\u00e9 viendra bient\u00f4t compl\u00e9ter ce bonheur parfait. Mathilde a retrouv\u00e9 sa libert\u00e9 apr\u00e8s s\u2019\u00eatre s\u00e9par\u00e9e de Max. Elle en profite pour papillonner sans s\u2019attacher, tout en g\u00e2tant les deux hommes de sa vie, ses fils. Lucie joue toujours l\u2019\u00e9pouse mod\u00e8le, menant \u00e0 la baguette sa famille aux airs de contes de f\u00e9es : trois petites filles sages comme des images, un mari beau et riche, un grand appartement parisien, une boutique de v\u00eatements pour enfants \u00e0 succ\u00e8s. Quant \u00e0 Eva, elle a accouch\u00e9 de l\u2019enfant tant attendu mais elle s\u2019est s\u00e9par\u00e9e de Vincent au profit du jeune Jacques.<\/p>\n<p><img loading=\"lazy\" decoding=\"async\" data-attachment-id=\"30306\" data-permalink=\"https:\/\/smallthings.fr\/lespetitslivres\/2016\/09\/18\/devoirs-de-vacances-breau\/devoirs-de-vacances\/\" data-orig-file=\"https:\/\/smallthings.fr\/lespetitslivres\/wp-content\/uploads\/2016\/09\/devoirs-de-vacances.jpeg\" data-orig-size=\"300,480\" data-comments-opened=\"1\" data-image-meta=\"{&quot;aperture&quot;:&quot;0&quot;,&quot;credit&quot;:&quot;&quot;,&quot;camera&quot;:&quot;&quot;,&quot;caption&quot;:&quot;&quot;,&quot;created_timestamp&quot;:&quot;0&quot;,&quot;copyright&quot;:&quot;&quot;,&quot;focal_length&quot;:&quot;0&quot;,&quot;iso&quot;:&quot;0&quot;,&quot;shutter_speed&quot;:&quot;0&quot;,&quot;title&quot;:&quot;&quot;,&quot;orientation&quot;:&quot;0&quot;}\" data-image-title=\"devoirs-de-vacances\" data-image-description=\"\" data-image-caption=\"\" data-medium-file=\"https:\/\/smallthings.fr\/lespetitslivres\/wp-content\/uploads\/2016\/09\/devoirs-de-vacances-188x300.jpeg\" data-large-file=\"https:\/\/smallthings.fr\/lespetitslivres\/wp-content\/uploads\/2016\/09\/devoirs-de-vacances.jpeg\" class=\"alignleft  wp-image-30306\" src=\"http:\/\/smallthings.fr\/lespetitslivres\/wp-content\/uploads\/2016\/09\/devoirs-de-vacances.jpeg\" alt=\"devoirs-de-vacances\" width=\"271\" height=\"434\" srcset=\"https:\/\/smallthings.fr\/lespetitslivres\/wp-content\/uploads\/2016\/09\/devoirs-de-vacances.jpeg 300w, https:\/\/smallthings.fr\/lespetitslivres\/wp-content\/uploads\/2016\/09\/devoirs-de-vacances-188x300.jpeg 188w\" sizes=\"(max-width: 271px) 100vw, 271px\" \/>L\u2019\u00e9t\u00e9 est l\u2019occasion pour tous de s\u2019inviter en vacances, de se croiser, se retrouver, se r\u00e9v\u00e9ler. Les situations ne sont pas si simples qu\u2019on le pense. Christophe, le mari de Lucie, s\u2019est lanc\u00e9 dans sa propre entreprise, s\u2019alliant avec Jacques ainsi qu\u2019avec son s\u00e9duisant coach Raph. Il ne met pas seulement sa situation financi\u00e8re en p\u00e9ril, mais aussi son couple\u2026 On trouve de la profondeur \u00e0 certains personnages qui entrent enfin dans la lumi\u00e8re. C\u2019est le cas de Laura, la fille d\u2019Alice, qui d\u00e9couvre \u00e0 15 ans les douceurs de l\u2019amour entre les bras de son prof de piano. Ou de Raph le coach sportif plus fin qu\u2019on ne s\u2019y attend. Non sans rappeler le film <i>Les Petits Mouchoirs, <\/i>les destins de tous vont s\u2019unir \u00e0 l\u2019occasion de la mort d\u2019un des membres de la troupe\u2026<\/p>\n<p>On met un peu de temps \u00e0 se remettre en t\u00eate les pr\u00e9noms et les histoires de chacun, malgr\u00e9 l\u2019aide bienvenue du petit lexique en ouverture des <em>Devoirs de vacances<\/em>. Cependant, <strong>quel plaisir de retrouver ces personnages qui nous ont tant marqu\u00e9s !<\/strong> <em>Devoirs de vacances<\/em> est l\u2019\u00e9pilogue dont l\u2019on r\u00eave \u00e0 la fin d\u2019une histoire que l\u2019on a appr\u00e9ci\u00e9e : que deviennent-ils apr\u00e8s ? S\u2019aimeront-ils toujours ? Comment s\u2019appelleront leurs enfants ? Des questions plus ou moins fascinantes auxquelles l\u2019auteur r\u00e9pond, tout en en suscitant de nouvelles. La lecture de ce livre ne s\u2019apparente pas \u00e0 des devoirs de vacances, dont on remplit trois pages avant d\u2019aller courir sur la plage avec ses cousins, c\u2019est <strong>un vrai plaisir de lecture<\/strong>, on le d\u00e9vore et on se retrouve d\u00e9sol\u00e9 qu\u2019il soit d\u00e9j\u00e0 fini. <strong>Les rires, l\u2019\u00e9motion, tout est au rendez-vous, avec cette touche de r\u00e9alisme qui est vraiment la marque de fabrique de l\u2019auteur<\/strong>. On se retrouve dans les personnages, on croit les conna\u00eetre, on les aime jusque dans leurs faiblesses, qui les rendent humains. Seul b\u00e9mol, des co\u00efncidences un peu tir\u00e9es par les cheveux : soit, Paris est tout petit, mais de l\u00e0 \u00e0 ce que tous les personnages soient li\u00e9s les uns aux autres\u2026 ce n\u2019\u00e9tait pas une n\u00e9cessit\u00e9.<\/p>\n<div id=\"attachment_30307\" style=\"width: 235px\" class=\"wp-caption alignright\"><img loading=\"lazy\" decoding=\"async\" aria-describedby=\"caption-attachment-30307\" data-attachment-id=\"30307\" data-permalink=\"https:\/\/smallthings.fr\/lespetitslivres\/2016\/09\/18\/devoirs-de-vacances-breau\/adele-breau-devoirs\/\" data-orig-file=\"https:\/\/smallthings.fr\/lespetitslivres\/wp-content\/uploads\/2016\/09\/adele-breau-devoirs.jpg\" data-orig-size=\"238,357\" data-comments-opened=\"1\" data-image-meta=\"{&quot;aperture&quot;:&quot;0&quot;,&quot;credit&quot;:&quot;&quot;,&quot;camera&quot;:&quot;&quot;,&quot;caption&quot;:&quot;&quot;,&quot;created_timestamp&quot;:&quot;0&quot;,&quot;copyright&quot;:&quot;&quot;,&quot;focal_length&quot;:&quot;0&quot;,&quot;iso&quot;:&quot;0&quot;,&quot;shutter_speed&quot;:&quot;0&quot;,&quot;title&quot;:&quot;&quot;,&quot;orientation&quot;:&quot;0&quot;}\" data-image-title=\"adele-breau-devoirs\" data-image-description=\"\" data-image-caption=\"&lt;p&gt;Ad\u00e8le Br\u00e9au&lt;\/p&gt;\n\" data-medium-file=\"https:\/\/smallthings.fr\/lespetitslivres\/wp-content\/uploads\/2016\/09\/adele-breau-devoirs-200x300.jpg\" data-large-file=\"https:\/\/smallthings.fr\/lespetitslivres\/wp-content\/uploads\/2016\/09\/adele-breau-devoirs.jpg\" class=\" wp-image-30307\" src=\"http:\/\/smallthings.fr\/lespetitslivres\/wp-content\/uploads\/2016\/09\/adele-breau-devoirs.jpg\" alt=\"Ad\u00e8le Br\u00e9au\" width=\"225\" height=\"338\" srcset=\"https:\/\/smallthings.fr\/lespetitslivres\/wp-content\/uploads\/2016\/09\/adele-breau-devoirs.jpg 238w, https:\/\/smallthings.fr\/lespetitslivres\/wp-content\/uploads\/2016\/09\/adele-breau-devoirs-200x300.jpg 200w\" sizes=\"(max-width: 225px) 100vw, 225px\" \/><p id=\"caption-attachment-30307\" class=\"wp-caption-text\">Ad\u00e8le Br\u00e9au<\/p><\/div>\n<p>En d\u00e9finitive, <strong>une trilogie \u00e0 d\u00e9couvrir<\/strong> (on peut faire l\u2019impasse sur <i>Les jeux de gar\u00e7ons<\/i> qui est une r\u00e9p\u00e9tition en plus fade du premier tome), pour se r\u00e9chauffer au souvenir du soleil de l\u2019\u00e9t\u00e9, des verres en terrasses et des rires entre amis.<\/p>\n<blockquote><p>Mathilde et Lucie la suivirent, ravies de ce conciliabule improvis\u00e9 qui leur rappelait leurs quinze ans lorsque, en voyage en Angleterre ou en vacances au bord de la mer, elles passaient des heures \u00e0 analyser les comportements masculins de leurs flirts du moment, notant avec fr\u00e9n\u00e9sie sur des feuilles de papier quadrill\u00e9es des informations qui leur permettraient, peut-\u00eatre, de conclure leurs enqu\u00eates qui la plupart du temps ne d\u00e9bouchaient sur rien. C\u2019\u00e9tait l\u2019\u00e9poque o\u00f9 les mails, les t\u00e9l\u00e9phones portables et les r\u00e9seaux sociaux n\u2019avaient pas encore investis les rapports amoureux, lesquels se r\u00e9v\u00e9laient d\u00e9j\u00e0 bien compliqu\u00e9s, du moins dans leurs cas personnels.<\/p><\/blockquote>\n","protected":false},"excerpt":{"rendered":"<p>Les devoirs de vacances, c&rsquo;est le troisi\u00e8me opus de la trilogie \u00e0 succ\u00e8s d\u2019Ad\u00e8le Br\u00e9au publi\u00e9e chez JC Latt\u00e8s. Le premier tome, La cour des grandes, a \u00e9t\u00e9 une r\u00e9ussite fulgurante et inattendue, avec plus de 12 000 exemplaires vendus. L\u2019auteur, directrice du site Terra Femina, journaliste, blogueuse, et petite-fille de M\u00e9nie Gr\u00e9goire, y d\u00e9peignait<\/p>\n","protected":false},"author":8,"featured_media":30308,"comment_status":"open","ping_status":"open","sticky":false,"template":"","format":"standard","meta":{"jetpack_post_was_ever_published":false,"_jetpack_newsletter_access":"","_jetpack_newsletter_tier_id":0,"footnotes":"","jetpack_publicize_message":"","jetpack_is_tweetstorm":false,"jetpack_publicize_feature_enabled":true,"jetpack_social_post_already_shared":true,"jetpack_social_options":{"image_generator_settings":{"template":"highway","enabled":false}}},"categories":[1117],"tags":[756,1519,768,54],"jetpack_publicize_connections":[],"yoast_head":"<!-- This site is optimized with the Yoast SEO plugin v21.5 - https:\/\/yoast.com\/wordpress\/plugins\/seo\/ -->\n<title>Les devoirs de vacances d&#039;Ad\u00e8le Br\u00e9au : retenir l\u2019\u00e9t\u00e9<\/title>\n<meta name=\"description\" content=\"Les devoirs de vacances, c&#039;est le troisi\u00e8me opus de la trilogie \u00e0 succ\u00e8s d\u2019Ad\u00e8le Br\u00e9au publi\u00e9e chez JC Latt\u00e8s. Le premier tome, La cour des grandes, a \u00e9t\u00e9\" \/>\n<meta name=\"robots\" content=\"index, follow, max-snippet:-1, max-image-preview:large, max-video-preview:-1\" \/>\n<link rel=\"canonical\" href=\"https:\/\/smallthings.fr\/lespetitslivres\/2016\/09\/18\/devoirs-de-vacances-breau\/\" \/>\n<meta property=\"og:locale\" content=\"fr_FR\" \/>\n<meta property=\"og:type\" content=\"article\" \/>\n<meta property=\"og:title\" content=\"Les devoirs de vacances d&#039;Ad\u00e8le Br\u00e9au : retenir l\u2019\u00e9t\u00e9\" \/>\n<meta property=\"og:description\" content=\"Les devoirs de vacances, c&#039;est le troisi\u00e8me opus de la trilogie \u00e0 succ\u00e8s d\u2019Ad\u00e8le Br\u00e9au publi\u00e9e chez JC Latt\u00e8s. Le premier tome, La cour des grandes, a \u00e9t\u00e9\" \/>\n<meta property=\"og:url\" content=\"https:\/\/smallthings.fr\/lespetitslivres\/2016\/09\/18\/devoirs-de-vacances-breau\/\" \/>\n<meta property=\"og:site_name\" content=\"Les Petits Livres\" \/>\n<meta property=\"article:published_time\" content=\"2016-09-18T13:00:36+00:00\" \/>\n<meta property=\"article:modified_time\" content=\"2016-09-17T19:45:03+00:00\" \/>\n<meta property=\"og:image\" content=\"https:\/\/i0.wp.com\/smallthings.fr\/lespetitslivres\/wp-content\/uploads\/2016\/09\/devoirs-vacances-couv.jpg?fit=1448%2C577&ssl=1\" \/>\n\t<meta property=\"og:image:width\" content=\"1448\" \/>\n\t<meta property=\"og:image:height\" content=\"577\" \/>\n\t<meta property=\"og:image:type\" content=\"image\/jpeg\" \/>\n<meta name=\"author\" content=\"Lola\" \/>\n<meta name=\"twitter:card\" content=\"summary_large_image\" \/>\n<meta name=\"twitter:label1\" content=\"\u00c9crit par\" \/>\n\t<meta name=\"twitter:data1\" content=\"Lola\" \/>\n\t<meta name=\"twitter:label2\" content=\"Dur\u00e9e de lecture estim\u00e9e\" \/>\n\t<meta name=\"twitter:data2\" content=\"4 minutes\" \/>\n<script type=\"application\/ld+json\" class=\"yoast-schema-graph\">{\"@context\":\"https:\/\/schema.org\",\"@graph\":[{\"@type\":\"WebPage\",\"@id\":\"https:\/\/smallthings.fr\/lespetitslivres\/2016\/09\/18\/devoirs-de-vacances-breau\/\",\"url\":\"https:\/\/smallthings.fr\/lespetitslivres\/2016\/09\/18\/devoirs-de-vacances-breau\/\",\"name\":\"Les devoirs de vacances d'Ad\u00e8le Br\u00e9au : retenir l\u2019\u00e9t\u00e9\",\"isPartOf\":{\"@id\":\"https:\/\/smallthings.fr\/lespetitslivres\/#website\"},\"datePublished\":\"2016-09-18T13:00:36+00:00\",\"dateModified\":\"2016-09-17T19:45:03+00:00\",\"author\":{\"@id\":\"https:\/\/smallthings.fr\/lespetitslivres\/#\/schema\/person\/2740f045446c63eaf59a094edb250075\"},\"description\":\"Les devoirs de vacances, c'est le troisi\u00e8me opus de la trilogie \u00e0 succ\u00e8s d\u2019Ad\u00e8le Br\u00e9au publi\u00e9e chez JC Latt\u00e8s. Le premier tome, La cour des grandes, a \u00e9t\u00e9\",\"breadcrumb\":{\"@id\":\"https:\/\/smallthings.fr\/lespetitslivres\/2016\/09\/18\/devoirs-de-vacances-breau\/#breadcrumb\"},\"inLanguage\":\"fr-FR\",\"potentialAction\":[{\"@type\":\"ReadAction\",\"target\":[\"https:\/\/smallthings.fr\/lespetitslivres\/2016\/09\/18\/devoirs-de-vacances-breau\/\"]}]},{\"@type\":\"BreadcrumbList\",\"@id\":\"https:\/\/smallthings.fr\/lespetitslivres\/2016\/09\/18\/devoirs-de-vacances-breau\/#breadcrumb\",\"itemListElement\":[{\"@type\":\"ListItem\",\"position\":1,\"name\":\"Accueil\",\"item\":\"https:\/\/smallthings.fr\/lespetitslivres\/\"},{\"@type\":\"ListItem\",\"position\":2,\"name\":\"Les devoirs de vacances d&rsquo;Ad\u00e8le Br\u00e9au : retenir l\u2019\u00e9t\u00e9\"}]},{\"@type\":\"WebSite\",\"@id\":\"https:\/\/smallthings.fr\/lespetitslivres\/#website\",\"url\":\"https:\/\/smallthings.fr\/lespetitslivres\/\",\"name\":\"Les Petits Livres\",\"description\":\"by Small Things\",\"potentialAction\":[{\"@type\":\"SearchAction\",\"target\":{\"@type\":\"EntryPoint\",\"urlTemplate\":\"https:\/\/smallthings.fr\/lespetitslivres\/?s={search_term_string}\"},\"query-input\":\"required name=search_term_string\"}],\"inLanguage\":\"fr-FR\"},{\"@type\":\"Person\",\"@id\":\"https:\/\/smallthings.fr\/lespetitslivres\/#\/schema\/person\/2740f045446c63eaf59a094edb250075\",\"name\":\"Lola\",\"image\":{\"@type\":\"ImageObject\",\"inLanguage\":\"fr-FR\",\"@id\":\"https:\/\/smallthings.fr\/lespetitslivres\/#\/schema\/person\/image\/\",\"url\":\"https:\/\/secure.gravatar.com\/avatar\/50696b3ff10b9a1738ec34c08424583c?s=96&d=retro&r=g\",\"contentUrl\":\"https:\/\/secure.gravatar.com\/avatar\/50696b3ff10b9a1738ec34c08424583c?s=96&d=retro&r=g\",\"caption\":\"Lola\"},\"url\":\"https:\/\/smallthings.fr\/lespetitslivres\/author\/lola\/\"}]}<\/script>\n<!-- \/ Yoast SEO plugin. -->","yoast_head_json":{"title":"Les devoirs de vacances d'Ad\u00e8le Br\u00e9au : retenir l\u2019\u00e9t\u00e9","description":"Les devoirs de vacances, c'est le troisi\u00e8me opus de la trilogie \u00e0 succ\u00e8s d\u2019Ad\u00e8le Br\u00e9au publi\u00e9e chez JC Latt\u00e8s. Le premier tome, La cour des grandes, a \u00e9t\u00e9","robots":{"index":"index","follow":"follow","max-snippet":"max-snippet:-1","max-image-preview":"max-image-preview:large","max-video-preview":"max-video-preview:-1"},"canonical":"https:\/\/smallthings.fr\/lespetitslivres\/2016\/09\/18\/devoirs-de-vacances-breau\/","og_locale":"fr_FR","og_type":"article","og_title":"Les devoirs de vacances d'Ad\u00e8le Br\u00e9au : retenir l\u2019\u00e9t\u00e9","og_description":"Les devoirs de vacances, c'est le troisi\u00e8me opus de la trilogie \u00e0 succ\u00e8s d\u2019Ad\u00e8le Br\u00e9au publi\u00e9e chez JC Latt\u00e8s. Le premier tome, La cour des grandes, a \u00e9t\u00e9","og_url":"https:\/\/smallthings.fr\/lespetitslivres\/2016\/09\/18\/devoirs-de-vacances-breau\/","og_site_name":"Les Petits Livres","article_published_time":"2016-09-18T13:00:36+00:00","article_modified_time":"2016-09-17T19:45:03+00:00","og_image":[{"width":1448,"height":577,"url":"https:\/\/i0.wp.com\/smallthings.fr\/lespetitslivres\/wp-content\/uploads\/2016\/09\/devoirs-vacances-couv.jpg?fit=1448%2C577&ssl=1","type":"image\/jpeg"}],"author":"Lola","twitter_card":"summary_large_image","twitter_misc":{"\u00c9crit par":"Lola","Dur\u00e9e de lecture estim\u00e9e":"4 minutes"},"schema":{"@context":"https:\/\/schema.org","@graph":[{"@type":"WebPage","@id":"https:\/\/smallthings.fr\/lespetitslivres\/2016\/09\/18\/devoirs-de-vacances-breau\/","url":"https:\/\/smallthings.fr\/lespetitslivres\/2016\/09\/18\/devoirs-de-vacances-breau\/","name":"Les devoirs de vacances d'Ad\u00e8le Br\u00e9au : retenir l\u2019\u00e9t\u00e9","isPartOf":{"@id":"https:\/\/smallthings.fr\/lespetitslivres\/#website"},"datePublished":"2016-09-18T13:00:36+00:00","dateModified":"2016-09-17T19:45:03+00:00","author":{"@id":"https:\/\/smallthings.fr\/lespetitslivres\/#\/schema\/person\/2740f045446c63eaf59a094edb250075"},"description":"Les devoirs de vacances, c'est le troisi\u00e8me opus de la trilogie \u00e0 succ\u00e8s d\u2019Ad\u00e8le Br\u00e9au publi\u00e9e chez JC Latt\u00e8s. Le premier tome, La cour des grandes, a \u00e9t\u00e9","breadcrumb":{"@id":"https:\/\/smallthings.fr\/lespetitslivres\/2016\/09\/18\/devoirs-de-vacances-breau\/#breadcrumb"},"inLanguage":"fr-FR","potentialAction":[{"@type":"ReadAction","target":["https:\/\/smallthings.fr\/lespetitslivres\/2016\/09\/18\/devoirs-de-vacances-breau\/"]}]},{"@type":"BreadcrumbList","@id":"https:\/\/smallthings.fr\/lespetitslivres\/2016\/09\/18\/devoirs-de-vacances-breau\/#breadcrumb","itemListElement":[{"@type":"ListItem","position":1,"name":"Accueil","item":"https:\/\/smallthings.fr\/lespetitslivres\/"},{"@type":"ListItem","position":2,"name":"Les devoirs de vacances d&rsquo;Ad\u00e8le Br\u00e9au : retenir l\u2019\u00e9t\u00e9"}]},{"@type":"WebSite","@id":"https:\/\/smallthings.fr\/lespetitslivres\/#website","url":"https:\/\/smallthings.fr\/lespetitslivres\/","name":"Les Petits Livres","description":"by Small Things","potentialAction":[{"@type":"SearchAction","target":{"@type":"EntryPoint","urlTemplate":"https:\/\/smallthings.fr\/lespetitslivres\/?s={search_term_string}"},"query-input":"required name=search_term_string"}],"inLanguage":"fr-FR"},{"@type":"Person","@id":"https:\/\/smallthings.fr\/lespetitslivres\/#\/schema\/person\/2740f045446c63eaf59a094edb250075","name":"Lola","image":{"@type":"ImageObject","inLanguage":"fr-FR","@id":"https:\/\/smallthings.fr\/lespetitslivres\/#\/schema\/person\/image\/","url":"https:\/\/secure.gravatar.com\/avatar\/50696b3ff10b9a1738ec34c08424583c?s=96&d=retro&r=g","contentUrl":"https:\/\/secure.gravatar.com\/avatar\/50696b3ff10b9a1738ec34c08424583c?s=96&d=retro&r=g","caption":"Lola"},"url":"https:\/\/smallthings.fr\/lespetitslivres\/author\/lola\/"}]}},"jetpack_featured_media_url":"https:\/\/smallthings.fr\/lespetitslivres\/wp-content\/uploads\/2016\/09\/devoirs-vacances-couv.jpg","jetpack_sharing_enabled":true,"jetpack_shortlink":"https:\/\/wp.me\/p6Un21-7SN","jetpack-related-posts":[{"id":23066,"url":"https:\/\/smallthings.fr\/lespetitslivres\/2015\/05\/04\/quatre-saisons-de-l-ete-delacourt-avis\/","url_meta":{"origin":30305,"position":0},"title":"Les quatre saisons de l&rsquo;\u00e9t\u00e9, concerto de Gr\u00e9goire Delacourt","author":"Claire","date":"4 mai 2015","format":false,"excerpt":"Les quatre saisons de l'\u00e9t\u00e9, nouveau roman de Gr\u00e9goire Delacourt, vient de sortir chez JC Latt\u00e8s. Quelques mois seulement apr\u00e8s le percutant On ne voyait que le bonheur (critique ici) qu'il nous avait propos\u00e9 \u00e0 la rentr\u00e9e litt\u00e9raire. Amatrice tardive du travail de Delacourt, ses premiers romans, les plus connus,\u2026","rel":"","context":"Dans &quot;Roman fran\u00e7ais&quot;","block_context":{"text":"Roman fran\u00e7ais","link":"https:\/\/smallthings.fr\/lespetitslivres\/category\/roman\/roman-francais\/"},"img":{"alt_text":"","src":"https:\/\/i0.wp.com\/smallthings.fr\/wp-content\/uploads\/2015\/05\/quatre-saisons-de-l-ete.jpg?resize=350%2C200","width":350,"height":200},"classes":[]},{"id":24233,"url":"https:\/\/smallthings.fr\/lespetitslivres\/2015\/06\/10\/jeux-de-garcons-adele-breau-critique\/","url_meta":{"origin":30305,"position":1},"title":"Les jeux de gar\u00e7ons &#8211; saison 2 de la s\u00e9rie d&rsquo;Ad\u00e8le Br\u00e9au","author":"Claire","date":"10 juin 2015","format":false,"excerpt":"On avait ador\u00e9 La cour des grandes paru en avril. Sans plus attendre, les \u00e9ditions JC Latt\u00e8s nous proposent Les jeux de gar\u00e7ons : le deuxi\u00e8me tome, ou plut\u00f4t la deuxi\u00e8me saison. M\u00eame si j'ai un peu moins adh\u00e9r\u00e9 au second qu'au premier tome, la s\u00e9rie d'Ad\u00e8le Br\u00e9au reste ma\u2026","rel":"","context":"Dans &quot;Roman fran\u00e7ais&quot;","block_context":{"text":"Roman fran\u00e7ais","link":"https:\/\/smallthings.fr\/lespetitslivres\/category\/roman\/roman-francais\/"},"img":{"alt_text":"","src":"","width":0,"height":0},"classes":[]},{"id":29448,"url":"https:\/\/smallthings.fr\/lespetitslivres\/2016\/01\/31\/did-i-mention-i-love-you-maskame\/","url_meta":{"origin":30305,"position":2},"title":"Did I Mention I Love You d\u2019Estelle Maskame : la s\u00e9rie ph\u00e9nom\u00e8ne","author":"Jennifer","date":"31 janvier 2016","format":false,"excerpt":"Did I Mention I Love You\u00a0est le premier tome de la saga ph\u00e9nom\u00e8ne d\u2019Estelle Maskame. Sorti le 7 janvier dernier chez Pocket Jeunesse, ce roman young-adult raconte l\u2019histoire d\u2019Eden, jeune adolescente qui va passer ses vacances d\u2019\u00e9t\u00e9 chez son p\u00e8re \u00e0 Santa Monica. L\u00e0-bas, elle va faire la connaissance de\u2026","rel":"","context":"Dans &quot;Young Adult&quot;","block_context":{"text":"Young Adult","link":"https:\/\/smallthings.fr\/lespetitslivres\/category\/young-adult\/"},"img":{"alt_text":"","src":"https:\/\/i0.wp.com\/smallthings.fr\/lespetitslivres\/wp-content\/uploads\/2016\/01\/did-i-mention-i-love-you-couv.jpg?resize=350%2C200&ssl=1","width":350,"height":200},"classes":[]},{"id":25743,"url":"https:\/\/smallthings.fr\/lespetitslivres\/2015\/07\/25\/les-quatre-filles-du-reverend-latimer-livre-critique\/","url_meta":{"origin":30305,"position":3},"title":"Les Quatre Filles du r\u00e9v\u00e9rend Latimer : \u00e9mancipation et d\u00e9pression","author":"Rebecca","date":"25 juillet 2015","format":false,"excerpt":"Les Quatre Filles du R\u00e9v\u00e9rend Latimer,\u00a0paru aux \u00e9ditions de l\u2019Archipel au mois de juin, est l\u2019\u0153uvre de Colleen McCullough, auteure des\u00a0Oiseaux se cachent pour mourir, saga dramatique adapt\u00e9e de multiples fois, notamment en s\u00e9rie t\u00e9l\u00e9. Or, le grand public conna\u00eet moins ses autres \u0153uvres, \u00e0 l\u2019instar de celle-ci, qui est\u2026","rel":"","context":"Dans &quot;Roman \u00e9tranger&quot;","block_context":{"text":"Roman \u00e9tranger","link":"https:\/\/smallthings.fr\/lespetitslivres\/category\/roman\/roman-etranger\/"},"img":{"alt_text":"","src":"https:\/\/i0.wp.com\/smallthings.fr\/wp-content\/uploads\/2015\/07\/les-quatre-filles-du-reverend-latimer.jpg?resize=350%2C200","width":350,"height":200},"classes":[]},{"id":31134,"url":"https:\/\/smallthings.fr\/lespetitslivres\/2017\/07\/13\/contes-lus-livre-audio-audible\/","url_meta":{"origin":30305,"position":4},"title":"Les contes lus, ou comment occuper les enfants pendant les trajets d&rsquo;\u00e9t\u00e9 !","author":"Claire","date":"13 juillet 2017","format":false,"excerpt":"Les contes lus d\u00e9barquent sur Audible. Les vacances approchent... et avec elles les lonnnngs trajets en voiture, en train, ou autre... Quoi de mieux que des livres audio pour faire passer le temps plus vite ? Et quel bonheur de se replonger d'une autre fa\u00e7on dans ces classiques plein de\u2026","rel":"","context":"Dans &quot;Num\u00e9rique et audio&quot;","block_context":{"text":"Num\u00e9rique et audio","link":"https:\/\/smallthings.fr\/lespetitslivres\/category\/numerique-audio\/"},"img":{"alt_text":"","src":"https:\/\/i0.wp.com\/smallthings.fr\/lespetitslivres\/wp-content\/uploads\/2017\/07\/contes-lus-livre-audio-audible.jpg?resize=350%2C200&ssl=1","width":350,"height":200,"srcset":"https:\/\/i0.wp.com\/smallthings.fr\/lespetitslivres\/wp-content\/uploads\/2017\/07\/contes-lus-livre-audio-audible.jpg?resize=350%2C200&ssl=1 1x, https:\/\/i0.wp.com\/smallthings.fr\/lespetitslivres\/wp-content\/uploads\/2017\/07\/contes-lus-livre-audio-audible.jpg?resize=525%2C300&ssl=1 1.5x, https:\/\/i0.wp.com\/smallthings.fr\/lespetitslivres\/wp-content\/uploads\/2017\/07\/contes-lus-livre-audio-audible.jpg?resize=700%2C400&ssl=1 2x, https:\/\/i0.wp.com\/smallthings.fr\/lespetitslivres\/wp-content\/uploads\/2017\/07\/contes-lus-livre-audio-audible.jpg?resize=1050%2C600&ssl=1 3x"},"classes":[]},{"id":29395,"url":"https:\/\/smallthings.fr\/lespetitslivres\/2016\/01\/13\/vie-inachevee-addison-stone-avis\/","url_meta":{"origin":30305,"position":5},"title":"La vie inachev\u00e9e d\u2019Addison Stone, entre fiction et r\u00e9alit\u00e9","author":"Jennifer","date":"13 janvier 2016","format":false,"excerpt":"La vie inachev\u00e9e d\u2019Addison Stone est un roman young-adult d'Adele Griffin paru le 21 octobre 2015 aux \u00e9ditions Castelmore. L\u2019auteure se fait passer pour un professeur qui va se lancer dans le journaliste et \u00e9crire un livre sur la vie d\u2019Addison Stone, une jeune prodige de la peinture d\u00e9c\u00e9d\u00e9e pr\u00e9matur\u00e9ment.\u2026","rel":"","context":"Dans &quot;Actu&quot;","block_context":{"text":"Actu","link":"https:\/\/smallthings.fr\/lespetitslivres\/category\/actu\/"},"img":{"alt_text":"","src":"https:\/\/i0.wp.com\/smallthings.fr\/lespetitslivres\/wp-content\/uploads\/2016\/01\/vie-inachevee-addison-stone-couv.jpg?resize=350%2C200&ssl=1","width":350,"height":200,"srcset":"https:\/\/i0.wp.com\/smallthings.fr\/lespetitslivres\/wp-content\/uploads\/2016\/01\/vie-inachevee-addison-stone-couv.jpg?resize=350%2C200&ssl=1 1x, https:\/\/i0.wp.com\/smallthings.fr\/lespetitslivres\/wp-content\/uploads\/2016\/01\/vie-inachevee-addison-stone-couv.jpg?resize=525%2C300&ssl=1 1.5x, https:\/\/i0.wp.com\/smallthings.fr\/lespetitslivres\/wp-content\/uploads\/2016\/01\/vie-inachevee-addison-stone-couv.jpg?resize=700%2C400&ssl=1 2x, https:\/\/i0.wp.com\/smallthings.fr\/lespetitslivres\/wp-content\/uploads\/2016\/01\/vie-inachevee-addison-stone-couv.jpg?resize=1050%2C600&ssl=1 3x, https:\/\/i0.wp.com\/smallthings.fr\/lespetitslivres\/wp-content\/uploads\/2016\/01\/vie-inachevee-addison-stone-couv.jpg?resize=1400%2C800&ssl=1 4x"},"classes":[]}],"_links":{"self":[{"href":"https:\/\/smallthings.fr\/lespetitslivres\/wp-json\/wp\/v2\/posts\/30305"}],"collection":[{"href":"https:\/\/smallthings.fr\/lespetitslivres\/wp-json\/wp\/v2\/posts"}],"about":[{"href":"https:\/\/smallthings.fr\/lespetitslivres\/wp-json\/wp\/v2\/types\/post"}],"author":[{"embeddable":true,"href":"https:\/\/smallthings.fr\/lespetitslivres\/wp-json\/wp\/v2\/users\/8"}],"replies":[{"embeddable":true,"href":"https:\/\/smallthings.fr\/lespetitslivres\/wp-json\/wp\/v2\/comments?post=30305"}],"version-history":[{"count":1,"href":"https:\/\/smallthings.fr\/lespetitslivres\/wp-json\/wp\/v2\/posts\/30305\/revisions"}],"predecessor-version":[{"id":30309,"href":"https:\/\/smallthings.fr\/lespetitslivres\/wp-json\/wp\/v2\/posts\/30305\/revisions\/30309"}],"wp:featuredmedia":[{"embeddable":true,"href":"https:\/\/smallthings.fr\/lespetitslivres\/wp-json\/wp\/v2\/media\/30308"}],"wp:attachment":[{"href":"https:\/\/smallthings.fr\/lespetitslivres\/wp-json\/wp\/v2\/media?parent=30305"}],"wp:term":[{"taxonomy":"category","embeddable":true,"href":"https:\/\/smallthings.fr\/lespetitslivres\/wp-json\/wp\/v2\/categories?post=30305"},{"taxonomy":"post_tag","embeddable":true,"href":"https:\/\/smallthings.fr\/lespetitslivres\/wp-json\/wp\/v2\/tags?post=30305"}],"curies":[{"name":"wp","href":"https:\/\/api.w.org\/{rel}","templated":true}]}}