{"id":30292,"date":"2016-09-14T13:09:36","date_gmt":"2016-09-14T12:09:36","guid":{"rendered":"http:\/\/smallthings.fr\/lespetitslivres\/?p=30292"},"modified":"2016-09-14T13:26:47","modified_gmt":"2016-09-14T12:26:47","slug":"garde-corps-virginie-martin","status":"publish","type":"post","link":"https:\/\/smallthings.fr\/lespetitslivres\/2016\/09\/14\/garde-corps-virginie-martin\/","title":{"rendered":"Garde-corps de Virginie Martin : la vie des femmes"},"content":{"rendered":"<h2>\u00c0 l\u2019occasion de la rentr\u00e9e litt\u00e9raire, les \u00e9ditions <a href=\"http:\/\/www.lemieux-editeur.fr\/Garde-corps.html\">Lemieux<\/a> publient <em>Garde-corps<\/em>, le premier roman de la\u00a0chercheure\u00a0et politologue Virginie Martin. Un bref r\u00e9cit situ\u00e9 dans le monde politique, o\u00f9\u00a0affleure l\u2019engagement f\u00e9ministe de l\u2019auteure.<\/h2>\n<p>Gabrielle Clair est une ministre du travail brillante, d\u00e9vou\u00e9e et ambitieuse. Elle \u00e9volue dans un monde d\u2019hommes, o\u00f9 on lui rappelle r\u00e9guli\u00e8rement qu\u2019elle n\u2019est \u00ab\u00a0qu\u2019une femme\u00a0\u00bb, mais elle puise dans le machisme ambiant la force d\u2019aller toujours plus haut, avec beaucoup de cynisme parfois. Sa rage de vaincre lui vient aussi de son enfance, et du viol que lui avait inflig\u00e9 un gar\u00e7on plus \u00e2g\u00e9 qu\u2019elle. Toute l\u2019\u00e9cole l\u2019avait su et quelqu\u2019un avait \u00e9crit en grand \u00ab\u00a0Gabrielle la pute\u00a0\u00bb sur le mur des toilettes du coll\u00e8ge. <strong>C\u2019est pour que Gabrielle la ministre de la R\u00e9publique efface d\u00e9finitivement Gabrielle la pute que l\u2019h\u00e9ro\u00efne a r\u00e9ussi l\u2019ENA et se donne \u00e0 fond dans ses fonctions.<\/strong><\/p>\n<p><img loading=\"lazy\" decoding=\"async\" data-attachment-id=\"30293\" data-permalink=\"https:\/\/smallthings.fr\/lespetitslivres\/2016\/09\/14\/garde-corps-virginie-martin\/garde-corps\/\" data-orig-file=\"https:\/\/smallthings.fr\/lespetitslivres\/wp-content\/uploads\/2016\/09\/garde-corps.jpg\" data-orig-size=\"1052,1600\" data-comments-opened=\"1\" data-image-meta=\"{&quot;aperture&quot;:&quot;0&quot;,&quot;credit&quot;:&quot;&quot;,&quot;camera&quot;:&quot;&quot;,&quot;caption&quot;:&quot;&quot;,&quot;created_timestamp&quot;:&quot;0&quot;,&quot;copyright&quot;:&quot;&quot;,&quot;focal_length&quot;:&quot;0&quot;,&quot;iso&quot;:&quot;0&quot;,&quot;shutter_speed&quot;:&quot;0&quot;,&quot;title&quot;:&quot;&quot;,&quot;orientation&quot;:&quot;0&quot;}\" data-image-title=\"garde-corps\" data-image-description=\"\" data-image-caption=\"\" data-medium-file=\"https:\/\/smallthings.fr\/lespetitslivres\/wp-content\/uploads\/2016\/09\/garde-corps-197x300.jpg\" data-large-file=\"https:\/\/smallthings.fr\/lespetitslivres\/wp-content\/uploads\/2016\/09\/garde-corps-673x1024.jpg\" class=\"alignleft  wp-image-30293\" src=\"http:\/\/smallthings.fr\/lespetitslivres\/wp-content\/uploads\/2016\/09\/garde-corps-673x1024.jpg\" alt=\"garde-corps\" width=\"241\" height=\"367\" srcset=\"https:\/\/smallthings.fr\/lespetitslivres\/wp-content\/uploads\/2016\/09\/garde-corps-673x1024.jpg 673w, https:\/\/smallthings.fr\/lespetitslivres\/wp-content\/uploads\/2016\/09\/garde-corps-197x300.jpg 197w, https:\/\/smallthings.fr\/lespetitslivres\/wp-content\/uploads\/2016\/09\/garde-corps-768x1168.jpg 768w, https:\/\/smallthings.fr\/lespetitslivres\/wp-content\/uploads\/2016\/09\/garde-corps-1010x1536.jpg 1010w, https:\/\/smallthings.fr\/lespetitslivres\/wp-content\/uploads\/2016\/09\/garde-corps.jpg 1052w\" sizes=\"(max-width: 241px) 100vw, 241px\" \/><em>Garde-corps<\/em>, premier roman de Virginie Martin est une succession de chapitres courts, alternant l\u2019histoire de Gabrielle ministre et l\u2019\u00e9vocation de l\u2019enfance et du viol, \u00e9pisode fondateur. Avec ce dispositif, les \u00e9v\u00e9nements importants de la vie du personnage (ceux du pr\u00e9sent comme ceux du pass\u00e9) sont \u00e9voqu\u00e9s avec une concision efficace et l\u2019encha\u00eenement des deux \u00e9poques cr\u00e9e un suspens qui invite \u00e0 tourner les pages pour conna\u00eetre le d\u00e9nouement.<\/p>\n<p><strong>Si la concision est synonyme d\u2019efficacit\u00e9 pour plusieurs sc\u00e8nes de <em>Garde-corps<\/em>, elle est aussi le principal d\u00e9faut du livre<\/strong>. La r\u00e9duction de Gabrielle \u00e0 quelques sc\u00e8nes-cl\u00e9s rapidement bross\u00e9es tisse un lien m\u00e9canique entre le pass\u00e9 traumatique du personnage et sa volont\u00e9 de r\u00e9ussir en tant que ministre\u00a0: l\u2019obsession de l\u2019ascension sociale du personnage s\u2019expliquent enti\u00e8rement, semble-t-il, par le viol qu\u2019elle a subi. \u00c7\u2019aurait pu \u00eatre une histoire complexe et subtile \u2013 ce n\u2019est finalement qu\u2019un r\u00e9cit assez simpliste. On sait qu\u2019avant d\u2019\u00eatre romanci\u00e8re, Virginie Martin est une chercheure travaillant notamment sur le f\u00e9minisme. Son premier roman se ressent tr\u00e8s fort de ses travaux ant\u00e9rieurs. Au lieu de cr\u00e9er, avec le personnage de Gabrielle, un \u00eatre de chair et de sang, dot\u00e9 d\u2019une \u00e9paisseur psychologique, elle la r\u00e9duit \u00e0 quelques traits \u00e9l\u00e9mentaires, charg\u00e9s de porter les th\u00e9ories f\u00e9ministes de l\u2019auteure et de d\u00e9noncer la condition des femmes aujourd\u2019hui.<\/p>\n<p><strong>Un tel message est loin d\u2019\u00eatre n\u00e9gligeable et m\u00e9rite pleinement sa place dans la litt\u00e9rature. Sur le plan des id\u00e9es, <em>Garde-corps<\/em>\u00a0est indispensable<\/strong>. Dommage n\u00e9anmoins qu\u2019elle ait \u00e9chou\u00e9 \u00e0 les incarner d\u2019une mani\u00e8re vraiment convaincante.<\/p>\n","protected":false},"excerpt":{"rendered":"<p>\u00c0 l\u2019occasion de la rentr\u00e9e litt\u00e9raire, les \u00e9ditions Lemieux publient Garde-corps, le premier roman de la\u00a0chercheure\u00a0et politologue Virginie Martin. Un bref r\u00e9cit situ\u00e9 dans le monde politique, o\u00f9\u00a0affleure l\u2019engagement f\u00e9ministe de l\u2019auteure. Gabrielle Clair est une ministre du travail brillante, d\u00e9vou\u00e9e et ambitieuse. Elle \u00e9volue dans un monde d\u2019hommes, o\u00f9 on lui rappelle r\u00e9guli\u00e8rement qu\u2019elle<\/p>\n","protected":false},"author":20,"featured_media":30297,"comment_status":"open","ping_status":"open","sticky":false,"template":"","format":"standard","meta":{"jetpack_post_was_ever_published":false,"_jetpack_newsletter_access":"","_jetpack_newsletter_tier_id":0,"footnotes":"","jetpack_publicize_message":"","jetpack_is_tweetstorm":false,"jetpack_publicize_feature_enabled":true,"jetpack_social_post_already_shared":true,"jetpack_social_options":{"image_generator_settings":{"template":"highway","enabled":false}}},"categories":[1469,1117],"tags":[1515,32,54,1516],"jetpack_publicize_connections":[],"yoast_head":"<!-- This site is optimized with the Yoast SEO plugin v21.5 - https:\/\/yoast.com\/wordpress\/plugins\/seo\/ -->\n<title>Garde-corps de Virginie Martin : la vie des femmes<\/title>\n<meta name=\"description\" content=\"\u00c0 l\u2019occasion de la rentr\u00e9e litt\u00e9raire, les \u00e9ditions Lemieux publient Garde-corps, le premier roman de la chercheure et politologue Virginie Martin.\" \/>\n<meta name=\"robots\" content=\"index, follow, max-snippet:-1, max-image-preview:large, max-video-preview:-1\" \/>\n<link rel=\"canonical\" href=\"https:\/\/smallthings.fr\/lespetitslivres\/2016\/09\/14\/garde-corps-virginie-martin\/\" \/>\n<meta property=\"og:locale\" content=\"fr_FR\" \/>\n<meta property=\"og:type\" content=\"article\" \/>\n<meta property=\"og:title\" content=\"Garde-corps de Virginie Martin : la vie des femmes\" \/>\n<meta property=\"og:description\" content=\"\u00c0 l\u2019occasion de la rentr\u00e9e litt\u00e9raire, les \u00e9ditions Lemieux publient Garde-corps, le premier roman de la chercheure et politologue Virginie Martin.\" \/>\n<meta property=\"og:url\" content=\"https:\/\/smallthings.fr\/lespetitslivres\/2016\/09\/14\/garde-corps-virginie-martin\/\" \/>\n<meta property=\"og:site_name\" content=\"Les Petits Livres\" \/>\n<meta property=\"article:published_time\" content=\"2016-09-14T12:09:36+00:00\" \/>\n<meta property=\"article:modified_time\" content=\"2016-09-14T12:26:47+00:00\" \/>\n<meta property=\"og:image\" content=\"https:\/\/i0.wp.com\/smallthings.fr\/lespetitslivres\/wp-content\/uploads\/2016\/09\/virginie-martin.jpg?fit=800%2C393&ssl=1\" \/>\n\t<meta property=\"og:image:width\" content=\"800\" \/>\n\t<meta property=\"og:image:height\" content=\"393\" \/>\n\t<meta property=\"og:image:type\" content=\"image\/jpeg\" \/>\n<meta name=\"author\" content=\"Diane Norric\" \/>\n<meta name=\"twitter:card\" content=\"summary_large_image\" \/>\n<meta name=\"twitter:label1\" content=\"\u00c9crit par\" \/>\n\t<meta name=\"twitter:data1\" content=\"Diane Norric\" \/>\n\t<meta name=\"twitter:label2\" content=\"Dur\u00e9e de lecture estim\u00e9e\" \/>\n\t<meta name=\"twitter:data2\" content=\"2 minutes\" \/>\n<script type=\"application\/ld+json\" class=\"yoast-schema-graph\">{\"@context\":\"https:\/\/schema.org\",\"@graph\":[{\"@type\":\"WebPage\",\"@id\":\"https:\/\/smallthings.fr\/lespetitslivres\/2016\/09\/14\/garde-corps-virginie-martin\/\",\"url\":\"https:\/\/smallthings.fr\/lespetitslivres\/2016\/09\/14\/garde-corps-virginie-martin\/\",\"name\":\"Garde-corps de Virginie Martin : la vie des femmes\",\"isPartOf\":{\"@id\":\"https:\/\/smallthings.fr\/lespetitslivres\/#website\"},\"datePublished\":\"2016-09-14T12:09:36+00:00\",\"dateModified\":\"2016-09-14T12:26:47+00:00\",\"author\":{\"@id\":\"https:\/\/smallthings.fr\/lespetitslivres\/#\/schema\/person\/d5a53b43d9461a170eb93b0fe68522f3\"},\"description\":\"\u00c0 l\u2019occasion de la rentr\u00e9e litt\u00e9raire, les \u00e9ditions Lemieux publient Garde-corps, le premier roman de la chercheure et politologue Virginie Martin.\",\"breadcrumb\":{\"@id\":\"https:\/\/smallthings.fr\/lespetitslivres\/2016\/09\/14\/garde-corps-virginie-martin\/#breadcrumb\"},\"inLanguage\":\"fr-FR\",\"potentialAction\":[{\"@type\":\"ReadAction\",\"target\":[\"https:\/\/smallthings.fr\/lespetitslivres\/2016\/09\/14\/garde-corps-virginie-martin\/\"]}]},{\"@type\":\"BreadcrumbList\",\"@id\":\"https:\/\/smallthings.fr\/lespetitslivres\/2016\/09\/14\/garde-corps-virginie-martin\/#breadcrumb\",\"itemListElement\":[{\"@type\":\"ListItem\",\"position\":1,\"name\":\"Accueil\",\"item\":\"https:\/\/smallthings.fr\/lespetitslivres\/\"},{\"@type\":\"ListItem\",\"position\":2,\"name\":\"Garde-corps de Virginie Martin : la vie des femmes\"}]},{\"@type\":\"WebSite\",\"@id\":\"https:\/\/smallthings.fr\/lespetitslivres\/#website\",\"url\":\"https:\/\/smallthings.fr\/lespetitslivres\/\",\"name\":\"Les Petits Livres\",\"description\":\"by Small Things\",\"potentialAction\":[{\"@type\":\"SearchAction\",\"target\":{\"@type\":\"EntryPoint\",\"urlTemplate\":\"https:\/\/smallthings.fr\/lespetitslivres\/?s={search_term_string}\"},\"query-input\":\"required name=search_term_string\"}],\"inLanguage\":\"fr-FR\"},{\"@type\":\"Person\",\"@id\":\"https:\/\/smallthings.fr\/lespetitslivres\/#\/schema\/person\/d5a53b43d9461a170eb93b0fe68522f3\",\"name\":\"Diane Norric\",\"image\":{\"@type\":\"ImageObject\",\"inLanguage\":\"fr-FR\",\"@id\":\"https:\/\/smallthings.fr\/lespetitslivres\/#\/schema\/person\/image\/\",\"url\":\"https:\/\/secure.gravatar.com\/avatar\/5ee9f6a30b0c402cbb9d80e9e814f454?s=96&d=retro&r=g\",\"contentUrl\":\"https:\/\/secure.gravatar.com\/avatar\/5ee9f6a30b0c402cbb9d80e9e814f454?s=96&d=retro&r=g\",\"caption\":\"Diane Norric\"},\"url\":\"https:\/\/smallthings.fr\/lespetitslivres\/author\/diane-norric\/\"}]}<\/script>\n<!-- \/ Yoast SEO plugin. -->","yoast_head_json":{"title":"Garde-corps de Virginie Martin : la vie des femmes","description":"\u00c0 l\u2019occasion de la rentr\u00e9e litt\u00e9raire, les \u00e9ditions Lemieux publient Garde-corps, le premier roman de la chercheure et politologue Virginie Martin.","robots":{"index":"index","follow":"follow","max-snippet":"max-snippet:-1","max-image-preview":"max-image-preview:large","max-video-preview":"max-video-preview:-1"},"canonical":"https:\/\/smallthings.fr\/lespetitslivres\/2016\/09\/14\/garde-corps-virginie-martin\/","og_locale":"fr_FR","og_type":"article","og_title":"Garde-corps de Virginie Martin : la vie des femmes","og_description":"\u00c0 l\u2019occasion de la rentr\u00e9e litt\u00e9raire, les \u00e9ditions Lemieux publient Garde-corps, le premier roman de la chercheure et politologue Virginie Martin.","og_url":"https:\/\/smallthings.fr\/lespetitslivres\/2016\/09\/14\/garde-corps-virginie-martin\/","og_site_name":"Les Petits Livres","article_published_time":"2016-09-14T12:09:36+00:00","article_modified_time":"2016-09-14T12:26:47+00:00","og_image":[{"width":800,"height":393,"url":"https:\/\/i0.wp.com\/smallthings.fr\/lespetitslivres\/wp-content\/uploads\/2016\/09\/virginie-martin.jpg?fit=800%2C393&ssl=1","type":"image\/jpeg"}],"author":"Diane Norric","twitter_card":"summary_large_image","twitter_misc":{"\u00c9crit par":"Diane Norric","Dur\u00e9e de lecture estim\u00e9e":"2 minutes"},"schema":{"@context":"https:\/\/schema.org","@graph":[{"@type":"WebPage","@id":"https:\/\/smallthings.fr\/lespetitslivres\/2016\/09\/14\/garde-corps-virginie-martin\/","url":"https:\/\/smallthings.fr\/lespetitslivres\/2016\/09\/14\/garde-corps-virginie-martin\/","name":"Garde-corps de Virginie Martin : la vie des femmes","isPartOf":{"@id":"https:\/\/smallthings.fr\/lespetitslivres\/#website"},"datePublished":"2016-09-14T12:09:36+00:00","dateModified":"2016-09-14T12:26:47+00:00","author":{"@id":"https:\/\/smallthings.fr\/lespetitslivres\/#\/schema\/person\/d5a53b43d9461a170eb93b0fe68522f3"},"description":"\u00c0 l\u2019occasion de la rentr\u00e9e litt\u00e9raire, les \u00e9ditions Lemieux publient Garde-corps, le premier roman de la chercheure et politologue Virginie Martin.","breadcrumb":{"@id":"https:\/\/smallthings.fr\/lespetitslivres\/2016\/09\/14\/garde-corps-virginie-martin\/#breadcrumb"},"inLanguage":"fr-FR","potentialAction":[{"@type":"ReadAction","target":["https:\/\/smallthings.fr\/lespetitslivres\/2016\/09\/14\/garde-corps-virginie-martin\/"]}]},{"@type":"BreadcrumbList","@id":"https:\/\/smallthings.fr\/lespetitslivres\/2016\/09\/14\/garde-corps-virginie-martin\/#breadcrumb","itemListElement":[{"@type":"ListItem","position":1,"name":"Accueil","item":"https:\/\/smallthings.fr\/lespetitslivres\/"},{"@type":"ListItem","position":2,"name":"Garde-corps de Virginie Martin : la vie des femmes"}]},{"@type":"WebSite","@id":"https:\/\/smallthings.fr\/lespetitslivres\/#website","url":"https:\/\/smallthings.fr\/lespetitslivres\/","name":"Les Petits Livres","description":"by Small Things","potentialAction":[{"@type":"SearchAction","target":{"@type":"EntryPoint","urlTemplate":"https:\/\/smallthings.fr\/lespetitslivres\/?s={search_term_string}"},"query-input":"required name=search_term_string"}],"inLanguage":"fr-FR"},{"@type":"Person","@id":"https:\/\/smallthings.fr\/lespetitslivres\/#\/schema\/person\/d5a53b43d9461a170eb93b0fe68522f3","name":"Diane Norric","image":{"@type":"ImageObject","inLanguage":"fr-FR","@id":"https:\/\/smallthings.fr\/lespetitslivres\/#\/schema\/person\/image\/","url":"https:\/\/secure.gravatar.com\/avatar\/5ee9f6a30b0c402cbb9d80e9e814f454?s=96&d=retro&r=g","contentUrl":"https:\/\/secure.gravatar.com\/avatar\/5ee9f6a30b0c402cbb9d80e9e814f454?s=96&d=retro&r=g","caption":"Diane Norric"},"url":"https:\/\/smallthings.fr\/lespetitslivres\/author\/diane-norric\/"}]}},"jetpack_featured_media_url":"https:\/\/smallthings.fr\/lespetitslivres\/wp-content\/uploads\/2016\/09\/virginie-martin.jpg","jetpack_sharing_enabled":true,"jetpack_shortlink":"https:\/\/wp.me\/p6Un21-7SA","jetpack-related-posts":[{"id":7609,"url":"https:\/\/smallthings.fr\/lespetitslivres\/2013\/08\/23\/delphine-bertholon-le-soleil-a-mes-pieds\/","url_meta":{"origin":30292,"position":0},"title":"Delphine Bertholon &#8211; Le soleil \u00e0 mes pieds","author":"Claire","date":"23 ao\u00fbt 2013","format":false,"excerpt":"Continuons notre exploration des sorties de la rentr\u00e9e litt\u00e9raire avec le nouveau roman de Delphine Berthelon qui para\u00eet chez JC Latt\u00e8s.","rel":"","context":"Dans &quot;Roman fran\u00e7ais&quot;","block_context":{"text":"Roman fran\u00e7ais","link":"https:\/\/smallthings.fr\/lespetitslivres\/category\/roman\/roman-francais\/"},"img":{"alt_text":"","src":"","width":0,"height":0},"classes":[]},{"id":26589,"url":"https:\/\/smallthings.fr\/lespetitslivres\/2015\/08\/29\/a-l-enseigne-du-coeur-epris-pigeat-critique\/","url_meta":{"origin":30292,"position":1},"title":"\u00c0 l\u2019enseigne du c\u0153ur \u00e9pris : premier roman de Jean-Fran\u00e7ois Pigeat","author":"Audrey Ch\u00e8vrefeuille","date":"29 ao\u00fbt 2015","format":false,"excerpt":"\u00c0 l\u2019enseigne du c\u0153ur \u00e9pris est le premier roman de Jean-Fran\u00e7ois Pigeat, paru au Dilettante pour la rentr\u00e9e litt\u00e9raire. \u00c0 l\u2019enseigne du c\u0153ur \u00e9pris est l\u2019histoire d\u2019un type. Et d\u2019une femme. La vie les a marqu\u00e9s, le mariage ne leur a pas r\u00e9ussi. Lass\u00e9s du c\u00e9libat mais devenus exigeants par\u2026","rel":"","context":"Dans &quot;Rentr\u00e9e Litt\u00e9raire&quot;","block_context":{"text":"Rentr\u00e9e Litt\u00e9raire","link":"https:\/\/smallthings.fr\/lespetitslivres\/category\/rentree-litteraire-2015\/"},"img":{"alt_text":"","src":"","width":0,"height":0},"classes":[]},{"id":26444,"url":"https:\/\/smallthings.fr\/lespetitslivres\/2015\/08\/24\/la-maladroite-alexandre-seurat-critique\/","url_meta":{"origin":30292,"position":2},"title":"La maladroite, premier roman d&rsquo;Alexandre Seurat","author":"Claire","date":"24 ao\u00fbt 2015","format":false,"excerpt":"La maladroite, premier roman d'Alexandre Seurat, est le bijou inattendu de cette rentr\u00e9e litt\u00e9raire. Paru aux \u00e9ditions du Rouergue le 19 ao\u00fbt, il a d\u00e9j\u00e0 remport\u00e9 le coup de c\u0153ur des magasins Cultura, qui lui assure une belle visibilit\u00e9. Il est \u00e9galement finaliste du Prix Roman Fnac 2015, et on\u2026","rel":"","context":"Dans &quot;Rentr\u00e9e Litt\u00e9raire&quot;","block_context":{"text":"Rentr\u00e9e Litt\u00e9raire","link":"https:\/\/smallthings.fr\/lespetitslivres\/category\/rentree-litteraire-2015\/"},"img":{"alt_text":"","src":"https:\/\/i0.wp.com\/smallthings.fr\/wp-content\/uploads\/2015\/08\/la-maladroite-205x300.jpg?resize=350%2C200","width":350,"height":200},"classes":[]},{"id":30217,"url":"https:\/\/smallthings.fr\/lespetitslivres\/2016\/08\/18\/derniers-feux-sunset-fitzgerald\/","url_meta":{"origin":30292,"position":3},"title":"Derniers feux sur Sunset ou la vie revisit\u00e9e de Francis Scott Fitzgerald","author":"Fanny","date":"18 ao\u00fbt 2016","format":false,"excerpt":"Avec Derniers feux sur Sunset, ce tout nouveau roman \u00e0 para\u00eetre aujourd'hui\u00a0aux \u00e9ditions de l'Olivier, Stewart O'Nan nous plonge dans un Hollywood plus r\u00e9aliste, d\u00e9fra\u00eechi et mit\u00e9, bien loin de celui des \u00e9crans de cin\u00e9ma. Le temps a pass\u00e9, la vie de Francis Scott Fitzgerald aussi. En 1937, Scott se\u2026","rel":"","context":"Dans &quot;Rentr\u00e9e litt\u00e9raire&quot;","block_context":{"text":"Rentr\u00e9e litt\u00e9raire","link":"https:\/\/smallthings.fr\/lespetitslivres\/category\/rentree-litteraire\/"},"img":{"alt_text":"","src":"https:\/\/i0.wp.com\/smallthings.fr\/lespetitslivres\/wp-content\/uploads\/2016\/08\/derniers-feux-sunset-couv.jpg?resize=350%2C200&ssl=1","width":350,"height":200,"srcset":"https:\/\/i0.wp.com\/smallthings.fr\/lespetitslivres\/wp-content\/uploads\/2016\/08\/derniers-feux-sunset-couv.jpg?resize=350%2C200&ssl=1 1x, https:\/\/i0.wp.com\/smallthings.fr\/lespetitslivres\/wp-content\/uploads\/2016\/08\/derniers-feux-sunset-couv.jpg?resize=525%2C300&ssl=1 1.5x, https:\/\/i0.wp.com\/smallthings.fr\/lespetitslivres\/wp-content\/uploads\/2016\/08\/derniers-feux-sunset-couv.jpg?resize=700%2C400&ssl=1 2x, https:\/\/i0.wp.com\/smallthings.fr\/lespetitslivres\/wp-content\/uploads\/2016\/08\/derniers-feux-sunset-couv.jpg?resize=1050%2C600&ssl=1 3x"},"classes":[]},{"id":26315,"url":"https:\/\/smallthings.fr\/lespetitslivres\/2015\/08\/20\/corps-desirable-hubert-haddad-critique\/","url_meta":{"origin":30292,"position":4},"title":"Corps d\u00e9sirable d&rsquo;Hubert Haddad : l&rsquo;humain en question","author":"Cecile","date":"20 ao\u00fbt 2015","format":false,"excerpt":"C'est en cette rentr\u00e9e litt\u00e9raire que les \u00e9ditions Zulma ont choisi de publier Corps d\u00e9sirable, le nouveau roman d'Hubert Haddad, romancier, historien d'art et essayiste fran\u00e7ais d'origine tunisienne. La premi\u00e8re chose qui frappe, lorsqu\u2019on ouvre le livre, c\u2019est la volubilit\u00e9 de la prose. Ces mots qui s\u2019accumulent, s\u2019entrechoquent presque dans\u2026","rel":"","context":"Dans &quot;Rentr\u00e9e Litt\u00e9raire&quot;","block_context":{"text":"Rentr\u00e9e Litt\u00e9raire","link":"https:\/\/smallthings.fr\/lespetitslivres\/category\/rentree-litteraire-2015\/"},"img":{"alt_text":"","src":"https:\/\/i0.wp.com\/smallthings.fr\/wp-content\/uploads\/2015\/08\/haddad-corps-desirable.jpg?resize=350%2C200","width":350,"height":200},"classes":[]},{"id":2745,"url":"https:\/\/smallthings.fr\/lespetitslivres\/2012\/10\/28\/barbe-bleue-amelie-nothomb\/","url_meta":{"origin":30292,"position":5},"title":"Barbe bleue &#8211; Am\u00e9lie Nothomb","author":"Claire","date":"28 octobre 2012","format":false,"excerpt":"Critique du nouveau roman d'Am\u00e9lie Nothomb, Barbe bleue paru chez Albin Michel pour la Rentr\u00e9e litt\u00e9raire 2012 !","rel":"","context":"Dans &quot;Roman fran\u00e7ais&quot;","block_context":{"text":"Roman fran\u00e7ais","link":"https:\/\/smallthings.fr\/lespetitslivres\/category\/roman\/roman-francais\/"},"img":{"alt_text":"","src":"","width":0,"height":0},"classes":[]}],"_links":{"self":[{"href":"https:\/\/smallthings.fr\/lespetitslivres\/wp-json\/wp\/v2\/posts\/30292"}],"collection":[{"href":"https:\/\/smallthings.fr\/lespetitslivres\/wp-json\/wp\/v2\/posts"}],"about":[{"href":"https:\/\/smallthings.fr\/lespetitslivres\/wp-json\/wp\/v2\/types\/post"}],"author":[{"embeddable":true,"href":"https:\/\/smallthings.fr\/lespetitslivres\/wp-json\/wp\/v2\/users\/20"}],"replies":[{"embeddable":true,"href":"https:\/\/smallthings.fr\/lespetitslivres\/wp-json\/wp\/v2\/comments?post=30292"}],"version-history":[{"count":3,"href":"https:\/\/smallthings.fr\/lespetitslivres\/wp-json\/wp\/v2\/posts\/30292\/revisions"}],"predecessor-version":[{"id":30299,"href":"https:\/\/smallthings.fr\/lespetitslivres\/wp-json\/wp\/v2\/posts\/30292\/revisions\/30299"}],"wp:featuredmedia":[{"embeddable":true,"href":"https:\/\/smallthings.fr\/lespetitslivres\/wp-json\/wp\/v2\/media\/30297"}],"wp:attachment":[{"href":"https:\/\/smallthings.fr\/lespetitslivres\/wp-json\/wp\/v2\/media?parent=30292"}],"wp:term":[{"taxonomy":"category","embeddable":true,"href":"https:\/\/smallthings.fr\/lespetitslivres\/wp-json\/wp\/v2\/categories?post=30292"},{"taxonomy":"post_tag","embeddable":true,"href":"https:\/\/smallthings.fr\/lespetitslivres\/wp-json\/wp\/v2\/tags?post=30292"}],"curies":[{"name":"wp","href":"https:\/\/api.w.org\/{rel}","templated":true}]}}