{"id":30274,"date":"2016-09-05T13:03:03","date_gmt":"2016-09-05T12:03:03","guid":{"rendered":"http:\/\/smallthings.fr\/lespetitslivres\/?p=30274"},"modified":"2016-09-05T14:02:28","modified_gmt":"2016-09-05T13:02:28","slug":"very-food-trip-tour-monde-culinaire","status":"publish","type":"post","link":"https:\/\/smallthings.fr\/lespetitslivres\/2016\/09\/05\/very-food-trip-tour-monde-culinaire\/","title":{"rendered":"Very food trip, un tour du monde culinaire"},"content":{"rendered":"<h2>La s\u00e9rie documentaire\u00a0<em>Very food trip<\/em>\u00a0vient de d\u00e9buter\u00a0sur la cha\u00eene Plan\u00e8te+. <em>Very food trip<\/em>, c&rsquo;est l&rsquo;aventure un peu folle de\u00a0Marine Mandrila et Louis Martin, qui ont tout quitt\u00e9 pour faire le tour du monde. De l&rsquo;Am\u00e9rique latine \u00e0 l&rsquo;Asie, ils ont fait le choix de dormir chez l&rsquo;habitant pour s&rsquo;impr\u00e9gner au mieux des cultures locales, mais ils n&rsquo;ont pas fait qu&rsquo;y dormir, ils y ont surtout mang\u00e9 ! En parall\u00e8le de l&rsquo;\u00e9mission, <em>Very food trip<\/em> c&rsquo;est aussi un tr\u00e8s chouette livre de recettes aussi app\u00e9tissantes que&#8230; inattendues.<\/h2>\n<p><strong><em>Very food trip<\/em> est diffus\u00e9e tous les mercredis \u00e0 20h55 depuis\u00a0le 31 ao\u00fbt<\/strong>. 8 \u00e9pisodes seront propos\u00e9s, qui retraceront le p\u00e9riple de Marine et de Louis dans les\u00a0diff\u00e9rents pays visit\u00e9s.<\/p>\n<div id=\"attachment_30281\" style=\"width: 350px\" class=\"wp-caption alignright\"><img loading=\"lazy\" decoding=\"async\" aria-describedby=\"caption-attachment-30281\" data-attachment-id=\"30281\" data-permalink=\"https:\/\/smallthings.fr\/lespetitslivres\/2016\/09\/05\/very-food-trip-tour-monde-culinaire\/fullsizerender2\/\" data-orig-file=\"https:\/\/smallthings.fr\/lespetitslivres\/wp-content\/uploads\/2016\/09\/FullSizeRender2.jpg\" data-orig-size=\"482,640\" data-comments-opened=\"1\" data-image-meta=\"{&quot;aperture&quot;:&quot;2.2&quot;,&quot;credit&quot;:&quot;&quot;,&quot;camera&quot;:&quot;iPhone SE&quot;,&quot;caption&quot;:&quot;&quot;,&quot;created_timestamp&quot;:&quot;1472806372&quot;,&quot;copyright&quot;:&quot;&quot;,&quot;focal_length&quot;:&quot;4.15&quot;,&quot;iso&quot;:&quot;125&quot;,&quot;shutter_speed&quot;:&quot;0.03030303030303&quot;,&quot;title&quot;:&quot;&quot;,&quot;orientation&quot;:&quot;0&quot;}\" data-image-title=\"FullSizeRender(2)\" data-image-description=\"\" data-image-caption=\"&lt;p&gt;Extrait du livre \u00ab\u00a0Very food trip\u00a0\u00bb&lt;\/p&gt;\n\" data-medium-file=\"https:\/\/smallthings.fr\/lespetitslivres\/wp-content\/uploads\/2016\/09\/FullSizeRender2-226x300.jpg\" data-large-file=\"https:\/\/smallthings.fr\/lespetitslivres\/wp-content\/uploads\/2016\/09\/FullSizeRender2.jpg\" class=\" wp-image-30281\" src=\"http:\/\/smallthings.fr\/lespetitslivres\/wp-content\/uploads\/2016\/09\/FullSizeRender2.jpg\" alt=\"Extrait du livre &quot;Very food trip&quot;\" width=\"340\" height=\"451\" srcset=\"https:\/\/smallthings.fr\/lespetitslivres\/wp-content\/uploads\/2016\/09\/FullSizeRender2.jpg 482w, https:\/\/smallthings.fr\/lespetitslivres\/wp-content\/uploads\/2016\/09\/FullSizeRender2-226x300.jpg 226w\" sizes=\"(max-width: 340px) 100vw, 340px\" \/><p id=\"caption-attachment-30281\" class=\"wp-caption-text\">Extrait du livre \u00ab\u00a0Very food trip\u00a0\u00bb<\/p><\/div>\n<p>Le principe de cette s\u00e9rie documentaire est de d\u00e9couvrir un pays par l&rsquo;interm\u00e9diaire de sa cuisine&#8230;\u00a0mais pas dans les restaurants : chez l&rsquo;habitant. Munis de leurs sacs \u00e0 dos, <strong>Marine et Louis\u00a0parcourent des kilom\u00e8tres et b\u00e9n\u00e9ficient de l&rsquo;hospitalit\u00e9 locale afin de partager un repas et d&rsquo;en apprendre davantage sur la culture du pays<\/strong>. Car si l&rsquo;amour de la gastronomie est au c\u0153ur de cette aventure, il s&rsquo;agit \u00e9galement de se rapprocher des habitants de chaque pays, qui ouvrent la porte de leur quotidien, difficile \u00e0 appr\u00e9hender lors de voyages touristiques.<\/p>\n<p>Cette\u00a0immersion au c\u0153ur de pays tels que le Japon, le Mexique, la Tha\u00eflande et le P\u00e9rou, est\u00a0tr\u00e8s agr\u00e9able \u00e0 d\u00e9couvrir. Les deux jeunes gens ont opt\u00e9 pour la carte de la spontan\u00e9it\u00e9 et nous font partager les exp\u00e9riences les plus positives, comme certaines un peu plus d\u00e9routantes, voire catastrophiques.<\/p>\n<div id=\"attachment_30277\" style=\"width: 341px\" class=\"wp-caption alignleft\"><img loading=\"lazy\" decoding=\"async\" aria-describedby=\"caption-attachment-30277\" data-attachment-id=\"30277\" data-permalink=\"https:\/\/smallthings.fr\/lespetitslivres\/2016\/09\/05\/very-food-trip-tour-monde-culinaire\/img_9569\/\" data-orig-file=\"https:\/\/smallthings.fr\/lespetitslivres\/wp-content\/uploads\/2016\/09\/IMG_9569-e1473075165649.jpg\" data-orig-size=\"480,640\" data-comments-opened=\"1\" data-image-meta=\"{&quot;aperture&quot;:&quot;0&quot;,&quot;credit&quot;:&quot;&quot;,&quot;camera&quot;:&quot;&quot;,&quot;caption&quot;:&quot;&quot;,&quot;created_timestamp&quot;:&quot;0&quot;,&quot;copyright&quot;:&quot;&quot;,&quot;focal_length&quot;:&quot;0&quot;,&quot;iso&quot;:&quot;0&quot;,&quot;shutter_speed&quot;:&quot;0&quot;,&quot;title&quot;:&quot;&quot;,&quot;orientation&quot;:&quot;0&quot;}\" data-image-title=\"IMG_9569\" data-image-description=\"\" data-image-caption=\"&lt;p&gt;Extrait du livre \u00ab\u00a0Very food trip\u00a0\u00bb&lt;\/p&gt;\n\" data-medium-file=\"https:\/\/smallthings.fr\/lespetitslivres\/wp-content\/uploads\/2016\/09\/IMG_9569-e1473075165649-225x300.jpg\" data-large-file=\"https:\/\/smallthings.fr\/lespetitslivres\/wp-content\/uploads\/2016\/09\/IMG_9569-e1473075165649.jpg\" class=\" wp-image-30277\" src=\"http:\/\/smallthings.fr\/lespetitslivres\/wp-content\/uploads\/2016\/09\/IMG_9569-e1473075165649.jpg\" alt=\"Extrait du livre &quot;Very food trip&quot;\" width=\"331\" height=\"442\" srcset=\"https:\/\/smallthings.fr\/lespetitslivres\/wp-content\/uploads\/2016\/09\/IMG_9569-e1473075165649.jpg 480w, https:\/\/smallthings.fr\/lespetitslivres\/wp-content\/uploads\/2016\/09\/IMG_9569-e1473075165649-225x300.jpg 225w\" sizes=\"(max-width: 331px) 100vw, 331px\" \/><p id=\"caption-attachment-30277\" class=\"wp-caption-text\">Extrait du livre \u00ab\u00a0Very food trip\u00a0\u00bb<\/p><\/div>\n<p>Le livre du m\u00eame nom, paru en mai 2015 aux \u00e9ditions de la <a href=\"http:\/\/www.editionsdelamartiniere.fr\/ouvrage\/very-food-trip\/9782732466316\">Martini\u00e8re<\/a>, refl\u00e8te parfaitement\u00a0bien le p\u00e9riple et donne la part belle \u00e0 toutes ces recettes d\u00e9nich\u00e9es lors de ce tour du monde. La maquette du livre est tr\u00e8s r\u00e9ussie\u00a0et on a bien envie de tout tester ! Le c\u00f4t\u00e9 tr\u00e8s g\u00e9n\u00e9reux de ce livre ressort bien. Il est finalement le r\u00e9sultat de nombreux repas partag\u00e9s, lors desquels les cuisiniers n&rsquo;ont pas h\u00e9sit\u00e9 \u00e0 transmettre leur savoir-faire et leurs habitudes.<\/p>\n<p><strong>Le livre <em>Very food trip<\/em> est \u00e0 la fronti\u00e8re entre le livre de recettes et le carnet de voyage<\/strong>. On d\u00e9couvre les recettes au fur et \u00e0 mesure du p\u00e9riple, pays par pays. Chaque recette est accompagn\u00e9e d&rsquo;un petit mot sur la personne qui l&rsquo;a ex\u00e9cut\u00e9e.<\/p>\n<p>Marine et Louis n&rsquo;h\u00e9sitent pas \u00e0 rapporter quelques recettes&#8230; d\u00e9concertantes. La petite po\u00eal\u00e9e d&rsquo;insectes, par exemple. Pleine de prot\u00e9ines, tr\u00e8s bonne pour la sant\u00e9 ! Ou encore l\u2019\u00e9lixir de sang de serpent. Ingr\u00e9dient : un serpent (vivant de pr\u00e9f\u00e9rence)&#8230; mais bien s\u00fbr ! Apr\u00e8s tout pourquoi, le credo de <em>Very food trip<\/em>, c&rsquo;est quand m\u00eame qu&rsquo;il faut tout go\u00fbter !<\/p>\n<p><strong>Un livre et une s\u00e9rie documentaire\u00a0\u00e0 d\u00e9couvrir pour les curieux et amateurs de cuisine et de voyage !\u00a0<\/strong><\/p>\n<div id=\"attachment_30280\" style=\"width: 577px\" class=\"wp-caption aligncenter\"><img loading=\"lazy\" decoding=\"async\" aria-describedby=\"caption-attachment-30280\" data-attachment-id=\"30280\" data-permalink=\"https:\/\/smallthings.fr\/lespetitslivres\/2016\/09\/05\/very-food-trip-tour-monde-culinaire\/fullsizerender1\/\" data-orig-file=\"https:\/\/smallthings.fr\/lespetitslivres\/wp-content\/uploads\/2016\/09\/FullSizeRender1.jpg\" data-orig-size=\"640,480\" data-comments-opened=\"1\" data-image-meta=\"{&quot;aperture&quot;:&quot;2.2&quot;,&quot;credit&quot;:&quot;&quot;,&quot;camera&quot;:&quot;iPhone SE&quot;,&quot;caption&quot;:&quot;&quot;,&quot;created_timestamp&quot;:&quot;1472806302&quot;,&quot;copyright&quot;:&quot;&quot;,&quot;focal_length&quot;:&quot;4.15&quot;,&quot;iso&quot;:&quot;125&quot;,&quot;shutter_speed&quot;:&quot;0.03030303030303&quot;,&quot;title&quot;:&quot;&quot;,&quot;orientation&quot;:&quot;0&quot;}\" data-image-title=\"FullSizeRender(1)\" data-image-description=\"\" data-image-caption=\"&lt;p&gt;Extrait du livre \u00ab\u00a0Very food trip\u00a0\u00bb&lt;\/p&gt;\n\" data-medium-file=\"https:\/\/smallthings.fr\/lespetitslivres\/wp-content\/uploads\/2016\/09\/FullSizeRender1-300x225.jpg\" data-large-file=\"https:\/\/smallthings.fr\/lespetitslivres\/wp-content\/uploads\/2016\/09\/FullSizeRender1.jpg\" class=\" wp-image-30280\" src=\"http:\/\/smallthings.fr\/lespetitslivres\/wp-content\/uploads\/2016\/09\/FullSizeRender1.jpg\" alt=\"Extrait du livre &quot;Very food trip&quot;\" width=\"567\" height=\"425\" srcset=\"https:\/\/smallthings.fr\/lespetitslivres\/wp-content\/uploads\/2016\/09\/FullSizeRender1.jpg 640w, https:\/\/smallthings.fr\/lespetitslivres\/wp-content\/uploads\/2016\/09\/FullSizeRender1-300x225.jpg 300w\" sizes=\"(max-width: 567px) 100vw, 567px\" \/><p id=\"caption-attachment-30280\" class=\"wp-caption-text\">Extrait du livre \u00ab\u00a0Very food trip\u00a0\u00bb<\/p><\/div>\n","protected":false},"excerpt":{"rendered":"<p>La s\u00e9rie documentaire\u00a0Very food trip\u00a0vient de d\u00e9buter\u00a0sur la cha\u00eene Plan\u00e8te+. Very food trip, c&rsquo;est l&rsquo;aventure un peu folle de\u00a0Marine Mandrila et Louis Martin, qui ont tout quitt\u00e9 pour faire le tour du monde. De l&rsquo;Am\u00e9rique latine \u00e0 l&rsquo;Asie, ils ont fait le choix de dormir chez l&rsquo;habitant pour s&rsquo;impr\u00e9gner au mieux des cultures locales, mais<\/p>\n","protected":false},"author":2,"featured_media":30279,"comment_status":"open","ping_status":"open","sticky":false,"template":"","format":"standard","meta":{"jetpack_post_was_ever_published":false,"_jetpack_newsletter_access":"","_jetpack_newsletter_tier_id":0,"footnotes":"","jetpack_publicize_message":"","jetpack_is_tweetstorm":false,"jetpack_publicize_feature_enabled":true,"jetpack_social_post_already_shared":true,"jetpack_social_options":{"image_generator_settings":{"template":"highway","enabled":false}}},"categories":[1110],"tags":[1514,1513,1512],"jetpack_publicize_connections":[],"yoast_head":"<!-- This site is optimized with the Yoast SEO plugin v21.5 - https:\/\/yoast.com\/wordpress\/plugins\/seo\/ -->\n<title>Very food trip, un tour du monde culinaire<\/title>\n<meta name=\"description\" content=\"L&#039;\u00e9mission Very food trip d\u00e9barque sur la cha\u00eene Plan\u00e8te+. Very food trip, c&#039;est l&#039;aventure un peu folle de Marine Mandrila et Louis Martin, qui ont tout\" \/>\n<meta name=\"robots\" content=\"index, follow, max-snippet:-1, max-image-preview:large, max-video-preview:-1\" \/>\n<link rel=\"canonical\" href=\"http:\/\/smallthings.fr\/lespetitslivres\/2016\/09\/05\/very-food-trip-tour-monde-culinaire\/\" \/>\n<meta property=\"og:locale\" content=\"fr_FR\" \/>\n<meta property=\"og:type\" content=\"article\" \/>\n<meta property=\"og:title\" content=\"Very food trip, un tour du monde culinaire\" \/>\n<meta property=\"og:description\" content=\"L&#039;\u00e9mission Very food trip d\u00e9barque sur la cha\u00eene Plan\u00e8te+. Very food trip, c&#039;est l&#039;aventure un peu folle de Marine Mandrila et Louis Martin, qui ont tout\" \/>\n<meta property=\"og:url\" content=\"http:\/\/smallthings.fr\/lespetitslivres\/2016\/09\/05\/very-food-trip-tour-monde-culinaire\/\" \/>\n<meta property=\"og:site_name\" content=\"Les Petits Livres\" \/>\n<meta property=\"article:published_time\" content=\"2016-09-05T12:03:03+00:00\" \/>\n<meta property=\"article:modified_time\" content=\"2016-09-05T13:02:28+00:00\" \/>\n<meta property=\"og:image\" content=\"https:\/\/i0.wp.com\/smallthings.fr\/lespetitslivres\/wp-content\/uploads\/2016\/09\/very-food-trip.jpg?fit=950%2C380\" \/>\n\t<meta property=\"og:image:width\" content=\"950\" \/>\n\t<meta property=\"og:image:height\" content=\"380\" \/>\n\t<meta property=\"og:image:type\" content=\"image\/jpeg\" \/>\n<meta name=\"author\" content=\"Claire\" \/>\n<meta name=\"twitter:card\" content=\"summary_large_image\" \/>\n<meta name=\"twitter:label1\" content=\"\u00c9crit par\" \/>\n\t<meta name=\"twitter:data1\" content=\"Claire\" \/>\n\t<meta name=\"twitter:label2\" content=\"Dur\u00e9e de lecture estim\u00e9e\" \/>\n\t<meta name=\"twitter:data2\" content=\"3 minutes\" \/>\n<script type=\"application\/ld+json\" class=\"yoast-schema-graph\">{\"@context\":\"https:\/\/schema.org\",\"@graph\":[{\"@type\":\"WebPage\",\"@id\":\"http:\/\/smallthings.fr\/lespetitslivres\/2016\/09\/05\/very-food-trip-tour-monde-culinaire\/\",\"url\":\"http:\/\/smallthings.fr\/lespetitslivres\/2016\/09\/05\/very-food-trip-tour-monde-culinaire\/\",\"name\":\"Very food trip, un tour du monde culinaire\",\"isPartOf\":{\"@id\":\"https:\/\/smallthings.fr\/lespetitslivres\/#website\"},\"datePublished\":\"2016-09-05T12:03:03+00:00\",\"dateModified\":\"2016-09-05T13:02:28+00:00\",\"author\":{\"@id\":\"https:\/\/smallthings.fr\/lespetitslivres\/#\/schema\/person\/504d603cacfe064fe039dfa03a8b7918\"},\"description\":\"L'\u00e9mission Very food trip d\u00e9barque sur la cha\u00eene Plan\u00e8te+. Very food trip, c'est l'aventure un peu folle de Marine Mandrila et Louis Martin, qui ont tout\",\"breadcrumb\":{\"@id\":\"http:\/\/smallthings.fr\/lespetitslivres\/2016\/09\/05\/very-food-trip-tour-monde-culinaire\/#breadcrumb\"},\"inLanguage\":\"fr-FR\",\"potentialAction\":[{\"@type\":\"ReadAction\",\"target\":[\"http:\/\/smallthings.fr\/lespetitslivres\/2016\/09\/05\/very-food-trip-tour-monde-culinaire\/\"]}]},{\"@type\":\"BreadcrumbList\",\"@id\":\"http:\/\/smallthings.fr\/lespetitslivres\/2016\/09\/05\/very-food-trip-tour-monde-culinaire\/#breadcrumb\",\"itemListElement\":[{\"@type\":\"ListItem\",\"position\":1,\"name\":\"Accueil\",\"item\":\"https:\/\/smallthings.fr\/lespetitslivres\/\"},{\"@type\":\"ListItem\",\"position\":2,\"name\":\"Very food trip, un tour du monde culinaire\"}]},{\"@type\":\"WebSite\",\"@id\":\"https:\/\/smallthings.fr\/lespetitslivres\/#website\",\"url\":\"https:\/\/smallthings.fr\/lespetitslivres\/\",\"name\":\"Les Petits Livres\",\"description\":\"by Small Things\",\"potentialAction\":[{\"@type\":\"SearchAction\",\"target\":{\"@type\":\"EntryPoint\",\"urlTemplate\":\"https:\/\/smallthings.fr\/lespetitslivres\/?s={search_term_string}\"},\"query-input\":\"required name=search_term_string\"}],\"inLanguage\":\"fr-FR\"},{\"@type\":\"Person\",\"@id\":\"https:\/\/smallthings.fr\/lespetitslivres\/#\/schema\/person\/504d603cacfe064fe039dfa03a8b7918\",\"name\":\"Claire\",\"image\":{\"@type\":\"ImageObject\",\"inLanguage\":\"fr-FR\",\"@id\":\"https:\/\/smallthings.fr\/lespetitslivres\/#\/schema\/person\/image\/\",\"url\":\"https:\/\/secure.gravatar.com\/avatar\/9a85ff83d76b3eb17b8cae208640786e?s=96&d=retro&r=g\",\"contentUrl\":\"https:\/\/secure.gravatar.com\/avatar\/9a85ff83d76b3eb17b8cae208640786e?s=96&d=retro&r=g\",\"caption\":\"Claire\"},\"url\":\"https:\/\/smallthings.fr\/lespetitslivres\/author\/claire\/\"}]}<\/script>\n<!-- \/ Yoast SEO plugin. -->","yoast_head_json":{"title":"Very food trip, un tour du monde culinaire","description":"L'\u00e9mission Very food trip d\u00e9barque sur la cha\u00eene Plan\u00e8te+. Very food trip, c'est l'aventure un peu folle de Marine Mandrila et Louis Martin, qui ont tout","robots":{"index":"index","follow":"follow","max-snippet":"max-snippet:-1","max-image-preview":"max-image-preview:large","max-video-preview":"max-video-preview:-1"},"canonical":"http:\/\/smallthings.fr\/lespetitslivres\/2016\/09\/05\/very-food-trip-tour-monde-culinaire\/","og_locale":"fr_FR","og_type":"article","og_title":"Very food trip, un tour du monde culinaire","og_description":"L'\u00e9mission Very food trip d\u00e9barque sur la cha\u00eene Plan\u00e8te+. Very food trip, c'est l'aventure un peu folle de Marine Mandrila et Louis Martin, qui ont tout","og_url":"http:\/\/smallthings.fr\/lespetitslivres\/2016\/09\/05\/very-food-trip-tour-monde-culinaire\/","og_site_name":"Les Petits Livres","article_published_time":"2016-09-05T12:03:03+00:00","article_modified_time":"2016-09-05T13:02:28+00:00","og_image":[{"width":950,"height":380,"url":"https:\/\/i0.wp.com\/smallthings.fr\/lespetitslivres\/wp-content\/uploads\/2016\/09\/very-food-trip.jpg?fit=950%2C380","type":"image\/jpeg"}],"author":"Claire","twitter_card":"summary_large_image","twitter_misc":{"\u00c9crit par":"Claire","Dur\u00e9e de lecture estim\u00e9e":"3 minutes"},"schema":{"@context":"https:\/\/schema.org","@graph":[{"@type":"WebPage","@id":"http:\/\/smallthings.fr\/lespetitslivres\/2016\/09\/05\/very-food-trip-tour-monde-culinaire\/","url":"http:\/\/smallthings.fr\/lespetitslivres\/2016\/09\/05\/very-food-trip-tour-monde-culinaire\/","name":"Very food trip, un tour du monde culinaire","isPartOf":{"@id":"https:\/\/smallthings.fr\/lespetitslivres\/#website"},"datePublished":"2016-09-05T12:03:03+00:00","dateModified":"2016-09-05T13:02:28+00:00","author":{"@id":"https:\/\/smallthings.fr\/lespetitslivres\/#\/schema\/person\/504d603cacfe064fe039dfa03a8b7918"},"description":"L'\u00e9mission Very food trip d\u00e9barque sur la cha\u00eene Plan\u00e8te+. Very food trip, c'est l'aventure un peu folle de Marine Mandrila et Louis Martin, qui ont tout","breadcrumb":{"@id":"http:\/\/smallthings.fr\/lespetitslivres\/2016\/09\/05\/very-food-trip-tour-monde-culinaire\/#breadcrumb"},"inLanguage":"fr-FR","potentialAction":[{"@type":"ReadAction","target":["http:\/\/smallthings.fr\/lespetitslivres\/2016\/09\/05\/very-food-trip-tour-monde-culinaire\/"]}]},{"@type":"BreadcrumbList","@id":"http:\/\/smallthings.fr\/lespetitslivres\/2016\/09\/05\/very-food-trip-tour-monde-culinaire\/#breadcrumb","itemListElement":[{"@type":"ListItem","position":1,"name":"Accueil","item":"https:\/\/smallthings.fr\/lespetitslivres\/"},{"@type":"ListItem","position":2,"name":"Very food trip, un tour du monde culinaire"}]},{"@type":"WebSite","@id":"https:\/\/smallthings.fr\/lespetitslivres\/#website","url":"https:\/\/smallthings.fr\/lespetitslivres\/","name":"Les Petits Livres","description":"by Small Things","potentialAction":[{"@type":"SearchAction","target":{"@type":"EntryPoint","urlTemplate":"https:\/\/smallthings.fr\/lespetitslivres\/?s={search_term_string}"},"query-input":"required name=search_term_string"}],"inLanguage":"fr-FR"},{"@type":"Person","@id":"https:\/\/smallthings.fr\/lespetitslivres\/#\/schema\/person\/504d603cacfe064fe039dfa03a8b7918","name":"Claire","image":{"@type":"ImageObject","inLanguage":"fr-FR","@id":"https:\/\/smallthings.fr\/lespetitslivres\/#\/schema\/person\/image\/","url":"https:\/\/secure.gravatar.com\/avatar\/9a85ff83d76b3eb17b8cae208640786e?s=96&d=retro&r=g","contentUrl":"https:\/\/secure.gravatar.com\/avatar\/9a85ff83d76b3eb17b8cae208640786e?s=96&d=retro&r=g","caption":"Claire"},"url":"https:\/\/smallthings.fr\/lespetitslivres\/author\/claire\/"}]}},"jetpack_featured_media_url":"https:\/\/smallthings.fr\/lespetitslivres\/wp-content\/uploads\/2016\/09\/very-food-trip.jpg","jetpack_sharing_enabled":true,"jetpack_shortlink":"https:\/\/wp.me\/p6Un21-7Si","jetpack-related-posts":[{"id":22313,"url":"https:\/\/smallthings.fr\/lespetitslivres\/2015\/04\/08\/partials-futuriste-dan-wells-avis\/","url_meta":{"origin":30274,"position":0},"title":"Partials : le roman futuriste de Dan Wells","author":"Jennifer","date":"8 avril 2015","format":false,"excerpt":"Partials est un livre de Dan Wells qui est paru au Livre de Poche le 1er avril dernier. Cette dystopie raconte comment les humains ont d\u00e9truit la plan\u00e8te en cr\u00e9ant des \u00eatres g\u00e9n\u00e9tiquement modifi\u00e9s ressemblant aux Hommes, mais dot\u00e9s d\u2019une force surhumaine et d\u2019une invincibilit\u00e9 incroyable. Ces derniers, les Partials,\u2026","rel":"","context":"Dans &quot;Science-fiction&quot;","block_context":{"text":"Science-fiction","link":"https:\/\/smallthings.fr\/lespetitslivres\/category\/imaginaire\/science-fiction\/"},"img":{"alt_text":"","src":"https:\/\/i0.wp.com\/smallthings.fr\/wp-content\/uploads\/2015\/04\/partials-dan-wells.jpg?resize=350%2C200","width":350,"height":200},"classes":[]},{"id":32171,"url":"https:\/\/smallthings.fr\/lespetitslivres\/2021\/01\/17\/un-chat-pour-noel\/","url_meta":{"origin":30274,"position":1},"title":"Un chat pour No\u00ebl, un livre \u00e0 d\u00e9couvrir en toutes saisons","author":"Jennifer","date":"17 janvier 2021","format":false,"excerpt":"Un chat pour No\u00ebl est un livre de Florence McNicoll sorti chez les \u00e9ditions Hauteville fin octobre 2020. On y rencontre Laura, qui travaille dans un refuge et qui tente de placer de nombreux chats pendant la p\u00e9riode des f\u00eates de fin d\u2019ann\u00e9e. Une romance touchante qui nous fait passer\u2026","rel":"","context":"Dans &quot;Roman \u00e9tranger&quot;","block_context":{"text":"Roman \u00e9tranger","link":"https:\/\/smallthings.fr\/lespetitslivres\/category\/roman\/roman-etranger\/"},"img":{"alt_text":"","src":"https:\/\/i0.wp.com\/smallthings.fr\/lespetitslivres\/wp-content\/uploads\/2021\/01\/Un-chat-pour-No\u00ebl-Florence-McNicoll-2.jpg?resize=350%2C200&ssl=1","width":350,"height":200,"srcset":"https:\/\/i0.wp.com\/smallthings.fr\/lespetitslivres\/wp-content\/uploads\/2021\/01\/Un-chat-pour-No\u00ebl-Florence-McNicoll-2.jpg?resize=350%2C200&ssl=1 1x, https:\/\/i0.wp.com\/smallthings.fr\/lespetitslivres\/wp-content\/uploads\/2021\/01\/Un-chat-pour-No\u00ebl-Florence-McNicoll-2.jpg?resize=525%2C300&ssl=1 1.5x"},"classes":[]},{"id":21203,"url":"https:\/\/smallthings.fr\/lespetitslivres\/2015\/03\/04\/tandis-que-le-monde-meurt-zombie-avis\/","url_meta":{"origin":30274,"position":2},"title":"Tandis que le monde meurt, une nouvelle apocalypse zombie","author":"Jennifer","date":"4 mars 2015","format":false,"excerpt":"Tandis que le monde meurt est une nouvelle saga zombie \u00e9crite par Rhiannon Frater, sortie chez Panini le 4 f\u00e9vrier dernier. Le 1er tome, intitul\u00e9 Les premiers jours, nous conte l\u2019histoire de deux femmes, Katie et Jenni, qui tentent de survivre dans un monde o\u00f9 leurs proches ont tent\u00e9 de\u2026","rel":"","context":"Dans &quot;Fantastique&quot;","block_context":{"text":"Fantastique","link":"https:\/\/smallthings.fr\/lespetitslivres\/category\/imaginaire\/fantastique\/"},"img":{"alt_text":"","src":"https:\/\/i0.wp.com\/smallthings.fr\/wp-content\/uploads\/2015\/02\/tandis-que-le-monde-meurt.jpg?resize=350%2C200","width":350,"height":200},"classes":[]},{"id":32067,"url":"https:\/\/smallthings.fr\/lespetitslivres\/2020\/02\/25\/magik-le-nouveau-roman-de-h-v-gavriel\/","url_meta":{"origin":30274,"position":3},"title":"Magik : le nouveau roman de H.V Gavriel","author":"Jennifer","date":"25 f\u00e9vrier 2020","format":false,"excerpt":"Double jeu est le premier tome de la nouvelle saga de H.V Gavriel. Sorti le 20 novembre dernier chez Milady, Magik nous fait entrer dans un monde o\u00f9 humains et personnes dot\u00e9es de pouvoirs magiques tentent de cohabiter. J\u2019ai d\u00e9couvert cette auteure en 2014 avec sa saga M\/M Les loups\u2026","rel":"","context":"Dans &quot;Fantastique&quot;","block_context":{"text":"Fantastique","link":"https:\/\/smallthings.fr\/lespetitslivres\/category\/imaginaire\/fantastique\/"},"img":{"alt_text":"","src":"https:\/\/i0.wp.com\/smallthings.fr\/lespetitslivres\/wp-content\/uploads\/2020\/02\/Magic-Double-jeu-2.jpg?resize=350%2C200&ssl=1","width":350,"height":200,"srcset":"https:\/\/i0.wp.com\/smallthings.fr\/lespetitslivres\/wp-content\/uploads\/2020\/02\/Magic-Double-jeu-2.jpg?resize=350%2C200&ssl=1 1x, https:\/\/i0.wp.com\/smallthings.fr\/lespetitslivres\/wp-content\/uploads\/2020\/02\/Magic-Double-jeu-2.jpg?resize=525%2C300&ssl=1 1.5x, https:\/\/i0.wp.com\/smallthings.fr\/lespetitslivres\/wp-content\/uploads\/2020\/02\/Magic-Double-jeu-2.jpg?resize=700%2C400&ssl=1 2x, https:\/\/i0.wp.com\/smallthings.fr\/lespetitslivres\/wp-content\/uploads\/2020\/02\/Magic-Double-jeu-2.jpg?resize=1050%2C600&ssl=1 3x"},"classes":[]},{"id":30635,"url":"https:\/\/smallthings.fr\/lespetitslivres\/2017\/01\/08\/heritage-rois-passeurs-fargetton-avis\/","url_meta":{"origin":30274,"position":4},"title":"L\u2019H\u00e9ritage des Rois Passeurs : un roman de fantasy \u00e9poustouflant","author":"Jennifer","date":"8 janvier 2017","format":false,"excerpt":"L\u2019H\u00e9ritage des Rois Passeurs est un roman de\u00a0Manon Fargetton, sorti en format poche chez Milady en novembre dernier. Un livre de fantasy exceptionnel qui nous emm\u00e8ne dans un monde de magie dont le destin repose sur les \u00e9paules de deux femmes hors du commun. Manon Fargetton a re\u00e7u le Prix\u2026","rel":"","context":"Dans &quot;Fantasy&quot;","block_context":{"text":"Fantasy","link":"https:\/\/smallthings.fr\/lespetitslivres\/category\/imaginaire\/fantasy\/"},"img":{"alt_text":"","src":"https:\/\/i0.wp.com\/smallthings.fr\/lespetitslivres\/wp-content\/uploads\/2017\/01\/Lh\u00e9ritage-des-rois-passeurs-manon-fargetton-3.jpg?resize=350%2C200&ssl=1","width":350,"height":200,"srcset":"https:\/\/i0.wp.com\/smallthings.fr\/lespetitslivres\/wp-content\/uploads\/2017\/01\/Lh\u00e9ritage-des-rois-passeurs-manon-fargetton-3.jpg?resize=350%2C200&ssl=1 1x, https:\/\/i0.wp.com\/smallthings.fr\/lespetitslivres\/wp-content\/uploads\/2017\/01\/Lh\u00e9ritage-des-rois-passeurs-manon-fargetton-3.jpg?resize=525%2C300&ssl=1 1.5x"},"classes":[]},{"id":31758,"url":"https:\/\/smallthings.fr\/lespetitslivres\/2018\/08\/22\/vivre-ensemble-roman-emilie-freche\/","url_meta":{"origin":30274,"position":5},"title":"Vivre ensemble, le nouveau roman d&rsquo;\u00c9milie Fr\u00e8che","author":"Claire","date":"22 ao\u00fbt 2018","format":false,"excerpt":"Le nouveau roman d'\u00c9milie Fr\u00e8che, Vivre ensemble, sort aujourd'hui chez Stock pour la Rentr\u00e9e litt\u00e9raire. Un livre aussi terrifiant que bouleversant qui pose la question du vivre ensemble au sein d'une famille recompos\u00e9e. D\u00e9borah et Pierre, qui ont chacun un fils, d\u00e9cident d'emm\u00e9nager ensemble, pour le meilleur et pour le\u2026","rel":"","context":"Dans &quot;Roman fran\u00e7ais&quot;","block_context":{"text":"Roman fran\u00e7ais","link":"https:\/\/smallthings.fr\/lespetitslivres\/category\/roman\/roman-francais\/"},"img":{"alt_text":"","src":"https:\/\/i0.wp.com\/smallthings.fr\/lespetitslivres\/wp-content\/uploads\/2018\/08\/emilie-freche-vivre-ensemble.jpg?resize=350%2C200&ssl=1","width":350,"height":200,"srcset":"https:\/\/i0.wp.com\/smallthings.fr\/lespetitslivres\/wp-content\/uploads\/2018\/08\/emilie-freche-vivre-ensemble.jpg?resize=350%2C200&ssl=1 1x, https:\/\/i0.wp.com\/smallthings.fr\/lespetitslivres\/wp-content\/uploads\/2018\/08\/emilie-freche-vivre-ensemble.jpg?resize=525%2C300&ssl=1 1.5x"},"classes":[]}],"_links":{"self":[{"href":"https:\/\/smallthings.fr\/lespetitslivres\/wp-json\/wp\/v2\/posts\/30274"}],"collection":[{"href":"https:\/\/smallthings.fr\/lespetitslivres\/wp-json\/wp\/v2\/posts"}],"about":[{"href":"https:\/\/smallthings.fr\/lespetitslivres\/wp-json\/wp\/v2\/types\/post"}],"author":[{"embeddable":true,"href":"https:\/\/smallthings.fr\/lespetitslivres\/wp-json\/wp\/v2\/users\/2"}],"replies":[{"embeddable":true,"href":"https:\/\/smallthings.fr\/lespetitslivres\/wp-json\/wp\/v2\/comments?post=30274"}],"version-history":[{"count":10,"href":"https:\/\/smallthings.fr\/lespetitslivres\/wp-json\/wp\/v2\/posts\/30274\/revisions"}],"predecessor-version":[{"id":30289,"href":"https:\/\/smallthings.fr\/lespetitslivres\/wp-json\/wp\/v2\/posts\/30274\/revisions\/30289"}],"wp:featuredmedia":[{"embeddable":true,"href":"https:\/\/smallthings.fr\/lespetitslivres\/wp-json\/wp\/v2\/media\/30279"}],"wp:attachment":[{"href":"https:\/\/smallthings.fr\/lespetitslivres\/wp-json\/wp\/v2\/media?parent=30274"}],"wp:term":[{"taxonomy":"category","embeddable":true,"href":"https:\/\/smallthings.fr\/lespetitslivres\/wp-json\/wp\/v2\/categories?post=30274"},{"taxonomy":"post_tag","embeddable":true,"href":"https:\/\/smallthings.fr\/lespetitslivres\/wp-json\/wp\/v2\/tags?post=30274"}],"curies":[{"name":"wp","href":"https:\/\/api.w.org\/{rel}","templated":true}]}}