{"id":30226,"date":"2016-08-31T12:00:40","date_gmt":"2016-08-31T11:00:40","guid":{"rendered":"http:\/\/smallthings.fr\/lespetitslivres\/?p=30226"},"modified":"2016-08-20T09:49:29","modified_gmt":"2016-08-20T08:49:29","slug":"seduire-isabelle-a-bassignac-critique","status":"publish","type":"post","link":"https:\/\/smallthings.fr\/lespetitslivres\/2016\/08\/31\/seduire-isabelle-a-bassignac-critique\/","title":{"rendered":"S\u00e9duire Isabelle A. : \u00ab\u00a0on choisit pas sa famille\u00a0\u00bb"},"content":{"rendered":"<h2><em>S\u00e9duire Isabelle A.<\/em> est le roman que nous propose Sophie Bassignac pour la rentr\u00e9e litt\u00e9raire. Il para\u00eet aujourd&rsquo;hui aux \u00e9ditions <a href=\"http:\/\/www.editions-jclattes.fr\/seduire-isabelle-9782709656030\">JC Latt\u00e8s<\/a>. Quelques ann\u00e9es apr\u00e8s le tr\u00e8s remarqu\u00e9 Mer agit\u00e9e \u00e0 tr\u00e8s agit\u00e9e, l&rsquo;auteur nous entra\u00eene au c\u0153ur d&rsquo;une famille compl\u00e8tement d\u00e9jant\u00e9e \u00e0 travers les yeux du futur gendre, \u00e0 raison d\u00e9boussol\u00e9.<\/h2>\n<p>Pierre a demand\u00e9 Isabelle en mariage, apr\u00e8s des mois d&rsquo;une relation sans nuage. Il est temps de rencontrer la belle famille. <strong>Pierre a \u00e9t\u00e9 pr\u00e9venu : les Pettigrew-Axilette sont originaux et surprenants<\/strong>. Mais \u00e0 ce point, il ne s&rsquo;y attendait pas. Il fait ses premiers pas au sein de la maison familiale, entre effroi et g\u00eane intense.<\/p>\n<p><img loading=\"lazy\" decoding=\"async\" data-attachment-id=\"30228\" data-permalink=\"https:\/\/smallthings.fr\/lespetitslivres\/2016\/08\/31\/seduire-isabelle-a-bassignac-critique\/seduire-isabelle-a\/\" data-orig-file=\"https:\/\/smallthings.fr\/lespetitslivres\/wp-content\/uploads\/2016\/08\/s\u00e9duire-isabelle-a.jpeg\" data-orig-size=\"303,480\" data-comments-opened=\"1\" data-image-meta=\"{&quot;aperture&quot;:&quot;0&quot;,&quot;credit&quot;:&quot;&quot;,&quot;camera&quot;:&quot;&quot;,&quot;caption&quot;:&quot;&quot;,&quot;created_timestamp&quot;:&quot;0&quot;,&quot;copyright&quot;:&quot;&quot;,&quot;focal_length&quot;:&quot;0&quot;,&quot;iso&quot;:&quot;0&quot;,&quot;shutter_speed&quot;:&quot;0&quot;,&quot;title&quot;:&quot;&quot;,&quot;orientation&quot;:&quot;0&quot;}\" data-image-title=\"s\u00e9duire-isabelle-a\" data-image-description=\"\" data-image-caption=\"\" data-medium-file=\"https:\/\/smallthings.fr\/lespetitslivres\/wp-content\/uploads\/2016\/08\/s\u00e9duire-isabelle-a-189x300.jpeg\" data-large-file=\"https:\/\/smallthings.fr\/lespetitslivres\/wp-content\/uploads\/2016\/08\/s\u00e9duire-isabelle-a.jpeg\" class=\"alignleft wp-image-30228\" src=\"http:\/\/smallthings.fr\/lespetitslivres\/wp-content\/uploads\/2016\/08\/s\u00e9duire-isabelle-a.jpeg\" alt=\"s\u00e9duire-isabelle-a\" width=\"280\" height=\"444\" srcset=\"https:\/\/smallthings.fr\/lespetitslivres\/wp-content\/uploads\/2016\/08\/s\u00e9duire-isabelle-a.jpeg 303w, https:\/\/smallthings.fr\/lespetitslivres\/wp-content\/uploads\/2016\/08\/s\u00e9duire-isabelle-a-189x300.jpeg 189w\" sizes=\"(max-width: 280px) 100vw, 280px\" \/>Il y a la grand-m\u00e8re, sorte de grand gourou de la famille, et son mari, le grand-p\u00e8re, qui entretient une relation louche avec la jeune voisine asiatique, la m\u00e8re, Catherine Axilette, qui tient une ligne de sous-v\u00eatements et son mari, Philippe, dont la passion est de faire le tour des caves \u00e0 vin du coin quitte \u00e0 finir totalement bourr\u00e9&#8230; L&rsquo;oncle, Ludovic, et son ami Umberto, la s\u0153ur Barbara et Guillaume, son mari qui empaille des animaux morts&#8230; Leurs enfants, le g\u00e9nie Benjamin et No\u00e9mie, compl\u00e8tement illumin\u00e9e.<\/p>\n<p>Le plus d\u00e9licieux, dans <em>S\u00e9duire Isabelle A.<\/em>, c&rsquo;est la description faussement objective des faits et gestes de la famille Pettigrew. Par l&rsquo;interm\u00e9diaire d&rsquo;un Pierre qui ne cesse de tomber des nues, on hallucine presque \u00e0 chaque fois. Les personnages apparaissant petit \u00e0 petit, on n&rsquo;a pas fini de d\u00e9couvrir que la folie ne s&rsquo;est pas arr\u00eat\u00e9e aux parents et aux grands-parents, et que chaque autre membre de la famille a un s\u00e9rieux grain.<\/p>\n<p><strong>On s&rsquo;amuse de l&rsquo;effroi de Pierre, oblig\u00e9 de vivre des sc\u00e8nes \u00e0 la limite de l&rsquo;insupportable<\/strong> : la visite d&rsquo;une dizaine de caves \u00e0 vin avec d\u00e9gustation \u00e0 la cl\u00e9 et retour en voiture&#8230; la plage de nudistes o\u00f9 toute la famille se met joyeusement \u00e0 poil devant les yeux d&rsquo;un futur gendre horrifi\u00e9&#8230; la rencontre avec un taureau enrag\u00e9 et le sauvetage par la belle-m\u00e8re&#8230; Le r\u00e9cit factuel de ces moments est savoureux.<\/p>\n<p>Sophie Bassignac insuffle un certain suspens quant \u00e0 la relation de Pierre avec Isabelle. Tiendront-ils le choc ? Ou plut\u00f4t, Isabelle n&rsquo;ayant pas l&rsquo;intention de renier sa famille et esp\u00e9rant que son fianc\u00e9 saura s&rsquo;y habituer, aura-t-il le courage et l&rsquo;envie de faire avec ?<\/p>\n<p><strong><em>S\u00e9duire Isabelle A.<\/em> est au final un attendrissant roman qui parle de la famille, qu&rsquo;on ne choisit pas, dont on a un peu honte parfois, mais qu&rsquo;on aime quand m\u00eame.<\/strong> Le lecteur se reconna\u00eetra, \u00e0 mi-chemin entre Pierre, \u00e0 la famille plut\u00f4t banale, presque ennuyeuse, et Isabelle, flanqu\u00e9e d&rsquo;une tribu sans cesse en \u00e9bullition et tr\u00e8s \u00e9trange. On pourra peut-\u00eatre regretter une fin qui manque un peu de subtilit\u00e9 et semble aller \u00e0 la facilit\u00e9, mais cela n&rsquo;enl\u00e8ve rien, au contraire, au plaisir qu&rsquo;est la lecture de <em>S\u00e9duire Isabelle A.\u00a0<\/em><strong>Le style de Sophie Bassignac, qui n&rsquo;a rien \u00e0 prouve de ce c\u00f4t\u00e9-l\u00e0, est dynamique, plein de couleurs, et sert parfaitement ce r\u00e9cit qui parfois part dans tous les sens.<\/strong> La description des repas de famille et des moments de folie collective est d\u00e9licieuse. Un chouette roman, \u00e0 la fois tr\u00e8s dr\u00f4le et attendrissant, qui se lit d&rsquo;une traite. <strong>On se d\u00e9lecte de la d\u00e9couverte de cette famille Pettigrew, et on en redemande !<\/strong><\/p>\n<blockquote><p>On acc\u00e9dait \u00e0 la crique par un escalier casse-gueule creus\u00e9 dans la falaise. Pieere s&rsquo;arr\u00eata net en bas des marches. Sur le sable et espac\u00e9s de quelques m\u00e8tres, tous les occupants de la plage \u00e9taient enti\u00e8rement nus. Sid\u00e9r\u00e9, il attrapa Isabelle par le bras et l&rsquo;entra\u00eena \u00e0 l&rsquo;\u00e9cart.<\/p>\n<p>-Tu aurais pu me pr\u00e9venir, merde ! lan\u00e7a-t-il, fou de rage.<\/p>\n<p>-Je t&rsquo;ai pr\u00e9venu.<\/p>\n<p>-Il est hors de question que je me mette \u00e0 poil en pr\u00e9sence de tes parents et de tes grands-parents. C&rsquo;est terriblement g\u00eanant, c&rsquo;est&#8230;<\/p>\n<p>Le mot avait du mal \u00e0 sortir.<\/p><\/blockquote>\n","protected":false},"excerpt":{"rendered":"<p>S\u00e9duire Isabelle A. est le roman que nous propose Sophie Bassignac pour la rentr\u00e9e litt\u00e9raire. Il para\u00eet aujourd&rsquo;hui aux \u00e9ditions JC Latt\u00e8s. Quelques ann\u00e9es apr\u00e8s le tr\u00e8s remarqu\u00e9 Mer agit\u00e9e \u00e0 tr\u00e8s agit\u00e9e, l&rsquo;auteur nous entra\u00eene au c\u0153ur d&rsquo;une famille compl\u00e8tement d\u00e9jant\u00e9e \u00e0 travers les yeux du futur gendre, \u00e0 raison d\u00e9boussol\u00e9. Pierre a demand\u00e9<\/p>\n","protected":false},"author":2,"featured_media":30227,"comment_status":"open","ping_status":"open","sticky":false,"template":"","format":"standard","meta":{"jetpack_post_was_ever_published":false,"_jetpack_newsletter_access":"","_jetpack_newsletter_tier_id":0,"footnotes":"","jetpack_publicize_message":"","jetpack_is_tweetstorm":false,"jetpack_publicize_feature_enabled":true,"jetpack_social_post_already_shared":true,"jetpack_social_options":{"image_generator_settings":{"template":"highway","enabled":false}}},"categories":[1469,1117],"tags":[32,54,1498,1499],"jetpack_publicize_connections":[],"yoast_head":"<!-- This site is optimized with the Yoast SEO plugin v21.5 - https:\/\/yoast.com\/wordpress\/plugins\/seo\/ -->\n<title>S\u00e9duire Isabelle A. : &quot;on choisit pas sa famille&quot;<\/title>\n<meta name=\"description\" content=\"S\u00e9duire Isabelle A. est le roman que nous propose Sophie Bassignac pour la rentr\u00e9e litt\u00e9raire. Il para\u00eet aujourd&#039;hui aux \u00e9ditions JC Latt\u00e8s. Quelques ann\u00e9es\" \/>\n<meta name=\"robots\" content=\"index, follow, max-snippet:-1, max-image-preview:large, max-video-preview:-1\" \/>\n<link rel=\"canonical\" href=\"https:\/\/smallthings.fr\/lespetitslivres\/2016\/08\/31\/seduire-isabelle-a-bassignac-critique\/\" \/>\n<meta property=\"og:locale\" content=\"fr_FR\" \/>\n<meta property=\"og:type\" content=\"article\" \/>\n<meta property=\"og:title\" content=\"S\u00e9duire Isabelle A. : &quot;on choisit pas sa famille&quot;\" \/>\n<meta property=\"og:description\" content=\"S\u00e9duire Isabelle A. est le roman que nous propose Sophie Bassignac pour la rentr\u00e9e litt\u00e9raire. Il para\u00eet aujourd&#039;hui aux \u00e9ditions JC Latt\u00e8s. Quelques ann\u00e9es\" \/>\n<meta property=\"og:url\" content=\"https:\/\/smallthings.fr\/lespetitslivres\/2016\/08\/31\/seduire-isabelle-a-bassignac-critique\/\" \/>\n<meta property=\"og:site_name\" content=\"Les Petits Livres\" \/>\n<meta property=\"article:published_time\" content=\"2016-08-31T11:00:40+00:00\" \/>\n<meta property=\"article:modified_time\" content=\"2016-08-20T08:49:29+00:00\" \/>\n<meta property=\"og:image\" content=\"https:\/\/smallthings.fr\/lespetitslivres\/wp-content\/uploads\/2016\/08\/sophie-bassignac.jpg\" \/>\n\t<meta property=\"og:image:width\" content=\"700\" \/>\n\t<meta property=\"og:image:height\" content=\"394\" \/>\n\t<meta property=\"og:image:type\" content=\"image\/jpeg\" \/>\n<meta name=\"author\" content=\"Claire\" \/>\n<meta name=\"twitter:card\" content=\"summary_large_image\" \/>\n<meta name=\"twitter:label1\" content=\"\u00c9crit par\" \/>\n\t<meta name=\"twitter:data1\" content=\"Claire\" \/>\n\t<meta name=\"twitter:label2\" content=\"Dur\u00e9e de lecture estim\u00e9e\" \/>\n\t<meta name=\"twitter:data2\" content=\"3 minutes\" \/>\n<script type=\"application\/ld+json\" class=\"yoast-schema-graph\">{\"@context\":\"https:\/\/schema.org\",\"@graph\":[{\"@type\":\"WebPage\",\"@id\":\"https:\/\/smallthings.fr\/lespetitslivres\/2016\/08\/31\/seduire-isabelle-a-bassignac-critique\/\",\"url\":\"https:\/\/smallthings.fr\/lespetitslivres\/2016\/08\/31\/seduire-isabelle-a-bassignac-critique\/\",\"name\":\"S\u00e9duire Isabelle A. : \\\"on choisit pas sa famille\\\"\",\"isPartOf\":{\"@id\":\"https:\/\/smallthings.fr\/lespetitslivres\/#website\"},\"datePublished\":\"2016-08-31T11:00:40+00:00\",\"dateModified\":\"2016-08-20T08:49:29+00:00\",\"author\":{\"@id\":\"https:\/\/smallthings.fr\/lespetitslivres\/#\/schema\/person\/504d603cacfe064fe039dfa03a8b7918\"},\"description\":\"S\u00e9duire Isabelle A. est le roman que nous propose Sophie Bassignac pour la rentr\u00e9e litt\u00e9raire. Il para\u00eet aujourd'hui aux \u00e9ditions JC Latt\u00e8s. Quelques ann\u00e9es\",\"breadcrumb\":{\"@id\":\"https:\/\/smallthings.fr\/lespetitslivres\/2016\/08\/31\/seduire-isabelle-a-bassignac-critique\/#breadcrumb\"},\"inLanguage\":\"fr-FR\",\"potentialAction\":[{\"@type\":\"ReadAction\",\"target\":[\"https:\/\/smallthings.fr\/lespetitslivres\/2016\/08\/31\/seduire-isabelle-a-bassignac-critique\/\"]}]},{\"@type\":\"BreadcrumbList\",\"@id\":\"https:\/\/smallthings.fr\/lespetitslivres\/2016\/08\/31\/seduire-isabelle-a-bassignac-critique\/#breadcrumb\",\"itemListElement\":[{\"@type\":\"ListItem\",\"position\":1,\"name\":\"Accueil\",\"item\":\"https:\/\/smallthings.fr\/lespetitslivres\/\"},{\"@type\":\"ListItem\",\"position\":2,\"name\":\"S\u00e9duire Isabelle A. : \u00ab\u00a0on choisit pas sa famille\u00a0\u00bb\"}]},{\"@type\":\"WebSite\",\"@id\":\"https:\/\/smallthings.fr\/lespetitslivres\/#website\",\"url\":\"https:\/\/smallthings.fr\/lespetitslivres\/\",\"name\":\"Les Petits Livres\",\"description\":\"by Small Things\",\"potentialAction\":[{\"@type\":\"SearchAction\",\"target\":{\"@type\":\"EntryPoint\",\"urlTemplate\":\"https:\/\/smallthings.fr\/lespetitslivres\/?s={search_term_string}\"},\"query-input\":\"required name=search_term_string\"}],\"inLanguage\":\"fr-FR\"},{\"@type\":\"Person\",\"@id\":\"https:\/\/smallthings.fr\/lespetitslivres\/#\/schema\/person\/504d603cacfe064fe039dfa03a8b7918\",\"name\":\"Claire\",\"image\":{\"@type\":\"ImageObject\",\"inLanguage\":\"fr-FR\",\"@id\":\"https:\/\/smallthings.fr\/lespetitslivres\/#\/schema\/person\/image\/\",\"url\":\"https:\/\/secure.gravatar.com\/avatar\/9a85ff83d76b3eb17b8cae208640786e?s=96&d=retro&r=g\",\"contentUrl\":\"https:\/\/secure.gravatar.com\/avatar\/9a85ff83d76b3eb17b8cae208640786e?s=96&d=retro&r=g\",\"caption\":\"Claire\"},\"url\":\"https:\/\/smallthings.fr\/lespetitslivres\/author\/claire\/\"}]}<\/script>\n<!-- \/ Yoast SEO plugin. -->","yoast_head_json":{"title":"S\u00e9duire Isabelle A. : \"on choisit pas sa famille\"","description":"S\u00e9duire Isabelle A. est le roman que nous propose Sophie Bassignac pour la rentr\u00e9e litt\u00e9raire. Il para\u00eet aujourd'hui aux \u00e9ditions JC Latt\u00e8s. Quelques ann\u00e9es","robots":{"index":"index","follow":"follow","max-snippet":"max-snippet:-1","max-image-preview":"max-image-preview:large","max-video-preview":"max-video-preview:-1"},"canonical":"https:\/\/smallthings.fr\/lespetitslivres\/2016\/08\/31\/seduire-isabelle-a-bassignac-critique\/","og_locale":"fr_FR","og_type":"article","og_title":"S\u00e9duire Isabelle A. : \"on choisit pas sa famille\"","og_description":"S\u00e9duire Isabelle A. est le roman que nous propose Sophie Bassignac pour la rentr\u00e9e litt\u00e9raire. Il para\u00eet aujourd'hui aux \u00e9ditions JC Latt\u00e8s. Quelques ann\u00e9es","og_url":"https:\/\/smallthings.fr\/lespetitslivres\/2016\/08\/31\/seduire-isabelle-a-bassignac-critique\/","og_site_name":"Les Petits Livres","article_published_time":"2016-08-31T11:00:40+00:00","article_modified_time":"2016-08-20T08:49:29+00:00","og_image":[{"width":700,"height":394,"url":"https:\/\/smallthings.fr\/lespetitslivres\/wp-content\/uploads\/2016\/08\/sophie-bassignac.jpg","type":"image\/jpeg"}],"author":"Claire","twitter_card":"summary_large_image","twitter_misc":{"\u00c9crit par":"Claire","Dur\u00e9e de lecture estim\u00e9e":"3 minutes"},"schema":{"@context":"https:\/\/schema.org","@graph":[{"@type":"WebPage","@id":"https:\/\/smallthings.fr\/lespetitslivres\/2016\/08\/31\/seduire-isabelle-a-bassignac-critique\/","url":"https:\/\/smallthings.fr\/lespetitslivres\/2016\/08\/31\/seduire-isabelle-a-bassignac-critique\/","name":"S\u00e9duire Isabelle A. : \"on choisit pas sa famille\"","isPartOf":{"@id":"https:\/\/smallthings.fr\/lespetitslivres\/#website"},"datePublished":"2016-08-31T11:00:40+00:00","dateModified":"2016-08-20T08:49:29+00:00","author":{"@id":"https:\/\/smallthings.fr\/lespetitslivres\/#\/schema\/person\/504d603cacfe064fe039dfa03a8b7918"},"description":"S\u00e9duire Isabelle A. est le roman que nous propose Sophie Bassignac pour la rentr\u00e9e litt\u00e9raire. Il para\u00eet aujourd'hui aux \u00e9ditions JC Latt\u00e8s. Quelques ann\u00e9es","breadcrumb":{"@id":"https:\/\/smallthings.fr\/lespetitslivres\/2016\/08\/31\/seduire-isabelle-a-bassignac-critique\/#breadcrumb"},"inLanguage":"fr-FR","potentialAction":[{"@type":"ReadAction","target":["https:\/\/smallthings.fr\/lespetitslivres\/2016\/08\/31\/seduire-isabelle-a-bassignac-critique\/"]}]},{"@type":"BreadcrumbList","@id":"https:\/\/smallthings.fr\/lespetitslivres\/2016\/08\/31\/seduire-isabelle-a-bassignac-critique\/#breadcrumb","itemListElement":[{"@type":"ListItem","position":1,"name":"Accueil","item":"https:\/\/smallthings.fr\/lespetitslivres\/"},{"@type":"ListItem","position":2,"name":"S\u00e9duire Isabelle A. : \u00ab\u00a0on choisit pas sa famille\u00a0\u00bb"}]},{"@type":"WebSite","@id":"https:\/\/smallthings.fr\/lespetitslivres\/#website","url":"https:\/\/smallthings.fr\/lespetitslivres\/","name":"Les Petits Livres","description":"by Small Things","potentialAction":[{"@type":"SearchAction","target":{"@type":"EntryPoint","urlTemplate":"https:\/\/smallthings.fr\/lespetitslivres\/?s={search_term_string}"},"query-input":"required name=search_term_string"}],"inLanguage":"fr-FR"},{"@type":"Person","@id":"https:\/\/smallthings.fr\/lespetitslivres\/#\/schema\/person\/504d603cacfe064fe039dfa03a8b7918","name":"Claire","image":{"@type":"ImageObject","inLanguage":"fr-FR","@id":"https:\/\/smallthings.fr\/lespetitslivres\/#\/schema\/person\/image\/","url":"https:\/\/secure.gravatar.com\/avatar\/9a85ff83d76b3eb17b8cae208640786e?s=96&d=retro&r=g","contentUrl":"https:\/\/secure.gravatar.com\/avatar\/9a85ff83d76b3eb17b8cae208640786e?s=96&d=retro&r=g","caption":"Claire"},"url":"https:\/\/smallthings.fr\/lespetitslivres\/author\/claire\/"}]}},"jetpack_featured_media_url":"https:\/\/smallthings.fr\/lespetitslivres\/wp-content\/uploads\/2016\/08\/sophie-bassignac.jpg","jetpack_sharing_enabled":true,"jetpack_shortlink":"https:\/\/wp.me\/p6Un21-7Rw","jetpack-related-posts":[{"id":31758,"url":"https:\/\/smallthings.fr\/lespetitslivres\/2018\/08\/22\/vivre-ensemble-roman-emilie-freche\/","url_meta":{"origin":30226,"position":0},"title":"Vivre ensemble, le nouveau roman d&rsquo;\u00c9milie Fr\u00e8che","author":"Claire","date":"22 ao\u00fbt 2018","format":false,"excerpt":"Le nouveau roman d'\u00c9milie Fr\u00e8che, Vivre ensemble, sort aujourd'hui chez Stock pour la Rentr\u00e9e litt\u00e9raire. Un livre aussi terrifiant que bouleversant qui pose la question du vivre ensemble au sein d'une famille recompos\u00e9e. D\u00e9borah et Pierre, qui ont chacun un fils, d\u00e9cident d'emm\u00e9nager ensemble, pour le meilleur et pour le\u2026","rel":"","context":"Dans &quot;Roman fran\u00e7ais&quot;","block_context":{"text":"Roman fran\u00e7ais","link":"https:\/\/smallthings.fr\/lespetitslivres\/category\/roman\/roman-francais\/"},"img":{"alt_text":"","src":"https:\/\/i0.wp.com\/smallthings.fr\/lespetitslivres\/wp-content\/uploads\/2018\/08\/emilie-freche-vivre-ensemble.jpg?resize=350%2C200&ssl=1","width":350,"height":200,"srcset":"https:\/\/i0.wp.com\/smallthings.fr\/lespetitslivres\/wp-content\/uploads\/2018\/08\/emilie-freche-vivre-ensemble.jpg?resize=350%2C200&ssl=1 1x, https:\/\/i0.wp.com\/smallthings.fr\/lespetitslivres\/wp-content\/uploads\/2018\/08\/emilie-freche-vivre-ensemble.jpg?resize=525%2C300&ssl=1 1.5x"},"classes":[]},{"id":26444,"url":"https:\/\/smallthings.fr\/lespetitslivres\/2015\/08\/24\/la-maladroite-alexandre-seurat-critique\/","url_meta":{"origin":30226,"position":1},"title":"La maladroite, premier roman d&rsquo;Alexandre Seurat","author":"Claire","date":"24 ao\u00fbt 2015","format":false,"excerpt":"La maladroite, premier roman d'Alexandre Seurat, est le bijou inattendu de cette rentr\u00e9e litt\u00e9raire. Paru aux \u00e9ditions du Rouergue le 19 ao\u00fbt, il a d\u00e9j\u00e0 remport\u00e9 le coup de c\u0153ur des magasins Cultura, qui lui assure une belle visibilit\u00e9. Il est \u00e9galement finaliste du Prix Roman Fnac 2015, et on\u2026","rel":"","context":"Dans &quot;Rentr\u00e9e Litt\u00e9raire&quot;","block_context":{"text":"Rentr\u00e9e Litt\u00e9raire","link":"https:\/\/smallthings.fr\/lespetitslivres\/category\/rentree-litteraire-2015\/"},"img":{"alt_text":"","src":"https:\/\/i0.wp.com\/smallthings.fr\/wp-content\/uploads\/2015\/08\/la-maladroite-205x300.jpg?resize=350%2C200","width":350,"height":200},"classes":[]},{"id":31246,"url":"https:\/\/smallthings.fr\/lespetitslivres\/2017\/08\/29\/une-mer-d-huile-morin-critique\/","url_meta":{"origin":30226,"position":2},"title":"Une mer d&rsquo;huile de Pascal Morin, malaise au sein d&rsquo;une famille","author":"Axelle","date":"29 ao\u00fbt 2017","format":false,"excerpt":"Une mer d'huile de Pascal Morin vient de para\u00eetre dans la collection La Brune des \u00e9ditions du Rouergue pour cette rentr\u00e9e litt\u00e9raire. L'histoire d'une routine familiale perturb\u00e9e par l'arriv\u00e9e d'un \u00e9l\u00e9ment nouveau, \u00e9tranger et intriguant. Nous d\u00e9couvrons\u00a0une famille \u00e0 son rendez-vous annuel dans la villa de la C\u00f4te d'Azur. Danielle,\u2026","rel":"","context":"Dans &quot;Roman fran\u00e7ais&quot;","block_context":{"text":"Roman fran\u00e7ais","link":"https:\/\/smallthings.fr\/lespetitslivres\/category\/roman\/roman-francais\/"},"img":{"alt_text":"","src":"https:\/\/i0.wp.com\/smallthings.fr\/lespetitslivres\/wp-content\/uploads\/2017\/08\/mer-d-huile-cover.jpg?resize=350%2C200&ssl=1","width":350,"height":200,"srcset":"https:\/\/i0.wp.com\/smallthings.fr\/lespetitslivres\/wp-content\/uploads\/2017\/08\/mer-d-huile-cover.jpg?resize=350%2C200&ssl=1 1x, https:\/\/i0.wp.com\/smallthings.fr\/lespetitslivres\/wp-content\/uploads\/2017\/08\/mer-d-huile-cover.jpg?resize=525%2C300&ssl=1 1.5x, https:\/\/i0.wp.com\/smallthings.fr\/lespetitslivres\/wp-content\/uploads\/2017\/08\/mer-d-huile-cover.jpg?resize=700%2C400&ssl=1 2x, https:\/\/i0.wp.com\/smallthings.fr\/lespetitslivres\/wp-content\/uploads\/2017\/08\/mer-d-huile-cover.jpg?resize=1050%2C600&ssl=1 3x"},"classes":[]},{"id":15874,"url":"https:\/\/smallthings.fr\/lespetitslivres\/2014\/08\/20\/delacourt-on-ne-voyait-bonheur-roman\/","url_meta":{"origin":30226,"position":3},"title":"Gr\u00e9goire Delacourt &#8211; On ne voyait que le bonheur","author":"Claire","date":"20 ao\u00fbt 2014","format":false,"excerpt":"Gr\u00e9goire Delacourt est d\u00e9cid\u00e9ment un auteur dont on n'arr\u00eate pas de parler. Suite aux sorties poche de ses succ\u00e8s La Premi\u00e8re chose que l'on regarde et La Liste des mes envies, puis son proc\u00e8s avec Scarlett Johansson, voil\u00e0 d\u00e9j\u00e0 son nouveau roman pour la rentr\u00e9e litt\u00e9raire chez JC Latt\u00e8s. Mais\u2026","rel":"","context":"Dans &quot;Roman fran\u00e7ais&quot;","block_context":{"text":"Roman fran\u00e7ais","link":"https:\/\/smallthings.fr\/lespetitslivres\/category\/roman\/roman-francais\/"},"img":{"alt_text":"Gr\u00c3\u00a9goire Delacourt","src":"https:\/\/i0.wp.com\/smallthings.fr\/wp-content\/uploads\/2014\/08\/gregoire-delacourt.jpeg?resize=350%2C200","width":350,"height":200,"srcset":"https:\/\/i0.wp.com\/smallthings.fr\/wp-content\/uploads\/2014\/08\/gregoire-delacourt.jpeg?resize=350%2C200 1x, https:\/\/i0.wp.com\/smallthings.fr\/wp-content\/uploads\/2014\/08\/gregoire-delacourt.jpeg?resize=525%2C300 1.5x"},"classes":[]},{"id":31799,"url":"https:\/\/smallthings.fr\/lespetitslivres\/2018\/09\/04\/trancher-amelie-cordonnier-roman-avis\/","url_meta":{"origin":30226,"position":4},"title":"Trancher, quand les mots d\u00e9truisent : le premier roman d&rsquo;Am\u00e9lie Cordonnier","author":"Claire","date":"4 septembre 2018","format":false,"excerpt":"En cette Rentr\u00e9e litt\u00e9raire, la journaliste Am\u00e9lie Cordonnier publie son premier roman, Trancher, chez Flammarion. Un livre difficile qui aborde le sujet de la violence conjugale verbale. L'h\u00e9ro\u00efne est en couple avec Aur\u00e9lien. Ils ont deux enfants. Apr\u00e8s des ann\u00e9es de tr\u00eave, Aur\u00e9lien recommence \u00e0 l'insulter, et ce devant leurs\u2026","rel":"","context":"Dans &quot;Roman fran\u00e7ais&quot;","block_context":{"text":"Roman fran\u00e7ais","link":"https:\/\/smallthings.fr\/lespetitslivres\/category\/roman\/roman-francais\/"},"img":{"alt_text":"","src":"https:\/\/i0.wp.com\/smallthings.fr\/lespetitslivres\/wp-content\/uploads\/2018\/09\/trancher-cordonnier-cover.jpg?resize=350%2C200&ssl=1","width":350,"height":200,"srcset":"https:\/\/i0.wp.com\/smallthings.fr\/lespetitslivres\/wp-content\/uploads\/2018\/09\/trancher-cordonnier-cover.jpg?resize=350%2C200&ssl=1 1x, https:\/\/i0.wp.com\/smallthings.fr\/lespetitslivres\/wp-content\/uploads\/2018\/09\/trancher-cordonnier-cover.jpg?resize=525%2C300&ssl=1 1.5x"},"classes":[]},{"id":7609,"url":"https:\/\/smallthings.fr\/lespetitslivres\/2013\/08\/23\/delphine-bertholon-le-soleil-a-mes-pieds\/","url_meta":{"origin":30226,"position":5},"title":"Delphine Bertholon &#8211; Le soleil \u00e0 mes pieds","author":"Claire","date":"23 ao\u00fbt 2013","format":false,"excerpt":"Continuons notre exploration des sorties de la rentr\u00e9e litt\u00e9raire avec le nouveau roman de Delphine Berthelon qui para\u00eet chez JC Latt\u00e8s.","rel":"","context":"Dans &quot;Roman fran\u00e7ais&quot;","block_context":{"text":"Roman fran\u00e7ais","link":"https:\/\/smallthings.fr\/lespetitslivres\/category\/roman\/roman-francais\/"},"img":{"alt_text":"","src":"","width":0,"height":0},"classes":[]}],"_links":{"self":[{"href":"https:\/\/smallthings.fr\/lespetitslivres\/wp-json\/wp\/v2\/posts\/30226"}],"collection":[{"href":"https:\/\/smallthings.fr\/lespetitslivres\/wp-json\/wp\/v2\/posts"}],"about":[{"href":"https:\/\/smallthings.fr\/lespetitslivres\/wp-json\/wp\/v2\/types\/post"}],"author":[{"embeddable":true,"href":"https:\/\/smallthings.fr\/lespetitslivres\/wp-json\/wp\/v2\/users\/2"}],"replies":[{"embeddable":true,"href":"https:\/\/smallthings.fr\/lespetitslivres\/wp-json\/wp\/v2\/comments?post=30226"}],"version-history":[{"count":2,"href":"https:\/\/smallthings.fr\/lespetitslivres\/wp-json\/wp\/v2\/posts\/30226\/revisions"}],"predecessor-version":[{"id":30230,"href":"https:\/\/smallthings.fr\/lespetitslivres\/wp-json\/wp\/v2\/posts\/30226\/revisions\/30230"}],"wp:featuredmedia":[{"embeddable":true,"href":"https:\/\/smallthings.fr\/lespetitslivres\/wp-json\/wp\/v2\/media\/30227"}],"wp:attachment":[{"href":"https:\/\/smallthings.fr\/lespetitslivres\/wp-json\/wp\/v2\/media?parent=30226"}],"wp:term":[{"taxonomy":"category","embeddable":true,"href":"https:\/\/smallthings.fr\/lespetitslivres\/wp-json\/wp\/v2\/categories?post=30226"},{"taxonomy":"post_tag","embeddable":true,"href":"https:\/\/smallthings.fr\/lespetitslivres\/wp-json\/wp\/v2\/tags?post=30226"}],"curies":[{"name":"wp","href":"https:\/\/api.w.org\/{rel}","templated":true}]}}