{"id":30207,"date":"2016-08-24T12:00:31","date_gmt":"2016-08-24T11:00:31","guid":{"rendered":"http:\/\/smallthings.fr\/lespetitslivres\/?p=30207"},"modified":"2016-08-29T13:12:12","modified_gmt":"2016-08-29T12:12:12","slug":"metamorphose-d-un-crabe-univers-carceral","status":"publish","type":"post","link":"https:\/\/smallthings.fr\/lespetitslivres\/2016\/08\/24\/metamorphose-d-un-crabe-univers-carceral\/","title":{"rendered":"M\u00e9tamorphose d&rsquo;un crabe, au c\u0153ur de l&rsquo;univers carc\u00e9ral"},"content":{"rendered":"<h2>Apr\u00e8s un recueil de nouvelles en 2003, Sylvie Dazy propose <em>M\u00e9tamorphose d\u2019un crabe<\/em>, un roman audacieux. Publi\u00e9 au <a href=\"http:\/\/www.ledilettante.com\/livre-9782842638764.htm\">Dilettante<\/a> pour cette rentr\u00e9e litt\u00e9raire, il nous plonge dans le difficile univers carc\u00e9ral.<\/h2>\n<p><strong>\u00c9crire un grand livre sur la prison\u00a0: voil\u00e0 un projet surprenant et ambitieux dans lequel s\u2019est lanc\u00e9e Sylvie Dazy<\/strong>. Casse-gueule sans doute aussi un peu, peut-\u00eatre plus risqu\u00e9 pour une femme d\u2019ailleurs. Parce qu\u2019il est rude, cet univers. Il est dur pour les c\u0153urs tendres. Pas de place pour le sentimentalisme ou bien on cr\u00e8ve. Le gris omnipr\u00e9sent, les murs d\u2019un autre \u00e2ge, les pas qui r\u00e9sonnent dans ces couloirs en \u00e9toiles, con\u00e7us fonctionnels\u00a0: tout est l\u00e0 pour oublier la vie dehors. La vie tout court en fait. Ici, on survit. Et puis le cliquetis des cl\u00e9s sur les trousseaux, qui s\u00e9parent les d\u00e9tenus des matons, les hommes libres des autres. Le pouvoir, plus concret et palpable que jamais. C\u2019est tout un univers qui se d\u00e9ploie derri\u00e8re ces hauts murs sinistres.<\/p>\n<p><img loading=\"lazy\" decoding=\"async\" data-attachment-id=\"30210\" data-permalink=\"https:\/\/smallthings.fr\/lespetitslivres\/2016\/08\/24\/metamorphose-d-un-crabe-univers-carceral\/metamorphose-d-un-crabe\/\" data-orig-file=\"https:\/\/smallthings.fr\/lespetitslivres\/wp-content\/uploads\/2016\/08\/metamorphose-d-un-crabe.jpg\" data-orig-size=\"310,470\" data-comments-opened=\"1\" data-image-meta=\"{&quot;aperture&quot;:&quot;0&quot;,&quot;credit&quot;:&quot;&quot;,&quot;camera&quot;:&quot;&quot;,&quot;caption&quot;:&quot;&quot;,&quot;created_timestamp&quot;:&quot;0&quot;,&quot;copyright&quot;:&quot;&quot;,&quot;focal_length&quot;:&quot;0&quot;,&quot;iso&quot;:&quot;0&quot;,&quot;shutter_speed&quot;:&quot;0&quot;,&quot;title&quot;:&quot;&quot;,&quot;orientation&quot;:&quot;0&quot;}\" data-image-title=\"metamorphose-d-un-crabe\" data-image-description=\"\" data-image-caption=\"\" data-medium-file=\"https:\/\/smallthings.fr\/lespetitslivres\/wp-content\/uploads\/2016\/08\/metamorphose-d-un-crabe-198x300.jpg\" data-large-file=\"https:\/\/smallthings.fr\/lespetitslivres\/wp-content\/uploads\/2016\/08\/metamorphose-d-un-crabe.jpg\" class=\"alignleft size-full wp-image-30210\" src=\"http:\/\/smallthings.fr\/lespetitslivres\/wp-content\/uploads\/2016\/08\/metamorphose-d-un-crabe.jpg\" alt=\"metamorphose-d-un-crabe\" width=\"310\" height=\"470\" srcset=\"https:\/\/smallthings.fr\/lespetitslivres\/wp-content\/uploads\/2016\/08\/metamorphose-d-un-crabe.jpg 310w, https:\/\/smallthings.fr\/lespetitslivres\/wp-content\/uploads\/2016\/08\/metamorphose-d-un-crabe-198x300.jpg 198w\" sizes=\"(max-width: 310px) 100vw, 310px\" \/>Christo a toujours connu l\u2019univers de la p\u00e9nitentiaire. Petit, ses parents avaient un caf\u00e9 derri\u00e8re la prison centrale du Nord. Le personnel venait y boire un coup, raconter ses\u00a0histoires, se laver de toute cette\u00a0 vie sordide. Finalement, c\u2019\u00e9tait normal de passer les concours de l\u2019administration p\u00e9nitentiaire. Mais au fond, ce qu\u2019il est, c\u2019est ethnologue. Observer ces dr\u00f4les d\u2019oiseaux dans un endroit clos, \u00e7a serait forc\u00e9ment une exp\u00e9rience in\u00e9dite. Alors, il s\u2019est pris au jeu. Rigoureux, professionnel, curieux, discret\u00a0: les qualit\u00e9s, il les avait, c\u2019est s\u00fbr. Et puis, un peu de hasard par ici, un coup de chance par l\u00e0 et la carri\u00e8re a bien \u00e9volu\u00e9. Et vite. Tellement qu\u2019on a commenc\u00e9 \u00e0 raconter des choses, les bruits de couloirs se sont fait lourds parfois. Rien \u00e0 foutre. La prison, il l\u2019a dans le sang. Il n\u2019y a qu\u2019ici qu\u2019il est bien. S\u2019il pouvait, il installerait un lit de camp dans son minuscule bureau et il y passerait les nuits. Et peu importe ce qu\u2019en disent les autres. Alors Christo ignore les avertissements, pourtant bien avis\u00e9s. La p\u00e9nitentiaire, il faut la tenir \u00e0 l\u2019\u0153il ou bien elle te broie.<\/p>\n<p>Sylvie Dazy propose avec <em>M\u00e9tamorphose d&rsquo;un crabe<\/em> un roman sombre aux fronti\u00e8res d\u2019un monde que l\u2019on conna\u00eet mal et que l\u2019on fait mine de ne pas voir. Et la prison, elle la conna\u00eet. Conseill\u00e8re d&rsquo;insertion et de probation au service socio-\u00e9ducatif de la prison de la Sant\u00e9\u00a0: autant dire qu\u2019elle sait de quoi elle parle. Dans ces couloirs sordides, elle dit avoir tout appris des relations humaines En 2003 d\u00e9j\u00e0, elle avait tent\u00e9 l\u2019exp\u00e9rience et avait pris la plume pour nous parler de cet univers. <em>La gueule du loup<\/em> publi\u00e9 chez l\u2019Harmattan proposait des nouvelles sur le th\u00e8me de l\u2019univers carc\u00e9ral. Des portraits, des morceaux de vie. Aujourd\u2019hui, elle propose une \u0153uvre plus longue, et bien construite.<\/p>\n<p>Sans complaisance, <em>M\u00e9tamorphose d&rsquo;un crabe<\/em> emm\u00e8ne Christo sur des chemins difficiles. La solitude ressentie derri\u00e8re ces murs, puis bien r\u00e9elle quand tout le monde est parti. Le pi\u00e8ge se referme avec cette lourde porte. Lentement, en grin\u00e7ant. On y \u00e9touffe, l\u2019atmosph\u00e8re est moite \u00e0 souhait. Le cliquetis des cl\u00e9s, on l\u2019entend. L\u2019humidit\u00e9 de l\u2019air, on la sent. Et <strong>cette lourdeur nous accompagne tout au long de ce r\u00e9cit dense. Car le lecteur n\u2019a pas plus de r\u00e9pit que le h\u00e9ros de cette histoire<\/strong>. Et face \u00e0 cette solitude, le dilemme. Qui suis-je\u00a0? Se perdre soi-m\u00eame alors que l\u2019on croit dominer la situation. Se laisser glisser parfois quand le quotidien devient trop compliqu\u00e9.<\/p>\n<p><em>M\u00e9tamorphose d&rsquo;un crabe<\/em> est une d\u00e9couverte. Un livre \u00e0 lire. On est surpris de d\u00e9couvrir que l\u2019auteur est <u>une<\/u> auteure tant la voix du narrateur est pleine de testost\u00e9rone. Pas mal plac\u00e9e, juste virile. Pas de place aux \u00e9motions, la p\u00e9nitentiaire les tue. Juste ce quotidien, les jours qui d\u00e9filent, les ann\u00e9es qui passent. Et la derni\u00e8re page qui se referme bruyamment, comme une porte aux multiples serrures. Et toujours le cliquetis des cl\u00e9s sur le trousseau&#8230;<\/p>\n","protected":false},"excerpt":{"rendered":"<p>Apr\u00e8s un recueil de nouvelles en 2003, Sylvie Dazy propose M\u00e9tamorphose d\u2019un crabe, un roman audacieux. Publi\u00e9 au Dilettante pour cette rentr\u00e9e litt\u00e9raire, il nous plonge dans le difficile univers carc\u00e9ral. \u00c9crire un grand livre sur la prison\u00a0: voil\u00e0 un projet surprenant et ambitieux dans lequel s\u2019est lanc\u00e9e Sylvie Dazy. Casse-gueule sans doute aussi un<\/p>\n","protected":false},"author":6,"featured_media":30209,"comment_status":"open","ping_status":"open","sticky":false,"template":"","format":"standard","meta":{"jetpack_post_was_ever_published":false,"_jetpack_newsletter_access":"","_jetpack_newsletter_tier_id":0,"footnotes":"","jetpack_publicize_message":"","jetpack_is_tweetstorm":false,"jetpack_publicize_feature_enabled":true,"jetpack_social_post_already_shared":true,"jetpack_social_options":{"image_generator_settings":{"template":"highway","enabled":false}}},"categories":[1469,1117],"tags":[1492,32,54,1493],"jetpack_publicize_connections":[],"yoast_head":"<!-- This site is optimized with the Yoast SEO plugin v21.5 - https:\/\/yoast.com\/wordpress\/plugins\/seo\/ -->\n<title>M\u00e9tamorphose d&#039;un crabe, au c\u0153ur de l&#039;univers carc\u00e9ral<\/title>\n<meta name=\"description\" content=\"Apr\u00e8s un recueil de nouvelles en 2003, Sylvie Dazy propose M\u00e9tamorphose d\u2019un crabe, un roman audacieux. Publi\u00e9 au Dilettante pour cette rentr\u00e9e litt\u00e9raire,\" \/>\n<meta name=\"robots\" content=\"index, follow, max-snippet:-1, max-image-preview:large, max-video-preview:-1\" \/>\n<link rel=\"canonical\" href=\"http:\/\/smallthings.fr\/lespetitslivres\/2016\/08\/24\/metamorphose-d-un-crabe-univers-carceral\/\" \/>\n<meta property=\"og:locale\" content=\"fr_FR\" \/>\n<meta property=\"og:type\" content=\"article\" \/>\n<meta property=\"og:title\" content=\"M\u00e9tamorphose d&#039;un crabe, au c\u0153ur de l&#039;univers carc\u00e9ral\" \/>\n<meta property=\"og:description\" content=\"Apr\u00e8s un recueil de nouvelles en 2003, Sylvie Dazy propose M\u00e9tamorphose d\u2019un crabe, un roman audacieux. Publi\u00e9 au Dilettante pour cette rentr\u00e9e litt\u00e9raire,\" \/>\n<meta property=\"og:url\" content=\"http:\/\/smallthings.fr\/lespetitslivres\/2016\/08\/24\/metamorphose-d-un-crabe-univers-carceral\/\" \/>\n<meta property=\"og:site_name\" content=\"Les Petits Livres\" \/>\n<meta property=\"article:published_time\" content=\"2016-08-24T11:00:31+00:00\" \/>\n<meta property=\"article:modified_time\" content=\"2016-08-29T12:12:12+00:00\" \/>\n<meta property=\"og:image\" content=\"https:\/\/i0.wp.com\/smallthings.fr\/lespetitslivres\/wp-content\/uploads\/2016\/08\/sylvie-dazy-metamorphose.jpg?fit=1063%2C709\" \/>\n\t<meta property=\"og:image:width\" content=\"1063\" \/>\n\t<meta property=\"og:image:height\" content=\"709\" \/>\n\t<meta property=\"og:image:type\" content=\"image\/jpeg\" \/>\n<meta name=\"author\" content=\"Audrey Ch\u00e8vrefeuille\" \/>\n<meta name=\"twitter:card\" content=\"summary_large_image\" \/>\n<meta name=\"twitter:label1\" content=\"\u00c9crit par\" \/>\n\t<meta name=\"twitter:data1\" content=\"Audrey Ch\u00e8vrefeuille\" \/>\n\t<meta name=\"twitter:label2\" content=\"Dur\u00e9e de lecture estim\u00e9e\" \/>\n\t<meta name=\"twitter:data2\" content=\"4 minutes\" \/>\n<script type=\"application\/ld+json\" class=\"yoast-schema-graph\">{\"@context\":\"https:\/\/schema.org\",\"@graph\":[{\"@type\":\"WebPage\",\"@id\":\"http:\/\/smallthings.fr\/lespetitslivres\/2016\/08\/24\/metamorphose-d-un-crabe-univers-carceral\/\",\"url\":\"http:\/\/smallthings.fr\/lespetitslivres\/2016\/08\/24\/metamorphose-d-un-crabe-univers-carceral\/\",\"name\":\"M\u00e9tamorphose d'un crabe, au c\u0153ur de l'univers carc\u00e9ral\",\"isPartOf\":{\"@id\":\"https:\/\/smallthings.fr\/lespetitslivres\/#website\"},\"datePublished\":\"2016-08-24T11:00:31+00:00\",\"dateModified\":\"2016-08-29T12:12:12+00:00\",\"author\":{\"@id\":\"https:\/\/smallthings.fr\/lespetitslivres\/#\/schema\/person\/aab65d6efcfc32725dcf5e977fdbcc75\"},\"description\":\"Apr\u00e8s un recueil de nouvelles en 2003, Sylvie Dazy propose M\u00e9tamorphose d\u2019un crabe, un roman audacieux. Publi\u00e9 au Dilettante pour cette rentr\u00e9e litt\u00e9raire,\",\"breadcrumb\":{\"@id\":\"http:\/\/smallthings.fr\/lespetitslivres\/2016\/08\/24\/metamorphose-d-un-crabe-univers-carceral\/#breadcrumb\"},\"inLanguage\":\"fr-FR\",\"potentialAction\":[{\"@type\":\"ReadAction\",\"target\":[\"http:\/\/smallthings.fr\/lespetitslivres\/2016\/08\/24\/metamorphose-d-un-crabe-univers-carceral\/\"]}]},{\"@type\":\"BreadcrumbList\",\"@id\":\"http:\/\/smallthings.fr\/lespetitslivres\/2016\/08\/24\/metamorphose-d-un-crabe-univers-carceral\/#breadcrumb\",\"itemListElement\":[{\"@type\":\"ListItem\",\"position\":1,\"name\":\"Accueil\",\"item\":\"https:\/\/smallthings.fr\/lespetitslivres\/\"},{\"@type\":\"ListItem\",\"position\":2,\"name\":\"M\u00e9tamorphose d&rsquo;un crabe, au c\u0153ur de l&rsquo;univers carc\u00e9ral\"}]},{\"@type\":\"WebSite\",\"@id\":\"https:\/\/smallthings.fr\/lespetitslivres\/#website\",\"url\":\"https:\/\/smallthings.fr\/lespetitslivres\/\",\"name\":\"Les Petits Livres\",\"description\":\"by Small Things\",\"potentialAction\":[{\"@type\":\"SearchAction\",\"target\":{\"@type\":\"EntryPoint\",\"urlTemplate\":\"https:\/\/smallthings.fr\/lespetitslivres\/?s={search_term_string}\"},\"query-input\":\"required name=search_term_string\"}],\"inLanguage\":\"fr-FR\"},{\"@type\":\"Person\",\"@id\":\"https:\/\/smallthings.fr\/lespetitslivres\/#\/schema\/person\/aab65d6efcfc32725dcf5e977fdbcc75\",\"name\":\"Audrey Ch\u00e8vrefeuille\",\"image\":{\"@type\":\"ImageObject\",\"inLanguage\":\"fr-FR\",\"@id\":\"https:\/\/smallthings.fr\/lespetitslivres\/#\/schema\/person\/image\/\",\"url\":\"https:\/\/secure.gravatar.com\/avatar\/5b5b4b3479c8d73a7ac976231ee93e9a?s=96&d=retro&r=g\",\"contentUrl\":\"https:\/\/secure.gravatar.com\/avatar\/5b5b4b3479c8d73a7ac976231ee93e9a?s=96&d=retro&r=g\",\"caption\":\"Audrey Ch\u00e8vrefeuille\"},\"url\":\"https:\/\/smallthings.fr\/lespetitslivres\/author\/audrey_h\/\"}]}<\/script>\n<!-- \/ Yoast SEO plugin. -->","yoast_head_json":{"title":"M\u00e9tamorphose d'un crabe, au c\u0153ur de l'univers carc\u00e9ral","description":"Apr\u00e8s un recueil de nouvelles en 2003, Sylvie Dazy propose M\u00e9tamorphose d\u2019un crabe, un roman audacieux. Publi\u00e9 au Dilettante pour cette rentr\u00e9e litt\u00e9raire,","robots":{"index":"index","follow":"follow","max-snippet":"max-snippet:-1","max-image-preview":"max-image-preview:large","max-video-preview":"max-video-preview:-1"},"canonical":"http:\/\/smallthings.fr\/lespetitslivres\/2016\/08\/24\/metamorphose-d-un-crabe-univers-carceral\/","og_locale":"fr_FR","og_type":"article","og_title":"M\u00e9tamorphose d'un crabe, au c\u0153ur de l'univers carc\u00e9ral","og_description":"Apr\u00e8s un recueil de nouvelles en 2003, Sylvie Dazy propose M\u00e9tamorphose d\u2019un crabe, un roman audacieux. Publi\u00e9 au Dilettante pour cette rentr\u00e9e litt\u00e9raire,","og_url":"http:\/\/smallthings.fr\/lespetitslivres\/2016\/08\/24\/metamorphose-d-un-crabe-univers-carceral\/","og_site_name":"Les Petits Livres","article_published_time":"2016-08-24T11:00:31+00:00","article_modified_time":"2016-08-29T12:12:12+00:00","og_image":[{"width":1063,"height":709,"url":"https:\/\/i0.wp.com\/smallthings.fr\/lespetitslivres\/wp-content\/uploads\/2016\/08\/sylvie-dazy-metamorphose.jpg?fit=1063%2C709","type":"image\/jpeg"}],"author":"Audrey Ch\u00e8vrefeuille","twitter_card":"summary_large_image","twitter_misc":{"\u00c9crit par":"Audrey Ch\u00e8vrefeuille","Dur\u00e9e de lecture estim\u00e9e":"4 minutes"},"schema":{"@context":"https:\/\/schema.org","@graph":[{"@type":"WebPage","@id":"http:\/\/smallthings.fr\/lespetitslivres\/2016\/08\/24\/metamorphose-d-un-crabe-univers-carceral\/","url":"http:\/\/smallthings.fr\/lespetitslivres\/2016\/08\/24\/metamorphose-d-un-crabe-univers-carceral\/","name":"M\u00e9tamorphose d'un crabe, au c\u0153ur de l'univers carc\u00e9ral","isPartOf":{"@id":"https:\/\/smallthings.fr\/lespetitslivres\/#website"},"datePublished":"2016-08-24T11:00:31+00:00","dateModified":"2016-08-29T12:12:12+00:00","author":{"@id":"https:\/\/smallthings.fr\/lespetitslivres\/#\/schema\/person\/aab65d6efcfc32725dcf5e977fdbcc75"},"description":"Apr\u00e8s un recueil de nouvelles en 2003, Sylvie Dazy propose M\u00e9tamorphose d\u2019un crabe, un roman audacieux. Publi\u00e9 au Dilettante pour cette rentr\u00e9e litt\u00e9raire,","breadcrumb":{"@id":"http:\/\/smallthings.fr\/lespetitslivres\/2016\/08\/24\/metamorphose-d-un-crabe-univers-carceral\/#breadcrumb"},"inLanguage":"fr-FR","potentialAction":[{"@type":"ReadAction","target":["http:\/\/smallthings.fr\/lespetitslivres\/2016\/08\/24\/metamorphose-d-un-crabe-univers-carceral\/"]}]},{"@type":"BreadcrumbList","@id":"http:\/\/smallthings.fr\/lespetitslivres\/2016\/08\/24\/metamorphose-d-un-crabe-univers-carceral\/#breadcrumb","itemListElement":[{"@type":"ListItem","position":1,"name":"Accueil","item":"https:\/\/smallthings.fr\/lespetitslivres\/"},{"@type":"ListItem","position":2,"name":"M\u00e9tamorphose d&rsquo;un crabe, au c\u0153ur de l&rsquo;univers carc\u00e9ral"}]},{"@type":"WebSite","@id":"https:\/\/smallthings.fr\/lespetitslivres\/#website","url":"https:\/\/smallthings.fr\/lespetitslivres\/","name":"Les Petits Livres","description":"by Small Things","potentialAction":[{"@type":"SearchAction","target":{"@type":"EntryPoint","urlTemplate":"https:\/\/smallthings.fr\/lespetitslivres\/?s={search_term_string}"},"query-input":"required name=search_term_string"}],"inLanguage":"fr-FR"},{"@type":"Person","@id":"https:\/\/smallthings.fr\/lespetitslivres\/#\/schema\/person\/aab65d6efcfc32725dcf5e977fdbcc75","name":"Audrey Ch\u00e8vrefeuille","image":{"@type":"ImageObject","inLanguage":"fr-FR","@id":"https:\/\/smallthings.fr\/lespetitslivres\/#\/schema\/person\/image\/","url":"https:\/\/secure.gravatar.com\/avatar\/5b5b4b3479c8d73a7ac976231ee93e9a?s=96&d=retro&r=g","contentUrl":"https:\/\/secure.gravatar.com\/avatar\/5b5b4b3479c8d73a7ac976231ee93e9a?s=96&d=retro&r=g","caption":"Audrey Ch\u00e8vrefeuille"},"url":"https:\/\/smallthings.fr\/lespetitslivres\/author\/audrey_h\/"}]}},"jetpack_featured_media_url":"https:\/\/smallthings.fr\/lespetitslivres\/wp-content\/uploads\/2016\/08\/sylvie-dazy-metamorphose.jpg","jetpack_sharing_enabled":true,"jetpack_shortlink":"https:\/\/wp.me\/p6Un21-7Rd","jetpack-related-posts":[{"id":26589,"url":"https:\/\/smallthings.fr\/lespetitslivres\/2015\/08\/29\/a-l-enseigne-du-coeur-epris-pigeat-critique\/","url_meta":{"origin":30207,"position":0},"title":"\u00c0 l\u2019enseigne du c\u0153ur \u00e9pris : premier roman de Jean-Fran\u00e7ois Pigeat","author":"Audrey Ch\u00e8vrefeuille","date":"29 ao\u00fbt 2015","format":false,"excerpt":"\u00c0 l\u2019enseigne du c\u0153ur \u00e9pris est le premier roman de Jean-Fran\u00e7ois Pigeat, paru au Dilettante pour la rentr\u00e9e litt\u00e9raire. \u00c0 l\u2019enseigne du c\u0153ur \u00e9pris est l\u2019histoire d\u2019un type. Et d\u2019une femme. La vie les a marqu\u00e9s, le mariage ne leur a pas r\u00e9ussi. Lass\u00e9s du c\u00e9libat mais devenus exigeants par\u2026","rel":"","context":"Dans &quot;Rentr\u00e9e Litt\u00e9raire&quot;","block_context":{"text":"Rentr\u00e9e Litt\u00e9raire","link":"https:\/\/smallthings.fr\/lespetitslivres\/category\/rentree-litteraire-2015\/"},"img":{"alt_text":"","src":"","width":0,"height":0},"classes":[]},{"id":26328,"url":"https:\/\/smallthings.fr\/lespetitslivres\/2015\/08\/20\/un-homme-dangereux-emilie-freche-critique\/","url_meta":{"origin":30207,"position":1},"title":"Un homme dangereux &#8211; \u00c9milie Fr\u00e8che","author":"Claire","date":"20 ao\u00fbt 2015","format":false,"excerpt":"Un homme dangereux, nouveau roman d\u2019\u00c9milie Fr\u00e8che, laur\u00e9ate en 2013 du Prix Orange du Livre avec Deux \u00e9trangers, vient de para\u00eetre chez Stock. Fort et captivant, c'est l'un de mes coups de c\u0153ur de cette rentr\u00e9e litt\u00e9raire. Un homme dangereux raconte l'une de ces rencontres qui nous changent et nous\u2026","rel":"","context":"Dans &quot;Rentr\u00e9e Litt\u00e9raire&quot;","block_context":{"text":"Rentr\u00e9e Litt\u00e9raire","link":"https:\/\/smallthings.fr\/lespetitslivres\/category\/rentree-litteraire-2015\/"},"img":{"alt_text":"","src":"","width":0,"height":0},"classes":[]},{"id":9048,"url":"https:\/\/smallthings.fr\/lespetitslivres\/2013\/11\/13\/grace-mccleen-plus-beau-de-tous-les-pays\/","url_meta":{"origin":30207,"position":2},"title":"Le plus beau de tous les pays selon Grace McCleen","author":"Yohann","date":"13 novembre 2013","format":false,"excerpt":"Le premier roman de Grace McCleen, Le plus beau de tous les pays (en anglais The land of decoration) est sorti en fran\u00e7ais chez Nil Editions pour la rentr\u00e9e litt\u00e9raire.","rel":"","context":"Dans &quot;Roman \u00e9tranger&quot;","block_context":{"text":"Roman \u00e9tranger","link":"https:\/\/smallthings.fr\/lespetitslivres\/category\/roman\/roman-etranger\/"},"img":{"alt_text":"Grace McCleen \u00c2\u00a9 Pal Hansen","src":"https:\/\/i0.wp.com\/uploads.smallthings.fr\/2013\/11\/Grace-McCleen-010.jpg?resize=350%2C200","width":350,"height":200},"classes":[]},{"id":30163,"url":"https:\/\/smallthings.fr\/lespetitslivres\/2016\/08\/28\/10-04-ben-lerner-roman-critique\/","url_meta":{"origin":30207,"position":3},"title":"10:04 de Ben Lerner : le roman du romancier","author":"Diane Norric","date":"28 ao\u00fbt 2016","format":false,"excerpt":"10:04 est le second roman de l'Am\u00e9ricain Ben Lerner, que publient les \u00e9ditions de l\u2019Olivier en cette rentr\u00e9e litt\u00e9raire. Le premier roman de l'auteur, Au d\u00e9part d\u2019Atocha, encens\u00e9 par la critique anglo-saxonne \u00e9tait paru en fran\u00e7ais chez le m\u00eame \u00e9diteur. 10:04 est lui aussi pr\u00e9c\u00e9d\u00e9 d\u2019une flatteuse r\u00e9putation. Dans ce\u2026","rel":"","context":"Dans &quot;Rentr\u00e9e litt\u00e9raire&quot;","block_context":{"text":"Rentr\u00e9e litt\u00e9raire","link":"https:\/\/smallthings.fr\/lespetitslivres\/category\/rentree-litteraire\/"},"img":{"alt_text":"","src":"https:\/\/i0.wp.com\/smallthings.fr\/lespetitslivres\/wp-content\/uploads\/2016\/07\/10-04-lerner-couv.jpg?resize=350%2C200&ssl=1","width":350,"height":200,"srcset":"https:\/\/i0.wp.com\/smallthings.fr\/lespetitslivres\/wp-content\/uploads\/2016\/07\/10-04-lerner-couv.jpg?resize=350%2C200&ssl=1 1x, https:\/\/i0.wp.com\/smallthings.fr\/lespetitslivres\/wp-content\/uploads\/2016\/07\/10-04-lerner-couv.jpg?resize=525%2C300&ssl=1 1.5x, https:\/\/i0.wp.com\/smallthings.fr\/lespetitslivres\/wp-content\/uploads\/2016\/07\/10-04-lerner-couv.jpg?resize=700%2C400&ssl=1 2x, https:\/\/i0.wp.com\/smallthings.fr\/lespetitslivres\/wp-content\/uploads\/2016\/07\/10-04-lerner-couv.jpg?resize=1050%2C600&ssl=1 3x"},"classes":[]},{"id":26290,"url":"https:\/\/smallthings.fr\/lespetitslivres\/2015\/08\/19\/petits-plats-de-resistance-pujol-critique\/","url_meta":{"origin":30207,"position":4},"title":"Petits plats de r\u00e9sistance : le premier roman de Pascale Pujol","author":"Audrey Ch\u00e8vrefeuille","date":"19 ao\u00fbt 2015","format":false,"excerpt":"Avec Petits plats de r\u00e9sistance, de Pascale Pujol signe l'une des publications les plus originales de cette rentr\u00e9e litt\u00e9raire aux \u00e9ditions du Dilettante. Un premier roman pour cette auteure, qui s\u2019\u00e9tait auparavant essay\u00e9e au recueil de nouvelles en 2014 avec Fragments d\u2019un texto amoureux, publi\u00e9 aux \u00e9ditions Quadrature, un \u00e9diteur\u2026","rel":"","context":"Dans &quot;Rentr\u00e9e Litt\u00e9raire&quot;","block_context":{"text":"Rentr\u00e9e Litt\u00e9raire","link":"https:\/\/smallthings.fr\/lespetitslivres\/category\/rentree-litteraire-2015\/"},"img":{"alt_text":"","src":"https:\/\/i0.wp.com\/smallthings.fr\/wp-content\/uploads\/2015\/08\/petits-plats-de-resistance.jpg?resize=350%2C200","width":350,"height":200},"classes":[]},{"id":31241,"url":"https:\/\/smallthings.fr\/lespetitslivres\/2017\/08\/28\/faux-depart-marion-messina-critique\/","url_meta":{"origin":30207,"position":5},"title":"Faux d\u00e9part : portrait d&rsquo;une jeunesse d\u00e9senchant\u00e9e","author":"Marie Leroy","date":"28 ao\u00fbt 2017","format":false,"excerpt":"Faux d\u00e9part de Marion Messina vient de para\u00eetre chez Le Dilettante pour cette rentr\u00e9e litt\u00e9raire. Un premier roman au style direct et sans m\u00e9lodrame mais au pessimisme latent, d\u00e9non\u00e7ant l'injustice d'\u00eatre mal n\u00e9 dans un monde o\u00f9 il est difficile de changer de classe sociale. Quand on d\u00e9bute sa vie\u2026","rel":"","context":"Dans &quot;Roman fran\u00e7ais&quot;","block_context":{"text":"Roman fran\u00e7ais","link":"https:\/\/smallthings.fr\/lespetitslivres\/category\/roman\/roman-francais\/"},"img":{"alt_text":"","src":"https:\/\/i0.wp.com\/smallthings.fr\/lespetitslivres\/wp-content\/uploads\/2017\/08\/faux-depart-messina.jpg?resize=350%2C200","width":350,"height":200},"classes":[]}],"_links":{"self":[{"href":"https:\/\/smallthings.fr\/lespetitslivres\/wp-json\/wp\/v2\/posts\/30207"}],"collection":[{"href":"https:\/\/smallthings.fr\/lespetitslivres\/wp-json\/wp\/v2\/posts"}],"about":[{"href":"https:\/\/smallthings.fr\/lespetitslivres\/wp-json\/wp\/v2\/types\/post"}],"author":[{"embeddable":true,"href":"https:\/\/smallthings.fr\/lespetitslivres\/wp-json\/wp\/v2\/users\/6"}],"replies":[{"embeddable":true,"href":"https:\/\/smallthings.fr\/lespetitslivres\/wp-json\/wp\/v2\/comments?post=30207"}],"version-history":[{"count":3,"href":"https:\/\/smallthings.fr\/lespetitslivres\/wp-json\/wp\/v2\/posts\/30207\/revisions"}],"predecessor-version":[{"id":30272,"href":"https:\/\/smallthings.fr\/lespetitslivres\/wp-json\/wp\/v2\/posts\/30207\/revisions\/30272"}],"wp:featuredmedia":[{"embeddable":true,"href":"https:\/\/smallthings.fr\/lespetitslivres\/wp-json\/wp\/v2\/media\/30209"}],"wp:attachment":[{"href":"https:\/\/smallthings.fr\/lespetitslivres\/wp-json\/wp\/v2\/media?parent=30207"}],"wp:term":[{"taxonomy":"category","embeddable":true,"href":"https:\/\/smallthings.fr\/lespetitslivres\/wp-json\/wp\/v2\/categories?post=30207"},{"taxonomy":"post_tag","embeddable":true,"href":"https:\/\/smallthings.fr\/lespetitslivres\/wp-json\/wp\/v2\/tags?post=30207"}],"curies":[{"name":"wp","href":"https:\/\/api.w.org\/{rel}","templated":true}]}}