{"id":30167,"date":"2016-07-12T13:59:53","date_gmt":"2016-07-12T12:59:53","guid":{"rendered":"http:\/\/smallthings.fr\/lespetitslivres\/?p=30167"},"modified":"2016-07-12T13:59:53","modified_gmt":"2016-07-12T12:59:53","slug":"temps-des-espoirs-amy-bloom-critique","status":"publish","type":"post","link":"https:\/\/smallthings.fr\/lespetitslivres\/2016\/07\/12\/temps-des-espoirs-amy-bloom-critique\/","title":{"rendered":"Le temps des espoirs, un roman de femmes dans l&rsquo;Am\u00e9rique des ann\u00e9es 40"},"content":{"rendered":"<h2>L\u2019auteure am\u00e9ricaine Amy Bloom publie\u00a0<em>Le temps des espoirs<\/em> aux \u00e9ditions <a href=\"http:\/\/www.editions-terranova.com\/index.php?page=livre&amp;ID_livres=24&amp;ID_auteurs=24\">Terra Nova<\/a>, apr\u00e8s un premier roman, <em>Ailleurs, plus loin<\/em>,\u00a0 paru chez Belfond. Entre trahisons et rage de vivre, elle nous propose un roman plein de femmes remarquables.<\/h2>\n<p><strong>\u00ab\u00a0La femme de mon p\u00e8re est morte. Ma m\u00e8re a dit qu\u2019on devait aller faire une vir\u00e9e l\u00e0-bas pour voir ce que l\u2019avenir nous r\u00e9servait.\u00a0\u00bb<\/strong> En deux phrases implacables, Amy Bloom nous fait entrer de plein pied dans <em>Le temps des espoirs<\/em>. Et l\u2019histoire qui va se d\u00e9rouler progressivement sur plus de 280 pages est pr\u00e9sent\u00e9e au lecteur par la voix d\u2019Eva. Pendant des ann\u00e9es, elle n\u2019a vu son p\u00e8re que le dimanche, quand il rendait visite \u00e0 sa m\u00e8re. Malgr\u00e9 les attentes interminables, la vie \u00e9tait douce. Et puis cette femme, cette inconnue meurt et tout bascule. Eva et sa m\u00e8re d\u00e9barquent chez ce p\u00e8re trop absent et font la connaissance d\u2019Iris, son autre fille. \u00ab\u00a0J\u2019ai tout de suite compris que cette fille avait des tas de trucs que je n\u2019avais pas. Des fleurs dans des vases en cristal de la taille de seaux \u00e0 champagne. Des cheveux ch\u00e2tains boucl\u00e9s. Et la main de mon p\u00e8re sur son \u00e9paule.\u00a0\u00bb Entre les deux enfants, le courant passe imm\u00e9diatement. Il faut dire qu\u2019elles ont toutes deux l\u2019instinct de survie et le don de comprendre ce qui est bon ou dangereux. Elles ont de qui tenir. Au bout de quelques jours \u00e0 peine, la m\u00e8re d\u2019Eva part. Pour toujours, elle le sait. Les deux s\u0153urs se retrouvent orphelines de m\u00e8res avec un p\u00e8re qui se pr\u00e9occupe peu de leur sort. Alors, presque sur un coup de t\u00eate, elles partent pour l\u2019aventure. <strong>Iris r\u00eave de devenir une grande actrice hollywoodienne, Eva est pr\u00eate \u00e0 tout pourvu qu\u2019on ne l\u2019abandonne plus<\/strong>. Alors elles foncent.<\/p>\n<p><img loading=\"lazy\" decoding=\"async\" data-attachment-id=\"30168\" data-permalink=\"https:\/\/smallthings.fr\/lespetitslivres\/2016\/07\/12\/temps-des-espoirs-amy-bloom-critique\/temps-des-espoirs\/\" data-orig-file=\"https:\/\/smallthings.fr\/lespetitslivres\/wp-content\/uploads\/2016\/07\/temps-des-espoirs.jpg\" data-orig-size=\"195,302\" data-comments-opened=\"1\" data-image-meta=\"{&quot;aperture&quot;:&quot;0&quot;,&quot;credit&quot;:&quot;&quot;,&quot;camera&quot;:&quot;&quot;,&quot;caption&quot;:&quot;&quot;,&quot;created_timestamp&quot;:&quot;0&quot;,&quot;copyright&quot;:&quot;&quot;,&quot;focal_length&quot;:&quot;0&quot;,&quot;iso&quot;:&quot;0&quot;,&quot;shutter_speed&quot;:&quot;0&quot;,&quot;title&quot;:&quot;&quot;,&quot;orientation&quot;:&quot;0&quot;}\" data-image-title=\"temps-des-espoirs\" data-image-description=\"\" data-image-caption=\"\" data-medium-file=\"https:\/\/smallthings.fr\/lespetitslivres\/wp-content\/uploads\/2016\/07\/temps-des-espoirs-194x300.jpg\" data-large-file=\"https:\/\/smallthings.fr\/lespetitslivres\/wp-content\/uploads\/2016\/07\/temps-des-espoirs.jpg\" class=\"alignleft size-full wp-image-30168\" src=\"http:\/\/smallthings.fr\/lespetitslivres\/wp-content\/uploads\/2016\/07\/temps-des-espoirs.jpg\" alt=\"temps-des-espoirs\" width=\"195\" height=\"302\" srcset=\"https:\/\/smallthings.fr\/lespetitslivres\/wp-content\/uploads\/2016\/07\/temps-des-espoirs.jpg 195w, https:\/\/smallthings.fr\/lespetitslivres\/wp-content\/uploads\/2016\/07\/temps-des-espoirs-194x300.jpg 194w\" sizes=\"(max-width: 195px) 100vw, 195px\" \/>De gal\u00e8res en mis\u00e8res, elles parcourent les kilom\u00e8tres, les \u00e9preuves et les obstacles avec plus de r\u00e9ussites que ne l\u2019aurait laiss\u00e9 pr\u00e9sager leur jeune \u00e2ge. C\u2019est dur, mais elles veulent y arriver. Mais un jour, alors que tout semblait se concr\u00e9tiser, Iris tombe amoureuse d\u2019une actrice qui lui fait tourner la t\u00eate. La presse le d\u00e9couvre, le scandale \u00e9clate, sa carri\u00e8re est bris\u00e9e. Commence alors une nouvelle qu\u00eate. Au fil des p\u00e9rip\u00e9ties, viennent s\u2019ajouter au duo des personnages touchants qui formeront progressivement une famille de fortune pour les deux jeunes s\u0153urs.<\/p>\n<p><strong>Amy Bloom plante le d\u00e9cor du <em>Temps des espoirs<\/em> dans l\u2019Am\u00e9rique des ann\u00e9es 40<\/strong>. Un choix audacieux qui trouve sans doute sa justification dans les chapitres entiers consacr\u00e9s \u00e0 la Seconde\u00a0Guerre Mondiale, non pas au sens classique, mais dans un traitement plut\u00f4t original. Si les h\u00e9ro\u00efnes rencontrent nombre de personnages juifs, ce n\u2019est pas strictement de leur extermination dans les camps de la mort qu\u2019il est pourtant question. Au contraire, on croise un am\u00e9ricain d\u2019origine allemande qui se retrouve d\u00e9port\u00e9 en Allemagne au beau milieu de la guerre pour suspicion de sympathie pour le r\u00e9gime hitl\u00e9rien. Pr\u00e9texte un peu tir\u00e9 par les cheveux pour d\u00e9barquer dans une Europe \u00e0 feu et \u00e0 sang et d\u00e9crire quelques-unes des atrocit\u00e9s de la guerre.<\/p>\n<p>Et c\u2019est l\u00e0 que l\u2019auteure glisse sur une difficult\u00e9 classique de l\u2019\u00e9criture. Ayant choisi de raconter cette histoire \u00e0 la premi\u00e8re personne par la bouche d\u2019Eva, nombre d\u2019\u00e9l\u00e9ments ne peuvent \u00eatre logiquement racont\u00e9s. Elle fait alors appel \u00e0 un stratag\u00e8me qui pourrait \u00eatre efficace mais qui complique la t\u00e2che du lecteur et embrouille l\u2019intrigue\u00a0: la correspondance. A travers les lettres de sa s\u0153ur et de cet Allemand d\u00e9port\u00e9, le lecteur est suppos\u00e9 combler les trous du r\u00e9cit d\u2019Eva. Mais la plupart de ces lettres ne parvient jamais \u00e0 la jeune fille \u2013 entre temps devenue femme \u2013 et les rescap\u00e9es resteront sans r\u00e9ponse. Sans compter la chronologie r\u00e9guli\u00e8rement mise \u00e0 mal et qui complique encore un peu plus la lecture. De chronologie il est encore question lorsque l\u2019on d\u00e9couvre avec bonheur une discographie riche\u2026 en standard de jazz des ann\u00e9es 20. Outre le fait que poser le r\u00e9cit du <em>Temps des espoirs<\/em> dans un d\u00e9cor des ann\u00e9es 40 n\u2019apporte rien \u00e0 l\u2019intrigue, on peut l\u00e9gitimement s\u2019interroger sur ces questions temporelles.<\/p>\n<p>Mais cela n\u2019enl\u00e8ve rien \u00e0 l\u2019int\u00e9r\u00eat que l\u2019on porte aux <strong>personnages, s\u00e9ries de \u2013 principalement \u2013 femmes fortes et courageuses, chacune \u00e0 leur fa\u00e7on<\/strong>. Elles font face aux \u00e9v\u00e9nements avec pers\u00e9v\u00e9rance \u00e0 d\u00e9faut parfois de classe et on leur pardonne ces manques touchants. Chacun fait ce qu\u2019il peut avec ce qu\u2019il a re\u00e7u, et ce qu\u2019elles ont elles ne le doivent \u00e0 personne d\u2019autre qu\u2019\u00e0 elles. Un parcours, qui s\u2019apparente \u00e0 un parcours initiatique, sem\u00e9 d\u2019emb\u00fbches, de pi\u00e8ges et de trahisons \u00e0 travers lequel elles devront passer avec une seule certitude\u00a0: aujourd\u2019hui. Car qui sait de quoi demain sera fait\u00a0?<\/p>\n","protected":false},"excerpt":{"rendered":"<p>L\u2019auteure am\u00e9ricaine Amy Bloom publie\u00a0Le temps des espoirs aux \u00e9ditions Terra Nova, apr\u00e8s un premier roman, Ailleurs, plus loin,\u00a0 paru chez Belfond. Entre trahisons et rage de vivre, elle nous propose un roman plein de femmes remarquables. \u00ab\u00a0La femme de mon p\u00e8re est morte. Ma m\u00e8re a dit qu\u2019on devait aller faire une vir\u00e9e l\u00e0-bas<\/p>\n","protected":false},"author":6,"featured_media":30169,"comment_status":"open","ping_status":"open","sticky":false,"template":"","format":"standard","meta":{"jetpack_post_was_ever_published":false,"_jetpack_newsletter_access":"","_jetpack_newsletter_tier_id":0,"footnotes":"","jetpack_publicize_message":"","jetpack_is_tweetstorm":false,"jetpack_publicize_feature_enabled":true,"jetpack_social_post_already_shared":true,"jetpack_social_options":{"image_generator_settings":{"template":"highway","enabled":false}}},"categories":[1118],"tags":[1480,54,1479],"jetpack_publicize_connections":[],"yoast_head":"<!-- This site is optimized with the Yoast SEO plugin v21.5 - https:\/\/yoast.com\/wordpress\/plugins\/seo\/ -->\n<title>Le temps des espoirs, un roman de femmes dans l&#039;Am\u00e9rique des ann\u00e9es 40<\/title>\n<meta name=\"description\" content=\"L\u2019auteure am\u00e9ricaine Amy Bloom publie Le temps des espoirs aux \u00e9ditions Terra Nova, apr\u00e8s un premier roman, Ailleurs, plus loin, paru chez Belfond. Entre\" \/>\n<meta name=\"robots\" content=\"index, follow, max-snippet:-1, max-image-preview:large, max-video-preview:-1\" \/>\n<link rel=\"canonical\" href=\"https:\/\/smallthings.fr\/lespetitslivres\/2016\/07\/12\/temps-des-espoirs-amy-bloom-critique\/\" \/>\n<meta property=\"og:locale\" content=\"fr_FR\" \/>\n<meta property=\"og:type\" content=\"article\" \/>\n<meta property=\"og:title\" content=\"Le temps des espoirs, un roman de femmes dans l&#039;Am\u00e9rique des ann\u00e9es 40\" \/>\n<meta property=\"og:description\" content=\"L\u2019auteure am\u00e9ricaine Amy Bloom publie Le temps des espoirs aux \u00e9ditions Terra Nova, apr\u00e8s un premier roman, Ailleurs, plus loin, paru chez Belfond. Entre\" \/>\n<meta property=\"og:url\" content=\"https:\/\/smallthings.fr\/lespetitslivres\/2016\/07\/12\/temps-des-espoirs-amy-bloom-critique\/\" \/>\n<meta property=\"og:site_name\" content=\"Les Petits Livres\" \/>\n<meta property=\"article:published_time\" content=\"2016-07-12T12:59:53+00:00\" \/>\n<meta property=\"og:image\" content=\"https:\/\/smallthings.fr\/lespetitslivres\/wp-content\/uploads\/2016\/07\/temps-des-espoirs-couv.jpg\" \/>\n\t<meta property=\"og:image:width\" content=\"772\" \/>\n\t<meta property=\"og:image:height\" content=\"333\" \/>\n\t<meta property=\"og:image:type\" content=\"image\/jpeg\" \/>\n<meta name=\"author\" content=\"Audrey Ch\u00e8vrefeuille\" \/>\n<meta name=\"twitter:card\" content=\"summary_large_image\" \/>\n<meta name=\"twitter:label1\" content=\"\u00c9crit par\" \/>\n\t<meta name=\"twitter:data1\" content=\"Audrey Ch\u00e8vrefeuille\" \/>\n\t<meta name=\"twitter:label2\" content=\"Dur\u00e9e de lecture estim\u00e9e\" \/>\n\t<meta name=\"twitter:data2\" content=\"4 minutes\" \/>\n<script type=\"application\/ld+json\" class=\"yoast-schema-graph\">{\"@context\":\"https:\/\/schema.org\",\"@graph\":[{\"@type\":\"WebPage\",\"@id\":\"https:\/\/smallthings.fr\/lespetitslivres\/2016\/07\/12\/temps-des-espoirs-amy-bloom-critique\/\",\"url\":\"https:\/\/smallthings.fr\/lespetitslivres\/2016\/07\/12\/temps-des-espoirs-amy-bloom-critique\/\",\"name\":\"Le temps des espoirs, un roman de femmes dans l'Am\u00e9rique des ann\u00e9es 40\",\"isPartOf\":{\"@id\":\"https:\/\/smallthings.fr\/lespetitslivres\/#website\"},\"datePublished\":\"2016-07-12T12:59:53+00:00\",\"dateModified\":\"2016-07-12T12:59:53+00:00\",\"author\":{\"@id\":\"https:\/\/smallthings.fr\/lespetitslivres\/#\/schema\/person\/aab65d6efcfc32725dcf5e977fdbcc75\"},\"description\":\"L\u2019auteure am\u00e9ricaine Amy Bloom publie Le temps des espoirs aux \u00e9ditions Terra Nova, apr\u00e8s un premier roman, Ailleurs, plus loin, paru chez Belfond. Entre\",\"breadcrumb\":{\"@id\":\"https:\/\/smallthings.fr\/lespetitslivres\/2016\/07\/12\/temps-des-espoirs-amy-bloom-critique\/#breadcrumb\"},\"inLanguage\":\"fr-FR\",\"potentialAction\":[{\"@type\":\"ReadAction\",\"target\":[\"https:\/\/smallthings.fr\/lespetitslivres\/2016\/07\/12\/temps-des-espoirs-amy-bloom-critique\/\"]}]},{\"@type\":\"BreadcrumbList\",\"@id\":\"https:\/\/smallthings.fr\/lespetitslivres\/2016\/07\/12\/temps-des-espoirs-amy-bloom-critique\/#breadcrumb\",\"itemListElement\":[{\"@type\":\"ListItem\",\"position\":1,\"name\":\"Accueil\",\"item\":\"https:\/\/smallthings.fr\/lespetitslivres\/\"},{\"@type\":\"ListItem\",\"position\":2,\"name\":\"Le temps des espoirs, un roman de femmes dans l&rsquo;Am\u00e9rique des ann\u00e9es 40\"}]},{\"@type\":\"WebSite\",\"@id\":\"https:\/\/smallthings.fr\/lespetitslivres\/#website\",\"url\":\"https:\/\/smallthings.fr\/lespetitslivres\/\",\"name\":\"Les Petits Livres\",\"description\":\"by Small Things\",\"potentialAction\":[{\"@type\":\"SearchAction\",\"target\":{\"@type\":\"EntryPoint\",\"urlTemplate\":\"https:\/\/smallthings.fr\/lespetitslivres\/?s={search_term_string}\"},\"query-input\":\"required name=search_term_string\"}],\"inLanguage\":\"fr-FR\"},{\"@type\":\"Person\",\"@id\":\"https:\/\/smallthings.fr\/lespetitslivres\/#\/schema\/person\/aab65d6efcfc32725dcf5e977fdbcc75\",\"name\":\"Audrey Ch\u00e8vrefeuille\",\"image\":{\"@type\":\"ImageObject\",\"inLanguage\":\"fr-FR\",\"@id\":\"https:\/\/smallthings.fr\/lespetitslivres\/#\/schema\/person\/image\/\",\"url\":\"https:\/\/secure.gravatar.com\/avatar\/5b5b4b3479c8d73a7ac976231ee93e9a?s=96&d=retro&r=g\",\"contentUrl\":\"https:\/\/secure.gravatar.com\/avatar\/5b5b4b3479c8d73a7ac976231ee93e9a?s=96&d=retro&r=g\",\"caption\":\"Audrey Ch\u00e8vrefeuille\"},\"url\":\"https:\/\/smallthings.fr\/lespetitslivres\/author\/audrey_h\/\"}]}<\/script>\n<!-- \/ Yoast SEO plugin. -->","yoast_head_json":{"title":"Le temps des espoirs, un roman de femmes dans l'Am\u00e9rique des ann\u00e9es 40","description":"L\u2019auteure am\u00e9ricaine Amy Bloom publie Le temps des espoirs aux \u00e9ditions Terra Nova, apr\u00e8s un premier roman, Ailleurs, plus loin, paru chez Belfond. Entre","robots":{"index":"index","follow":"follow","max-snippet":"max-snippet:-1","max-image-preview":"max-image-preview:large","max-video-preview":"max-video-preview:-1"},"canonical":"https:\/\/smallthings.fr\/lespetitslivres\/2016\/07\/12\/temps-des-espoirs-amy-bloom-critique\/","og_locale":"fr_FR","og_type":"article","og_title":"Le temps des espoirs, un roman de femmes dans l'Am\u00e9rique des ann\u00e9es 40","og_description":"L\u2019auteure am\u00e9ricaine Amy Bloom publie Le temps des espoirs aux \u00e9ditions Terra Nova, apr\u00e8s un premier roman, Ailleurs, plus loin, paru chez Belfond. Entre","og_url":"https:\/\/smallthings.fr\/lespetitslivres\/2016\/07\/12\/temps-des-espoirs-amy-bloom-critique\/","og_site_name":"Les Petits Livres","article_published_time":"2016-07-12T12:59:53+00:00","og_image":[{"width":772,"height":333,"url":"https:\/\/smallthings.fr\/lespetitslivres\/wp-content\/uploads\/2016\/07\/temps-des-espoirs-couv.jpg","type":"image\/jpeg"}],"author":"Audrey Ch\u00e8vrefeuille","twitter_card":"summary_large_image","twitter_misc":{"\u00c9crit par":"Audrey Ch\u00e8vrefeuille","Dur\u00e9e de lecture estim\u00e9e":"4 minutes"},"schema":{"@context":"https:\/\/schema.org","@graph":[{"@type":"WebPage","@id":"https:\/\/smallthings.fr\/lespetitslivres\/2016\/07\/12\/temps-des-espoirs-amy-bloom-critique\/","url":"https:\/\/smallthings.fr\/lespetitslivres\/2016\/07\/12\/temps-des-espoirs-amy-bloom-critique\/","name":"Le temps des espoirs, un roman de femmes dans l'Am\u00e9rique des ann\u00e9es 40","isPartOf":{"@id":"https:\/\/smallthings.fr\/lespetitslivres\/#website"},"datePublished":"2016-07-12T12:59:53+00:00","dateModified":"2016-07-12T12:59:53+00:00","author":{"@id":"https:\/\/smallthings.fr\/lespetitslivres\/#\/schema\/person\/aab65d6efcfc32725dcf5e977fdbcc75"},"description":"L\u2019auteure am\u00e9ricaine Amy Bloom publie Le temps des espoirs aux \u00e9ditions Terra Nova, apr\u00e8s un premier roman, Ailleurs, plus loin, paru chez Belfond. Entre","breadcrumb":{"@id":"https:\/\/smallthings.fr\/lespetitslivres\/2016\/07\/12\/temps-des-espoirs-amy-bloom-critique\/#breadcrumb"},"inLanguage":"fr-FR","potentialAction":[{"@type":"ReadAction","target":["https:\/\/smallthings.fr\/lespetitslivres\/2016\/07\/12\/temps-des-espoirs-amy-bloom-critique\/"]}]},{"@type":"BreadcrumbList","@id":"https:\/\/smallthings.fr\/lespetitslivres\/2016\/07\/12\/temps-des-espoirs-amy-bloom-critique\/#breadcrumb","itemListElement":[{"@type":"ListItem","position":1,"name":"Accueil","item":"https:\/\/smallthings.fr\/lespetitslivres\/"},{"@type":"ListItem","position":2,"name":"Le temps des espoirs, un roman de femmes dans l&rsquo;Am\u00e9rique des ann\u00e9es 40"}]},{"@type":"WebSite","@id":"https:\/\/smallthings.fr\/lespetitslivres\/#website","url":"https:\/\/smallthings.fr\/lespetitslivres\/","name":"Les Petits Livres","description":"by Small Things","potentialAction":[{"@type":"SearchAction","target":{"@type":"EntryPoint","urlTemplate":"https:\/\/smallthings.fr\/lespetitslivres\/?s={search_term_string}"},"query-input":"required name=search_term_string"}],"inLanguage":"fr-FR"},{"@type":"Person","@id":"https:\/\/smallthings.fr\/lespetitslivres\/#\/schema\/person\/aab65d6efcfc32725dcf5e977fdbcc75","name":"Audrey Ch\u00e8vrefeuille","image":{"@type":"ImageObject","inLanguage":"fr-FR","@id":"https:\/\/smallthings.fr\/lespetitslivres\/#\/schema\/person\/image\/","url":"https:\/\/secure.gravatar.com\/avatar\/5b5b4b3479c8d73a7ac976231ee93e9a?s=96&d=retro&r=g","contentUrl":"https:\/\/secure.gravatar.com\/avatar\/5b5b4b3479c8d73a7ac976231ee93e9a?s=96&d=retro&r=g","caption":"Audrey Ch\u00e8vrefeuille"},"url":"https:\/\/smallthings.fr\/lespetitslivres\/author\/audrey_h\/"}]}},"jetpack_featured_media_url":"https:\/\/smallthings.fr\/lespetitslivres\/wp-content\/uploads\/2016\/07\/temps-des-espoirs-couv.jpg","jetpack_sharing_enabled":true,"jetpack_shortlink":"https:\/\/wp.me\/p6Un21-7Qz","jetpack-related-posts":[{"id":17667,"url":"https:\/\/smallthings.fr\/lespetitslivres\/2014\/11\/20\/origine-notre-pere-obscur-kaoutar-harchi\/","url_meta":{"origin":30167,"position":0},"title":"\u00c0 l\u2019origine notre p\u00e8re obscur \u2013 Kaoutar Harchi","author":"Cecile","date":"20 novembre 2014","format":false,"excerpt":"A l'origine notre p\u00e8re obscur est un roman de Kaoutar Harchi, \u00e9crivaine d'origine marocaine n\u00e9 en France. Il s'agit du deuxi\u00e8me roman de cette auteure, publi\u00e9 par Actes Sud pour la rentr\u00e9e litt\u00e9raire. R\u00e9cit poignant d\u2019une lib\u00e9ration \u00e0 la fois physique et psychologique du sevrage des femmes dans la soci\u00e9t\u00e9\u2026","rel":"","context":"Dans &quot;Roman \u00e9tranger&quot;","block_context":{"text":"Roman \u00e9tranger","link":"https:\/\/smallthings.fr\/lespetitslivres\/category\/roman\/roman-etranger\/"},"img":{"alt_text":"","src":"https:\/\/i0.wp.com\/smallthings.fr\/wp-content\/uploads\/2014\/10\/kaoutar-harchi.jpg?resize=350%2C200","width":350,"height":200},"classes":[]},{"id":19896,"url":"https:\/\/smallthings.fr\/lespetitslivres\/2015\/01\/13\/notre-famille-akhil-sharma-indien\/","url_meta":{"origin":30167,"position":1},"title":"Notre famille d&rsquo;Akhil Sharma &#8211; un indien \u00e0 New York","author":"Claire","date":"13 janvier 2015","format":false,"excerpt":"Notre famille, r\u00e9cit d'Akhil Sharma, est sorti le 8 janvier aux \u00e9ditions de l'Olivier. Ce roman dramatique est sensible m'a accroch\u00e9e du d\u00e9but \u00e0 la fin. Second roman de cet auteur indien (apr\u00e8s Un p\u00e8re ob\u00e9issant traduit en France en 2003), il raconte l'histoire du jeune Ajay qui quitte avec\u2026","rel":"","context":"Dans &quot;Roman \u00e9tranger&quot;","block_context":{"text":"Roman \u00e9tranger","link":"https:\/\/smallthings.fr\/lespetitslivres\/category\/roman\/roman-etranger\/"},"img":{"alt_text":"notre-famille-akhil-sharma","src":"https:\/\/i0.wp.com\/smallthings.fr\/wp-content\/uploads\/2015\/01\/notre-famille-akhil-sharma.jpg?resize=350%2C200","width":350,"height":200,"srcset":"https:\/\/i0.wp.com\/smallthings.fr\/wp-content\/uploads\/2015\/01\/notre-famille-akhil-sharma.jpg?resize=350%2C200 1x, https:\/\/i0.wp.com\/smallthings.fr\/wp-content\/uploads\/2015\/01\/notre-famille-akhil-sharma.jpg?resize=525%2C300 1.5x"},"classes":[]},{"id":31354,"url":"https:\/\/smallthings.fr\/lespetitslivres\/2017\/10\/24\/hex-sorciere-olde-heuvelt-critique\/","url_meta":{"origin":30167,"position":2},"title":"Hex : une sorci\u00e8re mutil\u00e9e r\u00f4de \u00e0 Black Spring&#8230;","author":"Jennifer","date":"24 octobre 2017","format":false,"excerpt":"Hex, fabuleux roman de Thomas Olde Heuvelt, est sorti fin septembre aux\u00a0\u00e9ditions Bragelonne. Une communaut\u00e9 est condamn\u00e9e \u00e0 vivre dans une ville d\u2019o\u00f9 il est impossible de repartir. Un lieu hant\u00e9 par une sorci\u00e8re dont les yeux et la bouche sont cousus. Tous connaissent, en th\u00e9orie, ce qui leur arrivera\u2026","rel":"","context":"Dans &quot;Fantastique&quot;","block_context":{"text":"Fantastique","link":"https:\/\/smallthings.fr\/lespetitslivres\/category\/imaginaire\/fantastique\/"},"img":{"alt_text":"","src":"https:\/\/i0.wp.com\/smallthings.fr\/lespetitslivres\/wp-content\/uploads\/2017\/10\/Hex-Thomas-Olde-Heuvelt-4.jpg?resize=350%2C200&ssl=1","width":350,"height":200,"srcset":"https:\/\/i0.wp.com\/smallthings.fr\/lespetitslivres\/wp-content\/uploads\/2017\/10\/Hex-Thomas-Olde-Heuvelt-4.jpg?resize=350%2C200&ssl=1 1x, https:\/\/i0.wp.com\/smallthings.fr\/lespetitslivres\/wp-content\/uploads\/2017\/10\/Hex-Thomas-Olde-Heuvelt-4.jpg?resize=525%2C300&ssl=1 1.5x"},"classes":[]},{"id":31568,"url":"https:\/\/smallthings.fr\/lespetitslivres\/2018\/03\/06\/femme-qui-ne-vieillissait-pas-delacourt\/","url_meta":{"origin":30167,"position":3},"title":"La femme qui ne vieillissait pas, nouveau roman de Gr\u00e9goire Delacourt","author":"Claire","date":"6 mars 2018","format":false,"excerpt":"Dans La femme qui ne vieillissait pas, Gr\u00e9goire Delacourt nous propose un touchant et fascinant portrait de femme, comme il sait si bien les \u00e9crire. Il nous l'a d\u00e9j\u00e0 prouv\u00e9 plusieurs fois. Cette fois-ci, on fait la connaissance de Martine. Delacourt d\u00e9roule sa vie depuis sa plus tendre enfance. Une\u2026","rel":"","context":"Dans &quot;Roman fran\u00e7ais&quot;","block_context":{"text":"Roman fran\u00e7ais","link":"https:\/\/smallthings.fr\/lespetitslivres\/category\/roman\/roman-francais\/"},"img":{"alt_text":"","src":"https:\/\/i0.wp.com\/smallthings.fr\/lespetitslivres\/wp-content\/uploads\/2018\/03\/gregoire-delacourt-femme-qui-ne.jpg?resize=350%2C200&ssl=1","width":350,"height":200,"srcset":"https:\/\/i0.wp.com\/smallthings.fr\/lespetitslivres\/wp-content\/uploads\/2018\/03\/gregoire-delacourt-femme-qui-ne.jpg?resize=350%2C200&ssl=1 1x, https:\/\/i0.wp.com\/smallthings.fr\/lespetitslivres\/wp-content\/uploads\/2018\/03\/gregoire-delacourt-femme-qui-ne.jpg?resize=525%2C300&ssl=1 1.5x, https:\/\/i0.wp.com\/smallthings.fr\/lespetitslivres\/wp-content\/uploads\/2018\/03\/gregoire-delacourt-femme-qui-ne.jpg?resize=700%2C400&ssl=1 2x"},"classes":[]},{"id":29935,"url":"https:\/\/smallthings.fr\/lespetitslivres\/2016\/05\/11\/dans-la-jungle-vannouvong-critique\/","url_meta":{"origin":30167,"position":4},"title":"Dans la jungle : il n&rsquo;est jamais trop tard pour un voyage initiatique","author":"Claire","date":"11 mai 2016","format":false,"excerpt":"Dans la jungle est le nouveau roman d'Agn\u00e8s Vannouvong, paru comme les pr\u00e9c\u00e9dents au Mercure de France. Tandis qu'Apr\u00e8s l'amour et Gabrielle se penchaient sur la qu\u00eate amoureuse homosexuelle f\u00e9minine, Dans la jungle tranche et nous entra\u00eene sur les pas de May, elle-m\u00eame sur les pas de son meilleur ami\u2026","rel":"","context":"Dans &quot;Roman fran\u00e7ais&quot;","block_context":{"text":"Roman fran\u00e7ais","link":"https:\/\/smallthings.fr\/lespetitslivres\/category\/roman\/roman-francais\/"},"img":{"alt_text":"","src":"https:\/\/i0.wp.com\/smallthings.fr\/lespetitslivres\/wp-content\/uploads\/2016\/05\/dans-la-jungle-couv.jpg?resize=350%2C200&ssl=1","width":350,"height":200,"srcset":"https:\/\/i0.wp.com\/smallthings.fr\/lespetitslivres\/wp-content\/uploads\/2016\/05\/dans-la-jungle-couv.jpg?resize=350%2C200&ssl=1 1x, https:\/\/i0.wp.com\/smallthings.fr\/lespetitslivres\/wp-content\/uploads\/2016\/05\/dans-la-jungle-couv.jpg?resize=525%2C300&ssl=1 1.5x"},"classes":[]},{"id":30635,"url":"https:\/\/smallthings.fr\/lespetitslivres\/2017\/01\/08\/heritage-rois-passeurs-fargetton-avis\/","url_meta":{"origin":30167,"position":5},"title":"L\u2019H\u00e9ritage des Rois Passeurs : un roman de fantasy \u00e9poustouflant","author":"Jennifer","date":"8 janvier 2017","format":false,"excerpt":"L\u2019H\u00e9ritage des Rois Passeurs est un roman de\u00a0Manon Fargetton, sorti en format poche chez Milady en novembre dernier. Un livre de fantasy exceptionnel qui nous emm\u00e8ne dans un monde de magie dont le destin repose sur les \u00e9paules de deux femmes hors du commun. Manon Fargetton a re\u00e7u le Prix\u2026","rel":"","context":"Dans &quot;Fantasy&quot;","block_context":{"text":"Fantasy","link":"https:\/\/smallthings.fr\/lespetitslivres\/category\/imaginaire\/fantasy\/"},"img":{"alt_text":"","src":"https:\/\/i0.wp.com\/smallthings.fr\/lespetitslivres\/wp-content\/uploads\/2017\/01\/Lh\u00e9ritage-des-rois-passeurs-manon-fargetton-3.jpg?resize=350%2C200&ssl=1","width":350,"height":200,"srcset":"https:\/\/i0.wp.com\/smallthings.fr\/lespetitslivres\/wp-content\/uploads\/2017\/01\/Lh\u00e9ritage-des-rois-passeurs-manon-fargetton-3.jpg?resize=350%2C200&ssl=1 1x, https:\/\/i0.wp.com\/smallthings.fr\/lespetitslivres\/wp-content\/uploads\/2017\/01\/Lh\u00e9ritage-des-rois-passeurs-manon-fargetton-3.jpg?resize=525%2C300&ssl=1 1.5x"},"classes":[]}],"_links":{"self":[{"href":"https:\/\/smallthings.fr\/lespetitslivres\/wp-json\/wp\/v2\/posts\/30167"}],"collection":[{"href":"https:\/\/smallthings.fr\/lespetitslivres\/wp-json\/wp\/v2\/posts"}],"about":[{"href":"https:\/\/smallthings.fr\/lespetitslivres\/wp-json\/wp\/v2\/types\/post"}],"author":[{"embeddable":true,"href":"https:\/\/smallthings.fr\/lespetitslivres\/wp-json\/wp\/v2\/users\/6"}],"replies":[{"embeddable":true,"href":"https:\/\/smallthings.fr\/lespetitslivres\/wp-json\/wp\/v2\/comments?post=30167"}],"version-history":[{"count":1,"href":"https:\/\/smallthings.fr\/lespetitslivres\/wp-json\/wp\/v2\/posts\/30167\/revisions"}],"predecessor-version":[{"id":30170,"href":"https:\/\/smallthings.fr\/lespetitslivres\/wp-json\/wp\/v2\/posts\/30167\/revisions\/30170"}],"wp:featuredmedia":[{"embeddable":true,"href":"https:\/\/smallthings.fr\/lespetitslivres\/wp-json\/wp\/v2\/media\/30169"}],"wp:attachment":[{"href":"https:\/\/smallthings.fr\/lespetitslivres\/wp-json\/wp\/v2\/media?parent=30167"}],"wp:term":[{"taxonomy":"category","embeddable":true,"href":"https:\/\/smallthings.fr\/lespetitslivres\/wp-json\/wp\/v2\/categories?post=30167"},{"taxonomy":"post_tag","embeddable":true,"href":"https:\/\/smallthings.fr\/lespetitslivres\/wp-json\/wp\/v2\/tags?post=30167"}],"curies":[{"name":"wp","href":"https:\/\/api.w.org\/{rel}","templated":true}]}}