{"id":30163,"date":"2016-08-28T16:00:04","date_gmt":"2016-08-28T15:00:04","guid":{"rendered":"http:\/\/smallthings.fr\/lespetitslivres\/?p=30163"},"modified":"2016-08-28T11:07:09","modified_gmt":"2016-08-28T10:07:09","slug":"10-04-ben-lerner-roman-critique","status":"publish","type":"post","link":"https:\/\/smallthings.fr\/lespetitslivres\/2016\/08\/28\/10-04-ben-lerner-roman-critique\/","title":{"rendered":"10:04 de Ben Lerner : le roman du romancier"},"content":{"rendered":"<h2><em>10:04<\/em> est le second roman de l&rsquo;Am\u00e9ricain Ben Lerner, que publient les <a href=\"http:\/\/www.editionsdelolivier.fr\/\">\u00e9ditions de l\u2019Olivier<\/a> en cette rentr\u00e9e litt\u00e9raire. Le premier roman de l&rsquo;auteur, <em>Au d\u00e9part d\u2019Atocha<\/em>, encens\u00e9 par la critique anglo-saxonne \u00e9tait paru en fran\u00e7ais chez le m\u00eame \u00e9diteur. <em>10:04 <\/em>est lui aussi pr\u00e9c\u00e9d\u00e9 d\u2019une flatteuse r\u00e9putation.<\/h2>\n<p>Dans ce deuxi\u00e8me roman, Ben Lerner conte les aventures de Ben, auteur d\u2019un premier roman remarqu\u00e9 et cherchant laborieusement l\u2019inspiration pour son deuxi\u00e8me roman \u2013 lequel roman sera finalement <strong>l\u2019histoire de Ben cherchant l\u2019inspiration pour \u00e9crire son roman<\/strong>. Ben ne se contente pas d\u2019\u00e9crire\u00a0: il a une aventure avec Alana, qu\u2019il quitte pour pouvoir se consacrer \u00e0 sa meilleure amie Alex qui lui demande de donner son sperme pour qu\u2019elle puisse avoir un enfant. Il participe aux activit\u00e9s de la Coop, o\u00f9 il s\u2019approvisionne en nourriture bio. Il visite des expositions d\u2019art contemporain, voit des films exp\u00e9rimentaux comme <em>The Clock<\/em> de Marclay, aussi, m\u00eame si sa r\u00e9f\u00e9rence cin\u00e9matographique serait plut\u00f4t <em>Retour vers le futur<\/em> \u2013 le titre <em>10\u00a0:04<\/em> est d\u2019ailleurs un clin d\u2019\u0153il au film de Zemeckis. Et il se pr\u00e9pare, comme tous les New-Yorkais, \u00e0 affronter la temp\u00eate du si\u00e8cle. Les deux temp\u00eates, m\u00eame\u00a0: l\u2019une ouvre le livre, la seconde le referme.<\/p>\n<p><strong><img loading=\"lazy\" decoding=\"async\" data-attachment-id=\"30268\" data-permalink=\"https:\/\/smallthings.fr\/lespetitslivres\/2016\/08\/28\/10-04-ben-lerner-roman-critique\/10-04-lerner\/\" data-orig-file=\"https:\/\/smallthings.fr\/lespetitslivres\/wp-content\/uploads\/2016\/07\/10-04-lerner.jpg\" data-orig-size=\"500,732\" data-comments-opened=\"1\" data-image-meta=\"{&quot;aperture&quot;:&quot;0&quot;,&quot;credit&quot;:&quot;&quot;,&quot;camera&quot;:&quot;&quot;,&quot;caption&quot;:&quot;&quot;,&quot;created_timestamp&quot;:&quot;0&quot;,&quot;copyright&quot;:&quot;&quot;,&quot;focal_length&quot;:&quot;0&quot;,&quot;iso&quot;:&quot;0&quot;,&quot;shutter_speed&quot;:&quot;0&quot;,&quot;title&quot;:&quot;&quot;,&quot;orientation&quot;:&quot;0&quot;}\" data-image-title=\"10-04-lerner\" data-image-description=\"\" data-image-caption=\"\" data-medium-file=\"https:\/\/smallthings.fr\/lespetitslivres\/wp-content\/uploads\/2016\/07\/10-04-lerner-205x300.jpg\" data-large-file=\"https:\/\/smallthings.fr\/lespetitslivres\/wp-content\/uploads\/2016\/07\/10-04-lerner.jpg\" class=\"alignleft  wp-image-30268\" src=\"http:\/\/smallthings.fr\/lespetitslivres\/wp-content\/uploads\/2016\/07\/10-04-lerner.jpg\" alt=\"10-04-lerner\" width=\"297\" height=\"435\" srcset=\"https:\/\/smallthings.fr\/lespetitslivres\/wp-content\/uploads\/2016\/07\/10-04-lerner.jpg 500w, https:\/\/smallthings.fr\/lespetitslivres\/wp-content\/uploads\/2016\/07\/10-04-lerner-205x300.jpg 205w\" sizes=\"(max-width: 297px) 100vw, 297px\" \/>\u00c0 la crois\u00e9e de l\u2019autobiographie, de l\u2019autofiction et de la m\u00e9tafiction, Ben Lerner signe un roman \u00e0 la composition virtuose<\/strong>, \u00ab\u00a0<em>qui, \u00e0 l\u2019instar d\u2019un po\u00e8me, n\u2019est ni de la fiction ni de la non-fiction, mais un vacillement entre les deux<\/em>\u00a0\u00bb (p. 211). L\u2019auteur complexifie encore le jeu de miroir entre lui-m\u00eame et le narrateur, et le rapport entre son livre et la r\u00e9alit\u00e9, en ins\u00e9rant dans le cours du r\u00e9cit des \u00e9l\u00e9ments h\u00e9t\u00e9rog\u00e8nes. On y trouve ainsi dans une nouvelle, que le narrateur dit avoir publi\u00e9e dans le <em>New Yorker<\/em>, o\u00f9 il est aussi question d\u2019un \u00e9crivain en qu\u00eate d\u2019un sujet. Or il s\u2019agit de la retranscription d\u2019une nouvelle de Lerner publi\u00e9e pr\u00e9c\u00e9demment dans le <em>New Yorker<\/em>. Les pages du roman sont par ailleurs rehauss\u00e9es de plusieurs photographies (\u0153uvres d\u2019art, photogrammes de films, photographies d\u2019artistes\u2026) agr\u00e9ment\u00e9es de l\u00e9gendes dont on ne sait pas tr\u00e8s bien si elles doivent \u00eatre lues comme venant du narrateur ou de l\u2019auteur et qui entrent en r\u00e9sonance avec l\u2019histoire racont\u00e9e.<\/p>\n<p>Vertigineux et diablement malin, ce roman de Lerner. Trop m\u00eame. C\u2019est qu\u2019\u00e0 force de jouer sur les limites de la fiction et de multiplier les mises en abyme, le livre semble \u00e9crit intentionnellement pour figurer au programme des cours de th\u00e9orie de la litt\u00e9rature de toutes les universit\u00e9s (Lerner lui-m\u00eame est d\u2019ailleurs professeur d\u2019anglais \u00e0 Brooklyn College). Le narrateur, qui appara\u00eet d\u2019abord comme un hypocondriaque dr\u00f4le et attachant \u2013 New York aidant, <strong>il fait immanquablement penser \u00e0 Woody Allen<\/strong> \u2013 perd petit \u00e0 petit cette touche d\u2019humour, comme vou\u00e9e \u00e0 la disparition dans un roman qui se prend trop au s\u00e9rieux.<\/p>\n<p>Dommage vraiment, car <em>10\u00a0:04<\/em> fourmille par ailleurs de passages inventifs et remarquablement bien men\u00e9s, qui nous prom\u00e8nent de l\u2019identit\u00e9 arabe d\u2019une jeune femme de la Coop \u00e0 la vocation litt\u00e9raire du narrateur, n\u00e9e de l\u2019\u00e9coute d\u2019un discours de Reagan, en passant par une promenade dans la nuit New Yorkaise un soir de panne d\u2019\u00e9lectricit\u00e9&#8230; Un roman foisonnant, pour le meilleur et pour le pire.<\/p>\n","protected":false},"excerpt":{"rendered":"<p>10:04 est le second roman de l&rsquo;Am\u00e9ricain Ben Lerner, que publient les \u00e9ditions de l\u2019Olivier en cette rentr\u00e9e litt\u00e9raire. Le premier roman de l&rsquo;auteur, Au d\u00e9part d\u2019Atocha, encens\u00e9 par la critique anglo-saxonne \u00e9tait paru en fran\u00e7ais chez le m\u00eame \u00e9diteur. 10:04 est lui aussi pr\u00e9c\u00e9d\u00e9 d\u2019une flatteuse r\u00e9putation. Dans ce deuxi\u00e8me roman, Ben Lerner conte<\/p>\n","protected":false},"author":20,"featured_media":30270,"comment_status":"open","ping_status":"open","sticky":false,"template":"","format":"standard","meta":{"jetpack_post_was_ever_published":false,"_jetpack_newsletter_access":"","_jetpack_newsletter_tier_id":0,"footnotes":"","jetpack_publicize_message":"","jetpack_is_tweetstorm":false,"jetpack_publicize_feature_enabled":true,"jetpack_social_post_already_shared":true,"jetpack_social_options":{"image_generator_settings":{"template":"highway","enabled":false}}},"categories":[1469,1118],"tags":[1478,1477,51,32],"jetpack_publicize_connections":[],"yoast_head":"<!-- This site is optimized with the Yoast SEO plugin v21.5 - https:\/\/yoast.com\/wordpress\/plugins\/seo\/ -->\n<title>10:04 de Ben Lerner : le roman du romancier<\/title>\n<meta name=\"description\" content=\"10:04 est le second roman de l&#039;Am\u00e9ricain Ben Lerner, que publient les \u00e9ditions de l\u2019Olivier en cette rentr\u00e9e litt\u00e9raire. Le premier roman de l&#039;auteur,\" \/>\n<meta name=\"robots\" content=\"index, follow, max-snippet:-1, max-image-preview:large, max-video-preview:-1\" \/>\n<link rel=\"canonical\" href=\"https:\/\/smallthings.fr\/lespetitslivres\/2016\/08\/28\/10-04-ben-lerner-roman-critique\/\" \/>\n<meta property=\"og:locale\" content=\"fr_FR\" \/>\n<meta property=\"og:type\" content=\"article\" \/>\n<meta property=\"og:title\" content=\"10:04 de Ben Lerner : le roman du romancier\" \/>\n<meta property=\"og:description\" content=\"10:04 est le second roman de l&#039;Am\u00e9ricain Ben Lerner, que publient les \u00e9ditions de l\u2019Olivier en cette rentr\u00e9e litt\u00e9raire. Le premier roman de l&#039;auteur,\" \/>\n<meta property=\"og:url\" content=\"https:\/\/smallthings.fr\/lespetitslivres\/2016\/08\/28\/10-04-ben-lerner-roman-critique\/\" \/>\n<meta property=\"og:site_name\" content=\"Les Petits Livres\" \/>\n<meta property=\"article:published_time\" content=\"2016-08-28T15:00:04+00:00\" \/>\n<meta property=\"article:modified_time\" content=\"2016-08-28T10:07:09+00:00\" \/>\n<meta property=\"og:image\" content=\"https:\/\/smallthings.fr\/lespetitslivres\/wp-content\/uploads\/2016\/07\/10-04-lerner-couv.jpg\" \/>\n\t<meta property=\"og:image:width\" content=\"1177\" \/>\n\t<meta property=\"og:image:height\" content=\"512\" \/>\n\t<meta property=\"og:image:type\" content=\"image\/jpeg\" \/>\n<meta name=\"author\" content=\"Diane Norric\" \/>\n<meta name=\"twitter:card\" content=\"summary_large_image\" \/>\n<meta name=\"twitter:label1\" content=\"\u00c9crit par\" \/>\n\t<meta name=\"twitter:data1\" content=\"Diane Norric\" \/>\n\t<meta name=\"twitter:label2\" content=\"Dur\u00e9e de lecture estim\u00e9e\" \/>\n\t<meta name=\"twitter:data2\" content=\"3 minutes\" \/>\n<script type=\"application\/ld+json\" class=\"yoast-schema-graph\">{\"@context\":\"https:\/\/schema.org\",\"@graph\":[{\"@type\":\"WebPage\",\"@id\":\"https:\/\/smallthings.fr\/lespetitslivres\/2016\/08\/28\/10-04-ben-lerner-roman-critique\/\",\"url\":\"https:\/\/smallthings.fr\/lespetitslivres\/2016\/08\/28\/10-04-ben-lerner-roman-critique\/\",\"name\":\"10:04 de Ben Lerner : le roman du romancier\",\"isPartOf\":{\"@id\":\"https:\/\/smallthings.fr\/lespetitslivres\/#website\"},\"datePublished\":\"2016-08-28T15:00:04+00:00\",\"dateModified\":\"2016-08-28T10:07:09+00:00\",\"author\":{\"@id\":\"https:\/\/smallthings.fr\/lespetitslivres\/#\/schema\/person\/d5a53b43d9461a170eb93b0fe68522f3\"},\"description\":\"10:04 est le second roman de l'Am\u00e9ricain Ben Lerner, que publient les \u00e9ditions de l\u2019Olivier en cette rentr\u00e9e litt\u00e9raire. Le premier roman de l'auteur,\",\"breadcrumb\":{\"@id\":\"https:\/\/smallthings.fr\/lespetitslivres\/2016\/08\/28\/10-04-ben-lerner-roman-critique\/#breadcrumb\"},\"inLanguage\":\"fr-FR\",\"potentialAction\":[{\"@type\":\"ReadAction\",\"target\":[\"https:\/\/smallthings.fr\/lespetitslivres\/2016\/08\/28\/10-04-ben-lerner-roman-critique\/\"]}]},{\"@type\":\"BreadcrumbList\",\"@id\":\"https:\/\/smallthings.fr\/lespetitslivres\/2016\/08\/28\/10-04-ben-lerner-roman-critique\/#breadcrumb\",\"itemListElement\":[{\"@type\":\"ListItem\",\"position\":1,\"name\":\"Accueil\",\"item\":\"https:\/\/smallthings.fr\/lespetitslivres\/\"},{\"@type\":\"ListItem\",\"position\":2,\"name\":\"10:04 de Ben Lerner : le roman du romancier\"}]},{\"@type\":\"WebSite\",\"@id\":\"https:\/\/smallthings.fr\/lespetitslivres\/#website\",\"url\":\"https:\/\/smallthings.fr\/lespetitslivres\/\",\"name\":\"Les Petits Livres\",\"description\":\"by Small Things\",\"potentialAction\":[{\"@type\":\"SearchAction\",\"target\":{\"@type\":\"EntryPoint\",\"urlTemplate\":\"https:\/\/smallthings.fr\/lespetitslivres\/?s={search_term_string}\"},\"query-input\":\"required name=search_term_string\"}],\"inLanguage\":\"fr-FR\"},{\"@type\":\"Person\",\"@id\":\"https:\/\/smallthings.fr\/lespetitslivres\/#\/schema\/person\/d5a53b43d9461a170eb93b0fe68522f3\",\"name\":\"Diane Norric\",\"image\":{\"@type\":\"ImageObject\",\"inLanguage\":\"fr-FR\",\"@id\":\"https:\/\/smallthings.fr\/lespetitslivres\/#\/schema\/person\/image\/\",\"url\":\"https:\/\/secure.gravatar.com\/avatar\/5ee9f6a30b0c402cbb9d80e9e814f454?s=96&d=retro&r=g\",\"contentUrl\":\"https:\/\/secure.gravatar.com\/avatar\/5ee9f6a30b0c402cbb9d80e9e814f454?s=96&d=retro&r=g\",\"caption\":\"Diane Norric\"},\"url\":\"https:\/\/smallthings.fr\/lespetitslivres\/author\/diane-norric\/\"}]}<\/script>\n<!-- \/ Yoast SEO plugin. -->","yoast_head_json":{"title":"10:04 de Ben Lerner : le roman du romancier","description":"10:04 est le second roman de l'Am\u00e9ricain Ben Lerner, que publient les \u00e9ditions de l\u2019Olivier en cette rentr\u00e9e litt\u00e9raire. Le premier roman de l'auteur,","robots":{"index":"index","follow":"follow","max-snippet":"max-snippet:-1","max-image-preview":"max-image-preview:large","max-video-preview":"max-video-preview:-1"},"canonical":"https:\/\/smallthings.fr\/lespetitslivres\/2016\/08\/28\/10-04-ben-lerner-roman-critique\/","og_locale":"fr_FR","og_type":"article","og_title":"10:04 de Ben Lerner : le roman du romancier","og_description":"10:04 est le second roman de l'Am\u00e9ricain Ben Lerner, que publient les \u00e9ditions de l\u2019Olivier en cette rentr\u00e9e litt\u00e9raire. Le premier roman de l'auteur,","og_url":"https:\/\/smallthings.fr\/lespetitslivres\/2016\/08\/28\/10-04-ben-lerner-roman-critique\/","og_site_name":"Les Petits Livres","article_published_time":"2016-08-28T15:00:04+00:00","article_modified_time":"2016-08-28T10:07:09+00:00","og_image":[{"width":1177,"height":512,"url":"https:\/\/smallthings.fr\/lespetitslivres\/wp-content\/uploads\/2016\/07\/10-04-lerner-couv.jpg","type":"image\/jpeg"}],"author":"Diane Norric","twitter_card":"summary_large_image","twitter_misc":{"\u00c9crit par":"Diane Norric","Dur\u00e9e de lecture estim\u00e9e":"3 minutes"},"schema":{"@context":"https:\/\/schema.org","@graph":[{"@type":"WebPage","@id":"https:\/\/smallthings.fr\/lespetitslivres\/2016\/08\/28\/10-04-ben-lerner-roman-critique\/","url":"https:\/\/smallthings.fr\/lespetitslivres\/2016\/08\/28\/10-04-ben-lerner-roman-critique\/","name":"10:04 de Ben Lerner : le roman du romancier","isPartOf":{"@id":"https:\/\/smallthings.fr\/lespetitslivres\/#website"},"datePublished":"2016-08-28T15:00:04+00:00","dateModified":"2016-08-28T10:07:09+00:00","author":{"@id":"https:\/\/smallthings.fr\/lespetitslivres\/#\/schema\/person\/d5a53b43d9461a170eb93b0fe68522f3"},"description":"10:04 est le second roman de l'Am\u00e9ricain Ben Lerner, que publient les \u00e9ditions de l\u2019Olivier en cette rentr\u00e9e litt\u00e9raire. Le premier roman de l'auteur,","breadcrumb":{"@id":"https:\/\/smallthings.fr\/lespetitslivres\/2016\/08\/28\/10-04-ben-lerner-roman-critique\/#breadcrumb"},"inLanguage":"fr-FR","potentialAction":[{"@type":"ReadAction","target":["https:\/\/smallthings.fr\/lespetitslivres\/2016\/08\/28\/10-04-ben-lerner-roman-critique\/"]}]},{"@type":"BreadcrumbList","@id":"https:\/\/smallthings.fr\/lespetitslivres\/2016\/08\/28\/10-04-ben-lerner-roman-critique\/#breadcrumb","itemListElement":[{"@type":"ListItem","position":1,"name":"Accueil","item":"https:\/\/smallthings.fr\/lespetitslivres\/"},{"@type":"ListItem","position":2,"name":"10:04 de Ben Lerner : le roman du romancier"}]},{"@type":"WebSite","@id":"https:\/\/smallthings.fr\/lespetitslivres\/#website","url":"https:\/\/smallthings.fr\/lespetitslivres\/","name":"Les Petits Livres","description":"by Small Things","potentialAction":[{"@type":"SearchAction","target":{"@type":"EntryPoint","urlTemplate":"https:\/\/smallthings.fr\/lespetitslivres\/?s={search_term_string}"},"query-input":"required name=search_term_string"}],"inLanguage":"fr-FR"},{"@type":"Person","@id":"https:\/\/smallthings.fr\/lespetitslivres\/#\/schema\/person\/d5a53b43d9461a170eb93b0fe68522f3","name":"Diane Norric","image":{"@type":"ImageObject","inLanguage":"fr-FR","@id":"https:\/\/smallthings.fr\/lespetitslivres\/#\/schema\/person\/image\/","url":"https:\/\/secure.gravatar.com\/avatar\/5ee9f6a30b0c402cbb9d80e9e814f454?s=96&d=retro&r=g","contentUrl":"https:\/\/secure.gravatar.com\/avatar\/5ee9f6a30b0c402cbb9d80e9e814f454?s=96&d=retro&r=g","caption":"Diane Norric"},"url":"https:\/\/smallthings.fr\/lespetitslivres\/author\/diane-norric\/"}]}},"jetpack_featured_media_url":"https:\/\/smallthings.fr\/lespetitslivres\/wp-content\/uploads\/2016\/07\/10-04-lerner-couv.jpg","jetpack_sharing_enabled":true,"jetpack_shortlink":"https:\/\/wp.me\/p6Un21-7Qv","jetpack-related-posts":[{"id":31241,"url":"https:\/\/smallthings.fr\/lespetitslivres\/2017\/08\/28\/faux-depart-marion-messina-critique\/","url_meta":{"origin":30163,"position":0},"title":"Faux d\u00e9part : portrait d&rsquo;une jeunesse d\u00e9senchant\u00e9e","author":"Marie Leroy","date":"28 ao\u00fbt 2017","format":false,"excerpt":"Faux d\u00e9part de Marion Messina vient de para\u00eetre chez Le Dilettante pour cette rentr\u00e9e litt\u00e9raire. Un premier roman au style direct et sans m\u00e9lodrame mais au pessimisme latent, d\u00e9non\u00e7ant l'injustice d'\u00eatre mal n\u00e9 dans un monde o\u00f9 il est difficile de changer de classe sociale. Quand on d\u00e9bute sa vie\u2026","rel":"","context":"Dans &quot;Roman fran\u00e7ais&quot;","block_context":{"text":"Roman fran\u00e7ais","link":"https:\/\/smallthings.fr\/lespetitslivres\/category\/roman\/roman-francais\/"},"img":{"alt_text":"","src":"https:\/\/i0.wp.com\/smallthings.fr\/lespetitslivres\/wp-content\/uploads\/2017\/08\/faux-depart-messina.jpg?resize=350%2C200","width":350,"height":200},"classes":[]},{"id":31799,"url":"https:\/\/smallthings.fr\/lespetitslivres\/2018\/09\/04\/trancher-amelie-cordonnier-roman-avis\/","url_meta":{"origin":30163,"position":1},"title":"Trancher, quand les mots d\u00e9truisent : le premier roman d&rsquo;Am\u00e9lie Cordonnier","author":"Claire","date":"4 septembre 2018","format":false,"excerpt":"En cette Rentr\u00e9e litt\u00e9raire, la journaliste Am\u00e9lie Cordonnier publie son premier roman, Trancher, chez Flammarion. Un livre difficile qui aborde le sujet de la violence conjugale verbale. L'h\u00e9ro\u00efne est en couple avec Aur\u00e9lien. Ils ont deux enfants. Apr\u00e8s des ann\u00e9es de tr\u00eave, Aur\u00e9lien recommence \u00e0 l'insulter, et ce devant leurs\u2026","rel":"","context":"Dans &quot;Roman fran\u00e7ais&quot;","block_context":{"text":"Roman fran\u00e7ais","link":"https:\/\/smallthings.fr\/lespetitslivres\/category\/roman\/roman-francais\/"},"img":{"alt_text":"","src":"https:\/\/i0.wp.com\/smallthings.fr\/lespetitslivres\/wp-content\/uploads\/2018\/09\/trancher-cordonnier-cover.jpg?resize=350%2C200&ssl=1","width":350,"height":200,"srcset":"https:\/\/i0.wp.com\/smallthings.fr\/lespetitslivres\/wp-content\/uploads\/2018\/09\/trancher-cordonnier-cover.jpg?resize=350%2C200&ssl=1 1x, https:\/\/i0.wp.com\/smallthings.fr\/lespetitslivres\/wp-content\/uploads\/2018\/09\/trancher-cordonnier-cover.jpg?resize=525%2C300&ssl=1 1.5x"},"classes":[]},{"id":16019,"url":"https:\/\/smallthings.fr\/lespetitslivres\/2014\/08\/25\/denis-michelis-chance-tu-as\/","url_meta":{"origin":30163,"position":2},"title":"Denis Michelis &#8211; La chance que tu as","author":"Claire","date":"25 ao\u00fbt 2014","format":false,"excerpt":"Denis Michelis publie chez Stock son premier roman pour la rentr\u00e9e litt\u00e9raire : La chance que tu as. Le journaliste choisit de parler de la souffrance sourde que tout un chacun dans cette soci\u00e9t\u00e9 peut ressentir parfois. Un roman tr\u00e8s efficace. Fra\u00eechement d\u00e9barqu\u00e9 de chez ses parents qui lui ont\u2026","rel":"","context":"Dans &quot;Roman fran\u00e7ais&quot;","block_context":{"text":"Roman fran\u00e7ais","link":"https:\/\/smallthings.fr\/lespetitslivres\/category\/roman\/roman-francais\/"},"img":{"alt_text":"Denis Michelis pr\u00c3\u00a9sente son roman \u00c3\u00a0 l'Institut du Monde Arabe en juin dernier.","src":"https:\/\/i0.wp.com\/smallthings.fr\/wp-content\/uploads\/2014\/08\/denis-michelis-chance-que.jpg?resize=350%2C200","width":350,"height":200},"classes":[]},{"id":30292,"url":"https:\/\/smallthings.fr\/lespetitslivres\/2016\/09\/14\/garde-corps-virginie-martin\/","url_meta":{"origin":30163,"position":3},"title":"Garde-corps de Virginie Martin : la vie des femmes","author":"Diane Norric","date":"14 septembre 2016","format":false,"excerpt":"\u00c0 l\u2019occasion de la rentr\u00e9e litt\u00e9raire, les \u00e9ditions Lemieux publient Garde-corps, le premier roman de la\u00a0chercheure\u00a0et politologue Virginie Martin. Un bref r\u00e9cit situ\u00e9 dans le monde politique, o\u00f9\u00a0affleure l\u2019engagement f\u00e9ministe de l\u2019auteure. Gabrielle Clair est une ministre du travail brillante, d\u00e9vou\u00e9e et ambitieuse. Elle \u00e9volue dans un monde d\u2019hommes, o\u00f9\u2026","rel":"","context":"Dans &quot;Rentr\u00e9e litt\u00e9raire&quot;","block_context":{"text":"Rentr\u00e9e litt\u00e9raire","link":"https:\/\/smallthings.fr\/lespetitslivres\/category\/rentree-litteraire\/"},"img":{"alt_text":"","src":"https:\/\/i0.wp.com\/smallthings.fr\/lespetitslivres\/wp-content\/uploads\/2016\/09\/virginie-martin.jpg?resize=350%2C200&ssl=1","width":350,"height":200,"srcset":"https:\/\/i0.wp.com\/smallthings.fr\/lespetitslivres\/wp-content\/uploads\/2016\/09\/virginie-martin.jpg?resize=350%2C200&ssl=1 1x, https:\/\/i0.wp.com\/smallthings.fr\/lespetitslivres\/wp-content\/uploads\/2016\/09\/virginie-martin.jpg?resize=525%2C300&ssl=1 1.5x, https:\/\/i0.wp.com\/smallthings.fr\/lespetitslivres\/wp-content\/uploads\/2016\/09\/virginie-martin.jpg?resize=700%2C400&ssl=1 2x"},"classes":[]},{"id":31803,"url":"https:\/\/smallthings.fr\/lespetitslivres\/2018\/09\/08\/presque-nuit-ete-thi-thu-avis\/","url_meta":{"origin":30163,"position":4},"title":"Presque une nuit d\u2019\u00e9t\u00e9, premier roman de Thi Thu","author":"Diane Norric","date":"8 septembre 2018","format":false,"excerpt":"La rentr\u00e9e litt\u00e9raire 2018 a \u00e9tabli un record en mati\u00e8re de premiers romans. Difficile pour ces primo-romanciers de ne pas finir noy\u00e9s dans la masse. Dans cette for\u00eat de titres, on ne peut que conseiller de ne pas manquer un arbre d\u00e9licat et remarquable : Presque une nuit d\u2019\u00e9t\u00e9 et\u2026","rel":"","context":"Dans &quot;Roman fran\u00e7ais&quot;","block_context":{"text":"Roman fran\u00e7ais","link":"https:\/\/smallthings.fr\/lespetitslivres\/category\/roman\/roman-francais\/"},"img":{"alt_text":"","src":"https:\/\/i0.wp.com\/smallthings.fr\/lespetitslivres\/wp-content\/uploads\/2018\/09\/presque-une-nuit-d-ete-cover.jpg?resize=350%2C200&ssl=1","width":350,"height":200,"srcset":"https:\/\/i0.wp.com\/smallthings.fr\/lespetitslivres\/wp-content\/uploads\/2018\/09\/presque-une-nuit-d-ete-cover.jpg?resize=350%2C200&ssl=1 1x, https:\/\/i0.wp.com\/smallthings.fr\/lespetitslivres\/wp-content\/uploads\/2018\/09\/presque-une-nuit-d-ete-cover.jpg?resize=525%2C300&ssl=1 1.5x"},"classes":[]},{"id":31762,"url":"https:\/\/smallthings.fr\/lespetitslivres\/2018\/08\/23\/vie-de-pierres-chaudes-aurelie-razimbaud\/","url_meta":{"origin":30163,"position":5},"title":"Une vie de pierres chaudes, le premier roman d&rsquo;Aur\u00e9lie Razimbaud","author":"Claire","date":"23 ao\u00fbt 2018","format":false,"excerpt":"Aur\u00e9lie Razimbaud publie son premier roman chez Albin Michel pour cette Rentr\u00e9e litt\u00e9raire, Une vie de pierres chaudes. C'est dans le contexte de la guerre d'Alg\u00e9rie qu'elle plonge ses personnages. Un moyen pour elle de dire cette \u00e9poque que son grand-p\u00e8re n'a jamais pu lui raconter... En Alg\u00e9rie, dans les\u2026","rel":"","context":"Dans &quot;Roman fran\u00e7ais&quot;","block_context":{"text":"Roman fran\u00e7ais","link":"https:\/\/smallthings.fr\/lespetitslivres\/category\/roman\/roman-francais\/"},"img":{"alt_text":"","src":"https:\/\/i0.wp.com\/smallthings.fr\/lespetitslivres\/wp-content\/uploads\/2018\/08\/aurelie-razimbaud.jpg?resize=350%2C200&ssl=1","width":350,"height":200,"srcset":"https:\/\/i0.wp.com\/smallthings.fr\/lespetitslivres\/wp-content\/uploads\/2018\/08\/aurelie-razimbaud.jpg?resize=350%2C200&ssl=1 1x, https:\/\/i0.wp.com\/smallthings.fr\/lespetitslivres\/wp-content\/uploads\/2018\/08\/aurelie-razimbaud.jpg?resize=525%2C300&ssl=1 1.5x, https:\/\/i0.wp.com\/smallthings.fr\/lespetitslivres\/wp-content\/uploads\/2018\/08\/aurelie-razimbaud.jpg?resize=700%2C400&ssl=1 2x, https:\/\/i0.wp.com\/smallthings.fr\/lespetitslivres\/wp-content\/uploads\/2018\/08\/aurelie-razimbaud.jpg?resize=1050%2C600&ssl=1 3x"},"classes":[]}],"_links":{"self":[{"href":"https:\/\/smallthings.fr\/lespetitslivres\/wp-json\/wp\/v2\/posts\/30163"}],"collection":[{"href":"https:\/\/smallthings.fr\/lespetitslivres\/wp-json\/wp\/v2\/posts"}],"about":[{"href":"https:\/\/smallthings.fr\/lespetitslivres\/wp-json\/wp\/v2\/types\/post"}],"author":[{"embeddable":true,"href":"https:\/\/smallthings.fr\/lespetitslivres\/wp-json\/wp\/v2\/users\/20"}],"replies":[{"embeddable":true,"href":"https:\/\/smallthings.fr\/lespetitslivres\/wp-json\/wp\/v2\/comments?post=30163"}],"version-history":[{"count":4,"href":"https:\/\/smallthings.fr\/lespetitslivres\/wp-json\/wp\/v2\/posts\/30163\/revisions"}],"predecessor-version":[{"id":30271,"href":"https:\/\/smallthings.fr\/lespetitslivres\/wp-json\/wp\/v2\/posts\/30163\/revisions\/30271"}],"wp:featuredmedia":[{"embeddable":true,"href":"https:\/\/smallthings.fr\/lespetitslivres\/wp-json\/wp\/v2\/media\/30270"}],"wp:attachment":[{"href":"https:\/\/smallthings.fr\/lespetitslivres\/wp-json\/wp\/v2\/media?parent=30163"}],"wp:term":[{"taxonomy":"category","embeddable":true,"href":"https:\/\/smallthings.fr\/lespetitslivres\/wp-json\/wp\/v2\/categories?post=30163"},{"taxonomy":"post_tag","embeddable":true,"href":"https:\/\/smallthings.fr\/lespetitslivres\/wp-json\/wp\/v2\/tags?post=30163"}],"curies":[{"name":"wp","href":"https:\/\/api.w.org\/{rel}","templated":true}]}}