{"id":30117,"date":"2016-07-03T13:00:30","date_gmt":"2016-07-03T12:00:30","guid":{"rendered":"http:\/\/smallthings.fr\/lespetitslivres\/?p=30117"},"modified":"2016-07-02T20:50:32","modified_gmt":"2016-07-02T19:50:32","slug":"j-ai-quelque-chose-a-te-dire-critique","status":"publish","type":"post","link":"https:\/\/smallthings.fr\/lespetitslivres\/2016\/07\/03\/j-ai-quelque-chose-a-te-dire-critique\/","title":{"rendered":"J&rsquo;ai quelque chose \u00e0 te dire : l&rsquo;amour, la mode et la mort"},"content":{"rendered":"<h2><em>J&rsquo;ai quelque chose \u00e0 te dire<\/em> d&rsquo;Anne de Bourbon-Siciles vient de para\u00eetre aux <a href=\"http:\/\/www.editionsarchipel.com\/livre\/j-ai-quelque-chose-a-te-dire\/\">\u00e9ditions de l&rsquo;Archipel<\/a>. Il s&rsquo;agit du deuxi\u00e8me roman de l&rsquo;auteure, apr\u00e8s son tr\u00e8s remarqu\u00e9 <em>Chant du Pipiri<\/em>. La couverture du livre montre une jeune femme blonde qui sourit face au soleil, avec en toile de fond un magnifique ciel bleu. On pourrait ainsi s\u2019attendre \u00e0 une histoire l\u00e9g\u00e8re et pleine d&rsquo;espoir, une saga romantique \u00e0 lire au bord de la plage. Mais ne vous fiez pas \u00e0 cette belle image ensoleill\u00e9e, car le roman est tout autre.<\/h2>\n<p>Greta, la jeune h\u00e9ro\u00efne du r\u00e9cit, n&rsquo;aura droit qu&rsquo;\u00e0 un ciel lourd et charg\u00e9 de nuages tout au long de sa vie. Elle paiera tr\u00e8s cher de n&rsquo;avoir pas \u00ab\u00a0suivi le bon chemin\u00a0\u00bb, phrase qu&rsquo;elle se r\u00e9p\u00e8tera souvent. Attention car cet article comporte quelques spoilers !<\/p>\n<p><img loading=\"lazy\" decoding=\"async\" data-attachment-id=\"30118\" data-permalink=\"https:\/\/smallthings.fr\/lespetitslivres\/2016\/07\/03\/j-ai-quelque-chose-a-te-dire-critique\/j-ai-quelque-chose-a-te-dire\/\" data-orig-file=\"https:\/\/smallthings.fr\/lespetitslivres\/wp-content\/uploads\/2016\/07\/j-ai-quelque-chose-a-te-dire.jpeg\" data-orig-size=\"220,351\" data-comments-opened=\"1\" data-image-meta=\"{&quot;aperture&quot;:&quot;0&quot;,&quot;credit&quot;:&quot;&quot;,&quot;camera&quot;:&quot;&quot;,&quot;caption&quot;:&quot;&quot;,&quot;created_timestamp&quot;:&quot;0&quot;,&quot;copyright&quot;:&quot;&quot;,&quot;focal_length&quot;:&quot;0&quot;,&quot;iso&quot;:&quot;0&quot;,&quot;shutter_speed&quot;:&quot;0&quot;,&quot;title&quot;:&quot;&quot;,&quot;orientation&quot;:&quot;0&quot;}\" data-image-title=\"j-ai-quelque-chose-a-te-dire\" data-image-description=\"\" data-image-caption=\"\" data-medium-file=\"https:\/\/smallthings.fr\/lespetitslivres\/wp-content\/uploads\/2016\/07\/j-ai-quelque-chose-a-te-dire-188x300.jpeg\" data-large-file=\"https:\/\/smallthings.fr\/lespetitslivres\/wp-content\/uploads\/2016\/07\/j-ai-quelque-chose-a-te-dire.jpeg\" class=\"alignleft size-full wp-image-30118\" src=\"http:\/\/smallthings.fr\/lespetitslivres\/wp-content\/uploads\/2016\/07\/j-ai-quelque-chose-a-te-dire.jpeg\" alt=\"j-ai-quelque-chose-a-te-dire\" width=\"220\" height=\"351\" srcset=\"https:\/\/smallthings.fr\/lespetitslivres\/wp-content\/uploads\/2016\/07\/j-ai-quelque-chose-a-te-dire.jpeg 220w, https:\/\/smallthings.fr\/lespetitslivres\/wp-content\/uploads\/2016\/07\/j-ai-quelque-chose-a-te-dire-188x300.jpeg 188w\" sizes=\"(max-width: 220px) 100vw, 220px\" \/>Greta a 20 ans en 1970. Elle est n\u00e9e dans une famille aimante. Son p\u00e8re, Sam, un anthropologue juif, a fui l&rsquo;Europe \u00e0 cause des pogroms. Sa m\u00e8re, Molly, une irlandaise catholique, tient une galerie d&rsquo;art. La petite famille vit \u00e0 New York et coule des jours paisibles, jusqu&rsquo;\u00e0 ce que Greta tombe amoureuse de John, un Am\u00e9ricain de son \u00e2ge issu d&rsquo;une famille riche et puissante. Le lecteur peut supposer que le reste de l&rsquo;histoire de <em>J&rsquo;ai quelque chose \u00e0 te dire<\/em> sera tout aussi insouciant, mais il n&rsquo;en est rien&#8230; D\u00e8s son premier rendez-vous avec John \u00e0 Central Park, Greta rencontre un mendiant qui se prom\u00e8ne autour des bancs. L\u00e0, il la fixe du regard, et lui lance \u00e0 propos de John : <strong>\u00ab\u00a0N&rsquo;y allez pas, Miss. ce n&rsquo;est pas le bon chemin\u00a0\u00bb<\/strong>. Phrase proph\u00e9tique s&rsquo;il en est, car John va se r\u00e9v\u00e9ler \u00eatre tout sauf un Prince Charmant.<\/p>\n<p>Au fil des jours, Greta va d\u00e9couvrir que c&rsquo;est un goujat, qu&rsquo;il aime les bagarres, glisse des plaisanteries racistes d&rsquo;un go\u00fbt douteux, et qu&rsquo;il peut se r\u00e9v\u00e9ler brutal et \u00e9go\u00efste, y compris lors des rapports sexuels. La pauvre Greta d\u00e9couvre la sexualit\u00e9 d&rsquo;une mani\u00e8re bien exp\u00e9ditive, et <strong>nous sommes \u00e0 mille lieues de tout romantisme<\/strong>. Mais celle-ci, encore na\u00efve, ne parvient pas \u00e0 parler de la situation face \u00e0 ses parents tr\u00e8s pudiques, qui en retour, n&rsquo;osent pas lui poser de questions, et elle s&rsquo;enfonce dans une relation tr\u00e8s frustrante avec John, y compris quand elle doit supporter la belle-m\u00e8re m\u00e9prisante et castratrice, tout \u00e7a par amour. Il faudra un grave accident de voiture pour mettre un terme \u00e0 cette dr\u00f4le de relation, o\u00f9 John, voyant que Greta ne pourra jamais avoir d&rsquo;enfant, s&rsquo;\u00e9vanouit dans la nature. Il ne s&rsquo;agit pas vraiment d&rsquo;un spoiler, car cela se sait d\u00e8s la quatri\u00e8me de couverture de <em>J&rsquo;ai quelque chose \u00e0 te dire<\/em>. C&rsquo;est tout son monde qui s\u2019\u00e9croule, ainsi que ses beaux r\u00eaves de fonder un jour une famille. Et c&rsquo;est terrible pour Sam et Molly, qui voient toute filiation d\u00e9sormais impossible.<\/p>\n<p><strong>Rien n&rsquo;est \u00e9pargn\u00e9 \u00e0 la pauvre h\u00e9ro\u00efne<\/strong>, ni m\u00eame au lecteur, qui ne s&rsquo;attendait pas \u00e0 cette irruption cruelle de la r\u00e9alit\u00e9. C&rsquo;est vraiment un choc, et l&rsquo;on se sent vraiment d\u00e9sol\u00e9 pour Greta, qui poursuit sa route comme si de rien n&rsquo;\u00e9tait. Qu&rsquo;\u00e0 cela ne tienne, elle d\u00e9m\u00e9nage \u00e0 Paris pour se consacrer aux articles de mode, o\u00f9 elle excelle. Elle fera la rencontre du Prince Fran\u00e7ois dans les cercles mondains du quartier Saint-Germain, et fera la connaissance de la troublante Aiko, grande photographe de mode japonaise qui fuit les journalistes comme la peste, mais qui n&rsquo;h\u00e9site pas \u00e0 se confier \u00e0 Greta sur des sujets tr\u00e8s lourds, comme la mort par exemple.<\/p>\n<p>La mort. Elle hante une bonne partie de <em>J&rsquo;ai quelque chose \u00e0 te dire<\/em>, comme lorsque Molly voit sa sant\u00e9 d\u00e9cliner de mani\u00e8re terrifiante ou que Sam pr\u00e9f\u00e8re s&rsquo;\u00e9teindre dans le quartier juif de Vienne, l\u00e0 o\u00f9 sont ses racines. Une touche de fantastique pr\u00e9domine dans le r\u00e9cit, d\u00e9butant avec le sans abri rencontr\u00e9 dans Central Park, ou s&rsquo;installant majestueusement dans le vieux ch\u00e2teau de la Dordogne, avec des portraits qui intriguent et un escalier hant\u00e9. Finalement c&rsquo;est en Turquie, sous les \u00e9toiles d&rsquo;Istanbul, que Greta renouera avec le grand amour et fera la paix avec elle-m\u00eame. Car <strong>le mot \u00ab\u00a0destin\u00a0\u00bb ne se rapproche-t-il pas de la \u00ab\u00a0destination\u00a0\u00bb ?<\/strong><\/p>\n<p><img loading=\"lazy\" decoding=\"async\" data-attachment-id=\"30119\" data-permalink=\"https:\/\/smallthings.fr\/lespetitslivres\/2016\/07\/03\/j-ai-quelque-chose-a-te-dire-critique\/j-ai-quelque-chose-a-te-dire-2\/\" data-orig-file=\"https:\/\/smallthings.fr\/lespetitslivres\/wp-content\/uploads\/2016\/07\/j-ai-quelque-chose-a-te-dire-2.jpg\" data-orig-size=\"1280,720\" data-comments-opened=\"1\" data-image-meta=\"{&quot;aperture&quot;:&quot;0&quot;,&quot;credit&quot;:&quot;&quot;,&quot;camera&quot;:&quot;&quot;,&quot;caption&quot;:&quot;&quot;,&quot;created_timestamp&quot;:&quot;0&quot;,&quot;copyright&quot;:&quot;&quot;,&quot;focal_length&quot;:&quot;0&quot;,&quot;iso&quot;:&quot;0&quot;,&quot;shutter_speed&quot;:&quot;0&quot;,&quot;title&quot;:&quot;&quot;,&quot;orientation&quot;:&quot;0&quot;}\" data-image-title=\"j-ai-quelque-chose-a-te-dire-2\" data-image-description=\"\" data-image-caption=\"\" data-medium-file=\"https:\/\/smallthings.fr\/lespetitslivres\/wp-content\/uploads\/2016\/07\/j-ai-quelque-chose-a-te-dire-2-300x169.jpg\" data-large-file=\"https:\/\/smallthings.fr\/lespetitslivres\/wp-content\/uploads\/2016\/07\/j-ai-quelque-chose-a-te-dire-2-1024x576.jpg\" class=\"alignright wp-image-30119\" src=\"http:\/\/smallthings.fr\/lespetitslivres\/wp-content\/uploads\/2016\/07\/j-ai-quelque-chose-a-te-dire-2-1024x576.jpg\" alt=\"j-ai-quelque-chose-a-te-dire-2\" width=\"393\" height=\"221\" srcset=\"https:\/\/smallthings.fr\/lespetitslivres\/wp-content\/uploads\/2016\/07\/j-ai-quelque-chose-a-te-dire-2-1024x576.jpg 1024w, https:\/\/smallthings.fr\/lespetitslivres\/wp-content\/uploads\/2016\/07\/j-ai-quelque-chose-a-te-dire-2-300x169.jpg 300w, https:\/\/smallthings.fr\/lespetitslivres\/wp-content\/uploads\/2016\/07\/j-ai-quelque-chose-a-te-dire-2-768x432.jpg 768w, https:\/\/smallthings.fr\/lespetitslivres\/wp-content\/uploads\/2016\/07\/j-ai-quelque-chose-a-te-dire-2-640x360.jpg 640w, https:\/\/smallthings.fr\/lespetitslivres\/wp-content\/uploads\/2016\/07\/j-ai-quelque-chose-a-te-dire-2-320x180.jpg 320w, https:\/\/smallthings.fr\/lespetitslivres\/wp-content\/uploads\/2016\/07\/j-ai-quelque-chose-a-te-dire-2.jpg 1280w\" sizes=\"(max-width: 393px) 100vw, 393px\" \/>L&rsquo;\u00e9criture de <em>J&rsquo;ai quelque chose \u00e0 te dire<\/em>, est, quant \u00e0 elle, exceptionnellement bien ma\u00eetris\u00e9e. Tout est en d\u00e9licatesse, en exactitude et en profondeur, et on ne l\u00e2che pas le roman une seule seconde. Greta prend de l&rsquo;assurance et de la maturit\u00e9 avec les ann\u00e9es, et tous ses faits, y compris sa souffrance, sont d\u00e9crits et v\u00e9cus avec beaucoup de sobri\u00e9t\u00e9 et de dignit\u00e9. C&rsquo;est le cas jusqu&rsquo;\u00e0 la toute derni\u00e8re page du livre, qui bouleverse. Sans jamais tomber dans la facilit\u00e9 ou le <em>happy ending<\/em>, l&rsquo;h\u00e9ro\u00efne tente de ma\u00eetriser son destin auquel elle ne peut \u00e9chapper. Car le r\u00e9cit ne sombre jamais dans le pathos et garde toujours sa justesse. L&rsquo;ouvrage pourrait \u00eatre ainsi diviser en trois parties : l&rsquo;amour, la mode, la mort. Aiko, qui revient justement \u00e0 la fin du livre, ne serait-elle pas finalement la mort elle-m\u00eame ?<\/p>\n<p>Anne de Bourbon-Siciles est une princesse, h\u00e9riti\u00e8re des Bourbons, et sa connaissance de l&rsquo;\u00e9lite et de la mode transpara\u00eet bien dans <em>J&rsquo;ai quelque chose \u00e0 te dire<\/em>. Elle est ici dans son \u00e9l\u00e9ment, ce qui explique la r\u00e9ussite de son \u00e9criture. \u00c9chappant \u00e0 tous les clich\u00e9s et aux codes, elle d\u00e9crit avec beaucoup de sensibilit\u00e9 les m\u00e9saventures de la vie. C&rsquo;est un auteur \u00e0 suivre de tr\u00e8s pr\u00e8s, et on attend son troisi\u00e8me livre avec impatience.<\/p>\n","protected":false},"excerpt":{"rendered":"<p>J&rsquo;ai quelque chose \u00e0 te dire d&rsquo;Anne de Bourbon-Siciles vient de para\u00eetre aux \u00e9ditions de l&rsquo;Archipel. Il s&rsquo;agit du deuxi\u00e8me roman de l&rsquo;auteure, apr\u00e8s son tr\u00e8s remarqu\u00e9 Chant du Pipiri. La couverture du livre montre une jeune femme blonde qui sourit face au soleil, avec en toile de fond un magnifique ciel bleu. On pourrait<\/p>\n","protected":false},"author":17,"featured_media":30120,"comment_status":"open","ping_status":"open","sticky":false,"template":"","format":"standard","meta":{"jetpack_post_was_ever_published":false,"_jetpack_newsletter_access":"","_jetpack_newsletter_tier_id":0,"footnotes":"","jetpack_publicize_message":"","jetpack_is_tweetstorm":false,"jetpack_publicize_feature_enabled":true,"jetpack_social_post_already_shared":true,"jetpack_social_options":{"image_generator_settings":{"template":"highway","enabled":false}}},"categories":[1117],"tags":[1459,1460,768,54],"jetpack_publicize_connections":[],"yoast_head":"<!-- This site is optimized with the Yoast SEO plugin v21.5 - https:\/\/yoast.com\/wordpress\/plugins\/seo\/ -->\n<title>J&#039;ai quelque chose \u00e0 te dire : l&#039;amour, la mode et la mort<\/title>\n<meta name=\"description\" content=\"J&#039;ai quelque chose \u00e0 te dire d&#039;Anne de Bourbon-Siciles vient de para\u00eetre aux \u00e9ditions de l&#039;Archipel. Il s&#039;agit du deuxi\u00e8me roman de l&#039;auteure, apr\u00e8s son\" \/>\n<meta name=\"robots\" content=\"index, follow, max-snippet:-1, max-image-preview:large, max-video-preview:-1\" \/>\n<link rel=\"canonical\" href=\"http:\/\/smallthings.fr\/lespetitslivres\/2016\/07\/03\/j-ai-quelque-chose-a-te-dire-critique\/\" \/>\n<meta property=\"og:locale\" content=\"fr_FR\" \/>\n<meta property=\"og:type\" content=\"article\" \/>\n<meta property=\"og:title\" content=\"J&#039;ai quelque chose \u00e0 te dire : l&#039;amour, la mode et la mort\" \/>\n<meta property=\"og:description\" content=\"J&#039;ai quelque chose \u00e0 te dire d&#039;Anne de Bourbon-Siciles vient de para\u00eetre aux \u00e9ditions de l&#039;Archipel. Il s&#039;agit du deuxi\u00e8me roman de l&#039;auteure, apr\u00e8s son\" \/>\n<meta property=\"og:url\" content=\"http:\/\/smallthings.fr\/lespetitslivres\/2016\/07\/03\/j-ai-quelque-chose-a-te-dire-critique\/\" \/>\n<meta property=\"og:site_name\" content=\"Les Petits Livres\" \/>\n<meta property=\"article:published_time\" content=\"2016-07-03T12:00:30+00:00\" \/>\n<meta property=\"article:modified_time\" content=\"2016-07-02T19:50:32+00:00\" \/>\n<meta property=\"og:image\" content=\"https:\/\/i0.wp.com\/smallthings.fr\/lespetitslivres\/wp-content\/uploads\/2016\/07\/j-ai-quelque-chose-a-te-dire-couv.jpg?fit=960%2C360\" \/>\n\t<meta property=\"og:image:width\" content=\"960\" \/>\n\t<meta property=\"og:image:height\" content=\"360\" \/>\n\t<meta property=\"og:image:type\" content=\"image\/jpeg\" \/>\n<meta name=\"author\" content=\"Rebecca\" \/>\n<meta name=\"twitter:card\" content=\"summary_large_image\" \/>\n<meta name=\"twitter:label1\" content=\"\u00c9crit par\" \/>\n\t<meta name=\"twitter:data1\" content=\"Rebecca\" \/>\n\t<meta name=\"twitter:label2\" content=\"Dur\u00e9e de lecture estim\u00e9e\" \/>\n\t<meta name=\"twitter:data2\" content=\"5 minutes\" \/>\n<script type=\"application\/ld+json\" class=\"yoast-schema-graph\">{\"@context\":\"https:\/\/schema.org\",\"@graph\":[{\"@type\":\"WebPage\",\"@id\":\"http:\/\/smallthings.fr\/lespetitslivres\/2016\/07\/03\/j-ai-quelque-chose-a-te-dire-critique\/\",\"url\":\"http:\/\/smallthings.fr\/lespetitslivres\/2016\/07\/03\/j-ai-quelque-chose-a-te-dire-critique\/\",\"name\":\"J'ai quelque chose \u00e0 te dire : l'amour, la mode et la mort\",\"isPartOf\":{\"@id\":\"https:\/\/smallthings.fr\/lespetitslivres\/#website\"},\"datePublished\":\"2016-07-03T12:00:30+00:00\",\"dateModified\":\"2016-07-02T19:50:32+00:00\",\"author\":{\"@id\":\"https:\/\/smallthings.fr\/lespetitslivres\/#\/schema\/person\/0cd6a80f4ed2616c81a8973aed74c2b8\"},\"description\":\"J'ai quelque chose \u00e0 te dire d'Anne de Bourbon-Siciles vient de para\u00eetre aux \u00e9ditions de l'Archipel. Il s'agit du deuxi\u00e8me roman de l'auteure, apr\u00e8s son\",\"breadcrumb\":{\"@id\":\"http:\/\/smallthings.fr\/lespetitslivres\/2016\/07\/03\/j-ai-quelque-chose-a-te-dire-critique\/#breadcrumb\"},\"inLanguage\":\"fr-FR\",\"potentialAction\":[{\"@type\":\"ReadAction\",\"target\":[\"http:\/\/smallthings.fr\/lespetitslivres\/2016\/07\/03\/j-ai-quelque-chose-a-te-dire-critique\/\"]}]},{\"@type\":\"BreadcrumbList\",\"@id\":\"http:\/\/smallthings.fr\/lespetitslivres\/2016\/07\/03\/j-ai-quelque-chose-a-te-dire-critique\/#breadcrumb\",\"itemListElement\":[{\"@type\":\"ListItem\",\"position\":1,\"name\":\"Accueil\",\"item\":\"https:\/\/smallthings.fr\/lespetitslivres\/\"},{\"@type\":\"ListItem\",\"position\":2,\"name\":\"J&rsquo;ai quelque chose \u00e0 te dire : l&rsquo;amour, la mode et la mort\"}]},{\"@type\":\"WebSite\",\"@id\":\"https:\/\/smallthings.fr\/lespetitslivres\/#website\",\"url\":\"https:\/\/smallthings.fr\/lespetitslivres\/\",\"name\":\"Les Petits Livres\",\"description\":\"by Small Things\",\"potentialAction\":[{\"@type\":\"SearchAction\",\"target\":{\"@type\":\"EntryPoint\",\"urlTemplate\":\"https:\/\/smallthings.fr\/lespetitslivres\/?s={search_term_string}\"},\"query-input\":\"required name=search_term_string\"}],\"inLanguage\":\"fr-FR\"},{\"@type\":\"Person\",\"@id\":\"https:\/\/smallthings.fr\/lespetitslivres\/#\/schema\/person\/0cd6a80f4ed2616c81a8973aed74c2b8\",\"name\":\"Rebecca\",\"image\":{\"@type\":\"ImageObject\",\"inLanguage\":\"fr-FR\",\"@id\":\"https:\/\/smallthings.fr\/lespetitslivres\/#\/schema\/person\/image\/\",\"url\":\"https:\/\/secure.gravatar.com\/avatar\/246cd9ae3b479e7da67da1cdf8c319af?s=96&d=retro&r=g\",\"contentUrl\":\"https:\/\/secure.gravatar.com\/avatar\/246cd9ae3b479e7da67da1cdf8c319af?s=96&d=retro&r=g\",\"caption\":\"Rebecca\"},\"url\":\"https:\/\/smallthings.fr\/lespetitslivres\/author\/rebecca\/\"}]}<\/script>\n<!-- \/ Yoast SEO plugin. -->","yoast_head_json":{"title":"J'ai quelque chose \u00e0 te dire : l'amour, la mode et la mort","description":"J'ai quelque chose \u00e0 te dire d'Anne de Bourbon-Siciles vient de para\u00eetre aux \u00e9ditions de l'Archipel. Il s'agit du deuxi\u00e8me roman de l'auteure, apr\u00e8s son","robots":{"index":"index","follow":"follow","max-snippet":"max-snippet:-1","max-image-preview":"max-image-preview:large","max-video-preview":"max-video-preview:-1"},"canonical":"http:\/\/smallthings.fr\/lespetitslivres\/2016\/07\/03\/j-ai-quelque-chose-a-te-dire-critique\/","og_locale":"fr_FR","og_type":"article","og_title":"J'ai quelque chose \u00e0 te dire : l'amour, la mode et la mort","og_description":"J'ai quelque chose \u00e0 te dire d'Anne de Bourbon-Siciles vient de para\u00eetre aux \u00e9ditions de l'Archipel. Il s'agit du deuxi\u00e8me roman de l'auteure, apr\u00e8s son","og_url":"http:\/\/smallthings.fr\/lespetitslivres\/2016\/07\/03\/j-ai-quelque-chose-a-te-dire-critique\/","og_site_name":"Les Petits Livres","article_published_time":"2016-07-03T12:00:30+00:00","article_modified_time":"2016-07-02T19:50:32+00:00","og_image":[{"width":960,"height":360,"url":"https:\/\/i0.wp.com\/smallthings.fr\/lespetitslivres\/wp-content\/uploads\/2016\/07\/j-ai-quelque-chose-a-te-dire-couv.jpg?fit=960%2C360","type":"image\/jpeg"}],"author":"Rebecca","twitter_card":"summary_large_image","twitter_misc":{"\u00c9crit par":"Rebecca","Dur\u00e9e de lecture estim\u00e9e":"5 minutes"},"schema":{"@context":"https:\/\/schema.org","@graph":[{"@type":"WebPage","@id":"http:\/\/smallthings.fr\/lespetitslivres\/2016\/07\/03\/j-ai-quelque-chose-a-te-dire-critique\/","url":"http:\/\/smallthings.fr\/lespetitslivres\/2016\/07\/03\/j-ai-quelque-chose-a-te-dire-critique\/","name":"J'ai quelque chose \u00e0 te dire : l'amour, la mode et la mort","isPartOf":{"@id":"https:\/\/smallthings.fr\/lespetitslivres\/#website"},"datePublished":"2016-07-03T12:00:30+00:00","dateModified":"2016-07-02T19:50:32+00:00","author":{"@id":"https:\/\/smallthings.fr\/lespetitslivres\/#\/schema\/person\/0cd6a80f4ed2616c81a8973aed74c2b8"},"description":"J'ai quelque chose \u00e0 te dire d'Anne de Bourbon-Siciles vient de para\u00eetre aux \u00e9ditions de l'Archipel. Il s'agit du deuxi\u00e8me roman de l'auteure, apr\u00e8s son","breadcrumb":{"@id":"http:\/\/smallthings.fr\/lespetitslivres\/2016\/07\/03\/j-ai-quelque-chose-a-te-dire-critique\/#breadcrumb"},"inLanguage":"fr-FR","potentialAction":[{"@type":"ReadAction","target":["http:\/\/smallthings.fr\/lespetitslivres\/2016\/07\/03\/j-ai-quelque-chose-a-te-dire-critique\/"]}]},{"@type":"BreadcrumbList","@id":"http:\/\/smallthings.fr\/lespetitslivres\/2016\/07\/03\/j-ai-quelque-chose-a-te-dire-critique\/#breadcrumb","itemListElement":[{"@type":"ListItem","position":1,"name":"Accueil","item":"https:\/\/smallthings.fr\/lespetitslivres\/"},{"@type":"ListItem","position":2,"name":"J&rsquo;ai quelque chose \u00e0 te dire : l&rsquo;amour, la mode et la mort"}]},{"@type":"WebSite","@id":"https:\/\/smallthings.fr\/lespetitslivres\/#website","url":"https:\/\/smallthings.fr\/lespetitslivres\/","name":"Les Petits Livres","description":"by Small Things","potentialAction":[{"@type":"SearchAction","target":{"@type":"EntryPoint","urlTemplate":"https:\/\/smallthings.fr\/lespetitslivres\/?s={search_term_string}"},"query-input":"required name=search_term_string"}],"inLanguage":"fr-FR"},{"@type":"Person","@id":"https:\/\/smallthings.fr\/lespetitslivres\/#\/schema\/person\/0cd6a80f4ed2616c81a8973aed74c2b8","name":"Rebecca","image":{"@type":"ImageObject","inLanguage":"fr-FR","@id":"https:\/\/smallthings.fr\/lespetitslivres\/#\/schema\/person\/image\/","url":"https:\/\/secure.gravatar.com\/avatar\/246cd9ae3b479e7da67da1cdf8c319af?s=96&d=retro&r=g","contentUrl":"https:\/\/secure.gravatar.com\/avatar\/246cd9ae3b479e7da67da1cdf8c319af?s=96&d=retro&r=g","caption":"Rebecca"},"url":"https:\/\/smallthings.fr\/lespetitslivres\/author\/rebecca\/"}]}},"jetpack_featured_media_url":"https:\/\/smallthings.fr\/lespetitslivres\/wp-content\/uploads\/2016\/07\/j-ai-quelque-chose-a-te-dire-couv.jpg","jetpack_sharing_enabled":true,"jetpack_shortlink":"https:\/\/wp.me\/p6Un21-7PL","jetpack-related-posts":[{"id":29636,"url":"https:\/\/smallthings.fr\/lespetitslivres\/2016\/03\/01\/ana-l-etoilee-ours-colombe-bruneau\/","url_meta":{"origin":30117,"position":0},"title":"Ana L\u2019\u00e9toil\u00e9e, T1 : L\u2019Ours et la Colombe, d\u2019Oph\u00e9lie Bruneau","author":"Jennifer","date":"1 mars 2016","format":false,"excerpt":"Ana\u00a0L\u2019\u00e9toil\u00e9e tome 1\u00a0L\u2019Ours et la Colombe\u00a0est un roman d'Oph\u00e9lie Bruneau et sorti aux \u00e9ditions du Chat Noir le 10 f\u00e9vrier dernier. On y rencontre Ana Monta\u00f1ez, une jeune sorci\u00e8re, qui va \u00eatre appel\u00e9e \u00e0 la rescousse car un fant\u00f4me hante la chambre d\u2019une maison en Espagne. Elle qui pensait r\u00e9aliser\u2026","rel":"","context":"Dans &quot;Fantastique&quot;","block_context":{"text":"Fantastique","link":"https:\/\/smallthings.fr\/lespetitslivres\/category\/imaginaire\/fantastique\/"},"img":{"alt_text":"","src":"https:\/\/i0.wp.com\/smallthings.fr\/lespetitslivres\/wp-content\/uploads\/2016\/02\/ana-l-etoilee-couv.jpg?resize=350%2C200&ssl=1","width":350,"height":200,"srcset":"https:\/\/i0.wp.com\/smallthings.fr\/lespetitslivres\/wp-content\/uploads\/2016\/02\/ana-l-etoilee-couv.jpg?resize=350%2C200&ssl=1 1x, https:\/\/i0.wp.com\/smallthings.fr\/lespetitslivres\/wp-content\/uploads\/2016\/02\/ana-l-etoilee-couv.jpg?resize=525%2C300&ssl=1 1.5x"},"classes":[]},{"id":30908,"url":"https:\/\/smallthings.fr\/lespetitslivres\/2017\/03\/30\/pays-soleil-rouge-saga-romantique-critique\/","url_meta":{"origin":30117,"position":1},"title":"Le pays du soleil rouge, une saga romantique qui r\u00e9chauffe les c\u0153urs","author":"Rebecca","date":"30 mars 2017","format":false,"excerpt":"Le dernier ouvrage d\u2019Elizabeth Haran, Le pays du soleil rouge, vient de para\u00eetre aux \u00e9ditions de l\u2019Archipel. Peu connue en France, E. Haran est pourtant l\u2019auteure australienne de quelques best-sellers vendus \u00e0 travers le monde. Vivant \u00e0 Ad\u00e9la\u00efde, en Australie, elle a \u00e9crit au total 16 livres qui se sont\u2026","rel":"","context":"Dans &quot;Roman \u00e9tranger&quot;","block_context":{"text":"Roman \u00e9tranger","link":"https:\/\/smallthings.fr\/lespetitslivres\/category\/roman\/roman-etranger\/"},"img":{"alt_text":"","src":"https:\/\/i0.wp.com\/smallthings.fr\/lespetitslivres\/wp-content\/uploads\/2017\/03\/soleil-rouge-couv.jpg?resize=350%2C200&ssl=1","width":350,"height":200,"srcset":"https:\/\/i0.wp.com\/smallthings.fr\/lespetitslivres\/wp-content\/uploads\/2017\/03\/soleil-rouge-couv.jpg?resize=350%2C200&ssl=1 1x, https:\/\/i0.wp.com\/smallthings.fr\/lespetitslivres\/wp-content\/uploads\/2017\/03\/soleil-rouge-couv.jpg?resize=525%2C300&ssl=1 1.5x"},"classes":[]},{"id":25554,"url":"https:\/\/smallthings.fr\/lespetitslivres\/2015\/07\/18\/meilleure-chose-qui-me-soit-jamais-arrivee-critique\/","url_meta":{"origin":30117,"position":2},"title":"La meilleure chose qui me soit (jamais) arriv\u00e9e : la romance de l&rsquo;\u00e9t\u00e9","author":"Jennifer","date":"18 juillet 2015","format":false,"excerpt":"La meilleure chose qui me soit (jamais) arriv\u00e9e\u00a0est un roman de Laura Tait et Jimmy Rice. Publi\u00e9 chez Milady le 10 juillet dernier, il raconte l\u2019histoire de Holly et Alex, deux personnes qui s\u2019aiment depuis leur plus tendre enfance, mais qui n\u2019ont jamais \u00e9t\u00e9 ensemble suite \u00e0 beaucoup de malentendus.\u2026","rel":"","context":"Dans &quot;Roman \u00e9tranger&quot;","block_context":{"text":"Roman \u00e9tranger","link":"https:\/\/smallthings.fr\/lespetitslivres\/category\/roman\/roman-etranger\/"},"img":{"alt_text":"","src":"https:\/\/i0.wp.com\/smallthings.fr\/wp-content\/uploads\/2015\/07\/meilleure-chose-qui-me-soit.jpg?resize=350%2C200","width":350,"height":200},"classes":[]},{"id":29788,"url":"https:\/\/smallthings.fr\/lespetitslivres\/2016\/03\/28\/bienvenue-a-night-vale-podcast\/","url_meta":{"origin":30117,"position":3},"title":"Bienvenue \u00e0 Night Vale : le roman inspir\u00e9 du podcast au succ\u00e8s international","author":"Jennifer","date":"28 mars 2016","format":false,"excerpt":"Bienvenue \u00e0 Night Vale, de Joseph Fink & Jeffrey Cranor, est sorti chez les \u00e9ditions Bragelonne le 16 mars dernier. Il raconte comment les habitants d\u2019une petite ville en plein d\u00e9sert voient leur quotidien chamboul\u00e9 par un inconnu \u00e9nigmatique \u00e0 la veste fauve et la mallette en daim. Welcome to\u2026","rel":"","context":"Dans &quot;Roman \u00e9tranger&quot;","block_context":{"text":"Roman \u00e9tranger","link":"https:\/\/smallthings.fr\/lespetitslivres\/category\/roman\/roman-etranger\/"},"img":{"alt_text":"","src":"https:\/\/i0.wp.com\/smallthings.fr\/lespetitslivres\/wp-content\/uploads\/2016\/03\/bienvenue-night-vale-couv.jpg?resize=350%2C200&ssl=1","width":350,"height":200,"srcset":"https:\/\/i0.wp.com\/smallthings.fr\/lespetitslivres\/wp-content\/uploads\/2016\/03\/bienvenue-night-vale-couv.jpg?resize=350%2C200&ssl=1 1x, https:\/\/i0.wp.com\/smallthings.fr\/lespetitslivres\/wp-content\/uploads\/2016\/03\/bienvenue-night-vale-couv.jpg?resize=525%2C300&ssl=1 1.5x"},"classes":[]},{"id":15991,"url":"https:\/\/smallthings.fr\/lespetitslivres\/2014\/08\/28\/odeur-minotaure-roman-richez\/","url_meta":{"origin":30117,"position":4},"title":"L\u2019Odeur du Minotaure, premier roman de Marion Richez","author":"Cecile","date":"28 ao\u00fbt 2014","format":false,"excerpt":"L'Odeur du Minotaure est le premier roman de Marion Richez, publi\u00e9 chez Sabine Wespieser pour la rentr\u00e9e litt\u00e9raire. Dipl\u00f4m\u00e9e de l\u2019ENS Ulm et agr\u00e9g\u00e9e de philosophie, Marion Richez pr\u00e9pare actuellement une th\u00e8se sur la conscience du corps \u00e0 Paris IV. En parall\u00e8le, elle explore donc \u00e9galement la veine romanesque. Une\u2026","rel":"","context":"Dans &quot;Roman fran\u00e7ais&quot;","block_context":{"text":"Roman fran\u00e7ais","link":"https:\/\/smallthings.fr\/lespetitslivres\/category\/roman\/roman-francais\/"},"img":{"alt_text":"","src":"https:\/\/i0.wp.com\/smallthings.fr\/wp-content\/uploads\/2014\/08\/odeur-minotaure-richez.jpg?resize=350%2C200","width":350,"height":200},"classes":[]},{"id":8724,"url":"https:\/\/smallthings.fr\/lespetitslivres\/2013\/10\/29\/sasha-grey-juliette-society-critique\/","url_meta":{"origin":30117,"position":5},"title":"Juliette Society : Her name is Grey, Sasha Grey","author":"Claire","date":"29 octobre 2013","format":false,"excerpt":"Sasha Grey a 25 ans et vient tout juste de publier Juliette Society paru en France aux \u00e9ditions Livre de Poche. Ex-atrice porno, elle a quitt\u00e9 cet univers \u00e0 23 ans.","rel":"","context":"Dans &quot;Roman \u00e9tranger&quot;","block_context":{"text":"Roman \u00e9tranger","link":"https:\/\/smallthings.fr\/lespetitslivres\/category\/roman\/roman-etranger\/"},"img":{"alt_text":"sasha-grey","src":"https:\/\/i0.wp.com\/uploads.smallthings.fr\/2013\/10\/Sasha-Grey-3.jpg?resize=350%2C200","width":350,"height":200},"classes":[]}],"_links":{"self":[{"href":"https:\/\/smallthings.fr\/lespetitslivres\/wp-json\/wp\/v2\/posts\/30117"}],"collection":[{"href":"https:\/\/smallthings.fr\/lespetitslivres\/wp-json\/wp\/v2\/posts"}],"about":[{"href":"https:\/\/smallthings.fr\/lespetitslivres\/wp-json\/wp\/v2\/types\/post"}],"author":[{"embeddable":true,"href":"https:\/\/smallthings.fr\/lespetitslivres\/wp-json\/wp\/v2\/users\/17"}],"replies":[{"embeddable":true,"href":"https:\/\/smallthings.fr\/lespetitslivres\/wp-json\/wp\/v2\/comments?post=30117"}],"version-history":[{"count":3,"href":"https:\/\/smallthings.fr\/lespetitslivres\/wp-json\/wp\/v2\/posts\/30117\/revisions"}],"predecessor-version":[{"id":30123,"href":"https:\/\/smallthings.fr\/lespetitslivres\/wp-json\/wp\/v2\/posts\/30117\/revisions\/30123"}],"wp:featuredmedia":[{"embeddable":true,"href":"https:\/\/smallthings.fr\/lespetitslivres\/wp-json\/wp\/v2\/media\/30120"}],"wp:attachment":[{"href":"https:\/\/smallthings.fr\/lespetitslivres\/wp-json\/wp\/v2\/media?parent=30117"}],"wp:term":[{"taxonomy":"category","embeddable":true,"href":"https:\/\/smallthings.fr\/lespetitslivres\/wp-json\/wp\/v2\/categories?post=30117"},{"taxonomy":"post_tag","embeddable":true,"href":"https:\/\/smallthings.fr\/lespetitslivres\/wp-json\/wp\/v2\/tags?post=30117"}],"curies":[{"name":"wp","href":"https:\/\/api.w.org\/{rel}","templated":true}]}}