{"id":30104,"date":"2016-06-22T17:00:36","date_gmt":"2016-06-22T16:00:36","guid":{"rendered":"http:\/\/smallthings.fr\/lespetitslivres\/?p=30104"},"modified":"2016-06-20T22:20:55","modified_gmt":"2016-06-20T21:20:55","slug":"apres-toi-suite-jojo-moyes-avis","status":"publish","type":"post","link":"https:\/\/smallthings.fr\/lespetitslivres\/2016\/06\/22\/apres-toi-suite-jojo-moyes-avis\/","title":{"rendered":"Apr\u00e8s toi, la suite tant attendue du livre de Jojo Moyes"},"content":{"rendered":"<h2><em>Apr\u00e8s toi<\/em>, la suite du livre <em>Avant toi<\/em> de Jojo Moyes, est sorti le 10 juin dernier chez <a href=\"http:\/\/www.milady.fr\/livres\/view\/apres-toi\">Milady<\/a>. On retrouve Lou, notre h\u00e9ro\u00efne un peu paum\u00e9e, qui tente de suivre les conseils de Will et de vivre chaque jour comme si c\u2019\u00e9tait le dernier. Plus facile \u00e0 dire qu\u2019\u00e0 faire, d\u2019autant plus lorsque la jeune femme fait une chute du haut de son immeuble\u2026<\/h2>\n<h3>Si vous n\u2019avez pas encore lu <em>Avant toi<\/em>, je vous conseille vivement de ne pas lire cet article car vous serez \u00e9videmment spoil\u00e9s. \u00c9viter \u00e9galement le r\u00e9sum\u00e9 du livre\u00a0! Par contre, je vous invite \u00e0 aller voir la chronique du premier tome <a href=\"http:\/\/smallthings.fr\/lespetitslivres\/2016\/06\/14\/avant-toi-roman-film-evenement\/\" data-saferedirecturl=\"https:\/\/www.google.com\/url?hl=fr&amp;q=http:\/\/smallthings.fr\/lespetitslivres\/2016\/06\/14\/avant-toi-roman-film-evenement\/&amp;source=gmail&amp;ust=1466542294562000&amp;usg=AFQjCNEbxeiaJjyMhh6nR3n9SIaXmmI25A\">ici<\/a>.<\/h3>\n<p><em>Apr\u00e8s toi<\/em> est un roman qui,\u00a0 je dois l\u2019avouer, m\u2019a un peu d\u00e9\u00e7ue. Il faut dire que Jojo Moyes avait mis la barre tr\u00e8s haute avec <em>Avant toi<\/em>\u00a0! La fin, incroyablement triste, avait laiss\u00e9 les lectrices pantoises. Dans <em>Apr\u00e8s toi<\/em>, Lou peine \u00e0 se remettre de la mort de Will. Elle s\u2019est install\u00e9e \u00e0 Londres o\u00f9 elle a un emploi de serveuse dans un bar d\u2019un a\u00e9roport o\u00f9 elle doit porter une tenue d\u2019un go\u00fbt tr\u00e8s douteux. Elle est triste, compl\u00e8tement paum\u00e9e, et ne sait plus quoi faire de sa peau. Un soir, alors qu\u2019elle est mont\u00e9e sur le toit de son immeuble, <strong>Lou est surprise par l\u2019apparition d\u2019une jeune fille et tombe trois \u00e9tages plus bas<\/strong>.<\/p>\n<p><img loading=\"lazy\" decoding=\"async\" data-attachment-id=\"30106\" data-permalink=\"https:\/\/smallthings.fr\/lespetitslivres\/2016\/06\/22\/apres-toi-suite-jojo-moyes-avis\/apres-toi\/\" data-orig-file=\"https:\/\/smallthings.fr\/lespetitslivres\/wp-content\/uploads\/2016\/06\/apres-toi.jpg\" data-orig-size=\"400,599\" data-comments-opened=\"1\" data-image-meta=\"{&quot;aperture&quot;:&quot;0&quot;,&quot;credit&quot;:&quot;&quot;,&quot;camera&quot;:&quot;&quot;,&quot;caption&quot;:&quot;&quot;,&quot;created_timestamp&quot;:&quot;0&quot;,&quot;copyright&quot;:&quot;&quot;,&quot;focal_length&quot;:&quot;0&quot;,&quot;iso&quot;:&quot;0&quot;,&quot;shutter_speed&quot;:&quot;0&quot;,&quot;title&quot;:&quot;&quot;,&quot;orientation&quot;:&quot;0&quot;}\" data-image-title=\"apres-toi\" data-image-description=\"\" data-image-caption=\"\" data-medium-file=\"https:\/\/smallthings.fr\/lespetitslivres\/wp-content\/uploads\/2016\/06\/apres-toi-200x300.jpg\" data-large-file=\"https:\/\/smallthings.fr\/lespetitslivres\/wp-content\/uploads\/2016\/06\/apres-toi.jpg\" class=\"alignleft  wp-image-30106\" src=\"http:\/\/smallthings.fr\/lespetitslivres\/wp-content\/uploads\/2016\/06\/apres-toi.jpg\" alt=\"apres-toi\" width=\"319\" height=\"478\" srcset=\"https:\/\/smallthings.fr\/lespetitslivres\/wp-content\/uploads\/2016\/06\/apres-toi.jpg 400w, https:\/\/smallthings.fr\/lespetitslivres\/wp-content\/uploads\/2016\/06\/apres-toi-200x300.jpg 200w\" sizes=\"(max-width: 319px) 100vw, 319px\" \/>Peut-elle encore vivre apr\u00e8s tous ces malheurs qui s\u2019encha\u00eenent\u00a0? C\u2019est cette m\u00eame jeune fille qui va redonner un but \u00e0 Lou car elle est le meilleur moyen de tenir sa promesse faite \u00e0 Will quelques mois plus t\u00f4t. Qui est cette adolescente\u00a0? Que faisait-elle sur le toit\u00a0? Conna\u00eet-elle Lou\u00a0? Tant de questions qui trouveront tr\u00e8s rapidement une r\u00e9ponse, et pas n\u2019importe laquelle\u00a0! Le lecteur peinera peut-\u00eatre un peu \u00e0 se mettre dans l\u2019histoire et, avec cette r\u00e9v\u00e9lation, on tombera encore un peu plus bas. <em>Apr\u00e8s toi<\/em> arrivera-t-il \u00e0 remonter la pente\u00a0?<\/p>\n<p>C\u2019est le cas gr\u00e2ce \u00e0 l\u2019arriv\u00e9e de plusieurs personnages et au retour d\u2019autres qui nous avaient manqu\u00e9. Arriv\u00e9e \u00e0 la moiti\u00e9 d\u2019<em>Apr\u00e8s toi<\/em>, <strong>le livre prend une tournure int\u00e9ressante et commence \u00e0 redorer son blason.<\/strong> Il faudra s\u2019accrocher pour appr\u00e9cier pleinement ce r\u00e9cit mais il vaut tout de m\u00eame le coup. Si vous vous attendiez \u00e0 autant d\u2019\u00e9motions que dans <em>Avant toi<\/em>, vous serez d\u00e9\u00e7us mais franchement, comment r\u00e9ussir ce pari\u00a0?<\/p>\n<p><em>Apr\u00e8s toi<\/em> est finalement un livre qui ne d\u00e9m\u00e9rite pas. L\u2019histoire se met tranquillement en place pour devenir enfin int\u00e9ressante, voir m\u00eame addictive. Jojo Moyes continue d\u2019en faire voir de toutes les couleurs \u00e0 son h\u00e9ro\u00efne. J\u2019ai ador\u00e9 la fin de ce r\u00e9cit qui m\u2019aura fait douter de l\u2019avenir de Lou jusqu\u2019au dernier chapitre. <strong>Un livre un brin angoissant mais qu\u2019on finit toujours le sourire aux l\u00e8vres\u00a0!<\/strong><\/p>\n<blockquote><p>\u00ab\u00a0Il pose sa main sur la mienne. Celle-ci est s\u00e8che et ti\u00e8de, rassurante. Soudain, je panique \u00e0 l\u2019id\u00e9e qu\u2019il me l\u00e2che.<\/p>\n<p>&#8211; Tenez bon. Donna, quelle est l\u2019heure estim\u00e9e d\u2019arriv\u00e9e\u00a0?<\/p>\n<p>Je ne peux pas parler. Ma langue remplie ma bouche. J\u2019ai l\u2019esprit confus, mes pens\u00e9es se bousculent. Ai-je boug\u00e9 le bras quand ils m\u2019ont ramass\u00e9e\u00a0? J\u2019ai bien lev\u00e9 la main droite\u00a0?<\/p>\n<p>&#8211; Gne suis garalys\u00e9e\u00a0? parvins-je enfin \u00e0 articuler dans un souffle.\u00a0\u00bb<\/p><\/blockquote>\n","protected":false},"excerpt":{"rendered":"<p>Apr\u00e8s toi, la suite du livre Avant toi de Jojo Moyes, est sorti le 10 juin dernier chez Milady. On retrouve Lou, notre h\u00e9ro\u00efne un peu paum\u00e9e, qui tente de suivre les conseils de Will et de vivre chaque jour comme si c\u2019\u00e9tait le dernier. Plus facile \u00e0 dire qu\u2019\u00e0 faire, d\u2019autant plus lorsque la<\/p>\n","protected":false},"author":14,"featured_media":30105,"comment_status":"open","ping_status":"open","sticky":false,"template":"","format":"standard","meta":{"jetpack_post_was_ever_published":false,"_jetpack_newsletter_access":"","_jetpack_newsletter_tier_id":0,"footnotes":"","jetpack_publicize_message":"","jetpack_is_tweetstorm":false,"jetpack_publicize_feature_enabled":true,"jetpack_social_post_already_shared":true,"jetpack_social_options":{"image_generator_settings":{"template":"highway","enabled":false}}},"categories":[1118],"tags":[1457,1448,1449,54],"jetpack_publicize_connections":[],"yoast_head":"<!-- This site is optimized with the Yoast SEO plugin v21.5 - https:\/\/yoast.com\/wordpress\/plugins\/seo\/ -->\n<title>Apr\u00e8s toi, la suite tant attendue du livre de Jojo Moyes<\/title>\n<meta name=\"description\" content=\"Apr\u00e8s toi, la suite du livre Avant toi de Jojo Moyes, est sorti le 10 juin dernier chez Milady. On retrouve Lou, notre h\u00e9ro\u00efne un peu paum\u00e9e, qui tente de\" \/>\n<meta name=\"robots\" content=\"index, follow, max-snippet:-1, max-image-preview:large, max-video-preview:-1\" \/>\n<link rel=\"canonical\" href=\"https:\/\/smallthings.fr\/lespetitslivres\/2016\/06\/22\/apres-toi-suite-jojo-moyes-avis\/\" \/>\n<meta property=\"og:locale\" content=\"fr_FR\" \/>\n<meta property=\"og:type\" content=\"article\" \/>\n<meta property=\"og:title\" content=\"Apr\u00e8s toi, la suite tant attendue du livre de Jojo Moyes\" \/>\n<meta property=\"og:description\" content=\"Apr\u00e8s toi, la suite du livre Avant toi de Jojo Moyes, est sorti le 10 juin dernier chez Milady. On retrouve Lou, notre h\u00e9ro\u00efne un peu paum\u00e9e, qui tente de\" \/>\n<meta property=\"og:url\" content=\"https:\/\/smallthings.fr\/lespetitslivres\/2016\/06\/22\/apres-toi-suite-jojo-moyes-avis\/\" \/>\n<meta property=\"og:site_name\" content=\"Les Petits Livres\" \/>\n<meta property=\"article:published_time\" content=\"2016-06-22T16:00:36+00:00\" \/>\n<meta property=\"article:modified_time\" content=\"2016-06-20T21:20:55+00:00\" \/>\n<meta property=\"og:image\" content=\"https:\/\/i0.wp.com\/smallthings.fr\/lespetitslivres\/wp-content\/uploads\/2016\/06\/apres-toi-Copie.jpg?fit=400%2C143&ssl=1\" \/>\n\t<meta property=\"og:image:width\" content=\"400\" \/>\n\t<meta property=\"og:image:height\" content=\"143\" \/>\n\t<meta property=\"og:image:type\" content=\"image\/jpeg\" \/>\n<meta name=\"author\" content=\"Jennifer\" \/>\n<meta name=\"twitter:card\" content=\"summary_large_image\" \/>\n<meta name=\"twitter:label1\" content=\"\u00c9crit par\" \/>\n\t<meta name=\"twitter:data1\" content=\"Jennifer\" \/>\n\t<meta name=\"twitter:label2\" content=\"Dur\u00e9e de lecture estim\u00e9e\" \/>\n\t<meta name=\"twitter:data2\" content=\"3 minutes\" \/>\n<script type=\"application\/ld+json\" class=\"yoast-schema-graph\">{\"@context\":\"https:\/\/schema.org\",\"@graph\":[{\"@type\":\"WebPage\",\"@id\":\"https:\/\/smallthings.fr\/lespetitslivres\/2016\/06\/22\/apres-toi-suite-jojo-moyes-avis\/\",\"url\":\"https:\/\/smallthings.fr\/lespetitslivres\/2016\/06\/22\/apres-toi-suite-jojo-moyes-avis\/\",\"name\":\"Apr\u00e8s toi, la suite tant attendue du livre de Jojo Moyes\",\"isPartOf\":{\"@id\":\"https:\/\/smallthings.fr\/lespetitslivres\/#website\"},\"datePublished\":\"2016-06-22T16:00:36+00:00\",\"dateModified\":\"2016-06-20T21:20:55+00:00\",\"author\":{\"@id\":\"https:\/\/smallthings.fr\/lespetitslivres\/#\/schema\/person\/bb8808220f912e72f01f7a55924d9ad1\"},\"description\":\"Apr\u00e8s toi, la suite du livre Avant toi de Jojo Moyes, est sorti le 10 juin dernier chez Milady. On retrouve Lou, notre h\u00e9ro\u00efne un peu paum\u00e9e, qui tente de\",\"breadcrumb\":{\"@id\":\"https:\/\/smallthings.fr\/lespetitslivres\/2016\/06\/22\/apres-toi-suite-jojo-moyes-avis\/#breadcrumb\"},\"inLanguage\":\"fr-FR\",\"potentialAction\":[{\"@type\":\"ReadAction\",\"target\":[\"https:\/\/smallthings.fr\/lespetitslivres\/2016\/06\/22\/apres-toi-suite-jojo-moyes-avis\/\"]}]},{\"@type\":\"BreadcrumbList\",\"@id\":\"https:\/\/smallthings.fr\/lespetitslivres\/2016\/06\/22\/apres-toi-suite-jojo-moyes-avis\/#breadcrumb\",\"itemListElement\":[{\"@type\":\"ListItem\",\"position\":1,\"name\":\"Accueil\",\"item\":\"https:\/\/smallthings.fr\/lespetitslivres\/\"},{\"@type\":\"ListItem\",\"position\":2,\"name\":\"Apr\u00e8s toi, la suite tant attendue du livre de Jojo Moyes\"}]},{\"@type\":\"WebSite\",\"@id\":\"https:\/\/smallthings.fr\/lespetitslivres\/#website\",\"url\":\"https:\/\/smallthings.fr\/lespetitslivres\/\",\"name\":\"Les Petits Livres\",\"description\":\"by Small Things\",\"potentialAction\":[{\"@type\":\"SearchAction\",\"target\":{\"@type\":\"EntryPoint\",\"urlTemplate\":\"https:\/\/smallthings.fr\/lespetitslivres\/?s={search_term_string}\"},\"query-input\":\"required name=search_term_string\"}],\"inLanguage\":\"fr-FR\"},{\"@type\":\"Person\",\"@id\":\"https:\/\/smallthings.fr\/lespetitslivres\/#\/schema\/person\/bb8808220f912e72f01f7a55924d9ad1\",\"name\":\"Jennifer\",\"image\":{\"@type\":\"ImageObject\",\"inLanguage\":\"fr-FR\",\"@id\":\"https:\/\/smallthings.fr\/lespetitslivres\/#\/schema\/person\/image\/\",\"url\":\"https:\/\/secure.gravatar.com\/avatar\/ffcd6b107b6b18c3d5201f1bcc631683?s=96&d=retro&r=g\",\"contentUrl\":\"https:\/\/secure.gravatar.com\/avatar\/ffcd6b107b6b18c3d5201f1bcc631683?s=96&d=retro&r=g\",\"caption\":\"Jennifer\"},\"url\":\"https:\/\/smallthings.fr\/lespetitslivres\/author\/jennifer\/\"}]}<\/script>\n<!-- \/ Yoast SEO plugin. -->","yoast_head_json":{"title":"Apr\u00e8s toi, la suite tant attendue du livre de Jojo Moyes","description":"Apr\u00e8s toi, la suite du livre Avant toi de Jojo Moyes, est sorti le 10 juin dernier chez Milady. On retrouve Lou, notre h\u00e9ro\u00efne un peu paum\u00e9e, qui tente de","robots":{"index":"index","follow":"follow","max-snippet":"max-snippet:-1","max-image-preview":"max-image-preview:large","max-video-preview":"max-video-preview:-1"},"canonical":"https:\/\/smallthings.fr\/lespetitslivres\/2016\/06\/22\/apres-toi-suite-jojo-moyes-avis\/","og_locale":"fr_FR","og_type":"article","og_title":"Apr\u00e8s toi, la suite tant attendue du livre de Jojo Moyes","og_description":"Apr\u00e8s toi, la suite du livre Avant toi de Jojo Moyes, est sorti le 10 juin dernier chez Milady. On retrouve Lou, notre h\u00e9ro\u00efne un peu paum\u00e9e, qui tente de","og_url":"https:\/\/smallthings.fr\/lespetitslivres\/2016\/06\/22\/apres-toi-suite-jojo-moyes-avis\/","og_site_name":"Les Petits Livres","article_published_time":"2016-06-22T16:00:36+00:00","article_modified_time":"2016-06-20T21:20:55+00:00","og_image":[{"width":400,"height":143,"url":"https:\/\/i0.wp.com\/smallthings.fr\/lespetitslivres\/wp-content\/uploads\/2016\/06\/apres-toi-Copie.jpg?fit=400%2C143&ssl=1","type":"image\/jpeg"}],"author":"Jennifer","twitter_card":"summary_large_image","twitter_misc":{"\u00c9crit par":"Jennifer","Dur\u00e9e de lecture estim\u00e9e":"3 minutes"},"schema":{"@context":"https:\/\/schema.org","@graph":[{"@type":"WebPage","@id":"https:\/\/smallthings.fr\/lespetitslivres\/2016\/06\/22\/apres-toi-suite-jojo-moyes-avis\/","url":"https:\/\/smallthings.fr\/lespetitslivres\/2016\/06\/22\/apres-toi-suite-jojo-moyes-avis\/","name":"Apr\u00e8s toi, la suite tant attendue du livre de Jojo Moyes","isPartOf":{"@id":"https:\/\/smallthings.fr\/lespetitslivres\/#website"},"datePublished":"2016-06-22T16:00:36+00:00","dateModified":"2016-06-20T21:20:55+00:00","author":{"@id":"https:\/\/smallthings.fr\/lespetitslivres\/#\/schema\/person\/bb8808220f912e72f01f7a55924d9ad1"},"description":"Apr\u00e8s toi, la suite du livre Avant toi de Jojo Moyes, est sorti le 10 juin dernier chez Milady. On retrouve Lou, notre h\u00e9ro\u00efne un peu paum\u00e9e, qui tente de","breadcrumb":{"@id":"https:\/\/smallthings.fr\/lespetitslivres\/2016\/06\/22\/apres-toi-suite-jojo-moyes-avis\/#breadcrumb"},"inLanguage":"fr-FR","potentialAction":[{"@type":"ReadAction","target":["https:\/\/smallthings.fr\/lespetitslivres\/2016\/06\/22\/apres-toi-suite-jojo-moyes-avis\/"]}]},{"@type":"BreadcrumbList","@id":"https:\/\/smallthings.fr\/lespetitslivres\/2016\/06\/22\/apres-toi-suite-jojo-moyes-avis\/#breadcrumb","itemListElement":[{"@type":"ListItem","position":1,"name":"Accueil","item":"https:\/\/smallthings.fr\/lespetitslivres\/"},{"@type":"ListItem","position":2,"name":"Apr\u00e8s toi, la suite tant attendue du livre de Jojo Moyes"}]},{"@type":"WebSite","@id":"https:\/\/smallthings.fr\/lespetitslivres\/#website","url":"https:\/\/smallthings.fr\/lespetitslivres\/","name":"Les Petits Livres","description":"by Small Things","potentialAction":[{"@type":"SearchAction","target":{"@type":"EntryPoint","urlTemplate":"https:\/\/smallthings.fr\/lespetitslivres\/?s={search_term_string}"},"query-input":"required name=search_term_string"}],"inLanguage":"fr-FR"},{"@type":"Person","@id":"https:\/\/smallthings.fr\/lespetitslivres\/#\/schema\/person\/bb8808220f912e72f01f7a55924d9ad1","name":"Jennifer","image":{"@type":"ImageObject","inLanguage":"fr-FR","@id":"https:\/\/smallthings.fr\/lespetitslivres\/#\/schema\/person\/image\/","url":"https:\/\/secure.gravatar.com\/avatar\/ffcd6b107b6b18c3d5201f1bcc631683?s=96&d=retro&r=g","contentUrl":"https:\/\/secure.gravatar.com\/avatar\/ffcd6b107b6b18c3d5201f1bcc631683?s=96&d=retro&r=g","caption":"Jennifer"},"url":"https:\/\/smallthings.fr\/lespetitslivres\/author\/jennifer\/"}]}},"jetpack_featured_media_url":"https:\/\/smallthings.fr\/lespetitslivres\/wp-content\/uploads\/2016\/06\/apres-toi-Copie.jpg","jetpack_sharing_enabled":true,"jetpack_shortlink":"https:\/\/wp.me\/p6Un21-7Py","jetpack-related-posts":[{"id":30856,"url":"https:\/\/smallthings.fr\/lespetitslivres\/2017\/03\/09\/sous-meme-toit-jojo-moyes\/","url_meta":{"origin":30104,"position":0},"title":"Sous le m\u00eame toit, le nouveau roman de Jojo Moyes","author":"Jennifer","date":"9 mars 2017","format":false,"excerpt":"Sous le m\u00eame toit est le dernier roman de l\u2019auteure \u00e0 succ\u00e8s Jojo Moyes. Sorti le 17 f\u00e9vrier dernier aux\u00a0\u00e9ditions Milady, Sous le m\u00eame toit est un livre un peu moins envo\u00fbtant que les deux pr\u00e9c\u00e9dents. Il raconte l\u2019histoire d\u2019Isabel, une violoniste qui a toujours fait passer sa passion avant\u2026","rel":"","context":"Dans &quot;Roman \u00e9tranger&quot;","block_context":{"text":"Roman \u00e9tranger","link":"https:\/\/smallthings.fr\/lespetitslivres\/category\/roman\/roman-etranger\/"},"img":{"alt_text":"","src":"https:\/\/i0.wp.com\/smallthings.fr\/lespetitslivres\/wp-content\/uploads\/2017\/03\/Jojo-Moyes-Sous-le-m\u00eame-toit.jpg?resize=350%2C200&ssl=1","width":350,"height":200,"srcset":"https:\/\/i0.wp.com\/smallthings.fr\/lespetitslivres\/wp-content\/uploads\/2017\/03\/Jojo-Moyes-Sous-le-m\u00eame-toit.jpg?resize=350%2C200&ssl=1 1x, https:\/\/i0.wp.com\/smallthings.fr\/lespetitslivres\/wp-content\/uploads\/2017\/03\/Jojo-Moyes-Sous-le-m\u00eame-toit.jpg?resize=525%2C300&ssl=1 1.5x, https:\/\/i0.wp.com\/smallthings.fr\/lespetitslivres\/wp-content\/uploads\/2017\/03\/Jojo-Moyes-Sous-le-m\u00eame-toit.jpg?resize=700%2C400&ssl=1 2x, https:\/\/i0.wp.com\/smallthings.fr\/lespetitslivres\/wp-content\/uploads\/2017\/03\/Jojo-Moyes-Sous-le-m\u00eame-toit.jpg?resize=1050%2C600&ssl=1 3x, https:\/\/i0.wp.com\/smallthings.fr\/lespetitslivres\/wp-content\/uploads\/2017\/03\/Jojo-Moyes-Sous-le-m\u00eame-toit.jpg?resize=1400%2C800&ssl=1 4x"},"classes":[]},{"id":31774,"url":"https:\/\/smallthings.fr\/lespetitslivres\/2018\/09\/01\/avant-toi-apres-toi-apres-tout\/","url_meta":{"origin":30104,"position":1},"title":"Avant toi&#8230; Apr\u00e8s toi&#8230; Apr\u00e8s tout !","author":"Jennifer","date":"1 septembre 2018","format":false,"excerpt":"Jojo Moyes revient avec Apr\u00e8s tout, la suite de Apr\u00e8s toi qui \u00e9tait bien s\u00fbr la suite de Avant toi. Des titres que l'on retient facilement et surtout des best-sellers qui auront su \u00e9mouvoir le monde entier. Dans ce dernier tome, sorti en avril chez Milady, nous retrouvons une Lou\u2026","rel":"","context":"Dans &quot;Roman \u00e9tranger&quot;","block_context":{"text":"Roman \u00e9tranger","link":"https:\/\/smallthings.fr\/lespetitslivres\/category\/roman\/roman-etranger\/"},"img":{"alt_text":"","src":"https:\/\/i0.wp.com\/smallthings.fr\/lespetitslivres\/wp-content\/uploads\/2018\/08\/1_rrw1-3fuYgkqD4XUdenolA.png?resize=350%2C200&ssl=1","width":350,"height":200,"srcset":"https:\/\/i0.wp.com\/smallthings.fr\/lespetitslivres\/wp-content\/uploads\/2018\/08\/1_rrw1-3fuYgkqD4XUdenolA.png?resize=350%2C200&ssl=1 1x, https:\/\/i0.wp.com\/smallthings.fr\/lespetitslivres\/wp-content\/uploads\/2018\/08\/1_rrw1-3fuYgkqD4XUdenolA.png?resize=525%2C300&ssl=1 1.5x, https:\/\/i0.wp.com\/smallthings.fr\/lespetitslivres\/wp-content\/uploads\/2018\/08\/1_rrw1-3fuYgkqD4XUdenolA.png?resize=700%2C400&ssl=1 2x, https:\/\/i0.wp.com\/smallthings.fr\/lespetitslivres\/wp-content\/uploads\/2018\/08\/1_rrw1-3fuYgkqD4XUdenolA.png?resize=1050%2C600&ssl=1 3x"},"classes":[]},{"id":30081,"url":"https:\/\/smallthings.fr\/lespetitslivres\/2016\/06\/14\/avant-toi-roman-film-evenement\/","url_meta":{"origin":30104,"position":2},"title":"Avant toi, le roman qui a inspir\u00e9 le film \u00e9v\u00e9nement","author":"Jennifer","date":"14 juin 2016","format":false,"excerpt":"Avant toi, le livre \u00e0 succ\u00e8s de Jojo Moyes, est sorti en format poche le 10 juin dernier aux \u00e9ditions Milady. Une histoire \u00e9mouvante entre Lou, jeune femme au style particulier cherchant d\u00e9sesp\u00e9r\u00e9ment un emploi, et Will, un homme exceptionnel qui, suite \u00e0 un accident de la route, est devenu\u2026","rel":"","context":"Dans &quot;Roman \u00e9tranger&quot;","block_context":{"text":"Roman \u00e9tranger","link":"https:\/\/smallthings.fr\/lespetitslivres\/category\/roman\/roman-etranger\/"},"img":{"alt_text":"","src":"https:\/\/i0.wp.com\/smallthings.fr\/lespetitslivres\/wp-content\/uploads\/2016\/06\/avant-toi-couv.jpg?resize=350%2C200&ssl=1","width":350,"height":200,"srcset":"https:\/\/i0.wp.com\/smallthings.fr\/lespetitslivres\/wp-content\/uploads\/2016\/06\/avant-toi-couv.jpg?resize=350%2C200&ssl=1 1x, https:\/\/i0.wp.com\/smallthings.fr\/lespetitslivres\/wp-content\/uploads\/2016\/06\/avant-toi-couv.jpg?resize=525%2C300&ssl=1 1.5x, https:\/\/i0.wp.com\/smallthings.fr\/lespetitslivres\/wp-content\/uploads\/2016\/06\/avant-toi-couv.jpg?resize=700%2C400&ssl=1 2x, https:\/\/i0.wp.com\/smallthings.fr\/lespetitslivres\/wp-content\/uploads\/2016\/06\/avant-toi-couv.jpg?resize=1050%2C600&ssl=1 3x, https:\/\/i0.wp.com\/smallthings.fr\/lespetitslivres\/wp-content\/uploads\/2016\/06\/avant-toi-couv.jpg?resize=1400%2C800&ssl=1 4x"},"classes":[]},{"id":30757,"url":"https:\/\/smallthings.fr\/lespetitslivres\/2017\/02\/15\/rien-qu-avec-toi-renee-carlino\/","url_meta":{"origin":30104,"position":3},"title":"Rien qu\u2019avec toi de Ren\u00e9e Carlino : \u00ab\u00a0Vous \u00eates ce que vous avez\u00a0\u00bb","author":"Jennifer","date":"15 f\u00e9vrier 2017","format":false,"excerpt":"Rien qu\u2019avec toi est le second roman de Ren\u00e9e Carlino. Sorti en d\u00e9cembre aux \u00e9ditions Milady, ce livre est l\u2019histoire d\u2019une vie, celle de Kate, jeune femme un peu perdue depuis la mort de celle qu\u2019elle consid\u00e9rait comme une m\u00e8re. Arrivera-t-elle \u00e0 s\u2019en sortir\u00a0? C\u2019est en suivant les conseils d\u2019un\u2026","rel":"","context":"Dans &quot;Roman \u00e9tranger&quot;","block_context":{"text":"Roman \u00e9tranger","link":"https:\/\/smallthings.fr\/lespetitslivres\/category\/roman\/roman-etranger\/"},"img":{"alt_text":"","src":"https:\/\/i0.wp.com\/smallthings.fr\/lespetitslivres\/wp-content\/uploads\/2017\/01\/nowhere-but-here-banner.jpg?resize=350%2C200&ssl=1","width":350,"height":200,"srcset":"https:\/\/i0.wp.com\/smallthings.fr\/lespetitslivres\/wp-content\/uploads\/2017\/01\/nowhere-but-here-banner.jpg?resize=350%2C200&ssl=1 1x, https:\/\/i0.wp.com\/smallthings.fr\/lespetitslivres\/wp-content\/uploads\/2017\/01\/nowhere-but-here-banner.jpg?resize=525%2C300&ssl=1 1.5x"},"classes":[]},{"id":29186,"url":"https:\/\/smallthings.fr\/lespetitslivres\/2015\/11\/25\/ma-raison-d-esperer-donovan-avis\/","url_meta":{"origin":30104,"position":4},"title":"Ma raison d\u2019esp\u00e9rer, roman addictif de Rebecca Donovan","author":"Jennifer","date":"25 novembre 2015","format":false,"excerpt":"Ma raison d\u2019esp\u00e9rer, la suite de Ma raison de vivre de Rebecca Donovan, est sortie chez Pocket Jeunesse le 14 octobre dernier. On retrouve Emma, une h\u00e9ro\u00efne tortur\u00e9e qui, apr\u00e8s avoir \u00e9chapp\u00e9 de peu \u00e0 la mort, va de nouveau \u00eatre confront\u00e9e \u00e0 de terribles\u00a0\u00e9v\u00e9nements\u2026 Ma raison d\u2019esp\u00e9rer est un\u2026","rel":"","context":"Dans &quot;Actu&quot;","block_context":{"text":"Actu","link":"https:\/\/smallthings.fr\/lespetitslivres\/category\/actu\/"},"img":{"alt_text":"","src":"https:\/\/i0.wp.com\/smallthings.fr\/lespetitslivres\/wp-content\/uploads\/2015\/11\/ma-raison-d-esperer-couv1.jpg?resize=350%2C200&ssl=1","width":350,"height":200},"classes":[]},{"id":30980,"url":"https:\/\/smallthings.fr\/lespetitslivres\/2017\/04\/28\/apres-pluie-renee-carlino\/","url_meta":{"origin":30104,"position":5},"title":"Apr\u00e8s la pluie &#8211; une romance de Ren\u00e9e Carlino &#8211; vient le beau temps ?","author":"Jennifer","date":"28 avril 2017","format":false,"excerpt":"Apr\u00e8s la pluie est le nouveau roman de Ren\u00e9e Carlino. Sortie le mois dernier aux\u00a0\u00e9ditions Milday, cette romance new-adult nous raconte l\u2019histoire d\u2019une jeune veuve totalement an\u00e9antie et de sa rencontre avec un docteur venu prendre du recul dans un ranch dans le Montana. Tr\u00e8s \u00e9mouvant. L\u2019auteure d\u2019A quatre mains\u2026","rel":"","context":"Dans &quot;Roman \u00e9tranger&quot;","block_context":{"text":"Roman \u00e9tranger","link":"https:\/\/smallthings.fr\/lespetitslivres\/category\/roman\/roman-etranger\/"},"img":{"alt_text":"","src":"https:\/\/i0.wp.com\/smallthings.fr\/lespetitslivres\/wp-content\/uploads\/2017\/04\/raindrops-1081724_1280.jpg?resize=350%2C200&ssl=1","width":350,"height":200,"srcset":"https:\/\/i0.wp.com\/smallthings.fr\/lespetitslivres\/wp-content\/uploads\/2017\/04\/raindrops-1081724_1280.jpg?resize=350%2C200&ssl=1 1x, https:\/\/i0.wp.com\/smallthings.fr\/lespetitslivres\/wp-content\/uploads\/2017\/04\/raindrops-1081724_1280.jpg?resize=525%2C300&ssl=1 1.5x, https:\/\/i0.wp.com\/smallthings.fr\/lespetitslivres\/wp-content\/uploads\/2017\/04\/raindrops-1081724_1280.jpg?resize=700%2C400&ssl=1 2x, https:\/\/i0.wp.com\/smallthings.fr\/lespetitslivres\/wp-content\/uploads\/2017\/04\/raindrops-1081724_1280.jpg?resize=1050%2C600&ssl=1 3x"},"classes":[]}],"_links":{"self":[{"href":"https:\/\/smallthings.fr\/lespetitslivres\/wp-json\/wp\/v2\/posts\/30104"}],"collection":[{"href":"https:\/\/smallthings.fr\/lespetitslivres\/wp-json\/wp\/v2\/posts"}],"about":[{"href":"https:\/\/smallthings.fr\/lespetitslivres\/wp-json\/wp\/v2\/types\/post"}],"author":[{"embeddable":true,"href":"https:\/\/smallthings.fr\/lespetitslivres\/wp-json\/wp\/v2\/users\/14"}],"replies":[{"embeddable":true,"href":"https:\/\/smallthings.fr\/lespetitslivres\/wp-json\/wp\/v2\/comments?post=30104"}],"version-history":[{"count":2,"href":"https:\/\/smallthings.fr\/lespetitslivres\/wp-json\/wp\/v2\/posts\/30104\/revisions"}],"predecessor-version":[{"id":30108,"href":"https:\/\/smallthings.fr\/lespetitslivres\/wp-json\/wp\/v2\/posts\/30104\/revisions\/30108"}],"wp:featuredmedia":[{"embeddable":true,"href":"https:\/\/smallthings.fr\/lespetitslivres\/wp-json\/wp\/v2\/media\/30105"}],"wp:attachment":[{"href":"https:\/\/smallthings.fr\/lespetitslivres\/wp-json\/wp\/v2\/media?parent=30104"}],"wp:term":[{"taxonomy":"category","embeddable":true,"href":"https:\/\/smallthings.fr\/lespetitslivres\/wp-json\/wp\/v2\/categories?post=30104"},{"taxonomy":"post_tag","embeddable":true,"href":"https:\/\/smallthings.fr\/lespetitslivres\/wp-json\/wp\/v2\/tags?post=30104"}],"curies":[{"name":"wp","href":"https:\/\/api.w.org\/{rel}","templated":true}]}}