{"id":30098,"date":"2016-06-21T17:00:59","date_gmt":"2016-06-21T16:00:59","guid":{"rendered":"http:\/\/smallthings.fr\/lespetitslivres\/?p=30098"},"modified":"2016-06-20T22:10:00","modified_gmt":"2016-06-20T21:10:00","slug":"mon-ami-arnie-behm-jeunesse-avis","status":"publish","type":"post","link":"https:\/\/smallthings.fr\/lespetitslivres\/2016\/06\/21\/mon-ami-arnie-behm-jeunesse-avis\/","title":{"rendered":"Mon ami Arnie, de Jeremy Behm : la jeunesse essouffl\u00e9e"},"content":{"rendered":"<h2><em>Mon ami Arnie<\/em> de Jeremy Behm est sorti le 2 juin aux \u00e9ditions <a href=\"https:\/\/www.syros.fr\/index.php?option=com_catalogue&amp;page=ouvrage&amp;param_y=F_ean13&amp;value_y=9782748521276&amp;retour=0&amp;espace=0&amp;Itemid=2\">Syros<\/a>. Je ne connaissais pas cet auteur, qui est en r\u00e9alit\u00e9 le petit-fils de Marc Behm, lui-m\u00eame \u00e9crivain. Je m&rsquo;attendais donc \u00e0 du lourd, et \u00e0 un livre bien construit. La couverture du livre et la promotion qui en est faite, comparant cet ouvrage aux films de Quentin Tarentino, tout \u00e7a en jetait pas mal et on s&rsquo;attendait d&#8217;embl\u00e9e \u00e0 du bon divertissement. Mais \u00e0 la lecture du livre, force est de constater que l&rsquo;objectif est loin d&rsquo;\u00eatre atteint.<\/h2>\n<p>Nous suivons l&rsquo;histoire de Fox aux \u00c9tats-Unis, jeune gar\u00e7on de quinze ans amoureux de Mia, et dont le meilleur ami est Clifford, un noir am\u00e9ricain qui prend les \u00e9tudes et l&rsquo;amiti\u00e9 tr\u00e8s au s\u00e9rieux. Fox est victime d&rsquo;une poisse sans pr\u00e9c\u00e9dent car il se fait d\u00e9pouiller de toutes ses \u00e9conomies par les voyous du bahut. Et en plus, le serial killer, \u00ab\u00a0The Pretender\u00a0\u00bb, r\u00f4de dans les environs. C&rsquo;est \u00e0 ce moment-l\u00e0 que surgit Arnie, fils d&rsquo;avocat d\u00e9s\u0153uvr\u00e9, qui propose d&rsquo;organiser un casse dans la villa de son p\u00e8re. <strong><em>Mon ami Arnie<\/em> aurait pu donner lieu \u00e0 un divertissement plut\u00f4t plaisant \u00e0 la perspective de l&rsquo;\u00e9t\u00e9 qui s&rsquo;annonce<\/strong>, mais le livre souffre de beaucoup de d\u00e9fauts dans son \u00e9criture, qui encha\u00eene les lieux communs et rend la lecture tr\u00e8s p\u00e9nible.<\/p>\n<p><img loading=\"lazy\" decoding=\"async\" data-attachment-id=\"30100\" data-permalink=\"https:\/\/smallthings.fr\/lespetitslivres\/2016\/06\/21\/mon-ami-arnie-behm-jeunesse-avis\/mon-ami-arnie\/\" data-orig-file=\"https:\/\/smallthings.fr\/lespetitslivres\/wp-content\/uploads\/2016\/06\/mon-ami-arnie.jpg\" data-orig-size=\"499,731\" data-comments-opened=\"1\" data-image-meta=\"{&quot;aperture&quot;:&quot;0&quot;,&quot;credit&quot;:&quot;&quot;,&quot;camera&quot;:&quot;&quot;,&quot;caption&quot;:&quot;&quot;,&quot;created_timestamp&quot;:&quot;0&quot;,&quot;copyright&quot;:&quot;&quot;,&quot;focal_length&quot;:&quot;0&quot;,&quot;iso&quot;:&quot;0&quot;,&quot;shutter_speed&quot;:&quot;0&quot;,&quot;title&quot;:&quot;&quot;,&quot;orientation&quot;:&quot;0&quot;}\" data-image-title=\"mon-ami-arnie\" data-image-description=\"\" data-image-caption=\"\" data-medium-file=\"https:\/\/smallthings.fr\/lespetitslivres\/wp-content\/uploads\/2016\/06\/mon-ami-arnie-205x300.jpg\" data-large-file=\"https:\/\/smallthings.fr\/lespetitslivres\/wp-content\/uploads\/2016\/06\/mon-ami-arnie.jpg\" class=\"alignleft  wp-image-30100\" src=\"http:\/\/smallthings.fr\/lespetitslivres\/wp-content\/uploads\/2016\/06\/mon-ami-arnie.jpg\" alt=\"mon-ami-arnie\" width=\"321\" height=\"470\" srcset=\"https:\/\/smallthings.fr\/lespetitslivres\/wp-content\/uploads\/2016\/06\/mon-ami-arnie.jpg 499w, https:\/\/smallthings.fr\/lespetitslivres\/wp-content\/uploads\/2016\/06\/mon-ami-arnie-205x300.jpg 205w\" sizes=\"(max-width: 321px) 100vw, 321px\" \/>Par exemple, trop de phrases orales qui se terminent de la fa\u00e7on suivante : \u00a0\u00bb Je voulais juste me rapprocher et&#8230;\u00a0\u00bb Ce \u00ab\u00a0et&#8230;\u00a0\u00bb qui ponctue un dialogue sur deux dans la premi\u00e8re partie du livre est juste trop redondant. Il aurait suffit de faire des interruptions au beau milieu des phrases, pour rendre l&rsquo;action plus abrupte et plus r\u00e9aliste. Mais l&rsquo;\u00e9criture est bourr\u00e9e de phrases toutes faites que l&rsquo;on se dit \u00e0 l&rsquo;oral et qui ne font pas du tout naturel \u00e0 l&rsquo;\u00e9crit. On dirait que rien n&rsquo;est travaill\u00e9 ni bien construit, si bien que le r\u00e9cit en p\u00e2tit forc\u00e9ment. Tout est simpliste, mais ce qui est le plus incroyable de tout, ce sont les personnages st\u00e9r\u00e9otyp\u00e9s. Et les st\u00e9r\u00e9otypes sur les lyc\u00e9ens, il y en a tellement qu&rsquo;il est impossible de tous les \u00e9num\u00e9rer !<\/p>\n<p>Clifford, heureusement, n&rsquo;est pas st\u00e9r\u00e9otyp\u00e9 en lui-m\u00eame. Mais il est le seul de sa fratrie \u00e0 \u00eatre s\u00e9rieux dans son travail, contrairement \u00e0 ses fr\u00e8res avec casquette \u00e0 l&rsquo;envers et amateurs de hip hop. Tu le sens le clich\u00e9 gros comme une maison ? Plus loin, Cliff se dit en lui-m\u00eame : \u00ab\u00a0Je dois travailler dur si je veux \u00eatre pr\u00e9sident des \u00c9tats-Unis\u00a0\u00bb. Comme Barack Obama quoi. On ne l&rsquo;aurait jamais devin\u00e9. Donc dans ce livre, si tu es Noir, tu es soit une racaille de rappeur hip hop, soit le type tout s\u00e9rieux qui devient le Pr\u00e9sident Obama. Et il n&rsquo;y a pas d&rsquo;entre-deux. Tu ne peux pas \u00eatre vendeur, banquier, policier, secr\u00e9taire, marin, ministre, avocat, hockeyeur. Bah non, si t&rsquo;es Noir, deviens basketteur ! (Oh mon dieu j&rsquo;ai tellement r\u00e9fl\u00e9chi pour trouver \u00e7a). Et le pire, c&rsquo;est que le clich\u00e9 du Noir basketteur revient \u00e0 la fin du livre ! Mis \u00e0 part ce clich\u00e9 douteux, il y a aussi ce que pense Mia de son lyc\u00e9e : \u00ab\u00a0Au lyc\u00e9e, il existait diff\u00e9rents clans : les sportifs dont faisait partie Chet ; les Geeks reconnaissables \u00e0 leurs grosses lunettes et \u00e0 leurs probl\u00e8mes d&rsquo;hygi\u00e8ne; les skaters au pantalon trop large [&#8230;] les poufs&#8230;\u00a0\u00bb. Magnifique avalanche de clich\u00e9s que nous avons l\u00e0&#8230; Sans compter les autres \u00e9num\u00e9rations de clich\u00e9s hallucinants que l&rsquo;auteur pr\u00eate \u00e0 son h\u00e9ro\u00efne. G\u00e9niale vision de la jeunesse ! Et le summum, c&rsquo;est quand Mia d\u00e9cide de rejeter les avances du footballeur Chet, star du lyc\u00e9e, et qu&rsquo;elle se dit TEXTO : \u00a0\u00bb J&rsquo;avais beau lui dire qu&rsquo;il ne se passerait rien entre lui et moi, et passer pour la tar\u00e9e de service aupr\u00e8s de 99,9% des femelles du lyc\u00e9e (les 0,01% restant \u00e9tant les grenouilles des aquariums du cours de sciences naturelles)\u00a0\u00bb. D\u00e9j\u00e0, c&rsquo;est vraiment une vision r\u00e9ductrice des filles de lyc\u00e9e dans leur totalit\u00e9, et en plus, celles qui ne courent pas apr\u00e8s les gar\u00e7ons, sont compar\u00e9es \u00e0 des grenouilles. Qu&rsquo;est ce que cela veut dire ? Tout \u00e7a parce qu&rsquo;elles ne sont pas superficielles ? Et que cela sous-entend qu&rsquo;elles sont laides ?<\/p>\n<div id=\"attachment_30101\" style=\"width: 216px\" class=\"wp-caption alignright\"><img loading=\"lazy\" decoding=\"async\" aria-describedby=\"caption-attachment-30101\" data-attachment-id=\"30101\" data-permalink=\"https:\/\/smallthings.fr\/lespetitslivres\/2016\/06\/21\/mon-ami-arnie-behm-jeunesse-avis\/mon-ami-arnie-behm\/\" data-orig-file=\"https:\/\/smallthings.fr\/lespetitslivres\/wp-content\/uploads\/2016\/06\/mon-ami-arnie-behm.jpg\" data-orig-size=\"266,400\" data-comments-opened=\"1\" data-image-meta=\"{&quot;aperture&quot;:&quot;0&quot;,&quot;credit&quot;:&quot;&quot;,&quot;camera&quot;:&quot;&quot;,&quot;caption&quot;:&quot;&quot;,&quot;created_timestamp&quot;:&quot;0&quot;,&quot;copyright&quot;:&quot;&quot;,&quot;focal_length&quot;:&quot;0&quot;,&quot;iso&quot;:&quot;0&quot;,&quot;shutter_speed&quot;:&quot;0&quot;,&quot;title&quot;:&quot;&quot;,&quot;orientation&quot;:&quot;0&quot;}\" data-image-title=\"mon-ami-arnie-behm\" data-image-description=\"\" data-image-caption=\"&lt;p&gt;Jeremy Behm&lt;\/p&gt;\n\" data-medium-file=\"https:\/\/smallthings.fr\/lespetitslivres\/wp-content\/uploads\/2016\/06\/mon-ami-arnie-behm-200x300.jpg\" data-large-file=\"https:\/\/smallthings.fr\/lespetitslivres\/wp-content\/uploads\/2016\/06\/mon-ami-arnie-behm.jpg\" class=\" wp-image-30101\" src=\"http:\/\/smallthings.fr\/lespetitslivres\/wp-content\/uploads\/2016\/06\/mon-ami-arnie-behm.jpg\" alt=\"Jeremy Behm\" width=\"206\" height=\"310\" srcset=\"https:\/\/smallthings.fr\/lespetitslivres\/wp-content\/uploads\/2016\/06\/mon-ami-arnie-behm.jpg 266w, https:\/\/smallthings.fr\/lespetitslivres\/wp-content\/uploads\/2016\/06\/mon-ami-arnie-behm-200x300.jpg 200w\" sizes=\"(max-width: 206px) 100vw, 206px\" \/><p id=\"caption-attachment-30101\" class=\"wp-caption-text\">Jeremy Behm<\/p><\/div>\n<p>Et cela ne s&rsquo;arr\u00eate pas l\u00e0&#8230; <strong>Jeremy Behm ne fait pas preuve de beaucoup de tendresse envers ses personnages, qui ne sont jamais vraiment incarn\u00e9s, et dont les clich\u00e9s sont ici tellement fig\u00e9s qu&rsquo;on ne peut pas adh\u00e9rer<\/strong>. C&rsquo;est tr\u00e8s regrettable, car <em>Mon ami Arnie<\/em> est destin\u00e9 aux young adults \u00e0 partir de 15 ans. Pas id\u00e9al pour le jeune lecteur de se voir placer ainsi dans une case. Dommage.<\/p>\n<p>Bref. Je me suis dit qu&rsquo;apr\u00e8s tout, il fallait \u00eatre indulgente, que le livre se voulait sans doute plus l\u00e9ger qu&rsquo;il n&rsquo;en avait l&rsquo;air et qu&rsquo;il fallait, pourquoi pas, suivre l&rsquo;action en tant que telle. Et l\u00e0, surprise ! \u00c0 partir du moment o\u00f9 l&rsquo;auteur met en sc\u00e8ne \u00ab\u00a0The Pretender\u00a0\u00bb, le ton change. Plus de fautes, plus de clich\u00e9s. <strong>La froideur psychopathe du \u00ab\u00a0m\u00e9chant\u00a0\u00bb est tr\u00e8s bien rendue, et le milieu du livre consacr\u00e9 au paroxysme de l&rsquo;action, est bourr\u00e9 du suspens<\/strong>. Mais sans doute trop tard. C&rsquo;est d&rsquo;autant plus dommage que <em>Mon ami Arnie<\/em> s&rsquo;ach\u00e8ve sur un moment de tension horrifique compl\u00e8tement inattendu, et que tout ceci appelle une suite. Car Arnie n&rsquo;est pas celui qu&rsquo;on croit. Et n&rsquo;est pas Quentin Tarentino qui veut.<\/p>\n","protected":false},"excerpt":{"rendered":"<p>Mon ami Arnie de Jeremy Behm est sorti le 2 juin aux \u00e9ditions Syros. Je ne connaissais pas cet auteur, qui est en r\u00e9alit\u00e9 le petit-fils de Marc Behm, lui-m\u00eame \u00e9crivain. Je m&rsquo;attendais donc \u00e0 du lourd, et \u00e0 un livre bien construit. La couverture du livre et la promotion qui en est faite, comparant<\/p>\n","protected":false},"author":17,"featured_media":30099,"comment_status":"open","ping_status":"open","sticky":false,"template":"","format":"standard","meta":{"jetpack_post_was_ever_published":false,"_jetpack_newsletter_access":"","_jetpack_newsletter_tier_id":0,"footnotes":"","jetpack_publicize_message":"","jetpack_is_tweetstorm":false,"jetpack_publicize_feature_enabled":true,"jetpack_social_post_already_shared":true,"jetpack_social_options":{"image_generator_settings":{"template":"highway","enabled":false}}},"categories":[1118],"tags":[1455,1454,1456],"jetpack_publicize_connections":[],"yoast_head":"<!-- This site is optimized with the Yoast SEO plugin v21.5 - https:\/\/yoast.com\/wordpress\/plugins\/seo\/ -->\n<title>Mon ami Arnie, de Jeremy Behm : la jeunesse essouffl\u00e9e<\/title>\n<meta name=\"description\" content=\"Mon ami Arnie de J\u00e9r\u00e9my Behm est sorti le 2 juin aux \u00e9ditions Syros. Je ne connaissais pas cet auteur, qui est en r\u00e9alit\u00e9 le petit-fils de Marc Behm,\" \/>\n<meta name=\"robots\" content=\"index, follow, max-snippet:-1, max-image-preview:large, max-video-preview:-1\" \/>\n<link rel=\"canonical\" href=\"https:\/\/smallthings.fr\/lespetitslivres\/2016\/06\/21\/mon-ami-arnie-behm-jeunesse-avis\/\" \/>\n<meta property=\"og:locale\" content=\"fr_FR\" \/>\n<meta property=\"og:type\" content=\"article\" \/>\n<meta property=\"og:title\" content=\"Mon ami Arnie, de Jeremy Behm : la jeunesse essouffl\u00e9e\" \/>\n<meta property=\"og:description\" content=\"Mon ami Arnie de J\u00e9r\u00e9my Behm est sorti le 2 juin aux \u00e9ditions Syros. Je ne connaissais pas cet auteur, qui est en r\u00e9alit\u00e9 le petit-fils de Marc Behm,\" \/>\n<meta property=\"og:url\" content=\"https:\/\/smallthings.fr\/lespetitslivres\/2016\/06\/21\/mon-ami-arnie-behm-jeunesse-avis\/\" \/>\n<meta property=\"og:site_name\" content=\"Les Petits Livres\" \/>\n<meta property=\"article:published_time\" content=\"2016-06-21T16:00:59+00:00\" \/>\n<meta property=\"article:modified_time\" content=\"2016-06-20T21:10:00+00:00\" \/>\n<meta property=\"og:image\" content=\"https:\/\/smallthings.fr\/lespetitslivres\/wp-content\/uploads\/2016\/06\/mon-ami-arnie-couv.jpg\" \/>\n\t<meta property=\"og:image:width\" content=\"499\" \/>\n\t<meta property=\"og:image:height\" content=\"178\" \/>\n\t<meta property=\"og:image:type\" content=\"image\/jpeg\" \/>\n<meta name=\"author\" content=\"Rebecca\" \/>\n<meta name=\"twitter:card\" content=\"summary_large_image\" \/>\n<meta name=\"twitter:label1\" content=\"\u00c9crit par\" \/>\n\t<meta name=\"twitter:data1\" content=\"Rebecca\" \/>\n\t<meta name=\"twitter:label2\" content=\"Dur\u00e9e de lecture estim\u00e9e\" \/>\n\t<meta name=\"twitter:data2\" content=\"5 minutes\" \/>\n<script type=\"application\/ld+json\" class=\"yoast-schema-graph\">{\"@context\":\"https:\/\/schema.org\",\"@graph\":[{\"@type\":\"WebPage\",\"@id\":\"https:\/\/smallthings.fr\/lespetitslivres\/2016\/06\/21\/mon-ami-arnie-behm-jeunesse-avis\/\",\"url\":\"https:\/\/smallthings.fr\/lespetitslivres\/2016\/06\/21\/mon-ami-arnie-behm-jeunesse-avis\/\",\"name\":\"Mon ami Arnie, de Jeremy Behm : la jeunesse essouffl\u00e9e\",\"isPartOf\":{\"@id\":\"https:\/\/smallthings.fr\/lespetitslivres\/#website\"},\"datePublished\":\"2016-06-21T16:00:59+00:00\",\"dateModified\":\"2016-06-20T21:10:00+00:00\",\"author\":{\"@id\":\"https:\/\/smallthings.fr\/lespetitslivres\/#\/schema\/person\/0cd6a80f4ed2616c81a8973aed74c2b8\"},\"description\":\"Mon ami Arnie de J\u00e9r\u00e9my Behm est sorti le 2 juin aux \u00e9ditions Syros. Je ne connaissais pas cet auteur, qui est en r\u00e9alit\u00e9 le petit-fils de Marc Behm,\",\"breadcrumb\":{\"@id\":\"https:\/\/smallthings.fr\/lespetitslivres\/2016\/06\/21\/mon-ami-arnie-behm-jeunesse-avis\/#breadcrumb\"},\"inLanguage\":\"fr-FR\",\"potentialAction\":[{\"@type\":\"ReadAction\",\"target\":[\"https:\/\/smallthings.fr\/lespetitslivres\/2016\/06\/21\/mon-ami-arnie-behm-jeunesse-avis\/\"]}]},{\"@type\":\"BreadcrumbList\",\"@id\":\"https:\/\/smallthings.fr\/lespetitslivres\/2016\/06\/21\/mon-ami-arnie-behm-jeunesse-avis\/#breadcrumb\",\"itemListElement\":[{\"@type\":\"ListItem\",\"position\":1,\"name\":\"Accueil\",\"item\":\"https:\/\/smallthings.fr\/lespetitslivres\/\"},{\"@type\":\"ListItem\",\"position\":2,\"name\":\"Mon ami Arnie, de Jeremy Behm : la jeunesse essouffl\u00e9e\"}]},{\"@type\":\"WebSite\",\"@id\":\"https:\/\/smallthings.fr\/lespetitslivres\/#website\",\"url\":\"https:\/\/smallthings.fr\/lespetitslivres\/\",\"name\":\"Les Petits Livres\",\"description\":\"by Small Things\",\"potentialAction\":[{\"@type\":\"SearchAction\",\"target\":{\"@type\":\"EntryPoint\",\"urlTemplate\":\"https:\/\/smallthings.fr\/lespetitslivres\/?s={search_term_string}\"},\"query-input\":\"required name=search_term_string\"}],\"inLanguage\":\"fr-FR\"},{\"@type\":\"Person\",\"@id\":\"https:\/\/smallthings.fr\/lespetitslivres\/#\/schema\/person\/0cd6a80f4ed2616c81a8973aed74c2b8\",\"name\":\"Rebecca\",\"image\":{\"@type\":\"ImageObject\",\"inLanguage\":\"fr-FR\",\"@id\":\"https:\/\/smallthings.fr\/lespetitslivres\/#\/schema\/person\/image\/\",\"url\":\"https:\/\/secure.gravatar.com\/avatar\/246cd9ae3b479e7da67da1cdf8c319af?s=96&d=retro&r=g\",\"contentUrl\":\"https:\/\/secure.gravatar.com\/avatar\/246cd9ae3b479e7da67da1cdf8c319af?s=96&d=retro&r=g\",\"caption\":\"Rebecca\"},\"url\":\"https:\/\/smallthings.fr\/lespetitslivres\/author\/rebecca\/\"}]}<\/script>\n<!-- \/ Yoast SEO plugin. -->","yoast_head_json":{"title":"Mon ami Arnie, de Jeremy Behm : la jeunesse essouffl\u00e9e","description":"Mon ami Arnie de J\u00e9r\u00e9my Behm est sorti le 2 juin aux \u00e9ditions Syros. Je ne connaissais pas cet auteur, qui est en r\u00e9alit\u00e9 le petit-fils de Marc Behm,","robots":{"index":"index","follow":"follow","max-snippet":"max-snippet:-1","max-image-preview":"max-image-preview:large","max-video-preview":"max-video-preview:-1"},"canonical":"https:\/\/smallthings.fr\/lespetitslivres\/2016\/06\/21\/mon-ami-arnie-behm-jeunesse-avis\/","og_locale":"fr_FR","og_type":"article","og_title":"Mon ami Arnie, de Jeremy Behm : la jeunesse essouffl\u00e9e","og_description":"Mon ami Arnie de J\u00e9r\u00e9my Behm est sorti le 2 juin aux \u00e9ditions Syros. Je ne connaissais pas cet auteur, qui est en r\u00e9alit\u00e9 le petit-fils de Marc Behm,","og_url":"https:\/\/smallthings.fr\/lespetitslivres\/2016\/06\/21\/mon-ami-arnie-behm-jeunesse-avis\/","og_site_name":"Les Petits Livres","article_published_time":"2016-06-21T16:00:59+00:00","article_modified_time":"2016-06-20T21:10:00+00:00","og_image":[{"width":499,"height":178,"url":"https:\/\/smallthings.fr\/lespetitslivres\/wp-content\/uploads\/2016\/06\/mon-ami-arnie-couv.jpg","type":"image\/jpeg"}],"author":"Rebecca","twitter_card":"summary_large_image","twitter_misc":{"\u00c9crit par":"Rebecca","Dur\u00e9e de lecture estim\u00e9e":"5 minutes"},"schema":{"@context":"https:\/\/schema.org","@graph":[{"@type":"WebPage","@id":"https:\/\/smallthings.fr\/lespetitslivres\/2016\/06\/21\/mon-ami-arnie-behm-jeunesse-avis\/","url":"https:\/\/smallthings.fr\/lespetitslivres\/2016\/06\/21\/mon-ami-arnie-behm-jeunesse-avis\/","name":"Mon ami Arnie, de Jeremy Behm : la jeunesse essouffl\u00e9e","isPartOf":{"@id":"https:\/\/smallthings.fr\/lespetitslivres\/#website"},"datePublished":"2016-06-21T16:00:59+00:00","dateModified":"2016-06-20T21:10:00+00:00","author":{"@id":"https:\/\/smallthings.fr\/lespetitslivres\/#\/schema\/person\/0cd6a80f4ed2616c81a8973aed74c2b8"},"description":"Mon ami Arnie de J\u00e9r\u00e9my Behm est sorti le 2 juin aux \u00e9ditions Syros. Je ne connaissais pas cet auteur, qui est en r\u00e9alit\u00e9 le petit-fils de Marc Behm,","breadcrumb":{"@id":"https:\/\/smallthings.fr\/lespetitslivres\/2016\/06\/21\/mon-ami-arnie-behm-jeunesse-avis\/#breadcrumb"},"inLanguage":"fr-FR","potentialAction":[{"@type":"ReadAction","target":["https:\/\/smallthings.fr\/lespetitslivres\/2016\/06\/21\/mon-ami-arnie-behm-jeunesse-avis\/"]}]},{"@type":"BreadcrumbList","@id":"https:\/\/smallthings.fr\/lespetitslivres\/2016\/06\/21\/mon-ami-arnie-behm-jeunesse-avis\/#breadcrumb","itemListElement":[{"@type":"ListItem","position":1,"name":"Accueil","item":"https:\/\/smallthings.fr\/lespetitslivres\/"},{"@type":"ListItem","position":2,"name":"Mon ami Arnie, de Jeremy Behm : la jeunesse essouffl\u00e9e"}]},{"@type":"WebSite","@id":"https:\/\/smallthings.fr\/lespetitslivres\/#website","url":"https:\/\/smallthings.fr\/lespetitslivres\/","name":"Les Petits Livres","description":"by Small Things","potentialAction":[{"@type":"SearchAction","target":{"@type":"EntryPoint","urlTemplate":"https:\/\/smallthings.fr\/lespetitslivres\/?s={search_term_string}"},"query-input":"required name=search_term_string"}],"inLanguage":"fr-FR"},{"@type":"Person","@id":"https:\/\/smallthings.fr\/lespetitslivres\/#\/schema\/person\/0cd6a80f4ed2616c81a8973aed74c2b8","name":"Rebecca","image":{"@type":"ImageObject","inLanguage":"fr-FR","@id":"https:\/\/smallthings.fr\/lespetitslivres\/#\/schema\/person\/image\/","url":"https:\/\/secure.gravatar.com\/avatar\/246cd9ae3b479e7da67da1cdf8c319af?s=96&d=retro&r=g","contentUrl":"https:\/\/secure.gravatar.com\/avatar\/246cd9ae3b479e7da67da1cdf8c319af?s=96&d=retro&r=g","caption":"Rebecca"},"url":"https:\/\/smallthings.fr\/lespetitslivres\/author\/rebecca\/"}]}},"jetpack_featured_media_url":"https:\/\/smallthings.fr\/lespetitslivres\/wp-content\/uploads\/2016\/06\/mon-ami-arnie-couv.jpg","jetpack_sharing_enabled":true,"jetpack_shortlink":"https:\/\/wp.me\/p6Un21-7Ps","jetpack-related-posts":[{"id":24727,"url":"https:\/\/smallthings.fr\/lespetitslivres\/2015\/06\/24\/a-un-detail-pres-romance-higgins\/","url_meta":{"origin":30098,"position":0},"title":"A un d\u00e9tail pr\u00e8s, une romance de Kristan Higgins","author":"Jennifer","date":"24 juin 2015","format":false,"excerpt":"A un d\u00e9tail pr\u00e8s est dernier roman de Kristan Higgins qui sort aujourd'hui aux \u00e9ditions Mosa\u00efc. C'est l\u2019histoire de Faith, une jeune fille amoureuse du m\u00eame gar\u00e7on depuis le lyc\u00e9e qui, le jour de son mariage, pr\u00e9cis\u00e9ment avant de dire \u00ab\u00a0oui je le veux\u00a0\u00bb, va d\u00e9couvrir que l\u2019homme de sa\u2026","rel":"","context":"Dans &quot;Roman \u00e9tranger&quot;","block_context":{"text":"Roman \u00e9tranger","link":"https:\/\/smallthings.fr\/lespetitslivres\/category\/roman\/roman-etranger\/"},"img":{"alt_text":"","src":"https:\/\/i0.wp.com\/smallthings.fr\/wp-content\/uploads\/2015\/06\/a-un-detail-pres.jpg?resize=350%2C200","width":350,"height":200},"classes":[]},{"id":30984,"url":"https:\/\/smallthings.fr\/lespetitslivres\/2017\/05\/01\/bad-romance-coeurs-indociles-mancellon\/","url_meta":{"origin":30098,"position":1},"title":"Bad Romance de C\u00e9line Mancellon : violence, sang et passion","author":"Jennifer","date":"1 mai 2017","format":false,"excerpt":"C\u0153urs indociles est le second tome de la saga Bad Romance de C\u00e9line Mancellon. Paru en mars aux\u00a0\u00e9ditions Milady, ce roman absolument envo\u00fbtant peut se lire ind\u00e9pendamment des autres tomes. Il raconte comment Charlie, jeune fille \u00e9lev\u00e9e au sein d\u2019un gang de bikers tr\u00e8s dangereux, va avoir l\u2019opportunit\u00e9 de changer\u2026","rel":"","context":"Dans &quot;Roman fran\u00e7ais&quot;","block_context":{"text":"Roman fran\u00e7ais","link":"https:\/\/smallthings.fr\/lespetitslivres\/category\/roman\/roman-francais\/"},"img":{"alt_text":"","src":"https:\/\/i0.wp.com\/smallthings.fr\/lespetitslivres\/wp-content\/uploads\/2017\/04\/Bad-Romance-Coeurs-indociles-5.jpg?resize=350%2C200&ssl=1","width":350,"height":200,"srcset":"https:\/\/i0.wp.com\/smallthings.fr\/lespetitslivres\/wp-content\/uploads\/2017\/04\/Bad-Romance-Coeurs-indociles-5.jpg?resize=350%2C200&ssl=1 1x, https:\/\/i0.wp.com\/smallthings.fr\/lespetitslivres\/wp-content\/uploads\/2017\/04\/Bad-Romance-Coeurs-indociles-5.jpg?resize=525%2C300&ssl=1 1.5x, https:\/\/i0.wp.com\/smallthings.fr\/lespetitslivres\/wp-content\/uploads\/2017\/04\/Bad-Romance-Coeurs-indociles-5.jpg?resize=700%2C400&ssl=1 2x, https:\/\/i0.wp.com\/smallthings.fr\/lespetitslivres\/wp-content\/uploads\/2017\/04\/Bad-Romance-Coeurs-indociles-5.jpg?resize=1050%2C600&ssl=1 3x"},"classes":[]},{"id":31544,"url":"https:\/\/smallthings.fr\/lespetitslivres\/2018\/02\/27\/la-premiere-fois-qu-on-m-a-embrassee-je-suis-morte\/","url_meta":{"origin":30098,"position":2},"title":"La premi\u00e8re fois qu&rsquo;on m&rsquo;a embrass\u00e9e, je suis morte : roman feel good de Colleen Oakley","author":"Jennifer","date":"27 f\u00e9vrier 2018","format":false,"excerpt":"La premi\u00e8re fois qu\u2019on m\u2019a embrass\u00e9e, je suis morte est le deuxi\u00e8me roman de Colleen Oakley. Sortie en janvier aux\u00a0\u00e9ditions Milady, cette com\u00e9die romantique nous conte l\u2019histoire de Jubilee Jenkins, une jeune femme allergique aux contacts humains. Une intrigue originale qui ne vous laissera pas de marbre\u00a0! Jubilee Jenkins est\u2026","rel":"","context":"Dans &quot;Roman \u00e9tranger&quot;","block_context":{"text":"Roman \u00e9tranger","link":"https:\/\/smallthings.fr\/lespetitslivres\/category\/roman\/roman-etranger\/"},"img":{"alt_text":"","src":"https:\/\/i0.wp.com\/smallthings.fr\/lespetitslivres\/wp-content\/uploads\/2018\/02\/woman-2610027_1920.jpg?resize=350%2C200&ssl=1","width":350,"height":200,"srcset":"https:\/\/i0.wp.com\/smallthings.fr\/lespetitslivres\/wp-content\/uploads\/2018\/02\/woman-2610027_1920.jpg?resize=350%2C200&ssl=1 1x, https:\/\/i0.wp.com\/smallthings.fr\/lespetitslivres\/wp-content\/uploads\/2018\/02\/woman-2610027_1920.jpg?resize=525%2C300&ssl=1 1.5x, https:\/\/i0.wp.com\/smallthings.fr\/lespetitslivres\/wp-content\/uploads\/2018\/02\/woman-2610027_1920.jpg?resize=700%2C400&ssl=1 2x, https:\/\/i0.wp.com\/smallthings.fr\/lespetitslivres\/wp-content\/uploads\/2018\/02\/woman-2610027_1920.jpg?resize=1050%2C600&ssl=1 3x, https:\/\/i0.wp.com\/smallthings.fr\/lespetitslivres\/wp-content\/uploads\/2018\/02\/woman-2610027_1920.jpg?resize=1400%2C800&ssl=1 4x"},"classes":[]},{"id":31953,"url":"https:\/\/smallthings.fr\/lespetitslivres\/2019\/08\/09\/le-masque-de-la-mort-le-thriller-de-david-gemmell\/","url_meta":{"origin":30098,"position":3},"title":"Le Masque de la Mort, le thriller de David Gemmell","author":"Jennifer","date":"9 ao\u00fbt 2019","format":false,"excerpt":"Le Masque de la Mort est un thriller de David Gemmell publi\u00e9 chez Bragelonne le 15 mai dernier dans la collection Terreur. Une intrigue bien men\u00e9e malgr\u00e9 un d\u00e9part un peu lent. David Gemmell, auteur de best-sellers, nous raconte avec Le masque de la mort une histoire surprenante. Selon l\u2019\u00e9diteur,\u2026","rel":"","context":"Dans &quot;Thriller&quot;","block_context":{"text":"Thriller","link":"https:\/\/smallthings.fr\/lespetitslivres\/category\/thriller\/"},"img":{"alt_text":"","src":"https:\/\/i0.wp.com\/smallthings.fr\/lespetitslivres\/wp-content\/uploads\/2019\/08\/le-masque-de-la-mort-1181994-2.png?resize=350%2C200&ssl=1","width":350,"height":200,"srcset":"https:\/\/i0.wp.com\/smallthings.fr\/lespetitslivres\/wp-content\/uploads\/2019\/08\/le-masque-de-la-mort-1181994-2.png?resize=350%2C200&ssl=1 1x, https:\/\/i0.wp.com\/smallthings.fr\/lespetitslivres\/wp-content\/uploads\/2019\/08\/le-masque-de-la-mort-1181994-2.png?resize=525%2C300&ssl=1 1.5x, https:\/\/i0.wp.com\/smallthings.fr\/lespetitslivres\/wp-content\/uploads\/2019\/08\/le-masque-de-la-mort-1181994-2.png?resize=700%2C400&ssl=1 2x, https:\/\/i0.wp.com\/smallthings.fr\/lespetitslivres\/wp-content\/uploads\/2019\/08\/le-masque-de-la-mort-1181994-2.png?resize=1050%2C600&ssl=1 3x, https:\/\/i0.wp.com\/smallthings.fr\/lespetitslivres\/wp-content\/uploads\/2019\/08\/le-masque-de-la-mort-1181994-2.png?resize=1400%2C800&ssl=1 4x"},"classes":[]},{"id":8724,"url":"https:\/\/smallthings.fr\/lespetitslivres\/2013\/10\/29\/sasha-grey-juliette-society-critique\/","url_meta":{"origin":30098,"position":4},"title":"Juliette Society : Her name is Grey, Sasha Grey","author":"Claire","date":"29 octobre 2013","format":false,"excerpt":"Sasha Grey a 25 ans et vient tout juste de publier Juliette Society paru en France aux \u00e9ditions Livre de Poche. Ex-atrice porno, elle a quitt\u00e9 cet univers \u00e0 23 ans.","rel":"","context":"Dans &quot;Roman \u00e9tranger&quot;","block_context":{"text":"Roman \u00e9tranger","link":"https:\/\/smallthings.fr\/lespetitslivres\/category\/roman\/roman-etranger\/"},"img":{"alt_text":"sasha-grey","src":"https:\/\/i0.wp.com\/uploads.smallthings.fr\/2013\/10\/Sasha-Grey-3.jpg?resize=350%2C200","width":350,"height":200},"classes":[]},{"id":31630,"url":"https:\/\/smallthings.fr\/lespetitslivres\/2018\/04\/26\/du-cote-du-bonheur-anna-mcpartlin\/","url_meta":{"origin":30098,"position":5},"title":"Du c\u00f4t\u00e9 du bonheur, le roman doudou d&rsquo;Anna McPartlin","author":"June","date":"26 avril 2018","format":false,"excerpt":"Du c\u00f4t\u00e9 du bonheur, le roman \"feel-good\" d'Anna McPartlin vient de sortir au Cherche Midi. Rescap\u00e9e d\u2019un mari violent, Maisie s\u2019occupe d\u00e9sormais seule de ses deux enfants et de sa m\u00e8re qui perd la t\u00eate. Jonglant entre ses deux emplois et au fil des combats quotidiens, elle parvient doucement \u00e0\u2026","rel":"","context":"Dans &quot;Roman \u00e9tranger&quot;","block_context":{"text":"Roman \u00e9tranger","link":"https:\/\/smallthings.fr\/lespetitslivres\/category\/roman\/roman-etranger\/"},"img":{"alt_text":"","src":"https:\/\/i0.wp.com\/smallthings.fr\/lespetitslivres\/wp-content\/uploads\/2018\/04\/du-cote-du-bonheur-cover.jpg?resize=350%2C200&ssl=1","width":350,"height":200,"srcset":"https:\/\/i0.wp.com\/smallthings.fr\/lespetitslivres\/wp-content\/uploads\/2018\/04\/du-cote-du-bonheur-cover.jpg?resize=350%2C200&ssl=1 1x, https:\/\/i0.wp.com\/smallthings.fr\/lespetitslivres\/wp-content\/uploads\/2018\/04\/du-cote-du-bonheur-cover.jpg?resize=525%2C300&ssl=1 1.5x, https:\/\/i0.wp.com\/smallthings.fr\/lespetitslivres\/wp-content\/uploads\/2018\/04\/du-cote-du-bonheur-cover.jpg?resize=700%2C400&ssl=1 2x"},"classes":[]}],"_links":{"self":[{"href":"https:\/\/smallthings.fr\/lespetitslivres\/wp-json\/wp\/v2\/posts\/30098"}],"collection":[{"href":"https:\/\/smallthings.fr\/lespetitslivres\/wp-json\/wp\/v2\/posts"}],"about":[{"href":"https:\/\/smallthings.fr\/lespetitslivres\/wp-json\/wp\/v2\/types\/post"}],"author":[{"embeddable":true,"href":"https:\/\/smallthings.fr\/lespetitslivres\/wp-json\/wp\/v2\/users\/17"}],"replies":[{"embeddable":true,"href":"https:\/\/smallthings.fr\/lespetitslivres\/wp-json\/wp\/v2\/comments?post=30098"}],"version-history":[{"count":2,"href":"https:\/\/smallthings.fr\/lespetitslivres\/wp-json\/wp\/v2\/posts\/30098\/revisions"}],"predecessor-version":[{"id":30103,"href":"https:\/\/smallthings.fr\/lespetitslivres\/wp-json\/wp\/v2\/posts\/30098\/revisions\/30103"}],"wp:featuredmedia":[{"embeddable":true,"href":"https:\/\/smallthings.fr\/lespetitslivres\/wp-json\/wp\/v2\/media\/30099"}],"wp:attachment":[{"href":"https:\/\/smallthings.fr\/lespetitslivres\/wp-json\/wp\/v2\/media?parent=30098"}],"wp:term":[{"taxonomy":"category","embeddable":true,"href":"https:\/\/smallthings.fr\/lespetitslivres\/wp-json\/wp\/v2\/categories?post=30098"},{"taxonomy":"post_tag","embeddable":true,"href":"https:\/\/smallthings.fr\/lespetitslivres\/wp-json\/wp\/v2\/tags?post=30098"}],"curies":[{"name":"wp","href":"https:\/\/api.w.org\/{rel}","templated":true}]}}