{"id":30057,"date":"2016-06-09T19:00:50","date_gmt":"2016-06-09T18:00:50","guid":{"rendered":"http:\/\/smallthings.fr\/lespetitslivres\/?p=30057"},"modified":"2016-06-09T21:03:03","modified_gmt":"2016-06-09T20:03:03","slug":"philosophe-djihadiste-leloup-critique","status":"publish","type":"post","link":"https:\/\/smallthings.fr\/lespetitslivres\/2016\/06\/09\/philosophe-djihadiste-leloup-critique\/","title":{"rendered":"Le Philosophe et le Djihadiste, mise \u00e0 l\u2019\u00e9preuve in\u00e9dite de la pens\u00e9e"},"content":{"rendered":"<h2><em>Le Philosophe et le Djihadiste<\/em> de Jean-Yves Leloup est paru aux <a href=\"http:\/\/www.pressesduchatelet.com\/livre\/le-philosophe-et-le-djihadiste\/\">Presses du Ch\u00e2telet<\/a> en mai 2016. Inspir\u00e9 de de faits r\u00e9els, le lecteur remonte le temps jusqu\u2019en 2004. Cette ann\u00e9e l\u00e0, un jeune marocain s\u2019appelant Mohammed planifie sa mort destructrice au c\u0153ur de la chapelle Sixtine dans la salle du \u00ab\u00a0Jugement dernier\u00a0\u00bb\u2026 au nom d\u2019Allah. Mis au parfum de ce sombre dessein, Jean-Yves Leloup se rend \u00e0 Rome afin de d\u00e9samorcer une bombe humaine doubl\u00e9e d\u2019une bombe id\u00e9ologique.<\/h2>\n<p>La composition du\u00a0<em>Philosophe et le Djihadiste<\/em> retient notre attention. Sur le m\u00eame mod\u00e8le qu\u2019une projection d\u00e9bat, l\u2019ouvrage se d\u00e9compose en deux parties. La premi\u00e8re relate la rencontre entre les deux hommes sur fond de confrontations de deux lectures et interpr\u00e9tations th\u00e9ologique des textes islamiques. Le fil de l\u2019action, mettant en sc\u00e8ne une course contre la montre, entrecroise un fil bien plus profond et complexe que la trame initiale.<\/p>\n<p><img loading=\"lazy\" decoding=\"async\" data-attachment-id=\"30058\" data-permalink=\"https:\/\/smallthings.fr\/lespetitslivres\/2016\/06\/09\/philosophe-djihadiste-leloup-critique\/philosophe-djihadiste\/\" data-orig-file=\"https:\/\/smallthings.fr\/lespetitslivres\/wp-content\/uploads\/2016\/06\/philosophe-djihadiste.jpeg\" data-orig-size=\"220,354\" data-comments-opened=\"1\" data-image-meta=\"{&quot;aperture&quot;:&quot;0&quot;,&quot;credit&quot;:&quot;&quot;,&quot;camera&quot;:&quot;&quot;,&quot;caption&quot;:&quot;&quot;,&quot;created_timestamp&quot;:&quot;0&quot;,&quot;copyright&quot;:&quot;&quot;,&quot;focal_length&quot;:&quot;0&quot;,&quot;iso&quot;:&quot;0&quot;,&quot;shutter_speed&quot;:&quot;0&quot;,&quot;title&quot;:&quot;&quot;,&quot;orientation&quot;:&quot;0&quot;}\" data-image-title=\"philosophe-djihadiste\" data-image-description=\"\" data-image-caption=\"\" data-medium-file=\"https:\/\/smallthings.fr\/lespetitslivres\/wp-content\/uploads\/2016\/06\/philosophe-djihadiste-186x300.jpeg\" data-large-file=\"https:\/\/smallthings.fr\/lespetitslivres\/wp-content\/uploads\/2016\/06\/philosophe-djihadiste.jpeg\" class=\"alignleft size-full wp-image-30058\" src=\"http:\/\/smallthings.fr\/lespetitslivres\/wp-content\/uploads\/2016\/06\/philosophe-djihadiste.jpeg\" alt=\"philosophe-djihadiste\" width=\"220\" height=\"354\" srcset=\"https:\/\/smallthings.fr\/lespetitslivres\/wp-content\/uploads\/2016\/06\/philosophe-djihadiste.jpeg 220w, https:\/\/smallthings.fr\/lespetitslivres\/wp-content\/uploads\/2016\/06\/philosophe-djihadiste-186x300.jpeg 186w\" sizes=\"(max-width: 220px) 100vw, 220px\" \/>Le factuel rencontre les lignes coraniques, l\u2019intrigue se suspend durant deux chapitres pour laisser place \u00e0 une exposition du concept de Djihad \u00ab\u00a0Majeur\u00a0\u00bb et \u00ab\u00a0Mineur\u00a0\u00bb\u2026 Ouvrir une fen\u00eatre sur ces hommes et leurs r\u00e9flexions, c\u2019est ouvrir une fen\u00eatre sur le conflit actuel et les tensions que rencontrent non seulement les croyants mais aussi la soci\u00e9t\u00e9 face \u00e0 l\u2019Islam. L\u2019int\u00e9r\u00eat r\u00e9side \u00e9galement dans <strong>l\u2019introspection de Jean-Yves Leloup, qui dans son combat intellectuel en vient \u00e0 faire \u00e9voluer sa propre pens\u00e9e et nous invite \u00e0 prendre encore plus de hauteur<\/strong>. La fin du <em>Philosophe et le Djihadiste<\/em> tombe comme un couperet, dont la morale n\u2019est autre que l\u2019\u00e9ternelle instrumentalisation de toute forme de spiritualit\u00e9 et de croyance, au service d\u2019un instinct anim\u00e9 par le d\u00e9sir de reconnaissance dans la mort et le n\u00e9ant.<\/p>\n<div id=\"attachment_30061\" style=\"width: 178px\" class=\"wp-caption alignright\"><img loading=\"lazy\" decoding=\"async\" aria-describedby=\"caption-attachment-30061\" data-attachment-id=\"30061\" data-permalink=\"https:\/\/smallthings.fr\/lespetitslivres\/2016\/06\/09\/philosophe-djihadiste-leloup-critique\/philosophe-jean-yves-leloup\/\" data-orig-file=\"https:\/\/smallthings.fr\/lespetitslivres\/wp-content\/uploads\/2016\/06\/philosophe-jean-yves-leloup.jpg\" data-orig-size=\"250,333\" data-comments-opened=\"1\" data-image-meta=\"{&quot;aperture&quot;:&quot;0&quot;,&quot;credit&quot;:&quot;&quot;,&quot;camera&quot;:&quot;&quot;,&quot;caption&quot;:&quot;&quot;,&quot;created_timestamp&quot;:&quot;0&quot;,&quot;copyright&quot;:&quot;&quot;,&quot;focal_length&quot;:&quot;0&quot;,&quot;iso&quot;:&quot;0&quot;,&quot;shutter_speed&quot;:&quot;0&quot;,&quot;title&quot;:&quot;&quot;,&quot;orientation&quot;:&quot;0&quot;}\" data-image-title=\"philosophe-jean-yves-leloup\" data-image-description=\"\" data-image-caption=\"&lt;p&gt;Jean-Yves-Leloup&lt;\/p&gt;\n\" data-medium-file=\"https:\/\/smallthings.fr\/lespetitslivres\/wp-content\/uploads\/2016\/06\/philosophe-jean-yves-leloup-225x300.jpg\" data-large-file=\"https:\/\/smallthings.fr\/lespetitslivres\/wp-content\/uploads\/2016\/06\/philosophe-jean-yves-leloup.jpg\" class=\" wp-image-30061\" src=\"http:\/\/smallthings.fr\/lespetitslivres\/wp-content\/uploads\/2016\/06\/philosophe-jean-yves-leloup.jpg\" alt=\"Jean-Yves-Leloup\" width=\"168\" height=\"224\" srcset=\"https:\/\/smallthings.fr\/lespetitslivres\/wp-content\/uploads\/2016\/06\/philosophe-jean-yves-leloup.jpg 250w, https:\/\/smallthings.fr\/lespetitslivres\/wp-content\/uploads\/2016\/06\/philosophe-jean-yves-leloup-225x300.jpg 225w\" sizes=\"(max-width: 168px) 100vw, 168px\" \/><p id=\"caption-attachment-30061\" class=\"wp-caption-text\">Jean-Yves-Leloup<\/p><\/div>\n<p>La seconde partie est organis\u00e9e en 15 questions adress\u00e9es \u00e0 Jean-Yves Leloup et permettent d\u2019approfondir les \u00e9l\u00e9ments de la narration qui pr\u00e9c\u00e8de, voire m\u00eame de les d\u00e9passer. Qu\u2019implique le processus de paix, comment accepter \u00e0 part \u00e9gale le bien et le mal, comment l\u2019auteur a t-il v\u00e9cu les attentats de Charlie Hebdo ou encore existe t-il un \u00e9quilibre entre idol\u00e2trie et iconoclasme\u2026 Autant de questions dont l\u2019approche philosophique au del\u00e0 de la sp\u00e9cificit\u00e9 th\u00e9ologique est plus qu\u2019enrichissante.<\/p>\n","protected":false},"excerpt":{"rendered":"<p>Le Philosophe et le Djihadiste de Jean-Yves Leloup est paru aux Presses du Ch\u00e2telet en mai 2016. Inspir\u00e9 de de faits r\u00e9els, le lecteur remonte le temps jusqu\u2019en 2004. Cette ann\u00e9e l\u00e0, un jeune marocain s\u2019appelant Mohammed planifie sa mort destructrice au c\u0153ur de la chapelle Sixtine dans la salle du \u00ab\u00a0Jugement dernier\u00a0\u00bb\u2026 au nom<\/p>\n","protected":false},"author":21,"featured_media":30059,"comment_status":"open","ping_status":"open","sticky":false,"template":"","format":"standard","meta":{"jetpack_post_was_ever_published":false,"_jetpack_newsletter_access":"","_jetpack_newsletter_tier_id":0,"footnotes":"","jetpack_publicize_message":"","jetpack_is_tweetstorm":false,"jetpack_publicize_feature_enabled":true,"jetpack_social_post_already_shared":true,"jetpack_social_options":{"image_generator_settings":{"template":"highway","enabled":false}}},"categories":[1115],"tags":[1443,1442,1441,1440],"jetpack_publicize_connections":[],"yoast_head":"<!-- This site is optimized with the Yoast SEO plugin v21.5 - https:\/\/yoast.com\/wordpress\/plugins\/seo\/ -->\n<title>Le Philosophe et le Djihadiste, mise \u00e0 l\u2019\u00e9preuve in\u00e9dite de la pens\u00e9e<\/title>\n<meta name=\"description\" content=\"Le Philosophe et le Djihadiste de Jean-Yves Leloup est paru aux Presses du Ch\u00e2telet en mai 2016. Inspir\u00e9 de de faits r\u00e9els, le lecteur y fait un voyage dans\" \/>\n<meta name=\"robots\" content=\"index, follow, max-snippet:-1, max-image-preview:large, max-video-preview:-1\" \/>\n<link rel=\"canonical\" href=\"https:\/\/smallthings.fr\/lespetitslivres\/2016\/06\/09\/philosophe-djihadiste-leloup-critique\/\" \/>\n<meta property=\"og:locale\" content=\"fr_FR\" \/>\n<meta property=\"og:type\" content=\"article\" \/>\n<meta property=\"og:title\" content=\"Le Philosophe et le Djihadiste, mise \u00e0 l\u2019\u00e9preuve in\u00e9dite de la pens\u00e9e\" \/>\n<meta property=\"og:description\" content=\"Le Philosophe et le Djihadiste de Jean-Yves Leloup est paru aux Presses du Ch\u00e2telet en mai 2016. Inspir\u00e9 de de faits r\u00e9els, le lecteur y fait un voyage dans\" \/>\n<meta property=\"og:url\" content=\"https:\/\/smallthings.fr\/lespetitslivres\/2016\/06\/09\/philosophe-djihadiste-leloup-critique\/\" \/>\n<meta property=\"og:site_name\" content=\"Les Petits Livres\" \/>\n<meta property=\"article:published_time\" content=\"2016-06-09T18:00:50+00:00\" \/>\n<meta property=\"article:modified_time\" content=\"2016-06-09T20:03:03+00:00\" \/>\n<meta property=\"og:image\" content=\"https:\/\/smallthings.fr\/lespetitslivres\/wp-content\/uploads\/2016\/06\/philosophe-desert-scaled.jpg\" \/>\n\t<meta property=\"og:image:width\" content=\"2560\" \/>\n\t<meta property=\"og:image:height\" content=\"819\" \/>\n\t<meta property=\"og:image:type\" content=\"image\/jpeg\" \/>\n<meta name=\"author\" content=\"Julie Celeste\" \/>\n<meta name=\"twitter:card\" content=\"summary_large_image\" \/>\n<meta name=\"twitter:label1\" content=\"\u00c9crit par\" \/>\n\t<meta name=\"twitter:data1\" content=\"Julie Celeste\" \/>\n\t<meta name=\"twitter:label2\" content=\"Dur\u00e9e de lecture estim\u00e9e\" \/>\n\t<meta name=\"twitter:data2\" content=\"2 minutes\" \/>\n<script type=\"application\/ld+json\" class=\"yoast-schema-graph\">{\"@context\":\"https:\/\/schema.org\",\"@graph\":[{\"@type\":\"WebPage\",\"@id\":\"https:\/\/smallthings.fr\/lespetitslivres\/2016\/06\/09\/philosophe-djihadiste-leloup-critique\/\",\"url\":\"https:\/\/smallthings.fr\/lespetitslivres\/2016\/06\/09\/philosophe-djihadiste-leloup-critique\/\",\"name\":\"Le Philosophe et le Djihadiste, mise \u00e0 l\u2019\u00e9preuve in\u00e9dite de la pens\u00e9e\",\"isPartOf\":{\"@id\":\"https:\/\/smallthings.fr\/lespetitslivres\/#website\"},\"datePublished\":\"2016-06-09T18:00:50+00:00\",\"dateModified\":\"2016-06-09T20:03:03+00:00\",\"author\":{\"@id\":\"https:\/\/smallthings.fr\/lespetitslivres\/#\/schema\/person\/ba237ccb1b187428454ed7f47cf2ad1d\"},\"description\":\"Le Philosophe et le Djihadiste de Jean-Yves Leloup est paru aux Presses du Ch\u00e2telet en mai 2016. Inspir\u00e9 de de faits r\u00e9els, le lecteur y fait un voyage dans\",\"breadcrumb\":{\"@id\":\"https:\/\/smallthings.fr\/lespetitslivres\/2016\/06\/09\/philosophe-djihadiste-leloup-critique\/#breadcrumb\"},\"inLanguage\":\"fr-FR\",\"potentialAction\":[{\"@type\":\"ReadAction\",\"target\":[\"https:\/\/smallthings.fr\/lespetitslivres\/2016\/06\/09\/philosophe-djihadiste-leloup-critique\/\"]}]},{\"@type\":\"BreadcrumbList\",\"@id\":\"https:\/\/smallthings.fr\/lespetitslivres\/2016\/06\/09\/philosophe-djihadiste-leloup-critique\/#breadcrumb\",\"itemListElement\":[{\"@type\":\"ListItem\",\"position\":1,\"name\":\"Accueil\",\"item\":\"https:\/\/smallthings.fr\/lespetitslivres\/\"},{\"@type\":\"ListItem\",\"position\":2,\"name\":\"Le Philosophe et le Djihadiste, mise \u00e0 l\u2019\u00e9preuve in\u00e9dite de la pens\u00e9e\"}]},{\"@type\":\"WebSite\",\"@id\":\"https:\/\/smallthings.fr\/lespetitslivres\/#website\",\"url\":\"https:\/\/smallthings.fr\/lespetitslivres\/\",\"name\":\"Les Petits Livres\",\"description\":\"by Small Things\",\"potentialAction\":[{\"@type\":\"SearchAction\",\"target\":{\"@type\":\"EntryPoint\",\"urlTemplate\":\"https:\/\/smallthings.fr\/lespetitslivres\/?s={search_term_string}\"},\"query-input\":\"required name=search_term_string\"}],\"inLanguage\":\"fr-FR\"},{\"@type\":\"Person\",\"@id\":\"https:\/\/smallthings.fr\/lespetitslivres\/#\/schema\/person\/ba237ccb1b187428454ed7f47cf2ad1d\",\"name\":\"Julie Celeste\",\"image\":{\"@type\":\"ImageObject\",\"inLanguage\":\"fr-FR\",\"@id\":\"https:\/\/smallthings.fr\/lespetitslivres\/#\/schema\/person\/image\/\",\"url\":\"https:\/\/secure.gravatar.com\/avatar\/dcadd3e901b2ccc179b27983c72d2ea6?s=96&d=retro&r=g\",\"contentUrl\":\"https:\/\/secure.gravatar.com\/avatar\/dcadd3e901b2ccc179b27983c72d2ea6?s=96&d=retro&r=g\",\"caption\":\"Julie Celeste\"},\"url\":\"https:\/\/smallthings.fr\/lespetitslivres\/author\/julie-celeste\/\"}]}<\/script>\n<!-- \/ Yoast SEO plugin. -->","yoast_head_json":{"title":"Le Philosophe et le Djihadiste, mise \u00e0 l\u2019\u00e9preuve in\u00e9dite de la pens\u00e9e","description":"Le Philosophe et le Djihadiste de Jean-Yves Leloup est paru aux Presses du Ch\u00e2telet en mai 2016. Inspir\u00e9 de de faits r\u00e9els, le lecteur y fait un voyage dans","robots":{"index":"index","follow":"follow","max-snippet":"max-snippet:-1","max-image-preview":"max-image-preview:large","max-video-preview":"max-video-preview:-1"},"canonical":"https:\/\/smallthings.fr\/lespetitslivres\/2016\/06\/09\/philosophe-djihadiste-leloup-critique\/","og_locale":"fr_FR","og_type":"article","og_title":"Le Philosophe et le Djihadiste, mise \u00e0 l\u2019\u00e9preuve in\u00e9dite de la pens\u00e9e","og_description":"Le Philosophe et le Djihadiste de Jean-Yves Leloup est paru aux Presses du Ch\u00e2telet en mai 2016. Inspir\u00e9 de de faits r\u00e9els, le lecteur y fait un voyage dans","og_url":"https:\/\/smallthings.fr\/lespetitslivres\/2016\/06\/09\/philosophe-djihadiste-leloup-critique\/","og_site_name":"Les Petits Livres","article_published_time":"2016-06-09T18:00:50+00:00","article_modified_time":"2016-06-09T20:03:03+00:00","og_image":[{"width":2560,"height":819,"url":"https:\/\/smallthings.fr\/lespetitslivres\/wp-content\/uploads\/2016\/06\/philosophe-desert-scaled.jpg","type":"image\/jpeg"}],"author":"Julie Celeste","twitter_card":"summary_large_image","twitter_misc":{"\u00c9crit par":"Julie Celeste","Dur\u00e9e de lecture estim\u00e9e":"2 minutes"},"schema":{"@context":"https:\/\/schema.org","@graph":[{"@type":"WebPage","@id":"https:\/\/smallthings.fr\/lespetitslivres\/2016\/06\/09\/philosophe-djihadiste-leloup-critique\/","url":"https:\/\/smallthings.fr\/lespetitslivres\/2016\/06\/09\/philosophe-djihadiste-leloup-critique\/","name":"Le Philosophe et le Djihadiste, mise \u00e0 l\u2019\u00e9preuve in\u00e9dite de la pens\u00e9e","isPartOf":{"@id":"https:\/\/smallthings.fr\/lespetitslivres\/#website"},"datePublished":"2016-06-09T18:00:50+00:00","dateModified":"2016-06-09T20:03:03+00:00","author":{"@id":"https:\/\/smallthings.fr\/lespetitslivres\/#\/schema\/person\/ba237ccb1b187428454ed7f47cf2ad1d"},"description":"Le Philosophe et le Djihadiste de Jean-Yves Leloup est paru aux Presses du Ch\u00e2telet en mai 2016. Inspir\u00e9 de de faits r\u00e9els, le lecteur y fait un voyage dans","breadcrumb":{"@id":"https:\/\/smallthings.fr\/lespetitslivres\/2016\/06\/09\/philosophe-djihadiste-leloup-critique\/#breadcrumb"},"inLanguage":"fr-FR","potentialAction":[{"@type":"ReadAction","target":["https:\/\/smallthings.fr\/lespetitslivres\/2016\/06\/09\/philosophe-djihadiste-leloup-critique\/"]}]},{"@type":"BreadcrumbList","@id":"https:\/\/smallthings.fr\/lespetitslivres\/2016\/06\/09\/philosophe-djihadiste-leloup-critique\/#breadcrumb","itemListElement":[{"@type":"ListItem","position":1,"name":"Accueil","item":"https:\/\/smallthings.fr\/lespetitslivres\/"},{"@type":"ListItem","position":2,"name":"Le Philosophe et le Djihadiste, mise \u00e0 l\u2019\u00e9preuve in\u00e9dite de la pens\u00e9e"}]},{"@type":"WebSite","@id":"https:\/\/smallthings.fr\/lespetitslivres\/#website","url":"https:\/\/smallthings.fr\/lespetitslivres\/","name":"Les Petits Livres","description":"by Small Things","potentialAction":[{"@type":"SearchAction","target":{"@type":"EntryPoint","urlTemplate":"https:\/\/smallthings.fr\/lespetitslivres\/?s={search_term_string}"},"query-input":"required name=search_term_string"}],"inLanguage":"fr-FR"},{"@type":"Person","@id":"https:\/\/smallthings.fr\/lespetitslivres\/#\/schema\/person\/ba237ccb1b187428454ed7f47cf2ad1d","name":"Julie Celeste","image":{"@type":"ImageObject","inLanguage":"fr-FR","@id":"https:\/\/smallthings.fr\/lespetitslivres\/#\/schema\/person\/image\/","url":"https:\/\/secure.gravatar.com\/avatar\/dcadd3e901b2ccc179b27983c72d2ea6?s=96&d=retro&r=g","contentUrl":"https:\/\/secure.gravatar.com\/avatar\/dcadd3e901b2ccc179b27983c72d2ea6?s=96&d=retro&r=g","caption":"Julie Celeste"},"url":"https:\/\/smallthings.fr\/lespetitslivres\/author\/julie-celeste\/"}]}},"jetpack_featured_media_url":"https:\/\/smallthings.fr\/lespetitslivres\/wp-content\/uploads\/2016\/06\/philosophe-desert-scaled.jpg","jetpack_sharing_enabled":true,"jetpack_shortlink":"https:\/\/wp.me\/p6Un21-7ON","jetpack-related-posts":[{"id":29341,"url":"https:\/\/smallthings.fr\/lespetitslivres\/2016\/01\/08\/simone-de-beauvoir-et-les-femmes\/","url_meta":{"origin":30057,"position":0},"title":"Simone de Beauvoir et les femmes :  l\u2019ic\u00f4ne d\u00e9boulonn\u00e9e","author":"Diane Norric","date":"8 janvier 2016","format":false,"excerpt":"Simone de Beauvoir et les femmes, essai de Marie-Jo Bonnet, est paru en septembre aux \u00e9ditions Albin Michel. Historienne de l\u2019art et des id\u00e9es, f\u00e9ministe et lesbienne engag\u00e9e, Marie-Jo Bonnet s\u2019emploie, dans les 300 pages de Simone de Beauvoir et les femmes, \u00e0 d\u00e9construire l\u2019\u0153uvre et, surtout, le personnage de\u2026","rel":"","context":"Dans &quot;Non fiction&quot;","block_context":{"text":"Non fiction","link":"https:\/\/smallthings.fr\/lespetitslivres\/category\/non-fiction\/"},"img":{"alt_text":"","src":"https:\/\/i0.wp.com\/smallthings.fr\/lespetitslivres\/wp-content\/uploads\/2016\/01\/simone-de-beauvoir.jpg?resize=350%2C200&ssl=1","width":350,"height":200,"srcset":"https:\/\/i0.wp.com\/smallthings.fr\/lespetitslivres\/wp-content\/uploads\/2016\/01\/simone-de-beauvoir.jpg?resize=350%2C200&ssl=1 1x, https:\/\/i0.wp.com\/smallthings.fr\/lespetitslivres\/wp-content\/uploads\/2016\/01\/simone-de-beauvoir.jpg?resize=525%2C300&ssl=1 1.5x, https:\/\/i0.wp.com\/smallthings.fr\/lespetitslivres\/wp-content\/uploads\/2016\/01\/simone-de-beauvoir.jpg?resize=700%2C400&ssl=1 2x"},"classes":[]},{"id":29212,"url":"https:\/\/smallthings.fr\/lespetitslivres\/2015\/11\/25\/papyrus-de-cesar-asterix-critique\/","url_meta":{"origin":30057,"position":1},"title":"Le Papyrus de C\u00e9sar, 36\u00e8 album d&rsquo;Ast\u00e9rix : par Toutatis ! Ils sont fous chez Wikilix !","author":"Rebecca","date":"25 novembre 2015","format":false,"excerpt":"Le Papyrus de C\u00e9sar, 36\u00e8me album des aventures d'Ast\u00e9rix et Ob\u00e9lix, est paru le 22 octobre 2015 aux \u00e9ditions Albert Ren\u00e9. Albert Uderzo a c\u00e9d\u00e9 sa place au dessinateur Didier Conrad et au sc\u00e9nariste Jean-Yves Ferri, ce qui pouvait laisser dubitatif quant \u00e0 la qualit\u00e9 de cet album. Le dernier\u2026","rel":"","context":"Dans &quot;Actu&quot;","block_context":{"text":"Actu","link":"https:\/\/smallthings.fr\/lespetitslivres\/category\/actu\/"},"img":{"alt_text":"","src":"https:\/\/i0.wp.com\/smallthings.fr\/lespetitslivres\/wp-content\/uploads\/2015\/11\/papyrus-cesar-couv.jpg?resize=350%2C200&ssl=1","width":350,"height":200,"srcset":"https:\/\/i0.wp.com\/smallthings.fr\/lespetitslivres\/wp-content\/uploads\/2015\/11\/papyrus-cesar-couv.jpg?resize=350%2C200&ssl=1 1x, https:\/\/i0.wp.com\/smallthings.fr\/lespetitslivres\/wp-content\/uploads\/2015\/11\/papyrus-cesar-couv.jpg?resize=525%2C300&ssl=1 1.5x"},"classes":[]},{"id":29709,"url":"https:\/\/smallthings.fr\/lespetitslivres\/2016\/03\/09\/kabuliwallah-nouvelles-tagore-critique\/","url_meta":{"origin":30057,"position":2},"title":"Kabuliwallah, recueil de nouvelles de l&rsquo;indien Rabindranath Tagore","author":"Cecile","date":"9 mars 2016","format":false,"excerpt":"Kabuliwallah, du po\u00e8te, romancier, dramaturge, philosophe, compositeur et peintre indien Rabindranath Tagore, vient de para\u00eetre chez Zulma. Il m\u2019aura fallu du temps pour sortir de ce recueil de nouvelles ; pour revenir du monde cr\u00e9\u00e9 par cette \u00e9criture sensible, fine comme de la soie, \u00e9vocatrice et poignante. J\u2019y ai retrouv\u00e9\u2026","rel":"","context":"Dans &quot;Roman \u00e9tranger&quot;","block_context":{"text":"Roman \u00e9tranger","link":"https:\/\/smallthings.fr\/lespetitslivres\/category\/roman\/roman-etranger\/"},"img":{"alt_text":"","src":"https:\/\/i0.wp.com\/smallthings.fr\/lespetitslivres\/wp-content\/uploads\/2016\/03\/kabuliwallah-couv.jpg?resize=350%2C200&ssl=1","width":350,"height":200,"srcset":"https:\/\/i0.wp.com\/smallthings.fr\/lespetitslivres\/wp-content\/uploads\/2016\/03\/kabuliwallah-couv.jpg?resize=350%2C200&ssl=1 1x, https:\/\/i0.wp.com\/smallthings.fr\/lespetitslivres\/wp-content\/uploads\/2016\/03\/kabuliwallah-couv.jpg?resize=525%2C300&ssl=1 1.5x, https:\/\/i0.wp.com\/smallthings.fr\/lespetitslivres\/wp-content\/uploads\/2016\/03\/kabuliwallah-couv.jpg?resize=700%2C400&ssl=1 2x"},"classes":[]},{"id":31408,"url":"https:\/\/smallthings.fr\/lespetitslivres\/2017\/12\/05\/asterix-transitalique-critique\/","url_meta":{"origin":30057,"position":3},"title":"Ast\u00e9rix et la Transitalique : Ast\u00e9rix en perte de vitesse&nbsp;?","author":"Rebecca","date":"5 d\u00e9cembre 2017","format":false,"excerpt":"Ast\u00e9rix et la Transitalique est le 37\u00e8 tome de la c\u00e9l\u00e8bre s\u00e9rie que nous connaissons bien. Albert Uderzo a confi\u00e9 les aventures de nos Gaulois pr\u00e9f\u00e9r\u00e9s \u00e0 Didier Conrad pour le dessin, et \u00e0 Jean-Yves Ferri pour le sc\u00e9nario. Il s'agit du m\u00eame duo gagnant que pour le pr\u00e9c\u00e9dent Tome,\u2026","rel":"","context":"Dans &quot;BD&quot;","block_context":{"text":"BD","link":"https:\/\/smallthings.fr\/lespetitslivres\/category\/bd-manga\/bd\/"},"img":{"alt_text":"","src":"https:\/\/i0.wp.com\/smallthings.fr\/lespetitslivres\/wp-content\/uploads\/2017\/12\/asterix-transitalique-cover.jpg?resize=350%2C200&ssl=1","width":350,"height":200,"srcset":"https:\/\/i0.wp.com\/smallthings.fr\/lespetitslivres\/wp-content\/uploads\/2017\/12\/asterix-transitalique-cover.jpg?resize=350%2C200&ssl=1 1x, https:\/\/i0.wp.com\/smallthings.fr\/lespetitslivres\/wp-content\/uploads\/2017\/12\/asterix-transitalique-cover.jpg?resize=525%2C300&ssl=1 1.5x, https:\/\/i0.wp.com\/smallthings.fr\/lespetitslivres\/wp-content\/uploads\/2017\/12\/asterix-transitalique-cover.jpg?resize=700%2C400&ssl=1 2x"},"classes":[]},{"id":29078,"url":"https:\/\/smallthings.fr\/lespetitslivres\/2015\/11\/06\/the-heroic-legend-of-arslan-manga-avis\/","url_meta":{"origin":30057,"position":4},"title":"The Heroic Legend of Arsl\u00e2n : le Seigneur des Anneaux japonais","author":"Rebecca","date":"6 novembre 2015","format":false,"excerpt":"The Heroic Legend of Arsl\u00e2n est avant tout une saga de livres, \u00e9crites par Yoshiki Tanaka, d\u00e9marr\u00e9e en 1986. D\u00e9j\u00e0 adapt\u00e9e en manga et en jeu vid\u00e9o suite \u00e0 son immense popularit\u00e9, la s\u00e9rie est r\u00e9\u00e9dit\u00e9e depuis 2013, sous la forme d'un nouveau manga, par Hiromu Arakawa, la dessinatrice talentueuse\u2026","rel":"","context":"Dans &quot;Manga&quot;","block_context":{"text":"Manga","link":"https:\/\/smallthings.fr\/lespetitslivres\/category\/bd-manga\/manga\/"},"img":{"alt_text":"","src":"https:\/\/i0.wp.com\/smallthings.fr\/lespetitslivres\/wp-content\/uploads\/2015\/11\/heroic-legend-arslan-couv.jpg?resize=350%2C200&ssl=1","width":350,"height":200,"srcset":"https:\/\/i0.wp.com\/smallthings.fr\/lespetitslivres\/wp-content\/uploads\/2015\/11\/heroic-legend-arslan-couv.jpg?resize=350%2C200&ssl=1 1x, https:\/\/i0.wp.com\/smallthings.fr\/lespetitslivres\/wp-content\/uploads\/2015\/11\/heroic-legend-arslan-couv.jpg?resize=525%2C300&ssl=1 1.5x, https:\/\/i0.wp.com\/smallthings.fr\/lespetitslivres\/wp-content\/uploads\/2015\/11\/heroic-legend-arslan-couv.jpg?resize=700%2C400&ssl=1 2x"},"classes":[]},{"id":29254,"url":"https:\/\/smallthings.fr\/lespetitslivres\/2015\/12\/03\/morlino-parce-que-c-etait-lui\/","url_meta":{"origin":30057,"position":5},"title":"Bernard Morlino et les amiti\u00e9s litt\u00e9raires : la fin de la Tour d&rsquo;Ivoire","author":"Rebecca","date":"3 d\u00e9cembre 2015","format":false,"excerpt":"Parce que c'\u00e9tait lui - les amiti\u00e9s litt\u00e9raires de Bernard Morlino, est paru aux \u00e9ditions \u00c9criture. Cet ouvrage c\u00e9l\u00e8bre l'amiti\u00e9 litt\u00e9raire des grands \u00e9crivains que nous connaissons, que ce soit Montaigne, Balzac, Hugo, Proust, Flaubert ou C\u00e9line. En effet, il est souvent question d'histoire d'amour dans la litt\u00e9rature, et presque\u2026","rel":"","context":"Dans &quot;Actu&quot;","block_context":{"text":"Actu","link":"https:\/\/smallthings.fr\/lespetitslivres\/category\/actu\/"},"img":{"alt_text":"","src":"https:\/\/i0.wp.com\/smallthings.fr\/lespetitslivres\/wp-content\/uploads\/2015\/12\/morlino-montaigne-boetie.jpg?resize=350%2C200&ssl=1","width":350,"height":200},"classes":[]}],"_links":{"self":[{"href":"https:\/\/smallthings.fr\/lespetitslivres\/wp-json\/wp\/v2\/posts\/30057"}],"collection":[{"href":"https:\/\/smallthings.fr\/lespetitslivres\/wp-json\/wp\/v2\/posts"}],"about":[{"href":"https:\/\/smallthings.fr\/lespetitslivres\/wp-json\/wp\/v2\/types\/post"}],"author":[{"embeddable":true,"href":"https:\/\/smallthings.fr\/lespetitslivres\/wp-json\/wp\/v2\/users\/21"}],"replies":[{"embeddable":true,"href":"https:\/\/smallthings.fr\/lespetitslivres\/wp-json\/wp\/v2\/comments?post=30057"}],"version-history":[{"count":4,"href":"https:\/\/smallthings.fr\/lespetitslivres\/wp-json\/wp\/v2\/posts\/30057\/revisions"}],"predecessor-version":[{"id":30067,"href":"https:\/\/smallthings.fr\/lespetitslivres\/wp-json\/wp\/v2\/posts\/30057\/revisions\/30067"}],"wp:featuredmedia":[{"embeddable":true,"href":"https:\/\/smallthings.fr\/lespetitslivres\/wp-json\/wp\/v2\/media\/30059"}],"wp:attachment":[{"href":"https:\/\/smallthings.fr\/lespetitslivres\/wp-json\/wp\/v2\/media?parent=30057"}],"wp:term":[{"taxonomy":"category","embeddable":true,"href":"https:\/\/smallthings.fr\/lespetitslivres\/wp-json\/wp\/v2\/categories?post=30057"},{"taxonomy":"post_tag","embeddable":true,"href":"https:\/\/smallthings.fr\/lespetitslivres\/wp-json\/wp\/v2\/tags?post=30057"}],"curies":[{"name":"wp","href":"https:\/\/api.w.org\/{rel}","templated":true}]}}