{"id":30048,"date":"2016-06-08T13:00:01","date_gmt":"2016-06-08T12:00:01","guid":{"rendered":"http:\/\/smallthings.fr\/lespetitslivres\/?p=30048"},"modified":"2016-06-07T21:00:58","modified_gmt":"2016-06-07T20:00:58","slug":"disparus-du-phare-peter-may-critique","status":"publish","type":"post","link":"https:\/\/smallthings.fr\/lespetitslivres\/2016\/06\/08\/disparus-du-phare-peter-may-critique\/","title":{"rendered":"Les Disparus du phare, myst\u00e8re et perte de m\u00e9moire dans les \u00eeles \u00e9cossaises"},"content":{"rendered":"<h2>Avec <em>Les Disparus du phare<\/em>, Peter May revient dans les \u00eeles H\u00e9brides avec un roman passionnant qui allie suspense, enqu\u00eate et d\u00e9bat scientifico-politique. Apr\u00e8s sa c\u00e9l\u00e8bre trilogie (<em>L\u2019\u00cele des chasseurs d\u2019oiseaux<\/em>, <em>L\u2019Homme de Lewis<\/em> et <em>Le Braconnier du lac perdu<\/em>), ce thriller vient tout juste de para\u00eetre aux \u00e9ditions du <a href=\"http:\/\/www.lerouergue.com\/catalogue\/les-disparus-du-phare\">Rouergue<\/a>.<\/h2>\n<p><strong><em>Les Disparus du phare<\/em> commence avec un homme qui reprend conscience, \u00e9chou\u00e9 sur une plage de l\u2019\u00eele Lewis<\/strong>, t\u00e9tanis\u00e9 par le froid, vraisemblablement rescap\u00e9 d\u2019un naufrage. Mais il ignore o\u00f9 il se trouve, ce qui s\u2019est pass\u00e9&#8230; et m\u00eame qui il est. Son pass\u00e9, son identit\u00e9, les raisons de sa pr\u00e9sence ici, ne sont qu\u2019un vide blanc et nul. Seul un pressentiment sombre lui demeure, qu\u2019il ne parvient pas \u00e0 cerner. Il s\u2019attache alors \u00e0 retrouver sa m\u00e9moire en glanant toutes les informations, curieusement rares, qu\u2019il peut rassembler sur lui. Mais d\u2019autres personnes savent mieux que lui ce qu\u2019il est et ce qu\u2019il fait ici&#8230; et mettent \u00e0 profit son amn\u00e9sie pour agir. Conscient d\u2019une menace diffuse qui se resserre autour de lui, il se lance \u00e0 l\u2019aveugle dans la qu\u00eate de son identit\u00e9.<\/p>\n<p><img loading=\"lazy\" decoding=\"async\" data-attachment-id=\"30049\" data-permalink=\"https:\/\/smallthings.fr\/lespetitslivres\/2016\/06\/08\/disparus-du-phare-peter-may-critique\/disparus-du-phare\/\" data-orig-file=\"https:\/\/smallthings.fr\/lespetitslivres\/wp-content\/uploads\/2016\/06\/disparus-du-phare.jpg\" data-orig-size=\"370,542\" data-comments-opened=\"1\" data-image-meta=\"{&quot;aperture&quot;:&quot;0&quot;,&quot;credit&quot;:&quot;&quot;,&quot;camera&quot;:&quot;&quot;,&quot;caption&quot;:&quot;&quot;,&quot;created_timestamp&quot;:&quot;0&quot;,&quot;copyright&quot;:&quot;&quot;,&quot;focal_length&quot;:&quot;0&quot;,&quot;iso&quot;:&quot;0&quot;,&quot;shutter_speed&quot;:&quot;0&quot;,&quot;title&quot;:&quot;&quot;,&quot;orientation&quot;:&quot;0&quot;}\" data-image-title=\"disparus-du-phare\" data-image-description=\"\" data-image-caption=\"\" data-medium-file=\"https:\/\/smallthings.fr\/lespetitslivres\/wp-content\/uploads\/2016\/06\/disparus-du-phare-205x300.jpg\" data-large-file=\"https:\/\/smallthings.fr\/lespetitslivres\/wp-content\/uploads\/2016\/06\/disparus-du-phare.jpg\" class=\"alignleft wp-image-30049\" src=\"http:\/\/smallthings.fr\/lespetitslivres\/wp-content\/uploads\/2016\/06\/disparus-du-phare.jpg\" alt=\"disparus-du-phare\" width=\"318\" height=\"466\" srcset=\"https:\/\/smallthings.fr\/lespetitslivres\/wp-content\/uploads\/2016\/06\/disparus-du-phare.jpg 370w, https:\/\/smallthings.fr\/lespetitslivres\/wp-content\/uploads\/2016\/06\/disparus-du-phare-205x300.jpg 205w\" sizes=\"(max-width: 318px) 100vw, 318px\" \/>Peu apr\u00e8s, sur une petite \u00eele au large de Lewis, Eilean M\u00f2r, on d\u00e9couvre le cadavre d\u2019un homme assassin\u00e9 r\u00e9cemment. L\u2019inspecteur Gunn se charge de l\u2019enqu\u00eate, et, rapidement, tous les soup\u00e7ons se portent sur notre h\u00e9ros amn\u00e9sique. Au m\u00eame moment, \u00e0 \u00c9dimbourg, une jeune fille, Karen Fleming, d\u00e9couvre que les circonstances de la mort de son p\u00e8re, advenue deux ans avant, ne sont pas ce qu\u2019elles semblaient \u00eatre. Et d\u00e9cide d\u2019en avoir le c\u0153ur net, co\u00fbte que co\u00fbte&#8230;<\/p>\n<p>L\u2019\u00e9criture de Peter May est fouill\u00e9e, s\u2019attache aux d\u00e9tails mat\u00e9riels pour donner un regard aiguis\u00e9 sur le monde. Ses descriptions des paysages \u00e9cossais reviennent tr\u00e8s souvent, et pourraient \u00eatre lassantes, si elles n\u2019\u00e9taient pas si inspir\u00e9es. <em>Les Disparus du phare<\/em> nous font ressentir un v\u00e9ritable attachement \u00e0 ces terres battues par le vent et la pluie, au pass\u00e9 de ces \u00eeles et aux gens rudes qui y ont habit\u00e9. Mais l\u2019histoire des disparus du phare n\u2019est qu\u2019un pr\u00e9texte, comme on s\u2019en doute vite\u00a0; le vrai enjeu ici est scientifique et politique, avec un puissant lobby de l\u2019industrie chimique qui veut dissimuler les d\u00e9g\u00e2ts que ses produits provoquent chez les abeilles. On ne peut gu\u00e8re trouver plus \u00e9loign\u00e9 que ces deux th\u00e9matiques, mais Peter May parvient \u00e0 les r\u00e9unir avec une facilit\u00e9 impressionnante, distillant savamment les indices dans le cours du r\u00e9cit. Le rythme est bien conduit, on reste accroch\u00e9 \u00e0 l\u2019hame\u00e7on jusqu\u2019\u00e0 la fin, et les rebondissements arrivent \u00e0 point nomm\u00e9. <strong>Un polar efficace, prenant et cr\u00e9dible en bref, sans surench\u00e8re de meurtre ou de complications inutiles. Bien jou\u00e9.<\/strong><\/p>\n<p><img loading=\"lazy\" decoding=\"async\" data-attachment-id=\"30050\" data-permalink=\"https:\/\/smallthings.fr\/lespetitslivres\/2016\/06\/08\/disparus-du-phare-peter-may-critique\/peter-may\/\" data-orig-file=\"https:\/\/smallthings.fr\/lespetitslivres\/wp-content\/uploads\/2016\/06\/peter-may-scaled.jpeg\" data-orig-size=\"1815,2560\" data-comments-opened=\"1\" data-image-meta=\"{&quot;aperture&quot;:&quot;3.5&quot;,&quot;credit&quot;:&quot;&quot;,&quot;camera&quot;:&quot;Canon EOS 50D&quot;,&quot;caption&quot;:&quot;&quot;,&quot;created_timestamp&quot;:&quot;1269715116&quot;,&quot;copyright&quot;:&quot;&quot;,&quot;focal_length&quot;:&quot;55&quot;,&quot;iso&quot;:&quot;800&quot;,&quot;shutter_speed&quot;:&quot;0.0125&quot;,&quot;title&quot;:&quot;&quot;,&quot;orientation&quot;:&quot;0&quot;}\" data-image-title=\"peter-may\" data-image-description=\"\" data-image-caption=\"\" data-medium-file=\"https:\/\/smallthings.fr\/lespetitslivres\/wp-content\/uploads\/2016\/06\/peter-may-213x300.jpeg\" data-large-file=\"https:\/\/smallthings.fr\/lespetitslivres\/wp-content\/uploads\/2016\/06\/peter-may-726x1024.jpeg\" class=\"alignright wp-image-30050\" src=\"http:\/\/smallthings.fr\/lespetitslivres\/wp-content\/uploads\/2016\/06\/peter-may-726x1024.jpeg\" alt=\"peter-may\" width=\"194\" height=\"274\" srcset=\"https:\/\/smallthings.fr\/lespetitslivres\/wp-content\/uploads\/2016\/06\/peter-may-726x1024.jpeg 726w, https:\/\/smallthings.fr\/lespetitslivres\/wp-content\/uploads\/2016\/06\/peter-may-213x300.jpeg 213w, https:\/\/smallthings.fr\/lespetitslivres\/wp-content\/uploads\/2016\/06\/peter-may-768x1083.jpeg 768w, https:\/\/smallthings.fr\/lespetitslivres\/wp-content\/uploads\/2016\/06\/peter-may-1089x1536.jpeg 1089w, https:\/\/smallthings.fr\/lespetitslivres\/wp-content\/uploads\/2016\/06\/peter-may-1452x2048.jpeg 1452w, https:\/\/smallthings.fr\/lespetitslivres\/wp-content\/uploads\/2016\/06\/peter-may-scaled.jpeg 1815w\" sizes=\"(max-width: 194px) 100vw, 194px\" \/>J\u2019ai tout de m\u00eame trouv\u00e9 que, comme dans beaucoup de polars, les indices \u00e9taient trop rares au d\u00e9but, puis se bousculaient trop \u00e0 la fin. Au d\u00e9but des <em>Disparus du phare<\/em>, on ne comprend pas comment fait le personnage pour relier deux choses, pourquoi il va dans cette direction et pas celle-ci\u00a0; cependant l\u2019auteur souligne bien le d\u00e9sarroi de son h\u00e9ros qui navigue \u00e0 l\u2019aveugle pendant le premier tiers du livre. L\u2019intrigue tournant autour de Karen est tr\u00e8s tr\u00e8s bien men\u00e9e, et m\u2019a beaucoup plus tenue en haleine du d\u00e9but \u00e0 la fin que celle du h\u00e9ros qui ne s\u2019acc\u00e9l\u00e8re qu\u2019au troisi\u00e8me tiers du livre, mais si brusquement qu\u2019on n\u2019a pas le temps de comprendre les tenants et les aboutissants avant d\u2019\u00eatre projet\u00e9 dans le d\u00e9nouement. Je trouve aussi que faire recouvrer au h\u00e9ros la m\u00e9moire pile au moment o\u00f9 l\u2019engrenage se d\u00e9clenche vraiment est \u00e0 la fois bien choisi, et presque trop clich\u00e9 tellement cela tombe bien. Au lecteur de juger&#8230; Les motivations de certains personnages auraient gagn\u00e9 \u00e0 \u00eatre plus fouill\u00e9es \u2013 celles de Sally, de Richard Deloit, de la m\u00e8re de Karen, par exemple. Mais cela aurait demand\u00e9 encore plus de pages, et l\u2019endurance des lecteurs n\u2019est pas illimit\u00e9e.<\/p>\n<p>Reste que ce sont des d\u00e9tails qui n\u2019entachent pas<strong> la ma\u00eetrise du r\u00e9cit et de l\u2019intrigue que d\u00e9ploie Peter May. Ni le plaisir qu\u2019on a \u00e0 d\u00e9vorer ce livre.<\/strong><\/p>\n<blockquote><p>\u00c0 nos pieds, compl\u00e8tement masqu\u00e9 \u00e0 la vue, et prot\u00e9g\u00e9 des \u00e9l\u00e9ments autant qu\u2019il est possible de l\u2019\u00eatre dans cet environnement hostile, se trouve un vaste ensemble de ruches. Des ruches carr\u00e9es, semblables \u00e0 des bo\u00eetes, hautes de deux ou trois niveaux. Certaines sont peintes en orange, d\u2019autres en bois naturel, rendu gris par les intemp\u00e9ries. (&#8230;) Il y en a dix-huit, et je ne suis pas certain d\u2019avoir vu quelque chose d\u2019aussi \u00e9tonnamment incongru de toute ma vie.<\/p>\n<p>Il ne nous faut que quelques minutes pour crapahuter jusqu\u2019au fond du d\u00e9nivel\u00e9 et nous nous mettons \u00e0 d\u00e9ambuler parmi les ruches, comme des guerriers marchant au milieu des morts d\u2019une bataille ayant eu lieu longtemps avant leur arriv\u00e9e.<\/p>\n<p>\u00ab\u00a0Je ne comprends pas\u00a0\u00bb, dit Sally. \u00ab\u00a0Qui les a mises l\u00e0\u00a0? C\u2019est toi\u00a0?\u00a0\u00bb<\/p><\/blockquote>\n","protected":false},"excerpt":{"rendered":"<p>Avec Les Disparus du phare, Peter May revient dans les \u00eeles H\u00e9brides avec un roman passionnant qui allie suspense, enqu\u00eate et d\u00e9bat scientifico-politique. Apr\u00e8s sa c\u00e9l\u00e8bre trilogie (L\u2019\u00cele des chasseurs d\u2019oiseaux, L\u2019Homme de Lewis et Le Braconnier du lac perdu), ce thriller vient tout juste de para\u00eetre aux \u00e9ditions du Rouergue. Les Disparus du phare<\/p>\n","protected":false},"author":13,"featured_media":30051,"comment_status":"open","ping_status":"open","sticky":false,"template":"","format":"standard","meta":{"jetpack_post_was_ever_published":false,"_jetpack_newsletter_access":"","_jetpack_newsletter_tier_id":0,"footnotes":"","jetpack_publicize_message":"","jetpack_is_tweetstorm":false,"jetpack_publicize_feature_enabled":true,"jetpack_social_post_already_shared":true,"jetpack_social_options":{"image_generator_settings":{"template":"highway","enabled":false}}},"categories":[1111],"tags":[1439,1438,18],"jetpack_publicize_connections":[],"yoast_head":"<!-- This site is optimized with the Yoast SEO plugin v21.5 - https:\/\/yoast.com\/wordpress\/plugins\/seo\/ -->\n<title>Les Disparus du phare, myst\u00e8re et perte de m\u00e9moire dans les \u00eeles \u00e9cossaises<\/title>\n<meta name=\"description\" content=\"Avec Les Disparus du phare, Peter May revient dans les \u00eeles H\u00e9brides avec un roman passionnant qui allie suspense, enqu\u00eate et d\u00e9bat scientifico-politique.\" \/>\n<meta name=\"robots\" content=\"index, follow, max-snippet:-1, max-image-preview:large, max-video-preview:-1\" \/>\n<link rel=\"canonical\" href=\"https:\/\/smallthings.fr\/lespetitslivres\/2016\/06\/08\/disparus-du-phare-peter-may-critique\/\" \/>\n<meta property=\"og:locale\" content=\"fr_FR\" \/>\n<meta property=\"og:type\" content=\"article\" \/>\n<meta property=\"og:title\" content=\"Les Disparus du phare, myst\u00e8re et perte de m\u00e9moire dans les \u00eeles \u00e9cossaises\" \/>\n<meta property=\"og:description\" content=\"Avec Les Disparus du phare, Peter May revient dans les \u00eeles H\u00e9brides avec un roman passionnant qui allie suspense, enqu\u00eate et d\u00e9bat scientifico-politique.\" \/>\n<meta property=\"og:url\" content=\"https:\/\/smallthings.fr\/lespetitslivres\/2016\/06\/08\/disparus-du-phare-peter-may-critique\/\" \/>\n<meta property=\"og:site_name\" content=\"Les Petits Livres\" \/>\n<meta property=\"article:published_time\" content=\"2016-06-08T12:00:01+00:00\" \/>\n<meta property=\"article:modified_time\" content=\"2016-06-07T20:00:58+00:00\" \/>\n<meta property=\"og:image\" content=\"https:\/\/i0.wp.com\/smallthings.fr\/lespetitslivres\/wp-content\/uploads\/2016\/06\/disparus-phare-couv.jpg?fit=1189%2C420&ssl=1\" \/>\n\t<meta property=\"og:image:width\" content=\"1189\" \/>\n\t<meta property=\"og:image:height\" content=\"420\" \/>\n\t<meta property=\"og:image:type\" content=\"image\/jpeg\" \/>\n<meta name=\"author\" content=\"Cecile\" \/>\n<meta name=\"twitter:card\" content=\"summary_large_image\" \/>\n<meta name=\"twitter:label1\" content=\"\u00c9crit par\" \/>\n\t<meta name=\"twitter:data1\" content=\"Cecile\" \/>\n\t<meta name=\"twitter:label2\" content=\"Dur\u00e9e de lecture estim\u00e9e\" \/>\n\t<meta name=\"twitter:data2\" content=\"5 minutes\" \/>\n<script type=\"application\/ld+json\" class=\"yoast-schema-graph\">{\"@context\":\"https:\/\/schema.org\",\"@graph\":[{\"@type\":\"WebPage\",\"@id\":\"https:\/\/smallthings.fr\/lespetitslivres\/2016\/06\/08\/disparus-du-phare-peter-may-critique\/\",\"url\":\"https:\/\/smallthings.fr\/lespetitslivres\/2016\/06\/08\/disparus-du-phare-peter-may-critique\/\",\"name\":\"Les Disparus du phare, myst\u00e8re et perte de m\u00e9moire dans les \u00eeles \u00e9cossaises\",\"isPartOf\":{\"@id\":\"https:\/\/smallthings.fr\/lespetitslivres\/#website\"},\"datePublished\":\"2016-06-08T12:00:01+00:00\",\"dateModified\":\"2016-06-07T20:00:58+00:00\",\"author\":{\"@id\":\"https:\/\/smallthings.fr\/lespetitslivres\/#\/schema\/person\/7b3de8ef611f2b29f758a00cad7cafb2\"},\"description\":\"Avec Les Disparus du phare, Peter May revient dans les \u00eeles H\u00e9brides avec un roman passionnant qui allie suspense, enqu\u00eate et d\u00e9bat scientifico-politique.\",\"breadcrumb\":{\"@id\":\"https:\/\/smallthings.fr\/lespetitslivres\/2016\/06\/08\/disparus-du-phare-peter-may-critique\/#breadcrumb\"},\"inLanguage\":\"fr-FR\",\"potentialAction\":[{\"@type\":\"ReadAction\",\"target\":[\"https:\/\/smallthings.fr\/lespetitslivres\/2016\/06\/08\/disparus-du-phare-peter-may-critique\/\"]}]},{\"@type\":\"BreadcrumbList\",\"@id\":\"https:\/\/smallthings.fr\/lespetitslivres\/2016\/06\/08\/disparus-du-phare-peter-may-critique\/#breadcrumb\",\"itemListElement\":[{\"@type\":\"ListItem\",\"position\":1,\"name\":\"Accueil\",\"item\":\"https:\/\/smallthings.fr\/lespetitslivres\/\"},{\"@type\":\"ListItem\",\"position\":2,\"name\":\"Les Disparus du phare, myst\u00e8re et perte de m\u00e9moire dans les \u00eeles \u00e9cossaises\"}]},{\"@type\":\"WebSite\",\"@id\":\"https:\/\/smallthings.fr\/lespetitslivres\/#website\",\"url\":\"https:\/\/smallthings.fr\/lespetitslivres\/\",\"name\":\"Les Petits Livres\",\"description\":\"by Small Things\",\"potentialAction\":[{\"@type\":\"SearchAction\",\"target\":{\"@type\":\"EntryPoint\",\"urlTemplate\":\"https:\/\/smallthings.fr\/lespetitslivres\/?s={search_term_string}\"},\"query-input\":\"required name=search_term_string\"}],\"inLanguage\":\"fr-FR\"},{\"@type\":\"Person\",\"@id\":\"https:\/\/smallthings.fr\/lespetitslivres\/#\/schema\/person\/7b3de8ef611f2b29f758a00cad7cafb2\",\"name\":\"Cecile\",\"image\":{\"@type\":\"ImageObject\",\"inLanguage\":\"fr-FR\",\"@id\":\"https:\/\/smallthings.fr\/lespetitslivres\/#\/schema\/person\/image\/\",\"url\":\"https:\/\/secure.gravatar.com\/avatar\/a855fa1dbad38b06e97132a8a6579746?s=96&d=retro&r=g\",\"contentUrl\":\"https:\/\/secure.gravatar.com\/avatar\/a855fa1dbad38b06e97132a8a6579746?s=96&d=retro&r=g\",\"caption\":\"Cecile\"},\"url\":\"https:\/\/smallthings.fr\/lespetitslivres\/author\/cecile\/\"}]}<\/script>\n<!-- \/ Yoast SEO plugin. -->","yoast_head_json":{"title":"Les Disparus du phare, myst\u00e8re et perte de m\u00e9moire dans les \u00eeles \u00e9cossaises","description":"Avec Les Disparus du phare, Peter May revient dans les \u00eeles H\u00e9brides avec un roman passionnant qui allie suspense, enqu\u00eate et d\u00e9bat scientifico-politique.","robots":{"index":"index","follow":"follow","max-snippet":"max-snippet:-1","max-image-preview":"max-image-preview:large","max-video-preview":"max-video-preview:-1"},"canonical":"https:\/\/smallthings.fr\/lespetitslivres\/2016\/06\/08\/disparus-du-phare-peter-may-critique\/","og_locale":"fr_FR","og_type":"article","og_title":"Les Disparus du phare, myst\u00e8re et perte de m\u00e9moire dans les \u00eeles \u00e9cossaises","og_description":"Avec Les Disparus du phare, Peter May revient dans les \u00eeles H\u00e9brides avec un roman passionnant qui allie suspense, enqu\u00eate et d\u00e9bat scientifico-politique.","og_url":"https:\/\/smallthings.fr\/lespetitslivres\/2016\/06\/08\/disparus-du-phare-peter-may-critique\/","og_site_name":"Les Petits Livres","article_published_time":"2016-06-08T12:00:01+00:00","article_modified_time":"2016-06-07T20:00:58+00:00","og_image":[{"width":1189,"height":420,"url":"https:\/\/i0.wp.com\/smallthings.fr\/lespetitslivres\/wp-content\/uploads\/2016\/06\/disparus-phare-couv.jpg?fit=1189%2C420&ssl=1","type":"image\/jpeg"}],"author":"Cecile","twitter_card":"summary_large_image","twitter_misc":{"\u00c9crit par":"Cecile","Dur\u00e9e de lecture estim\u00e9e":"5 minutes"},"schema":{"@context":"https:\/\/schema.org","@graph":[{"@type":"WebPage","@id":"https:\/\/smallthings.fr\/lespetitslivres\/2016\/06\/08\/disparus-du-phare-peter-may-critique\/","url":"https:\/\/smallthings.fr\/lespetitslivres\/2016\/06\/08\/disparus-du-phare-peter-may-critique\/","name":"Les Disparus du phare, myst\u00e8re et perte de m\u00e9moire dans les \u00eeles \u00e9cossaises","isPartOf":{"@id":"https:\/\/smallthings.fr\/lespetitslivres\/#website"},"datePublished":"2016-06-08T12:00:01+00:00","dateModified":"2016-06-07T20:00:58+00:00","author":{"@id":"https:\/\/smallthings.fr\/lespetitslivres\/#\/schema\/person\/7b3de8ef611f2b29f758a00cad7cafb2"},"description":"Avec Les Disparus du phare, Peter May revient dans les \u00eeles H\u00e9brides avec un roman passionnant qui allie suspense, enqu\u00eate et d\u00e9bat scientifico-politique.","breadcrumb":{"@id":"https:\/\/smallthings.fr\/lespetitslivres\/2016\/06\/08\/disparus-du-phare-peter-may-critique\/#breadcrumb"},"inLanguage":"fr-FR","potentialAction":[{"@type":"ReadAction","target":["https:\/\/smallthings.fr\/lespetitslivres\/2016\/06\/08\/disparus-du-phare-peter-may-critique\/"]}]},{"@type":"BreadcrumbList","@id":"https:\/\/smallthings.fr\/lespetitslivres\/2016\/06\/08\/disparus-du-phare-peter-may-critique\/#breadcrumb","itemListElement":[{"@type":"ListItem","position":1,"name":"Accueil","item":"https:\/\/smallthings.fr\/lespetitslivres\/"},{"@type":"ListItem","position":2,"name":"Les Disparus du phare, myst\u00e8re et perte de m\u00e9moire dans les \u00eeles \u00e9cossaises"}]},{"@type":"WebSite","@id":"https:\/\/smallthings.fr\/lespetitslivres\/#website","url":"https:\/\/smallthings.fr\/lespetitslivres\/","name":"Les Petits Livres","description":"by Small Things","potentialAction":[{"@type":"SearchAction","target":{"@type":"EntryPoint","urlTemplate":"https:\/\/smallthings.fr\/lespetitslivres\/?s={search_term_string}"},"query-input":"required name=search_term_string"}],"inLanguage":"fr-FR"},{"@type":"Person","@id":"https:\/\/smallthings.fr\/lespetitslivres\/#\/schema\/person\/7b3de8ef611f2b29f758a00cad7cafb2","name":"Cecile","image":{"@type":"ImageObject","inLanguage":"fr-FR","@id":"https:\/\/smallthings.fr\/lespetitslivres\/#\/schema\/person\/image\/","url":"https:\/\/secure.gravatar.com\/avatar\/a855fa1dbad38b06e97132a8a6579746?s=96&d=retro&r=g","contentUrl":"https:\/\/secure.gravatar.com\/avatar\/a855fa1dbad38b06e97132a8a6579746?s=96&d=retro&r=g","caption":"Cecile"},"url":"https:\/\/smallthings.fr\/lespetitslivres\/author\/cecile\/"}]}},"jetpack_featured_media_url":"https:\/\/smallthings.fr\/lespetitslivres\/wp-content\/uploads\/2016\/06\/disparus-phare-couv.jpg","jetpack_sharing_enabled":true,"jetpack_shortlink":"https:\/\/wp.me\/p6Un21-7OE","jetpack-related-posts":[{"id":31669,"url":"https:\/\/smallthings.fr\/lespetitslivres\/2018\/05\/28\/te-protegerai-policier-a-lun-ancienne\/","url_meta":{"origin":30048,"position":0},"title":"Je te prot\u00e9gerai : le policier \u00e0 l\u2019(un peu trop) ancienne","author":"Diane Norric","date":"28 mai 2018","format":false,"excerpt":"Le dernier thriller du romancier \u00e9cossais Peter May, Je te prot\u00e9gerai, para\u00eet en traduction aux \u00e9ditions du Rouergue. Au menu, un pav\u00e9 de 400 pages qui nous emm\u00e8ne de Paris aux H\u00e9brides ext\u00e9rieures et nous fait d\u00e9couvrir l\u2019industrie locale : la production de tweed. Niamh Macfarlane voit la voiture qui\u2026","rel":"","context":"Dans &quot;Thriller&quot;","block_context":{"text":"Thriller","link":"https:\/\/smallthings.fr\/lespetitslivres\/category\/thriller\/"},"img":{"alt_text":"","src":"https:\/\/i0.wp.com\/smallthings.fr\/lespetitslivres\/wp-content\/uploads\/2018\/05\/peter-may-je-te-protegerai-cover.jpg?resize=350%2C200&ssl=1","width":350,"height":200,"srcset":"https:\/\/i0.wp.com\/smallthings.fr\/lespetitslivres\/wp-content\/uploads\/2018\/05\/peter-may-je-te-protegerai-cover.jpg?resize=350%2C200&ssl=1 1x, https:\/\/i0.wp.com\/smallthings.fr\/lespetitslivres\/wp-content\/uploads\/2018\/05\/peter-may-je-te-protegerai-cover.jpg?resize=525%2C300&ssl=1 1.5x"},"classes":[]},{"id":30764,"url":"https:\/\/smallthings.fr\/lespetitslivres\/2017\/02\/20\/ombres-du-passe-cj-lyons-avis\/","url_meta":{"origin":30048,"position":1},"title":"Les ombres du pass\u00e9 : un thriller palpitant de CJ Lyons","author":"Jennifer","date":"20 f\u00e9vrier 2017","format":false,"excerpt":"Les ombres du pass\u00e9 est un thriller de CJ Lyons, paru\u00a0en d\u00e9cembre chez Milady. L\u2019auteur nous fait rentrer dans une enqu\u00eate o\u00f9 meurtres, kidnappings et vengeance se m\u00e9langent au pass\u00e9 d\u2019un agent du FBI. Captivant\u00a0! Les ombres du pass\u00e9 est un roman qui parvient\u00a0\u00e0 surprendre et qui nous rend accro\u2026","rel":"","context":"Dans &quot;Thriller&quot;","block_context":{"text":"Thriller","link":"https:\/\/smallthings.fr\/lespetitslivres\/category\/thriller\/"},"img":{"alt_text":"","src":"https:\/\/i0.wp.com\/smallthings.fr\/lespetitslivres\/wp-content\/uploads\/2017\/01\/Les-ombres-du-pass\u00e9-CJ-Lyons-Milady-2.jpg?resize=350%2C200&ssl=1","width":350,"height":200,"srcset":"https:\/\/i0.wp.com\/smallthings.fr\/lespetitslivres\/wp-content\/uploads\/2017\/01\/Les-ombres-du-pass\u00e9-CJ-Lyons-Milady-2.jpg?resize=350%2C200&ssl=1 1x, https:\/\/i0.wp.com\/smallthings.fr\/lespetitslivres\/wp-content\/uploads\/2017\/01\/Les-ombres-du-pass\u00e9-CJ-Lyons-Milady-2.jpg?resize=525%2C300&ssl=1 1.5x"},"classes":[]},{"id":31052,"url":"https:\/\/smallthings.fr\/lespetitslivres\/2017\/06\/14\/passe-miroir-t3-memoire-de-babel\/","url_meta":{"origin":30048,"position":2},"title":"La Passe-Miroir T3 : La M\u00e9moire de Babel","author":"June","date":"14 juin 2017","format":false,"excerpt":"L'une des sortis tr\u00e8s attendue de ce mois de juin est le tome 3 de La\u00a0Passe-Miroir, intitul\u00e9 La M\u00e9moire de Babel. Ce volume ne\u00a0d\u00e9ment pas le succ\u00e8s m\u00e9rit\u00e9 de la saga. Un an et huit mois, voil\u00e0 ce qu\u2019il aura fallu patienter pour les afficionados de la s\u00e9rie avant de\u2026","rel":"","context":"Dans &quot;Fantasy&quot;","block_context":{"text":"Fantasy","link":"https:\/\/smallthings.fr\/lespetitslivres\/category\/imaginaire\/fantasy\/"},"img":{"alt_text":"","src":"https:\/\/i0.wp.com\/smallthings.fr\/lespetitslivres\/wp-content\/uploads\/2017\/06\/babel-passe-miroir.jpg?resize=350%2C200&ssl=1","width":350,"height":200,"srcset":"https:\/\/i0.wp.com\/smallthings.fr\/lespetitslivres\/wp-content\/uploads\/2017\/06\/babel-passe-miroir.jpg?resize=350%2C200&ssl=1 1x, https:\/\/i0.wp.com\/smallthings.fr\/lespetitslivres\/wp-content\/uploads\/2017\/06\/babel-passe-miroir.jpg?resize=525%2C300&ssl=1 1.5x, https:\/\/i0.wp.com\/smallthings.fr\/lespetitslivres\/wp-content\/uploads\/2017\/06\/babel-passe-miroir.jpg?resize=700%2C400&ssl=1 2x"},"classes":[]},{"id":7044,"url":"https:\/\/smallthings.fr\/lespetitslivres\/2013\/09\/11\/e-pessan-muette\/","url_meta":{"origin":30048,"position":3},"title":"Eric Pessan &#8211; Muette","author":"Audrey Ch\u00e8vrefeuille","date":"11 septembre 2013","format":false,"excerpt":"Avec Muette, Eric\u00a0Pessan choisit pour cette rentr\u00e9e le th\u00e8me de la fugue et du mal-\u00eatre adolescent. Muette,\u00a0ou l'incompr\u00e9hension\u00a0entre\u00a0une jeune fille\u00a0et le reste du monde. Un roman sensible et po\u00e9tique. C'est l'\u00e9t\u00e9. Le moment est id\u00e9al. Muette a soigneusement pr\u00e9par\u00e9 sa fuite, pens\u00e9 au meilleur endroit o\u00f9 se cacher, au temps\u2026","rel":"","context":"Dans &quot;Roman fran\u00e7ais&quot;","block_context":{"text":"Roman fran\u00e7ais","link":"https:\/\/smallthings.fr\/lespetitslivres\/category\/roman\/roman-francais\/"},"img":{"alt_text":"","src":"https:\/\/i0.wp.com\/uploads.smallthings.fr\/2013\/07\/Muette-EricPessan-204x300.jpg?resize=350%2C200","width":350,"height":200},"classes":[]},{"id":30611,"url":"https:\/\/smallthings.fr\/lespetitslivres\/2017\/01\/05\/pleurs-du-vent-medoruma-shun-critique\/","url_meta":{"origin":30048,"position":4},"title":"Les Pleurs du vent, mariage r\u00e9ussi entre fantastique et r\u00e9alisme","author":"Cecile","date":"5 janvier 2017","format":false,"excerpt":"Les Pleurs du vent, roman bref mais prenant, est la seconde \u0153uvre de Medoruma Shun\u00a0\u00e0 \u00eatre traduite en fran\u00e7ais gr\u00e2ce aux \u00e9ditions Zulma. Le premier, L\u2019\u00e2me de Kotaro contemplait la mer, un recueil de nouvelles, a re\u00e7u le prix Akutagawa (l\u2019\u00e9quivalent de notre prix Goncourt au Japon). Cette nouvelle \u0153uvre\u2026","rel":"","context":"Dans &quot;Roman \u00e9tranger&quot;","block_context":{"text":"Roman \u00e9tranger","link":"https:\/\/smallthings.fr\/lespetitslivres\/category\/roman\/roman-etranger\/"},"img":{"alt_text":"","src":"https:\/\/i0.wp.com\/smallthings.fr\/lespetitslivres\/wp-content\/uploads\/2017\/01\/pleurs-du-vent-shun-couv.jpg?resize=350%2C200&ssl=1","width":350,"height":200,"srcset":"https:\/\/i0.wp.com\/smallthings.fr\/lespetitslivres\/wp-content\/uploads\/2017\/01\/pleurs-du-vent-shun-couv.jpg?resize=350%2C200&ssl=1 1x, https:\/\/i0.wp.com\/smallthings.fr\/lespetitslivres\/wp-content\/uploads\/2017\/01\/pleurs-du-vent-shun-couv.jpg?resize=525%2C300&ssl=1 1.5x, https:\/\/i0.wp.com\/smallthings.fr\/lespetitslivres\/wp-content\/uploads\/2017\/01\/pleurs-du-vent-shun-couv.jpg?resize=700%2C400&ssl=1 2x, https:\/\/i0.wp.com\/smallthings.fr\/lespetitslivres\/wp-content\/uploads\/2017\/01\/pleurs-du-vent-shun-couv.jpg?resize=1050%2C600&ssl=1 3x"},"classes":[]},{"id":29328,"url":"https:\/\/smallthings.fr\/lespetitslivres\/2016\/01\/07\/j-ai-toujours-ton-coeur-avec-moi-bjarnadottir\/","url_meta":{"origin":30048,"position":5},"title":"J\u2019ai toujours ton c\u0153ur avec moi, roman islandais de Soff\u00eda Bjarnad\u00f3ttir","author":"Cecile","date":"7 janvier 2016","format":false,"excerpt":"J'ai toujours ton c\u0153ur avec moi est un roman de l'islandaise , \u00e0 para\u00eetre aujourd'hui aux \u00e9ditions Zulma. Le postulat de d\u00e9part est simple\u00a0: la narratrice apprend que sa m\u00e8re vient de mourir. Elle s\u2019embarque donc sur un bateau pour revenir en Islande\u00a0; plus pr\u00e9cis\u00e9ment sur l\u2019\u00eele de Flatey, dans\u2026","rel":"","context":"Dans &quot;Actu&quot;","block_context":{"text":"Actu","link":"https:\/\/smallthings.fr\/lespetitslivres\/category\/actu\/"},"img":{"alt_text":"","src":"https:\/\/i0.wp.com\/smallthings.fr\/lespetitslivres\/wp-content\/uploads\/2016\/01\/j-ai-toujours-ton-coeur-avec-moi-couv.jpg?resize=350%2C200&ssl=1","width":350,"height":200,"srcset":"https:\/\/i0.wp.com\/smallthings.fr\/lespetitslivres\/wp-content\/uploads\/2016\/01\/j-ai-toujours-ton-coeur-avec-moi-couv.jpg?resize=350%2C200&ssl=1 1x, https:\/\/i0.wp.com\/smallthings.fr\/lespetitslivres\/wp-content\/uploads\/2016\/01\/j-ai-toujours-ton-coeur-avec-moi-couv.jpg?resize=525%2C300&ssl=1 1.5x, https:\/\/i0.wp.com\/smallthings.fr\/lespetitslivres\/wp-content\/uploads\/2016\/01\/j-ai-toujours-ton-coeur-avec-moi-couv.jpg?resize=700%2C400&ssl=1 2x, https:\/\/i0.wp.com\/smallthings.fr\/lespetitslivres\/wp-content\/uploads\/2016\/01\/j-ai-toujours-ton-coeur-avec-moi-couv.jpg?resize=1050%2C600&ssl=1 3x"},"classes":[]}],"_links":{"self":[{"href":"https:\/\/smallthings.fr\/lespetitslivres\/wp-json\/wp\/v2\/posts\/30048"}],"collection":[{"href":"https:\/\/smallthings.fr\/lespetitslivres\/wp-json\/wp\/v2\/posts"}],"about":[{"href":"https:\/\/smallthings.fr\/lespetitslivres\/wp-json\/wp\/v2\/types\/post"}],"author":[{"embeddable":true,"href":"https:\/\/smallthings.fr\/lespetitslivres\/wp-json\/wp\/v2\/users\/13"}],"replies":[{"embeddable":true,"href":"https:\/\/smallthings.fr\/lespetitslivres\/wp-json\/wp\/v2\/comments?post=30048"}],"version-history":[{"count":2,"href":"https:\/\/smallthings.fr\/lespetitslivres\/wp-json\/wp\/v2\/posts\/30048\/revisions"}],"predecessor-version":[{"id":30053,"href":"https:\/\/smallthings.fr\/lespetitslivres\/wp-json\/wp\/v2\/posts\/30048\/revisions\/30053"}],"wp:featuredmedia":[{"embeddable":true,"href":"https:\/\/smallthings.fr\/lespetitslivres\/wp-json\/wp\/v2\/media\/30051"}],"wp:attachment":[{"href":"https:\/\/smallthings.fr\/lespetitslivres\/wp-json\/wp\/v2\/media?parent=30048"}],"wp:term":[{"taxonomy":"category","embeddable":true,"href":"https:\/\/smallthings.fr\/lespetitslivres\/wp-json\/wp\/v2\/categories?post=30048"},{"taxonomy":"post_tag","embeddable":true,"href":"https:\/\/smallthings.fr\/lespetitslivres\/wp-json\/wp\/v2\/tags?post=30048"}],"curies":[{"name":"wp","href":"https:\/\/api.w.org\/{rel}","templated":true}]}}