{"id":30021,"date":"2016-06-06T13:00:08","date_gmt":"2016-06-06T12:00:08","guid":{"rendered":"http:\/\/smallthings.fr\/lespetitslivres\/?p=30021"},"modified":"2016-06-03T20:29:01","modified_gmt":"2016-06-03T19:29:01","slug":"des-forces-etranges-nouvelles-critique","status":"publish","type":"post","link":"https:\/\/smallthings.fr\/lespetitslivres\/2016\/06\/06\/des-forces-etranges-nouvelles-critique\/","title":{"rendered":"Des forces \u00e9tranges, lorsque le cauchemar devient r\u00e9el"},"content":{"rendered":"<h2>Avec <em>Des forces \u00e9tranges<\/em>, c&rsquo;est par un recueil de nouvelles aussi gla\u00e7antes qu&rsquo;irr\u00e9sistibles que les <a href=\"http:\/\/www.editions-allia.com\/fr\/livre\/739\/des-forces-etranges\">\u00e9ditions Allia<\/a> ont choisi de ramener d&rsquo;entre les morts Leopoldo Lugones. A la fois monstre et virtuose, ce po\u00e8te argentin nous saisit par la modernit\u00e9 de son style. Comme toujours avec les \u00e9ditions Allia, le livre est joli et le papier agr\u00e9able.<\/h2>\n<p><img loading=\"lazy\" decoding=\"async\" data-attachment-id=\"30022\" data-permalink=\"https:\/\/smallthings.fr\/lespetitslivres\/2016\/06\/06\/des-forces-etranges-nouvelles-critique\/des-forces-etranges\/\" data-orig-file=\"https:\/\/smallthings.fr\/lespetitslivres\/wp-content\/uploads\/2016\/06\/des-forces-etranges.gif\" data-orig-size=\"1181,2008\" data-comments-opened=\"1\" data-image-meta=\"{&quot;aperture&quot;:&quot;0&quot;,&quot;credit&quot;:&quot;&quot;,&quot;camera&quot;:&quot;&quot;,&quot;caption&quot;:&quot;&quot;,&quot;created_timestamp&quot;:&quot;0&quot;,&quot;copyright&quot;:&quot;&quot;,&quot;focal_length&quot;:&quot;0&quot;,&quot;iso&quot;:&quot;0&quot;,&quot;shutter_speed&quot;:&quot;0&quot;,&quot;title&quot;:&quot;&quot;,&quot;orientation&quot;:&quot;0&quot;}\" data-image-title=\"des-forces-etranges\" data-image-description=\"\" data-image-caption=\"\" data-medium-file=\"https:\/\/smallthings.fr\/lespetitslivres\/wp-content\/uploads\/2016\/06\/des-forces-etranges-176x300.gif\" data-large-file=\"https:\/\/smallthings.fr\/lespetitslivres\/wp-content\/uploads\/2016\/06\/des-forces-etranges-602x1024.gif\" class=\"alignleft wp-image-30022\" src=\"http:\/\/smallthings.fr\/lespetitslivres\/wp-content\/uploads\/2016\/06\/des-forces-etranges-602x1024.gif\" alt=\"des-forces-etranges\" width=\"263\" height=\"447\" srcset=\"https:\/\/smallthings.fr\/lespetitslivres\/wp-content\/uploads\/2016\/06\/des-forces-etranges-602x1024.gif 602w, https:\/\/smallthings.fr\/lespetitslivres\/wp-content\/uploads\/2016\/06\/des-forces-etranges-176x300.gif 176w, https:\/\/smallthings.fr\/lespetitslivres\/wp-content\/uploads\/2016\/06\/des-forces-etranges-768x1306.gif 768w, https:\/\/smallthings.fr\/lespetitslivres\/wp-content\/uploads\/2016\/06\/des-forces-etranges-903x1536.gif 903w\" sizes=\"(max-width: 263px) 100vw, 263px\" \/><em>Des forces \u00e9tranges<\/em>, c&rsquo;est un peu comme une contemplation silencieuse face au d\u00e9sastre. Les nouvelles commencent ainsi par une situation ordinaire. Puis vient le moment o\u00f9 tout vacille et les \u00e9v\u00e9nements prennent des proportions insoup\u00e7onn\u00e9es. D&rsquo;un riche propri\u00e9taire faisant face \u00e0 l&rsquo;apocalypse, \u00e0 un homme tourment\u00e9 par la forme de son ombre, <strong>les protagonistes de chaque histoire ont cette torpeur en commun face \u00e0 un incommensurable<\/strong>. A la fois sujet et marionnette de leur destin\u00e9e, on est emport\u00e9 avec eux dans l&rsquo;imaginaire de l&rsquo;auteur.<\/p>\n<p><strong>De quoi vaut-il mieux se rappeler chez Lugones ? Sa folie ou son talent cr\u00e9atif ?<\/strong> On ne saurait finalement vraiment s\u00e9parer l&rsquo;un de l&rsquo;autre. Bien qu&rsquo;un peu ampoul\u00e9, son style est efficace et place le lecteur en un spectateur circonspect face au devenir de ses h\u00e9ros.<\/p>\n<div id=\"attachment_30028\" style=\"width: 230px\" class=\"wp-caption alignright\"><img loading=\"lazy\" decoding=\"async\" aria-describedby=\"caption-attachment-30028\" data-attachment-id=\"30028\" data-permalink=\"https:\/\/smallthings.fr\/lespetitslivres\/2016\/06\/06\/des-forces-etranges-nouvelles-critique\/leopoldo-lugones\/\" data-orig-file=\"https:\/\/smallthings.fr\/lespetitslivres\/wp-content\/uploads\/2016\/06\/leopoldo-lugones.jpg\" data-orig-size=\"220,323\" data-comments-opened=\"1\" data-image-meta=\"{&quot;aperture&quot;:&quot;0&quot;,&quot;credit&quot;:&quot;&quot;,&quot;camera&quot;:&quot;&quot;,&quot;caption&quot;:&quot;&quot;,&quot;created_timestamp&quot;:&quot;0&quot;,&quot;copyright&quot;:&quot;&quot;,&quot;focal_length&quot;:&quot;0&quot;,&quot;iso&quot;:&quot;0&quot;,&quot;shutter_speed&quot;:&quot;0&quot;,&quot;title&quot;:&quot;&quot;,&quot;orientation&quot;:&quot;0&quot;}\" data-image-title=\"leopoldo-lugones\" data-image-description=\"\" data-image-caption=\"&lt;p&gt;Leopoldo Lugones&lt;\/p&gt;\n\" data-medium-file=\"https:\/\/smallthings.fr\/lespetitslivres\/wp-content\/uploads\/2016\/06\/leopoldo-lugones-204x300.jpg\" data-large-file=\"https:\/\/smallthings.fr\/lespetitslivres\/wp-content\/uploads\/2016\/06\/leopoldo-lugones.jpg\" class=\"size-full wp-image-30028\" src=\"http:\/\/smallthings.fr\/lespetitslivres\/wp-content\/uploads\/2016\/06\/leopoldo-lugones.jpg\" alt=\"Leopoldo Lugones\" width=\"220\" height=\"323\" srcset=\"https:\/\/smallthings.fr\/lespetitslivres\/wp-content\/uploads\/2016\/06\/leopoldo-lugones.jpg 220w, https:\/\/smallthings.fr\/lespetitslivres\/wp-content\/uploads\/2016\/06\/leopoldo-lugones-204x300.jpg 204w\" sizes=\"(max-width: 220px) 100vw, 220px\" \/><p id=\"caption-attachment-30028\" class=\"wp-caption-text\">Leopoldo Lugones<\/p><\/div>\n<p><strong>Invariablement, la tension monte jusqu&rsquo;\u00e0 atteindre un certain pallier apr\u00e8s lequel elle retombe violemment, laissant le lecteur avec une multitude de questions<\/strong>. Une r\u00e9ussite aussi myst\u00e9rieuse que psychologique, qui parvient \u00e0 nous transporter dans un univers quasi parall\u00e8le o\u00f9 l&rsquo;on se retrouve indirectement confront\u00e9 \u00e0 des situations et des destins \u00e0 la fois terribles et hors du commun.<\/p>\n<blockquote><p>Mon c\u0153ur palpitait, comme au pressentiment d&rsquo;un d\u00e9nouement malheureux.<br \/>\n&#8211; Ne regardez pas, lui dis-je.<br \/>\n&#8211; Je verrai\u00a0! R\u00e9pondit-il d&rsquo;un ton imp\u00e9rieux qui me fit placer, malgr\u00e9 moi, la feuille de papier en pleine lumi\u00e8re.<br \/>\nNous p\u00e2l\u00eemes tous deux horriblement. L\u00e0, sous nos yeux, le crayon r\u00e9v\u00e9lait un front d\u00e9prim\u00e9, un nez aplati, un museau bestial. Le singe\u00a0! La chose maudite\u00a0!<\/p><\/blockquote>\n","protected":false},"excerpt":{"rendered":"<p>Avec Des forces \u00e9tranges, c&rsquo;est par un recueil de nouvelles aussi gla\u00e7antes qu&rsquo;irr\u00e9sistibles que les \u00e9ditions Allia ont choisi de ramener d&rsquo;entre les morts Leopoldo Lugones. A la fois monstre et virtuose, ce po\u00e8te argentin nous saisit par la modernit\u00e9 de son style. Comme toujours avec les \u00e9ditions Allia, le livre est joli et le<\/p>\n","protected":false},"author":19,"featured_media":30025,"comment_status":"open","ping_status":"open","sticky":false,"template":"","format":"standard","meta":{"jetpack_post_was_ever_published":false,"_jetpack_newsletter_access":"","_jetpack_newsletter_tier_id":0,"footnotes":"","jetpack_publicize_message":"","jetpack_is_tweetstorm":false,"jetpack_publicize_feature_enabled":true,"jetpack_social_post_already_shared":true,"jetpack_social_options":{"image_generator_settings":{"template":"highway","enabled":false}}},"categories":[1118],"tags":[1436,1435,320],"jetpack_publicize_connections":[],"yoast_head":"<!-- This site is optimized with the Yoast SEO plugin v21.5 - https:\/\/yoast.com\/wordpress\/plugins\/seo\/ -->\n<title>Des forces \u00e9tranges, lorsque le cauchemar devient r\u00e9el<\/title>\n<meta name=\"description\" content=\"Avec Des forces \u00e9tranges, c&#039;est par un recueil de nouvelles aussi gla\u00e7antes qu&#039;irr\u00e9sistibles que les \u00e9ditions Allia ont choisi de ramener d&#039;entre les morts\" \/>\n<meta name=\"robots\" content=\"index, follow, max-snippet:-1, max-image-preview:large, max-video-preview:-1\" \/>\n<link rel=\"canonical\" href=\"https:\/\/smallthings.fr\/lespetitslivres\/2016\/06\/06\/des-forces-etranges-nouvelles-critique\/\" \/>\n<meta property=\"og:locale\" content=\"fr_FR\" \/>\n<meta property=\"og:type\" content=\"article\" \/>\n<meta property=\"og:title\" content=\"Des forces \u00e9tranges, lorsque le cauchemar devient r\u00e9el\" \/>\n<meta property=\"og:description\" content=\"Avec Des forces \u00e9tranges, c&#039;est par un recueil de nouvelles aussi gla\u00e7antes qu&#039;irr\u00e9sistibles que les \u00e9ditions Allia ont choisi de ramener d&#039;entre les morts\" \/>\n<meta property=\"og:url\" content=\"https:\/\/smallthings.fr\/lespetitslivres\/2016\/06\/06\/des-forces-etranges-nouvelles-critique\/\" \/>\n<meta property=\"og:site_name\" content=\"Les Petits Livres\" \/>\n<meta property=\"article:published_time\" content=\"2016-06-06T12:00:08+00:00\" \/>\n<meta property=\"article:modified_time\" content=\"2016-06-03T19:29:01+00:00\" \/>\n<meta property=\"og:image\" content=\"https:\/\/smallthings.fr\/lespetitslivres\/wp-content\/uploads\/2016\/06\/des-forces-etranges-couv.gif\" \/>\n\t<meta property=\"og:image:width\" content=\"1180\" \/>\n\t<meta property=\"og:image:height\" content=\"496\" \/>\n\t<meta property=\"og:image:type\" content=\"image\/gif\" \/>\n<meta name=\"author\" content=\"Fanny\" \/>\n<meta name=\"twitter:card\" content=\"summary_large_image\" \/>\n<meta name=\"twitter:label1\" content=\"\u00c9crit par\" \/>\n\t<meta name=\"twitter:data1\" content=\"Fanny\" \/>\n\t<meta name=\"twitter:label2\" content=\"Dur\u00e9e de lecture estim\u00e9e\" \/>\n\t<meta name=\"twitter:data2\" content=\"2 minutes\" \/>\n<script type=\"application\/ld+json\" class=\"yoast-schema-graph\">{\"@context\":\"https:\/\/schema.org\",\"@graph\":[{\"@type\":\"WebPage\",\"@id\":\"https:\/\/smallthings.fr\/lespetitslivres\/2016\/06\/06\/des-forces-etranges-nouvelles-critique\/\",\"url\":\"https:\/\/smallthings.fr\/lespetitslivres\/2016\/06\/06\/des-forces-etranges-nouvelles-critique\/\",\"name\":\"Des forces \u00e9tranges, lorsque le cauchemar devient r\u00e9el\",\"isPartOf\":{\"@id\":\"https:\/\/smallthings.fr\/lespetitslivres\/#website\"},\"datePublished\":\"2016-06-06T12:00:08+00:00\",\"dateModified\":\"2016-06-03T19:29:01+00:00\",\"author\":{\"@id\":\"https:\/\/smallthings.fr\/lespetitslivres\/#\/schema\/person\/4edc19674114d2eb919dc6bb7d8a9d85\"},\"description\":\"Avec Des forces \u00e9tranges, c'est par un recueil de nouvelles aussi gla\u00e7antes qu'irr\u00e9sistibles que les \u00e9ditions Allia ont choisi de ramener d'entre les morts\",\"breadcrumb\":{\"@id\":\"https:\/\/smallthings.fr\/lespetitslivres\/2016\/06\/06\/des-forces-etranges-nouvelles-critique\/#breadcrumb\"},\"inLanguage\":\"fr-FR\",\"potentialAction\":[{\"@type\":\"ReadAction\",\"target\":[\"https:\/\/smallthings.fr\/lespetitslivres\/2016\/06\/06\/des-forces-etranges-nouvelles-critique\/\"]}]},{\"@type\":\"BreadcrumbList\",\"@id\":\"https:\/\/smallthings.fr\/lespetitslivres\/2016\/06\/06\/des-forces-etranges-nouvelles-critique\/#breadcrumb\",\"itemListElement\":[{\"@type\":\"ListItem\",\"position\":1,\"name\":\"Accueil\",\"item\":\"https:\/\/smallthings.fr\/lespetitslivres\/\"},{\"@type\":\"ListItem\",\"position\":2,\"name\":\"Des forces \u00e9tranges, lorsque le cauchemar devient r\u00e9el\"}]},{\"@type\":\"WebSite\",\"@id\":\"https:\/\/smallthings.fr\/lespetitslivres\/#website\",\"url\":\"https:\/\/smallthings.fr\/lespetitslivres\/\",\"name\":\"Les Petits Livres\",\"description\":\"by Small Things\",\"potentialAction\":[{\"@type\":\"SearchAction\",\"target\":{\"@type\":\"EntryPoint\",\"urlTemplate\":\"https:\/\/smallthings.fr\/lespetitslivres\/?s={search_term_string}\"},\"query-input\":\"required name=search_term_string\"}],\"inLanguage\":\"fr-FR\"},{\"@type\":\"Person\",\"@id\":\"https:\/\/smallthings.fr\/lespetitslivres\/#\/schema\/person\/4edc19674114d2eb919dc6bb7d8a9d85\",\"name\":\"Fanny\",\"image\":{\"@type\":\"ImageObject\",\"inLanguage\":\"fr-FR\",\"@id\":\"https:\/\/smallthings.fr\/lespetitslivres\/#\/schema\/person\/image\/\",\"url\":\"https:\/\/secure.gravatar.com\/avatar\/fef90dc521eccf7315ddda541ee2ec9e?s=96&d=retro&r=g\",\"contentUrl\":\"https:\/\/secure.gravatar.com\/avatar\/fef90dc521eccf7315ddda541ee2ec9e?s=96&d=retro&r=g\",\"caption\":\"Fanny\"},\"url\":\"https:\/\/smallthings.fr\/lespetitslivres\/author\/fanny\/\"}]}<\/script>\n<!-- \/ Yoast SEO plugin. -->","yoast_head_json":{"title":"Des forces \u00e9tranges, lorsque le cauchemar devient r\u00e9el","description":"Avec Des forces \u00e9tranges, c'est par un recueil de nouvelles aussi gla\u00e7antes qu'irr\u00e9sistibles que les \u00e9ditions Allia ont choisi de ramener d'entre les morts","robots":{"index":"index","follow":"follow","max-snippet":"max-snippet:-1","max-image-preview":"max-image-preview:large","max-video-preview":"max-video-preview:-1"},"canonical":"https:\/\/smallthings.fr\/lespetitslivres\/2016\/06\/06\/des-forces-etranges-nouvelles-critique\/","og_locale":"fr_FR","og_type":"article","og_title":"Des forces \u00e9tranges, lorsque le cauchemar devient r\u00e9el","og_description":"Avec Des forces \u00e9tranges, c'est par un recueil de nouvelles aussi gla\u00e7antes qu'irr\u00e9sistibles que les \u00e9ditions Allia ont choisi de ramener d'entre les morts","og_url":"https:\/\/smallthings.fr\/lespetitslivres\/2016\/06\/06\/des-forces-etranges-nouvelles-critique\/","og_site_name":"Les Petits Livres","article_published_time":"2016-06-06T12:00:08+00:00","article_modified_time":"2016-06-03T19:29:01+00:00","og_image":[{"width":1180,"height":496,"url":"https:\/\/smallthings.fr\/lespetitslivres\/wp-content\/uploads\/2016\/06\/des-forces-etranges-couv.gif","type":"image\/gif"}],"author":"Fanny","twitter_card":"summary_large_image","twitter_misc":{"\u00c9crit par":"Fanny","Dur\u00e9e de lecture estim\u00e9e":"2 minutes"},"schema":{"@context":"https:\/\/schema.org","@graph":[{"@type":"WebPage","@id":"https:\/\/smallthings.fr\/lespetitslivres\/2016\/06\/06\/des-forces-etranges-nouvelles-critique\/","url":"https:\/\/smallthings.fr\/lespetitslivres\/2016\/06\/06\/des-forces-etranges-nouvelles-critique\/","name":"Des forces \u00e9tranges, lorsque le cauchemar devient r\u00e9el","isPartOf":{"@id":"https:\/\/smallthings.fr\/lespetitslivres\/#website"},"datePublished":"2016-06-06T12:00:08+00:00","dateModified":"2016-06-03T19:29:01+00:00","author":{"@id":"https:\/\/smallthings.fr\/lespetitslivres\/#\/schema\/person\/4edc19674114d2eb919dc6bb7d8a9d85"},"description":"Avec Des forces \u00e9tranges, c'est par un recueil de nouvelles aussi gla\u00e7antes qu'irr\u00e9sistibles que les \u00e9ditions Allia ont choisi de ramener d'entre les morts","breadcrumb":{"@id":"https:\/\/smallthings.fr\/lespetitslivres\/2016\/06\/06\/des-forces-etranges-nouvelles-critique\/#breadcrumb"},"inLanguage":"fr-FR","potentialAction":[{"@type":"ReadAction","target":["https:\/\/smallthings.fr\/lespetitslivres\/2016\/06\/06\/des-forces-etranges-nouvelles-critique\/"]}]},{"@type":"BreadcrumbList","@id":"https:\/\/smallthings.fr\/lespetitslivres\/2016\/06\/06\/des-forces-etranges-nouvelles-critique\/#breadcrumb","itemListElement":[{"@type":"ListItem","position":1,"name":"Accueil","item":"https:\/\/smallthings.fr\/lespetitslivres\/"},{"@type":"ListItem","position":2,"name":"Des forces \u00e9tranges, lorsque le cauchemar devient r\u00e9el"}]},{"@type":"WebSite","@id":"https:\/\/smallthings.fr\/lespetitslivres\/#website","url":"https:\/\/smallthings.fr\/lespetitslivres\/","name":"Les Petits Livres","description":"by Small Things","potentialAction":[{"@type":"SearchAction","target":{"@type":"EntryPoint","urlTemplate":"https:\/\/smallthings.fr\/lespetitslivres\/?s={search_term_string}"},"query-input":"required name=search_term_string"}],"inLanguage":"fr-FR"},{"@type":"Person","@id":"https:\/\/smallthings.fr\/lespetitslivres\/#\/schema\/person\/4edc19674114d2eb919dc6bb7d8a9d85","name":"Fanny","image":{"@type":"ImageObject","inLanguage":"fr-FR","@id":"https:\/\/smallthings.fr\/lespetitslivres\/#\/schema\/person\/image\/","url":"https:\/\/secure.gravatar.com\/avatar\/fef90dc521eccf7315ddda541ee2ec9e?s=96&d=retro&r=g","contentUrl":"https:\/\/secure.gravatar.com\/avatar\/fef90dc521eccf7315ddda541ee2ec9e?s=96&d=retro&r=g","caption":"Fanny"},"url":"https:\/\/smallthings.fr\/lespetitslivres\/author\/fanny\/"}]}},"jetpack_featured_media_url":"https:\/\/smallthings.fr\/lespetitslivres\/wp-content\/uploads\/2016\/06\/des-forces-etranges-couv.gif","jetpack_sharing_enabled":true,"jetpack_shortlink":"https:\/\/wp.me\/p6Un21-7Od","jetpack-related-posts":[{"id":29736,"url":"https:\/\/smallthings.fr\/lespetitslivres\/2016\/03\/15\/palimpsestes-impressionnisme-nuncq\/","url_meta":{"origin":30021,"position":0},"title":"Palimpsestes tome 1 : Impressionnisme, d\u2019Emmanuelle Nuncq","author":"Jennifer","date":"15 mars 2016","format":false,"excerpt":"Le tome 1 de Palimpsestes, Impressionnisme, est un livre d'Emmanuelle Nuncq, paru aux \u00e9ditions du Chat Noir le 10 f\u00e9vrier dernier. Nous nous retrouvons au Louvre en 1894, alors que le mus\u00e9e accueille la Pythie, une statue ramen\u00e9e de Delphes. Mais la statue n\u2019aurait jamais d\u00fb quitter son sanctuaire et,\u2026","rel":"","context":"Dans &quot;Fantastique&quot;","block_context":{"text":"Fantastique","link":"https:\/\/smallthings.fr\/lespetitslivres\/category\/imaginaire\/fantastique\/"},"img":{"alt_text":"","src":"https:\/\/i0.wp.com\/smallthings.fr\/lespetitslivres\/wp-content\/uploads\/2016\/03\/palimpsestes-couv-scaled.jpg?resize=350%2C200&ssl=1","width":350,"height":200,"srcset":"https:\/\/i0.wp.com\/smallthings.fr\/lespetitslivres\/wp-content\/uploads\/2016\/03\/palimpsestes-couv-scaled.jpg?resize=350%2C200&ssl=1 1x, https:\/\/i0.wp.com\/smallthings.fr\/lespetitslivres\/wp-content\/uploads\/2016\/03\/palimpsestes-couv-scaled.jpg?resize=525%2C300&ssl=1 1.5x, https:\/\/i0.wp.com\/smallthings.fr\/lespetitslivres\/wp-content\/uploads\/2016\/03\/palimpsestes-couv-scaled.jpg?resize=700%2C400&ssl=1 2x, https:\/\/i0.wp.com\/smallthings.fr\/lespetitslivres\/wp-content\/uploads\/2016\/03\/palimpsestes-couv-scaled.jpg?resize=1050%2C600&ssl=1 3x, https:\/\/i0.wp.com\/smallthings.fr\/lespetitslivres\/wp-content\/uploads\/2016\/03\/palimpsestes-couv-scaled.jpg?resize=1400%2C800&ssl=1 4x"},"classes":[]},{"id":29530,"url":"https:\/\/smallthings.fr\/lespetitslivres\/2016\/02\/06\/requiem-bd-fantasy-resurrection\/","url_meta":{"origin":30021,"position":1},"title":"Requiem, BD fantasy : tome 1 R\u00e9surrection","author":"Paulo","date":"6 f\u00e9vrier 2016","format":false,"excerpt":"Le samedi, c'est BD sur Les Petits Livres ! Si bien qu'aujourd'hui, nous vous pr\u00e9sentons R\u00e9surrection, le premier tome de la saga Requiem, Chevalier Vampire dont Gl\u00e9nat vient de racheter les droits et paru le 27 janvier. Nous suivons avec d\u00e9lectation l'arriv\u00e9e dans les limbes d'Heinrish Ausburg, soldat nazi, rapidement\u2026","rel":"","context":"Dans &quot;BD&quot;","block_context":{"text":"BD","link":"https:\/\/smallthings.fr\/lespetitslivres\/category\/bd-manga\/bd\/"},"img":{"alt_text":"","src":"https:\/\/i0.wp.com\/smallthings.fr\/lespetitslivres\/wp-content\/uploads\/2016\/02\/requiem-resurrection-couv.jpg?resize=350%2C200&ssl=1","width":350,"height":200,"srcset":"https:\/\/i0.wp.com\/smallthings.fr\/lespetitslivres\/wp-content\/uploads\/2016\/02\/requiem-resurrection-couv.jpg?resize=350%2C200&ssl=1 1x, https:\/\/i0.wp.com\/smallthings.fr\/lespetitslivres\/wp-content\/uploads\/2016\/02\/requiem-resurrection-couv.jpg?resize=525%2C300&ssl=1 1.5x"},"classes":[]},{"id":30835,"url":"https:\/\/smallthings.fr\/lespetitslivres\/2017\/03\/08\/baiser-de-deesse-pike-young-adult\/","url_meta":{"origin":30021,"position":2},"title":"Le baiser de la d\u00e9esse : du conte de f\u00e9es \u00e0 l\u2019horreur","author":"Jennifer","date":"8 mars 2017","format":false,"excerpt":"Le baiser de la d\u00e9esse est un roman young-adult d'Aprilynne Pike, paru en f\u00e9vrier dernier chez Pocket Jeunesse. On y fait la connaissance de\u00a0Tavia Michaels, une jeune femme qui a miraculeusement surv\u00e9cu au crash d\u2019un avion. Devenue orpheline, elle est recueillie par sa tante. Rapidement, des \u00e9v\u00e9nements \u00e9tranges se produisent.\u2026","rel":"","context":"Dans &quot;Young Adult&quot;","block_context":{"text":"Young Adult","link":"https:\/\/smallthings.fr\/lespetitslivres\/category\/young-adult\/"},"img":{"alt_text":"","src":"https:\/\/i0.wp.com\/smallthings.fr\/lespetitslivres\/wp-content\/uploads\/2017\/02\/avion-baiser-de-la-d\u00e9esse-2.jpg?resize=350%2C200&ssl=1","width":350,"height":200,"srcset":"https:\/\/i0.wp.com\/smallthings.fr\/lespetitslivres\/wp-content\/uploads\/2017\/02\/avion-baiser-de-la-d\u00e9esse-2.jpg?resize=350%2C200&ssl=1 1x, https:\/\/i0.wp.com\/smallthings.fr\/lespetitslivres\/wp-content\/uploads\/2017\/02\/avion-baiser-de-la-d\u00e9esse-2.jpg?resize=525%2C300&ssl=1 1.5x, https:\/\/i0.wp.com\/smallthings.fr\/lespetitslivres\/wp-content\/uploads\/2017\/02\/avion-baiser-de-la-d\u00e9esse-2.jpg?resize=700%2C400&ssl=1 2x"},"classes":[]},{"id":31758,"url":"https:\/\/smallthings.fr\/lespetitslivres\/2018\/08\/22\/vivre-ensemble-roman-emilie-freche\/","url_meta":{"origin":30021,"position":3},"title":"Vivre ensemble, le nouveau roman d&rsquo;\u00c9milie Fr\u00e8che","author":"Claire","date":"22 ao\u00fbt 2018","format":false,"excerpt":"Le nouveau roman d'\u00c9milie Fr\u00e8che, Vivre ensemble, sort aujourd'hui chez Stock pour la Rentr\u00e9e litt\u00e9raire. Un livre aussi terrifiant que bouleversant qui pose la question du vivre ensemble au sein d'une famille recompos\u00e9e. D\u00e9borah et Pierre, qui ont chacun un fils, d\u00e9cident d'emm\u00e9nager ensemble, pour le meilleur et pour le\u2026","rel":"","context":"Dans &quot;Roman fran\u00e7ais&quot;","block_context":{"text":"Roman fran\u00e7ais","link":"https:\/\/smallthings.fr\/lespetitslivres\/category\/roman\/roman-francais\/"},"img":{"alt_text":"","src":"https:\/\/i0.wp.com\/smallthings.fr\/lespetitslivres\/wp-content\/uploads\/2018\/08\/emilie-freche-vivre-ensemble.jpg?resize=350%2C200&ssl=1","width":350,"height":200,"srcset":"https:\/\/i0.wp.com\/smallthings.fr\/lespetitslivres\/wp-content\/uploads\/2018\/08\/emilie-freche-vivre-ensemble.jpg?resize=350%2C200&ssl=1 1x, https:\/\/i0.wp.com\/smallthings.fr\/lespetitslivres\/wp-content\/uploads\/2018\/08\/emilie-freche-vivre-ensemble.jpg?resize=525%2C300&ssl=1 1.5x"},"classes":[]},{"id":30400,"url":"https:\/\/smallthings.fr\/lespetitslivres\/2016\/10\/14\/tarzan-seigneur-jungle-er-burroughs\/","url_meta":{"origin":30021,"position":4},"title":"Tarzan seigneur de la jungle, le classique d&rsquo;E.R. Burroughs","author":"Cecile","date":"14 octobre 2016","format":false,"excerpt":"Tarzan seigneur de la jungle, publi\u00e9 en 1912 alors que l\u2019Empire colonial britannique \u00e9tait \u00e0 son apog\u00e9e, donna lieu \u00e0 une saga de 26 romans, puis \u00e0 un film en 1932, Tarzan, l\u2019homme-singe qui est rest\u00e9 une r\u00e9f\u00e9rence. \u00c0 partir des ann\u00e9es 50 sortent ensuite une kyrielle de films d\u2019aventures\u2026","rel":"","context":"Dans &quot;Nos classiques&quot;","block_context":{"text":"Nos classiques","link":"https:\/\/smallthings.fr\/lespetitslivres\/category\/nos-classiques\/"},"img":{"alt_text":"","src":"https:\/\/i0.wp.com\/smallthings.fr\/lespetitslivres\/wp-content\/uploads\/2016\/10\/tarzan-film.jpg?resize=350%2C200&ssl=1","width":350,"height":200,"srcset":"https:\/\/i0.wp.com\/smallthings.fr\/lespetitslivres\/wp-content\/uploads\/2016\/10\/tarzan-film.jpg?resize=350%2C200&ssl=1 1x, https:\/\/i0.wp.com\/smallthings.fr\/lespetitslivres\/wp-content\/uploads\/2016\/10\/tarzan-film.jpg?resize=525%2C300&ssl=1 1.5x, https:\/\/i0.wp.com\/smallthings.fr\/lespetitslivres\/wp-content\/uploads\/2016\/10\/tarzan-film.jpg?resize=700%2C400&ssl=1 2x, https:\/\/i0.wp.com\/smallthings.fr\/lespetitslivres\/wp-content\/uploads\/2016\/10\/tarzan-film.jpg?resize=1050%2C600&ssl=1 3x"},"classes":[]},{"id":29267,"url":"https:\/\/smallthings.fr\/lespetitslivres\/2015\/12\/08\/zoo-livre-serie-tv-avis\/","url_meta":{"origin":30021,"position":5},"title":"Zoo : le livre qui a inspir\u00e9 la s\u00e9rie TV","author":"Jennifer","date":"8 d\u00e9cembre 2015","format":false,"excerpt":"Zoo est un roman de James Patterson et de Michael Ledwidge. Suite \u00e0 l\u2019adaptation du livre en s\u00e9rie t\u00e9l\u00e9, les \u00e9ditions de l\u2019Archipel ont d\u00e9cid\u00e9 de lancer une nouvelle \u00e9dition avec une nouvelle couverture. Le tout nouveau Zoo, sorti le 2 d\u00e9cembre dernier, raconte comment les animaux se sont rebell\u00e9s\u2026","rel":"","context":"Dans &quot;Science-fiction&quot;","block_context":{"text":"Science-fiction","link":"https:\/\/smallthings.fr\/lespetitslivres\/category\/imaginaire\/science-fiction\/"},"img":{"alt_text":"","src":"https:\/\/i0.wp.com\/smallthings.fr\/lespetitslivres\/wp-content\/uploads\/2015\/12\/zoo-couv.jpg?resize=350%2C200&ssl=1","width":350,"height":200,"srcset":"https:\/\/i0.wp.com\/smallthings.fr\/lespetitslivres\/wp-content\/uploads\/2015\/12\/zoo-couv.jpg?resize=350%2C200&ssl=1 1x, https:\/\/i0.wp.com\/smallthings.fr\/lespetitslivres\/wp-content\/uploads\/2015\/12\/zoo-couv.jpg?resize=525%2C300&ssl=1 1.5x, https:\/\/i0.wp.com\/smallthings.fr\/lespetitslivres\/wp-content\/uploads\/2015\/12\/zoo-couv.jpg?resize=700%2C400&ssl=1 2x, https:\/\/i0.wp.com\/smallthings.fr\/lespetitslivres\/wp-content\/uploads\/2015\/12\/zoo-couv.jpg?resize=1050%2C600&ssl=1 3x, https:\/\/i0.wp.com\/smallthings.fr\/lespetitslivres\/wp-content\/uploads\/2015\/12\/zoo-couv.jpg?resize=1400%2C800&ssl=1 4x"},"classes":[]}],"_links":{"self":[{"href":"https:\/\/smallthings.fr\/lespetitslivres\/wp-json\/wp\/v2\/posts\/30021"}],"collection":[{"href":"https:\/\/smallthings.fr\/lespetitslivres\/wp-json\/wp\/v2\/posts"}],"about":[{"href":"https:\/\/smallthings.fr\/lespetitslivres\/wp-json\/wp\/v2\/types\/post"}],"author":[{"embeddable":true,"href":"https:\/\/smallthings.fr\/lespetitslivres\/wp-json\/wp\/v2\/users\/19"}],"replies":[{"embeddable":true,"href":"https:\/\/smallthings.fr\/lespetitslivres\/wp-json\/wp\/v2\/comments?post=30021"}],"version-history":[{"count":4,"href":"https:\/\/smallthings.fr\/lespetitslivres\/wp-json\/wp\/v2\/posts\/30021\/revisions"}],"predecessor-version":[{"id":30029,"href":"https:\/\/smallthings.fr\/lespetitslivres\/wp-json\/wp\/v2\/posts\/30021\/revisions\/30029"}],"wp:featuredmedia":[{"embeddable":true,"href":"https:\/\/smallthings.fr\/lespetitslivres\/wp-json\/wp\/v2\/media\/30025"}],"wp:attachment":[{"href":"https:\/\/smallthings.fr\/lespetitslivres\/wp-json\/wp\/v2\/media?parent=30021"}],"wp:term":[{"taxonomy":"category","embeddable":true,"href":"https:\/\/smallthings.fr\/lespetitslivres\/wp-json\/wp\/v2\/categories?post=30021"},{"taxonomy":"post_tag","embeddable":true,"href":"https:\/\/smallthings.fr\/lespetitslivres\/wp-json\/wp\/v2\/tags?post=30021"}],"curies":[{"name":"wp","href":"https:\/\/api.w.org\/{rel}","templated":true}]}}