{"id":29984,"date":"2016-05-31T12:30:09","date_gmt":"2016-05-31T11:30:09","guid":{"rendered":"http:\/\/smallthings.fr\/lespetitslivres\/?p=29984"},"modified":"2016-05-31T15:28:46","modified_gmt":"2016-05-31T14:28:46","slug":"rencontre-karine-lambert-auteur","status":"publish","type":"post","link":"https:\/\/smallthings.fr\/lespetitslivres\/2016\/05\/31\/rencontre-karine-lambert-auteur\/","title":{"rendered":"Rencontre avec Karine Lambert, auteur feel-good du moment"},"content":{"rendered":"<h2>L&rsquo;auteur Karine Lambert \u00e9tait de visite lundi 23 mai chez son \u00e9diteur <a href=\"http:\/\/www.editions-jclattes.fr\/\" target=\"_blank\">JC Latt\u00e8s<\/a> pour une journ\u00e9e presse marathon. Apr\u00e8s une s\u00e9ance TV, un shooting photo et autres, nous avons pu la rencontrer, souriante et disponible, dans les locaux de sa maison d\u2019\u00e9dition. Elle s\u2019est volontiers pr\u00eat\u00e9e au jeu des questions\/r\u00e9ponses autour d\u2019un caf\u00e9.<\/h2>\n<h3>Comment avez-vous commenc\u00e9 \u00e0 \u00e9crire ?<\/h3>\n<p><em>Karine Lambert :<\/em> Je lis beaucoup, et ce depuis mes cinq ans. Les livres m\u2019ont beaucoup apport\u00e9, ils m\u2019ont permis de vivre mille vies, de tenir debout, parfois. J\u2019ai voulu offrir ce que j\u2019avais re\u00e7u : un beau moment de lecture. J\u2019ai envoy\u00e9 le manuscrit de <em>L\u2019immeuble des femmes qui avaient renonc\u00e9 aux hommes<\/em> \u00e0 pas moins de vingt-cinq maisons d\u2019\u00e9dition, s\u2019en est suivi le dur et long processus des refus, jusqu\u2019au coup de fil positif\u00a0!<\/p>\n<h3>Est-ce difficile de se remettre \u00e0 \u00e9crire apr\u00e8s un livre qui a eu beaucoup de succ\u00e8s ?<\/h3>\n<p><em>Karine Lambert :<\/em> Ce ne fut pas tr\u00e8s difficile dans la mesure o\u00f9 j\u2019ai commenc\u00e9 \u00e0 r\u00e9diger mon deuxi\u00e8me livre avant m\u00eame que le premier soit sorti, pour ne pas \u00eatre dans l\u2019attente.<\/p>\n<h3>Votre livre parle de deuil et de reconstruction, de fa\u00e7on tr\u00e8s inspir\u00e9e, est-ce un sujet qui vous tient \u00e0 c\u0153ur ?<\/h3>\n<p>Karine Lambert : Ce qui me pla\u00eet avant tout, c\u2019est la lumi\u00e8re qui se profile dans la plus sombre des impasses, ce moment o\u00f9 les gens pensent \u00eatre \u00e0 bout de course. C\u2019est son besoin d\u2019aimer qui permet \u00e0 Marcel de d\u00e9passer la culpabilit\u00e9 de la mort de sa femme. J\u2019ai interview\u00e9 des personnes \u00e2g\u00e9es afin de me documenter pour \u00e9crire ce livre. Il est vrai qu\u2019<strong>il en ressort le couple le plus improbable de la terre<\/strong>.<\/p>\n<div id=\"attachment_29988\" style=\"width: 282px\" class=\"wp-caption alignleft\"><img loading=\"lazy\" decoding=\"async\" aria-describedby=\"caption-attachment-29988\" data-attachment-id=\"29988\" data-permalink=\"https:\/\/smallthings.fr\/lespetitslivres\/2016\/05\/31\/rencontre-karine-lambert-auteur\/karine-lambert-rencontre\/\" data-orig-file=\"https:\/\/smallthings.fr\/lespetitslivres\/wp-content\/uploads\/2016\/05\/karine-lambert-rencontre.jpg\" data-orig-size=\"376,565\" data-comments-opened=\"1\" data-image-meta=\"{&quot;aperture&quot;:&quot;0&quot;,&quot;credit&quot;:&quot;&quot;,&quot;camera&quot;:&quot;&quot;,&quot;caption&quot;:&quot;&quot;,&quot;created_timestamp&quot;:&quot;0&quot;,&quot;copyright&quot;:&quot;&quot;,&quot;focal_length&quot;:&quot;0&quot;,&quot;iso&quot;:&quot;0&quot;,&quot;shutter_speed&quot;:&quot;0&quot;,&quot;title&quot;:&quot;&quot;,&quot;orientation&quot;:&quot;0&quot;}\" data-image-title=\"karine-lambert-rencontre\" data-image-description=\"\" data-image-caption=\"\" data-medium-file=\"https:\/\/smallthings.fr\/lespetitslivres\/wp-content\/uploads\/2016\/05\/karine-lambert-rencontre-200x300.jpg\" data-large-file=\"https:\/\/smallthings.fr\/lespetitslivres\/wp-content\/uploads\/2016\/05\/karine-lambert-rencontre.jpg\" class=\"wp-image-29988\" src=\"http:\/\/smallthings.fr\/lespetitslivres\/wp-content\/uploads\/2016\/05\/karine-lambert-rencontre.jpg\" alt=\"karine-lambert-rencontre\" width=\"272\" height=\"409\" srcset=\"https:\/\/smallthings.fr\/lespetitslivres\/wp-content\/uploads\/2016\/05\/karine-lambert-rencontre.jpg 376w, https:\/\/smallthings.fr\/lespetitslivres\/wp-content\/uploads\/2016\/05\/karine-lambert-rencontre-200x300.jpg 200w\" sizes=\"(max-width: 272px) 100vw, 272px\" \/><p id=\"caption-attachment-29988\" class=\"wp-caption-text\">Karine Lambert<\/p><\/div>\n<h3>O\u00f9 avez-vous puis\u00e9 l&rsquo;inspiration pour cr\u00e9er des personnages si diff\u00e9rents et attachants ?<\/h3>\n<p><em>Karine Lambert :<\/em> L\u2019inspiration provient d\u2019une riche palette d\u2019\u00e9l\u00e9ments diff\u00e9rents. L\u2019\u00e9tincelle a \u00e9t\u00e9 l\u2019histoire de la m\u00e8re d\u2019un ami qui a retrouv\u00e9 l\u2019amour apr\u00e8s des ann\u00e9es de veuvage. Il faut beaucoup d\u2019imagination pour \u00e9crire, mais on se nourrit aussi de notre entourage\u00a0: mes amis pieds-noirs m\u2019ont aid\u00e9 \u00e0 construire le personnage de Marcel, ainsi que mes ann\u00e9es au Maroc. Petite-fille de grands-parents russes, le th\u00e8me de l\u2019exil m\u2019est cher.<\/p>\n<h3>Vous \u00eates belge : avez-vous remarqu\u00e9 des diff\u00e9rences entre l&rsquo;accueil de vos livres en France et en Belgique ?<\/h3>\n<p><em>Karine Lambert :<\/em> Entre nous, j\u2019ai choisi de me faire \u00e9diter en France afin de pouvoir avoir acc\u00e8s \u00e0 davantage de march\u00e9s \u00e9trangers. Au niveau des lecteurs, tous les amoureux du livre se ressemblent.<\/p>\n<h3>Vous \u00eates photographe : trouvez-vous qu&rsquo;il existe des parall\u00e8les entre le m\u00e9tier d&rsquo;\u00e9crivain et celui de photographe ?<\/h3>\n<p><em>Karine Lambert :<\/em> Bien s\u00fbr\u00a0! En photographie comme dans l\u2019\u00e9criture on observe et on donne \u00e0 voir, quelque chose qui touche, et qui donne \u00e0 sentir au lecteur. D\u2019ailleurs, je vois les sc\u00e8nes avant de les \u00e9crire. L\u2019\u00e9criture permet cependant d\u2019aller plus loin, d\u2019emmener plus loin, car elle n\u2019est pas prisonni\u00e8re de l\u2019instantan\u00e9.<\/p>\n<h3>Enfin, auriez-vous des conseils \u00e0 donner \u00e0 de jeunes aspirants \u00e9crivains ?<\/h3>\n<p><em>Karine Lambert :<\/em> Il faut surtout oser poursuivre ses r\u00eaves. Il faut que ces r\u00eaves soient assez grands pour ne jamais les perdre de vue. Il faut \u00eatre passionn\u00e9 et se laisser envahir tout entier par la litt\u00e9rature. Il ne faut pas avoir peur d\u2019\u00e9crire tout le temps. Il est aussi utile de suivre des ateliers d\u2019\u00e9critures, bien que nous n\u2019ayons malheureusement pas de cursus de <em>creative writing<\/em> comme aux \u00c9tats-Unis. Ces ateliers peuvent faire office de bo\u00eetes \u00e0 outils, sur des th\u00e8mes particuliers. Il faut aussi faire preuve d\u2019humilit\u00e9, se faire relire, entendre les critiques afin de progresser. En r\u00e9sum\u00e9, <strong>je dirais qu\u2019il faut de la volont\u00e9, de la passion et un grain de folie\u00a0!<\/strong><\/p>\n<p>&nbsp;<\/p>\n<p>Karine Lambert est l&rsquo;auteur de <a href=\"http:\/\/smallthings.fr\/lespetitslivres\/2015\/06\/18\/immeuble-des-femmes-renonce-hommes-critique\/\" target=\"_blank\"><em>L&rsquo;immeuble des femmes qui ont renonc\u00e9 aux hommes<\/em><\/a> et de <a href=\"http:\/\/smallthings.fr\/lespetitslivres\/2016\/05\/12\/eh-bien-dansons-maintenant-roman\/\" target=\"_blank\">Eh bien dansons maintenant<\/a>, tous les deux critiqu\u00e9s sur Les Petits Livres.<\/p>\n","protected":false},"excerpt":{"rendered":"<p>L&rsquo;auteur Karine Lambert \u00e9tait de visite lundi 23 mai chez son \u00e9diteur JC Latt\u00e8s pour une journ\u00e9e presse marathon. Apr\u00e8s une s\u00e9ance TV, un shooting photo et autres, nous avons pu la rencontrer, souriante et disponible, dans les locaux de sa maison d\u2019\u00e9dition. Elle s\u2019est volontiers pr\u00eat\u00e9e au jeu des questions\/r\u00e9ponses autour d\u2019un caf\u00e9. Comment<\/p>\n","protected":false},"author":8,"featured_media":30010,"comment_status":"open","ping_status":"open","sticky":false,"template":"","format":"standard","meta":{"jetpack_post_was_ever_published":false,"_jetpack_newsletter_access":"","_jetpack_newsletter_tier_id":0,"footnotes":"","jetpack_publicize_message":"","jetpack_is_tweetstorm":false,"jetpack_publicize_feature_enabled":true,"jetpack_social_post_already_shared":true,"jetpack_social_options":{"image_generator_settings":{"template":"highway","enabled":false}}},"categories":[1422,1117],"tags":[1423,767,652],"jetpack_publicize_connections":[],"yoast_head":"<!-- This site is optimized with the Yoast SEO plugin v21.5 - https:\/\/yoast.com\/wordpress\/plugins\/seo\/ -->\n<title>Rencontre avec Karine Lambert, auteur feel-good du moment<\/title>\n<meta name=\"description\" content=\"L&#039;auteur Karine Lambert \u00e9tait de visite lundi 23 mai chez son \u00e9diteur JC Latt\u00e8s pour une journ\u00e9e presse marathon. Apr\u00e8s une s\u00e9ance TV, un shooting photo\" \/>\n<meta name=\"robots\" content=\"index, follow, max-snippet:-1, max-image-preview:large, max-video-preview:-1\" \/>\n<link rel=\"canonical\" href=\"https:\/\/smallthings.fr\/lespetitslivres\/2016\/05\/31\/rencontre-karine-lambert-auteur\/\" \/>\n<meta property=\"og:locale\" content=\"fr_FR\" \/>\n<meta property=\"og:type\" content=\"article\" \/>\n<meta property=\"og:title\" content=\"Rencontre avec Karine Lambert, auteur feel-good du moment\" \/>\n<meta property=\"og:description\" content=\"L&#039;auteur Karine Lambert \u00e9tait de visite lundi 23 mai chez son \u00e9diteur JC Latt\u00e8s pour une journ\u00e9e presse marathon. Apr\u00e8s une s\u00e9ance TV, un shooting photo\" \/>\n<meta property=\"og:url\" content=\"https:\/\/smallthings.fr\/lespetitslivres\/2016\/05\/31\/rencontre-karine-lambert-auteur\/\" \/>\n<meta property=\"og:site_name\" content=\"Les Petits Livres\" \/>\n<meta property=\"article:published_time\" content=\"2016-05-31T11:30:09+00:00\" \/>\n<meta property=\"article:modified_time\" content=\"2016-05-31T14:28:46+00:00\" \/>\n<meta property=\"og:image\" content=\"https:\/\/i0.wp.com\/smallthings.fr\/lespetitslivres\/wp-content\/uploads\/2016\/05\/karine-lambert.png?fit=1102%2C295&ssl=1\" \/>\n\t<meta property=\"og:image:width\" content=\"1102\" \/>\n\t<meta property=\"og:image:height\" content=\"295\" \/>\n\t<meta property=\"og:image:type\" content=\"image\/png\" \/>\n<meta name=\"author\" content=\"Lola\" \/>\n<meta name=\"twitter:card\" content=\"summary_large_image\" \/>\n<meta name=\"twitter:label1\" content=\"\u00c9crit par\" \/>\n\t<meta name=\"twitter:data1\" content=\"Lola\" \/>\n\t<meta name=\"twitter:label2\" content=\"Dur\u00e9e de lecture estim\u00e9e\" \/>\n\t<meta name=\"twitter:data2\" content=\"4 minutes\" \/>\n<script type=\"application\/ld+json\" class=\"yoast-schema-graph\">{\"@context\":\"https:\/\/schema.org\",\"@graph\":[{\"@type\":\"WebPage\",\"@id\":\"https:\/\/smallthings.fr\/lespetitslivres\/2016\/05\/31\/rencontre-karine-lambert-auteur\/\",\"url\":\"https:\/\/smallthings.fr\/lespetitslivres\/2016\/05\/31\/rencontre-karine-lambert-auteur\/\",\"name\":\"Rencontre avec Karine Lambert, auteur feel-good du moment\",\"isPartOf\":{\"@id\":\"https:\/\/smallthings.fr\/lespetitslivres\/#website\"},\"datePublished\":\"2016-05-31T11:30:09+00:00\",\"dateModified\":\"2016-05-31T14:28:46+00:00\",\"author\":{\"@id\":\"https:\/\/smallthings.fr\/lespetitslivres\/#\/schema\/person\/2740f045446c63eaf59a094edb250075\"},\"description\":\"L'auteur Karine Lambert \u00e9tait de visite lundi 23 mai chez son \u00e9diteur JC Latt\u00e8s pour une journ\u00e9e presse marathon. Apr\u00e8s une s\u00e9ance TV, un shooting photo\",\"breadcrumb\":{\"@id\":\"https:\/\/smallthings.fr\/lespetitslivres\/2016\/05\/31\/rencontre-karine-lambert-auteur\/#breadcrumb\"},\"inLanguage\":\"fr-FR\",\"potentialAction\":[{\"@type\":\"ReadAction\",\"target\":[\"https:\/\/smallthings.fr\/lespetitslivres\/2016\/05\/31\/rencontre-karine-lambert-auteur\/\"]}]},{\"@type\":\"BreadcrumbList\",\"@id\":\"https:\/\/smallthings.fr\/lespetitslivres\/2016\/05\/31\/rencontre-karine-lambert-auteur\/#breadcrumb\",\"itemListElement\":[{\"@type\":\"ListItem\",\"position\":1,\"name\":\"Accueil\",\"item\":\"https:\/\/smallthings.fr\/lespetitslivres\/\"},{\"@type\":\"ListItem\",\"position\":2,\"name\":\"Rencontre avec Karine Lambert, auteur feel-good du moment\"}]},{\"@type\":\"WebSite\",\"@id\":\"https:\/\/smallthings.fr\/lespetitslivres\/#website\",\"url\":\"https:\/\/smallthings.fr\/lespetitslivres\/\",\"name\":\"Les Petits Livres\",\"description\":\"by Small Things\",\"potentialAction\":[{\"@type\":\"SearchAction\",\"target\":{\"@type\":\"EntryPoint\",\"urlTemplate\":\"https:\/\/smallthings.fr\/lespetitslivres\/?s={search_term_string}\"},\"query-input\":\"required name=search_term_string\"}],\"inLanguage\":\"fr-FR\"},{\"@type\":\"Person\",\"@id\":\"https:\/\/smallthings.fr\/lespetitslivres\/#\/schema\/person\/2740f045446c63eaf59a094edb250075\",\"name\":\"Lola\",\"image\":{\"@type\":\"ImageObject\",\"inLanguage\":\"fr-FR\",\"@id\":\"https:\/\/smallthings.fr\/lespetitslivres\/#\/schema\/person\/image\/\",\"url\":\"https:\/\/secure.gravatar.com\/avatar\/50696b3ff10b9a1738ec34c08424583c?s=96&d=retro&r=g\",\"contentUrl\":\"https:\/\/secure.gravatar.com\/avatar\/50696b3ff10b9a1738ec34c08424583c?s=96&d=retro&r=g\",\"caption\":\"Lola\"},\"url\":\"https:\/\/smallthings.fr\/lespetitslivres\/author\/lola\/\"}]}<\/script>\n<!-- \/ Yoast SEO plugin. -->","yoast_head_json":{"title":"Rencontre avec Karine Lambert, auteur feel-good du moment","description":"L'auteur Karine Lambert \u00e9tait de visite lundi 23 mai chez son \u00e9diteur JC Latt\u00e8s pour une journ\u00e9e presse marathon. Apr\u00e8s une s\u00e9ance TV, un shooting photo","robots":{"index":"index","follow":"follow","max-snippet":"max-snippet:-1","max-image-preview":"max-image-preview:large","max-video-preview":"max-video-preview:-1"},"canonical":"https:\/\/smallthings.fr\/lespetitslivres\/2016\/05\/31\/rencontre-karine-lambert-auteur\/","og_locale":"fr_FR","og_type":"article","og_title":"Rencontre avec Karine Lambert, auteur feel-good du moment","og_description":"L'auteur Karine Lambert \u00e9tait de visite lundi 23 mai chez son \u00e9diteur JC Latt\u00e8s pour une journ\u00e9e presse marathon. Apr\u00e8s une s\u00e9ance TV, un shooting photo","og_url":"https:\/\/smallthings.fr\/lespetitslivres\/2016\/05\/31\/rencontre-karine-lambert-auteur\/","og_site_name":"Les Petits Livres","article_published_time":"2016-05-31T11:30:09+00:00","article_modified_time":"2016-05-31T14:28:46+00:00","og_image":[{"width":1102,"height":295,"url":"https:\/\/i0.wp.com\/smallthings.fr\/lespetitslivres\/wp-content\/uploads\/2016\/05\/karine-lambert.png?fit=1102%2C295&ssl=1","type":"image\/png"}],"author":"Lola","twitter_card":"summary_large_image","twitter_misc":{"\u00c9crit par":"Lola","Dur\u00e9e de lecture estim\u00e9e":"4 minutes"},"schema":{"@context":"https:\/\/schema.org","@graph":[{"@type":"WebPage","@id":"https:\/\/smallthings.fr\/lespetitslivres\/2016\/05\/31\/rencontre-karine-lambert-auteur\/","url":"https:\/\/smallthings.fr\/lespetitslivres\/2016\/05\/31\/rencontre-karine-lambert-auteur\/","name":"Rencontre avec Karine Lambert, auteur feel-good du moment","isPartOf":{"@id":"https:\/\/smallthings.fr\/lespetitslivres\/#website"},"datePublished":"2016-05-31T11:30:09+00:00","dateModified":"2016-05-31T14:28:46+00:00","author":{"@id":"https:\/\/smallthings.fr\/lespetitslivres\/#\/schema\/person\/2740f045446c63eaf59a094edb250075"},"description":"L'auteur Karine Lambert \u00e9tait de visite lundi 23 mai chez son \u00e9diteur JC Latt\u00e8s pour une journ\u00e9e presse marathon. Apr\u00e8s une s\u00e9ance TV, un shooting photo","breadcrumb":{"@id":"https:\/\/smallthings.fr\/lespetitslivres\/2016\/05\/31\/rencontre-karine-lambert-auteur\/#breadcrumb"},"inLanguage":"fr-FR","potentialAction":[{"@type":"ReadAction","target":["https:\/\/smallthings.fr\/lespetitslivres\/2016\/05\/31\/rencontre-karine-lambert-auteur\/"]}]},{"@type":"BreadcrumbList","@id":"https:\/\/smallthings.fr\/lespetitslivres\/2016\/05\/31\/rencontre-karine-lambert-auteur\/#breadcrumb","itemListElement":[{"@type":"ListItem","position":1,"name":"Accueil","item":"https:\/\/smallthings.fr\/lespetitslivres\/"},{"@type":"ListItem","position":2,"name":"Rencontre avec Karine Lambert, auteur feel-good du moment"}]},{"@type":"WebSite","@id":"https:\/\/smallthings.fr\/lespetitslivres\/#website","url":"https:\/\/smallthings.fr\/lespetitslivres\/","name":"Les Petits Livres","description":"by Small Things","potentialAction":[{"@type":"SearchAction","target":{"@type":"EntryPoint","urlTemplate":"https:\/\/smallthings.fr\/lespetitslivres\/?s={search_term_string}"},"query-input":"required name=search_term_string"}],"inLanguage":"fr-FR"},{"@type":"Person","@id":"https:\/\/smallthings.fr\/lespetitslivres\/#\/schema\/person\/2740f045446c63eaf59a094edb250075","name":"Lola","image":{"@type":"ImageObject","inLanguage":"fr-FR","@id":"https:\/\/smallthings.fr\/lespetitslivres\/#\/schema\/person\/image\/","url":"https:\/\/secure.gravatar.com\/avatar\/50696b3ff10b9a1738ec34c08424583c?s=96&d=retro&r=g","contentUrl":"https:\/\/secure.gravatar.com\/avatar\/50696b3ff10b9a1738ec34c08424583c?s=96&d=retro&r=g","caption":"Lola"},"url":"https:\/\/smallthings.fr\/lespetitslivres\/author\/lola\/"}]}},"jetpack_featured_media_url":"https:\/\/smallthings.fr\/lespetitslivres\/wp-content\/uploads\/2016\/05\/karine-lambert.png","jetpack_sharing_enabled":true,"jetpack_shortlink":"https:\/\/wp.me\/p6Un21-7NC","jetpack-related-posts":[{"id":24371,"url":"https:\/\/smallthings.fr\/lespetitslivres\/2015\/06\/18\/immeuble-des-femmes-renonce-hommes-critique\/","url_meta":{"origin":29984,"position":0},"title":"L&rsquo;immeuble des femmes qui ont renonc\u00e9 aux hommes &#8211; Karine Lambert","author":"Claire","date":"18 juin 2015","format":false,"excerpt":"L'immeuble des femmes qui ont renonc\u00e9 aux hommes de Karine Lambert est sorti le 9 juin au Livre de Poche. Un roman assez court et plut\u00f4t perch\u00e9, qui se passe dans un immeuble parisien. Carla part en voyage pour plusieurs mois, et propose \u00e0 son amie Juliette de reprendre son\u2026","rel":"","context":"Dans &quot;Roman fran\u00e7ais&quot;","block_context":{"text":"Roman fran\u00e7ais","link":"https:\/\/smallthings.fr\/lespetitslivres\/category\/roman\/roman-francais\/"},"img":{"alt_text":"","src":"https:\/\/i0.wp.com\/smallthings.fr\/wp-content\/uploads\/2015\/06\/immeuble-des-femmes-poche.jpg?resize=350%2C200","width":350,"height":200},"classes":[]},{"id":29923,"url":"https:\/\/smallthings.fr\/lespetitslivres\/2016\/05\/12\/eh-bien-dansons-maintenant-roman\/","url_meta":{"origin":29984,"position":1},"title":"Eh bien dansons maintenant : le roman doudou du printemps","author":"Lola","date":"12 mai 2016","format":false,"excerpt":"Apr\u00e8s L'immeuble des femmes qui ont renonc\u00e9 aux hommes, paru chez Michel Lafon, Karine Lambert passe chez JC Latt\u00e8s avec Eh bien dansons maintenant ! qui vient de para\u00eetre. Comment faire son deuil et rena\u00eetre \u00e0 plus de 70 ans ! Si l'\u00e9criture de Eh bien dansons maintenant ! est\u2026","rel":"","context":"Dans &quot;Roman fran\u00e7ais&quot;","block_context":{"text":"Roman fran\u00e7ais","link":"https:\/\/smallthings.fr\/lespetitslivres\/category\/roman\/roman-francais\/"},"img":{"alt_text":"","src":"https:\/\/i0.wp.com\/smallthings.fr\/lespetitslivres\/wp-content\/uploads\/2016\/05\/eh-bien-dansons-maintenant.jpg?resize=350%2C200&ssl=1","width":350,"height":200,"srcset":"https:\/\/i0.wp.com\/smallthings.fr\/lespetitslivres\/wp-content\/uploads\/2016\/05\/eh-bien-dansons-maintenant.jpg?resize=350%2C200&ssl=1 1x, https:\/\/i0.wp.com\/smallthings.fr\/lespetitslivres\/wp-content\/uploads\/2016\/05\/eh-bien-dansons-maintenant.jpg?resize=525%2C300&ssl=1 1.5x, https:\/\/i0.wp.com\/smallthings.fr\/lespetitslivres\/wp-content\/uploads\/2016\/05\/eh-bien-dansons-maintenant.jpg?resize=700%2C400&ssl=1 2x"},"classes":[]},{"id":8865,"url":"https:\/\/smallthings.fr\/lespetitslivres\/2013\/10\/24\/edition-numerique-cecile-la-liseuse\/","url_meta":{"origin":29984,"position":2},"title":"\u00c9dition num\u00e9rique &#8211; Zoom sur les \u00e9ditions C\u00e9cile La Liseuse","author":"Claire","date":"24 octobre 2013","format":false,"excerpt":"Zoom sur les \u00e9ditions C\u00e9cile La Liseuse dans le cadre de notre dossier sur l'\u00e9dition num\u00e9rique.","rel":"","context":"Dans &quot;Num\u00e9rique et audio&quot;","block_context":{"text":"Num\u00e9rique et audio","link":"https:\/\/smallthings.fr\/lespetitslivres\/category\/numerique-audio\/"},"img":{"alt_text":"","src":"https:\/\/i0.wp.com\/uploads.smallthings.fr\/2013\/10\/88415842_o-211x300.jpg?resize=350%2C200","width":350,"height":200},"classes":[]},{"id":32113,"url":"https:\/\/smallthings.fr\/lespetitslivres\/2020\/05\/13\/temple-des-derniers-jours-adam-nevill\/","url_meta":{"origin":29984,"position":3},"title":"Le temple des derniers jours de Adam Nevill : la d\u00e9ception","author":"Jennifer","date":"13 mai 2020","format":false,"excerpt":"Adam Nevill, auteur de Appartement 16 , a sorti en poche chez Bragelonne Le temple des derniers jours. Un thriller surnaturel au fort potentiel, mais qui m\u2019a d\u00e9\u00e7ue. Il m\u2019aura fallu pas moins de cinq mois pour venir \u00e0 bout du Temple des derniers jours. Le roman d\u2019Adam Nevill part\u2026","rel":"","context":"Dans &quot;Fantastique&quot;","block_context":{"text":"Fantastique","link":"https:\/\/smallthings.fr\/lespetitslivres\/category\/imaginaire\/fantastique\/"},"img":{"alt_text":"","src":"https:\/\/i0.wp.com\/smallthings.fr\/lespetitslivres\/wp-content\/uploads\/2020\/05\/Le-temple-des-derniers-jours-Adam-Neville-2.jpg?resize=350%2C200&ssl=1","width":350,"height":200,"srcset":"https:\/\/i0.wp.com\/smallthings.fr\/lespetitslivres\/wp-content\/uploads\/2020\/05\/Le-temple-des-derniers-jours-Adam-Neville-2.jpg?resize=350%2C200&ssl=1 1x, https:\/\/i0.wp.com\/smallthings.fr\/lespetitslivres\/wp-content\/uploads\/2020\/05\/Le-temple-des-derniers-jours-Adam-Neville-2.jpg?resize=525%2C300&ssl=1 1.5x, https:\/\/i0.wp.com\/smallthings.fr\/lespetitslivres\/wp-content\/uploads\/2020\/05\/Le-temple-des-derniers-jours-Adam-Neville-2.jpg?resize=700%2C400&ssl=1 2x, https:\/\/i0.wp.com\/smallthings.fr\/lespetitslivres\/wp-content\/uploads\/2020\/05\/Le-temple-des-derniers-jours-Adam-Neville-2.jpg?resize=1050%2C600&ssl=1 3x"},"classes":[]},{"id":31882,"url":"https:\/\/smallthings.fr\/lespetitslivres\/2019\/04\/03\/infinite-love-la-romance-qui-va-vous-bouleverser\/","url_meta":{"origin":29984,"position":4},"title":"Infinite Love, la romance qui va vous bouleverser !","author":"Jennifer","date":"3 avril 2019","format":false,"excerpt":"Infinite Love, Nos Infinis Chaos, de Alfreda Enwy est sorti en format poche chez Milady fin octobre 2018. On y rencontre Dylan, une jeune fille au pass\u00e9 sombre, qui tente de se reconstruire dans une nouvelle ville. J\u2019avais entendu beaucoup de bien de Nos Infinis Chaos et je ne savais\u2026","rel":"","context":"Dans &quot;Roman fran\u00e7ais&quot;","block_context":{"text":"Roman fran\u00e7ais","link":"https:\/\/smallthings.fr\/lespetitslivres\/category\/roman\/roman-francais\/"},"img":{"alt_text":"","src":"https:\/\/i0.wp.com\/smallthings.fr\/lespetitslivres\/wp-content\/uploads\/2019\/01\/infinite-love-tome-1-2.jpg?resize=350%2C200&ssl=1","width":350,"height":200,"srcset":"https:\/\/i0.wp.com\/smallthings.fr\/lespetitslivres\/wp-content\/uploads\/2019\/01\/infinite-love-tome-1-2.jpg?resize=350%2C200&ssl=1 1x, https:\/\/i0.wp.com\/smallthings.fr\/lespetitslivres\/wp-content\/uploads\/2019\/01\/infinite-love-tome-1-2.jpg?resize=525%2C300&ssl=1 1.5x, https:\/\/i0.wp.com\/smallthings.fr\/lespetitslivres\/wp-content\/uploads\/2019\/01\/infinite-love-tome-1-2.jpg?resize=700%2C400&ssl=1 2x, https:\/\/i0.wp.com\/smallthings.fr\/lespetitslivres\/wp-content\/uploads\/2019\/01\/infinite-love-tome-1-2.jpg?resize=1050%2C600&ssl=1 3x, https:\/\/i0.wp.com\/smallthings.fr\/lespetitslivres\/wp-content\/uploads\/2019\/01\/infinite-love-tome-1-2.jpg?resize=1400%2C800&ssl=1 4x"},"classes":[]},{"id":32297,"url":"https:\/\/smallthings.fr\/lespetitslivres\/2022\/02\/13\/dark-protectors-zane\/","url_meta":{"origin":29984,"position":5},"title":"Dark Protectors : enfin le livre sur Zane et Janie !","author":"Jennifer","date":"13 f\u00e9vrier 2022","format":false,"excerpt":"La saga Dark Protectors de Rebecca Zanetti fait des \u00e9mules parmi les fans de bitlit depuis la sortie du tout premier tome. Chaque livre apporte un plus \u00e0 l\u2019intrigue g\u00e9n\u00e9rale et nous permet de d\u00e9couvrir des personnages en profondeur. Ce septi\u00e8me tome, sorti le 19 janvier dernier chez les \u00e9ditions\u2026","rel":"","context":"Dans &quot;Fantastique&quot;","block_context":{"text":"Fantastique","link":"https:\/\/smallthings.fr\/lespetitslivres\/category\/imaginaire\/fantastique\/"},"img":{"alt_text":"","src":"https:\/\/i0.wp.com\/smallthings.fr\/lespetitslivres\/wp-content\/uploads\/2022\/02\/Dark-Protectors-Zane-Rebecca-Zanetti-3.jpg?resize=350%2C200&ssl=1","width":350,"height":200,"srcset":"https:\/\/i0.wp.com\/smallthings.fr\/lespetitslivres\/wp-content\/uploads\/2022\/02\/Dark-Protectors-Zane-Rebecca-Zanetti-3.jpg?resize=350%2C200&ssl=1 1x, https:\/\/i0.wp.com\/smallthings.fr\/lespetitslivres\/wp-content\/uploads\/2022\/02\/Dark-Protectors-Zane-Rebecca-Zanetti-3.jpg?resize=525%2C300&ssl=1 1.5x"},"classes":[]}],"_links":{"self":[{"href":"https:\/\/smallthings.fr\/lespetitslivres\/wp-json\/wp\/v2\/posts\/29984"}],"collection":[{"href":"https:\/\/smallthings.fr\/lespetitslivres\/wp-json\/wp\/v2\/posts"}],"about":[{"href":"https:\/\/smallthings.fr\/lespetitslivres\/wp-json\/wp\/v2\/types\/post"}],"author":[{"embeddable":true,"href":"https:\/\/smallthings.fr\/lespetitslivres\/wp-json\/wp\/v2\/users\/8"}],"replies":[{"embeddable":true,"href":"https:\/\/smallthings.fr\/lespetitslivres\/wp-json\/wp\/v2\/comments?post=29984"}],"version-history":[{"count":5,"href":"https:\/\/smallthings.fr\/lespetitslivres\/wp-json\/wp\/v2\/posts\/29984\/revisions"}],"predecessor-version":[{"id":30011,"href":"https:\/\/smallthings.fr\/lespetitslivres\/wp-json\/wp\/v2\/posts\/29984\/revisions\/30011"}],"wp:featuredmedia":[{"embeddable":true,"href":"https:\/\/smallthings.fr\/lespetitslivres\/wp-json\/wp\/v2\/media\/30010"}],"wp:attachment":[{"href":"https:\/\/smallthings.fr\/lespetitslivres\/wp-json\/wp\/v2\/media?parent=29984"}],"wp:term":[{"taxonomy":"category","embeddable":true,"href":"https:\/\/smallthings.fr\/lespetitslivres\/wp-json\/wp\/v2\/categories?post=29984"},{"taxonomy":"post_tag","embeddable":true,"href":"https:\/\/smallthings.fr\/lespetitslivres\/wp-json\/wp\/v2\/tags?post=29984"}],"curies":[{"name":"wp","href":"https:\/\/api.w.org\/{rel}","templated":true}]}}