{"id":29973,"date":"2016-05-21T17:00:44","date_gmt":"2016-05-21T16:00:44","guid":{"rendered":"http:\/\/smallthings.fr\/lespetitslivres\/?p=29973"},"modified":"2016-05-21T12:47:27","modified_gmt":"2016-05-21T11:47:27","slug":"bete-devaudan-autres-histoires-vraies","status":"publish","type":"post","link":"https:\/\/smallthings.fr\/lespetitslivres\/2016\/05\/21\/bete-devaudan-autres-histoires-vraies\/","title":{"rendered":"La B\u00eate du G\u00e9vaudan et autres histoires vraies : au-del\u00e0 des fantasmes"},"content":{"rendered":"<h2><em>La B\u00eate du G\u00e9vaudan et autres histoires vraies<\/em> vient de para\u00eetre aux \u00e9ditions de l&rsquo;<a href=\"http:\/\/www.editionsarchipel.com\/livre\/la-bete-du-gevaudan\/\" target=\"_blank\">Archipel<\/a>. Au-del\u00e0 des apparences et des croyances populaires, Jean-Claude Bourret a men\u00e9 l\u2019enqu\u00eate.<\/h2>\n<p>1764. Louis XV r\u00e8gne sur la France. Dans la province du G\u00e9vaudan, une cr\u00e9ature myst\u00e9rieuse s\u00e8me la terreur aupr\u00e8s des villageois. La B\u00eate est monstrueuse, avec une m\u00e2choire d\u2019une puissance ph\u00e9nom\u00e9nale et des griffes longues comme le doigt. Sournoisement, elle s\u2019attaque aux proies faciles, femmes isol\u00e9es, enfants-bergers seuls avec leur troupeau. Les chasseurs la traquent, sans succ\u00e8s. Serait-ce le Diable lui-m\u00eame\u00a0? Des dizaines, voire des centaines de personnes sont tu\u00e9es. Jean-Claude Bourret avance le chiffre de 400. Un d\u00e9sastre. Mais qui \u00e9tait cette B\u00eate terrible\u00a0? L\u2019auteur retrace dans ce livre l\u2019\u00e9pop\u00e9e de cet animal terrifiant capable d\u2019\u00e9chapper aux traques, de survivre aux tirs des chasseurs.<\/p>\n<p><strong><img loading=\"lazy\" decoding=\"async\" data-attachment-id=\"29977\" data-permalink=\"https:\/\/smallthings.fr\/lespetitslivres\/2016\/05\/21\/bete-devaudan-autres-histoires-vraies\/bete-gevaudan\/\" data-orig-file=\"https:\/\/smallthings.fr\/lespetitslivres\/wp-content\/uploads\/2016\/05\/bete-gevaudan.jpeg\" data-orig-size=\"220,352\" data-comments-opened=\"1\" data-image-meta=\"{&quot;aperture&quot;:&quot;0&quot;,&quot;credit&quot;:&quot;&quot;,&quot;camera&quot;:&quot;&quot;,&quot;caption&quot;:&quot;&quot;,&quot;created_timestamp&quot;:&quot;0&quot;,&quot;copyright&quot;:&quot;&quot;,&quot;focal_length&quot;:&quot;0&quot;,&quot;iso&quot;:&quot;0&quot;,&quot;shutter_speed&quot;:&quot;0&quot;,&quot;title&quot;:&quot;&quot;,&quot;orientation&quot;:&quot;0&quot;}\" data-image-title=\"bete-gevaudan\" data-image-description=\"\" data-image-caption=\"\" data-medium-file=\"https:\/\/smallthings.fr\/lespetitslivres\/wp-content\/uploads\/2016\/05\/bete-gevaudan-188x300.jpeg\" data-large-file=\"https:\/\/smallthings.fr\/lespetitslivres\/wp-content\/uploads\/2016\/05\/bete-gevaudan.jpeg\" class=\"alignleft size-full wp-image-29977\" src=\"http:\/\/smallthings.fr\/lespetitslivres\/wp-content\/uploads\/2016\/05\/bete-gevaudan.jpeg\" alt=\"bete-gevaudan\" width=\"220\" height=\"352\" srcset=\"https:\/\/smallthings.fr\/lespetitslivres\/wp-content\/uploads\/2016\/05\/bete-gevaudan.jpeg 220w, https:\/\/smallthings.fr\/lespetitslivres\/wp-content\/uploads\/2016\/05\/bete-gevaudan-188x300.jpeg 188w\" sizes=\"(max-width: 220px) 100vw, 220px\" \/>Journaliste et reporter, Jean-Claude Bourret propose un livre document\u00e9 sur quelques grands dossiers de la France myst\u00e9rieuse<\/strong>. C\u2019est non seulement int\u00e9ressant mais en plus tr\u00e8s bien \u00e9crit. Le style de l\u2019auteur rend le r\u00e9cit passionnant. Alors on se passionne.<\/p>\n<p>Pour ce cur\u00e9 de Loudun, accus\u00e9 de sorcellerie et br\u00fbl\u00e9 vif. Les s\u0153urs du couvent \u00e9taient-elles r\u00e9ellement poss\u00e9d\u00e9es ou ce cur\u00e9 a-t-il \u00e9t\u00e9 victime d\u2019un coup mont\u00e9\u00a0? Pour ces anglaises de bonne r\u00e9putation convaincues d\u2019avoir vu le fant\u00f4me de Marie-Antoinette dans les jardins du Petit Trianon en 1901. Seraient-elles en proie \u00e0 des hallucinations\u00a0? Pour ce vampire qui r\u00f4dait dans les cimeti\u00e8res parisiens \u00e0 la recherche de cadavres frais au XIX\u00e8me si\u00e8cle. \u00catre d\u00e9moniaque ou personnalit\u00e9 d\u00e9rang\u00e9e\u00a0? Pour cette histoire aussi incroyable que r\u00e9elle et inexpliqu\u00e9e des combustions dites \u00ab\u00a0spontan\u00e9es\u00a0\u00bb. Comment peut-on se consumer sans mettre le feu aux v\u00eatements ou objets aux alentours\u00a0?<\/p>\n<p>Des recherches minutieuses ont permis \u00e0 Jean-Claude Bourret de se forger une opinion sur ces affaires jamais r\u00e9solues, souvent fantasm\u00e9es. Et de nous livrer ses impressions. Pour classer le dossier\u00a0?<\/p>\n","protected":false},"excerpt":{"rendered":"<p>La B\u00eate du G\u00e9vaudan et autres histoires vraies vient de para\u00eetre aux \u00e9ditions de l&rsquo;Archipel. Au-del\u00e0 des apparences et des croyances populaires, Jean-Claude Bourret a men\u00e9 l\u2019enqu\u00eate. 1764. Louis XV r\u00e8gne sur la France. Dans la province du G\u00e9vaudan, une cr\u00e9ature myst\u00e9rieuse s\u00e8me la terreur aupr\u00e8s des villageois. La B\u00eate est monstrueuse, avec une m\u00e2choire<\/p>\n","protected":false},"author":6,"featured_media":29976,"comment_status":"open","ping_status":"open","sticky":false,"template":"","format":"standard","meta":{"jetpack_post_was_ever_published":false,"_jetpack_newsletter_access":"","_jetpack_newsletter_tier_id":0,"footnotes":"","jetpack_publicize_message":"","jetpack_is_tweetstorm":false,"jetpack_publicize_feature_enabled":true,"jetpack_social_post_already_shared":true,"jetpack_social_options":{"image_generator_settings":{"template":"highway","enabled":false}}},"categories":[1110],"tags":[1418,1419],"jetpack_publicize_connections":[],"yoast_head":"<!-- This site is optimized with the Yoast SEO plugin v21.5 - https:\/\/yoast.com\/wordpress\/plugins\/seo\/ -->\n<title>La B\u00eate du G\u00e9vaudan et autres histoires vraies : au-del\u00e0 des fantasmes<\/title>\n<meta name=\"description\" content=\"La B\u00eate du G\u00e9vaudan et autres histoires vraies vient de para\u00eetre aux \u00e9ditions de l&#039;Archipel. Au-del\u00e0 des apparences et des croyances populaires, Jean-Claude\" \/>\n<meta name=\"robots\" content=\"index, follow, max-snippet:-1, max-image-preview:large, max-video-preview:-1\" \/>\n<link rel=\"canonical\" href=\"https:\/\/smallthings.fr\/lespetitslivres\/2016\/05\/21\/bete-devaudan-autres-histoires-vraies\/\" \/>\n<meta property=\"og:locale\" content=\"fr_FR\" \/>\n<meta property=\"og:type\" content=\"article\" \/>\n<meta property=\"og:title\" content=\"La B\u00eate du G\u00e9vaudan et autres histoires vraies : au-del\u00e0 des fantasmes\" \/>\n<meta property=\"og:description\" content=\"La B\u00eate du G\u00e9vaudan et autres histoires vraies vient de para\u00eetre aux \u00e9ditions de l&#039;Archipel. Au-del\u00e0 des apparences et des croyances populaires, Jean-Claude\" \/>\n<meta property=\"og:url\" content=\"https:\/\/smallthings.fr\/lespetitslivres\/2016\/05\/21\/bete-devaudan-autres-histoires-vraies\/\" \/>\n<meta property=\"og:site_name\" content=\"Les Petits Livres\" \/>\n<meta property=\"article:published_time\" content=\"2016-05-21T16:00:44+00:00\" \/>\n<meta property=\"article:modified_time\" content=\"2016-05-21T11:47:27+00:00\" \/>\n<meta property=\"og:image\" content=\"https:\/\/smallthings.fr\/lespetitslivres\/wp-content\/uploads\/2016\/05\/gevaudan-couv.jpg\" \/>\n\t<meta property=\"og:image:width\" content=\"633\" \/>\n\t<meta property=\"og:image:height\" content=\"289\" \/>\n\t<meta property=\"og:image:type\" content=\"image\/jpeg\" \/>\n<meta name=\"author\" content=\"Audrey Ch\u00e8vrefeuille\" \/>\n<meta name=\"twitter:card\" content=\"summary_large_image\" \/>\n<meta name=\"twitter:label1\" content=\"\u00c9crit par\" \/>\n\t<meta name=\"twitter:data1\" content=\"Audrey Ch\u00e8vrefeuille\" \/>\n\t<meta name=\"twitter:label2\" content=\"Dur\u00e9e de lecture estim\u00e9e\" \/>\n\t<meta name=\"twitter:data2\" content=\"2 minutes\" \/>\n<script type=\"application\/ld+json\" class=\"yoast-schema-graph\">{\"@context\":\"https:\/\/schema.org\",\"@graph\":[{\"@type\":\"WebPage\",\"@id\":\"https:\/\/smallthings.fr\/lespetitslivres\/2016\/05\/21\/bete-devaudan-autres-histoires-vraies\/\",\"url\":\"https:\/\/smallthings.fr\/lespetitslivres\/2016\/05\/21\/bete-devaudan-autres-histoires-vraies\/\",\"name\":\"La B\u00eate du G\u00e9vaudan et autres histoires vraies : au-del\u00e0 des fantasmes\",\"isPartOf\":{\"@id\":\"https:\/\/smallthings.fr\/lespetitslivres\/#website\"},\"datePublished\":\"2016-05-21T16:00:44+00:00\",\"dateModified\":\"2016-05-21T11:47:27+00:00\",\"author\":{\"@id\":\"https:\/\/smallthings.fr\/lespetitslivres\/#\/schema\/person\/aab65d6efcfc32725dcf5e977fdbcc75\"},\"description\":\"La B\u00eate du G\u00e9vaudan et autres histoires vraies vient de para\u00eetre aux \u00e9ditions de l'Archipel. Au-del\u00e0 des apparences et des croyances populaires, Jean-Claude\",\"breadcrumb\":{\"@id\":\"https:\/\/smallthings.fr\/lespetitslivres\/2016\/05\/21\/bete-devaudan-autres-histoires-vraies\/#breadcrumb\"},\"inLanguage\":\"fr-FR\",\"potentialAction\":[{\"@type\":\"ReadAction\",\"target\":[\"https:\/\/smallthings.fr\/lespetitslivres\/2016\/05\/21\/bete-devaudan-autres-histoires-vraies\/\"]}]},{\"@type\":\"BreadcrumbList\",\"@id\":\"https:\/\/smallthings.fr\/lespetitslivres\/2016\/05\/21\/bete-devaudan-autres-histoires-vraies\/#breadcrumb\",\"itemListElement\":[{\"@type\":\"ListItem\",\"position\":1,\"name\":\"Accueil\",\"item\":\"https:\/\/smallthings.fr\/lespetitslivres\/\"},{\"@type\":\"ListItem\",\"position\":2,\"name\":\"La B\u00eate du G\u00e9vaudan et autres histoires vraies : au-del\u00e0 des fantasmes\"}]},{\"@type\":\"WebSite\",\"@id\":\"https:\/\/smallthings.fr\/lespetitslivres\/#website\",\"url\":\"https:\/\/smallthings.fr\/lespetitslivres\/\",\"name\":\"Les Petits Livres\",\"description\":\"by Small Things\",\"potentialAction\":[{\"@type\":\"SearchAction\",\"target\":{\"@type\":\"EntryPoint\",\"urlTemplate\":\"https:\/\/smallthings.fr\/lespetitslivres\/?s={search_term_string}\"},\"query-input\":\"required name=search_term_string\"}],\"inLanguage\":\"fr-FR\"},{\"@type\":\"Person\",\"@id\":\"https:\/\/smallthings.fr\/lespetitslivres\/#\/schema\/person\/aab65d6efcfc32725dcf5e977fdbcc75\",\"name\":\"Audrey Ch\u00e8vrefeuille\",\"image\":{\"@type\":\"ImageObject\",\"inLanguage\":\"fr-FR\",\"@id\":\"https:\/\/smallthings.fr\/lespetitslivres\/#\/schema\/person\/image\/\",\"url\":\"https:\/\/secure.gravatar.com\/avatar\/5b5b4b3479c8d73a7ac976231ee93e9a?s=96&d=retro&r=g\",\"contentUrl\":\"https:\/\/secure.gravatar.com\/avatar\/5b5b4b3479c8d73a7ac976231ee93e9a?s=96&d=retro&r=g\",\"caption\":\"Audrey Ch\u00e8vrefeuille\"},\"url\":\"https:\/\/smallthings.fr\/lespetitslivres\/author\/audrey_h\/\"}]}<\/script>\n<!-- \/ Yoast SEO plugin. -->","yoast_head_json":{"title":"La B\u00eate du G\u00e9vaudan et autres histoires vraies : au-del\u00e0 des fantasmes","description":"La B\u00eate du G\u00e9vaudan et autres histoires vraies vient de para\u00eetre aux \u00e9ditions de l'Archipel. Au-del\u00e0 des apparences et des croyances populaires, Jean-Claude","robots":{"index":"index","follow":"follow","max-snippet":"max-snippet:-1","max-image-preview":"max-image-preview:large","max-video-preview":"max-video-preview:-1"},"canonical":"https:\/\/smallthings.fr\/lespetitslivres\/2016\/05\/21\/bete-devaudan-autres-histoires-vraies\/","og_locale":"fr_FR","og_type":"article","og_title":"La B\u00eate du G\u00e9vaudan et autres histoires vraies : au-del\u00e0 des fantasmes","og_description":"La B\u00eate du G\u00e9vaudan et autres histoires vraies vient de para\u00eetre aux \u00e9ditions de l'Archipel. Au-del\u00e0 des apparences et des croyances populaires, Jean-Claude","og_url":"https:\/\/smallthings.fr\/lespetitslivres\/2016\/05\/21\/bete-devaudan-autres-histoires-vraies\/","og_site_name":"Les Petits Livres","article_published_time":"2016-05-21T16:00:44+00:00","article_modified_time":"2016-05-21T11:47:27+00:00","og_image":[{"width":633,"height":289,"url":"https:\/\/smallthings.fr\/lespetitslivres\/wp-content\/uploads\/2016\/05\/gevaudan-couv.jpg","type":"image\/jpeg"}],"author":"Audrey Ch\u00e8vrefeuille","twitter_card":"summary_large_image","twitter_misc":{"\u00c9crit par":"Audrey Ch\u00e8vrefeuille","Dur\u00e9e de lecture estim\u00e9e":"2 minutes"},"schema":{"@context":"https:\/\/schema.org","@graph":[{"@type":"WebPage","@id":"https:\/\/smallthings.fr\/lespetitslivres\/2016\/05\/21\/bete-devaudan-autres-histoires-vraies\/","url":"https:\/\/smallthings.fr\/lespetitslivres\/2016\/05\/21\/bete-devaudan-autres-histoires-vraies\/","name":"La B\u00eate du G\u00e9vaudan et autres histoires vraies : au-del\u00e0 des fantasmes","isPartOf":{"@id":"https:\/\/smallthings.fr\/lespetitslivres\/#website"},"datePublished":"2016-05-21T16:00:44+00:00","dateModified":"2016-05-21T11:47:27+00:00","author":{"@id":"https:\/\/smallthings.fr\/lespetitslivres\/#\/schema\/person\/aab65d6efcfc32725dcf5e977fdbcc75"},"description":"La B\u00eate du G\u00e9vaudan et autres histoires vraies vient de para\u00eetre aux \u00e9ditions de l'Archipel. Au-del\u00e0 des apparences et des croyances populaires, Jean-Claude","breadcrumb":{"@id":"https:\/\/smallthings.fr\/lespetitslivres\/2016\/05\/21\/bete-devaudan-autres-histoires-vraies\/#breadcrumb"},"inLanguage":"fr-FR","potentialAction":[{"@type":"ReadAction","target":["https:\/\/smallthings.fr\/lespetitslivres\/2016\/05\/21\/bete-devaudan-autres-histoires-vraies\/"]}]},{"@type":"BreadcrumbList","@id":"https:\/\/smallthings.fr\/lespetitslivres\/2016\/05\/21\/bete-devaudan-autres-histoires-vraies\/#breadcrumb","itemListElement":[{"@type":"ListItem","position":1,"name":"Accueil","item":"https:\/\/smallthings.fr\/lespetitslivres\/"},{"@type":"ListItem","position":2,"name":"La B\u00eate du G\u00e9vaudan et autres histoires vraies : au-del\u00e0 des fantasmes"}]},{"@type":"WebSite","@id":"https:\/\/smallthings.fr\/lespetitslivres\/#website","url":"https:\/\/smallthings.fr\/lespetitslivres\/","name":"Les Petits Livres","description":"by Small Things","potentialAction":[{"@type":"SearchAction","target":{"@type":"EntryPoint","urlTemplate":"https:\/\/smallthings.fr\/lespetitslivres\/?s={search_term_string}"},"query-input":"required name=search_term_string"}],"inLanguage":"fr-FR"},{"@type":"Person","@id":"https:\/\/smallthings.fr\/lespetitslivres\/#\/schema\/person\/aab65d6efcfc32725dcf5e977fdbcc75","name":"Audrey Ch\u00e8vrefeuille","image":{"@type":"ImageObject","inLanguage":"fr-FR","@id":"https:\/\/smallthings.fr\/lespetitslivres\/#\/schema\/person\/image\/","url":"https:\/\/secure.gravatar.com\/avatar\/5b5b4b3479c8d73a7ac976231ee93e9a?s=96&d=retro&r=g","contentUrl":"https:\/\/secure.gravatar.com\/avatar\/5b5b4b3479c8d73a7ac976231ee93e9a?s=96&d=retro&r=g","caption":"Audrey Ch\u00e8vrefeuille"},"url":"https:\/\/smallthings.fr\/lespetitslivres\/author\/audrey_h\/"}]}},"jetpack_featured_media_url":"https:\/\/smallthings.fr\/lespetitslivres\/wp-content\/uploads\/2016\/05\/gevaudan-couv.jpg","jetpack_sharing_enabled":true,"jetpack_shortlink":"https:\/\/wp.me\/p6Un21-7Nr","jetpack-related-posts":[{"id":31074,"url":"https:\/\/smallthings.fr\/lespetitslivres\/2017\/06\/17\/triangle-bermudes-autres-histoires-vecues\/","url_meta":{"origin":29973,"position":0},"title":"Le triangle des Bermudes et autres histoires v\u00e9cues","author":"June","date":"17 juin 2017","format":false,"excerpt":"Le triangle des Bermudes et autres histoires v\u00e9cues est un document historique r\u00e9dig\u00e9 par Bernard Marck et Jean-Claude Bourret, r\u00e9cemment paru aux \u00e9ditions de L'Archipel. L\u2019Archipel des Bermudes, vous connaissez\u00a0? Pas tr\u00e8s loin de Miami et des Bahamas. Eau cristalline, ciel turquoise, plages de sable chaud\u2026 Et son fameux Triangle,\u2026","rel":"","context":"Dans &quot;Essai&quot;","block_context":{"text":"Essai","link":"https:\/\/smallthings.fr\/lespetitslivres\/category\/non-fiction\/essai\/"},"img":{"alt_text":"","src":"https:\/\/i0.wp.com\/smallthings.fr\/lespetitslivres\/wp-content\/uploads\/2017\/06\/triangle-bermudes-autres-histoires-couv.jpg?resize=350%2C200&ssl=1","width":350,"height":200,"srcset":"https:\/\/i0.wp.com\/smallthings.fr\/lespetitslivres\/wp-content\/uploads\/2017\/06\/triangle-bermudes-autres-histoires-couv.jpg?resize=350%2C200&ssl=1 1x, https:\/\/i0.wp.com\/smallthings.fr\/lespetitslivres\/wp-content\/uploads\/2017\/06\/triangle-bermudes-autres-histoires-couv.jpg?resize=525%2C300&ssl=1 1.5x"},"classes":[]},{"id":26903,"url":"https:\/\/smallthings.fr\/lespetitslivres\/2015\/09\/08\/stray-dog-tome-1-manga-critique\/","url_meta":{"origin":29973,"position":1},"title":"Stray Dog, le 1er tome du manga de VanRah","author":"Rebecca","date":"8 septembre 2015","format":false,"excerpt":"Stray Dog est l\u2019\u0153uvre de VanRah, une dessinatrice connue sur DeviantArt gr\u00e2ce \u00e0 l'atmosph\u00e8re de ses dessins \u00e0 la fois fantastiques et orientaux. Ce manga, d\u00e9j\u00e0 paru aux \u00e9ditions des Brumes il y a quelques ann\u00e9es, avait suscit\u00e9 la d\u00e9ception car l'\u00e9diteur avait rendu un travail m\u00e9diocre. Cette \u0153uvre conna\u00eet\u2026","rel":"","context":"Dans &quot;Manga&quot;","block_context":{"text":"Manga","link":"https:\/\/smallthings.fr\/lespetitslivres\/category\/bd-manga\/manga\/"},"img":{"alt_text":"","src":"https:\/\/i0.wp.com\/smallthings.fr\/wp-content\/uploads\/2015\/09\/stray-dog-t-1-217x300.jpg?resize=350%2C200","width":350,"height":200},"classes":[]},{"id":15991,"url":"https:\/\/smallthings.fr\/lespetitslivres\/2014\/08\/28\/odeur-minotaure-roman-richez\/","url_meta":{"origin":29973,"position":2},"title":"L\u2019Odeur du Minotaure, premier roman de Marion Richez","author":"Cecile","date":"28 ao\u00fbt 2014","format":false,"excerpt":"L'Odeur du Minotaure est le premier roman de Marion Richez, publi\u00e9 chez Sabine Wespieser pour la rentr\u00e9e litt\u00e9raire. Dipl\u00f4m\u00e9e de l\u2019ENS Ulm et agr\u00e9g\u00e9e de philosophie, Marion Richez pr\u00e9pare actuellement une th\u00e8se sur la conscience du corps \u00e0 Paris IV. En parall\u00e8le, elle explore donc \u00e9galement la veine romanesque. Une\u2026","rel":"","context":"Dans &quot;Roman fran\u00e7ais&quot;","block_context":{"text":"Roman fran\u00e7ais","link":"https:\/\/smallthings.fr\/lespetitslivres\/category\/roman\/roman-francais\/"},"img":{"alt_text":"","src":"https:\/\/i0.wp.com\/smallthings.fr\/wp-content\/uploads\/2014\/08\/odeur-minotaure-richez.jpg?resize=350%2C200","width":350,"height":200},"classes":[]},{"id":29459,"url":"https:\/\/smallthings.fr\/lespetitslivres\/2016\/01\/30\/tourbieres-noires-bec-bd-avis\/","url_meta":{"origin":29973,"position":3},"title":"Les Tourbi\u00e8res Noires : plong\u00e9e terrifiante au c\u0153ur de l&rsquo;Aubrac","author":"Paulo","date":"30 janvier 2016","format":false,"excerpt":"Nous partons aujourd'hui \u00e0 la d\u00e9couverte de l'Aubrac, gr\u00e2ce \u00e0 Christophe Bec et \u00e0 ses Tourbi\u00e8res Noires ! On d\u00e9couvre des paysages de campagne \u00e0 travers les yeux d'Antoine, photographe qui trouve refuge dans la ferme de Baptiste qui vit seul avec sa fille M\u00e9lodie. Adapt\u00e9 de La Peur de\u2026","rel":"","context":"Dans &quot;BD&quot;","block_context":{"text":"BD","link":"https:\/\/smallthings.fr\/lespetitslivres\/category\/bd-manga\/bd\/"},"img":{"alt_text":"","src":"https:\/\/i0.wp.com\/smallthings.fr\/lespetitslivres\/wp-content\/uploads\/2016\/01\/tourbieres-noires-couv.jpg?resize=350%2C200&ssl=1","width":350,"height":200,"srcset":"https:\/\/i0.wp.com\/smallthings.fr\/lespetitslivres\/wp-content\/uploads\/2016\/01\/tourbieres-noires-couv.jpg?resize=350%2C200&ssl=1 1x, https:\/\/i0.wp.com\/smallthings.fr\/lespetitslivres\/wp-content\/uploads\/2016\/01\/tourbieres-noires-couv.jpg?resize=525%2C300&ssl=1 1.5x"},"classes":[]},{"id":29024,"url":"https:\/\/smallthings.fr\/lespetitslivres\/2015\/10\/23\/les-sept-jardins-du-crepuscule-de-palol-2\/","url_meta":{"origin":29973,"position":4},"title":"Le Jardin des Sept Cr\u00e9puscules \u2013 Miquel de Palol","author":"Cecile","date":"23 octobre 2015","format":false,"excerpt":"Le Jardin des Sept Cr\u00e9puscules, \u00e9norme roman de mille pages et quelques, est en r\u00e9alit\u00e9 une trilogie, pr\u00e9c\u00e9demment parue en plusieurs livres chez Zulma, qui a d\u00e9cid\u00e9 de r\u00e9\u00e9diter le tout d\u00e9but octobre en un seul volume, \u00e0 l\u2019occasion de la parution du troisi\u00e8me tome \u2013 si je ne me\u2026","rel":"","context":"Dans &quot;Roman \u00e9tranger&quot;","block_context":{"text":"Roman \u00e9tranger","link":"https:\/\/smallthings.fr\/lespetitslivres\/category\/roman\/roman-etranger\/"},"img":{"alt_text":"","src":"","width":0,"height":0},"classes":[]},{"id":17223,"url":"https:\/\/smallthings.fr\/lespetitslivres\/2014\/10\/06\/regne-du-vivant-alice-ferney-avis\/","url_meta":{"origin":29973,"position":5},"title":"\u00ab\u00a0Le r\u00e8gne du vivant\u00a0\u00bb, le plaidoyer d&rsquo;Alice Ferney","author":"Cecile","date":"6 octobre 2014","format":false,"excerpt":"Le r\u00e8gne du vivant, c'est le roman de la rentr\u00e9e d'Alice Ferney publi\u00e9 chez Actes Sud. Une voix \u00e9cologiste et d'amoureuse combattive de la nature : un cr\u00e9neau sur lequel on ne l'attendait pas forc\u00e9ment. Alice Ferney surprend et s\u00e9duit : notre chroniqueuse C\u00e9cile est tomb\u00e9e sous le charme. Qui\u2026","rel":"","context":"Dans &quot;Roman fran\u00e7ais&quot;","block_context":{"text":"Roman fran\u00e7ais","link":"https:\/\/smallthings.fr\/lespetitslivres\/category\/roman\/roman-francais\/"},"img":{"alt_text":"Alice Ferney","src":"https:\/\/i0.wp.com\/smallthings.fr\/wp-content\/uploads\/2014\/10\/alice-ferney.jpg?resize=350%2C200","width":350,"height":200},"classes":[]}],"_links":{"self":[{"href":"https:\/\/smallthings.fr\/lespetitslivres\/wp-json\/wp\/v2\/posts\/29973"}],"collection":[{"href":"https:\/\/smallthings.fr\/lespetitslivres\/wp-json\/wp\/v2\/posts"}],"about":[{"href":"https:\/\/smallthings.fr\/lespetitslivres\/wp-json\/wp\/v2\/types\/post"}],"author":[{"embeddable":true,"href":"https:\/\/smallthings.fr\/lespetitslivres\/wp-json\/wp\/v2\/users\/6"}],"replies":[{"embeddable":true,"href":"https:\/\/smallthings.fr\/lespetitslivres\/wp-json\/wp\/v2\/comments?post=29973"}],"version-history":[{"count":3,"href":"https:\/\/smallthings.fr\/lespetitslivres\/wp-json\/wp\/v2\/posts\/29973\/revisions"}],"predecessor-version":[{"id":29978,"href":"https:\/\/smallthings.fr\/lespetitslivres\/wp-json\/wp\/v2\/posts\/29973\/revisions\/29978"}],"wp:featuredmedia":[{"embeddable":true,"href":"https:\/\/smallthings.fr\/lespetitslivres\/wp-json\/wp\/v2\/media\/29976"}],"wp:attachment":[{"href":"https:\/\/smallthings.fr\/lespetitslivres\/wp-json\/wp\/v2\/media?parent=29973"}],"wp:term":[{"taxonomy":"category","embeddable":true,"href":"https:\/\/smallthings.fr\/lespetitslivres\/wp-json\/wp\/v2\/categories?post=29973"},{"taxonomy":"post_tag","embeddable":true,"href":"https:\/\/smallthings.fr\/lespetitslivres\/wp-json\/wp\/v2\/tags?post=29973"}],"curies":[{"name":"wp","href":"https:\/\/api.w.org\/{rel}","templated":true}]}}