{"id":29906,"date":"2016-05-09T16:00:30","date_gmt":"2016-05-09T15:00:30","guid":{"rendered":"http:\/\/smallthings.fr\/lespetitslivres\/?p=29906"},"modified":"2016-05-09T11:14:38","modified_gmt":"2016-05-09T10:14:38","slug":"morts-sont-devenus-encombrants-critique","status":"publish","type":"post","link":"https:\/\/smallthings.fr\/lespetitslivres\/2016\/05\/09\/morts-sont-devenus-encombrants-critique\/","title":{"rendered":"Les morts sont devenus encombrants : la joyeuse com\u00e9die de l&rsquo;existence"},"content":{"rendered":"<h2><em> Les morts sont devenus encombrants<\/em> est un roman de Myette Ronday, publi\u00e9 par la maison d&rsquo;\u00e9dition suisses des <a href=\"http:\/\/www.5senseditions.ch\/\" target=\"_blank\">5 Sens<\/a>. Contrairement \u00e0 ce que ce titre hitchcockien peut indiquer, tout est pr\u00e9texte \u00e0 la l\u00e9g\u00e8ret\u00e9 et au passage entre diff\u00e9rents mondes. Promis, ce livre est tout sauf d\u00e9primant. Un bon moyen d&rsquo;entamer la belle saison.<\/h2>\n<p>Bernie, vieux correspondant de guerre, d\u00e9c\u00e8de brutalement en pleine rue \u00e0 cause d&rsquo;un malaise. N&rsquo;\u00e9tant pas tout de suite mis au courant de son \u00e9tat, il a la surprise de tomber nez \u00e0 nez avec sa femme Edna, disparue vingt ans plus t\u00f4t. Et c&rsquo;est l\u00e0 qu&rsquo;il commence \u00e0 comprendre. Ses sensations sont d\u00e9cupl\u00e9es et il red\u00e9couvre davantage la beaut\u00e9 de la vie, comme dans ce beau passage o\u00f9 il entre \u00e0 travers un arbre. <strong>La vie ne s&rsquo;arr\u00eate pas avec la mort.<\/strong> C&rsquo;est l\u00e0 que les ennuis commencent pour Sido, sa jeune s\u0153ur, qui devra s&rsquo;occuper de rapatrier le corps.<\/p>\n<p><img loading=\"lazy\" decoding=\"async\" data-attachment-id=\"29908\" data-permalink=\"https:\/\/smallthings.fr\/lespetitslivres\/2016\/05\/09\/morts-sont-devenus-encombrants-critique\/morts-devenus-encombrants\/\" data-orig-file=\"https:\/\/smallthings.fr\/lespetitslivres\/wp-content\/uploads\/2016\/05\/morts-devenus-encombrants.jpg\" data-orig-size=\"421,640\" data-comments-opened=\"1\" data-image-meta=\"{&quot;aperture&quot;:&quot;0&quot;,&quot;credit&quot;:&quot;&quot;,&quot;camera&quot;:&quot;&quot;,&quot;caption&quot;:&quot;&quot;,&quot;created_timestamp&quot;:&quot;0&quot;,&quot;copyright&quot;:&quot;&quot;,&quot;focal_length&quot;:&quot;0&quot;,&quot;iso&quot;:&quot;0&quot;,&quot;shutter_speed&quot;:&quot;0&quot;,&quot;title&quot;:&quot;&quot;,&quot;orientation&quot;:&quot;0&quot;}\" data-image-title=\"morts-devenus-encombrants\" data-image-description=\"\" data-image-caption=\"\" data-medium-file=\"https:\/\/smallthings.fr\/lespetitslivres\/wp-content\/uploads\/2016\/05\/morts-devenus-encombrants-197x300.jpg\" data-large-file=\"https:\/\/smallthings.fr\/lespetitslivres\/wp-content\/uploads\/2016\/05\/morts-devenus-encombrants.jpg\" class=\"alignleft  wp-image-29908\" src=\"http:\/\/smallthings.fr\/lespetitslivres\/wp-content\/uploads\/2016\/05\/morts-devenus-encombrants.jpg\" alt=\"morts-devenus-encombrants\" width=\"287\" height=\"437\" srcset=\"https:\/\/smallthings.fr\/lespetitslivres\/wp-content\/uploads\/2016\/05\/morts-devenus-encombrants.jpg 421w, https:\/\/smallthings.fr\/lespetitslivres\/wp-content\/uploads\/2016\/05\/morts-devenus-encombrants-197x300.jpg 197w\" sizes=\"(max-width: 287px) 100vw, 287px\" \/>Sido a d\u00e9j\u00e0 beaucoup d&rsquo;ennuis du point de vue des vivants, car elle s&rsquo;aper\u00e7oit que Jacques, son compagnon, la trompe avec la voisine S\u00e9raphie. C&rsquo;est tout son monde qui s&rsquo;\u00e9croule et ses souvenirs qui sont chamboul\u00e9s. Ces sc\u00e8nes dans son immeuble avec la vieille voyante cach\u00e9e au rez-de-chauss\u00e9e m&rsquo;ont fait penser \u00e0 l&rsquo;univers d&rsquo;Am\u00e9lie Poulain pour leur c\u00f4t\u00e9 dr\u00f4le, color\u00e9, insouciant et un brin d\u00e9suet. <em>Les morts sont devenus encombrants<\/em> n&rsquo;a rien de triste, au contraire. Le tout est p\u00e9tillant, l&rsquo;\u00e9criture entra\u00eenante, et rien n&rsquo;est l\u00e0 pour nous prendre la t\u00eate. <strong>Le surnaturel se veut po\u00e9tique, charmant, et pas inqui\u00e9tant.<\/strong><\/p>\n<div id=\"attachment_29907\" style=\"width: 158px\" class=\"wp-caption alignright\"><img loading=\"lazy\" decoding=\"async\" aria-describedby=\"caption-attachment-29907\" data-attachment-id=\"29907\" data-permalink=\"https:\/\/smallthings.fr\/lespetitslivres\/2016\/05\/09\/morts-sont-devenus-encombrants-critique\/morts-myette-ronday\/\" data-orig-file=\"https:\/\/smallthings.fr\/lespetitslivres\/wp-content\/uploads\/2016\/05\/morts-myette-ronday.jpg\" data-orig-size=\"238,434\" data-comments-opened=\"1\" data-image-meta=\"{&quot;aperture&quot;:&quot;0&quot;,&quot;credit&quot;:&quot;&quot;,&quot;camera&quot;:&quot;&quot;,&quot;caption&quot;:&quot;&quot;,&quot;created_timestamp&quot;:&quot;0&quot;,&quot;copyright&quot;:&quot;&quot;,&quot;focal_length&quot;:&quot;0&quot;,&quot;iso&quot;:&quot;0&quot;,&quot;shutter_speed&quot;:&quot;0&quot;,&quot;title&quot;:&quot;&quot;,&quot;orientation&quot;:&quot;0&quot;}\" data-image-title=\"morts-myette-ronday\" data-image-description=\"\" data-image-caption=\"&lt;p&gt;Myette Ronday&lt;\/p&gt;\n\" data-medium-file=\"https:\/\/smallthings.fr\/lespetitslivres\/wp-content\/uploads\/2016\/05\/morts-myette-ronday-165x300.jpg\" data-large-file=\"https:\/\/smallthings.fr\/lespetitslivres\/wp-content\/uploads\/2016\/05\/morts-myette-ronday.jpg\" class=\" wp-image-29907\" src=\"http:\/\/smallthings.fr\/lespetitslivres\/wp-content\/uploads\/2016\/05\/morts-myette-ronday.jpg\" alt=\"Myette Ronday\" width=\"148\" height=\"270\" srcset=\"https:\/\/smallthings.fr\/lespetitslivres\/wp-content\/uploads\/2016\/05\/morts-myette-ronday.jpg 238w, https:\/\/smallthings.fr\/lespetitslivres\/wp-content\/uploads\/2016\/05\/morts-myette-ronday-165x300.jpg 165w\" sizes=\"(max-width: 148px) 100vw, 148px\" \/><p id=\"caption-attachment-29907\" class=\"wp-caption-text\">Myette Ronday<\/p><\/div>\n<p>S\u00e9raphie, pour en revenir \u00e0 l&rsquo;histoire, est un ange qui s&rsquo;incarne sous diff\u00e9rentes formes pour sauver des personnes de passage. Elle vient d&rsquo;\u00e9chouer dans sa tentative de sauver la vie d&rsquo;une jeune fille partie faire ses \u00e9tudes au Mexique. Et l\u00e0, elle d\u00e9roge \u00e0 la r\u00e8gle en tombant amoureuse de Jacques. Et oui, car \u00e0 force de rester sur terre, son esprit se laisse forc\u00e9ment aller aux plaisirs de la chair. Va-t-elle mener \u00e0 bien sa mission malgr\u00e9 tout ?<\/p>\n<p>Vous l&rsquo;aurez compris, <strong>tout est sens dessus-dessous, et tout virevolte dans<\/strong> <em>Les morts sont devenus encombrants<\/em>. On sent bien le c\u00f4t\u00e9 belge de l&rsquo;auteur qui est n\u00e9e \u00e0 Li\u00e8ge, pour cet aspect loufoque et imaginatif. Ce qui manque \u00e0 ce roman, c&rsquo;est la petite touche de perfection qui l&rsquo;aurait rendu indispensable. Cette histoire l\u00e9g\u00e8re l&rsquo;est peut-\u00eatre trop ? Il manque cet aspect vertigineux et profond de la mort, qui aurait pu \u00eatre trait\u00e9 sans abandonner le ton p\u00e9tillant, \u00e0 mon sens. N\u00e9anmoins, <em>Les morts sont devenus encombrants<\/em> reste un bon livre \u00e0 d\u00e9couvrir cet \u00e9t\u00e9 !<\/p>\n","protected":false},"excerpt":{"rendered":"<p>Les morts sont devenus encombrants est un roman de Myette Ronday, publi\u00e9 par la maison d&rsquo;\u00e9dition suisses des 5 Sens. Contrairement \u00e0 ce que ce titre hitchcockien peut indiquer, tout est pr\u00e9texte \u00e0 la l\u00e9g\u00e8ret\u00e9 et au passage entre diff\u00e9rents mondes. Promis, ce livre est tout sauf d\u00e9primant. Un bon moyen d&rsquo;entamer la belle saison.<\/p>\n","protected":false},"author":17,"featured_media":29909,"comment_status":"open","ping_status":"open","sticky":false,"template":"","format":"standard","meta":{"jetpack_post_was_ever_published":false,"_jetpack_newsletter_access":"","_jetpack_newsletter_tier_id":0,"footnotes":"","jetpack_publicize_message":"","jetpack_is_tweetstorm":false,"jetpack_publicize_feature_enabled":true,"jetpack_social_post_already_shared":true,"jetpack_social_options":{"image_generator_settings":{"template":"highway","enabled":false}}},"categories":[1117],"tags":[1397,1398,54],"jetpack_publicize_connections":[],"yoast_head":"<!-- This site is optimized with the Yoast SEO plugin v21.5 - https:\/\/yoast.com\/wordpress\/plugins\/seo\/ -->\n<title>Les morts sont devenus encombrants : la joyeuse com\u00e9die de l&#039;existence<\/title>\n<meta name=\"description\" content=\"Les morts sont devenus encombrants est un roman de Myette Ronday, publi\u00e9 par la maison d&#039;\u00e9dition suisses des 5 Sens. Contrairement \u00e0 ce que ce titre\" \/>\n<meta name=\"robots\" content=\"index, follow, max-snippet:-1, max-image-preview:large, max-video-preview:-1\" \/>\n<link rel=\"canonical\" href=\"http:\/\/smallthings.fr\/lespetitslivres\/2016\/05\/09\/morts-sont-devenus-encombrants-critique\/\" \/>\n<meta property=\"og:locale\" content=\"fr_FR\" \/>\n<meta property=\"og:type\" content=\"article\" \/>\n<meta property=\"og:title\" content=\"Les morts sont devenus encombrants : la joyeuse com\u00e9die de l&#039;existence\" \/>\n<meta property=\"og:description\" content=\"Les morts sont devenus encombrants est un roman de Myette Ronday, publi\u00e9 par la maison d&#039;\u00e9dition suisses des 5 Sens. Contrairement \u00e0 ce que ce titre\" \/>\n<meta property=\"og:url\" content=\"http:\/\/smallthings.fr\/lespetitslivres\/2016\/05\/09\/morts-sont-devenus-encombrants-critique\/\" \/>\n<meta property=\"og:site_name\" content=\"Les Petits Livres\" \/>\n<meta property=\"article:published_time\" content=\"2016-05-09T15:00:30+00:00\" \/>\n<meta property=\"article:modified_time\" content=\"2016-05-09T10:14:38+00:00\" \/>\n<meta property=\"og:image\" content=\"https:\/\/i0.wp.com\/smallthings.fr\/lespetitslivres\/wp-content\/uploads\/2016\/05\/morts-devenus-encombrants-couv.jpg?fit=421%2C210\" \/>\n\t<meta property=\"og:image:width\" content=\"421\" \/>\n\t<meta property=\"og:image:height\" content=\"210\" \/>\n\t<meta property=\"og:image:type\" content=\"image\/jpeg\" \/>\n<meta name=\"author\" content=\"Rebecca\" \/>\n<meta name=\"twitter:card\" content=\"summary_large_image\" \/>\n<meta name=\"twitter:label1\" content=\"\u00c9crit par\" \/>\n\t<meta name=\"twitter:data1\" content=\"Rebecca\" \/>\n\t<meta name=\"twitter:label2\" content=\"Dur\u00e9e de lecture estim\u00e9e\" \/>\n\t<meta name=\"twitter:data2\" content=\"2 minutes\" \/>\n<script type=\"application\/ld+json\" class=\"yoast-schema-graph\">{\"@context\":\"https:\/\/schema.org\",\"@graph\":[{\"@type\":\"WebPage\",\"@id\":\"http:\/\/smallthings.fr\/lespetitslivres\/2016\/05\/09\/morts-sont-devenus-encombrants-critique\/\",\"url\":\"http:\/\/smallthings.fr\/lespetitslivres\/2016\/05\/09\/morts-sont-devenus-encombrants-critique\/\",\"name\":\"Les morts sont devenus encombrants : la joyeuse com\u00e9die de l'existence\",\"isPartOf\":{\"@id\":\"https:\/\/smallthings.fr\/lespetitslivres\/#website\"},\"datePublished\":\"2016-05-09T15:00:30+00:00\",\"dateModified\":\"2016-05-09T10:14:38+00:00\",\"author\":{\"@id\":\"https:\/\/smallthings.fr\/lespetitslivres\/#\/schema\/person\/0cd6a80f4ed2616c81a8973aed74c2b8\"},\"description\":\"Les morts sont devenus encombrants est un roman de Myette Ronday, publi\u00e9 par la maison d'\u00e9dition suisses des 5 Sens. Contrairement \u00e0 ce que ce titre\",\"breadcrumb\":{\"@id\":\"http:\/\/smallthings.fr\/lespetitslivres\/2016\/05\/09\/morts-sont-devenus-encombrants-critique\/#breadcrumb\"},\"inLanguage\":\"fr-FR\",\"potentialAction\":[{\"@type\":\"ReadAction\",\"target\":[\"http:\/\/smallthings.fr\/lespetitslivres\/2016\/05\/09\/morts-sont-devenus-encombrants-critique\/\"]}]},{\"@type\":\"BreadcrumbList\",\"@id\":\"http:\/\/smallthings.fr\/lespetitslivres\/2016\/05\/09\/morts-sont-devenus-encombrants-critique\/#breadcrumb\",\"itemListElement\":[{\"@type\":\"ListItem\",\"position\":1,\"name\":\"Accueil\",\"item\":\"https:\/\/smallthings.fr\/lespetitslivres\/\"},{\"@type\":\"ListItem\",\"position\":2,\"name\":\"Les morts sont devenus encombrants : la joyeuse com\u00e9die de l&rsquo;existence\"}]},{\"@type\":\"WebSite\",\"@id\":\"https:\/\/smallthings.fr\/lespetitslivres\/#website\",\"url\":\"https:\/\/smallthings.fr\/lespetitslivres\/\",\"name\":\"Les Petits Livres\",\"description\":\"by Small Things\",\"potentialAction\":[{\"@type\":\"SearchAction\",\"target\":{\"@type\":\"EntryPoint\",\"urlTemplate\":\"https:\/\/smallthings.fr\/lespetitslivres\/?s={search_term_string}\"},\"query-input\":\"required name=search_term_string\"}],\"inLanguage\":\"fr-FR\"},{\"@type\":\"Person\",\"@id\":\"https:\/\/smallthings.fr\/lespetitslivres\/#\/schema\/person\/0cd6a80f4ed2616c81a8973aed74c2b8\",\"name\":\"Rebecca\",\"image\":{\"@type\":\"ImageObject\",\"inLanguage\":\"fr-FR\",\"@id\":\"https:\/\/smallthings.fr\/lespetitslivres\/#\/schema\/person\/image\/\",\"url\":\"https:\/\/secure.gravatar.com\/avatar\/246cd9ae3b479e7da67da1cdf8c319af?s=96&d=retro&r=g\",\"contentUrl\":\"https:\/\/secure.gravatar.com\/avatar\/246cd9ae3b479e7da67da1cdf8c319af?s=96&d=retro&r=g\",\"caption\":\"Rebecca\"},\"url\":\"https:\/\/smallthings.fr\/lespetitslivres\/author\/rebecca\/\"}]}<\/script>\n<!-- \/ Yoast SEO plugin. -->","yoast_head_json":{"title":"Les morts sont devenus encombrants : la joyeuse com\u00e9die de l'existence","description":"Les morts sont devenus encombrants est un roman de Myette Ronday, publi\u00e9 par la maison d'\u00e9dition suisses des 5 Sens. Contrairement \u00e0 ce que ce titre","robots":{"index":"index","follow":"follow","max-snippet":"max-snippet:-1","max-image-preview":"max-image-preview:large","max-video-preview":"max-video-preview:-1"},"canonical":"http:\/\/smallthings.fr\/lespetitslivres\/2016\/05\/09\/morts-sont-devenus-encombrants-critique\/","og_locale":"fr_FR","og_type":"article","og_title":"Les morts sont devenus encombrants : la joyeuse com\u00e9die de l'existence","og_description":"Les morts sont devenus encombrants est un roman de Myette Ronday, publi\u00e9 par la maison d'\u00e9dition suisses des 5 Sens. Contrairement \u00e0 ce que ce titre","og_url":"http:\/\/smallthings.fr\/lespetitslivres\/2016\/05\/09\/morts-sont-devenus-encombrants-critique\/","og_site_name":"Les Petits Livres","article_published_time":"2016-05-09T15:00:30+00:00","article_modified_time":"2016-05-09T10:14:38+00:00","og_image":[{"width":421,"height":210,"url":"https:\/\/i0.wp.com\/smallthings.fr\/lespetitslivres\/wp-content\/uploads\/2016\/05\/morts-devenus-encombrants-couv.jpg?fit=421%2C210","type":"image\/jpeg"}],"author":"Rebecca","twitter_card":"summary_large_image","twitter_misc":{"\u00c9crit par":"Rebecca","Dur\u00e9e de lecture estim\u00e9e":"2 minutes"},"schema":{"@context":"https:\/\/schema.org","@graph":[{"@type":"WebPage","@id":"http:\/\/smallthings.fr\/lespetitslivres\/2016\/05\/09\/morts-sont-devenus-encombrants-critique\/","url":"http:\/\/smallthings.fr\/lespetitslivres\/2016\/05\/09\/morts-sont-devenus-encombrants-critique\/","name":"Les morts sont devenus encombrants : la joyeuse com\u00e9die de l'existence","isPartOf":{"@id":"https:\/\/smallthings.fr\/lespetitslivres\/#website"},"datePublished":"2016-05-09T15:00:30+00:00","dateModified":"2016-05-09T10:14:38+00:00","author":{"@id":"https:\/\/smallthings.fr\/lespetitslivres\/#\/schema\/person\/0cd6a80f4ed2616c81a8973aed74c2b8"},"description":"Les morts sont devenus encombrants est un roman de Myette Ronday, publi\u00e9 par la maison d'\u00e9dition suisses des 5 Sens. Contrairement \u00e0 ce que ce titre","breadcrumb":{"@id":"http:\/\/smallthings.fr\/lespetitslivres\/2016\/05\/09\/morts-sont-devenus-encombrants-critique\/#breadcrumb"},"inLanguage":"fr-FR","potentialAction":[{"@type":"ReadAction","target":["http:\/\/smallthings.fr\/lespetitslivres\/2016\/05\/09\/morts-sont-devenus-encombrants-critique\/"]}]},{"@type":"BreadcrumbList","@id":"http:\/\/smallthings.fr\/lespetitslivres\/2016\/05\/09\/morts-sont-devenus-encombrants-critique\/#breadcrumb","itemListElement":[{"@type":"ListItem","position":1,"name":"Accueil","item":"https:\/\/smallthings.fr\/lespetitslivres\/"},{"@type":"ListItem","position":2,"name":"Les morts sont devenus encombrants : la joyeuse com\u00e9die de l&rsquo;existence"}]},{"@type":"WebSite","@id":"https:\/\/smallthings.fr\/lespetitslivres\/#website","url":"https:\/\/smallthings.fr\/lespetitslivres\/","name":"Les Petits Livres","description":"by Small Things","potentialAction":[{"@type":"SearchAction","target":{"@type":"EntryPoint","urlTemplate":"https:\/\/smallthings.fr\/lespetitslivres\/?s={search_term_string}"},"query-input":"required name=search_term_string"}],"inLanguage":"fr-FR"},{"@type":"Person","@id":"https:\/\/smallthings.fr\/lespetitslivres\/#\/schema\/person\/0cd6a80f4ed2616c81a8973aed74c2b8","name":"Rebecca","image":{"@type":"ImageObject","inLanguage":"fr-FR","@id":"https:\/\/smallthings.fr\/lespetitslivres\/#\/schema\/person\/image\/","url":"https:\/\/secure.gravatar.com\/avatar\/246cd9ae3b479e7da67da1cdf8c319af?s=96&d=retro&r=g","contentUrl":"https:\/\/secure.gravatar.com\/avatar\/246cd9ae3b479e7da67da1cdf8c319af?s=96&d=retro&r=g","caption":"Rebecca"},"url":"https:\/\/smallthings.fr\/lespetitslivres\/author\/rebecca\/"}]}},"jetpack_featured_media_url":"https:\/\/smallthings.fr\/lespetitslivres\/wp-content\/uploads\/2016\/05\/morts-devenus-encombrants-couv.jpg","jetpack_sharing_enabled":true,"jetpack_shortlink":"https:\/\/wp.me\/p6Un21-7Mm","jetpack-related-posts":[{"id":30627,"url":"https:\/\/smallthings.fr\/lespetitslivres\/2017\/01\/07\/dernier-jardin-destefano-critique\/","url_meta":{"origin":29906,"position":0},"title":"Le Dernier Jardin : que faire de sa vie quand on conna\u00eet la date de sa mort ?","author":"Jennifer","date":"7 janvier 2017","format":false,"excerpt":"Le Dernier Jardin est un roman de\u00a0Lauren DeStefano, sorti en poche en novembre dernier chez Castelmore. Un roman d\u2019anticipation int\u00e9ressant qui nous plonge dans un futur o\u00f9 la science a permis de faire des enfants parfaits\u2026 qui ne survivent pas au-del\u00e0 de leur 25\u00e8me anniversaire. Le Dernier Jardin\u00a0nous pr\u00e9sente un\u2026","rel":"","context":"Dans &quot;Science-fiction&quot;","block_context":{"text":"Science-fiction","link":"https:\/\/smallthings.fr\/lespetitslivres\/category\/imaginaire\/science-fiction\/"},"img":{"alt_text":"","src":"https:\/\/i0.wp.com\/smallthings.fr\/lespetitslivres\/wp-content\/uploads\/2017\/01\/Le-dernier-jardin-DeStefano-4.jpg?resize=350%2C200&ssl=1","width":350,"height":200,"srcset":"https:\/\/i0.wp.com\/smallthings.fr\/lespetitslivres\/wp-content\/uploads\/2017\/01\/Le-dernier-jardin-DeStefano-4.jpg?resize=350%2C200&ssl=1 1x, https:\/\/i0.wp.com\/smallthings.fr\/lespetitslivres\/wp-content\/uploads\/2017\/01\/Le-dernier-jardin-DeStefano-4.jpg?resize=525%2C300&ssl=1 1.5x, https:\/\/i0.wp.com\/smallthings.fr\/lespetitslivres\/wp-content\/uploads\/2017\/01\/Le-dernier-jardin-DeStefano-4.jpg?resize=700%2C400&ssl=1 2x, https:\/\/i0.wp.com\/smallthings.fr\/lespetitslivres\/wp-content\/uploads\/2017\/01\/Le-dernier-jardin-DeStefano-4.jpg?resize=1050%2C600&ssl=1 3x"},"classes":[]},{"id":29301,"url":"https:\/\/smallthings.fr\/lespetitslivres\/2016\/01\/02\/pierre-des-larmes-t2-epee-verite\/","url_meta":{"origin":29906,"position":1},"title":"La Pierre des Larmes, tome 2 de L\u2019\u00e9p\u00e9e de v\u00e9rit\u00e9 : quelle est la seconde le\u00e7on du sorcier ?","author":"Jennifer","date":"2 janvier 2016","format":false,"excerpt":"La Pierre des Larmes, second tome de la saga L\u2019\u00e9p\u00e9e de V\u00e9rit\u00e9 de Terry Goodkind est sorti en format poche chez Milady le 23 octobre dernier. Richard a vaincu Darken Rahl, mais le voile qui s\u00e9pare le monde des vivants du royaume des morts est maintenant d\u00e9chir\u00e9. Le Gardien sera\u2026","rel":"","context":"Dans &quot;Fantasy&quot;","block_context":{"text":"Fantasy","link":"https:\/\/smallthings.fr\/lespetitslivres\/category\/imaginaire\/fantasy\/"},"img":{"alt_text":"","src":"https:\/\/i0.wp.com\/smallthings.fr\/lespetitslivres\/wp-content\/uploads\/2016\/01\/pierre-des-larmes-epee-t2-couv.jpg?resize=350%2C200&ssl=1","width":350,"height":200,"srcset":"https:\/\/i0.wp.com\/smallthings.fr\/lespetitslivres\/wp-content\/uploads\/2016\/01\/pierre-des-larmes-epee-t2-couv.jpg?resize=350%2C200&ssl=1 1x, https:\/\/i0.wp.com\/smallthings.fr\/lespetitslivres\/wp-content\/uploads\/2016\/01\/pierre-des-larmes-epee-t2-couv.jpg?resize=525%2C300&ssl=1 1.5x, https:\/\/i0.wp.com\/smallthings.fr\/lespetitslivres\/wp-content\/uploads\/2016\/01\/pierre-des-larmes-epee-t2-couv.jpg?resize=700%2C400&ssl=1 2x, https:\/\/i0.wp.com\/smallthings.fr\/lespetitslivres\/wp-content\/uploads\/2016\/01\/pierre-des-larmes-epee-t2-couv.jpg?resize=1050%2C600&ssl=1 3x"},"classes":[]},{"id":30130,"url":"https:\/\/smallthings.fr\/lespetitslivres\/2016\/07\/06\/witch-hunter-virginia-boecker-critique\/","url_meta":{"origin":29906,"position":2},"title":"Witch Hunter : quand le chasseur devient la proie","author":"Jennifer","date":"6 juillet 2016","format":false,"excerpt":"Witch Hunter, sorti le 16 juin dernier chez Pocket Jeunesse, est le premier tome de la saga young-adult de Virginia Boecker. Nous y rencontrons Elizabeth Grey, 16 ans, une redoutable chasseuse de sorci\u00e8re. Quand c\u2019est \u00e0 son tour d\u2019\u00eatre arr\u00eat\u00e9e pour sorcellerie, elle devra faire confiance \u00e0 ceux qu\u2019elle chasse\u2026","rel":"","context":"Dans &quot;Young Adult&quot;","block_context":{"text":"Young Adult","link":"https:\/\/smallthings.fr\/lespetitslivres\/category\/young-adult\/"},"img":{"alt_text":"","src":"https:\/\/i0.wp.com\/smallthings.fr\/lespetitslivres\/wp-content\/uploads\/2016\/07\/witch-hunter.jpg?resize=350%2C200","width":350,"height":200},"classes":[]},{"id":29267,"url":"https:\/\/smallthings.fr\/lespetitslivres\/2015\/12\/08\/zoo-livre-serie-tv-avis\/","url_meta":{"origin":29906,"position":3},"title":"Zoo : le livre qui a inspir\u00e9 la s\u00e9rie TV","author":"Jennifer","date":"8 d\u00e9cembre 2015","format":false,"excerpt":"Zoo est un roman de James Patterson et de Michael Ledwidge. Suite \u00e0 l\u2019adaptation du livre en s\u00e9rie t\u00e9l\u00e9, les \u00e9ditions de l\u2019Archipel ont d\u00e9cid\u00e9 de lancer une nouvelle \u00e9dition avec une nouvelle couverture. Le tout nouveau Zoo, sorti le 2 d\u00e9cembre dernier, raconte comment les animaux se sont rebell\u00e9s\u2026","rel":"","context":"Dans &quot;Science-fiction&quot;","block_context":{"text":"Science-fiction","link":"https:\/\/smallthings.fr\/lespetitslivres\/category\/imaginaire\/science-fiction\/"},"img":{"alt_text":"","src":"https:\/\/i0.wp.com\/smallthings.fr\/lespetitslivres\/wp-content\/uploads\/2015\/12\/zoo-couv.jpg?resize=350%2C200&ssl=1","width":350,"height":200,"srcset":"https:\/\/i0.wp.com\/smallthings.fr\/lespetitslivres\/wp-content\/uploads\/2015\/12\/zoo-couv.jpg?resize=350%2C200&ssl=1 1x, https:\/\/i0.wp.com\/smallthings.fr\/lespetitslivres\/wp-content\/uploads\/2015\/12\/zoo-couv.jpg?resize=525%2C300&ssl=1 1.5x, https:\/\/i0.wp.com\/smallthings.fr\/lespetitslivres\/wp-content\/uploads\/2015\/12\/zoo-couv.jpg?resize=700%2C400&ssl=1 2x, https:\/\/i0.wp.com\/smallthings.fr\/lespetitslivres\/wp-content\/uploads\/2015\/12\/zoo-couv.jpg?resize=1050%2C600&ssl=1 3x, https:\/\/i0.wp.com\/smallthings.fr\/lespetitslivres\/wp-content\/uploads\/2015\/12\/zoo-couv.jpg?resize=1400%2C800&ssl=1 4x"},"classes":[]},{"id":31009,"url":"https:\/\/smallthings.fr\/lespetitslivres\/2017\/05\/14\/nightfall-halpern-kujawinski-fantastique\/","url_meta":{"origin":29906,"position":4},"title":"Nightfall : fuyez l\u2019obscurit\u00e9 !","author":"Jennifer","date":"14 mai 2017","format":false,"excerpt":"Nightfall est un roman fantastique young-adult de Jake Halpern et Peter Kujawinski. Paru d\u00e9but avril chez Pocket Jeunesse, ce roman nous entra\u00eene sur l\u2019\u00eele de Bliss o\u00f9 les quatorze ann\u00e9es de Jour vont laisser place \u00e0 quatorze ann\u00e9es de Nuit. L\u2019\u00eele doit \u00eatre \u00e9vacu\u00e9e avant que l\u2019obscurit\u00e9 ne l\u2019engloutisse. Mais\u2026","rel":"","context":"Dans &quot;Young Adult&quot;","block_context":{"text":"Young Adult","link":"https:\/\/smallthings.fr\/lespetitslivres\/category\/young-adult\/"},"img":{"alt_text":"","src":"https:\/\/i0.wp.com\/smallthings.fr\/lespetitslivres\/wp-content\/uploads\/2017\/05\/Nightfall-pkj-3.jpg?resize=350%2C200&ssl=1","width":350,"height":200},"classes":[]},{"id":30611,"url":"https:\/\/smallthings.fr\/lespetitslivres\/2017\/01\/05\/pleurs-du-vent-medoruma-shun-critique\/","url_meta":{"origin":29906,"position":5},"title":"Les Pleurs du vent, mariage r\u00e9ussi entre fantastique et r\u00e9alisme","author":"Cecile","date":"5 janvier 2017","format":false,"excerpt":"Les Pleurs du vent, roman bref mais prenant, est la seconde \u0153uvre de Medoruma Shun\u00a0\u00e0 \u00eatre traduite en fran\u00e7ais gr\u00e2ce aux \u00e9ditions Zulma. Le premier, L\u2019\u00e2me de Kotaro contemplait la mer, un recueil de nouvelles, a re\u00e7u le prix Akutagawa (l\u2019\u00e9quivalent de notre prix Goncourt au Japon). Cette nouvelle \u0153uvre\u2026","rel":"","context":"Dans &quot;Roman \u00e9tranger&quot;","block_context":{"text":"Roman \u00e9tranger","link":"https:\/\/smallthings.fr\/lespetitslivres\/category\/roman\/roman-etranger\/"},"img":{"alt_text":"","src":"https:\/\/i0.wp.com\/smallthings.fr\/lespetitslivres\/wp-content\/uploads\/2017\/01\/pleurs-du-vent-shun-couv.jpg?resize=350%2C200&ssl=1","width":350,"height":200,"srcset":"https:\/\/i0.wp.com\/smallthings.fr\/lespetitslivres\/wp-content\/uploads\/2017\/01\/pleurs-du-vent-shun-couv.jpg?resize=350%2C200&ssl=1 1x, https:\/\/i0.wp.com\/smallthings.fr\/lespetitslivres\/wp-content\/uploads\/2017\/01\/pleurs-du-vent-shun-couv.jpg?resize=525%2C300&ssl=1 1.5x, https:\/\/i0.wp.com\/smallthings.fr\/lespetitslivres\/wp-content\/uploads\/2017\/01\/pleurs-du-vent-shun-couv.jpg?resize=700%2C400&ssl=1 2x, https:\/\/i0.wp.com\/smallthings.fr\/lespetitslivres\/wp-content\/uploads\/2017\/01\/pleurs-du-vent-shun-couv.jpg?resize=1050%2C600&ssl=1 3x"},"classes":[]}],"_links":{"self":[{"href":"https:\/\/smallthings.fr\/lespetitslivres\/wp-json\/wp\/v2\/posts\/29906"}],"collection":[{"href":"https:\/\/smallthings.fr\/lespetitslivres\/wp-json\/wp\/v2\/posts"}],"about":[{"href":"https:\/\/smallthings.fr\/lespetitslivres\/wp-json\/wp\/v2\/types\/post"}],"author":[{"embeddable":true,"href":"https:\/\/smallthings.fr\/lespetitslivres\/wp-json\/wp\/v2\/users\/17"}],"replies":[{"embeddable":true,"href":"https:\/\/smallthings.fr\/lespetitslivres\/wp-json\/wp\/v2\/comments?post=29906"}],"version-history":[{"count":3,"href":"https:\/\/smallthings.fr\/lespetitslivres\/wp-json\/wp\/v2\/posts\/29906\/revisions"}],"predecessor-version":[{"id":29912,"href":"https:\/\/smallthings.fr\/lespetitslivres\/wp-json\/wp\/v2\/posts\/29906\/revisions\/29912"}],"wp:featuredmedia":[{"embeddable":true,"href":"https:\/\/smallthings.fr\/lespetitslivres\/wp-json\/wp\/v2\/media\/29909"}],"wp:attachment":[{"href":"https:\/\/smallthings.fr\/lespetitslivres\/wp-json\/wp\/v2\/media?parent=29906"}],"wp:term":[{"taxonomy":"category","embeddable":true,"href":"https:\/\/smallthings.fr\/lespetitslivres\/wp-json\/wp\/v2\/categories?post=29906"},{"taxonomy":"post_tag","embeddable":true,"href":"https:\/\/smallthings.fr\/lespetitslivres\/wp-json\/wp\/v2\/tags?post=29906"}],"curies":[{"name":"wp","href":"https:\/\/api.w.org\/{rel}","templated":true}]}}