{"id":29882,"date":"2016-04-24T13:30:49","date_gmt":"2016-04-24T12:30:49","guid":{"rendered":"http:\/\/smallthings.fr\/lespetitslivres\/?p=29882"},"modified":"2016-04-24T13:37:14","modified_gmt":"2016-04-24T12:37:14","slug":"jukebox-motel-tom-graffin-roman","status":"publish","type":"post","link":"https:\/\/smallthings.fr\/lespetitslivres\/2016\/04\/24\/jukebox-motel-tom-graffin-roman\/","title":{"rendered":"Jukebox Motel de Tom Graffin, un diable de roman"},"content":{"rendered":"<h2><em>Jukebox Motel <\/em>est le premier roman de Tom Graffin paru le 23 mars dernier aux \u00e9ditions <a href=\"http:\/\/www.editions-jclattes.fr\/jukebox-motel-9782709648547\" target=\"_blank\">JC Latt\u00e8s<\/a>. Dans le monde litt\u00e9raire, o\u00f9 existent des com\u00e8tes furtives et br\u00fblantes qui vous coupent le souffle avant la derni\u00e8re parole dactylographi\u00e9e, on trouve aussi des microcosmes abyssaux. <em>Jukebox Motel<\/em> est de ceux l\u00e0. Le paradoxe se pla\u00eet \u00e0 r\u00e9gner.<\/h2>\n<p>Dans un premier temps, <em>Jukebox Motel<\/em> entra\u00eene le lecteur dans un cocon o\u00f9 aucun d\u00e9tail n\u2019est oubli\u00e9 : <strong>de la couverture dessin\u00e9e telle une carte onirique et fantastique \u00e0 la cr\u00e9ation d\u2019une bande son du roman, permettant de rendre l\u2019histoire palpable et de vibrer avec les personnages du r\u00e9cit<\/strong>.\u00a0 Puis tout \u00e0 coup les rep\u00e8res \u00e9tablis s\u2019effacent ;\u00a0 l\u2019histoire se d\u00e9construit, ne laissant appara\u00eetre que le souvenir originel, \u00e0 l\u2019image des mots que le h\u00e9ros Thomas Shaper diss\u00e8que m\u00e9ticuleusement pour mettre en lumi\u00e8re leur essence.<\/p>\n<p><img loading=\"lazy\" decoding=\"async\" data-attachment-id=\"29883\" data-permalink=\"https:\/\/smallthings.fr\/lespetitslivres\/2016\/04\/24\/jukebox-motel-tom-graffin-roman\/jukebox-motel\/\" data-orig-file=\"https:\/\/smallthings.fr\/lespetitslivres\/wp-content\/uploads\/2016\/04\/jukebox-motel.jpg\" data-orig-size=\"900,1426\" data-comments-opened=\"1\" data-image-meta=\"{&quot;aperture&quot;:&quot;0&quot;,&quot;credit&quot;:&quot;&quot;,&quot;camera&quot;:&quot;&quot;,&quot;caption&quot;:&quot;&quot;,&quot;created_timestamp&quot;:&quot;0&quot;,&quot;copyright&quot;:&quot;&quot;,&quot;focal_length&quot;:&quot;0&quot;,&quot;iso&quot;:&quot;0&quot;,&quot;shutter_speed&quot;:&quot;0&quot;,&quot;title&quot;:&quot;&quot;,&quot;orientation&quot;:&quot;0&quot;}\" data-image-title=\"jukebox-motel\" data-image-description=\"\" data-image-caption=\"\" data-medium-file=\"https:\/\/smallthings.fr\/lespetitslivres\/wp-content\/uploads\/2016\/04\/jukebox-motel-189x300.jpg\" data-large-file=\"https:\/\/smallthings.fr\/lespetitslivres\/wp-content\/uploads\/2016\/04\/jukebox-motel-646x1024.jpg\" class=\"alignleft wp-image-29883\" src=\"http:\/\/smallthings.fr\/lespetitslivres\/wp-content\/uploads\/2016\/04\/jukebox-motel-646x1024.jpg\" alt=\"jukebox-motel\" width=\"319\" height=\"506\" srcset=\"https:\/\/smallthings.fr\/lespetitslivres\/wp-content\/uploads\/2016\/04\/jukebox-motel-646x1024.jpg 646w, https:\/\/smallthings.fr\/lespetitslivres\/wp-content\/uploads\/2016\/04\/jukebox-motel-189x300.jpg 189w, https:\/\/smallthings.fr\/lespetitslivres\/wp-content\/uploads\/2016\/04\/jukebox-motel-768x1217.jpg 768w, https:\/\/smallthings.fr\/lespetitslivres\/wp-content\/uploads\/2016\/04\/jukebox-motel.jpg 900w\" sizes=\"(max-width: 319px) 100vw, 319px\" \/>Nous sommes le 6 juin 1965, jour o\u00f9 <strong>Thomas Shaper d\u00e9cide de d\u00e9fier le d\u00e9terminisme familial, pour tenter l\u2019aventure d\u2019artiste aux \u00c9tats-Unis<\/strong>. La \u00ab\u00a0fortune\u00a0\u00bb lui tend une main qui fera de lui Robert Fury, artiste fantasm\u00e9, artiste temp\u00e9tueux, artiste d\u00e9sincarn\u00e9. <em>Jukebox Motel<\/em> peint la soci\u00e9t\u00e9 dans un entrelacs de sp\u00e9culations sur la valeur, de provocations, de d\u00e9connexions entre l\u2019esth\u00e9tique et le g\u00e9nie pictural. Cette exp\u00e9rience new-yorkaise provoque richesse et fugue de ce jeune adulte vers les terres de Californie,\u00a0 au prix de l\u2019insupportable distance avec son <em>Indamante Indamoureuse<\/em>, Joan.<\/p>\n<p>Arriv\u00e9 en terre promise, Thomas Shaper cherche une r\u00e9demption au go\u00fbt agrume et amer\u00a0 de Sherry Cobbler. C\u2019est finalement une rencontre qui change d\u00e9finitivement son existence, celle d\u2019un homme au paroxysme de sa gloire mais en qu\u00eate d\u2019un asile, Johnny Cash. Sur le fondement d\u2019une promesse entre les deux hommes d\u00e9bute alors la recherche puis l\u2019\u00e9dification obstin\u00e9e de ce \u00ab\u00a0diable d\u2019endroit\u00a0\u00bb connu sous le nom de Jukebox Motel.<\/p>\n<p>C\u2019est au rythme des airs et figures l\u00e9gendaires am\u00e9ricaines, des portraits les plus inattendus et attachants, des saisons, que se d\u00e9roule l\u2019existence d\u2019un homme \u00e9ternellement rattrap\u00e9 par ce qu\u2019il cherche le plus \u00e0 fuir. La sombre m\u00e9moire familiale sous l\u2019\u00e9ternelle \u00e9gide maternelle, sa destin\u00e9e reni\u00e9e, le souvenir de ses premi\u00e8res heures d\u2019artiste, le besoin de l\u2019\u00eatre aim\u00e9\u2026<\/p>\n<div id=\"attachment_29884\" style=\"width: 307px\" class=\"wp-caption alignright\"><img loading=\"lazy\" decoding=\"async\" aria-describedby=\"caption-attachment-29884\" data-attachment-id=\"29884\" data-permalink=\"https:\/\/smallthings.fr\/lespetitslivres\/2016\/04\/24\/jukebox-motel-tom-graffin-roman\/tom-graffin\/\" data-orig-file=\"https:\/\/smallthings.fr\/lespetitslivres\/wp-content\/uploads\/2016\/04\/tom-graffin.jpg\" data-orig-size=\"1024,682\" data-comments-opened=\"1\" data-image-meta=\"{&quot;aperture&quot;:&quot;0&quot;,&quot;credit&quot;:&quot;&quot;,&quot;camera&quot;:&quot;&quot;,&quot;caption&quot;:&quot;&quot;,&quot;created_timestamp&quot;:&quot;0&quot;,&quot;copyright&quot;:&quot;&quot;,&quot;focal_length&quot;:&quot;0&quot;,&quot;iso&quot;:&quot;0&quot;,&quot;shutter_speed&quot;:&quot;0&quot;,&quot;title&quot;:&quot;&quot;,&quot;orientation&quot;:&quot;0&quot;}\" data-image-title=\"tom-graffin\" data-image-description=\"\" data-image-caption=\"&lt;p&gt;Tom Graffin&lt;\/p&gt;\n\" data-medium-file=\"https:\/\/smallthings.fr\/lespetitslivres\/wp-content\/uploads\/2016\/04\/tom-graffin-300x200.jpg\" data-large-file=\"https:\/\/smallthings.fr\/lespetitslivres\/wp-content\/uploads\/2016\/04\/tom-graffin-1024x682.jpg\" class=\" wp-image-29884\" src=\"http:\/\/smallthings.fr\/lespetitslivres\/wp-content\/uploads\/2016\/04\/tom-graffin-1024x682.jpg\" alt=\"Tom Graffin\" width=\"297\" height=\"198\" srcset=\"https:\/\/smallthings.fr\/lespetitslivres\/wp-content\/uploads\/2016\/04\/tom-graffin.jpg 1024w, https:\/\/smallthings.fr\/lespetitslivres\/wp-content\/uploads\/2016\/04\/tom-graffin-300x200.jpg 300w, https:\/\/smallthings.fr\/lespetitslivres\/wp-content\/uploads\/2016\/04\/tom-graffin-768x512.jpg 768w\" sizes=\"(max-width: 297px) 100vw, 297px\" \/><p id=\"caption-attachment-29884\" class=\"wp-caption-text\">Tom Graffin<\/p><\/div>\n<p><strong>A travers une expression simple et po\u00e9tique, Tom Graffin nous entra\u00eene dans un univers qui nous rappelle qu\u2019il est avant tout un artiste m\u00e9lomane<\/strong>. La construction de <em>Jukebox Motel<\/em>, loin des traditionnels chapitres, est une succession d\u2019indices autour desquels se b\u00e2tit et gravite la trame. Loin de d\u00e9livrer le lecteur \u00e0 la fin de sa lecture, l\u2019aboutissement de cet \u00e9crit trouve en r\u00e9alit\u00e9 son explication au principe de l\u2019ouvrage, cr\u00e9ant ainsi un effet de circularit\u00e9 vertueuse : <em>\u00ab\u00a0Si le feu br\u00fblait ma maison, qu\u2019emporterai-je ? J\u2019aimerais emporter le feu\u00a0\u00bb <\/em>Jean Cocteau,<em> Clair Obscur.<\/em><\/p>\n","protected":false},"excerpt":{"rendered":"<p>Jukebox Motel est le premier roman de Tom Graffin paru le 23 mars dernier aux \u00e9ditions JC Latt\u00e8s. Dans le monde litt\u00e9raire, o\u00f9 existent des com\u00e8tes furtives et br\u00fblantes qui vous coupent le souffle avant la derni\u00e8re parole dactylographi\u00e9e, on trouve aussi des microcosmes abyssaux. Jukebox Motel est de ceux l\u00e0. Le paradoxe se pla\u00eet<\/p>\n","protected":false},"author":21,"featured_media":29885,"comment_status":"open","ping_status":"open","sticky":false,"template":"","format":"standard","meta":{"jetpack_post_was_ever_published":false,"_jetpack_newsletter_access":"","_jetpack_newsletter_tier_id":0,"footnotes":"","jetpack_publicize_message":"","jetpack_is_tweetstorm":false,"jetpack_publicize_feature_enabled":true,"jetpack_social_post_already_shared":true,"jetpack_social_options":{"image_generator_settings":{"template":"highway","enabled":false}}},"categories":[1117],"tags":[1389,54,1390],"jetpack_publicize_connections":[],"yoast_head":"<!-- This site is optimized with the Yoast SEO plugin v21.5 - https:\/\/yoast.com\/wordpress\/plugins\/seo\/ -->\n<title>Jukebox Motel de Tom Graffin, un diable de roman<\/title>\n<meta name=\"description\" content=\"Jukebox Motel est le premier roman de Tom Graffin paru le 23 mars dernier aux \u00e9ditions JC Latt\u00e8s. Dans le monde litt\u00e9raire, o\u00f9 existent des com\u00e8tes\" \/>\n<meta name=\"robots\" content=\"index, follow, max-snippet:-1, max-image-preview:large, max-video-preview:-1\" \/>\n<link rel=\"canonical\" href=\"https:\/\/smallthings.fr\/lespetitslivres\/2016\/04\/24\/jukebox-motel-tom-graffin-roman\/\" \/>\n<meta property=\"og:locale\" content=\"fr_FR\" \/>\n<meta property=\"og:type\" content=\"article\" \/>\n<meta property=\"og:title\" content=\"Jukebox Motel de Tom Graffin, un diable de roman\" \/>\n<meta property=\"og:description\" content=\"Jukebox Motel est le premier roman de Tom Graffin paru le 23 mars dernier aux \u00e9ditions JC Latt\u00e8s. Dans le monde litt\u00e9raire, o\u00f9 existent des com\u00e8tes\" \/>\n<meta property=\"og:url\" content=\"https:\/\/smallthings.fr\/lespetitslivres\/2016\/04\/24\/jukebox-motel-tom-graffin-roman\/\" \/>\n<meta property=\"og:site_name\" content=\"Les Petits Livres\" \/>\n<meta property=\"article:published_time\" content=\"2016-04-24T12:30:49+00:00\" \/>\n<meta property=\"article:modified_time\" content=\"2016-04-24T12:37:14+00:00\" \/>\n<meta property=\"og:image\" content=\"https:\/\/smallthings.fr\/lespetitslivres\/wp-content\/uploads\/2016\/04\/jukebox-motel-couv.jpg\" \/>\n\t<meta property=\"og:image:width\" content=\"900\" \/>\n\t<meta property=\"og:image:height\" content=\"316\" \/>\n\t<meta property=\"og:image:type\" content=\"image\/jpeg\" \/>\n<meta name=\"author\" content=\"Julie Celeste\" \/>\n<meta name=\"twitter:card\" content=\"summary_large_image\" \/>\n<meta name=\"twitter:label1\" content=\"\u00c9crit par\" \/>\n\t<meta name=\"twitter:data1\" content=\"Julie Celeste\" \/>\n\t<meta name=\"twitter:label2\" content=\"Dur\u00e9e de lecture estim\u00e9e\" \/>\n\t<meta name=\"twitter:data2\" content=\"3 minutes\" \/>\n<script type=\"application\/ld+json\" class=\"yoast-schema-graph\">{\"@context\":\"https:\/\/schema.org\",\"@graph\":[{\"@type\":\"WebPage\",\"@id\":\"https:\/\/smallthings.fr\/lespetitslivres\/2016\/04\/24\/jukebox-motel-tom-graffin-roman\/\",\"url\":\"https:\/\/smallthings.fr\/lespetitslivres\/2016\/04\/24\/jukebox-motel-tom-graffin-roman\/\",\"name\":\"Jukebox Motel de Tom Graffin, un diable de roman\",\"isPartOf\":{\"@id\":\"https:\/\/smallthings.fr\/lespetitslivres\/#website\"},\"datePublished\":\"2016-04-24T12:30:49+00:00\",\"dateModified\":\"2016-04-24T12:37:14+00:00\",\"author\":{\"@id\":\"https:\/\/smallthings.fr\/lespetitslivres\/#\/schema\/person\/ba237ccb1b187428454ed7f47cf2ad1d\"},\"description\":\"Jukebox Motel est le premier roman de Tom Graffin paru le 23 mars dernier aux \u00e9ditions JC Latt\u00e8s. Dans le monde litt\u00e9raire, o\u00f9 existent des com\u00e8tes\",\"breadcrumb\":{\"@id\":\"https:\/\/smallthings.fr\/lespetitslivres\/2016\/04\/24\/jukebox-motel-tom-graffin-roman\/#breadcrumb\"},\"inLanguage\":\"fr-FR\",\"potentialAction\":[{\"@type\":\"ReadAction\",\"target\":[\"https:\/\/smallthings.fr\/lespetitslivres\/2016\/04\/24\/jukebox-motel-tom-graffin-roman\/\"]}]},{\"@type\":\"BreadcrumbList\",\"@id\":\"https:\/\/smallthings.fr\/lespetitslivres\/2016\/04\/24\/jukebox-motel-tom-graffin-roman\/#breadcrumb\",\"itemListElement\":[{\"@type\":\"ListItem\",\"position\":1,\"name\":\"Accueil\",\"item\":\"https:\/\/smallthings.fr\/lespetitslivres\/\"},{\"@type\":\"ListItem\",\"position\":2,\"name\":\"Jukebox Motel de Tom Graffin, un diable de roman\"}]},{\"@type\":\"WebSite\",\"@id\":\"https:\/\/smallthings.fr\/lespetitslivres\/#website\",\"url\":\"https:\/\/smallthings.fr\/lespetitslivres\/\",\"name\":\"Les Petits Livres\",\"description\":\"by Small Things\",\"potentialAction\":[{\"@type\":\"SearchAction\",\"target\":{\"@type\":\"EntryPoint\",\"urlTemplate\":\"https:\/\/smallthings.fr\/lespetitslivres\/?s={search_term_string}\"},\"query-input\":\"required name=search_term_string\"}],\"inLanguage\":\"fr-FR\"},{\"@type\":\"Person\",\"@id\":\"https:\/\/smallthings.fr\/lespetitslivres\/#\/schema\/person\/ba237ccb1b187428454ed7f47cf2ad1d\",\"name\":\"Julie Celeste\",\"image\":{\"@type\":\"ImageObject\",\"inLanguage\":\"fr-FR\",\"@id\":\"https:\/\/smallthings.fr\/lespetitslivres\/#\/schema\/person\/image\/\",\"url\":\"https:\/\/secure.gravatar.com\/avatar\/dcadd3e901b2ccc179b27983c72d2ea6?s=96&d=retro&r=g\",\"contentUrl\":\"https:\/\/secure.gravatar.com\/avatar\/dcadd3e901b2ccc179b27983c72d2ea6?s=96&d=retro&r=g\",\"caption\":\"Julie Celeste\"},\"url\":\"https:\/\/smallthings.fr\/lespetitslivres\/author\/julie-celeste\/\"}]}<\/script>\n<!-- \/ Yoast SEO plugin. -->","yoast_head_json":{"title":"Jukebox Motel de Tom Graffin, un diable de roman","description":"Jukebox Motel est le premier roman de Tom Graffin paru le 23 mars dernier aux \u00e9ditions JC Latt\u00e8s. Dans le monde litt\u00e9raire, o\u00f9 existent des com\u00e8tes","robots":{"index":"index","follow":"follow","max-snippet":"max-snippet:-1","max-image-preview":"max-image-preview:large","max-video-preview":"max-video-preview:-1"},"canonical":"https:\/\/smallthings.fr\/lespetitslivres\/2016\/04\/24\/jukebox-motel-tom-graffin-roman\/","og_locale":"fr_FR","og_type":"article","og_title":"Jukebox Motel de Tom Graffin, un diable de roman","og_description":"Jukebox Motel est le premier roman de Tom Graffin paru le 23 mars dernier aux \u00e9ditions JC Latt\u00e8s. Dans le monde litt\u00e9raire, o\u00f9 existent des com\u00e8tes","og_url":"https:\/\/smallthings.fr\/lespetitslivres\/2016\/04\/24\/jukebox-motel-tom-graffin-roman\/","og_site_name":"Les Petits Livres","article_published_time":"2016-04-24T12:30:49+00:00","article_modified_time":"2016-04-24T12:37:14+00:00","og_image":[{"width":900,"height":316,"url":"https:\/\/smallthings.fr\/lespetitslivres\/wp-content\/uploads\/2016\/04\/jukebox-motel-couv.jpg","type":"image\/jpeg"}],"author":"Julie Celeste","twitter_card":"summary_large_image","twitter_misc":{"\u00c9crit par":"Julie Celeste","Dur\u00e9e de lecture estim\u00e9e":"3 minutes"},"schema":{"@context":"https:\/\/schema.org","@graph":[{"@type":"WebPage","@id":"https:\/\/smallthings.fr\/lespetitslivres\/2016\/04\/24\/jukebox-motel-tom-graffin-roman\/","url":"https:\/\/smallthings.fr\/lespetitslivres\/2016\/04\/24\/jukebox-motel-tom-graffin-roman\/","name":"Jukebox Motel de Tom Graffin, un diable de roman","isPartOf":{"@id":"https:\/\/smallthings.fr\/lespetitslivres\/#website"},"datePublished":"2016-04-24T12:30:49+00:00","dateModified":"2016-04-24T12:37:14+00:00","author":{"@id":"https:\/\/smallthings.fr\/lespetitslivres\/#\/schema\/person\/ba237ccb1b187428454ed7f47cf2ad1d"},"description":"Jukebox Motel est le premier roman de Tom Graffin paru le 23 mars dernier aux \u00e9ditions JC Latt\u00e8s. Dans le monde litt\u00e9raire, o\u00f9 existent des com\u00e8tes","breadcrumb":{"@id":"https:\/\/smallthings.fr\/lespetitslivres\/2016\/04\/24\/jukebox-motel-tom-graffin-roman\/#breadcrumb"},"inLanguage":"fr-FR","potentialAction":[{"@type":"ReadAction","target":["https:\/\/smallthings.fr\/lespetitslivres\/2016\/04\/24\/jukebox-motel-tom-graffin-roman\/"]}]},{"@type":"BreadcrumbList","@id":"https:\/\/smallthings.fr\/lespetitslivres\/2016\/04\/24\/jukebox-motel-tom-graffin-roman\/#breadcrumb","itemListElement":[{"@type":"ListItem","position":1,"name":"Accueil","item":"https:\/\/smallthings.fr\/lespetitslivres\/"},{"@type":"ListItem","position":2,"name":"Jukebox Motel de Tom Graffin, un diable de roman"}]},{"@type":"WebSite","@id":"https:\/\/smallthings.fr\/lespetitslivres\/#website","url":"https:\/\/smallthings.fr\/lespetitslivres\/","name":"Les Petits Livres","description":"by Small Things","potentialAction":[{"@type":"SearchAction","target":{"@type":"EntryPoint","urlTemplate":"https:\/\/smallthings.fr\/lespetitslivres\/?s={search_term_string}"},"query-input":"required name=search_term_string"}],"inLanguage":"fr-FR"},{"@type":"Person","@id":"https:\/\/smallthings.fr\/lespetitslivres\/#\/schema\/person\/ba237ccb1b187428454ed7f47cf2ad1d","name":"Julie Celeste","image":{"@type":"ImageObject","inLanguage":"fr-FR","@id":"https:\/\/smallthings.fr\/lespetitslivres\/#\/schema\/person\/image\/","url":"https:\/\/secure.gravatar.com\/avatar\/dcadd3e901b2ccc179b27983c72d2ea6?s=96&d=retro&r=g","contentUrl":"https:\/\/secure.gravatar.com\/avatar\/dcadd3e901b2ccc179b27983c72d2ea6?s=96&d=retro&r=g","caption":"Julie Celeste"},"url":"https:\/\/smallthings.fr\/lespetitslivres\/author\/julie-celeste\/"}]}},"jetpack_featured_media_url":"https:\/\/smallthings.fr\/lespetitslivres\/wp-content\/uploads\/2016\/04\/jukebox-motel-couv.jpg","jetpack_sharing_enabled":true,"jetpack_shortlink":"https:\/\/wp.me\/p6Un21-7LY","jetpack-related-posts":[{"id":30163,"url":"https:\/\/smallthings.fr\/lespetitslivres\/2016\/08\/28\/10-04-ben-lerner-roman-critique\/","url_meta":{"origin":29882,"position":0},"title":"10:04 de Ben Lerner : le roman du romancier","author":"Diane Norric","date":"28 ao\u00fbt 2016","format":false,"excerpt":"10:04 est le second roman de l'Am\u00e9ricain Ben Lerner, que publient les \u00e9ditions de l\u2019Olivier en cette rentr\u00e9e litt\u00e9raire. Le premier roman de l'auteur, Au d\u00e9part d\u2019Atocha, encens\u00e9 par la critique anglo-saxonne \u00e9tait paru en fran\u00e7ais chez le m\u00eame \u00e9diteur. 10:04 est lui aussi pr\u00e9c\u00e9d\u00e9 d\u2019une flatteuse r\u00e9putation. Dans ce\u2026","rel":"","context":"Dans &quot;Rentr\u00e9e litt\u00e9raire&quot;","block_context":{"text":"Rentr\u00e9e litt\u00e9raire","link":"https:\/\/smallthings.fr\/lespetitslivres\/category\/rentree-litteraire\/"},"img":{"alt_text":"","src":"https:\/\/i0.wp.com\/smallthings.fr\/lespetitslivres\/wp-content\/uploads\/2016\/07\/10-04-lerner-couv.jpg?resize=350%2C200&ssl=1","width":350,"height":200,"srcset":"https:\/\/i0.wp.com\/smallthings.fr\/lespetitslivres\/wp-content\/uploads\/2016\/07\/10-04-lerner-couv.jpg?resize=350%2C200&ssl=1 1x, https:\/\/i0.wp.com\/smallthings.fr\/lespetitslivres\/wp-content\/uploads\/2016\/07\/10-04-lerner-couv.jpg?resize=525%2C300&ssl=1 1.5x, https:\/\/i0.wp.com\/smallthings.fr\/lespetitslivres\/wp-content\/uploads\/2016\/07\/10-04-lerner-couv.jpg?resize=700%2C400&ssl=1 2x, https:\/\/i0.wp.com\/smallthings.fr\/lespetitslivres\/wp-content\/uploads\/2016\/07\/10-04-lerner-couv.jpg?resize=1050%2C600&ssl=1 3x"},"classes":[]},{"id":4504,"url":"https:\/\/smallthings.fr\/lespetitslivres\/2013\/04\/11\/fabrice-colin-ta-mort-sera-la-mienne\/","url_meta":{"origin":29882,"position":1},"title":"Fabrice Colin &#8211; Ta mort sera la mienne","author":"Claire","date":"11 avril 2013","format":false,"excerpt":"\"Ta mort sera la mienne\" est le deuxi\u00e8me polar de Fabrice Colin publi\u00e9 chez Sonatines. L'auteur choisit le paysage de l'Utah pour nous livrer sa vision de la d\u00e9gringolade du r\u00eave am\u00e9ricain.","rel":"","context":"Dans &quot;Thriller&quot;","block_context":{"text":"Thriller","link":"https:\/\/smallthings.fr\/lespetitslivres\/category\/thriller\/"},"img":{"alt_text":"","src":"https:\/\/i0.wp.com\/uploads.smallthings.fr\/2013\/04\/47300271fabrice-colin-gif.gif?resize=350%2C200","width":350,"height":200},"classes":[]},{"id":26589,"url":"https:\/\/smallthings.fr\/lespetitslivres\/2015\/08\/29\/a-l-enseigne-du-coeur-epris-pigeat-critique\/","url_meta":{"origin":29882,"position":2},"title":"\u00c0 l\u2019enseigne du c\u0153ur \u00e9pris : premier roman de Jean-Fran\u00e7ois Pigeat","author":"Audrey Ch\u00e8vrefeuille","date":"29 ao\u00fbt 2015","format":false,"excerpt":"\u00c0 l\u2019enseigne du c\u0153ur \u00e9pris est le premier roman de Jean-Fran\u00e7ois Pigeat, paru au Dilettante pour la rentr\u00e9e litt\u00e9raire. \u00c0 l\u2019enseigne du c\u0153ur \u00e9pris est l\u2019histoire d\u2019un type. Et d\u2019une femme. La vie les a marqu\u00e9s, le mariage ne leur a pas r\u00e9ussi. Lass\u00e9s du c\u00e9libat mais devenus exigeants par\u2026","rel":"","context":"Dans &quot;Rentr\u00e9e Litt\u00e9raire&quot;","block_context":{"text":"Rentr\u00e9e Litt\u00e9raire","link":"https:\/\/smallthings.fr\/lespetitslivres\/category\/rentree-litteraire-2015\/"},"img":{"alt_text":"","src":"","width":0,"height":0},"classes":[]},{"id":31564,"url":"https:\/\/smallthings.fr\/lespetitslivres\/2018\/03\/05\/chroniques-st-mary-jodi-taylor\/","url_meta":{"origin":29882,"position":3},"title":"Les Chroniques de St Mary, pour changer votre regard sur l&rsquo;Histoire","author":"Axelle","date":"5 mars 2018","format":false,"excerpt":"Le premier tome de la s\u00e9rie de Jodi Taylor, les Chroniques de Saint Mary, d\u00e9j\u00e0 compos\u00e9e de 9 tomes en version originale, est paru en f\u00e9vrier chez HC \u00e9ditions, sous le titre Un monde apr\u00e8s l'autre. Au d\u00e9but du roman, nous d\u00e9couvrons une jeune historienne, Madeleine Maxwell, qui se voit\u2026","rel":"","context":"Dans &quot;Roman \u00e9tranger&quot;","block_context":{"text":"Roman \u00e9tranger","link":"https:\/\/smallthings.fr\/lespetitslivres\/category\/roman\/roman-etranger\/"},"img":{"alt_text":"","src":"https:\/\/i0.wp.com\/smallthings.fr\/lespetitslivres\/wp-content\/uploads\/2018\/03\/chroniques-st-mary-cover.jpg?resize=350%2C200&ssl=1","width":350,"height":200,"srcset":"https:\/\/i0.wp.com\/smallthings.fr\/lespetitslivres\/wp-content\/uploads\/2018\/03\/chroniques-st-mary-cover.jpg?resize=350%2C200&ssl=1 1x, https:\/\/i0.wp.com\/smallthings.fr\/lespetitslivres\/wp-content\/uploads\/2018\/03\/chroniques-st-mary-cover.jpg?resize=525%2C300&ssl=1 1.5x"},"classes":[]},{"id":31799,"url":"https:\/\/smallthings.fr\/lespetitslivres\/2018\/09\/04\/trancher-amelie-cordonnier-roman-avis\/","url_meta":{"origin":29882,"position":4},"title":"Trancher, quand les mots d\u00e9truisent : le premier roman d&rsquo;Am\u00e9lie Cordonnier","author":"Claire","date":"4 septembre 2018","format":false,"excerpt":"En cette Rentr\u00e9e litt\u00e9raire, la journaliste Am\u00e9lie Cordonnier publie son premier roman, Trancher, chez Flammarion. Un livre difficile qui aborde le sujet de la violence conjugale verbale. L'h\u00e9ro\u00efne est en couple avec Aur\u00e9lien. Ils ont deux enfants. Apr\u00e8s des ann\u00e9es de tr\u00eave, Aur\u00e9lien recommence \u00e0 l'insulter, et ce devant leurs\u2026","rel":"","context":"Dans &quot;Roman fran\u00e7ais&quot;","block_context":{"text":"Roman fran\u00e7ais","link":"https:\/\/smallthings.fr\/lespetitslivres\/category\/roman\/roman-francais\/"},"img":{"alt_text":"","src":"https:\/\/i0.wp.com\/smallthings.fr\/lespetitslivres\/wp-content\/uploads\/2018\/09\/trancher-cordonnier-cover.jpg?resize=350%2C200&ssl=1","width":350,"height":200,"srcset":"https:\/\/i0.wp.com\/smallthings.fr\/lespetitslivres\/wp-content\/uploads\/2018\/09\/trancher-cordonnier-cover.jpg?resize=350%2C200&ssl=1 1x, https:\/\/i0.wp.com\/smallthings.fr\/lespetitslivres\/wp-content\/uploads\/2018\/09\/trancher-cordonnier-cover.jpg?resize=525%2C300&ssl=1 1.5x"},"classes":[]},{"id":30635,"url":"https:\/\/smallthings.fr\/lespetitslivres\/2017\/01\/08\/heritage-rois-passeurs-fargetton-avis\/","url_meta":{"origin":29882,"position":5},"title":"L\u2019H\u00e9ritage des Rois Passeurs : un roman de fantasy \u00e9poustouflant","author":"Jennifer","date":"8 janvier 2017","format":false,"excerpt":"L\u2019H\u00e9ritage des Rois Passeurs est un roman de\u00a0Manon Fargetton, sorti en format poche chez Milady en novembre dernier. Un livre de fantasy exceptionnel qui nous emm\u00e8ne dans un monde de magie dont le destin repose sur les \u00e9paules de deux femmes hors du commun. Manon Fargetton a re\u00e7u le Prix\u2026","rel":"","context":"Dans &quot;Fantasy&quot;","block_context":{"text":"Fantasy","link":"https:\/\/smallthings.fr\/lespetitslivres\/category\/imaginaire\/fantasy\/"},"img":{"alt_text":"","src":"https:\/\/i0.wp.com\/smallthings.fr\/lespetitslivres\/wp-content\/uploads\/2017\/01\/Lh\u00e9ritage-des-rois-passeurs-manon-fargetton-3.jpg?resize=350%2C200&ssl=1","width":350,"height":200,"srcset":"https:\/\/i0.wp.com\/smallthings.fr\/lespetitslivres\/wp-content\/uploads\/2017\/01\/Lh\u00e9ritage-des-rois-passeurs-manon-fargetton-3.jpg?resize=350%2C200&ssl=1 1x, https:\/\/i0.wp.com\/smallthings.fr\/lespetitslivres\/wp-content\/uploads\/2017\/01\/Lh\u00e9ritage-des-rois-passeurs-manon-fargetton-3.jpg?resize=525%2C300&ssl=1 1.5x"},"classes":[]}],"_links":{"self":[{"href":"https:\/\/smallthings.fr\/lespetitslivres\/wp-json\/wp\/v2\/posts\/29882"}],"collection":[{"href":"https:\/\/smallthings.fr\/lespetitslivres\/wp-json\/wp\/v2\/posts"}],"about":[{"href":"https:\/\/smallthings.fr\/lespetitslivres\/wp-json\/wp\/v2\/types\/post"}],"author":[{"embeddable":true,"href":"https:\/\/smallthings.fr\/lespetitslivres\/wp-json\/wp\/v2\/users\/21"}],"replies":[{"embeddable":true,"href":"https:\/\/smallthings.fr\/lespetitslivres\/wp-json\/wp\/v2\/comments?post=29882"}],"version-history":[{"count":2,"href":"https:\/\/smallthings.fr\/lespetitslivres\/wp-json\/wp\/v2\/posts\/29882\/revisions"}],"predecessor-version":[{"id":29893,"href":"https:\/\/smallthings.fr\/lespetitslivres\/wp-json\/wp\/v2\/posts\/29882\/revisions\/29893"}],"wp:featuredmedia":[{"embeddable":true,"href":"https:\/\/smallthings.fr\/lespetitslivres\/wp-json\/wp\/v2\/media\/29885"}],"wp:attachment":[{"href":"https:\/\/smallthings.fr\/lespetitslivres\/wp-json\/wp\/v2\/media?parent=29882"}],"wp:term":[{"taxonomy":"category","embeddable":true,"href":"https:\/\/smallthings.fr\/lespetitslivres\/wp-json\/wp\/v2\/categories?post=29882"},{"taxonomy":"post_tag","embeddable":true,"href":"https:\/\/smallthings.fr\/lespetitslivres\/wp-json\/wp\/v2\/tags?post=29882"}],"curies":[{"name":"wp","href":"https:\/\/api.w.org\/{rel}","templated":true}]}}