{"id":29811,"date":"2016-04-05T16:00:21","date_gmt":"2016-04-05T15:00:21","guid":{"rendered":"http:\/\/smallthings.fr\/lespetitslivres\/?p=29811"},"modified":"2016-04-04T20:50:52","modified_gmt":"2016-04-04T19:50:52","slug":"sur-une-majeure-partie-france-critique","status":"publish","type":"post","link":"https:\/\/smallthings.fr\/lespetitslivres\/2016\/04\/05\/sur-une-majeure-partie-france-critique\/","title":{"rendered":"Sur une majeure partie de la France : l&rsquo;adolescence au c\u0153ur d&rsquo;une campagne oubli\u00e9e"},"content":{"rendered":"<h2><em>Sur une majeure partie de la France<\/em>, du romancier et photographe Franck Court\u00e8s, est paru en janvier aux \u00e9ditions <a href=\"http:\/\/www.editions-jclattes.fr\/sur-une-majeure-partie-de-la-france-9782709650588\" target=\"_blank\">JC Latt\u00e8s<\/a>. Il s&rsquo;agit du second roman de l&rsquo;auteur du tr\u00e8s remarqu\u00e9 recueil de nouvelles <em>Autorisation de pratiquer la course \u00e0 pied<\/em>.<\/h2>\n<p>Quentin et Gary sont n\u00e9s dans un petit village de la Brie qui semble coup\u00e9 du monde. C\u2019est un lieu de paix plong\u00e9 dans les profondeurs de la France rythm\u00e9 par les cycles de la nature. Quentin est le fils du garde-chasse. Le ch\u00e2teau en ruine et les for\u00eats avoisinantes sont son terrain de jeu, c\u2019est l\u00e0 qu\u2019il puise sa force. Gary g\u00e8re son \u00e9nergie autrement\u00a0: sa sauvagerie \u00e0 lui est brutale. En grandissant, les enfants prennent des chemins diff\u00e9rents\u00a0: pos\u00e9 pour l\u2019un, violent pour le second. \u00c0 l\u2019adolescence pourtant, leurs routes se croisent \u00e0 la faveur des premiers \u00e9mois. Anne s\u2019\u00e9prend de Quentin, ce gar\u00e7on si gentil, mais r\u00eave d\u2019un avenir plus excitant.<\/p>\n<p><img loading=\"lazy\" decoding=\"async\" data-attachment-id=\"29813\" data-permalink=\"https:\/\/smallthings.fr\/lespetitslivres\/2016\/04\/05\/sur-une-majeure-partie-france-critique\/majeure-partie-france\/\" data-orig-file=\"https:\/\/smallthings.fr\/lespetitslivres\/wp-content\/uploads\/2016\/04\/majeure-partie-france.jpeg\" data-orig-size=\"304,480\" data-comments-opened=\"1\" data-image-meta=\"{&quot;aperture&quot;:&quot;0&quot;,&quot;credit&quot;:&quot;&quot;,&quot;camera&quot;:&quot;&quot;,&quot;caption&quot;:&quot;&quot;,&quot;created_timestamp&quot;:&quot;0&quot;,&quot;copyright&quot;:&quot;&quot;,&quot;focal_length&quot;:&quot;0&quot;,&quot;iso&quot;:&quot;0&quot;,&quot;shutter_speed&quot;:&quot;0&quot;,&quot;title&quot;:&quot;&quot;,&quot;orientation&quot;:&quot;0&quot;}\" data-image-title=\"majeure-partie-france\" data-image-description=\"\" data-image-caption=\"\" data-medium-file=\"https:\/\/smallthings.fr\/lespetitslivres\/wp-content\/uploads\/2016\/04\/majeure-partie-france-190x300.jpeg\" data-large-file=\"https:\/\/smallthings.fr\/lespetitslivres\/wp-content\/uploads\/2016\/04\/majeure-partie-france.jpeg\" class=\"alignleft size-full wp-image-29813\" src=\"http:\/\/smallthings.fr\/lespetitslivres\/wp-content\/uploads\/2016\/04\/majeure-partie-france.jpeg\" alt=\"majeure-partie-france\" width=\"304\" height=\"480\" srcset=\"https:\/\/smallthings.fr\/lespetitslivres\/wp-content\/uploads\/2016\/04\/majeure-partie-france.jpeg 304w, https:\/\/smallthings.fr\/lespetitslivres\/wp-content\/uploads\/2016\/04\/majeure-partie-france-190x300.jpeg 190w\" sizes=\"(max-width: 304px) 100vw, 304px\" \/>En quelques 300 pages, <strong><em>Sur une majeure partie de la France<\/em> nous entraine au c\u0153ur de la vie d\u2019un village qui verra son quotidien boulevers\u00e9<\/strong>. Avec l\u2019exode vers les grandes villes et l\u2019arriv\u00e9e de l\u2019industrie alimentaire, ce sont tous les codes qui doivent \u00eatre revus, les habitudes qui vont changer. \u00c0 la faveur de ces (r)\u00e9volutions, Franck Court\u00e8s nous pr\u00e9sente deux adolescents que tout oppose. Leurs destin\u00e9es n\u2019en seront que plus diff\u00e9rentes. Au fil des pages, il nous d\u00e9crit un univers aujourd\u2019hui perdu et nous raconte l\u2019histoire de l\u2019adolescence, du toujours difficile passage \u00e0 l\u2019\u00e2ge adulte. L\u2019auteur profite de ce cadre propice pour croquer des sc\u00e8nes ou des personnages qui \u00e0 eux seuls valent le d\u00e9tour et distiller des paroles sages, parfois empruntes d\u2019une philosophie du bon sens.<\/p>\n<blockquote><p>\u00ab\u00a0Tout et l\u00e0, Quentin, d\u00e9j\u00e0 donn\u00e9, le Bien est l\u00e0, autour de nous. Dieu ne dit pas ce que tu dois penser, encore moins ce que tu dois bouffer ou pas. Tu peux l\u2019insulter, il entend pas. C\u2019est pas quelqu\u2019un. Il t\u2019aime autant que le brin d\u2019herbe, autant que les piafs, et c\u2019est d\u00e9j\u00e0 \u00e9norme. Dis merci dans ta t\u00eate de temps en temps, tu auras fait quatre-vingt-dix-neuf pour cent du trajet vers lui. Laisse les religions s\u2019entretuer pour le un pourcent qui reste, ces rentiers et leur titre de propri\u00e9t\u00e9\u00a0! On a besoin de foi, pas de religion. Dieu \u00e0 jamais parl\u00e9 aux cur\u00e9s, alors les cur\u00e9s n\u2019ont rien \u00e0 nous dire\u00a0!\u00a0\u00bb<\/p><\/blockquote>\n<p>Si les 50 premi\u00e8res pages de <em>Sur une majeure partie de la France<\/em> ne m\u2019ont pas entrain\u00e9e dans l\u2019univers de Franck Court\u00e8s, la suite de ce roman a fini par m\u2019envo\u00fbter. L\u2019alternance de personnage au fil des chapitres n\u2019aide peut-\u00eatre pas pour entrer v\u00e9ritablement dans l\u2019histoire. Mais au fur et \u00e0 mesure que le r\u00e9cit se d\u00e9roule, les \u00e9v\u00e9nements s\u2019imbriquent et on voit se dessiner le parcours pr\u00e9cis que voulait nous faire d\u00e9couvrir l\u2019auteur. La plume est assur\u00e9e et \u00e9gale, ce qui rend la lecture agr\u00e9able mais n\u2019est sans doute pas favorable \u00e0 une entr\u00e9e en mati\u00e8re plus fracassante. <strong><em>Sur une majeure partie de la France<\/em><\/strong> est u<strong>n tr\u00e8s bon livre pour les amateurs de tranches de vie<\/strong>. \u00c0 d\u00e9couvrir sans plus attendre.<\/p>\n<p>\u00c0 la lumi\u00e8re des (tr\u00e8s) r\u00e9cents \u00e9v\u00e9nements qui ont secou\u00e9s Bruxelles (et Paris avant \u00e7a) et que l\u2019auteur ne pouvait pas anticiper, un passage a particuli\u00e8rement retenu mon attention.<\/p>\n<blockquote><p>\u00ab\u00a0Le diable est au travail partout o\u00f9 les hommes faiblissent. Cette fois, il s\u2019en prend aux musulmans. Il utilise les plus b\u00eates d\u2019entre eux, les plus faibles, les moins \u00e9duqu\u00e9s pour les rendre ha\u00efssables. Ce n\u2019est pas l\u2019islam qui attaque l\u2019Occident, c\u2019est le diable qui attaque l\u2019islam.\u00a0\u00bb<\/p><\/blockquote>\n","protected":false},"excerpt":{"rendered":"<p>Sur une majeure partie de la France, du romancier et photographe Franck Court\u00e8s, est paru en janvier aux \u00e9ditions JC Latt\u00e8s. Il s&rsquo;agit du second roman de l&rsquo;auteur du tr\u00e8s remarqu\u00e9 recueil de nouvelles Autorisation de pratiquer la course \u00e0 pied. Quentin et Gary sont n\u00e9s dans un petit village de la Brie qui semble<\/p>\n","protected":false},"author":6,"featured_media":29812,"comment_status":"open","ping_status":"open","sticky":false,"template":"","format":"standard","meta":{"jetpack_post_was_ever_published":false,"_jetpack_newsletter_access":"","_jetpack_newsletter_tier_id":0,"footnotes":"","jetpack_publicize_message":"","jetpack_is_tweetstorm":false,"jetpack_publicize_feature_enabled":true,"jetpack_social_post_already_shared":true,"jetpack_social_options":{"image_generator_settings":{"template":"highway","enabled":false}}},"categories":[1117],"tags":[1369,54,1368],"jetpack_publicize_connections":[],"yoast_head":"<!-- This site is optimized with the Yoast SEO plugin v21.5 - https:\/\/yoast.com\/wordpress\/plugins\/seo\/ -->\n<title>Sur une majeure partie de la France : l&#039;adolescence au c\u0153ur d&#039;une campagne oubli\u00e9e - Les Petits Livres<\/title>\n<meta name=\"description\" content=\"Sur une majeure partie de la France, du romancier et photographe Franck Court\u00e8s, est paru en janvier aux \u00e9ditions JC Latt\u00e8s. Il s&#039;agit du second roman\" \/>\n<meta name=\"robots\" content=\"index, follow, max-snippet:-1, max-image-preview:large, max-video-preview:-1\" \/>\n<link rel=\"canonical\" href=\"http:\/\/smallthings.fr\/lespetitslivres\/2016\/04\/05\/sur-une-majeure-partie-france-critique\/\" \/>\n<meta property=\"og:locale\" content=\"fr_FR\" \/>\n<meta property=\"og:type\" content=\"article\" \/>\n<meta property=\"og:title\" content=\"Sur une majeure partie de la France : l&#039;adolescence au c\u0153ur d&#039;une campagne oubli\u00e9e - Les Petits Livres\" \/>\n<meta property=\"og:description\" content=\"Sur une majeure partie de la France, du romancier et photographe Franck Court\u00e8s, est paru en janvier aux \u00e9ditions JC Latt\u00e8s. Il s&#039;agit du second roman\" \/>\n<meta property=\"og:url\" content=\"http:\/\/smallthings.fr\/lespetitslivres\/2016\/04\/05\/sur-une-majeure-partie-france-critique\/\" \/>\n<meta property=\"og:site_name\" content=\"Les Petits Livres\" \/>\n<meta property=\"article:published_time\" content=\"2016-04-05T15:00:21+00:00\" \/>\n<meta property=\"article:modified_time\" content=\"2016-04-04T19:50:52+00:00\" \/>\n<meta property=\"og:image\" content=\"https:\/\/i0.wp.com\/smallthings.fr\/lespetitslivres\/wp-content\/uploads\/2016\/04\/majeure-partie-france-couv.jpeg?fit=304%2C153\" \/>\n\t<meta property=\"og:image:width\" content=\"304\" \/>\n\t<meta property=\"og:image:height\" content=\"153\" \/>\n\t<meta property=\"og:image:type\" content=\"image\/jpeg\" \/>\n<meta name=\"author\" content=\"Audrey Ch\u00e8vrefeuille\" \/>\n<meta name=\"twitter:card\" content=\"summary_large_image\" \/>\n<meta name=\"twitter:label1\" content=\"\u00c9crit par\" \/>\n\t<meta name=\"twitter:data1\" content=\"Audrey Ch\u00e8vrefeuille\" \/>\n\t<meta name=\"twitter:label2\" content=\"Dur\u00e9e de lecture estim\u00e9e\" \/>\n\t<meta name=\"twitter:data2\" content=\"3 minutes\" \/>\n<script type=\"application\/ld+json\" class=\"yoast-schema-graph\">{\"@context\":\"https:\/\/schema.org\",\"@graph\":[{\"@type\":\"WebPage\",\"@id\":\"http:\/\/smallthings.fr\/lespetitslivres\/2016\/04\/05\/sur-une-majeure-partie-france-critique\/\",\"url\":\"http:\/\/smallthings.fr\/lespetitslivres\/2016\/04\/05\/sur-une-majeure-partie-france-critique\/\",\"name\":\"Sur une majeure partie de la France : l'adolescence au c\u0153ur d'une campagne oubli\u00e9e - Les Petits Livres\",\"isPartOf\":{\"@id\":\"https:\/\/smallthings.fr\/lespetitslivres\/#website\"},\"datePublished\":\"2016-04-05T15:00:21+00:00\",\"dateModified\":\"2016-04-04T19:50:52+00:00\",\"author\":{\"@id\":\"https:\/\/smallthings.fr\/lespetitslivres\/#\/schema\/person\/aab65d6efcfc32725dcf5e977fdbcc75\"},\"description\":\"Sur une majeure partie de la France, du romancier et photographe Franck Court\u00e8s, est paru en janvier aux \u00e9ditions JC Latt\u00e8s. Il s'agit du second roman\",\"breadcrumb\":{\"@id\":\"http:\/\/smallthings.fr\/lespetitslivres\/2016\/04\/05\/sur-une-majeure-partie-france-critique\/#breadcrumb\"},\"inLanguage\":\"fr-FR\",\"potentialAction\":[{\"@type\":\"ReadAction\",\"target\":[\"http:\/\/smallthings.fr\/lespetitslivres\/2016\/04\/05\/sur-une-majeure-partie-france-critique\/\"]}]},{\"@type\":\"BreadcrumbList\",\"@id\":\"http:\/\/smallthings.fr\/lespetitslivres\/2016\/04\/05\/sur-une-majeure-partie-france-critique\/#breadcrumb\",\"itemListElement\":[{\"@type\":\"ListItem\",\"position\":1,\"name\":\"Accueil\",\"item\":\"https:\/\/smallthings.fr\/lespetitslivres\/\"},{\"@type\":\"ListItem\",\"position\":2,\"name\":\"Sur une majeure partie de la France : l&rsquo;adolescence au c\u0153ur d&rsquo;une campagne oubli\u00e9e\"}]},{\"@type\":\"WebSite\",\"@id\":\"https:\/\/smallthings.fr\/lespetitslivres\/#website\",\"url\":\"https:\/\/smallthings.fr\/lespetitslivres\/\",\"name\":\"Les Petits Livres\",\"description\":\"by Small Things\",\"potentialAction\":[{\"@type\":\"SearchAction\",\"target\":{\"@type\":\"EntryPoint\",\"urlTemplate\":\"https:\/\/smallthings.fr\/lespetitslivres\/?s={search_term_string}\"},\"query-input\":\"required name=search_term_string\"}],\"inLanguage\":\"fr-FR\"},{\"@type\":\"Person\",\"@id\":\"https:\/\/smallthings.fr\/lespetitslivres\/#\/schema\/person\/aab65d6efcfc32725dcf5e977fdbcc75\",\"name\":\"Audrey Ch\u00e8vrefeuille\",\"image\":{\"@type\":\"ImageObject\",\"inLanguage\":\"fr-FR\",\"@id\":\"https:\/\/smallthings.fr\/lespetitslivres\/#\/schema\/person\/image\/\",\"url\":\"https:\/\/secure.gravatar.com\/avatar\/5b5b4b3479c8d73a7ac976231ee93e9a?s=96&d=retro&r=g\",\"contentUrl\":\"https:\/\/secure.gravatar.com\/avatar\/5b5b4b3479c8d73a7ac976231ee93e9a?s=96&d=retro&r=g\",\"caption\":\"Audrey Ch\u00e8vrefeuille\"},\"url\":\"https:\/\/smallthings.fr\/lespetitslivres\/author\/audrey_h\/\"}]}<\/script>\n<!-- \/ Yoast SEO plugin. -->","yoast_head_json":{"title":"Sur une majeure partie de la France : l'adolescence au c\u0153ur d'une campagne oubli\u00e9e - Les Petits Livres","description":"Sur une majeure partie de la France, du romancier et photographe Franck Court\u00e8s, est paru en janvier aux \u00e9ditions JC Latt\u00e8s. Il s'agit du second roman","robots":{"index":"index","follow":"follow","max-snippet":"max-snippet:-1","max-image-preview":"max-image-preview:large","max-video-preview":"max-video-preview:-1"},"canonical":"http:\/\/smallthings.fr\/lespetitslivres\/2016\/04\/05\/sur-une-majeure-partie-france-critique\/","og_locale":"fr_FR","og_type":"article","og_title":"Sur une majeure partie de la France : l'adolescence au c\u0153ur d'une campagne oubli\u00e9e - Les Petits Livres","og_description":"Sur une majeure partie de la France, du romancier et photographe Franck Court\u00e8s, est paru en janvier aux \u00e9ditions JC Latt\u00e8s. Il s'agit du second roman","og_url":"http:\/\/smallthings.fr\/lespetitslivres\/2016\/04\/05\/sur-une-majeure-partie-france-critique\/","og_site_name":"Les Petits Livres","article_published_time":"2016-04-05T15:00:21+00:00","article_modified_time":"2016-04-04T19:50:52+00:00","og_image":[{"width":304,"height":153,"url":"https:\/\/i0.wp.com\/smallthings.fr\/lespetitslivres\/wp-content\/uploads\/2016\/04\/majeure-partie-france-couv.jpeg?fit=304%2C153","type":"image\/jpeg"}],"author":"Audrey Ch\u00e8vrefeuille","twitter_card":"summary_large_image","twitter_misc":{"\u00c9crit par":"Audrey Ch\u00e8vrefeuille","Dur\u00e9e de lecture estim\u00e9e":"3 minutes"},"schema":{"@context":"https:\/\/schema.org","@graph":[{"@type":"WebPage","@id":"http:\/\/smallthings.fr\/lespetitslivres\/2016\/04\/05\/sur-une-majeure-partie-france-critique\/","url":"http:\/\/smallthings.fr\/lespetitslivres\/2016\/04\/05\/sur-une-majeure-partie-france-critique\/","name":"Sur une majeure partie de la France : l'adolescence au c\u0153ur d'une campagne oubli\u00e9e - Les Petits Livres","isPartOf":{"@id":"https:\/\/smallthings.fr\/lespetitslivres\/#website"},"datePublished":"2016-04-05T15:00:21+00:00","dateModified":"2016-04-04T19:50:52+00:00","author":{"@id":"https:\/\/smallthings.fr\/lespetitslivres\/#\/schema\/person\/aab65d6efcfc32725dcf5e977fdbcc75"},"description":"Sur une majeure partie de la France, du romancier et photographe Franck Court\u00e8s, est paru en janvier aux \u00e9ditions JC Latt\u00e8s. Il s'agit du second roman","breadcrumb":{"@id":"http:\/\/smallthings.fr\/lespetitslivres\/2016\/04\/05\/sur-une-majeure-partie-france-critique\/#breadcrumb"},"inLanguage":"fr-FR","potentialAction":[{"@type":"ReadAction","target":["http:\/\/smallthings.fr\/lespetitslivres\/2016\/04\/05\/sur-une-majeure-partie-france-critique\/"]}]},{"@type":"BreadcrumbList","@id":"http:\/\/smallthings.fr\/lespetitslivres\/2016\/04\/05\/sur-une-majeure-partie-france-critique\/#breadcrumb","itemListElement":[{"@type":"ListItem","position":1,"name":"Accueil","item":"https:\/\/smallthings.fr\/lespetitslivres\/"},{"@type":"ListItem","position":2,"name":"Sur une majeure partie de la France : l&rsquo;adolescence au c\u0153ur d&rsquo;une campagne oubli\u00e9e"}]},{"@type":"WebSite","@id":"https:\/\/smallthings.fr\/lespetitslivres\/#website","url":"https:\/\/smallthings.fr\/lespetitslivres\/","name":"Les Petits Livres","description":"by Small Things","potentialAction":[{"@type":"SearchAction","target":{"@type":"EntryPoint","urlTemplate":"https:\/\/smallthings.fr\/lespetitslivres\/?s={search_term_string}"},"query-input":"required name=search_term_string"}],"inLanguage":"fr-FR"},{"@type":"Person","@id":"https:\/\/smallthings.fr\/lespetitslivres\/#\/schema\/person\/aab65d6efcfc32725dcf5e977fdbcc75","name":"Audrey Ch\u00e8vrefeuille","image":{"@type":"ImageObject","inLanguage":"fr-FR","@id":"https:\/\/smallthings.fr\/lespetitslivres\/#\/schema\/person\/image\/","url":"https:\/\/secure.gravatar.com\/avatar\/5b5b4b3479c8d73a7ac976231ee93e9a?s=96&d=retro&r=g","contentUrl":"https:\/\/secure.gravatar.com\/avatar\/5b5b4b3479c8d73a7ac976231ee93e9a?s=96&d=retro&r=g","caption":"Audrey Ch\u00e8vrefeuille"},"url":"https:\/\/smallthings.fr\/lespetitslivres\/author\/audrey_h\/"}]}},"jetpack_featured_media_url":"https:\/\/smallthings.fr\/lespetitslivres\/wp-content\/uploads\/2016\/04\/majeure-partie-france-couv.jpeg","jetpack_sharing_enabled":true,"jetpack_shortlink":"https:\/\/wp.me\/p6Un21-7KP","jetpack-related-posts":[{"id":29209,"url":"https:\/\/smallthings.fr\/lespetitslivres\/2015\/12\/07\/neil-gaiman-ocean-au-bout-du-chemin\/","url_meta":{"origin":29811,"position":0},"title":"L&rsquo;oc\u00e9an au bout du chemin : l&rsquo;enfance selon Neil Gaiman","author":"Akiha","date":"7 d\u00e9cembre 2015","format":false,"excerpt":"Le tr\u00e8s britannique Neil Gaiman, ma\u00eetre du fantastique, attire avec son nom seul un certain public. Celui amateur de fantastique, du folklore celtique, d'un monde imaginaire, et L'oc\u00e9an au bout du chemin, paru en France aux \u00e9ditions Au Diable Vauvert, n'\u00e9chappe pas \u00e0 la r\u00e8gle. Sorti en 2013, L'oc\u00e9an au\u2026","rel":"","context":"Dans &quot;Fantastique&quot;","block_context":{"text":"Fantastique","link":"https:\/\/smallthings.fr\/lespetitslivres\/category\/imaginaire\/fantastique\/"},"img":{"alt_text":"","src":"https:\/\/i0.wp.com\/smallthings.fr\/lespetitslivres\/wp-content\/uploads\/2015\/11\/neil-gaiman-ocean-bout-du-chemin-couv.jpg?resize=350%2C200&ssl=1","width":350,"height":200,"srcset":"https:\/\/i0.wp.com\/smallthings.fr\/lespetitslivres\/wp-content\/uploads\/2015\/11\/neil-gaiman-ocean-bout-du-chemin-couv.jpg?resize=350%2C200&ssl=1 1x, https:\/\/i0.wp.com\/smallthings.fr\/lespetitslivres\/wp-content\/uploads\/2015\/11\/neil-gaiman-ocean-bout-du-chemin-couv.jpg?resize=525%2C300&ssl=1 1.5x, https:\/\/i0.wp.com\/smallthings.fr\/lespetitslivres\/wp-content\/uploads\/2015\/11\/neil-gaiman-ocean-bout-du-chemin-couv.jpg?resize=700%2C400&ssl=1 2x"},"classes":[]},{"id":29328,"url":"https:\/\/smallthings.fr\/lespetitslivres\/2016\/01\/07\/j-ai-toujours-ton-coeur-avec-moi-bjarnadottir\/","url_meta":{"origin":29811,"position":1},"title":"J\u2019ai toujours ton c\u0153ur avec moi, roman islandais de Soff\u00eda Bjarnad\u00f3ttir","author":"Cecile","date":"7 janvier 2016","format":false,"excerpt":"J'ai toujours ton c\u0153ur avec moi est un roman de l'islandaise , \u00e0 para\u00eetre aujourd'hui aux \u00e9ditions Zulma. Le postulat de d\u00e9part est simple\u00a0: la narratrice apprend que sa m\u00e8re vient de mourir. Elle s\u2019embarque donc sur un bateau pour revenir en Islande\u00a0; plus pr\u00e9cis\u00e9ment sur l\u2019\u00eele de Flatey, dans\u2026","rel":"","context":"Dans &quot;Actu&quot;","block_context":{"text":"Actu","link":"https:\/\/smallthings.fr\/lespetitslivres\/category\/actu\/"},"img":{"alt_text":"","src":"https:\/\/i0.wp.com\/smallthings.fr\/lespetitslivres\/wp-content\/uploads\/2016\/01\/j-ai-toujours-ton-coeur-avec-moi-couv.jpg?resize=350%2C200&ssl=1","width":350,"height":200,"srcset":"https:\/\/i0.wp.com\/smallthings.fr\/lespetitslivres\/wp-content\/uploads\/2016\/01\/j-ai-toujours-ton-coeur-avec-moi-couv.jpg?resize=350%2C200&ssl=1 1x, https:\/\/i0.wp.com\/smallthings.fr\/lespetitslivres\/wp-content\/uploads\/2016\/01\/j-ai-toujours-ton-coeur-avec-moi-couv.jpg?resize=525%2C300&ssl=1 1.5x, https:\/\/i0.wp.com\/smallthings.fr\/lespetitslivres\/wp-content\/uploads\/2016\/01\/j-ai-toujours-ton-coeur-avec-moi-couv.jpg?resize=700%2C400&ssl=1 2x, https:\/\/i0.wp.com\/smallthings.fr\/lespetitslivres\/wp-content\/uploads\/2016\/01\/j-ai-toujours-ton-coeur-avec-moi-couv.jpg?resize=1050%2C600&ssl=1 3x"},"classes":[]},{"id":8060,"url":"https:\/\/smallthings.fr\/lespetitslivres\/2013\/10\/02\/billie-anna-gavalda\/","url_meta":{"origin":29811,"position":2},"title":"Billie &#8211; Anna Gavalda","author":"Claire","date":"2 octobre 2013","format":false,"excerpt":"C'est avec Billie qu'Anna Gavalda fait aujourd'hui son grand retour. Un roman court mais ultra dense, des personnages forts, en marge.","rel":"","context":"Dans &quot;Roman fran\u00e7ais&quot;","block_context":{"text":"Roman fran\u00e7ais","link":"https:\/\/smallthings.fr\/lespetitslivres\/category\/roman\/roman-francais\/"},"img":{"alt_text":"Anna Gavalda \/ \u00c2\u00a9 Alexandre Isar - Le Dilettante","src":"https:\/\/i0.wp.com\/uploads.smallthings.fr\/2013\/09\/anna-gavalda-bureau-12a44.jpg?resize=350%2C200","width":350,"height":200},"classes":[]},{"id":31762,"url":"https:\/\/smallthings.fr\/lespetitslivres\/2018\/08\/23\/vie-de-pierres-chaudes-aurelie-razimbaud\/","url_meta":{"origin":29811,"position":3},"title":"Une vie de pierres chaudes, le premier roman d&rsquo;Aur\u00e9lie Razimbaud","author":"Claire","date":"23 ao\u00fbt 2018","format":false,"excerpt":"Aur\u00e9lie Razimbaud publie son premier roman chez Albin Michel pour cette Rentr\u00e9e litt\u00e9raire, Une vie de pierres chaudes. C'est dans le contexte de la guerre d'Alg\u00e9rie qu'elle plonge ses personnages. Un moyen pour elle de dire cette \u00e9poque que son grand-p\u00e8re n'a jamais pu lui raconter... En Alg\u00e9rie, dans les\u2026","rel":"","context":"Dans &quot;Roman fran\u00e7ais&quot;","block_context":{"text":"Roman fran\u00e7ais","link":"https:\/\/smallthings.fr\/lespetitslivres\/category\/roman\/roman-francais\/"},"img":{"alt_text":"","src":"https:\/\/i0.wp.com\/smallthings.fr\/lespetitslivres\/wp-content\/uploads\/2018\/08\/aurelie-razimbaud.jpg?resize=350%2C200&ssl=1","width":350,"height":200,"srcset":"https:\/\/i0.wp.com\/smallthings.fr\/lespetitslivres\/wp-content\/uploads\/2018\/08\/aurelie-razimbaud.jpg?resize=350%2C200&ssl=1 1x, https:\/\/i0.wp.com\/smallthings.fr\/lespetitslivres\/wp-content\/uploads\/2018\/08\/aurelie-razimbaud.jpg?resize=525%2C300&ssl=1 1.5x, https:\/\/i0.wp.com\/smallthings.fr\/lespetitslivres\/wp-content\/uploads\/2018\/08\/aurelie-razimbaud.jpg?resize=700%2C400&ssl=1 2x, https:\/\/i0.wp.com\/smallthings.fr\/lespetitslivres\/wp-content\/uploads\/2018\/08\/aurelie-razimbaud.jpg?resize=1050%2C600&ssl=1 3x"},"classes":[]},{"id":30577,"url":"https:\/\/smallthings.fr\/lespetitslivres\/2016\/12\/21\/dames-kimoto-fresque-japonaise-avis\/","url_meta":{"origin":29811,"position":4},"title":"Les dames de Kimoto, une fresque japonaise fascinante","author":"June","date":"21 d\u00e9cembre 2016","format":false,"excerpt":"Avec Les dames de Kimoto, Sawako Ariyoshi, romanci\u00e8re japonaise contemporaine \u00e0 succ\u00e8s, relate de fa\u00e7on intime l\u2019\u00e9volution de la place de la femme dans un Japon traditionaliste. A travers trois g\u00e9n\u00e9rations de femmes d\u2019une m\u00eame lign\u00e9e, elle d\u00e9peint avec r\u00e9alisme ce lent mouvement vers la modernit\u00e9 dans une soci\u00e9t\u00e9 r\u00e9gie\u2026","rel":"","context":"Dans &quot;Roman \u00e9tranger&quot;","block_context":{"text":"Roman \u00e9tranger","link":"https:\/\/smallthings.fr\/lespetitslivres\/category\/roman\/roman-etranger\/"},"img":{"alt_text":"","src":"https:\/\/i0.wp.com\/smallthings.fr\/lespetitslivres\/wp-content\/uploads\/2016\/12\/kimoto-japon-couv.jpg?resize=350%2C200&ssl=1","width":350,"height":200},"classes":[]},{"id":31260,"url":"https:\/\/smallthings.fr\/lespetitslivres\/2017\/09\/03\/avancee-de-la-nuit-alikavazovic-avis\/","url_meta":{"origin":29811,"position":5},"title":"L&rsquo;Avanc\u00e9e de la nuit : un r\u00e9cit peut-il changer une vie ?","author":"No\u00e9mie Toledano","date":"3 septembre 2017","format":false,"excerpt":"L'Avanc\u00e9e de la nuit de Jakuta Alikavazovic est l'un des romans de la rentr\u00e9e litt\u00e9raire des \u00e9ditions de l'Olivier. Un r\u00e9cit peut-il changer une vie\u00a0? Telle est la question. Dans ce roman, o\u00f9 l\u2019on se plonge comme on se laisse envahir par la nuit qui tombe, le r\u00e9cit est celui\u2026","rel":"","context":"Dans &quot;Roman fran\u00e7ais&quot;","block_context":{"text":"Roman fran\u00e7ais","link":"https:\/\/smallthings.fr\/lespetitslivres\/category\/roman\/roman-francais\/"},"img":{"alt_text":"","src":"https:\/\/i0.wp.com\/smallthings.fr\/lespetitslivres\/wp-content\/uploads\/2017\/09\/avancee-de-la-nuit-couv.jpg?resize=350%2C200&ssl=1","width":350,"height":200},"classes":[]}],"_links":{"self":[{"href":"https:\/\/smallthings.fr\/lespetitslivres\/wp-json\/wp\/v2\/posts\/29811"}],"collection":[{"href":"https:\/\/smallthings.fr\/lespetitslivres\/wp-json\/wp\/v2\/posts"}],"about":[{"href":"https:\/\/smallthings.fr\/lespetitslivres\/wp-json\/wp\/v2\/types\/post"}],"author":[{"embeddable":true,"href":"https:\/\/smallthings.fr\/lespetitslivres\/wp-json\/wp\/v2\/users\/6"}],"replies":[{"embeddable":true,"href":"https:\/\/smallthings.fr\/lespetitslivres\/wp-json\/wp\/v2\/comments?post=29811"}],"version-history":[{"count":2,"href":"https:\/\/smallthings.fr\/lespetitslivres\/wp-json\/wp\/v2\/posts\/29811\/revisions"}],"predecessor-version":[{"id":29815,"href":"https:\/\/smallthings.fr\/lespetitslivres\/wp-json\/wp\/v2\/posts\/29811\/revisions\/29815"}],"wp:featuredmedia":[{"embeddable":true,"href":"https:\/\/smallthings.fr\/lespetitslivres\/wp-json\/wp\/v2\/media\/29812"}],"wp:attachment":[{"href":"https:\/\/smallthings.fr\/lespetitslivres\/wp-json\/wp\/v2\/media?parent=29811"}],"wp:term":[{"taxonomy":"category","embeddable":true,"href":"https:\/\/smallthings.fr\/lespetitslivres\/wp-json\/wp\/v2\/categories?post=29811"},{"taxonomy":"post_tag","embeddable":true,"href":"https:\/\/smallthings.fr\/lespetitslivres\/wp-json\/wp\/v2\/tags?post=29811"}],"curies":[{"name":"wp","href":"https:\/\/api.w.org\/{rel}","templated":true}]}}