{"id":29788,"date":"2016-03-28T16:00:38","date_gmt":"2016-03-28T15:00:38","guid":{"rendered":"http:\/\/smallthings.fr\/lespetitslivres\/?p=29788"},"modified":"2016-03-24T21:30:48","modified_gmt":"2016-03-24T20:30:48","slug":"bienvenue-a-night-vale-podcast","status":"publish","type":"post","link":"https:\/\/smallthings.fr\/lespetitslivres\/2016\/03\/28\/bienvenue-a-night-vale-podcast\/","title":{"rendered":"Bienvenue \u00e0 Night Vale : le roman inspir\u00e9 du podcast au succ\u00e8s international"},"content":{"rendered":"<h2><em>Bienvenue \u00e0 Night Vale<\/em>, de Joseph Fink &amp; Jeffrey Cranor, est sorti chez les \u00e9ditions <a href=\"http:\/\/www.bragelonne.fr\/livres\/View\/bienvenue-a-night-vale\" target=\"_blank\">Bragelonne<\/a> le 16 mars dernier. Il raconte comment les habitants d\u2019une petite ville en plein d\u00e9sert voient leur quotidien chamboul\u00e9 par un inconnu \u00e9nigmatique \u00e0 la veste fauve et la mallette en daim.<\/h2>\n<p><em>Welcome to Night Vale<\/em> de son nom anglophone, est \u00e0 l\u2019origine un podcast cr\u00e9\u00e9 en 2012 par Joseph Fink et Jeffrey Cranor. Diffus\u00e9 sur internet deux fois par mois, le podcast est pr\u00e9sent\u00e9 par un animateur radio, l\u2019excellent Cecil Baldwin, qui nous donne des nouvelles de cette bourgade perdue dans le d\u00e9sert dans le Sud-Ouest des Etats-Unis o\u00f9 se m\u00e9langent th\u00e9ories du complot, anges et extraterrestres. C\u2019est donc avec joie que les fans du podcast vont retrouver la vieille Josie, Jackie et les autres habitants excentriques de Night Vale.<\/p>\n<p>En ce qui me concerne, je ne connaissais pas le podcast avant d\u2019entendre parler du livre <em>Bienvenue \u00e0 Night Vale<\/em>. J\u2019ai donc quelque peu rattrap\u00e9 mon retard et il est vrai que la voix de Cecil Baldwin arrive \u00e0 nous envo\u00fbter en quelques mots. <strong>Le pilot nous immerge rapidement dans cette atmosph\u00e8re \u00e9trange et totalement irr\u00e9aliste<\/strong>\u00a0: \u00ab\u00a0Une accueillante communaut\u00e9 au c\u0153ur du d\u00e9sert, o\u00f9 le soleil cogne, o\u00f9 la lune est belle et o\u00f9 de myst\u00e9rieuses lumi\u00e8res nous survolent pendant que nous faisons tous semblant de dormir. Bienvenue \u00e0 Night Vale.\u00a0\u00bb Le choix de la musique est d\u2019ailleurs excellent et on se surprend \u00e0 sourire mais surtout \u00e0 tendre l\u2019oreille pour ne rien manquer.<\/p>\n<p><strong><img loading=\"lazy\" decoding=\"async\" data-attachment-id=\"29790\" data-permalink=\"https:\/\/smallthings.fr\/lespetitslivres\/2016\/03\/28\/bienvenue-a-night-vale-podcast\/bienvenue-night-vale\/\" data-orig-file=\"https:\/\/smallthings.fr\/lespetitslivres\/wp-content\/uploads\/2016\/03\/bienvenue-night-vale.jpg\" data-orig-size=\"604,960\" data-comments-opened=\"1\" data-image-meta=\"{&quot;aperture&quot;:&quot;0&quot;,&quot;credit&quot;:&quot;&quot;,&quot;camera&quot;:&quot;&quot;,&quot;caption&quot;:&quot;&quot;,&quot;created_timestamp&quot;:&quot;0&quot;,&quot;copyright&quot;:&quot;&quot;,&quot;focal_length&quot;:&quot;0&quot;,&quot;iso&quot;:&quot;0&quot;,&quot;shutter_speed&quot;:&quot;0&quot;,&quot;title&quot;:&quot;&quot;,&quot;orientation&quot;:&quot;0&quot;}\" data-image-title=\"bienvenue-night-vale\" data-image-description=\"\" data-image-caption=\"\" data-medium-file=\"https:\/\/smallthings.fr\/lespetitslivres\/wp-content\/uploads\/2016\/03\/bienvenue-night-vale-189x300.jpg\" data-large-file=\"https:\/\/smallthings.fr\/lespetitslivres\/wp-content\/uploads\/2016\/03\/bienvenue-night-vale.jpg\" class=\"alignright  wp-image-29790\" src=\"http:\/\/smallthings.fr\/lespetitslivres\/wp-content\/uploads\/2016\/03\/bienvenue-night-vale.jpg\" alt=\"bienvenue-night-vale\" width=\"264\" height=\"420\" srcset=\"https:\/\/smallthings.fr\/lespetitslivres\/wp-content\/uploads\/2016\/03\/bienvenue-night-vale.jpg 604w, https:\/\/smallthings.fr\/lespetitslivres\/wp-content\/uploads\/2016\/03\/bienvenue-night-vale-189x300.jpg 189w\" sizes=\"(max-width: 264px) 100vw, 264px\" \/>Le roman <em>Bienvenue \u00e0 Night Vale<\/em> reprend exactement les mots de Cecil et garde cette \u00e9tranget\u00e9 peu commune.<\/strong> Rien d\u2019extraordinaire puisque ce sont les r\u00e9alisateurs du podcast qui ont \u00e9crit le livre. Les auteurs ont d\u00e9cid\u00e9 de commencer par nous raconter la vie de Jackie Fiero, une jeune pr\u00eateuse sur gage qui, pour \u00e9viter les vols pendant la fermeture, enterre les portes de son commerce. Plus de doute, nous sommes bien \u00e0 Night Vale.<\/p>\n<p><em>Bienvenue \u00e0 Night Vale<\/em> se centre sur deux personnages dont la vie va \u00eatre chamboul\u00e9e par l\u2019arriv\u00e9e d\u2019un \u00e9trange personnage \u00e0 la veste fauve et portant une mallette en daim. A cause de lui, Jackie, ainsi que Diane, une jeune femme dont le fils change tout le temps de forme, vont devoir se battre contre un papier qui refuse de quitter leur main et qui parle. Que dit-il\u00a0? \u00ab\u00a0King City\u00a0\u00bb. Pourquoi\u00a0? Personne ne le sait. Bizarrement, tous ceux qui ont rencontr\u00e9 cet homme en veste fauve et \u00e0 la mallette en daim l\u2019oublient aussit\u00f4t apr\u00e8s lui avoir parl\u00e9. Jackie et Diane sont les seules qui arrivent un peu \u00e0 \u00e9chapper au ph\u00e9nom\u00e8ne. Elles vont alors mener l\u2019enqu\u00eate.<\/p>\n<p><strong><em>Bienvenue \u00e0 Night Vale<\/em> est un roman \u00e9trange avec une bonne intrigue. N\u00e9anmoins, j\u2019ai \u00e9t\u00e9 un peu g\u00ean\u00e9e par l\u2019absurdit\u00e9 de certaines phrases<\/strong>. Le d\u00e9but de ce roman a \u00e9t\u00e9 extr\u00eamement difficile. Bien s\u00fbr, par la suite, on est totalement immerg\u00e9 dans cet univers o\u00f9 des flamants roses en plastique peuvent devenir mortels, o\u00f9 des anges vivent pr\u00e8s d\u2019une concession automobile, o\u00f9 des micros tr\u00e8s mal cach\u00e9s sont pos\u00e9s sur les r\u00e9frig\u00e9rateurs des habitants pour que la police secr\u00e8te pas du tout secr\u00e8te puisse entendre tous vos secrets, o\u00f9 les animateurs t\u00e9l\u00e9 vous parlent directement \u00e0 travers l\u2019\u00e9cran et o\u00f9 les biblioth\u00e9caires terrorisent tous les habitants avec leurs tentacules qui, s\u2019ils vous attrapent, ne vous rel\u00e2cheront jamais.<\/p>\n<p>Mes passages pr\u00e9f\u00e9r\u00e9s restent les moments o\u00f9 c\u2019est Cecil Baldwin, l\u2019animateur radio de Night Vale, qui prend la parole. Pendant des chapitres entiers, Cecil nous compte ce qui se passe dans la bourgade et c\u2019est absolument g\u00e9nial. Une chose est s\u00fbre, il ne fait pas bon devenir stagiaire \u00e0 la radio\u2026<\/p>\n<p>En conclusion, <em>Bienvenue \u00e0 Night Vale<\/em> est un bon livre avec une intrigue plut\u00f4t bien construite. <strong>On rentre totalement dans l\u2019univers du podcast et les fans ne pourront qu\u2019adorer<\/strong>. Pour ma part, j\u2019ai eu un peu de mal \u00e0 rentrer dans l\u2019histoire, toutefois, la fin est bien trouv\u00e9e et nous avons au moins quelques r\u00e9ponses \u00e0 toutes nos questions.\u00a0<strong>\u00c9trange, surr\u00e9aliste, tordue et magnifique\u00a0: <em>Bienvenue \u00e0 Night Vale<\/em>\u00a0!<\/strong><\/p>\n<p><strong>Envie de d\u00e9couvrir le podcast\u00a0? Suivez ce lien\u00a0: <a href=\"http:\/\/podbay.fm\/show\/536258179\">http:\/\/podbay.fm\/show\/536258179<\/a><\/strong><\/p>\n<blockquote><p>\u00ab\u00a0A Night Vale, il y avait toujours des choses qu\u2019elle n\u2019avait encore jamais remarqu\u00e9es. L\u2019homme qu\u2019elle avait crois\u00e9 dans le d\u00e9sert et qui agitait une aire de ciseaux \u00e0 la cime d\u2019un cactus, tel un coiffeur. Le cactus dot\u00e9 d\u2019une chevelure. La petite faille toujours visible dans le ciel et qui s\u2019\u00e9tait un jour subitement ouverte, laissant passer plusieurs pt\u00e9rodactyles dont on d\u00e9couvrit plus tard qu\u2019il s\u2019agissait en r\u00e9alit\u00e9 de simples pt\u00e9ranodons. Beaucoup de panique pour pas grand-chose.\u00a0\u00bb<\/p><\/blockquote>\n","protected":false},"excerpt":{"rendered":"<p>Bienvenue \u00e0 Night Vale, de Joseph Fink &amp; Jeffrey Cranor, est sorti chez les \u00e9ditions Bragelonne le 16 mars dernier. Il raconte comment les habitants d\u2019une petite ville en plein d\u00e9sert voient leur quotidien chamboul\u00e9 par un inconnu \u00e9nigmatique \u00e0 la veste fauve et la mallette en daim. Welcome to Night Vale de son nom<\/p>\n","protected":false},"author":14,"featured_media":29789,"comment_status":"open","ping_status":"open","sticky":false,"template":"","format":"standard","meta":{"jetpack_post_was_ever_published":false,"_jetpack_newsletter_access":"","_jetpack_newsletter_tier_id":0,"footnotes":"","jetpack_publicize_message":"","jetpack_is_tweetstorm":false,"jetpack_publicize_feature_enabled":true,"jetpack_social_post_already_shared":true,"jetpack_social_options":{"image_generator_settings":{"template":"highway","enabled":false}}},"categories":[1118],"tags":[1358,1362,1361,1360,1359],"jetpack_publicize_connections":[],"yoast_head":"<!-- This site is optimized with the Yoast SEO plugin v21.5 - https:\/\/yoast.com\/wordpress\/plugins\/seo\/ -->\n<title>Bienvenue \u00e0 Night Vale : le roman inspir\u00e9 du podcast au succ\u00e8s international - Les Petits Livres<\/title>\n<meta name=\"description\" content=\"Bienvenue \u00e0 Night Vale, de Joseph Fink &amp; Jeffrey Cranor, est sorti chez les \u00e9ditions Bragelonne le 16 mars dernier.\" \/>\n<meta name=\"robots\" content=\"index, follow, max-snippet:-1, max-image-preview:large, max-video-preview:-1\" \/>\n<link rel=\"canonical\" href=\"https:\/\/smallthings.fr\/lespetitslivres\/2016\/03\/28\/bienvenue-a-night-vale-podcast\/\" \/>\n<meta property=\"og:locale\" content=\"fr_FR\" \/>\n<meta property=\"og:type\" content=\"article\" \/>\n<meta property=\"og:title\" content=\"Bienvenue \u00e0 Night Vale : le roman inspir\u00e9 du podcast au succ\u00e8s international - Les Petits Livres\" \/>\n<meta property=\"og:description\" content=\"Bienvenue \u00e0 Night Vale, de Joseph Fink &amp; Jeffrey Cranor, est sorti chez les \u00e9ditions Bragelonne le 16 mars dernier.\" \/>\n<meta property=\"og:url\" content=\"https:\/\/smallthings.fr\/lespetitslivres\/2016\/03\/28\/bienvenue-a-night-vale-podcast\/\" \/>\n<meta property=\"og:site_name\" content=\"Les Petits Livres\" \/>\n<meta property=\"article:published_time\" content=\"2016-03-28T15:00:38+00:00\" \/>\n<meta property=\"article:modified_time\" content=\"2016-03-24T20:30:48+00:00\" \/>\n<meta property=\"og:image\" content=\"https:\/\/smallthings.fr\/lespetitslivres\/wp-content\/uploads\/2016\/03\/bienvenue-night-vale-couv.jpg\" \/>\n\t<meta property=\"og:image:width\" content=\"604\" \/>\n\t<meta property=\"og:image:height\" content=\"212\" \/>\n\t<meta property=\"og:image:type\" content=\"image\/jpeg\" \/>\n<meta name=\"author\" content=\"Jennifer\" \/>\n<meta name=\"twitter:card\" content=\"summary_large_image\" \/>\n<meta name=\"twitter:label1\" content=\"\u00c9crit par\" \/>\n\t<meta name=\"twitter:data1\" content=\"Jennifer\" \/>\n\t<meta name=\"twitter:label2\" content=\"Dur\u00e9e de lecture estim\u00e9e\" \/>\n\t<meta name=\"twitter:data2\" content=\"4 minutes\" \/>\n<script type=\"application\/ld+json\" class=\"yoast-schema-graph\">{\"@context\":\"https:\/\/schema.org\",\"@graph\":[{\"@type\":\"WebPage\",\"@id\":\"https:\/\/smallthings.fr\/lespetitslivres\/2016\/03\/28\/bienvenue-a-night-vale-podcast\/\",\"url\":\"https:\/\/smallthings.fr\/lespetitslivres\/2016\/03\/28\/bienvenue-a-night-vale-podcast\/\",\"name\":\"Bienvenue \u00e0 Night Vale : le roman inspir\u00e9 du podcast au succ\u00e8s international - Les Petits Livres\",\"isPartOf\":{\"@id\":\"https:\/\/smallthings.fr\/lespetitslivres\/#website\"},\"datePublished\":\"2016-03-28T15:00:38+00:00\",\"dateModified\":\"2016-03-24T20:30:48+00:00\",\"author\":{\"@id\":\"https:\/\/smallthings.fr\/lespetitslivres\/#\/schema\/person\/bb8808220f912e72f01f7a55924d9ad1\"},\"description\":\"Bienvenue \u00e0 Night Vale, de Joseph Fink & Jeffrey Cranor, est sorti chez les \u00e9ditions Bragelonne le 16 mars dernier.\",\"breadcrumb\":{\"@id\":\"https:\/\/smallthings.fr\/lespetitslivres\/2016\/03\/28\/bienvenue-a-night-vale-podcast\/#breadcrumb\"},\"inLanguage\":\"fr-FR\",\"potentialAction\":[{\"@type\":\"ReadAction\",\"target\":[\"https:\/\/smallthings.fr\/lespetitslivres\/2016\/03\/28\/bienvenue-a-night-vale-podcast\/\"]}]},{\"@type\":\"BreadcrumbList\",\"@id\":\"https:\/\/smallthings.fr\/lespetitslivres\/2016\/03\/28\/bienvenue-a-night-vale-podcast\/#breadcrumb\",\"itemListElement\":[{\"@type\":\"ListItem\",\"position\":1,\"name\":\"Accueil\",\"item\":\"https:\/\/smallthings.fr\/lespetitslivres\/\"},{\"@type\":\"ListItem\",\"position\":2,\"name\":\"Bienvenue \u00e0 Night Vale : le roman inspir\u00e9 du podcast au succ\u00e8s international\"}]},{\"@type\":\"WebSite\",\"@id\":\"https:\/\/smallthings.fr\/lespetitslivres\/#website\",\"url\":\"https:\/\/smallthings.fr\/lespetitslivres\/\",\"name\":\"Les Petits Livres\",\"description\":\"by Small Things\",\"potentialAction\":[{\"@type\":\"SearchAction\",\"target\":{\"@type\":\"EntryPoint\",\"urlTemplate\":\"https:\/\/smallthings.fr\/lespetitslivres\/?s={search_term_string}\"},\"query-input\":\"required name=search_term_string\"}],\"inLanguage\":\"fr-FR\"},{\"@type\":\"Person\",\"@id\":\"https:\/\/smallthings.fr\/lespetitslivres\/#\/schema\/person\/bb8808220f912e72f01f7a55924d9ad1\",\"name\":\"Jennifer\",\"image\":{\"@type\":\"ImageObject\",\"inLanguage\":\"fr-FR\",\"@id\":\"https:\/\/smallthings.fr\/lespetitslivres\/#\/schema\/person\/image\/\",\"url\":\"https:\/\/secure.gravatar.com\/avatar\/ffcd6b107b6b18c3d5201f1bcc631683?s=96&d=retro&r=g\",\"contentUrl\":\"https:\/\/secure.gravatar.com\/avatar\/ffcd6b107b6b18c3d5201f1bcc631683?s=96&d=retro&r=g\",\"caption\":\"Jennifer\"},\"url\":\"https:\/\/smallthings.fr\/lespetitslivres\/author\/jennifer\/\"}]}<\/script>\n<!-- \/ Yoast SEO plugin. -->","yoast_head_json":{"title":"Bienvenue \u00e0 Night Vale : le roman inspir\u00e9 du podcast au succ\u00e8s international - Les Petits Livres","description":"Bienvenue \u00e0 Night Vale, de Joseph Fink & Jeffrey Cranor, est sorti chez les \u00e9ditions Bragelonne le 16 mars dernier.","robots":{"index":"index","follow":"follow","max-snippet":"max-snippet:-1","max-image-preview":"max-image-preview:large","max-video-preview":"max-video-preview:-1"},"canonical":"https:\/\/smallthings.fr\/lespetitslivres\/2016\/03\/28\/bienvenue-a-night-vale-podcast\/","og_locale":"fr_FR","og_type":"article","og_title":"Bienvenue \u00e0 Night Vale : le roman inspir\u00e9 du podcast au succ\u00e8s international - Les Petits Livres","og_description":"Bienvenue \u00e0 Night Vale, de Joseph Fink & Jeffrey Cranor, est sorti chez les \u00e9ditions Bragelonne le 16 mars dernier.","og_url":"https:\/\/smallthings.fr\/lespetitslivres\/2016\/03\/28\/bienvenue-a-night-vale-podcast\/","og_site_name":"Les Petits Livres","article_published_time":"2016-03-28T15:00:38+00:00","article_modified_time":"2016-03-24T20:30:48+00:00","og_image":[{"width":604,"height":212,"url":"https:\/\/smallthings.fr\/lespetitslivres\/wp-content\/uploads\/2016\/03\/bienvenue-night-vale-couv.jpg","type":"image\/jpeg"}],"author":"Jennifer","twitter_card":"summary_large_image","twitter_misc":{"\u00c9crit par":"Jennifer","Dur\u00e9e de lecture estim\u00e9e":"4 minutes"},"schema":{"@context":"https:\/\/schema.org","@graph":[{"@type":"WebPage","@id":"https:\/\/smallthings.fr\/lespetitslivres\/2016\/03\/28\/bienvenue-a-night-vale-podcast\/","url":"https:\/\/smallthings.fr\/lespetitslivres\/2016\/03\/28\/bienvenue-a-night-vale-podcast\/","name":"Bienvenue \u00e0 Night Vale : le roman inspir\u00e9 du podcast au succ\u00e8s international - Les Petits Livres","isPartOf":{"@id":"https:\/\/smallthings.fr\/lespetitslivres\/#website"},"datePublished":"2016-03-28T15:00:38+00:00","dateModified":"2016-03-24T20:30:48+00:00","author":{"@id":"https:\/\/smallthings.fr\/lespetitslivres\/#\/schema\/person\/bb8808220f912e72f01f7a55924d9ad1"},"description":"Bienvenue \u00e0 Night Vale, de Joseph Fink & Jeffrey Cranor, est sorti chez les \u00e9ditions Bragelonne le 16 mars dernier.","breadcrumb":{"@id":"https:\/\/smallthings.fr\/lespetitslivres\/2016\/03\/28\/bienvenue-a-night-vale-podcast\/#breadcrumb"},"inLanguage":"fr-FR","potentialAction":[{"@type":"ReadAction","target":["https:\/\/smallthings.fr\/lespetitslivres\/2016\/03\/28\/bienvenue-a-night-vale-podcast\/"]}]},{"@type":"BreadcrumbList","@id":"https:\/\/smallthings.fr\/lespetitslivres\/2016\/03\/28\/bienvenue-a-night-vale-podcast\/#breadcrumb","itemListElement":[{"@type":"ListItem","position":1,"name":"Accueil","item":"https:\/\/smallthings.fr\/lespetitslivres\/"},{"@type":"ListItem","position":2,"name":"Bienvenue \u00e0 Night Vale : le roman inspir\u00e9 du podcast au succ\u00e8s international"}]},{"@type":"WebSite","@id":"https:\/\/smallthings.fr\/lespetitslivres\/#website","url":"https:\/\/smallthings.fr\/lespetitslivres\/","name":"Les Petits Livres","description":"by Small Things","potentialAction":[{"@type":"SearchAction","target":{"@type":"EntryPoint","urlTemplate":"https:\/\/smallthings.fr\/lespetitslivres\/?s={search_term_string}"},"query-input":"required name=search_term_string"}],"inLanguage":"fr-FR"},{"@type":"Person","@id":"https:\/\/smallthings.fr\/lespetitslivres\/#\/schema\/person\/bb8808220f912e72f01f7a55924d9ad1","name":"Jennifer","image":{"@type":"ImageObject","inLanguage":"fr-FR","@id":"https:\/\/smallthings.fr\/lespetitslivres\/#\/schema\/person\/image\/","url":"https:\/\/secure.gravatar.com\/avatar\/ffcd6b107b6b18c3d5201f1bcc631683?s=96&d=retro&r=g","contentUrl":"https:\/\/secure.gravatar.com\/avatar\/ffcd6b107b6b18c3d5201f1bcc631683?s=96&d=retro&r=g","caption":"Jennifer"},"url":"https:\/\/smallthings.fr\/lespetitslivres\/author\/jennifer\/"}]}},"jetpack_featured_media_url":"https:\/\/smallthings.fr\/lespetitslivres\/wp-content\/uploads\/2016\/03\/bienvenue-night-vale-couv.jpg","jetpack_sharing_enabled":true,"jetpack_shortlink":"https:\/\/wp.me\/p6Un21-7Ks","jetpack-related-posts":[{"id":31614,"url":"https:\/\/smallthings.fr\/lespetitslivres\/2018\/04\/01\/midwinter-fiona-melrose-avis\/","url_meta":{"origin":29788,"position":0},"title":"Midwinter de Fiona Melrose, quand la m\u00e8re manque","author":"Axelle","date":"1 avril 2018","format":false,"excerpt":"Midwinter, premier roman de l'auteure sud-africaine Fiona Melrose, est sorti au mois de f\u00e9vrier au Quai Voltaire, collection de la maison d'\u00e9dition La Table Ronde. On y d\u00e9couvre l'histoire de Landyn Midwinter et de son fils Vale, agriculteurs dans le Suffolk, qui peinent \u00e0 joindre les deux bouts. Hant\u00e9s par\u2026","rel":"","context":"Dans &quot;Roman \u00e9tranger&quot;","block_context":{"text":"Roman \u00e9tranger","link":"https:\/\/smallthings.fr\/lespetitslivres\/category\/roman\/roman-etranger\/"},"img":{"alt_text":"","src":"https:\/\/i0.wp.com\/smallthings.fr\/lespetitslivres\/wp-content\/uploads\/2018\/04\/midwinter-cover.jpg?resize=350%2C200&ssl=1","width":350,"height":200,"srcset":"https:\/\/i0.wp.com\/smallthings.fr\/lespetitslivres\/wp-content\/uploads\/2018\/04\/midwinter-cover.jpg?resize=350%2C200&ssl=1 1x, https:\/\/i0.wp.com\/smallthings.fr\/lespetitslivres\/wp-content\/uploads\/2018\/04\/midwinter-cover.jpg?resize=525%2C300&ssl=1 1.5x"},"classes":[]},{"id":29862,"url":"https:\/\/smallthings.fr\/lespetitslivres\/2016\/04\/19\/compassion-du-diable-thriller-mitchelli\/","url_meta":{"origin":29788,"position":1},"title":"La Compassion du diable, thriller sordide de Fabio M. Mitchelli","author":"Jennifer","date":"19 avril 2016","format":false,"excerpt":"La Compassion du Diable est un thriller de Fabio M. Mitchelli, sorti en format poche chez Milady le 18 mars dernier. Deux flics vont tenter d\u2019arr\u00eater un tueur en s\u00e9rie qui viole, d\u00e9membre et mange des morceaux de ses victimes... La Compassion du Diable est l\u2019un de ces romans qui\u2026","rel":"","context":"Dans &quot;Thriller&quot;","block_context":{"text":"Thriller","link":"https:\/\/smallthings.fr\/lespetitslivres\/category\/thriller\/"},"img":{"alt_text":"","src":"https:\/\/i0.wp.com\/smallthings.fr\/lespetitslivres\/wp-content\/uploads\/2016\/04\/compassion-du-diable-couv.jpg?resize=350%2C200&ssl=1","width":350,"height":200,"srcset":"https:\/\/i0.wp.com\/smallthings.fr\/lespetitslivres\/wp-content\/uploads\/2016\/04\/compassion-du-diable-couv.jpg?resize=350%2C200&ssl=1 1x, https:\/\/i0.wp.com\/smallthings.fr\/lespetitslivres\/wp-content\/uploads\/2016\/04\/compassion-du-diable-couv.jpg?resize=525%2C300&ssl=1 1.5x, https:\/\/i0.wp.com\/smallthings.fr\/lespetitslivres\/wp-content\/uploads\/2016\/04\/compassion-du-diable-couv.jpg?resize=700%2C400&ssl=1 2x, https:\/\/i0.wp.com\/smallthings.fr\/lespetitslivres\/wp-content\/uploads\/2016\/04\/compassion-du-diable-couv.jpg?resize=1050%2C600&ssl=1 3x"},"classes":[]},{"id":18543,"url":"https:\/\/smallthings.fr\/lespetitslivres\/2014\/11\/17\/welcome-to-harmony-dios-garduno-panini\/","url_meta":{"origin":29788,"position":2},"title":"Welcome to Harmony : la 3\u00e8me Guerre Mondiale sauce zombies","author":"Jennifer","date":"17 novembre 2014","format":false,"excerpt":"Welcome to Harmony est sorti le 8 octobre dernier dans la collection Eclipse des \u00e9ditions Panini. Ce thriller de Juan de Dios Gardu\u00f1o a d\u00e9j\u00e0 fait forte impression dans plusieurs pays. L\u2019histoire se situe pendant le mandat d\u2019Obama alors que le monde se d\u00e9chire. La Troisi\u00e8me Guerre Mondiale \u00e9clate et\u2026","rel":"","context":"Dans &quot;Fantastique&quot;","block_context":{"text":"Fantastique","link":"https:\/\/smallthings.fr\/lespetitslivres\/category\/imaginaire\/fantastique\/"},"img":{"alt_text":"Tournage du film : Jeffrey Donovan et Quinn McColgan","src":"https:\/\/i0.wp.com\/smallthings.fr\/wp-content\/uploads\/2014\/11\/welcome-to-harmony-jack.jpg?resize=350%2C200","width":350,"height":200},"classes":[]},{"id":31941,"url":"https:\/\/smallthings.fr\/lespetitslivres\/2019\/08\/08\/la-cite-des-loups-la-suite-de-la-saga-de-maria-vale\/","url_meta":{"origin":29788,"position":3},"title":"La cit\u00e9 des loups, la suite de la saga de Maria Vale","author":"Jennifer","date":"8 ao\u00fbt 2019","format":false,"excerpt":"La cit\u00e9 des loups est le deuxi\u00e8me tome de la saga Sauvages de Maria Vale. Sorti le 19 juin chez Milady, ce roman nous fait entrer dans la vie de Elijah Sorensson, un loup-garou qui travaille comme avocat chez les Hommes. Un deuxi\u00e8me volet encore une fois tr\u00e8s int\u00e9ressant et\u2026","rel":"","context":"Dans &quot;Fantastique&quot;","block_context":{"text":"Fantastique","link":"https:\/\/smallthings.fr\/lespetitslivres\/category\/imaginaire\/fantastique\/"},"img":{"alt_text":"","src":"https:\/\/i0.wp.com\/smallthings.fr\/lespetitslivres\/wp-content\/uploads\/2019\/08\/sauvages-la-cit\u00e9-des-loups-2.jpg?resize=350%2C200&ssl=1","width":350,"height":200,"srcset":"https:\/\/i0.wp.com\/smallthings.fr\/lespetitslivres\/wp-content\/uploads\/2019\/08\/sauvages-la-cit\u00e9-des-loups-2.jpg?resize=350%2C200&ssl=1 1x, https:\/\/i0.wp.com\/smallthings.fr\/lespetitslivres\/wp-content\/uploads\/2019\/08\/sauvages-la-cit\u00e9-des-loups-2.jpg?resize=525%2C300&ssl=1 1.5x, https:\/\/i0.wp.com\/smallthings.fr\/lespetitslivres\/wp-content\/uploads\/2019\/08\/sauvages-la-cit\u00e9-des-loups-2.jpg?resize=700%2C400&ssl=1 2x, https:\/\/i0.wp.com\/smallthings.fr\/lespetitslivres\/wp-content\/uploads\/2019\/08\/sauvages-la-cit\u00e9-des-loups-2.jpg?resize=1050%2C600&ssl=1 3x, https:\/\/i0.wp.com\/smallthings.fr\/lespetitslivres\/wp-content\/uploads\/2019\/08\/sauvages-la-cit\u00e9-des-loups-2.jpg?resize=1400%2C800&ssl=1 4x"},"classes":[]},{"id":31936,"url":"https:\/\/smallthings.fr\/lespetitslivres\/2019\/08\/06\/dernier-loup-sauvages-maria-vale\/","url_meta":{"origin":29788,"position":4},"title":"Le dernier loup, premier tome de la saga bit-lit de Maria Vale","author":"Jennifer","date":"6 ao\u00fbt 2019","format":false,"excerpt":"Le dernier loup est le premier tome de la saga Sauvages de Maria Vale. Ce roman bit-lit est sorti le 20 mars dernier chez Milady. Un premier tome qui nous fait rencontrer tous les personnages et qui nous fait entrer dans un univers aussi sombre qu\u2019int\u00e9ressant. Sauvages est une saga\u2026","rel":"","context":"Dans &quot;Fantastique&quot;","block_context":{"text":"Fantastique","link":"https:\/\/smallthings.fr\/lespetitslivres\/category\/imaginaire\/fantastique\/"},"img":{"alt_text":"","src":"https:\/\/i0.wp.com\/smallthings.fr\/lespetitslivres\/wp-content\/uploads\/2019\/08\/Le-dernier-loup-sauvage-Maria-Vale-2.jpg?resize=350%2C200&ssl=1","width":350,"height":200,"srcset":"https:\/\/i0.wp.com\/smallthings.fr\/lespetitslivres\/wp-content\/uploads\/2019\/08\/Le-dernier-loup-sauvage-Maria-Vale-2.jpg?resize=350%2C200&ssl=1 1x, https:\/\/i0.wp.com\/smallthings.fr\/lespetitslivres\/wp-content\/uploads\/2019\/08\/Le-dernier-loup-sauvage-Maria-Vale-2.jpg?resize=525%2C300&ssl=1 1.5x, https:\/\/i0.wp.com\/smallthings.fr\/lespetitslivres\/wp-content\/uploads\/2019\/08\/Le-dernier-loup-sauvage-Maria-Vale-2.jpg?resize=700%2C400&ssl=1 2x, https:\/\/i0.wp.com\/smallthings.fr\/lespetitslivres\/wp-content\/uploads\/2019\/08\/Le-dernier-loup-sauvage-Maria-Vale-2.jpg?resize=1050%2C600&ssl=1 3x, https:\/\/i0.wp.com\/smallthings.fr\/lespetitslivres\/wp-content\/uploads\/2019\/08\/Le-dernier-loup-sauvage-Maria-Vale-2.jpg?resize=1400%2C800&ssl=1 4x"},"classes":[]},{"id":30975,"url":"https:\/\/smallthings.fr\/lespetitslivres\/2017\/04\/30\/night-room-peter-straub\/","url_meta":{"origin":29788,"position":5},"title":"Night Room de Peter Straub : quand la fiction d\u00e9passe la r\u00e9alit\u00e9","author":"Jennifer","date":"30 avril 2017","format":false,"excerpt":"Night Room\u00a0de Peter Straub est un roman fantastique paru aux\u00a0\u00e9ditions Bragelonne le mois dernier. Une intrigue int\u00e9ressante. L\u2019histoire de Willy Patrick, auteure de romans jeunesse, et de Timothy Underhill, \u00e9crivain de fiction : deux personnages que tout oppose sinon leur travail et leur deuil. Je ne prendrai pas quatre chemins\u2026","rel":"","context":"Dans &quot;Fantastique&quot;","block_context":{"text":"Fantastique","link":"https:\/\/smallthings.fr\/lespetitslivres\/category\/imaginaire\/fantastique\/"},"img":{"alt_text":"","src":"https:\/\/i0.wp.com\/smallthings.fr\/lespetitslivres\/wp-content\/uploads\/2017\/04\/lost-place-2152756_640.jpg?resize=350%2C200&ssl=1","width":350,"height":200,"srcset":"https:\/\/i0.wp.com\/smallthings.fr\/lespetitslivres\/wp-content\/uploads\/2017\/04\/lost-place-2152756_640.jpg?resize=350%2C200&ssl=1 1x, https:\/\/i0.wp.com\/smallthings.fr\/lespetitslivres\/wp-content\/uploads\/2017\/04\/lost-place-2152756_640.jpg?resize=525%2C300&ssl=1 1.5x"},"classes":[]}],"_links":{"self":[{"href":"https:\/\/smallthings.fr\/lespetitslivres\/wp-json\/wp\/v2\/posts\/29788"}],"collection":[{"href":"https:\/\/smallthings.fr\/lespetitslivres\/wp-json\/wp\/v2\/posts"}],"about":[{"href":"https:\/\/smallthings.fr\/lespetitslivres\/wp-json\/wp\/v2\/types\/post"}],"author":[{"embeddable":true,"href":"https:\/\/smallthings.fr\/lespetitslivres\/wp-json\/wp\/v2\/users\/14"}],"replies":[{"embeddable":true,"href":"https:\/\/smallthings.fr\/lespetitslivres\/wp-json\/wp\/v2\/comments?post=29788"}],"version-history":[{"count":2,"href":"https:\/\/smallthings.fr\/lespetitslivres\/wp-json\/wp\/v2\/posts\/29788\/revisions"}],"predecessor-version":[{"id":29792,"href":"https:\/\/smallthings.fr\/lespetitslivres\/wp-json\/wp\/v2\/posts\/29788\/revisions\/29792"}],"wp:featuredmedia":[{"embeddable":true,"href":"https:\/\/smallthings.fr\/lespetitslivres\/wp-json\/wp\/v2\/media\/29789"}],"wp:attachment":[{"href":"https:\/\/smallthings.fr\/lespetitslivres\/wp-json\/wp\/v2\/media?parent=29788"}],"wp:term":[{"taxonomy":"category","embeddable":true,"href":"https:\/\/smallthings.fr\/lespetitslivres\/wp-json\/wp\/v2\/categories?post=29788"},{"taxonomy":"post_tag","embeddable":true,"href":"https:\/\/smallthings.fr\/lespetitslivres\/wp-json\/wp\/v2\/tags?post=29788"}],"curies":[{"name":"wp","href":"https:\/\/api.w.org\/{rel}","templated":true}]}}