{"id":29753,"date":"2016-03-21T16:00:45","date_gmt":"2016-03-21T15:00:45","guid":{"rendered":"http:\/\/smallthings.fr\/lespetitslivres\/?p=29753"},"modified":"2016-03-20T19:39:32","modified_gmt":"2016-03-20T18:39:32","slug":"jane-birkin-biographie-critique","status":"publish","type":"post","link":"https:\/\/smallthings.fr\/lespetitslivres\/2016\/03\/21\/jane-birkin-biographie-critique\/","title":{"rendered":"Jane Birkin, \u00ab La vie ne vaut d\u2019\u00eatre v\u00e9cue sans amour \u00bb : rien de nouveau sous le soleil (exactement)"},"content":{"rendered":"<h2>La biographie de Jane Birkin par Fr\u00e9d\u00e9ric Quinonero et paru \u00e0 <a href=\"http:\/\/www.editionsarchipel.com\/livre\/jane-birkin\/\" target=\"_blank\">L&rsquo;Archipel<\/a>, s\u2019ouvre avec le suicide de Kate, la fille a\u00een\u00e9e de la chanteuse, survenu en 2013. D\u2019embl\u00e9e, on craint que Quinonero tire complaisamment sur la corde tire-larmes et escamote l\u2019artiste Birkin, \u00e0 la fois chanteuse, r\u00e9alisatrice, et com\u00e9dienne de cin\u00e9ma et de th\u00e9\u00e2tre, au profit de la m\u00e8re-de-trois-filles-et-ex-compagne-de-Gainsbourg-et-Doillon-qui-a-connu-bien-des-malheurs.<\/h2>\n<p>La suite du livre d\u00e9ment heureusement cette premi\u00e8re impression peu flatteuse\u00a0: <strong>de l\u2019enfance sur l\u2019\u00eele de Wight aux engagements humanitaires et politiques actuels<\/strong>, le biographe ne dissimule certes pas la vie personnelle de son sujet (c\u2019est la loi du genre) mais il prend soin de toujours l\u2019aborder dans son rapport avec l\u2019\u0153uvre artistique de Birkin, sans jamais donner l\u2019impression de fouiller les poubelles ou de courir derri\u00e8re la r\u00e9v\u00e9lation salace.<\/p>\n<p><img loading=\"lazy\" decoding=\"async\" data-attachment-id=\"29755\" data-permalink=\"https:\/\/smallthings.fr\/lespetitslivres\/2016\/03\/21\/jane-birkin-biographie-critique\/jane-birkin\/\" data-orig-file=\"https:\/\/smallthings.fr\/lespetitslivres\/wp-content\/uploads\/2016\/03\/jane-birkin.jpeg\" data-orig-size=\"220,349\" data-comments-opened=\"1\" data-image-meta=\"{&quot;aperture&quot;:&quot;0&quot;,&quot;credit&quot;:&quot;&quot;,&quot;camera&quot;:&quot;&quot;,&quot;caption&quot;:&quot;&quot;,&quot;created_timestamp&quot;:&quot;0&quot;,&quot;copyright&quot;:&quot;&quot;,&quot;focal_length&quot;:&quot;0&quot;,&quot;iso&quot;:&quot;0&quot;,&quot;shutter_speed&quot;:&quot;0&quot;,&quot;title&quot;:&quot;&quot;,&quot;orientation&quot;:&quot;0&quot;}\" data-image-title=\"jane-birkin\" data-image-description=\"\" data-image-caption=\"\" data-medium-file=\"https:\/\/smallthings.fr\/lespetitslivres\/wp-content\/uploads\/2016\/03\/jane-birkin-189x300.jpeg\" data-large-file=\"https:\/\/smallthings.fr\/lespetitslivres\/wp-content\/uploads\/2016\/03\/jane-birkin.jpeg\" class=\"alignright size-full wp-image-29755\" src=\"http:\/\/smallthings.fr\/lespetitslivres\/wp-content\/uploads\/2016\/03\/jane-birkin.jpeg\" alt=\"jane-birkin\" width=\"220\" height=\"349\" srcset=\"https:\/\/smallthings.fr\/lespetitslivres\/wp-content\/uploads\/2016\/03\/jane-birkin.jpeg 220w, https:\/\/smallthings.fr\/lespetitslivres\/wp-content\/uploads\/2016\/03\/jane-birkin-189x300.jpeg 189w\" sizes=\"(max-width: 220px) 100vw, 220px\" \/>\u00c0 n\u2019en pas douter, <em>Jane Birkin, \u00ab\u00a0La vie ne vaut d\u2019\u00eatre v\u00e9cue sans amour\u00a0\u00bb<\/em> est une biographie <em>s\u00e9rieuse<\/em>. Quinonero ne pratique pas la connivence avec sa biographi\u00e9e, qu\u2019il n\u2019a semble-t-il m\u00eame jamais rencontr\u00e9e. Sa m\u00e9thode \u00e0 lui, c\u2019est la collecte des faits. Il les relate dans une \u00e9criture sans affects (\u00e0 part dans ce discordant chapitre initial). Il les \u00e9taye par des extraits d\u2019interviews de Birkin ou de ses proches. Articles de presse, \u00e9missions t\u00e9l\u00e9vis\u00e9es, discographie\u00a0: la documentation qu\u2019il a r\u00e9unie est impressionnante \u2013 et fichtrement mal valoris\u00e9e par l\u2019\u00e9diteur, qui a choisi de placer les r\u00e9f\u00e9rences des citations \u00e0 la fin de l\u2019ouvrage : on se lasse vite de ces sauts incessants vers les derni\u00e8res pages, qui nuisent \u00e0 la fluidit\u00e9 de la lecture.<\/p>\n<p>Si on d\u00e9cernera volontiers une m\u00e9daille de s\u00e9rieux au biographe, cette m\u00e9daille-l\u00e0 aussi a son revers. C\u2019est qu\u2019en privil\u00e9giant toujours la distance et l\u2019objectivit\u00e9, <strong>Quinonero \u00e9choue \u00e0 rendre son sujet passionnant<\/strong>. Et en se bornant \u00e0 relater des faits av\u00e9r\u00e9s, maintes fois recoup\u00e9s, en ne se hasardant jamais sur les chemins de traverse de l\u2019interpr\u00e9tation ou de l\u2019hypoth\u00e8se, il finit par donner \u00e0 l\u2019ouvrage la tournure froide d\u2019une notice d\u2019encyclop\u00e9die. Une impression que vient encore conforter le cahier de photos encart\u00e9 au centre du livre, qui ne propose que quelques clich\u00e9s cent fois revus.<\/p>\n<p>Au final, <strong>Quinonero livre ici une sorte de <em>Birkin pour les nuls<\/em>, qui satisfera certainement les n\u00e9ophytes, mais d\u00e9cevra les fanas<\/strong>. Di doo dah.<\/p>\n","protected":false},"excerpt":{"rendered":"<p>La biographie de Jane Birkin par Fr\u00e9d\u00e9ric Quinonero et paru \u00e0 L&rsquo;Archipel, s\u2019ouvre avec le suicide de Kate, la fille a\u00een\u00e9e de la chanteuse, survenu en 2013. D\u2019embl\u00e9e, on craint que Quinonero tire complaisamment sur la corde tire-larmes et escamote l\u2019artiste Birkin, \u00e0 la fois chanteuse, r\u00e9alisatrice, et com\u00e9dienne de cin\u00e9ma et de th\u00e9\u00e2tre, au<\/p>\n","protected":false},"author":20,"featured_media":29754,"comment_status":"open","ping_status":"open","sticky":false,"template":"","format":"standard","meta":{"jetpack_post_was_ever_published":false,"_jetpack_newsletter_access":"","_jetpack_newsletter_tier_id":0,"footnotes":"","jetpack_publicize_message":"","jetpack_is_tweetstorm":false,"jetpack_publicize_feature_enabled":true,"jetpack_social_post_already_shared":true,"jetpack_social_options":{"image_generator_settings":{"template":"highway","enabled":false}}},"categories":[1116],"tags":[1343,1344,1342],"jetpack_publicize_connections":[],"yoast_head":"<!-- This site is optimized with the Yoast SEO plugin v21.5 - https:\/\/yoast.com\/wordpress\/plugins\/seo\/ -->\n<title>Jane Birkin, \u00ab La vie ne vaut d\u2019\u00eatre v\u00e9cue sans amour \u00bb : rien de nouveau sous le soleil (exactement) - Les Petits Livres<\/title>\n<meta name=\"description\" content=\"La biographie de Jane Birkin par Fr\u00e9d\u00e9ric Quinonero s\u2019ouvre avec le suicide de Kate, la fille a\u00een\u00e9e de la chanteuse, survenu en 2013. D\u2019embl\u00e9e, on craint\" \/>\n<meta name=\"robots\" content=\"index, follow, max-snippet:-1, max-image-preview:large, max-video-preview:-1\" \/>\n<link rel=\"canonical\" href=\"https:\/\/smallthings.fr\/lespetitslivres\/2016\/03\/21\/jane-birkin-biographie-critique\/\" \/>\n<meta property=\"og:locale\" content=\"fr_FR\" \/>\n<meta property=\"og:type\" content=\"article\" \/>\n<meta property=\"og:title\" content=\"Jane Birkin, \u00ab La vie ne vaut d\u2019\u00eatre v\u00e9cue sans amour \u00bb : rien de nouveau sous le soleil (exactement) - Les Petits Livres\" \/>\n<meta property=\"og:description\" content=\"La biographie de Jane Birkin par Fr\u00e9d\u00e9ric Quinonero s\u2019ouvre avec le suicide de Kate, la fille a\u00een\u00e9e de la chanteuse, survenu en 2013. D\u2019embl\u00e9e, on craint\" \/>\n<meta property=\"og:url\" content=\"https:\/\/smallthings.fr\/lespetitslivres\/2016\/03\/21\/jane-birkin-biographie-critique\/\" \/>\n<meta property=\"og:site_name\" content=\"Les Petits Livres\" \/>\n<meta property=\"article:published_time\" content=\"2016-03-21T15:00:45+00:00\" \/>\n<meta property=\"article:modified_time\" content=\"2016-03-20T18:39:32+00:00\" \/>\n<meta property=\"og:image\" content=\"https:\/\/i0.wp.com\/smallthings.fr\/lespetitslivres\/wp-content\/uploads\/2016\/03\/jane-birkin-couv.jpg?fit=645%2C293&ssl=1\" \/>\n\t<meta property=\"og:image:width\" content=\"645\" \/>\n\t<meta property=\"og:image:height\" content=\"293\" \/>\n\t<meta property=\"og:image:type\" content=\"image\/jpeg\" \/>\n<meta name=\"author\" content=\"Diane Norric\" \/>\n<meta name=\"twitter:card\" content=\"summary_large_image\" \/>\n<meta name=\"twitter:label1\" content=\"\u00c9crit par\" \/>\n\t<meta name=\"twitter:data1\" content=\"Diane Norric\" \/>\n\t<meta name=\"twitter:label2\" content=\"Dur\u00e9e de lecture estim\u00e9e\" \/>\n\t<meta name=\"twitter:data2\" content=\"2 minutes\" \/>\n<script type=\"application\/ld+json\" class=\"yoast-schema-graph\">{\"@context\":\"https:\/\/schema.org\",\"@graph\":[{\"@type\":\"WebPage\",\"@id\":\"https:\/\/smallthings.fr\/lespetitslivres\/2016\/03\/21\/jane-birkin-biographie-critique\/\",\"url\":\"https:\/\/smallthings.fr\/lespetitslivres\/2016\/03\/21\/jane-birkin-biographie-critique\/\",\"name\":\"Jane Birkin, \u00ab La vie ne vaut d\u2019\u00eatre v\u00e9cue sans amour \u00bb : rien de nouveau sous le soleil (exactement) - Les Petits Livres\",\"isPartOf\":{\"@id\":\"https:\/\/smallthings.fr\/lespetitslivres\/#website\"},\"datePublished\":\"2016-03-21T15:00:45+00:00\",\"dateModified\":\"2016-03-20T18:39:32+00:00\",\"author\":{\"@id\":\"https:\/\/smallthings.fr\/lespetitslivres\/#\/schema\/person\/d5a53b43d9461a170eb93b0fe68522f3\"},\"description\":\"La biographie de Jane Birkin par Fr\u00e9d\u00e9ric Quinonero s\u2019ouvre avec le suicide de Kate, la fille a\u00een\u00e9e de la chanteuse, survenu en 2013. D\u2019embl\u00e9e, on craint\",\"breadcrumb\":{\"@id\":\"https:\/\/smallthings.fr\/lespetitslivres\/2016\/03\/21\/jane-birkin-biographie-critique\/#breadcrumb\"},\"inLanguage\":\"fr-FR\",\"potentialAction\":[{\"@type\":\"ReadAction\",\"target\":[\"https:\/\/smallthings.fr\/lespetitslivres\/2016\/03\/21\/jane-birkin-biographie-critique\/\"]}]},{\"@type\":\"BreadcrumbList\",\"@id\":\"https:\/\/smallthings.fr\/lespetitslivres\/2016\/03\/21\/jane-birkin-biographie-critique\/#breadcrumb\",\"itemListElement\":[{\"@type\":\"ListItem\",\"position\":1,\"name\":\"Accueil\",\"item\":\"https:\/\/smallthings.fr\/lespetitslivres\/\"},{\"@type\":\"ListItem\",\"position\":2,\"name\":\"Jane Birkin, \u00ab La vie ne vaut d\u2019\u00eatre v\u00e9cue sans amour \u00bb : rien de nouveau sous le soleil (exactement)\"}]},{\"@type\":\"WebSite\",\"@id\":\"https:\/\/smallthings.fr\/lespetitslivres\/#website\",\"url\":\"https:\/\/smallthings.fr\/lespetitslivres\/\",\"name\":\"Les Petits Livres\",\"description\":\"by Small Things\",\"potentialAction\":[{\"@type\":\"SearchAction\",\"target\":{\"@type\":\"EntryPoint\",\"urlTemplate\":\"https:\/\/smallthings.fr\/lespetitslivres\/?s={search_term_string}\"},\"query-input\":\"required name=search_term_string\"}],\"inLanguage\":\"fr-FR\"},{\"@type\":\"Person\",\"@id\":\"https:\/\/smallthings.fr\/lespetitslivres\/#\/schema\/person\/d5a53b43d9461a170eb93b0fe68522f3\",\"name\":\"Diane Norric\",\"image\":{\"@type\":\"ImageObject\",\"inLanguage\":\"fr-FR\",\"@id\":\"https:\/\/smallthings.fr\/lespetitslivres\/#\/schema\/person\/image\/\",\"url\":\"https:\/\/secure.gravatar.com\/avatar\/5ee9f6a30b0c402cbb9d80e9e814f454?s=96&d=retro&r=g\",\"contentUrl\":\"https:\/\/secure.gravatar.com\/avatar\/5ee9f6a30b0c402cbb9d80e9e814f454?s=96&d=retro&r=g\",\"caption\":\"Diane Norric\"},\"url\":\"https:\/\/smallthings.fr\/lespetitslivres\/author\/diane-norric\/\"}]}<\/script>\n<!-- \/ Yoast SEO plugin. -->","yoast_head_json":{"title":"Jane Birkin, \u00ab La vie ne vaut d\u2019\u00eatre v\u00e9cue sans amour \u00bb : rien de nouveau sous le soleil (exactement) - Les Petits Livres","description":"La biographie de Jane Birkin par Fr\u00e9d\u00e9ric Quinonero s\u2019ouvre avec le suicide de Kate, la fille a\u00een\u00e9e de la chanteuse, survenu en 2013. D\u2019embl\u00e9e, on craint","robots":{"index":"index","follow":"follow","max-snippet":"max-snippet:-1","max-image-preview":"max-image-preview:large","max-video-preview":"max-video-preview:-1"},"canonical":"https:\/\/smallthings.fr\/lespetitslivres\/2016\/03\/21\/jane-birkin-biographie-critique\/","og_locale":"fr_FR","og_type":"article","og_title":"Jane Birkin, \u00ab La vie ne vaut d\u2019\u00eatre v\u00e9cue sans amour \u00bb : rien de nouveau sous le soleil (exactement) - Les Petits Livres","og_description":"La biographie de Jane Birkin par Fr\u00e9d\u00e9ric Quinonero s\u2019ouvre avec le suicide de Kate, la fille a\u00een\u00e9e de la chanteuse, survenu en 2013. D\u2019embl\u00e9e, on craint","og_url":"https:\/\/smallthings.fr\/lespetitslivres\/2016\/03\/21\/jane-birkin-biographie-critique\/","og_site_name":"Les Petits Livres","article_published_time":"2016-03-21T15:00:45+00:00","article_modified_time":"2016-03-20T18:39:32+00:00","og_image":[{"width":645,"height":293,"url":"https:\/\/i0.wp.com\/smallthings.fr\/lespetitslivres\/wp-content\/uploads\/2016\/03\/jane-birkin-couv.jpg?fit=645%2C293&ssl=1","type":"image\/jpeg"}],"author":"Diane Norric","twitter_card":"summary_large_image","twitter_misc":{"\u00c9crit par":"Diane Norric","Dur\u00e9e de lecture estim\u00e9e":"2 minutes"},"schema":{"@context":"https:\/\/schema.org","@graph":[{"@type":"WebPage","@id":"https:\/\/smallthings.fr\/lespetitslivres\/2016\/03\/21\/jane-birkin-biographie-critique\/","url":"https:\/\/smallthings.fr\/lespetitslivres\/2016\/03\/21\/jane-birkin-biographie-critique\/","name":"Jane Birkin, \u00ab La vie ne vaut d\u2019\u00eatre v\u00e9cue sans amour \u00bb : rien de nouveau sous le soleil (exactement) - Les Petits Livres","isPartOf":{"@id":"https:\/\/smallthings.fr\/lespetitslivres\/#website"},"datePublished":"2016-03-21T15:00:45+00:00","dateModified":"2016-03-20T18:39:32+00:00","author":{"@id":"https:\/\/smallthings.fr\/lespetitslivres\/#\/schema\/person\/d5a53b43d9461a170eb93b0fe68522f3"},"description":"La biographie de Jane Birkin par Fr\u00e9d\u00e9ric Quinonero s\u2019ouvre avec le suicide de Kate, la fille a\u00een\u00e9e de la chanteuse, survenu en 2013. D\u2019embl\u00e9e, on craint","breadcrumb":{"@id":"https:\/\/smallthings.fr\/lespetitslivres\/2016\/03\/21\/jane-birkin-biographie-critique\/#breadcrumb"},"inLanguage":"fr-FR","potentialAction":[{"@type":"ReadAction","target":["https:\/\/smallthings.fr\/lespetitslivres\/2016\/03\/21\/jane-birkin-biographie-critique\/"]}]},{"@type":"BreadcrumbList","@id":"https:\/\/smallthings.fr\/lespetitslivres\/2016\/03\/21\/jane-birkin-biographie-critique\/#breadcrumb","itemListElement":[{"@type":"ListItem","position":1,"name":"Accueil","item":"https:\/\/smallthings.fr\/lespetitslivres\/"},{"@type":"ListItem","position":2,"name":"Jane Birkin, \u00ab La vie ne vaut d\u2019\u00eatre v\u00e9cue sans amour \u00bb : rien de nouveau sous le soleil (exactement)"}]},{"@type":"WebSite","@id":"https:\/\/smallthings.fr\/lespetitslivres\/#website","url":"https:\/\/smallthings.fr\/lespetitslivres\/","name":"Les Petits Livres","description":"by Small Things","potentialAction":[{"@type":"SearchAction","target":{"@type":"EntryPoint","urlTemplate":"https:\/\/smallthings.fr\/lespetitslivres\/?s={search_term_string}"},"query-input":"required name=search_term_string"}],"inLanguage":"fr-FR"},{"@type":"Person","@id":"https:\/\/smallthings.fr\/lespetitslivres\/#\/schema\/person\/d5a53b43d9461a170eb93b0fe68522f3","name":"Diane Norric","image":{"@type":"ImageObject","inLanguage":"fr-FR","@id":"https:\/\/smallthings.fr\/lespetitslivres\/#\/schema\/person\/image\/","url":"https:\/\/secure.gravatar.com\/avatar\/5ee9f6a30b0c402cbb9d80e9e814f454?s=96&d=retro&r=g","contentUrl":"https:\/\/secure.gravatar.com\/avatar\/5ee9f6a30b0c402cbb9d80e9e814f454?s=96&d=retro&r=g","caption":"Diane Norric"},"url":"https:\/\/smallthings.fr\/lespetitslivres\/author\/diane-norric\/"}]}},"jetpack_featured_media_url":"https:\/\/smallthings.fr\/lespetitslivres\/wp-content\/uploads\/2016\/03\/jane-birkin-couv.jpg","jetpack_sharing_enabled":true,"jetpack_shortlink":"https:\/\/wp.me\/p6Un21-7JT","jetpack-related-posts":[{"id":15845,"url":"https:\/\/smallthings.fr\/lespetitslivres\/2014\/08\/20\/amelie-nothomb-petronille-rentree-avis\/","url_meta":{"origin":29753,"position":0},"title":"Am\u00e9lie Nothomb fait sa rentr\u00e9e avec P\u00e9tronille","author":"Audrey Ch\u00e8vrefeuille","date":"20 ao\u00fbt 2014","format":false,"excerpt":"Comme chaque ann\u00e9e, Am\u00e9lie Nothomb sort son nouveau roman pour la rentr\u00e9e litt\u00e9raire chez Albin Michel. C\u2019est devenu une habitude depuis longtemps maintenant. Pas de r\u00e9el suspense donc quant \u00e0 l\u2019\u00e9v\u00e9nement, mais toujours une impatience et des interrogations sur le contenu. Annonc\u00e9 \u00e0 200.000 exemplaires, P\u00e9tronille fera s\u00fbrement beaucoup parler\u2026","rel":"","context":"Dans &quot;Roman fran\u00e7ais&quot;","block_context":{"text":"Roman fran\u00e7ais","link":"https:\/\/smallthings.fr\/lespetitslivres\/category\/roman\/roman-francais\/"},"img":{"alt_text":"","src":"https:\/\/i0.wp.com\/smallthings.fr\/wp-content\/uploads\/2014\/08\/nothomb-petronille.jpg?resize=350%2C200","width":350,"height":200},"classes":[]},{"id":30526,"url":"https:\/\/smallthings.fr\/lespetitslivres\/2016\/12\/07\/valerie-damidot-main-coeur-doigt-gachette\/","url_meta":{"origin":29753,"position":1},"title":"Val\u00e9rie Damidot, de la d\u00e9co \u00e0 l&rsquo;autobiographie","author":"Yohann","date":"7 d\u00e9cembre 2016","format":false,"excerpt":"Apr\u00e8s la maroufle et, plus r\u00e9cemment, les chaussons, les strass et les tenues de danse, Val\u00e9rie Damidot a d\u00e9cid\u00e9 d\u2019utiliser sa plume pour nous livrer une biographie sans filtre. Mais la c\u00e9l\u00e8bre pr\u00e9sentatrice de D&CO n\u2019en est ni \u00e0 sa premi\u00e8re difficult\u00e9, ni \u00e0 son premier d\u00e9fi. Elle a particip\u00e9\u2026","rel":"","context":"Dans &quot;(Auto) Biographie&quot;","block_context":{"text":"(Auto) Biographie","link":"https:\/\/smallthings.fr\/lespetitslivres\/category\/non-fiction\/auto-biographie\/"},"img":{"alt_text":"","src":"https:\/\/i0.wp.com\/smallthings.fr\/lespetitslivres\/wp-content\/uploads\/2016\/12\/damidot-livre-1.jpg?resize=350%2C200&ssl=1","width":350,"height":200,"srcset":"https:\/\/i0.wp.com\/smallthings.fr\/lespetitslivres\/wp-content\/uploads\/2016\/12\/damidot-livre-1.jpg?resize=350%2C200&ssl=1 1x, https:\/\/i0.wp.com\/smallthings.fr\/lespetitslivres\/wp-content\/uploads\/2016\/12\/damidot-livre-1.jpg?resize=525%2C300&ssl=1 1.5x, https:\/\/i0.wp.com\/smallthings.fr\/lespetitslivres\/wp-content\/uploads\/2016\/12\/damidot-livre-1.jpg?resize=700%2C400&ssl=1 2x"},"classes":[]},{"id":30480,"url":"https:\/\/smallthings.fr\/lespetitslivres\/2016\/11\/17\/froidures-kate-moses-critique\/","url_meta":{"origin":29753,"position":2},"title":"Froidure, dans les pas m\u00e9lancoliques de la po\u00e9tesse Sylvia Plath","author":"June","date":"17 novembre 2016","format":false,"excerpt":"Avec Froidure, premier roman, paru le 13 octobre aux \u00e9ditions du Petit Quai Voltaire, Kate Moses nous emm\u00e8ne au c\u0153ur de l\u2019hiver 1962 \u00e0 Londres et du tragique destin de la po\u00e9tesse Sylvia Plath. Saisis par le froid, on se laisse entra\u00eener par cette \u00e9criture po\u00e9tique, entre lumi\u00e8re et ombres,\u2026","rel":"","context":"Dans &quot;Roman \u00e9tranger&quot;","block_context":{"text":"Roman \u00e9tranger","link":"https:\/\/smallthings.fr\/lespetitslivres\/category\/roman\/roman-etranger\/"},"img":{"alt_text":"","src":"https:\/\/i0.wp.com\/smallthings.fr\/lespetitslivres\/wp-content\/uploads\/2016\/11\/froidures-couv.jpg?resize=350%2C200&ssl=1","width":350,"height":200,"srcset":"https:\/\/i0.wp.com\/smallthings.fr\/lespetitslivres\/wp-content\/uploads\/2016\/11\/froidures-couv.jpg?resize=350%2C200&ssl=1 1x, https:\/\/i0.wp.com\/smallthings.fr\/lespetitslivres\/wp-content\/uploads\/2016\/11\/froidures-couv.jpg?resize=525%2C300&ssl=1 1.5x, https:\/\/i0.wp.com\/smallthings.fr\/lespetitslivres\/wp-content\/uploads\/2016\/11\/froidures-couv.jpg?resize=700%2C400&ssl=1 2x"},"classes":[]},{"id":28263,"url":"https:\/\/smallthings.fr\/lespetitslivres\/2015\/10\/14\/charlotte-rampling-qui-je-suis-critique\/","url_meta":{"origin":29753,"position":3},"title":"Charlotte Rampling : conversation intime dans Qui je suis","author":"June","date":"14 octobre 2015","format":false,"excerpt":"De confidence en confidence, dans Qui je suis, Charlotte Rampling se d\u00e9voile avec une simplicit\u00e9 touchante. Tout au long de l\u2019ouvrage paru chez Grasset le 30 septembre, elle m\u00e8ne avec Christophe Bataille une conversation po\u00e9tique qui confine \u00e0 l\u2019intime o\u00f9, tour \u00e0 tour, elle se livre et se cache. Un\u2026","rel":"","context":"Dans &quot;(Auto) Biographie&quot;","block_context":{"text":"(Auto) Biographie","link":"https:\/\/smallthings.fr\/lespetitslivres\/category\/non-fiction\/auto-biographie\/"},"img":{"alt_text":"","src":"https:\/\/i0.wp.com\/smallthings.fr\/lespetitslivres\/wp-content\/uploads\/2015\/10\/rampling-couv.jpg?resize=350%2C200&ssl=1","width":350,"height":200,"srcset":"https:\/\/i0.wp.com\/smallthings.fr\/lespetitslivres\/wp-content\/uploads\/2015\/10\/rampling-couv.jpg?resize=350%2C200&ssl=1 1x, https:\/\/i0.wp.com\/smallthings.fr\/lespetitslivres\/wp-content\/uploads\/2015\/10\/rampling-couv.jpg?resize=525%2C300&ssl=1 1.5x, https:\/\/i0.wp.com\/smallthings.fr\/lespetitslivres\/wp-content\/uploads\/2015\/10\/rampling-couv.jpg?resize=700%2C400&ssl=1 2x"},"classes":[]},{"id":31697,"url":"https:\/\/smallthings.fr\/lespetitslivres\/2018\/06\/13\/nos-revolutions-jane-smiley-avis\/","url_meta":{"origin":29753,"position":4},"title":"Nos r\u00e9volutions, saga am\u00e9ricaine de Jane Smiley","author":"Victoire Neyraud","date":"13 juin 2018","format":false,"excerpt":"Le deuxi\u00e8me tome de l\u2019ambitieuse saga de Jane Smiley (Un si\u00e8cle Am\u00e9ricain) vient de para\u00eetre chez Rivages. Dans Nos R\u00e9volutions, Jane Smiley nous d\u00e9roule un tableau de l\u2019Am\u00e9rique de l\u2019apr\u00e8s seconde guerre mondiale, de 1953 \u00e0 1957, \u00e0 travers la vie quotidienne de la grande famille Langdon, que les lecteurs\u2026","rel":"","context":"Dans &quot;Roman \u00e9tranger&quot;","block_context":{"text":"Roman \u00e9tranger","link":"https:\/\/smallthings.fr\/lespetitslivres\/category\/roman\/roman-etranger\/"},"img":{"alt_text":"","src":"https:\/\/i0.wp.com\/smallthings.fr\/lespetitslivres\/wp-content\/uploads\/2018\/06\/nos-revolutions-smiley-cover.jpg?resize=350%2C200&ssl=1","width":350,"height":200},"classes":[]},{"id":30400,"url":"https:\/\/smallthings.fr\/lespetitslivres\/2016\/10\/14\/tarzan-seigneur-jungle-er-burroughs\/","url_meta":{"origin":29753,"position":5},"title":"Tarzan seigneur de la jungle, le classique d&rsquo;E.R. Burroughs","author":"Cecile","date":"14 octobre 2016","format":false,"excerpt":"Tarzan seigneur de la jungle, publi\u00e9 en 1912 alors que l\u2019Empire colonial britannique \u00e9tait \u00e0 son apog\u00e9e, donna lieu \u00e0 une saga de 26 romans, puis \u00e0 un film en 1932, Tarzan, l\u2019homme-singe qui est rest\u00e9 une r\u00e9f\u00e9rence. \u00c0 partir des ann\u00e9es 50 sortent ensuite une kyrielle de films d\u2019aventures\u2026","rel":"","context":"Dans &quot;Nos classiques&quot;","block_context":{"text":"Nos classiques","link":"https:\/\/smallthings.fr\/lespetitslivres\/category\/nos-classiques\/"},"img":{"alt_text":"","src":"https:\/\/i0.wp.com\/smallthings.fr\/lespetitslivres\/wp-content\/uploads\/2016\/10\/tarzan-film.jpg?resize=350%2C200&ssl=1","width":350,"height":200,"srcset":"https:\/\/i0.wp.com\/smallthings.fr\/lespetitslivres\/wp-content\/uploads\/2016\/10\/tarzan-film.jpg?resize=350%2C200&ssl=1 1x, https:\/\/i0.wp.com\/smallthings.fr\/lespetitslivres\/wp-content\/uploads\/2016\/10\/tarzan-film.jpg?resize=525%2C300&ssl=1 1.5x, https:\/\/i0.wp.com\/smallthings.fr\/lespetitslivres\/wp-content\/uploads\/2016\/10\/tarzan-film.jpg?resize=700%2C400&ssl=1 2x, https:\/\/i0.wp.com\/smallthings.fr\/lespetitslivres\/wp-content\/uploads\/2016\/10\/tarzan-film.jpg?resize=1050%2C600&ssl=1 3x"},"classes":[]}],"_links":{"self":[{"href":"https:\/\/smallthings.fr\/lespetitslivres\/wp-json\/wp\/v2\/posts\/29753"}],"collection":[{"href":"https:\/\/smallthings.fr\/lespetitslivres\/wp-json\/wp\/v2\/posts"}],"about":[{"href":"https:\/\/smallthings.fr\/lespetitslivres\/wp-json\/wp\/v2\/types\/post"}],"author":[{"embeddable":true,"href":"https:\/\/smallthings.fr\/lespetitslivres\/wp-json\/wp\/v2\/users\/20"}],"replies":[{"embeddable":true,"href":"https:\/\/smallthings.fr\/lespetitslivres\/wp-json\/wp\/v2\/comments?post=29753"}],"version-history":[{"count":2,"href":"https:\/\/smallthings.fr\/lespetitslivres\/wp-json\/wp\/v2\/posts\/29753\/revisions"}],"predecessor-version":[{"id":29757,"href":"https:\/\/smallthings.fr\/lespetitslivres\/wp-json\/wp\/v2\/posts\/29753\/revisions\/29757"}],"wp:featuredmedia":[{"embeddable":true,"href":"https:\/\/smallthings.fr\/lespetitslivres\/wp-json\/wp\/v2\/media\/29754"}],"wp:attachment":[{"href":"https:\/\/smallthings.fr\/lespetitslivres\/wp-json\/wp\/v2\/media?parent=29753"}],"wp:term":[{"taxonomy":"category","embeddable":true,"href":"https:\/\/smallthings.fr\/lespetitslivres\/wp-json\/wp\/v2\/categories?post=29753"},{"taxonomy":"post_tag","embeddable":true,"href":"https:\/\/smallthings.fr\/lespetitslivres\/wp-json\/wp\/v2\/tags?post=29753"}],"curies":[{"name":"wp","href":"https:\/\/api.w.org\/{rel}","templated":true}]}}