{"id":29744,"date":"2016-03-20T19:27:50","date_gmt":"2016-03-20T18:27:50","guid":{"rendered":"http:\/\/smallthings.fr\/lespetitslivres\/?p=29744"},"modified":"2016-03-20T19:27:50","modified_gmt":"2016-03-20T18:27:50","slug":"roman-d-esther-flepp-hypnotique","status":"publish","type":"post","link":"https:\/\/smallthings.fr\/lespetitslivres\/2016\/03\/20\/roman-d-esther-flepp-hypnotique\/","title":{"rendered":"Le roman d&rsquo;Esther de Pauline Flepp : hypnotique"},"content":{"rendered":"<h2><em>Le roman d&rsquo;Esther<\/em>, second roman de Pauline Flepp, jeune agr\u00e9g\u00e9e de Lettres Modernes, vient de para\u00eetre chez <a href=\"http:\/\/editions.flammarion.com\/Albums_Detail.cfm?ID=49389&amp;levelCode=litterature\" target=\"_blank\">Flammarion<\/a>. <em>Le roman d&rsquo;Esther<\/em> d\u00e9bute alors qu&rsquo;Antoine Gardel, \u00e9crivain \u00e0 succ\u00e8s quarantenaire, se trouve en prison pour l&rsquo;assassinat de la tr\u00e8s jeune Esther Monod, son amante. Son \u00e9diteur lui propose alors d&rsquo;\u00e9crire leur histoire, \u00e0 Esther et lui.<\/h2>\n<p><em><img loading=\"lazy\" decoding=\"async\" data-attachment-id=\"29751\" data-permalink=\"https:\/\/smallthings.fr\/lespetitslivres\/2016\/03\/20\/roman-d-esther-flepp-hypnotique\/roman-d-esther\/\" data-orig-file=\"https:\/\/smallthings.fr\/lespetitslivres\/wp-content\/uploads\/2016\/03\/roman-d-esther.jpg\" data-orig-size=\"960,1488\" data-comments-opened=\"1\" data-image-meta=\"{&quot;aperture&quot;:&quot;0&quot;,&quot;credit&quot;:&quot;&quot;,&quot;camera&quot;:&quot;&quot;,&quot;caption&quot;:&quot;&quot;,&quot;created_timestamp&quot;:&quot;0&quot;,&quot;copyright&quot;:&quot;Tite-Live&quot;,&quot;focal_length&quot;:&quot;0&quot;,&quot;iso&quot;:&quot;0&quot;,&quot;shutter_speed&quot;:&quot;0&quot;,&quot;title&quot;:&quot;&quot;,&quot;orientation&quot;:&quot;1&quot;}\" data-image-title=\"roman-d-esther\" data-image-description=\"\" data-image-caption=\"\" data-medium-file=\"https:\/\/smallthings.fr\/lespetitslivres\/wp-content\/uploads\/2016\/03\/roman-d-esther-194x300.jpg\" data-large-file=\"https:\/\/smallthings.fr\/lespetitslivres\/wp-content\/uploads\/2016\/03\/roman-d-esther-661x1024.jpg\" class=\"alignleft  wp-image-29751\" src=\"http:\/\/smallthings.fr\/lespetitslivres\/wp-content\/uploads\/2016\/03\/roman-d-esther-661x1024.jpg\" alt=\"roman-d-esther\" width=\"364\" height=\"564\" srcset=\"https:\/\/smallthings.fr\/lespetitslivres\/wp-content\/uploads\/2016\/03\/roman-d-esther-661x1024.jpg 661w, https:\/\/smallthings.fr\/lespetitslivres\/wp-content\/uploads\/2016\/03\/roman-d-esther-194x300.jpg 194w, https:\/\/smallthings.fr\/lespetitslivres\/wp-content\/uploads\/2016\/03\/roman-d-esther-768x1190.jpg 768w, https:\/\/smallthings.fr\/lespetitslivres\/wp-content\/uploads\/2016\/03\/roman-d-esther.jpg 960w\" sizes=\"(max-width: 364px) 100vw, 364px\" \/><\/em>Antoine va d\u00e9rouler son histoire d&rsquo;amour avec Esther, jeune \u00e9tudiante s\u00e9ductrice qui le contacte afin de lui consacrer son m\u00e9moire. Il tombe sous le charme de la fraicheur teint\u00e9e de sensibilit\u00e9 de la jeune fille. Ce couple d\u00e9tonnant arpente les rues de Paris et leurs deux solitudes se font \u00e9cho, en apparence. Cependant, Esther est jeune, et Antoine se demande ce qu&rsquo;elle peut lui trouver, jusqu&rsquo;\u00e0 douter de sa sinc\u00e9rit\u00e9. Dans la deuxi\u00e8me partie du roman, le journal intime d&rsquo;Esther r\u00e9pond \u00e0 bien des questions que se pose le lecteur.<\/p>\n<p><em>Le roman d&rsquo;Esther<\/em> est envoutant. <strong>On assiste, impuissant, \u00e0 la construction puis la d\u00e9construction d&rsquo;une histoire dont on sait l&rsquo;in\u00e9luctable et tragique fin<\/strong>. On tombe un peu amoureux d&rsquo;Esther avec Antoine, on s&rsquo;\u00e9nerve contre elle, aussi. Les r\u00e9v\u00e9lations finales nous la rendent blanchie, purifi\u00e9e, dans toute son ambigu\u00eft\u00e9.<\/p>\n<p>L&rsquo;\u00e9criture est juste et d\u00e9crit \u00e0 merveille le romanesque dont se parent certaines histoires d&rsquo;amour, intenses et, souvent, br\u00e8ves. Nos deux h\u00e9ros se croisent, se loupent, se trompent pour mieux tromper leurs solitudes. Antoine choisit Esther comme muse et se r\u00e9gale du tragique du personnage. Ils se retrouvent tous deux pris dans les filets d&rsquo;un roman qui les d\u00e9passe.<\/p>\n<div id=\"attachment_29748\" style=\"width: 274px\" class=\"wp-caption alignright\"><img loading=\"lazy\" decoding=\"async\" aria-describedby=\"caption-attachment-29748\" data-attachment-id=\"29748\" data-permalink=\"https:\/\/smallthings.fr\/lespetitslivres\/2016\/03\/20\/roman-d-esther-flepp-hypnotique\/pauline-flepp\/\" data-orig-file=\"https:\/\/smallthings.fr\/lespetitslivres\/wp-content\/uploads\/2016\/03\/pauline-flepp.jpg\" data-orig-size=\"803,1200\" data-comments-opened=\"1\" data-image-meta=\"{&quot;aperture&quot;:&quot;8&quot;,&quot;credit&quot;:&quot;&quot;,&quot;camera&quot;:&quot;FinePix S3Pro&quot;,&quot;caption&quot;:&quot;&quot;,&quot;created_timestamp&quot;:&quot;1210784074&quot;,&quot;copyright&quot;:&quot;&quot;,&quot;focal_length&quot;:&quot;24&quot;,&quot;iso&quot;:&quot;200&quot;,&quot;shutter_speed&quot;:&quot;0.008&quot;,&quot;title&quot;:&quot;&quot;,&quot;orientation&quot;:&quot;1&quot;}\" data-image-title=\"pauline-flepp\" data-image-description=\"\" data-image-caption=\"&lt;p&gt;Pauline Flepp&lt;\/p&gt;\n\" data-medium-file=\"https:\/\/smallthings.fr\/lespetitslivres\/wp-content\/uploads\/2016\/03\/pauline-flepp-201x300.jpg\" data-large-file=\"https:\/\/smallthings.fr\/lespetitslivres\/wp-content\/uploads\/2016\/03\/pauline-flepp-685x1024.jpg\" class=\" wp-image-29748\" src=\"http:\/\/smallthings.fr\/lespetitslivres\/wp-content\/uploads\/2016\/03\/pauline-flepp-685x1024.jpg\" alt=\"Pauline Flepp\" width=\"264\" height=\"395\" srcset=\"https:\/\/smallthings.fr\/lespetitslivres\/wp-content\/uploads\/2016\/03\/pauline-flepp-685x1024.jpg 685w, https:\/\/smallthings.fr\/lespetitslivres\/wp-content\/uploads\/2016\/03\/pauline-flepp-201x300.jpg 201w, https:\/\/smallthings.fr\/lespetitslivres\/wp-content\/uploads\/2016\/03\/pauline-flepp-768x1148.jpg 768w, https:\/\/smallthings.fr\/lespetitslivres\/wp-content\/uploads\/2016\/03\/pauline-flepp.jpg 803w\" sizes=\"(max-width: 264px) 100vw, 264px\" \/><p id=\"caption-attachment-29748\" class=\"wp-caption-text\">Pauline Flepp<\/p><\/div>\n<p><strong>Une auteure \u00e0 suivre et un livre \u00e0 d\u00e9vorer d&rsquo;une traite.<\/strong><\/p>\n<blockquote><p>\u00ab\u00a0On se reverra?\u00a0\u00bb ajouta-t-elle avant m\u00eame que j&rsquo;aie eu le temps de r\u00e9agir \u00e0 sa premi\u00e8re provocation. Je lui dis qu&rsquo;elle pouvait venir quand \u00e7a l&rsquo;arrangeait pour consulter les dossiers de presse. Ce pr\u00e9texte universitaire \u00e9tait rassurant: il ne s&rsquo;agissait que de l&rsquo;aider pour son m\u00e9moire. \u00ab\u00a0Vous savez, je ne tombe jamais amoureuse, mais je m&rsquo;attache vite aux gens. Je suis tr\u00e8s sentimentale\u00a0\u00bb, dit-elle. Je ne sus que r\u00e9pondre et je me contentai de sourire, comme devant un enfantillage qui ne pr\u00eaterait pas vraiment \u00e0 cons\u00e9quence. Avant de monter dans l&rsquo;ascenseur, elle se tourna vers moi. Elle souriait. Son visage s&rsquo;illuminait alors d&rsquo;une fa\u00e7on telle que je n&rsquo;aurais pu imaginer une seule seconde le mal qu&rsquo;on allait se faire.<\/p><\/blockquote>\n","protected":false},"excerpt":{"rendered":"<p>Le roman d&rsquo;Esther, second roman de Pauline Flepp, jeune agr\u00e9g\u00e9e de Lettres Modernes, vient de para\u00eetre chez Flammarion. Le roman d&rsquo;Esther d\u00e9bute alors qu&rsquo;Antoine Gardel, \u00e9crivain \u00e0 succ\u00e8s quarantenaire, se trouve en prison pour l&rsquo;assassinat de la tr\u00e8s jeune Esther Monod, son amante. Son \u00e9diteur lui propose alors d&rsquo;\u00e9crire leur histoire, \u00e0 Esther et lui.<\/p>\n","protected":false},"author":8,"featured_media":29746,"comment_status":"open","ping_status":"open","sticky":false,"template":"","format":"standard","meta":{"jetpack_post_was_ever_published":false,"_jetpack_newsletter_access":"","_jetpack_newsletter_tier_id":0,"footnotes":"","jetpack_publicize_message":"","jetpack_is_tweetstorm":false,"jetpack_publicize_feature_enabled":true,"jetpack_social_post_already_shared":true,"jetpack_social_options":{"image_generator_settings":{"template":"highway","enabled":false}}},"categories":[1117],"tags":[1340,54,1341],"jetpack_publicize_connections":[],"yoast_head":"<!-- This site is optimized with the Yoast SEO plugin v21.5 - https:\/\/yoast.com\/wordpress\/plugins\/seo\/ -->\n<title>Le roman d&#039;Esther de Pauline Flepp : hypnotique - Les Petits Livres<\/title>\n<meta name=\"description\" content=\"Le roman d&#039;Esther, second roman de Pauline Flepp, jeune agr\u00e9g\u00e9e de Lettres Modernes, vient de para\u00eetre chez Flammarion. Le roman d&#039;Esther\" \/>\n<meta name=\"robots\" content=\"index, follow, max-snippet:-1, max-image-preview:large, max-video-preview:-1\" \/>\n<link rel=\"canonical\" href=\"https:\/\/smallthings.fr\/lespetitslivres\/2016\/03\/20\/roman-d-esther-flepp-hypnotique\/\" \/>\n<meta property=\"og:locale\" content=\"fr_FR\" \/>\n<meta property=\"og:type\" content=\"article\" \/>\n<meta property=\"og:title\" content=\"Le roman d&#039;Esther de Pauline Flepp : hypnotique - Les Petits Livres\" \/>\n<meta property=\"og:description\" content=\"Le roman d&#039;Esther, second roman de Pauline Flepp, jeune agr\u00e9g\u00e9e de Lettres Modernes, vient de para\u00eetre chez Flammarion. Le roman d&#039;Esther\" \/>\n<meta property=\"og:url\" content=\"https:\/\/smallthings.fr\/lespetitslivres\/2016\/03\/20\/roman-d-esther-flepp-hypnotique\/\" \/>\n<meta property=\"og:site_name\" content=\"Les Petits Livres\" \/>\n<meta property=\"article:published_time\" content=\"2016-03-20T18:27:50+00:00\" \/>\n<meta property=\"og:image\" content=\"https:\/\/smallthings.fr\/lespetitslivres\/wp-content\/uploads\/2016\/03\/roman-d-esther-couv-1.jpg\" \/>\n\t<meta property=\"og:image:width\" content=\"969\" \/>\n\t<meta property=\"og:image:height\" content=\"437\" \/>\n\t<meta property=\"og:image:type\" content=\"image\/jpeg\" \/>\n<meta name=\"author\" content=\"Lola\" \/>\n<meta name=\"twitter:card\" content=\"summary_large_image\" \/>\n<meta name=\"twitter:label1\" content=\"\u00c9crit par\" \/>\n\t<meta name=\"twitter:data1\" content=\"Lola\" \/>\n\t<meta name=\"twitter:label2\" content=\"Dur\u00e9e de lecture estim\u00e9e\" \/>\n\t<meta name=\"twitter:data2\" content=\"2 minutes\" \/>\n<script type=\"application\/ld+json\" class=\"yoast-schema-graph\">{\"@context\":\"https:\/\/schema.org\",\"@graph\":[{\"@type\":\"WebPage\",\"@id\":\"https:\/\/smallthings.fr\/lespetitslivres\/2016\/03\/20\/roman-d-esther-flepp-hypnotique\/\",\"url\":\"https:\/\/smallthings.fr\/lespetitslivres\/2016\/03\/20\/roman-d-esther-flepp-hypnotique\/\",\"name\":\"Le roman d'Esther de Pauline Flepp : hypnotique - Les Petits Livres\",\"isPartOf\":{\"@id\":\"https:\/\/smallthings.fr\/lespetitslivres\/#website\"},\"datePublished\":\"2016-03-20T18:27:50+00:00\",\"dateModified\":\"2016-03-20T18:27:50+00:00\",\"author\":{\"@id\":\"https:\/\/smallthings.fr\/lespetitslivres\/#\/schema\/person\/2740f045446c63eaf59a094edb250075\"},\"description\":\"Le roman d'Esther, second roman de Pauline Flepp, jeune agr\u00e9g\u00e9e de Lettres Modernes, vient de para\u00eetre chez Flammarion. Le roman d'Esther\",\"breadcrumb\":{\"@id\":\"https:\/\/smallthings.fr\/lespetitslivres\/2016\/03\/20\/roman-d-esther-flepp-hypnotique\/#breadcrumb\"},\"inLanguage\":\"fr-FR\",\"potentialAction\":[{\"@type\":\"ReadAction\",\"target\":[\"https:\/\/smallthings.fr\/lespetitslivres\/2016\/03\/20\/roman-d-esther-flepp-hypnotique\/\"]}]},{\"@type\":\"BreadcrumbList\",\"@id\":\"https:\/\/smallthings.fr\/lespetitslivres\/2016\/03\/20\/roman-d-esther-flepp-hypnotique\/#breadcrumb\",\"itemListElement\":[{\"@type\":\"ListItem\",\"position\":1,\"name\":\"Accueil\",\"item\":\"https:\/\/smallthings.fr\/lespetitslivres\/\"},{\"@type\":\"ListItem\",\"position\":2,\"name\":\"Le roman d&rsquo;Esther de Pauline Flepp : hypnotique\"}]},{\"@type\":\"WebSite\",\"@id\":\"https:\/\/smallthings.fr\/lespetitslivres\/#website\",\"url\":\"https:\/\/smallthings.fr\/lespetitslivres\/\",\"name\":\"Les Petits Livres\",\"description\":\"by Small Things\",\"potentialAction\":[{\"@type\":\"SearchAction\",\"target\":{\"@type\":\"EntryPoint\",\"urlTemplate\":\"https:\/\/smallthings.fr\/lespetitslivres\/?s={search_term_string}\"},\"query-input\":\"required name=search_term_string\"}],\"inLanguage\":\"fr-FR\"},{\"@type\":\"Person\",\"@id\":\"https:\/\/smallthings.fr\/lespetitslivres\/#\/schema\/person\/2740f045446c63eaf59a094edb250075\",\"name\":\"Lola\",\"image\":{\"@type\":\"ImageObject\",\"inLanguage\":\"fr-FR\",\"@id\":\"https:\/\/smallthings.fr\/lespetitslivres\/#\/schema\/person\/image\/\",\"url\":\"https:\/\/secure.gravatar.com\/avatar\/50696b3ff10b9a1738ec34c08424583c?s=96&d=retro&r=g\",\"contentUrl\":\"https:\/\/secure.gravatar.com\/avatar\/50696b3ff10b9a1738ec34c08424583c?s=96&d=retro&r=g\",\"caption\":\"Lola\"},\"url\":\"https:\/\/smallthings.fr\/lespetitslivres\/author\/lola\/\"}]}<\/script>\n<!-- \/ Yoast SEO plugin. -->","yoast_head_json":{"title":"Le roman d'Esther de Pauline Flepp : hypnotique - Les Petits Livres","description":"Le roman d'Esther, second roman de Pauline Flepp, jeune agr\u00e9g\u00e9e de Lettres Modernes, vient de para\u00eetre chez Flammarion. Le roman d'Esther","robots":{"index":"index","follow":"follow","max-snippet":"max-snippet:-1","max-image-preview":"max-image-preview:large","max-video-preview":"max-video-preview:-1"},"canonical":"https:\/\/smallthings.fr\/lespetitslivres\/2016\/03\/20\/roman-d-esther-flepp-hypnotique\/","og_locale":"fr_FR","og_type":"article","og_title":"Le roman d'Esther de Pauline Flepp : hypnotique - Les Petits Livres","og_description":"Le roman d'Esther, second roman de Pauline Flepp, jeune agr\u00e9g\u00e9e de Lettres Modernes, vient de para\u00eetre chez Flammarion. Le roman d'Esther","og_url":"https:\/\/smallthings.fr\/lespetitslivres\/2016\/03\/20\/roman-d-esther-flepp-hypnotique\/","og_site_name":"Les Petits Livres","article_published_time":"2016-03-20T18:27:50+00:00","og_image":[{"width":969,"height":437,"url":"https:\/\/smallthings.fr\/lespetitslivres\/wp-content\/uploads\/2016\/03\/roman-d-esther-couv-1.jpg","type":"image\/jpeg"}],"author":"Lola","twitter_card":"summary_large_image","twitter_misc":{"\u00c9crit par":"Lola","Dur\u00e9e de lecture estim\u00e9e":"2 minutes"},"schema":{"@context":"https:\/\/schema.org","@graph":[{"@type":"WebPage","@id":"https:\/\/smallthings.fr\/lespetitslivres\/2016\/03\/20\/roman-d-esther-flepp-hypnotique\/","url":"https:\/\/smallthings.fr\/lespetitslivres\/2016\/03\/20\/roman-d-esther-flepp-hypnotique\/","name":"Le roman d'Esther de Pauline Flepp : hypnotique - Les Petits Livres","isPartOf":{"@id":"https:\/\/smallthings.fr\/lespetitslivres\/#website"},"datePublished":"2016-03-20T18:27:50+00:00","dateModified":"2016-03-20T18:27:50+00:00","author":{"@id":"https:\/\/smallthings.fr\/lespetitslivres\/#\/schema\/person\/2740f045446c63eaf59a094edb250075"},"description":"Le roman d'Esther, second roman de Pauline Flepp, jeune agr\u00e9g\u00e9e de Lettres Modernes, vient de para\u00eetre chez Flammarion. Le roman d'Esther","breadcrumb":{"@id":"https:\/\/smallthings.fr\/lespetitslivres\/2016\/03\/20\/roman-d-esther-flepp-hypnotique\/#breadcrumb"},"inLanguage":"fr-FR","potentialAction":[{"@type":"ReadAction","target":["https:\/\/smallthings.fr\/lespetitslivres\/2016\/03\/20\/roman-d-esther-flepp-hypnotique\/"]}]},{"@type":"BreadcrumbList","@id":"https:\/\/smallthings.fr\/lespetitslivres\/2016\/03\/20\/roman-d-esther-flepp-hypnotique\/#breadcrumb","itemListElement":[{"@type":"ListItem","position":1,"name":"Accueil","item":"https:\/\/smallthings.fr\/lespetitslivres\/"},{"@type":"ListItem","position":2,"name":"Le roman d&rsquo;Esther de Pauline Flepp : hypnotique"}]},{"@type":"WebSite","@id":"https:\/\/smallthings.fr\/lespetitslivres\/#website","url":"https:\/\/smallthings.fr\/lespetitslivres\/","name":"Les Petits Livres","description":"by Small Things","potentialAction":[{"@type":"SearchAction","target":{"@type":"EntryPoint","urlTemplate":"https:\/\/smallthings.fr\/lespetitslivres\/?s={search_term_string}"},"query-input":"required name=search_term_string"}],"inLanguage":"fr-FR"},{"@type":"Person","@id":"https:\/\/smallthings.fr\/lespetitslivres\/#\/schema\/person\/2740f045446c63eaf59a094edb250075","name":"Lola","image":{"@type":"ImageObject","inLanguage":"fr-FR","@id":"https:\/\/smallthings.fr\/lespetitslivres\/#\/schema\/person\/image\/","url":"https:\/\/secure.gravatar.com\/avatar\/50696b3ff10b9a1738ec34c08424583c?s=96&d=retro&r=g","contentUrl":"https:\/\/secure.gravatar.com\/avatar\/50696b3ff10b9a1738ec34c08424583c?s=96&d=retro&r=g","caption":"Lola"},"url":"https:\/\/smallthings.fr\/lespetitslivres\/author\/lola\/"}]}},"jetpack_featured_media_url":"https:\/\/smallthings.fr\/lespetitslivres\/wp-content\/uploads\/2016\/03\/roman-d-esther-couv-1.jpg","jetpack_sharing_enabled":true,"jetpack_shortlink":"https:\/\/wp.me\/p6Un21-7JK","jetpack-related-posts":[{"id":29309,"url":"https:\/\/smallthings.fr\/lespetitslivres\/2016\/01\/03\/par-la-grace-des-sans-nom-critique\/","url_meta":{"origin":29744,"position":0},"title":"Par la Gr\u00e2ce des Sans Nom, le roman steampunk d\u2019Esther Brassac","author":"Jennifer","date":"3 janvier 2016","format":false,"excerpt":"Par la Gr\u00e2ce des Sans Nom est un roman steampunk \u00e9crit par Esther Brassac et publi\u00e9 par les \u00e9ditions du Chat Noir en novembre dernier. Une histoire originale, puisqu\u2019elle se d\u00e9roule en 1890, sous un d\u00f4me, o\u00f9 un spectre va devoir r\u00e9soudre une affaire de meurtres\u2026 Par la Gr\u00e2ce des\u2026","rel":"","context":"Dans &quot;Science-fiction&quot;","block_context":{"text":"Science-fiction","link":"https:\/\/smallthings.fr\/lespetitslivres\/category\/imaginaire\/science-fiction\/"},"img":{"alt_text":"","src":"https:\/\/i0.wp.com\/smallthings.fr\/lespetitslivres\/wp-content\/uploads\/2016\/01\/Par-la-gr\u00e2ce-des-sans-noms-couv.jpg?resize=350%2C200&ssl=1","width":350,"height":200,"srcset":"https:\/\/i0.wp.com\/smallthings.fr\/lespetitslivres\/wp-content\/uploads\/2016\/01\/Par-la-gr\u00e2ce-des-sans-noms-couv.jpg?resize=350%2C200&ssl=1 1x, https:\/\/i0.wp.com\/smallthings.fr\/lespetitslivres\/wp-content\/uploads\/2016\/01\/Par-la-gr\u00e2ce-des-sans-noms-couv.jpg?resize=525%2C300&ssl=1 1.5x"},"classes":[]},{"id":18637,"url":"https:\/\/smallthings.fr\/lespetitslivres\/2014\/11\/21\/a-vivre-couche-delire-pauline-hillier\/","url_meta":{"origin":29744,"position":1},"title":"\u00c0 vivre couch\u00e9, un d\u00e9lire de Pauline Hillier","author":"Claire","date":"21 novembre 2014","format":false,"excerpt":"\u00c0\u00a0vivre couch\u00e9 est le premier roman de la jeune Pauline Hillier, paru le 8 octobre chez Onlit \u00e9ditions. Cette maison d'\u00e9dition belge se consacre \u00e0 la litt\u00e9rature contemporaine et \u00e0 sa diffusion en lien avec les nouvelles technologies. Dans le cadre de ses \u00e9tudes, Pauline Hillier a d\u00e9but\u00e9 par l'\u00e9criture\u2026","rel":"","context":"Dans &quot;Roman fran\u00e7ais&quot;","block_context":{"text":"Roman fran\u00e7ais","link":"https:\/\/smallthings.fr\/lespetitslivres\/category\/roman\/roman-francais\/"},"img":{"alt_text":"","src":"https:\/\/i0.wp.com\/smallthings.fr\/wp-content\/uploads\/2014\/11\/a-vivre-couche-hillier.png?resize=350%2C200","width":350,"height":200},"classes":[]},{"id":30334,"url":"https:\/\/smallthings.fr\/lespetitslivres\/2016\/09\/24\/charlie-charlotte-etoiles-contraires\/","url_meta":{"origin":29744,"position":2},"title":"Charlie + Charlotte : le nouveau Nos Etoiles Contraires ?","author":"Jennifer","date":"24 septembre 2016","format":false,"excerpt":"Charlie + Charlotte est\u00a0un roman young-adult de Shannon Lee Alexander, paru le 15 septembre dernier chez Pocket Jeunesse. Un\u00a0surdou\u00e9 ne pense qu\u2019\u00e0 ses \u00e9tudes, jusqu\u2019au jour o\u00f9 il rencontre une jeune fille avec un tatouage original sur la nuque. Il va tout faire pour elle, quitte \u00e0 mettre en p\u00e9ril\u2026","rel":"","context":"Dans &quot;Young Adult&quot;","block_context":{"text":"Young Adult","link":"https:\/\/smallthings.fr\/lespetitslivres\/category\/young-adult\/"},"img":{"alt_text":"","src":"https:\/\/i0.wp.com\/smallthings.fr\/lespetitslivres\/wp-content\/uploads\/2016\/09\/CharlieCharlotte.jpg?resize=350%2C200","width":350,"height":200},"classes":[]},{"id":26678,"url":"https:\/\/smallthings.fr\/lespetitslivres\/2015\/09\/03\/les-pechers-claire-castillon-critique\/","url_meta":{"origin":29744,"position":3},"title":"Les p\u00eachers, la rentr\u00e9e de Claire Castillon : d\u00e9ception","author":"Claire","date":"3 septembre 2015","format":false,"excerpt":"Grande amatrice des nouvelles de Claire Castillon, j'attendais son roman Les p\u00eachers avec beaucoup d'impatience et de curiosit\u00e9. Il para\u00eet aujourd'hui aux \u00e9ditions de l'Olivier. Ce roman \u00e0 trois voix a beau \u00eatre servi par un style impeccable, il ne parvient pas \u00e0 nous accrocher jusqu'\u00e0 la fin. Certains passages,\u2026","rel":"","context":"Dans &quot;Rentr\u00e9e Litt\u00e9raire&quot;","block_context":{"text":"Rentr\u00e9e Litt\u00e9raire","link":"https:\/\/smallthings.fr\/lespetitslivres\/category\/rentree-litteraire-2015\/"},"img":{"alt_text":"","src":"","width":0,"height":0},"classes":[]},{"id":30176,"url":"https:\/\/smallthings.fr\/lespetitslivres\/2016\/08\/06\/instinct-de-survie-zombies-picca-critique\/","url_meta":{"origin":29744,"position":4},"title":"Instinct de survie : arm\u00e9e de terre contre zombies","author":"Jennifer","date":"6 ao\u00fbt 2016","format":false,"excerpt":"Instinct de survie est un roman dePierre Picca, paru aux\u00a0\u00e9ditions Baudelaire en novembre 2015. Une histoire post-apocalyptique qui nous fait suivre les pas d\u2019Antoine, r\u00e9serviste dans l\u2019Arm\u00e9e de Terre, \u00e0 travers la ville de Reims infest\u00e9e de zombies. Dans Instinct de survie, nous rencontrons Antoine et Lola, un jeune couple\u2026","rel":"","context":"Dans &quot;Fantastique&quot;","block_context":{"text":"Fantastique","link":"https:\/\/smallthings.fr\/lespetitslivres\/category\/imaginaire\/fantastique\/"},"img":{"alt_text":"","src":"https:\/\/i0.wp.com\/smallthings.fr\/lespetitslivres\/wp-content\/uploads\/2016\/07\/instinct-de-survie.png?resize=350%2C200","width":350,"height":200},"classes":[]},{"id":30314,"url":"https:\/\/smallthings.fr\/lespetitslivres\/2016\/09\/20\/souvenirs-voles-trilogie-voile\/","url_meta":{"origin":29744,"position":5},"title":"Souvenirs Vol\u00e9s, premier tome de la Trilogie du Voile","author":"Jennifer","date":"20 septembre 2016","format":false,"excerpt":"Souvenirs Vol\u00e9s est le premier tome de la saga La Trilogie du Voile de l\u2019auteure australienne Selina Fenech. Sorti le 5 septembre aux \u00e9ditions du Chat Noir, ce roman nous conte l\u2019histoire de Memory, une jeune gothique qui se retrouve dans un monde o\u00f9 magie, f\u00e9es et dragons existent r\u00e9ellement.\u2026","rel":"","context":"Dans &quot;Fantastique&quot;","block_context":{"text":"Fantastique","link":"https:\/\/smallthings.fr\/lespetitslivres\/category\/imaginaire\/fantastique\/"},"img":{"alt_text":"","src":"https:\/\/i0.wp.com\/smallthings.fr\/lespetitslivres\/wp-content\/uploads\/2016\/09\/souvenirs-voiles-trilogie-voile-couv.jpg?resize=350%2C200&ssl=1","width":350,"height":200,"srcset":"https:\/\/i0.wp.com\/smallthings.fr\/lespetitslivres\/wp-content\/uploads\/2016\/09\/souvenirs-voiles-trilogie-voile-couv.jpg?resize=350%2C200&ssl=1 1x, https:\/\/i0.wp.com\/smallthings.fr\/lespetitslivres\/wp-content\/uploads\/2016\/09\/souvenirs-voiles-trilogie-voile-couv.jpg?resize=525%2C300&ssl=1 1.5x"},"classes":[]}],"_links":{"self":[{"href":"https:\/\/smallthings.fr\/lespetitslivres\/wp-json\/wp\/v2\/posts\/29744"}],"collection":[{"href":"https:\/\/smallthings.fr\/lespetitslivres\/wp-json\/wp\/v2\/posts"}],"about":[{"href":"https:\/\/smallthings.fr\/lespetitslivres\/wp-json\/wp\/v2\/types\/post"}],"author":[{"embeddable":true,"href":"https:\/\/smallthings.fr\/lespetitslivres\/wp-json\/wp\/v2\/users\/8"}],"replies":[{"embeddable":true,"href":"https:\/\/smallthings.fr\/lespetitslivres\/wp-json\/wp\/v2\/comments?post=29744"}],"version-history":[{"count":3,"href":"https:\/\/smallthings.fr\/lespetitslivres\/wp-json\/wp\/v2\/posts\/29744\/revisions"}],"predecessor-version":[{"id":29752,"href":"https:\/\/smallthings.fr\/lespetitslivres\/wp-json\/wp\/v2\/posts\/29744\/revisions\/29752"}],"wp:featuredmedia":[{"embeddable":true,"href":"https:\/\/smallthings.fr\/lespetitslivres\/wp-json\/wp\/v2\/media\/29746"}],"wp:attachment":[{"href":"https:\/\/smallthings.fr\/lespetitslivres\/wp-json\/wp\/v2\/media?parent=29744"}],"wp:term":[{"taxonomy":"category","embeddable":true,"href":"https:\/\/smallthings.fr\/lespetitslivres\/wp-json\/wp\/v2\/categories?post=29744"},{"taxonomy":"post_tag","embeddable":true,"href":"https:\/\/smallthings.fr\/lespetitslivres\/wp-json\/wp\/v2\/tags?post=29744"}],"curies":[{"name":"wp","href":"https:\/\/api.w.org\/{rel}","templated":true}]}}