{"id":29649,"date":"2016-03-01T16:00:18","date_gmt":"2016-03-01T15:00:18","guid":{"rendered":"http:\/\/smallthings.fr\/lespetitslivres\/?p=29649"},"modified":"2016-03-02T22:31:57","modified_gmt":"2016-03-02T21:31:57","slug":"bout-du-monde-marc-victor","status":"publish","type":"post","link":"https:\/\/smallthings.fr\/lespetitslivres\/2016\/03\/01\/bout-du-monde-marc-victor\/","title":{"rendered":"Le bout du monde de Marc Victor, p\u00e9riple introspectif"},"content":{"rendered":"<h2>Paru en janvier aux \u00e9ditions <a href=\"http:\/\/www.editions-jclattes.fr\/le-bout-du-monde-9782709647489\" target=\"_blank\">JC Latt\u00e8s<\/a>, <em>Le bout du monde <\/em>de Marc Victor, co-sc\u00e9nariste de la s\u00e9rie <em>Kaboul Kitchen<\/em>, est un \u00e9trange voyage. Un r\u00e9cit d\u00e9paysant et languissant qui se tisse au fil des souvenirs et des conflits aux quatre coins du monde. Le tableau de l\u2019amiti\u00e9 d\u2019une vie entre deux hommes qui sont peut-\u00eatre rest\u00e9s au final des \u00e9trangers l\u2019un pour l\u2019autre.<\/h2>\n<p><img loading=\"lazy\" decoding=\"async\" data-attachment-id=\"29651\" data-permalink=\"https:\/\/smallthings.fr\/lespetitslivres\/2016\/03\/01\/bout-du-monde-marc-victor\/bout-du-monde\/\" data-orig-file=\"https:\/\/smallthings.fr\/lespetitslivres\/wp-content\/uploads\/2016\/02\/bout-du-monde.jpeg\" data-orig-size=\"238,375\" data-comments-opened=\"1\" data-image-meta=\"{&quot;aperture&quot;:&quot;0&quot;,&quot;credit&quot;:&quot;&quot;,&quot;camera&quot;:&quot;&quot;,&quot;caption&quot;:&quot;&quot;,&quot;created_timestamp&quot;:&quot;0&quot;,&quot;copyright&quot;:&quot;&quot;,&quot;focal_length&quot;:&quot;0&quot;,&quot;iso&quot;:&quot;0&quot;,&quot;shutter_speed&quot;:&quot;0&quot;,&quot;title&quot;:&quot;&quot;,&quot;orientation&quot;:&quot;0&quot;}\" data-image-title=\"bout-du-monde\" data-image-description=\"\" data-image-caption=\"\" data-medium-file=\"https:\/\/smallthings.fr\/lespetitslivres\/wp-content\/uploads\/2016\/02\/bout-du-monde-190x300.jpeg\" data-large-file=\"https:\/\/smallthings.fr\/lespetitslivres\/wp-content\/uploads\/2016\/02\/bout-du-monde.jpeg\" class=\"alignright size-full wp-image-29651\" src=\"http:\/\/smallthings.fr\/lespetitslivres\/wp-content\/uploads\/2016\/02\/bout-du-monde.jpeg\" alt=\"bout-du-monde\" width=\"238\" height=\"375\" srcset=\"https:\/\/smallthings.fr\/lespetitslivres\/wp-content\/uploads\/2016\/02\/bout-du-monde.jpeg 238w, https:\/\/smallthings.fr\/lespetitslivres\/wp-content\/uploads\/2016\/02\/bout-du-monde-190x300.jpeg 190w\" sizes=\"(max-width: 238px) 100vw, 238px\" \/>D\u00e9sabus\u00e9 par son existence de reporter sur tous les conflits du globe, Pascal a ironiquement \u00e9chou\u00e9 en Afghanistan, \u00e0 Kaboul, o\u00f9 il a ouvert le restaurant \u00ab\u00a0Le bout du monde\u00a0\u00bb. Dans son troquet de luxe pour expatri\u00e9s se croise une faune insolite, m\u00ealant tous les int\u00e9r\u00eats politiques, \u00e9conomiques, humanitaires et m\u00e9diatiques qui puissent cohabiter au sein d\u2019un tel conflit. L\u00e9thargique, englu\u00e9 dans la torpeur afghane, Pascal regarde passer ce monde depuis son canap\u00e9. Jusqu\u2019au jour o\u00f9 dispara\u00eet son ami Corto. Son ami d\u2019enfance. Son compagnon d\u2019errance. Mais pour suivre les traces de Corto, Pascal va devoir d\u00e9vider le fil de leurs souvenirs\u2026 Une qu\u00eate \u00e9prouvante qui confine \u00e0 l\u2019introspection.<\/p>\n<p>Relev\u00e9 d\u2019une pointe d\u2019humour, <em>Le bout du monde<\/em> est un r\u00e9cit sinueux qui d\u00e9marre lentement, laissant au narrateur le temps de planter le d\u00e9cor et cette langueur presque \u00e9touffante qui ne quittera plus le lecteur. Au fil des r\u00eaveries et de ses souvenirs, se dessine progressivement le portrait de Corto, personnage myst\u00e9rieux et insaisissable qui hante le roman mais aussi, \u00e0 travers lui, celui de Pascal lui-m\u00eame. L\u2019histoire de deux jeunes hommes, brillants et beaux parleurs, partis sans v\u00e9ritablement savoir eux-m\u00eames pourquoi, \u00e0 l\u2019autre bout du monde. Pour se trouver, pour donner un sens \u00e0 leur vie, pour se challenger\u00a0? Que fuient-ils\u00a0? Que cherchent-ils\u00a0? Qui a suivi qui au final dans cette aventure et qu\u2019y-ont-ils trouv\u00e9\u00a0? Quadrag\u00e9naire en Afghanistan, Pascal se pose encore la question et, se faisant, cherche la r\u00e9ponse \u00e0 la disparition de son ami.<\/p>\n<p>Mais que conna\u00eet r\u00e9ellement Pascal de Corto\u00a0? Ces deux hommes qui ont v\u00e9cu c\u00f4te \u00e0 c\u00f4te les pires conflits, parfois dans une forme de d\u00e9cadence occidentale post-colonialiste, se connaissent-ils r\u00e9ellement\u00a0? C\u2019est la question que l\u2019on vient \u00e0 se poser, au fur et \u00e0 mesure que se d\u00e9roule <strong>ce r\u00e9cit, presque onirique, envo\u00fbtant et d\u00e9paysant comme la volute d\u2019une Chicha<\/strong>. Bien que l\u2019on embarque sans peine pour ce singulier voyage, intrigu\u00e9s par les secrets qui s\u2019y cachent, on regrette quelque peu de ne pas parvenir \u00e0 s\u2019attacher plus aux personnages. Malgr\u00e9 cela, <strong>le p\u00e9riple est riche de saveurs, Marc Victor mettant \u00e0 profit son exp\u00e9rience, pour faire vivre des ambiances et des d\u00e9cors avec intensit\u00e9<\/strong>. Un d\u00e9paysement total au go\u00fbt d\u2019introspection, qui vous transporte au bout du monde avec le \u00ab\u00a0<em>d\u00e9sir profond de vivre plus intens\u00e9ment.\u00a0<\/em>\u00bb<\/p>\n<blockquote><p>\u00ab\u00a0Etais-je encore en Afghanistan parce que je n\u2019avais pas la moindre id\u00e9e de ce que j\u2019allais devenir\u00a0? Comment mettre de la distance entre moi et moi-m\u00eame, alors que je vivais d\u00e9j\u00e0 aux confins du monde.\u00a0\u00bb<\/p><\/blockquote>\n","protected":false},"excerpt":{"rendered":"<p>Paru en janvier aux \u00e9ditions JC Latt\u00e8s, Le bout du monde de Marc Victor, co-sc\u00e9nariste de la s\u00e9rie Kaboul Kitchen, est un \u00e9trange voyage. Un r\u00e9cit d\u00e9paysant et languissant qui se tisse au fil des souvenirs et des conflits aux quatre coins du monde. Le tableau de l\u2019amiti\u00e9 d\u2019une vie entre deux hommes qui sont<\/p>\n","protected":false},"author":15,"featured_media":29650,"comment_status":"open","ping_status":"open","sticky":false,"template":"","format":"standard","meta":{"jetpack_post_was_ever_published":false,"_jetpack_newsletter_access":"","_jetpack_newsletter_tier_id":0,"footnotes":"","jetpack_publicize_message":"","jetpack_is_tweetstorm":false,"jetpack_publicize_feature_enabled":true,"jetpack_social_post_already_shared":true,"jetpack_social_options":{"image_generator_settings":{"template":"highway","enabled":false}}},"categories":[1117],"tags":[1315,1314,54],"jetpack_publicize_connections":[],"yoast_head":"<!-- This site is optimized with the Yoast SEO plugin v21.5 - https:\/\/yoast.com\/wordpress\/plugins\/seo\/ -->\n<title>Le bout du monde de Marc Victor, p\u00e9riple introspectif - Les Petits Livres<\/title>\n<meta name=\"description\" content=\"Paru en janvier aux \u00e9ditions JC Latt\u00e8s, Le bout du monde de Marc Victor, co-sc\u00e9nariste de la s\u00e9rie Kaboul Kitchen, est un \u00e9trange voyage. Un r\u00e9cit d\u00e9paysant\" \/>\n<meta name=\"robots\" content=\"index, follow, max-snippet:-1, max-image-preview:large, max-video-preview:-1\" \/>\n<link rel=\"canonical\" href=\"https:\/\/smallthings.fr\/lespetitslivres\/2016\/03\/01\/bout-du-monde-marc-victor\/\" \/>\n<meta property=\"og:locale\" content=\"fr_FR\" \/>\n<meta property=\"og:type\" content=\"article\" \/>\n<meta property=\"og:title\" content=\"Le bout du monde de Marc Victor, p\u00e9riple introspectif - Les Petits Livres\" \/>\n<meta property=\"og:description\" content=\"Paru en janvier aux \u00e9ditions JC Latt\u00e8s, Le bout du monde de Marc Victor, co-sc\u00e9nariste de la s\u00e9rie Kaboul Kitchen, est un \u00e9trange voyage. Un r\u00e9cit d\u00e9paysant\" \/>\n<meta property=\"og:url\" content=\"https:\/\/smallthings.fr\/lespetitslivres\/2016\/03\/01\/bout-du-monde-marc-victor\/\" \/>\n<meta property=\"og:site_name\" content=\"Les Petits Livres\" \/>\n<meta property=\"article:published_time\" content=\"2016-03-01T15:00:18+00:00\" \/>\n<meta property=\"article:modified_time\" content=\"2016-03-02T21:31:57+00:00\" \/>\n<meta property=\"og:image\" content=\"https:\/\/smallthings.fr\/lespetitslivres\/wp-content\/uploads\/2016\/02\/bout-du-monde-couv.jpg\" \/>\n\t<meta property=\"og:image:width\" content=\"1000\" \/>\n\t<meta property=\"og:image:height\" content=\"655\" \/>\n\t<meta property=\"og:image:type\" content=\"image\/jpeg\" \/>\n<meta name=\"author\" content=\"June\" \/>\n<meta name=\"twitter:card\" content=\"summary_large_image\" \/>\n<meta name=\"twitter:creator\" content=\"@dariadgille\" \/>\n<meta name=\"twitter:label1\" content=\"\u00c9crit par\" \/>\n\t<meta name=\"twitter:data1\" content=\"June\" \/>\n\t<meta name=\"twitter:label2\" content=\"Dur\u00e9e de lecture estim\u00e9e\" \/>\n\t<meta name=\"twitter:data2\" content=\"3 minutes\" \/>\n<script type=\"application\/ld+json\" class=\"yoast-schema-graph\">{\"@context\":\"https:\/\/schema.org\",\"@graph\":[{\"@type\":\"WebPage\",\"@id\":\"https:\/\/smallthings.fr\/lespetitslivres\/2016\/03\/01\/bout-du-monde-marc-victor\/\",\"url\":\"https:\/\/smallthings.fr\/lespetitslivres\/2016\/03\/01\/bout-du-monde-marc-victor\/\",\"name\":\"Le bout du monde de Marc Victor, p\u00e9riple introspectif - Les Petits Livres\",\"isPartOf\":{\"@id\":\"https:\/\/smallthings.fr\/lespetitslivres\/#website\"},\"datePublished\":\"2016-03-01T15:00:18+00:00\",\"dateModified\":\"2016-03-02T21:31:57+00:00\",\"author\":{\"@id\":\"https:\/\/smallthings.fr\/lespetitslivres\/#\/schema\/person\/3e6389e33dfcb17850d47fa745090e73\"},\"description\":\"Paru en janvier aux \u00e9ditions JC Latt\u00e8s, Le bout du monde de Marc Victor, co-sc\u00e9nariste de la s\u00e9rie Kaboul Kitchen, est un \u00e9trange voyage. Un r\u00e9cit d\u00e9paysant\",\"breadcrumb\":{\"@id\":\"https:\/\/smallthings.fr\/lespetitslivres\/2016\/03\/01\/bout-du-monde-marc-victor\/#breadcrumb\"},\"inLanguage\":\"fr-FR\",\"potentialAction\":[{\"@type\":\"ReadAction\",\"target\":[\"https:\/\/smallthings.fr\/lespetitslivres\/2016\/03\/01\/bout-du-monde-marc-victor\/\"]}]},{\"@type\":\"BreadcrumbList\",\"@id\":\"https:\/\/smallthings.fr\/lespetitslivres\/2016\/03\/01\/bout-du-monde-marc-victor\/#breadcrumb\",\"itemListElement\":[{\"@type\":\"ListItem\",\"position\":1,\"name\":\"Accueil\",\"item\":\"https:\/\/smallthings.fr\/lespetitslivres\/\"},{\"@type\":\"ListItem\",\"position\":2,\"name\":\"Le bout du monde de Marc Victor, p\u00e9riple introspectif\"}]},{\"@type\":\"WebSite\",\"@id\":\"https:\/\/smallthings.fr\/lespetitslivres\/#website\",\"url\":\"https:\/\/smallthings.fr\/lespetitslivres\/\",\"name\":\"Les Petits Livres\",\"description\":\"by Small Things\",\"potentialAction\":[{\"@type\":\"SearchAction\",\"target\":{\"@type\":\"EntryPoint\",\"urlTemplate\":\"https:\/\/smallthings.fr\/lespetitslivres\/?s={search_term_string}\"},\"query-input\":\"required name=search_term_string\"}],\"inLanguage\":\"fr-FR\"},{\"@type\":\"Person\",\"@id\":\"https:\/\/smallthings.fr\/lespetitslivres\/#\/schema\/person\/3e6389e33dfcb17850d47fa745090e73\",\"name\":\"June\",\"image\":{\"@type\":\"ImageObject\",\"inLanguage\":\"fr-FR\",\"@id\":\"https:\/\/smallthings.fr\/lespetitslivres\/#\/schema\/person\/image\/\",\"url\":\"https:\/\/secure.gravatar.com\/avatar\/b9e34137bb78059aebeb6866f6a13f5a?s=96&d=retro&r=g\",\"contentUrl\":\"https:\/\/secure.gravatar.com\/avatar\/b9e34137bb78059aebeb6866f6a13f5a?s=96&d=retro&r=g\",\"caption\":\"June\"},\"sameAs\":[\"https:\/\/twitter.com\/@dariadgille\"],\"url\":\"https:\/\/smallthings.fr\/lespetitslivres\/author\/june\/\"}]}<\/script>\n<!-- \/ Yoast SEO plugin. -->","yoast_head_json":{"title":"Le bout du monde de Marc Victor, p\u00e9riple introspectif - Les Petits Livres","description":"Paru en janvier aux \u00e9ditions JC Latt\u00e8s, Le bout du monde de Marc Victor, co-sc\u00e9nariste de la s\u00e9rie Kaboul Kitchen, est un \u00e9trange voyage. Un r\u00e9cit d\u00e9paysant","robots":{"index":"index","follow":"follow","max-snippet":"max-snippet:-1","max-image-preview":"max-image-preview:large","max-video-preview":"max-video-preview:-1"},"canonical":"https:\/\/smallthings.fr\/lespetitslivres\/2016\/03\/01\/bout-du-monde-marc-victor\/","og_locale":"fr_FR","og_type":"article","og_title":"Le bout du monde de Marc Victor, p\u00e9riple introspectif - Les Petits Livres","og_description":"Paru en janvier aux \u00e9ditions JC Latt\u00e8s, Le bout du monde de Marc Victor, co-sc\u00e9nariste de la s\u00e9rie Kaboul Kitchen, est un \u00e9trange voyage. Un r\u00e9cit d\u00e9paysant","og_url":"https:\/\/smallthings.fr\/lespetitslivres\/2016\/03\/01\/bout-du-monde-marc-victor\/","og_site_name":"Les Petits Livres","article_published_time":"2016-03-01T15:00:18+00:00","article_modified_time":"2016-03-02T21:31:57+00:00","og_image":[{"width":1000,"height":655,"url":"https:\/\/smallthings.fr\/lespetitslivres\/wp-content\/uploads\/2016\/02\/bout-du-monde-couv.jpg","type":"image\/jpeg"}],"author":"June","twitter_card":"summary_large_image","twitter_creator":"@dariadgille","twitter_misc":{"\u00c9crit par":"June","Dur\u00e9e de lecture estim\u00e9e":"3 minutes"},"schema":{"@context":"https:\/\/schema.org","@graph":[{"@type":"WebPage","@id":"https:\/\/smallthings.fr\/lespetitslivres\/2016\/03\/01\/bout-du-monde-marc-victor\/","url":"https:\/\/smallthings.fr\/lespetitslivres\/2016\/03\/01\/bout-du-monde-marc-victor\/","name":"Le bout du monde de Marc Victor, p\u00e9riple introspectif - Les Petits Livres","isPartOf":{"@id":"https:\/\/smallthings.fr\/lespetitslivres\/#website"},"datePublished":"2016-03-01T15:00:18+00:00","dateModified":"2016-03-02T21:31:57+00:00","author":{"@id":"https:\/\/smallthings.fr\/lespetitslivres\/#\/schema\/person\/3e6389e33dfcb17850d47fa745090e73"},"description":"Paru en janvier aux \u00e9ditions JC Latt\u00e8s, Le bout du monde de Marc Victor, co-sc\u00e9nariste de la s\u00e9rie Kaboul Kitchen, est un \u00e9trange voyage. Un r\u00e9cit d\u00e9paysant","breadcrumb":{"@id":"https:\/\/smallthings.fr\/lespetitslivres\/2016\/03\/01\/bout-du-monde-marc-victor\/#breadcrumb"},"inLanguage":"fr-FR","potentialAction":[{"@type":"ReadAction","target":["https:\/\/smallthings.fr\/lespetitslivres\/2016\/03\/01\/bout-du-monde-marc-victor\/"]}]},{"@type":"BreadcrumbList","@id":"https:\/\/smallthings.fr\/lespetitslivres\/2016\/03\/01\/bout-du-monde-marc-victor\/#breadcrumb","itemListElement":[{"@type":"ListItem","position":1,"name":"Accueil","item":"https:\/\/smallthings.fr\/lespetitslivres\/"},{"@type":"ListItem","position":2,"name":"Le bout du monde de Marc Victor, p\u00e9riple introspectif"}]},{"@type":"WebSite","@id":"https:\/\/smallthings.fr\/lespetitslivres\/#website","url":"https:\/\/smallthings.fr\/lespetitslivres\/","name":"Les Petits Livres","description":"by Small Things","potentialAction":[{"@type":"SearchAction","target":{"@type":"EntryPoint","urlTemplate":"https:\/\/smallthings.fr\/lespetitslivres\/?s={search_term_string}"},"query-input":"required name=search_term_string"}],"inLanguage":"fr-FR"},{"@type":"Person","@id":"https:\/\/smallthings.fr\/lespetitslivres\/#\/schema\/person\/3e6389e33dfcb17850d47fa745090e73","name":"June","image":{"@type":"ImageObject","inLanguage":"fr-FR","@id":"https:\/\/smallthings.fr\/lespetitslivres\/#\/schema\/person\/image\/","url":"https:\/\/secure.gravatar.com\/avatar\/b9e34137bb78059aebeb6866f6a13f5a?s=96&d=retro&r=g","contentUrl":"https:\/\/secure.gravatar.com\/avatar\/b9e34137bb78059aebeb6866f6a13f5a?s=96&d=retro&r=g","caption":"June"},"sameAs":["https:\/\/twitter.com\/@dariadgille"],"url":"https:\/\/smallthings.fr\/lespetitslivres\/author\/june\/"}]}},"jetpack_featured_media_url":"https:\/\/smallthings.fr\/lespetitslivres\/wp-content\/uploads\/2016\/02\/bout-du-monde-couv.jpg","jetpack_sharing_enabled":true,"jetpack_shortlink":"https:\/\/wp.me\/p6Un21-7Id","jetpack-related-posts":[{"id":29389,"url":"https:\/\/smallthings.fr\/lespetitslivres\/2016\/01\/30\/concours-gagnez-tu-me-trouveras\/","url_meta":{"origin":29649,"position":0},"title":"[CONCOURS termin\u00e9] Gagnez le roman \u00ab\u00a0Tu me trouveras au bout du monde\u00a0\u00bb","author":"Claire","date":"30 janvier 2016","format":false,"excerpt":"Le concours est termin\u00e9 : merci \u00e0 tous ! Le Livre de Poche et Les Petits Livres vous offrent des exemplaires du roman \u00e9pistolaire Tu me trouveras au bout du monde de Nicolas Barreau, sorti le 13 janvier. Une com\u00e9die romantique pleine de surprises \u00e0 remporter en r\u00e9pondant \u00e0 une\u2026","rel":"","context":"Dans &quot;Concours&quot;","block_context":{"text":"Concours","link":"https:\/\/smallthings.fr\/lespetitslivres\/category\/concours\/"},"img":{"alt_text":"","src":"https:\/\/i0.wp.com\/smallthings.fr\/lespetitslivres\/wp-content\/uploads\/2016\/01\/tu-me-trouveras-au-bout-du-monde-couv.jpeg?resize=350%2C200&ssl=1","width":350,"height":200,"srcset":"https:\/\/i0.wp.com\/smallthings.fr\/lespetitslivres\/wp-content\/uploads\/2016\/01\/tu-me-trouveras-au-bout-du-monde-couv.jpeg?resize=350%2C200&ssl=1 1x, https:\/\/i0.wp.com\/smallthings.fr\/lespetitslivres\/wp-content\/uploads\/2016\/01\/tu-me-trouveras-au-bout-du-monde-couv.jpeg?resize=525%2C300&ssl=1 1.5x, https:\/\/i0.wp.com\/smallthings.fr\/lespetitslivres\/wp-content\/uploads\/2016\/01\/tu-me-trouveras-au-bout-du-monde-couv.jpeg?resize=700%2C400&ssl=1 2x, https:\/\/i0.wp.com\/smallthings.fr\/lespetitslivres\/wp-content\/uploads\/2016\/01\/tu-me-trouveras-au-bout-du-monde-couv.jpeg?resize=1050%2C600&ssl=1 3x, https:\/\/i0.wp.com\/smallthings.fr\/lespetitslivres\/wp-content\/uploads\/2016\/01\/tu-me-trouveras-au-bout-du-monde-couv.jpeg?resize=1400%2C800&ssl=1 4x"},"classes":[]},{"id":6505,"url":"https:\/\/smallthings.fr\/lespetitslivres\/2013\/09\/04\/sandra-lucbert-mobiles\/","url_meta":{"origin":29649,"position":1},"title":"Sandra Lucbert &#8211; Mobiles","author":"Claire","date":"4 septembre 2013","format":false,"excerpt":"C'est la rentr\u00e9e ! Parlons un peu du monde du travail, tout en r\u00e9alisme et ironie avec le premier roman de Sandra Lucbert.","rel":"","context":"Dans &quot;Roman fran\u00e7ais&quot;","block_context":{"text":"Roman fran\u00e7ais","link":"https:\/\/smallthings.fr\/lespetitslivres\/category\/roman\/roman-francais\/"},"img":{"alt_text":"","src":"https:\/\/i0.wp.com\/uploads.smallthings.fr\/2013\/08\/LUCBERT_Sandra_1_2-Copie1-209x300.jpg?resize=350%2C200","width":350,"height":200},"classes":[]},{"id":29209,"url":"https:\/\/smallthings.fr\/lespetitslivres\/2015\/12\/07\/neil-gaiman-ocean-au-bout-du-chemin\/","url_meta":{"origin":29649,"position":2},"title":"L&rsquo;oc\u00e9an au bout du chemin : l&rsquo;enfance selon Neil Gaiman","author":"Akiha","date":"7 d\u00e9cembre 2015","format":false,"excerpt":"Le tr\u00e8s britannique Neil Gaiman, ma\u00eetre du fantastique, attire avec son nom seul un certain public. Celui amateur de fantastique, du folklore celtique, d'un monde imaginaire, et L'oc\u00e9an au bout du chemin, paru en France aux \u00e9ditions Au Diable Vauvert, n'\u00e9chappe pas \u00e0 la r\u00e8gle. Sorti en 2013, L'oc\u00e9an au\u2026","rel":"","context":"Dans &quot;Fantastique&quot;","block_context":{"text":"Fantastique","link":"https:\/\/smallthings.fr\/lespetitslivres\/category\/imaginaire\/fantastique\/"},"img":{"alt_text":"","src":"https:\/\/i0.wp.com\/smallthings.fr\/lespetitslivres\/wp-content\/uploads\/2015\/11\/neil-gaiman-ocean-bout-du-chemin-couv.jpg?resize=350%2C200&ssl=1","width":350,"height":200,"srcset":"https:\/\/i0.wp.com\/smallthings.fr\/lespetitslivres\/wp-content\/uploads\/2015\/11\/neil-gaiman-ocean-bout-du-chemin-couv.jpg?resize=350%2C200&ssl=1 1x, https:\/\/i0.wp.com\/smallthings.fr\/lespetitslivres\/wp-content\/uploads\/2015\/11\/neil-gaiman-ocean-bout-du-chemin-couv.jpg?resize=525%2C300&ssl=1 1.5x, https:\/\/i0.wp.com\/smallthings.fr\/lespetitslivres\/wp-content\/uploads\/2015\/11\/neil-gaiman-ocean-bout-du-chemin-couv.jpg?resize=700%2C400&ssl=1 2x"},"classes":[]},{"id":31815,"url":"https:\/\/smallthings.fr\/lespetitslivres\/2018\/10\/03\/maggie-vie-finir-weber-avis\/","url_meta":{"origin":29649,"position":3},"title":"Maggie, une vie pour en finir : le destin d&rsquo;une femme pendant la guerre","author":"June","date":"3 octobre 2018","format":false,"excerpt":"Maggie, une vie pour en finir, c'est le destin d'une femme du XX\u00e8me si\u00e8cle qui traversa deux guerres mondiales.\u00a0Une jeune anglaise d'origine modeste qui voit son destin basculer avec la guerre. C'est l'histoire d'une vie qui portera jusqu'au bout les stigmates des changements d'un monde. Le livre vient de para\u00eetre\u2026","rel":"","context":"Dans &quot;Roman fran\u00e7ais&quot;","block_context":{"text":"Roman fran\u00e7ais","link":"https:\/\/smallthings.fr\/lespetitslivres\/category\/roman\/roman-francais\/"},"img":{"alt_text":"","src":"https:\/\/i0.wp.com\/smallthings.fr\/lespetitslivres\/wp-content\/uploads\/2018\/10\/maggie-femme-guerre-cover.jpg?resize=350%2C200&ssl=1","width":350,"height":200,"srcset":"https:\/\/i0.wp.com\/smallthings.fr\/lespetitslivres\/wp-content\/uploads\/2018\/10\/maggie-femme-guerre-cover.jpg?resize=350%2C200&ssl=1 1x, https:\/\/i0.wp.com\/smallthings.fr\/lespetitslivres\/wp-content\/uploads\/2018\/10\/maggie-femme-guerre-cover.jpg?resize=525%2C300&ssl=1 1.5x, https:\/\/i0.wp.com\/smallthings.fr\/lespetitslivres\/wp-content\/uploads\/2018\/10\/maggie-femme-guerre-cover.jpg?resize=700%2C400&ssl=1 2x, https:\/\/i0.wp.com\/smallthings.fr\/lespetitslivres\/wp-content\/uploads\/2018\/10\/maggie-femme-guerre-cover.jpg?resize=1050%2C600&ssl=1 3x"},"classes":[]},{"id":29935,"url":"https:\/\/smallthings.fr\/lespetitslivres\/2016\/05\/11\/dans-la-jungle-vannouvong-critique\/","url_meta":{"origin":29649,"position":4},"title":"Dans la jungle : il n&rsquo;est jamais trop tard pour un voyage initiatique","author":"Claire","date":"11 mai 2016","format":false,"excerpt":"Dans la jungle est le nouveau roman d'Agn\u00e8s Vannouvong, paru comme les pr\u00e9c\u00e9dents au Mercure de France. Tandis qu'Apr\u00e8s l'amour et Gabrielle se penchaient sur la qu\u00eate amoureuse homosexuelle f\u00e9minine, Dans la jungle tranche et nous entra\u00eene sur les pas de May, elle-m\u00eame sur les pas de son meilleur ami\u2026","rel":"","context":"Dans &quot;Roman fran\u00e7ais&quot;","block_context":{"text":"Roman fran\u00e7ais","link":"https:\/\/smallthings.fr\/lespetitslivres\/category\/roman\/roman-francais\/"},"img":{"alt_text":"","src":"https:\/\/i0.wp.com\/smallthings.fr\/lespetitslivres\/wp-content\/uploads\/2016\/05\/dans-la-jungle-couv.jpg?resize=350%2C200&ssl=1","width":350,"height":200,"srcset":"https:\/\/i0.wp.com\/smallthings.fr\/lespetitslivres\/wp-content\/uploads\/2016\/05\/dans-la-jungle-couv.jpg?resize=350%2C200&ssl=1 1x, https:\/\/i0.wp.com\/smallthings.fr\/lespetitslivres\/wp-content\/uploads\/2016\/05\/dans-la-jungle-couv.jpg?resize=525%2C300&ssl=1 1.5x"},"classes":[]},{"id":8971,"url":"https:\/\/smallthings.fr\/lespetitslivres\/2013\/12\/17\/christophe-ono-dit-biot-plonger\/","url_meta":{"origin":29649,"position":5},"title":"Plonger avec Christophe Ono-dit-Biot","author":"Cecile","date":"17 d\u00e9cembre 2013","format":false,"excerpt":"Laur\u00e9at du Grand Prix de l\u2019Acad\u00e9mie fran\u00e7aise, Plonger semble r\u00e9unir \u00e0 premi\u00e8re vue tous les ingr\u00e9dients d\u2019un roman sympathique : une mort myst\u00e9rieuse, une histoire d\u2019amour tumultueuse et un p\u00e9riple qui nous entra\u00eene \u00ab des tr\u00e9sors de la vieille Europe aux m\u00e9gapoles du Nouveau Monde \u00bb.","rel":"","context":"Dans &quot;Roman fran\u00e7ais&quot;","block_context":{"text":"Roman fran\u00e7ais","link":"https:\/\/smallthings.fr\/lespetitslivres\/category\/roman\/roman-francais\/"},"img":{"alt_text":"Christophe Ono-dit-Biot - \u00c2\u00a9 H\u00c3\u00a9l\u00c3\u00a8ne Pambrun","src":"https:\/\/i0.wp.com\/uploads.smallthings.fr\/2013\/12\/ono-dit-biot.jpg?resize=350%2C200","width":350,"height":200},"classes":[]}],"_links":{"self":[{"href":"https:\/\/smallthings.fr\/lespetitslivres\/wp-json\/wp\/v2\/posts\/29649"}],"collection":[{"href":"https:\/\/smallthings.fr\/lespetitslivres\/wp-json\/wp\/v2\/posts"}],"about":[{"href":"https:\/\/smallthings.fr\/lespetitslivres\/wp-json\/wp\/v2\/types\/post"}],"author":[{"embeddable":true,"href":"https:\/\/smallthings.fr\/lespetitslivres\/wp-json\/wp\/v2\/users\/15"}],"replies":[{"embeddable":true,"href":"https:\/\/smallthings.fr\/lespetitslivres\/wp-json\/wp\/v2\/comments?post=29649"}],"version-history":[{"count":4,"href":"https:\/\/smallthings.fr\/lespetitslivres\/wp-json\/wp\/v2\/posts\/29649\/revisions"}],"predecessor-version":[{"id":29681,"href":"https:\/\/smallthings.fr\/lespetitslivres\/wp-json\/wp\/v2\/posts\/29649\/revisions\/29681"}],"wp:featuredmedia":[{"embeddable":true,"href":"https:\/\/smallthings.fr\/lespetitslivres\/wp-json\/wp\/v2\/media\/29650"}],"wp:attachment":[{"href":"https:\/\/smallthings.fr\/lespetitslivres\/wp-json\/wp\/v2\/media?parent=29649"}],"wp:term":[{"taxonomy":"category","embeddable":true,"href":"https:\/\/smallthings.fr\/lespetitslivres\/wp-json\/wp\/v2\/categories?post=29649"},{"taxonomy":"post_tag","embeddable":true,"href":"https:\/\/smallthings.fr\/lespetitslivres\/wp-json\/wp\/v2\/tags?post=29649"}],"curies":[{"name":"wp","href":"https:\/\/api.w.org\/{rel}","templated":true}]}}